{"id":4641,"date":"2025-04-23T16:39:14","date_gmt":"2025-04-23T14:39:14","guid":{"rendered":"https:\/\/www.strassenweb.de\/nachrichten\/die-world-sustainability-foundation-startet-eine-neue-kampagne-zum-schutz-der-otter\/"},"modified":"2025-04-23T16:39:14","modified_gmt":"2025-04-23T14:39:14","slug":"die-world-sustainability-foundation-startet-eine-neue-kampagne-zum-schutz-der-otter","status":"publish","type":"post","link":"https:\/\/www.strassenweb.de\/nachrichten\/die-world-sustainability-foundation-startet-eine-neue-kampagne-zum-schutz-der-otter\/","title":{"rendered":"Die World Sustainability Foundation startet eine neue Kampagne zum Schutz der Otter"},"content":{"rendered":"<p>Die World Sustainability Foundation (WSF) freut sich, die Einf\u00fchrung der Kampagne \u201eSave the Otters\u201c, einer Initiative zum Schutz von Ottern, Symbolen von Wasser\u00f6kosystemen und wichtigen Indikatoren f\u00fcr die Umweltgesundheit, bekannt zu geben. Diese Initiative ist Teil des umfassenderen Engagements der Stiftung f\u00fcr die Erhaltung der biologischen Vielfalt und der Erhalt von Fluss- und Meeres\u00f6kosystemen.<\/p>\n<p>Otter umfassen 13 Arten, die in der Gr\u00f6\u00dfe (5 bis 45 kg), Lebensraum und soziales Verhalten variieren. Sie werden fast weltweit gefunden, au\u00dfer in Australien, der Antarktis und den abgelegensten Inseln, die sowohl in den Meeres- als auch in den Flussumgebungen leben. Diese lebhaften und fr\u00f6hlichen aquatischen Akrobaten fangen normalerweise ihre Beute wie Fische, Fr\u00f6sche, Krabben und andere Wirbellose im Wasser auf. Seeotter geh\u00f6ren zu den wenigen Tieren, die Werkzeuge wie Steine \u200b\u200bund Muscheln verwenden, um die Muscheln ihrer Beute aufzubrechen.<\/p>\n<h4 class=\"wp-block-heading\">Bedrohungen f\u00fcr Otter<\/h4>\n<p>Trotz erh\u00f6hter internationaler Schutzma\u00dfnahmen stehen Otter zahlreiche Bedrohungen aus. Die Wilderei f\u00fcr den Online -Haustierhandel ist weit verbreitet, insbesondere in S\u00fcdostasien. Dar\u00fcber hinaus werden Otter nach ihrem wertvollen Fell gejagt und werden oft Opfer von Motorboot- und Stra\u00dfenfahrzeugunf\u00e4llen.<\/p>\n<p>Eine weitere bedeutende Herausforderung ist die Verringerung ihrer Nahrungsquellen aufgrund von Fluss- und Ozeanverschmutzung, \u00dcberfischung und Zerst\u00f6rung des Lebensraums. Diese Faktoren gef\u00e4hrden das \u00dcberleben von Ottern, die ausschlie\u00dflich auf lebende Beute beruhen und sich nicht schnell an neue Di\u00e4ten anpassen.<\/p>\n<h4 class=\"wp-block-heading\">Das Engagement der WSF und die Rolle des Hillswick Wildlife Sanctuary<\/h4>\n<p>WSF unterst\u00fctzt das Hillswick Wildlife Sanctuary, ein Zentrum, das \u00fcber 30 Jahre lang auf den Shetlandinseln t\u00e4tig ist und sich der Sanierung von notleidenden Ottern und Robben widmet. Das 1987 von Jan Bevington gegr\u00fcndete Heiligtum ist zu einem internationalen Bezugspunkt f\u00fcr den Schutz des Meeress\u00e4ugers geworden. Das Zentrum bietet tier\u00e4rztliche Versorgung und einen Wiedereingliederungsweg in die Wildnis, wodurch die menschlichen Pr\u00e4g es auf geretteten Tieren minimiert.<\/p>\n<p>\u201c<em>Der Schutz von Ottern bedeutet, das Gleichgewicht zwischen Wasser\u00f6kosystemen zu erhalten. Diese au\u00dfergew\u00f6hnlichen S\u00e4ugetiere tragen dazu bei<\/em>&#8220; <strong>sagt Paolo Bray, Gr\u00fcnder und Direktor von WSF<\/strong>.<\/p>\n<h4 class=\"wp-block-heading\">Ziele der Kampagne \u201eSave the Otters\u201c<\/h4>\n<p>Die Kampagne konzentriert sich auf drei Hauptaktionen:<\/p>\n<ol class=\"wp-block-list\">\n<li>Sensibilisierung der \u00d6ffentlichkeit f\u00fcr die entscheidende \u00f6kologische Rolle von Ottern und die Dringlichkeit ihres Schutzes.<\/li>\n<li>Bek\u00e4mpfung des illegalen Pelzhandels und des Verkaufs von lebenden Ottern f\u00fcr den exotischen Haustiermarkt, Ph\u00e4nomene, die zahlreiche Otter -Arten bedrohen.<\/li>\n<li>Unterst\u00fctzung von Naturschutz- und Rehabilitationsprojekten mit besonderer Aufmerksamkeit auf die Aktivit\u00e4ten des Hillswick Wildlife Sanctuary.<\/li>\n<\/ol>\n<h4 class=\"wp-block-heading\">Wie man beitr\u00e4gt<\/h4>\n<p>WSF l\u00e4dt B\u00fcrger, Institutionen und Unternehmen ein, durch konkrete Handlungen aktiv an der Kampagne teilzunehmen:<\/p>\n<ul class=\"wp-block-list\">\n<li>Treffen Sie verantwortungsbewusste Konsumentscheidungen, bevorzugen zertifizierte und nachhaltige Fischprodukte, um den Druck auf aquatische \u00d6kosysteme zu verringern.<\/li>\n<li>Sich weigert, Kleidung und Accessoires aus Otter Fell zu kaufen.<\/li>\n<li>Finanziell unterst\u00fctzende Organisationen an der Front des Otter -Schutzes und der Erhaltung ihrer nat\u00fcrlichen Lebensr\u00e4ume.<\/li>\n<\/ul>\n<p>Jede kleine Geste kann einen Unterschied machen, um eine Zukunft f\u00fcr diese emblematischen Kreaturen globaler Wasserbiodiversit\u00e4t zu gew\u00e4hrleisten.<\/p>\n<p>Weitere Informationen zur Kampagne und zur Unterst\u00fctzung finden Sie auf der Website der World Sustainability Foundation.<\/p>\n","protected":false},"excerpt":{"rendered":"<p>Die World Sustainability Foundation (WSF) freut sich, die Einf\u00fchrung der Kampagne \u201eSave the Otters\u201c, einer Initiative zum Schutz von Ottern, Symbolen von Wasser\u00f6kosystemen und wichtigen<\/p>\n","protected":false},"author":1,"featured_media":4642,"comment_status":"closed","ping_status":"","sticky":false,"template":"","format":"standard","meta":{"footnotes":""},"categories":[101],"tags":[81,9,74,1087,5130,108,6858,1161,2908,1086,1085,67],"class_list":["post-4641","post","type-post","status-publish","format-standard","has-post-thumbnail","hentry","category-oekologie","tag-der","tag-die","tag-eine","tag-foundation","tag-kampagne","tag-neue","tag-otter","tag-schutz","tag-startet","tag-sustainability","tag-world","tag-zum","generate-columns","tablet-grid-50","mobile-grid-100","grid-parent","grid-50"],"yoast_head":"<!-- This site is optimized with the Yoast SEO plugin v27.3 - https:\/\/yoast.com\/product\/yoast-seo-wordpress\/ -->\n<title>Die World Sustainability Foundation startet eine neue Kampagne zum Schutz der Otter - Nachrichten - Stra\u00dfenweb<\/title>\n<meta name=\"robots\" content=\"index, follow, max-snippet:-1, max-image-preview:large, max-video-preview:-1\" \/>\n<link rel=\"canonical\" href=\"https:\/\/www.strassenweb.de\/nachrichten\/die-world-sustainability-foundation-startet-eine-neue-kampagne-zum-schutz-der-otter\/\" \/>\n<meta property=\"og:locale\" content=\"de_DE\" \/>\n<meta property=\"og:type\" content=\"article\" \/>\n<meta property=\"og:title\" content=\"Die World Sustainability Foundation startet eine neue Kampagne zum Schutz der Otter - Nachrichten - Stra\u00dfenweb\" \/>\n<meta property=\"og:description\" content=\"Die World Sustainability Foundation (WSF) freut sich, die Einf\u00fchrung der Kampagne \u201eSave the Otters\u201c, einer Initiative zum Schutz von Ottern, Symbolen von Wasser\u00f6kosystemen und wichtigen\" \/>\n<meta property=\"og:url\" content=\"https:\/\/www.strassenweb.de\/nachrichten\/die-world-sustainability-foundation-startet-eine-neue-kampagne-zum-schutz-der-otter\/\" \/>\n<meta property=\"og:site_name\" content=\"Stra\u00dfenweb\" \/>\n<meta property=\"article:publisher\" content=\"https:\/\/www.facebook.com\/strassenweb\/\" \/>\n<meta property=\"article:published_time\" content=\"2025-04-23T14:39:14+00:00\" \/>\n<meta property=\"og:image\" content=\"https:\/\/www.strassenweb.de\/nachrichten\/wp-content\/uploads\/2025\/04\/Die-World-Sustainability-Foundation-startet-eine-neue-Kampagne-zum-Schutz.jpg\" \/>\n\t<meta property=\"og:image:width\" content=\"900\" \/>\n\t<meta property=\"og:image:height\" content=\"518\" \/>\n\t<meta property=\"og:image:type\" content=\"image\/jpeg\" \/>\n<meta name=\"author\" content=\"Robert Hoffmann\" \/>\n<meta name=\"twitter:card\" content=\"summary_large_image\" \/>\n<meta name=\"twitter:label1\" content=\"Verfasst von\" \/>\n\t<meta name=\"twitter:data1\" content=\"Robert Hoffmann\" \/>\n\t<meta name=\"twitter:label2\" content=\"Gesch\u00e4tzte Lesezeit\" \/>\n\t<meta name=\"twitter:data2\" content=\"3\u00a0Minuten\" \/>\n<script type=\"application\/ld+json\" class=\"yoast-schema-graph\">{\"@context\":\"https:\\\/\\\/schema.org\",\"@graph\":[{\"@type\":\"Article\",\"@id\":\"https:\\\/\\\/www.strassenweb.de\\\/nachrichten\\\/die-world-sustainability-foundation-startet-eine-neue-kampagne-zum-schutz-der-otter\\\/#article\",\"isPartOf\":{\"@id\":\"https:\\\/\\\/www.strassenweb.de\\\/nachrichten\\\/die-world-sustainability-foundation-startet-eine-neue-kampagne-zum-schutz-der-otter\\\/\"},\"author\":{\"name\":\"Robert Hoffmann\",\"@id\":\"https:\\\/\\\/www.strassenweb.de\\\/nachrichten\\\/#\\\/schema\\\/person\\\/87c9c9067f1211da429a744dc5a5aa41\"},\"headline\":\"Die World Sustainability Foundation startet eine neue Kampagne zum Schutz der Otter\",\"datePublished\":\"2025-04-23T14:39:14+00:00\",\"mainEntityOfPage\":{\"@id\":\"https:\\\/\\\/www.strassenweb.de\\\/nachrichten\\\/die-world-sustainability-foundation-startet-eine-neue-kampagne-zum-schutz-der-otter\\\/\"},\"wordCount\":532,\"publisher\":{\"@id\":\"https:\\\/\\\/www.strassenweb.de\\\/nachrichten\\\/#organization\"},\"image\":{\"@id\":\"https:\\\/\\\/www.strassenweb.de\\\/nachrichten\\\/die-world-sustainability-foundation-startet-eine-neue-kampagne-zum-schutz-der-otter\\\/#primaryimage\"},\"thumbnailUrl\":\"https:\\\/\\\/www.strassenweb.de\\\/nachrichten\\\/wp-content\\\/uploads\\\/2025\\\/04\\\/Die-World-Sustainability-Foundation-startet-eine-neue-Kampagne-zum-Schutz.jpg\",\"keywords\":[\"der\",\"die\",\"eine\",\"Foundation\",\"Kampagne\",\"Neue\",\"Otter\",\"Schutz\",\"startet\",\"Sustainability\",\"World\",\"zum\"],\"articleSection\":[\"\u00d6kologie\"],\"inLanguage\":\"de\"},{\"@type\":\"WebPage\",\"@id\":\"https:\\\/\\\/www.strassenweb.de\\\/nachrichten\\\/die-world-sustainability-foundation-startet-eine-neue-kampagne-zum-schutz-der-otter\\\/\",\"url\":\"https:\\\/\\\/www.strassenweb.de\\\/nachrichten\\\/die-world-sustainability-foundation-startet-eine-neue-kampagne-zum-schutz-der-otter\\\/\",\"name\":\"Die World Sustainability Foundation startet eine neue Kampagne zum Schutz der Otter - Nachrichten - Stra\u00dfenweb\",\"isPartOf\":{\"@id\":\"https:\\\/\\\/www.strassenweb.de\\\/nachrichten\\\/#website\"},\"primaryImageOfPage\":{\"@id\":\"https:\\\/\\\/www.strassenweb.de\\\/nachrichten\\\/die-world-sustainability-foundation-startet-eine-neue-kampagne-zum-schutz-der-otter\\\/#primaryimage\"},\"image\":{\"@id\":\"https:\\\/\\\/www.strassenweb.de\\\/nachrichten\\\/die-world-sustainability-foundation-startet-eine-neue-kampagne-zum-schutz-der-otter\\\/#primaryimage\"},\"thumbnailUrl\":\"https:\\\/\\\/www.strassenweb.de\\\/nachrichten\\\/wp-content\\\/uploads\\\/2025\\\/04\\\/Die-World-Sustainability-Foundation-startet-eine-neue-Kampagne-zum-Schutz.jpg\",\"datePublished\":\"2025-04-23T14:39:14+00:00\",\"breadcrumb\":{\"@id\":\"https:\\\/\\\/www.strassenweb.de\\\/nachrichten\\\/die-world-sustainability-foundation-startet-eine-neue-kampagne-zum-schutz-der-otter\\\/#breadcrumb\"},\"inLanguage\":\"de\",\"potentialAction\":[{\"@type\":\"ReadAction\",\"target\":[\"https:\\\/\\\/www.strassenweb.de\\\/nachrichten\\\/die-world-sustainability-foundation-startet-eine-neue-kampagne-zum-schutz-der-otter\\\/\"]}]},{\"@type\":\"ImageObject\",\"inLanguage\":\"de\",\"@id\":\"https:\\\/\\\/www.strassenweb.de\\\/nachrichten\\\/die-world-sustainability-foundation-startet-eine-neue-kampagne-zum-schutz-der-otter\\\/#primaryimage\",\"url\":\"https:\\\/\\\/www.strassenweb.de\\\/nachrichten\\\/wp-content\\\/uploads\\\/2025\\\/04\\\/Die-World-Sustainability-Foundation-startet-eine-neue-Kampagne-zum-Schutz.jpg\",\"contentUrl\":\"https:\\\/\\\/www.strassenweb.de\\\/nachrichten\\\/wp-content\\\/uploads\\\/2025\\\/04\\\/Die-World-Sustainability-Foundation-startet-eine-neue-Kampagne-zum-Schutz.jpg\",\"width\":900,\"height\":518,\"caption\":\"Save the Otters Friend of the Sea\"},{\"@type\":\"BreadcrumbList\",\"@id\":\"https:\\\/\\\/www.strassenweb.de\\\/nachrichten\\\/die-world-sustainability-foundation-startet-eine-neue-kampagne-zum-schutz-der-otter\\\/#breadcrumb\",\"itemListElement\":[{\"@type\":\"ListItem\",\"position\":1,\"name\":\"Home\",\"item\":\"https:\\\/\\\/www.strassenweb.de\\\/nachrichten\\\/\"},{\"@type\":\"ListItem\",\"position\":2,\"name\":\"Die World Sustainability Foundation startet eine neue Kampagne zum Schutz der Otter\"}]},{\"@type\":\"WebSite\",\"@id\":\"https:\\\/\\\/www.strassenweb.de\\\/nachrichten\\\/#website\",\"url\":\"https:\\\/\\\/www.strassenweb.de\\\/nachrichten\\\/\",\"name\":\"Stra\u00dfenweb\",\"description\":\"Stra\u00dfenverzeichnis f\u00fcr Deutschland\",\"publisher\":{\"@id\":\"https:\\\/\\\/www.strassenweb.de\\\/nachrichten\\\/#organization\"},\"potentialAction\":[{\"@type\":\"SearchAction\",\"target\":{\"@type\":\"EntryPoint\",\"urlTemplate\":\"https:\\\/\\\/www.strassenweb.de\\\/nachrichten\\\/?s={search_term_string}\"},\"query-input\":{\"@type\":\"PropertyValueSpecification\",\"valueRequired\":true,\"valueName\":\"search_term_string\"}}],\"inLanguage\":\"de\"},{\"@type\":\"Organization\",\"@id\":\"https:\\\/\\\/www.strassenweb.de\\\/nachrichten\\\/#organization\",\"name\":\"Stra\u00dfenweb\",\"url\":\"https:\\\/\\\/www.strassenweb.de\\\/nachrichten\\\/\",\"logo\":{\"@type\":\"ImageObject\",\"inLanguage\":\"de\",\"@id\":\"https:\\\/\\\/www.strassenweb.de\\\/nachrichten\\\/#\\\/schema\\\/logo\\\/image\\\/\",\"url\":\"https:\\\/\\\/www.strassenweb.de\\\/nachrichten\\\/wp-content\\\/uploads\\\/2024\\\/09\\\/cropped-favicon.png\",\"contentUrl\":\"https:\\\/\\\/www.strassenweb.de\\\/nachrichten\\\/wp-content\\\/uploads\\\/2024\\\/09\\\/cropped-favicon.png\",\"width\":512,\"height\":512,\"caption\":\"Stra\u00dfenweb\"},\"image\":{\"@id\":\"https:\\\/\\\/www.strassenweb.de\\\/nachrichten\\\/#\\\/schema\\\/logo\\\/image\\\/\"},\"sameAs\":[\"https:\\\/\\\/www.facebook.com\\\/strassenweb\\\/\"]},{\"@type\":\"Person\",\"@id\":\"https:\\\/\\\/www.strassenweb.de\\\/nachrichten\\\/#\\\/schema\\\/person\\\/87c9c9067f1211da429a744dc5a5aa41\",\"name\":\"Robert Hoffmann\",\"image\":{\"@type\":\"ImageObject\",\"inLanguage\":\"de\",\"@id\":\"https:\\\/\\\/www.strassenweb.de\\\/nachrichten\\\/wp-content\\\/uploads\\\/2024\\\/09\\\/strassenweb-150x150.jpg\",\"url\":\"https:\\\/\\\/www.strassenweb.de\\\/nachrichten\\\/wp-content\\\/uploads\\\/2024\\\/09\\\/strassenweb-150x150.jpg\",\"contentUrl\":\"https:\\\/\\\/www.strassenweb.de\\\/nachrichten\\\/wp-content\\\/uploads\\\/2024\\\/09\\\/strassenweb-150x150.jpg\",\"caption\":\"Robert Hoffmann\"},\"description\":\"Ich hei\u00dfe Robert Hoffmann und ich bin ein leidenschaftlicher Verfechter von \u00d6kologie und Biodiversit\u00e4t. Seit meiner Kindheit in den W\u00e4ldern Bayerns f\u00fchle ich mich mit der Natur verbunden und bin entschlossen, sie zu sch\u00fctzen. Heute widme ich mein Leben der Sensibilisierung anderer f\u00fcr die Bedeutung des Umweltschutzes f\u00fcr zuk\u00fcnftige Generationen.\",\"sameAs\":[\"https:\\\/\\\/www.strassenweb.de\\\/\"]}]}<\/script>\n<!-- \/ Yoast SEO plugin. -->","yoast_head_json":{"title":"Die World Sustainability Foundation startet eine neue Kampagne zum Schutz der Otter - Nachrichten - Stra\u00dfenweb","robots":{"index":"index","follow":"follow","max-snippet":"max-snippet:-1","max-image-preview":"max-image-preview:large","max-video-preview":"max-video-preview:-1"},"canonical":"https:\/\/www.strassenweb.de\/nachrichten\/die-world-sustainability-foundation-startet-eine-neue-kampagne-zum-schutz-der-otter\/","og_locale":"de_DE","og_type":"article","og_title":"Die World Sustainability Foundation startet eine neue Kampagne zum Schutz der Otter - Nachrichten - Stra\u00dfenweb","og_description":"Die World Sustainability Foundation (WSF) freut sich, die Einf\u00fchrung der Kampagne \u201eSave the Otters\u201c, einer Initiative zum Schutz von Ottern, Symbolen von Wasser\u00f6kosystemen und wichtigen","og_url":"https:\/\/www.strassenweb.de\/nachrichten\/die-world-sustainability-foundation-startet-eine-neue-kampagne-zum-schutz-der-otter\/","og_site_name":"Stra\u00dfenweb","article_publisher":"https:\/\/www.facebook.com\/strassenweb\/","article_published_time":"2025-04-23T14:39:14+00:00","og_image":[{"width":900,"height":518,"url":"https:\/\/www.strassenweb.de\/nachrichten\/wp-content\/uploads\/2025\/04\/Die-World-Sustainability-Foundation-startet-eine-neue-Kampagne-zum-Schutz.jpg","type":"image\/jpeg"}],"author":"Robert Hoffmann","twitter_card":"summary_large_image","twitter_misc":{"Verfasst von":"Robert Hoffmann","Gesch\u00e4tzte Lesezeit":"3\u00a0Minuten"},"schema":{"@context":"https:\/\/schema.org","@graph":[{"@type":"Article","@id":"https:\/\/www.strassenweb.de\/nachrichten\/die-world-sustainability-foundation-startet-eine-neue-kampagne-zum-schutz-der-otter\/#article","isPartOf":{"@id":"https:\/\/www.strassenweb.de\/nachrichten\/die-world-sustainability-foundation-startet-eine-neue-kampagne-zum-schutz-der-otter\/"},"author":{"name":"Robert Hoffmann","@id":"https:\/\/www.strassenweb.de\/nachrichten\/#\/schema\/person\/87c9c9067f1211da429a744dc5a5aa41"},"headline":"Die World Sustainability Foundation startet eine neue Kampagne zum Schutz der Otter","datePublished":"2025-04-23T14:39:14+00:00","mainEntityOfPage":{"@id":"https:\/\/www.strassenweb.de\/nachrichten\/die-world-sustainability-foundation-startet-eine-neue-kampagne-zum-schutz-der-otter\/"},"wordCount":532,"publisher":{"@id":"https:\/\/www.strassenweb.de\/nachrichten\/#organization"},"image":{"@id":"https:\/\/www.strassenweb.de\/nachrichten\/die-world-sustainability-foundation-startet-eine-neue-kampagne-zum-schutz-der-otter\/#primaryimage"},"thumbnailUrl":"https:\/\/www.strassenweb.de\/nachrichten\/wp-content\/uploads\/2025\/04\/Die-World-Sustainability-Foundation-startet-eine-neue-Kampagne-zum-Schutz.jpg","keywords":["der","die","eine","Foundation","Kampagne","Neue","Otter","Schutz","startet","Sustainability","World","zum"],"articleSection":["\u00d6kologie"],"inLanguage":"de"},{"@type":"WebPage","@id":"https:\/\/www.strassenweb.de\/nachrichten\/die-world-sustainability-foundation-startet-eine-neue-kampagne-zum-schutz-der-otter\/","url":"https:\/\/www.strassenweb.de\/nachrichten\/die-world-sustainability-foundation-startet-eine-neue-kampagne-zum-schutz-der-otter\/","name":"Die World Sustainability Foundation startet eine neue Kampagne zum Schutz der Otter - Nachrichten - Stra\u00dfenweb","isPartOf":{"@id":"https:\/\/www.strassenweb.de\/nachrichten\/#website"},"primaryImageOfPage":{"@id":"https:\/\/www.strassenweb.de\/nachrichten\/die-world-sustainability-foundation-startet-eine-neue-kampagne-zum-schutz-der-otter\/#primaryimage"},"image":{"@id":"https:\/\/www.strassenweb.de\/nachrichten\/die-world-sustainability-foundation-startet-eine-neue-kampagne-zum-schutz-der-otter\/#primaryimage"},"thumbnailUrl":"https:\/\/www.strassenweb.de\/nachrichten\/wp-content\/uploads\/2025\/04\/Die-World-Sustainability-Foundation-startet-eine-neue-Kampagne-zum-Schutz.jpg","datePublished":"2025-04-23T14:39:14+00:00","breadcrumb":{"@id":"https:\/\/www.strassenweb.de\/nachrichten\/die-world-sustainability-foundation-startet-eine-neue-kampagne-zum-schutz-der-otter\/#breadcrumb"},"inLanguage":"de","potentialAction":[{"@type":"ReadAction","target":["https:\/\/www.strassenweb.de\/nachrichten\/die-world-sustainability-foundation-startet-eine-neue-kampagne-zum-schutz-der-otter\/"]}]},{"@type":"ImageObject","inLanguage":"de","@id":"https:\/\/www.strassenweb.de\/nachrichten\/die-world-sustainability-foundation-startet-eine-neue-kampagne-zum-schutz-der-otter\/#primaryimage","url":"https:\/\/www.strassenweb.de\/nachrichten\/wp-content\/uploads\/2025\/04\/Die-World-Sustainability-Foundation-startet-eine-neue-Kampagne-zum-Schutz.jpg","contentUrl":"https:\/\/www.strassenweb.de\/nachrichten\/wp-content\/uploads\/2025\/04\/Die-World-Sustainability-Foundation-startet-eine-neue-Kampagne-zum-Schutz.jpg","width":900,"height":518,"caption":"Save the Otters Friend of the Sea"},{"@type":"BreadcrumbList","@id":"https:\/\/www.strassenweb.de\/nachrichten\/die-world-sustainability-foundation-startet-eine-neue-kampagne-zum-schutz-der-otter\/#breadcrumb","itemListElement":[{"@type":"ListItem","position":1,"name":"Home","item":"https:\/\/www.strassenweb.de\/nachrichten\/"},{"@type":"ListItem","position":2,"name":"Die World Sustainability Foundation startet eine neue Kampagne zum Schutz der Otter"}]},{"@type":"WebSite","@id":"https:\/\/www.strassenweb.de\/nachrichten\/#website","url":"https:\/\/www.strassenweb.de\/nachrichten\/","name":"Stra\u00dfenweb","description":"Stra\u00dfenverzeichnis f\u00fcr Deutschland","publisher":{"@id":"https:\/\/www.strassenweb.de\/nachrichten\/#organization"},"potentialAction":[{"@type":"SearchAction","target":{"@type":"EntryPoint","urlTemplate":"https:\/\/www.strassenweb.de\/nachrichten\/?s={search_term_string}"},"query-input":{"@type":"PropertyValueSpecification","valueRequired":true,"valueName":"search_term_string"}}],"inLanguage":"de"},{"@type":"Organization","@id":"https:\/\/www.strassenweb.de\/nachrichten\/#organization","name":"Stra\u00dfenweb","url":"https:\/\/www.strassenweb.de\/nachrichten\/","logo":{"@type":"ImageObject","inLanguage":"de","@id":"https:\/\/www.strassenweb.de\/nachrichten\/#\/schema\/logo\/image\/","url":"https:\/\/www.strassenweb.de\/nachrichten\/wp-content\/uploads\/2024\/09\/cropped-favicon.png","contentUrl":"https:\/\/www.strassenweb.de\/nachrichten\/wp-content\/uploads\/2024\/09\/cropped-favicon.png","width":512,"height":512,"caption":"Stra\u00dfenweb"},"image":{"@id":"https:\/\/www.strassenweb.de\/nachrichten\/#\/schema\/logo\/image\/"},"sameAs":["https:\/\/www.facebook.com\/strassenweb\/"]},{"@type":"Person","@id":"https:\/\/www.strassenweb.de\/nachrichten\/#\/schema\/person\/87c9c9067f1211da429a744dc5a5aa41","name":"Robert Hoffmann","image":{"@type":"ImageObject","inLanguage":"de","@id":"https:\/\/www.strassenweb.de\/nachrichten\/wp-content\/uploads\/2024\/09\/strassenweb-150x150.jpg","url":"https:\/\/www.strassenweb.de\/nachrichten\/wp-content\/uploads\/2024\/09\/strassenweb-150x150.jpg","contentUrl":"https:\/\/www.strassenweb.de\/nachrichten\/wp-content\/uploads\/2024\/09\/strassenweb-150x150.jpg","caption":"Robert Hoffmann"},"description":"Ich hei\u00dfe Robert Hoffmann und ich bin ein leidenschaftlicher Verfechter von \u00d6kologie und Biodiversit\u00e4t. Seit meiner Kindheit in den W\u00e4ldern Bayerns f\u00fchle ich mich mit der Natur verbunden und bin entschlossen, sie zu sch\u00fctzen. Heute widme ich mein Leben der Sensibilisierung anderer f\u00fcr die Bedeutung des Umweltschutzes f\u00fcr zuk\u00fcnftige Generationen.","sameAs":["https:\/\/www.strassenweb.de\/"]}]}},"_links":{"self":[{"href":"https:\/\/www.strassenweb.de\/nachrichten\/wp-json\/wp\/v2\/posts\/4641","targetHints":{"allow":["GET"]}}],"collection":[{"href":"https:\/\/www.strassenweb.de\/nachrichten\/wp-json\/wp\/v2\/posts"}],"about":[{"href":"https:\/\/www.strassenweb.de\/nachrichten\/wp-json\/wp\/v2\/types\/post"}],"author":[{"embeddable":true,"href":"https:\/\/www.strassenweb.de\/nachrichten\/wp-json\/wp\/v2\/users\/1"}],"replies":[{"embeddable":true,"href":"https:\/\/www.strassenweb.de\/nachrichten\/wp-json\/wp\/v2\/comments?post=4641"}],"version-history":[{"count":0,"href":"https:\/\/www.strassenweb.de\/nachrichten\/wp-json\/wp\/v2\/posts\/4641\/revisions"}],"wp:featuredmedia":[{"embeddable":true,"href":"https:\/\/www.strassenweb.de\/nachrichten\/wp-json\/wp\/v2\/media\/4642"}],"wp:attachment":[{"href":"https:\/\/www.strassenweb.de\/nachrichten\/wp-json\/wp\/v2\/media?parent=4641"}],"wp:term":[{"taxonomy":"category","embeddable":true,"href":"https:\/\/www.strassenweb.de\/nachrichten\/wp-json\/wp\/v2\/categories?post=4641"},{"taxonomy":"post_tag","embeddable":true,"href":"https:\/\/www.strassenweb.de\/nachrichten\/wp-json\/wp\/v2\/tags?post=4641"}],"curies":[{"name":"wp","href":"https:\/\/api.w.org\/{rel}","templated":true}]}}