{"id":463,"date":"2024-10-01T00:21:52","date_gmt":"2024-09-30T22:21:52","guid":{"rendered":"https:\/\/www.strassenweb.de\/nachrichten\/die-kuratierte-wanddekoration-von-selena-gomez-sorgt-dafuer-dass-ihre-kueche-eher-gemuetlich-als-klinisch-wirkt-ich-habe-diesen-stil-schon-immer-geliebt-aber-sie-macht-ihn-am-besten\/"},"modified":"2024-10-01T00:21:54","modified_gmt":"2024-09-30T22:21:54","slug":"die-kuratierte-wanddekoration-von-selena-gomez-sorgt-dafuer-dass-ihre-kueche-eher-gemuetlich-als-klinisch-wirkt-ich-habe-diesen-stil-schon-immer-geliebt-aber-sie-macht-ihn-am-besten","status":"publish","type":"post","link":"https:\/\/www.strassenweb.de\/nachrichten\/die-kuratierte-wanddekoration-von-selena-gomez-sorgt-dafuer-dass-ihre-kueche-eher-gemuetlich-als-klinisch-wirkt-ich-habe-diesen-stil-schon-immer-geliebt-aber-sie-macht-ihn-am-besten\/","title":{"rendered":"Die kuratierte Wanddekoration von Selena Gomez sorgt daf\u00fcr, dass ihre K\u00fcche eher gem\u00fctlich als klinisch wirkt \u2013 ich habe diesen Stil schon immer geliebt, aber sie macht ihn am besten"},"content":{"rendered":"<p><\/p>\n<div id=\"article-body\" class=\"article__body \">\n<p>Wer sagt, dass K\u00fcchenzubeh\u00f6r absolut praktisch sein muss? Selena Gomez sicherlich nicht. W\u00e4hrend viele von uns ihre Arbeitsplatte, K\u00fccheninsel und Wandfl\u00e4che f\u00fcr das N\u00f6tigste des Alltags aufheben (weil die Kaffeemaschine irgendwohin muss), erinnerte uns die S\u00e4ngerin daran, dass die stilvollsten R\u00e4ume auch die pers\u00f6nlichsten sind. Ich habe immer an dieser Ideologie festgehalten, aber ihre wei\u00dfe K\u00fcche ist bis heute eines meiner liebsten (und zug\u00e4nglichsten) Beispiele.<\/p>\n<div id=\"ad-unit-1\" class=\"ad-unit\"><\/div>\n<p>Als Redakteurin f\u00fcr Promi-Styles geh\u00f6rt es f\u00fcr mich jeden Tag dazu, Einblicke in einige der beeindruckendsten H\u00e4user der Welt zu erhaschen. Vieles von dem, was ich sehe, l\u00e4sst sich zwangsl\u00e4ufig kaum in meiner winzigen Londoner Wohnung nachbilden, aber im Fall von Gomez\u2018 K\u00fcche ist es erfrischend einfach, ihrem Beispiel zu folgen. Die S\u00e4ngerin hat den nostalgischen K\u00fcchenlook mit Vintage-Porzellantellern (zu sehen an ihrer gefliesten R\u00fcckwand) und einem Pflanzgef\u00e4\u00df an der Wand neben der Sp\u00fcle und dem Fenster perfektioniert.<\/p>\n<aside class=\"hawk-nest\" data-render-type=\"fte\" data-skip=\"dealsy\" data-widget-type=\"seasonal\">\n<div class=\"hawk-master-widget-hawk-base-wrapper\"><\/div>\n<\/aside>\n<p>Bei all ihrer Funktionalit\u00e4t vergesse ich oft, dass die K\u00fcche genauso viel Dekorationspotenzial hat wie jeder andere Raum in meinem Zuhause. Es gibt schlie\u00dflich keinen Grund, warum es sich nicht pers\u00f6nlich anf\u00fchlen kann. Das Dekorieren mit Antiquit\u00e4ten wie Gomez ist eine der sch\u00f6nsten M\u00f6glichkeiten, die K\u00fccheneinrichtung sofort einzigartiger wirken zu lassen \u2013 und wie Designer mich erinnern, liegen die Ergebnisse voll im Trend.<\/p>\n<div id=\"desktop-in-article\" class=\"in-article ad-unit\">\n<div id=\"desktop-taboola-mid-article\"><\/div>\n<\/div>\n<div id=\"mobile-in-article\" class=\"in-article ad-unit\">\n<div id=\"mobile-taboola-mid-article\"><\/div>\n<\/div>\n<div class=\"instagram-embed\">\n<blockquote class=\"instagram-media\" data-instgrm-captioned data-instgrm-version=\"6\" style=\"width:99.375%; width:-webkit-calc(100% - 2px); width:calc(100% - 2px);\">\n<p>Ein von Selena Gomez (@selenagomez) geteilter Beitrag<\/p>\n<p>Ein Foto gepostet von am <\/p>\n<\/blockquote>\n<\/div>\n<p>\u201e(Gebrauchtfunde) werden weiterhin im Mittelpunkt der Innenarchitektur stehen.\u201c Und dazu geh\u00f6ren Vintage-St\u00fccke und Second-Hand-Artikel, um einen kuratierten Stil zu schaffen, der zu 100 % einzigartig ist\u201c, kommentiert Anne Haimes, Innenarchitektin und Gr\u00fcnderin von <u>Anne Haimes Interiors<\/u>.<\/p>\n<div class=\"van_vid_carousel\">\n<div class=\"van_vid_carousel__padding\">\n<div class=\"van_vid_carousel__container\"><\/div>\n<\/div>\n<\/div>\n<p>In den letzten Saisons hat die Suche nach \u201eHipstorischem Innendesign\u201c (ein von Pinterest stammender Begriff, der alte und neue Stile miteinander verbindet) zugenommen. Unterdessen sei das Interesse an \u201emodernen und antiken M\u00f6beln\u201c laut dem Designer um 530 Prozent gestiegen. Auch ich habe in H\u00e4usern au\u00dferhalb von Gomez Kombinationen solch eklektischer Design\u00e4sthetik beobachtet. Sofia Vergara demonstriert einen \u00e4hnlichen Stil in ihrem modernen Wohnzimmer, das mit Antiquit\u00e4ten gef\u00fcllt ist, w\u00e4hrend Anne Hathaway dasselbe in ihrem Fr\u00fchst\u00fccksraum tut.<\/p>\n<div id=\"ad-unit-2\" class=\"ad-unit\"><\/div>\n<p>\u201eDer Kauf von Antiquit\u00e4ten muss nicht teuer sein. F\u00fcr einen Bruchteil der Kosten k\u00f6nnen Sie versteckte Sch\u00e4tze in Ihrem \u00f6rtlichen Second-Hand-Laden finden. Oder, wenn Sie etwas Bestimmtes im Sinn haben, behalten Sie Online-Wiederverkaufsseiten wie Facebook Marketplace und eBay im Auge, um einen Deal abzuschlie\u00dfen\u201c, f\u00fcgt Haimes hinzu.<\/p>\n<figure class=\"van-image-figure inline-layout \" data-bordeaux-image-check>\n<div class=\"image-full-width-wrapper\">\n<div class=\"image-widthsetter\" style=\"max-width:2000px;\"><\/div>\n<\/div>\n<\/figure>\n<p>Das Schm\u00fccken unserer K\u00fcchen mit Antiquit\u00e4ten geh\u00f6rt vielleicht zu den gr\u00f6\u00dften Trends dieses Jahres, aber ihre F\u00e4higkeit, Designtrends zu \u00fcberwinden, ist ein weiterer Grund, warum es klug ist, dem Beispiel von Gomez zu folgen. Jedes antike St\u00fcck, sei es ein Porzellanteller, wie wir ihn in ihrer K\u00fcche sehen, oder etwas noch Gr\u00f6\u00dferes, ist ein Beispiel f\u00fcr ein St\u00fcck, das den Test der Zeit bereits \u00fcberstanden hat. Viele Antiquit\u00e4ten sind \u00fcber ein Jahrhundert alt, was beweist, dass sie auch weiterhin beeindrucken werden.<\/p>\n<div id=\"slice-container-newsletterForm-articleInbodyContent-QviRyC4kdpQxG2er8rKyqL\" class=\"slice-container newsletter-inbodyContent-slice newsletterForm-articleInbodyContent-QviRyC4kdpQxG2er8rKyqL slice-container-newsletterForm\"><\/div>\n<p>Um das Aussehen zu verbessern, hole ich mir diese Porzellanteller von Wayfair \u2013 sie sind fast zu sch\u00f6n, um darauf zu essen.<\/p>\n<div class=\"product-container hero-product-container product-block-no-wrap\"><\/div>\n<p>Eine weitere pers\u00f6nliche Lektion, die wir aus Gomez\u2018 K\u00fcche lernen k\u00f6nnen? Wir m\u00fcssen unser Kochgeschirr nicht verstecken. Die S\u00e4ngerin hat sich f\u00fcr Schr\u00e4nke mit Glasfront entschieden (ein Trend in der K\u00fcche des \u201ealten Geldes\u201c, den ich zunehmend beobachte, seit das Interesse an der \u00c4sthetik von Nancy Meyers zugenommen hat). Da Gomez bereits f\u00fcr Individualit\u00e4t pl\u00e4diert, \u00fcberrascht es nicht, dass ihre Schrankfronten \u00e4hnlich freiz\u00fcgig sind.<\/p>\n<p>Anstatt ihre Tassen und Teller zu verstecken, sorgt die transparente Vorderseite daf\u00fcr, dass ihr Kochgeschirr vollst\u00e4ndig sichtbar ist, ihr Raum aber nicht \u00fcberladen wirkt. Ihr Schrank und sein Inhalt unterstreichen nur, wie pers\u00f6nlich und praktisch ihre K\u00fcche ist \u2013 eine Kombination, die sie wirklich perfektioniert hat.<\/p>\n<hr>\n<\/div>\n<p><script async src=\"\/\/www.instagram.com\/embed.js\"><\/script><\/p>\n","protected":false},"excerpt":{"rendered":"<p>Wer sagt, dass K\u00fcchenzubeh\u00f6r absolut praktisch sein muss? Selena Gomez sicherlich nicht. W\u00e4hrend viele von uns ihre Arbeitsplatte, K\u00fccheninsel und Wandfl\u00e4che f\u00fcr das N\u00f6tigste des<\/p>\n","protected":false},"author":1,"featured_media":464,"comment_status":"closed","ping_status":"","sticky":false,"template":"","format":"standard","meta":{"footnotes":""},"categories":[118],"tags":[357,935,484,932,51,9,208,933,938,934,930,823,129,634,225,175,936,468,927,939,523,929,165,931,322,21,928,937],"class_list":["post-463","post","type-post","status-publish","format-standard","has-post-thumbnail","hentry","category-haus-garten","tag-aber","tag-als","tag-besten","tag-dafuer","tag-dass","tag-die","tag-diesen","tag-eher","tag-geliebt","tag-gemuetlich","tag-gomez","tag-habe","tag-ich","tag-ihn","tag-ihre","tag-immer","tag-klinisch","tag-kueche","tag-kuratierte","tag-macht","tag-schon","tag-selena","tag-sie","tag-sorgt","tag-stil","tag-von","tag-wanddekoration","tag-wirkt","generate-columns","tablet-grid-50","mobile-grid-100","grid-parent","grid-50"],"yoast_head":"<!-- This site is optimized with the Yoast SEO plugin v27.3 - https:\/\/yoast.com\/product\/yoast-seo-wordpress\/ -->\n<title>Die kuratierte Wanddekoration von Selena Gomez sorgt daf\u00fcr, dass ihre K\u00fcche eher gem\u00fctlich als klinisch wirkt \u2013 ich habe diesen Stil schon immer geliebt, aber sie macht ihn am besten - Nachrichten - Stra\u00dfenweb<\/title>\n<meta name=\"robots\" content=\"index, follow, max-snippet:-1, max-image-preview:large, max-video-preview:-1\" \/>\n<link rel=\"canonical\" href=\"https:\/\/www.strassenweb.de\/nachrichten\/die-kuratierte-wanddekoration-von-selena-gomez-sorgt-dafuer-dass-ihre-kueche-eher-gemuetlich-als-klinisch-wirkt-ich-habe-diesen-stil-schon-immer-geliebt-aber-sie-macht-ihn-am-besten\/\" \/>\n<meta property=\"og:locale\" content=\"de_DE\" \/>\n<meta property=\"og:type\" content=\"article\" \/>\n<meta property=\"og:title\" content=\"Die kuratierte Wanddekoration von Selena Gomez sorgt daf\u00fcr, dass ihre K\u00fcche eher gem\u00fctlich als klinisch wirkt \u2013 ich habe diesen Stil schon immer geliebt, aber sie macht ihn am besten - Nachrichten - Stra\u00dfenweb\" \/>\n<meta property=\"og:description\" content=\"Wer sagt, dass K\u00fcchenzubeh\u00f6r absolut praktisch sein muss? Selena Gomez sicherlich nicht. W\u00e4hrend viele von uns ihre Arbeitsplatte, K\u00fccheninsel und Wandfl\u00e4che f\u00fcr das N\u00f6tigste des\" \/>\n<meta property=\"og:url\" content=\"https:\/\/www.strassenweb.de\/nachrichten\/die-kuratierte-wanddekoration-von-selena-gomez-sorgt-dafuer-dass-ihre-kueche-eher-gemuetlich-als-klinisch-wirkt-ich-habe-diesen-stil-schon-immer-geliebt-aber-sie-macht-ihn-am-besten\/\" \/>\n<meta property=\"og:site_name\" content=\"Stra\u00dfenweb\" \/>\n<meta property=\"article:publisher\" content=\"https:\/\/www.facebook.com\/strassenweb\/\" \/>\n<meta property=\"article:published_time\" content=\"2024-09-30T22:21:52+00:00\" \/>\n<meta property=\"article:modified_time\" content=\"2024-09-30T22:21:54+00:00\" \/>\n<meta property=\"og:image\" content=\"https:\/\/www.strassenweb.de\/nachrichten\/wp-content\/uploads\/2024\/10\/Die-kuratierte-Wanddekoration-von-Selena-Gomez-sorgt-dafuer-dass-ihre.jpg\" \/>\n\t<meta property=\"og:image:width\" content=\"1200\" \/>\n\t<meta property=\"og:image:height\" content=\"675\" \/>\n\t<meta property=\"og:image:type\" content=\"image\/jpeg\" \/>\n<meta name=\"author\" content=\"Robert Hoffmann\" \/>\n<meta name=\"twitter:card\" content=\"summary_large_image\" \/>\n<meta name=\"twitter:label1\" content=\"Verfasst von\" \/>\n\t<meta name=\"twitter:data1\" content=\"Robert Hoffmann\" \/>\n\t<meta name=\"twitter:label2\" content=\"Gesch\u00e4tzte Lesezeit\" \/>\n\t<meta name=\"twitter:data2\" content=\"3\u00a0Minuten\" \/>\n<script type=\"application\/ld+json\" class=\"yoast-schema-graph\">{\"@context\":\"https:\\\/\\\/schema.org\",\"@graph\":[{\"@type\":\"Article\",\"@id\":\"https:\\\/\\\/www.strassenweb.de\\\/nachrichten\\\/die-kuratierte-wanddekoration-von-selena-gomez-sorgt-dafuer-dass-ihre-kueche-eher-gemuetlich-als-klinisch-wirkt-ich-habe-diesen-stil-schon-immer-geliebt-aber-sie-macht-ihn-am-besten\\\/#article\",\"isPartOf\":{\"@id\":\"https:\\\/\\\/www.strassenweb.de\\\/nachrichten\\\/die-kuratierte-wanddekoration-von-selena-gomez-sorgt-dafuer-dass-ihre-kueche-eher-gemuetlich-als-klinisch-wirkt-ich-habe-diesen-stil-schon-immer-geliebt-aber-sie-macht-ihn-am-besten\\\/\"},\"author\":{\"name\":\"Robert Hoffmann\",\"@id\":\"https:\\\/\\\/www.strassenweb.de\\\/nachrichten\\\/#\\\/schema\\\/person\\\/87c9c9067f1211da429a744dc5a5aa41\"},\"headline\":\"Die kuratierte Wanddekoration von Selena Gomez sorgt daf\u00fcr, dass ihre K\u00fcche eher gem\u00fctlich als klinisch wirkt \u2013 ich habe diesen Stil schon immer geliebt, aber sie macht ihn am besten\",\"datePublished\":\"2024-09-30T22:21:52+00:00\",\"dateModified\":\"2024-09-30T22:21:54+00:00\",\"mainEntityOfPage\":{\"@id\":\"https:\\\/\\\/www.strassenweb.de\\\/nachrichten\\\/die-kuratierte-wanddekoration-von-selena-gomez-sorgt-dafuer-dass-ihre-kueche-eher-gemuetlich-als-klinisch-wirkt-ich-habe-diesen-stil-schon-immer-geliebt-aber-sie-macht-ihn-am-besten\\\/\"},\"wordCount\":695,\"publisher\":{\"@id\":\"https:\\\/\\\/www.strassenweb.de\\\/nachrichten\\\/#organization\"},\"image\":{\"@id\":\"https:\\\/\\\/www.strassenweb.de\\\/nachrichten\\\/die-kuratierte-wanddekoration-von-selena-gomez-sorgt-dafuer-dass-ihre-kueche-eher-gemuetlich-als-klinisch-wirkt-ich-habe-diesen-stil-schon-immer-geliebt-aber-sie-macht-ihn-am-besten\\\/#primaryimage\"},\"thumbnailUrl\":\"https:\\\/\\\/www.strassenweb.de\\\/nachrichten\\\/wp-content\\\/uploads\\\/2024\\\/10\\\/Die-kuratierte-Wanddekoration-von-Selena-Gomez-sorgt-dafuer-dass-ihre.jpg\",\"keywords\":[\"aber\",\"als\",\"besten\",\"daf\u00fcr\",\"dass\",\"die\",\"diesen\",\"eher\",\"geliebt\",\"gem\u00fctlich\",\"Gomez\",\"habe\",\"ich\",\"ihn\",\"ihre\",\"immer\",\"klinisch\",\"K\u00fcche\",\"kuratierte\",\"macht\",\"schon\",\"Selena\",\"Sie\",\"sorgt\",\"Stil\",\"von\",\"Wanddekoration\",\"wirkt\"],\"articleSection\":[\"Haus &amp; Garten\"],\"inLanguage\":\"de\"},{\"@type\":\"WebPage\",\"@id\":\"https:\\\/\\\/www.strassenweb.de\\\/nachrichten\\\/die-kuratierte-wanddekoration-von-selena-gomez-sorgt-dafuer-dass-ihre-kueche-eher-gemuetlich-als-klinisch-wirkt-ich-habe-diesen-stil-schon-immer-geliebt-aber-sie-macht-ihn-am-besten\\\/\",\"url\":\"https:\\\/\\\/www.strassenweb.de\\\/nachrichten\\\/die-kuratierte-wanddekoration-von-selena-gomez-sorgt-dafuer-dass-ihre-kueche-eher-gemuetlich-als-klinisch-wirkt-ich-habe-diesen-stil-schon-immer-geliebt-aber-sie-macht-ihn-am-besten\\\/\",\"name\":\"Die kuratierte Wanddekoration von Selena Gomez sorgt daf\u00fcr, dass ihre K\u00fcche eher gem\u00fctlich als klinisch wirkt \u2013 ich habe diesen Stil schon immer geliebt, aber sie macht ihn am besten - Nachrichten - Stra\u00dfenweb\",\"isPartOf\":{\"@id\":\"https:\\\/\\\/www.strassenweb.de\\\/nachrichten\\\/#website\"},\"primaryImageOfPage\":{\"@id\":\"https:\\\/\\\/www.strassenweb.de\\\/nachrichten\\\/die-kuratierte-wanddekoration-von-selena-gomez-sorgt-dafuer-dass-ihre-kueche-eher-gemuetlich-als-klinisch-wirkt-ich-habe-diesen-stil-schon-immer-geliebt-aber-sie-macht-ihn-am-besten\\\/#primaryimage\"},\"image\":{\"@id\":\"https:\\\/\\\/www.strassenweb.de\\\/nachrichten\\\/die-kuratierte-wanddekoration-von-selena-gomez-sorgt-dafuer-dass-ihre-kueche-eher-gemuetlich-als-klinisch-wirkt-ich-habe-diesen-stil-schon-immer-geliebt-aber-sie-macht-ihn-am-besten\\\/#primaryimage\"},\"thumbnailUrl\":\"https:\\\/\\\/www.strassenweb.de\\\/nachrichten\\\/wp-content\\\/uploads\\\/2024\\\/10\\\/Die-kuratierte-Wanddekoration-von-Selena-Gomez-sorgt-dafuer-dass-ihre.jpg\",\"datePublished\":\"2024-09-30T22:21:52+00:00\",\"dateModified\":\"2024-09-30T22:21:54+00:00\",\"breadcrumb\":{\"@id\":\"https:\\\/\\\/www.strassenweb.de\\\/nachrichten\\\/die-kuratierte-wanddekoration-von-selena-gomez-sorgt-dafuer-dass-ihre-kueche-eher-gemuetlich-als-klinisch-wirkt-ich-habe-diesen-stil-schon-immer-geliebt-aber-sie-macht-ihn-am-besten\\\/#breadcrumb\"},\"inLanguage\":\"de\",\"potentialAction\":[{\"@type\":\"ReadAction\",\"target\":[\"https:\\\/\\\/www.strassenweb.de\\\/nachrichten\\\/die-kuratierte-wanddekoration-von-selena-gomez-sorgt-dafuer-dass-ihre-kueche-eher-gemuetlich-als-klinisch-wirkt-ich-habe-diesen-stil-schon-immer-geliebt-aber-sie-macht-ihn-am-besten\\\/\"]}]},{\"@type\":\"ImageObject\",\"inLanguage\":\"de\",\"@id\":\"https:\\\/\\\/www.strassenweb.de\\\/nachrichten\\\/die-kuratierte-wanddekoration-von-selena-gomez-sorgt-dafuer-dass-ihre-kueche-eher-gemuetlich-als-klinisch-wirkt-ich-habe-diesen-stil-schon-immer-geliebt-aber-sie-macht-ihn-am-besten\\\/#primaryimage\",\"url\":\"https:\\\/\\\/www.strassenweb.de\\\/nachrichten\\\/wp-content\\\/uploads\\\/2024\\\/10\\\/Die-kuratierte-Wanddekoration-von-Selena-Gomez-sorgt-dafuer-dass-ihre.jpg\",\"contentUrl\":\"https:\\\/\\\/www.strassenweb.de\\\/nachrichten\\\/wp-content\\\/uploads\\\/2024\\\/10\\\/Die-kuratierte-Wanddekoration-von-Selena-Gomez-sorgt-dafuer-dass-ihre.jpg\",\"width\":1200,\"height\":675,\"caption\":\"Die kuratierte Wanddekoration von Selena Gomez sorgt daf\u00fcr, dass ihre K\u00fcche eher gem\u00fctlich als klinisch wirkt \u2013 ich habe diesen Stil schon immer geliebt, aber sie macht ihn am besten\"},{\"@type\":\"BreadcrumbList\",\"@id\":\"https:\\\/\\\/www.strassenweb.de\\\/nachrichten\\\/die-kuratierte-wanddekoration-von-selena-gomez-sorgt-dafuer-dass-ihre-kueche-eher-gemuetlich-als-klinisch-wirkt-ich-habe-diesen-stil-schon-immer-geliebt-aber-sie-macht-ihn-am-besten\\\/#breadcrumb\",\"itemListElement\":[{\"@type\":\"ListItem\",\"position\":1,\"name\":\"Home\",\"item\":\"https:\\\/\\\/www.strassenweb.de\\\/nachrichten\\\/\"},{\"@type\":\"ListItem\",\"position\":2,\"name\":\"Die kuratierte Wanddekoration von Selena Gomez sorgt daf\u00fcr, dass ihre K\u00fcche eher gem\u00fctlich als klinisch wirkt \u2013 ich habe diesen Stil schon immer geliebt, aber sie macht ihn am besten\"}]},{\"@type\":\"WebSite\",\"@id\":\"https:\\\/\\\/www.strassenweb.de\\\/nachrichten\\\/#website\",\"url\":\"https:\\\/\\\/www.strassenweb.de\\\/nachrichten\\\/\",\"name\":\"Stra\u00dfenweb\",\"description\":\"Stra\u00dfenverzeichnis f\u00fcr Deutschland\",\"publisher\":{\"@id\":\"https:\\\/\\\/www.strassenweb.de\\\/nachrichten\\\/#organization\"},\"potentialAction\":[{\"@type\":\"SearchAction\",\"target\":{\"@type\":\"EntryPoint\",\"urlTemplate\":\"https:\\\/\\\/www.strassenweb.de\\\/nachrichten\\\/?s={search_term_string}\"},\"query-input\":{\"@type\":\"PropertyValueSpecification\",\"valueRequired\":true,\"valueName\":\"search_term_string\"}}],\"inLanguage\":\"de\"},{\"@type\":\"Organization\",\"@id\":\"https:\\\/\\\/www.strassenweb.de\\\/nachrichten\\\/#organization\",\"name\":\"Stra\u00dfenweb\",\"url\":\"https:\\\/\\\/www.strassenweb.de\\\/nachrichten\\\/\",\"logo\":{\"@type\":\"ImageObject\",\"inLanguage\":\"de\",\"@id\":\"https:\\\/\\\/www.strassenweb.de\\\/nachrichten\\\/#\\\/schema\\\/logo\\\/image\\\/\",\"url\":\"https:\\\/\\\/www.strassenweb.de\\\/nachrichten\\\/wp-content\\\/uploads\\\/2024\\\/09\\\/cropped-favicon.png\",\"contentUrl\":\"https:\\\/\\\/www.strassenweb.de\\\/nachrichten\\\/wp-content\\\/uploads\\\/2024\\\/09\\\/cropped-favicon.png\",\"width\":512,\"height\":512,\"caption\":\"Stra\u00dfenweb\"},\"image\":{\"@id\":\"https:\\\/\\\/www.strassenweb.de\\\/nachrichten\\\/#\\\/schema\\\/logo\\\/image\\\/\"},\"sameAs\":[\"https:\\\/\\\/www.facebook.com\\\/strassenweb\\\/\"]},{\"@type\":\"Person\",\"@id\":\"https:\\\/\\\/www.strassenweb.de\\\/nachrichten\\\/#\\\/schema\\\/person\\\/87c9c9067f1211da429a744dc5a5aa41\",\"name\":\"Robert Hoffmann\",\"image\":{\"@type\":\"ImageObject\",\"inLanguage\":\"de\",\"@id\":\"https:\\\/\\\/www.strassenweb.de\\\/nachrichten\\\/wp-content\\\/uploads\\\/2024\\\/09\\\/strassenweb-150x150.jpg\",\"url\":\"https:\\\/\\\/www.strassenweb.de\\\/nachrichten\\\/wp-content\\\/uploads\\\/2024\\\/09\\\/strassenweb-150x150.jpg\",\"contentUrl\":\"https:\\\/\\\/www.strassenweb.de\\\/nachrichten\\\/wp-content\\\/uploads\\\/2024\\\/09\\\/strassenweb-150x150.jpg\",\"caption\":\"Robert Hoffmann\"},\"description\":\"Ich hei\u00dfe Robert Hoffmann und ich bin ein leidenschaftlicher Verfechter von \u00d6kologie und Biodiversit\u00e4t. Seit meiner Kindheit in den W\u00e4ldern Bayerns f\u00fchle ich mich mit der Natur verbunden und bin entschlossen, sie zu sch\u00fctzen. Heute widme ich mein Leben der Sensibilisierung anderer f\u00fcr die Bedeutung des Umweltschutzes f\u00fcr zuk\u00fcnftige Generationen.\",\"sameAs\":[\"https:\\\/\\\/www.strassenweb.de\\\/\"]}]}<\/script>\n<!-- \/ Yoast SEO plugin. -->","yoast_head_json":{"title":"Die kuratierte Wanddekoration von Selena Gomez sorgt daf\u00fcr, dass ihre K\u00fcche eher gem\u00fctlich als klinisch wirkt \u2013 ich habe diesen Stil schon immer geliebt, aber sie macht ihn am besten - Nachrichten - Stra\u00dfenweb","robots":{"index":"index","follow":"follow","max-snippet":"max-snippet:-1","max-image-preview":"max-image-preview:large","max-video-preview":"max-video-preview:-1"},"canonical":"https:\/\/www.strassenweb.de\/nachrichten\/die-kuratierte-wanddekoration-von-selena-gomez-sorgt-dafuer-dass-ihre-kueche-eher-gemuetlich-als-klinisch-wirkt-ich-habe-diesen-stil-schon-immer-geliebt-aber-sie-macht-ihn-am-besten\/","og_locale":"de_DE","og_type":"article","og_title":"Die kuratierte Wanddekoration von Selena Gomez sorgt daf\u00fcr, dass ihre K\u00fcche eher gem\u00fctlich als klinisch wirkt \u2013 ich habe diesen Stil schon immer geliebt, aber sie macht ihn am besten - Nachrichten - Stra\u00dfenweb","og_description":"Wer sagt, dass K\u00fcchenzubeh\u00f6r absolut praktisch sein muss? Selena Gomez sicherlich nicht. W\u00e4hrend viele von uns ihre Arbeitsplatte, K\u00fccheninsel und Wandfl\u00e4che f\u00fcr das N\u00f6tigste des","og_url":"https:\/\/www.strassenweb.de\/nachrichten\/die-kuratierte-wanddekoration-von-selena-gomez-sorgt-dafuer-dass-ihre-kueche-eher-gemuetlich-als-klinisch-wirkt-ich-habe-diesen-stil-schon-immer-geliebt-aber-sie-macht-ihn-am-besten\/","og_site_name":"Stra\u00dfenweb","article_publisher":"https:\/\/www.facebook.com\/strassenweb\/","article_published_time":"2024-09-30T22:21:52+00:00","article_modified_time":"2024-09-30T22:21:54+00:00","og_image":[{"width":1200,"height":675,"url":"https:\/\/www.strassenweb.de\/nachrichten\/wp-content\/uploads\/2024\/10\/Die-kuratierte-Wanddekoration-von-Selena-Gomez-sorgt-dafuer-dass-ihre.jpg","type":"image\/jpeg"}],"author":"Robert Hoffmann","twitter_card":"summary_large_image","twitter_misc":{"Verfasst von":"Robert Hoffmann","Gesch\u00e4tzte Lesezeit":"3\u00a0Minuten"},"schema":{"@context":"https:\/\/schema.org","@graph":[{"@type":"Article","@id":"https:\/\/www.strassenweb.de\/nachrichten\/die-kuratierte-wanddekoration-von-selena-gomez-sorgt-dafuer-dass-ihre-kueche-eher-gemuetlich-als-klinisch-wirkt-ich-habe-diesen-stil-schon-immer-geliebt-aber-sie-macht-ihn-am-besten\/#article","isPartOf":{"@id":"https:\/\/www.strassenweb.de\/nachrichten\/die-kuratierte-wanddekoration-von-selena-gomez-sorgt-dafuer-dass-ihre-kueche-eher-gemuetlich-als-klinisch-wirkt-ich-habe-diesen-stil-schon-immer-geliebt-aber-sie-macht-ihn-am-besten\/"},"author":{"name":"Robert Hoffmann","@id":"https:\/\/www.strassenweb.de\/nachrichten\/#\/schema\/person\/87c9c9067f1211da429a744dc5a5aa41"},"headline":"Die kuratierte Wanddekoration von Selena Gomez sorgt daf\u00fcr, dass ihre K\u00fcche eher gem\u00fctlich als klinisch wirkt \u2013 ich habe diesen Stil schon immer geliebt, aber sie macht ihn am besten","datePublished":"2024-09-30T22:21:52+00:00","dateModified":"2024-09-30T22:21:54+00:00","mainEntityOfPage":{"@id":"https:\/\/www.strassenweb.de\/nachrichten\/die-kuratierte-wanddekoration-von-selena-gomez-sorgt-dafuer-dass-ihre-kueche-eher-gemuetlich-als-klinisch-wirkt-ich-habe-diesen-stil-schon-immer-geliebt-aber-sie-macht-ihn-am-besten\/"},"wordCount":695,"publisher":{"@id":"https:\/\/www.strassenweb.de\/nachrichten\/#organization"},"image":{"@id":"https:\/\/www.strassenweb.de\/nachrichten\/die-kuratierte-wanddekoration-von-selena-gomez-sorgt-dafuer-dass-ihre-kueche-eher-gemuetlich-als-klinisch-wirkt-ich-habe-diesen-stil-schon-immer-geliebt-aber-sie-macht-ihn-am-besten\/#primaryimage"},"thumbnailUrl":"https:\/\/www.strassenweb.de\/nachrichten\/wp-content\/uploads\/2024\/10\/Die-kuratierte-Wanddekoration-von-Selena-Gomez-sorgt-dafuer-dass-ihre.jpg","keywords":["aber","als","besten","daf\u00fcr","dass","die","diesen","eher","geliebt","gem\u00fctlich","Gomez","habe","ich","ihn","ihre","immer","klinisch","K\u00fcche","kuratierte","macht","schon","Selena","Sie","sorgt","Stil","von","Wanddekoration","wirkt"],"articleSection":["Haus &amp; Garten"],"inLanguage":"de"},{"@type":"WebPage","@id":"https:\/\/www.strassenweb.de\/nachrichten\/die-kuratierte-wanddekoration-von-selena-gomez-sorgt-dafuer-dass-ihre-kueche-eher-gemuetlich-als-klinisch-wirkt-ich-habe-diesen-stil-schon-immer-geliebt-aber-sie-macht-ihn-am-besten\/","url":"https:\/\/www.strassenweb.de\/nachrichten\/die-kuratierte-wanddekoration-von-selena-gomez-sorgt-dafuer-dass-ihre-kueche-eher-gemuetlich-als-klinisch-wirkt-ich-habe-diesen-stil-schon-immer-geliebt-aber-sie-macht-ihn-am-besten\/","name":"Die kuratierte Wanddekoration von Selena Gomez sorgt daf\u00fcr, dass ihre K\u00fcche eher gem\u00fctlich als klinisch wirkt \u2013 ich habe diesen Stil schon immer geliebt, aber sie macht ihn am besten - Nachrichten - Stra\u00dfenweb","isPartOf":{"@id":"https:\/\/www.strassenweb.de\/nachrichten\/#website"},"primaryImageOfPage":{"@id":"https:\/\/www.strassenweb.de\/nachrichten\/die-kuratierte-wanddekoration-von-selena-gomez-sorgt-dafuer-dass-ihre-kueche-eher-gemuetlich-als-klinisch-wirkt-ich-habe-diesen-stil-schon-immer-geliebt-aber-sie-macht-ihn-am-besten\/#primaryimage"},"image":{"@id":"https:\/\/www.strassenweb.de\/nachrichten\/die-kuratierte-wanddekoration-von-selena-gomez-sorgt-dafuer-dass-ihre-kueche-eher-gemuetlich-als-klinisch-wirkt-ich-habe-diesen-stil-schon-immer-geliebt-aber-sie-macht-ihn-am-besten\/#primaryimage"},"thumbnailUrl":"https:\/\/www.strassenweb.de\/nachrichten\/wp-content\/uploads\/2024\/10\/Die-kuratierte-Wanddekoration-von-Selena-Gomez-sorgt-dafuer-dass-ihre.jpg","datePublished":"2024-09-30T22:21:52+00:00","dateModified":"2024-09-30T22:21:54+00:00","breadcrumb":{"@id":"https:\/\/www.strassenweb.de\/nachrichten\/die-kuratierte-wanddekoration-von-selena-gomez-sorgt-dafuer-dass-ihre-kueche-eher-gemuetlich-als-klinisch-wirkt-ich-habe-diesen-stil-schon-immer-geliebt-aber-sie-macht-ihn-am-besten\/#breadcrumb"},"inLanguage":"de","potentialAction":[{"@type":"ReadAction","target":["https:\/\/www.strassenweb.de\/nachrichten\/die-kuratierte-wanddekoration-von-selena-gomez-sorgt-dafuer-dass-ihre-kueche-eher-gemuetlich-als-klinisch-wirkt-ich-habe-diesen-stil-schon-immer-geliebt-aber-sie-macht-ihn-am-besten\/"]}]},{"@type":"ImageObject","inLanguage":"de","@id":"https:\/\/www.strassenweb.de\/nachrichten\/die-kuratierte-wanddekoration-von-selena-gomez-sorgt-dafuer-dass-ihre-kueche-eher-gemuetlich-als-klinisch-wirkt-ich-habe-diesen-stil-schon-immer-geliebt-aber-sie-macht-ihn-am-besten\/#primaryimage","url":"https:\/\/www.strassenweb.de\/nachrichten\/wp-content\/uploads\/2024\/10\/Die-kuratierte-Wanddekoration-von-Selena-Gomez-sorgt-dafuer-dass-ihre.jpg","contentUrl":"https:\/\/www.strassenweb.de\/nachrichten\/wp-content\/uploads\/2024\/10\/Die-kuratierte-Wanddekoration-von-Selena-Gomez-sorgt-dafuer-dass-ihre.jpg","width":1200,"height":675,"caption":"Die kuratierte Wanddekoration von Selena Gomez sorgt daf\u00fcr, dass ihre K\u00fcche eher gem\u00fctlich als klinisch wirkt \u2013 ich habe diesen Stil schon immer geliebt, aber sie macht ihn am besten"},{"@type":"BreadcrumbList","@id":"https:\/\/www.strassenweb.de\/nachrichten\/die-kuratierte-wanddekoration-von-selena-gomez-sorgt-dafuer-dass-ihre-kueche-eher-gemuetlich-als-klinisch-wirkt-ich-habe-diesen-stil-schon-immer-geliebt-aber-sie-macht-ihn-am-besten\/#breadcrumb","itemListElement":[{"@type":"ListItem","position":1,"name":"Home","item":"https:\/\/www.strassenweb.de\/nachrichten\/"},{"@type":"ListItem","position":2,"name":"Die kuratierte Wanddekoration von Selena Gomez sorgt daf\u00fcr, dass ihre K\u00fcche eher gem\u00fctlich als klinisch wirkt \u2013 ich habe diesen Stil schon immer geliebt, aber sie macht ihn am besten"}]},{"@type":"WebSite","@id":"https:\/\/www.strassenweb.de\/nachrichten\/#website","url":"https:\/\/www.strassenweb.de\/nachrichten\/","name":"Stra\u00dfenweb","description":"Stra\u00dfenverzeichnis f\u00fcr Deutschland","publisher":{"@id":"https:\/\/www.strassenweb.de\/nachrichten\/#organization"},"potentialAction":[{"@type":"SearchAction","target":{"@type":"EntryPoint","urlTemplate":"https:\/\/www.strassenweb.de\/nachrichten\/?s={search_term_string}"},"query-input":{"@type":"PropertyValueSpecification","valueRequired":true,"valueName":"search_term_string"}}],"inLanguage":"de"},{"@type":"Organization","@id":"https:\/\/www.strassenweb.de\/nachrichten\/#organization","name":"Stra\u00dfenweb","url":"https:\/\/www.strassenweb.de\/nachrichten\/","logo":{"@type":"ImageObject","inLanguage":"de","@id":"https:\/\/www.strassenweb.de\/nachrichten\/#\/schema\/logo\/image\/","url":"https:\/\/www.strassenweb.de\/nachrichten\/wp-content\/uploads\/2024\/09\/cropped-favicon.png","contentUrl":"https:\/\/www.strassenweb.de\/nachrichten\/wp-content\/uploads\/2024\/09\/cropped-favicon.png","width":512,"height":512,"caption":"Stra\u00dfenweb"},"image":{"@id":"https:\/\/www.strassenweb.de\/nachrichten\/#\/schema\/logo\/image\/"},"sameAs":["https:\/\/www.facebook.com\/strassenweb\/"]},{"@type":"Person","@id":"https:\/\/www.strassenweb.de\/nachrichten\/#\/schema\/person\/87c9c9067f1211da429a744dc5a5aa41","name":"Robert Hoffmann","image":{"@type":"ImageObject","inLanguage":"de","@id":"https:\/\/www.strassenweb.de\/nachrichten\/wp-content\/uploads\/2024\/09\/strassenweb-150x150.jpg","url":"https:\/\/www.strassenweb.de\/nachrichten\/wp-content\/uploads\/2024\/09\/strassenweb-150x150.jpg","contentUrl":"https:\/\/www.strassenweb.de\/nachrichten\/wp-content\/uploads\/2024\/09\/strassenweb-150x150.jpg","caption":"Robert Hoffmann"},"description":"Ich hei\u00dfe Robert Hoffmann und ich bin ein leidenschaftlicher Verfechter von \u00d6kologie und Biodiversit\u00e4t. Seit meiner Kindheit in den W\u00e4ldern Bayerns f\u00fchle ich mich mit der Natur verbunden und bin entschlossen, sie zu sch\u00fctzen. Heute widme ich mein Leben der Sensibilisierung anderer f\u00fcr die Bedeutung des Umweltschutzes f\u00fcr zuk\u00fcnftige Generationen.","sameAs":["https:\/\/www.strassenweb.de\/"]}]}},"_links":{"self":[{"href":"https:\/\/www.strassenweb.de\/nachrichten\/wp-json\/wp\/v2\/posts\/463","targetHints":{"allow":["GET"]}}],"collection":[{"href":"https:\/\/www.strassenweb.de\/nachrichten\/wp-json\/wp\/v2\/posts"}],"about":[{"href":"https:\/\/www.strassenweb.de\/nachrichten\/wp-json\/wp\/v2\/types\/post"}],"author":[{"embeddable":true,"href":"https:\/\/www.strassenweb.de\/nachrichten\/wp-json\/wp\/v2\/users\/1"}],"replies":[{"embeddable":true,"href":"https:\/\/www.strassenweb.de\/nachrichten\/wp-json\/wp\/v2\/comments?post=463"}],"version-history":[{"count":0,"href":"https:\/\/www.strassenweb.de\/nachrichten\/wp-json\/wp\/v2\/posts\/463\/revisions"}],"wp:featuredmedia":[{"embeddable":true,"href":"https:\/\/www.strassenweb.de\/nachrichten\/wp-json\/wp\/v2\/media\/464"}],"wp:attachment":[{"href":"https:\/\/www.strassenweb.de\/nachrichten\/wp-json\/wp\/v2\/media?parent=463"}],"wp:term":[{"taxonomy":"category","embeddable":true,"href":"https:\/\/www.strassenweb.de\/nachrichten\/wp-json\/wp\/v2\/categories?post=463"},{"taxonomy":"post_tag","embeddable":true,"href":"https:\/\/www.strassenweb.de\/nachrichten\/wp-json\/wp\/v2\/tags?post=463"}],"curies":[{"name":"wp","href":"https:\/\/api.w.org\/{rel}","templated":true}]}}