{"id":4604,"date":"2025-04-21T20:39:16","date_gmt":"2025-04-21T18:39:16","guid":{"rendered":"https:\/\/www.strassenweb.de\/nachrichten\/ich-dachte-ich-hasste-grau-aber-diese-eine-farbe-hat-meine-meinung-veraendert-und-jetzt-benutze-ich-sie-ueberall-in-meinem-haus\/"},"modified":"2025-04-21T20:39:17","modified_gmt":"2025-04-21T18:39:17","slug":"ich-dachte-ich-hasste-grau-aber-diese-eine-farbe-hat-meine-meinung-veraendert-und-jetzt-benutze-ich-sie-ueberall-in-meinem-haus","status":"publish","type":"post","link":"https:\/\/www.strassenweb.de\/nachrichten\/ich-dachte-ich-hasste-grau-aber-diese-eine-farbe-hat-meine-meinung-veraendert-und-jetzt-benutze-ich-sie-ueberall-in-meinem-haus\/","title":{"rendered":"Ich dachte, ich hasste Grau, aber diese eine Farbe hat meine Meinung ver\u00e4ndert und jetzt benutze ich sie \u00fcberall in meinem Haus"},"content":{"rendered":"<p><\/p>\n<div id=\"article-body\" class=\"article__body \">\n<p>Ich habe jahrelang graue Farbe abschworen und bin ein selbstbekannter grauer Skeptiker. Aber dann entdeckte ich die Farrow &#038; Ball -Pigeon, und es bewies mich auf die beste Weise, und pl\u00f6tzlich machte Grey Sinn.<\/p>\n<div id=\"ad-unit-1\" class=\"ad-unit\"><\/div>\n<p>Es gibt Zeiten, in denen <u>Dekorieren mit Grau<\/u> Kann absolut schick sein, und es gibt einige R\u00e4ume, die einfach niemals grau gestrichen werden sollten. Die beste graue Farbe sollte sich eher friedlich und ged\u00e4mpft f\u00fchlen und nicht d\u00fcster und klinisch. Ersterer ist eine gro\u00dfe Ordnung, da so viele zeitgen\u00f6ssische Farbt\u00f6ne einfach nicht liefern k\u00f6nnen.<\/p>\n<p>Aber hier leuchtete ich ein Licht auf die graue Farbe, die meine Meinung zu Grau ver\u00e4nderte und wie und warum Farrow &#038; Ball -Pigeon zu einem wichtigen Teil jedes Zimmers in meinem Haus geworden ist.<\/p>\n<aside data-component-name=\"Recirculation:ArticleRiver\" data-nosnippet>\n<span class=\"bg-secondary-500 text-secondary-50 text-lg font-bold uppercase py-1 px-2 leading-(1.625rem) sm:leading-(6px) sm:text-sm\"><\/p>\n<p>Sie m\u00f6gen m\u00f6gen<br \/>\n<\/span><\/p>\n<ul class=\"flex flex-col mt-3 list-outside ms-5 bg-none\" data-analytics-id=\"more-about-inline\">\n<li class=\"m-0 mb-2\" name=\"more-about-inline\" data-analytics-id=\"more-about-inline-0\">\n<p>Dieser Farbtrend von 00s 00s lie\u00df Jennifer Aniston, Vanessa Hudgens und Meg Ryans Dekor so schick aussehen &#8211; und es hat mich dazu gebracht, es selbst zu \u00fcberdenken<\/p>\n<\/li>\n<li class=\"m-0 mb-2\" name=\"more-about-inline\" data-analytics-id=\"more-about-inline-1\">\n<p>Dieser Innenarchitekt schw\u00f6rt auf diese beliebten Farben, die &#8222;Eleganz in jeden Raum&#8220; bringen &#8211; zwei Farbt\u00f6ne, \u00fcber die man f\u00fcr ein raffiniertes Zuhause wissen kann<\/p>\n<\/li>\n<\/ul>\n<\/aside>\n<figure class=\"van-image-figure inline-layout \" data-bordeaux-image-check>\n<div class=\"image-full-width-wrapper\">\n<div class=\"image-widthsetter\" style=\"max-width:2000px;\"><\/div>\n<\/div>\n<\/figure>\n<p>Graue Farbe und ich haben noch nie Augen zu Auge gesehen. Ich habe es noch nie gemocht und es immer als der gro\u00dfartige Design -Cop gesehen.<\/p>\n<div class=\"van_vid_carousel\">\n<div class=\"van_vid_carousel__padding\">\n<div class=\"van_vid_carousel__container\"><\/div>\n<\/div>\n<\/div>\n<aside class=\"hawk-base\" data-block-type=\"embed\" data-render-type=\"fte\" data-skip=\"dealsy\" data-widget-type=\"seasonal\">\n<div class=\"hawk-master-widget-hawk-base-wrapper\"><\/div>\n<\/aside>\n<p>Wir sprechen nicht von einer ungezwungenen Abneigung, sondern \u00fcber eine vollst\u00e4ndige Ablehnung seiner kalten, standardm\u00e4\u00dfigen Allgegenwart in modernen Innenr\u00e4umen. Seit Jahren wird es als sichere, raffinierte Wahl getarnt und W\u00e4nde in einem, was ich nur als trostlosen Nebel betrachten kann, bedeckt. Meiner Meinung nach tadelt es R\u00e4ume, flacht den Charakter und signalisiert eher die Angst vor Farbe als eine Beherrschung.<\/p>\n<div id=\"ad-unit-2\" class=\"ad-unit\"><\/div>\n<p>Und doch &#8211; doch &#8211; gibt es in meinem Haus eine Ausnahme. Ein grauer Farbton toleriere nicht nur, sondern auch bereitwillig: Farrow &#038; Ball -Taube. In einem Meer von \u00fcberw\u00e4ltigenden Graut\u00f6nen ist Tauben die seltene, die einen Raum ohne die schwere Sterilit\u00e4t von Standardgraut\u00f6nen erh\u00f6ht.<\/p>\n<figure class=\"van-image-figure inline-layout \" data-bordeaux-image-check>\n<div class=\"image-full-width-wrapper\">\n<div class=\"image-widthsetter\" style=\"max-width:2000px;\"><\/div>\n<\/div>\n<\/figure>\n<p>Also, was macht Farrow &#038; Ball -Taube so besonders? Taube ist kein zeitgen\u00f6ssisches Grau. Es ist ein graugr\u00fcner mit einem blauen Unterton und f\u00fchlt sich sehr wie eine Farbe mit Erbe an. Die meisten grauen Farben lehnen sich zu stark auf dem k\u00fchlen Blau oder der stimmungsbraunen Seite, sodass sie sich entweder zu eiskalt und unerw\u00fcnscht oder zu trist und deprimierend f\u00fchlen. Kein tolles Rezept, um sich zu Hause gl\u00fccklicher zu f\u00fchlen.<\/p>\n<p>Pigeon gleicht jedoch sowohl Gr\u00fcn als auch Blau auf eine Weise aus, die ihm eine fast rauchige Qualit\u00e4t verleiht. Die gr\u00fcnen Untert\u00f6ne f\u00fcgen eine erdige, Erdungsqualit\u00e4t hinzu, die zu oft fehlt. Es f\u00fchlt sich nat\u00fcrlicher und lebendiger an als die flachen Graut\u00f6ne, die ich in so vielen Innenr\u00e4umen sehe. Die blauen Untert\u00f6ne f\u00fchlen sich frisch, frech und nicht zu schlammig an, so dass es keinen Platz abweist.<\/p>\n<figure class=\"van-image-figure inline-layout \" data-bordeaux-image-check>\n<div class=\"image-full-width-wrapper\">\n<div class=\"image-widthsetter\" style=\"max-width:2000px;\"><\/div>\n<\/div>\n<\/figure>\n<p>&#8222;Etwas st\u00e4rker als das blaugraue Geschwister, funktioniert es in einem Raum nach Westen, in dem der Nachmittag und das Abendlicht eine komplexe Weichheit verleihen&#8220;, erkl\u00e4rt Patrick O&#8217;Donnell, Markenbotschafter bei Farrow &#038; Ball. &#8222;Es sorgt f\u00fcr eine gro\u00dfartige \u00e4u\u00dfere Holzfarbe und f\u00fchlt sich ein bisschen zeitgem\u00e4\u00dfer an als der klassische &#8218;Sage&#8216;, der oft herum sieht.&#8220;<\/p>\n<p>Obwohl es in modernen Innenr\u00e4umen gut funktioniert, hat es den Charakter einer historischen Farbe. Die Art von Farbe, die Sie in Holzarbeiten in einem englischen Landhaus aus dem 18. Jahrhundert oder in der Speisekammer in einem georgischen Stadthaus finden w\u00fcrden. Es gibt nicht vor, eine zeitgen\u00f6ssische neutrale Farbe zu sein, sie basiert auf der Tradition, und genau deshalb f\u00fchlt es sich wie eine so zeitlose Farbe an.<\/p>\n<figure class=\"van-image-figure inline-layout \" data-bordeaux-image-check>\n<div class=\"image-full-width-wrapper\">\n<div class=\"image-widthsetter\" style=\"max-width:2000px;\"><\/div>\n<\/div>\n<\/figure>\n<p>Wenn Freunde und Familie mich fragen, welche graue Farbe ich empfehle, falke ich \u00fcber mich selbst, um sie zu dr\u00e4ngen, Tauben zu benutzen, eine meiner Lieblingsfarben f\u00fcr Farrow &#038; Ball. Ich schlage es oft noch vor, bevor ich den Raum, den sie malen m\u00f6chten, gesehen habe, vor allem, weil es ein gro\u00dfartiger Performer ist und praktisch risikofrei ist.<\/p>\n<p>Seine Reaktion auf Licht ist etwas nahezu Magie. Abh\u00e4ngig vom nat\u00fcrlichen Licht, das ihm zur Verf\u00fcgung steht, ist es kaum zu glauben, dass es die gleiche Farbe hat. In einem sonnenverw\u00f6hnten Raum lautet es als weiche und beruhigende hellblaue Farbe mit raffinierten Grauz\u00fcgen. Am Abend oder Zimmer mit einem Mangel an nat\u00fcrlichem Licht treten die gr\u00fcnen Untert\u00f6ne vor und verleihen dem Raum ein warmes, gem\u00fctliches Gef\u00fchl, das Kokonieren und beruhigend ist, aber es gibt nie das Gef\u00fchl, dass sich die W\u00e4nde an Ihnen anschlie\u00dfen, wie ich es so viele Grauen finde.<\/p>\n<figure class=\"van-image-figure inline-layout \" data-bordeaux-image-check>\n<div class=\"image-full-width-wrapper\">\n<div class=\"image-widthsetter\" style=\"max-width:2000px;\"><\/div>\n<\/div>\n<\/figure>\n<p>Eines der besten Dinge an Tauben ist das Anwendungsbereich. Ich habe es an mehreren Stellen in meinem Haus benutzt, ja, die Person, die Gray immer als Nichtfarbe entlassen hat, und in jedem Fall hat es au\u00dfergew\u00f6hnlich gut abgeschnitten.<\/p>\n<p>In meinem Landhaus habe ich es in der Verkleidung in meinem Stiefelraum verwendet, es sitzt perfekt gegen den Naturstein und das gealterte Holz. Ich habe es auch an meinen Karteiger\u00e4ern verwendet, nachdem ich geschworen hatte, nie eine graue Farbe in der N\u00e4he einer K\u00fcche zu nehmen. Es ist die eine graue Farbe, die mich nicht in die Temperatur versetzt, und es bringt etwas Zur\u00fcckhaltung und Ordnung in meine K\u00fcche.<\/p>\n<p>Ich habe es auch ausgiebig f\u00fcr Holzarbeiten verwendet &#8211; T\u00fcrrahmen, Fu\u00dfleisten, Verkleidungen, und es hat sich als solide Wahl erwiesen, um einen Ton hinzuzuf\u00fcgen, ohne zu viel Kontrast zu f\u00fchren. Wenn Sie jemals auf der Suche nach traditionellen Farbideen sind, ist dies sicherlich eine Farbe, die ich zu Ihrer Palette empfehle.<\/p>\n<figure class=\"van-image-figure inline-layout \" data-bordeaux-image-check>\n<div class=\"image-full-width-wrapper\">\n<div class=\"image-widthsetter\" style=\"max-width:2000px;\"><\/div>\n<\/div>\n<\/figure>\n<p>In meiner Stadtwohnung, in der Skala und Licht begrenzter sind, verwende ich Tauben in kleineren Dosen. Es h\u00e4lt bei schlechten Lichtverh\u00e4ltnissen und wird niemals zu einem Stahlgrau, obwohl mein Raum den dramatischsten Lichtver\u00e4nderungen ausgesetzt ist. In einem Moment ist es in Sonnenschein get\u00e4tigt, der n\u00e4chste in d\u00fcstere Wolke erstickt, aber Taube ist Cham\u00e4leon-\u00e4hnlich und ver\u00e4ndert im Laufe des Tages die Pers\u00f6nlichkeit. Sein Name &#8218;Pigeon&#8216; macht hier Sinn, er passt zu dieser Stadt, insbesondere in diesen ruhigeren, st\u00e4dtischen Ecken.<\/p>\n<h2 id=\"bring-this-color-into-your-home-in-smaller-accents-3\">Bringen Sie diese Farbe in kleineren Akzenten in Ihr Zuhause in Ihr Zuhause <\/h2>\n<p>Es versteht sich von selbst, dass es unm\u00f6glich ist, diese genaue einzigartige Farbe in Ihr Zuhause zu bringen, ohne Farrow &#038; Ball Paint zu verwenden, aber wenn Sie den Look lieben, aber nicht darum gehen m\u00f6chten, Farbwalzen an die Wand zu bringen, f\u00fcgen Sie ein paar dekorative Details in einer \u00e4hnlichen Farbfamilie hinzu. Hier sind einige Top -Picks.<\/p>\n<div class=\"product-container hero-product-container product-block-no-wrap\"><\/div>\n<hr>\n<p>Meiner Meinung nach ist es kaum Punkt, viel Zeit und Geld in M\u00f6bel zu investieren und sich \u00fcber kleine dekorative Akzente zu machen, wenn die Farben im Raum gegen Sie k\u00e4mpfen. Um einen zeitlosen und schicken Look zu erzielen, suchen Sie m\u00f6glicherweise nach der perfekten grauen Farbe, und Sie hofft, wie ich vielleicht einen zu finden, der Ihnen kein Gef\u00fchl f\u00fcr saisonale Depressionen vermittelt.<\/p>\n<p>Mein Rat? Klassiker bis zeitgen\u00f6ssisch, in der Stadt oder in der Landschaft, wenn es eine graue Farbe gibt, die Sie in meiner Sicht betrachten sollten, nimmt Tauben den Keks.<\/p>\n<\/div>\n","protected":false},"excerpt":{"rendered":"<p>Ich habe jahrelang graue Farbe abschworen und bin ein selbstbekannter grauer Skeptiker. Aber dann entdeckte ich die Farrow &#038; Ball -Pigeon, und es bewies mich<\/p>\n","protected":false},"author":1,"featured_media":4605,"comment_status":"closed","ping_status":"","sticky":false,"template":"","format":"standard","meta":{"footnotes":""},"categories":[118],"tags":[357,6376,174,143,74,1202,2251,5984,189,125,129,1272,1054,1860,3369,165,2516,37,837],"class_list":["post-4604","post","type-post","status-publish","format-standard","has-post-thumbnail","hentry","category-haus-garten","tag-aber","tag-benutze","tag-dachte","tag-diese","tag-eine","tag-farbe","tag-grau","tag-hasste","tag-hat","tag-haus","tag-ich","tag-jetzt","tag-meine","tag-meinem","tag-meinung","tag-sie","tag-ueberall","tag-und","tag-veraendert","generate-columns","tablet-grid-50","mobile-grid-100","grid-parent","grid-50"],"yoast_head":"<!-- This site is optimized with the Yoast SEO plugin v27.3 - https:\/\/yoast.com\/product\/yoast-seo-wordpress\/ -->\n<title>Ich dachte, ich hasste Grau, aber diese eine Farbe hat meine Meinung ver\u00e4ndert und jetzt benutze ich sie \u00fcberall in meinem Haus - Nachrichten - Stra\u00dfenweb<\/title>\n<meta name=\"robots\" content=\"index, follow, max-snippet:-1, max-image-preview:large, max-video-preview:-1\" \/>\n<link rel=\"canonical\" href=\"https:\/\/www.strassenweb.de\/nachrichten\/ich-dachte-ich-hasste-grau-aber-diese-eine-farbe-hat-meine-meinung-veraendert-und-jetzt-benutze-ich-sie-ueberall-in-meinem-haus\/\" \/>\n<meta property=\"og:locale\" content=\"de_DE\" \/>\n<meta property=\"og:type\" content=\"article\" \/>\n<meta property=\"og:title\" content=\"Ich dachte, ich hasste Grau, aber diese eine Farbe hat meine Meinung ver\u00e4ndert und jetzt benutze ich sie \u00fcberall in meinem Haus - Nachrichten - Stra\u00dfenweb\" \/>\n<meta property=\"og:description\" content=\"Ich habe jahrelang graue Farbe abschworen und bin ein selbstbekannter grauer Skeptiker. Aber dann entdeckte ich die Farrow &#038; Ball -Pigeon, und es bewies mich\" \/>\n<meta property=\"og:url\" content=\"https:\/\/www.strassenweb.de\/nachrichten\/ich-dachte-ich-hasste-grau-aber-diese-eine-farbe-hat-meine-meinung-veraendert-und-jetzt-benutze-ich-sie-ueberall-in-meinem-haus\/\" \/>\n<meta property=\"og:site_name\" content=\"Stra\u00dfenweb\" \/>\n<meta property=\"article:publisher\" content=\"https:\/\/www.facebook.com\/strassenweb\/\" \/>\n<meta property=\"article:published_time\" content=\"2025-04-21T18:39:16+00:00\" \/>\n<meta property=\"article:modified_time\" content=\"2025-04-21T18:39:17+00:00\" \/>\n<meta property=\"og:image\" content=\"https:\/\/www.strassenweb.de\/nachrichten\/wp-content\/uploads\/2025\/04\/EW5eJPMq37NvmDonMLo7BY.jpg\" \/>\n\t<meta property=\"og:image:width\" content=\"1920\" \/>\n\t<meta property=\"og:image:height\" content=\"1080\" \/>\n\t<meta property=\"og:image:type\" content=\"image\/jpeg\" \/>\n<meta name=\"author\" content=\"Robert Hoffmann\" \/>\n<meta name=\"twitter:card\" content=\"summary_large_image\" \/>\n<meta name=\"twitter:label1\" content=\"Verfasst von\" \/>\n\t<meta name=\"twitter:data1\" content=\"Robert Hoffmann\" \/>\n\t<meta name=\"twitter:label2\" content=\"Gesch\u00e4tzte Lesezeit\" \/>\n\t<meta name=\"twitter:data2\" content=\"6\u00a0Minuten\" \/>\n<script type=\"application\/ld+json\" class=\"yoast-schema-graph\">{\"@context\":\"https:\\\/\\\/schema.org\",\"@graph\":[{\"@type\":\"Article\",\"@id\":\"https:\\\/\\\/www.strassenweb.de\\\/nachrichten\\\/ich-dachte-ich-hasste-grau-aber-diese-eine-farbe-hat-meine-meinung-veraendert-und-jetzt-benutze-ich-sie-ueberall-in-meinem-haus\\\/#article\",\"isPartOf\":{\"@id\":\"https:\\\/\\\/www.strassenweb.de\\\/nachrichten\\\/ich-dachte-ich-hasste-grau-aber-diese-eine-farbe-hat-meine-meinung-veraendert-und-jetzt-benutze-ich-sie-ueberall-in-meinem-haus\\\/\"},\"author\":{\"name\":\"Robert Hoffmann\",\"@id\":\"https:\\\/\\\/www.strassenweb.de\\\/nachrichten\\\/#\\\/schema\\\/person\\\/87c9c9067f1211da429a744dc5a5aa41\"},\"headline\":\"Ich dachte, ich hasste Grau, aber diese eine Farbe hat meine Meinung ver\u00e4ndert und jetzt benutze ich sie \u00fcberall in meinem Haus\",\"datePublished\":\"2025-04-21T18:39:16+00:00\",\"dateModified\":\"2025-04-21T18:39:17+00:00\",\"mainEntityOfPage\":{\"@id\":\"https:\\\/\\\/www.strassenweb.de\\\/nachrichten\\\/ich-dachte-ich-hasste-grau-aber-diese-eine-farbe-hat-meine-meinung-veraendert-und-jetzt-benutze-ich-sie-ueberall-in-meinem-haus\\\/\"},\"wordCount\":1241,\"publisher\":{\"@id\":\"https:\\\/\\\/www.strassenweb.de\\\/nachrichten\\\/#organization\"},\"image\":{\"@id\":\"https:\\\/\\\/www.strassenweb.de\\\/nachrichten\\\/ich-dachte-ich-hasste-grau-aber-diese-eine-farbe-hat-meine-meinung-veraendert-und-jetzt-benutze-ich-sie-ueberall-in-meinem-haus\\\/#primaryimage\"},\"thumbnailUrl\":\"https:\\\/\\\/www.strassenweb.de\\\/nachrichten\\\/wp-content\\\/uploads\\\/2025\\\/04\\\/EW5eJPMq37NvmDonMLo7BY.jpg\",\"keywords\":[\"aber\",\"benutze\",\"dachte\",\"diese\",\"eine\",\"Farbe\",\"Grau\",\"hasste\",\"hat\",\"Haus\",\"ich\",\"jetzt\",\"meine\",\"meinem\",\"Meinung\",\"Sie\",\"\u00fcberall\",\"und\",\"ver\u00e4ndert\"],\"articleSection\":[\"Haus &amp; Garten\"],\"inLanguage\":\"de\"},{\"@type\":\"WebPage\",\"@id\":\"https:\\\/\\\/www.strassenweb.de\\\/nachrichten\\\/ich-dachte-ich-hasste-grau-aber-diese-eine-farbe-hat-meine-meinung-veraendert-und-jetzt-benutze-ich-sie-ueberall-in-meinem-haus\\\/\",\"url\":\"https:\\\/\\\/www.strassenweb.de\\\/nachrichten\\\/ich-dachte-ich-hasste-grau-aber-diese-eine-farbe-hat-meine-meinung-veraendert-und-jetzt-benutze-ich-sie-ueberall-in-meinem-haus\\\/\",\"name\":\"Ich dachte, ich hasste Grau, aber diese eine Farbe hat meine Meinung ver\u00e4ndert und jetzt benutze ich sie \u00fcberall in meinem Haus - Nachrichten - Stra\u00dfenweb\",\"isPartOf\":{\"@id\":\"https:\\\/\\\/www.strassenweb.de\\\/nachrichten\\\/#website\"},\"primaryImageOfPage\":{\"@id\":\"https:\\\/\\\/www.strassenweb.de\\\/nachrichten\\\/ich-dachte-ich-hasste-grau-aber-diese-eine-farbe-hat-meine-meinung-veraendert-und-jetzt-benutze-ich-sie-ueberall-in-meinem-haus\\\/#primaryimage\"},\"image\":{\"@id\":\"https:\\\/\\\/www.strassenweb.de\\\/nachrichten\\\/ich-dachte-ich-hasste-grau-aber-diese-eine-farbe-hat-meine-meinung-veraendert-und-jetzt-benutze-ich-sie-ueberall-in-meinem-haus\\\/#primaryimage\"},\"thumbnailUrl\":\"https:\\\/\\\/www.strassenweb.de\\\/nachrichten\\\/wp-content\\\/uploads\\\/2025\\\/04\\\/EW5eJPMq37NvmDonMLo7BY.jpg\",\"datePublished\":\"2025-04-21T18:39:16+00:00\",\"dateModified\":\"2025-04-21T18:39:17+00:00\",\"breadcrumb\":{\"@id\":\"https:\\\/\\\/www.strassenweb.de\\\/nachrichten\\\/ich-dachte-ich-hasste-grau-aber-diese-eine-farbe-hat-meine-meinung-veraendert-und-jetzt-benutze-ich-sie-ueberall-in-meinem-haus\\\/#breadcrumb\"},\"inLanguage\":\"de\",\"potentialAction\":[{\"@type\":\"ReadAction\",\"target\":[\"https:\\\/\\\/www.strassenweb.de\\\/nachrichten\\\/ich-dachte-ich-hasste-grau-aber-diese-eine-farbe-hat-meine-meinung-veraendert-und-jetzt-benutze-ich-sie-ueberall-in-meinem-haus\\\/\"]}]},{\"@type\":\"ImageObject\",\"inLanguage\":\"de\",\"@id\":\"https:\\\/\\\/www.strassenweb.de\\\/nachrichten\\\/ich-dachte-ich-hasste-grau-aber-diese-eine-farbe-hat-meine-meinung-veraendert-und-jetzt-benutze-ich-sie-ueberall-in-meinem-haus\\\/#primaryimage\",\"url\":\"https:\\\/\\\/www.strassenweb.de\\\/nachrichten\\\/wp-content\\\/uploads\\\/2025\\\/04\\\/EW5eJPMq37NvmDonMLo7BY.jpg\",\"contentUrl\":\"https:\\\/\\\/www.strassenweb.de\\\/nachrichten\\\/wp-content\\\/uploads\\\/2025\\\/04\\\/EW5eJPMq37NvmDonMLo7BY.jpg\",\"width\":1920,\"height\":1080,\"caption\":\"A traditional sitting room with gray walls\"},{\"@type\":\"BreadcrumbList\",\"@id\":\"https:\\\/\\\/www.strassenweb.de\\\/nachrichten\\\/ich-dachte-ich-hasste-grau-aber-diese-eine-farbe-hat-meine-meinung-veraendert-und-jetzt-benutze-ich-sie-ueberall-in-meinem-haus\\\/#breadcrumb\",\"itemListElement\":[{\"@type\":\"ListItem\",\"position\":1,\"name\":\"Home\",\"item\":\"https:\\\/\\\/www.strassenweb.de\\\/nachrichten\\\/\"},{\"@type\":\"ListItem\",\"position\":2,\"name\":\"Ich dachte, ich hasste Grau, aber diese eine Farbe hat meine Meinung ver\u00e4ndert und jetzt benutze ich sie \u00fcberall in meinem Haus\"}]},{\"@type\":\"WebSite\",\"@id\":\"https:\\\/\\\/www.strassenweb.de\\\/nachrichten\\\/#website\",\"url\":\"https:\\\/\\\/www.strassenweb.de\\\/nachrichten\\\/\",\"name\":\"Stra\u00dfenweb\",\"description\":\"Stra\u00dfenverzeichnis f\u00fcr Deutschland\",\"publisher\":{\"@id\":\"https:\\\/\\\/www.strassenweb.de\\\/nachrichten\\\/#organization\"},\"potentialAction\":[{\"@type\":\"SearchAction\",\"target\":{\"@type\":\"EntryPoint\",\"urlTemplate\":\"https:\\\/\\\/www.strassenweb.de\\\/nachrichten\\\/?s={search_term_string}\"},\"query-input\":{\"@type\":\"PropertyValueSpecification\",\"valueRequired\":true,\"valueName\":\"search_term_string\"}}],\"inLanguage\":\"de\"},{\"@type\":\"Organization\",\"@id\":\"https:\\\/\\\/www.strassenweb.de\\\/nachrichten\\\/#organization\",\"name\":\"Stra\u00dfenweb\",\"url\":\"https:\\\/\\\/www.strassenweb.de\\\/nachrichten\\\/\",\"logo\":{\"@type\":\"ImageObject\",\"inLanguage\":\"de\",\"@id\":\"https:\\\/\\\/www.strassenweb.de\\\/nachrichten\\\/#\\\/schema\\\/logo\\\/image\\\/\",\"url\":\"https:\\\/\\\/www.strassenweb.de\\\/nachrichten\\\/wp-content\\\/uploads\\\/2024\\\/09\\\/cropped-favicon.png\",\"contentUrl\":\"https:\\\/\\\/www.strassenweb.de\\\/nachrichten\\\/wp-content\\\/uploads\\\/2024\\\/09\\\/cropped-favicon.png\",\"width\":512,\"height\":512,\"caption\":\"Stra\u00dfenweb\"},\"image\":{\"@id\":\"https:\\\/\\\/www.strassenweb.de\\\/nachrichten\\\/#\\\/schema\\\/logo\\\/image\\\/\"},\"sameAs\":[\"https:\\\/\\\/www.facebook.com\\\/strassenweb\\\/\"]},{\"@type\":\"Person\",\"@id\":\"https:\\\/\\\/www.strassenweb.de\\\/nachrichten\\\/#\\\/schema\\\/person\\\/87c9c9067f1211da429a744dc5a5aa41\",\"name\":\"Robert Hoffmann\",\"image\":{\"@type\":\"ImageObject\",\"inLanguage\":\"de\",\"@id\":\"https:\\\/\\\/www.strassenweb.de\\\/nachrichten\\\/wp-content\\\/uploads\\\/2024\\\/09\\\/strassenweb-150x150.jpg\",\"url\":\"https:\\\/\\\/www.strassenweb.de\\\/nachrichten\\\/wp-content\\\/uploads\\\/2024\\\/09\\\/strassenweb-150x150.jpg\",\"contentUrl\":\"https:\\\/\\\/www.strassenweb.de\\\/nachrichten\\\/wp-content\\\/uploads\\\/2024\\\/09\\\/strassenweb-150x150.jpg\",\"caption\":\"Robert Hoffmann\"},\"description\":\"Ich hei\u00dfe Robert Hoffmann und ich bin ein leidenschaftlicher Verfechter von \u00d6kologie und Biodiversit\u00e4t. Seit meiner Kindheit in den W\u00e4ldern Bayerns f\u00fchle ich mich mit der Natur verbunden und bin entschlossen, sie zu sch\u00fctzen. Heute widme ich mein Leben der Sensibilisierung anderer f\u00fcr die Bedeutung des Umweltschutzes f\u00fcr zuk\u00fcnftige Generationen.\",\"sameAs\":[\"https:\\\/\\\/www.strassenweb.de\\\/\"]}]}<\/script>\n<!-- \/ Yoast SEO plugin. -->","yoast_head_json":{"title":"Ich dachte, ich hasste Grau, aber diese eine Farbe hat meine Meinung ver\u00e4ndert und jetzt benutze ich sie \u00fcberall in meinem Haus - Nachrichten - Stra\u00dfenweb","robots":{"index":"index","follow":"follow","max-snippet":"max-snippet:-1","max-image-preview":"max-image-preview:large","max-video-preview":"max-video-preview:-1"},"canonical":"https:\/\/www.strassenweb.de\/nachrichten\/ich-dachte-ich-hasste-grau-aber-diese-eine-farbe-hat-meine-meinung-veraendert-und-jetzt-benutze-ich-sie-ueberall-in-meinem-haus\/","og_locale":"de_DE","og_type":"article","og_title":"Ich dachte, ich hasste Grau, aber diese eine Farbe hat meine Meinung ver\u00e4ndert und jetzt benutze ich sie \u00fcberall in meinem Haus - Nachrichten - Stra\u00dfenweb","og_description":"Ich habe jahrelang graue Farbe abschworen und bin ein selbstbekannter grauer Skeptiker. Aber dann entdeckte ich die Farrow &#038; Ball -Pigeon, und es bewies mich","og_url":"https:\/\/www.strassenweb.de\/nachrichten\/ich-dachte-ich-hasste-grau-aber-diese-eine-farbe-hat-meine-meinung-veraendert-und-jetzt-benutze-ich-sie-ueberall-in-meinem-haus\/","og_site_name":"Stra\u00dfenweb","article_publisher":"https:\/\/www.facebook.com\/strassenweb\/","article_published_time":"2025-04-21T18:39:16+00:00","article_modified_time":"2025-04-21T18:39:17+00:00","og_image":[{"width":1920,"height":1080,"url":"https:\/\/www.strassenweb.de\/nachrichten\/wp-content\/uploads\/2025\/04\/EW5eJPMq37NvmDonMLo7BY.jpg","type":"image\/jpeg"}],"author":"Robert Hoffmann","twitter_card":"summary_large_image","twitter_misc":{"Verfasst von":"Robert Hoffmann","Gesch\u00e4tzte Lesezeit":"6\u00a0Minuten"},"schema":{"@context":"https:\/\/schema.org","@graph":[{"@type":"Article","@id":"https:\/\/www.strassenweb.de\/nachrichten\/ich-dachte-ich-hasste-grau-aber-diese-eine-farbe-hat-meine-meinung-veraendert-und-jetzt-benutze-ich-sie-ueberall-in-meinem-haus\/#article","isPartOf":{"@id":"https:\/\/www.strassenweb.de\/nachrichten\/ich-dachte-ich-hasste-grau-aber-diese-eine-farbe-hat-meine-meinung-veraendert-und-jetzt-benutze-ich-sie-ueberall-in-meinem-haus\/"},"author":{"name":"Robert Hoffmann","@id":"https:\/\/www.strassenweb.de\/nachrichten\/#\/schema\/person\/87c9c9067f1211da429a744dc5a5aa41"},"headline":"Ich dachte, ich hasste Grau, aber diese eine Farbe hat meine Meinung ver\u00e4ndert und jetzt benutze ich sie \u00fcberall in meinem Haus","datePublished":"2025-04-21T18:39:16+00:00","dateModified":"2025-04-21T18:39:17+00:00","mainEntityOfPage":{"@id":"https:\/\/www.strassenweb.de\/nachrichten\/ich-dachte-ich-hasste-grau-aber-diese-eine-farbe-hat-meine-meinung-veraendert-und-jetzt-benutze-ich-sie-ueberall-in-meinem-haus\/"},"wordCount":1241,"publisher":{"@id":"https:\/\/www.strassenweb.de\/nachrichten\/#organization"},"image":{"@id":"https:\/\/www.strassenweb.de\/nachrichten\/ich-dachte-ich-hasste-grau-aber-diese-eine-farbe-hat-meine-meinung-veraendert-und-jetzt-benutze-ich-sie-ueberall-in-meinem-haus\/#primaryimage"},"thumbnailUrl":"https:\/\/www.strassenweb.de\/nachrichten\/wp-content\/uploads\/2025\/04\/EW5eJPMq37NvmDonMLo7BY.jpg","keywords":["aber","benutze","dachte","diese","eine","Farbe","Grau","hasste","hat","Haus","ich","jetzt","meine","meinem","Meinung","Sie","\u00fcberall","und","ver\u00e4ndert"],"articleSection":["Haus &amp; Garten"],"inLanguage":"de"},{"@type":"WebPage","@id":"https:\/\/www.strassenweb.de\/nachrichten\/ich-dachte-ich-hasste-grau-aber-diese-eine-farbe-hat-meine-meinung-veraendert-und-jetzt-benutze-ich-sie-ueberall-in-meinem-haus\/","url":"https:\/\/www.strassenweb.de\/nachrichten\/ich-dachte-ich-hasste-grau-aber-diese-eine-farbe-hat-meine-meinung-veraendert-und-jetzt-benutze-ich-sie-ueberall-in-meinem-haus\/","name":"Ich dachte, ich hasste Grau, aber diese eine Farbe hat meine Meinung ver\u00e4ndert und jetzt benutze ich sie \u00fcberall in meinem Haus - Nachrichten - Stra\u00dfenweb","isPartOf":{"@id":"https:\/\/www.strassenweb.de\/nachrichten\/#website"},"primaryImageOfPage":{"@id":"https:\/\/www.strassenweb.de\/nachrichten\/ich-dachte-ich-hasste-grau-aber-diese-eine-farbe-hat-meine-meinung-veraendert-und-jetzt-benutze-ich-sie-ueberall-in-meinem-haus\/#primaryimage"},"image":{"@id":"https:\/\/www.strassenweb.de\/nachrichten\/ich-dachte-ich-hasste-grau-aber-diese-eine-farbe-hat-meine-meinung-veraendert-und-jetzt-benutze-ich-sie-ueberall-in-meinem-haus\/#primaryimage"},"thumbnailUrl":"https:\/\/www.strassenweb.de\/nachrichten\/wp-content\/uploads\/2025\/04\/EW5eJPMq37NvmDonMLo7BY.jpg","datePublished":"2025-04-21T18:39:16+00:00","dateModified":"2025-04-21T18:39:17+00:00","breadcrumb":{"@id":"https:\/\/www.strassenweb.de\/nachrichten\/ich-dachte-ich-hasste-grau-aber-diese-eine-farbe-hat-meine-meinung-veraendert-und-jetzt-benutze-ich-sie-ueberall-in-meinem-haus\/#breadcrumb"},"inLanguage":"de","potentialAction":[{"@type":"ReadAction","target":["https:\/\/www.strassenweb.de\/nachrichten\/ich-dachte-ich-hasste-grau-aber-diese-eine-farbe-hat-meine-meinung-veraendert-und-jetzt-benutze-ich-sie-ueberall-in-meinem-haus\/"]}]},{"@type":"ImageObject","inLanguage":"de","@id":"https:\/\/www.strassenweb.de\/nachrichten\/ich-dachte-ich-hasste-grau-aber-diese-eine-farbe-hat-meine-meinung-veraendert-und-jetzt-benutze-ich-sie-ueberall-in-meinem-haus\/#primaryimage","url":"https:\/\/www.strassenweb.de\/nachrichten\/wp-content\/uploads\/2025\/04\/EW5eJPMq37NvmDonMLo7BY.jpg","contentUrl":"https:\/\/www.strassenweb.de\/nachrichten\/wp-content\/uploads\/2025\/04\/EW5eJPMq37NvmDonMLo7BY.jpg","width":1920,"height":1080,"caption":"A traditional sitting room with gray walls"},{"@type":"BreadcrumbList","@id":"https:\/\/www.strassenweb.de\/nachrichten\/ich-dachte-ich-hasste-grau-aber-diese-eine-farbe-hat-meine-meinung-veraendert-und-jetzt-benutze-ich-sie-ueberall-in-meinem-haus\/#breadcrumb","itemListElement":[{"@type":"ListItem","position":1,"name":"Home","item":"https:\/\/www.strassenweb.de\/nachrichten\/"},{"@type":"ListItem","position":2,"name":"Ich dachte, ich hasste Grau, aber diese eine Farbe hat meine Meinung ver\u00e4ndert und jetzt benutze ich sie \u00fcberall in meinem Haus"}]},{"@type":"WebSite","@id":"https:\/\/www.strassenweb.de\/nachrichten\/#website","url":"https:\/\/www.strassenweb.de\/nachrichten\/","name":"Stra\u00dfenweb","description":"Stra\u00dfenverzeichnis f\u00fcr Deutschland","publisher":{"@id":"https:\/\/www.strassenweb.de\/nachrichten\/#organization"},"potentialAction":[{"@type":"SearchAction","target":{"@type":"EntryPoint","urlTemplate":"https:\/\/www.strassenweb.de\/nachrichten\/?s={search_term_string}"},"query-input":{"@type":"PropertyValueSpecification","valueRequired":true,"valueName":"search_term_string"}}],"inLanguage":"de"},{"@type":"Organization","@id":"https:\/\/www.strassenweb.de\/nachrichten\/#organization","name":"Stra\u00dfenweb","url":"https:\/\/www.strassenweb.de\/nachrichten\/","logo":{"@type":"ImageObject","inLanguage":"de","@id":"https:\/\/www.strassenweb.de\/nachrichten\/#\/schema\/logo\/image\/","url":"https:\/\/www.strassenweb.de\/nachrichten\/wp-content\/uploads\/2024\/09\/cropped-favicon.png","contentUrl":"https:\/\/www.strassenweb.de\/nachrichten\/wp-content\/uploads\/2024\/09\/cropped-favicon.png","width":512,"height":512,"caption":"Stra\u00dfenweb"},"image":{"@id":"https:\/\/www.strassenweb.de\/nachrichten\/#\/schema\/logo\/image\/"},"sameAs":["https:\/\/www.facebook.com\/strassenweb\/"]},{"@type":"Person","@id":"https:\/\/www.strassenweb.de\/nachrichten\/#\/schema\/person\/87c9c9067f1211da429a744dc5a5aa41","name":"Robert Hoffmann","image":{"@type":"ImageObject","inLanguage":"de","@id":"https:\/\/www.strassenweb.de\/nachrichten\/wp-content\/uploads\/2024\/09\/strassenweb-150x150.jpg","url":"https:\/\/www.strassenweb.de\/nachrichten\/wp-content\/uploads\/2024\/09\/strassenweb-150x150.jpg","contentUrl":"https:\/\/www.strassenweb.de\/nachrichten\/wp-content\/uploads\/2024\/09\/strassenweb-150x150.jpg","caption":"Robert Hoffmann"},"description":"Ich hei\u00dfe Robert Hoffmann und ich bin ein leidenschaftlicher Verfechter von \u00d6kologie und Biodiversit\u00e4t. Seit meiner Kindheit in den W\u00e4ldern Bayerns f\u00fchle ich mich mit der Natur verbunden und bin entschlossen, sie zu sch\u00fctzen. Heute widme ich mein Leben der Sensibilisierung anderer f\u00fcr die Bedeutung des Umweltschutzes f\u00fcr zuk\u00fcnftige Generationen.","sameAs":["https:\/\/www.strassenweb.de\/"]}]}},"_links":{"self":[{"href":"https:\/\/www.strassenweb.de\/nachrichten\/wp-json\/wp\/v2\/posts\/4604","targetHints":{"allow":["GET"]}}],"collection":[{"href":"https:\/\/www.strassenweb.de\/nachrichten\/wp-json\/wp\/v2\/posts"}],"about":[{"href":"https:\/\/www.strassenweb.de\/nachrichten\/wp-json\/wp\/v2\/types\/post"}],"author":[{"embeddable":true,"href":"https:\/\/www.strassenweb.de\/nachrichten\/wp-json\/wp\/v2\/users\/1"}],"replies":[{"embeddable":true,"href":"https:\/\/www.strassenweb.de\/nachrichten\/wp-json\/wp\/v2\/comments?post=4604"}],"version-history":[{"count":0,"href":"https:\/\/www.strassenweb.de\/nachrichten\/wp-json\/wp\/v2\/posts\/4604\/revisions"}],"wp:featuredmedia":[{"embeddable":true,"href":"https:\/\/www.strassenweb.de\/nachrichten\/wp-json\/wp\/v2\/media\/4605"}],"wp:attachment":[{"href":"https:\/\/www.strassenweb.de\/nachrichten\/wp-json\/wp\/v2\/media?parent=4604"}],"wp:term":[{"taxonomy":"category","embeddable":true,"href":"https:\/\/www.strassenweb.de\/nachrichten\/wp-json\/wp\/v2\/categories?post=4604"},{"taxonomy":"post_tag","embeddable":true,"href":"https:\/\/www.strassenweb.de\/nachrichten\/wp-json\/wp\/v2\/tags?post=4604"}],"curies":[{"name":"wp","href":"https:\/\/api.w.org\/{rel}","templated":true}]}}