{"id":459,"date":"2024-09-30T21:07:50","date_gmt":"2024-09-30T19:07:50","guid":{"rendered":"https:\/\/www.strassenweb.de\/nachrichten\/bewertung-von-baeumen-auf-fledermaeuse-2023-donnerstag-23-november-2023\/"},"modified":"2024-09-30T21:07:51","modified_gmt":"2024-09-30T19:07:51","slug":"bewertung-von-baeumen-auf-fledermaeuse-2023-donnerstag-23-november-2023","status":"publish","type":"post","link":"https:\/\/www.strassenweb.de\/nachrichten\/bewertung-von-baeumen-auf-fledermaeuse-2023-donnerstag-23-november-2023\/","title":{"rendered":"Bewertung von B\u00e4umen auf Flederm\u00e4use 2023 \u2013 Donnerstag, 23. November 2023"},"content":{"rendered":"<h4 class=\"wp-block-heading\">Do, 23. November 2023 09:30 \u2013 16:30 GMT<\/h4>\n<hr class=\"wp-block-separator has-alpha-channel-opacity\">\n<h4 class=\"wp-block-heading\">Immobilienb\u00fcro Tortworth, Tortworth, Wooten-under-Edge, GL12 8HF Vereinigtes K\u00f6nigreich<\/h4>\n<hr class=\"wp-block-separator has-alpha-channel-opacity\">\n<h4 class=\"wp-block-heading\">Tutor: Jim Mulholland<\/h4>\n<hr class=\"wp-block-separator has-alpha-channel-opacity\">\n<h4 class=\"wp-block-heading\">Weitere Informationen und die M\u00f6glichkeit, ein Ticket zu buchen, besuchen Sie Eventbrite.<\/h4>\n<hr class=\"wp-block-separator has-alpha-channel-opacity\">\n<h3 class=\"wp-block-heading\">Lernergebnisse<\/h3>\n<p>Am Ende des Kurses werden Sie in der Lage sein:<\/p>\n<ul class=\"wp-block-list\">\n<li>Beschreiben Sie die Notwendigkeit einer Umfrage.<\/li>\n<li>Identifizieren Sie potenzielle Schlafplatzmerkmale.<\/li>\n<li>Nutzen Sie grundlegendes Baumwissen, um Baumbewertungen zu unterst\u00fctzen.<\/li>\n<li>F\u00fchren Sie eine systematische Bewertung durch.<\/li>\n<li>Erfassen Sie die Ergebnisse, um sie f\u00fcr weitere Umfragen zu nutzen.<\/li>\n<\/ul>\n<h3 class=\"wp-block-heading\">Kurs\u00fcbersicht<\/h3>\n<p>In diesem eint\u00e4gigen Kurs werden vorl\u00e4ufige bodennahe Schlafplatzbewertungen von B\u00e4umen vorgestellt. Die Teilnehmer entwickeln die erforderlichen F\u00e4higkeiten, um B\u00e4ume auf Flederm\u00e4use zu untersuchen. Der Kurs wird auf Anf\u00e4ngerniveau angeboten und umfasst:<\/p>\n<ul class=\"wp-block-list\">\n<li>Eine Einf\u00fchrung, wie und welche Flederm\u00e4use B\u00e4ume nutzen.<\/li>\n<li>Wie potenzielle Schlafplatzmerkmale entstehen.<\/li>\n<li>So f\u00fchren Sie eine systematische Umfrage durch.<\/li>\n<li>Was aufzuzeichnen ist und wie diese Informationen verwendet werden, wenn die Umfragen fortgesetzt werden.<\/li>\n<\/ul>\n<p>Der Kurs wird durch eine Mischung aus Pr\u00e4sentationen im Klassenzimmer und Feldarbeit (einschlie\u00dflich Bewertungen bekannter Schlafb\u00e4ume) vermittelt.<\/p>\n<h3 class=\"wp-block-heading\">\u00dcber den Tutor<\/h3>\n<p>Jim Mulholland ist \u00d6kologe und Baumz\u00fcchter, spezialisiert auf Flederm\u00e4use und die Pflege erfahrener B\u00e4ume. Er ist ein aktiver Forscher und arbeitet derzeit daran, die Untersuchung von B\u00e4umen auf Flederm\u00e4use zu verbessern. Als regelm\u00e4\u00dfiger Redner auf Konferenzen ist Jim ein versierter Redner und seit \u00fcber 10 Jahren an der Entwicklung und Durchf\u00fchrung von Schulungen beteiligt. W\u00e4hrend dieser Zeit hat Jim Schulungen im Auftrag von CIEEM, TCV, Wildlife Trusts, Ancient Tree Forum und Arboricultural Association durchgef\u00fchrt.<\/p>\n<h3 class=\"wp-block-heading\">Was Sie mitbringen sollten:<\/h3>\n<p>Mittagessen und Wasser (Tee und Kaffee werden w\u00e4hrend der morgendlichen Unterrichtseinheit bereitgestellt). \u2022 Fernglas<\/p>\n<ul class=\"wp-block-list\">\n<li>Fackel<\/li>\n<li>Kamera<\/li>\n<li>GPS-Ger\u00e4t (falls vorhanden)<\/li>\n<li>Ma\u00dfb\u00e4nder \u2013 L\u00e4nge und Durchmesser (falls vorhanden)<\/li>\n<li>H\u00f6henmessger\u00e4t (falls vorhanden)<\/li>\n<li>Etwas, mit dem man Notizen aufzeichnen kann<\/li>\n<li>Kleidung\/Schuhwerk \u2013 bitte tragen Sie bei der Feldarbeit entsprechende Kleidung. Das Gel\u00e4nde ist flach.<\/li>\n<\/ul>\n<p>Bitte kommen Sie mit sauberem Schuhwerk.<\/p>\n<p>Die Feldsitzungen finden nur eine kurze Autofahrt vom Klassenzimmer entfernt statt.<\/p>\n<h3 class=\"wp-block-heading\">Vorkenntnisse\/Lesung:<\/h3>\n<p>Dieser Kurs f\u00fchrt in das Thema der Beurteilung von B\u00e4umen auf Flederm\u00e4use ein. Grundkenntnisse \u00fcber Fledermausarten und \u00d6kologie im Vereinigten K\u00f6nigreich sind von Vorteil.<\/p>\n<p>W\u00fcnschenswert \u2013 Fledermausquartiere in B\u00e4umen \u2013 https:\/\/pelagicpublishing.com\/products\/bat-roosts-in-trees-bat-tree-habitat-key<\/p>\n<h4 class=\"wp-block-heading\">Weitere Informationen und die M\u00f6glichkeit, ein Ticket zu buchen, besuchen Sie Eventbrite.<\/h4>\n","protected":false},"excerpt":{"rendered":"<p>Do, 23. November 2023 09:30 \u2013 16:30 GMT Immobilienb\u00fcro Tortworth, Tortworth, Wooten-under-Edge, GL12 8HF Vereinigtes K\u00f6nigreich Tutor: Jim Mulholland Weitere Informationen und die M\u00f6glichkeit, ein<\/p>\n","protected":false},"author":1,"featured_media":460,"comment_status":"closed","ping_status":"","sticky":false,"template":"","format":"standard","meta":{"footnotes":""},"categories":[101],"tags":[46,923,922,925,924,926,21],"class_list":["post-459","post","type-post","status-publish","format-standard","has-post-thumbnail","hentry","category-oekologie","tag-auf","tag-baeumen","tag-bewertung","tag-donnerstag","tag-fledermaeuse","tag-november","tag-von","generate-columns","tablet-grid-50","mobile-grid-100","grid-parent","grid-50"],"yoast_head":"<!-- This site is optimized with the Yoast SEO plugin v27.3 - https:\/\/yoast.com\/product\/yoast-seo-wordpress\/ -->\n<title>Bewertung von B\u00e4umen auf Flederm\u00e4use 2023 \u2013 Donnerstag, 23. November 2023 - Nachrichten - Stra\u00dfenweb<\/title>\n<meta name=\"robots\" content=\"index, follow, max-snippet:-1, max-image-preview:large, max-video-preview:-1\" \/>\n<link rel=\"canonical\" href=\"https:\/\/www.strassenweb.de\/nachrichten\/bewertung-von-baeumen-auf-fledermaeuse-2023-donnerstag-23-november-2023\/\" \/>\n<meta property=\"og:locale\" content=\"de_DE\" \/>\n<meta property=\"og:type\" content=\"article\" \/>\n<meta property=\"og:title\" content=\"Bewertung von B\u00e4umen auf Flederm\u00e4use 2023 \u2013 Donnerstag, 23. November 2023 - Nachrichten - Stra\u00dfenweb\" \/>\n<meta property=\"og:description\" content=\"Do, 23. November 2023 09:30 \u2013 16:30 GMT Immobilienb\u00fcro Tortworth, Tortworth, Wooten-under-Edge, GL12 8HF Vereinigtes K\u00f6nigreich Tutor: Jim Mulholland Weitere Informationen und die M\u00f6glichkeit, ein\" \/>\n<meta property=\"og:url\" content=\"https:\/\/www.strassenweb.de\/nachrichten\/bewertung-von-baeumen-auf-fledermaeuse-2023-donnerstag-23-november-2023\/\" \/>\n<meta property=\"og:site_name\" content=\"Stra\u00dfenweb\" \/>\n<meta property=\"article:publisher\" content=\"https:\/\/www.facebook.com\/strassenweb\/\" \/>\n<meta property=\"article:published_time\" content=\"2024-09-30T19:07:50+00:00\" \/>\n<meta property=\"article:modified_time\" content=\"2024-09-30T19:07:51+00:00\" \/>\n<meta property=\"og:image\" content=\"https:\/\/www.strassenweb.de\/nachrichten\/wp-content\/uploads\/2024\/09\/Bewertung-von-Baeumen-auf-Fledermaeuse-2023-\u2013-Donnerstag-23-November.jpg\" \/>\n\t<meta property=\"og:image:width\" content=\"900\" \/>\n\t<meta property=\"og:image:height\" content=\"450\" \/>\n\t<meta property=\"og:image:type\" content=\"image\/jpeg\" \/>\n<meta name=\"author\" content=\"Robert Hoffmann\" \/>\n<meta name=\"twitter:card\" content=\"summary_large_image\" \/>\n<meta name=\"twitter:label1\" content=\"Verfasst von\" \/>\n\t<meta name=\"twitter:data1\" content=\"Robert Hoffmann\" \/>\n\t<meta name=\"twitter:label2\" content=\"Gesch\u00e4tzte Lesezeit\" \/>\n\t<meta name=\"twitter:data2\" content=\"2\u00a0Minuten\" \/>\n<script type=\"application\/ld+json\" class=\"yoast-schema-graph\">{\"@context\":\"https:\\\/\\\/schema.org\",\"@graph\":[{\"@type\":\"Article\",\"@id\":\"https:\\\/\\\/www.strassenweb.de\\\/nachrichten\\\/bewertung-von-baeumen-auf-fledermaeuse-2023-donnerstag-23-november-2023\\\/#article\",\"isPartOf\":{\"@id\":\"https:\\\/\\\/www.strassenweb.de\\\/nachrichten\\\/bewertung-von-baeumen-auf-fledermaeuse-2023-donnerstag-23-november-2023\\\/\"},\"author\":{\"name\":\"Robert Hoffmann\",\"@id\":\"https:\\\/\\\/www.strassenweb.de\\\/nachrichten\\\/#\\\/schema\\\/person\\\/87c9c9067f1211da429a744dc5a5aa41\"},\"headline\":\"Bewertung von B\u00e4umen auf Flederm\u00e4use 2023 \u2013 Donnerstag, 23. November 2023\",\"datePublished\":\"2024-09-30T19:07:50+00:00\",\"dateModified\":\"2024-09-30T19:07:51+00:00\",\"mainEntityOfPage\":{\"@id\":\"https:\\\/\\\/www.strassenweb.de\\\/nachrichten\\\/bewertung-von-baeumen-auf-fledermaeuse-2023-donnerstag-23-november-2023\\\/\"},\"wordCount\":400,\"publisher\":{\"@id\":\"https:\\\/\\\/www.strassenweb.de\\\/nachrichten\\\/#organization\"},\"image\":{\"@id\":\"https:\\\/\\\/www.strassenweb.de\\\/nachrichten\\\/bewertung-von-baeumen-auf-fledermaeuse-2023-donnerstag-23-november-2023\\\/#primaryimage\"},\"thumbnailUrl\":\"https:\\\/\\\/www.strassenweb.de\\\/nachrichten\\\/wp-content\\\/uploads\\\/2024\\\/09\\\/Bewertung-von-Baeumen-auf-Fledermaeuse-2023-\u2013-Donnerstag-23-November.jpg\",\"keywords\":[\"auf\",\"B\u00e4umen\",\"Bewertung\",\"Donnerstag\",\"Flederm\u00e4use\",\"November\",\"von\"],\"articleSection\":[\"\u00d6kologie\"],\"inLanguage\":\"de\"},{\"@type\":\"WebPage\",\"@id\":\"https:\\\/\\\/www.strassenweb.de\\\/nachrichten\\\/bewertung-von-baeumen-auf-fledermaeuse-2023-donnerstag-23-november-2023\\\/\",\"url\":\"https:\\\/\\\/www.strassenweb.de\\\/nachrichten\\\/bewertung-von-baeumen-auf-fledermaeuse-2023-donnerstag-23-november-2023\\\/\",\"name\":\"Bewertung von B\u00e4umen auf Flederm\u00e4use 2023 \u2013 Donnerstag, 23. November 2023 - Nachrichten - Stra\u00dfenweb\",\"isPartOf\":{\"@id\":\"https:\\\/\\\/www.strassenweb.de\\\/nachrichten\\\/#website\"},\"primaryImageOfPage\":{\"@id\":\"https:\\\/\\\/www.strassenweb.de\\\/nachrichten\\\/bewertung-von-baeumen-auf-fledermaeuse-2023-donnerstag-23-november-2023\\\/#primaryimage\"},\"image\":{\"@id\":\"https:\\\/\\\/www.strassenweb.de\\\/nachrichten\\\/bewertung-von-baeumen-auf-fledermaeuse-2023-donnerstag-23-november-2023\\\/#primaryimage\"},\"thumbnailUrl\":\"https:\\\/\\\/www.strassenweb.de\\\/nachrichten\\\/wp-content\\\/uploads\\\/2024\\\/09\\\/Bewertung-von-Baeumen-auf-Fledermaeuse-2023-\u2013-Donnerstag-23-November.jpg\",\"datePublished\":\"2024-09-30T19:07:50+00:00\",\"dateModified\":\"2024-09-30T19:07:51+00:00\",\"breadcrumb\":{\"@id\":\"https:\\\/\\\/www.strassenweb.de\\\/nachrichten\\\/bewertung-von-baeumen-auf-fledermaeuse-2023-donnerstag-23-november-2023\\\/#breadcrumb\"},\"inLanguage\":\"de\",\"potentialAction\":[{\"@type\":\"ReadAction\",\"target\":[\"https:\\\/\\\/www.strassenweb.de\\\/nachrichten\\\/bewertung-von-baeumen-auf-fledermaeuse-2023-donnerstag-23-november-2023\\\/\"]}]},{\"@type\":\"ImageObject\",\"inLanguage\":\"de\",\"@id\":\"https:\\\/\\\/www.strassenweb.de\\\/nachrichten\\\/bewertung-von-baeumen-auf-fledermaeuse-2023-donnerstag-23-november-2023\\\/#primaryimage\",\"url\":\"https:\\\/\\\/www.strassenweb.de\\\/nachrichten\\\/wp-content\\\/uploads\\\/2024\\\/09\\\/Bewertung-von-Baeumen-auf-Fledermaeuse-2023-\u2013-Donnerstag-23-November.jpg\",\"contentUrl\":\"https:\\\/\\\/www.strassenweb.de\\\/nachrichten\\\/wp-content\\\/uploads\\\/2024\\\/09\\\/Bewertung-von-Baeumen-auf-Fledermaeuse-2023-\u2013-Donnerstag-23-November.jpg\",\"width\":900,\"height\":450,\"caption\":\"Assessing trees for bats\"},{\"@type\":\"BreadcrumbList\",\"@id\":\"https:\\\/\\\/www.strassenweb.de\\\/nachrichten\\\/bewertung-von-baeumen-auf-fledermaeuse-2023-donnerstag-23-november-2023\\\/#breadcrumb\",\"itemListElement\":[{\"@type\":\"ListItem\",\"position\":1,\"name\":\"Home\",\"item\":\"https:\\\/\\\/www.strassenweb.de\\\/nachrichten\\\/\"},{\"@type\":\"ListItem\",\"position\":2,\"name\":\"Bewertung von B\u00e4umen auf Flederm\u00e4use 2023 \u2013 Donnerstag, 23. November 2023\"}]},{\"@type\":\"WebSite\",\"@id\":\"https:\\\/\\\/www.strassenweb.de\\\/nachrichten\\\/#website\",\"url\":\"https:\\\/\\\/www.strassenweb.de\\\/nachrichten\\\/\",\"name\":\"Stra\u00dfenweb\",\"description\":\"Stra\u00dfenverzeichnis f\u00fcr Deutschland\",\"publisher\":{\"@id\":\"https:\\\/\\\/www.strassenweb.de\\\/nachrichten\\\/#organization\"},\"potentialAction\":[{\"@type\":\"SearchAction\",\"target\":{\"@type\":\"EntryPoint\",\"urlTemplate\":\"https:\\\/\\\/www.strassenweb.de\\\/nachrichten\\\/?s={search_term_string}\"},\"query-input\":{\"@type\":\"PropertyValueSpecification\",\"valueRequired\":true,\"valueName\":\"search_term_string\"}}],\"inLanguage\":\"de\"},{\"@type\":\"Organization\",\"@id\":\"https:\\\/\\\/www.strassenweb.de\\\/nachrichten\\\/#organization\",\"name\":\"Stra\u00dfenweb\",\"url\":\"https:\\\/\\\/www.strassenweb.de\\\/nachrichten\\\/\",\"logo\":{\"@type\":\"ImageObject\",\"inLanguage\":\"de\",\"@id\":\"https:\\\/\\\/www.strassenweb.de\\\/nachrichten\\\/#\\\/schema\\\/logo\\\/image\\\/\",\"url\":\"https:\\\/\\\/www.strassenweb.de\\\/nachrichten\\\/wp-content\\\/uploads\\\/2024\\\/09\\\/cropped-favicon.png\",\"contentUrl\":\"https:\\\/\\\/www.strassenweb.de\\\/nachrichten\\\/wp-content\\\/uploads\\\/2024\\\/09\\\/cropped-favicon.png\",\"width\":512,\"height\":512,\"caption\":\"Stra\u00dfenweb\"},\"image\":{\"@id\":\"https:\\\/\\\/www.strassenweb.de\\\/nachrichten\\\/#\\\/schema\\\/logo\\\/image\\\/\"},\"sameAs\":[\"https:\\\/\\\/www.facebook.com\\\/strassenweb\\\/\"]},{\"@type\":\"Person\",\"@id\":\"https:\\\/\\\/www.strassenweb.de\\\/nachrichten\\\/#\\\/schema\\\/person\\\/87c9c9067f1211da429a744dc5a5aa41\",\"name\":\"Robert Hoffmann\",\"image\":{\"@type\":\"ImageObject\",\"inLanguage\":\"de\",\"@id\":\"https:\\\/\\\/www.strassenweb.de\\\/nachrichten\\\/wp-content\\\/uploads\\\/2024\\\/09\\\/strassenweb-150x150.jpg\",\"url\":\"https:\\\/\\\/www.strassenweb.de\\\/nachrichten\\\/wp-content\\\/uploads\\\/2024\\\/09\\\/strassenweb-150x150.jpg\",\"contentUrl\":\"https:\\\/\\\/www.strassenweb.de\\\/nachrichten\\\/wp-content\\\/uploads\\\/2024\\\/09\\\/strassenweb-150x150.jpg\",\"caption\":\"Robert Hoffmann\"},\"description\":\"Ich hei\u00dfe Robert Hoffmann und ich bin ein leidenschaftlicher Verfechter von \u00d6kologie und Biodiversit\u00e4t. Seit meiner Kindheit in den W\u00e4ldern Bayerns f\u00fchle ich mich mit der Natur verbunden und bin entschlossen, sie zu sch\u00fctzen. Heute widme ich mein Leben der Sensibilisierung anderer f\u00fcr die Bedeutung des Umweltschutzes f\u00fcr zuk\u00fcnftige Generationen.\",\"sameAs\":[\"https:\\\/\\\/www.strassenweb.de\\\/\"]}]}<\/script>\n<!-- \/ Yoast SEO plugin. -->","yoast_head_json":{"title":"Bewertung von B\u00e4umen auf Flederm\u00e4use 2023 \u2013 Donnerstag, 23. November 2023 - Nachrichten - Stra\u00dfenweb","robots":{"index":"index","follow":"follow","max-snippet":"max-snippet:-1","max-image-preview":"max-image-preview:large","max-video-preview":"max-video-preview:-1"},"canonical":"https:\/\/www.strassenweb.de\/nachrichten\/bewertung-von-baeumen-auf-fledermaeuse-2023-donnerstag-23-november-2023\/","og_locale":"de_DE","og_type":"article","og_title":"Bewertung von B\u00e4umen auf Flederm\u00e4use 2023 \u2013 Donnerstag, 23. November 2023 - Nachrichten - Stra\u00dfenweb","og_description":"Do, 23. November 2023 09:30 \u2013 16:30 GMT Immobilienb\u00fcro Tortworth, Tortworth, Wooten-under-Edge, GL12 8HF Vereinigtes K\u00f6nigreich Tutor: Jim Mulholland Weitere Informationen und die M\u00f6glichkeit, ein","og_url":"https:\/\/www.strassenweb.de\/nachrichten\/bewertung-von-baeumen-auf-fledermaeuse-2023-donnerstag-23-november-2023\/","og_site_name":"Stra\u00dfenweb","article_publisher":"https:\/\/www.facebook.com\/strassenweb\/","article_published_time":"2024-09-30T19:07:50+00:00","article_modified_time":"2024-09-30T19:07:51+00:00","og_image":[{"width":900,"height":450,"url":"https:\/\/www.strassenweb.de\/nachrichten\/wp-content\/uploads\/2024\/09\/Bewertung-von-Baeumen-auf-Fledermaeuse-2023-\u2013-Donnerstag-23-November.jpg","type":"image\/jpeg"}],"author":"Robert Hoffmann","twitter_card":"summary_large_image","twitter_misc":{"Verfasst von":"Robert Hoffmann","Gesch\u00e4tzte Lesezeit":"2\u00a0Minuten"},"schema":{"@context":"https:\/\/schema.org","@graph":[{"@type":"Article","@id":"https:\/\/www.strassenweb.de\/nachrichten\/bewertung-von-baeumen-auf-fledermaeuse-2023-donnerstag-23-november-2023\/#article","isPartOf":{"@id":"https:\/\/www.strassenweb.de\/nachrichten\/bewertung-von-baeumen-auf-fledermaeuse-2023-donnerstag-23-november-2023\/"},"author":{"name":"Robert Hoffmann","@id":"https:\/\/www.strassenweb.de\/nachrichten\/#\/schema\/person\/87c9c9067f1211da429a744dc5a5aa41"},"headline":"Bewertung von B\u00e4umen auf Flederm\u00e4use 2023 \u2013 Donnerstag, 23. November 2023","datePublished":"2024-09-30T19:07:50+00:00","dateModified":"2024-09-30T19:07:51+00:00","mainEntityOfPage":{"@id":"https:\/\/www.strassenweb.de\/nachrichten\/bewertung-von-baeumen-auf-fledermaeuse-2023-donnerstag-23-november-2023\/"},"wordCount":400,"publisher":{"@id":"https:\/\/www.strassenweb.de\/nachrichten\/#organization"},"image":{"@id":"https:\/\/www.strassenweb.de\/nachrichten\/bewertung-von-baeumen-auf-fledermaeuse-2023-donnerstag-23-november-2023\/#primaryimage"},"thumbnailUrl":"https:\/\/www.strassenweb.de\/nachrichten\/wp-content\/uploads\/2024\/09\/Bewertung-von-Baeumen-auf-Fledermaeuse-2023-\u2013-Donnerstag-23-November.jpg","keywords":["auf","B\u00e4umen","Bewertung","Donnerstag","Flederm\u00e4use","November","von"],"articleSection":["\u00d6kologie"],"inLanguage":"de"},{"@type":"WebPage","@id":"https:\/\/www.strassenweb.de\/nachrichten\/bewertung-von-baeumen-auf-fledermaeuse-2023-donnerstag-23-november-2023\/","url":"https:\/\/www.strassenweb.de\/nachrichten\/bewertung-von-baeumen-auf-fledermaeuse-2023-donnerstag-23-november-2023\/","name":"Bewertung von B\u00e4umen auf Flederm\u00e4use 2023 \u2013 Donnerstag, 23. November 2023 - Nachrichten - Stra\u00dfenweb","isPartOf":{"@id":"https:\/\/www.strassenweb.de\/nachrichten\/#website"},"primaryImageOfPage":{"@id":"https:\/\/www.strassenweb.de\/nachrichten\/bewertung-von-baeumen-auf-fledermaeuse-2023-donnerstag-23-november-2023\/#primaryimage"},"image":{"@id":"https:\/\/www.strassenweb.de\/nachrichten\/bewertung-von-baeumen-auf-fledermaeuse-2023-donnerstag-23-november-2023\/#primaryimage"},"thumbnailUrl":"https:\/\/www.strassenweb.de\/nachrichten\/wp-content\/uploads\/2024\/09\/Bewertung-von-Baeumen-auf-Fledermaeuse-2023-\u2013-Donnerstag-23-November.jpg","datePublished":"2024-09-30T19:07:50+00:00","dateModified":"2024-09-30T19:07:51+00:00","breadcrumb":{"@id":"https:\/\/www.strassenweb.de\/nachrichten\/bewertung-von-baeumen-auf-fledermaeuse-2023-donnerstag-23-november-2023\/#breadcrumb"},"inLanguage":"de","potentialAction":[{"@type":"ReadAction","target":["https:\/\/www.strassenweb.de\/nachrichten\/bewertung-von-baeumen-auf-fledermaeuse-2023-donnerstag-23-november-2023\/"]}]},{"@type":"ImageObject","inLanguage":"de","@id":"https:\/\/www.strassenweb.de\/nachrichten\/bewertung-von-baeumen-auf-fledermaeuse-2023-donnerstag-23-november-2023\/#primaryimage","url":"https:\/\/www.strassenweb.de\/nachrichten\/wp-content\/uploads\/2024\/09\/Bewertung-von-Baeumen-auf-Fledermaeuse-2023-\u2013-Donnerstag-23-November.jpg","contentUrl":"https:\/\/www.strassenweb.de\/nachrichten\/wp-content\/uploads\/2024\/09\/Bewertung-von-Baeumen-auf-Fledermaeuse-2023-\u2013-Donnerstag-23-November.jpg","width":900,"height":450,"caption":"Assessing trees for bats"},{"@type":"BreadcrumbList","@id":"https:\/\/www.strassenweb.de\/nachrichten\/bewertung-von-baeumen-auf-fledermaeuse-2023-donnerstag-23-november-2023\/#breadcrumb","itemListElement":[{"@type":"ListItem","position":1,"name":"Home","item":"https:\/\/www.strassenweb.de\/nachrichten\/"},{"@type":"ListItem","position":2,"name":"Bewertung von B\u00e4umen auf Flederm\u00e4use 2023 \u2013 Donnerstag, 23. November 2023"}]},{"@type":"WebSite","@id":"https:\/\/www.strassenweb.de\/nachrichten\/#website","url":"https:\/\/www.strassenweb.de\/nachrichten\/","name":"Stra\u00dfenweb","description":"Stra\u00dfenverzeichnis f\u00fcr Deutschland","publisher":{"@id":"https:\/\/www.strassenweb.de\/nachrichten\/#organization"},"potentialAction":[{"@type":"SearchAction","target":{"@type":"EntryPoint","urlTemplate":"https:\/\/www.strassenweb.de\/nachrichten\/?s={search_term_string}"},"query-input":{"@type":"PropertyValueSpecification","valueRequired":true,"valueName":"search_term_string"}}],"inLanguage":"de"},{"@type":"Organization","@id":"https:\/\/www.strassenweb.de\/nachrichten\/#organization","name":"Stra\u00dfenweb","url":"https:\/\/www.strassenweb.de\/nachrichten\/","logo":{"@type":"ImageObject","inLanguage":"de","@id":"https:\/\/www.strassenweb.de\/nachrichten\/#\/schema\/logo\/image\/","url":"https:\/\/www.strassenweb.de\/nachrichten\/wp-content\/uploads\/2024\/09\/cropped-favicon.png","contentUrl":"https:\/\/www.strassenweb.de\/nachrichten\/wp-content\/uploads\/2024\/09\/cropped-favicon.png","width":512,"height":512,"caption":"Stra\u00dfenweb"},"image":{"@id":"https:\/\/www.strassenweb.de\/nachrichten\/#\/schema\/logo\/image\/"},"sameAs":["https:\/\/www.facebook.com\/strassenweb\/"]},{"@type":"Person","@id":"https:\/\/www.strassenweb.de\/nachrichten\/#\/schema\/person\/87c9c9067f1211da429a744dc5a5aa41","name":"Robert Hoffmann","image":{"@type":"ImageObject","inLanguage":"de","@id":"https:\/\/www.strassenweb.de\/nachrichten\/wp-content\/uploads\/2024\/09\/strassenweb-150x150.jpg","url":"https:\/\/www.strassenweb.de\/nachrichten\/wp-content\/uploads\/2024\/09\/strassenweb-150x150.jpg","contentUrl":"https:\/\/www.strassenweb.de\/nachrichten\/wp-content\/uploads\/2024\/09\/strassenweb-150x150.jpg","caption":"Robert Hoffmann"},"description":"Ich hei\u00dfe Robert Hoffmann und ich bin ein leidenschaftlicher Verfechter von \u00d6kologie und Biodiversit\u00e4t. Seit meiner Kindheit in den W\u00e4ldern Bayerns f\u00fchle ich mich mit der Natur verbunden und bin entschlossen, sie zu sch\u00fctzen. Heute widme ich mein Leben der Sensibilisierung anderer f\u00fcr die Bedeutung des Umweltschutzes f\u00fcr zuk\u00fcnftige Generationen.","sameAs":["https:\/\/www.strassenweb.de\/"]}]}},"_links":{"self":[{"href":"https:\/\/www.strassenweb.de\/nachrichten\/wp-json\/wp\/v2\/posts\/459","targetHints":{"allow":["GET"]}}],"collection":[{"href":"https:\/\/www.strassenweb.de\/nachrichten\/wp-json\/wp\/v2\/posts"}],"about":[{"href":"https:\/\/www.strassenweb.de\/nachrichten\/wp-json\/wp\/v2\/types\/post"}],"author":[{"embeddable":true,"href":"https:\/\/www.strassenweb.de\/nachrichten\/wp-json\/wp\/v2\/users\/1"}],"replies":[{"embeddable":true,"href":"https:\/\/www.strassenweb.de\/nachrichten\/wp-json\/wp\/v2\/comments?post=459"}],"version-history":[{"count":0,"href":"https:\/\/www.strassenweb.de\/nachrichten\/wp-json\/wp\/v2\/posts\/459\/revisions"}],"wp:featuredmedia":[{"embeddable":true,"href":"https:\/\/www.strassenweb.de\/nachrichten\/wp-json\/wp\/v2\/media\/460"}],"wp:attachment":[{"href":"https:\/\/www.strassenweb.de\/nachrichten\/wp-json\/wp\/v2\/media?parent=459"}],"wp:term":[{"taxonomy":"category","embeddable":true,"href":"https:\/\/www.strassenweb.de\/nachrichten\/wp-json\/wp\/v2\/categories?post=459"},{"taxonomy":"post_tag","embeddable":true,"href":"https:\/\/www.strassenweb.de\/nachrichten\/wp-json\/wp\/v2\/tags?post=459"}],"curies":[{"name":"wp","href":"https:\/\/api.w.org\/{rel}","templated":true}]}}