{"id":4574,"date":"2025-04-20T00:40:10","date_gmt":"2025-04-19T22:40:10","guid":{"rendered":"https:\/\/www.strassenweb.de\/nachrichten\/welche-farben-passt-am-besten-zu-buttergelb-8-so-leckere-farbtoene-um-mit-dem-heissesten-farbtrend-des-fruehlings-zu-kombinieren\/"},"modified":"2025-04-20T00:40:11","modified_gmt":"2025-04-19T22:40:11","slug":"welche-farben-passt-am-besten-zu-buttergelb-8-so-leckere-farbtoene-um-mit-dem-heissesten-farbtrend-des-fruehlings-zu-kombinieren","status":"publish","type":"post","link":"https:\/\/www.strassenweb.de\/nachrichten\/welche-farben-passt-am-besten-zu-buttergelb-8-so-leckere-farbtoene-um-mit-dem-heissesten-farbtrend-des-fruehlings-zu-kombinieren\/","title":{"rendered":"Welche Farben passt am besten zu Buttergelb? 8 So leckere Farbt\u00f6ne, um mit dem hei\u00dfesten Farbtrend des Fr\u00fchlings zu kombinieren"},"content":{"rendered":"<p><\/p>\n<div id=\"article-body\" class=\"article__body \">\n<p>Wenn es eine Farbe f\u00fcr den Fr\u00fchling und Sommer 2025 gibt, dann ist es Buttergelb. Im Moment sind blasse, butterartige Gelbs im Innenraum und aus gutem Grund: Dieser weiche, nostalgische Farbton ist sowohl spielerisch als auch beruhigend.<\/p>\n<div id=\"ad-unit-1\" class=\"ad-unit\"><\/div>\n<p>Bei der Dekoration mit Gelb ist es jedoch wichtig, die richtigen Farbkombinationen auszuw\u00e4hlen, um Ihre gew\u00fcnschte \u00c4sthetik zu erreichen. Von der Kombination von Buttergelb mit hellen Neutralen f\u00fcr einen zur\u00fcckhaltenden Look bis hin zu reicheren Farbt\u00f6nen f\u00fcr ein farbenfrohes Schema gibt es endlose M\u00f6glichkeiten, diesen weichen Farbton zu verbessern.<\/p>\n<aside class=\"hawk-base\" data-block-type=\"embed\" data-render-type=\"fte\" data-skip=\"dealsy\" data-widget-type=\"seasonal\">\n<div class=\"hawk-master-widget-hawk-base-wrapper\"><\/div>\n<\/aside>\n<p>&#8222;Aus Sicht der Farbpsychologie ist Buttergelb warm, optimistisch, sonnig und emotional erhebend&#8220;, sagt Tash Bradley, Direktor f\u00fcr Innenausstattung bei Lick and Color Psychologist. &#8222;Egal welcher Raum Sie schaffen m\u00f6chten, Buttergelb wird eine einladende Umgebung schaffen.&#8220; Hier haben wir acht der besten Farben zusammengestellt, um sie mit Buttergelb zu kombinieren, wie von Innenarchitekten empfohlen.<\/p>\n<div id=\"desktop-in-article\" class=\"in-article ad-unit\">\n<div id=\"desktop-taboola-mid-article\"><\/div>\n<\/div>\n<div id=\"mobile-in-article\" class=\"in-article ad-unit\">\n<div id=\"mobile-taboola-mid-article\"><\/div>\n<\/div>\n<h3 class=\"article-body__section\" id=\"section-1-creams-and-whites\"><span>1. Cremes und Wei\u00dfe<\/span><\/h3>\n<figure class=\"van-image-figure inline-layout \" data-bordeaux-image-check>\n<div class=\"image-full-width-wrapper\">\n<div class=\"image-widthsetter\" style=\"max-width:2000px;\"><\/div>\n<\/div>\n<\/figure>\n<p>&#8222;Es klingt offensichtlich, aber Cremes und Wei\u00dfe sind perfekt zu Buttergelb&#8220;, sagt Innenarchitektin Vivian Shao Chen. \u201eEs macht es weniger um die Farbe und mehr um die Nuancen in T\u00f6nen und Texturen und profitiert dennoch vom gl\u00fccklichen Farbton. Dieser von mir entworfene Puderzimmer wurde von handgemalten W\u00e4nden und Kunstpaneelen inspiriert, die ich auf Reisen in Schweden gesehen habe. Sie sind Experten, die besonders gelb verwendet werden! &#8218;<\/p>\n<div class=\"van_vid_carousel\">\n<div class=\"van_vid_carousel__padding\">\n<div class=\"van_vid_carousel__container\"><\/div>\n<\/div>\n<\/div>\n<figure class=\"van-image-figure inline-layout \" data-bordeaux-image-check>\n<div class=\"image-full-width-wrapper\">\n<div class=\"image-widthsetter\" style=\"max-width:2400px;\"><\/div>\n<\/div>\n<\/figure>\n<p>\u201eButtergelb ist so weich und cremig, dass es als warmes, sonniges Neutral im Raum dienen kann. F\u00fcr ein minimales Aussehen sieht Buttergelb gut mit anderen Neutralen wie wei\u00dfen oder cremefarbenen und braunen Holzakzenten aus, stimmt Designer Jacqueline Goncalves zu.<\/p>\n<div id=\"ad-unit-2\" class=\"ad-unit\"><\/div>\n<p>Hier werden die Butter-gelben K\u00fcchenschr\u00e4nke von Devolen mit beruhigendem Wei\u00df gepaart und erzeugen ein beruhigendes und zeitloses K\u00fcchenfarbenschema. Wenn Sie Farbideen f\u00fcr Ihr buttergelbe Schema in Betracht ziehen, ist diese Farbpaarung eine starke Wahl, da sie nicht zu farben ist oder sich zu farben anf\u00fchlt. Im Folgenden empfiehlt Tash Bradley einige der besten Lackfarben:<\/p>\n<p>&#8218;Licks Gelb 07 ist unser ged\u00e4mpftes Buttergelb mit warmen braunen und grauen Untert\u00f6nen. Gelb 07 ist erdig und weich, es schafft beruhigende R\u00e4ume, die ein w\u00e4rmendes, positives Gl\u00fchen verleihen. Wenn Sie einen zeitgem\u00e4\u00dfen Blick auf den Raum schaffen m\u00f6chten, f\u00e4rben Sie die W\u00e4nde, die Holzarbeiten und Ihre Decke in butterartigem Gelb. Kombinieren Sie es f\u00fcr ein traditionelles Gef\u00fchl mit Wei\u00df 03 oder Wei\u00df 05. &#8218;<\/p>\n<div class=\"product-container hero-product-container product-block-no-wrap\"><\/div>\n<h3 class=\"article-body__section\" id=\"section-2-rust-tones-and-terracotta\"><span>2. Rostt\u00f6ne und Terrakotta<\/span><\/h3>\n<figure class=\"van-image-figure inline-layout \" data-bordeaux-image-check>\n<div class=\"image-full-width-wrapper\">\n<div class=\"image-widthsetter\" style=\"max-width:2000px;\"><\/div>\n<\/div>\n<\/figure>\n<p>Um sich in die W\u00e4rme von Buttergelb zu lehnen, sollten Sie es mit erdigen Rostt\u00f6nen oder Terrakotta -Dekor kombinieren. Diese T\u00f6ne erscheinen zwar farbener als Neutrale, sie haben zwar eine nat\u00fcrliche, erdige Qualit\u00e4t, sodass das Ergebnis nicht zu lebendig ist.<\/p>\n<p>&#8218;Buttergelb ist ein vielseitiger Farbton, der m\u00fchelos zu einer Vielzahl von Farben passt. Ich liebe es neben Rust, Ton und rosa T\u00f6nen, aber es passt auch wunderbar in Browns und Rotk\u00f6rper f\u00fcr einen reicheren, geerdeten Look \u201c, erkl\u00e4rt die Innenarchitektin Amanda Jacobs von Amanda Jacobs Design.<\/p>\n<div class=\"product-container hero-product-container product-block-no-wrap\"><\/div>\n<h3 class=\"article-body__section\" id=\"section-3-brown\"><span>3. Brown<\/span><\/h3>\n<figure class=\"van-image-figure inline-layout \" data-bordeaux-image-check>\n<div class=\"image-full-width-wrapper\">\n<div class=\"image-widthsetter\" style=\"max-width:2000px;\"><\/div>\n<\/div>\n<\/figure>\n<p>Eine andere M\u00f6glichkeit, sich in neutrale Raumideen bei der Dekoration mit buttergelben zu lehnen, besteht darin, Braunt\u00f6ne aus nat\u00fcrlichem Holz einzubeziehen. Hier passt die Heu von Farrow &#038; Ball gut zu den nat\u00fcrlichen Braunt\u00f6nen der Holzdeckelbalken und erzeugen einen zeitlosen und abgerissenen Look.<\/p>\n<p>\u201eIch liebe es, Buttergelb mit reichen braunen T\u00f6nen zu kombinieren &#8211; denken Sie warmes Holz, Schokoladenleiden oder einen Hauch von Cognac. Es ist eine gro\u00dfartige M\u00f6glichkeit, die Verspieltheit von Gelb in Einklang zu bringen und ihm ein anspruchsvolleres Gef\u00fchl zu verleihen \u201c, erkl\u00e4rt Designer Thea Bloch-Neal, Gr\u00fcnderin und Lead-Designer von Thea Bloch-Neal, von Thea.<\/p>\n<p>&#8222;Buttergelb bittet darum, mit warmen, erdigen Ochres und Braunen kombiniert zu werden-es ist eine klassische Brot-und-Butter-Kombination, die Gl\u00fcck und m\u00fchelose Charme ausstrahlt&#8220;, stimmt Designerin Christina Kelley zu. &#8218;Buttergelb bringt eine weiche, strahlende Energie, w\u00e4hrend Ocker die Palette mit einer geerdeten, fast luxuri\u00f6sen W\u00e4rme vertieft. Zusammen erzeugen sie ein Zusammenspiel von Leichtigkeit und Tiefe mit einem subtilen Kontrast, der Komplexit\u00e4t verleiht, ohne sich jemals schwer zu f\u00fchlen. &#8218;<\/p>\n<div class=\"product-container hero-product-container product-block-no-wrap\"><\/div>\n<h3 class=\"article-body__section\" id=\"section-4-warm-brass\"><span>4. Warmes Messing<\/span><\/h3>\n<figure class=\"van-image-figure inline-layout \" data-bordeaux-image-check>\n<div class=\"image-full-width-wrapper\">\n<div class=\"image-widthsetter\" style=\"max-width:2000px;\"><\/div>\n<\/div>\n<\/figure>\n<p>Wenn Sie mit Buttergelb an den W\u00e4nden dekorieren, sei es mit Lackierungen oder Tapetenideen, ist es wichtig, \u00fcber die Farbe Ihrer Metalle durch Vorrichtungen und Ausstattung nachzudenken. Designerin Elizabeth Taich von Elizabeth Tach Design sagt, dass warmes Messing eine gewinnbringende Kombination sein kann:<\/p>\n<p>&#8218;Messing und Buttergelb sind tonale beste Freunde &#8211; beide haben eine goldene W\u00e4rme, die so gut zusammen spielt. Die Messingk\u00f6rper in diesem Badezimmer-diese s\u00fc\u00dfen Wasserh\u00e4hne im Vintage-Stil und die Tulps-Wandleuchten-f\u00fcgen genau den richtigen Hauch von Politur hinzu, ohne vollen Glamouren zu haben. Sie erh\u00f6hen das Gelb und lassen es sich raffinierter und beabsichtigter anf\u00fchlen. \u00dcberspringen Sie coole Metalle wie Chrom oder Nickel, die sich ein wenig gegen die gem\u00fctliche Stimmung von Gelb anf\u00fchlen k\u00f6nnen. &#8218;<\/p>\n<div class=\"product-container hero-product-container product-block-no-wrap\"><\/div>\n<h3 class=\"article-body__section\" id=\"section-5-dark-pink\"><span>5. Dunkelrosa<\/span><\/h3>\n<figure class=\"van-image-figure inline-layout \" data-bordeaux-image-check>\n<div class=\"image-full-width-wrapper\">\n<div class=\"image-widthsetter\" style=\"max-width:2000px;\"><\/div>\n<\/div>\n<\/figure>\n<p>&#8222;Ich liebe es, Berry Pink mit Buttergelb zu mischen &#8211; es ist eine unerwartete Paarung, die extrem beruhigend und einfach f\u00fcr das Auge ist&#8220;, sagt Designerin Alexis Warren von Alexis Warren Designs, die dieses Pastell Wohnzimmer entworfen haben. &#8222;Bei der Arbeit mit diesen Farben m\u00f6chte ich sicherstellen, dass das Rosa \u00fcber gen\u00fcgend S\u00e4ttigung und Lebendigkeit verf\u00fcgt, damit es ausreichend Kontrast gegen das pudrige Gelb erzeugt.&#8220;<\/p>\n<p>Dies wird von Innenarchitekten Miranda Cullen von Insider Stories wiedergegeben, der hinzuf\u00fcgt: \u201eEiner unserer Lieblingsfarbpaarungen mit Buttergelb ist tiefe Burgund &#8211; es schafft einen auff\u00e4lligen und unerwarteten Kontrast. Unser Tipp f\u00fcr die gemeinsame Verwendung dieser beiden Farben besteht darin, einen die F\u00fchrung \u00fcbernehmen zu lassen und die andere als Akzentfarbe zu verwenden. Wenn Sie beispielsweise einen in Buttergelb gemalten Raum haben, integrieren Sie Burgund durch Dekorelemente, um einen subtilen, aber beeindruckenden Hauch von Kontrast hinzuzuf\u00fcgen. &#8218;<\/p>\n<div class=\"product-container hero-product-container product-block-no-wrap\"><\/div>\n<h3 class=\"article-body__section\" id=\"section-6-cool-blue\"><span>6. Cool Blue<\/span><\/h3>\n<figure class=\"van-image-figure inline-layout \" data-bordeaux-image-check>\n<div class=\"image-full-width-wrapper\">\n<div class=\"image-widthsetter\" style=\"max-width:2000px;\"><\/div>\n<\/div>\n<\/figure>\n<p>Das Verweisen auf das Farbrad ist eine gute Idee bei der Auswahl von Raumfarben Ideen und durch die Auswahl derjenigen, die sich gegenseitig (gelb und blau) ausw\u00e4hlen, k\u00f6nnen ein komplement\u00e4res Farbschema erstellen.<\/p>\n<p>&#8222;Bei sorgf\u00e4ltiger Auswahl k\u00f6nnen die spezifischen Blau- und Gelbt\u00f6ne die Stimmung und die \u00c4sthetik eines Raums mit der Balance zwischen k\u00fchlen und warmen T\u00f6nen drastisch ver\u00e4ndern, die eine lebendige Kombination erzeugen, die die Aussuche auff\u00e4llt und gleichzeitig die Harmonie aufrechterhalten&#8220;, sagt Ruth Mottershead, Creative Director bei Little Greene.<\/p>\n<p>&#8218;Gef\u00fchle von Nostalgie und W\u00e4rme, perfekt f\u00fcr R\u00e4ume wie eine K\u00fcche oder ein gem\u00fctliches Wohnzimmer, ein weicheres, pastellhelles Blau, gepaart mit einem warmen, butterartigen Gelb, kann ein charmantes, traditionelles Gef\u00fchl verleihen &#8211; das fr\u00f6hliche, sonnenbezogene W\u00e4rme der klassischen Landesh\u00e4user oder K\u00fcstenh\u00e4user hervorruft. Kombinieren Sie die selbstbewusste, mittelblaue Air Force Blue neben warmen Gelben wie Carys und hellem Gold, um einen freudigen Wohnraum zu schaffen, der von der Sonne am Himmel reduziert ist \u201c, schl\u00e4gt Ruth vor.<\/p>\n<div class=\"product-container hero-product-container product-block-no-wrap\"><\/div>\n<h3 class=\"article-body__section\" id=\"section-7-green\"><span>7. Gr\u00fcn<\/span><\/h3>\n<figure class=\"van-image-figure inline-layout \" data-bordeaux-image-check>\n<div class=\"image-full-width-wrapper\">\n<div class=\"image-widthsetter\" style=\"max-width:2000px;\"><\/div>\n<\/div>\n<\/figure>\n<p>W\u00e4hrend einige sagen, dass die Ideen f\u00fcr gelbe und gr\u00fcne Zimmer vermieden werden sollten, k\u00f6nnen sie unglaublich stilvoll sein, besonders in den Fr\u00fchlings- und Sommermonaten.<\/p>\n<p>&#8222;Einer meiner Lieblingspaarungen ist Buttergelb und weiches Olivengr\u00fcn&#8220;, sagt Vyanca Soto, Inhaber und Hauptdesignerin bei Market Studio Interiors. &#8218;Das Gr\u00fcn ist erdens, w\u00e4hrend die gelbe Palette die Palette mit Licht und Optimismus hebt. Es ist perfekt f\u00fcr R\u00e4ume, in denen Sie eine Mischung aus Frische und W\u00e4rme haben m\u00f6chten. &#8218;<\/p>\n<p>&#8222;Ich liebe es, goldene, gelbe T\u00f6ne zu kombinieren-besonders solche mit W\u00e4rme und Reichtum-mit tiefen, erdigen Gr\u00fcns&#8220;, f\u00fcgt Designerin Jessica Whitley hinzu. &#8218;Der Kontrast f\u00fchlt sich sowohl einladend als auch erh\u00f6ht an, wie eine frische Sicht auf klassische Kulturerbefarben. Das Gelb bringt ein Gef\u00fchl von Licht und Lebendigkeit, w\u00e4hrend das gr\u00fcne die Palette eine launische Eleganz f\u00fcgt. &#8218;<\/p>\n<div class=\"product-container hero-product-container product-block-no-wrap\"><\/div>\n<h3 class=\"article-body__section\" id=\"section-8-red\"><span>8. Rot<\/span><\/h3>\n<figure class=\"van-image-figure inline-layout \" data-bordeaux-image-check>\n<div class=\"image-full-width-wrapper\">\n<div class=\"image-widthsetter\" style=\"max-width:2000px;\"><\/div>\n<\/div>\n<\/figure>\n<p>F\u00fcr einen mutigen Look sollten Sie Ihrem buttergelben Schema rot hinzuf\u00fcgen. Um dies stilvoll zu tun, empfiehlt Ruth Mottershead, Gelb und Neutrale an den W\u00e4nden zu schichten und einen Rot als Akzent hinzuzuf\u00fcgen:<\/p>\n<p>&#8218;Middle Buff, eine faszinierende, tief neutrale Farbe macht einen \u00fcberraschenden und Erdungspartner f\u00fcr Gelb. Verwenden Sie den Mittelbuff an der Decke und der Affogato auf der Holzarbeit mit dem fr\u00f6hlichen gelben Pink an den W\u00e4nden, um ein fesselndes Schema mit Tiefe und Dimension zu erstellen. F\u00fcgen Sie einen bemalten Stuhl in Atomic Red f\u00fcr ein selbstbewussteres und unerwarteteres Schema hinzu, das einer K\u00fcche oder einem Essbereich Freude und Designinteresse bringt. &#8218;<\/p>\n<p>Daniela Araya von Daniela Araya Color &#038; Interior Design Consultancy bietet auch gerne Rot mit Buttergelb. Sie f\u00fcgt hinzu: \u201eWenn das Spielen mit roter Farbe f\u00fcr Ihre pers\u00f6nliche Farbtoleranz zu dauerhaft (oder riskant) anf\u00fchlt, versuchen Sie es mit flexibleren Elementen. Ein roter Couchtischbuch oder ein helles Bilderrahmen kann denselben Hit von visuellem Interesse liefern, nur mit einer geringeren Verpflichtung. &#8218;<\/p>\n<div class=\"product-container hero-product-container product-block-no-wrap\"><\/div>\n<hr>\n<p>Wenn Sie mit Buttergelb dekorieren, k\u00f6nnen Sie sich in einen farbenfrohen, verspielten Look verw\u00f6hnen, indem Sie ihn mit mutigen Farbt\u00f6nen kombinieren &#8211; von w\u00e4rmenden dunklen Rosa bis hin zu kontrastierenden Blues &#8211; ideal f\u00fcr maximalere Dekorationsstile. Wenn Sie einen neutralen und leiseren Look bevorzugen, sind Neutrale ein ebenso stilvolles Match f\u00fcr Buttergelb und bieten viel Zeitlosigkeit.<\/p>\n<\/div>\n","protected":false},"excerpt":{"rendered":"<p>Wenn es eine Farbe f\u00fcr den Fr\u00fchling und Sommer 2025 gibt, dann ist es Buttergelb. Im Moment sind blasse, butterartige Gelbs im Innenraum und aus<\/p>\n","protected":false},"author":1,"featured_media":4575,"comment_status":"closed","ping_status":"","sticky":false,"template":"","format":"standard","meta":{"footnotes":""},"categories":[118],"tags":[484,6770,91,281,874,162,2771,6772,6771,6773,4788,146,1817,1606],"class_list":["post-4574","post","type-post","status-publish","format-standard","has-post-thumbnail","hentry","category-haus-garten","tag-besten","tag-buttergelb","tag-dem","tag-des","tag-farben","tag-farbtoene","tag-farbtrend","tag-fruehlings","tag-heissesten","tag-kombinieren","tag-leckere","tag-mit","tag-passt","tag-welche","generate-columns","tablet-grid-50","mobile-grid-100","grid-parent","grid-50"],"yoast_head":"<!-- This site is optimized with the Yoast SEO plugin v27.3 - https:\/\/yoast.com\/product\/yoast-seo-wordpress\/ -->\n<title>Welche Farben passt am besten zu Buttergelb? 8 So leckere Farbt\u00f6ne, um mit dem hei\u00dfesten Farbtrend des Fr\u00fchlings zu kombinieren - Nachrichten - Stra\u00dfenweb<\/title>\n<meta name=\"robots\" content=\"index, follow, max-snippet:-1, max-image-preview:large, max-video-preview:-1\" \/>\n<link rel=\"canonical\" href=\"https:\/\/www.strassenweb.de\/nachrichten\/welche-farben-passt-am-besten-zu-buttergelb-8-so-leckere-farbtoene-um-mit-dem-heissesten-farbtrend-des-fruehlings-zu-kombinieren\/\" \/>\n<meta property=\"og:locale\" content=\"de_DE\" \/>\n<meta property=\"og:type\" content=\"article\" \/>\n<meta property=\"og:title\" content=\"Welche Farben passt am besten zu Buttergelb? 8 So leckere Farbt\u00f6ne, um mit dem hei\u00dfesten Farbtrend des Fr\u00fchlings zu kombinieren - Nachrichten - Stra\u00dfenweb\" \/>\n<meta property=\"og:description\" content=\"Wenn es eine Farbe f\u00fcr den Fr\u00fchling und Sommer 2025 gibt, dann ist es Buttergelb. Im Moment sind blasse, butterartige Gelbs im Innenraum und aus\" \/>\n<meta property=\"og:url\" content=\"https:\/\/www.strassenweb.de\/nachrichten\/welche-farben-passt-am-besten-zu-buttergelb-8-so-leckere-farbtoene-um-mit-dem-heissesten-farbtrend-des-fruehlings-zu-kombinieren\/\" \/>\n<meta property=\"og:site_name\" content=\"Stra\u00dfenweb\" \/>\n<meta property=\"article:publisher\" content=\"https:\/\/www.facebook.com\/strassenweb\/\" \/>\n<meta property=\"article:published_time\" content=\"2025-04-19T22:40:10+00:00\" \/>\n<meta property=\"article:modified_time\" content=\"2025-04-19T22:40:11+00:00\" \/>\n<meta property=\"og:image\" content=\"https:\/\/www.strassenweb.de\/nachrichten\/wp-content\/uploads\/2025\/04\/NRsEQw6cjxfLbPTzkveJZU.jpg\" \/>\n\t<meta property=\"og:image:width\" content=\"1600\" \/>\n\t<meta property=\"og:image:height\" content=\"900\" \/>\n\t<meta property=\"og:image:type\" content=\"image\/jpeg\" \/>\n<meta name=\"author\" content=\"Robert Hoffmann\" \/>\n<meta name=\"twitter:card\" content=\"summary_large_image\" \/>\n<meta name=\"twitter:label1\" content=\"Verfasst von\" \/>\n\t<meta name=\"twitter:data1\" content=\"Robert Hoffmann\" \/>\n\t<meta name=\"twitter:label2\" content=\"Gesch\u00e4tzte Lesezeit\" \/>\n\t<meta name=\"twitter:data2\" content=\"8\u00a0Minuten\" \/>\n<script type=\"application\/ld+json\" class=\"yoast-schema-graph\">{\"@context\":\"https:\\\/\\\/schema.org\",\"@graph\":[{\"@type\":\"Article\",\"@id\":\"https:\\\/\\\/www.strassenweb.de\\\/nachrichten\\\/welche-farben-passt-am-besten-zu-buttergelb-8-so-leckere-farbtoene-um-mit-dem-heissesten-farbtrend-des-fruehlings-zu-kombinieren\\\/#article\",\"isPartOf\":{\"@id\":\"https:\\\/\\\/www.strassenweb.de\\\/nachrichten\\\/welche-farben-passt-am-besten-zu-buttergelb-8-so-leckere-farbtoene-um-mit-dem-heissesten-farbtrend-des-fruehlings-zu-kombinieren\\\/\"},\"author\":{\"name\":\"Robert Hoffmann\",\"@id\":\"https:\\\/\\\/www.strassenweb.de\\\/nachrichten\\\/#\\\/schema\\\/person\\\/87c9c9067f1211da429a744dc5a5aa41\"},\"headline\":\"Welche Farben passt am besten zu Buttergelb? 8 So leckere Farbt\u00f6ne, um mit dem hei\u00dfesten Farbtrend des Fr\u00fchlings zu kombinieren\",\"datePublished\":\"2025-04-19T22:40:10+00:00\",\"dateModified\":\"2025-04-19T22:40:11+00:00\",\"mainEntityOfPage\":{\"@id\":\"https:\\\/\\\/www.strassenweb.de\\\/nachrichten\\\/welche-farben-passt-am-besten-zu-buttergelb-8-so-leckere-farbtoene-um-mit-dem-heissesten-farbtrend-des-fruehlings-zu-kombinieren\\\/\"},\"wordCount\":1548,\"publisher\":{\"@id\":\"https:\\\/\\\/www.strassenweb.de\\\/nachrichten\\\/#organization\"},\"image\":{\"@id\":\"https:\\\/\\\/www.strassenweb.de\\\/nachrichten\\\/welche-farben-passt-am-besten-zu-buttergelb-8-so-leckere-farbtoene-um-mit-dem-heissesten-farbtrend-des-fruehlings-zu-kombinieren\\\/#primaryimage\"},\"thumbnailUrl\":\"https:\\\/\\\/www.strassenweb.de\\\/nachrichten\\\/wp-content\\\/uploads\\\/2025\\\/04\\\/NRsEQw6cjxfLbPTzkveJZU.jpg\",\"keywords\":[\"besten\",\"Buttergelb\",\"dem\",\"des\",\"Farben\",\"Farbt\u00f6ne\",\"Farbtrend\",\"Fr\u00fchlings\",\"hei\u00dfesten\",\"kombinieren\",\"leckere\",\"mit\",\"passt\",\"welche\"],\"articleSection\":[\"Haus &amp; Garten\"],\"inLanguage\":\"de\"},{\"@type\":\"WebPage\",\"@id\":\"https:\\\/\\\/www.strassenweb.de\\\/nachrichten\\\/welche-farben-passt-am-besten-zu-buttergelb-8-so-leckere-farbtoene-um-mit-dem-heissesten-farbtrend-des-fruehlings-zu-kombinieren\\\/\",\"url\":\"https:\\\/\\\/www.strassenweb.de\\\/nachrichten\\\/welche-farben-passt-am-besten-zu-buttergelb-8-so-leckere-farbtoene-um-mit-dem-heissesten-farbtrend-des-fruehlings-zu-kombinieren\\\/\",\"name\":\"Welche Farben passt am besten zu Buttergelb? 8 So leckere Farbt\u00f6ne, um mit dem hei\u00dfesten Farbtrend des Fr\u00fchlings zu kombinieren - Nachrichten - Stra\u00dfenweb\",\"isPartOf\":{\"@id\":\"https:\\\/\\\/www.strassenweb.de\\\/nachrichten\\\/#website\"},\"primaryImageOfPage\":{\"@id\":\"https:\\\/\\\/www.strassenweb.de\\\/nachrichten\\\/welche-farben-passt-am-besten-zu-buttergelb-8-so-leckere-farbtoene-um-mit-dem-heissesten-farbtrend-des-fruehlings-zu-kombinieren\\\/#primaryimage\"},\"image\":{\"@id\":\"https:\\\/\\\/www.strassenweb.de\\\/nachrichten\\\/welche-farben-passt-am-besten-zu-buttergelb-8-so-leckere-farbtoene-um-mit-dem-heissesten-farbtrend-des-fruehlings-zu-kombinieren\\\/#primaryimage\"},\"thumbnailUrl\":\"https:\\\/\\\/www.strassenweb.de\\\/nachrichten\\\/wp-content\\\/uploads\\\/2025\\\/04\\\/NRsEQw6cjxfLbPTzkveJZU.jpg\",\"datePublished\":\"2025-04-19T22:40:10+00:00\",\"dateModified\":\"2025-04-19T22:40:11+00:00\",\"breadcrumb\":{\"@id\":\"https:\\\/\\\/www.strassenweb.de\\\/nachrichten\\\/welche-farben-passt-am-besten-zu-buttergelb-8-so-leckere-farbtoene-um-mit-dem-heissesten-farbtrend-des-fruehlings-zu-kombinieren\\\/#breadcrumb\"},\"inLanguage\":\"de\",\"potentialAction\":[{\"@type\":\"ReadAction\",\"target\":[\"https:\\\/\\\/www.strassenweb.de\\\/nachrichten\\\/welche-farben-passt-am-besten-zu-buttergelb-8-so-leckere-farbtoene-um-mit-dem-heissesten-farbtrend-des-fruehlings-zu-kombinieren\\\/\"]}]},{\"@type\":\"ImageObject\",\"inLanguage\":\"de\",\"@id\":\"https:\\\/\\\/www.strassenweb.de\\\/nachrichten\\\/welche-farben-passt-am-besten-zu-buttergelb-8-so-leckere-farbtoene-um-mit-dem-heissesten-farbtrend-des-fruehlings-zu-kombinieren\\\/#primaryimage\",\"url\":\"https:\\\/\\\/www.strassenweb.de\\\/nachrichten\\\/wp-content\\\/uploads\\\/2025\\\/04\\\/NRsEQw6cjxfLbPTzkveJZU.jpg\",\"contentUrl\":\"https:\\\/\\\/www.strassenweb.de\\\/nachrichten\\\/wp-content\\\/uploads\\\/2025\\\/04\\\/NRsEQw6cjxfLbPTzkveJZU.jpg\",\"width\":1600,\"height\":900,\"caption\":\"butter yellow kitchen cabinets with white walls and copper pans on rack above worktops\"},{\"@type\":\"BreadcrumbList\",\"@id\":\"https:\\\/\\\/www.strassenweb.de\\\/nachrichten\\\/welche-farben-passt-am-besten-zu-buttergelb-8-so-leckere-farbtoene-um-mit-dem-heissesten-farbtrend-des-fruehlings-zu-kombinieren\\\/#breadcrumb\",\"itemListElement\":[{\"@type\":\"ListItem\",\"position\":1,\"name\":\"Home\",\"item\":\"https:\\\/\\\/www.strassenweb.de\\\/nachrichten\\\/\"},{\"@type\":\"ListItem\",\"position\":2,\"name\":\"Welche Farben passt am besten zu Buttergelb? 8 So leckere Farbt\u00f6ne, um mit dem hei\u00dfesten Farbtrend des Fr\u00fchlings zu kombinieren\"}]},{\"@type\":\"WebSite\",\"@id\":\"https:\\\/\\\/www.strassenweb.de\\\/nachrichten\\\/#website\",\"url\":\"https:\\\/\\\/www.strassenweb.de\\\/nachrichten\\\/\",\"name\":\"Stra\u00dfenweb\",\"description\":\"Stra\u00dfenverzeichnis f\u00fcr Deutschland\",\"publisher\":{\"@id\":\"https:\\\/\\\/www.strassenweb.de\\\/nachrichten\\\/#organization\"},\"potentialAction\":[{\"@type\":\"SearchAction\",\"target\":{\"@type\":\"EntryPoint\",\"urlTemplate\":\"https:\\\/\\\/www.strassenweb.de\\\/nachrichten\\\/?s={search_term_string}\"},\"query-input\":{\"@type\":\"PropertyValueSpecification\",\"valueRequired\":true,\"valueName\":\"search_term_string\"}}],\"inLanguage\":\"de\"},{\"@type\":\"Organization\",\"@id\":\"https:\\\/\\\/www.strassenweb.de\\\/nachrichten\\\/#organization\",\"name\":\"Stra\u00dfenweb\",\"url\":\"https:\\\/\\\/www.strassenweb.de\\\/nachrichten\\\/\",\"logo\":{\"@type\":\"ImageObject\",\"inLanguage\":\"de\",\"@id\":\"https:\\\/\\\/www.strassenweb.de\\\/nachrichten\\\/#\\\/schema\\\/logo\\\/image\\\/\",\"url\":\"https:\\\/\\\/www.strassenweb.de\\\/nachrichten\\\/wp-content\\\/uploads\\\/2024\\\/09\\\/cropped-favicon.png\",\"contentUrl\":\"https:\\\/\\\/www.strassenweb.de\\\/nachrichten\\\/wp-content\\\/uploads\\\/2024\\\/09\\\/cropped-favicon.png\",\"width\":512,\"height\":512,\"caption\":\"Stra\u00dfenweb\"},\"image\":{\"@id\":\"https:\\\/\\\/www.strassenweb.de\\\/nachrichten\\\/#\\\/schema\\\/logo\\\/image\\\/\"},\"sameAs\":[\"https:\\\/\\\/www.facebook.com\\\/strassenweb\\\/\"]},{\"@type\":\"Person\",\"@id\":\"https:\\\/\\\/www.strassenweb.de\\\/nachrichten\\\/#\\\/schema\\\/person\\\/87c9c9067f1211da429a744dc5a5aa41\",\"name\":\"Robert Hoffmann\",\"image\":{\"@type\":\"ImageObject\",\"inLanguage\":\"de\",\"@id\":\"https:\\\/\\\/www.strassenweb.de\\\/nachrichten\\\/wp-content\\\/uploads\\\/2024\\\/09\\\/strassenweb-150x150.jpg\",\"url\":\"https:\\\/\\\/www.strassenweb.de\\\/nachrichten\\\/wp-content\\\/uploads\\\/2024\\\/09\\\/strassenweb-150x150.jpg\",\"contentUrl\":\"https:\\\/\\\/www.strassenweb.de\\\/nachrichten\\\/wp-content\\\/uploads\\\/2024\\\/09\\\/strassenweb-150x150.jpg\",\"caption\":\"Robert Hoffmann\"},\"description\":\"Ich hei\u00dfe Robert Hoffmann und ich bin ein leidenschaftlicher Verfechter von \u00d6kologie und Biodiversit\u00e4t. Seit meiner Kindheit in den W\u00e4ldern Bayerns f\u00fchle ich mich mit der Natur verbunden und bin entschlossen, sie zu sch\u00fctzen. Heute widme ich mein Leben der Sensibilisierung anderer f\u00fcr die Bedeutung des Umweltschutzes f\u00fcr zuk\u00fcnftige Generationen.\",\"sameAs\":[\"https:\\\/\\\/www.strassenweb.de\\\/\"]}]}<\/script>\n<!-- \/ Yoast SEO plugin. -->","yoast_head_json":{"title":"Welche Farben passt am besten zu Buttergelb? 8 So leckere Farbt\u00f6ne, um mit dem hei\u00dfesten Farbtrend des Fr\u00fchlings zu kombinieren - Nachrichten - Stra\u00dfenweb","robots":{"index":"index","follow":"follow","max-snippet":"max-snippet:-1","max-image-preview":"max-image-preview:large","max-video-preview":"max-video-preview:-1"},"canonical":"https:\/\/www.strassenweb.de\/nachrichten\/welche-farben-passt-am-besten-zu-buttergelb-8-so-leckere-farbtoene-um-mit-dem-heissesten-farbtrend-des-fruehlings-zu-kombinieren\/","og_locale":"de_DE","og_type":"article","og_title":"Welche Farben passt am besten zu Buttergelb? 8 So leckere Farbt\u00f6ne, um mit dem hei\u00dfesten Farbtrend des Fr\u00fchlings zu kombinieren - Nachrichten - Stra\u00dfenweb","og_description":"Wenn es eine Farbe f\u00fcr den Fr\u00fchling und Sommer 2025 gibt, dann ist es Buttergelb. Im Moment sind blasse, butterartige Gelbs im Innenraum und aus","og_url":"https:\/\/www.strassenweb.de\/nachrichten\/welche-farben-passt-am-besten-zu-buttergelb-8-so-leckere-farbtoene-um-mit-dem-heissesten-farbtrend-des-fruehlings-zu-kombinieren\/","og_site_name":"Stra\u00dfenweb","article_publisher":"https:\/\/www.facebook.com\/strassenweb\/","article_published_time":"2025-04-19T22:40:10+00:00","article_modified_time":"2025-04-19T22:40:11+00:00","og_image":[{"width":1600,"height":900,"url":"https:\/\/www.strassenweb.de\/nachrichten\/wp-content\/uploads\/2025\/04\/NRsEQw6cjxfLbPTzkveJZU.jpg","type":"image\/jpeg"}],"author":"Robert Hoffmann","twitter_card":"summary_large_image","twitter_misc":{"Verfasst von":"Robert Hoffmann","Gesch\u00e4tzte Lesezeit":"8\u00a0Minuten"},"schema":{"@context":"https:\/\/schema.org","@graph":[{"@type":"Article","@id":"https:\/\/www.strassenweb.de\/nachrichten\/welche-farben-passt-am-besten-zu-buttergelb-8-so-leckere-farbtoene-um-mit-dem-heissesten-farbtrend-des-fruehlings-zu-kombinieren\/#article","isPartOf":{"@id":"https:\/\/www.strassenweb.de\/nachrichten\/welche-farben-passt-am-besten-zu-buttergelb-8-so-leckere-farbtoene-um-mit-dem-heissesten-farbtrend-des-fruehlings-zu-kombinieren\/"},"author":{"name":"Robert Hoffmann","@id":"https:\/\/www.strassenweb.de\/nachrichten\/#\/schema\/person\/87c9c9067f1211da429a744dc5a5aa41"},"headline":"Welche Farben passt am besten zu Buttergelb? 8 So leckere Farbt\u00f6ne, um mit dem hei\u00dfesten Farbtrend des Fr\u00fchlings zu kombinieren","datePublished":"2025-04-19T22:40:10+00:00","dateModified":"2025-04-19T22:40:11+00:00","mainEntityOfPage":{"@id":"https:\/\/www.strassenweb.de\/nachrichten\/welche-farben-passt-am-besten-zu-buttergelb-8-so-leckere-farbtoene-um-mit-dem-heissesten-farbtrend-des-fruehlings-zu-kombinieren\/"},"wordCount":1548,"publisher":{"@id":"https:\/\/www.strassenweb.de\/nachrichten\/#organization"},"image":{"@id":"https:\/\/www.strassenweb.de\/nachrichten\/welche-farben-passt-am-besten-zu-buttergelb-8-so-leckere-farbtoene-um-mit-dem-heissesten-farbtrend-des-fruehlings-zu-kombinieren\/#primaryimage"},"thumbnailUrl":"https:\/\/www.strassenweb.de\/nachrichten\/wp-content\/uploads\/2025\/04\/NRsEQw6cjxfLbPTzkveJZU.jpg","keywords":["besten","Buttergelb","dem","des","Farben","Farbt\u00f6ne","Farbtrend","Fr\u00fchlings","hei\u00dfesten","kombinieren","leckere","mit","passt","welche"],"articleSection":["Haus &amp; Garten"],"inLanguage":"de"},{"@type":"WebPage","@id":"https:\/\/www.strassenweb.de\/nachrichten\/welche-farben-passt-am-besten-zu-buttergelb-8-so-leckere-farbtoene-um-mit-dem-heissesten-farbtrend-des-fruehlings-zu-kombinieren\/","url":"https:\/\/www.strassenweb.de\/nachrichten\/welche-farben-passt-am-besten-zu-buttergelb-8-so-leckere-farbtoene-um-mit-dem-heissesten-farbtrend-des-fruehlings-zu-kombinieren\/","name":"Welche Farben passt am besten zu Buttergelb? 8 So leckere Farbt\u00f6ne, um mit dem hei\u00dfesten Farbtrend des Fr\u00fchlings zu kombinieren - Nachrichten - Stra\u00dfenweb","isPartOf":{"@id":"https:\/\/www.strassenweb.de\/nachrichten\/#website"},"primaryImageOfPage":{"@id":"https:\/\/www.strassenweb.de\/nachrichten\/welche-farben-passt-am-besten-zu-buttergelb-8-so-leckere-farbtoene-um-mit-dem-heissesten-farbtrend-des-fruehlings-zu-kombinieren\/#primaryimage"},"image":{"@id":"https:\/\/www.strassenweb.de\/nachrichten\/welche-farben-passt-am-besten-zu-buttergelb-8-so-leckere-farbtoene-um-mit-dem-heissesten-farbtrend-des-fruehlings-zu-kombinieren\/#primaryimage"},"thumbnailUrl":"https:\/\/www.strassenweb.de\/nachrichten\/wp-content\/uploads\/2025\/04\/NRsEQw6cjxfLbPTzkveJZU.jpg","datePublished":"2025-04-19T22:40:10+00:00","dateModified":"2025-04-19T22:40:11+00:00","breadcrumb":{"@id":"https:\/\/www.strassenweb.de\/nachrichten\/welche-farben-passt-am-besten-zu-buttergelb-8-so-leckere-farbtoene-um-mit-dem-heissesten-farbtrend-des-fruehlings-zu-kombinieren\/#breadcrumb"},"inLanguage":"de","potentialAction":[{"@type":"ReadAction","target":["https:\/\/www.strassenweb.de\/nachrichten\/welche-farben-passt-am-besten-zu-buttergelb-8-so-leckere-farbtoene-um-mit-dem-heissesten-farbtrend-des-fruehlings-zu-kombinieren\/"]}]},{"@type":"ImageObject","inLanguage":"de","@id":"https:\/\/www.strassenweb.de\/nachrichten\/welche-farben-passt-am-besten-zu-buttergelb-8-so-leckere-farbtoene-um-mit-dem-heissesten-farbtrend-des-fruehlings-zu-kombinieren\/#primaryimage","url":"https:\/\/www.strassenweb.de\/nachrichten\/wp-content\/uploads\/2025\/04\/NRsEQw6cjxfLbPTzkveJZU.jpg","contentUrl":"https:\/\/www.strassenweb.de\/nachrichten\/wp-content\/uploads\/2025\/04\/NRsEQw6cjxfLbPTzkveJZU.jpg","width":1600,"height":900,"caption":"butter yellow kitchen cabinets with white walls and copper pans on rack above worktops"},{"@type":"BreadcrumbList","@id":"https:\/\/www.strassenweb.de\/nachrichten\/welche-farben-passt-am-besten-zu-buttergelb-8-so-leckere-farbtoene-um-mit-dem-heissesten-farbtrend-des-fruehlings-zu-kombinieren\/#breadcrumb","itemListElement":[{"@type":"ListItem","position":1,"name":"Home","item":"https:\/\/www.strassenweb.de\/nachrichten\/"},{"@type":"ListItem","position":2,"name":"Welche Farben passt am besten zu Buttergelb? 8 So leckere Farbt\u00f6ne, um mit dem hei\u00dfesten Farbtrend des Fr\u00fchlings zu kombinieren"}]},{"@type":"WebSite","@id":"https:\/\/www.strassenweb.de\/nachrichten\/#website","url":"https:\/\/www.strassenweb.de\/nachrichten\/","name":"Stra\u00dfenweb","description":"Stra\u00dfenverzeichnis f\u00fcr Deutschland","publisher":{"@id":"https:\/\/www.strassenweb.de\/nachrichten\/#organization"},"potentialAction":[{"@type":"SearchAction","target":{"@type":"EntryPoint","urlTemplate":"https:\/\/www.strassenweb.de\/nachrichten\/?s={search_term_string}"},"query-input":{"@type":"PropertyValueSpecification","valueRequired":true,"valueName":"search_term_string"}}],"inLanguage":"de"},{"@type":"Organization","@id":"https:\/\/www.strassenweb.de\/nachrichten\/#organization","name":"Stra\u00dfenweb","url":"https:\/\/www.strassenweb.de\/nachrichten\/","logo":{"@type":"ImageObject","inLanguage":"de","@id":"https:\/\/www.strassenweb.de\/nachrichten\/#\/schema\/logo\/image\/","url":"https:\/\/www.strassenweb.de\/nachrichten\/wp-content\/uploads\/2024\/09\/cropped-favicon.png","contentUrl":"https:\/\/www.strassenweb.de\/nachrichten\/wp-content\/uploads\/2024\/09\/cropped-favicon.png","width":512,"height":512,"caption":"Stra\u00dfenweb"},"image":{"@id":"https:\/\/www.strassenweb.de\/nachrichten\/#\/schema\/logo\/image\/"},"sameAs":["https:\/\/www.facebook.com\/strassenweb\/"]},{"@type":"Person","@id":"https:\/\/www.strassenweb.de\/nachrichten\/#\/schema\/person\/87c9c9067f1211da429a744dc5a5aa41","name":"Robert Hoffmann","image":{"@type":"ImageObject","inLanguage":"de","@id":"https:\/\/www.strassenweb.de\/nachrichten\/wp-content\/uploads\/2024\/09\/strassenweb-150x150.jpg","url":"https:\/\/www.strassenweb.de\/nachrichten\/wp-content\/uploads\/2024\/09\/strassenweb-150x150.jpg","contentUrl":"https:\/\/www.strassenweb.de\/nachrichten\/wp-content\/uploads\/2024\/09\/strassenweb-150x150.jpg","caption":"Robert Hoffmann"},"description":"Ich hei\u00dfe Robert Hoffmann und ich bin ein leidenschaftlicher Verfechter von \u00d6kologie und Biodiversit\u00e4t. Seit meiner Kindheit in den W\u00e4ldern Bayerns f\u00fchle ich mich mit der Natur verbunden und bin entschlossen, sie zu sch\u00fctzen. Heute widme ich mein Leben der Sensibilisierung anderer f\u00fcr die Bedeutung des Umweltschutzes f\u00fcr zuk\u00fcnftige Generationen.","sameAs":["https:\/\/www.strassenweb.de\/"]}]}},"_links":{"self":[{"href":"https:\/\/www.strassenweb.de\/nachrichten\/wp-json\/wp\/v2\/posts\/4574","targetHints":{"allow":["GET"]}}],"collection":[{"href":"https:\/\/www.strassenweb.de\/nachrichten\/wp-json\/wp\/v2\/posts"}],"about":[{"href":"https:\/\/www.strassenweb.de\/nachrichten\/wp-json\/wp\/v2\/types\/post"}],"author":[{"embeddable":true,"href":"https:\/\/www.strassenweb.de\/nachrichten\/wp-json\/wp\/v2\/users\/1"}],"replies":[{"embeddable":true,"href":"https:\/\/www.strassenweb.de\/nachrichten\/wp-json\/wp\/v2\/comments?post=4574"}],"version-history":[{"count":0,"href":"https:\/\/www.strassenweb.de\/nachrichten\/wp-json\/wp\/v2\/posts\/4574\/revisions"}],"wp:featuredmedia":[{"embeddable":true,"href":"https:\/\/www.strassenweb.de\/nachrichten\/wp-json\/wp\/v2\/media\/4575"}],"wp:attachment":[{"href":"https:\/\/www.strassenweb.de\/nachrichten\/wp-json\/wp\/v2\/media?parent=4574"}],"wp:term":[{"taxonomy":"category","embeddable":true,"href":"https:\/\/www.strassenweb.de\/nachrichten\/wp-json\/wp\/v2\/categories?post=4574"},{"taxonomy":"post_tag","embeddable":true,"href":"https:\/\/www.strassenweb.de\/nachrichten\/wp-json\/wp\/v2\/tags?post=4574"}],"curies":[{"name":"wp","href":"https:\/\/api.w.org\/{rel}","templated":true}]}}