{"id":4555,"date":"2025-04-18T20:43:02","date_gmt":"2025-04-18T18:43:02","guid":{"rendered":"https:\/\/www.strassenweb.de\/nachrichten\/ist-dies-das-ende-der-eingebauten-schlafzimmermoebel-designer-entscheiden-ob-diese-einst-geliebte-funktion-tatsaechlich-ihren-platz-datiert\/"},"modified":"2025-04-18T20:43:03","modified_gmt":"2025-04-18T18:43:03","slug":"ist-dies-das-ende-der-eingebauten-schlafzimmermoebel-designer-entscheiden-ob-diese-einst-geliebte-funktion-tatsaechlich-ihren-platz-datiert","status":"publish","type":"post","link":"https:\/\/www.strassenweb.de\/nachrichten\/ist-dies-das-ende-der-eingebauten-schlafzimmermoebel-designer-entscheiden-ob-diese-einst-geliebte-funktion-tatsaechlich-ihren-platz-datiert\/","title":{"rendered":"Ist dies das Ende der eingebauten Schlafzimmerm\u00f6bel? Designer entscheiden, ob diese einst geliebte Funktion tats\u00e4chlich Ihren Platz datiert"},"content":{"rendered":"<p><\/p>\n<div id=\"article-body\" class=\"article__body \">\n<p>Eingebaute M\u00f6bel waren f\u00fcr eine lange Zeit die Wahl f\u00fcr das Schlafzimmer-Design. Die typischen Schr\u00e4nke, offene Regale und eingebaute Schr\u00e4nke wurden zur L\u00f6sung f\u00fcr den endlosen Lagerkampf, der es Hausbesitzern erm\u00f6glichte, einen schicken, ruhigen Schlafraum zu schaffen und gleichzeitig die Erg\u00e4nzung zu priorisieren und Platz zu retten.<\/p>\n<div id=\"ad-unit-1\" class=\"ad-unit\"><\/div>\n<p>Da sich die Trends unweigerlich ver\u00e4ndern und die Ideen f\u00fcr die Schlafzimmerm\u00f6bel um zeitgem\u00e4\u00dfere Stile drehen, erscheint klassische Carpentry in den neuesten Schlafzimmerprojekten in der Innenausstattung immer weniger und stellt die Frage: &#8222;Ist eingebaute Schlafzimmerm\u00f6bel auf dem Weg nach drau\u00dfen?&#8220;<\/p>\n<aside class=\"hawk-base\" data-block-type=\"embed\" data-render-type=\"fte\" data-skip=\"dealsy\" data-widget-type=\"seasonal\">\n<div class=\"hawk-master-widget-hawk-base-wrapper\"><\/div>\n<\/aside>\n<p>Sie h\u00e4tten zweifellos bemerkt, dass vielseitige Stile die neue Lieblingsart der Dekoration sind. Da Designer den Schlafzimmerm\u00f6bel Trends befolgen, haben wir festgestellt, dass in j\u00fcngsten Projekten handwerkliche freistehende Teile (handgeschnitzte Schr\u00e4nke, antike Truhen und bemalten Rettungshalme nur einige) sind.<\/p>\n<aside data-component-name=\"Recirculation:ArticleRiver\" data-nosnippet>\n<span class=\"bg-secondary-500 text-secondary-50 text-lg font-bold uppercase py-1 px-2 leading-(1.625rem) sm:leading-(6px) sm:text-sm\"><\/p>\n<p>Sie m\u00f6gen m\u00f6gen<br \/>\n<\/span><\/p>\n<ul class=\"flex flex-col mt-3 list-outside ms-5 bg-none\" data-analytics-id=\"more-about-inline\">\n<li class=\"m-0 mb-2\" name=\"more-about-inline\" data-analytics-id=\"more-about-inline-0\">\n<p>Entschuldigung, blasse Holzliebhaber, es k\u00f6nnte Zeit sein, Mahagoni zu \u00fcberdenken &#8211; hier ist, warum Designer wieder im Trend und hier bleiben, um zu bleiben<\/p>\n<\/li>\n<li class=\"m-0 mb-2\" name=\"more-about-inline\" data-analytics-id=\"more-about-inline-1\">\n<p>Dies sind die veralteten K\u00fcchenschrank -Trends, die Designer sagen, Sie sollten sich 2025 verlassen sollten<\/p>\n<\/li>\n<\/ul>\n<\/aside>\n<p>Gl\u00fccklicherweise traten Design-Experten ein, um diese brennende Frage zu beantworten, und wies darauf hin, ob eingebaute M\u00f6bel zu den diesj\u00e4hrigen \u00fcber veralteten Schlafzimmertrends geh\u00f6ren.<\/p>\n<div class=\"van_vid_carousel\">\n<div class=\"van_vid_carousel__padding\">\n<div class=\"van_vid_carousel__container\"><\/div>\n<\/div>\n<\/div>\n<figure class=\"van-image-figure inline-layout \" data-bordeaux-image-check>\n<div class=\"image-full-width-wrapper\">\n<div class=\"image-widthsetter\" style=\"max-width:2400px;\"><\/div>\n<\/div>\n<\/figure>\n<p>Es war einmal eine wirklich klassische Schlafzimmeridee enthielt eingebaute M\u00f6bel. Ein Innenarchitekturstrend aus den 90er Jahren, sind Sie vielleicht nur allzu vertraut mit dem traditionellen Aussehen f\u00fcr die montierten M\u00f6bel, da er einst \u00fcberall Schlafzimmer dominiert hat.<\/p>\n<div id=\"ad-unit-2\" class=\"ad-unit\"><\/div>\n<p>Mit den praktischen Vorteilen f\u00fcr eingebaute Regale, Schr\u00e4nke und Kleiderschr\u00e4nke, die alle Schlafzimmer-Aufbewahrungsideen erf\u00fcllen, die man sich vorstellen kann, ist klar, warum der Stil bei Hausbesitzern und Designern einst so beliebt war.<\/p>\n<p>Die Innenarchitektin Nina Lichtenstein erkennt, dass eingebaute Schlafzimmerm\u00f6bel altmodisch sind.<\/p>\n<p>\u201eW\u00e4hrend einige vielleicht sagen, dass eingebaute Schlafzimmerm\u00f6bel auf dem Weg nach drau\u00dfen sind, ist die Wahrheit nuancierter. Trends k\u00f6nnen sich in Richtung modularer St\u00fccke und die Flexibilit\u00e4t des freistehenden Designs neigen, aber die Einbauten bieten immer noch un\u00fcbertroffene Eleganz und ein individuelles Gef\u00fchl, insbesondere wenn sie nachdenklich gemacht werden. Es gibt M\u00f6glichkeiten, die M\u00f6bel von Schlafzimmer teurer aussehen zu lassen, und mehr handwerkliche eingebaute Designs sorgen daf\u00fcr, dass sich das Programm zeitlos anf\u00fchlt. &#8218;<\/p>\n<p>Nina schl\u00e4gt vor: \u201eAnstatt auf die sperrigen Wand-zu-Wand-Kleiderschr\u00e4nke der vergangenen Jahrzehnte zu gehen, sollte sich der moderne Einbau architektonisch und beabsichtigt anf\u00fchlen. Bildgeflutete Schubladenfronten oder Einschubvert\u00e4felungen, die M\u00fchle imitieren, integrierte Beleuchtung, die ein weiches Ambiente verleiht, oder offenes Regale mit verstecktem Speicher, um pers\u00f6nliche St\u00fccke ohne Unordnung zu pr\u00e4sentieren. &#8218;<\/p>\n<figure class=\"van-image-figure inline-layout \" data-bordeaux-image-check>\n<div class=\"image-full-width-wrapper\">\n<div class=\"image-widthsetter\" style=\"max-width:2000px;\"><\/div>\n<\/div>\n<\/figure>\n<p>Und trotz der datierten Konnotationen scheint Nina nicht der einzige zu sein, der glaubt, dass eingebaute M\u00f6bel weiterhin ein Schlafzimmer-Trend sein werden.<\/p>\n<p>Der Innenarchitekt Paula Truscott von 18 Uhr Innenr\u00e4umen sagt: \u201eWalk-In- und Anpassungsschr\u00e4nke sind eine Form von eingebauten M\u00f6beln, die ich nirgendwo hingehen kann. Wenn Sie etwas aus dem Regal kaufen, beschr\u00e4nken Sie wirklich, was und kann Sie mit nicht ausgelastetem Raum lassen. Eingebaute Schr\u00e4nke f\u00fchlen sich immer nahtlos an, w\u00e4hrend Sie die Nutzung Ihres Raums maximieren. &#8218;<\/p>\n<p>Unabh\u00e4ngig davon, ob Sie Ideen f\u00fcr die G\u00e4steschlafzimmer folgen oder Ihr eigenes Traumschutzgebiet erstellen, es gibt M\u00f6glichkeiten, integrierte M\u00f6bel mehr im Trend zu f\u00fchlen. Nina schl\u00e4gt vor, sich f\u00fcr organische Materialien zu entscheiden. Sie sagt: &#8218;Nature-inspirierte Materialien k\u00f6nnen das Aussehen noch weiter erh\u00f6hen. Stellen Sie sich wei\u00dfe Eichenschubladen mit Zuckerrohr-Inlays, gebogenen Nischen in erdigen T\u00f6nen oder mit Steinkn\u00f6pfen gepaarten mit Steinkn\u00f6pfen gemalten und mit Leinen abgewickelten Schrankfronten vor. Eingebaute Ins k\u00f6nnen, wenn sie mit Sorgfalt und \u00dcberlegungen f\u00fcr Form und Funktion gefertigt werden, eine organische W\u00e4rme und eine ma\u00dfgeschneiderte Sch\u00f6nheit mit sich bringen, die Flat-Pack-M\u00f6bel nicht replizieren k\u00f6nnen. &#8218;<\/p>\n<p>Paula ist eine Form von Schlafzimmerregalen und sagt, sie habe einen Anstieg einer bestimmten Art von integrierten Schlafzimmerm\u00f6beln bemerkt. Sie sagt: &#8218;Ich habe definitiv einen gr\u00f6\u00dferen Appetit auf integrierte Bettvorders gesehen. Anstelle eines traditionellen Kopfteils kann ein eingebauter Felsvorsprung dieses M\u00f6belst\u00fcck ersetzen, w\u00e4hrend sie Wandleuchten beherbergen und Dekor entlang einer Felsvorsprung anzeigen. &#8218; Der Raum \u00fcber dem Bett ist der perfekte Ort, um eine Aussage abzugeben und die Ideen f\u00fcr Manteldekoration zu umarmen und gleichzeitig alle Lagerbed\u00fcrfnisse zu erf\u00fcllen.<\/p>\n<figure class=\"van-image-figure inline-layout \" data-bordeaux-image-check>\n<div class=\"image-full-width-wrapper\">\n<div class=\"image-widthsetter\" style=\"max-width:2000px;\"><\/div>\n<\/div>\n<\/figure>\n<h2 id=\"elevate-your-built-in-bedroom-furniture-with-these-accessories-3\">Erh\u00f6hen Sie Ihre eingebauten Schlafzimmerm\u00f6bel mit diesen Accessoires<\/h2>\n<p>Ein verzierter Knopf kann eingebaute Kleiderschr\u00e4nke und Schubladen erh\u00f6hen, genau wie ein klassischer Schatmen Schr\u00e4nke oder B\u00fccherregale verbessern kann. Sogar einfache Rattank\u00f6rbe, die in Ihre Regale geschnitten sind, verleihen Ihren eingebauten Teilen ein moderneres, organischeres Gef\u00fchl.<\/p>\n<div class=\"product-container hero-product-container product-block-no-wrap\"><\/div>\n<hr>\n<p>Nina fasst perfekt zusammen: &#8222;Anstatt zu verblassen, entwickelt sich eingebaute M\u00f6bel weiter, und wenn es richtig gemacht wird, wird es zu einer nat\u00fcrlichen Erweiterung des Raums selbst.&#8220;<\/p>\n<p>Einer der ersten Dinge, die Innenarchitekten in einem Schlafzimmer bemerken, wird ein integrierter Schlafzimmerm\u00f6bel weiterhin wichtig sein, aber wie wir sie entwerfen, \u00e4ndert sich. Durch die Verwendung zeitgem\u00e4\u00dferer Materialien und die Einf\u00fchrung luxuri\u00f6serer Stile sind Ihre angepassten Schr\u00e4nke, Regale und Schr\u00e4nke eher den Test der Zeit.<\/p>\n<\/div>\n","protected":false},"excerpt":{"rendered":"<p>Eingebaute M\u00f6bel waren f\u00fcr eine lange Zeit die Wahl f\u00fcr das Schlafzimmer-Design. Die typischen Schr\u00e4nke, offene Regale und eingebaute Schr\u00e4nke wurden zur L\u00f6sung f\u00fcr den<\/p>\n","protected":false},"author":1,"featured_media":4556,"comment_status":"closed","ping_status":"","sticky":false,"template":"","format":"standard","meta":{"footnotes":""},"categories":[118],"tags":[112,6753,81,216,503,143,6752,2710,2557,1889,4635,2503,325,15,474,3117,1113],"class_list":["post-4555","post","type-post","status-publish","format-standard","has-post-thumbnail","hentry","category-haus-garten","tag-das","tag-datiert","tag-der","tag-designer","tag-dies","tag-diese","tag-eingebauten","tag-einst","tag-ende","tag-entscheiden","tag-funktion","tag-geliebte","tag-ihren","tag-ist","tag-platz","tag-schlafzimmermoebel","tag-tatsaechlich","generate-columns","tablet-grid-50","mobile-grid-100","grid-parent","grid-50"],"yoast_head":"<!-- This site is optimized with the Yoast SEO plugin v27.3 - https:\/\/yoast.com\/product\/yoast-seo-wordpress\/ -->\n<title>Ist dies das Ende der eingebauten Schlafzimmerm\u00f6bel? Designer entscheiden, ob diese einst geliebte Funktion tats\u00e4chlich Ihren Platz datiert - Nachrichten - Stra\u00dfenweb<\/title>\n<meta name=\"robots\" content=\"index, follow, max-snippet:-1, max-image-preview:large, max-video-preview:-1\" \/>\n<link rel=\"canonical\" href=\"https:\/\/www.strassenweb.de\/nachrichten\/ist-dies-das-ende-der-eingebauten-schlafzimmermoebel-designer-entscheiden-ob-diese-einst-geliebte-funktion-tatsaechlich-ihren-platz-datiert\/\" \/>\n<meta property=\"og:locale\" content=\"de_DE\" \/>\n<meta property=\"og:type\" content=\"article\" \/>\n<meta property=\"og:title\" content=\"Ist dies das Ende der eingebauten Schlafzimmerm\u00f6bel? Designer entscheiden, ob diese einst geliebte Funktion tats\u00e4chlich Ihren Platz datiert - Nachrichten - Stra\u00dfenweb\" \/>\n<meta property=\"og:description\" content=\"Eingebaute M\u00f6bel waren f\u00fcr eine lange Zeit die Wahl f\u00fcr das Schlafzimmer-Design. Die typischen Schr\u00e4nke, offene Regale und eingebaute Schr\u00e4nke wurden zur L\u00f6sung f\u00fcr den\" \/>\n<meta property=\"og:url\" content=\"https:\/\/www.strassenweb.de\/nachrichten\/ist-dies-das-ende-der-eingebauten-schlafzimmermoebel-designer-entscheiden-ob-diese-einst-geliebte-funktion-tatsaechlich-ihren-platz-datiert\/\" \/>\n<meta property=\"og:site_name\" content=\"Stra\u00dfenweb\" \/>\n<meta property=\"article:publisher\" content=\"https:\/\/www.facebook.com\/strassenweb\/\" \/>\n<meta property=\"article:published_time\" content=\"2025-04-18T18:43:02+00:00\" \/>\n<meta property=\"article:modified_time\" content=\"2025-04-18T18:43:03+00:00\" \/>\n<meta property=\"og:image\" content=\"https:\/\/www.strassenweb.de\/nachrichten\/wp-content\/uploads\/2025\/04\/RygzCc6KsT68vUW3GxikB4.jpg\" \/>\n\t<meta property=\"og:image:width\" content=\"1600\" \/>\n\t<meta property=\"og:image:height\" content=\"900\" \/>\n\t<meta property=\"og:image:type\" content=\"image\/jpeg\" \/>\n<meta name=\"author\" content=\"Robert Hoffmann\" \/>\n<meta name=\"twitter:card\" content=\"summary_large_image\" \/>\n<meta name=\"twitter:label1\" content=\"Verfasst von\" \/>\n\t<meta name=\"twitter:data1\" content=\"Robert Hoffmann\" \/>\n\t<meta name=\"twitter:label2\" content=\"Gesch\u00e4tzte Lesezeit\" \/>\n\t<meta name=\"twitter:data2\" content=\"4\u00a0Minuten\" \/>\n<script type=\"application\/ld+json\" class=\"yoast-schema-graph\">{\"@context\":\"https:\\\/\\\/schema.org\",\"@graph\":[{\"@type\":\"Article\",\"@id\":\"https:\\\/\\\/www.strassenweb.de\\\/nachrichten\\\/ist-dies-das-ende-der-eingebauten-schlafzimmermoebel-designer-entscheiden-ob-diese-einst-geliebte-funktion-tatsaechlich-ihren-platz-datiert\\\/#article\",\"isPartOf\":{\"@id\":\"https:\\\/\\\/www.strassenweb.de\\\/nachrichten\\\/ist-dies-das-ende-der-eingebauten-schlafzimmermoebel-designer-entscheiden-ob-diese-einst-geliebte-funktion-tatsaechlich-ihren-platz-datiert\\\/\"},\"author\":{\"name\":\"Robert Hoffmann\",\"@id\":\"https:\\\/\\\/www.strassenweb.de\\\/nachrichten\\\/#\\\/schema\\\/person\\\/87c9c9067f1211da429a744dc5a5aa41\"},\"headline\":\"Ist dies das Ende der eingebauten Schlafzimmerm\u00f6bel? Designer entscheiden, ob diese einst geliebte Funktion tats\u00e4chlich Ihren Platz datiert\",\"datePublished\":\"2025-04-18T18:43:02+00:00\",\"dateModified\":\"2025-04-18T18:43:03+00:00\",\"mainEntityOfPage\":{\"@id\":\"https:\\\/\\\/www.strassenweb.de\\\/nachrichten\\\/ist-dies-das-ende-der-eingebauten-schlafzimmermoebel-designer-entscheiden-ob-diese-einst-geliebte-funktion-tatsaechlich-ihren-platz-datiert\\\/\"},\"wordCount\":890,\"publisher\":{\"@id\":\"https:\\\/\\\/www.strassenweb.de\\\/nachrichten\\\/#organization\"},\"image\":{\"@id\":\"https:\\\/\\\/www.strassenweb.de\\\/nachrichten\\\/ist-dies-das-ende-der-eingebauten-schlafzimmermoebel-designer-entscheiden-ob-diese-einst-geliebte-funktion-tatsaechlich-ihren-platz-datiert\\\/#primaryimage\"},\"thumbnailUrl\":\"https:\\\/\\\/www.strassenweb.de\\\/nachrichten\\\/wp-content\\\/uploads\\\/2025\\\/04\\\/RygzCc6KsT68vUW3GxikB4.jpg\",\"keywords\":[\"das\",\"datiert\",\"der\",\"Designer\",\"dies\",\"diese\",\"eingebauten\",\"einst\",\"Ende\",\"entscheiden\",\"Funktion\",\"geliebte\",\"ihren\",\"ist\",\"Platz\",\"Schlafzimmerm\u00f6bel\",\"tats\u00e4chlich\"],\"articleSection\":[\"Haus &amp; Garten\"],\"inLanguage\":\"de\"},{\"@type\":\"WebPage\",\"@id\":\"https:\\\/\\\/www.strassenweb.de\\\/nachrichten\\\/ist-dies-das-ende-der-eingebauten-schlafzimmermoebel-designer-entscheiden-ob-diese-einst-geliebte-funktion-tatsaechlich-ihren-platz-datiert\\\/\",\"url\":\"https:\\\/\\\/www.strassenweb.de\\\/nachrichten\\\/ist-dies-das-ende-der-eingebauten-schlafzimmermoebel-designer-entscheiden-ob-diese-einst-geliebte-funktion-tatsaechlich-ihren-platz-datiert\\\/\",\"name\":\"Ist dies das Ende der eingebauten Schlafzimmerm\u00f6bel? Designer entscheiden, ob diese einst geliebte Funktion tats\u00e4chlich Ihren Platz datiert - Nachrichten - Stra\u00dfenweb\",\"isPartOf\":{\"@id\":\"https:\\\/\\\/www.strassenweb.de\\\/nachrichten\\\/#website\"},\"primaryImageOfPage\":{\"@id\":\"https:\\\/\\\/www.strassenweb.de\\\/nachrichten\\\/ist-dies-das-ende-der-eingebauten-schlafzimmermoebel-designer-entscheiden-ob-diese-einst-geliebte-funktion-tatsaechlich-ihren-platz-datiert\\\/#primaryimage\"},\"image\":{\"@id\":\"https:\\\/\\\/www.strassenweb.de\\\/nachrichten\\\/ist-dies-das-ende-der-eingebauten-schlafzimmermoebel-designer-entscheiden-ob-diese-einst-geliebte-funktion-tatsaechlich-ihren-platz-datiert\\\/#primaryimage\"},\"thumbnailUrl\":\"https:\\\/\\\/www.strassenweb.de\\\/nachrichten\\\/wp-content\\\/uploads\\\/2025\\\/04\\\/RygzCc6KsT68vUW3GxikB4.jpg\",\"datePublished\":\"2025-04-18T18:43:02+00:00\",\"dateModified\":\"2025-04-18T18:43:03+00:00\",\"breadcrumb\":{\"@id\":\"https:\\\/\\\/www.strassenweb.de\\\/nachrichten\\\/ist-dies-das-ende-der-eingebauten-schlafzimmermoebel-designer-entscheiden-ob-diese-einst-geliebte-funktion-tatsaechlich-ihren-platz-datiert\\\/#breadcrumb\"},\"inLanguage\":\"de\",\"potentialAction\":[{\"@type\":\"ReadAction\",\"target\":[\"https:\\\/\\\/www.strassenweb.de\\\/nachrichten\\\/ist-dies-das-ende-der-eingebauten-schlafzimmermoebel-designer-entscheiden-ob-diese-einst-geliebte-funktion-tatsaechlich-ihren-platz-datiert\\\/\"]}]},{\"@type\":\"ImageObject\",\"inLanguage\":\"de\",\"@id\":\"https:\\\/\\\/www.strassenweb.de\\\/nachrichten\\\/ist-dies-das-ende-der-eingebauten-schlafzimmermoebel-designer-entscheiden-ob-diese-einst-geliebte-funktion-tatsaechlich-ihren-platz-datiert\\\/#primaryimage\",\"url\":\"https:\\\/\\\/www.strassenweb.de\\\/nachrichten\\\/wp-content\\\/uploads\\\/2025\\\/04\\\/RygzCc6KsT68vUW3GxikB4.jpg\",\"contentUrl\":\"https:\\\/\\\/www.strassenweb.de\\\/nachrichten\\\/wp-content\\\/uploads\\\/2025\\\/04\\\/RygzCc6KsT68vUW3GxikB4.jpg\",\"width\":1600,\"height\":900,\"caption\":\"An art-deco style bedroom with a dark green built-in closet along the back wall. A bed with an orange throw over the end.\"},{\"@type\":\"BreadcrumbList\",\"@id\":\"https:\\\/\\\/www.strassenweb.de\\\/nachrichten\\\/ist-dies-das-ende-der-eingebauten-schlafzimmermoebel-designer-entscheiden-ob-diese-einst-geliebte-funktion-tatsaechlich-ihren-platz-datiert\\\/#breadcrumb\",\"itemListElement\":[{\"@type\":\"ListItem\",\"position\":1,\"name\":\"Home\",\"item\":\"https:\\\/\\\/www.strassenweb.de\\\/nachrichten\\\/\"},{\"@type\":\"ListItem\",\"position\":2,\"name\":\"Ist dies das Ende der eingebauten Schlafzimmerm\u00f6bel? Designer entscheiden, ob diese einst geliebte Funktion tats\u00e4chlich Ihren Platz datiert\"}]},{\"@type\":\"WebSite\",\"@id\":\"https:\\\/\\\/www.strassenweb.de\\\/nachrichten\\\/#website\",\"url\":\"https:\\\/\\\/www.strassenweb.de\\\/nachrichten\\\/\",\"name\":\"Stra\u00dfenweb\",\"description\":\"Stra\u00dfenverzeichnis f\u00fcr Deutschland\",\"publisher\":{\"@id\":\"https:\\\/\\\/www.strassenweb.de\\\/nachrichten\\\/#organization\"},\"potentialAction\":[{\"@type\":\"SearchAction\",\"target\":{\"@type\":\"EntryPoint\",\"urlTemplate\":\"https:\\\/\\\/www.strassenweb.de\\\/nachrichten\\\/?s={search_term_string}\"},\"query-input\":{\"@type\":\"PropertyValueSpecification\",\"valueRequired\":true,\"valueName\":\"search_term_string\"}}],\"inLanguage\":\"de\"},{\"@type\":\"Organization\",\"@id\":\"https:\\\/\\\/www.strassenweb.de\\\/nachrichten\\\/#organization\",\"name\":\"Stra\u00dfenweb\",\"url\":\"https:\\\/\\\/www.strassenweb.de\\\/nachrichten\\\/\",\"logo\":{\"@type\":\"ImageObject\",\"inLanguage\":\"de\",\"@id\":\"https:\\\/\\\/www.strassenweb.de\\\/nachrichten\\\/#\\\/schema\\\/logo\\\/image\\\/\",\"url\":\"https:\\\/\\\/www.strassenweb.de\\\/nachrichten\\\/wp-content\\\/uploads\\\/2024\\\/09\\\/cropped-favicon.png\",\"contentUrl\":\"https:\\\/\\\/www.strassenweb.de\\\/nachrichten\\\/wp-content\\\/uploads\\\/2024\\\/09\\\/cropped-favicon.png\",\"width\":512,\"height\":512,\"caption\":\"Stra\u00dfenweb\"},\"image\":{\"@id\":\"https:\\\/\\\/www.strassenweb.de\\\/nachrichten\\\/#\\\/schema\\\/logo\\\/image\\\/\"},\"sameAs\":[\"https:\\\/\\\/www.facebook.com\\\/strassenweb\\\/\"]},{\"@type\":\"Person\",\"@id\":\"https:\\\/\\\/www.strassenweb.de\\\/nachrichten\\\/#\\\/schema\\\/person\\\/87c9c9067f1211da429a744dc5a5aa41\",\"name\":\"Robert Hoffmann\",\"image\":{\"@type\":\"ImageObject\",\"inLanguage\":\"de\",\"@id\":\"https:\\\/\\\/www.strassenweb.de\\\/nachrichten\\\/wp-content\\\/uploads\\\/2024\\\/09\\\/strassenweb-150x150.jpg\",\"url\":\"https:\\\/\\\/www.strassenweb.de\\\/nachrichten\\\/wp-content\\\/uploads\\\/2024\\\/09\\\/strassenweb-150x150.jpg\",\"contentUrl\":\"https:\\\/\\\/www.strassenweb.de\\\/nachrichten\\\/wp-content\\\/uploads\\\/2024\\\/09\\\/strassenweb-150x150.jpg\",\"caption\":\"Robert Hoffmann\"},\"description\":\"Ich hei\u00dfe Robert Hoffmann und ich bin ein leidenschaftlicher Verfechter von \u00d6kologie und Biodiversit\u00e4t. Seit meiner Kindheit in den W\u00e4ldern Bayerns f\u00fchle ich mich mit der Natur verbunden und bin entschlossen, sie zu sch\u00fctzen. Heute widme ich mein Leben der Sensibilisierung anderer f\u00fcr die Bedeutung des Umweltschutzes f\u00fcr zuk\u00fcnftige Generationen.\",\"sameAs\":[\"https:\\\/\\\/www.strassenweb.de\\\/\"]}]}<\/script>\n<!-- \/ Yoast SEO plugin. -->","yoast_head_json":{"title":"Ist dies das Ende der eingebauten Schlafzimmerm\u00f6bel? Designer entscheiden, ob diese einst geliebte Funktion tats\u00e4chlich Ihren Platz datiert - Nachrichten - Stra\u00dfenweb","robots":{"index":"index","follow":"follow","max-snippet":"max-snippet:-1","max-image-preview":"max-image-preview:large","max-video-preview":"max-video-preview:-1"},"canonical":"https:\/\/www.strassenweb.de\/nachrichten\/ist-dies-das-ende-der-eingebauten-schlafzimmermoebel-designer-entscheiden-ob-diese-einst-geliebte-funktion-tatsaechlich-ihren-platz-datiert\/","og_locale":"de_DE","og_type":"article","og_title":"Ist dies das Ende der eingebauten Schlafzimmerm\u00f6bel? Designer entscheiden, ob diese einst geliebte Funktion tats\u00e4chlich Ihren Platz datiert - Nachrichten - Stra\u00dfenweb","og_description":"Eingebaute M\u00f6bel waren f\u00fcr eine lange Zeit die Wahl f\u00fcr das Schlafzimmer-Design. Die typischen Schr\u00e4nke, offene Regale und eingebaute Schr\u00e4nke wurden zur L\u00f6sung f\u00fcr den","og_url":"https:\/\/www.strassenweb.de\/nachrichten\/ist-dies-das-ende-der-eingebauten-schlafzimmermoebel-designer-entscheiden-ob-diese-einst-geliebte-funktion-tatsaechlich-ihren-platz-datiert\/","og_site_name":"Stra\u00dfenweb","article_publisher":"https:\/\/www.facebook.com\/strassenweb\/","article_published_time":"2025-04-18T18:43:02+00:00","article_modified_time":"2025-04-18T18:43:03+00:00","og_image":[{"width":1600,"height":900,"url":"https:\/\/www.strassenweb.de\/nachrichten\/wp-content\/uploads\/2025\/04\/RygzCc6KsT68vUW3GxikB4.jpg","type":"image\/jpeg"}],"author":"Robert Hoffmann","twitter_card":"summary_large_image","twitter_misc":{"Verfasst von":"Robert Hoffmann","Gesch\u00e4tzte Lesezeit":"4\u00a0Minuten"},"schema":{"@context":"https:\/\/schema.org","@graph":[{"@type":"Article","@id":"https:\/\/www.strassenweb.de\/nachrichten\/ist-dies-das-ende-der-eingebauten-schlafzimmermoebel-designer-entscheiden-ob-diese-einst-geliebte-funktion-tatsaechlich-ihren-platz-datiert\/#article","isPartOf":{"@id":"https:\/\/www.strassenweb.de\/nachrichten\/ist-dies-das-ende-der-eingebauten-schlafzimmermoebel-designer-entscheiden-ob-diese-einst-geliebte-funktion-tatsaechlich-ihren-platz-datiert\/"},"author":{"name":"Robert Hoffmann","@id":"https:\/\/www.strassenweb.de\/nachrichten\/#\/schema\/person\/87c9c9067f1211da429a744dc5a5aa41"},"headline":"Ist dies das Ende der eingebauten Schlafzimmerm\u00f6bel? Designer entscheiden, ob diese einst geliebte Funktion tats\u00e4chlich Ihren Platz datiert","datePublished":"2025-04-18T18:43:02+00:00","dateModified":"2025-04-18T18:43:03+00:00","mainEntityOfPage":{"@id":"https:\/\/www.strassenweb.de\/nachrichten\/ist-dies-das-ende-der-eingebauten-schlafzimmermoebel-designer-entscheiden-ob-diese-einst-geliebte-funktion-tatsaechlich-ihren-platz-datiert\/"},"wordCount":890,"publisher":{"@id":"https:\/\/www.strassenweb.de\/nachrichten\/#organization"},"image":{"@id":"https:\/\/www.strassenweb.de\/nachrichten\/ist-dies-das-ende-der-eingebauten-schlafzimmermoebel-designer-entscheiden-ob-diese-einst-geliebte-funktion-tatsaechlich-ihren-platz-datiert\/#primaryimage"},"thumbnailUrl":"https:\/\/www.strassenweb.de\/nachrichten\/wp-content\/uploads\/2025\/04\/RygzCc6KsT68vUW3GxikB4.jpg","keywords":["das","datiert","der","Designer","dies","diese","eingebauten","einst","Ende","entscheiden","Funktion","geliebte","ihren","ist","Platz","Schlafzimmerm\u00f6bel","tats\u00e4chlich"],"articleSection":["Haus &amp; Garten"],"inLanguage":"de"},{"@type":"WebPage","@id":"https:\/\/www.strassenweb.de\/nachrichten\/ist-dies-das-ende-der-eingebauten-schlafzimmermoebel-designer-entscheiden-ob-diese-einst-geliebte-funktion-tatsaechlich-ihren-platz-datiert\/","url":"https:\/\/www.strassenweb.de\/nachrichten\/ist-dies-das-ende-der-eingebauten-schlafzimmermoebel-designer-entscheiden-ob-diese-einst-geliebte-funktion-tatsaechlich-ihren-platz-datiert\/","name":"Ist dies das Ende der eingebauten Schlafzimmerm\u00f6bel? Designer entscheiden, ob diese einst geliebte Funktion tats\u00e4chlich Ihren Platz datiert - Nachrichten - Stra\u00dfenweb","isPartOf":{"@id":"https:\/\/www.strassenweb.de\/nachrichten\/#website"},"primaryImageOfPage":{"@id":"https:\/\/www.strassenweb.de\/nachrichten\/ist-dies-das-ende-der-eingebauten-schlafzimmermoebel-designer-entscheiden-ob-diese-einst-geliebte-funktion-tatsaechlich-ihren-platz-datiert\/#primaryimage"},"image":{"@id":"https:\/\/www.strassenweb.de\/nachrichten\/ist-dies-das-ende-der-eingebauten-schlafzimmermoebel-designer-entscheiden-ob-diese-einst-geliebte-funktion-tatsaechlich-ihren-platz-datiert\/#primaryimage"},"thumbnailUrl":"https:\/\/www.strassenweb.de\/nachrichten\/wp-content\/uploads\/2025\/04\/RygzCc6KsT68vUW3GxikB4.jpg","datePublished":"2025-04-18T18:43:02+00:00","dateModified":"2025-04-18T18:43:03+00:00","breadcrumb":{"@id":"https:\/\/www.strassenweb.de\/nachrichten\/ist-dies-das-ende-der-eingebauten-schlafzimmermoebel-designer-entscheiden-ob-diese-einst-geliebte-funktion-tatsaechlich-ihren-platz-datiert\/#breadcrumb"},"inLanguage":"de","potentialAction":[{"@type":"ReadAction","target":["https:\/\/www.strassenweb.de\/nachrichten\/ist-dies-das-ende-der-eingebauten-schlafzimmermoebel-designer-entscheiden-ob-diese-einst-geliebte-funktion-tatsaechlich-ihren-platz-datiert\/"]}]},{"@type":"ImageObject","inLanguage":"de","@id":"https:\/\/www.strassenweb.de\/nachrichten\/ist-dies-das-ende-der-eingebauten-schlafzimmermoebel-designer-entscheiden-ob-diese-einst-geliebte-funktion-tatsaechlich-ihren-platz-datiert\/#primaryimage","url":"https:\/\/www.strassenweb.de\/nachrichten\/wp-content\/uploads\/2025\/04\/RygzCc6KsT68vUW3GxikB4.jpg","contentUrl":"https:\/\/www.strassenweb.de\/nachrichten\/wp-content\/uploads\/2025\/04\/RygzCc6KsT68vUW3GxikB4.jpg","width":1600,"height":900,"caption":"An art-deco style bedroom with a dark green built-in closet along the back wall. A bed with an orange throw over the end."},{"@type":"BreadcrumbList","@id":"https:\/\/www.strassenweb.de\/nachrichten\/ist-dies-das-ende-der-eingebauten-schlafzimmermoebel-designer-entscheiden-ob-diese-einst-geliebte-funktion-tatsaechlich-ihren-platz-datiert\/#breadcrumb","itemListElement":[{"@type":"ListItem","position":1,"name":"Home","item":"https:\/\/www.strassenweb.de\/nachrichten\/"},{"@type":"ListItem","position":2,"name":"Ist dies das Ende der eingebauten Schlafzimmerm\u00f6bel? Designer entscheiden, ob diese einst geliebte Funktion tats\u00e4chlich Ihren Platz datiert"}]},{"@type":"WebSite","@id":"https:\/\/www.strassenweb.de\/nachrichten\/#website","url":"https:\/\/www.strassenweb.de\/nachrichten\/","name":"Stra\u00dfenweb","description":"Stra\u00dfenverzeichnis f\u00fcr Deutschland","publisher":{"@id":"https:\/\/www.strassenweb.de\/nachrichten\/#organization"},"potentialAction":[{"@type":"SearchAction","target":{"@type":"EntryPoint","urlTemplate":"https:\/\/www.strassenweb.de\/nachrichten\/?s={search_term_string}"},"query-input":{"@type":"PropertyValueSpecification","valueRequired":true,"valueName":"search_term_string"}}],"inLanguage":"de"},{"@type":"Organization","@id":"https:\/\/www.strassenweb.de\/nachrichten\/#organization","name":"Stra\u00dfenweb","url":"https:\/\/www.strassenweb.de\/nachrichten\/","logo":{"@type":"ImageObject","inLanguage":"de","@id":"https:\/\/www.strassenweb.de\/nachrichten\/#\/schema\/logo\/image\/","url":"https:\/\/www.strassenweb.de\/nachrichten\/wp-content\/uploads\/2024\/09\/cropped-favicon.png","contentUrl":"https:\/\/www.strassenweb.de\/nachrichten\/wp-content\/uploads\/2024\/09\/cropped-favicon.png","width":512,"height":512,"caption":"Stra\u00dfenweb"},"image":{"@id":"https:\/\/www.strassenweb.de\/nachrichten\/#\/schema\/logo\/image\/"},"sameAs":["https:\/\/www.facebook.com\/strassenweb\/"]},{"@type":"Person","@id":"https:\/\/www.strassenweb.de\/nachrichten\/#\/schema\/person\/87c9c9067f1211da429a744dc5a5aa41","name":"Robert Hoffmann","image":{"@type":"ImageObject","inLanguage":"de","@id":"https:\/\/www.strassenweb.de\/nachrichten\/wp-content\/uploads\/2024\/09\/strassenweb-150x150.jpg","url":"https:\/\/www.strassenweb.de\/nachrichten\/wp-content\/uploads\/2024\/09\/strassenweb-150x150.jpg","contentUrl":"https:\/\/www.strassenweb.de\/nachrichten\/wp-content\/uploads\/2024\/09\/strassenweb-150x150.jpg","caption":"Robert Hoffmann"},"description":"Ich hei\u00dfe Robert Hoffmann und ich bin ein leidenschaftlicher Verfechter von \u00d6kologie und Biodiversit\u00e4t. Seit meiner Kindheit in den W\u00e4ldern Bayerns f\u00fchle ich mich mit der Natur verbunden und bin entschlossen, sie zu sch\u00fctzen. Heute widme ich mein Leben der Sensibilisierung anderer f\u00fcr die Bedeutung des Umweltschutzes f\u00fcr zuk\u00fcnftige Generationen.","sameAs":["https:\/\/www.strassenweb.de\/"]}]}},"_links":{"self":[{"href":"https:\/\/www.strassenweb.de\/nachrichten\/wp-json\/wp\/v2\/posts\/4555","targetHints":{"allow":["GET"]}}],"collection":[{"href":"https:\/\/www.strassenweb.de\/nachrichten\/wp-json\/wp\/v2\/posts"}],"about":[{"href":"https:\/\/www.strassenweb.de\/nachrichten\/wp-json\/wp\/v2\/types\/post"}],"author":[{"embeddable":true,"href":"https:\/\/www.strassenweb.de\/nachrichten\/wp-json\/wp\/v2\/users\/1"}],"replies":[{"embeddable":true,"href":"https:\/\/www.strassenweb.de\/nachrichten\/wp-json\/wp\/v2\/comments?post=4555"}],"version-history":[{"count":0,"href":"https:\/\/www.strassenweb.de\/nachrichten\/wp-json\/wp\/v2\/posts\/4555\/revisions"}],"wp:featuredmedia":[{"embeddable":true,"href":"https:\/\/www.strassenweb.de\/nachrichten\/wp-json\/wp\/v2\/media\/4556"}],"wp:attachment":[{"href":"https:\/\/www.strassenweb.de\/nachrichten\/wp-json\/wp\/v2\/media?parent=4555"}],"wp:term":[{"taxonomy":"category","embeddable":true,"href":"https:\/\/www.strassenweb.de\/nachrichten\/wp-json\/wp\/v2\/categories?post=4555"},{"taxonomy":"post_tag","embeddable":true,"href":"https:\/\/www.strassenweb.de\/nachrichten\/wp-json\/wp\/v2\/tags?post=4555"}],"curies":[{"name":"wp","href":"https:\/\/api.w.org\/{rel}","templated":true}]}}