{"id":453,"date":"2024-09-30T15:43:23","date_gmt":"2024-09-30T13:43:23","guid":{"rendered":"https:\/\/www.strassenweb.de\/nachrichten\/winter-tree-id-2023-online-dienstag-19-dezember-2023\/"},"modified":"2024-09-30T15:43:23","modified_gmt":"2024-09-30T13:43:23","slug":"winter-tree-id-2023-online-dienstag-19-dezember-2023","status":"publish","type":"post","link":"https:\/\/www.strassenweb.de\/nachrichten\/winter-tree-id-2023-online-dienstag-19-dezember-2023\/","title":{"rendered":"Winter Tree ID 2023 ONLINE \u2013 Dienstag, 19. Dezember 2023"},"content":{"rendered":"<h4 class=\"wp-block-heading\">Di, 19. Dezember 2023 09:00 \u2013 13:00 GMT<\/h4>\n<hr class=\"wp-block-separator has-alpha-channel-opacity\">\n<h4 class=\"wp-block-heading\">ONLINE<\/h4>\n<hr class=\"wp-block-separator has-alpha-channel-opacity\">\n<h4 class=\"wp-block-heading\">Tutor: Dominic Price<\/h4>\n<hr class=\"wp-block-separator has-alpha-channel-opacity\">\n<h4 class=\"wp-block-heading\">Weitere Informationen und die M\u00f6glichkeit, ein Ticket zu buchen, besuchen Sie Eventbrite.<\/h4>\n<hr class=\"wp-block-separator has-alpha-channel-opacity\">\n<h2 class=\"wp-block-heading\">Identifizieren von B\u00e4umen und Str\u00e4uchern im Winter<\/h2>\n<h3 class=\"wp-block-heading\">Ein halbt\u00e4giger Online-Kurs f\u00fcr Teilnehmer <\/h3>\n<ul class=\"wp-block-list\">\n<li>die F\u00e4higkeiten und das Selbstvertrauen, B\u00e4ume und Str\u00e4ucher zu erkennen, wenn sie nicht belaubt sind <\/li>\n<li>Ein Satz von ca. 25 beschrifteten, in Gro\u00dfbritannien heimischen Zweigen, die vor dem Kurs an Ihre Adresse geschickt werden<\/li>\n<li>ein kostenloses Exemplar des FSC Aidgap Winter Trees-Leitfadens<\/li>\n<\/ul>\n<p>B\u00e4ume in den Wintermonaten zu identifizieren, wenn sie selten Bl\u00e4tter oder Fr\u00fcchte tragen, ist eine echte Kunstform; aber \u00fcberraschend einfach, wenn man wei\u00df, wonach man suchen muss. Dieser Kurs gibt den Teilnehmern die M\u00f6glichkeit, einen Blick auf die meisten einheimischen britischen Arten zu werfen und zu lernen, wie man sie sicher identifiziert. Au\u00dferdem erhalten sie eine Reihe beschrifteter Zweige, die sie behalten k\u00f6nnen, um das Wiederholen zu erleichtern und Ihre Freunde zu beeindrucken. <\/p>\n<p>Wir f\u00fchren diesen Kurs seit sechs Jahren in London und Wiltshire durch. Normalerweise dauert er einen ganzen Tag mit einem Besuch vor Ort und einem Test am Nachmittag. Im Jahr 2020 haben wir diesen Kurs online durchgef\u00fchrt und sind nun der Meinung, dass dieses Format f\u00fcr diesen Kurs besser funktioniert als f\u00fcr die Durchf\u00fchrung vor Ort, sodass die Teilnehmer das Tutorial in ihrem eigenen Tempo und bequem von zu Hause aus durcharbeiten k\u00f6nnen. Wir hoffen, dass dadurch der Kurs auch f\u00fcr Teilnehmer aus dem gesamten Vereinigten K\u00f6nigreich ge\u00f6ffnet wird, die nicht an fr\u00fcheren Veranstaltungen teilnehmen konnten, und dass der CO2-Fu\u00dfabdruck des Kurses durch den Wegfall von Reisen radikal reduziert wird.<\/p>\n<p>Der gesamte Erl\u00f6s des Kurses kommt der Unterst\u00fctzung unserer Arbeit zum Schutz gef\u00e4hrdeter Arten zugute.<\/p>\n<p>Im Kurspreis enthalten<\/p>\n<ul class=\"wp-block-list\">\n<li>Ein kostenloses Exemplar des renommierten 48-seitigen Farbf\u00fchrers f\u00fcr winterliche B\u00e4ume und Str\u00e4ucher.<\/li>\n<li>Ein Satz von 20\u201330 nummerierten Zweigen einheimischer Arten im Vereinigten K\u00f6nigreich, die w\u00e4hrend des Kurses untersucht, beschriftet und am Ende aufbewahrt werden k\u00f6nnen. Diese werden Ihnen eine Woche vor dem Kurstermin per Post zugesandt.<\/li>\n<\/ul>\n<p>Der Kurs umfasst ein vorab aufgezeichnetes Tutorial, in dem die einzelnen Arten einzeln durchgegangen werden, gefolgt von einem Test und einer 45-min\u00fctigen Zoom-Frage-und-Antwort-Sitzung.<\/p>\n<h3 class=\"wp-block-heading\">\u00dcber den Tutor:<\/h3>\n<p>Dominic Price ist ein hoch angesehener Dozent f\u00fcr Botanik und leitet seit 2007 Kurse f\u00fcr \u00d6kologen aller Niveaus. Er ist Direktor des Species Recovery Trust und auf den Schutz gef\u00e4hrdeter Arten spezialisiert. Er ist Autor von \u201eA Field Guide to Grasses, Sedges and Rushes\u201c und Co-Autor von \u201eThe Photographic Guide to Winter Trees and Shrubs\u201c. <\/p>\n<h3 class=\"wp-block-heading\">Was man haben sollte<\/h3>\n<ul class=\"wp-block-list\">\n<li>Vollst\u00e4ndiger Satz Zweige (den Sie eine Woche vor dem Kurs erhalten) <\/li>\n<li>Gute Beleuchtung und wenn m\u00f6glich eine Handlinse\/Lupe<\/li>\n<\/ul>\n<p>Nachdem wir w\u00e4hrend des Lockdowns die Vor- und Nachteile verschiedener Webinar-Hosting-Plattformen kennengelernt haben, haben wir beschlossen, den Kurs \u00fcber ein vorab aufgezeichnetes Youtube-Video durchzuf\u00fchren, gefolgt von einem optionalen Test und Live-Zoom-Fragen und Antworten am Ende. Wir hoffen, dass dadurch alle Teilnehmer die Sitzung problemlos verfolgen k\u00f6nnen, unabh\u00e4ngig davon, auf welcher Hardware und Software Sie sie ausf\u00fchren.<\/p>\n<h3 class=\"wp-block-heading\">Zeitplan<\/h3>\n<p>9:30 Uhr Video-Tutorial starten<\/p>\n<p>12:15 Video-Tutorial endet<\/p>\n<p>12:20 Optionale Zoom-Frage-und-Antwort-Sitzung<\/p>\n<p>13:15 Fertig<\/p>\n<p>Das Video steht den Teilnehmern am Vortag ab 17 Uhr zur Verf\u00fcgung und bleibt 24 Stunden lang live.<\/p>\n<p>Vier Tage vor dem Kurs sollten Sie eine E-Mail mit allen Anmeldeinformationen erhalten. Es scheint, dass mehrere arbeitsbasierte Server Spam-Nachrichten von Eventbrite verschicken. Wenn Sie also bis dahin noch nichts von uns geh\u00f6rt haben, \u00fcberpr\u00fcfen Sie bitte Ihren Junk-Ordner sowie die E-Mail-Adresse, \u00fcber die Sie den Kurs gebucht haben, und falls Sie sie immer noch nicht finden k\u00f6nnen Bitte nehmen Sie schnellstm\u00f6glich Kontakt mit uns auf.<\/p>\n<h3 class=\"wp-block-heading\">Feedback aus fr\u00fcheren realen Kursen<\/h3>\n<p>\u201eIch fand, dass es sich um einen gut pr\u00e4sentierten Kurs handelte, er f\u00fchlte sich angenehm und ungezwungen an, w\u00e4hrend ich eine relativ formelle Identifikationsmethode lernte, die ich sehr bef\u00fcrworte.\u201c Die Tutoren waren sehr offen f\u00fcr Fragen und Anregungen. \u201eDaumen hoch.\u201c<\/p>\n<p>\u201eIch f\u00fchle mich sicherer, wenn es darum geht, eine Reihe von Arten zu identifizieren, was vor meiner Teilnahme nicht der Fall war.\u201c<\/p>\n<p>\u201eMeine Zweigsammlung ist jetzt im B\u00fcro der \u00d6kologieberatung ausgestellt, wo die Mitarbeiter ihr Wissen testen und das Buch sehr gut angenommen wurde.\u201c Nochmals vielen Dank an Dominic. &#8218;<\/p>\n<p>\u201eIch fand es gro\u00dfartig \u2013 gute Lage, genau die richtige Anzahl an B\u00e4umen, die unterrichtet wurden (mehr, und ich h\u00e4tte vielleicht angefangen, die Konzentration zu verlieren, noch weniger, und ich w\u00e4re vielleicht ein bisschen entt\u00e4uscht gewesen).\u201c &#8218;<\/p>\n<p>\u201eFantastischer Kurs, auf dem richtigen Niveau f\u00fcr mich\u201c<\/p>\n<p>\u201eIch fand es toll, wie praxisorientiert der Kurs drau\u00dfen auf dem Feld war\u201c<\/p>\n<p>\u201eEinfache Herangehensweise des Tutors.\u201c Wir k\u00f6nnten alle Fragen stellen.<\/p>\n<p>\u201eWirklich interessanter Kurs, anregend und fesselnd\u201c<\/p>\n<h4 class=\"wp-block-heading\">Weitere Informationen und die M\u00f6glichkeit, ein Ticket zu buchen, besuchen Sie Eventbrite.<\/h4>\n","protected":false},"excerpt":{"rendered":"<p>Di, 19. Dezember 2023 09:00 \u2013 13:00 GMT ONLINE Tutor: Dominic Price Weitere Informationen und die M\u00f6glichkeit, ein Ticket zu buchen, besuchen Sie Eventbrite. Identifizieren<\/p>\n","protected":false},"author":1,"featured_media":454,"comment_status":"closed","ping_status":"","sticky":false,"template":"","format":"standard","meta":{"footnotes":""},"categories":[101],"tags":[912,454,911,910,204],"class_list":["post-453","post","type-post","status-publish","format-standard","has-post-thumbnail","hentry","category-oekologie","tag-dezember","tag-dienstag","tag-online","tag-tree","tag-winter","generate-columns","tablet-grid-50","mobile-grid-100","grid-parent","grid-50"],"yoast_head":"<!-- This site is optimized with the Yoast SEO plugin v27.3 - https:\/\/yoast.com\/product\/yoast-seo-wordpress\/ -->\n<title>Winter Tree ID 2023 ONLINE \u2013 Dienstag, 19. Dezember 2023 - Nachrichten - Stra\u00dfenweb<\/title>\n<meta name=\"robots\" content=\"index, follow, max-snippet:-1, max-image-preview:large, max-video-preview:-1\" \/>\n<link rel=\"canonical\" href=\"https:\/\/www.strassenweb.de\/nachrichten\/winter-tree-id-2023-online-dienstag-19-dezember-2023\/\" \/>\n<meta property=\"og:locale\" content=\"de_DE\" \/>\n<meta property=\"og:type\" content=\"article\" \/>\n<meta property=\"og:title\" content=\"Winter Tree ID 2023 ONLINE \u2013 Dienstag, 19. Dezember 2023 - Nachrichten - Stra\u00dfenweb\" \/>\n<meta property=\"og:description\" content=\"Di, 19. Dezember 2023 09:00 \u2013 13:00 GMT ONLINE Tutor: Dominic Price Weitere Informationen und die M\u00f6glichkeit, ein Ticket zu buchen, besuchen Sie Eventbrite. Identifizieren\" \/>\n<meta property=\"og:url\" content=\"https:\/\/www.strassenweb.de\/nachrichten\/winter-tree-id-2023-online-dienstag-19-dezember-2023\/\" \/>\n<meta property=\"og:site_name\" content=\"Stra\u00dfenweb\" \/>\n<meta property=\"article:publisher\" content=\"https:\/\/www.facebook.com\/strassenweb\/\" \/>\n<meta property=\"article:published_time\" content=\"2024-09-30T13:43:23+00:00\" \/>\n<meta property=\"og:image\" content=\"https:\/\/www.strassenweb.de\/nachrichten\/wp-content\/uploads\/2024\/09\/Winter-Tree-ID-2023-ONLINE-\u2013-Dienstag-19-Dezember-2023.jpeg\" \/>\n\t<meta property=\"og:image:width\" content=\"900\" \/>\n\t<meta property=\"og:image:height\" content=\"450\" \/>\n\t<meta property=\"og:image:type\" content=\"image\/jpeg\" \/>\n<meta name=\"author\" content=\"Robert Hoffmann\" \/>\n<meta name=\"twitter:card\" content=\"summary_large_image\" \/>\n<meta name=\"twitter:label1\" content=\"Verfasst von\" \/>\n\t<meta name=\"twitter:data1\" content=\"Robert Hoffmann\" \/>\n\t<meta name=\"twitter:label2\" content=\"Gesch\u00e4tzte Lesezeit\" \/>\n\t<meta name=\"twitter:data2\" content=\"4\u00a0Minuten\" \/>\n<script type=\"application\/ld+json\" class=\"yoast-schema-graph\">{\"@context\":\"https:\\\/\\\/schema.org\",\"@graph\":[{\"@type\":\"Article\",\"@id\":\"https:\\\/\\\/www.strassenweb.de\\\/nachrichten\\\/winter-tree-id-2023-online-dienstag-19-dezember-2023\\\/#article\",\"isPartOf\":{\"@id\":\"https:\\\/\\\/www.strassenweb.de\\\/nachrichten\\\/winter-tree-id-2023-online-dienstag-19-dezember-2023\\\/\"},\"author\":{\"name\":\"Robert Hoffmann\",\"@id\":\"https:\\\/\\\/www.strassenweb.de\\\/nachrichten\\\/#\\\/schema\\\/person\\\/87c9c9067f1211da429a744dc5a5aa41\"},\"headline\":\"Winter Tree ID 2023 ONLINE \u2013 Dienstag, 19. Dezember 2023\",\"datePublished\":\"2024-09-30T13:43:23+00:00\",\"mainEntityOfPage\":{\"@id\":\"https:\\\/\\\/www.strassenweb.de\\\/nachrichten\\\/winter-tree-id-2023-online-dienstag-19-dezember-2023\\\/\"},\"wordCount\":820,\"publisher\":{\"@id\":\"https:\\\/\\\/www.strassenweb.de\\\/nachrichten\\\/#organization\"},\"image\":{\"@id\":\"https:\\\/\\\/www.strassenweb.de\\\/nachrichten\\\/winter-tree-id-2023-online-dienstag-19-dezember-2023\\\/#primaryimage\"},\"thumbnailUrl\":\"https:\\\/\\\/www.strassenweb.de\\\/nachrichten\\\/wp-content\\\/uploads\\\/2024\\\/09\\\/Winter-Tree-ID-2023-ONLINE-\u2013-Dienstag-19-Dezember-2023.jpeg\",\"keywords\":[\"Dezember\",\"DIENSTAG\",\"ONLINE\",\"Tree\",\"Winter\"],\"articleSection\":[\"\u00d6kologie\"],\"inLanguage\":\"de\"},{\"@type\":\"WebPage\",\"@id\":\"https:\\\/\\\/www.strassenweb.de\\\/nachrichten\\\/winter-tree-id-2023-online-dienstag-19-dezember-2023\\\/\",\"url\":\"https:\\\/\\\/www.strassenweb.de\\\/nachrichten\\\/winter-tree-id-2023-online-dienstag-19-dezember-2023\\\/\",\"name\":\"Winter Tree ID 2023 ONLINE \u2013 Dienstag, 19. Dezember 2023 - Nachrichten - Stra\u00dfenweb\",\"isPartOf\":{\"@id\":\"https:\\\/\\\/www.strassenweb.de\\\/nachrichten\\\/#website\"},\"primaryImageOfPage\":{\"@id\":\"https:\\\/\\\/www.strassenweb.de\\\/nachrichten\\\/winter-tree-id-2023-online-dienstag-19-dezember-2023\\\/#primaryimage\"},\"image\":{\"@id\":\"https:\\\/\\\/www.strassenweb.de\\\/nachrichten\\\/winter-tree-id-2023-online-dienstag-19-dezember-2023\\\/#primaryimage\"},\"thumbnailUrl\":\"https:\\\/\\\/www.strassenweb.de\\\/nachrichten\\\/wp-content\\\/uploads\\\/2024\\\/09\\\/Winter-Tree-ID-2023-ONLINE-\u2013-Dienstag-19-Dezember-2023.jpeg\",\"datePublished\":\"2024-09-30T13:43:23+00:00\",\"breadcrumb\":{\"@id\":\"https:\\\/\\\/www.strassenweb.de\\\/nachrichten\\\/winter-tree-id-2023-online-dienstag-19-dezember-2023\\\/#breadcrumb\"},\"inLanguage\":\"de\",\"potentialAction\":[{\"@type\":\"ReadAction\",\"target\":[\"https:\\\/\\\/www.strassenweb.de\\\/nachrichten\\\/winter-tree-id-2023-online-dienstag-19-dezember-2023\\\/\"]}]},{\"@type\":\"ImageObject\",\"inLanguage\":\"de\",\"@id\":\"https:\\\/\\\/www.strassenweb.de\\\/nachrichten\\\/winter-tree-id-2023-online-dienstag-19-dezember-2023\\\/#primaryimage\",\"url\":\"https:\\\/\\\/www.strassenweb.de\\\/nachrichten\\\/wp-content\\\/uploads\\\/2024\\\/09\\\/Winter-Tree-ID-2023-ONLINE-\u2013-Dienstag-19-Dezember-2023.jpeg\",\"contentUrl\":\"https:\\\/\\\/www.strassenweb.de\\\/nachrichten\\\/wp-content\\\/uploads\\\/2024\\\/09\\\/Winter-Tree-ID-2023-ONLINE-\u2013-Dienstag-19-Dezember-2023.jpeg\",\"width\":900,\"height\":450,\"caption\":\"Winter Tree ID 2023 ONLINE\"},{\"@type\":\"BreadcrumbList\",\"@id\":\"https:\\\/\\\/www.strassenweb.de\\\/nachrichten\\\/winter-tree-id-2023-online-dienstag-19-dezember-2023\\\/#breadcrumb\",\"itemListElement\":[{\"@type\":\"ListItem\",\"position\":1,\"name\":\"Home\",\"item\":\"https:\\\/\\\/www.strassenweb.de\\\/nachrichten\\\/\"},{\"@type\":\"ListItem\",\"position\":2,\"name\":\"Winter Tree ID 2023 ONLINE \u2013 Dienstag, 19. Dezember 2023\"}]},{\"@type\":\"WebSite\",\"@id\":\"https:\\\/\\\/www.strassenweb.de\\\/nachrichten\\\/#website\",\"url\":\"https:\\\/\\\/www.strassenweb.de\\\/nachrichten\\\/\",\"name\":\"Stra\u00dfenweb\",\"description\":\"Stra\u00dfenverzeichnis f\u00fcr Deutschland\",\"publisher\":{\"@id\":\"https:\\\/\\\/www.strassenweb.de\\\/nachrichten\\\/#organization\"},\"potentialAction\":[{\"@type\":\"SearchAction\",\"target\":{\"@type\":\"EntryPoint\",\"urlTemplate\":\"https:\\\/\\\/www.strassenweb.de\\\/nachrichten\\\/?s={search_term_string}\"},\"query-input\":{\"@type\":\"PropertyValueSpecification\",\"valueRequired\":true,\"valueName\":\"search_term_string\"}}],\"inLanguage\":\"de\"},{\"@type\":\"Organization\",\"@id\":\"https:\\\/\\\/www.strassenweb.de\\\/nachrichten\\\/#organization\",\"name\":\"Stra\u00dfenweb\",\"url\":\"https:\\\/\\\/www.strassenweb.de\\\/nachrichten\\\/\",\"logo\":{\"@type\":\"ImageObject\",\"inLanguage\":\"de\",\"@id\":\"https:\\\/\\\/www.strassenweb.de\\\/nachrichten\\\/#\\\/schema\\\/logo\\\/image\\\/\",\"url\":\"https:\\\/\\\/www.strassenweb.de\\\/nachrichten\\\/wp-content\\\/uploads\\\/2024\\\/09\\\/cropped-favicon.png\",\"contentUrl\":\"https:\\\/\\\/www.strassenweb.de\\\/nachrichten\\\/wp-content\\\/uploads\\\/2024\\\/09\\\/cropped-favicon.png\",\"width\":512,\"height\":512,\"caption\":\"Stra\u00dfenweb\"},\"image\":{\"@id\":\"https:\\\/\\\/www.strassenweb.de\\\/nachrichten\\\/#\\\/schema\\\/logo\\\/image\\\/\"},\"sameAs\":[\"https:\\\/\\\/www.facebook.com\\\/strassenweb\\\/\"]},{\"@type\":\"Person\",\"@id\":\"https:\\\/\\\/www.strassenweb.de\\\/nachrichten\\\/#\\\/schema\\\/person\\\/87c9c9067f1211da429a744dc5a5aa41\",\"name\":\"Robert Hoffmann\",\"image\":{\"@type\":\"ImageObject\",\"inLanguage\":\"de\",\"@id\":\"https:\\\/\\\/www.strassenweb.de\\\/nachrichten\\\/wp-content\\\/uploads\\\/2024\\\/09\\\/strassenweb-150x150.jpg\",\"url\":\"https:\\\/\\\/www.strassenweb.de\\\/nachrichten\\\/wp-content\\\/uploads\\\/2024\\\/09\\\/strassenweb-150x150.jpg\",\"contentUrl\":\"https:\\\/\\\/www.strassenweb.de\\\/nachrichten\\\/wp-content\\\/uploads\\\/2024\\\/09\\\/strassenweb-150x150.jpg\",\"caption\":\"Robert Hoffmann\"},\"description\":\"Ich hei\u00dfe Robert Hoffmann und ich bin ein leidenschaftlicher Verfechter von \u00d6kologie und Biodiversit\u00e4t. Seit meiner Kindheit in den W\u00e4ldern Bayerns f\u00fchle ich mich mit der Natur verbunden und bin entschlossen, sie zu sch\u00fctzen. Heute widme ich mein Leben der Sensibilisierung anderer f\u00fcr die Bedeutung des Umweltschutzes f\u00fcr zuk\u00fcnftige Generationen.\",\"sameAs\":[\"https:\\\/\\\/www.strassenweb.de\\\/\"]}]}<\/script>\n<!-- \/ Yoast SEO plugin. -->","yoast_head_json":{"title":"Winter Tree ID 2023 ONLINE \u2013 Dienstag, 19. Dezember 2023 - Nachrichten - Stra\u00dfenweb","robots":{"index":"index","follow":"follow","max-snippet":"max-snippet:-1","max-image-preview":"max-image-preview:large","max-video-preview":"max-video-preview:-1"},"canonical":"https:\/\/www.strassenweb.de\/nachrichten\/winter-tree-id-2023-online-dienstag-19-dezember-2023\/","og_locale":"de_DE","og_type":"article","og_title":"Winter Tree ID 2023 ONLINE \u2013 Dienstag, 19. Dezember 2023 - Nachrichten - Stra\u00dfenweb","og_description":"Di, 19. Dezember 2023 09:00 \u2013 13:00 GMT ONLINE Tutor: Dominic Price Weitere Informationen und die M\u00f6glichkeit, ein Ticket zu buchen, besuchen Sie Eventbrite. Identifizieren","og_url":"https:\/\/www.strassenweb.de\/nachrichten\/winter-tree-id-2023-online-dienstag-19-dezember-2023\/","og_site_name":"Stra\u00dfenweb","article_publisher":"https:\/\/www.facebook.com\/strassenweb\/","article_published_time":"2024-09-30T13:43:23+00:00","og_image":[{"width":900,"height":450,"url":"https:\/\/www.strassenweb.de\/nachrichten\/wp-content\/uploads\/2024\/09\/Winter-Tree-ID-2023-ONLINE-\u2013-Dienstag-19-Dezember-2023.jpeg","type":"image\/jpeg"}],"author":"Robert Hoffmann","twitter_card":"summary_large_image","twitter_misc":{"Verfasst von":"Robert Hoffmann","Gesch\u00e4tzte Lesezeit":"4\u00a0Minuten"},"schema":{"@context":"https:\/\/schema.org","@graph":[{"@type":"Article","@id":"https:\/\/www.strassenweb.de\/nachrichten\/winter-tree-id-2023-online-dienstag-19-dezember-2023\/#article","isPartOf":{"@id":"https:\/\/www.strassenweb.de\/nachrichten\/winter-tree-id-2023-online-dienstag-19-dezember-2023\/"},"author":{"name":"Robert Hoffmann","@id":"https:\/\/www.strassenweb.de\/nachrichten\/#\/schema\/person\/87c9c9067f1211da429a744dc5a5aa41"},"headline":"Winter Tree ID 2023 ONLINE \u2013 Dienstag, 19. Dezember 2023","datePublished":"2024-09-30T13:43:23+00:00","mainEntityOfPage":{"@id":"https:\/\/www.strassenweb.de\/nachrichten\/winter-tree-id-2023-online-dienstag-19-dezember-2023\/"},"wordCount":820,"publisher":{"@id":"https:\/\/www.strassenweb.de\/nachrichten\/#organization"},"image":{"@id":"https:\/\/www.strassenweb.de\/nachrichten\/winter-tree-id-2023-online-dienstag-19-dezember-2023\/#primaryimage"},"thumbnailUrl":"https:\/\/www.strassenweb.de\/nachrichten\/wp-content\/uploads\/2024\/09\/Winter-Tree-ID-2023-ONLINE-\u2013-Dienstag-19-Dezember-2023.jpeg","keywords":["Dezember","DIENSTAG","ONLINE","Tree","Winter"],"articleSection":["\u00d6kologie"],"inLanguage":"de"},{"@type":"WebPage","@id":"https:\/\/www.strassenweb.de\/nachrichten\/winter-tree-id-2023-online-dienstag-19-dezember-2023\/","url":"https:\/\/www.strassenweb.de\/nachrichten\/winter-tree-id-2023-online-dienstag-19-dezember-2023\/","name":"Winter Tree ID 2023 ONLINE \u2013 Dienstag, 19. Dezember 2023 - Nachrichten - Stra\u00dfenweb","isPartOf":{"@id":"https:\/\/www.strassenweb.de\/nachrichten\/#website"},"primaryImageOfPage":{"@id":"https:\/\/www.strassenweb.de\/nachrichten\/winter-tree-id-2023-online-dienstag-19-dezember-2023\/#primaryimage"},"image":{"@id":"https:\/\/www.strassenweb.de\/nachrichten\/winter-tree-id-2023-online-dienstag-19-dezember-2023\/#primaryimage"},"thumbnailUrl":"https:\/\/www.strassenweb.de\/nachrichten\/wp-content\/uploads\/2024\/09\/Winter-Tree-ID-2023-ONLINE-\u2013-Dienstag-19-Dezember-2023.jpeg","datePublished":"2024-09-30T13:43:23+00:00","breadcrumb":{"@id":"https:\/\/www.strassenweb.de\/nachrichten\/winter-tree-id-2023-online-dienstag-19-dezember-2023\/#breadcrumb"},"inLanguage":"de","potentialAction":[{"@type":"ReadAction","target":["https:\/\/www.strassenweb.de\/nachrichten\/winter-tree-id-2023-online-dienstag-19-dezember-2023\/"]}]},{"@type":"ImageObject","inLanguage":"de","@id":"https:\/\/www.strassenweb.de\/nachrichten\/winter-tree-id-2023-online-dienstag-19-dezember-2023\/#primaryimage","url":"https:\/\/www.strassenweb.de\/nachrichten\/wp-content\/uploads\/2024\/09\/Winter-Tree-ID-2023-ONLINE-\u2013-Dienstag-19-Dezember-2023.jpeg","contentUrl":"https:\/\/www.strassenweb.de\/nachrichten\/wp-content\/uploads\/2024\/09\/Winter-Tree-ID-2023-ONLINE-\u2013-Dienstag-19-Dezember-2023.jpeg","width":900,"height":450,"caption":"Winter Tree ID 2023 ONLINE"},{"@type":"BreadcrumbList","@id":"https:\/\/www.strassenweb.de\/nachrichten\/winter-tree-id-2023-online-dienstag-19-dezember-2023\/#breadcrumb","itemListElement":[{"@type":"ListItem","position":1,"name":"Home","item":"https:\/\/www.strassenweb.de\/nachrichten\/"},{"@type":"ListItem","position":2,"name":"Winter Tree ID 2023 ONLINE \u2013 Dienstag, 19. Dezember 2023"}]},{"@type":"WebSite","@id":"https:\/\/www.strassenweb.de\/nachrichten\/#website","url":"https:\/\/www.strassenweb.de\/nachrichten\/","name":"Stra\u00dfenweb","description":"Stra\u00dfenverzeichnis f\u00fcr Deutschland","publisher":{"@id":"https:\/\/www.strassenweb.de\/nachrichten\/#organization"},"potentialAction":[{"@type":"SearchAction","target":{"@type":"EntryPoint","urlTemplate":"https:\/\/www.strassenweb.de\/nachrichten\/?s={search_term_string}"},"query-input":{"@type":"PropertyValueSpecification","valueRequired":true,"valueName":"search_term_string"}}],"inLanguage":"de"},{"@type":"Organization","@id":"https:\/\/www.strassenweb.de\/nachrichten\/#organization","name":"Stra\u00dfenweb","url":"https:\/\/www.strassenweb.de\/nachrichten\/","logo":{"@type":"ImageObject","inLanguage":"de","@id":"https:\/\/www.strassenweb.de\/nachrichten\/#\/schema\/logo\/image\/","url":"https:\/\/www.strassenweb.de\/nachrichten\/wp-content\/uploads\/2024\/09\/cropped-favicon.png","contentUrl":"https:\/\/www.strassenweb.de\/nachrichten\/wp-content\/uploads\/2024\/09\/cropped-favicon.png","width":512,"height":512,"caption":"Stra\u00dfenweb"},"image":{"@id":"https:\/\/www.strassenweb.de\/nachrichten\/#\/schema\/logo\/image\/"},"sameAs":["https:\/\/www.facebook.com\/strassenweb\/"]},{"@type":"Person","@id":"https:\/\/www.strassenweb.de\/nachrichten\/#\/schema\/person\/87c9c9067f1211da429a744dc5a5aa41","name":"Robert Hoffmann","image":{"@type":"ImageObject","inLanguage":"de","@id":"https:\/\/www.strassenweb.de\/nachrichten\/wp-content\/uploads\/2024\/09\/strassenweb-150x150.jpg","url":"https:\/\/www.strassenweb.de\/nachrichten\/wp-content\/uploads\/2024\/09\/strassenweb-150x150.jpg","contentUrl":"https:\/\/www.strassenweb.de\/nachrichten\/wp-content\/uploads\/2024\/09\/strassenweb-150x150.jpg","caption":"Robert Hoffmann"},"description":"Ich hei\u00dfe Robert Hoffmann und ich bin ein leidenschaftlicher Verfechter von \u00d6kologie und Biodiversit\u00e4t. Seit meiner Kindheit in den W\u00e4ldern Bayerns f\u00fchle ich mich mit der Natur verbunden und bin entschlossen, sie zu sch\u00fctzen. Heute widme ich mein Leben der Sensibilisierung anderer f\u00fcr die Bedeutung des Umweltschutzes f\u00fcr zuk\u00fcnftige Generationen.","sameAs":["https:\/\/www.strassenweb.de\/"]}]}},"_links":{"self":[{"href":"https:\/\/www.strassenweb.de\/nachrichten\/wp-json\/wp\/v2\/posts\/453","targetHints":{"allow":["GET"]}}],"collection":[{"href":"https:\/\/www.strassenweb.de\/nachrichten\/wp-json\/wp\/v2\/posts"}],"about":[{"href":"https:\/\/www.strassenweb.de\/nachrichten\/wp-json\/wp\/v2\/types\/post"}],"author":[{"embeddable":true,"href":"https:\/\/www.strassenweb.de\/nachrichten\/wp-json\/wp\/v2\/users\/1"}],"replies":[{"embeddable":true,"href":"https:\/\/www.strassenweb.de\/nachrichten\/wp-json\/wp\/v2\/comments?post=453"}],"version-history":[{"count":0,"href":"https:\/\/www.strassenweb.de\/nachrichten\/wp-json\/wp\/v2\/posts\/453\/revisions"}],"wp:featuredmedia":[{"embeddable":true,"href":"https:\/\/www.strassenweb.de\/nachrichten\/wp-json\/wp\/v2\/media\/454"}],"wp:attachment":[{"href":"https:\/\/www.strassenweb.de\/nachrichten\/wp-json\/wp\/v2\/media?parent=453"}],"wp:term":[{"taxonomy":"category","embeddable":true,"href":"https:\/\/www.strassenweb.de\/nachrichten\/wp-json\/wp\/v2\/categories?post=453"},{"taxonomy":"post_tag","embeddable":true,"href":"https:\/\/www.strassenweb.de\/nachrichten\/wp-json\/wp\/v2\/tags?post=453"}],"curies":[{"name":"wp","href":"https:\/\/api.w.org\/{rel}","templated":true}]}}