{"id":4516,"date":"2025-04-16T16:40:22","date_gmt":"2025-04-16T14:40:22","guid":{"rendered":"https:\/\/www.strassenweb.de\/nachrichten\/verkohltes-kleines-juwel-mit-safran-dressing\/"},"modified":"2025-04-16T16:40:26","modified_gmt":"2025-04-16T14:40:26","slug":"verkohltes-kleines-juwel-mit-safran-dressing","status":"publish","type":"post","link":"https:\/\/www.strassenweb.de\/nachrichten\/verkohltes-kleines-juwel-mit-safran-dressing\/","title":{"rendered":"Verkohltes kleines Juwel mit Safran -Dressing"},"content":{"rendered":"<p><\/p>\n<div id=\"article-body\" class=\"article__body \">\n<p>Dieses Gericht nimmt wenig Edelsteinsalat in eine unerwartete Richtung und grillt es schnell bei hoher Hitze, um einen Kontrast zwischen rauchigen, verkohlten Kanten und einem knusprigen, coolen Kern zu erzeugen. Der Schl\u00fcssel ist, die Hitze hoch und die Kochzeit kurz zu halten, sodass der Salat eher als Wilts.<\/p>\n<div id=\"ad-unit-1\" class=\"ad-unit\"><\/div>\n<p>Stellen Sie sicher, dass Ihre Grillpfanne vor Beginn richtig hei\u00df ist, und befreien Sie die geschnittenen Seiten leicht mit \u00d6l, um das Kleben zu verhindern.<\/p>\n<aside class=\"hawk-base\" data-block-type=\"embed\" data-render-type=\"fte\" data-skip=\"dealsy\" data-widget-type=\"seasonal\">\n<div class=\"hawk-master-widget-hawk-base-wrapper\"><\/div>\n<\/aside>\n<p>Das Safran -Dressing mit seinem goldenen Farbton und seiner sanften Tiefe bringt einen duftenden Reichtum, der den Char erg\u00e4nzt, ohne die Frische der Gr\u00fcns zu \u00fcberw\u00e4ltigen. Eine ideale Seite sowohl f\u00fcr Lamm als auch f\u00fcr Fische und eine einfache Erg\u00e4nzung zu einem Ostermen\u00fc.<\/p>\n<div id=\"desktop-in-article\" class=\"in-article ad-unit\">\n<div id=\"desktop-taboola-mid-article\"><\/div>\n<\/div>\n<div id=\"mobile-in-article\" class=\"in-article ad-unit\">\n<div id=\"mobile-taboola-mid-article\"><\/div>\n<\/div>\n<h2 id=\"ingredients-3\">Zutaten<\/h2>\n<ul class=\"recipe-ingredient-list\">\n<li><strong>Dient 6<\/strong><\/li>\n<li>Prise Safranstr\u00e4nge<\/li>\n<li>1 Eigelb<\/li>\n<li>\u2153 Tasse mildes Oliven\u00f6l sowie zus\u00e4tzliche zum Beschichten von Salat<\/li>\n<li>Saft von \u00bd Zitrone<\/li>\n<li>1 Knoblauchzehe, zerquetscht<\/li>\n<li>Salz und schwarzer Pfeffer<\/li>\n<li>3 kleine Edelsteinsaletten, halbierte L\u00e4nge nach halb<\/li>\n<\/ul>\n<h2 id=\"the-homes-gardens-method-3\">Die Homes &#038; Gardens -Methode<\/h2>\n<p>1. Um das Safran -Dressing zu machen, legen Sie den Safran in eine kleine Sch\u00fcssel und gie\u00dfen Sie \u00fcber 2 Essl\u00f6ffel kochendes Wasser. Lassen Sie es 10 Minuten lang steilen.<\/p>\n<div class=\"van_vid_carousel\">\n<div class=\"van_vid_carousel__padding\">\n<div class=\"van_vid_carousel__container\"><\/div>\n<\/div>\n<\/div>\n<p>2. In einer separaten Sch\u00fcssel das Eigelb verquirlen. F\u00fcgen Sie langsam das Oliven\u00f6l nacheinander hinzu und wischen Sie kontinuierlich, bis etwa die H\u00e4lfte eingebaut ist.<\/p>\n<div id=\"ad-unit-2\" class=\"ad-unit\"><\/div>\n<p>3. F\u00fcgen Sie den Zitronensaft hinzu und verquirlen Sie das restliche \u00d6l weiter.<\/p>\n<p>4. R\u00fchren Sie das Safranwasser ein und zerkleinerte Knoblauch. F\u00fcgen Sie bei Bedarf etwas mehr Wasser hinzu, um die Mischung zu einer Verbandkonsistenz zu verd\u00fcnnen. Mit Salz zum Geschmack w\u00fcrzen.<\/p>\n<p>5. char die Salzh\u00e4use. Die geschnittenen Seiten der kleinen Edelsteinh\u00e4lften mit Oliven\u00f6l leicht beschichten.<\/p>\n<p>7. Eine Grillpfanne bei hoher Hitze bis zum Rauchen erhitzen.<\/p>\n<p>8. Legen Sie die Salaten nach unten und kochen Sie sie 1\u20132 Minuten lang, bis sie verkohlt sind. Umdrehen und die Au\u00dfenseiten f\u00fcr ein oder zwei Minuten verbringen.<\/p>\n<p>9. \u00dcbertragen Sie auf eine Servierplatte (wir lieben die klassische Einfachheit dieser Juliska -Berry &#038; Faden -Servierplatte von Wayfair), mit Salz und Pfeffer w\u00fcrzen und mit dem Safran -Dressing betr\u00e4ufeln. Servieren Sie ein zus\u00e4tzliches Dressing auf der Seite.<\/p>\n<hr>\n<p>Servieren Sie warm und liefern Sie auf der Seite viel zus\u00e4tzliche Dressing. Es macht eine schicke Erg\u00e4nzung zu jedem Fr\u00fchlingstisch (verkohltes kleines Juwel ist sehr im Trend) und kombiniert besonders gut mit einfachem gegrilltem Fleisch oder Fisch.<\/p>\n<\/div>\n","protected":false},"excerpt":{"rendered":"<p>Dieses Gericht nimmt wenig Edelsteinsalat in eine unerwartete Richtung und grillt es schnell bei hoher Hitze, um einen Kontrast zwischen rauchigen, verkohlten Kanten und einem<\/p>\n","protected":false},"author":1,"featured_media":4517,"comment_status":"closed","ping_status":"","sticky":false,"template":"","format":"standard","meta":{"footnotes":""},"categories":[118],"tags":[6720,5502,6718,146,6719,6717],"class_list":["post-4516","post","type-post","status-publish","format-standard","has-post-thumbnail","hentry","category-haus-garten","tag-dressing","tag-juwel","tag-kleines","tag-mit","tag-safran","tag-verkohltes","generate-columns","tablet-grid-50","mobile-grid-100","grid-parent","grid-50"],"yoast_head":"<!-- This site is optimized with the Yoast SEO plugin v27.3 - https:\/\/yoast.com\/product\/yoast-seo-wordpress\/ -->\n<title>Verkohltes kleines Juwel mit Safran -Dressing - Nachrichten - Stra\u00dfenweb<\/title>\n<meta name=\"robots\" content=\"index, follow, max-snippet:-1, max-image-preview:large, max-video-preview:-1\" \/>\n<link rel=\"canonical\" href=\"https:\/\/www.strassenweb.de\/nachrichten\/verkohltes-kleines-juwel-mit-safran-dressing\/\" \/>\n<meta property=\"og:locale\" content=\"de_DE\" \/>\n<meta property=\"og:type\" content=\"article\" \/>\n<meta property=\"og:title\" content=\"Verkohltes kleines Juwel mit Safran -Dressing - Nachrichten - Stra\u00dfenweb\" \/>\n<meta property=\"og:description\" content=\"Dieses Gericht nimmt wenig Edelsteinsalat in eine unerwartete Richtung und grillt es schnell bei hoher Hitze, um einen Kontrast zwischen rauchigen, verkohlten Kanten und einem\" \/>\n<meta property=\"og:url\" content=\"https:\/\/www.strassenweb.de\/nachrichten\/verkohltes-kleines-juwel-mit-safran-dressing\/\" \/>\n<meta property=\"og:site_name\" content=\"Stra\u00dfenweb\" \/>\n<meta property=\"article:publisher\" content=\"https:\/\/www.facebook.com\/strassenweb\/\" \/>\n<meta property=\"article:published_time\" content=\"2025-04-16T14:40:22+00:00\" \/>\n<meta property=\"article:modified_time\" content=\"2025-04-16T14:40:26+00:00\" \/>\n<meta property=\"og:image\" content=\"https:\/\/www.strassenweb.de\/nachrichten\/wp-content\/uploads\/2025\/04\/kfTFUeSrY43gdFJRecU3n9-scaled.jpg\" \/>\n\t<meta property=\"og:image:width\" content=\"2560\" \/>\n\t<meta property=\"og:image:height\" content=\"1440\" \/>\n\t<meta property=\"og:image:type\" content=\"image\/jpeg\" \/>\n<meta name=\"author\" content=\"Robert Hoffmann\" \/>\n<meta name=\"twitter:card\" content=\"summary_large_image\" \/>\n<meta name=\"twitter:label1\" content=\"Verfasst von\" \/>\n\t<meta name=\"twitter:data1\" content=\"Robert Hoffmann\" \/>\n\t<meta name=\"twitter:label2\" content=\"Gesch\u00e4tzte Lesezeit\" \/>\n\t<meta name=\"twitter:data2\" content=\"2\u00a0Minuten\" \/>\n<script type=\"application\/ld+json\" class=\"yoast-schema-graph\">{\"@context\":\"https:\\\/\\\/schema.org\",\"@graph\":[{\"@type\":\"Article\",\"@id\":\"https:\\\/\\\/www.strassenweb.de\\\/nachrichten\\\/verkohltes-kleines-juwel-mit-safran-dressing\\\/#article\",\"isPartOf\":{\"@id\":\"https:\\\/\\\/www.strassenweb.de\\\/nachrichten\\\/verkohltes-kleines-juwel-mit-safran-dressing\\\/\"},\"author\":{\"name\":\"Robert Hoffmann\",\"@id\":\"https:\\\/\\\/www.strassenweb.de\\\/nachrichten\\\/#\\\/schema\\\/person\\\/87c9c9067f1211da429a744dc5a5aa41\"},\"headline\":\"Verkohltes kleines Juwel mit Safran -Dressing\",\"datePublished\":\"2025-04-16T14:40:22+00:00\",\"dateModified\":\"2025-04-16T14:40:26+00:00\",\"mainEntityOfPage\":{\"@id\":\"https:\\\/\\\/www.strassenweb.de\\\/nachrichten\\\/verkohltes-kleines-juwel-mit-safran-dressing\\\/\"},\"wordCount\":402,\"publisher\":{\"@id\":\"https:\\\/\\\/www.strassenweb.de\\\/nachrichten\\\/#organization\"},\"image\":{\"@id\":\"https:\\\/\\\/www.strassenweb.de\\\/nachrichten\\\/verkohltes-kleines-juwel-mit-safran-dressing\\\/#primaryimage\"},\"thumbnailUrl\":\"https:\\\/\\\/www.strassenweb.de\\\/nachrichten\\\/wp-content\\\/uploads\\\/2025\\\/04\\\/kfTFUeSrY43gdFJRecU3n9-scaled.jpg\",\"keywords\":[\"Dressing\",\"Juwel\",\"kleines\",\"mit\",\"Safran\",\"Verkohltes\"],\"articleSection\":[\"Haus &amp; Garten\"],\"inLanguage\":\"de\"},{\"@type\":\"WebPage\",\"@id\":\"https:\\\/\\\/www.strassenweb.de\\\/nachrichten\\\/verkohltes-kleines-juwel-mit-safran-dressing\\\/\",\"url\":\"https:\\\/\\\/www.strassenweb.de\\\/nachrichten\\\/verkohltes-kleines-juwel-mit-safran-dressing\\\/\",\"name\":\"Verkohltes kleines Juwel mit Safran -Dressing - Nachrichten - Stra\u00dfenweb\",\"isPartOf\":{\"@id\":\"https:\\\/\\\/www.strassenweb.de\\\/nachrichten\\\/#website\"},\"primaryImageOfPage\":{\"@id\":\"https:\\\/\\\/www.strassenweb.de\\\/nachrichten\\\/verkohltes-kleines-juwel-mit-safran-dressing\\\/#primaryimage\"},\"image\":{\"@id\":\"https:\\\/\\\/www.strassenweb.de\\\/nachrichten\\\/verkohltes-kleines-juwel-mit-safran-dressing\\\/#primaryimage\"},\"thumbnailUrl\":\"https:\\\/\\\/www.strassenweb.de\\\/nachrichten\\\/wp-content\\\/uploads\\\/2025\\\/04\\\/kfTFUeSrY43gdFJRecU3n9-scaled.jpg\",\"datePublished\":\"2025-04-16T14:40:22+00:00\",\"dateModified\":\"2025-04-16T14:40:26+00:00\",\"breadcrumb\":{\"@id\":\"https:\\\/\\\/www.strassenweb.de\\\/nachrichten\\\/verkohltes-kleines-juwel-mit-safran-dressing\\\/#breadcrumb\"},\"inLanguage\":\"de\",\"potentialAction\":[{\"@type\":\"ReadAction\",\"target\":[\"https:\\\/\\\/www.strassenweb.de\\\/nachrichten\\\/verkohltes-kleines-juwel-mit-safran-dressing\\\/\"]}]},{\"@type\":\"ImageObject\",\"inLanguage\":\"de\",\"@id\":\"https:\\\/\\\/www.strassenweb.de\\\/nachrichten\\\/verkohltes-kleines-juwel-mit-safran-dressing\\\/#primaryimage\",\"url\":\"https:\\\/\\\/www.strassenweb.de\\\/nachrichten\\\/wp-content\\\/uploads\\\/2025\\\/04\\\/kfTFUeSrY43gdFJRecU3n9-scaled.jpg\",\"contentUrl\":\"https:\\\/\\\/www.strassenweb.de\\\/nachrichten\\\/wp-content\\\/uploads\\\/2025\\\/04\\\/kfTFUeSrY43gdFJRecU3n9-scaled.jpg\",\"width\":2560,\"height\":1440,\"caption\":\"CHARRED LITTLE GEM WITH SAFFRON DRESSING\"},{\"@type\":\"BreadcrumbList\",\"@id\":\"https:\\\/\\\/www.strassenweb.de\\\/nachrichten\\\/verkohltes-kleines-juwel-mit-safran-dressing\\\/#breadcrumb\",\"itemListElement\":[{\"@type\":\"ListItem\",\"position\":1,\"name\":\"Home\",\"item\":\"https:\\\/\\\/www.strassenweb.de\\\/nachrichten\\\/\"},{\"@type\":\"ListItem\",\"position\":2,\"name\":\"Verkohltes kleines Juwel mit Safran -Dressing\"}]},{\"@type\":\"WebSite\",\"@id\":\"https:\\\/\\\/www.strassenweb.de\\\/nachrichten\\\/#website\",\"url\":\"https:\\\/\\\/www.strassenweb.de\\\/nachrichten\\\/\",\"name\":\"Stra\u00dfenweb\",\"description\":\"Stra\u00dfenverzeichnis f\u00fcr Deutschland\",\"publisher\":{\"@id\":\"https:\\\/\\\/www.strassenweb.de\\\/nachrichten\\\/#organization\"},\"potentialAction\":[{\"@type\":\"SearchAction\",\"target\":{\"@type\":\"EntryPoint\",\"urlTemplate\":\"https:\\\/\\\/www.strassenweb.de\\\/nachrichten\\\/?s={search_term_string}\"},\"query-input\":{\"@type\":\"PropertyValueSpecification\",\"valueRequired\":true,\"valueName\":\"search_term_string\"}}],\"inLanguage\":\"de\"},{\"@type\":\"Organization\",\"@id\":\"https:\\\/\\\/www.strassenweb.de\\\/nachrichten\\\/#organization\",\"name\":\"Stra\u00dfenweb\",\"url\":\"https:\\\/\\\/www.strassenweb.de\\\/nachrichten\\\/\",\"logo\":{\"@type\":\"ImageObject\",\"inLanguage\":\"de\",\"@id\":\"https:\\\/\\\/www.strassenweb.de\\\/nachrichten\\\/#\\\/schema\\\/logo\\\/image\\\/\",\"url\":\"https:\\\/\\\/www.strassenweb.de\\\/nachrichten\\\/wp-content\\\/uploads\\\/2024\\\/09\\\/cropped-favicon.png\",\"contentUrl\":\"https:\\\/\\\/www.strassenweb.de\\\/nachrichten\\\/wp-content\\\/uploads\\\/2024\\\/09\\\/cropped-favicon.png\",\"width\":512,\"height\":512,\"caption\":\"Stra\u00dfenweb\"},\"image\":{\"@id\":\"https:\\\/\\\/www.strassenweb.de\\\/nachrichten\\\/#\\\/schema\\\/logo\\\/image\\\/\"},\"sameAs\":[\"https:\\\/\\\/www.facebook.com\\\/strassenweb\\\/\"]},{\"@type\":\"Person\",\"@id\":\"https:\\\/\\\/www.strassenweb.de\\\/nachrichten\\\/#\\\/schema\\\/person\\\/87c9c9067f1211da429a744dc5a5aa41\",\"name\":\"Robert Hoffmann\",\"image\":{\"@type\":\"ImageObject\",\"inLanguage\":\"de\",\"@id\":\"https:\\\/\\\/www.strassenweb.de\\\/nachrichten\\\/wp-content\\\/uploads\\\/2024\\\/09\\\/strassenweb-150x150.jpg\",\"url\":\"https:\\\/\\\/www.strassenweb.de\\\/nachrichten\\\/wp-content\\\/uploads\\\/2024\\\/09\\\/strassenweb-150x150.jpg\",\"contentUrl\":\"https:\\\/\\\/www.strassenweb.de\\\/nachrichten\\\/wp-content\\\/uploads\\\/2024\\\/09\\\/strassenweb-150x150.jpg\",\"caption\":\"Robert Hoffmann\"},\"description\":\"Ich hei\u00dfe Robert Hoffmann und ich bin ein leidenschaftlicher Verfechter von \u00d6kologie und Biodiversit\u00e4t. Seit meiner Kindheit in den W\u00e4ldern Bayerns f\u00fchle ich mich mit der Natur verbunden und bin entschlossen, sie zu sch\u00fctzen. Heute widme ich mein Leben der Sensibilisierung anderer f\u00fcr die Bedeutung des Umweltschutzes f\u00fcr zuk\u00fcnftige Generationen.\",\"sameAs\":[\"https:\\\/\\\/www.strassenweb.de\\\/\"]}]}<\/script>\n<!-- \/ Yoast SEO plugin. -->","yoast_head_json":{"title":"Verkohltes kleines Juwel mit Safran -Dressing - Nachrichten - Stra\u00dfenweb","robots":{"index":"index","follow":"follow","max-snippet":"max-snippet:-1","max-image-preview":"max-image-preview:large","max-video-preview":"max-video-preview:-1"},"canonical":"https:\/\/www.strassenweb.de\/nachrichten\/verkohltes-kleines-juwel-mit-safran-dressing\/","og_locale":"de_DE","og_type":"article","og_title":"Verkohltes kleines Juwel mit Safran -Dressing - Nachrichten - Stra\u00dfenweb","og_description":"Dieses Gericht nimmt wenig Edelsteinsalat in eine unerwartete Richtung und grillt es schnell bei hoher Hitze, um einen Kontrast zwischen rauchigen, verkohlten Kanten und einem","og_url":"https:\/\/www.strassenweb.de\/nachrichten\/verkohltes-kleines-juwel-mit-safran-dressing\/","og_site_name":"Stra\u00dfenweb","article_publisher":"https:\/\/www.facebook.com\/strassenweb\/","article_published_time":"2025-04-16T14:40:22+00:00","article_modified_time":"2025-04-16T14:40:26+00:00","og_image":[{"width":2560,"height":1440,"url":"https:\/\/www.strassenweb.de\/nachrichten\/wp-content\/uploads\/2025\/04\/kfTFUeSrY43gdFJRecU3n9-scaled.jpg","type":"image\/jpeg"}],"author":"Robert Hoffmann","twitter_card":"summary_large_image","twitter_misc":{"Verfasst von":"Robert Hoffmann","Gesch\u00e4tzte Lesezeit":"2\u00a0Minuten"},"schema":{"@context":"https:\/\/schema.org","@graph":[{"@type":"Article","@id":"https:\/\/www.strassenweb.de\/nachrichten\/verkohltes-kleines-juwel-mit-safran-dressing\/#article","isPartOf":{"@id":"https:\/\/www.strassenweb.de\/nachrichten\/verkohltes-kleines-juwel-mit-safran-dressing\/"},"author":{"name":"Robert Hoffmann","@id":"https:\/\/www.strassenweb.de\/nachrichten\/#\/schema\/person\/87c9c9067f1211da429a744dc5a5aa41"},"headline":"Verkohltes kleines Juwel mit Safran -Dressing","datePublished":"2025-04-16T14:40:22+00:00","dateModified":"2025-04-16T14:40:26+00:00","mainEntityOfPage":{"@id":"https:\/\/www.strassenweb.de\/nachrichten\/verkohltes-kleines-juwel-mit-safran-dressing\/"},"wordCount":402,"publisher":{"@id":"https:\/\/www.strassenweb.de\/nachrichten\/#organization"},"image":{"@id":"https:\/\/www.strassenweb.de\/nachrichten\/verkohltes-kleines-juwel-mit-safran-dressing\/#primaryimage"},"thumbnailUrl":"https:\/\/www.strassenweb.de\/nachrichten\/wp-content\/uploads\/2025\/04\/kfTFUeSrY43gdFJRecU3n9-scaled.jpg","keywords":["Dressing","Juwel","kleines","mit","Safran","Verkohltes"],"articleSection":["Haus &amp; Garten"],"inLanguage":"de"},{"@type":"WebPage","@id":"https:\/\/www.strassenweb.de\/nachrichten\/verkohltes-kleines-juwel-mit-safran-dressing\/","url":"https:\/\/www.strassenweb.de\/nachrichten\/verkohltes-kleines-juwel-mit-safran-dressing\/","name":"Verkohltes kleines Juwel mit Safran -Dressing - Nachrichten - Stra\u00dfenweb","isPartOf":{"@id":"https:\/\/www.strassenweb.de\/nachrichten\/#website"},"primaryImageOfPage":{"@id":"https:\/\/www.strassenweb.de\/nachrichten\/verkohltes-kleines-juwel-mit-safran-dressing\/#primaryimage"},"image":{"@id":"https:\/\/www.strassenweb.de\/nachrichten\/verkohltes-kleines-juwel-mit-safran-dressing\/#primaryimage"},"thumbnailUrl":"https:\/\/www.strassenweb.de\/nachrichten\/wp-content\/uploads\/2025\/04\/kfTFUeSrY43gdFJRecU3n9-scaled.jpg","datePublished":"2025-04-16T14:40:22+00:00","dateModified":"2025-04-16T14:40:26+00:00","breadcrumb":{"@id":"https:\/\/www.strassenweb.de\/nachrichten\/verkohltes-kleines-juwel-mit-safran-dressing\/#breadcrumb"},"inLanguage":"de","potentialAction":[{"@type":"ReadAction","target":["https:\/\/www.strassenweb.de\/nachrichten\/verkohltes-kleines-juwel-mit-safran-dressing\/"]}]},{"@type":"ImageObject","inLanguage":"de","@id":"https:\/\/www.strassenweb.de\/nachrichten\/verkohltes-kleines-juwel-mit-safran-dressing\/#primaryimage","url":"https:\/\/www.strassenweb.de\/nachrichten\/wp-content\/uploads\/2025\/04\/kfTFUeSrY43gdFJRecU3n9-scaled.jpg","contentUrl":"https:\/\/www.strassenweb.de\/nachrichten\/wp-content\/uploads\/2025\/04\/kfTFUeSrY43gdFJRecU3n9-scaled.jpg","width":2560,"height":1440,"caption":"CHARRED LITTLE GEM WITH SAFFRON DRESSING"},{"@type":"BreadcrumbList","@id":"https:\/\/www.strassenweb.de\/nachrichten\/verkohltes-kleines-juwel-mit-safran-dressing\/#breadcrumb","itemListElement":[{"@type":"ListItem","position":1,"name":"Home","item":"https:\/\/www.strassenweb.de\/nachrichten\/"},{"@type":"ListItem","position":2,"name":"Verkohltes kleines Juwel mit Safran -Dressing"}]},{"@type":"WebSite","@id":"https:\/\/www.strassenweb.de\/nachrichten\/#website","url":"https:\/\/www.strassenweb.de\/nachrichten\/","name":"Stra\u00dfenweb","description":"Stra\u00dfenverzeichnis f\u00fcr Deutschland","publisher":{"@id":"https:\/\/www.strassenweb.de\/nachrichten\/#organization"},"potentialAction":[{"@type":"SearchAction","target":{"@type":"EntryPoint","urlTemplate":"https:\/\/www.strassenweb.de\/nachrichten\/?s={search_term_string}"},"query-input":{"@type":"PropertyValueSpecification","valueRequired":true,"valueName":"search_term_string"}}],"inLanguage":"de"},{"@type":"Organization","@id":"https:\/\/www.strassenweb.de\/nachrichten\/#organization","name":"Stra\u00dfenweb","url":"https:\/\/www.strassenweb.de\/nachrichten\/","logo":{"@type":"ImageObject","inLanguage":"de","@id":"https:\/\/www.strassenweb.de\/nachrichten\/#\/schema\/logo\/image\/","url":"https:\/\/www.strassenweb.de\/nachrichten\/wp-content\/uploads\/2024\/09\/cropped-favicon.png","contentUrl":"https:\/\/www.strassenweb.de\/nachrichten\/wp-content\/uploads\/2024\/09\/cropped-favicon.png","width":512,"height":512,"caption":"Stra\u00dfenweb"},"image":{"@id":"https:\/\/www.strassenweb.de\/nachrichten\/#\/schema\/logo\/image\/"},"sameAs":["https:\/\/www.facebook.com\/strassenweb\/"]},{"@type":"Person","@id":"https:\/\/www.strassenweb.de\/nachrichten\/#\/schema\/person\/87c9c9067f1211da429a744dc5a5aa41","name":"Robert Hoffmann","image":{"@type":"ImageObject","inLanguage":"de","@id":"https:\/\/www.strassenweb.de\/nachrichten\/wp-content\/uploads\/2024\/09\/strassenweb-150x150.jpg","url":"https:\/\/www.strassenweb.de\/nachrichten\/wp-content\/uploads\/2024\/09\/strassenweb-150x150.jpg","contentUrl":"https:\/\/www.strassenweb.de\/nachrichten\/wp-content\/uploads\/2024\/09\/strassenweb-150x150.jpg","caption":"Robert Hoffmann"},"description":"Ich hei\u00dfe Robert Hoffmann und ich bin ein leidenschaftlicher Verfechter von \u00d6kologie und Biodiversit\u00e4t. Seit meiner Kindheit in den W\u00e4ldern Bayerns f\u00fchle ich mich mit der Natur verbunden und bin entschlossen, sie zu sch\u00fctzen. Heute widme ich mein Leben der Sensibilisierung anderer f\u00fcr die Bedeutung des Umweltschutzes f\u00fcr zuk\u00fcnftige Generationen.","sameAs":["https:\/\/www.strassenweb.de\/"]}]}},"_links":{"self":[{"href":"https:\/\/www.strassenweb.de\/nachrichten\/wp-json\/wp\/v2\/posts\/4516","targetHints":{"allow":["GET"]}}],"collection":[{"href":"https:\/\/www.strassenweb.de\/nachrichten\/wp-json\/wp\/v2\/posts"}],"about":[{"href":"https:\/\/www.strassenweb.de\/nachrichten\/wp-json\/wp\/v2\/types\/post"}],"author":[{"embeddable":true,"href":"https:\/\/www.strassenweb.de\/nachrichten\/wp-json\/wp\/v2\/users\/1"}],"replies":[{"embeddable":true,"href":"https:\/\/www.strassenweb.de\/nachrichten\/wp-json\/wp\/v2\/comments?post=4516"}],"version-history":[{"count":0,"href":"https:\/\/www.strassenweb.de\/nachrichten\/wp-json\/wp\/v2\/posts\/4516\/revisions"}],"wp:featuredmedia":[{"embeddable":true,"href":"https:\/\/www.strassenweb.de\/nachrichten\/wp-json\/wp\/v2\/media\/4517"}],"wp:attachment":[{"href":"https:\/\/www.strassenweb.de\/nachrichten\/wp-json\/wp\/v2\/media?parent=4516"}],"wp:term":[{"taxonomy":"category","embeddable":true,"href":"https:\/\/www.strassenweb.de\/nachrichten\/wp-json\/wp\/v2\/categories?post=4516"},{"taxonomy":"post_tag","embeddable":true,"href":"https:\/\/www.strassenweb.de\/nachrichten\/wp-json\/wp\/v2\/tags?post=4516"}],"curies":[{"name":"wp","href":"https:\/\/api.w.org\/{rel}","templated":true}]}}