{"id":4513,"date":"2025-04-16T12:41:19","date_gmt":"2025-04-16T10:41:19","guid":{"rendered":"https:\/\/www.strassenweb.de\/nachrichten\/lammbein-mit-horta-und-feta-gefuellt\/"},"modified":"2025-04-16T12:41:24","modified_gmt":"2025-04-16T10:41:24","slug":"lammbein-mit-horta-und-feta-gefuellt","status":"publish","type":"post","link":"https:\/\/www.strassenweb.de\/nachrichten\/lammbein-mit-horta-und-feta-gefuellt\/","title":{"rendered":"Lammbein mit Horta und Feta gef\u00fcllt"},"content":{"rendered":"<p><\/p>\n<div id=\"article-body\" class=\"article__body \">\n<p>Dieses gef\u00fcllte Lammbein hat den Reichtum, den Sie von einem Braten erwarten, aber die F\u00fcllung von Gr\u00fcn und Feta verleiht ihm ein leichteres, frischeres Gef\u00fchl. Verwenden Sie eine Mischung aus Spinat, Mangold, R\u00fcbengr\u00fcn und Brunnenkresse f\u00fcr die Tiefe des Geschmacks und ein gutes Gleichgewicht der Textur. Blanch die Gr\u00fcns schnell und dr\u00fccke sie und dr\u00fcckte sie trocken, damit die F\u00fcllung zusammenh\u00e4lt. Zerbr\u00f6ckelte Feta f\u00fcgt Salzigkeit und Reichtum hinzu, ohne das Lamm zu \u00fcberw\u00e4ltigen.<\/p>\n<div id=\"ad-unit-1\" class=\"ad-unit\"><\/div>\n<p>Bitten Sie Ihren Metzger, das Bein teilzunehmen, um F\u00fcllung und Binden zu erleichtern. Eine enge Rolle und feste Knoten tragen dazu bei, die F\u00fcllung beim Braten festzuhalten. Das Lamm wird au\u00dfen golden und knusprig, w\u00e4hrend sie innen saftig bleibt. Mit zitronigen Kartoffeln und einem gr\u00fcnen Salat sautieren. Es ist gro\u00dfz\u00fcgig, schmackhaft und macht das Beste aus Fr\u00fchling produzieren, ohne zu schwer zu sein.<\/p>\n<aside class=\"hawk-base\" data-block-type=\"embed\" data-render-type=\"fte\" data-skip=\"dealsy\" data-widget-type=\"seasonal\">\n<div class=\"hawk-master-widget-hawk-base-wrapper\"><\/div>\n<\/aside>\n<p>Es sorgt f\u00fcr ein unvergessliches Ostermen\u00fc -Herzst\u00fcck.<\/p>\n<div id=\"desktop-in-article\" class=\"in-article ad-unit\">\n<div id=\"desktop-taboola-mid-article\"><\/div>\n<\/div>\n<div id=\"mobile-in-article\" class=\"in-article ad-unit\">\n<div id=\"mobile-taboola-mid-article\"><\/div>\n<\/div>\n<h2 id=\"ingredients-3\">Zutaten<\/h2>\n<ul class=\"recipe-ingredient-list\">\n<li><strong>Dient 6 gro\u00dfz\u00fcgig<\/strong><\/li>\n<li>1\u00bc lbs gemischte gr\u00fcne Bl\u00e4tter wie gro\u00dfe Spinatbl\u00e4tter, Mangold, R\u00fcbenoberteil und Brunnenkresse<\/li>\n<li>2 gro\u00dfe Knoblauchzehen, zerquetscht<\/li>\n<li>7 Unz Feta, abgelaugt und zerbr\u00f6ckelt<\/li>\n<li>2 Essl\u00f6ffel Oliven\u00f6l sowie zus\u00e4tzliche zum Braten<\/li>\n<li>1 Gro\u00dfes Lammbein, Teilbon (bitten Sie Ihren Metzger, dies vorzubereiten)<\/li>\n<\/ul>\n<h2 id=\"the-homes-gardens-method-3\">Die Homes &#038; Gardens -Methode<\/h2>\n<p>1. Heizen Sie den Ofen auf 370 \u00b0 F oder Gasmarke vor 5. Blanch die gemischten Gr\u00fcns f\u00fcr eine Minute in kochendem Wasser, dann abtropfen lassen und unter kaltem Wasser erfrischen. Dr\u00fccken Sie so viel Fl\u00fcssigkeit wie m\u00f6glich mit einem sauberen Geschirrtuch aus, damit die F\u00fcllung nicht zu nass ist.<\/p>\n<div class=\"van_vid_carousel\">\n<div class=\"van_vid_carousel__padding\">\n<div class=\"van_vid_carousel__container\"><\/div>\n<\/div>\n<\/div>\n<p>2. Das Gr\u00fcn ungef\u00e4hr hacken und in eine Sch\u00fcssel mit Knoblauch, zerbr\u00f6ckelter Feta und Oliven\u00f6l legen. Gro\u00dfz\u00fcgig mit schwarzem Pfeffer w\u00fcrzen und gleichm\u00e4\u00dfig kombiniert mischen.<\/p>\n<div id=\"ad-unit-2\" class=\"ad-unit\"><\/div>\n<p>3. F\u00fcllen Sie den Hohlraum des de-gebonten Lammbeins mit der Gr\u00fcnenmischung und packen Sie es fest ein. Binden Sie das Bein in regelm\u00e4\u00dfigen Abst\u00e4nden sicher mit der K\u00fcchenschnur, um beim Braten alles an Ort und Stelle zu halten.<\/p>\n<p>4. Stellen Sie das Lamm in eine Bratform (wir m\u00f6gen diese K\u00fcmmelbratenpfanne mit Rack von Amazon-es sieht gut aus, um vom Ofen bis zum Tisch zu gelangen), und betr\u00e4ufeln Sie mit etwas Oliven\u00f6l.<\/p>\n<p>5. f\u00fcr ein mittelgro\u00dfes Finish ca. 1 Stunde 30 Minuten braten. Wenn die Oberfl\u00e4che zu viel f\u00e4rbt, bedecken Sie nach einer Stunde locker mit Folie. 15 Minuten ruhen, bevor Sie sich in dicke Scheiben schnitzen.<\/p>\n<p>6. Mit sautierten neuen Kartoffeln servieren, die mit Zitrone goldbraun und knusprig gekocht sind.<\/p>\n<hr>\n<p>Eine frische Art, Osterlamm zu machen, das sich besonders, aber nicht \u00fcberkompriziert anf\u00fchlt, und eine glorreiche Fr\u00fchlings -Unterhaltungsl\u00f6sung.<\/p>\n<\/div>\n","protected":false},"excerpt":{"rendered":"<p>Dieses gef\u00fcllte Lammbein hat den Reichtum, den Sie von einem Braten erwarten, aber die F\u00fcllung von Gr\u00fcn und Feta verleiht ihm ein leichteres, frischeres Gef\u00fchl.<\/p>\n","protected":false},"author":1,"featured_media":4514,"comment_status":"closed","ping_status":"","sticky":false,"template":"","format":"standard","meta":{"footnotes":""},"categories":[118],"tags":[6716,5031,6715,6714,146,37],"class_list":["post-4513","post","type-post","status-publish","format-standard","has-post-thumbnail","hentry","category-haus-garten","tag-feta","tag-gefuellt","tag-horta","tag-lammbein","tag-mit","tag-und","generate-columns","tablet-grid-50","mobile-grid-100","grid-parent","grid-50"],"yoast_head":"<!-- This site is optimized with the Yoast SEO plugin v27.3 - https:\/\/yoast.com\/product\/yoast-seo-wordpress\/ -->\n<title>Lammbein mit Horta und Feta gef\u00fcllt - Nachrichten - Stra\u00dfenweb<\/title>\n<meta name=\"robots\" content=\"index, follow, max-snippet:-1, max-image-preview:large, max-video-preview:-1\" \/>\n<link rel=\"canonical\" href=\"https:\/\/www.strassenweb.de\/nachrichten\/lammbein-mit-horta-und-feta-gefuellt\/\" \/>\n<meta property=\"og:locale\" content=\"de_DE\" \/>\n<meta property=\"og:type\" content=\"article\" \/>\n<meta property=\"og:title\" content=\"Lammbein mit Horta und Feta gef\u00fcllt - Nachrichten - Stra\u00dfenweb\" \/>\n<meta property=\"og:description\" content=\"Dieses gef\u00fcllte Lammbein hat den Reichtum, den Sie von einem Braten erwarten, aber die F\u00fcllung von Gr\u00fcn und Feta verleiht ihm ein leichteres, frischeres Gef\u00fchl.\" \/>\n<meta property=\"og:url\" content=\"https:\/\/www.strassenweb.de\/nachrichten\/lammbein-mit-horta-und-feta-gefuellt\/\" \/>\n<meta property=\"og:site_name\" content=\"Stra\u00dfenweb\" \/>\n<meta property=\"article:publisher\" content=\"https:\/\/www.facebook.com\/strassenweb\/\" \/>\n<meta property=\"article:published_time\" content=\"2025-04-16T10:41:19+00:00\" \/>\n<meta property=\"article:modified_time\" content=\"2025-04-16T10:41:24+00:00\" \/>\n<meta property=\"og:image\" content=\"https:\/\/www.strassenweb.de\/nachrichten\/wp-content\/uploads\/2025\/04\/QMFgfBMWaggXB5h2jSsFZG-scaled.jpg\" \/>\n\t<meta property=\"og:image:width\" content=\"2560\" \/>\n\t<meta property=\"og:image:height\" content=\"1440\" \/>\n\t<meta property=\"og:image:type\" content=\"image\/jpeg\" \/>\n<meta name=\"author\" content=\"Robert Hoffmann\" \/>\n<meta name=\"twitter:card\" content=\"summary_large_image\" \/>\n<meta name=\"twitter:label1\" content=\"Verfasst von\" \/>\n\t<meta name=\"twitter:data1\" content=\"Robert Hoffmann\" \/>\n\t<meta name=\"twitter:label2\" content=\"Gesch\u00e4tzte Lesezeit\" \/>\n\t<meta name=\"twitter:data2\" content=\"2\u00a0Minuten\" \/>\n<script type=\"application\/ld+json\" class=\"yoast-schema-graph\">{\"@context\":\"https:\\\/\\\/schema.org\",\"@graph\":[{\"@type\":\"Article\",\"@id\":\"https:\\\/\\\/www.strassenweb.de\\\/nachrichten\\\/lammbein-mit-horta-und-feta-gefuellt\\\/#article\",\"isPartOf\":{\"@id\":\"https:\\\/\\\/www.strassenweb.de\\\/nachrichten\\\/lammbein-mit-horta-und-feta-gefuellt\\\/\"},\"author\":{\"name\":\"Robert Hoffmann\",\"@id\":\"https:\\\/\\\/www.strassenweb.de\\\/nachrichten\\\/#\\\/schema\\\/person\\\/87c9c9067f1211da429a744dc5a5aa41\"},\"headline\":\"Lammbein mit Horta und Feta gef\u00fcllt\",\"datePublished\":\"2025-04-16T10:41:19+00:00\",\"dateModified\":\"2025-04-16T10:41:24+00:00\",\"mainEntityOfPage\":{\"@id\":\"https:\\\/\\\/www.strassenweb.de\\\/nachrichten\\\/lammbein-mit-horta-und-feta-gefuellt\\\/\"},\"wordCount\":461,\"publisher\":{\"@id\":\"https:\\\/\\\/www.strassenweb.de\\\/nachrichten\\\/#organization\"},\"image\":{\"@id\":\"https:\\\/\\\/www.strassenweb.de\\\/nachrichten\\\/lammbein-mit-horta-und-feta-gefuellt\\\/#primaryimage\"},\"thumbnailUrl\":\"https:\\\/\\\/www.strassenweb.de\\\/nachrichten\\\/wp-content\\\/uploads\\\/2025\\\/04\\\/QMFgfBMWaggXB5h2jSsFZG-scaled.jpg\",\"keywords\":[\"Feta\",\"gef\u00fcllt\",\"Horta\",\"Lammbein\",\"mit\",\"und\"],\"articleSection\":[\"Haus &amp; Garten\"],\"inLanguage\":\"de\"},{\"@type\":\"WebPage\",\"@id\":\"https:\\\/\\\/www.strassenweb.de\\\/nachrichten\\\/lammbein-mit-horta-und-feta-gefuellt\\\/\",\"url\":\"https:\\\/\\\/www.strassenweb.de\\\/nachrichten\\\/lammbein-mit-horta-und-feta-gefuellt\\\/\",\"name\":\"Lammbein mit Horta und Feta gef\u00fcllt - Nachrichten - Stra\u00dfenweb\",\"isPartOf\":{\"@id\":\"https:\\\/\\\/www.strassenweb.de\\\/nachrichten\\\/#website\"},\"primaryImageOfPage\":{\"@id\":\"https:\\\/\\\/www.strassenweb.de\\\/nachrichten\\\/lammbein-mit-horta-und-feta-gefuellt\\\/#primaryimage\"},\"image\":{\"@id\":\"https:\\\/\\\/www.strassenweb.de\\\/nachrichten\\\/lammbein-mit-horta-und-feta-gefuellt\\\/#primaryimage\"},\"thumbnailUrl\":\"https:\\\/\\\/www.strassenweb.de\\\/nachrichten\\\/wp-content\\\/uploads\\\/2025\\\/04\\\/QMFgfBMWaggXB5h2jSsFZG-scaled.jpg\",\"datePublished\":\"2025-04-16T10:41:19+00:00\",\"dateModified\":\"2025-04-16T10:41:24+00:00\",\"breadcrumb\":{\"@id\":\"https:\\\/\\\/www.strassenweb.de\\\/nachrichten\\\/lammbein-mit-horta-und-feta-gefuellt\\\/#breadcrumb\"},\"inLanguage\":\"de\",\"potentialAction\":[{\"@type\":\"ReadAction\",\"target\":[\"https:\\\/\\\/www.strassenweb.de\\\/nachrichten\\\/lammbein-mit-horta-und-feta-gefuellt\\\/\"]}]},{\"@type\":\"ImageObject\",\"inLanguage\":\"de\",\"@id\":\"https:\\\/\\\/www.strassenweb.de\\\/nachrichten\\\/lammbein-mit-horta-und-feta-gefuellt\\\/#primaryimage\",\"url\":\"https:\\\/\\\/www.strassenweb.de\\\/nachrichten\\\/wp-content\\\/uploads\\\/2025\\\/04\\\/QMFgfBMWaggXB5h2jSsFZG-scaled.jpg\",\"contentUrl\":\"https:\\\/\\\/www.strassenweb.de\\\/nachrichten\\\/wp-content\\\/uploads\\\/2025\\\/04\\\/QMFgfBMWaggXB5h2jSsFZG-scaled.jpg\",\"width\":2560,\"height\":1440,\"caption\":\"overhead shot of lamb on a chopping board\"},{\"@type\":\"BreadcrumbList\",\"@id\":\"https:\\\/\\\/www.strassenweb.de\\\/nachrichten\\\/lammbein-mit-horta-und-feta-gefuellt\\\/#breadcrumb\",\"itemListElement\":[{\"@type\":\"ListItem\",\"position\":1,\"name\":\"Home\",\"item\":\"https:\\\/\\\/www.strassenweb.de\\\/nachrichten\\\/\"},{\"@type\":\"ListItem\",\"position\":2,\"name\":\"Lammbein mit Horta und Feta gef\u00fcllt\"}]},{\"@type\":\"WebSite\",\"@id\":\"https:\\\/\\\/www.strassenweb.de\\\/nachrichten\\\/#website\",\"url\":\"https:\\\/\\\/www.strassenweb.de\\\/nachrichten\\\/\",\"name\":\"Stra\u00dfenweb\",\"description\":\"Stra\u00dfenverzeichnis f\u00fcr Deutschland\",\"publisher\":{\"@id\":\"https:\\\/\\\/www.strassenweb.de\\\/nachrichten\\\/#organization\"},\"potentialAction\":[{\"@type\":\"SearchAction\",\"target\":{\"@type\":\"EntryPoint\",\"urlTemplate\":\"https:\\\/\\\/www.strassenweb.de\\\/nachrichten\\\/?s={search_term_string}\"},\"query-input\":{\"@type\":\"PropertyValueSpecification\",\"valueRequired\":true,\"valueName\":\"search_term_string\"}}],\"inLanguage\":\"de\"},{\"@type\":\"Organization\",\"@id\":\"https:\\\/\\\/www.strassenweb.de\\\/nachrichten\\\/#organization\",\"name\":\"Stra\u00dfenweb\",\"url\":\"https:\\\/\\\/www.strassenweb.de\\\/nachrichten\\\/\",\"logo\":{\"@type\":\"ImageObject\",\"inLanguage\":\"de\",\"@id\":\"https:\\\/\\\/www.strassenweb.de\\\/nachrichten\\\/#\\\/schema\\\/logo\\\/image\\\/\",\"url\":\"https:\\\/\\\/www.strassenweb.de\\\/nachrichten\\\/wp-content\\\/uploads\\\/2024\\\/09\\\/cropped-favicon.png\",\"contentUrl\":\"https:\\\/\\\/www.strassenweb.de\\\/nachrichten\\\/wp-content\\\/uploads\\\/2024\\\/09\\\/cropped-favicon.png\",\"width\":512,\"height\":512,\"caption\":\"Stra\u00dfenweb\"},\"image\":{\"@id\":\"https:\\\/\\\/www.strassenweb.de\\\/nachrichten\\\/#\\\/schema\\\/logo\\\/image\\\/\"},\"sameAs\":[\"https:\\\/\\\/www.facebook.com\\\/strassenweb\\\/\"]},{\"@type\":\"Person\",\"@id\":\"https:\\\/\\\/www.strassenweb.de\\\/nachrichten\\\/#\\\/schema\\\/person\\\/87c9c9067f1211da429a744dc5a5aa41\",\"name\":\"Robert Hoffmann\",\"image\":{\"@type\":\"ImageObject\",\"inLanguage\":\"de\",\"@id\":\"https:\\\/\\\/www.strassenweb.de\\\/nachrichten\\\/wp-content\\\/uploads\\\/2024\\\/09\\\/strassenweb-150x150.jpg\",\"url\":\"https:\\\/\\\/www.strassenweb.de\\\/nachrichten\\\/wp-content\\\/uploads\\\/2024\\\/09\\\/strassenweb-150x150.jpg\",\"contentUrl\":\"https:\\\/\\\/www.strassenweb.de\\\/nachrichten\\\/wp-content\\\/uploads\\\/2024\\\/09\\\/strassenweb-150x150.jpg\",\"caption\":\"Robert Hoffmann\"},\"description\":\"Ich hei\u00dfe Robert Hoffmann und ich bin ein leidenschaftlicher Verfechter von \u00d6kologie und Biodiversit\u00e4t. Seit meiner Kindheit in den W\u00e4ldern Bayerns f\u00fchle ich mich mit der Natur verbunden und bin entschlossen, sie zu sch\u00fctzen. Heute widme ich mein Leben der Sensibilisierung anderer f\u00fcr die Bedeutung des Umweltschutzes f\u00fcr zuk\u00fcnftige Generationen.\",\"sameAs\":[\"https:\\\/\\\/www.strassenweb.de\\\/\"]}]}<\/script>\n<!-- \/ Yoast SEO plugin. -->","yoast_head_json":{"title":"Lammbein mit Horta und Feta gef\u00fcllt - Nachrichten - Stra\u00dfenweb","robots":{"index":"index","follow":"follow","max-snippet":"max-snippet:-1","max-image-preview":"max-image-preview:large","max-video-preview":"max-video-preview:-1"},"canonical":"https:\/\/www.strassenweb.de\/nachrichten\/lammbein-mit-horta-und-feta-gefuellt\/","og_locale":"de_DE","og_type":"article","og_title":"Lammbein mit Horta und Feta gef\u00fcllt - Nachrichten - Stra\u00dfenweb","og_description":"Dieses gef\u00fcllte Lammbein hat den Reichtum, den Sie von einem Braten erwarten, aber die F\u00fcllung von Gr\u00fcn und Feta verleiht ihm ein leichteres, frischeres Gef\u00fchl.","og_url":"https:\/\/www.strassenweb.de\/nachrichten\/lammbein-mit-horta-und-feta-gefuellt\/","og_site_name":"Stra\u00dfenweb","article_publisher":"https:\/\/www.facebook.com\/strassenweb\/","article_published_time":"2025-04-16T10:41:19+00:00","article_modified_time":"2025-04-16T10:41:24+00:00","og_image":[{"width":2560,"height":1440,"url":"https:\/\/www.strassenweb.de\/nachrichten\/wp-content\/uploads\/2025\/04\/QMFgfBMWaggXB5h2jSsFZG-scaled.jpg","type":"image\/jpeg"}],"author":"Robert Hoffmann","twitter_card":"summary_large_image","twitter_misc":{"Verfasst von":"Robert Hoffmann","Gesch\u00e4tzte Lesezeit":"2\u00a0Minuten"},"schema":{"@context":"https:\/\/schema.org","@graph":[{"@type":"Article","@id":"https:\/\/www.strassenweb.de\/nachrichten\/lammbein-mit-horta-und-feta-gefuellt\/#article","isPartOf":{"@id":"https:\/\/www.strassenweb.de\/nachrichten\/lammbein-mit-horta-und-feta-gefuellt\/"},"author":{"name":"Robert Hoffmann","@id":"https:\/\/www.strassenweb.de\/nachrichten\/#\/schema\/person\/87c9c9067f1211da429a744dc5a5aa41"},"headline":"Lammbein mit Horta und Feta gef\u00fcllt","datePublished":"2025-04-16T10:41:19+00:00","dateModified":"2025-04-16T10:41:24+00:00","mainEntityOfPage":{"@id":"https:\/\/www.strassenweb.de\/nachrichten\/lammbein-mit-horta-und-feta-gefuellt\/"},"wordCount":461,"publisher":{"@id":"https:\/\/www.strassenweb.de\/nachrichten\/#organization"},"image":{"@id":"https:\/\/www.strassenweb.de\/nachrichten\/lammbein-mit-horta-und-feta-gefuellt\/#primaryimage"},"thumbnailUrl":"https:\/\/www.strassenweb.de\/nachrichten\/wp-content\/uploads\/2025\/04\/QMFgfBMWaggXB5h2jSsFZG-scaled.jpg","keywords":["Feta","gef\u00fcllt","Horta","Lammbein","mit","und"],"articleSection":["Haus &amp; Garten"],"inLanguage":"de"},{"@type":"WebPage","@id":"https:\/\/www.strassenweb.de\/nachrichten\/lammbein-mit-horta-und-feta-gefuellt\/","url":"https:\/\/www.strassenweb.de\/nachrichten\/lammbein-mit-horta-und-feta-gefuellt\/","name":"Lammbein mit Horta und Feta gef\u00fcllt - Nachrichten - Stra\u00dfenweb","isPartOf":{"@id":"https:\/\/www.strassenweb.de\/nachrichten\/#website"},"primaryImageOfPage":{"@id":"https:\/\/www.strassenweb.de\/nachrichten\/lammbein-mit-horta-und-feta-gefuellt\/#primaryimage"},"image":{"@id":"https:\/\/www.strassenweb.de\/nachrichten\/lammbein-mit-horta-und-feta-gefuellt\/#primaryimage"},"thumbnailUrl":"https:\/\/www.strassenweb.de\/nachrichten\/wp-content\/uploads\/2025\/04\/QMFgfBMWaggXB5h2jSsFZG-scaled.jpg","datePublished":"2025-04-16T10:41:19+00:00","dateModified":"2025-04-16T10:41:24+00:00","breadcrumb":{"@id":"https:\/\/www.strassenweb.de\/nachrichten\/lammbein-mit-horta-und-feta-gefuellt\/#breadcrumb"},"inLanguage":"de","potentialAction":[{"@type":"ReadAction","target":["https:\/\/www.strassenweb.de\/nachrichten\/lammbein-mit-horta-und-feta-gefuellt\/"]}]},{"@type":"ImageObject","inLanguage":"de","@id":"https:\/\/www.strassenweb.de\/nachrichten\/lammbein-mit-horta-und-feta-gefuellt\/#primaryimage","url":"https:\/\/www.strassenweb.de\/nachrichten\/wp-content\/uploads\/2025\/04\/QMFgfBMWaggXB5h2jSsFZG-scaled.jpg","contentUrl":"https:\/\/www.strassenweb.de\/nachrichten\/wp-content\/uploads\/2025\/04\/QMFgfBMWaggXB5h2jSsFZG-scaled.jpg","width":2560,"height":1440,"caption":"overhead shot of lamb on a chopping board"},{"@type":"BreadcrumbList","@id":"https:\/\/www.strassenweb.de\/nachrichten\/lammbein-mit-horta-und-feta-gefuellt\/#breadcrumb","itemListElement":[{"@type":"ListItem","position":1,"name":"Home","item":"https:\/\/www.strassenweb.de\/nachrichten\/"},{"@type":"ListItem","position":2,"name":"Lammbein mit Horta und Feta gef\u00fcllt"}]},{"@type":"WebSite","@id":"https:\/\/www.strassenweb.de\/nachrichten\/#website","url":"https:\/\/www.strassenweb.de\/nachrichten\/","name":"Stra\u00dfenweb","description":"Stra\u00dfenverzeichnis f\u00fcr Deutschland","publisher":{"@id":"https:\/\/www.strassenweb.de\/nachrichten\/#organization"},"potentialAction":[{"@type":"SearchAction","target":{"@type":"EntryPoint","urlTemplate":"https:\/\/www.strassenweb.de\/nachrichten\/?s={search_term_string}"},"query-input":{"@type":"PropertyValueSpecification","valueRequired":true,"valueName":"search_term_string"}}],"inLanguage":"de"},{"@type":"Organization","@id":"https:\/\/www.strassenweb.de\/nachrichten\/#organization","name":"Stra\u00dfenweb","url":"https:\/\/www.strassenweb.de\/nachrichten\/","logo":{"@type":"ImageObject","inLanguage":"de","@id":"https:\/\/www.strassenweb.de\/nachrichten\/#\/schema\/logo\/image\/","url":"https:\/\/www.strassenweb.de\/nachrichten\/wp-content\/uploads\/2024\/09\/cropped-favicon.png","contentUrl":"https:\/\/www.strassenweb.de\/nachrichten\/wp-content\/uploads\/2024\/09\/cropped-favicon.png","width":512,"height":512,"caption":"Stra\u00dfenweb"},"image":{"@id":"https:\/\/www.strassenweb.de\/nachrichten\/#\/schema\/logo\/image\/"},"sameAs":["https:\/\/www.facebook.com\/strassenweb\/"]},{"@type":"Person","@id":"https:\/\/www.strassenweb.de\/nachrichten\/#\/schema\/person\/87c9c9067f1211da429a744dc5a5aa41","name":"Robert Hoffmann","image":{"@type":"ImageObject","inLanguage":"de","@id":"https:\/\/www.strassenweb.de\/nachrichten\/wp-content\/uploads\/2024\/09\/strassenweb-150x150.jpg","url":"https:\/\/www.strassenweb.de\/nachrichten\/wp-content\/uploads\/2024\/09\/strassenweb-150x150.jpg","contentUrl":"https:\/\/www.strassenweb.de\/nachrichten\/wp-content\/uploads\/2024\/09\/strassenweb-150x150.jpg","caption":"Robert Hoffmann"},"description":"Ich hei\u00dfe Robert Hoffmann und ich bin ein leidenschaftlicher Verfechter von \u00d6kologie und Biodiversit\u00e4t. Seit meiner Kindheit in den W\u00e4ldern Bayerns f\u00fchle ich mich mit der Natur verbunden und bin entschlossen, sie zu sch\u00fctzen. Heute widme ich mein Leben der Sensibilisierung anderer f\u00fcr die Bedeutung des Umweltschutzes f\u00fcr zuk\u00fcnftige Generationen.","sameAs":["https:\/\/www.strassenweb.de\/"]}]}},"_links":{"self":[{"href":"https:\/\/www.strassenweb.de\/nachrichten\/wp-json\/wp\/v2\/posts\/4513","targetHints":{"allow":["GET"]}}],"collection":[{"href":"https:\/\/www.strassenweb.de\/nachrichten\/wp-json\/wp\/v2\/posts"}],"about":[{"href":"https:\/\/www.strassenweb.de\/nachrichten\/wp-json\/wp\/v2\/types\/post"}],"author":[{"embeddable":true,"href":"https:\/\/www.strassenweb.de\/nachrichten\/wp-json\/wp\/v2\/users\/1"}],"replies":[{"embeddable":true,"href":"https:\/\/www.strassenweb.de\/nachrichten\/wp-json\/wp\/v2\/comments?post=4513"}],"version-history":[{"count":0,"href":"https:\/\/www.strassenweb.de\/nachrichten\/wp-json\/wp\/v2\/posts\/4513\/revisions"}],"wp:featuredmedia":[{"embeddable":true,"href":"https:\/\/www.strassenweb.de\/nachrichten\/wp-json\/wp\/v2\/media\/4514"}],"wp:attachment":[{"href":"https:\/\/www.strassenweb.de\/nachrichten\/wp-json\/wp\/v2\/media?parent=4513"}],"wp:term":[{"taxonomy":"category","embeddable":true,"href":"https:\/\/www.strassenweb.de\/nachrichten\/wp-json\/wp\/v2\/categories?post=4513"},{"taxonomy":"post_tag","embeddable":true,"href":"https:\/\/www.strassenweb.de\/nachrichten\/wp-json\/wp\/v2\/tags?post=4513"}],"curies":[{"name":"wp","href":"https:\/\/api.w.org\/{rel}","templated":true}]}}