{"id":4507,"date":"2025-04-16T04:43:07","date_gmt":"2025-04-16T02:43:07","guid":{"rendered":"https:\/\/www.strassenweb.de\/nachrichten\/midimalistische-kuechen-sind-die-trendige-art-einen-charakteristischen-aber-ueberfuellten-raum-zu-schaffen-und-diese-8-raeume-beweisen-wie-schick-dieses-beste-aus-beiden-weltenstilen-sein-kann\/"},"modified":"2025-04-16T04:43:07","modified_gmt":"2025-04-16T02:43:07","slug":"midimalistische-kuechen-sind-die-trendige-art-einen-charakteristischen-aber-ueberfuellten-raum-zu-schaffen-und-diese-8-raeume-beweisen-wie-schick-dieses-beste-aus-beiden-weltenstilen-sein-kann","status":"publish","type":"post","link":"https:\/\/www.strassenweb.de\/nachrichten\/midimalistische-kuechen-sind-die-trendige-art-einen-charakteristischen-aber-ueberfuellten-raum-zu-schaffen-und-diese-8-raeume-beweisen-wie-schick-dieses-beste-aus-beiden-weltenstilen-sein-kann\/","title":{"rendered":"Midimalistische K\u00fcchen sind die trendige Art, einen charakteristischen, aber \u00fcberf\u00fcllten Raum zu schaffen-und diese 8 R\u00e4ume beweisen, wie schick dieses Beste aus beiden Weltenstilen sein kann"},"content":{"rendered":"<p><\/p>\n<div id=\"article-body\" class=\"article__body \">\n<p>Der perfekte Mittelweg zwischen abgerissenen und gesch\u00e4ftigen mittelschwerden K\u00fcchen ist auf dem Vormarsch-und sie erweisen sich als idealer Weg, um einen in Pers\u00f6nlichkeit gef\u00fcllten, gelebten Raum zu schaffen.<\/p>\n<div id=\"ad-unit-1\" class=\"ad-unit\"><\/div>\n<p>Sie haben vielleicht bereits den Midimalism -Trend in gem\u00fctlichen R\u00e4umen gesehen, aber es hat schlie\u00dflich in die Kochr\u00e4ume gelangen und gem\u00fctlich, charakteristisch und ausgewogene K\u00fcchenideen bietet. Es geht darum, Ihre Lieblingselemente vom Minimalismus und Maximalismus zu nehmen, um einen Raum zu schaffen, der sich perfekt f\u00fcr Ihren Stil eingerichtet f\u00fchlt.<\/p>\n<aside class=\"hawk-base\" data-block-type=\"embed\" data-render-type=\"fte\" data-skip=\"dealsy\" data-widget-type=\"seasonal\">\n<div class=\"hawk-master-widget-hawk-base-wrapper\"><\/div>\n<\/aside>\n<p>Wir haben uns an Designer und K\u00fcchenexperten zugewandt, um ihre Lieblingsideen mit mittleralistischer K\u00fcche zu entdecken und zu teilen, um dieses Gleichgewicht von zwei Extremen richtig zu machen.<\/p>\n<div id=\"desktop-in-article\" class=\"in-article ad-unit\">\n<div id=\"desktop-taboola-mid-article\"><\/div>\n<\/div>\n<div id=\"mobile-in-article\" class=\"in-article ad-unit\">\n<div id=\"mobile-taboola-mid-article\"><\/div>\n<\/div>\n<h2 id=\"8-midimalist-kitchen-ideas-that-get-the-expert-seal-of-approval-3\">8 midimalistische K\u00fcchenideen, die den Experten-Siegel f\u00fcr die Genehmigung erhalten<\/h2>\n<p>Ein Designstil, der sich irgendwo zwischen den einfachen, abgerissenen Designs des Minimalismus und den k\u00fchnen, gesch\u00e4ftigen Schemata befindet, die f\u00fcr den Maximalismus typisch sind, ist der perfekte Weg, um den Midimalismus in der K\u00fcche zu nageln.<\/p>\n<div class=\"van_vid_carousel\">\n<div class=\"van_vid_carousel__padding\">\n<div class=\"van_vid_carousel__container\"><\/div>\n<\/div>\n<\/div>\n<p>Und diese R\u00e4ume sind die perfekte Anleitung, wie Sie es richtig machen k\u00f6nnen. Von mutigen Murmeln mit ged\u00e4mpften Farben bis hin zu simplen Schemata, die mit gesch\u00e4ftigen Hintergrundbildern ermutigt wurden, gibt es hier viel zu inspirieren.<\/p>\n<div id=\"ad-unit-2\" class=\"ad-unit\"><\/div>\n<h3 class=\"article-body__section\" id=\"section-1-mix-materials-for-a-midimalist-look\"><span>1. Mischen Sie Materialien f\u00fcr einen mittleren Aussehen<\/span><\/h3>\n<figure class=\"van-image-figure inline-layout \" data-bordeaux-image-check>\n<div class=\"image-full-width-wrapper\">\n<div class=\"image-widthsetter\" style=\"max-width:2400px;\"><\/div>\n<\/div>\n<\/figure>\n<p>Das Einbringen von Midimalist -Stil in die K\u00fcche erfordert ein bisschen mehr \u00dcberlegungen als in anderen R\u00e4umen, in denen Sie weiche M\u00f6bel und dekorative Gegenst\u00e4nde hinzuf\u00fcgen k\u00f6nnen. Schauen Sie stattdessen auf Materialien und wie Sie sie kombinieren, um W\u00e4rme und Kontrast zu erzielen.<\/p>\n<p>&#8218;Midimalism ist um Zur\u00fcckhaltung mit Charakter mit raffinierten Formen, erh\u00f6hten Materialien und gerade genug W\u00e4rme, um den Minimalismus lebenswert zu machen. In der hier gezeigten K\u00fcche wird der midimalistische Ansatz durch eine Paarung von weichen matten Schr\u00e4nken, nat\u00fcrlichen Holz und die k\u00fchne Aderung der Marmor -Arbeitsplatte ausgedr\u00fcckt, die den Maximalismus -Touch bringt \u201c, sagt Gareth Hull, Design -Lead bei Hendel &#038; Hendel.<\/p>\n<p>&#8218;Die K\u00fcchenschrank -Hardware in Burnished Messing f\u00fcgt ein subtiles skulpturales Detail hinzu, das das gesamte Schema miteinander verbindet. Es gibt W\u00e4rme, aber es wird in Betracht gezogen. Kr\u00fcmmte Sitzgelegenheiten, die zur\u00fcckgezogene K\u00fcchenbeleuchtung und die gew\u00f6lbten Fenster widerspiegeln die Weichheit der Designsprache. Es f\u00fchlt sich absichtlich, beruhigend und wundersch\u00f6n ausgewogen an; Die Essenz des Mittelimalismus. &#8218;<\/p>\n<h3 class=\"article-body__section\" id=\"section-2-pair-soft-colors-with-pretty-patterns\"><span>2. Kombinieren Sie weiche Farben mit h\u00fcbschen Mustern<\/span><\/h3>\n<figure class=\"van-image-figure inline-layout \" data-bordeaux-image-check>\n<div class=\"image-full-width-wrapper\">\n<div class=\"image-widthsetter\" style=\"max-width:2000px;\"><\/div>\n<\/div>\n<\/figure>\n<p>Die Konzentration auf Muster und Farbe ist eine gro\u00dfartige M\u00f6glichkeit, Ihre K\u00fcche ein Gef\u00fchl des Mittelimalismus zu vermitteln &#8211; in diesem Fall, wie die ausgew\u00e4hlte K\u00fcchenschrankfarbe mit den f\u00fcr den Fenstersitzbereich verwendeten Muster kombiniert.<\/p>\n<p>&#8222;Diese K\u00fcche bekommt den ganzen Tag \u00fcber ein sch\u00f6nes nat\u00fcrliches Licht, daher wollten wir das Design sauber und reduziert halten&#8220;, sagt Louise Copeland, Gr\u00fcnderin und Designerin von LB Copeland Innenarchitektur.<\/p>\n<p>\u201eUm subtiles Interesse zu wecken, haben wir ein Tonmuster verwendet: Eine wei\u00dfe Chevron -Fliese an den W\u00e4nden f\u00fcgt eine Textur hinzu, und ein blau floraler r\u00f6mischer Schatten, der eng mit den Schr\u00e4nken \u00fcbereinstimmt, f\u00fchrt zur Weichheit, ohne die Palette zu brechen. Es ist geschichtet, aber auf ruhige, kontrollierte Weise, die den Raum ruhig anf\u00fchlt. &#8218;<\/p>\n<h3 class=\"article-body__section\" id=\"section-3-layer-natural-materials-and-neutral-colors\"><span>3.. Schicht nat\u00fcrliche Materialien und neutrale Farben<\/span><\/h3>\n<figure class=\"van-image-figure inline-layout \" data-bordeaux-image-check>\n<div class=\"image-full-width-wrapper\">\n<div class=\"image-widthsetter\" style=\"max-width:2400px;\"><\/div>\n<\/div>\n<\/figure>\n<p>Das Design dieser K\u00fcche ist ein anderer Ansatz als Mittelimalismus. Es nimmt die f\u00fcr den Minimalismus typische Farbpalette und verbindet sie mit den strukturellen Schichten einer maximalistischeren K\u00fcche.<\/p>\n<p>&#8218;Es gibt viele Details in den Materialien, aber die Palette ist zur\u00fcckhaltend. Die get\u00e4felten W\u00e4nde sind tonal und niedrig kontrast, und wir konzentrierten uns darauf, nat\u00fcrliche, neutrale Oberfl\u00e4chen &#8211; Holz, Stein, Gips &#8211; zu mischen, anstatt mutige Farbe einzuf\u00fchren. Es geht um subtile Schichten, die die Tiefe verleiht, w\u00e4hrend der Raum geerdet bleibt \u201c, erkl\u00e4rt Louise.<\/p>\n<p>Die Zugabe der reichen Holzinsel stellt sicher, dass der Raum Tiefe und tonalen Kontrast aufweist, w\u00e4hrend das geschichtete Dekor in ein Gef\u00fchl der Pers\u00f6nlichkeit des gelebten Stils bringt.<\/p>\n<h3 class=\"article-body__section\" id=\"section-4-blend-warmth-and-uncluttered-design\"><span>4. Mischen Sie W\u00e4rme und \u00fcbersichtliches Design<\/span><\/h3>\n<figure class=\"van-image-figure inline-layout \" data-bordeaux-image-check>\n<div class=\"image-full-width-wrapper\">\n<div class=\"image-widthsetter\" style=\"max-width:2400px;\"><\/div>\n<\/div>\n<\/figure>\n<p>Die Basis dieser K\u00fcche f\u00fchlt sich wirklich minimalistisch an, mit klaren Linien, leichten Farbt\u00f6nen und einem \u00fcbersichtlichen Finish. Aber was es in den mittleren Reich bringt, ist das offene K\u00fcchenregal, das mit geschichteter Dekor von unterschiedlichen Materialien, Texturen und Stilen gef\u00fcllt ist.<\/p>\n<p>&#8218;Die abgebildete K\u00fcche ist ein sch\u00f6nes Beispiel f\u00fcr Midimalismus in Aktion. Das blasses Cabinetry im Shaker-Stil h\u00e4lt die Dinge raffiniert, w\u00e4hrend der ausdrucksstarke Marmor-Backsplash visuelles Interesse f\u00fcgt, ohne den Raum zu \u00fcberw\u00e4ltigen \u201c, sagt Richard Davonport, Gesch\u00e4ftsf\u00fchrer bei Davonport.<\/p>\n<p>&#8218;Dekorative Elemente wie Holzhocker, handwerkliche Keramik, Gr\u00fcn und eine kuratierte Regalschicht in W\u00e4rme und Textur. Es ist entspannt und doch raffiniert; Der Beweis, dass sich eine K\u00fcche sowohl wundersch\u00f6n gestaltet als auch wirklich einladend anf\u00fchlen kann \u201c, erkl\u00e4rt er.<\/p>\n<h3 class=\"article-body__section\" id=\"section-5-focus-on-how-your-flooring-mixes-with-the-rest-of-your-midimalist-scheme\"><span>5. Konzentrieren Sie sich darauf, wie sich Ihr Bodenbelag mit dem Rest Ihres mittleralistischen Schemas mischt<\/span><\/h3>\n<figure class=\"van-image-figure inline-layout \" data-bordeaux-image-check>\n<div class=\"image-full-width-wrapper\">\n<div class=\"image-widthsetter\" style=\"max-width:2400px;\"><\/div>\n<\/div>\n<\/figure>\n<p>Oft konzentrieren sich die midimalistischen K\u00fcchenideen auf K\u00fcchenschr\u00e4nke und K\u00fcchenarbeitsplatten, aber es gibt ein weiteres Schl\u00fcsselelement, das einen gro\u00dfen Einfluss auf Ihre K\u00fcche hat: den Boden. Und dieses Design ist ein perfektes Beispiel daf\u00fcr, wie es einem mittleralistischen Schema helfen kann.<\/p>\n<p>&#8218;Der Raum ist ein atemberaubendes Beispiel f\u00fcr den Mittelimalismus, und der K\u00fcchenb\u00f6den macht einen Gro\u00dfteil des schweren Hebens. Die Flaggensteine \u200b\u200bmit gro\u00dfformatigen Kalkstein bringen sofortige W\u00e4rme und ein Gef\u00fchl der Best\u00e4ndigkeit und bilden den Raum in der nat\u00fcrlichen Textur \u201c, sagt Grazzie Wilson, Leiter von Creative bei CA &#8218;Pietra.<\/p>\n<p>Mit den sanft geschlafen Marmor -Arbeitsplatten und Backsplash schafft es eine reichhaltige, tonale Palette, ohne sich jemals besch\u00e4ftigt zu f\u00fchlen. Es ist ein Raum, der sich sowohl elegant als auch m\u00fchelos anf\u00fchlt, genau das, was das mittelschonistische Design erreicht. &#8218;<\/p>\n<h3 class=\"article-body__section\" id=\"section-6-bring-in-maximalist-color-to-a-minimalist-design\"><span>6. Bringen Sie maximalistische Farbe in ein minimalistisches Design ein<\/span><\/h3>\n<figure class=\"van-image-figure inline-layout \" data-bordeaux-image-check>\n<div class=\"image-full-width-wrapper\">\n<div class=\"image-widthsetter\" style=\"max-width:2000px;\"><\/div>\n<\/div>\n<\/figure>\n<p>Eine der einfachsten M\u00f6glichkeiten, eine midimalistische K\u00fcche zu schaffen, besteht darin, ein minimalistisches Design zu einer Dosis k\u00fchne Farbe zu geben. In diesem Design erweckt Trend Yellow sofort ein vereinfachtes Design zum Leben.<\/p>\n<p>&#8218;Wir haben diese Kellerk\u00fcche mit dem urspr\u00fcnglichen, fr\u00fchen viktorianischen Haus in der Klasse II entworfen und ausgestattet. Es sollte eine flei\u00dfige K\u00fcche sein, da unser Kunde ein begeisterter Koch ist, der es liebt, unterhaltsam zu sein. Daher wurde ein midimalistischer Ansatz verfolgt, um nicht nur eine warme, einladende \u00c4sthetik zu schaffen, sondern auch eine n\u00fctzliche K\u00fcchenwerkzeuge und das Tabellengeschirr, das ausgestellt werden soll \u201c, sagt Georgina Cave von Cave Interiors.<\/p>\n<p>&#8218;Das offene Regal befindet sich im Waschbecken und das Regal \u00fcber der AGA mit H\u00e4ngenden Schiene unter der unmittelbaren Hand. Dies hilft nicht nur in Bezug auf die Benutzerfreundlichkeit, sondern tr\u00e4gt zum Gesamtcharakter bei, ohne \u00fcberm\u00e4\u00dfig \u00fcberf\u00fcllt zu sein. &#8218;<\/p>\n<h3 class=\"article-body__section\" id=\"section-7-combine-simple-features-that-add-personality\"><span>7. Kombinieren Sie einfache Funktionen, die Pers\u00f6nlichkeit hinzuf\u00fcgen<\/span><\/h3>\n<figure class=\"van-image-figure inline-layout \" data-bordeaux-image-check>\n<div class=\"image-full-width-wrapper\">\n<div class=\"image-widthsetter\" style=\"max-width:2400px;\"><\/div>\n<\/div>\n<\/figure>\n<p>Diese warme neutrale K\u00fcche wurde mit einer midimalistischen \u00dcberarbeitung mit einer gr\u00fcnen Insel, einer geschichteten Dekor und einem gemusterten Blinden \u00fcber dem Fenster erhalten. Es ist das Accessoires und die Liebe zum Detail hier, die es zum perfekten Mittelweg zwischen minimalem und Besetzten machen.<\/p>\n<p>&#8218;Im Kern ist es abgeschreckt und zielgerichtet, aber es ist auch voller nachdenklicher Ber\u00fchrungen, die dich einladen. Der gro\u00dfz\u00fcgige Bauernhaus-Esstisch verankert den Raum als Ort zum Sammeln-sei es f\u00fcr lange, faule Mittagessen oder spontane Abendessen. Ein Statement -Bereich steht im Mittelpunkt des Raums und f\u00fcgt sowohl Funktion als auch Flair hinzu, erkl\u00e4rt Charmaine White, Associate Director of Interior Design bei Hollandgreen.<\/p>\n<p>&#8218;Fenster im Crittall-Stil lassen das Licht einfluten, w\u00e4hrend Messinghardware und weiche Blumentextilien W\u00e4rme und sanfte Kontrast einf\u00fchren. Leinen- und Korbelemente sorgen f\u00fcr eine strukturelle Tiefe, wodurch sich der Raum entspannt und geerdet anf\u00fchlt. Es ist ein Raum, der sich beweist, dass minimalistisches Design nicht kalt sein muss &#8211; er kann voller Seele sein und darin gelebt werden. &#8218;<\/p>\n<h3 class=\"article-body__section\" id=\"section-8-add-a-bold-wallpaper-to-a-pared-back-kitchen\"><span>8. F\u00fcgen Sie eine k\u00fchne Tapete zu einer zur\u00fcckgezogenen K\u00fcche hinzu<\/span><\/h3>\n<figure class=\"van-image-figure inline-layout \" data-bordeaux-image-check>\n<div class=\"image-full-width-wrapper\">\n<div class=\"image-widthsetter\" style=\"max-width:2400px;\"><\/div>\n<\/div>\n<\/figure>\n<p>Wenn Sie derzeit eine sehr schlanke, minimale K\u00fcche haben, gibt es einige M\u00f6glichkeiten, einen Charakter zu verleihen, um ihm ein midimalistischeres Finish zu verleihen. Und wir sprechen nicht \u00fcber das \u00c4ndern der Kernelemente &#8211; einfach gesammeltes Zubeh\u00f6r und eine k\u00fchne Tapete aus der K\u00fcche zu ver\u00e4ndern.<\/p>\n<p>&#8218;Midimalist ist ein relativ neuer Begriff, der die W\u00e4rme und den Charakter des Designs der Mitte des Jahrhunderts mit den sauberen, \u00fcbersichtlichen Prinzipien des Minimalismus verbindet. Diese K\u00fcche f\u00e4ngt diese Essenz wundersch\u00f6n ein. Die klaren Linien der handlosen Schr\u00e4nke bieten eine schlanke, minimalistische Basis f\u00fcr handgefertigte Holzschr\u00e4nke mit Schilfglasfronten \u201c, erkl\u00e4rt Judith Geling von K\u00fcchenarchitektur.<\/p>\n<p>&#8218;Dekor in einer midimalistischen K\u00fcche dreht sich alles um das Gleichgewicht. Hier f\u00fcgt die Tapete genau das richtige Ma\u00df an Muster und Interesse hinzu &#8211; genug, um Individualit\u00e4t auszudr\u00fccken, aber den Raum nie zu \u00fcberw\u00e4ltigen. Mit dem Mittelimalismus handelt es sich um ruhig, als Design mit Charakter betrachtet. Diese K\u00fcche nagelt es. &#8218;<\/p>\n<h2 id=\"what-is-a-midimalist-kitchen-3\">Was ist eine midimalistische K\u00fcche?<\/h2>\n<p>Der Midimalismus ist ein relativ neuer und aufstrebender Stil in der Welt der K\u00fcchen. Wenn es die besten Merkmale von Minimalismus und Maximalismus nimmt, ist es ein Designethos, das w\u00e4chst, wenn mehr Menschen K\u00fcchen wollen, die sich in der Pers\u00f6nlichkeit gelebt und voller Pers\u00f6nlichkeit haben.<\/p>\n<p>&#8218;Eine mittleralistische K\u00fcche schl\u00e4gt die perfekte Balance zwischen Minimalismus und W\u00e4rme. Es beh\u00e4lt das ruhige, \u00fcbersichtliche Gef\u00fchl von minimalem Design bei, f\u00fchrt jedoch weiche Texturen, nat\u00fcrliche Materialien und sorgf\u00e4ltig ausgew\u00e4hlte dekorative Details ein, die das Weltraumgef\u00fchl einlebt und einladend machen. Sie haben immer noch die klaren Linien und \u00fcberlegenes Layout, aber mit mehr Pers\u00f6nlichkeit und Seele \u201c, erkl\u00e4rt Richard Davonport, Gesch\u00e4ftsf\u00fchrer bei Davonport.<\/p>\n<p>Bestimmte Ans\u00e4tze eignen sich am besten, um eine mittelschonistische K\u00fcche zu schaffen. Und f\u00fcr Ca &#8218;Pietras Grazzie Wilson dreht sich alles um die Materialien und darum, wie Sie sie schichten. &#8222;Midimalistische K\u00fcchen dreht sich alles um achtsame Schichten, denken nat\u00fcrliche Materialien, weiche T\u00f6ne und genau die richtige Menge an dekorativen Details.&#8220;<\/p>\n<p>\u201eIm Gegensatz zum Minimalismus, der oft einen Raum zur\u00fcck in die nackten Knochen streift, l\u00e4dt der Midimalismus W\u00e4rme und Charakter ein. Es geht um Balance: Klare Linien treffen nach erdigen Texturen, und jede Oberfl\u00e4che wird ausgew\u00e4hlt, um sich sch\u00f6n, taktil und lebenswert zu f\u00fchlen \u201c, erkl\u00e4rt sie.<\/p>\n<div class=\"product-container hero-product-container product-block-no-wrap\"><\/div>\n<hr>\n<p>W\u00e4hrend der midimalistische Stil im Trend ist, ist es weit entfernt von einem fl\u00fcchtigen K\u00fcchentrend. Es ist ein Stil, der an Traktion gewinnt, weil er erreichbar, ausgewogen ist und die Gem\u00fctlichkeit, die Menschen w\u00fcnschen, ohne die Funktion zu beeintr\u00e4chtigen.<\/p>\n<p>Es ist ein K\u00fcchenstil, der den lebenden Stil und das in Pers\u00f6nlichkeit gef\u00fcllte Design verk\u00f6rpert-von den K\u00fcchenfarben bis hin zu Schichten von Textilien und Dekoration mit Vintage-St\u00fccken gibt es so viele M\u00f6glichkeiten, den Look zu kreieren. Es ist ein Stil, den Sie in diesem Jahr auf jeden Fall in Betracht ziehen sollten.<\/p>\n<\/div>\n","protected":false},"excerpt":{"rendered":"<p>Der perfekte Mittelweg zwischen abgerissenen und gesch\u00e4ftigen mittelschwerden K\u00fcchen ist auf dem Vormarsch-und sie erweisen sich als idealer Weg, um einen in Pers\u00f6nlichkeit gef\u00fcllten, gelebten<\/p>\n","protected":false},"author":1,"featured_media":4508,"comment_status":"closed","ping_status":"","sticky":false,"template":"","format":"standard","meta":{"footnotes":""},"categories":[118],"tags":[357,188,287,2255,201,2250,5009,9,143,531,166,781,992,6705,182,1728,6707,2960,306,58,3301,6706,6708,26],"class_list":["post-4507","post","type-post","status-publish","format-standard","has-post-thumbnail","hentry","category-haus-garten","tag-aber","tag-art","tag-aus","tag-beiden","tag-beste","tag-beweisen","tag-charakteristischen","tag-die","tag-diese","tag-dieses","tag-einen","tag-kann","tag-kuechen","tag-midimalistische","tag-raum","tag-raeume","tag-schaffenund","tag-schick","tag-sein","tag-sind","tag-trendige","tag-ueberfuellten","tag-weltenstilen","tag-wie","generate-columns","tablet-grid-50","mobile-grid-100","grid-parent","grid-50"],"yoast_head":"<!-- This site is optimized with the Yoast SEO plugin v27.3 - https:\/\/yoast.com\/product\/yoast-seo-wordpress\/ -->\n<title>Midimalistische K\u00fcchen sind die trendige Art, einen charakteristischen, aber \u00fcberf\u00fcllten Raum zu schaffen-und diese 8 R\u00e4ume beweisen, wie schick dieses Beste aus beiden Weltenstilen sein kann - Nachrichten - Stra\u00dfenweb<\/title>\n<meta name=\"robots\" content=\"index, follow, max-snippet:-1, max-image-preview:large, max-video-preview:-1\" \/>\n<link rel=\"canonical\" href=\"https:\/\/www.strassenweb.de\/nachrichten\/midimalistische-kuechen-sind-die-trendige-art-einen-charakteristischen-aber-ueberfuellten-raum-zu-schaffen-und-diese-8-raeume-beweisen-wie-schick-dieses-beste-aus-beiden-weltenstilen-sein-kann\/\" \/>\n<meta property=\"og:locale\" content=\"de_DE\" \/>\n<meta property=\"og:type\" content=\"article\" \/>\n<meta property=\"og:title\" content=\"Midimalistische K\u00fcchen sind die trendige Art, einen charakteristischen, aber \u00fcberf\u00fcllten Raum zu schaffen-und diese 8 R\u00e4ume beweisen, wie schick dieses Beste aus beiden Weltenstilen sein kann - Nachrichten - Stra\u00dfenweb\" \/>\n<meta property=\"og:description\" content=\"Der perfekte Mittelweg zwischen abgerissenen und gesch\u00e4ftigen mittelschwerden K\u00fcchen ist auf dem Vormarsch-und sie erweisen sich als idealer Weg, um einen in Pers\u00f6nlichkeit gef\u00fcllten, gelebten\" \/>\n<meta property=\"og:url\" content=\"https:\/\/www.strassenweb.de\/nachrichten\/midimalistische-kuechen-sind-die-trendige-art-einen-charakteristischen-aber-ueberfuellten-raum-zu-schaffen-und-diese-8-raeume-beweisen-wie-schick-dieses-beste-aus-beiden-weltenstilen-sein-kann\/\" \/>\n<meta property=\"og:site_name\" content=\"Stra\u00dfenweb\" \/>\n<meta property=\"article:publisher\" content=\"https:\/\/www.facebook.com\/strassenweb\/\" \/>\n<meta property=\"article:published_time\" content=\"2025-04-16T02:43:07+00:00\" \/>\n<meta property=\"og:image\" content=\"https:\/\/www.strassenweb.de\/nachrichten\/wp-content\/uploads\/2025\/04\/KsXsZcCK5fV5jwz6ZEM3cM.jpg\" \/>\n\t<meta property=\"og:image:width\" content=\"1600\" \/>\n\t<meta property=\"og:image:height\" content=\"900\" \/>\n\t<meta property=\"og:image:type\" content=\"image\/jpeg\" \/>\n<meta name=\"author\" content=\"Robert Hoffmann\" \/>\n<meta name=\"twitter:card\" content=\"summary_large_image\" \/>\n<meta name=\"twitter:label1\" content=\"Verfasst von\" \/>\n\t<meta name=\"twitter:data1\" content=\"Robert Hoffmann\" \/>\n\t<meta name=\"twitter:label2\" content=\"Gesch\u00e4tzte Lesezeit\" \/>\n\t<meta name=\"twitter:data2\" content=\"9\u00a0Minuten\" \/>\n<script type=\"application\/ld+json\" class=\"yoast-schema-graph\">{\"@context\":\"https:\\\/\\\/schema.org\",\"@graph\":[{\"@type\":\"Article\",\"@id\":\"https:\\\/\\\/www.strassenweb.de\\\/nachrichten\\\/midimalistische-kuechen-sind-die-trendige-art-einen-charakteristischen-aber-ueberfuellten-raum-zu-schaffen-und-diese-8-raeume-beweisen-wie-schick-dieses-beste-aus-beiden-weltenstilen-sein-kann\\\/#article\",\"isPartOf\":{\"@id\":\"https:\\\/\\\/www.strassenweb.de\\\/nachrichten\\\/midimalistische-kuechen-sind-die-trendige-art-einen-charakteristischen-aber-ueberfuellten-raum-zu-schaffen-und-diese-8-raeume-beweisen-wie-schick-dieses-beste-aus-beiden-weltenstilen-sein-kann\\\/\"},\"author\":{\"name\":\"Robert Hoffmann\",\"@id\":\"https:\\\/\\\/www.strassenweb.de\\\/nachrichten\\\/#\\\/schema\\\/person\\\/87c9c9067f1211da429a744dc5a5aa41\"},\"headline\":\"Midimalistische K\u00fcchen sind die trendige Art, einen charakteristischen, aber \u00fcberf\u00fcllten Raum zu schaffen-und diese 8 R\u00e4ume beweisen, wie schick dieses Beste aus beiden Weltenstilen sein kann\",\"datePublished\":\"2025-04-16T02:43:07+00:00\",\"mainEntityOfPage\":{\"@id\":\"https:\\\/\\\/www.strassenweb.de\\\/nachrichten\\\/midimalistische-kuechen-sind-die-trendige-art-einen-charakteristischen-aber-ueberfuellten-raum-zu-schaffen-und-diese-8-raeume-beweisen-wie-schick-dieses-beste-aus-beiden-weltenstilen-sein-kann\\\/\"},\"wordCount\":1895,\"publisher\":{\"@id\":\"https:\\\/\\\/www.strassenweb.de\\\/nachrichten\\\/#organization\"},\"image\":{\"@id\":\"https:\\\/\\\/www.strassenweb.de\\\/nachrichten\\\/midimalistische-kuechen-sind-die-trendige-art-einen-charakteristischen-aber-ueberfuellten-raum-zu-schaffen-und-diese-8-raeume-beweisen-wie-schick-dieses-beste-aus-beiden-weltenstilen-sein-kann\\\/#primaryimage\"},\"thumbnailUrl\":\"https:\\\/\\\/www.strassenweb.de\\\/nachrichten\\\/wp-content\\\/uploads\\\/2025\\\/04\\\/KsXsZcCK5fV5jwz6ZEM3cM.jpg\",\"keywords\":[\"aber\",\"Art\",\"aus\",\"beiden\",\"beste\",\"beweisen\",\"charakteristischen\",\"die\",\"diese\",\"dieses\",\"einen\",\"kann\",\"K\u00fcchen\",\"Midimalistische\",\"Raum\",\"R\u00e4ume\",\"schaffenund\",\"schick\",\"sein\",\"sind\",\"trendige\",\"\u00fcberf\u00fcllten\",\"Weltenstilen\",\"Wie\"],\"articleSection\":[\"Haus &amp; Garten\"],\"inLanguage\":\"de\"},{\"@type\":\"WebPage\",\"@id\":\"https:\\\/\\\/www.strassenweb.de\\\/nachrichten\\\/midimalistische-kuechen-sind-die-trendige-art-einen-charakteristischen-aber-ueberfuellten-raum-zu-schaffen-und-diese-8-raeume-beweisen-wie-schick-dieses-beste-aus-beiden-weltenstilen-sein-kann\\\/\",\"url\":\"https:\\\/\\\/www.strassenweb.de\\\/nachrichten\\\/midimalistische-kuechen-sind-die-trendige-art-einen-charakteristischen-aber-ueberfuellten-raum-zu-schaffen-und-diese-8-raeume-beweisen-wie-schick-dieses-beste-aus-beiden-weltenstilen-sein-kann\\\/\",\"name\":\"Midimalistische K\u00fcchen sind die trendige Art, einen charakteristischen, aber \u00fcberf\u00fcllten Raum zu schaffen-und diese 8 R\u00e4ume beweisen, wie schick dieses Beste aus beiden Weltenstilen sein kann - Nachrichten - Stra\u00dfenweb\",\"isPartOf\":{\"@id\":\"https:\\\/\\\/www.strassenweb.de\\\/nachrichten\\\/#website\"},\"primaryImageOfPage\":{\"@id\":\"https:\\\/\\\/www.strassenweb.de\\\/nachrichten\\\/midimalistische-kuechen-sind-die-trendige-art-einen-charakteristischen-aber-ueberfuellten-raum-zu-schaffen-und-diese-8-raeume-beweisen-wie-schick-dieses-beste-aus-beiden-weltenstilen-sein-kann\\\/#primaryimage\"},\"image\":{\"@id\":\"https:\\\/\\\/www.strassenweb.de\\\/nachrichten\\\/midimalistische-kuechen-sind-die-trendige-art-einen-charakteristischen-aber-ueberfuellten-raum-zu-schaffen-und-diese-8-raeume-beweisen-wie-schick-dieses-beste-aus-beiden-weltenstilen-sein-kann\\\/#primaryimage\"},\"thumbnailUrl\":\"https:\\\/\\\/www.strassenweb.de\\\/nachrichten\\\/wp-content\\\/uploads\\\/2025\\\/04\\\/KsXsZcCK5fV5jwz6ZEM3cM.jpg\",\"datePublished\":\"2025-04-16T02:43:07+00:00\",\"breadcrumb\":{\"@id\":\"https:\\\/\\\/www.strassenweb.de\\\/nachrichten\\\/midimalistische-kuechen-sind-die-trendige-art-einen-charakteristischen-aber-ueberfuellten-raum-zu-schaffen-und-diese-8-raeume-beweisen-wie-schick-dieses-beste-aus-beiden-weltenstilen-sein-kann\\\/#breadcrumb\"},\"inLanguage\":\"de\",\"potentialAction\":[{\"@type\":\"ReadAction\",\"target\":[\"https:\\\/\\\/www.strassenweb.de\\\/nachrichten\\\/midimalistische-kuechen-sind-die-trendige-art-einen-charakteristischen-aber-ueberfuellten-raum-zu-schaffen-und-diese-8-raeume-beweisen-wie-schick-dieses-beste-aus-beiden-weltenstilen-sein-kann\\\/\"]}]},{\"@type\":\"ImageObject\",\"inLanguage\":\"de\",\"@id\":\"https:\\\/\\\/www.strassenweb.de\\\/nachrichten\\\/midimalistische-kuechen-sind-die-trendige-art-einen-charakteristischen-aber-ueberfuellten-raum-zu-schaffen-und-diese-8-raeume-beweisen-wie-schick-dieses-beste-aus-beiden-weltenstilen-sein-kann\\\/#primaryimage\",\"url\":\"https:\\\/\\\/www.strassenweb.de\\\/nachrichten\\\/wp-content\\\/uploads\\\/2025\\\/04\\\/KsXsZcCK5fV5jwz6ZEM3cM.jpg\",\"contentUrl\":\"https:\\\/\\\/www.strassenweb.de\\\/nachrichten\\\/wp-content\\\/uploads\\\/2025\\\/04\\\/KsXsZcCK5fV5jwz6ZEM3cM.jpg\",\"width\":1600,\"height\":900,\"caption\":\"A midimalist kitchen with warm white cabinets, a wooden freestanding island, and collected decor\"},{\"@type\":\"BreadcrumbList\",\"@id\":\"https:\\\/\\\/www.strassenweb.de\\\/nachrichten\\\/midimalistische-kuechen-sind-die-trendige-art-einen-charakteristischen-aber-ueberfuellten-raum-zu-schaffen-und-diese-8-raeume-beweisen-wie-schick-dieses-beste-aus-beiden-weltenstilen-sein-kann\\\/#breadcrumb\",\"itemListElement\":[{\"@type\":\"ListItem\",\"position\":1,\"name\":\"Home\",\"item\":\"https:\\\/\\\/www.strassenweb.de\\\/nachrichten\\\/\"},{\"@type\":\"ListItem\",\"position\":2,\"name\":\"Midimalistische K\u00fcchen sind die trendige Art, einen charakteristischen, aber \u00fcberf\u00fcllten Raum zu schaffen-und diese 8 R\u00e4ume beweisen, wie schick dieses Beste aus beiden Weltenstilen sein kann\"}]},{\"@type\":\"WebSite\",\"@id\":\"https:\\\/\\\/www.strassenweb.de\\\/nachrichten\\\/#website\",\"url\":\"https:\\\/\\\/www.strassenweb.de\\\/nachrichten\\\/\",\"name\":\"Stra\u00dfenweb\",\"description\":\"Stra\u00dfenverzeichnis f\u00fcr Deutschland\",\"publisher\":{\"@id\":\"https:\\\/\\\/www.strassenweb.de\\\/nachrichten\\\/#organization\"},\"potentialAction\":[{\"@type\":\"SearchAction\",\"target\":{\"@type\":\"EntryPoint\",\"urlTemplate\":\"https:\\\/\\\/www.strassenweb.de\\\/nachrichten\\\/?s={search_term_string}\"},\"query-input\":{\"@type\":\"PropertyValueSpecification\",\"valueRequired\":true,\"valueName\":\"search_term_string\"}}],\"inLanguage\":\"de\"},{\"@type\":\"Organization\",\"@id\":\"https:\\\/\\\/www.strassenweb.de\\\/nachrichten\\\/#organization\",\"name\":\"Stra\u00dfenweb\",\"url\":\"https:\\\/\\\/www.strassenweb.de\\\/nachrichten\\\/\",\"logo\":{\"@type\":\"ImageObject\",\"inLanguage\":\"de\",\"@id\":\"https:\\\/\\\/www.strassenweb.de\\\/nachrichten\\\/#\\\/schema\\\/logo\\\/image\\\/\",\"url\":\"https:\\\/\\\/www.strassenweb.de\\\/nachrichten\\\/wp-content\\\/uploads\\\/2024\\\/09\\\/cropped-favicon.png\",\"contentUrl\":\"https:\\\/\\\/www.strassenweb.de\\\/nachrichten\\\/wp-content\\\/uploads\\\/2024\\\/09\\\/cropped-favicon.png\",\"width\":512,\"height\":512,\"caption\":\"Stra\u00dfenweb\"},\"image\":{\"@id\":\"https:\\\/\\\/www.strassenweb.de\\\/nachrichten\\\/#\\\/schema\\\/logo\\\/image\\\/\"},\"sameAs\":[\"https:\\\/\\\/www.facebook.com\\\/strassenweb\\\/\"]},{\"@type\":\"Person\",\"@id\":\"https:\\\/\\\/www.strassenweb.de\\\/nachrichten\\\/#\\\/schema\\\/person\\\/87c9c9067f1211da429a744dc5a5aa41\",\"name\":\"Robert Hoffmann\",\"image\":{\"@type\":\"ImageObject\",\"inLanguage\":\"de\",\"@id\":\"https:\\\/\\\/www.strassenweb.de\\\/nachrichten\\\/wp-content\\\/uploads\\\/2024\\\/09\\\/strassenweb-150x150.jpg\",\"url\":\"https:\\\/\\\/www.strassenweb.de\\\/nachrichten\\\/wp-content\\\/uploads\\\/2024\\\/09\\\/strassenweb-150x150.jpg\",\"contentUrl\":\"https:\\\/\\\/www.strassenweb.de\\\/nachrichten\\\/wp-content\\\/uploads\\\/2024\\\/09\\\/strassenweb-150x150.jpg\",\"caption\":\"Robert Hoffmann\"},\"description\":\"Ich hei\u00dfe Robert Hoffmann und ich bin ein leidenschaftlicher Verfechter von \u00d6kologie und Biodiversit\u00e4t. Seit meiner Kindheit in den W\u00e4ldern Bayerns f\u00fchle ich mich mit der Natur verbunden und bin entschlossen, sie zu sch\u00fctzen. Heute widme ich mein Leben der Sensibilisierung anderer f\u00fcr die Bedeutung des Umweltschutzes f\u00fcr zuk\u00fcnftige Generationen.\",\"sameAs\":[\"https:\\\/\\\/www.strassenweb.de\\\/\"]}]}<\/script>\n<!-- \/ Yoast SEO plugin. -->","yoast_head_json":{"title":"Midimalistische K\u00fcchen sind die trendige Art, einen charakteristischen, aber \u00fcberf\u00fcllten Raum zu schaffen-und diese 8 R\u00e4ume beweisen, wie schick dieses Beste aus beiden Weltenstilen sein kann - Nachrichten - Stra\u00dfenweb","robots":{"index":"index","follow":"follow","max-snippet":"max-snippet:-1","max-image-preview":"max-image-preview:large","max-video-preview":"max-video-preview:-1"},"canonical":"https:\/\/www.strassenweb.de\/nachrichten\/midimalistische-kuechen-sind-die-trendige-art-einen-charakteristischen-aber-ueberfuellten-raum-zu-schaffen-und-diese-8-raeume-beweisen-wie-schick-dieses-beste-aus-beiden-weltenstilen-sein-kann\/","og_locale":"de_DE","og_type":"article","og_title":"Midimalistische K\u00fcchen sind die trendige Art, einen charakteristischen, aber \u00fcberf\u00fcllten Raum zu schaffen-und diese 8 R\u00e4ume beweisen, wie schick dieses Beste aus beiden Weltenstilen sein kann - Nachrichten - Stra\u00dfenweb","og_description":"Der perfekte Mittelweg zwischen abgerissenen und gesch\u00e4ftigen mittelschwerden K\u00fcchen ist auf dem Vormarsch-und sie erweisen sich als idealer Weg, um einen in Pers\u00f6nlichkeit gef\u00fcllten, gelebten","og_url":"https:\/\/www.strassenweb.de\/nachrichten\/midimalistische-kuechen-sind-die-trendige-art-einen-charakteristischen-aber-ueberfuellten-raum-zu-schaffen-und-diese-8-raeume-beweisen-wie-schick-dieses-beste-aus-beiden-weltenstilen-sein-kann\/","og_site_name":"Stra\u00dfenweb","article_publisher":"https:\/\/www.facebook.com\/strassenweb\/","article_published_time":"2025-04-16T02:43:07+00:00","og_image":[{"width":1600,"height":900,"url":"https:\/\/www.strassenweb.de\/nachrichten\/wp-content\/uploads\/2025\/04\/KsXsZcCK5fV5jwz6ZEM3cM.jpg","type":"image\/jpeg"}],"author":"Robert Hoffmann","twitter_card":"summary_large_image","twitter_misc":{"Verfasst von":"Robert Hoffmann","Gesch\u00e4tzte Lesezeit":"9\u00a0Minuten"},"schema":{"@context":"https:\/\/schema.org","@graph":[{"@type":"Article","@id":"https:\/\/www.strassenweb.de\/nachrichten\/midimalistische-kuechen-sind-die-trendige-art-einen-charakteristischen-aber-ueberfuellten-raum-zu-schaffen-und-diese-8-raeume-beweisen-wie-schick-dieses-beste-aus-beiden-weltenstilen-sein-kann\/#article","isPartOf":{"@id":"https:\/\/www.strassenweb.de\/nachrichten\/midimalistische-kuechen-sind-die-trendige-art-einen-charakteristischen-aber-ueberfuellten-raum-zu-schaffen-und-diese-8-raeume-beweisen-wie-schick-dieses-beste-aus-beiden-weltenstilen-sein-kann\/"},"author":{"name":"Robert Hoffmann","@id":"https:\/\/www.strassenweb.de\/nachrichten\/#\/schema\/person\/87c9c9067f1211da429a744dc5a5aa41"},"headline":"Midimalistische K\u00fcchen sind die trendige Art, einen charakteristischen, aber \u00fcberf\u00fcllten Raum zu schaffen-und diese 8 R\u00e4ume beweisen, wie schick dieses Beste aus beiden Weltenstilen sein kann","datePublished":"2025-04-16T02:43:07+00:00","mainEntityOfPage":{"@id":"https:\/\/www.strassenweb.de\/nachrichten\/midimalistische-kuechen-sind-die-trendige-art-einen-charakteristischen-aber-ueberfuellten-raum-zu-schaffen-und-diese-8-raeume-beweisen-wie-schick-dieses-beste-aus-beiden-weltenstilen-sein-kann\/"},"wordCount":1895,"publisher":{"@id":"https:\/\/www.strassenweb.de\/nachrichten\/#organization"},"image":{"@id":"https:\/\/www.strassenweb.de\/nachrichten\/midimalistische-kuechen-sind-die-trendige-art-einen-charakteristischen-aber-ueberfuellten-raum-zu-schaffen-und-diese-8-raeume-beweisen-wie-schick-dieses-beste-aus-beiden-weltenstilen-sein-kann\/#primaryimage"},"thumbnailUrl":"https:\/\/www.strassenweb.de\/nachrichten\/wp-content\/uploads\/2025\/04\/KsXsZcCK5fV5jwz6ZEM3cM.jpg","keywords":["aber","Art","aus","beiden","beste","beweisen","charakteristischen","die","diese","dieses","einen","kann","K\u00fcchen","Midimalistische","Raum","R\u00e4ume","schaffenund","schick","sein","sind","trendige","\u00fcberf\u00fcllten","Weltenstilen","Wie"],"articleSection":["Haus &amp; Garten"],"inLanguage":"de"},{"@type":"WebPage","@id":"https:\/\/www.strassenweb.de\/nachrichten\/midimalistische-kuechen-sind-die-trendige-art-einen-charakteristischen-aber-ueberfuellten-raum-zu-schaffen-und-diese-8-raeume-beweisen-wie-schick-dieses-beste-aus-beiden-weltenstilen-sein-kann\/","url":"https:\/\/www.strassenweb.de\/nachrichten\/midimalistische-kuechen-sind-die-trendige-art-einen-charakteristischen-aber-ueberfuellten-raum-zu-schaffen-und-diese-8-raeume-beweisen-wie-schick-dieses-beste-aus-beiden-weltenstilen-sein-kann\/","name":"Midimalistische K\u00fcchen sind die trendige Art, einen charakteristischen, aber \u00fcberf\u00fcllten Raum zu schaffen-und diese 8 R\u00e4ume beweisen, wie schick dieses Beste aus beiden Weltenstilen sein kann - Nachrichten - Stra\u00dfenweb","isPartOf":{"@id":"https:\/\/www.strassenweb.de\/nachrichten\/#website"},"primaryImageOfPage":{"@id":"https:\/\/www.strassenweb.de\/nachrichten\/midimalistische-kuechen-sind-die-trendige-art-einen-charakteristischen-aber-ueberfuellten-raum-zu-schaffen-und-diese-8-raeume-beweisen-wie-schick-dieses-beste-aus-beiden-weltenstilen-sein-kann\/#primaryimage"},"image":{"@id":"https:\/\/www.strassenweb.de\/nachrichten\/midimalistische-kuechen-sind-die-trendige-art-einen-charakteristischen-aber-ueberfuellten-raum-zu-schaffen-und-diese-8-raeume-beweisen-wie-schick-dieses-beste-aus-beiden-weltenstilen-sein-kann\/#primaryimage"},"thumbnailUrl":"https:\/\/www.strassenweb.de\/nachrichten\/wp-content\/uploads\/2025\/04\/KsXsZcCK5fV5jwz6ZEM3cM.jpg","datePublished":"2025-04-16T02:43:07+00:00","breadcrumb":{"@id":"https:\/\/www.strassenweb.de\/nachrichten\/midimalistische-kuechen-sind-die-trendige-art-einen-charakteristischen-aber-ueberfuellten-raum-zu-schaffen-und-diese-8-raeume-beweisen-wie-schick-dieses-beste-aus-beiden-weltenstilen-sein-kann\/#breadcrumb"},"inLanguage":"de","potentialAction":[{"@type":"ReadAction","target":["https:\/\/www.strassenweb.de\/nachrichten\/midimalistische-kuechen-sind-die-trendige-art-einen-charakteristischen-aber-ueberfuellten-raum-zu-schaffen-und-diese-8-raeume-beweisen-wie-schick-dieses-beste-aus-beiden-weltenstilen-sein-kann\/"]}]},{"@type":"ImageObject","inLanguage":"de","@id":"https:\/\/www.strassenweb.de\/nachrichten\/midimalistische-kuechen-sind-die-trendige-art-einen-charakteristischen-aber-ueberfuellten-raum-zu-schaffen-und-diese-8-raeume-beweisen-wie-schick-dieses-beste-aus-beiden-weltenstilen-sein-kann\/#primaryimage","url":"https:\/\/www.strassenweb.de\/nachrichten\/wp-content\/uploads\/2025\/04\/KsXsZcCK5fV5jwz6ZEM3cM.jpg","contentUrl":"https:\/\/www.strassenweb.de\/nachrichten\/wp-content\/uploads\/2025\/04\/KsXsZcCK5fV5jwz6ZEM3cM.jpg","width":1600,"height":900,"caption":"A midimalist kitchen with warm white cabinets, a wooden freestanding island, and collected decor"},{"@type":"BreadcrumbList","@id":"https:\/\/www.strassenweb.de\/nachrichten\/midimalistische-kuechen-sind-die-trendige-art-einen-charakteristischen-aber-ueberfuellten-raum-zu-schaffen-und-diese-8-raeume-beweisen-wie-schick-dieses-beste-aus-beiden-weltenstilen-sein-kann\/#breadcrumb","itemListElement":[{"@type":"ListItem","position":1,"name":"Home","item":"https:\/\/www.strassenweb.de\/nachrichten\/"},{"@type":"ListItem","position":2,"name":"Midimalistische K\u00fcchen sind die trendige Art, einen charakteristischen, aber \u00fcberf\u00fcllten Raum zu schaffen-und diese 8 R\u00e4ume beweisen, wie schick dieses Beste aus beiden Weltenstilen sein kann"}]},{"@type":"WebSite","@id":"https:\/\/www.strassenweb.de\/nachrichten\/#website","url":"https:\/\/www.strassenweb.de\/nachrichten\/","name":"Stra\u00dfenweb","description":"Stra\u00dfenverzeichnis f\u00fcr Deutschland","publisher":{"@id":"https:\/\/www.strassenweb.de\/nachrichten\/#organization"},"potentialAction":[{"@type":"SearchAction","target":{"@type":"EntryPoint","urlTemplate":"https:\/\/www.strassenweb.de\/nachrichten\/?s={search_term_string}"},"query-input":{"@type":"PropertyValueSpecification","valueRequired":true,"valueName":"search_term_string"}}],"inLanguage":"de"},{"@type":"Organization","@id":"https:\/\/www.strassenweb.de\/nachrichten\/#organization","name":"Stra\u00dfenweb","url":"https:\/\/www.strassenweb.de\/nachrichten\/","logo":{"@type":"ImageObject","inLanguage":"de","@id":"https:\/\/www.strassenweb.de\/nachrichten\/#\/schema\/logo\/image\/","url":"https:\/\/www.strassenweb.de\/nachrichten\/wp-content\/uploads\/2024\/09\/cropped-favicon.png","contentUrl":"https:\/\/www.strassenweb.de\/nachrichten\/wp-content\/uploads\/2024\/09\/cropped-favicon.png","width":512,"height":512,"caption":"Stra\u00dfenweb"},"image":{"@id":"https:\/\/www.strassenweb.de\/nachrichten\/#\/schema\/logo\/image\/"},"sameAs":["https:\/\/www.facebook.com\/strassenweb\/"]},{"@type":"Person","@id":"https:\/\/www.strassenweb.de\/nachrichten\/#\/schema\/person\/87c9c9067f1211da429a744dc5a5aa41","name":"Robert Hoffmann","image":{"@type":"ImageObject","inLanguage":"de","@id":"https:\/\/www.strassenweb.de\/nachrichten\/wp-content\/uploads\/2024\/09\/strassenweb-150x150.jpg","url":"https:\/\/www.strassenweb.de\/nachrichten\/wp-content\/uploads\/2024\/09\/strassenweb-150x150.jpg","contentUrl":"https:\/\/www.strassenweb.de\/nachrichten\/wp-content\/uploads\/2024\/09\/strassenweb-150x150.jpg","caption":"Robert Hoffmann"},"description":"Ich hei\u00dfe Robert Hoffmann und ich bin ein leidenschaftlicher Verfechter von \u00d6kologie und Biodiversit\u00e4t. Seit meiner Kindheit in den W\u00e4ldern Bayerns f\u00fchle ich mich mit der Natur verbunden und bin entschlossen, sie zu sch\u00fctzen. Heute widme ich mein Leben der Sensibilisierung anderer f\u00fcr die Bedeutung des Umweltschutzes f\u00fcr zuk\u00fcnftige Generationen.","sameAs":["https:\/\/www.strassenweb.de\/"]}]}},"_links":{"self":[{"href":"https:\/\/www.strassenweb.de\/nachrichten\/wp-json\/wp\/v2\/posts\/4507","targetHints":{"allow":["GET"]}}],"collection":[{"href":"https:\/\/www.strassenweb.de\/nachrichten\/wp-json\/wp\/v2\/posts"}],"about":[{"href":"https:\/\/www.strassenweb.de\/nachrichten\/wp-json\/wp\/v2\/types\/post"}],"author":[{"embeddable":true,"href":"https:\/\/www.strassenweb.de\/nachrichten\/wp-json\/wp\/v2\/users\/1"}],"replies":[{"embeddable":true,"href":"https:\/\/www.strassenweb.de\/nachrichten\/wp-json\/wp\/v2\/comments?post=4507"}],"version-history":[{"count":0,"href":"https:\/\/www.strassenweb.de\/nachrichten\/wp-json\/wp\/v2\/posts\/4507\/revisions"}],"wp:featuredmedia":[{"embeddable":true,"href":"https:\/\/www.strassenweb.de\/nachrichten\/wp-json\/wp\/v2\/media\/4508"}],"wp:attachment":[{"href":"https:\/\/www.strassenweb.de\/nachrichten\/wp-json\/wp\/v2\/media?parent=4507"}],"wp:term":[{"taxonomy":"category","embeddable":true,"href":"https:\/\/www.strassenweb.de\/nachrichten\/wp-json\/wp\/v2\/categories?post=4507"},{"taxonomy":"post_tag","embeddable":true,"href":"https:\/\/www.strassenweb.de\/nachrichten\/wp-json\/wp\/v2\/tags?post=4507"}],"curies":[{"name":"wp","href":"https:\/\/api.w.org\/{rel}","templated":true}]}}