{"id":4486,"date":"2025-04-15T00:39:37","date_gmt":"2025-04-14T22:39:37","guid":{"rendered":"https:\/\/www.strassenweb.de\/nachrichten\/martha-stewarts-intelligente-schraenke-beruecksichtigen\/"},"modified":"2025-04-15T00:39:38","modified_gmt":"2025-04-14T22:39:38","slug":"martha-stewarts-intelligente-schraenke-beruecksichtigen","status":"publish","type":"post","link":"https:\/\/www.strassenweb.de\/nachrichten\/martha-stewarts-intelligente-schraenke-beruecksichtigen\/","title":{"rendered":"Martha Stewarts intelligente Schr\u00e4nke &#8222;Ber\u00fccksichtigen"},"content":{"rendered":"<p><\/p>\n<div id=\"article-body\" class=\"article__body \">\n<p>Vor neun Jahren startete Martha Stewart eine Reihe von Wandschr\u00e4nken f\u00fcr das Heimdepot. Im wahren Martha -Stil ist ihr Rat (und der Schrankstil) wie ein guter Wein gealtert. Im Filmmaterial nahm Martha die Zuschauer in ihre &#8222;kleine&#8220; K\u00fcche und zeigte, wie man den &#8218;toten&#8216; Raum am besten nutzt, von dem Sie nie wussten, dass Sie es hatten, aber wohl nichts N\u00e4gel, so wie ihre Schr\u00e4nke mit Glasfront.<\/p>\n<div id=\"ad-unit-1\" class=\"ad-unit\"><\/div>\n<p>&#8218;Jede K\u00fcche kann sch\u00f6n und funktional sein, egal wie gro\u00df. Ber\u00fccksichtigen Sie beim Entwerfen f\u00fcr einen kleinen Raum jeden Zentimeter \u201c, sagt Martha, bevor er die Vorteile des vertikalen K\u00fcchenschranks erkl\u00e4rt. Entscheidend ist, dass sie sich hoch an die Decke erstrecken und uns daran erinnern, einen Bereich zu nutzen, der sonst m\u00f6glicherweise nicht genutzt wird. Es ist perfekt f\u00fcr kleine K\u00fcchen, aber auch in H\u00e4usern n\u00fctzlich, in denen der Platz m\u00f6glicherweise nicht so gro\u00df ist.<\/p>\n<aside class=\"hawk-base\" data-block-type=\"embed\" data-render-type=\"fte\" data-skip=\"dealsy\" data-widget-type=\"seasonal\">\n<div class=\"hawk-master-widget-hawk-base-wrapper\"><\/div>\n<\/aside>\n<p>&#8218;Wir haben eine Reihe von Martha Stewart lebenden Wandschr\u00e4nken und Grundschr\u00e4nken an dieser Wand installiert. Sie erstrecken sich bis zur Decke und sind mit einem einfachen Kronenformpunkt fertig. Die oberen Schr\u00e4nke sind mit Glas ausgestattet, und sie machen die Schr\u00e4nke visuell leichter, und ich liebe es zu sehen, was sich in meinem Schrank befindet, also wird nichts weggelegt und nie wieder benutzt. &#8218;<\/p>\n<div id=\"desktop-in-article\" class=\"in-article ad-unit\">\n<div id=\"desktop-taboola-mid-article\"><\/div>\n<\/div>\n<div id=\"mobile-in-article\" class=\"in-article ad-unit\">\n<div id=\"mobile-taboola-mid-article\"><\/div>\n<\/div>\n<p>Die genauen Schr\u00e4nke, die in Marthas Set verwendet werden, sind im Heimdepot nicht mehr gef\u00fcllt, aber wir haben einige (fast identische) Alternativen gefunden. Sie bieten die gleichen Vorteile von Martha, sind aber f\u00fcr eine moderne K\u00fcche noch relevanter.<\/p>\n<div class=\"van_vid_carousel\">\n<div class=\"van_vid_carousel__padding\">\n<div class=\"van_vid_carousel__container\"><\/div>\n<\/div>\n<\/div>\n<div class=\"youtube-video\" data-nosnippet>\n<div class=\"video-aspect-box\"><a href=\"https:\/\/www.youtube.com\/watch?v=qir7onstqgi\">https:\/\/www.youtube.com\/watch?v=qir7onstqgi<\/a><\/div>\n<\/div>\n<h2 id=\"shop-the-home-depot-s-glass-kitchen-cabinets-3\">Kaufen Sie die Glask\u00fcchenschr\u00e4nke des Heimdepots ein<\/h2>\n<div class=\"product-container hero-product-container product-block-no-wrap\"><\/div>\n<p>Nachdem Martha unsere Schr\u00e4nke angesprochen hat, teilt sie eine kleine Arbeitsplatte. In einer kleinen K\u00fcche ist der Arbeitsplatzraum sehr begrenzt. Das Hinzuf\u00fcgen eines Regals nimmt Gegenst\u00e4nde von der Theke und legt sie hier hoch &#8222;, sagt sie.<\/p>\n<div id=\"ad-unit-2\" class=\"ad-unit\"><\/div>\n<p>&#8218;Dieses Regal wurde 22 Zoll \u00fcber dem Z\u00e4hler gegen\u00fcber dem Standard von 18 Zoll montiert. Wenn Sie am Waschbecken oder am Herd stehen, haben Sie viel Platz zur Arbeit. Nichts stimmt in deinem Gesicht. &#8218;<\/p>\n<p>Egal, ob Sie die freiliegenden Regale hinter Ihren Schr\u00e4nken mit Glasfront dekorieren oder Ihre offenen Regale verbessern m\u00f6chten, Sie k\u00f6nnen dies mit wundersch\u00f6nen Geschirr und Brille tun. In einer kleinen K\u00fcche sind die Gegenst\u00e4nde, die Sie w\u00e4hlen, wohl mehr wichtig, da jeder Gegenstand h\u00e4rter k\u00e4mpfen muss, um zu zeigen. F\u00fcr einen Ausgangspunkt f\u00fcr fehlgeschlagene Sicherheit haben wir unten einige wesentliche Wesentliche ausgew\u00e4hlt. Sie werden in jedem Regal (hinter Glas oder nicht) sch\u00f6n aussehen und sind alle funktional. Wir sind uns fast sicher, dass Martha eine solche Kombination genehmigen w\u00fcrde.<\/p>\n<div id=\"slice-container-newsletterForm-articleInbodyContent-6gKP6eh8TxHRyQDim6pgcN\" class=\"slice-container newsletter-inbodyContent-slice newsletterForm-articleInbodyContent-6gKP6eh8TxHRyQDim6pgcN slice-container-newsletterForm\"><\/div>\n<div class=\"product-container hero-product-container product-block-no-wrap\"><\/div>\n<hr>\n<p>Die neutrale Farb- und Glasfront von Marthas Schr\u00e4nken haben in den letzten neun Jahren beeindruckt, und wir sind sicher, dass diese Picks in einem weiteren Jahrzehnt genauso gut aussehen werden. Suchen Sie bei der Auswahl von Schr\u00e4nken nach Glasfronten und einer hohen vertikalen Struktur, und Sie k\u00f6nnen wirklich nichts falsch machen.<\/p>\n<hr>\n<\/div>\n","protected":false},"excerpt":{"rendered":"<p>Vor neun Jahren startete Martha Stewart eine Reihe von Wandschr\u00e4nken f\u00fcr das Heimdepot. Im wahren Martha -Stil ist ihr Rat (und der Schrankstil) wie ein<\/p>\n","protected":false},"author":1,"featured_media":4487,"comment_status":"closed","ping_status":"","sticky":false,"template":"","format":"standard","meta":{"footnotes":""},"categories":[118],"tags":[5468,2307,2894,278,2895],"class_list":["post-4486","post","type-post","status-publish","format-standard","has-post-thumbnail","hentry","category-haus-garten","tag-beruecksichtigen","tag-intelligente","tag-martha","tag-schraenke","tag-stewarts","generate-columns","tablet-grid-50","mobile-grid-100","grid-parent","grid-50"],"yoast_head":"<!-- This site is optimized with the Yoast SEO plugin v27.3 - https:\/\/yoast.com\/product\/yoast-seo-wordpress\/ -->\n<title>Martha Stewarts intelligente Schr\u00e4nke &quot;Ber\u00fccksichtigen - Nachrichten - Stra\u00dfenweb<\/title>\n<meta name=\"robots\" content=\"index, follow, max-snippet:-1, max-image-preview:large, max-video-preview:-1\" \/>\n<link rel=\"canonical\" href=\"https:\/\/www.strassenweb.de\/nachrichten\/martha-stewarts-intelligente-schraenke-beruecksichtigen\/\" \/>\n<meta property=\"og:locale\" content=\"de_DE\" \/>\n<meta property=\"og:type\" content=\"article\" \/>\n<meta property=\"og:title\" content=\"Martha Stewarts intelligente Schr\u00e4nke &quot;Ber\u00fccksichtigen - Nachrichten - Stra\u00dfenweb\" \/>\n<meta property=\"og:description\" content=\"Vor neun Jahren startete Martha Stewart eine Reihe von Wandschr\u00e4nken f\u00fcr das Heimdepot. Im wahren Martha -Stil ist ihr Rat (und der Schrankstil) wie ein\" \/>\n<meta property=\"og:url\" content=\"https:\/\/www.strassenweb.de\/nachrichten\/martha-stewarts-intelligente-schraenke-beruecksichtigen\/\" \/>\n<meta property=\"og:site_name\" content=\"Stra\u00dfenweb\" \/>\n<meta property=\"article:publisher\" content=\"https:\/\/www.facebook.com\/strassenweb\/\" \/>\n<meta property=\"article:published_time\" content=\"2025-04-14T22:39:37+00:00\" \/>\n<meta property=\"article:modified_time\" content=\"2025-04-14T22:39:38+00:00\" \/>\n<meta property=\"og:image\" content=\"https:\/\/www.strassenweb.de\/nachrichten\/wp-content\/uploads\/2025\/04\/rYPESVJinQM73UyYmLRzkL.jpg\" \/>\n\t<meta property=\"og:image:width\" content=\"1600\" \/>\n\t<meta property=\"og:image:height\" content=\"900\" \/>\n\t<meta property=\"og:image:type\" content=\"image\/jpeg\" \/>\n<meta name=\"author\" content=\"Robert Hoffmann\" \/>\n<meta name=\"twitter:card\" content=\"summary_large_image\" \/>\n<meta name=\"twitter:label1\" content=\"Verfasst von\" \/>\n\t<meta name=\"twitter:data1\" content=\"Robert Hoffmann\" \/>\n\t<meta name=\"twitter:label2\" content=\"Gesch\u00e4tzte Lesezeit\" \/>\n\t<meta name=\"twitter:data2\" content=\"3\u00a0Minuten\" \/>\n<script type=\"application\/ld+json\" class=\"yoast-schema-graph\">{\"@context\":\"https:\\\/\\\/schema.org\",\"@graph\":[{\"@type\":\"Article\",\"@id\":\"https:\\\/\\\/www.strassenweb.de\\\/nachrichten\\\/martha-stewarts-intelligente-schraenke-beruecksichtigen\\\/#article\",\"isPartOf\":{\"@id\":\"https:\\\/\\\/www.strassenweb.de\\\/nachrichten\\\/martha-stewarts-intelligente-schraenke-beruecksichtigen\\\/\"},\"author\":{\"name\":\"Robert Hoffmann\",\"@id\":\"https:\\\/\\\/www.strassenweb.de\\\/nachrichten\\\/#\\\/schema\\\/person\\\/87c9c9067f1211da429a744dc5a5aa41\"},\"headline\":\"Martha Stewarts intelligente Schr\u00e4nke &#8222;Ber\u00fccksichtigen\",\"datePublished\":\"2025-04-14T22:39:37+00:00\",\"dateModified\":\"2025-04-14T22:39:38+00:00\",\"mainEntityOfPage\":{\"@id\":\"https:\\\/\\\/www.strassenweb.de\\\/nachrichten\\\/martha-stewarts-intelligente-schraenke-beruecksichtigen\\\/\"},\"wordCount\":523,\"publisher\":{\"@id\":\"https:\\\/\\\/www.strassenweb.de\\\/nachrichten\\\/#organization\"},\"image\":{\"@id\":\"https:\\\/\\\/www.strassenweb.de\\\/nachrichten\\\/martha-stewarts-intelligente-schraenke-beruecksichtigen\\\/#primaryimage\"},\"thumbnailUrl\":\"https:\\\/\\\/www.strassenweb.de\\\/nachrichten\\\/wp-content\\\/uploads\\\/2025\\\/04\\\/rYPESVJinQM73UyYmLRzkL.jpg\",\"keywords\":[\"ber\u00fccksichtigen\",\"intelligente\",\"Martha\",\"Schr\u00e4nke\",\"Stewarts\"],\"articleSection\":[\"Haus &amp; Garten\"],\"inLanguage\":\"de\"},{\"@type\":\"WebPage\",\"@id\":\"https:\\\/\\\/www.strassenweb.de\\\/nachrichten\\\/martha-stewarts-intelligente-schraenke-beruecksichtigen\\\/\",\"url\":\"https:\\\/\\\/www.strassenweb.de\\\/nachrichten\\\/martha-stewarts-intelligente-schraenke-beruecksichtigen\\\/\",\"name\":\"Martha Stewarts intelligente Schr\u00e4nke \\\"Ber\u00fccksichtigen - Nachrichten - Stra\u00dfenweb\",\"isPartOf\":{\"@id\":\"https:\\\/\\\/www.strassenweb.de\\\/nachrichten\\\/#website\"},\"primaryImageOfPage\":{\"@id\":\"https:\\\/\\\/www.strassenweb.de\\\/nachrichten\\\/martha-stewarts-intelligente-schraenke-beruecksichtigen\\\/#primaryimage\"},\"image\":{\"@id\":\"https:\\\/\\\/www.strassenweb.de\\\/nachrichten\\\/martha-stewarts-intelligente-schraenke-beruecksichtigen\\\/#primaryimage\"},\"thumbnailUrl\":\"https:\\\/\\\/www.strassenweb.de\\\/nachrichten\\\/wp-content\\\/uploads\\\/2025\\\/04\\\/rYPESVJinQM73UyYmLRzkL.jpg\",\"datePublished\":\"2025-04-14T22:39:37+00:00\",\"dateModified\":\"2025-04-14T22:39:38+00:00\",\"breadcrumb\":{\"@id\":\"https:\\\/\\\/www.strassenweb.de\\\/nachrichten\\\/martha-stewarts-intelligente-schraenke-beruecksichtigen\\\/#breadcrumb\"},\"inLanguage\":\"de\",\"potentialAction\":[{\"@type\":\"ReadAction\",\"target\":[\"https:\\\/\\\/www.strassenweb.de\\\/nachrichten\\\/martha-stewarts-intelligente-schraenke-beruecksichtigen\\\/\"]}]},{\"@type\":\"ImageObject\",\"inLanguage\":\"de\",\"@id\":\"https:\\\/\\\/www.strassenweb.de\\\/nachrichten\\\/martha-stewarts-intelligente-schraenke-beruecksichtigen\\\/#primaryimage\",\"url\":\"https:\\\/\\\/www.strassenweb.de\\\/nachrichten\\\/wp-content\\\/uploads\\\/2025\\\/04\\\/rYPESVJinQM73UyYmLRzkL.jpg\",\"contentUrl\":\"https:\\\/\\\/www.strassenweb.de\\\/nachrichten\\\/wp-content\\\/uploads\\\/2025\\\/04\\\/rYPESVJinQM73UyYmLRzkL.jpg\",\"width\":1600,\"height\":900,\"caption\":\"Martha Stewart\"},{\"@type\":\"BreadcrumbList\",\"@id\":\"https:\\\/\\\/www.strassenweb.de\\\/nachrichten\\\/martha-stewarts-intelligente-schraenke-beruecksichtigen\\\/#breadcrumb\",\"itemListElement\":[{\"@type\":\"ListItem\",\"position\":1,\"name\":\"Home\",\"item\":\"https:\\\/\\\/www.strassenweb.de\\\/nachrichten\\\/\"},{\"@type\":\"ListItem\",\"position\":2,\"name\":\"Martha Stewarts intelligente Schr\u00e4nke &#8222;Ber\u00fccksichtigen\"}]},{\"@type\":\"WebSite\",\"@id\":\"https:\\\/\\\/www.strassenweb.de\\\/nachrichten\\\/#website\",\"url\":\"https:\\\/\\\/www.strassenweb.de\\\/nachrichten\\\/\",\"name\":\"Stra\u00dfenweb\",\"description\":\"Stra\u00dfenverzeichnis f\u00fcr Deutschland\",\"publisher\":{\"@id\":\"https:\\\/\\\/www.strassenweb.de\\\/nachrichten\\\/#organization\"},\"potentialAction\":[{\"@type\":\"SearchAction\",\"target\":{\"@type\":\"EntryPoint\",\"urlTemplate\":\"https:\\\/\\\/www.strassenweb.de\\\/nachrichten\\\/?s={search_term_string}\"},\"query-input\":{\"@type\":\"PropertyValueSpecification\",\"valueRequired\":true,\"valueName\":\"search_term_string\"}}],\"inLanguage\":\"de\"},{\"@type\":\"Organization\",\"@id\":\"https:\\\/\\\/www.strassenweb.de\\\/nachrichten\\\/#organization\",\"name\":\"Stra\u00dfenweb\",\"url\":\"https:\\\/\\\/www.strassenweb.de\\\/nachrichten\\\/\",\"logo\":{\"@type\":\"ImageObject\",\"inLanguage\":\"de\",\"@id\":\"https:\\\/\\\/www.strassenweb.de\\\/nachrichten\\\/#\\\/schema\\\/logo\\\/image\\\/\",\"url\":\"https:\\\/\\\/www.strassenweb.de\\\/nachrichten\\\/wp-content\\\/uploads\\\/2024\\\/09\\\/cropped-favicon.png\",\"contentUrl\":\"https:\\\/\\\/www.strassenweb.de\\\/nachrichten\\\/wp-content\\\/uploads\\\/2024\\\/09\\\/cropped-favicon.png\",\"width\":512,\"height\":512,\"caption\":\"Stra\u00dfenweb\"},\"image\":{\"@id\":\"https:\\\/\\\/www.strassenweb.de\\\/nachrichten\\\/#\\\/schema\\\/logo\\\/image\\\/\"},\"sameAs\":[\"https:\\\/\\\/www.facebook.com\\\/strassenweb\\\/\"]},{\"@type\":\"Person\",\"@id\":\"https:\\\/\\\/www.strassenweb.de\\\/nachrichten\\\/#\\\/schema\\\/person\\\/87c9c9067f1211da429a744dc5a5aa41\",\"name\":\"Robert Hoffmann\",\"image\":{\"@type\":\"ImageObject\",\"inLanguage\":\"de\",\"@id\":\"https:\\\/\\\/www.strassenweb.de\\\/nachrichten\\\/wp-content\\\/uploads\\\/2024\\\/09\\\/strassenweb-150x150.jpg\",\"url\":\"https:\\\/\\\/www.strassenweb.de\\\/nachrichten\\\/wp-content\\\/uploads\\\/2024\\\/09\\\/strassenweb-150x150.jpg\",\"contentUrl\":\"https:\\\/\\\/www.strassenweb.de\\\/nachrichten\\\/wp-content\\\/uploads\\\/2024\\\/09\\\/strassenweb-150x150.jpg\",\"caption\":\"Robert Hoffmann\"},\"description\":\"Ich hei\u00dfe Robert Hoffmann und ich bin ein leidenschaftlicher Verfechter von \u00d6kologie und Biodiversit\u00e4t. Seit meiner Kindheit in den W\u00e4ldern Bayerns f\u00fchle ich mich mit der Natur verbunden und bin entschlossen, sie zu sch\u00fctzen. Heute widme ich mein Leben der Sensibilisierung anderer f\u00fcr die Bedeutung des Umweltschutzes f\u00fcr zuk\u00fcnftige Generationen.\",\"sameAs\":[\"https:\\\/\\\/www.strassenweb.de\\\/\"]}]}<\/script>\n<!-- \/ Yoast SEO plugin. -->","yoast_head_json":{"title":"Martha Stewarts intelligente Schr\u00e4nke \"Ber\u00fccksichtigen - Nachrichten - Stra\u00dfenweb","robots":{"index":"index","follow":"follow","max-snippet":"max-snippet:-1","max-image-preview":"max-image-preview:large","max-video-preview":"max-video-preview:-1"},"canonical":"https:\/\/www.strassenweb.de\/nachrichten\/martha-stewarts-intelligente-schraenke-beruecksichtigen\/","og_locale":"de_DE","og_type":"article","og_title":"Martha Stewarts intelligente Schr\u00e4nke \"Ber\u00fccksichtigen - Nachrichten - Stra\u00dfenweb","og_description":"Vor neun Jahren startete Martha Stewart eine Reihe von Wandschr\u00e4nken f\u00fcr das Heimdepot. Im wahren Martha -Stil ist ihr Rat (und der Schrankstil) wie ein","og_url":"https:\/\/www.strassenweb.de\/nachrichten\/martha-stewarts-intelligente-schraenke-beruecksichtigen\/","og_site_name":"Stra\u00dfenweb","article_publisher":"https:\/\/www.facebook.com\/strassenweb\/","article_published_time":"2025-04-14T22:39:37+00:00","article_modified_time":"2025-04-14T22:39:38+00:00","og_image":[{"width":1600,"height":900,"url":"https:\/\/www.strassenweb.de\/nachrichten\/wp-content\/uploads\/2025\/04\/rYPESVJinQM73UyYmLRzkL.jpg","type":"image\/jpeg"}],"author":"Robert Hoffmann","twitter_card":"summary_large_image","twitter_misc":{"Verfasst von":"Robert Hoffmann","Gesch\u00e4tzte Lesezeit":"3\u00a0Minuten"},"schema":{"@context":"https:\/\/schema.org","@graph":[{"@type":"Article","@id":"https:\/\/www.strassenweb.de\/nachrichten\/martha-stewarts-intelligente-schraenke-beruecksichtigen\/#article","isPartOf":{"@id":"https:\/\/www.strassenweb.de\/nachrichten\/martha-stewarts-intelligente-schraenke-beruecksichtigen\/"},"author":{"name":"Robert Hoffmann","@id":"https:\/\/www.strassenweb.de\/nachrichten\/#\/schema\/person\/87c9c9067f1211da429a744dc5a5aa41"},"headline":"Martha Stewarts intelligente Schr\u00e4nke &#8222;Ber\u00fccksichtigen","datePublished":"2025-04-14T22:39:37+00:00","dateModified":"2025-04-14T22:39:38+00:00","mainEntityOfPage":{"@id":"https:\/\/www.strassenweb.de\/nachrichten\/martha-stewarts-intelligente-schraenke-beruecksichtigen\/"},"wordCount":523,"publisher":{"@id":"https:\/\/www.strassenweb.de\/nachrichten\/#organization"},"image":{"@id":"https:\/\/www.strassenweb.de\/nachrichten\/martha-stewarts-intelligente-schraenke-beruecksichtigen\/#primaryimage"},"thumbnailUrl":"https:\/\/www.strassenweb.de\/nachrichten\/wp-content\/uploads\/2025\/04\/rYPESVJinQM73UyYmLRzkL.jpg","keywords":["ber\u00fccksichtigen","intelligente","Martha","Schr\u00e4nke","Stewarts"],"articleSection":["Haus &amp; Garten"],"inLanguage":"de"},{"@type":"WebPage","@id":"https:\/\/www.strassenweb.de\/nachrichten\/martha-stewarts-intelligente-schraenke-beruecksichtigen\/","url":"https:\/\/www.strassenweb.de\/nachrichten\/martha-stewarts-intelligente-schraenke-beruecksichtigen\/","name":"Martha Stewarts intelligente Schr\u00e4nke \"Ber\u00fccksichtigen - Nachrichten - Stra\u00dfenweb","isPartOf":{"@id":"https:\/\/www.strassenweb.de\/nachrichten\/#website"},"primaryImageOfPage":{"@id":"https:\/\/www.strassenweb.de\/nachrichten\/martha-stewarts-intelligente-schraenke-beruecksichtigen\/#primaryimage"},"image":{"@id":"https:\/\/www.strassenweb.de\/nachrichten\/martha-stewarts-intelligente-schraenke-beruecksichtigen\/#primaryimage"},"thumbnailUrl":"https:\/\/www.strassenweb.de\/nachrichten\/wp-content\/uploads\/2025\/04\/rYPESVJinQM73UyYmLRzkL.jpg","datePublished":"2025-04-14T22:39:37+00:00","dateModified":"2025-04-14T22:39:38+00:00","breadcrumb":{"@id":"https:\/\/www.strassenweb.de\/nachrichten\/martha-stewarts-intelligente-schraenke-beruecksichtigen\/#breadcrumb"},"inLanguage":"de","potentialAction":[{"@type":"ReadAction","target":["https:\/\/www.strassenweb.de\/nachrichten\/martha-stewarts-intelligente-schraenke-beruecksichtigen\/"]}]},{"@type":"ImageObject","inLanguage":"de","@id":"https:\/\/www.strassenweb.de\/nachrichten\/martha-stewarts-intelligente-schraenke-beruecksichtigen\/#primaryimage","url":"https:\/\/www.strassenweb.de\/nachrichten\/wp-content\/uploads\/2025\/04\/rYPESVJinQM73UyYmLRzkL.jpg","contentUrl":"https:\/\/www.strassenweb.de\/nachrichten\/wp-content\/uploads\/2025\/04\/rYPESVJinQM73UyYmLRzkL.jpg","width":1600,"height":900,"caption":"Martha Stewart"},{"@type":"BreadcrumbList","@id":"https:\/\/www.strassenweb.de\/nachrichten\/martha-stewarts-intelligente-schraenke-beruecksichtigen\/#breadcrumb","itemListElement":[{"@type":"ListItem","position":1,"name":"Home","item":"https:\/\/www.strassenweb.de\/nachrichten\/"},{"@type":"ListItem","position":2,"name":"Martha Stewarts intelligente Schr\u00e4nke &#8222;Ber\u00fccksichtigen"}]},{"@type":"WebSite","@id":"https:\/\/www.strassenweb.de\/nachrichten\/#website","url":"https:\/\/www.strassenweb.de\/nachrichten\/","name":"Stra\u00dfenweb","description":"Stra\u00dfenverzeichnis f\u00fcr Deutschland","publisher":{"@id":"https:\/\/www.strassenweb.de\/nachrichten\/#organization"},"potentialAction":[{"@type":"SearchAction","target":{"@type":"EntryPoint","urlTemplate":"https:\/\/www.strassenweb.de\/nachrichten\/?s={search_term_string}"},"query-input":{"@type":"PropertyValueSpecification","valueRequired":true,"valueName":"search_term_string"}}],"inLanguage":"de"},{"@type":"Organization","@id":"https:\/\/www.strassenweb.de\/nachrichten\/#organization","name":"Stra\u00dfenweb","url":"https:\/\/www.strassenweb.de\/nachrichten\/","logo":{"@type":"ImageObject","inLanguage":"de","@id":"https:\/\/www.strassenweb.de\/nachrichten\/#\/schema\/logo\/image\/","url":"https:\/\/www.strassenweb.de\/nachrichten\/wp-content\/uploads\/2024\/09\/cropped-favicon.png","contentUrl":"https:\/\/www.strassenweb.de\/nachrichten\/wp-content\/uploads\/2024\/09\/cropped-favicon.png","width":512,"height":512,"caption":"Stra\u00dfenweb"},"image":{"@id":"https:\/\/www.strassenweb.de\/nachrichten\/#\/schema\/logo\/image\/"},"sameAs":["https:\/\/www.facebook.com\/strassenweb\/"]},{"@type":"Person","@id":"https:\/\/www.strassenweb.de\/nachrichten\/#\/schema\/person\/87c9c9067f1211da429a744dc5a5aa41","name":"Robert Hoffmann","image":{"@type":"ImageObject","inLanguage":"de","@id":"https:\/\/www.strassenweb.de\/nachrichten\/wp-content\/uploads\/2024\/09\/strassenweb-150x150.jpg","url":"https:\/\/www.strassenweb.de\/nachrichten\/wp-content\/uploads\/2024\/09\/strassenweb-150x150.jpg","contentUrl":"https:\/\/www.strassenweb.de\/nachrichten\/wp-content\/uploads\/2024\/09\/strassenweb-150x150.jpg","caption":"Robert Hoffmann"},"description":"Ich hei\u00dfe Robert Hoffmann und ich bin ein leidenschaftlicher Verfechter von \u00d6kologie und Biodiversit\u00e4t. Seit meiner Kindheit in den W\u00e4ldern Bayerns f\u00fchle ich mich mit der Natur verbunden und bin entschlossen, sie zu sch\u00fctzen. Heute widme ich mein Leben der Sensibilisierung anderer f\u00fcr die Bedeutung des Umweltschutzes f\u00fcr zuk\u00fcnftige Generationen.","sameAs":["https:\/\/www.strassenweb.de\/"]}]}},"_links":{"self":[{"href":"https:\/\/www.strassenweb.de\/nachrichten\/wp-json\/wp\/v2\/posts\/4486","targetHints":{"allow":["GET"]}}],"collection":[{"href":"https:\/\/www.strassenweb.de\/nachrichten\/wp-json\/wp\/v2\/posts"}],"about":[{"href":"https:\/\/www.strassenweb.de\/nachrichten\/wp-json\/wp\/v2\/types\/post"}],"author":[{"embeddable":true,"href":"https:\/\/www.strassenweb.de\/nachrichten\/wp-json\/wp\/v2\/users\/1"}],"replies":[{"embeddable":true,"href":"https:\/\/www.strassenweb.de\/nachrichten\/wp-json\/wp\/v2\/comments?post=4486"}],"version-history":[{"count":0,"href":"https:\/\/www.strassenweb.de\/nachrichten\/wp-json\/wp\/v2\/posts\/4486\/revisions"}],"wp:featuredmedia":[{"embeddable":true,"href":"https:\/\/www.strassenweb.de\/nachrichten\/wp-json\/wp\/v2\/media\/4487"}],"wp:attachment":[{"href":"https:\/\/www.strassenweb.de\/nachrichten\/wp-json\/wp\/v2\/media?parent=4486"}],"wp:term":[{"taxonomy":"category","embeddable":true,"href":"https:\/\/www.strassenweb.de\/nachrichten\/wp-json\/wp\/v2\/categories?post=4486"},{"taxonomy":"post_tag","embeddable":true,"href":"https:\/\/www.strassenweb.de\/nachrichten\/wp-json\/wp\/v2\/tags?post=4486"}],"curies":[{"name":"wp","href":"https:\/\/api.w.org\/{rel}","templated":true}]}}