{"id":4474,"date":"2025-04-14T13:39:25","date_gmt":"2025-04-14T11:39:25","guid":{"rendered":"https:\/\/www.strassenweb.de\/nachrichten\/virus-bedroht-weiterhin-blackbirds\/"},"modified":"2025-04-14T13:39:25","modified_gmt":"2025-04-14T11:39:25","slug":"virus-bedroht-weiterhin-blackbirds","status":"publish","type":"post","link":"https:\/\/www.strassenweb.de\/nachrichten\/virus-bedroht-weiterhin-blackbirds\/","title":{"rendered":"Virus bedroht weiterhin Blackbirds"},"content":{"rendered":"<h4 class=\"wp-block-heading\">Eines der beliebtesten Singv\u00f6gel Gro\u00dfbritanniens ist im rasanten R\u00fcckgang, und Gartenbesitzer werden ermutigt, ihre Sichtungen mit Forschern zu teilen.<\/h4>\n<p>Als Paul McCartney den ber\u00fchmten Beatles -Song &#8218;Blackbird&#8216; in den Abbey Road Studios aufnahm, wurde der unverwechselbare Sound eines singenden m\u00e4nnlichen Blackbird in den letzten Mix mit freundlicher Genehmigung der umfangreichen Sammlung von Soundeffekten des Studios hinzugef\u00fcgt. Dieser besondere Blackbird war drei Jahre zuvor in einem Garten in West London aufgenommen worden. Leider ist das bekannteste von Sounds in den letzten Jahren immer knapper in und um die gr\u00fcnen R\u00e4ume der englischen Hauptstadt geworden, nachdem besorgniserregender R\u00fcckgang abgenommen wurden.<\/p>\n<p>Im Jahr 2024 startete der British Trust for Ornithology (BTO) eine wegweisende Umfrage, um zu versuchen, diese R\u00fcckgangsrate in Londons Blackbirds abzubilden und zu sehen, ob \u00e4hnliche Bev\u00f6lkerungseinbr\u00fcche in ganz Gro\u00dfbritannien an anderer Stelle auftraten.<\/p>\n<p>Die ersten Ergebnisse aus diesem ersten Jahr zeigen sicherlich eine Art Nord-S\u00fcd-Kluft mit Anzeichen daf\u00fcr, dass Blackbirds im Norden besser abschneiden, und insbesondere im Nordwesten Englands, w\u00e4hrend sie weiterhin in London und in geringerem Ma\u00dfe im s\u00fcdlichen S\u00fcdosten k\u00e4mpfen. Forscher von BTO hoffen, noch mehr Mitglieder der \u00d6ffentlichkeit zu ermutigen, sich in 2025 zu engagieren, insbesondere in unseren gr\u00f6\u00dferen St\u00e4dten, damit sie versuchen k\u00f6nnen, weitere bemerkenswerte \u00c4nderungen zu ermitteln.<\/p>\n<p>Der Niedergang der Blackbirds in London wurde mit dem j\u00fcngsten Auftritt eines von M\u00fccken \u00fcbertragenen Virus in Verbindung gebracht, das im Sommer 2020 erstmals in England nachgewiesen wurde.<\/p>\n<p>Das Usutu-Virus kann f\u00fcr Blackbirds t\u00f6dlich sein und die Bedenken wachsen, da sich das Virus in S\u00fcdost-England zu verbreiten scheint. Das in S\u00fcdafrika erstmals identifizierte Virus ist seit rund drei Jahrzehnten auf dem Europa in Festland vorhanden. Die Ausbreitung wurde mit dem Klimawandel in Verbindung gebracht, und einheimische britische M\u00fccken k\u00f6nnen das Virus in w\u00e4rmeren Jahreszeiten \u00fcbertragen.<\/p>\n<p>Wissenschaftler versuchen, die Ausbreitung des Usutu -Virus besser zu verstehen und die m\u00f6glichen Auswirkungen auf die Britischen Ambosebirme, deren Anzahl bereits vor der Ankunft der Krankheit in gr\u00f6\u00dferem London bereits geringf\u00fcgig abnahm. BTO -Forscher m\u00f6chten in anderen gro\u00dfen St\u00e4dten in ganz Gro\u00dfbritannien etwas \u00c4hnliches geschieht und wie dies im Vergleich zu kleineren st\u00e4dtischen und l\u00e4ndlichen Gebieten ist.<\/p>\n<p>Der <strong>Blackbirds in G\u00e4rten<\/strong> Die Umfrage wird BTO -Wissenschaftlern helfen, besser zu verstehen, wie sich die Verwendung verschiedener Gartentypen durch Blackbirds unterscheidet, um das Risiko der Krankheits\u00fcbertragung zu verstehen, und wie erfolgreich jung, insbesondere auf verschiedenen Ebenen der Urbanisierung, vom l\u00e4ndlichen bis zu st\u00e4dtischen G\u00e4rten erhoben werden. Usutu wird in der Regel von M\u00fccken mit Vogelbissen verbreitet, die nur selten Menschen bei\u00dfen. Wenn es auftritt, ist die menschliche Infektion oft asymptomatisch, und in Gro\u00dfbritannien wurden in Gro\u00dfbritannien keine menschlichen F\u00e4lle von Usutu festgestellt.<\/p>\n<p>Obwohl das Risiko f\u00fcr Menschen aus dem Usutu-Virus extrem niedrig ist, ist dies das erste Mal in der modernen Geschichte, dass in Gro\u00dfbritannien eine mit M\u00fccken \u00fcbertragene Virus-Zoonose (eine Krankheit, die von Tieren auf den Menschen \u00fcbertragen werden kann).<\/p>\n<p>Diese BTO -Umfrage ist Teil eines breiteren Partnerschaftsprojekts, das in Verbindung mit der Animal and Plant Health Agency (APHA), der Zoological Society of London (ZSL) und der britischen Gesundheitssicherheit (UKHSA) durchgef\u00fchrt wird. Das Projekt, das von Vektor \u00fcbertragene Radar, wird durch britische Forschung und Innovation und Defra finanziert, um die Entstehung und \u00dcbertragung von durch M\u00fccken \u00fcbertragenen Viren von Wildv\u00f6geln in Gro\u00dfbritannien zu verstehen, die aufgrund des Klimawandels voraussichtlich zunehmen werden.<\/p>\n<p><strong>Hugh Hanmer, Senior Research -\u00d6kologe bei BTO, sagte<\/strong>\u201eDie Zahlen der Blackbird haben seit einiger Zeit in Greater London abgenommen. Ab 2020 nahm sie jedoch st\u00e4rker ab, was mit der Erkennung des Usutu -Virus zusammenfiel, was f\u00fcr diese bekannten V\u00f6gel t\u00f6dlich sein kann. Es gibt nun Hinweise auf einen breiteren R\u00fcckgang des S\u00fcdens in England, die in anderen Regionen, die in der Schw\u00e4chen, in der Schw\u00e4che, in denen sich die Schw\u00e4chen auswirken kann. unsere G\u00e4rten. &#8222;<\/p>\n<p><strong>Dr. Arran Folly, Senior Scientist mit APHA und Vektor-Radar-Projekt Lead Said, sagte<\/strong>\u201eMit dem Usutu-Virus, das jetzt in S\u00fcdost-England endemisch ist, wird erwartet, dass Ausbr\u00fcche von M\u00fcckenkrankheiten in Gro\u00dfbritannien zunehmen, zumal die Temperaturen aufgrund des Klimawandels ansteigen. Durch unser von Vektor \u00fcbertragenes Radarprojekt arbeiten wir daran, ein Clearer-Bild von aufstrebenden Mosquit-Borne-Virus zu erhalten. Blackbird Populations.<\/p>\n<p>BTO bittet jeden, der Zugang zu einem Garten hat, um an der Umfrage teilzunehmen. Der offizielle Startdatum ist Sonntag, der 13. April und l\u00e4uft bis September durch.<br \/>Melden Sie sich einfach online unter www.bto.org\/blackbirds an. Hier finden Sie weitere Informationen, einen einfachen Leitfaden zur Identifizierung von Blackbird und vollst\u00e4ndige Anweisungen zur Teilnahme, wie Sie teilnehmen k\u00f6nnen.<\/p>\n<p>H\u00f6ren Sie sich den Klang eines Blackbird an, der hier singt.<\/p>\n<hr class=\"wp-block-separator has-alpha-channel-opacity\">\n<p><em>: Blackbird (m\u00e4nnlich) von Philip Croft BTO<\/em><\/p><\/p>\n","protected":false},"excerpt":{"rendered":"<p>Eines der beliebtesten Singv\u00f6gel Gro\u00dfbritanniens ist im rasanten R\u00fcckgang, und Gartenbesitzer werden ermutigt, ihre Sichtungen mit Forschern zu teilen. Als Paul McCartney den ber\u00fchmten Beatles<\/p>\n","protected":false},"author":1,"featured_media":4475,"comment_status":"closed","ping_status":"","sticky":false,"template":"","format":"standard","meta":{"footnotes":""},"categories":[101],"tags":[1375,6673,1374,6672],"class_list":["post-4474","post","type-post","status-publish","format-standard","has-post-thumbnail","hentry","category-oekologie","tag-bedroht","tag-blackbirds","tag-virus","tag-weiterhin","generate-columns","tablet-grid-50","mobile-grid-100","grid-parent","grid-50"],"yoast_head":"<!-- This site is optimized with the Yoast SEO plugin v27.3 - https:\/\/yoast.com\/product\/yoast-seo-wordpress\/ -->\n<title>Virus bedroht weiterhin Blackbirds - Nachrichten - Stra\u00dfenweb<\/title>\n<meta name=\"robots\" content=\"index, follow, max-snippet:-1, max-image-preview:large, max-video-preview:-1\" \/>\n<link rel=\"canonical\" href=\"https:\/\/www.strassenweb.de\/nachrichten\/virus-bedroht-weiterhin-blackbirds\/\" \/>\n<meta property=\"og:locale\" content=\"de_DE\" \/>\n<meta property=\"og:type\" content=\"article\" \/>\n<meta property=\"og:title\" content=\"Virus bedroht weiterhin Blackbirds - Nachrichten - Stra\u00dfenweb\" \/>\n<meta property=\"og:description\" content=\"Eines der beliebtesten Singv\u00f6gel Gro\u00dfbritanniens ist im rasanten R\u00fcckgang, und Gartenbesitzer werden ermutigt, ihre Sichtungen mit Forschern zu teilen. Als Paul McCartney den ber\u00fchmten Beatles\" \/>\n<meta property=\"og:url\" content=\"https:\/\/www.strassenweb.de\/nachrichten\/virus-bedroht-weiterhin-blackbirds\/\" \/>\n<meta property=\"og:site_name\" content=\"Stra\u00dfenweb\" \/>\n<meta property=\"article:publisher\" content=\"https:\/\/www.facebook.com\/strassenweb\/\" \/>\n<meta property=\"article:published_time\" content=\"2025-04-14T11:39:25+00:00\" \/>\n<meta property=\"og:image\" content=\"https:\/\/www.strassenweb.de\/nachrichten\/wp-content\/uploads\/2025\/04\/Virus-bedroht-weiterhin-Blackbirds.jpg\" \/>\n\t<meta property=\"og:image:width\" content=\"900\" \/>\n\t<meta property=\"og:image:height\" content=\"596\" \/>\n\t<meta property=\"og:image:type\" content=\"image\/jpeg\" \/>\n<meta name=\"author\" content=\"Robert Hoffmann\" \/>\n<meta name=\"twitter:card\" content=\"summary_large_image\" \/>\n<meta name=\"twitter:label1\" content=\"Verfasst von\" \/>\n\t<meta name=\"twitter:data1\" content=\"Robert Hoffmann\" \/>\n\t<meta name=\"twitter:label2\" content=\"Gesch\u00e4tzte Lesezeit\" \/>\n\t<meta name=\"twitter:data2\" content=\"4\u00a0Minuten\" \/>\n<script type=\"application\/ld+json\" class=\"yoast-schema-graph\">{\"@context\":\"https:\\\/\\\/schema.org\",\"@graph\":[{\"@type\":\"Article\",\"@id\":\"https:\\\/\\\/www.strassenweb.de\\\/nachrichten\\\/virus-bedroht-weiterhin-blackbirds\\\/#article\",\"isPartOf\":{\"@id\":\"https:\\\/\\\/www.strassenweb.de\\\/nachrichten\\\/virus-bedroht-weiterhin-blackbirds\\\/\"},\"author\":{\"name\":\"Robert Hoffmann\",\"@id\":\"https:\\\/\\\/www.strassenweb.de\\\/nachrichten\\\/#\\\/schema\\\/person\\\/87c9c9067f1211da429a744dc5a5aa41\"},\"headline\":\"Virus bedroht weiterhin Blackbirds\",\"datePublished\":\"2025-04-14T11:39:25+00:00\",\"mainEntityOfPage\":{\"@id\":\"https:\\\/\\\/www.strassenweb.de\\\/nachrichten\\\/virus-bedroht-weiterhin-blackbirds\\\/\"},\"wordCount\":820,\"publisher\":{\"@id\":\"https:\\\/\\\/www.strassenweb.de\\\/nachrichten\\\/#organization\"},\"image\":{\"@id\":\"https:\\\/\\\/www.strassenweb.de\\\/nachrichten\\\/virus-bedroht-weiterhin-blackbirds\\\/#primaryimage\"},\"thumbnailUrl\":\"https:\\\/\\\/www.strassenweb.de\\\/nachrichten\\\/wp-content\\\/uploads\\\/2025\\\/04\\\/Virus-bedroht-weiterhin-Blackbirds.jpg\",\"keywords\":[\"bedroht\",\"Blackbirds\",\"Virus\",\"weiterhin\"],\"articleSection\":[\"\u00d6kologie\"],\"inLanguage\":\"de\"},{\"@type\":\"WebPage\",\"@id\":\"https:\\\/\\\/www.strassenweb.de\\\/nachrichten\\\/virus-bedroht-weiterhin-blackbirds\\\/\",\"url\":\"https:\\\/\\\/www.strassenweb.de\\\/nachrichten\\\/virus-bedroht-weiterhin-blackbirds\\\/\",\"name\":\"Virus bedroht weiterhin Blackbirds - Nachrichten - Stra\u00dfenweb\",\"isPartOf\":{\"@id\":\"https:\\\/\\\/www.strassenweb.de\\\/nachrichten\\\/#website\"},\"primaryImageOfPage\":{\"@id\":\"https:\\\/\\\/www.strassenweb.de\\\/nachrichten\\\/virus-bedroht-weiterhin-blackbirds\\\/#primaryimage\"},\"image\":{\"@id\":\"https:\\\/\\\/www.strassenweb.de\\\/nachrichten\\\/virus-bedroht-weiterhin-blackbirds\\\/#primaryimage\"},\"thumbnailUrl\":\"https:\\\/\\\/www.strassenweb.de\\\/nachrichten\\\/wp-content\\\/uploads\\\/2025\\\/04\\\/Virus-bedroht-weiterhin-Blackbirds.jpg\",\"datePublished\":\"2025-04-14T11:39:25+00:00\",\"breadcrumb\":{\"@id\":\"https:\\\/\\\/www.strassenweb.de\\\/nachrichten\\\/virus-bedroht-weiterhin-blackbirds\\\/#breadcrumb\"},\"inLanguage\":\"de\",\"potentialAction\":[{\"@type\":\"ReadAction\",\"target\":[\"https:\\\/\\\/www.strassenweb.de\\\/nachrichten\\\/virus-bedroht-weiterhin-blackbirds\\\/\"]}]},{\"@type\":\"ImageObject\",\"inLanguage\":\"de\",\"@id\":\"https:\\\/\\\/www.strassenweb.de\\\/nachrichten\\\/virus-bedroht-weiterhin-blackbirds\\\/#primaryimage\",\"url\":\"https:\\\/\\\/www.strassenweb.de\\\/nachrichten\\\/wp-content\\\/uploads\\\/2025\\\/04\\\/Virus-bedroht-weiterhin-Blackbirds.jpg\",\"contentUrl\":\"https:\\\/\\\/www.strassenweb.de\\\/nachrichten\\\/wp-content\\\/uploads\\\/2025\\\/04\\\/Virus-bedroht-weiterhin-Blackbirds.jpg\",\"width\":900,\"height\":596,\"caption\":\"Virus continues to threaten Blackbirds\"},{\"@type\":\"BreadcrumbList\",\"@id\":\"https:\\\/\\\/www.strassenweb.de\\\/nachrichten\\\/virus-bedroht-weiterhin-blackbirds\\\/#breadcrumb\",\"itemListElement\":[{\"@type\":\"ListItem\",\"position\":1,\"name\":\"Home\",\"item\":\"https:\\\/\\\/www.strassenweb.de\\\/nachrichten\\\/\"},{\"@type\":\"ListItem\",\"position\":2,\"name\":\"Virus bedroht weiterhin Blackbirds\"}]},{\"@type\":\"WebSite\",\"@id\":\"https:\\\/\\\/www.strassenweb.de\\\/nachrichten\\\/#website\",\"url\":\"https:\\\/\\\/www.strassenweb.de\\\/nachrichten\\\/\",\"name\":\"Stra\u00dfenweb\",\"description\":\"Stra\u00dfenverzeichnis f\u00fcr Deutschland\",\"publisher\":{\"@id\":\"https:\\\/\\\/www.strassenweb.de\\\/nachrichten\\\/#organization\"},\"potentialAction\":[{\"@type\":\"SearchAction\",\"target\":{\"@type\":\"EntryPoint\",\"urlTemplate\":\"https:\\\/\\\/www.strassenweb.de\\\/nachrichten\\\/?s={search_term_string}\"},\"query-input\":{\"@type\":\"PropertyValueSpecification\",\"valueRequired\":true,\"valueName\":\"search_term_string\"}}],\"inLanguage\":\"de\"},{\"@type\":\"Organization\",\"@id\":\"https:\\\/\\\/www.strassenweb.de\\\/nachrichten\\\/#organization\",\"name\":\"Stra\u00dfenweb\",\"url\":\"https:\\\/\\\/www.strassenweb.de\\\/nachrichten\\\/\",\"logo\":{\"@type\":\"ImageObject\",\"inLanguage\":\"de\",\"@id\":\"https:\\\/\\\/www.strassenweb.de\\\/nachrichten\\\/#\\\/schema\\\/logo\\\/image\\\/\",\"url\":\"https:\\\/\\\/www.strassenweb.de\\\/nachrichten\\\/wp-content\\\/uploads\\\/2024\\\/09\\\/cropped-favicon.png\",\"contentUrl\":\"https:\\\/\\\/www.strassenweb.de\\\/nachrichten\\\/wp-content\\\/uploads\\\/2024\\\/09\\\/cropped-favicon.png\",\"width\":512,\"height\":512,\"caption\":\"Stra\u00dfenweb\"},\"image\":{\"@id\":\"https:\\\/\\\/www.strassenweb.de\\\/nachrichten\\\/#\\\/schema\\\/logo\\\/image\\\/\"},\"sameAs\":[\"https:\\\/\\\/www.facebook.com\\\/strassenweb\\\/\"]},{\"@type\":\"Person\",\"@id\":\"https:\\\/\\\/www.strassenweb.de\\\/nachrichten\\\/#\\\/schema\\\/person\\\/87c9c9067f1211da429a744dc5a5aa41\",\"name\":\"Robert Hoffmann\",\"image\":{\"@type\":\"ImageObject\",\"inLanguage\":\"de\",\"@id\":\"https:\\\/\\\/www.strassenweb.de\\\/nachrichten\\\/wp-content\\\/uploads\\\/2024\\\/09\\\/strassenweb-150x150.jpg\",\"url\":\"https:\\\/\\\/www.strassenweb.de\\\/nachrichten\\\/wp-content\\\/uploads\\\/2024\\\/09\\\/strassenweb-150x150.jpg\",\"contentUrl\":\"https:\\\/\\\/www.strassenweb.de\\\/nachrichten\\\/wp-content\\\/uploads\\\/2024\\\/09\\\/strassenweb-150x150.jpg\",\"caption\":\"Robert Hoffmann\"},\"description\":\"Ich hei\u00dfe Robert Hoffmann und ich bin ein leidenschaftlicher Verfechter von \u00d6kologie und Biodiversit\u00e4t. Seit meiner Kindheit in den W\u00e4ldern Bayerns f\u00fchle ich mich mit der Natur verbunden und bin entschlossen, sie zu sch\u00fctzen. Heute widme ich mein Leben der Sensibilisierung anderer f\u00fcr die Bedeutung des Umweltschutzes f\u00fcr zuk\u00fcnftige Generationen.\",\"sameAs\":[\"https:\\\/\\\/www.strassenweb.de\\\/\"]}]}<\/script>\n<!-- \/ Yoast SEO plugin. -->","yoast_head_json":{"title":"Virus bedroht weiterhin Blackbirds - Nachrichten - Stra\u00dfenweb","robots":{"index":"index","follow":"follow","max-snippet":"max-snippet:-1","max-image-preview":"max-image-preview:large","max-video-preview":"max-video-preview:-1"},"canonical":"https:\/\/www.strassenweb.de\/nachrichten\/virus-bedroht-weiterhin-blackbirds\/","og_locale":"de_DE","og_type":"article","og_title":"Virus bedroht weiterhin Blackbirds - Nachrichten - Stra\u00dfenweb","og_description":"Eines der beliebtesten Singv\u00f6gel Gro\u00dfbritanniens ist im rasanten R\u00fcckgang, und Gartenbesitzer werden ermutigt, ihre Sichtungen mit Forschern zu teilen. Als Paul McCartney den ber\u00fchmten Beatles","og_url":"https:\/\/www.strassenweb.de\/nachrichten\/virus-bedroht-weiterhin-blackbirds\/","og_site_name":"Stra\u00dfenweb","article_publisher":"https:\/\/www.facebook.com\/strassenweb\/","article_published_time":"2025-04-14T11:39:25+00:00","og_image":[{"width":900,"height":596,"url":"https:\/\/www.strassenweb.de\/nachrichten\/wp-content\/uploads\/2025\/04\/Virus-bedroht-weiterhin-Blackbirds.jpg","type":"image\/jpeg"}],"author":"Robert Hoffmann","twitter_card":"summary_large_image","twitter_misc":{"Verfasst von":"Robert Hoffmann","Gesch\u00e4tzte Lesezeit":"4\u00a0Minuten"},"schema":{"@context":"https:\/\/schema.org","@graph":[{"@type":"Article","@id":"https:\/\/www.strassenweb.de\/nachrichten\/virus-bedroht-weiterhin-blackbirds\/#article","isPartOf":{"@id":"https:\/\/www.strassenweb.de\/nachrichten\/virus-bedroht-weiterhin-blackbirds\/"},"author":{"name":"Robert Hoffmann","@id":"https:\/\/www.strassenweb.de\/nachrichten\/#\/schema\/person\/87c9c9067f1211da429a744dc5a5aa41"},"headline":"Virus bedroht weiterhin Blackbirds","datePublished":"2025-04-14T11:39:25+00:00","mainEntityOfPage":{"@id":"https:\/\/www.strassenweb.de\/nachrichten\/virus-bedroht-weiterhin-blackbirds\/"},"wordCount":820,"publisher":{"@id":"https:\/\/www.strassenweb.de\/nachrichten\/#organization"},"image":{"@id":"https:\/\/www.strassenweb.de\/nachrichten\/virus-bedroht-weiterhin-blackbirds\/#primaryimage"},"thumbnailUrl":"https:\/\/www.strassenweb.de\/nachrichten\/wp-content\/uploads\/2025\/04\/Virus-bedroht-weiterhin-Blackbirds.jpg","keywords":["bedroht","Blackbirds","Virus","weiterhin"],"articleSection":["\u00d6kologie"],"inLanguage":"de"},{"@type":"WebPage","@id":"https:\/\/www.strassenweb.de\/nachrichten\/virus-bedroht-weiterhin-blackbirds\/","url":"https:\/\/www.strassenweb.de\/nachrichten\/virus-bedroht-weiterhin-blackbirds\/","name":"Virus bedroht weiterhin Blackbirds - Nachrichten - Stra\u00dfenweb","isPartOf":{"@id":"https:\/\/www.strassenweb.de\/nachrichten\/#website"},"primaryImageOfPage":{"@id":"https:\/\/www.strassenweb.de\/nachrichten\/virus-bedroht-weiterhin-blackbirds\/#primaryimage"},"image":{"@id":"https:\/\/www.strassenweb.de\/nachrichten\/virus-bedroht-weiterhin-blackbirds\/#primaryimage"},"thumbnailUrl":"https:\/\/www.strassenweb.de\/nachrichten\/wp-content\/uploads\/2025\/04\/Virus-bedroht-weiterhin-Blackbirds.jpg","datePublished":"2025-04-14T11:39:25+00:00","breadcrumb":{"@id":"https:\/\/www.strassenweb.de\/nachrichten\/virus-bedroht-weiterhin-blackbirds\/#breadcrumb"},"inLanguage":"de","potentialAction":[{"@type":"ReadAction","target":["https:\/\/www.strassenweb.de\/nachrichten\/virus-bedroht-weiterhin-blackbirds\/"]}]},{"@type":"ImageObject","inLanguage":"de","@id":"https:\/\/www.strassenweb.de\/nachrichten\/virus-bedroht-weiterhin-blackbirds\/#primaryimage","url":"https:\/\/www.strassenweb.de\/nachrichten\/wp-content\/uploads\/2025\/04\/Virus-bedroht-weiterhin-Blackbirds.jpg","contentUrl":"https:\/\/www.strassenweb.de\/nachrichten\/wp-content\/uploads\/2025\/04\/Virus-bedroht-weiterhin-Blackbirds.jpg","width":900,"height":596,"caption":"Virus continues to threaten Blackbirds"},{"@type":"BreadcrumbList","@id":"https:\/\/www.strassenweb.de\/nachrichten\/virus-bedroht-weiterhin-blackbirds\/#breadcrumb","itemListElement":[{"@type":"ListItem","position":1,"name":"Home","item":"https:\/\/www.strassenweb.de\/nachrichten\/"},{"@type":"ListItem","position":2,"name":"Virus bedroht weiterhin Blackbirds"}]},{"@type":"WebSite","@id":"https:\/\/www.strassenweb.de\/nachrichten\/#website","url":"https:\/\/www.strassenweb.de\/nachrichten\/","name":"Stra\u00dfenweb","description":"Stra\u00dfenverzeichnis f\u00fcr Deutschland","publisher":{"@id":"https:\/\/www.strassenweb.de\/nachrichten\/#organization"},"potentialAction":[{"@type":"SearchAction","target":{"@type":"EntryPoint","urlTemplate":"https:\/\/www.strassenweb.de\/nachrichten\/?s={search_term_string}"},"query-input":{"@type":"PropertyValueSpecification","valueRequired":true,"valueName":"search_term_string"}}],"inLanguage":"de"},{"@type":"Organization","@id":"https:\/\/www.strassenweb.de\/nachrichten\/#organization","name":"Stra\u00dfenweb","url":"https:\/\/www.strassenweb.de\/nachrichten\/","logo":{"@type":"ImageObject","inLanguage":"de","@id":"https:\/\/www.strassenweb.de\/nachrichten\/#\/schema\/logo\/image\/","url":"https:\/\/www.strassenweb.de\/nachrichten\/wp-content\/uploads\/2024\/09\/cropped-favicon.png","contentUrl":"https:\/\/www.strassenweb.de\/nachrichten\/wp-content\/uploads\/2024\/09\/cropped-favicon.png","width":512,"height":512,"caption":"Stra\u00dfenweb"},"image":{"@id":"https:\/\/www.strassenweb.de\/nachrichten\/#\/schema\/logo\/image\/"},"sameAs":["https:\/\/www.facebook.com\/strassenweb\/"]},{"@type":"Person","@id":"https:\/\/www.strassenweb.de\/nachrichten\/#\/schema\/person\/87c9c9067f1211da429a744dc5a5aa41","name":"Robert Hoffmann","image":{"@type":"ImageObject","inLanguage":"de","@id":"https:\/\/www.strassenweb.de\/nachrichten\/wp-content\/uploads\/2024\/09\/strassenweb-150x150.jpg","url":"https:\/\/www.strassenweb.de\/nachrichten\/wp-content\/uploads\/2024\/09\/strassenweb-150x150.jpg","contentUrl":"https:\/\/www.strassenweb.de\/nachrichten\/wp-content\/uploads\/2024\/09\/strassenweb-150x150.jpg","caption":"Robert Hoffmann"},"description":"Ich hei\u00dfe Robert Hoffmann und ich bin ein leidenschaftlicher Verfechter von \u00d6kologie und Biodiversit\u00e4t. Seit meiner Kindheit in den W\u00e4ldern Bayerns f\u00fchle ich mich mit der Natur verbunden und bin entschlossen, sie zu sch\u00fctzen. Heute widme ich mein Leben der Sensibilisierung anderer f\u00fcr die Bedeutung des Umweltschutzes f\u00fcr zuk\u00fcnftige Generationen.","sameAs":["https:\/\/www.strassenweb.de\/"]}]}},"_links":{"self":[{"href":"https:\/\/www.strassenweb.de\/nachrichten\/wp-json\/wp\/v2\/posts\/4474","targetHints":{"allow":["GET"]}}],"collection":[{"href":"https:\/\/www.strassenweb.de\/nachrichten\/wp-json\/wp\/v2\/posts"}],"about":[{"href":"https:\/\/www.strassenweb.de\/nachrichten\/wp-json\/wp\/v2\/types\/post"}],"author":[{"embeddable":true,"href":"https:\/\/www.strassenweb.de\/nachrichten\/wp-json\/wp\/v2\/users\/1"}],"replies":[{"embeddable":true,"href":"https:\/\/www.strassenweb.de\/nachrichten\/wp-json\/wp\/v2\/comments?post=4474"}],"version-history":[{"count":0,"href":"https:\/\/www.strassenweb.de\/nachrichten\/wp-json\/wp\/v2\/posts\/4474\/revisions"}],"wp:featuredmedia":[{"embeddable":true,"href":"https:\/\/www.strassenweb.de\/nachrichten\/wp-json\/wp\/v2\/media\/4475"}],"wp:attachment":[{"href":"https:\/\/www.strassenweb.de\/nachrichten\/wp-json\/wp\/v2\/media?parent=4474"}],"wp:term":[{"taxonomy":"category","embeddable":true,"href":"https:\/\/www.strassenweb.de\/nachrichten\/wp-json\/wp\/v2\/categories?post=4474"},{"taxonomy":"post_tag","embeddable":true,"href":"https:\/\/www.strassenweb.de\/nachrichten\/wp-json\/wp\/v2\/tags?post=4474"}],"curies":[{"name":"wp","href":"https:\/\/api.w.org\/{rel}","templated":true}]}}