{"id":4471,"date":"2025-04-14T12:39:30","date_gmt":"2025-04-14T10:39:30","guid":{"rendered":"https:\/\/www.strassenweb.de\/nachrichten\/die-geruechte-sind-wahr-der-nyc-trend-fuer-rundstaetten-und-zutaten-ist-tatsaechlich-statt\/"},"modified":"2025-04-14T12:39:30","modified_gmt":"2025-04-14T10:39:30","slug":"die-geruechte-sind-wahr-der-nyc-trend-fuer-rundstaetten-und-zutaten-ist-tatsaechlich-statt","status":"publish","type":"post","link":"https:\/\/www.strassenweb.de\/nachrichten\/die-geruechte-sind-wahr-der-nyc-trend-fuer-rundstaetten-und-zutaten-ist-tatsaechlich-statt\/","title":{"rendered":"Die Ger\u00fcchte sind wahr, der NYC -Trend f\u00fcr Rundst\u00e4tten und Zutaten ist tats\u00e4chlich statt"},"content":{"rendered":"<p><\/p>\n<div id=\"article-body\" class=\"article__body \">\n<p>In diesem Jahr besuchte ich die Staaten, um Innenarchitekten, Marken und die Leser unserer Website zu treffen, die in den Millionen in Amerika z\u00e4hlen. Die Reise hat enth\u00fcllt, wie vielf\u00e4ltig die amerikanische Innenarchitektur -Szene ist und wie viel sie an gef\u00e4hrdetem Handwerk festgehalten haben. Leider sind einige Kunstformen, die ein gro\u00dfer Teil unseres Erbes sind, bedroht. Ein solches Handwerk ist <em>Passerie<\/em>was zum Trimmen franz\u00f6sisch ist.<\/p>\n<div id=\"ad-unit-1\" class=\"ad-unit\"><\/div>\n<p>Zutaten sind ein sp\u00fcrbares Designelement, bei dem amerikanische Marken absolut triumphieren. Gl\u00fccklicherweise sind sie \u00fcbersetzbar, egal auf welcher Seite des Teiches Sie basieren.<\/p>\n<figure class=\"van-image-figure inline-layout \" data-bordeaux-image-check>\n<div class=\"image-full-width-wrapper\">\n<div class=\"image-widthsetter\" style=\"max-width:2000px;\"><\/div>\n<\/div>\n<\/figure>\n<h2 id=\"why-are-trims-back-in-style-3\">Warum sind die Verkleidungen wieder in Stil?<\/h2>\n<aside class=\"hawk-base\" data-block-type=\"embed\" data-render-type=\"fte\" data-skip=\"dealsy\" data-widget-type=\"seasonal\">\n<div class=\"hawk-master-widget-hawk-base-wrapper\"><\/div>\n<\/aside>\n<p>Seit der Pandemie haben wir ein Wiederaufleben im lustigen, phantasievollen Design gesehen. Einmal in den 1970er Jahren beliebt, stehen Innenarchitektentrends wieder an der Spitze unserer Dekorationsagenden.<\/p>\n<div id=\"desktop-in-article\" class=\"in-article ad-unit\">\n<div id=\"desktop-taboola-mid-article\"><\/div>\n<\/div>\n<div id=\"mobile-in-article\" class=\"in-article ad-unit\">\n<div id=\"mobile-taboola-mid-article\"><\/div>\n<\/div>\n<p>Ausf\u00e4lle, Quasten und Fransen sind ein brillantes Werkzeug im Arsenal eines Dekorators, da sie ein Schema \u00fcber das Gew\u00f6hnliche hinaus erh\u00f6hen k\u00f6nnen. So wie Schmuck ein einfaches Outfit auf neue H\u00f6hen bringen kann, kann auch ein Trimm einen einfachen Stoff oder ein einfaches Kopfteil in eine andere Dimension bringen.<\/p>\n<div class=\"van_vid_carousel\">\n<div class=\"van_vid_carousel__padding\">\n<div class=\"van_vid_carousel__container\"><\/div>\n<\/div>\n<\/div>\n<p>Aber es gibt einen anderen Grund, warum sie zur\u00fcck sind. Das pers\u00f6nliche, ma\u00dfgeschneiderte Element ist sicherlich ein Schl\u00fcsselfaktor in meiner Entscheidung, die Trim zu nehmen. Sie erstellen im Wesentlichen etwas, das f\u00fcr Ihr Zuhause v\u00f6llig Einzigartiges ist, das niemand sonst haben wird, und sie sind ein seltenes Detail, das einen Raum \u00fcber den Alltag hinaus ver\u00e4ndern kann.<\/p>\n<div id=\"ad-unit-2\" class=\"ad-unit\"><\/div>\n<p>Der britische Designer Imogen Heath teilt dieses Gef\u00fchl.<\/p>\n<p>&#8222;Verkleidungen und Grenzen sind eine wunderbare M\u00f6glichkeit, ein Programm zu erh\u00f6hen und es wirklich einzigartig aussehen zu lassen&#8220;, sagt Imogen. &#8218;Fensterbehandlungen und Kissen k\u00f6nnen durch Hinzuf\u00fcgen von Trimm-, Fransen oder R\u00fcschen in Erbst\u00fcckteile umgewandelt werden. Koordinieren Sie mit einfachen Bettw\u00e4sche f\u00fcr einfachere Schemata oder erg\u00e4nzen gemusterte Stoffe f\u00fcr maximalistische Innenr\u00e4ume. &#8218;<\/p>\n<figure class=\"van-image-figure inline-layout \" data-bordeaux-image-check>\n<div class=\"image-full-width-wrapper\">\n<div class=\"image-widthsetter\" style=\"max-width:4015px;\"><\/div>\n<\/div>\n<\/figure>\n<p>Nina Lichtenstein, Gr\u00fcnderin von Nina Lichtenstein Custom Home Design, setzt sich ebenfalls f\u00fcr die R\u00fcckkehr dieses einst gepelenden Polstertrends ein.<\/p>\n<p>In den heutigen H\u00e4usern werden Fransen, Verkleidungen und R\u00fcschen neu interpretiert und verleihen ein Gef\u00fchl der Bewegung, spielerischer und taktiler Reiz an die R\u00e4ume. Die Wiederbelebung f\u00fchlt sich nostalgisch im Kern, aber frisch und extravagant an. Designer st\u00fctzen sich in seine F\u00e4higkeit, sowohl Eleganz als auch Laune auf den Laufsteg und ins Haus zu bringen. &#8218;<\/p>\n<p>Viele Designer und Dekorateure haben eine schicke Verlagerung vom starken Minimalismus zu etwas, das sich verspielter und experimenteller anf\u00fchlt, und verleiht ihr Fenster, um die Innenarchitektur-Szene wieder einzutreten, ein Quasten gleichzeitig.<\/p>\n<h3 class=\"article-body__section\" id=\"section-shop-the-look\"><span>Kaufen Sie den Look ein<\/span><\/h3>\n<div class=\"product-container hero-product-container product-block-no-wrap\"><\/div>\n<p>Ich finde es toll, dass eine Verkleidung eine gro\u00dfartige M\u00f6glichkeit f\u00fcr jemanden sein kann, der vielleicht nerv\u00f6s ist, mit Mustern und mutigen Raumfarben Ideen zu dekorieren, um sie vorzustellen, ohne dass es zu viel Engagement ist. Egal, ob Sie ein maximalistischer Dekor -Enthusiast sind oder eine Vorliebe f\u00fcr minimalistisches Dekor haben, es gibt einen Ausstattungsort f\u00fcr alle.<\/p>\n<\/div>\n","protected":false},"excerpt":{"rendered":"<p>In diesem Jahr besuchte ich die Staaten, um Innenarchitekten, Marken und die Leser unserer Website zu treffen, die in den Millionen in Amerika z\u00e4hlen. Die<\/p>\n","protected":false},"author":1,"featured_media":4472,"comment_status":"closed","ping_status":"","sticky":false,"template":"","format":"standard","meta":{"footnotes":""},"categories":[118],"tags":[81,9,55,6668,15,6204,6670,58,3362,1113,504,37,6669,6671],"class_list":["post-4471","post","type-post","status-publish","format-standard","has-post-thumbnail","hentry","category-haus-garten","tag-der","tag-die","tag-fuer","tag-geruechte","tag-ist","tag-nyc","tag-rundstaetten","tag-sind","tag-statt","tag-tatsaechlich","tag-trend","tag-und","tag-wahr","tag-zutaten","generate-columns","tablet-grid-50","mobile-grid-100","grid-parent","grid-50"],"yoast_head":"<!-- This site is optimized with the Yoast SEO plugin v27.3 - https:\/\/yoast.com\/product\/yoast-seo-wordpress\/ -->\n<title>Die Ger\u00fcchte sind wahr, der NYC -Trend f\u00fcr Rundst\u00e4tten und Zutaten ist tats\u00e4chlich statt - Nachrichten - Stra\u00dfenweb<\/title>\n<meta name=\"robots\" content=\"index, follow, max-snippet:-1, max-image-preview:large, max-video-preview:-1\" \/>\n<link rel=\"canonical\" href=\"https:\/\/www.strassenweb.de\/nachrichten\/die-geruechte-sind-wahr-der-nyc-trend-fuer-rundstaetten-und-zutaten-ist-tatsaechlich-statt\/\" \/>\n<meta property=\"og:locale\" content=\"de_DE\" \/>\n<meta property=\"og:type\" content=\"article\" \/>\n<meta property=\"og:title\" content=\"Die Ger\u00fcchte sind wahr, der NYC -Trend f\u00fcr Rundst\u00e4tten und Zutaten ist tats\u00e4chlich statt - Nachrichten - Stra\u00dfenweb\" \/>\n<meta property=\"og:description\" content=\"In diesem Jahr besuchte ich die Staaten, um Innenarchitekten, Marken und die Leser unserer Website zu treffen, die in den Millionen in Amerika z\u00e4hlen. Die\" \/>\n<meta property=\"og:url\" content=\"https:\/\/www.strassenweb.de\/nachrichten\/die-geruechte-sind-wahr-der-nyc-trend-fuer-rundstaetten-und-zutaten-ist-tatsaechlich-statt\/\" \/>\n<meta property=\"og:site_name\" content=\"Stra\u00dfenweb\" \/>\n<meta property=\"article:publisher\" content=\"https:\/\/www.facebook.com\/strassenweb\/\" \/>\n<meta property=\"article:published_time\" content=\"2025-04-14T10:39:30+00:00\" \/>\n<meta property=\"og:image\" content=\"https:\/\/www.strassenweb.de\/nachrichten\/wp-content\/uploads\/2025\/04\/Die-Geruechte-sind-wahr-der-NYC-Trend-fuer-Rundstaetten-und.jpg\" \/>\n\t<meta property=\"og:image:width\" content=\"1200\" \/>\n\t<meta property=\"og:image:height\" content=\"675\" \/>\n\t<meta property=\"og:image:type\" content=\"image\/jpeg\" \/>\n<meta name=\"author\" content=\"Robert Hoffmann\" \/>\n<meta name=\"twitter:card\" content=\"summary_large_image\" \/>\n<meta name=\"twitter:label1\" content=\"Verfasst von\" \/>\n\t<meta name=\"twitter:data1\" content=\"Robert Hoffmann\" \/>\n\t<meta name=\"twitter:label2\" content=\"Gesch\u00e4tzte Lesezeit\" \/>\n\t<meta name=\"twitter:data2\" content=\"3\u00a0Minuten\" \/>\n<script type=\"application\/ld+json\" class=\"yoast-schema-graph\">{\"@context\":\"https:\\\/\\\/schema.org\",\"@graph\":[{\"@type\":\"Article\",\"@id\":\"https:\\\/\\\/www.strassenweb.de\\\/nachrichten\\\/die-geruechte-sind-wahr-der-nyc-trend-fuer-rundstaetten-und-zutaten-ist-tatsaechlich-statt\\\/#article\",\"isPartOf\":{\"@id\":\"https:\\\/\\\/www.strassenweb.de\\\/nachrichten\\\/die-geruechte-sind-wahr-der-nyc-trend-fuer-rundstaetten-und-zutaten-ist-tatsaechlich-statt\\\/\"},\"author\":{\"name\":\"Robert Hoffmann\",\"@id\":\"https:\\\/\\\/www.strassenweb.de\\\/nachrichten\\\/#\\\/schema\\\/person\\\/87c9c9067f1211da429a744dc5a5aa41\"},\"headline\":\"Die Ger\u00fcchte sind wahr, der NYC -Trend f\u00fcr Rundst\u00e4tten und Zutaten ist tats\u00e4chlich statt\",\"datePublished\":\"2025-04-14T10:39:30+00:00\",\"mainEntityOfPage\":{\"@id\":\"https:\\\/\\\/www.strassenweb.de\\\/nachrichten\\\/die-geruechte-sind-wahr-der-nyc-trend-fuer-rundstaetten-und-zutaten-ist-tatsaechlich-statt\\\/\"},\"wordCount\":520,\"publisher\":{\"@id\":\"https:\\\/\\\/www.strassenweb.de\\\/nachrichten\\\/#organization\"},\"image\":{\"@id\":\"https:\\\/\\\/www.strassenweb.de\\\/nachrichten\\\/die-geruechte-sind-wahr-der-nyc-trend-fuer-rundstaetten-und-zutaten-ist-tatsaechlich-statt\\\/#primaryimage\"},\"thumbnailUrl\":\"https:\\\/\\\/www.strassenweb.de\\\/nachrichten\\\/wp-content\\\/uploads\\\/2025\\\/04\\\/Die-Geruechte-sind-wahr-der-NYC-Trend-fuer-Rundstaetten-und.jpg\",\"keywords\":[\"der\",\"die\",\"f\u00fcr\",\"Ger\u00fcchte\",\"ist\",\"NYC\",\"Rundst\u00e4tten\",\"sind\",\"statt\",\"tats\u00e4chlich\",\"Trend\",\"und\",\"wahr\",\"Zutaten\"],\"articleSection\":[\"Haus &amp; Garten\"],\"inLanguage\":\"de\"},{\"@type\":\"WebPage\",\"@id\":\"https:\\\/\\\/www.strassenweb.de\\\/nachrichten\\\/die-geruechte-sind-wahr-der-nyc-trend-fuer-rundstaetten-und-zutaten-ist-tatsaechlich-statt\\\/\",\"url\":\"https:\\\/\\\/www.strassenweb.de\\\/nachrichten\\\/die-geruechte-sind-wahr-der-nyc-trend-fuer-rundstaetten-und-zutaten-ist-tatsaechlich-statt\\\/\",\"name\":\"Die Ger\u00fcchte sind wahr, der NYC -Trend f\u00fcr Rundst\u00e4tten und Zutaten ist tats\u00e4chlich statt - Nachrichten - Stra\u00dfenweb\",\"isPartOf\":{\"@id\":\"https:\\\/\\\/www.strassenweb.de\\\/nachrichten\\\/#website\"},\"primaryImageOfPage\":{\"@id\":\"https:\\\/\\\/www.strassenweb.de\\\/nachrichten\\\/die-geruechte-sind-wahr-der-nyc-trend-fuer-rundstaetten-und-zutaten-ist-tatsaechlich-statt\\\/#primaryimage\"},\"image\":{\"@id\":\"https:\\\/\\\/www.strassenweb.de\\\/nachrichten\\\/die-geruechte-sind-wahr-der-nyc-trend-fuer-rundstaetten-und-zutaten-ist-tatsaechlich-statt\\\/#primaryimage\"},\"thumbnailUrl\":\"https:\\\/\\\/www.strassenweb.de\\\/nachrichten\\\/wp-content\\\/uploads\\\/2025\\\/04\\\/Die-Geruechte-sind-wahr-der-NYC-Trend-fuer-Rundstaetten-und.jpg\",\"datePublished\":\"2025-04-14T10:39:30+00:00\",\"breadcrumb\":{\"@id\":\"https:\\\/\\\/www.strassenweb.de\\\/nachrichten\\\/die-geruechte-sind-wahr-der-nyc-trend-fuer-rundstaetten-und-zutaten-ist-tatsaechlich-statt\\\/#breadcrumb\"},\"inLanguage\":\"de\",\"potentialAction\":[{\"@type\":\"ReadAction\",\"target\":[\"https:\\\/\\\/www.strassenweb.de\\\/nachrichten\\\/die-geruechte-sind-wahr-der-nyc-trend-fuer-rundstaetten-und-zutaten-ist-tatsaechlich-statt\\\/\"]}]},{\"@type\":\"ImageObject\",\"inLanguage\":\"de\",\"@id\":\"https:\\\/\\\/www.strassenweb.de\\\/nachrichten\\\/die-geruechte-sind-wahr-der-nyc-trend-fuer-rundstaetten-und-zutaten-ist-tatsaechlich-statt\\\/#primaryimage\",\"url\":\"https:\\\/\\\/www.strassenweb.de\\\/nachrichten\\\/wp-content\\\/uploads\\\/2025\\\/04\\\/Die-Geruechte-sind-wahr-der-NYC-Trend-fuer-Rundstaetten-und.jpg\",\"contentUrl\":\"https:\\\/\\\/www.strassenweb.de\\\/nachrichten\\\/wp-content\\\/uploads\\\/2025\\\/04\\\/Die-Geruechte-sind-wahr-der-NYC-Trend-fuer-Rundstaetten-und.jpg\",\"width\":1200,\"height\":675,\"caption\":\"Die Ger\u00fcchte sind wahr, der NYC -Trend f\u00fcr Rundst\u00e4tten und Zutaten ist tats\u00e4chlich statt\"},{\"@type\":\"BreadcrumbList\",\"@id\":\"https:\\\/\\\/www.strassenweb.de\\\/nachrichten\\\/die-geruechte-sind-wahr-der-nyc-trend-fuer-rundstaetten-und-zutaten-ist-tatsaechlich-statt\\\/#breadcrumb\",\"itemListElement\":[{\"@type\":\"ListItem\",\"position\":1,\"name\":\"Home\",\"item\":\"https:\\\/\\\/www.strassenweb.de\\\/nachrichten\\\/\"},{\"@type\":\"ListItem\",\"position\":2,\"name\":\"Die Ger\u00fcchte sind wahr, der NYC -Trend f\u00fcr Rundst\u00e4tten und Zutaten ist tats\u00e4chlich statt\"}]},{\"@type\":\"WebSite\",\"@id\":\"https:\\\/\\\/www.strassenweb.de\\\/nachrichten\\\/#website\",\"url\":\"https:\\\/\\\/www.strassenweb.de\\\/nachrichten\\\/\",\"name\":\"Stra\u00dfenweb\",\"description\":\"Stra\u00dfenverzeichnis f\u00fcr Deutschland\",\"publisher\":{\"@id\":\"https:\\\/\\\/www.strassenweb.de\\\/nachrichten\\\/#organization\"},\"potentialAction\":[{\"@type\":\"SearchAction\",\"target\":{\"@type\":\"EntryPoint\",\"urlTemplate\":\"https:\\\/\\\/www.strassenweb.de\\\/nachrichten\\\/?s={search_term_string}\"},\"query-input\":{\"@type\":\"PropertyValueSpecification\",\"valueRequired\":true,\"valueName\":\"search_term_string\"}}],\"inLanguage\":\"de\"},{\"@type\":\"Organization\",\"@id\":\"https:\\\/\\\/www.strassenweb.de\\\/nachrichten\\\/#organization\",\"name\":\"Stra\u00dfenweb\",\"url\":\"https:\\\/\\\/www.strassenweb.de\\\/nachrichten\\\/\",\"logo\":{\"@type\":\"ImageObject\",\"inLanguage\":\"de\",\"@id\":\"https:\\\/\\\/www.strassenweb.de\\\/nachrichten\\\/#\\\/schema\\\/logo\\\/image\\\/\",\"url\":\"https:\\\/\\\/www.strassenweb.de\\\/nachrichten\\\/wp-content\\\/uploads\\\/2024\\\/09\\\/cropped-favicon.png\",\"contentUrl\":\"https:\\\/\\\/www.strassenweb.de\\\/nachrichten\\\/wp-content\\\/uploads\\\/2024\\\/09\\\/cropped-favicon.png\",\"width\":512,\"height\":512,\"caption\":\"Stra\u00dfenweb\"},\"image\":{\"@id\":\"https:\\\/\\\/www.strassenweb.de\\\/nachrichten\\\/#\\\/schema\\\/logo\\\/image\\\/\"},\"sameAs\":[\"https:\\\/\\\/www.facebook.com\\\/strassenweb\\\/\"]},{\"@type\":\"Person\",\"@id\":\"https:\\\/\\\/www.strassenweb.de\\\/nachrichten\\\/#\\\/schema\\\/person\\\/87c9c9067f1211da429a744dc5a5aa41\",\"name\":\"Robert Hoffmann\",\"image\":{\"@type\":\"ImageObject\",\"inLanguage\":\"de\",\"@id\":\"https:\\\/\\\/www.strassenweb.de\\\/nachrichten\\\/wp-content\\\/uploads\\\/2024\\\/09\\\/strassenweb-150x150.jpg\",\"url\":\"https:\\\/\\\/www.strassenweb.de\\\/nachrichten\\\/wp-content\\\/uploads\\\/2024\\\/09\\\/strassenweb-150x150.jpg\",\"contentUrl\":\"https:\\\/\\\/www.strassenweb.de\\\/nachrichten\\\/wp-content\\\/uploads\\\/2024\\\/09\\\/strassenweb-150x150.jpg\",\"caption\":\"Robert Hoffmann\"},\"description\":\"Ich hei\u00dfe Robert Hoffmann und ich bin ein leidenschaftlicher Verfechter von \u00d6kologie und Biodiversit\u00e4t. Seit meiner Kindheit in den W\u00e4ldern Bayerns f\u00fchle ich mich mit der Natur verbunden und bin entschlossen, sie zu sch\u00fctzen. Heute widme ich mein Leben der Sensibilisierung anderer f\u00fcr die Bedeutung des Umweltschutzes f\u00fcr zuk\u00fcnftige Generationen.\",\"sameAs\":[\"https:\\\/\\\/www.strassenweb.de\\\/\"]}]}<\/script>\n<!-- \/ Yoast SEO plugin. -->","yoast_head_json":{"title":"Die Ger\u00fcchte sind wahr, der NYC -Trend f\u00fcr Rundst\u00e4tten und Zutaten ist tats\u00e4chlich statt - Nachrichten - Stra\u00dfenweb","robots":{"index":"index","follow":"follow","max-snippet":"max-snippet:-1","max-image-preview":"max-image-preview:large","max-video-preview":"max-video-preview:-1"},"canonical":"https:\/\/www.strassenweb.de\/nachrichten\/die-geruechte-sind-wahr-der-nyc-trend-fuer-rundstaetten-und-zutaten-ist-tatsaechlich-statt\/","og_locale":"de_DE","og_type":"article","og_title":"Die Ger\u00fcchte sind wahr, der NYC -Trend f\u00fcr Rundst\u00e4tten und Zutaten ist tats\u00e4chlich statt - Nachrichten - Stra\u00dfenweb","og_description":"In diesem Jahr besuchte ich die Staaten, um Innenarchitekten, Marken und die Leser unserer Website zu treffen, die in den Millionen in Amerika z\u00e4hlen. Die","og_url":"https:\/\/www.strassenweb.de\/nachrichten\/die-geruechte-sind-wahr-der-nyc-trend-fuer-rundstaetten-und-zutaten-ist-tatsaechlich-statt\/","og_site_name":"Stra\u00dfenweb","article_publisher":"https:\/\/www.facebook.com\/strassenweb\/","article_published_time":"2025-04-14T10:39:30+00:00","og_image":[{"width":1200,"height":675,"url":"https:\/\/www.strassenweb.de\/nachrichten\/wp-content\/uploads\/2025\/04\/Die-Geruechte-sind-wahr-der-NYC-Trend-fuer-Rundstaetten-und.jpg","type":"image\/jpeg"}],"author":"Robert Hoffmann","twitter_card":"summary_large_image","twitter_misc":{"Verfasst von":"Robert Hoffmann","Gesch\u00e4tzte Lesezeit":"3\u00a0Minuten"},"schema":{"@context":"https:\/\/schema.org","@graph":[{"@type":"Article","@id":"https:\/\/www.strassenweb.de\/nachrichten\/die-geruechte-sind-wahr-der-nyc-trend-fuer-rundstaetten-und-zutaten-ist-tatsaechlich-statt\/#article","isPartOf":{"@id":"https:\/\/www.strassenweb.de\/nachrichten\/die-geruechte-sind-wahr-der-nyc-trend-fuer-rundstaetten-und-zutaten-ist-tatsaechlich-statt\/"},"author":{"name":"Robert Hoffmann","@id":"https:\/\/www.strassenweb.de\/nachrichten\/#\/schema\/person\/87c9c9067f1211da429a744dc5a5aa41"},"headline":"Die Ger\u00fcchte sind wahr, der NYC -Trend f\u00fcr Rundst\u00e4tten und Zutaten ist tats\u00e4chlich statt","datePublished":"2025-04-14T10:39:30+00:00","mainEntityOfPage":{"@id":"https:\/\/www.strassenweb.de\/nachrichten\/die-geruechte-sind-wahr-der-nyc-trend-fuer-rundstaetten-und-zutaten-ist-tatsaechlich-statt\/"},"wordCount":520,"publisher":{"@id":"https:\/\/www.strassenweb.de\/nachrichten\/#organization"},"image":{"@id":"https:\/\/www.strassenweb.de\/nachrichten\/die-geruechte-sind-wahr-der-nyc-trend-fuer-rundstaetten-und-zutaten-ist-tatsaechlich-statt\/#primaryimage"},"thumbnailUrl":"https:\/\/www.strassenweb.de\/nachrichten\/wp-content\/uploads\/2025\/04\/Die-Geruechte-sind-wahr-der-NYC-Trend-fuer-Rundstaetten-und.jpg","keywords":["der","die","f\u00fcr","Ger\u00fcchte","ist","NYC","Rundst\u00e4tten","sind","statt","tats\u00e4chlich","Trend","und","wahr","Zutaten"],"articleSection":["Haus &amp; Garten"],"inLanguage":"de"},{"@type":"WebPage","@id":"https:\/\/www.strassenweb.de\/nachrichten\/die-geruechte-sind-wahr-der-nyc-trend-fuer-rundstaetten-und-zutaten-ist-tatsaechlich-statt\/","url":"https:\/\/www.strassenweb.de\/nachrichten\/die-geruechte-sind-wahr-der-nyc-trend-fuer-rundstaetten-und-zutaten-ist-tatsaechlich-statt\/","name":"Die Ger\u00fcchte sind wahr, der NYC -Trend f\u00fcr Rundst\u00e4tten und Zutaten ist tats\u00e4chlich statt - Nachrichten - Stra\u00dfenweb","isPartOf":{"@id":"https:\/\/www.strassenweb.de\/nachrichten\/#website"},"primaryImageOfPage":{"@id":"https:\/\/www.strassenweb.de\/nachrichten\/die-geruechte-sind-wahr-der-nyc-trend-fuer-rundstaetten-und-zutaten-ist-tatsaechlich-statt\/#primaryimage"},"image":{"@id":"https:\/\/www.strassenweb.de\/nachrichten\/die-geruechte-sind-wahr-der-nyc-trend-fuer-rundstaetten-und-zutaten-ist-tatsaechlich-statt\/#primaryimage"},"thumbnailUrl":"https:\/\/www.strassenweb.de\/nachrichten\/wp-content\/uploads\/2025\/04\/Die-Geruechte-sind-wahr-der-NYC-Trend-fuer-Rundstaetten-und.jpg","datePublished":"2025-04-14T10:39:30+00:00","breadcrumb":{"@id":"https:\/\/www.strassenweb.de\/nachrichten\/die-geruechte-sind-wahr-der-nyc-trend-fuer-rundstaetten-und-zutaten-ist-tatsaechlich-statt\/#breadcrumb"},"inLanguage":"de","potentialAction":[{"@type":"ReadAction","target":["https:\/\/www.strassenweb.de\/nachrichten\/die-geruechte-sind-wahr-der-nyc-trend-fuer-rundstaetten-und-zutaten-ist-tatsaechlich-statt\/"]}]},{"@type":"ImageObject","inLanguage":"de","@id":"https:\/\/www.strassenweb.de\/nachrichten\/die-geruechte-sind-wahr-der-nyc-trend-fuer-rundstaetten-und-zutaten-ist-tatsaechlich-statt\/#primaryimage","url":"https:\/\/www.strassenweb.de\/nachrichten\/wp-content\/uploads\/2025\/04\/Die-Geruechte-sind-wahr-der-NYC-Trend-fuer-Rundstaetten-und.jpg","contentUrl":"https:\/\/www.strassenweb.de\/nachrichten\/wp-content\/uploads\/2025\/04\/Die-Geruechte-sind-wahr-der-NYC-Trend-fuer-Rundstaetten-und.jpg","width":1200,"height":675,"caption":"Die Ger\u00fcchte sind wahr, der NYC -Trend f\u00fcr Rundst\u00e4tten und Zutaten ist tats\u00e4chlich statt"},{"@type":"BreadcrumbList","@id":"https:\/\/www.strassenweb.de\/nachrichten\/die-geruechte-sind-wahr-der-nyc-trend-fuer-rundstaetten-und-zutaten-ist-tatsaechlich-statt\/#breadcrumb","itemListElement":[{"@type":"ListItem","position":1,"name":"Home","item":"https:\/\/www.strassenweb.de\/nachrichten\/"},{"@type":"ListItem","position":2,"name":"Die Ger\u00fcchte sind wahr, der NYC -Trend f\u00fcr Rundst\u00e4tten und Zutaten ist tats\u00e4chlich statt"}]},{"@type":"WebSite","@id":"https:\/\/www.strassenweb.de\/nachrichten\/#website","url":"https:\/\/www.strassenweb.de\/nachrichten\/","name":"Stra\u00dfenweb","description":"Stra\u00dfenverzeichnis f\u00fcr Deutschland","publisher":{"@id":"https:\/\/www.strassenweb.de\/nachrichten\/#organization"},"potentialAction":[{"@type":"SearchAction","target":{"@type":"EntryPoint","urlTemplate":"https:\/\/www.strassenweb.de\/nachrichten\/?s={search_term_string}"},"query-input":{"@type":"PropertyValueSpecification","valueRequired":true,"valueName":"search_term_string"}}],"inLanguage":"de"},{"@type":"Organization","@id":"https:\/\/www.strassenweb.de\/nachrichten\/#organization","name":"Stra\u00dfenweb","url":"https:\/\/www.strassenweb.de\/nachrichten\/","logo":{"@type":"ImageObject","inLanguage":"de","@id":"https:\/\/www.strassenweb.de\/nachrichten\/#\/schema\/logo\/image\/","url":"https:\/\/www.strassenweb.de\/nachrichten\/wp-content\/uploads\/2024\/09\/cropped-favicon.png","contentUrl":"https:\/\/www.strassenweb.de\/nachrichten\/wp-content\/uploads\/2024\/09\/cropped-favicon.png","width":512,"height":512,"caption":"Stra\u00dfenweb"},"image":{"@id":"https:\/\/www.strassenweb.de\/nachrichten\/#\/schema\/logo\/image\/"},"sameAs":["https:\/\/www.facebook.com\/strassenweb\/"]},{"@type":"Person","@id":"https:\/\/www.strassenweb.de\/nachrichten\/#\/schema\/person\/87c9c9067f1211da429a744dc5a5aa41","name":"Robert Hoffmann","image":{"@type":"ImageObject","inLanguage":"de","@id":"https:\/\/www.strassenweb.de\/nachrichten\/wp-content\/uploads\/2024\/09\/strassenweb-150x150.jpg","url":"https:\/\/www.strassenweb.de\/nachrichten\/wp-content\/uploads\/2024\/09\/strassenweb-150x150.jpg","contentUrl":"https:\/\/www.strassenweb.de\/nachrichten\/wp-content\/uploads\/2024\/09\/strassenweb-150x150.jpg","caption":"Robert Hoffmann"},"description":"Ich hei\u00dfe Robert Hoffmann und ich bin ein leidenschaftlicher Verfechter von \u00d6kologie und Biodiversit\u00e4t. Seit meiner Kindheit in den W\u00e4ldern Bayerns f\u00fchle ich mich mit der Natur verbunden und bin entschlossen, sie zu sch\u00fctzen. Heute widme ich mein Leben der Sensibilisierung anderer f\u00fcr die Bedeutung des Umweltschutzes f\u00fcr zuk\u00fcnftige Generationen.","sameAs":["https:\/\/www.strassenweb.de\/"]}]}},"_links":{"self":[{"href":"https:\/\/www.strassenweb.de\/nachrichten\/wp-json\/wp\/v2\/posts\/4471","targetHints":{"allow":["GET"]}}],"collection":[{"href":"https:\/\/www.strassenweb.de\/nachrichten\/wp-json\/wp\/v2\/posts"}],"about":[{"href":"https:\/\/www.strassenweb.de\/nachrichten\/wp-json\/wp\/v2\/types\/post"}],"author":[{"embeddable":true,"href":"https:\/\/www.strassenweb.de\/nachrichten\/wp-json\/wp\/v2\/users\/1"}],"replies":[{"embeddable":true,"href":"https:\/\/www.strassenweb.de\/nachrichten\/wp-json\/wp\/v2\/comments?post=4471"}],"version-history":[{"count":0,"href":"https:\/\/www.strassenweb.de\/nachrichten\/wp-json\/wp\/v2\/posts\/4471\/revisions"}],"wp:featuredmedia":[{"embeddable":true,"href":"https:\/\/www.strassenweb.de\/nachrichten\/wp-json\/wp\/v2\/media\/4472"}],"wp:attachment":[{"href":"https:\/\/www.strassenweb.de\/nachrichten\/wp-json\/wp\/v2\/media?parent=4471"}],"wp:term":[{"taxonomy":"category","embeddable":true,"href":"https:\/\/www.strassenweb.de\/nachrichten\/wp-json\/wp\/v2\/categories?post=4471"},{"taxonomy":"post_tag","embeddable":true,"href":"https:\/\/www.strassenweb.de\/nachrichten\/wp-json\/wp\/v2\/tags?post=4471"}],"curies":[{"name":"wp","href":"https:\/\/api.w.org\/{rel}","templated":true}]}}