{"id":4440,"date":"2025-04-12T16:39:52","date_gmt":"2025-04-12T14:39:52","guid":{"rendered":"https:\/\/www.strassenweb.de\/nachrichten\/zooey-deschanel-und-jonathan-scotts-fruehstuecksecke-sind-eine-innovative-effektive-nutzung-des-kuechenraum\/"},"modified":"2025-04-12T16:39:53","modified_gmt":"2025-04-12T14:39:53","slug":"zooey-deschanel-und-jonathan-scotts-fruehstuecksecke-sind-eine-innovative-effektive-nutzung-des-kuechenraum","status":"publish","type":"post","link":"https:\/\/www.strassenweb.de\/nachrichten\/zooey-deschanel-und-jonathan-scotts-fruehstuecksecke-sind-eine-innovative-effektive-nutzung-des-kuechenraum\/","title":{"rendered":"Zooey Deschanel und Jonathan Scotts Fr\u00fchst\u00fccksecke sind eine innovative, effektive Nutzung des K\u00fcchenraum"},"content":{"rendered":"<p><\/p>\n<div id=\"article-body\" class=\"article__body \">\n<p>Eine Essende ist objektiv liebenswert; Eine leichte Streuner vom traditionellen K\u00fcchentisch entfernt und eine Eckkopfsee schafft eine gem\u00fctliche, einladende Atmosph\u00e4re in der K\u00fcche, w\u00e4hrend sie einen klaren, ausgewiesenen Raum zum Essen von Mahlzeiten abzahlen. Dar\u00fcber hinaus kann es intelligente Platz nutzen, die sonst m\u00f6glicherweise nicht genutzt werden k\u00f6nnten.<\/p>\n<div id=\"ad-unit-1\" class=\"ad-unit\"><\/div>\n<p>Nehmen Sie Zooey Deschanel und Jonathan Scotts Speise-Ecke-wir haben uns schon einmal ihre k\u00fchne Tapete genauer angesehen, aber nachdem wir zum Bild des Raums zur\u00fcckgekehrt waren, konnten wir nicht anders, als zu bemerken, was f\u00fcr eine effektive Nutzung des Raums das Design mit dem Design, das das Design hat, geschaffen hat.<\/p>\n<aside class=\"hawk-base\" data-block-type=\"embed\" data-render-type=\"fte\" data-skip=\"dealsy\" data-widget-type=\"seasonal\">\n<div class=\"hawk-master-widget-hawk-base-wrapper\"><\/div>\n<\/aside>\n<p>Zooey und Jonathan haben sich f\u00fcr ein Pulver, eine Bank im Bankettstil als Sitzgelegenheiten entschieden, w\u00e4hrend ein surfbrettf\u00f6rmiger Tisch weiche Kurven und reichhaltige Oberfl\u00e4chenraum bietet. Mit einem atemberaubenden Blick aus dem Erkerfenster sind sie f\u00fcr die Implementierung einer Speiseseok in einer gem\u00fctlichen Ecke-und es ist auch im Trend.<\/p>\n<div id=\"desktop-in-article\" class=\"in-article ad-unit\">\n<div id=\"desktop-taboola-mid-article\"><\/div>\n<\/div>\n<div id=\"mobile-in-article\" class=\"in-article ad-unit\">\n<div id=\"mobile-taboola-mid-article\"><\/div>\n<\/div>\n<div class=\"instagram-embed\">\n<blockquote class=\"instagram-media\" data-instgrm-captioned data-instgrm-version=\"6\" style=\"width:99.375%; width:-webkit-calc(100% - 2px); width:calc(100% - 2px);\">\n<p>Ein Beitrag, der von Jonathan Silver Scott (@jonathanscott) geteilt wird<\/p>\n<p>Ein Foto von on <\/p>\n<\/blockquote>\n<\/div>\n<h3 class=\"article-body__section\" id=\"section-shop-the-dining-nook-edit\"><span>Kaufen Sie die Speiseecke bearbeiten<\/span><\/h3>\n<div class=\"product-container hero-product-container product-block-no-wrap\"><\/div>\n<p>Experten zufolge ist es sehr effektiv, unsichtbare Grenzen zwischen einem sitzenden Bereich und der K\u00fcche f\u00fcr die Nutzung des Raums sowie \u00e4sthetisch ansprechendes Erscheinungsbild zu schaffen.<\/p>\n<div class=\"van_vid_carousel\">\n<div class=\"van_vid_carousel__padding\">\n<div class=\"van_vid_carousel__container\"><\/div>\n<\/div>\n<\/div>\n<p>Die Trennung des Essbereichs von der K\u00fcche kann eine effektive M\u00f6glichkeit sein, eine friedliche, komfortable Sitzpfeilage zu schaffen, die die perfekte, vielseitige Kulisse f\u00fcr Familienessen und gesch\u00e4ftige Fr\u00fchst\u00fcckszeiten bietet.<\/p>\n<div id=\"ad-unit-2\" class=\"ad-unit\"><\/div>\n<p>Sie f\u00e4hrt fort: \u201eDies kann dazu beitragen, L\u00e4rm und Unordnung durch die Zubereitung von Kitchen -Speisen zu verringern und dabei h\u00e4ufig eine effizientere Nutzung des Raums als ein vollst\u00e4ndiger Esszimmer zu reduzieren. Nutzen Sie Lernfenster oder nicht verwendete Ecken und f\u00fcgen Sie Pers\u00f6nlichkeit mit Verkleidung, farbigen Kissenstoffe und Bankett -Sitzpl\u00e4tzen hinzu. &#8218;<\/p>\n<p>Wir k\u00f6nnen sehen, dass Drew und Jonathan definitiv die Marke an der Farbe und der Muster vorne erf\u00fcllt haben, indem sie eine ged\u00e4mpfte Palette aus Blau, Gr\u00fcn, Rosa, Purpur, Braun und Orangen im Muster der Blumenst\u00fchle, der Sitzbank und den Wurfkissen erzeugt. Wir lieben auch die Mischung aus Motiven, aus den oben genannten Blumen (sowohl gedruckt als auch in einer Messingvase auf dem Tisch) sowie ein schrulliger Ananas-Pendelllicht. Die Holzb\u00f6den dienen inzwischen eine feste und zeitlose Basis f\u00fcr den exzentrischen, aber erh\u00f6hten Raum.<\/p>\n<div id=\"slice-container-newsletterForm-articleInbodyContent-LCXoCnxcz7zKk4EMi8TDjj\" class=\"slice-container newsletter-inbodyContent-slice newsletterForm-articleInbodyContent-LCXoCnxcz7zKk4EMi8TDjj slice-container-newsletterForm\"><\/div>\n<hr>\n<p>Wenn Sie eine leere Ecke in Ihrer K\u00fcche haben oder einfach nur ein Lernfenster betonen m\u00f6chten, sollten Sie eine Speiseecke f\u00fcr einen Look implementieren, der so trendig ist wie praktisch.<\/p>\n<hr>\n<\/div>\n<p><script async src=\"\/\/www.instagram.com\/embed.js\"><\/script><\/p>\n","protected":false},"excerpt":{"rendered":"<p>Eine Essende ist objektiv liebenswert; Eine leichte Streuner vom traditionellen K\u00fcchentisch entfernt und eine Eckkopfsee schafft eine gem\u00fctliche, einladende Atmosph\u00e4re in der K\u00fcche, w\u00e4hrend sie<\/p>\n","protected":false},"author":1,"featured_media":4441,"comment_status":"closed","ping_status":"","sticky":false,"template":"","format":"standard","meta":{"footnotes":""},"categories":[118],"tags":[281,206,4217,74,3912,798,6626,6627,5153,5829,58,37,205],"class_list":["post-4440","post","type-post","status-publish","format-standard","has-post-thumbnail","hentry","category-haus-garten","tag-des","tag-deschanel","tag-effektive","tag-eine","tag-fruehstuecksecke","tag-innovative","tag-jonathan","tag-kuechenraum","tag-nutzung","tag-scotts","tag-sind","tag-und","tag-zooey","generate-columns","tablet-grid-50","mobile-grid-100","grid-parent","grid-50"],"yoast_head":"<!-- This site is optimized with the Yoast SEO plugin v27.3 - https:\/\/yoast.com\/product\/yoast-seo-wordpress\/ -->\n<title>Zooey Deschanel und Jonathan Scotts Fr\u00fchst\u00fccksecke sind eine innovative, effektive Nutzung des K\u00fcchenraum - Nachrichten - Stra\u00dfenweb<\/title>\n<meta name=\"robots\" content=\"index, follow, max-snippet:-1, max-image-preview:large, max-video-preview:-1\" \/>\n<link rel=\"canonical\" href=\"https:\/\/www.strassenweb.de\/nachrichten\/zooey-deschanel-und-jonathan-scotts-fruehstuecksecke-sind-eine-innovative-effektive-nutzung-des-kuechenraum\/\" \/>\n<meta property=\"og:locale\" content=\"de_DE\" \/>\n<meta property=\"og:type\" content=\"article\" \/>\n<meta property=\"og:title\" content=\"Zooey Deschanel und Jonathan Scotts Fr\u00fchst\u00fccksecke sind eine innovative, effektive Nutzung des K\u00fcchenraum - Nachrichten - Stra\u00dfenweb\" \/>\n<meta property=\"og:description\" content=\"Eine Essende ist objektiv liebenswert; Eine leichte Streuner vom traditionellen K\u00fcchentisch entfernt und eine Eckkopfsee schafft eine gem\u00fctliche, einladende Atmosph\u00e4re in der K\u00fcche, w\u00e4hrend sie\" \/>\n<meta property=\"og:url\" content=\"https:\/\/www.strassenweb.de\/nachrichten\/zooey-deschanel-und-jonathan-scotts-fruehstuecksecke-sind-eine-innovative-effektive-nutzung-des-kuechenraum\/\" \/>\n<meta property=\"og:site_name\" content=\"Stra\u00dfenweb\" \/>\n<meta property=\"article:publisher\" content=\"https:\/\/www.facebook.com\/strassenweb\/\" \/>\n<meta property=\"article:published_time\" content=\"2025-04-12T14:39:52+00:00\" \/>\n<meta property=\"article:modified_time\" content=\"2025-04-12T14:39:53+00:00\" \/>\n<meta property=\"og:image\" content=\"https:\/\/www.strassenweb.de\/nachrichten\/wp-content\/uploads\/2025\/04\/Zooey-Deschanel-und-Jonathan-Scotts-Fruehstuecksecke-sind-eine-innovative-effektive.png\" \/>\n\t<meta property=\"og:image:width\" content=\"1200\" \/>\n\t<meta property=\"og:image:height\" content=\"750\" \/>\n\t<meta property=\"og:image:type\" content=\"image\/png\" \/>\n<meta name=\"author\" content=\"Robert Hoffmann\" \/>\n<meta name=\"twitter:card\" content=\"summary_large_image\" \/>\n<meta name=\"twitter:label1\" content=\"Verfasst von\" \/>\n\t<meta name=\"twitter:data1\" content=\"Robert Hoffmann\" \/>\n\t<meta name=\"twitter:label2\" content=\"Gesch\u00e4tzte Lesezeit\" \/>\n\t<meta name=\"twitter:data2\" content=\"2\u00a0Minuten\" \/>\n<script type=\"application\/ld+json\" class=\"yoast-schema-graph\">{\"@context\":\"https:\\\/\\\/schema.org\",\"@graph\":[{\"@type\":\"Article\",\"@id\":\"https:\\\/\\\/www.strassenweb.de\\\/nachrichten\\\/zooey-deschanel-und-jonathan-scotts-fruehstuecksecke-sind-eine-innovative-effektive-nutzung-des-kuechenraum\\\/#article\",\"isPartOf\":{\"@id\":\"https:\\\/\\\/www.strassenweb.de\\\/nachrichten\\\/zooey-deschanel-und-jonathan-scotts-fruehstuecksecke-sind-eine-innovative-effektive-nutzung-des-kuechenraum\\\/\"},\"author\":{\"name\":\"Robert Hoffmann\",\"@id\":\"https:\\\/\\\/www.strassenweb.de\\\/nachrichten\\\/#\\\/schema\\\/person\\\/87c9c9067f1211da429a744dc5a5aa41\"},\"headline\":\"Zooey Deschanel und Jonathan Scotts Fr\u00fchst\u00fccksecke sind eine innovative, effektive Nutzung des K\u00fcchenraum\",\"datePublished\":\"2025-04-12T14:39:52+00:00\",\"dateModified\":\"2025-04-12T14:39:53+00:00\",\"mainEntityOfPage\":{\"@id\":\"https:\\\/\\\/www.strassenweb.de\\\/nachrichten\\\/zooey-deschanel-und-jonathan-scotts-fruehstuecksecke-sind-eine-innovative-effektive-nutzung-des-kuechenraum\\\/\"},\"wordCount\":444,\"publisher\":{\"@id\":\"https:\\\/\\\/www.strassenweb.de\\\/nachrichten\\\/#organization\"},\"image\":{\"@id\":\"https:\\\/\\\/www.strassenweb.de\\\/nachrichten\\\/zooey-deschanel-und-jonathan-scotts-fruehstuecksecke-sind-eine-innovative-effektive-nutzung-des-kuechenraum\\\/#primaryimage\"},\"thumbnailUrl\":\"https:\\\/\\\/www.strassenweb.de\\\/nachrichten\\\/wp-content\\\/uploads\\\/2025\\\/04\\\/Zooey-Deschanel-und-Jonathan-Scotts-Fruehstuecksecke-sind-eine-innovative-effektive.png\",\"keywords\":[\"des\",\"Deschanel\",\"effektive\",\"eine\",\"Fr\u00fchst\u00fccksecke\",\"innovative\",\"Jonathan\",\"K\u00fcchenraum\",\"Nutzung\",\"Scotts\",\"sind\",\"und\",\"Zooey\"],\"articleSection\":[\"Haus &amp; Garten\"],\"inLanguage\":\"de\"},{\"@type\":\"WebPage\",\"@id\":\"https:\\\/\\\/www.strassenweb.de\\\/nachrichten\\\/zooey-deschanel-und-jonathan-scotts-fruehstuecksecke-sind-eine-innovative-effektive-nutzung-des-kuechenraum\\\/\",\"url\":\"https:\\\/\\\/www.strassenweb.de\\\/nachrichten\\\/zooey-deschanel-und-jonathan-scotts-fruehstuecksecke-sind-eine-innovative-effektive-nutzung-des-kuechenraum\\\/\",\"name\":\"Zooey Deschanel und Jonathan Scotts Fr\u00fchst\u00fccksecke sind eine innovative, effektive Nutzung des K\u00fcchenraum - Nachrichten - Stra\u00dfenweb\",\"isPartOf\":{\"@id\":\"https:\\\/\\\/www.strassenweb.de\\\/nachrichten\\\/#website\"},\"primaryImageOfPage\":{\"@id\":\"https:\\\/\\\/www.strassenweb.de\\\/nachrichten\\\/zooey-deschanel-und-jonathan-scotts-fruehstuecksecke-sind-eine-innovative-effektive-nutzung-des-kuechenraum\\\/#primaryimage\"},\"image\":{\"@id\":\"https:\\\/\\\/www.strassenweb.de\\\/nachrichten\\\/zooey-deschanel-und-jonathan-scotts-fruehstuecksecke-sind-eine-innovative-effektive-nutzung-des-kuechenraum\\\/#primaryimage\"},\"thumbnailUrl\":\"https:\\\/\\\/www.strassenweb.de\\\/nachrichten\\\/wp-content\\\/uploads\\\/2025\\\/04\\\/Zooey-Deschanel-und-Jonathan-Scotts-Fruehstuecksecke-sind-eine-innovative-effektive.png\",\"datePublished\":\"2025-04-12T14:39:52+00:00\",\"dateModified\":\"2025-04-12T14:39:53+00:00\",\"breadcrumb\":{\"@id\":\"https:\\\/\\\/www.strassenweb.de\\\/nachrichten\\\/zooey-deschanel-und-jonathan-scotts-fruehstuecksecke-sind-eine-innovative-effektive-nutzung-des-kuechenraum\\\/#breadcrumb\"},\"inLanguage\":\"de\",\"potentialAction\":[{\"@type\":\"ReadAction\",\"target\":[\"https:\\\/\\\/www.strassenweb.de\\\/nachrichten\\\/zooey-deschanel-und-jonathan-scotts-fruehstuecksecke-sind-eine-innovative-effektive-nutzung-des-kuechenraum\\\/\"]}]},{\"@type\":\"ImageObject\",\"inLanguage\":\"de\",\"@id\":\"https:\\\/\\\/www.strassenweb.de\\\/nachrichten\\\/zooey-deschanel-und-jonathan-scotts-fruehstuecksecke-sind-eine-innovative-effektive-nutzung-des-kuechenraum\\\/#primaryimage\",\"url\":\"https:\\\/\\\/www.strassenweb.de\\\/nachrichten\\\/wp-content\\\/uploads\\\/2025\\\/04\\\/Zooey-Deschanel-und-Jonathan-Scotts-Fruehstuecksecke-sind-eine-innovative-effektive.png\",\"contentUrl\":\"https:\\\/\\\/www.strassenweb.de\\\/nachrichten\\\/wp-content\\\/uploads\\\/2025\\\/04\\\/Zooey-Deschanel-und-Jonathan-Scotts-Fruehstuecksecke-sind-eine-innovative-effektive.png\",\"width\":1200,\"height\":750,\"caption\":\"Zooey Deschanel und Jonathan Scotts Fr\u00fchst\u00fccksecke sind eine innovative, effektive Nutzung des K\u00fcchenraum\"},{\"@type\":\"BreadcrumbList\",\"@id\":\"https:\\\/\\\/www.strassenweb.de\\\/nachrichten\\\/zooey-deschanel-und-jonathan-scotts-fruehstuecksecke-sind-eine-innovative-effektive-nutzung-des-kuechenraum\\\/#breadcrumb\",\"itemListElement\":[{\"@type\":\"ListItem\",\"position\":1,\"name\":\"Home\",\"item\":\"https:\\\/\\\/www.strassenweb.de\\\/nachrichten\\\/\"},{\"@type\":\"ListItem\",\"position\":2,\"name\":\"Zooey Deschanel und Jonathan Scotts Fr\u00fchst\u00fccksecke sind eine innovative, effektive Nutzung des K\u00fcchenraum\"}]},{\"@type\":\"WebSite\",\"@id\":\"https:\\\/\\\/www.strassenweb.de\\\/nachrichten\\\/#website\",\"url\":\"https:\\\/\\\/www.strassenweb.de\\\/nachrichten\\\/\",\"name\":\"Stra\u00dfenweb\",\"description\":\"Stra\u00dfenverzeichnis f\u00fcr Deutschland\",\"publisher\":{\"@id\":\"https:\\\/\\\/www.strassenweb.de\\\/nachrichten\\\/#organization\"},\"potentialAction\":[{\"@type\":\"SearchAction\",\"target\":{\"@type\":\"EntryPoint\",\"urlTemplate\":\"https:\\\/\\\/www.strassenweb.de\\\/nachrichten\\\/?s={search_term_string}\"},\"query-input\":{\"@type\":\"PropertyValueSpecification\",\"valueRequired\":true,\"valueName\":\"search_term_string\"}}],\"inLanguage\":\"de\"},{\"@type\":\"Organization\",\"@id\":\"https:\\\/\\\/www.strassenweb.de\\\/nachrichten\\\/#organization\",\"name\":\"Stra\u00dfenweb\",\"url\":\"https:\\\/\\\/www.strassenweb.de\\\/nachrichten\\\/\",\"logo\":{\"@type\":\"ImageObject\",\"inLanguage\":\"de\",\"@id\":\"https:\\\/\\\/www.strassenweb.de\\\/nachrichten\\\/#\\\/schema\\\/logo\\\/image\\\/\",\"url\":\"https:\\\/\\\/www.strassenweb.de\\\/nachrichten\\\/wp-content\\\/uploads\\\/2024\\\/09\\\/cropped-favicon.png\",\"contentUrl\":\"https:\\\/\\\/www.strassenweb.de\\\/nachrichten\\\/wp-content\\\/uploads\\\/2024\\\/09\\\/cropped-favicon.png\",\"width\":512,\"height\":512,\"caption\":\"Stra\u00dfenweb\"},\"image\":{\"@id\":\"https:\\\/\\\/www.strassenweb.de\\\/nachrichten\\\/#\\\/schema\\\/logo\\\/image\\\/\"},\"sameAs\":[\"https:\\\/\\\/www.facebook.com\\\/strassenweb\\\/\"]},{\"@type\":\"Person\",\"@id\":\"https:\\\/\\\/www.strassenweb.de\\\/nachrichten\\\/#\\\/schema\\\/person\\\/87c9c9067f1211da429a744dc5a5aa41\",\"name\":\"Robert Hoffmann\",\"image\":{\"@type\":\"ImageObject\",\"inLanguage\":\"de\",\"@id\":\"https:\\\/\\\/www.strassenweb.de\\\/nachrichten\\\/wp-content\\\/uploads\\\/2024\\\/09\\\/strassenweb-150x150.jpg\",\"url\":\"https:\\\/\\\/www.strassenweb.de\\\/nachrichten\\\/wp-content\\\/uploads\\\/2024\\\/09\\\/strassenweb-150x150.jpg\",\"contentUrl\":\"https:\\\/\\\/www.strassenweb.de\\\/nachrichten\\\/wp-content\\\/uploads\\\/2024\\\/09\\\/strassenweb-150x150.jpg\",\"caption\":\"Robert Hoffmann\"},\"description\":\"Ich hei\u00dfe Robert Hoffmann und ich bin ein leidenschaftlicher Verfechter von \u00d6kologie und Biodiversit\u00e4t. Seit meiner Kindheit in den W\u00e4ldern Bayerns f\u00fchle ich mich mit der Natur verbunden und bin entschlossen, sie zu sch\u00fctzen. Heute widme ich mein Leben der Sensibilisierung anderer f\u00fcr die Bedeutung des Umweltschutzes f\u00fcr zuk\u00fcnftige Generationen.\",\"sameAs\":[\"https:\\\/\\\/www.strassenweb.de\\\/\"]}]}<\/script>\n<!-- \/ Yoast SEO plugin. -->","yoast_head_json":{"title":"Zooey Deschanel und Jonathan Scotts Fr\u00fchst\u00fccksecke sind eine innovative, effektive Nutzung des K\u00fcchenraum - Nachrichten - Stra\u00dfenweb","robots":{"index":"index","follow":"follow","max-snippet":"max-snippet:-1","max-image-preview":"max-image-preview:large","max-video-preview":"max-video-preview:-1"},"canonical":"https:\/\/www.strassenweb.de\/nachrichten\/zooey-deschanel-und-jonathan-scotts-fruehstuecksecke-sind-eine-innovative-effektive-nutzung-des-kuechenraum\/","og_locale":"de_DE","og_type":"article","og_title":"Zooey Deschanel und Jonathan Scotts Fr\u00fchst\u00fccksecke sind eine innovative, effektive Nutzung des K\u00fcchenraum - Nachrichten - Stra\u00dfenweb","og_description":"Eine Essende ist objektiv liebenswert; Eine leichte Streuner vom traditionellen K\u00fcchentisch entfernt und eine Eckkopfsee schafft eine gem\u00fctliche, einladende Atmosph\u00e4re in der K\u00fcche, w\u00e4hrend sie","og_url":"https:\/\/www.strassenweb.de\/nachrichten\/zooey-deschanel-und-jonathan-scotts-fruehstuecksecke-sind-eine-innovative-effektive-nutzung-des-kuechenraum\/","og_site_name":"Stra\u00dfenweb","article_publisher":"https:\/\/www.facebook.com\/strassenweb\/","article_published_time":"2025-04-12T14:39:52+00:00","article_modified_time":"2025-04-12T14:39:53+00:00","og_image":[{"width":1200,"height":750,"url":"https:\/\/www.strassenweb.de\/nachrichten\/wp-content\/uploads\/2025\/04\/Zooey-Deschanel-und-Jonathan-Scotts-Fruehstuecksecke-sind-eine-innovative-effektive.png","type":"image\/png"}],"author":"Robert Hoffmann","twitter_card":"summary_large_image","twitter_misc":{"Verfasst von":"Robert Hoffmann","Gesch\u00e4tzte Lesezeit":"2\u00a0Minuten"},"schema":{"@context":"https:\/\/schema.org","@graph":[{"@type":"Article","@id":"https:\/\/www.strassenweb.de\/nachrichten\/zooey-deschanel-und-jonathan-scotts-fruehstuecksecke-sind-eine-innovative-effektive-nutzung-des-kuechenraum\/#article","isPartOf":{"@id":"https:\/\/www.strassenweb.de\/nachrichten\/zooey-deschanel-und-jonathan-scotts-fruehstuecksecke-sind-eine-innovative-effektive-nutzung-des-kuechenraum\/"},"author":{"name":"Robert Hoffmann","@id":"https:\/\/www.strassenweb.de\/nachrichten\/#\/schema\/person\/87c9c9067f1211da429a744dc5a5aa41"},"headline":"Zooey Deschanel und Jonathan Scotts Fr\u00fchst\u00fccksecke sind eine innovative, effektive Nutzung des K\u00fcchenraum","datePublished":"2025-04-12T14:39:52+00:00","dateModified":"2025-04-12T14:39:53+00:00","mainEntityOfPage":{"@id":"https:\/\/www.strassenweb.de\/nachrichten\/zooey-deschanel-und-jonathan-scotts-fruehstuecksecke-sind-eine-innovative-effektive-nutzung-des-kuechenraum\/"},"wordCount":444,"publisher":{"@id":"https:\/\/www.strassenweb.de\/nachrichten\/#organization"},"image":{"@id":"https:\/\/www.strassenweb.de\/nachrichten\/zooey-deschanel-und-jonathan-scotts-fruehstuecksecke-sind-eine-innovative-effektive-nutzung-des-kuechenraum\/#primaryimage"},"thumbnailUrl":"https:\/\/www.strassenweb.de\/nachrichten\/wp-content\/uploads\/2025\/04\/Zooey-Deschanel-und-Jonathan-Scotts-Fruehstuecksecke-sind-eine-innovative-effektive.png","keywords":["des","Deschanel","effektive","eine","Fr\u00fchst\u00fccksecke","innovative","Jonathan","K\u00fcchenraum","Nutzung","Scotts","sind","und","Zooey"],"articleSection":["Haus &amp; Garten"],"inLanguage":"de"},{"@type":"WebPage","@id":"https:\/\/www.strassenweb.de\/nachrichten\/zooey-deschanel-und-jonathan-scotts-fruehstuecksecke-sind-eine-innovative-effektive-nutzung-des-kuechenraum\/","url":"https:\/\/www.strassenweb.de\/nachrichten\/zooey-deschanel-und-jonathan-scotts-fruehstuecksecke-sind-eine-innovative-effektive-nutzung-des-kuechenraum\/","name":"Zooey Deschanel und Jonathan Scotts Fr\u00fchst\u00fccksecke sind eine innovative, effektive Nutzung des K\u00fcchenraum - Nachrichten - Stra\u00dfenweb","isPartOf":{"@id":"https:\/\/www.strassenweb.de\/nachrichten\/#website"},"primaryImageOfPage":{"@id":"https:\/\/www.strassenweb.de\/nachrichten\/zooey-deschanel-und-jonathan-scotts-fruehstuecksecke-sind-eine-innovative-effektive-nutzung-des-kuechenraum\/#primaryimage"},"image":{"@id":"https:\/\/www.strassenweb.de\/nachrichten\/zooey-deschanel-und-jonathan-scotts-fruehstuecksecke-sind-eine-innovative-effektive-nutzung-des-kuechenraum\/#primaryimage"},"thumbnailUrl":"https:\/\/www.strassenweb.de\/nachrichten\/wp-content\/uploads\/2025\/04\/Zooey-Deschanel-und-Jonathan-Scotts-Fruehstuecksecke-sind-eine-innovative-effektive.png","datePublished":"2025-04-12T14:39:52+00:00","dateModified":"2025-04-12T14:39:53+00:00","breadcrumb":{"@id":"https:\/\/www.strassenweb.de\/nachrichten\/zooey-deschanel-und-jonathan-scotts-fruehstuecksecke-sind-eine-innovative-effektive-nutzung-des-kuechenraum\/#breadcrumb"},"inLanguage":"de","potentialAction":[{"@type":"ReadAction","target":["https:\/\/www.strassenweb.de\/nachrichten\/zooey-deschanel-und-jonathan-scotts-fruehstuecksecke-sind-eine-innovative-effektive-nutzung-des-kuechenraum\/"]}]},{"@type":"ImageObject","inLanguage":"de","@id":"https:\/\/www.strassenweb.de\/nachrichten\/zooey-deschanel-und-jonathan-scotts-fruehstuecksecke-sind-eine-innovative-effektive-nutzung-des-kuechenraum\/#primaryimage","url":"https:\/\/www.strassenweb.de\/nachrichten\/wp-content\/uploads\/2025\/04\/Zooey-Deschanel-und-Jonathan-Scotts-Fruehstuecksecke-sind-eine-innovative-effektive.png","contentUrl":"https:\/\/www.strassenweb.de\/nachrichten\/wp-content\/uploads\/2025\/04\/Zooey-Deschanel-und-Jonathan-Scotts-Fruehstuecksecke-sind-eine-innovative-effektive.png","width":1200,"height":750,"caption":"Zooey Deschanel und Jonathan Scotts Fr\u00fchst\u00fccksecke sind eine innovative, effektive Nutzung des K\u00fcchenraum"},{"@type":"BreadcrumbList","@id":"https:\/\/www.strassenweb.de\/nachrichten\/zooey-deschanel-und-jonathan-scotts-fruehstuecksecke-sind-eine-innovative-effektive-nutzung-des-kuechenraum\/#breadcrumb","itemListElement":[{"@type":"ListItem","position":1,"name":"Home","item":"https:\/\/www.strassenweb.de\/nachrichten\/"},{"@type":"ListItem","position":2,"name":"Zooey Deschanel und Jonathan Scotts Fr\u00fchst\u00fccksecke sind eine innovative, effektive Nutzung des K\u00fcchenraum"}]},{"@type":"WebSite","@id":"https:\/\/www.strassenweb.de\/nachrichten\/#website","url":"https:\/\/www.strassenweb.de\/nachrichten\/","name":"Stra\u00dfenweb","description":"Stra\u00dfenverzeichnis f\u00fcr Deutschland","publisher":{"@id":"https:\/\/www.strassenweb.de\/nachrichten\/#organization"},"potentialAction":[{"@type":"SearchAction","target":{"@type":"EntryPoint","urlTemplate":"https:\/\/www.strassenweb.de\/nachrichten\/?s={search_term_string}"},"query-input":{"@type":"PropertyValueSpecification","valueRequired":true,"valueName":"search_term_string"}}],"inLanguage":"de"},{"@type":"Organization","@id":"https:\/\/www.strassenweb.de\/nachrichten\/#organization","name":"Stra\u00dfenweb","url":"https:\/\/www.strassenweb.de\/nachrichten\/","logo":{"@type":"ImageObject","inLanguage":"de","@id":"https:\/\/www.strassenweb.de\/nachrichten\/#\/schema\/logo\/image\/","url":"https:\/\/www.strassenweb.de\/nachrichten\/wp-content\/uploads\/2024\/09\/cropped-favicon.png","contentUrl":"https:\/\/www.strassenweb.de\/nachrichten\/wp-content\/uploads\/2024\/09\/cropped-favicon.png","width":512,"height":512,"caption":"Stra\u00dfenweb"},"image":{"@id":"https:\/\/www.strassenweb.de\/nachrichten\/#\/schema\/logo\/image\/"},"sameAs":["https:\/\/www.facebook.com\/strassenweb\/"]},{"@type":"Person","@id":"https:\/\/www.strassenweb.de\/nachrichten\/#\/schema\/person\/87c9c9067f1211da429a744dc5a5aa41","name":"Robert Hoffmann","image":{"@type":"ImageObject","inLanguage":"de","@id":"https:\/\/www.strassenweb.de\/nachrichten\/wp-content\/uploads\/2024\/09\/strassenweb-150x150.jpg","url":"https:\/\/www.strassenweb.de\/nachrichten\/wp-content\/uploads\/2024\/09\/strassenweb-150x150.jpg","contentUrl":"https:\/\/www.strassenweb.de\/nachrichten\/wp-content\/uploads\/2024\/09\/strassenweb-150x150.jpg","caption":"Robert Hoffmann"},"description":"Ich hei\u00dfe Robert Hoffmann und ich bin ein leidenschaftlicher Verfechter von \u00d6kologie und Biodiversit\u00e4t. Seit meiner Kindheit in den W\u00e4ldern Bayerns f\u00fchle ich mich mit der Natur verbunden und bin entschlossen, sie zu sch\u00fctzen. Heute widme ich mein Leben der Sensibilisierung anderer f\u00fcr die Bedeutung des Umweltschutzes f\u00fcr zuk\u00fcnftige Generationen.","sameAs":["https:\/\/www.strassenweb.de\/"]}]}},"_links":{"self":[{"href":"https:\/\/www.strassenweb.de\/nachrichten\/wp-json\/wp\/v2\/posts\/4440","targetHints":{"allow":["GET"]}}],"collection":[{"href":"https:\/\/www.strassenweb.de\/nachrichten\/wp-json\/wp\/v2\/posts"}],"about":[{"href":"https:\/\/www.strassenweb.de\/nachrichten\/wp-json\/wp\/v2\/types\/post"}],"author":[{"embeddable":true,"href":"https:\/\/www.strassenweb.de\/nachrichten\/wp-json\/wp\/v2\/users\/1"}],"replies":[{"embeddable":true,"href":"https:\/\/www.strassenweb.de\/nachrichten\/wp-json\/wp\/v2\/comments?post=4440"}],"version-history":[{"count":0,"href":"https:\/\/www.strassenweb.de\/nachrichten\/wp-json\/wp\/v2\/posts\/4440\/revisions"}],"wp:featuredmedia":[{"embeddable":true,"href":"https:\/\/www.strassenweb.de\/nachrichten\/wp-json\/wp\/v2\/media\/4441"}],"wp:attachment":[{"href":"https:\/\/www.strassenweb.de\/nachrichten\/wp-json\/wp\/v2\/media?parent=4440"}],"wp:term":[{"taxonomy":"category","embeddable":true,"href":"https:\/\/www.strassenweb.de\/nachrichten\/wp-json\/wp\/v2\/categories?post=4440"},{"taxonomy":"post_tag","embeddable":true,"href":"https:\/\/www.strassenweb.de\/nachrichten\/wp-json\/wp\/v2\/tags?post=4440"}],"curies":[{"name":"wp","href":"https:\/\/api.w.org\/{rel}","templated":true}]}}