{"id":441,"date":"2024-09-30T07:42:49","date_gmt":"2024-09-30T05:42:49","guid":{"rendered":"https:\/\/www.strassenweb.de\/nachrichten\/spannende-redner-fuer-das-badger-trust-event-im-juli\/"},"modified":"2024-09-30T07:42:49","modified_gmt":"2024-09-30T05:42:49","slug":"spannende-redner-fuer-das-badger-trust-event-im-juli","status":"publish","type":"post","link":"https:\/\/www.strassenweb.de\/nachrichten\/spannende-redner-fuer-das-badger-trust-event-im-juli\/","title":{"rendered":"Spannende Redner f\u00fcr das Badger Trust Event im Juli"},"content":{"rendered":"<p><strong>Badger Trust Symposium \u2013 Leamington Spa ganzt\u00e4gig am Samstag, 6. Juli<\/strong><\/p>\n<p>Badger Trust freut sich, zwei f\u00fchrende Tier\u00e4rzte, die sich mit Tierschutz befassen, als Redner auf ihrem Badger-Symposium am Samstag, den 6. Juli in Leamington Spa, Warwickshire, bekannt zu geben.<\/p>\n<p>Im Rahmen eines spannenden und informativen Veranstaltungsprogramms wird Dick Sibley am Vormittag sprechen und nach dem Mittagessen wird Dr. Alice Brough die Hauptrednerin sein. <\/p>\n<p>Wir alle wissen, welche schrecklichen Auswirkungen das T\u00f6ten von Dachsen auf die Dachspopulation hat. Deshalb haben wir einen f\u00fchrenden Tierarzt eingeladen, der an der Quelle arbeitet \u2013 bei Rindern.  94 % der Rindertuberkulose (bTB) wird von Rindern auf Rinder \u00fcbertragen, daher m\u00fcssen wir als Land sie in der Rinderherde in den Griff bekommen.<\/p>\n<p><strong>Dick Sibley<\/strong> ist einer der f\u00fchrenden Tier\u00e4rzte, die sich mit Rindertuberkulose befassen \u2013 er konzentriert sich auf die direkte Behandlung der Krankheit bei Rindern und hat in Devon erfolgreich bTB aus Herden ferngehalten. Er wird dar\u00fcber sprechen, was erforderlich ist, um bTB bei Rindern wirksam zu bek\u00e4mpfen, und sein Schwerpunkt auf einem robusteren Testprogramm und anderen rinderbezogenen Ma\u00dfnahmen liegen. Dick ist einer der f\u00fchrenden Experten des Landes f\u00fcr bTB bei Rindern und war bis vor Kurzem an der Tuberkulose-Partnerschaft der Regierung beteiligt. Dick wird am Vormittag dar\u00fcber sprechen, was bei der Rindertbb wirklich passieren muss.  <\/p>\n<p>Unser Hauptredner am Nachmittag ist <strong>Dr. Alice Brough.<\/strong> Alice ist eine inspirierende Rednerin, die fr\u00fcher als Schweinetier\u00e4rztin gearbeitet hat und \u00fcber Kenntnisse der Agrarindustrie aus erster Hand verf\u00fcgt. Sie wird besprechen, was sie aus ihrer Arbeit gelernt hat und wie wir k\u00fcnftig mit Tieren umgehen sollten, um die Natur zu sch\u00fctzen. Sie ist eine leidenschaftliche Aktivistin und wird ihre Gef\u00fchle zum Ausdruck bringen, wenn die Dachs-Keulung beendet wird. Alice ist eine Rednerin, die Sie nicht verpassen sollten, wenn Sie sich inspiriert f\u00fchlen m\u00f6chten, sich weiterhin f\u00fcr Tiere zu engagieren.<\/p>\n<p>Tickets f\u00fcr das Symposium sind f\u00fcr alle erh\u00e4ltlich, die sich f\u00fcr Dachse, ihre Gesundheit und ihre \u00d6kologie interessieren \u2013 holen Sie sich Ihr Ticket und weitere Informationen hier: https:\/\/www.badgertrust.org.uk\/symposium<\/p>\n","protected":false},"excerpt":{"rendered":"<p>Badger Trust Symposium \u2013 Leamington Spa ganzt\u00e4gig am Samstag, 6. Juli Badger Trust freut sich, zwei f\u00fchrende Tier\u00e4rzte, die sich mit Tierschutz befassen, als Redner<\/p>\n","protected":false},"author":1,"featured_media":442,"comment_status":"closed","ping_status":"","sticky":false,"template":"","format":"standard","meta":{"footnotes":""},"categories":[101],"tags":[289,112,890,55,891,889,888,290],"class_list":["post-441","post","type-post","status-publish","format-standard","has-post-thumbnail","hentry","category-oekologie","tag-badger","tag-das","tag-event","tag-fuer","tag-juli","tag-redner","tag-spannende","tag-trust","generate-columns","tablet-grid-50","mobile-grid-100","grid-parent","grid-50"],"yoast_head":"<!-- This site is optimized with the Yoast SEO plugin v27.3 - https:\/\/yoast.com\/product\/yoast-seo-wordpress\/ -->\n<title>Spannende Redner f\u00fcr das Badger Trust Event im Juli - Nachrichten - Stra\u00dfenweb<\/title>\n<meta name=\"robots\" content=\"index, follow, max-snippet:-1, max-image-preview:large, max-video-preview:-1\" \/>\n<link rel=\"canonical\" href=\"https:\/\/www.strassenweb.de\/nachrichten\/spannende-redner-fuer-das-badger-trust-event-im-juli\/\" \/>\n<meta property=\"og:locale\" content=\"de_DE\" \/>\n<meta property=\"og:type\" content=\"article\" \/>\n<meta property=\"og:title\" content=\"Spannende Redner f\u00fcr das Badger Trust Event im Juli - Nachrichten - Stra\u00dfenweb\" \/>\n<meta property=\"og:description\" content=\"Badger Trust Symposium \u2013 Leamington Spa ganzt\u00e4gig am Samstag, 6. Juli Badger Trust freut sich, zwei f\u00fchrende Tier\u00e4rzte, die sich mit Tierschutz befassen, als Redner\" \/>\n<meta property=\"og:url\" content=\"https:\/\/www.strassenweb.de\/nachrichten\/spannende-redner-fuer-das-badger-trust-event-im-juli\/\" \/>\n<meta property=\"og:site_name\" content=\"Stra\u00dfenweb\" \/>\n<meta property=\"article:publisher\" content=\"https:\/\/www.facebook.com\/strassenweb\/\" \/>\n<meta property=\"article:published_time\" content=\"2024-09-30T05:42:49+00:00\" \/>\n<meta property=\"og:image\" content=\"https:\/\/www.strassenweb.de\/nachrichten\/wp-content\/uploads\/2024\/09\/Spannende-Redner-fuer-das-Badger-Trust-Event-im-Juli.jpg\" \/>\n\t<meta property=\"og:image:width\" content=\"900\" \/>\n\t<meta property=\"og:image:height\" content=\"579\" \/>\n\t<meta property=\"og:image:type\" content=\"image\/jpeg\" \/>\n<meta name=\"author\" content=\"Robert Hoffmann\" \/>\n<meta name=\"twitter:card\" content=\"summary_large_image\" \/>\n<meta name=\"twitter:label1\" content=\"Verfasst von\" \/>\n\t<meta name=\"twitter:data1\" content=\"Robert Hoffmann\" \/>\n\t<meta name=\"twitter:label2\" content=\"Gesch\u00e4tzte Lesezeit\" \/>\n\t<meta name=\"twitter:data2\" content=\"2\u00a0Minuten\" \/>\n<script type=\"application\/ld+json\" class=\"yoast-schema-graph\">{\"@context\":\"https:\\\/\\\/schema.org\",\"@graph\":[{\"@type\":\"Article\",\"@id\":\"https:\\\/\\\/www.strassenweb.de\\\/nachrichten\\\/spannende-redner-fuer-das-badger-trust-event-im-juli\\\/#article\",\"isPartOf\":{\"@id\":\"https:\\\/\\\/www.strassenweb.de\\\/nachrichten\\\/spannende-redner-fuer-das-badger-trust-event-im-juli\\\/\"},\"author\":{\"name\":\"Robert Hoffmann\",\"@id\":\"https:\\\/\\\/www.strassenweb.de\\\/nachrichten\\\/#\\\/schema\\\/person\\\/87c9c9067f1211da429a744dc5a5aa41\"},\"headline\":\"Spannende Redner f\u00fcr das Badger Trust Event im Juli\",\"datePublished\":\"2024-09-30T05:42:49+00:00\",\"mainEntityOfPage\":{\"@id\":\"https:\\\/\\\/www.strassenweb.de\\\/nachrichten\\\/spannende-redner-fuer-das-badger-trust-event-im-juli\\\/\"},\"wordCount\":364,\"publisher\":{\"@id\":\"https:\\\/\\\/www.strassenweb.de\\\/nachrichten\\\/#organization\"},\"image\":{\"@id\":\"https:\\\/\\\/www.strassenweb.de\\\/nachrichten\\\/spannende-redner-fuer-das-badger-trust-event-im-juli\\\/#primaryimage\"},\"thumbnailUrl\":\"https:\\\/\\\/www.strassenweb.de\\\/nachrichten\\\/wp-content\\\/uploads\\\/2024\\\/09\\\/Spannende-Redner-fuer-das-Badger-Trust-Event-im-Juli.jpg\",\"keywords\":[\"Badger\",\"das\",\"Event\",\"f\u00fcr\",\"Juli\",\"Redner\",\"Spannende\",\"Trust\"],\"articleSection\":[\"\u00d6kologie\"],\"inLanguage\":\"de\"},{\"@type\":\"WebPage\",\"@id\":\"https:\\\/\\\/www.strassenweb.de\\\/nachrichten\\\/spannende-redner-fuer-das-badger-trust-event-im-juli\\\/\",\"url\":\"https:\\\/\\\/www.strassenweb.de\\\/nachrichten\\\/spannende-redner-fuer-das-badger-trust-event-im-juli\\\/\",\"name\":\"Spannende Redner f\u00fcr das Badger Trust Event im Juli - Nachrichten - Stra\u00dfenweb\",\"isPartOf\":{\"@id\":\"https:\\\/\\\/www.strassenweb.de\\\/nachrichten\\\/#website\"},\"primaryImageOfPage\":{\"@id\":\"https:\\\/\\\/www.strassenweb.de\\\/nachrichten\\\/spannende-redner-fuer-das-badger-trust-event-im-juli\\\/#primaryimage\"},\"image\":{\"@id\":\"https:\\\/\\\/www.strassenweb.de\\\/nachrichten\\\/spannende-redner-fuer-das-badger-trust-event-im-juli\\\/#primaryimage\"},\"thumbnailUrl\":\"https:\\\/\\\/www.strassenweb.de\\\/nachrichten\\\/wp-content\\\/uploads\\\/2024\\\/09\\\/Spannende-Redner-fuer-das-Badger-Trust-Event-im-Juli.jpg\",\"datePublished\":\"2024-09-30T05:42:49+00:00\",\"breadcrumb\":{\"@id\":\"https:\\\/\\\/www.strassenweb.de\\\/nachrichten\\\/spannende-redner-fuer-das-badger-trust-event-im-juli\\\/#breadcrumb\"},\"inLanguage\":\"de\",\"potentialAction\":[{\"@type\":\"ReadAction\",\"target\":[\"https:\\\/\\\/www.strassenweb.de\\\/nachrichten\\\/spannende-redner-fuer-das-badger-trust-event-im-juli\\\/\"]}]},{\"@type\":\"ImageObject\",\"inLanguage\":\"de\",\"@id\":\"https:\\\/\\\/www.strassenweb.de\\\/nachrichten\\\/spannende-redner-fuer-das-badger-trust-event-im-juli\\\/#primaryimage\",\"url\":\"https:\\\/\\\/www.strassenweb.de\\\/nachrichten\\\/wp-content\\\/uploads\\\/2024\\\/09\\\/Spannende-Redner-fuer-das-Badger-Trust-Event-im-Juli.jpg\",\"contentUrl\":\"https:\\\/\\\/www.strassenweb.de\\\/nachrichten\\\/wp-content\\\/uploads\\\/2024\\\/09\\\/Spannende-Redner-fuer-das-Badger-Trust-Event-im-Juli.jpg\",\"width\":900,\"height\":579,\"caption\":\"Badger Trust Event in July 24\"},{\"@type\":\"BreadcrumbList\",\"@id\":\"https:\\\/\\\/www.strassenweb.de\\\/nachrichten\\\/spannende-redner-fuer-das-badger-trust-event-im-juli\\\/#breadcrumb\",\"itemListElement\":[{\"@type\":\"ListItem\",\"position\":1,\"name\":\"Home\",\"item\":\"https:\\\/\\\/www.strassenweb.de\\\/nachrichten\\\/\"},{\"@type\":\"ListItem\",\"position\":2,\"name\":\"Spannende Redner f\u00fcr das Badger Trust Event im Juli\"}]},{\"@type\":\"WebSite\",\"@id\":\"https:\\\/\\\/www.strassenweb.de\\\/nachrichten\\\/#website\",\"url\":\"https:\\\/\\\/www.strassenweb.de\\\/nachrichten\\\/\",\"name\":\"Stra\u00dfenweb\",\"description\":\"Stra\u00dfenverzeichnis f\u00fcr Deutschland\",\"publisher\":{\"@id\":\"https:\\\/\\\/www.strassenweb.de\\\/nachrichten\\\/#organization\"},\"potentialAction\":[{\"@type\":\"SearchAction\",\"target\":{\"@type\":\"EntryPoint\",\"urlTemplate\":\"https:\\\/\\\/www.strassenweb.de\\\/nachrichten\\\/?s={search_term_string}\"},\"query-input\":{\"@type\":\"PropertyValueSpecification\",\"valueRequired\":true,\"valueName\":\"search_term_string\"}}],\"inLanguage\":\"de\"},{\"@type\":\"Organization\",\"@id\":\"https:\\\/\\\/www.strassenweb.de\\\/nachrichten\\\/#organization\",\"name\":\"Stra\u00dfenweb\",\"url\":\"https:\\\/\\\/www.strassenweb.de\\\/nachrichten\\\/\",\"logo\":{\"@type\":\"ImageObject\",\"inLanguage\":\"de\",\"@id\":\"https:\\\/\\\/www.strassenweb.de\\\/nachrichten\\\/#\\\/schema\\\/logo\\\/image\\\/\",\"url\":\"https:\\\/\\\/www.strassenweb.de\\\/nachrichten\\\/wp-content\\\/uploads\\\/2024\\\/09\\\/cropped-favicon.png\",\"contentUrl\":\"https:\\\/\\\/www.strassenweb.de\\\/nachrichten\\\/wp-content\\\/uploads\\\/2024\\\/09\\\/cropped-favicon.png\",\"width\":512,\"height\":512,\"caption\":\"Stra\u00dfenweb\"},\"image\":{\"@id\":\"https:\\\/\\\/www.strassenweb.de\\\/nachrichten\\\/#\\\/schema\\\/logo\\\/image\\\/\"},\"sameAs\":[\"https:\\\/\\\/www.facebook.com\\\/strassenweb\\\/\"]},{\"@type\":\"Person\",\"@id\":\"https:\\\/\\\/www.strassenweb.de\\\/nachrichten\\\/#\\\/schema\\\/person\\\/87c9c9067f1211da429a744dc5a5aa41\",\"name\":\"Robert Hoffmann\",\"image\":{\"@type\":\"ImageObject\",\"inLanguage\":\"de\",\"@id\":\"https:\\\/\\\/www.strassenweb.de\\\/nachrichten\\\/wp-content\\\/uploads\\\/2024\\\/09\\\/strassenweb-150x150.jpg\",\"url\":\"https:\\\/\\\/www.strassenweb.de\\\/nachrichten\\\/wp-content\\\/uploads\\\/2024\\\/09\\\/strassenweb-150x150.jpg\",\"contentUrl\":\"https:\\\/\\\/www.strassenweb.de\\\/nachrichten\\\/wp-content\\\/uploads\\\/2024\\\/09\\\/strassenweb-150x150.jpg\",\"caption\":\"Robert Hoffmann\"},\"description\":\"Ich hei\u00dfe Robert Hoffmann und ich bin ein leidenschaftlicher Verfechter von \u00d6kologie und Biodiversit\u00e4t. Seit meiner Kindheit in den W\u00e4ldern Bayerns f\u00fchle ich mich mit der Natur verbunden und bin entschlossen, sie zu sch\u00fctzen. Heute widme ich mein Leben der Sensibilisierung anderer f\u00fcr die Bedeutung des Umweltschutzes f\u00fcr zuk\u00fcnftige Generationen.\",\"sameAs\":[\"https:\\\/\\\/www.strassenweb.de\\\/\"]}]}<\/script>\n<!-- \/ Yoast SEO plugin. -->","yoast_head_json":{"title":"Spannende Redner f\u00fcr das Badger Trust Event im Juli - Nachrichten - Stra\u00dfenweb","robots":{"index":"index","follow":"follow","max-snippet":"max-snippet:-1","max-image-preview":"max-image-preview:large","max-video-preview":"max-video-preview:-1"},"canonical":"https:\/\/www.strassenweb.de\/nachrichten\/spannende-redner-fuer-das-badger-trust-event-im-juli\/","og_locale":"de_DE","og_type":"article","og_title":"Spannende Redner f\u00fcr das Badger Trust Event im Juli - Nachrichten - Stra\u00dfenweb","og_description":"Badger Trust Symposium \u2013 Leamington Spa ganzt\u00e4gig am Samstag, 6. Juli Badger Trust freut sich, zwei f\u00fchrende Tier\u00e4rzte, die sich mit Tierschutz befassen, als Redner","og_url":"https:\/\/www.strassenweb.de\/nachrichten\/spannende-redner-fuer-das-badger-trust-event-im-juli\/","og_site_name":"Stra\u00dfenweb","article_publisher":"https:\/\/www.facebook.com\/strassenweb\/","article_published_time":"2024-09-30T05:42:49+00:00","og_image":[{"width":900,"height":579,"url":"https:\/\/www.strassenweb.de\/nachrichten\/wp-content\/uploads\/2024\/09\/Spannende-Redner-fuer-das-Badger-Trust-Event-im-Juli.jpg","type":"image\/jpeg"}],"author":"Robert Hoffmann","twitter_card":"summary_large_image","twitter_misc":{"Verfasst von":"Robert Hoffmann","Gesch\u00e4tzte Lesezeit":"2\u00a0Minuten"},"schema":{"@context":"https:\/\/schema.org","@graph":[{"@type":"Article","@id":"https:\/\/www.strassenweb.de\/nachrichten\/spannende-redner-fuer-das-badger-trust-event-im-juli\/#article","isPartOf":{"@id":"https:\/\/www.strassenweb.de\/nachrichten\/spannende-redner-fuer-das-badger-trust-event-im-juli\/"},"author":{"name":"Robert Hoffmann","@id":"https:\/\/www.strassenweb.de\/nachrichten\/#\/schema\/person\/87c9c9067f1211da429a744dc5a5aa41"},"headline":"Spannende Redner f\u00fcr das Badger Trust Event im Juli","datePublished":"2024-09-30T05:42:49+00:00","mainEntityOfPage":{"@id":"https:\/\/www.strassenweb.de\/nachrichten\/spannende-redner-fuer-das-badger-trust-event-im-juli\/"},"wordCount":364,"publisher":{"@id":"https:\/\/www.strassenweb.de\/nachrichten\/#organization"},"image":{"@id":"https:\/\/www.strassenweb.de\/nachrichten\/spannende-redner-fuer-das-badger-trust-event-im-juli\/#primaryimage"},"thumbnailUrl":"https:\/\/www.strassenweb.de\/nachrichten\/wp-content\/uploads\/2024\/09\/Spannende-Redner-fuer-das-Badger-Trust-Event-im-Juli.jpg","keywords":["Badger","das","Event","f\u00fcr","Juli","Redner","Spannende","Trust"],"articleSection":["\u00d6kologie"],"inLanguage":"de"},{"@type":"WebPage","@id":"https:\/\/www.strassenweb.de\/nachrichten\/spannende-redner-fuer-das-badger-trust-event-im-juli\/","url":"https:\/\/www.strassenweb.de\/nachrichten\/spannende-redner-fuer-das-badger-trust-event-im-juli\/","name":"Spannende Redner f\u00fcr das Badger Trust Event im Juli - Nachrichten - Stra\u00dfenweb","isPartOf":{"@id":"https:\/\/www.strassenweb.de\/nachrichten\/#website"},"primaryImageOfPage":{"@id":"https:\/\/www.strassenweb.de\/nachrichten\/spannende-redner-fuer-das-badger-trust-event-im-juli\/#primaryimage"},"image":{"@id":"https:\/\/www.strassenweb.de\/nachrichten\/spannende-redner-fuer-das-badger-trust-event-im-juli\/#primaryimage"},"thumbnailUrl":"https:\/\/www.strassenweb.de\/nachrichten\/wp-content\/uploads\/2024\/09\/Spannende-Redner-fuer-das-Badger-Trust-Event-im-Juli.jpg","datePublished":"2024-09-30T05:42:49+00:00","breadcrumb":{"@id":"https:\/\/www.strassenweb.de\/nachrichten\/spannende-redner-fuer-das-badger-trust-event-im-juli\/#breadcrumb"},"inLanguage":"de","potentialAction":[{"@type":"ReadAction","target":["https:\/\/www.strassenweb.de\/nachrichten\/spannende-redner-fuer-das-badger-trust-event-im-juli\/"]}]},{"@type":"ImageObject","inLanguage":"de","@id":"https:\/\/www.strassenweb.de\/nachrichten\/spannende-redner-fuer-das-badger-trust-event-im-juli\/#primaryimage","url":"https:\/\/www.strassenweb.de\/nachrichten\/wp-content\/uploads\/2024\/09\/Spannende-Redner-fuer-das-Badger-Trust-Event-im-Juli.jpg","contentUrl":"https:\/\/www.strassenweb.de\/nachrichten\/wp-content\/uploads\/2024\/09\/Spannende-Redner-fuer-das-Badger-Trust-Event-im-Juli.jpg","width":900,"height":579,"caption":"Badger Trust Event in July 24"},{"@type":"BreadcrumbList","@id":"https:\/\/www.strassenweb.de\/nachrichten\/spannende-redner-fuer-das-badger-trust-event-im-juli\/#breadcrumb","itemListElement":[{"@type":"ListItem","position":1,"name":"Home","item":"https:\/\/www.strassenweb.de\/nachrichten\/"},{"@type":"ListItem","position":2,"name":"Spannende Redner f\u00fcr das Badger Trust Event im Juli"}]},{"@type":"WebSite","@id":"https:\/\/www.strassenweb.de\/nachrichten\/#website","url":"https:\/\/www.strassenweb.de\/nachrichten\/","name":"Stra\u00dfenweb","description":"Stra\u00dfenverzeichnis f\u00fcr Deutschland","publisher":{"@id":"https:\/\/www.strassenweb.de\/nachrichten\/#organization"},"potentialAction":[{"@type":"SearchAction","target":{"@type":"EntryPoint","urlTemplate":"https:\/\/www.strassenweb.de\/nachrichten\/?s={search_term_string}"},"query-input":{"@type":"PropertyValueSpecification","valueRequired":true,"valueName":"search_term_string"}}],"inLanguage":"de"},{"@type":"Organization","@id":"https:\/\/www.strassenweb.de\/nachrichten\/#organization","name":"Stra\u00dfenweb","url":"https:\/\/www.strassenweb.de\/nachrichten\/","logo":{"@type":"ImageObject","inLanguage":"de","@id":"https:\/\/www.strassenweb.de\/nachrichten\/#\/schema\/logo\/image\/","url":"https:\/\/www.strassenweb.de\/nachrichten\/wp-content\/uploads\/2024\/09\/cropped-favicon.png","contentUrl":"https:\/\/www.strassenweb.de\/nachrichten\/wp-content\/uploads\/2024\/09\/cropped-favicon.png","width":512,"height":512,"caption":"Stra\u00dfenweb"},"image":{"@id":"https:\/\/www.strassenweb.de\/nachrichten\/#\/schema\/logo\/image\/"},"sameAs":["https:\/\/www.facebook.com\/strassenweb\/"]},{"@type":"Person","@id":"https:\/\/www.strassenweb.de\/nachrichten\/#\/schema\/person\/87c9c9067f1211da429a744dc5a5aa41","name":"Robert Hoffmann","image":{"@type":"ImageObject","inLanguage":"de","@id":"https:\/\/www.strassenweb.de\/nachrichten\/wp-content\/uploads\/2024\/09\/strassenweb-150x150.jpg","url":"https:\/\/www.strassenweb.de\/nachrichten\/wp-content\/uploads\/2024\/09\/strassenweb-150x150.jpg","contentUrl":"https:\/\/www.strassenweb.de\/nachrichten\/wp-content\/uploads\/2024\/09\/strassenweb-150x150.jpg","caption":"Robert Hoffmann"},"description":"Ich hei\u00dfe Robert Hoffmann und ich bin ein leidenschaftlicher Verfechter von \u00d6kologie und Biodiversit\u00e4t. Seit meiner Kindheit in den W\u00e4ldern Bayerns f\u00fchle ich mich mit der Natur verbunden und bin entschlossen, sie zu sch\u00fctzen. Heute widme ich mein Leben der Sensibilisierung anderer f\u00fcr die Bedeutung des Umweltschutzes f\u00fcr zuk\u00fcnftige Generationen.","sameAs":["https:\/\/www.strassenweb.de\/"]}]}},"_links":{"self":[{"href":"https:\/\/www.strassenweb.de\/nachrichten\/wp-json\/wp\/v2\/posts\/441","targetHints":{"allow":["GET"]}}],"collection":[{"href":"https:\/\/www.strassenweb.de\/nachrichten\/wp-json\/wp\/v2\/posts"}],"about":[{"href":"https:\/\/www.strassenweb.de\/nachrichten\/wp-json\/wp\/v2\/types\/post"}],"author":[{"embeddable":true,"href":"https:\/\/www.strassenweb.de\/nachrichten\/wp-json\/wp\/v2\/users\/1"}],"replies":[{"embeddable":true,"href":"https:\/\/www.strassenweb.de\/nachrichten\/wp-json\/wp\/v2\/comments?post=441"}],"version-history":[{"count":0,"href":"https:\/\/www.strassenweb.de\/nachrichten\/wp-json\/wp\/v2\/posts\/441\/revisions"}],"wp:featuredmedia":[{"embeddable":true,"href":"https:\/\/www.strassenweb.de\/nachrichten\/wp-json\/wp\/v2\/media\/442"}],"wp:attachment":[{"href":"https:\/\/www.strassenweb.de\/nachrichten\/wp-json\/wp\/v2\/media?parent=441"}],"wp:term":[{"taxonomy":"category","embeddable":true,"href":"https:\/\/www.strassenweb.de\/nachrichten\/wp-json\/wp\/v2\/categories?post=441"},{"taxonomy":"post_tag","embeddable":true,"href":"https:\/\/www.strassenweb.de\/nachrichten\/wp-json\/wp\/v2\/tags?post=441"}],"curies":[{"name":"wp","href":"https:\/\/api.w.org\/{rel}","templated":true}]}}