{"id":4403,"date":"2025-04-11T01:39:26","date_gmt":"2025-04-10T23:39:26","guid":{"rendered":"https:\/\/www.strassenweb.de\/nachrichten\/staedtische-friedhoefe-sind-in-kapazitaet-so-koennen-sie-nachhaltiger-sein\/"},"modified":"2025-04-11T01:39:26","modified_gmt":"2025-04-10T23:39:26","slug":"staedtische-friedhoefe-sind-in-kapazitaet-so-koennen-sie-nachhaltiger-sein","status":"publish","type":"post","link":"https:\/\/www.strassenweb.de\/nachrichten\/staedtische-friedhoefe-sind-in-kapazitaet-so-koennen-sie-nachhaltiger-sein\/","title":{"rendered":"St\u00e4dtische Friedh\u00f6fe sind in Kapazit\u00e4t &#8211; so k\u00f6nnen sie nachhaltiger sein"},"content":{"rendered":"<p>Rund 170.000 Menschen sterben jeden Tag auf der ganzen Welt &#8211; das sind allein im Jahr 2024 rund 62 Millionen Todesf\u00e4lle. Die kumulative Wirkung davon hat zu einer \u201eBestattungskrise\u201c gef\u00fchrt, wobei die meisten st\u00e4dtischen Gebiete, in denen die Beerdigung nach wie vor die Norm bleibt, bis in die 2050er Jahre, einige viel fr\u00fcher &#8211; wie in jetzt, nicht mehr als jetzt.<\/p>\n<p>Gro\u00dfst\u00e4dte, einschlie\u00dflich London und Sydney, erwarten im n\u00e4chsten Jahrzehnt einen schwerwiegenden Raummangel. Kleinere Friedh\u00f6fe der Gemeinschaft, wie den Nuneaton Cemetery in Warwickshire, haben bereits die volle Kapazit\u00e4t erreicht und begonnen, Familien an andere Stelle zu leiten. Das Finden kulturell akzeptabler, aber ethisch verantwortlicher, zug\u00e4nglicher und nachhaltiger Wege, sich auszuruhen, unsere Angeh\u00f6rigen zu trauern und zu ehren, ist zu einem dringenden globalen Thema geworden.<\/p>\n<p>Der Friedhofssektor hat jedoch erst in letzter Zeit begonnen, die Umweltsexuellen des Umgangs mit unserem K\u00f6rper nach dem Tod ernsthaft zu ber\u00fccksichtigen. Das Gef\u00fchl der Dringlichkeit f\u00e4llt mit einer signifikanten kulturellen Ver\u00e4nderung zusammen, da die Ein\u00e4scherung zunehmend traditionelle Bestattungsmethoden ersetzt. Dies ist auf gesellschaftliche S\u00e4kularisierung, Ver\u00e4nderungen in religi\u00f6sen Lehren (einschlie\u00dflich des Katholizismus, der vergangene Verbote) und deren Erschwinglichkeit im Vergleich zur Beerdigung zur\u00fcckzuf\u00fchren ist.<\/p>\n<p>In Gro\u00dfbritannien ist der Prozentsatz der Ein\u00e4scherungen von 9% der gesamten Bestattungen im Jahr 1946 auf 80,64% im Jahr 2023 gestiegen.<\/p>\n<p>Die Ein\u00e4scherung ist jedoch weit entfernt von einer nachhaltigen Alternative zur Beerdigung. Es gibt erhebliche Mengen an Schadstoffen frei, insbesondere Kohlendioxid- und Quecksilberemissionen, daher ist eine Regulierung erforderlich. Technologisch fortschrittliche Techniken wie die Wasserbest\u00e4tigung-ein Prozess, bei dem eine auf Alkali-Wasser basierende L\u00f6sung verwendet wird, um einen K\u00f6rper auf Knochen zu reduzieren-haben erst k\u00fcrzlich als m\u00f6gliche Alternativen aufgetaucht und bleiben Nische.<\/p>\n<p>Seit einigen Jahren untersuchen wir Friedh\u00f6fe in Italien und Gro\u00dfbritannien. Trotz der zutiefst unterschiedlichen Bestattungstraditionen in diesen beiden L\u00e4ndern (im Gegensatz zu Gro\u00dfbritannien bleibt Italien nach wie vor eine Bestattungskultur) sind beide die gleichen Umweltprobleme.<\/p>\n<h2 class=\"wp-block-heading\">Eine Geschichte von zwei Friedh\u00f6fen<\/h2>\n<p>Einige Websites bieten umweltbewusste Alternativen zur traditionellen Bestattung. Einer ist in Ligurie, einer dicht besiedelten Region im Nordwesten Italiens, die aufgrund des Klimawandels erhebliche Verluste erlitten hat, insbesondere durch die Bodenerosion, die durch jahrzehntelange r\u00fccksichtslose K\u00fcstenkonstruktion verursacht wird.<\/p>\n<p>Hier verwandelte eine Gruppe umweltbewusster Freiwilliger ein Waldland namens Boschi Vivi (der Name bedeutet lebendige W\u00e4lder) in einen Friedhof, wodurch der erste Waldfriedhof Italiens geschaffen wurde. Obwohl es sich um die Ein\u00e4scherung handelt, ist diese Initiative insbesondere in einem Land bahnbrechend, in dem Friedh\u00f6fe historisch als monumentale oder architektonische Strukturen konzipiert wurden.<\/p>\n<p>Oft sind sie stark auf Marmor angewiesen, ein traditionelles Kennzeichen der italienischen Handwerkskunst, die die gr\u00fcnen R\u00e4ume in st\u00e4dtischen Gebieten erheblich reduziert. Der Bergbau von Marmor schafft auch riesige Treibhausgasemissionen und den Verlust der biologischen Vielfalt.<\/p>\n<p>Im Gegensatz dazu <em>Cimitero Bosco<\/em> (Forest Cemetery) von Boschi Vivi folgt einer anderen Philosophie. Anstelle von traditionellen Grabsteinen befindet sich nur eine kleine Plakette in der N\u00e4he jedes Baumes, an dem Asche verstreut ist, was den letzten Ruhest\u00e4tten des Verstorbenen markiert.<\/p>\n<figure class=\"wp-block-image\"><\/figure>\n<p>Derzeit bleibt dies eine Basisinitiative, die auch in den USA und Kanada auftaucht. Hoffentlich \u00fcbernehmen mehr italienische \u00f6ffentliche Verwaltungen dieses Modell, da traditionelle Friedh\u00f6fe zunehmend finanziell und umweltfreundlicher werden.<\/p>\n<p>Seit drei Jahrzehnten hat Oakfield Burial Ground in Wrabness, Essex, Gro\u00dfbritannien einen \u00e4hnlichen Ansatz verfolgt. Oakfield Wood ist ein sieben Hektar gro\u00dfer Grabst\u00e4tte f\u00fcr nat\u00fcrliche W\u00e4lder entlang der Ufer des Flusses Stour in North Essex, der vom Essex Wildlife Trust verwaltet wird. Anstelle von Grabsteinen oder herk\u00f6mmlichen Denkm\u00e4lern wird f\u00fcr jede Bestattung ein einheimischer Breitblattbaum gepflanzt, begleitet von einer einfachen Holzplaque an seiner Basis. Der Ort ist Teil eines gr\u00f6\u00dferen Naturschutzgebiets und f\u00f6rdert einen reichen Lebensraum f\u00fcr Wildtiere.<\/p>\n<p>Im Gegensatz zu kommunalen Friedh\u00f6fen oder anderen Grabst\u00e4tten, die h\u00e4ufig einer Sanierung oder Wiederverwendung unterliegen, sch\u00fctzt Oakfield unter dem Essex Wildlife Trust einen langfristigen Schutz. Dies bedeutet, dass die Bestattungen hier auf Dauer durchgef\u00fchrt werden, um sicherzustellen, dass der Standort ungest\u00f6rt bleibt. Der Trust plant, Oakfield ausschlie\u00dflich als Naturschutzgebiet zu verwalten, sobald es die volle Kapazit\u00e4t erreicht hat, obwohl dies nicht f\u00fcr viele Jahrzehnte dauern wird.<\/p>\n<p>Trotz dieser vielversprechenden Initiativen, Standorte wie Boschi Vivi und Oakwood -Risiko, die isolierte F\u00e4lle verbleiben, findet nicht ein radikales \u00dcberdenken der Bestattung statt. Egal, ob Friedh\u00f6fe als unheimlich wahrgenommen werden, makabre R\u00e4ume (wie in Shakespeares Hamlet) oder als Orte des Friedens und der Vers\u00f6hnung, wie in der letzten Szene von Forrest Gump, werden sie immer noch von der Idee dominiert, dass Gr\u00e4ber als eine Reihe dauerhafter Marker individueller Leben organisiert werden sollten.<\/p>\n<p>Unsere Untersuchung zeigt, dass die wachsende Bestattungskrise nur durch die Betrachtung von Menschen als Teil der Natur abgewendet werden k\u00f6nnte. Dies beinhaltet grunds\u00e4tzlich den \u00dcbergang von einem menschlichzentrierten oder \u201eego-logischen\u201c Ethos zu einem \u00f6kologischen Ethos.<\/p>\n<p>Die realisierbarste Reaktion auf die Umweltherausforderungen, denen sich nicht nur der Nuneaton Cemetery, sondern auch die Bestattungsst\u00e4tten auf der ganzen Welt gegen\u00fcbersehen, sind m\u00f6glicherweise einfach ein neues Bewusstsein. Eine, die sowohl Leben als auch Tod als integrale Teile der Natur erkennt. Die Erinnerung ist also nicht durch Best\u00e4ndigkeit erhalten, sondern durch eine R\u00fcckkehr zum nat\u00fcrlichen Lebenszyklus.<\/p>\n<hr class=\"wp-block-separator has-alpha-channel-opacity\">\n<p><em>Daniela Pianezzi, Associate Professor f\u00fcr Arbeits- und Organisationsstudien, Universit\u00e4t Verona und Melissa Tyler, Professor f\u00fcr Arbeits- und Organisationsstudien, Universit\u00e4t von Essex<\/em><\/p>\n<p><em>  wird aus dem Gespr\u00e4ch unter einer Creative Commons -Lizenz neu ver\u00f6ffentlicht. <\/em><\/p>\n","protected":false},"excerpt":{"rendered":"<p>Rund 170.000 Menschen sterben jeden Tag auf der ganzen Welt &#8211; das sind allein im Jahr 2024 rund 62 Millionen Todesf\u00e4lle. Die kumulative Wirkung davon<\/p>\n","protected":false},"author":1,"featured_media":4404,"comment_status":"closed","ping_status":"","sticky":false,"template":"","format":"standard","meta":{"footnotes":""},"categories":[101],"tags":[6584,6585,689,6586,306,165,58,6583],"class_list":["post-4403","post","type-post","status-publish","format-standard","has-post-thumbnail","hentry","category-oekologie","tag-friedhoefe","tag-kapazitaet","tag-koennen","tag-nachhaltiger","tag-sein","tag-sie","tag-sind","tag-staedtische","generate-columns","tablet-grid-50","mobile-grid-100","grid-parent","grid-50"],"yoast_head":"<!-- This site is optimized with the Yoast SEO plugin v27.3 - https:\/\/yoast.com\/product\/yoast-seo-wordpress\/ -->\n<title>St\u00e4dtische Friedh\u00f6fe sind in Kapazit\u00e4t - so k\u00f6nnen sie nachhaltiger sein - Nachrichten - Stra\u00dfenweb<\/title>\n<meta name=\"robots\" content=\"index, follow, max-snippet:-1, max-image-preview:large, max-video-preview:-1\" \/>\n<link rel=\"canonical\" href=\"https:\/\/www.strassenweb.de\/nachrichten\/staedtische-friedhoefe-sind-in-kapazitaet-so-koennen-sie-nachhaltiger-sein\/\" \/>\n<meta property=\"og:locale\" content=\"de_DE\" \/>\n<meta property=\"og:type\" content=\"article\" \/>\n<meta property=\"og:title\" content=\"St\u00e4dtische Friedh\u00f6fe sind in Kapazit\u00e4t - so k\u00f6nnen sie nachhaltiger sein - Nachrichten - Stra\u00dfenweb\" \/>\n<meta property=\"og:description\" content=\"Rund 170.000 Menschen sterben jeden Tag auf der ganzen Welt &#8211; das sind allein im Jahr 2024 rund 62 Millionen Todesf\u00e4lle. Die kumulative Wirkung davon\" \/>\n<meta property=\"og:url\" content=\"https:\/\/www.strassenweb.de\/nachrichten\/staedtische-friedhoefe-sind-in-kapazitaet-so-koennen-sie-nachhaltiger-sein\/\" \/>\n<meta property=\"og:site_name\" content=\"Stra\u00dfenweb\" \/>\n<meta property=\"article:publisher\" content=\"https:\/\/www.facebook.com\/strassenweb\/\" \/>\n<meta property=\"article:published_time\" content=\"2025-04-10T23:39:26+00:00\" \/>\n<meta property=\"og:image\" content=\"https:\/\/www.strassenweb.de\/nachrichten\/wp-content\/uploads\/2025\/04\/Staedtische-Friedhoefe-sind-in-Kapazitaet-so-koennen-sie-nachhaltiger.jpg\" \/>\n\t<meta property=\"og:image:width\" content=\"753\" \/>\n\t<meta property=\"og:image:height\" content=\"502\" \/>\n\t<meta property=\"og:image:type\" content=\"image\/jpeg\" \/>\n<meta name=\"author\" content=\"Robert Hoffmann\" \/>\n<meta name=\"twitter:card\" content=\"summary_large_image\" \/>\n<meta name=\"twitter:label1\" content=\"Verfasst von\" \/>\n\t<meta name=\"twitter:data1\" content=\"Robert Hoffmann\" \/>\n\t<meta name=\"twitter:label2\" content=\"Gesch\u00e4tzte Lesezeit\" \/>\n\t<meta name=\"twitter:data2\" content=\"5\u00a0Minuten\" \/>\n<script type=\"application\/ld+json\" class=\"yoast-schema-graph\">{\"@context\":\"https:\\\/\\\/schema.org\",\"@graph\":[{\"@type\":\"Article\",\"@id\":\"https:\\\/\\\/www.strassenweb.de\\\/nachrichten\\\/staedtische-friedhoefe-sind-in-kapazitaet-so-koennen-sie-nachhaltiger-sein\\\/#article\",\"isPartOf\":{\"@id\":\"https:\\\/\\\/www.strassenweb.de\\\/nachrichten\\\/staedtische-friedhoefe-sind-in-kapazitaet-so-koennen-sie-nachhaltiger-sein\\\/\"},\"author\":{\"name\":\"Robert Hoffmann\",\"@id\":\"https:\\\/\\\/www.strassenweb.de\\\/nachrichten\\\/#\\\/schema\\\/person\\\/87c9c9067f1211da429a744dc5a5aa41\"},\"headline\":\"St\u00e4dtische Friedh\u00f6fe sind in Kapazit\u00e4t &#8211; so k\u00f6nnen sie nachhaltiger sein\",\"datePublished\":\"2025-04-10T23:39:26+00:00\",\"mainEntityOfPage\":{\"@id\":\"https:\\\/\\\/www.strassenweb.de\\\/nachrichten\\\/staedtische-friedhoefe-sind-in-kapazitaet-so-koennen-sie-nachhaltiger-sein\\\/\"},\"wordCount\":940,\"publisher\":{\"@id\":\"https:\\\/\\\/www.strassenweb.de\\\/nachrichten\\\/#organization\"},\"image\":{\"@id\":\"https:\\\/\\\/www.strassenweb.de\\\/nachrichten\\\/staedtische-friedhoefe-sind-in-kapazitaet-so-koennen-sie-nachhaltiger-sein\\\/#primaryimage\"},\"thumbnailUrl\":\"https:\\\/\\\/www.strassenweb.de\\\/nachrichten\\\/wp-content\\\/uploads\\\/2025\\\/04\\\/Staedtische-Friedhoefe-sind-in-Kapazitaet-so-koennen-sie-nachhaltiger.jpg\",\"keywords\":[\"Friedh\u00f6fe\",\"Kapazit\u00e4t\",\"k\u00f6nnen\",\"nachhaltiger\",\"sein\",\"Sie\",\"sind\",\"St\u00e4dtische\"],\"articleSection\":[\"\u00d6kologie\"],\"inLanguage\":\"de\"},{\"@type\":\"WebPage\",\"@id\":\"https:\\\/\\\/www.strassenweb.de\\\/nachrichten\\\/staedtische-friedhoefe-sind-in-kapazitaet-so-koennen-sie-nachhaltiger-sein\\\/\",\"url\":\"https:\\\/\\\/www.strassenweb.de\\\/nachrichten\\\/staedtische-friedhoefe-sind-in-kapazitaet-so-koennen-sie-nachhaltiger-sein\\\/\",\"name\":\"St\u00e4dtische Friedh\u00f6fe sind in Kapazit\u00e4t - so k\u00f6nnen sie nachhaltiger sein - Nachrichten - Stra\u00dfenweb\",\"isPartOf\":{\"@id\":\"https:\\\/\\\/www.strassenweb.de\\\/nachrichten\\\/#website\"},\"primaryImageOfPage\":{\"@id\":\"https:\\\/\\\/www.strassenweb.de\\\/nachrichten\\\/staedtische-friedhoefe-sind-in-kapazitaet-so-koennen-sie-nachhaltiger-sein\\\/#primaryimage\"},\"image\":{\"@id\":\"https:\\\/\\\/www.strassenweb.de\\\/nachrichten\\\/staedtische-friedhoefe-sind-in-kapazitaet-so-koennen-sie-nachhaltiger-sein\\\/#primaryimage\"},\"thumbnailUrl\":\"https:\\\/\\\/www.strassenweb.de\\\/nachrichten\\\/wp-content\\\/uploads\\\/2025\\\/04\\\/Staedtische-Friedhoefe-sind-in-Kapazitaet-so-koennen-sie-nachhaltiger.jpg\",\"datePublished\":\"2025-04-10T23:39:26+00:00\",\"breadcrumb\":{\"@id\":\"https:\\\/\\\/www.strassenweb.de\\\/nachrichten\\\/staedtische-friedhoefe-sind-in-kapazitaet-so-koennen-sie-nachhaltiger-sein\\\/#breadcrumb\"},\"inLanguage\":\"de\",\"potentialAction\":[{\"@type\":\"ReadAction\",\"target\":[\"https:\\\/\\\/www.strassenweb.de\\\/nachrichten\\\/staedtische-friedhoefe-sind-in-kapazitaet-so-koennen-sie-nachhaltiger-sein\\\/\"]}]},{\"@type\":\"ImageObject\",\"inLanguage\":\"de\",\"@id\":\"https:\\\/\\\/www.strassenweb.de\\\/nachrichten\\\/staedtische-friedhoefe-sind-in-kapazitaet-so-koennen-sie-nachhaltiger-sein\\\/#primaryimage\",\"url\":\"https:\\\/\\\/www.strassenweb.de\\\/nachrichten\\\/wp-content\\\/uploads\\\/2025\\\/04\\\/Staedtische-Friedhoefe-sind-in-Kapazitaet-so-koennen-sie-nachhaltiger.jpg\",\"contentUrl\":\"https:\\\/\\\/www.strassenweb.de\\\/nachrichten\\\/wp-content\\\/uploads\\\/2025\\\/04\\\/Staedtische-Friedhoefe-sind-in-Kapazitaet-so-koennen-sie-nachhaltiger.jpg\",\"width\":753,\"height\":502,\"caption\":\"Urban cemeteries are at capacity \u2013 here\u2019s how they can be more\u00a0sustainable\"},{\"@type\":\"BreadcrumbList\",\"@id\":\"https:\\\/\\\/www.strassenweb.de\\\/nachrichten\\\/staedtische-friedhoefe-sind-in-kapazitaet-so-koennen-sie-nachhaltiger-sein\\\/#breadcrumb\",\"itemListElement\":[{\"@type\":\"ListItem\",\"position\":1,\"name\":\"Home\",\"item\":\"https:\\\/\\\/www.strassenweb.de\\\/nachrichten\\\/\"},{\"@type\":\"ListItem\",\"position\":2,\"name\":\"St\u00e4dtische Friedh\u00f6fe sind in Kapazit\u00e4t &#8211; so k\u00f6nnen sie nachhaltiger sein\"}]},{\"@type\":\"WebSite\",\"@id\":\"https:\\\/\\\/www.strassenweb.de\\\/nachrichten\\\/#website\",\"url\":\"https:\\\/\\\/www.strassenweb.de\\\/nachrichten\\\/\",\"name\":\"Stra\u00dfenweb\",\"description\":\"Stra\u00dfenverzeichnis f\u00fcr Deutschland\",\"publisher\":{\"@id\":\"https:\\\/\\\/www.strassenweb.de\\\/nachrichten\\\/#organization\"},\"potentialAction\":[{\"@type\":\"SearchAction\",\"target\":{\"@type\":\"EntryPoint\",\"urlTemplate\":\"https:\\\/\\\/www.strassenweb.de\\\/nachrichten\\\/?s={search_term_string}\"},\"query-input\":{\"@type\":\"PropertyValueSpecification\",\"valueRequired\":true,\"valueName\":\"search_term_string\"}}],\"inLanguage\":\"de\"},{\"@type\":\"Organization\",\"@id\":\"https:\\\/\\\/www.strassenweb.de\\\/nachrichten\\\/#organization\",\"name\":\"Stra\u00dfenweb\",\"url\":\"https:\\\/\\\/www.strassenweb.de\\\/nachrichten\\\/\",\"logo\":{\"@type\":\"ImageObject\",\"inLanguage\":\"de\",\"@id\":\"https:\\\/\\\/www.strassenweb.de\\\/nachrichten\\\/#\\\/schema\\\/logo\\\/image\\\/\",\"url\":\"https:\\\/\\\/www.strassenweb.de\\\/nachrichten\\\/wp-content\\\/uploads\\\/2024\\\/09\\\/cropped-favicon.png\",\"contentUrl\":\"https:\\\/\\\/www.strassenweb.de\\\/nachrichten\\\/wp-content\\\/uploads\\\/2024\\\/09\\\/cropped-favicon.png\",\"width\":512,\"height\":512,\"caption\":\"Stra\u00dfenweb\"},\"image\":{\"@id\":\"https:\\\/\\\/www.strassenweb.de\\\/nachrichten\\\/#\\\/schema\\\/logo\\\/image\\\/\"},\"sameAs\":[\"https:\\\/\\\/www.facebook.com\\\/strassenweb\\\/\"]},{\"@type\":\"Person\",\"@id\":\"https:\\\/\\\/www.strassenweb.de\\\/nachrichten\\\/#\\\/schema\\\/person\\\/87c9c9067f1211da429a744dc5a5aa41\",\"name\":\"Robert Hoffmann\",\"image\":{\"@type\":\"ImageObject\",\"inLanguage\":\"de\",\"@id\":\"https:\\\/\\\/www.strassenweb.de\\\/nachrichten\\\/wp-content\\\/uploads\\\/2024\\\/09\\\/strassenweb-150x150.jpg\",\"url\":\"https:\\\/\\\/www.strassenweb.de\\\/nachrichten\\\/wp-content\\\/uploads\\\/2024\\\/09\\\/strassenweb-150x150.jpg\",\"contentUrl\":\"https:\\\/\\\/www.strassenweb.de\\\/nachrichten\\\/wp-content\\\/uploads\\\/2024\\\/09\\\/strassenweb-150x150.jpg\",\"caption\":\"Robert Hoffmann\"},\"description\":\"Ich hei\u00dfe Robert Hoffmann und ich bin ein leidenschaftlicher Verfechter von \u00d6kologie und Biodiversit\u00e4t. Seit meiner Kindheit in den W\u00e4ldern Bayerns f\u00fchle ich mich mit der Natur verbunden und bin entschlossen, sie zu sch\u00fctzen. Heute widme ich mein Leben der Sensibilisierung anderer f\u00fcr die Bedeutung des Umweltschutzes f\u00fcr zuk\u00fcnftige Generationen.\",\"sameAs\":[\"https:\\\/\\\/www.strassenweb.de\\\/\"]}]}<\/script>\n<!-- \/ Yoast SEO plugin. -->","yoast_head_json":{"title":"St\u00e4dtische Friedh\u00f6fe sind in Kapazit\u00e4t - so k\u00f6nnen sie nachhaltiger sein - Nachrichten - Stra\u00dfenweb","robots":{"index":"index","follow":"follow","max-snippet":"max-snippet:-1","max-image-preview":"max-image-preview:large","max-video-preview":"max-video-preview:-1"},"canonical":"https:\/\/www.strassenweb.de\/nachrichten\/staedtische-friedhoefe-sind-in-kapazitaet-so-koennen-sie-nachhaltiger-sein\/","og_locale":"de_DE","og_type":"article","og_title":"St\u00e4dtische Friedh\u00f6fe sind in Kapazit\u00e4t - so k\u00f6nnen sie nachhaltiger sein - Nachrichten - Stra\u00dfenweb","og_description":"Rund 170.000 Menschen sterben jeden Tag auf der ganzen Welt &#8211; das sind allein im Jahr 2024 rund 62 Millionen Todesf\u00e4lle. Die kumulative Wirkung davon","og_url":"https:\/\/www.strassenweb.de\/nachrichten\/staedtische-friedhoefe-sind-in-kapazitaet-so-koennen-sie-nachhaltiger-sein\/","og_site_name":"Stra\u00dfenweb","article_publisher":"https:\/\/www.facebook.com\/strassenweb\/","article_published_time":"2025-04-10T23:39:26+00:00","og_image":[{"width":753,"height":502,"url":"https:\/\/www.strassenweb.de\/nachrichten\/wp-content\/uploads\/2025\/04\/Staedtische-Friedhoefe-sind-in-Kapazitaet-so-koennen-sie-nachhaltiger.jpg","type":"image\/jpeg"}],"author":"Robert Hoffmann","twitter_card":"summary_large_image","twitter_misc":{"Verfasst von":"Robert Hoffmann","Gesch\u00e4tzte Lesezeit":"5\u00a0Minuten"},"schema":{"@context":"https:\/\/schema.org","@graph":[{"@type":"Article","@id":"https:\/\/www.strassenweb.de\/nachrichten\/staedtische-friedhoefe-sind-in-kapazitaet-so-koennen-sie-nachhaltiger-sein\/#article","isPartOf":{"@id":"https:\/\/www.strassenweb.de\/nachrichten\/staedtische-friedhoefe-sind-in-kapazitaet-so-koennen-sie-nachhaltiger-sein\/"},"author":{"name":"Robert Hoffmann","@id":"https:\/\/www.strassenweb.de\/nachrichten\/#\/schema\/person\/87c9c9067f1211da429a744dc5a5aa41"},"headline":"St\u00e4dtische Friedh\u00f6fe sind in Kapazit\u00e4t &#8211; so k\u00f6nnen sie nachhaltiger sein","datePublished":"2025-04-10T23:39:26+00:00","mainEntityOfPage":{"@id":"https:\/\/www.strassenweb.de\/nachrichten\/staedtische-friedhoefe-sind-in-kapazitaet-so-koennen-sie-nachhaltiger-sein\/"},"wordCount":940,"publisher":{"@id":"https:\/\/www.strassenweb.de\/nachrichten\/#organization"},"image":{"@id":"https:\/\/www.strassenweb.de\/nachrichten\/staedtische-friedhoefe-sind-in-kapazitaet-so-koennen-sie-nachhaltiger-sein\/#primaryimage"},"thumbnailUrl":"https:\/\/www.strassenweb.de\/nachrichten\/wp-content\/uploads\/2025\/04\/Staedtische-Friedhoefe-sind-in-Kapazitaet-so-koennen-sie-nachhaltiger.jpg","keywords":["Friedh\u00f6fe","Kapazit\u00e4t","k\u00f6nnen","nachhaltiger","sein","Sie","sind","St\u00e4dtische"],"articleSection":["\u00d6kologie"],"inLanguage":"de"},{"@type":"WebPage","@id":"https:\/\/www.strassenweb.de\/nachrichten\/staedtische-friedhoefe-sind-in-kapazitaet-so-koennen-sie-nachhaltiger-sein\/","url":"https:\/\/www.strassenweb.de\/nachrichten\/staedtische-friedhoefe-sind-in-kapazitaet-so-koennen-sie-nachhaltiger-sein\/","name":"St\u00e4dtische Friedh\u00f6fe sind in Kapazit\u00e4t - so k\u00f6nnen sie nachhaltiger sein - Nachrichten - Stra\u00dfenweb","isPartOf":{"@id":"https:\/\/www.strassenweb.de\/nachrichten\/#website"},"primaryImageOfPage":{"@id":"https:\/\/www.strassenweb.de\/nachrichten\/staedtische-friedhoefe-sind-in-kapazitaet-so-koennen-sie-nachhaltiger-sein\/#primaryimage"},"image":{"@id":"https:\/\/www.strassenweb.de\/nachrichten\/staedtische-friedhoefe-sind-in-kapazitaet-so-koennen-sie-nachhaltiger-sein\/#primaryimage"},"thumbnailUrl":"https:\/\/www.strassenweb.de\/nachrichten\/wp-content\/uploads\/2025\/04\/Staedtische-Friedhoefe-sind-in-Kapazitaet-so-koennen-sie-nachhaltiger.jpg","datePublished":"2025-04-10T23:39:26+00:00","breadcrumb":{"@id":"https:\/\/www.strassenweb.de\/nachrichten\/staedtische-friedhoefe-sind-in-kapazitaet-so-koennen-sie-nachhaltiger-sein\/#breadcrumb"},"inLanguage":"de","potentialAction":[{"@type":"ReadAction","target":["https:\/\/www.strassenweb.de\/nachrichten\/staedtische-friedhoefe-sind-in-kapazitaet-so-koennen-sie-nachhaltiger-sein\/"]}]},{"@type":"ImageObject","inLanguage":"de","@id":"https:\/\/www.strassenweb.de\/nachrichten\/staedtische-friedhoefe-sind-in-kapazitaet-so-koennen-sie-nachhaltiger-sein\/#primaryimage","url":"https:\/\/www.strassenweb.de\/nachrichten\/wp-content\/uploads\/2025\/04\/Staedtische-Friedhoefe-sind-in-Kapazitaet-so-koennen-sie-nachhaltiger.jpg","contentUrl":"https:\/\/www.strassenweb.de\/nachrichten\/wp-content\/uploads\/2025\/04\/Staedtische-Friedhoefe-sind-in-Kapazitaet-so-koennen-sie-nachhaltiger.jpg","width":753,"height":502,"caption":"Urban cemeteries are at capacity \u2013 here\u2019s how they can be more\u00a0sustainable"},{"@type":"BreadcrumbList","@id":"https:\/\/www.strassenweb.de\/nachrichten\/staedtische-friedhoefe-sind-in-kapazitaet-so-koennen-sie-nachhaltiger-sein\/#breadcrumb","itemListElement":[{"@type":"ListItem","position":1,"name":"Home","item":"https:\/\/www.strassenweb.de\/nachrichten\/"},{"@type":"ListItem","position":2,"name":"St\u00e4dtische Friedh\u00f6fe sind in Kapazit\u00e4t &#8211; so k\u00f6nnen sie nachhaltiger sein"}]},{"@type":"WebSite","@id":"https:\/\/www.strassenweb.de\/nachrichten\/#website","url":"https:\/\/www.strassenweb.de\/nachrichten\/","name":"Stra\u00dfenweb","description":"Stra\u00dfenverzeichnis f\u00fcr Deutschland","publisher":{"@id":"https:\/\/www.strassenweb.de\/nachrichten\/#organization"},"potentialAction":[{"@type":"SearchAction","target":{"@type":"EntryPoint","urlTemplate":"https:\/\/www.strassenweb.de\/nachrichten\/?s={search_term_string}"},"query-input":{"@type":"PropertyValueSpecification","valueRequired":true,"valueName":"search_term_string"}}],"inLanguage":"de"},{"@type":"Organization","@id":"https:\/\/www.strassenweb.de\/nachrichten\/#organization","name":"Stra\u00dfenweb","url":"https:\/\/www.strassenweb.de\/nachrichten\/","logo":{"@type":"ImageObject","inLanguage":"de","@id":"https:\/\/www.strassenweb.de\/nachrichten\/#\/schema\/logo\/image\/","url":"https:\/\/www.strassenweb.de\/nachrichten\/wp-content\/uploads\/2024\/09\/cropped-favicon.png","contentUrl":"https:\/\/www.strassenweb.de\/nachrichten\/wp-content\/uploads\/2024\/09\/cropped-favicon.png","width":512,"height":512,"caption":"Stra\u00dfenweb"},"image":{"@id":"https:\/\/www.strassenweb.de\/nachrichten\/#\/schema\/logo\/image\/"},"sameAs":["https:\/\/www.facebook.com\/strassenweb\/"]},{"@type":"Person","@id":"https:\/\/www.strassenweb.de\/nachrichten\/#\/schema\/person\/87c9c9067f1211da429a744dc5a5aa41","name":"Robert Hoffmann","image":{"@type":"ImageObject","inLanguage":"de","@id":"https:\/\/www.strassenweb.de\/nachrichten\/wp-content\/uploads\/2024\/09\/strassenweb-150x150.jpg","url":"https:\/\/www.strassenweb.de\/nachrichten\/wp-content\/uploads\/2024\/09\/strassenweb-150x150.jpg","contentUrl":"https:\/\/www.strassenweb.de\/nachrichten\/wp-content\/uploads\/2024\/09\/strassenweb-150x150.jpg","caption":"Robert Hoffmann"},"description":"Ich hei\u00dfe Robert Hoffmann und ich bin ein leidenschaftlicher Verfechter von \u00d6kologie und Biodiversit\u00e4t. Seit meiner Kindheit in den W\u00e4ldern Bayerns f\u00fchle ich mich mit der Natur verbunden und bin entschlossen, sie zu sch\u00fctzen. Heute widme ich mein Leben der Sensibilisierung anderer f\u00fcr die Bedeutung des Umweltschutzes f\u00fcr zuk\u00fcnftige Generationen.","sameAs":["https:\/\/www.strassenweb.de\/"]}]}},"_links":{"self":[{"href":"https:\/\/www.strassenweb.de\/nachrichten\/wp-json\/wp\/v2\/posts\/4403","targetHints":{"allow":["GET"]}}],"collection":[{"href":"https:\/\/www.strassenweb.de\/nachrichten\/wp-json\/wp\/v2\/posts"}],"about":[{"href":"https:\/\/www.strassenweb.de\/nachrichten\/wp-json\/wp\/v2\/types\/post"}],"author":[{"embeddable":true,"href":"https:\/\/www.strassenweb.de\/nachrichten\/wp-json\/wp\/v2\/users\/1"}],"replies":[{"embeddable":true,"href":"https:\/\/www.strassenweb.de\/nachrichten\/wp-json\/wp\/v2\/comments?post=4403"}],"version-history":[{"count":0,"href":"https:\/\/www.strassenweb.de\/nachrichten\/wp-json\/wp\/v2\/posts\/4403\/revisions"}],"wp:featuredmedia":[{"embeddable":true,"href":"https:\/\/www.strassenweb.de\/nachrichten\/wp-json\/wp\/v2\/media\/4404"}],"wp:attachment":[{"href":"https:\/\/www.strassenweb.de\/nachrichten\/wp-json\/wp\/v2\/media?parent=4403"}],"wp:term":[{"taxonomy":"category","embeddable":true,"href":"https:\/\/www.strassenweb.de\/nachrichten\/wp-json\/wp\/v2\/categories?post=4403"},{"taxonomy":"post_tag","embeddable":true,"href":"https:\/\/www.strassenweb.de\/nachrichten\/wp-json\/wp\/v2\/tags?post=4403"}],"curies":[{"name":"wp","href":"https:\/\/api.w.org\/{rel}","templated":true}]}}