{"id":44,"date":"2024-09-23T10:56:16","date_gmt":"2024-09-23T08:56:16","guid":{"rendered":"https:\/\/www.strassenweb.de\/nachrichten\/landtagswahlenden-deutschen-sozialdemokraten-gelingt-es-die-rechtsextremen-in-ihrer-bastion-brandenburg-zu-stoppen\/"},"modified":"2024-09-23T10:56:17","modified_gmt":"2024-09-23T08:56:17","slug":"landtagswahlenden-deutschen-sozialdemokraten-gelingt-es-die-rechtsextremen-in-ihrer-bastion-brandenburg-zu-stoppen","status":"publish","type":"post","link":"https:\/\/www.strassenweb.de\/nachrichten\/landtagswahlenden-deutschen-sozialdemokraten-gelingt-es-die-rechtsextremen-in-ihrer-bastion-brandenburg-zu-stoppen\/","title":{"rendered":"LandtagswahlenDen deutschen Sozialdemokraten gelingt es, die Rechtsextremen in ihrer Bastion Brandenburg zu stoppen"},"content":{"rendered":"<footer class=\"article-main__signed\"><\/footer>\n<p>Der Sozialdemokratischen Partei (SPD) von Bundeskanzler Olaf Scholz ist es an diesem Sonntag gelungen, die rechtsextreme AfD bei der Landtagswahl zu besiegen. <b>Brandenburg,<\/b> laut Austrittsumfragen. Gewonnen hat die SPD, die seit der Wiedervereinigung 1990 das Land um Berlin regiert <b>32 % der Stimmen<\/b>vor der Partei Alternative f\u00fcr Deutschland, mit <b>29 %<\/b>so die Ausstiegsumfrage des ZDF.<\/p>\n<p>Die Christdemokraten l\u00e4gen bei 12 % gleichauf mit den neu entstandenen <b>Sahra Wagenknecht-Allianz<\/b>linker Natur, w\u00e4hrend <b>die Gr\u00fcnen<\/b> Sie l\u00e4gen laut den vom \u00f6ffentlich-rechtlichen Fernsehen ausgestrahlten Umfragen bei 5 %. Der Erfolg der SPD k\u00f6nnte Scholz eine kleine Atempause inmitten der Kontroverse um seine F\u00fchrung als erneuter Kanzlerkandidat der Sozialdemokraten f\u00fcr die Bundestagswahl im n\u00e4chsten Jahr verschaffen.<\/p>\n<p><b>Die Beteiligung lag bei 74 %.<\/b>fast 13 Punkte \u00fcber den letzten Wahlen im Jahr 2019, als 61,3 % der Volksz\u00e4hlung stimmten.<\/p>\n<p>Die Wahllokale \u00f6ffneten in der Region fr\u00fchzeitig, mit insgesamt<b> 2,1 Millionen B\u00fcrger<\/b> \u2013 100.000 von ihnen zum ersten Mal \u2013 wurden zu den Wahlurnen aufgerufen, die von 8:00 bis 18:00 Uhr (zwischen 6:00 und 16:00 Uhr GMT) ge\u00f6ffnet waren.<\/p>\n<p>Wir m\u00fcssen bis sp\u00e4t in die Nacht oder sogar bis Montagmorgen warten, um die erwarteten vorl\u00e4ufigen Ergebnisse der Z\u00e4hlung zu erfahren <b>besonders eng<\/b>. Die Wahlkommission hat mitgeteilt, dass die Briefbeteiligung wahrscheinlich h\u00f6her sein wird als bei fr\u00fcheren Wahlen: 356.000 W\u00e4hler haben dies bereits beantragt, verglichen mit 200.000 bei den Wahlen 2019.<\/p>\n<p>Brandenburg ist bisher ein Lehen der <b>Sozialdemokratische Partei Deutschlands (SPD)<\/b>in der Landesregierung seit der deutschen Wiedervereinigung 1990, zun\u00e4chst allein und sp\u00e4ter in verschiedenen Koalitionen, im letzten Jahrzehnt angef\u00fchrt von dem beliebten Dietmar Woidke.<\/p>\n<p>\u201eWir haben aufgeholt wie nie zuvor in der Geschichte unseres Landes. <b>\u201eWir haben es gemeinsam geschafft\u201c<\/b>erkl\u00e4rte der Sozialdemokrat.<\/p>\n<p>Allerdings ist der \u00fcberw\u00e4ltigende Vormarsch der Rechtsextremen <b>Alternative f\u00fcr Deutschland (AfD)<\/b>die am 1. September gewann <b>Th\u00fcringen <\/b>ihre ersten Regionalwahlen und wurde Zweite <b>Sachsen<\/b>spiegelte sich auch in den Umfragen der letzten ostdeutschen L\u00e4nder wider, die in diesem Jahr gew\u00e4hlt haben.<\/p>\n<p>Bei den letzten Wahlen im Jahr 2019 hatte sich die SPD knapp mit 26,2 von 23,5 Punkten gegen die AfD durchsetzen k\u00f6nnen, w\u00e4hrend die Christdemokraten und die Gr\u00fcnen mit 15,6 bzw. 10,8 % der Stimmen den dritten und vierten Platz belegten.<\/p>\n<p>Da der Cordon Sanitaire im Moment an Ort und Stelle ist, <b>Die AfD h\u00e4tte keine wirkliche Chance auf eine Regierung gehabt<\/b>aber sein Sieg w\u00fcrde es schwierig machen, eine Koalitionsregierung zu bilden, und vor allem w\u00e4re er ein weiterer Schlag f\u00fcr Scholz\u2018 bereits angeschlagene F\u00fchrungskraft, deren schwindende Popularit\u00e4t den Wahlkampf in Brandenburg beeinflusst hat.<\/p>\n<p>Dies hat sich in nationaler Richtung entwickelt, dominiert von Themen wie dem Sicherheits- und Migrationsbinomial und der deutschen Unterst\u00fctzung der Ukraine gegen die russische Invasion, die nach Ansicht von Experten der AfD bzw. dem BSW zugute kommt.<\/p>\n<div><\/div>\n<p>Auch wirtschaftliche Themen wie die Dekarbonisierung spielten eine Rolle, allerdings anders als in anderen Regionen der ehemaligen DDR wie z <b>Th\u00fcringen und Sachsen<\/b>W\u00e4hrend das reale BIP nach offiziellen Angaben im vergangenen Jahr schrumpfte, ist die brandenburgische Wirtschaft auf dem Vormarsch und wuchs im Jahr 2023 mit 2,1 % \u00fcber dem Durchschnitt.<\/p>\n","protected":false},"excerpt":{"rendered":"<p>Der Sozialdemokratischen Partei (SPD) von Bundeskanzler Olaf Scholz ist es an diesem Sonntag gelungen, die rechtsextreme AfD bei der Landtagswahl zu besiegen. Brandenburg, laut Austrittsumfragen.<\/p>\n","protected":false},"author":1,"featured_media":42,"comment_status":"closed","ping_status":"","sticky":false,"template":"","format":"standard","meta":{"footnotes":""},"categories":[4],"tags":[12,13,6,9,8,11,5,10,7,14],"class_list":["post-44","post","type-post","status-publish","format-standard","has-post-thumbnail","hentry","category-aktuelle-nachrichten","tag-bastion","tag-brandenburg","tag-deutschen","tag-die","tag-gelingt","tag-ihrer","tag-landtagswahlenden","tag-rechtsextremen","tag-sozialdemokraten","tag-stoppen","generate-columns","tablet-grid-50","mobile-grid-100","grid-parent","grid-50"],"yoast_head":"<!-- This site is optimized with the Yoast SEO plugin v27.3 - https:\/\/yoast.com\/product\/yoast-seo-wordpress\/ -->\n<title>LandtagswahlenDen deutschen Sozialdemokraten gelingt es, die Rechtsextremen in ihrer Bastion Brandenburg zu stoppen - Nachrichten - Stra\u00dfenweb<\/title>\n<meta name=\"robots\" content=\"index, follow, max-snippet:-1, max-image-preview:large, max-video-preview:-1\" \/>\n<link rel=\"canonical\" href=\"https:\/\/www.strassenweb.de\/nachrichten\/landtagswahlenden-deutschen-sozialdemokraten-gelingt-es-die-rechtsextremen-in-ihrer-bastion-brandenburg-zu-stoppen\/\" \/>\n<meta property=\"og:locale\" content=\"de_DE\" \/>\n<meta property=\"og:type\" content=\"article\" \/>\n<meta property=\"og:title\" content=\"LandtagswahlenDen deutschen Sozialdemokraten gelingt es, die Rechtsextremen in ihrer Bastion Brandenburg zu stoppen - Nachrichten - Stra\u00dfenweb\" \/>\n<meta property=\"og:description\" content=\"Der Sozialdemokratischen Partei (SPD) von Bundeskanzler Olaf Scholz ist es an diesem Sonntag gelungen, die rechtsextreme AfD bei der Landtagswahl zu besiegen. Brandenburg, laut Austrittsumfragen.\" \/>\n<meta property=\"og:url\" content=\"https:\/\/www.strassenweb.de\/nachrichten\/landtagswahlenden-deutschen-sozialdemokraten-gelingt-es-die-rechtsextremen-in-ihrer-bastion-brandenburg-zu-stoppen\/\" \/>\n<meta property=\"og:site_name\" content=\"Stra\u00dfenweb\" \/>\n<meta property=\"article:publisher\" content=\"https:\/\/www.facebook.com\/strassenweb\/\" \/>\n<meta property=\"article:published_time\" content=\"2024-09-23T08:56:16+00:00\" \/>\n<meta property=\"article:modified_time\" content=\"2024-09-23T08:56:17+00:00\" \/>\n<meta property=\"og:image\" content=\"https:\/\/www.strassenweb.de\/nachrichten\/wp-content\/uploads\/2024\/09\/1727081605_LandtagswahlenDen-deutschen-Sozialdemokraten-gelingt-es-die-Rechtsextremen-in-ihrer-Bastion.jpg\" \/>\n\t<meta property=\"og:image:width\" content=\"1280\" \/>\n\t<meta property=\"og:image:height\" content=\"720\" \/>\n\t<meta property=\"og:image:type\" content=\"image\/jpeg\" \/>\n<meta name=\"author\" content=\"Robert Hoffmann\" \/>\n<meta name=\"twitter:card\" content=\"summary_large_image\" \/>\n<meta name=\"twitter:label1\" content=\"Verfasst von\" \/>\n\t<meta name=\"twitter:data1\" content=\"Robert Hoffmann\" \/>\n\t<meta name=\"twitter:label2\" content=\"Gesch\u00e4tzte Lesezeit\" \/>\n\t<meta name=\"twitter:data2\" content=\"3\u00a0Minuten\" \/>\n<script type=\"application\/ld+json\" class=\"yoast-schema-graph\">{\"@context\":\"https:\\\/\\\/schema.org\",\"@graph\":[{\"@type\":\"Article\",\"@id\":\"https:\\\/\\\/www.strassenweb.de\\\/nachrichten\\\/landtagswahlenden-deutschen-sozialdemokraten-gelingt-es-die-rechtsextremen-in-ihrer-bastion-brandenburg-zu-stoppen\\\/#article\",\"isPartOf\":{\"@id\":\"https:\\\/\\\/www.strassenweb.de\\\/nachrichten\\\/landtagswahlenden-deutschen-sozialdemokraten-gelingt-es-die-rechtsextremen-in-ihrer-bastion-brandenburg-zu-stoppen\\\/\"},\"author\":{\"name\":\"Robert Hoffmann\",\"@id\":\"https:\\\/\\\/www.strassenweb.de\\\/nachrichten\\\/#\\\/schema\\\/person\\\/87c9c9067f1211da429a744dc5a5aa41\"},\"headline\":\"LandtagswahlenDen deutschen Sozialdemokraten gelingt es, die Rechtsextremen in ihrer Bastion Brandenburg zu stoppen\",\"datePublished\":\"2024-09-23T08:56:16+00:00\",\"dateModified\":\"2024-09-23T08:56:17+00:00\",\"mainEntityOfPage\":{\"@id\":\"https:\\\/\\\/www.strassenweb.de\\\/nachrichten\\\/landtagswahlenden-deutschen-sozialdemokraten-gelingt-es-die-rechtsextremen-in-ihrer-bastion-brandenburg-zu-stoppen\\\/\"},\"wordCount\":516,\"publisher\":{\"@id\":\"https:\\\/\\\/www.strassenweb.de\\\/nachrichten\\\/#organization\"},\"image\":{\"@id\":\"https:\\\/\\\/www.strassenweb.de\\\/nachrichten\\\/landtagswahlenden-deutschen-sozialdemokraten-gelingt-es-die-rechtsextremen-in-ihrer-bastion-brandenburg-zu-stoppen\\\/#primaryimage\"},\"thumbnailUrl\":\"https:\\\/\\\/www.strassenweb.de\\\/nachrichten\\\/wp-content\\\/uploads\\\/2024\\\/09\\\/1727081605_LandtagswahlenDen-deutschen-Sozialdemokraten-gelingt-es-die-Rechtsextremen-in-ihrer-Bastion.jpg\",\"keywords\":[\"Bastion\",\"Brandenburg\",\"deutschen\",\"die\",\"gelingt\",\"ihrer\",\"LandtagswahlenDen\",\"Rechtsextremen\",\"Sozialdemokraten\",\"stoppen\"],\"articleSection\":[\"Aktuelle Nachrichten\"],\"inLanguage\":\"de\"},{\"@type\":\"WebPage\",\"@id\":\"https:\\\/\\\/www.strassenweb.de\\\/nachrichten\\\/landtagswahlenden-deutschen-sozialdemokraten-gelingt-es-die-rechtsextremen-in-ihrer-bastion-brandenburg-zu-stoppen\\\/\",\"url\":\"https:\\\/\\\/www.strassenweb.de\\\/nachrichten\\\/landtagswahlenden-deutschen-sozialdemokraten-gelingt-es-die-rechtsextremen-in-ihrer-bastion-brandenburg-zu-stoppen\\\/\",\"name\":\"LandtagswahlenDen deutschen Sozialdemokraten gelingt es, die Rechtsextremen in ihrer Bastion Brandenburg zu stoppen - Nachrichten - Stra\u00dfenweb\",\"isPartOf\":{\"@id\":\"https:\\\/\\\/www.strassenweb.de\\\/nachrichten\\\/#website\"},\"primaryImageOfPage\":{\"@id\":\"https:\\\/\\\/www.strassenweb.de\\\/nachrichten\\\/landtagswahlenden-deutschen-sozialdemokraten-gelingt-es-die-rechtsextremen-in-ihrer-bastion-brandenburg-zu-stoppen\\\/#primaryimage\"},\"image\":{\"@id\":\"https:\\\/\\\/www.strassenweb.de\\\/nachrichten\\\/landtagswahlenden-deutschen-sozialdemokraten-gelingt-es-die-rechtsextremen-in-ihrer-bastion-brandenburg-zu-stoppen\\\/#primaryimage\"},\"thumbnailUrl\":\"https:\\\/\\\/www.strassenweb.de\\\/nachrichten\\\/wp-content\\\/uploads\\\/2024\\\/09\\\/1727081605_LandtagswahlenDen-deutschen-Sozialdemokraten-gelingt-es-die-Rechtsextremen-in-ihrer-Bastion.jpg\",\"datePublished\":\"2024-09-23T08:56:16+00:00\",\"dateModified\":\"2024-09-23T08:56:17+00:00\",\"breadcrumb\":{\"@id\":\"https:\\\/\\\/www.strassenweb.de\\\/nachrichten\\\/landtagswahlenden-deutschen-sozialdemokraten-gelingt-es-die-rechtsextremen-in-ihrer-bastion-brandenburg-zu-stoppen\\\/#breadcrumb\"},\"inLanguage\":\"de\",\"potentialAction\":[{\"@type\":\"ReadAction\",\"target\":[\"https:\\\/\\\/www.strassenweb.de\\\/nachrichten\\\/landtagswahlenden-deutschen-sozialdemokraten-gelingt-es-die-rechtsextremen-in-ihrer-bastion-brandenburg-zu-stoppen\\\/\"]}]},{\"@type\":\"ImageObject\",\"inLanguage\":\"de\",\"@id\":\"https:\\\/\\\/www.strassenweb.de\\\/nachrichten\\\/landtagswahlenden-deutschen-sozialdemokraten-gelingt-es-die-rechtsextremen-in-ihrer-bastion-brandenburg-zu-stoppen\\\/#primaryimage\",\"url\":\"https:\\\/\\\/www.strassenweb.de\\\/nachrichten\\\/wp-content\\\/uploads\\\/2024\\\/09\\\/1727081605_LandtagswahlenDen-deutschen-Sozialdemokraten-gelingt-es-die-Rechtsextremen-in-ihrer-Bastion.jpg\",\"contentUrl\":\"https:\\\/\\\/www.strassenweb.de\\\/nachrichten\\\/wp-content\\\/uploads\\\/2024\\\/09\\\/1727081605_LandtagswahlenDen-deutschen-Sozialdemokraten-gelingt-es-die-Rechtsextremen-in-ihrer-Bastion.jpg\",\"width\":1280,\"height\":720,\"caption\":\"LandtagswahlenDen deutschen Sozialdemokraten gelingt es, die Rechtsextremen in ihrer Bastion Brandenburg zu stoppen\"},{\"@type\":\"BreadcrumbList\",\"@id\":\"https:\\\/\\\/www.strassenweb.de\\\/nachrichten\\\/landtagswahlenden-deutschen-sozialdemokraten-gelingt-es-die-rechtsextremen-in-ihrer-bastion-brandenburg-zu-stoppen\\\/#breadcrumb\",\"itemListElement\":[{\"@type\":\"ListItem\",\"position\":1,\"name\":\"Home\",\"item\":\"https:\\\/\\\/www.strassenweb.de\\\/nachrichten\\\/\"},{\"@type\":\"ListItem\",\"position\":2,\"name\":\"LandtagswahlenDen deutschen Sozialdemokraten gelingt es, die Rechtsextremen in ihrer Bastion Brandenburg zu stoppen\"}]},{\"@type\":\"WebSite\",\"@id\":\"https:\\\/\\\/www.strassenweb.de\\\/nachrichten\\\/#website\",\"url\":\"https:\\\/\\\/www.strassenweb.de\\\/nachrichten\\\/\",\"name\":\"Stra\u00dfenweb\",\"description\":\"Stra\u00dfenverzeichnis f\u00fcr Deutschland\",\"publisher\":{\"@id\":\"https:\\\/\\\/www.strassenweb.de\\\/nachrichten\\\/#organization\"},\"potentialAction\":[{\"@type\":\"SearchAction\",\"target\":{\"@type\":\"EntryPoint\",\"urlTemplate\":\"https:\\\/\\\/www.strassenweb.de\\\/nachrichten\\\/?s={search_term_string}\"},\"query-input\":{\"@type\":\"PropertyValueSpecification\",\"valueRequired\":true,\"valueName\":\"search_term_string\"}}],\"inLanguage\":\"de\"},{\"@type\":\"Organization\",\"@id\":\"https:\\\/\\\/www.strassenweb.de\\\/nachrichten\\\/#organization\",\"name\":\"Stra\u00dfenweb\",\"url\":\"https:\\\/\\\/www.strassenweb.de\\\/nachrichten\\\/\",\"logo\":{\"@type\":\"ImageObject\",\"inLanguage\":\"de\",\"@id\":\"https:\\\/\\\/www.strassenweb.de\\\/nachrichten\\\/#\\\/schema\\\/logo\\\/image\\\/\",\"url\":\"https:\\\/\\\/www.strassenweb.de\\\/nachrichten\\\/wp-content\\\/uploads\\\/2024\\\/09\\\/cropped-favicon.png\",\"contentUrl\":\"https:\\\/\\\/www.strassenweb.de\\\/nachrichten\\\/wp-content\\\/uploads\\\/2024\\\/09\\\/cropped-favicon.png\",\"width\":512,\"height\":512,\"caption\":\"Stra\u00dfenweb\"},\"image\":{\"@id\":\"https:\\\/\\\/www.strassenweb.de\\\/nachrichten\\\/#\\\/schema\\\/logo\\\/image\\\/\"},\"sameAs\":[\"https:\\\/\\\/www.facebook.com\\\/strassenweb\\\/\"]},{\"@type\":\"Person\",\"@id\":\"https:\\\/\\\/www.strassenweb.de\\\/nachrichten\\\/#\\\/schema\\\/person\\\/87c9c9067f1211da429a744dc5a5aa41\",\"name\":\"Robert Hoffmann\",\"image\":{\"@type\":\"ImageObject\",\"inLanguage\":\"de\",\"@id\":\"https:\\\/\\\/www.strassenweb.de\\\/nachrichten\\\/wp-content\\\/uploads\\\/2024\\\/09\\\/strassenweb-150x150.jpg\",\"url\":\"https:\\\/\\\/www.strassenweb.de\\\/nachrichten\\\/wp-content\\\/uploads\\\/2024\\\/09\\\/strassenweb-150x150.jpg\",\"contentUrl\":\"https:\\\/\\\/www.strassenweb.de\\\/nachrichten\\\/wp-content\\\/uploads\\\/2024\\\/09\\\/strassenweb-150x150.jpg\",\"caption\":\"Robert Hoffmann\"},\"description\":\"Ich hei\u00dfe Robert Hoffmann und ich bin ein leidenschaftlicher Verfechter von \u00d6kologie und Biodiversit\u00e4t. Seit meiner Kindheit in den W\u00e4ldern Bayerns f\u00fchle ich mich mit der Natur verbunden und bin entschlossen, sie zu sch\u00fctzen. Heute widme ich mein Leben der Sensibilisierung anderer f\u00fcr die Bedeutung des Umweltschutzes f\u00fcr zuk\u00fcnftige Generationen.\",\"sameAs\":[\"https:\\\/\\\/www.strassenweb.de\\\/\"]}]}<\/script>\n<!-- \/ Yoast SEO plugin. -->","yoast_head_json":{"title":"LandtagswahlenDen deutschen Sozialdemokraten gelingt es, die Rechtsextremen in ihrer Bastion Brandenburg zu stoppen - Nachrichten - Stra\u00dfenweb","robots":{"index":"index","follow":"follow","max-snippet":"max-snippet:-1","max-image-preview":"max-image-preview:large","max-video-preview":"max-video-preview:-1"},"canonical":"https:\/\/www.strassenweb.de\/nachrichten\/landtagswahlenden-deutschen-sozialdemokraten-gelingt-es-die-rechtsextremen-in-ihrer-bastion-brandenburg-zu-stoppen\/","og_locale":"de_DE","og_type":"article","og_title":"LandtagswahlenDen deutschen Sozialdemokraten gelingt es, die Rechtsextremen in ihrer Bastion Brandenburg zu stoppen - Nachrichten - Stra\u00dfenweb","og_description":"Der Sozialdemokratischen Partei (SPD) von Bundeskanzler Olaf Scholz ist es an diesem Sonntag gelungen, die rechtsextreme AfD bei der Landtagswahl zu besiegen. Brandenburg, laut Austrittsumfragen.","og_url":"https:\/\/www.strassenweb.de\/nachrichten\/landtagswahlenden-deutschen-sozialdemokraten-gelingt-es-die-rechtsextremen-in-ihrer-bastion-brandenburg-zu-stoppen\/","og_site_name":"Stra\u00dfenweb","article_publisher":"https:\/\/www.facebook.com\/strassenweb\/","article_published_time":"2024-09-23T08:56:16+00:00","article_modified_time":"2024-09-23T08:56:17+00:00","og_image":[{"width":1280,"height":720,"url":"https:\/\/www.strassenweb.de\/nachrichten\/wp-content\/uploads\/2024\/09\/1727081605_LandtagswahlenDen-deutschen-Sozialdemokraten-gelingt-es-die-Rechtsextremen-in-ihrer-Bastion.jpg","type":"image\/jpeg"}],"author":"Robert Hoffmann","twitter_card":"summary_large_image","twitter_misc":{"Verfasst von":"Robert Hoffmann","Gesch\u00e4tzte Lesezeit":"3\u00a0Minuten"},"schema":{"@context":"https:\/\/schema.org","@graph":[{"@type":"Article","@id":"https:\/\/www.strassenweb.de\/nachrichten\/landtagswahlenden-deutschen-sozialdemokraten-gelingt-es-die-rechtsextremen-in-ihrer-bastion-brandenburg-zu-stoppen\/#article","isPartOf":{"@id":"https:\/\/www.strassenweb.de\/nachrichten\/landtagswahlenden-deutschen-sozialdemokraten-gelingt-es-die-rechtsextremen-in-ihrer-bastion-brandenburg-zu-stoppen\/"},"author":{"name":"Robert Hoffmann","@id":"https:\/\/www.strassenweb.de\/nachrichten\/#\/schema\/person\/87c9c9067f1211da429a744dc5a5aa41"},"headline":"LandtagswahlenDen deutschen Sozialdemokraten gelingt es, die Rechtsextremen in ihrer Bastion Brandenburg zu stoppen","datePublished":"2024-09-23T08:56:16+00:00","dateModified":"2024-09-23T08:56:17+00:00","mainEntityOfPage":{"@id":"https:\/\/www.strassenweb.de\/nachrichten\/landtagswahlenden-deutschen-sozialdemokraten-gelingt-es-die-rechtsextremen-in-ihrer-bastion-brandenburg-zu-stoppen\/"},"wordCount":516,"publisher":{"@id":"https:\/\/www.strassenweb.de\/nachrichten\/#organization"},"image":{"@id":"https:\/\/www.strassenweb.de\/nachrichten\/landtagswahlenden-deutschen-sozialdemokraten-gelingt-es-die-rechtsextremen-in-ihrer-bastion-brandenburg-zu-stoppen\/#primaryimage"},"thumbnailUrl":"https:\/\/www.strassenweb.de\/nachrichten\/wp-content\/uploads\/2024\/09\/1727081605_LandtagswahlenDen-deutschen-Sozialdemokraten-gelingt-es-die-Rechtsextremen-in-ihrer-Bastion.jpg","keywords":["Bastion","Brandenburg","deutschen","die","gelingt","ihrer","LandtagswahlenDen","Rechtsextremen","Sozialdemokraten","stoppen"],"articleSection":["Aktuelle Nachrichten"],"inLanguage":"de"},{"@type":"WebPage","@id":"https:\/\/www.strassenweb.de\/nachrichten\/landtagswahlenden-deutschen-sozialdemokraten-gelingt-es-die-rechtsextremen-in-ihrer-bastion-brandenburg-zu-stoppen\/","url":"https:\/\/www.strassenweb.de\/nachrichten\/landtagswahlenden-deutschen-sozialdemokraten-gelingt-es-die-rechtsextremen-in-ihrer-bastion-brandenburg-zu-stoppen\/","name":"LandtagswahlenDen deutschen Sozialdemokraten gelingt es, die Rechtsextremen in ihrer Bastion Brandenburg zu stoppen - Nachrichten - Stra\u00dfenweb","isPartOf":{"@id":"https:\/\/www.strassenweb.de\/nachrichten\/#website"},"primaryImageOfPage":{"@id":"https:\/\/www.strassenweb.de\/nachrichten\/landtagswahlenden-deutschen-sozialdemokraten-gelingt-es-die-rechtsextremen-in-ihrer-bastion-brandenburg-zu-stoppen\/#primaryimage"},"image":{"@id":"https:\/\/www.strassenweb.de\/nachrichten\/landtagswahlenden-deutschen-sozialdemokraten-gelingt-es-die-rechtsextremen-in-ihrer-bastion-brandenburg-zu-stoppen\/#primaryimage"},"thumbnailUrl":"https:\/\/www.strassenweb.de\/nachrichten\/wp-content\/uploads\/2024\/09\/1727081605_LandtagswahlenDen-deutschen-Sozialdemokraten-gelingt-es-die-Rechtsextremen-in-ihrer-Bastion.jpg","datePublished":"2024-09-23T08:56:16+00:00","dateModified":"2024-09-23T08:56:17+00:00","breadcrumb":{"@id":"https:\/\/www.strassenweb.de\/nachrichten\/landtagswahlenden-deutschen-sozialdemokraten-gelingt-es-die-rechtsextremen-in-ihrer-bastion-brandenburg-zu-stoppen\/#breadcrumb"},"inLanguage":"de","potentialAction":[{"@type":"ReadAction","target":["https:\/\/www.strassenweb.de\/nachrichten\/landtagswahlenden-deutschen-sozialdemokraten-gelingt-es-die-rechtsextremen-in-ihrer-bastion-brandenburg-zu-stoppen\/"]}]},{"@type":"ImageObject","inLanguage":"de","@id":"https:\/\/www.strassenweb.de\/nachrichten\/landtagswahlenden-deutschen-sozialdemokraten-gelingt-es-die-rechtsextremen-in-ihrer-bastion-brandenburg-zu-stoppen\/#primaryimage","url":"https:\/\/www.strassenweb.de\/nachrichten\/wp-content\/uploads\/2024\/09\/1727081605_LandtagswahlenDen-deutschen-Sozialdemokraten-gelingt-es-die-Rechtsextremen-in-ihrer-Bastion.jpg","contentUrl":"https:\/\/www.strassenweb.de\/nachrichten\/wp-content\/uploads\/2024\/09\/1727081605_LandtagswahlenDen-deutschen-Sozialdemokraten-gelingt-es-die-Rechtsextremen-in-ihrer-Bastion.jpg","width":1280,"height":720,"caption":"LandtagswahlenDen deutschen Sozialdemokraten gelingt es, die Rechtsextremen in ihrer Bastion Brandenburg zu stoppen"},{"@type":"BreadcrumbList","@id":"https:\/\/www.strassenweb.de\/nachrichten\/landtagswahlenden-deutschen-sozialdemokraten-gelingt-es-die-rechtsextremen-in-ihrer-bastion-brandenburg-zu-stoppen\/#breadcrumb","itemListElement":[{"@type":"ListItem","position":1,"name":"Home","item":"https:\/\/www.strassenweb.de\/nachrichten\/"},{"@type":"ListItem","position":2,"name":"LandtagswahlenDen deutschen Sozialdemokraten gelingt es, die Rechtsextremen in ihrer Bastion Brandenburg zu stoppen"}]},{"@type":"WebSite","@id":"https:\/\/www.strassenweb.de\/nachrichten\/#website","url":"https:\/\/www.strassenweb.de\/nachrichten\/","name":"Stra\u00dfenweb","description":"Stra\u00dfenverzeichnis f\u00fcr Deutschland","publisher":{"@id":"https:\/\/www.strassenweb.de\/nachrichten\/#organization"},"potentialAction":[{"@type":"SearchAction","target":{"@type":"EntryPoint","urlTemplate":"https:\/\/www.strassenweb.de\/nachrichten\/?s={search_term_string}"},"query-input":{"@type":"PropertyValueSpecification","valueRequired":true,"valueName":"search_term_string"}}],"inLanguage":"de"},{"@type":"Organization","@id":"https:\/\/www.strassenweb.de\/nachrichten\/#organization","name":"Stra\u00dfenweb","url":"https:\/\/www.strassenweb.de\/nachrichten\/","logo":{"@type":"ImageObject","inLanguage":"de","@id":"https:\/\/www.strassenweb.de\/nachrichten\/#\/schema\/logo\/image\/","url":"https:\/\/www.strassenweb.de\/nachrichten\/wp-content\/uploads\/2024\/09\/cropped-favicon.png","contentUrl":"https:\/\/www.strassenweb.de\/nachrichten\/wp-content\/uploads\/2024\/09\/cropped-favicon.png","width":512,"height":512,"caption":"Stra\u00dfenweb"},"image":{"@id":"https:\/\/www.strassenweb.de\/nachrichten\/#\/schema\/logo\/image\/"},"sameAs":["https:\/\/www.facebook.com\/strassenweb\/"]},{"@type":"Person","@id":"https:\/\/www.strassenweb.de\/nachrichten\/#\/schema\/person\/87c9c9067f1211da429a744dc5a5aa41","name":"Robert Hoffmann","image":{"@type":"ImageObject","inLanguage":"de","@id":"https:\/\/www.strassenweb.de\/nachrichten\/wp-content\/uploads\/2024\/09\/strassenweb-150x150.jpg","url":"https:\/\/www.strassenweb.de\/nachrichten\/wp-content\/uploads\/2024\/09\/strassenweb-150x150.jpg","contentUrl":"https:\/\/www.strassenweb.de\/nachrichten\/wp-content\/uploads\/2024\/09\/strassenweb-150x150.jpg","caption":"Robert Hoffmann"},"description":"Ich hei\u00dfe Robert Hoffmann und ich bin ein leidenschaftlicher Verfechter von \u00d6kologie und Biodiversit\u00e4t. Seit meiner Kindheit in den W\u00e4ldern Bayerns f\u00fchle ich mich mit der Natur verbunden und bin entschlossen, sie zu sch\u00fctzen. Heute widme ich mein Leben der Sensibilisierung anderer f\u00fcr die Bedeutung des Umweltschutzes f\u00fcr zuk\u00fcnftige Generationen.","sameAs":["https:\/\/www.strassenweb.de\/"]}]}},"_links":{"self":[{"href":"https:\/\/www.strassenweb.de\/nachrichten\/wp-json\/wp\/v2\/posts\/44","targetHints":{"allow":["GET"]}}],"collection":[{"href":"https:\/\/www.strassenweb.de\/nachrichten\/wp-json\/wp\/v2\/posts"}],"about":[{"href":"https:\/\/www.strassenweb.de\/nachrichten\/wp-json\/wp\/v2\/types\/post"}],"author":[{"embeddable":true,"href":"https:\/\/www.strassenweb.de\/nachrichten\/wp-json\/wp\/v2\/users\/1"}],"replies":[{"embeddable":true,"href":"https:\/\/www.strassenweb.de\/nachrichten\/wp-json\/wp\/v2\/comments?post=44"}],"version-history":[{"count":0,"href":"https:\/\/www.strassenweb.de\/nachrichten\/wp-json\/wp\/v2\/posts\/44\/revisions"}],"wp:featuredmedia":[{"embeddable":true,"href":"https:\/\/www.strassenweb.de\/nachrichten\/wp-json\/wp\/v2\/media\/42"}],"wp:attachment":[{"href":"https:\/\/www.strassenweb.de\/nachrichten\/wp-json\/wp\/v2\/media?parent=44"}],"wp:term":[{"taxonomy":"category","embeddable":true,"href":"https:\/\/www.strassenweb.de\/nachrichten\/wp-json\/wp\/v2\/categories?post=44"},{"taxonomy":"post_tag","embeddable":true,"href":"https:\/\/www.strassenweb.de\/nachrichten\/wp-json\/wp\/v2\/tags?post=44"}],"curies":[{"name":"wp","href":"https:\/\/api.w.org\/{rel}","templated":true}]}}