{"id":4394,"date":"2025-04-10T20:39:53","date_gmt":"2025-04-10T18:39:53","guid":{"rendered":"https:\/\/www.strassenweb.de\/nachrichten\/der-neutrale-akzentstuhl-von-barack-und-michelle-obama-ist-der-perfekte-mittelpunkt-des-wohnzimmers\/"},"modified":"2025-04-10T20:39:53","modified_gmt":"2025-04-10T18:39:53","slug":"der-neutrale-akzentstuhl-von-barack-und-michelle-obama-ist-der-perfekte-mittelpunkt-des-wohnzimmers","status":"publish","type":"post","link":"https:\/\/www.strassenweb.de\/nachrichten\/der-neutrale-akzentstuhl-von-barack-und-michelle-obama-ist-der-perfekte-mittelpunkt-des-wohnzimmers\/","title":{"rendered":"Der neutrale Akzentstuhl von Barack und Michelle Obama ist der perfekte Mittelpunkt des Wohnzimmers."},"content":{"rendered":"<p><\/p>\n<div id=\"article-body\" class=\"article__body \">\n<p>Obwohl Neutrale oft von Designern gepr\u00fcft wurden, sind sie ein fehlgeschlagenes Dekorationswerkzeug, insbesondere wenn es um Akzentst\u00fchle geht. Wenn jemand einen Fall macht, ist es Michelle Obama, dessen gem\u00fctliches Wohnzimmer die Kraft eines klassischen neutralen Stuhls veranschaulicht &#8211; ein als Schwerpunkt des gesamten Raums beschrieben.<\/p>\n<div id=\"ad-unit-1\" class=\"ad-unit\"><\/div>\n<p>Michelle entschied sich f\u00fcr einen cremefarbenen Akzentstuhlhue, und es ist nicht zu leugnen, dass diese Farbe eine sichere Wette ist. Dies bedeutet jedoch nicht unbedingt, dass es langweilig ist. Die ehemalige First Lady erinnert uns daran, wie wirkungsvoll Creme sein kann &#8211; sowohl bei Verankern eines Raumes als auch eine weiche Basis, die perfekt zum Schichten geeignet ist.<\/p>\n<aside class=\"hawk-base\" data-block-type=\"embed\" data-render-type=\"fte\" data-skip=\"dealsy\" data-widget-type=\"seasonal\">\n<div class=\"hawk-master-widget-hawk-base-wrapper\"><\/div>\n<\/aside>\n<p>In Michelles Fall hat sie ihren Stuhl mit einem aufdringlich gemusterten roten Teppich, einem tiefen h\u00f6lzernen Couchtisch und Blumen kombiniert, die zu einer gem\u00fctlichen Wohnzimmer\u00e4sthetik beitragen. Der Stuhl l\u00e4sst diesen Farben Raum atmen, w\u00e4hrend die Silhouette als Mittelpunkt dient. Es ist der perfekte Look f\u00fcr jeden Wohnraum, auch in den kleinsten H\u00e4usern.<\/p>\n<aside data-component-name=\"Recirculation:ArticleRiver\" data-nosnippet>\n<span class=\"bg-secondary-500 text-secondary-50 text-lg font-bold uppercase py-1 px-2 leading-(1.625rem) sm:leading-(6px) sm:text-sm\"><\/p>\n<p>Sie m\u00f6gen m\u00f6gen<br \/>\n<\/span><\/p>\n<ul class=\"flex flex-col mt-3 list-outside ms-5 bg-none\" data-analytics-id=\"more-about-inline\">\n<li class=\"m-0 mb-2\" name=\"more-about-inline\" data-analytics-id=\"more-about-inline-0\">\n<p>Martha Stewart hat einen neutralen Stuhl mit einer raffinierten Pr\u00e4senz entworfen, die stark genug ist, um den Ton in Ihrem Wohnzimmer festzulegen &#8211; und es versteckt sich auf Wayfair<\/p>\n<\/li>\n<li class=\"m-0 mb-2\" name=\"more-about-inline\" data-analytics-id=\"more-about-inline-1\">\n<p>Martha Stewart hat den perfekten neutralen Akzentstuhl entworfen und ist auf Wayfair versteckt (mit \u00fcber 20% Rabatt)-es ist das ultimative Wohnzimmer-Muss<\/p>\n<\/li>\n<\/ul>\n<\/aside>\n<div class=\"instagram-embed\">\n<blockquote class=\"instagram-media\" data-instgrm-captioned data-instgrm-version=\"6\" style=\"width:99.375%; width:-webkit-calc(100% - 2px); width:calc(100% - 2px);\">\n<p>Ein Beitrag von Michelle Obama (@michelleobama)<\/p>\n<p>Ein Foto von on <\/p>\n<\/blockquote>\n<\/div>\n<h2 id=\"shop-the-neutral-accent-chair-edit-3\">Kaufen Sie den neutralen Akzentstuhl ein<\/h2>\n<div class=\"product-container hero-product-container product-block-no-wrap\"><\/div>\n<p>Die Vielseitigkeit eines cremefarbenen Akzentstuhls hat ihn seit Jahrzehnten zu einem Favoriten unter Hausbesitzern (wie Barack und Michelle) gemacht. Die Anziehungskraft ist jedoch nicht auf Schwankungen, wie Designexperten betonen.<\/p>\n<div class=\"van_vid_carousel\">\n<div class=\"van_vid_carousel__padding\">\n<div class=\"van_vid_carousel__container\"><\/div>\n<\/div>\n<\/div>\n<p>\u00bbEin neutraler Akzentstuhl ist ein ideales St\u00fcck f\u00fcr jedes Innenarchitektur aufgrund seines vielseitigen Farbtons, der andere Farbschemata erg\u00e4nzt\u00ab, kommentiert Paulina Wojas, Innenarchitektin bei atemberaubenden St\u00fchlen. &#8218;Sein weicher, einfacher Ton kann einen beruhigenden und einladenden Raum schaffen. Ein neutraler Stuhl kann jedoch durch Schichten von Texturen und lebendigen Farbt\u00f6nen f\u00fcr eine mutigere Aussage verbessert werden. &#8218;<\/p>\n<div id=\"ad-unit-2\" class=\"ad-unit\"><\/div>\n<p>Da Michelle auf dem Stuhl abgebildet ist, k\u00f6nnen wir nicht sehen, wie sie das St\u00fcck bezeichnet hat, aber wie Paulina erkl\u00e4rt, ist es schwer, falsch zu gehen.<\/p>\n<p>&#8222;Entscheiden Sie sich f\u00fcr strukturierte Kissen und wirft mit Farben und Mustern, um visuelles Interesse zu verleihen&#8220;, sagt sie. \u201eEin Teppich unter den Stuhl (wie Michelle Obama) zu legen ist eine gro\u00dfartige M\u00f6glichkeit, W\u00e4rme und Textur hinzuzuf\u00fcgen. Verwenden Sie die Umgebung des Stuhls, um sie zu verbessern. H\u00e4ngen Sie zum Beispiel eine Wandkunst in die N\u00e4he und legen Sie einen Beistelltisch und eine Lampe daneben. Dies schafft eine stilvolle und gem\u00fctliche \u00c4sthetik und betont den Akzentstuhl als zentrales St\u00fcck des Raumes. &#8218;<\/p>\n<div id=\"slice-container-newsletterForm-articleInbodyContent-vkdwLmNPW2udmvvM384AqP\" class=\"slice-container newsletter-inbodyContent-slice newsletterForm-articleInbodyContent-vkdwLmNPW2udmvvM384AqP slice-container-newsletterForm\"><\/div>\n<p>Ein letzter Styling -Tipp? Dekorieren Sie mit Kissen und wirft das Spiel mit Ihren Lieblingsfarben und richten Sie sich mit Ihrem Innengeschmack aus. &#8222;Dies erh\u00f6ht den Akzentstuhl und schafft einen Raum, der Ihnen authentisch anf\u00fchlt.&#8220;<\/p>\n<hr>\n<\/div>\n<p><script async src=\"\/\/www.instagram.com\/embed.js\"><\/script><\/p>\n","protected":false},"excerpt":{"rendered":"<p>Obwohl Neutrale oft von Designern gepr\u00fcft wurden, sind sie ein fehlgeschlagenes Dekorationswerkzeug, insbesondere wenn es um Akzentst\u00fchle geht. Wenn jemand einen Fall macht, ist es<\/p>\n","protected":false},"author":1,"featured_media":4395,"comment_status":"closed","ping_status":"","sticky":false,"template":"","format":"standard","meta":{"footnotes":""},"categories":[118],"tags":[5228,6578,81,281,15,3187,1486,1653,6579,2188,37,21,2417],"class_list":["post-4394","post","type-post","status-publish","format-standard","has-post-thumbnail","hentry","category-haus-garten","tag-akzentstuhl","tag-barack","tag-der","tag-des","tag-ist","tag-michelle","tag-mittelpunkt","tag-neutrale","tag-obama","tag-perfekte","tag-und","tag-von","tag-wohnzimmers","generate-columns","tablet-grid-50","mobile-grid-100","grid-parent","grid-50"],"yoast_head":"<!-- This site is optimized with the Yoast SEO plugin v27.3 - https:\/\/yoast.com\/product\/yoast-seo-wordpress\/ -->\n<title>Der neutrale Akzentstuhl von Barack und Michelle Obama ist der perfekte Mittelpunkt des Wohnzimmers. - Nachrichten - Stra\u00dfenweb<\/title>\n<meta name=\"robots\" content=\"index, follow, max-snippet:-1, max-image-preview:large, max-video-preview:-1\" \/>\n<link rel=\"canonical\" href=\"https:\/\/www.strassenweb.de\/nachrichten\/der-neutrale-akzentstuhl-von-barack-und-michelle-obama-ist-der-perfekte-mittelpunkt-des-wohnzimmers\/\" \/>\n<meta property=\"og:locale\" content=\"de_DE\" \/>\n<meta property=\"og:type\" content=\"article\" \/>\n<meta property=\"og:title\" content=\"Der neutrale Akzentstuhl von Barack und Michelle Obama ist der perfekte Mittelpunkt des Wohnzimmers. - Nachrichten - Stra\u00dfenweb\" \/>\n<meta property=\"og:description\" content=\"Obwohl Neutrale oft von Designern gepr\u00fcft wurden, sind sie ein fehlgeschlagenes Dekorationswerkzeug, insbesondere wenn es um Akzentst\u00fchle geht. Wenn jemand einen Fall macht, ist es\" \/>\n<meta property=\"og:url\" content=\"https:\/\/www.strassenweb.de\/nachrichten\/der-neutrale-akzentstuhl-von-barack-und-michelle-obama-ist-der-perfekte-mittelpunkt-des-wohnzimmers\/\" \/>\n<meta property=\"og:site_name\" content=\"Stra\u00dfenweb\" \/>\n<meta property=\"article:publisher\" content=\"https:\/\/www.facebook.com\/strassenweb\/\" \/>\n<meta property=\"article:published_time\" content=\"2025-04-10T18:39:53+00:00\" \/>\n<meta property=\"og:image\" content=\"https:\/\/www.strassenweb.de\/nachrichten\/wp-content\/uploads\/2025\/04\/Der-neutrale-Akzentstuhl-von-Barack-und-Michelle-Obama-ist-der.jpg\" \/>\n\t<meta property=\"og:image:width\" content=\"1200\" \/>\n\t<meta property=\"og:image:height\" content=\"675\" \/>\n\t<meta property=\"og:image:type\" content=\"image\/jpeg\" \/>\n<meta name=\"author\" content=\"Robert Hoffmann\" \/>\n<meta name=\"twitter:card\" content=\"summary_large_image\" \/>\n<meta name=\"twitter:label1\" content=\"Verfasst von\" \/>\n\t<meta name=\"twitter:data1\" content=\"Robert Hoffmann\" \/>\n\t<meta name=\"twitter:label2\" content=\"Gesch\u00e4tzte Lesezeit\" \/>\n\t<meta name=\"twitter:data2\" content=\"2\u00a0Minuten\" \/>\n<script type=\"application\/ld+json\" class=\"yoast-schema-graph\">{\"@context\":\"https:\\\/\\\/schema.org\",\"@graph\":[{\"@type\":\"Article\",\"@id\":\"https:\\\/\\\/www.strassenweb.de\\\/nachrichten\\\/der-neutrale-akzentstuhl-von-barack-und-michelle-obama-ist-der-perfekte-mittelpunkt-des-wohnzimmers\\\/#article\",\"isPartOf\":{\"@id\":\"https:\\\/\\\/www.strassenweb.de\\\/nachrichten\\\/der-neutrale-akzentstuhl-von-barack-und-michelle-obama-ist-der-perfekte-mittelpunkt-des-wohnzimmers\\\/\"},\"author\":{\"name\":\"Robert Hoffmann\",\"@id\":\"https:\\\/\\\/www.strassenweb.de\\\/nachrichten\\\/#\\\/schema\\\/person\\\/87c9c9067f1211da429a744dc5a5aa41\"},\"headline\":\"Der neutrale Akzentstuhl von Barack und Michelle Obama ist der perfekte Mittelpunkt des Wohnzimmers.\",\"datePublished\":\"2025-04-10T18:39:53+00:00\",\"mainEntityOfPage\":{\"@id\":\"https:\\\/\\\/www.strassenweb.de\\\/nachrichten\\\/der-neutrale-akzentstuhl-von-barack-und-michelle-obama-ist-der-perfekte-mittelpunkt-des-wohnzimmers\\\/\"},\"wordCount\":498,\"publisher\":{\"@id\":\"https:\\\/\\\/www.strassenweb.de\\\/nachrichten\\\/#organization\"},\"image\":{\"@id\":\"https:\\\/\\\/www.strassenweb.de\\\/nachrichten\\\/der-neutrale-akzentstuhl-von-barack-und-michelle-obama-ist-der-perfekte-mittelpunkt-des-wohnzimmers\\\/#primaryimage\"},\"thumbnailUrl\":\"https:\\\/\\\/www.strassenweb.de\\\/nachrichten\\\/wp-content\\\/uploads\\\/2025\\\/04\\\/Der-neutrale-Akzentstuhl-von-Barack-und-Michelle-Obama-ist-der.jpg\",\"keywords\":[\"Akzentstuhl\",\"Barack\",\"der\",\"des\",\"ist\",\"Michelle\",\"Mittelpunkt\",\"Neutrale\",\"Obama\",\"perfekte\",\"und\",\"von\",\"Wohnzimmers\"],\"articleSection\":[\"Haus &amp; Garten\"],\"inLanguage\":\"de\"},{\"@type\":\"WebPage\",\"@id\":\"https:\\\/\\\/www.strassenweb.de\\\/nachrichten\\\/der-neutrale-akzentstuhl-von-barack-und-michelle-obama-ist-der-perfekte-mittelpunkt-des-wohnzimmers\\\/\",\"url\":\"https:\\\/\\\/www.strassenweb.de\\\/nachrichten\\\/der-neutrale-akzentstuhl-von-barack-und-michelle-obama-ist-der-perfekte-mittelpunkt-des-wohnzimmers\\\/\",\"name\":\"Der neutrale Akzentstuhl von Barack und Michelle Obama ist der perfekte Mittelpunkt des Wohnzimmers. - Nachrichten - Stra\u00dfenweb\",\"isPartOf\":{\"@id\":\"https:\\\/\\\/www.strassenweb.de\\\/nachrichten\\\/#website\"},\"primaryImageOfPage\":{\"@id\":\"https:\\\/\\\/www.strassenweb.de\\\/nachrichten\\\/der-neutrale-akzentstuhl-von-barack-und-michelle-obama-ist-der-perfekte-mittelpunkt-des-wohnzimmers\\\/#primaryimage\"},\"image\":{\"@id\":\"https:\\\/\\\/www.strassenweb.de\\\/nachrichten\\\/der-neutrale-akzentstuhl-von-barack-und-michelle-obama-ist-der-perfekte-mittelpunkt-des-wohnzimmers\\\/#primaryimage\"},\"thumbnailUrl\":\"https:\\\/\\\/www.strassenweb.de\\\/nachrichten\\\/wp-content\\\/uploads\\\/2025\\\/04\\\/Der-neutrale-Akzentstuhl-von-Barack-und-Michelle-Obama-ist-der.jpg\",\"datePublished\":\"2025-04-10T18:39:53+00:00\",\"breadcrumb\":{\"@id\":\"https:\\\/\\\/www.strassenweb.de\\\/nachrichten\\\/der-neutrale-akzentstuhl-von-barack-und-michelle-obama-ist-der-perfekte-mittelpunkt-des-wohnzimmers\\\/#breadcrumb\"},\"inLanguage\":\"de\",\"potentialAction\":[{\"@type\":\"ReadAction\",\"target\":[\"https:\\\/\\\/www.strassenweb.de\\\/nachrichten\\\/der-neutrale-akzentstuhl-von-barack-und-michelle-obama-ist-der-perfekte-mittelpunkt-des-wohnzimmers\\\/\"]}]},{\"@type\":\"ImageObject\",\"inLanguage\":\"de\",\"@id\":\"https:\\\/\\\/www.strassenweb.de\\\/nachrichten\\\/der-neutrale-akzentstuhl-von-barack-und-michelle-obama-ist-der-perfekte-mittelpunkt-des-wohnzimmers\\\/#primaryimage\",\"url\":\"https:\\\/\\\/www.strassenweb.de\\\/nachrichten\\\/wp-content\\\/uploads\\\/2025\\\/04\\\/Der-neutrale-Akzentstuhl-von-Barack-und-Michelle-Obama-ist-der.jpg\",\"contentUrl\":\"https:\\\/\\\/www.strassenweb.de\\\/nachrichten\\\/wp-content\\\/uploads\\\/2025\\\/04\\\/Der-neutrale-Akzentstuhl-von-Barack-und-Michelle-Obama-ist-der.jpg\",\"width\":1200,\"height\":675,\"caption\":\"Der neutrale Akzentstuhl von Barack und Michelle Obama ist der perfekte Mittelpunkt des Wohnzimmers.\"},{\"@type\":\"BreadcrumbList\",\"@id\":\"https:\\\/\\\/www.strassenweb.de\\\/nachrichten\\\/der-neutrale-akzentstuhl-von-barack-und-michelle-obama-ist-der-perfekte-mittelpunkt-des-wohnzimmers\\\/#breadcrumb\",\"itemListElement\":[{\"@type\":\"ListItem\",\"position\":1,\"name\":\"Home\",\"item\":\"https:\\\/\\\/www.strassenweb.de\\\/nachrichten\\\/\"},{\"@type\":\"ListItem\",\"position\":2,\"name\":\"Der neutrale Akzentstuhl von Barack und Michelle Obama ist der perfekte Mittelpunkt des Wohnzimmers.\"}]},{\"@type\":\"WebSite\",\"@id\":\"https:\\\/\\\/www.strassenweb.de\\\/nachrichten\\\/#website\",\"url\":\"https:\\\/\\\/www.strassenweb.de\\\/nachrichten\\\/\",\"name\":\"Stra\u00dfenweb\",\"description\":\"Stra\u00dfenverzeichnis f\u00fcr Deutschland\",\"publisher\":{\"@id\":\"https:\\\/\\\/www.strassenweb.de\\\/nachrichten\\\/#organization\"},\"potentialAction\":[{\"@type\":\"SearchAction\",\"target\":{\"@type\":\"EntryPoint\",\"urlTemplate\":\"https:\\\/\\\/www.strassenweb.de\\\/nachrichten\\\/?s={search_term_string}\"},\"query-input\":{\"@type\":\"PropertyValueSpecification\",\"valueRequired\":true,\"valueName\":\"search_term_string\"}}],\"inLanguage\":\"de\"},{\"@type\":\"Organization\",\"@id\":\"https:\\\/\\\/www.strassenweb.de\\\/nachrichten\\\/#organization\",\"name\":\"Stra\u00dfenweb\",\"url\":\"https:\\\/\\\/www.strassenweb.de\\\/nachrichten\\\/\",\"logo\":{\"@type\":\"ImageObject\",\"inLanguage\":\"de\",\"@id\":\"https:\\\/\\\/www.strassenweb.de\\\/nachrichten\\\/#\\\/schema\\\/logo\\\/image\\\/\",\"url\":\"https:\\\/\\\/www.strassenweb.de\\\/nachrichten\\\/wp-content\\\/uploads\\\/2024\\\/09\\\/cropped-favicon.png\",\"contentUrl\":\"https:\\\/\\\/www.strassenweb.de\\\/nachrichten\\\/wp-content\\\/uploads\\\/2024\\\/09\\\/cropped-favicon.png\",\"width\":512,\"height\":512,\"caption\":\"Stra\u00dfenweb\"},\"image\":{\"@id\":\"https:\\\/\\\/www.strassenweb.de\\\/nachrichten\\\/#\\\/schema\\\/logo\\\/image\\\/\"},\"sameAs\":[\"https:\\\/\\\/www.facebook.com\\\/strassenweb\\\/\"]},{\"@type\":\"Person\",\"@id\":\"https:\\\/\\\/www.strassenweb.de\\\/nachrichten\\\/#\\\/schema\\\/person\\\/87c9c9067f1211da429a744dc5a5aa41\",\"name\":\"Robert Hoffmann\",\"image\":{\"@type\":\"ImageObject\",\"inLanguage\":\"de\",\"@id\":\"https:\\\/\\\/www.strassenweb.de\\\/nachrichten\\\/wp-content\\\/uploads\\\/2024\\\/09\\\/strassenweb-150x150.jpg\",\"url\":\"https:\\\/\\\/www.strassenweb.de\\\/nachrichten\\\/wp-content\\\/uploads\\\/2024\\\/09\\\/strassenweb-150x150.jpg\",\"contentUrl\":\"https:\\\/\\\/www.strassenweb.de\\\/nachrichten\\\/wp-content\\\/uploads\\\/2024\\\/09\\\/strassenweb-150x150.jpg\",\"caption\":\"Robert Hoffmann\"},\"description\":\"Ich hei\u00dfe Robert Hoffmann und ich bin ein leidenschaftlicher Verfechter von \u00d6kologie und Biodiversit\u00e4t. Seit meiner Kindheit in den W\u00e4ldern Bayerns f\u00fchle ich mich mit der Natur verbunden und bin entschlossen, sie zu sch\u00fctzen. Heute widme ich mein Leben der Sensibilisierung anderer f\u00fcr die Bedeutung des Umweltschutzes f\u00fcr zuk\u00fcnftige Generationen.\",\"sameAs\":[\"https:\\\/\\\/www.strassenweb.de\\\/\"]}]}<\/script>\n<!-- \/ Yoast SEO plugin. -->","yoast_head_json":{"title":"Der neutrale Akzentstuhl von Barack und Michelle Obama ist der perfekte Mittelpunkt des Wohnzimmers. - Nachrichten - Stra\u00dfenweb","robots":{"index":"index","follow":"follow","max-snippet":"max-snippet:-1","max-image-preview":"max-image-preview:large","max-video-preview":"max-video-preview:-1"},"canonical":"https:\/\/www.strassenweb.de\/nachrichten\/der-neutrale-akzentstuhl-von-barack-und-michelle-obama-ist-der-perfekte-mittelpunkt-des-wohnzimmers\/","og_locale":"de_DE","og_type":"article","og_title":"Der neutrale Akzentstuhl von Barack und Michelle Obama ist der perfekte Mittelpunkt des Wohnzimmers. - Nachrichten - Stra\u00dfenweb","og_description":"Obwohl Neutrale oft von Designern gepr\u00fcft wurden, sind sie ein fehlgeschlagenes Dekorationswerkzeug, insbesondere wenn es um Akzentst\u00fchle geht. Wenn jemand einen Fall macht, ist es","og_url":"https:\/\/www.strassenweb.de\/nachrichten\/der-neutrale-akzentstuhl-von-barack-und-michelle-obama-ist-der-perfekte-mittelpunkt-des-wohnzimmers\/","og_site_name":"Stra\u00dfenweb","article_publisher":"https:\/\/www.facebook.com\/strassenweb\/","article_published_time":"2025-04-10T18:39:53+00:00","og_image":[{"width":1200,"height":675,"url":"https:\/\/www.strassenweb.de\/nachrichten\/wp-content\/uploads\/2025\/04\/Der-neutrale-Akzentstuhl-von-Barack-und-Michelle-Obama-ist-der.jpg","type":"image\/jpeg"}],"author":"Robert Hoffmann","twitter_card":"summary_large_image","twitter_misc":{"Verfasst von":"Robert Hoffmann","Gesch\u00e4tzte Lesezeit":"2\u00a0Minuten"},"schema":{"@context":"https:\/\/schema.org","@graph":[{"@type":"Article","@id":"https:\/\/www.strassenweb.de\/nachrichten\/der-neutrale-akzentstuhl-von-barack-und-michelle-obama-ist-der-perfekte-mittelpunkt-des-wohnzimmers\/#article","isPartOf":{"@id":"https:\/\/www.strassenweb.de\/nachrichten\/der-neutrale-akzentstuhl-von-barack-und-michelle-obama-ist-der-perfekte-mittelpunkt-des-wohnzimmers\/"},"author":{"name":"Robert Hoffmann","@id":"https:\/\/www.strassenweb.de\/nachrichten\/#\/schema\/person\/87c9c9067f1211da429a744dc5a5aa41"},"headline":"Der neutrale Akzentstuhl von Barack und Michelle Obama ist der perfekte Mittelpunkt des Wohnzimmers.","datePublished":"2025-04-10T18:39:53+00:00","mainEntityOfPage":{"@id":"https:\/\/www.strassenweb.de\/nachrichten\/der-neutrale-akzentstuhl-von-barack-und-michelle-obama-ist-der-perfekte-mittelpunkt-des-wohnzimmers\/"},"wordCount":498,"publisher":{"@id":"https:\/\/www.strassenweb.de\/nachrichten\/#organization"},"image":{"@id":"https:\/\/www.strassenweb.de\/nachrichten\/der-neutrale-akzentstuhl-von-barack-und-michelle-obama-ist-der-perfekte-mittelpunkt-des-wohnzimmers\/#primaryimage"},"thumbnailUrl":"https:\/\/www.strassenweb.de\/nachrichten\/wp-content\/uploads\/2025\/04\/Der-neutrale-Akzentstuhl-von-Barack-und-Michelle-Obama-ist-der.jpg","keywords":["Akzentstuhl","Barack","der","des","ist","Michelle","Mittelpunkt","Neutrale","Obama","perfekte","und","von","Wohnzimmers"],"articleSection":["Haus &amp; Garten"],"inLanguage":"de"},{"@type":"WebPage","@id":"https:\/\/www.strassenweb.de\/nachrichten\/der-neutrale-akzentstuhl-von-barack-und-michelle-obama-ist-der-perfekte-mittelpunkt-des-wohnzimmers\/","url":"https:\/\/www.strassenweb.de\/nachrichten\/der-neutrale-akzentstuhl-von-barack-und-michelle-obama-ist-der-perfekte-mittelpunkt-des-wohnzimmers\/","name":"Der neutrale Akzentstuhl von Barack und Michelle Obama ist der perfekte Mittelpunkt des Wohnzimmers. - Nachrichten - Stra\u00dfenweb","isPartOf":{"@id":"https:\/\/www.strassenweb.de\/nachrichten\/#website"},"primaryImageOfPage":{"@id":"https:\/\/www.strassenweb.de\/nachrichten\/der-neutrale-akzentstuhl-von-barack-und-michelle-obama-ist-der-perfekte-mittelpunkt-des-wohnzimmers\/#primaryimage"},"image":{"@id":"https:\/\/www.strassenweb.de\/nachrichten\/der-neutrale-akzentstuhl-von-barack-und-michelle-obama-ist-der-perfekte-mittelpunkt-des-wohnzimmers\/#primaryimage"},"thumbnailUrl":"https:\/\/www.strassenweb.de\/nachrichten\/wp-content\/uploads\/2025\/04\/Der-neutrale-Akzentstuhl-von-Barack-und-Michelle-Obama-ist-der.jpg","datePublished":"2025-04-10T18:39:53+00:00","breadcrumb":{"@id":"https:\/\/www.strassenweb.de\/nachrichten\/der-neutrale-akzentstuhl-von-barack-und-michelle-obama-ist-der-perfekte-mittelpunkt-des-wohnzimmers\/#breadcrumb"},"inLanguage":"de","potentialAction":[{"@type":"ReadAction","target":["https:\/\/www.strassenweb.de\/nachrichten\/der-neutrale-akzentstuhl-von-barack-und-michelle-obama-ist-der-perfekte-mittelpunkt-des-wohnzimmers\/"]}]},{"@type":"ImageObject","inLanguage":"de","@id":"https:\/\/www.strassenweb.de\/nachrichten\/der-neutrale-akzentstuhl-von-barack-und-michelle-obama-ist-der-perfekte-mittelpunkt-des-wohnzimmers\/#primaryimage","url":"https:\/\/www.strassenweb.de\/nachrichten\/wp-content\/uploads\/2025\/04\/Der-neutrale-Akzentstuhl-von-Barack-und-Michelle-Obama-ist-der.jpg","contentUrl":"https:\/\/www.strassenweb.de\/nachrichten\/wp-content\/uploads\/2025\/04\/Der-neutrale-Akzentstuhl-von-Barack-und-Michelle-Obama-ist-der.jpg","width":1200,"height":675,"caption":"Der neutrale Akzentstuhl von Barack und Michelle Obama ist der perfekte Mittelpunkt des Wohnzimmers."},{"@type":"BreadcrumbList","@id":"https:\/\/www.strassenweb.de\/nachrichten\/der-neutrale-akzentstuhl-von-barack-und-michelle-obama-ist-der-perfekte-mittelpunkt-des-wohnzimmers\/#breadcrumb","itemListElement":[{"@type":"ListItem","position":1,"name":"Home","item":"https:\/\/www.strassenweb.de\/nachrichten\/"},{"@type":"ListItem","position":2,"name":"Der neutrale Akzentstuhl von Barack und Michelle Obama ist der perfekte Mittelpunkt des Wohnzimmers."}]},{"@type":"WebSite","@id":"https:\/\/www.strassenweb.de\/nachrichten\/#website","url":"https:\/\/www.strassenweb.de\/nachrichten\/","name":"Stra\u00dfenweb","description":"Stra\u00dfenverzeichnis f\u00fcr Deutschland","publisher":{"@id":"https:\/\/www.strassenweb.de\/nachrichten\/#organization"},"potentialAction":[{"@type":"SearchAction","target":{"@type":"EntryPoint","urlTemplate":"https:\/\/www.strassenweb.de\/nachrichten\/?s={search_term_string}"},"query-input":{"@type":"PropertyValueSpecification","valueRequired":true,"valueName":"search_term_string"}}],"inLanguage":"de"},{"@type":"Organization","@id":"https:\/\/www.strassenweb.de\/nachrichten\/#organization","name":"Stra\u00dfenweb","url":"https:\/\/www.strassenweb.de\/nachrichten\/","logo":{"@type":"ImageObject","inLanguage":"de","@id":"https:\/\/www.strassenweb.de\/nachrichten\/#\/schema\/logo\/image\/","url":"https:\/\/www.strassenweb.de\/nachrichten\/wp-content\/uploads\/2024\/09\/cropped-favicon.png","contentUrl":"https:\/\/www.strassenweb.de\/nachrichten\/wp-content\/uploads\/2024\/09\/cropped-favicon.png","width":512,"height":512,"caption":"Stra\u00dfenweb"},"image":{"@id":"https:\/\/www.strassenweb.de\/nachrichten\/#\/schema\/logo\/image\/"},"sameAs":["https:\/\/www.facebook.com\/strassenweb\/"]},{"@type":"Person","@id":"https:\/\/www.strassenweb.de\/nachrichten\/#\/schema\/person\/87c9c9067f1211da429a744dc5a5aa41","name":"Robert Hoffmann","image":{"@type":"ImageObject","inLanguage":"de","@id":"https:\/\/www.strassenweb.de\/nachrichten\/wp-content\/uploads\/2024\/09\/strassenweb-150x150.jpg","url":"https:\/\/www.strassenweb.de\/nachrichten\/wp-content\/uploads\/2024\/09\/strassenweb-150x150.jpg","contentUrl":"https:\/\/www.strassenweb.de\/nachrichten\/wp-content\/uploads\/2024\/09\/strassenweb-150x150.jpg","caption":"Robert Hoffmann"},"description":"Ich hei\u00dfe Robert Hoffmann und ich bin ein leidenschaftlicher Verfechter von \u00d6kologie und Biodiversit\u00e4t. Seit meiner Kindheit in den W\u00e4ldern Bayerns f\u00fchle ich mich mit der Natur verbunden und bin entschlossen, sie zu sch\u00fctzen. Heute widme ich mein Leben der Sensibilisierung anderer f\u00fcr die Bedeutung des Umweltschutzes f\u00fcr zuk\u00fcnftige Generationen.","sameAs":["https:\/\/www.strassenweb.de\/"]}]}},"_links":{"self":[{"href":"https:\/\/www.strassenweb.de\/nachrichten\/wp-json\/wp\/v2\/posts\/4394","targetHints":{"allow":["GET"]}}],"collection":[{"href":"https:\/\/www.strassenweb.de\/nachrichten\/wp-json\/wp\/v2\/posts"}],"about":[{"href":"https:\/\/www.strassenweb.de\/nachrichten\/wp-json\/wp\/v2\/types\/post"}],"author":[{"embeddable":true,"href":"https:\/\/www.strassenweb.de\/nachrichten\/wp-json\/wp\/v2\/users\/1"}],"replies":[{"embeddable":true,"href":"https:\/\/www.strassenweb.de\/nachrichten\/wp-json\/wp\/v2\/comments?post=4394"}],"version-history":[{"count":0,"href":"https:\/\/www.strassenweb.de\/nachrichten\/wp-json\/wp\/v2\/posts\/4394\/revisions"}],"wp:featuredmedia":[{"embeddable":true,"href":"https:\/\/www.strassenweb.de\/nachrichten\/wp-json\/wp\/v2\/media\/4395"}],"wp:attachment":[{"href":"https:\/\/www.strassenweb.de\/nachrichten\/wp-json\/wp\/v2\/media?parent=4394"}],"wp:term":[{"taxonomy":"category","embeddable":true,"href":"https:\/\/www.strassenweb.de\/nachrichten\/wp-json\/wp\/v2\/categories?post=4394"},{"taxonomy":"post_tag","embeddable":true,"href":"https:\/\/www.strassenweb.de\/nachrichten\/wp-json\/wp\/v2\/tags?post=4394"}],"curies":[{"name":"wp","href":"https:\/\/api.w.org\/{rel}","templated":true}]}}