{"id":4365,"date":"2025-04-09T12:40:55","date_gmt":"2025-04-09T10:40:55","guid":{"rendered":"https:\/\/www.strassenweb.de\/nachrichten\/7-orangenkuechen-die-sie-ueberzeugen-diese-unerwartete-farbe-ist-in-der-tat-der-perfekte-schatten-fuer-einen-warmen-persoenlichen-raum\/"},"modified":"2025-04-09T12:40:55","modified_gmt":"2025-04-09T10:40:55","slug":"7-orangenkuechen-die-sie-ueberzeugen-diese-unerwartete-farbe-ist-in-der-tat-der-perfekte-schatten-fuer-einen-warmen-persoenlichen-raum","status":"publish","type":"post","link":"https:\/\/www.strassenweb.de\/nachrichten\/7-orangenkuechen-die-sie-ueberzeugen-diese-unerwartete-farbe-ist-in-der-tat-der-perfekte-schatten-fuer-einen-warmen-persoenlichen-raum\/","title":{"rendered":"7 Orangenk\u00fcchen, die Sie \u00fcberzeugen. Diese unerwartete Farbe ist in der Tat der perfekte Schatten f\u00fcr einen warmen, pers\u00f6nlichen Raum"},"content":{"rendered":"<p><\/p>\n<div id=\"article-body\" class=\"article__body \">\n<p>Orangenk\u00fcchen haben eine Wiederbelebung genossen, und obwohl ich zun\u00e4chst skeptisch war, erweist es sich als Hue -Designer, und ich kann nicht leugnen, dass es definitiv W\u00e4rme und Pers\u00f6nlichkeit in Ihren Raum einl\u00e4dt. Von lebendigen Farbt\u00f6nen bis hin zu Erdt\u00f6nen ist es vielseitiger und lebenswerter als ich zum ersten Mal dachte.<\/p>\n<div id=\"ad-unit-1\" class=\"ad-unit\"><\/div>\n<p>Wenn es um K\u00fcchenfarbe Ideen geht, ist Orange m\u00f6glicherweise nicht auf Ihrem Radar auf die gleiche Weise wie Gr\u00fcn und Blues. Aber mit Pfirsich, Terrakotta und sogar warmen Holzt\u00f6nen, die als zeitlose Entscheidungen zementiert sind, lohnt es sich auf jeden Fall, f\u00fcr Ihre K\u00fcche nachzudenken, wenn Sie nach einem mutigen Look, der den Raum nicht vollst\u00e4ndig dominieren wird, nicht vollst\u00e4ndig dominieren wird.<\/p>\n<aside class=\"hawk-base\" data-block-type=\"embed\" data-render-type=\"fte\" data-skip=\"dealsy\" data-widget-type=\"seasonal\">\n<div class=\"hawk-master-widget-hawk-base-wrapper\"><\/div>\n<\/aside>\n<p>Sie sind sich nicht sicher, wie man Orangent\u00f6ne in Ihre K\u00fcche bringt? Von subtilen Pops der Lebendigkeit bis hin zu farbnutzten R\u00e4umen sind dies einige unserer Lieblingsmethoden, um diesen w\u00e4rmenden Farbton in Ihren Kochraum zu bringen.<\/p>\n<div id=\"desktop-in-article\" class=\"in-article ad-unit\">\n<div id=\"desktop-taboola-mid-article\"><\/div>\n<\/div>\n<div id=\"mobile-in-article\" class=\"in-article ad-unit\">\n<div id=\"mobile-taboola-mid-article\"><\/div>\n<\/div>\n<h2 id=\"7-stylish-orange-kitchen-ideas-to-inspire-your-space-3\">7 Stilvolle orangefarbene K\u00fcchenideen, um Ihren Raum zu inspirieren<\/h2>\n<p>Das Dekorieren mit Orange ist in neuem und alten H\u00e4usern g\u00fcnstig und bietet eine entz\u00fcckende Vielfalt f\u00fcr viele K\u00fcchen\u00e4sthetik. Egal, ob Sie einen Raum wollen, der sich hell und lebhaft oder abgerissen und biologisch anf\u00fchlt, hier gibt es f\u00fcr jeden Geschmack eine Idee.<\/p>\n<div class=\"van_vid_carousel\">\n<div class=\"van_vid_carousel__padding\">\n<div class=\"van_vid_carousel__container\"><\/div>\n<\/div>\n<\/div>\n<h3 class=\"article-body__section\" id=\"section-1-go-bold-with-a-color-drenched-orange-kitchen\"><span>1. Gehen Sie mutig mit einer farbnahrten orangefarbenen K\u00fcche mutig<\/span><\/h3>\n<figure class=\"van-image-figure inline-layout \" data-bordeaux-image-check>\n<div class=\"image-full-width-wrapper\">\n<div class=\"image-widthsetter\" style=\"max-width:2000px;\"><\/div>\n<\/div>\n<\/figure>\n<p>Wenn kr\u00e4ftig, hell und farbenfroh Ihren Innenarchitektur-Stil perfekt beschreiben, warum nicht mit einer farbn\u00e4chierten K\u00fcche alles? Orange ist eine Farbe, die W\u00e4rme, Interesse und viel Pers\u00f6nlichkeit verleiht. Wenn Sie sie also in gro\u00dfen Teilen verwenden und sich wirklich f\u00fcr die Farbe verpflichten, wird ein wirklich interessanter Kokonraum erzeugt.<\/p>\n<div id=\"ad-unit-2\" class=\"ad-unit\"><\/div>\n<p>Das Team von MMB Studio hat diese Galeerek\u00fcche mit genauem Ansatz komplett ver\u00e4ndert. Die Schr\u00e4nke, die oberen W\u00e4nde und der Fensterrahmen wurden f\u00fcr ein Statement -Design den gleichen hellen Orangenton gemalt.<\/p>\n<p>Indem die K\u00fcche die K\u00fcchenwand, die K\u00fcchenarbeitsplatten und die Decke eines neutraleren Farbtons aufbewahrt, f\u00fchlt sich die K\u00fcche immer noch offen und luftig an &#8211; sie bietet einen Bereich der hellen Farbe, um ein ausgewogeneres Finish zu erzielen. Tats\u00e4chlich hat das Designteam diese kleine K\u00fcche zu einer so mutigen Entscheidung getroffen, eine Erinnerung, dass neutrale Farbt\u00f6ne nicht immer die Anlaufstelle in winzigen R\u00e4umen sind.<\/p>\n<h3 class=\"article-body__section\" id=\"section-2-limewash-your-kitchen-walls-and-ceiling-with-orange-paint\"><span>2. L\u00fcften Sie Ihre K\u00fcchenw\u00e4nde und Decke mit orangefarbener Farbe<\/span><\/h3>\n<figure class=\"van-image-figure inline-layout \" data-bordeaux-image-check>\n<div class=\"image-full-width-wrapper\">\n<div class=\"image-widthsetter\" style=\"max-width:1920px;\"><\/div>\n<\/div>\n<\/figure>\n<p>Dies ist ein weitaus subtileres Beispiel f\u00fcr eine orangefarbene K\u00fcche, aber es nimmt immer noch den farblich tapferen Ansatz, diesmal nur an den W\u00e4nden und Decken. Die Orange wird auch wegen der Limettenwaschfarbe abgeschw\u00e4cht, was dem Raum ein weicheres Gef\u00fchl verleiht.<\/p>\n<p>Wenn Sie Ihre K\u00fcche m\u00f6gen, mutigere Farben einzuf\u00fchren, aber nicht m\u00f6chten, dass er den Raum \u00fcberw\u00e4ltigt, ist ein Limettenwaschfinish eine wirklich gute Idee. Sie erhalten immer noch die K\u00fchnheit Ihrer Farbauswahl, aber ohne die feste Farbwand. Es ist ein Finish, das auch besonders gut mit Orange passt, weil es diese sch\u00f6ne rustikale Anspielung aus dem Trocknen von Terrakotta -Lehm erzeugt.<\/p>\n<h3 class=\"article-body__section\" id=\"section-3-brighten-a-traditional-kitchen-with-orange-cabinets\"><span>3. Aufhellen Sie eine traditionelle K\u00fcche mit orangefarbenen Schr\u00e4nken<\/span><\/h3>\n<figure class=\"van-image-figure inline-layout \" data-bordeaux-image-check>\n<div class=\"image-full-width-wrapper\">\n<div class=\"image-widthsetter\" style=\"max-width:2000px;\"><\/div>\n<\/div>\n<\/figure>\n<p>Orange kann sich oft wie eine zeitgem\u00e4\u00dfe Farbe anf\u00fchlen, besonders in der Art, wie wir sie am h\u00e4ufigsten verwendet, aber die richtigen Farbt\u00f6ne k\u00f6nnen sich tats\u00e4chlich wirklich traditionell anf\u00fchlen und einem klassischeren Design einen Hauch von Helligkeit verleihen.<\/p>\n<p>\u201eEinige Menschen sind nerv\u00f6s, starke Farben wie Orange zu verwenden, aber es ist eigentlich eine sehr traditionelle Farbe, die mit nat\u00fcrlichen Pigmenten hergestellt werden k\u00f6nnte und in den schwach beleuchteten Innenr\u00e4umen der 18 beliebt war<sup>th<\/sup> Jahrhundert \u201c, sagt Merlin Wright, Designdirektor bei Plain English Design.<\/p>\n<p>Dieses Schema ist ein perfektes Beispiel &#8211; es ist eine traditionelle K\u00fcche mit klassischen Funktionen, aber der richtige Orange -Farbton, der auf die Schr\u00e4nke und Fensterrahmen angewendet wird, verleiht dem Raum sofort W\u00e4rme und ein reichhaltigeres Finish. Der orangefarbene Farbton ist treffend Rusty Nagel genannt.<\/p>\n<h3 class=\"article-body__section\" id=\"section-4-pair-orange-and-gray-for-a-warmer-finish\"><span>4. Kombinieren Sie Orange und Grau f\u00fcr einen w\u00e4rmeren Finish<\/span><\/h3>\n<figure class=\"van-image-figure inline-layout \" data-bordeaux-image-check>\n<div class=\"image-full-width-wrapper\">\n<div class=\"image-widthsetter\" style=\"max-width:2000px;\"><\/div>\n<\/div>\n<\/figure>\n<p>Eine weitere wirkungsvolle M\u00f6glichkeit, Orange in einer K\u00fcche zu umarmen, aber es ist sehr lebenswert, besteht darin, es mit einer lebenswerteren Farbe zu kombinieren. Graue K\u00fcchen waren einst Klassiker, und obwohl sie leicht in Ungnade gefallen sind, ist es immer noch eine wirklich vielseitige Farbe, die besonders gut in einer K\u00fcche funktioniert. Der Schl\u00fcssel zur Verwendung von Grau in einer K\u00fcche im Jahr 2025 besteht darin, sich von k\u00fchlen Graut\u00f6nen fernzuhalten und es mit Toast -Farbt\u00f6nen aufzuw\u00e4rmen &#8211; in Orange eindringen.<\/p>\n<p>&#8222;Orange verleiht einen Ausbruch von W\u00e4rme und Positivit\u00e4t und passt wundersch\u00f6n zu den Graut\u00f6nen, die oft der Hintergrund unseres manchmal tristen Klimas oder die nat\u00fcrlichen T\u00f6ne eines Flagstone -Bodens sind&#8220;, sagt Merlin.<\/p>\n<p>Wie Sie in dieser orangefarbenen K\u00fcche wirklich deutlich sehen k\u00f6nnen, basiert das Grau auch die K\u00fchnheit der Orange aus. Es ist die perfekte unerwartete Farbkombination.<\/p>\n<h3 class=\"article-body__section\" id=\"section-5-create-a-retro-feel-with-an-orange-and-white-scheme\"><span>5. Erstellen Sie ein Retro -Gef\u00fchl mit einem orange -wei\u00dfen Schema<\/span><\/h3>\n<figure class=\"van-image-figure inline-layout \" data-bordeaux-image-check>\n<div class=\"image-full-width-wrapper\">\n<div class=\"image-widthsetter\" style=\"max-width:2000px;\"><\/div>\n<\/div>\n<\/figure>\n<p>Der einfachste Weg, um einen farbenfroheren Farbton in der K\u00fcche ausgewogen und klassisch zu f\u00fchlen, besteht darin, ihn mit Wei\u00df zu kombinieren. Dieses Design ist ein perfektes Beispiel, bei dem ein lebendigerer orangefarbener Farbton auf den unteren und in voller L\u00e4nge durch wei\u00dfe oberen Schr\u00e4nke, W\u00e4nde und Arbeitsplatten ausgeglichen wird.<\/p>\n<p>&#8222;Die mutige Verwendung von Formica Clementine verleiht dem Raum ein Gef\u00fchl von Verspieltheit und Pers\u00f6nlichkeit, wodurch ein auff\u00e4lliger Kontrast gegen die weiche Arpa Bloom Bianco Nube und warme Eichent\u00f6ne entsteht&#8220;, sagt Anne Clouston von Plykea -K\u00fcchen. Auch hier gibt es ein Retro -Gef\u00fchl, das ist sehr geeignet, wenn alle K\u00fcchentrends der 80er und 90er Jahre ein Comeback machen.<\/p>\n<h3 class=\"article-body__section\" id=\"section-6-bring-in-orange-through-warm-toned-wooden-cabinetry\"><span>6. Orange durch warmige Holzschr\u00e4nke einbringen<\/span><\/h3>\n<figure class=\"van-image-figure inline-layout \" data-bordeaux-image-check>\n<div class=\"image-full-width-wrapper\">\n<div class=\"image-widthsetter\" style=\"max-width:2400px;\"><\/div>\n<\/div>\n<\/figure>\n<p>Wenn Sie eine nat\u00fcrlichere Einstellung zu orangefarbenen K\u00fcchenideen w\u00fcnschen, kann eine Holzk\u00fcche mit warmen Untert\u00f6nen wirklich auff\u00e4llig sein, wenn sie richtig gemacht werden. Sie m\u00f6chten, dass sich das Holz warm und nat\u00fcrlich anf\u00fchlt, ohne einen veralteten Look zu schaffen.<\/p>\n<p>Diese K\u00fcche von Jaqui Seerman Design ist eine Lektion, um Walnussschr\u00e4nke im Trend und zeitlos zu f\u00fchlen. Wenn Sie sich f\u00fcr das zeitgem\u00e4\u00dfere Design des Plattenschranks entscheiden, wird sich die Schr\u00e4nke nicht veraltet anf\u00fchlen, w\u00e4hrend sich die schwarzen Details perfekt passen.<\/p>\n<h3 class=\"article-body__section\" id=\"section-7-add-a-pop-of-unexpected-color-through-your-shelving\"><span>7. F\u00fcgen Sie einen Knall unerwarteter Farbe durch Ihr Regal hinzu<\/span><\/h3>\n<figure class=\"van-image-figure inline-layout \" data-bordeaux-image-check>\n<div class=\"image-full-width-wrapper\">\n<div class=\"image-widthsetter\" style=\"max-width:2000px;\"><\/div>\n<\/div>\n<\/figure>\n<p>Nicht jeder m\u00f6chte eine farbenfrohe K\u00fcche, daher ist es eine gro\u00dfartige M\u00f6glichkeit, einem neutralen Schema unerwartete Farbe hinzuzuf\u00fcgen. In dieser K\u00fcche gibt es dem Raum ein einzigartigeres Gef\u00fchl.<\/p>\n<p>&#8222;Orange Sky 2018-10 ist ein spielerischer, aufregender orangefarbener Farbton, der alle erhebenden Eigenschaften dieser energetischen Farbfamilie zeigt&#8220;, erkl\u00e4rt Arianna Barone, Farbmarketing-Managerin bei Benjamin Moore.<\/p>\n<p>&#8218;Diese K\u00fcche zeigt, wie man farblich und wirkungsvoll in einen ansonsten neutralen Raum bringt. Open Regal in Kitchens bietet die perfekte Kulisse, um Serveware mit einem kr\u00e4ftigen Farbtupfer zu pr\u00e4sentieren. &#8218;<\/p>\n<div class=\"product-container hero-product-container product-block-no-wrap\"><\/div>\n<hr>\n<p>Wenn Sie nicht bereits davon \u00fcberzeugt waren, dass Orange eine sch\u00f6ne Farbe ist, um Ihre K\u00fcche zu dekorieren, sind diese R\u00e4ume nur ein weiterer Beweis. Es gibt so viele Farben, die zu Orange f\u00fcr ein gewages oder raffiniertes Design passen. Es gibt keinen Grund, warum dieser K\u00fcchenfarbe in den kommenden Jahren nicht dauerte.<\/p>\n<\/div>\n","protected":false},"excerpt":{"rendered":"<p>Orangenk\u00fcchen haben eine Wiederbelebung genossen, und obwohl ich zun\u00e4chst skeptisch war, erweist es sich als Hue -Designer, und ich kann nicht leugnen, dass es definitiv<\/p>\n","protected":false},"author":1,"featured_media":4366,"comment_status":"closed","ping_status":"","sticky":false,"template":"","format":"standard","meta":{"footnotes":""},"categories":[118],"tags":[81,9,143,166,1202,55,15,6539,2188,3933,182,4752,165,5066,6540,532,636],"class_list":["post-4365","post","type-post","status-publish","format-standard","has-post-thumbnail","hentry","category-haus-garten","tag-der","tag-die","tag-diese","tag-einen","tag-farbe","tag-fuer","tag-ist","tag-orangenkuechen","tag-perfekte","tag-persoenlichen","tag-raum","tag-schatten","tag-sie","tag-tat","tag-ueberzeugen","tag-unerwartete","tag-waermen","generate-columns","tablet-grid-50","mobile-grid-100","grid-parent","grid-50"],"yoast_head":"<!-- This site is optimized with the Yoast SEO plugin v27.3 - https:\/\/yoast.com\/product\/yoast-seo-wordpress\/ -->\n<title>7 Orangenk\u00fcchen, die Sie \u00fcberzeugen. Diese unerwartete Farbe ist in der Tat der perfekte Schatten f\u00fcr einen warmen, pers\u00f6nlichen Raum - Nachrichten - Stra\u00dfenweb<\/title>\n<meta name=\"robots\" content=\"index, follow, max-snippet:-1, max-image-preview:large, max-video-preview:-1\" \/>\n<link rel=\"canonical\" href=\"https:\/\/www.strassenweb.de\/nachrichten\/7-orangenkuechen-die-sie-ueberzeugen-diese-unerwartete-farbe-ist-in-der-tat-der-perfekte-schatten-fuer-einen-warmen-persoenlichen-raum\/\" \/>\n<meta property=\"og:locale\" content=\"de_DE\" \/>\n<meta property=\"og:type\" content=\"article\" \/>\n<meta property=\"og:title\" content=\"7 Orangenk\u00fcchen, die Sie \u00fcberzeugen. Diese unerwartete Farbe ist in der Tat der perfekte Schatten f\u00fcr einen warmen, pers\u00f6nlichen Raum - Nachrichten - Stra\u00dfenweb\" \/>\n<meta property=\"og:description\" content=\"Orangenk\u00fcchen haben eine Wiederbelebung genossen, und obwohl ich zun\u00e4chst skeptisch war, erweist es sich als Hue -Designer, und ich kann nicht leugnen, dass es definitiv\" \/>\n<meta property=\"og:url\" content=\"https:\/\/www.strassenweb.de\/nachrichten\/7-orangenkuechen-die-sie-ueberzeugen-diese-unerwartete-farbe-ist-in-der-tat-der-perfekte-schatten-fuer-einen-warmen-persoenlichen-raum\/\" \/>\n<meta property=\"og:site_name\" content=\"Stra\u00dfenweb\" \/>\n<meta property=\"article:publisher\" content=\"https:\/\/www.facebook.com\/strassenweb\/\" \/>\n<meta property=\"article:published_time\" content=\"2025-04-09T10:40:55+00:00\" \/>\n<meta property=\"og:image\" content=\"https:\/\/www.strassenweb.de\/nachrichten\/wp-content\/uploads\/2025\/04\/7-Orangenkuechen-die-Sie-ueberzeugen-Diese-unerwartete-Farbe-ist-in.jpg\" \/>\n\t<meta property=\"og:image:width\" content=\"1200\" \/>\n\t<meta property=\"og:image:height\" content=\"675\" \/>\n\t<meta property=\"og:image:type\" content=\"image\/jpeg\" \/>\n<meta name=\"author\" content=\"Robert Hoffmann\" \/>\n<meta name=\"twitter:card\" content=\"summary_large_image\" \/>\n<meta name=\"twitter:label1\" content=\"Verfasst von\" \/>\n\t<meta name=\"twitter:data1\" content=\"Robert Hoffmann\" \/>\n\t<meta name=\"twitter:label2\" content=\"Gesch\u00e4tzte Lesezeit\" \/>\n\t<meta name=\"twitter:data2\" content=\"6\u00a0Minuten\" \/>\n<script type=\"application\/ld+json\" class=\"yoast-schema-graph\">{\"@context\":\"https:\\\/\\\/schema.org\",\"@graph\":[{\"@type\":\"Article\",\"@id\":\"https:\\\/\\\/www.strassenweb.de\\\/nachrichten\\\/7-orangenkuechen-die-sie-ueberzeugen-diese-unerwartete-farbe-ist-in-der-tat-der-perfekte-schatten-fuer-einen-warmen-persoenlichen-raum\\\/#article\",\"isPartOf\":{\"@id\":\"https:\\\/\\\/www.strassenweb.de\\\/nachrichten\\\/7-orangenkuechen-die-sie-ueberzeugen-diese-unerwartete-farbe-ist-in-der-tat-der-perfekte-schatten-fuer-einen-warmen-persoenlichen-raum\\\/\"},\"author\":{\"name\":\"Robert Hoffmann\",\"@id\":\"https:\\\/\\\/www.strassenweb.de\\\/nachrichten\\\/#\\\/schema\\\/person\\\/87c9c9067f1211da429a744dc5a5aa41\"},\"headline\":\"7 Orangenk\u00fcchen, die Sie \u00fcberzeugen. Diese unerwartete Farbe ist in der Tat der perfekte Schatten f\u00fcr einen warmen, pers\u00f6nlichen Raum\",\"datePublished\":\"2025-04-09T10:40:55+00:00\",\"mainEntityOfPage\":{\"@id\":\"https:\\\/\\\/www.strassenweb.de\\\/nachrichten\\\/7-orangenkuechen-die-sie-ueberzeugen-diese-unerwartete-farbe-ist-in-der-tat-der-perfekte-schatten-fuer-einen-warmen-persoenlichen-raum\\\/\"},\"wordCount\":1263,\"publisher\":{\"@id\":\"https:\\\/\\\/www.strassenweb.de\\\/nachrichten\\\/#organization\"},\"image\":{\"@id\":\"https:\\\/\\\/www.strassenweb.de\\\/nachrichten\\\/7-orangenkuechen-die-sie-ueberzeugen-diese-unerwartete-farbe-ist-in-der-tat-der-perfekte-schatten-fuer-einen-warmen-persoenlichen-raum\\\/#primaryimage\"},\"thumbnailUrl\":\"https:\\\/\\\/www.strassenweb.de\\\/nachrichten\\\/wp-content\\\/uploads\\\/2025\\\/04\\\/7-Orangenkuechen-die-Sie-ueberzeugen-Diese-unerwartete-Farbe-ist-in.jpg\",\"keywords\":[\"der\",\"die\",\"diese\",\"einen\",\"Farbe\",\"f\u00fcr\",\"ist\",\"Orangenk\u00fcchen\",\"perfekte\",\"pers\u00f6nlichen\",\"Raum\",\"Schatten\",\"Sie\",\"Tat\",\"\u00fcberzeugen\",\"unerwartete\",\"w\u00e4rmen\"],\"articleSection\":[\"Haus &amp; Garten\"],\"inLanguage\":\"de\"},{\"@type\":\"WebPage\",\"@id\":\"https:\\\/\\\/www.strassenweb.de\\\/nachrichten\\\/7-orangenkuechen-die-sie-ueberzeugen-diese-unerwartete-farbe-ist-in-der-tat-der-perfekte-schatten-fuer-einen-warmen-persoenlichen-raum\\\/\",\"url\":\"https:\\\/\\\/www.strassenweb.de\\\/nachrichten\\\/7-orangenkuechen-die-sie-ueberzeugen-diese-unerwartete-farbe-ist-in-der-tat-der-perfekte-schatten-fuer-einen-warmen-persoenlichen-raum\\\/\",\"name\":\"7 Orangenk\u00fcchen, die Sie \u00fcberzeugen. Diese unerwartete Farbe ist in der Tat der perfekte Schatten f\u00fcr einen warmen, pers\u00f6nlichen Raum - Nachrichten - Stra\u00dfenweb\",\"isPartOf\":{\"@id\":\"https:\\\/\\\/www.strassenweb.de\\\/nachrichten\\\/#website\"},\"primaryImageOfPage\":{\"@id\":\"https:\\\/\\\/www.strassenweb.de\\\/nachrichten\\\/7-orangenkuechen-die-sie-ueberzeugen-diese-unerwartete-farbe-ist-in-der-tat-der-perfekte-schatten-fuer-einen-warmen-persoenlichen-raum\\\/#primaryimage\"},\"image\":{\"@id\":\"https:\\\/\\\/www.strassenweb.de\\\/nachrichten\\\/7-orangenkuechen-die-sie-ueberzeugen-diese-unerwartete-farbe-ist-in-der-tat-der-perfekte-schatten-fuer-einen-warmen-persoenlichen-raum\\\/#primaryimage\"},\"thumbnailUrl\":\"https:\\\/\\\/www.strassenweb.de\\\/nachrichten\\\/wp-content\\\/uploads\\\/2025\\\/04\\\/7-Orangenkuechen-die-Sie-ueberzeugen-Diese-unerwartete-Farbe-ist-in.jpg\",\"datePublished\":\"2025-04-09T10:40:55+00:00\",\"breadcrumb\":{\"@id\":\"https:\\\/\\\/www.strassenweb.de\\\/nachrichten\\\/7-orangenkuechen-die-sie-ueberzeugen-diese-unerwartete-farbe-ist-in-der-tat-der-perfekte-schatten-fuer-einen-warmen-persoenlichen-raum\\\/#breadcrumb\"},\"inLanguage\":\"de\",\"potentialAction\":[{\"@type\":\"ReadAction\",\"target\":[\"https:\\\/\\\/www.strassenweb.de\\\/nachrichten\\\/7-orangenkuechen-die-sie-ueberzeugen-diese-unerwartete-farbe-ist-in-der-tat-der-perfekte-schatten-fuer-einen-warmen-persoenlichen-raum\\\/\"]}]},{\"@type\":\"ImageObject\",\"inLanguage\":\"de\",\"@id\":\"https:\\\/\\\/www.strassenweb.de\\\/nachrichten\\\/7-orangenkuechen-die-sie-ueberzeugen-diese-unerwartete-farbe-ist-in-der-tat-der-perfekte-schatten-fuer-einen-warmen-persoenlichen-raum\\\/#primaryimage\",\"url\":\"https:\\\/\\\/www.strassenweb.de\\\/nachrichten\\\/wp-content\\\/uploads\\\/2025\\\/04\\\/7-Orangenkuechen-die-Sie-ueberzeugen-Diese-unerwartete-Farbe-ist-in.jpg\",\"contentUrl\":\"https:\\\/\\\/www.strassenweb.de\\\/nachrichten\\\/wp-content\\\/uploads\\\/2025\\\/04\\\/7-Orangenkuechen-die-Sie-ueberzeugen-Diese-unerwartete-Farbe-ist-in.jpg\",\"width\":1200,\"height\":675,\"caption\":\"7 Orangenk\u00fcchen, die Sie \u00fcberzeugen. Diese unerwartete Farbe ist in der Tat der perfekte Schatten f\u00fcr einen warmen, pers\u00f6nlichen Raum\"},{\"@type\":\"BreadcrumbList\",\"@id\":\"https:\\\/\\\/www.strassenweb.de\\\/nachrichten\\\/7-orangenkuechen-die-sie-ueberzeugen-diese-unerwartete-farbe-ist-in-der-tat-der-perfekte-schatten-fuer-einen-warmen-persoenlichen-raum\\\/#breadcrumb\",\"itemListElement\":[{\"@type\":\"ListItem\",\"position\":1,\"name\":\"Home\",\"item\":\"https:\\\/\\\/www.strassenweb.de\\\/nachrichten\\\/\"},{\"@type\":\"ListItem\",\"position\":2,\"name\":\"7 Orangenk\u00fcchen, die Sie \u00fcberzeugen. Diese unerwartete Farbe ist in der Tat der perfekte Schatten f\u00fcr einen warmen, pers\u00f6nlichen Raum\"}]},{\"@type\":\"WebSite\",\"@id\":\"https:\\\/\\\/www.strassenweb.de\\\/nachrichten\\\/#website\",\"url\":\"https:\\\/\\\/www.strassenweb.de\\\/nachrichten\\\/\",\"name\":\"Stra\u00dfenweb\",\"description\":\"Stra\u00dfenverzeichnis f\u00fcr Deutschland\",\"publisher\":{\"@id\":\"https:\\\/\\\/www.strassenweb.de\\\/nachrichten\\\/#organization\"},\"potentialAction\":[{\"@type\":\"SearchAction\",\"target\":{\"@type\":\"EntryPoint\",\"urlTemplate\":\"https:\\\/\\\/www.strassenweb.de\\\/nachrichten\\\/?s={search_term_string}\"},\"query-input\":{\"@type\":\"PropertyValueSpecification\",\"valueRequired\":true,\"valueName\":\"search_term_string\"}}],\"inLanguage\":\"de\"},{\"@type\":\"Organization\",\"@id\":\"https:\\\/\\\/www.strassenweb.de\\\/nachrichten\\\/#organization\",\"name\":\"Stra\u00dfenweb\",\"url\":\"https:\\\/\\\/www.strassenweb.de\\\/nachrichten\\\/\",\"logo\":{\"@type\":\"ImageObject\",\"inLanguage\":\"de\",\"@id\":\"https:\\\/\\\/www.strassenweb.de\\\/nachrichten\\\/#\\\/schema\\\/logo\\\/image\\\/\",\"url\":\"https:\\\/\\\/www.strassenweb.de\\\/nachrichten\\\/wp-content\\\/uploads\\\/2024\\\/09\\\/cropped-favicon.png\",\"contentUrl\":\"https:\\\/\\\/www.strassenweb.de\\\/nachrichten\\\/wp-content\\\/uploads\\\/2024\\\/09\\\/cropped-favicon.png\",\"width\":512,\"height\":512,\"caption\":\"Stra\u00dfenweb\"},\"image\":{\"@id\":\"https:\\\/\\\/www.strassenweb.de\\\/nachrichten\\\/#\\\/schema\\\/logo\\\/image\\\/\"},\"sameAs\":[\"https:\\\/\\\/www.facebook.com\\\/strassenweb\\\/\"]},{\"@type\":\"Person\",\"@id\":\"https:\\\/\\\/www.strassenweb.de\\\/nachrichten\\\/#\\\/schema\\\/person\\\/87c9c9067f1211da429a744dc5a5aa41\",\"name\":\"Robert Hoffmann\",\"image\":{\"@type\":\"ImageObject\",\"inLanguage\":\"de\",\"@id\":\"https:\\\/\\\/www.strassenweb.de\\\/nachrichten\\\/wp-content\\\/uploads\\\/2024\\\/09\\\/strassenweb-150x150.jpg\",\"url\":\"https:\\\/\\\/www.strassenweb.de\\\/nachrichten\\\/wp-content\\\/uploads\\\/2024\\\/09\\\/strassenweb-150x150.jpg\",\"contentUrl\":\"https:\\\/\\\/www.strassenweb.de\\\/nachrichten\\\/wp-content\\\/uploads\\\/2024\\\/09\\\/strassenweb-150x150.jpg\",\"caption\":\"Robert Hoffmann\"},\"description\":\"Ich hei\u00dfe Robert Hoffmann und ich bin ein leidenschaftlicher Verfechter von \u00d6kologie und Biodiversit\u00e4t. Seit meiner Kindheit in den W\u00e4ldern Bayerns f\u00fchle ich mich mit der Natur verbunden und bin entschlossen, sie zu sch\u00fctzen. Heute widme ich mein Leben der Sensibilisierung anderer f\u00fcr die Bedeutung des Umweltschutzes f\u00fcr zuk\u00fcnftige Generationen.\",\"sameAs\":[\"https:\\\/\\\/www.strassenweb.de\\\/\"]}]}<\/script>\n<!-- \/ Yoast SEO plugin. -->","yoast_head_json":{"title":"7 Orangenk\u00fcchen, die Sie \u00fcberzeugen. Diese unerwartete Farbe ist in der Tat der perfekte Schatten f\u00fcr einen warmen, pers\u00f6nlichen Raum - Nachrichten - Stra\u00dfenweb","robots":{"index":"index","follow":"follow","max-snippet":"max-snippet:-1","max-image-preview":"max-image-preview:large","max-video-preview":"max-video-preview:-1"},"canonical":"https:\/\/www.strassenweb.de\/nachrichten\/7-orangenkuechen-die-sie-ueberzeugen-diese-unerwartete-farbe-ist-in-der-tat-der-perfekte-schatten-fuer-einen-warmen-persoenlichen-raum\/","og_locale":"de_DE","og_type":"article","og_title":"7 Orangenk\u00fcchen, die Sie \u00fcberzeugen. Diese unerwartete Farbe ist in der Tat der perfekte Schatten f\u00fcr einen warmen, pers\u00f6nlichen Raum - Nachrichten - Stra\u00dfenweb","og_description":"Orangenk\u00fcchen haben eine Wiederbelebung genossen, und obwohl ich zun\u00e4chst skeptisch war, erweist es sich als Hue -Designer, und ich kann nicht leugnen, dass es definitiv","og_url":"https:\/\/www.strassenweb.de\/nachrichten\/7-orangenkuechen-die-sie-ueberzeugen-diese-unerwartete-farbe-ist-in-der-tat-der-perfekte-schatten-fuer-einen-warmen-persoenlichen-raum\/","og_site_name":"Stra\u00dfenweb","article_publisher":"https:\/\/www.facebook.com\/strassenweb\/","article_published_time":"2025-04-09T10:40:55+00:00","og_image":[{"width":1200,"height":675,"url":"https:\/\/www.strassenweb.de\/nachrichten\/wp-content\/uploads\/2025\/04\/7-Orangenkuechen-die-Sie-ueberzeugen-Diese-unerwartete-Farbe-ist-in.jpg","type":"image\/jpeg"}],"author":"Robert Hoffmann","twitter_card":"summary_large_image","twitter_misc":{"Verfasst von":"Robert Hoffmann","Gesch\u00e4tzte Lesezeit":"6\u00a0Minuten"},"schema":{"@context":"https:\/\/schema.org","@graph":[{"@type":"Article","@id":"https:\/\/www.strassenweb.de\/nachrichten\/7-orangenkuechen-die-sie-ueberzeugen-diese-unerwartete-farbe-ist-in-der-tat-der-perfekte-schatten-fuer-einen-warmen-persoenlichen-raum\/#article","isPartOf":{"@id":"https:\/\/www.strassenweb.de\/nachrichten\/7-orangenkuechen-die-sie-ueberzeugen-diese-unerwartete-farbe-ist-in-der-tat-der-perfekte-schatten-fuer-einen-warmen-persoenlichen-raum\/"},"author":{"name":"Robert Hoffmann","@id":"https:\/\/www.strassenweb.de\/nachrichten\/#\/schema\/person\/87c9c9067f1211da429a744dc5a5aa41"},"headline":"7 Orangenk\u00fcchen, die Sie \u00fcberzeugen. Diese unerwartete Farbe ist in der Tat der perfekte Schatten f\u00fcr einen warmen, pers\u00f6nlichen Raum","datePublished":"2025-04-09T10:40:55+00:00","mainEntityOfPage":{"@id":"https:\/\/www.strassenweb.de\/nachrichten\/7-orangenkuechen-die-sie-ueberzeugen-diese-unerwartete-farbe-ist-in-der-tat-der-perfekte-schatten-fuer-einen-warmen-persoenlichen-raum\/"},"wordCount":1263,"publisher":{"@id":"https:\/\/www.strassenweb.de\/nachrichten\/#organization"},"image":{"@id":"https:\/\/www.strassenweb.de\/nachrichten\/7-orangenkuechen-die-sie-ueberzeugen-diese-unerwartete-farbe-ist-in-der-tat-der-perfekte-schatten-fuer-einen-warmen-persoenlichen-raum\/#primaryimage"},"thumbnailUrl":"https:\/\/www.strassenweb.de\/nachrichten\/wp-content\/uploads\/2025\/04\/7-Orangenkuechen-die-Sie-ueberzeugen-Diese-unerwartete-Farbe-ist-in.jpg","keywords":["der","die","diese","einen","Farbe","f\u00fcr","ist","Orangenk\u00fcchen","perfekte","pers\u00f6nlichen","Raum","Schatten","Sie","Tat","\u00fcberzeugen","unerwartete","w\u00e4rmen"],"articleSection":["Haus &amp; Garten"],"inLanguage":"de"},{"@type":"WebPage","@id":"https:\/\/www.strassenweb.de\/nachrichten\/7-orangenkuechen-die-sie-ueberzeugen-diese-unerwartete-farbe-ist-in-der-tat-der-perfekte-schatten-fuer-einen-warmen-persoenlichen-raum\/","url":"https:\/\/www.strassenweb.de\/nachrichten\/7-orangenkuechen-die-sie-ueberzeugen-diese-unerwartete-farbe-ist-in-der-tat-der-perfekte-schatten-fuer-einen-warmen-persoenlichen-raum\/","name":"7 Orangenk\u00fcchen, die Sie \u00fcberzeugen. Diese unerwartete Farbe ist in der Tat der perfekte Schatten f\u00fcr einen warmen, pers\u00f6nlichen Raum - Nachrichten - Stra\u00dfenweb","isPartOf":{"@id":"https:\/\/www.strassenweb.de\/nachrichten\/#website"},"primaryImageOfPage":{"@id":"https:\/\/www.strassenweb.de\/nachrichten\/7-orangenkuechen-die-sie-ueberzeugen-diese-unerwartete-farbe-ist-in-der-tat-der-perfekte-schatten-fuer-einen-warmen-persoenlichen-raum\/#primaryimage"},"image":{"@id":"https:\/\/www.strassenweb.de\/nachrichten\/7-orangenkuechen-die-sie-ueberzeugen-diese-unerwartete-farbe-ist-in-der-tat-der-perfekte-schatten-fuer-einen-warmen-persoenlichen-raum\/#primaryimage"},"thumbnailUrl":"https:\/\/www.strassenweb.de\/nachrichten\/wp-content\/uploads\/2025\/04\/7-Orangenkuechen-die-Sie-ueberzeugen-Diese-unerwartete-Farbe-ist-in.jpg","datePublished":"2025-04-09T10:40:55+00:00","breadcrumb":{"@id":"https:\/\/www.strassenweb.de\/nachrichten\/7-orangenkuechen-die-sie-ueberzeugen-diese-unerwartete-farbe-ist-in-der-tat-der-perfekte-schatten-fuer-einen-warmen-persoenlichen-raum\/#breadcrumb"},"inLanguage":"de","potentialAction":[{"@type":"ReadAction","target":["https:\/\/www.strassenweb.de\/nachrichten\/7-orangenkuechen-die-sie-ueberzeugen-diese-unerwartete-farbe-ist-in-der-tat-der-perfekte-schatten-fuer-einen-warmen-persoenlichen-raum\/"]}]},{"@type":"ImageObject","inLanguage":"de","@id":"https:\/\/www.strassenweb.de\/nachrichten\/7-orangenkuechen-die-sie-ueberzeugen-diese-unerwartete-farbe-ist-in-der-tat-der-perfekte-schatten-fuer-einen-warmen-persoenlichen-raum\/#primaryimage","url":"https:\/\/www.strassenweb.de\/nachrichten\/wp-content\/uploads\/2025\/04\/7-Orangenkuechen-die-Sie-ueberzeugen-Diese-unerwartete-Farbe-ist-in.jpg","contentUrl":"https:\/\/www.strassenweb.de\/nachrichten\/wp-content\/uploads\/2025\/04\/7-Orangenkuechen-die-Sie-ueberzeugen-Diese-unerwartete-Farbe-ist-in.jpg","width":1200,"height":675,"caption":"7 Orangenk\u00fcchen, die Sie \u00fcberzeugen. Diese unerwartete Farbe ist in der Tat der perfekte Schatten f\u00fcr einen warmen, pers\u00f6nlichen Raum"},{"@type":"BreadcrumbList","@id":"https:\/\/www.strassenweb.de\/nachrichten\/7-orangenkuechen-die-sie-ueberzeugen-diese-unerwartete-farbe-ist-in-der-tat-der-perfekte-schatten-fuer-einen-warmen-persoenlichen-raum\/#breadcrumb","itemListElement":[{"@type":"ListItem","position":1,"name":"Home","item":"https:\/\/www.strassenweb.de\/nachrichten\/"},{"@type":"ListItem","position":2,"name":"7 Orangenk\u00fcchen, die Sie \u00fcberzeugen. Diese unerwartete Farbe ist in der Tat der perfekte Schatten f\u00fcr einen warmen, pers\u00f6nlichen Raum"}]},{"@type":"WebSite","@id":"https:\/\/www.strassenweb.de\/nachrichten\/#website","url":"https:\/\/www.strassenweb.de\/nachrichten\/","name":"Stra\u00dfenweb","description":"Stra\u00dfenverzeichnis f\u00fcr Deutschland","publisher":{"@id":"https:\/\/www.strassenweb.de\/nachrichten\/#organization"},"potentialAction":[{"@type":"SearchAction","target":{"@type":"EntryPoint","urlTemplate":"https:\/\/www.strassenweb.de\/nachrichten\/?s={search_term_string}"},"query-input":{"@type":"PropertyValueSpecification","valueRequired":true,"valueName":"search_term_string"}}],"inLanguage":"de"},{"@type":"Organization","@id":"https:\/\/www.strassenweb.de\/nachrichten\/#organization","name":"Stra\u00dfenweb","url":"https:\/\/www.strassenweb.de\/nachrichten\/","logo":{"@type":"ImageObject","inLanguage":"de","@id":"https:\/\/www.strassenweb.de\/nachrichten\/#\/schema\/logo\/image\/","url":"https:\/\/www.strassenweb.de\/nachrichten\/wp-content\/uploads\/2024\/09\/cropped-favicon.png","contentUrl":"https:\/\/www.strassenweb.de\/nachrichten\/wp-content\/uploads\/2024\/09\/cropped-favicon.png","width":512,"height":512,"caption":"Stra\u00dfenweb"},"image":{"@id":"https:\/\/www.strassenweb.de\/nachrichten\/#\/schema\/logo\/image\/"},"sameAs":["https:\/\/www.facebook.com\/strassenweb\/"]},{"@type":"Person","@id":"https:\/\/www.strassenweb.de\/nachrichten\/#\/schema\/person\/87c9c9067f1211da429a744dc5a5aa41","name":"Robert Hoffmann","image":{"@type":"ImageObject","inLanguage":"de","@id":"https:\/\/www.strassenweb.de\/nachrichten\/wp-content\/uploads\/2024\/09\/strassenweb-150x150.jpg","url":"https:\/\/www.strassenweb.de\/nachrichten\/wp-content\/uploads\/2024\/09\/strassenweb-150x150.jpg","contentUrl":"https:\/\/www.strassenweb.de\/nachrichten\/wp-content\/uploads\/2024\/09\/strassenweb-150x150.jpg","caption":"Robert Hoffmann"},"description":"Ich hei\u00dfe Robert Hoffmann und ich bin ein leidenschaftlicher Verfechter von \u00d6kologie und Biodiversit\u00e4t. Seit meiner Kindheit in den W\u00e4ldern Bayerns f\u00fchle ich mich mit der Natur verbunden und bin entschlossen, sie zu sch\u00fctzen. Heute widme ich mein Leben der Sensibilisierung anderer f\u00fcr die Bedeutung des Umweltschutzes f\u00fcr zuk\u00fcnftige Generationen.","sameAs":["https:\/\/www.strassenweb.de\/"]}]}},"_links":{"self":[{"href":"https:\/\/www.strassenweb.de\/nachrichten\/wp-json\/wp\/v2\/posts\/4365","targetHints":{"allow":["GET"]}}],"collection":[{"href":"https:\/\/www.strassenweb.de\/nachrichten\/wp-json\/wp\/v2\/posts"}],"about":[{"href":"https:\/\/www.strassenweb.de\/nachrichten\/wp-json\/wp\/v2\/types\/post"}],"author":[{"embeddable":true,"href":"https:\/\/www.strassenweb.de\/nachrichten\/wp-json\/wp\/v2\/users\/1"}],"replies":[{"embeddable":true,"href":"https:\/\/www.strassenweb.de\/nachrichten\/wp-json\/wp\/v2\/comments?post=4365"}],"version-history":[{"count":0,"href":"https:\/\/www.strassenweb.de\/nachrichten\/wp-json\/wp\/v2\/posts\/4365\/revisions"}],"wp:featuredmedia":[{"embeddable":true,"href":"https:\/\/www.strassenweb.de\/nachrichten\/wp-json\/wp\/v2\/media\/4366"}],"wp:attachment":[{"href":"https:\/\/www.strassenweb.de\/nachrichten\/wp-json\/wp\/v2\/media?parent=4365"}],"wp:term":[{"taxonomy":"category","embeddable":true,"href":"https:\/\/www.strassenweb.de\/nachrichten\/wp-json\/wp\/v2\/categories?post=4365"},{"taxonomy":"post_tag","embeddable":true,"href":"https:\/\/www.strassenweb.de\/nachrichten\/wp-json\/wp\/v2\/tags?post=4365"}],"curies":[{"name":"wp","href":"https:\/\/api.w.org\/{rel}","templated":true}]}}