{"id":4347,"date":"2025-04-08T12:45:48","date_gmt":"2025-04-08T10:45:48","guid":{"rendered":"https:\/\/www.strassenweb.de\/nachrichten\/ich-habe-mehr-als-200-stunden-mit-vakuum-getestet-ich-denke\/"},"modified":"2025-04-08T12:45:49","modified_gmt":"2025-04-08T10:45:49","slug":"ich-habe-mehr-als-200-stunden-mit-vakuum-getestet-ich-denke","status":"publish","type":"post","link":"https:\/\/www.strassenweb.de\/nachrichten\/ich-habe-mehr-als-200-stunden-mit-vakuum-getestet-ich-denke\/","title":{"rendered":"Ich habe mehr als 200 Stunden mit Vakuum getestet &#8211; ich denke"},"content":{"rendered":"<p><\/p>\n<div id=\"article-body\" class=\"article__body \">\n<p>Ich habe mehr als 200 Stunden lang Staubsauger und viel mehr Schreibbewertungen, Funktionen und Expertenf\u00fchrer getestet. Infolgedessen kenne ich diesen Markt und die Technologie innen und au\u00dfen.<\/p>\n<div id=\"ad-unit-1\" class=\"ad-unit\"><\/div>\n<p>Nach meiner Erfahrung ist nicht jedes spezialisierte Vakuum -Feature das, was es versprochen hat. W\u00e4hrend fast alle von ihnen <em>Klang<\/em> Gut, es ist leicht, durch Marketingversprechen einzusteigen.<\/p>\n<aside class=\"hawk-base\" data-block-type=\"embed\" data-render-type=\"fte\" data-skip=\"dealsy\" data-widget-type=\"seasonal\">\n<div class=\"hawk-master-widget-hawk-base-wrapper\"><\/div>\n<\/aside>\n<p>Hier tauche ich in die Vakuummerkmale ein, die meiner Meinung nach haupts\u00e4chlich Gimmicks sind. \u00dcberraschenderweise haben selbst einige der besten Vakuum diese.<\/p>\n<div id=\"desktop-in-article\" class=\"in-article ad-unit\">\n<div id=\"desktop-taboola-mid-article\"><\/div>\n<\/div>\n<div id=\"mobile-in-article\" class=\"in-article ad-unit\">\n<div id=\"mobile-taboola-mid-article\"><\/div>\n<\/div>\n<h2 class=\"article-body__section\" id=\"section-1-hepa-style-filters\"><span>1. Filter im Hepa-Stil<\/span><\/h2>\n<figure class=\"van-image-figure inline-layout \" data-bordeaux-image-check>\n<div class=\"image-full-width-wrapper\">\n<div class=\"image-widthsetter\" style=\"max-width:2000px;\"><\/div>\n<\/div><figcaption class=\"inline-layout \">\n<div class=\"caption-text\">\n<p>Hepa-Stil- oder HEPA-\u00e4hnliche Filter haben die wesentlichen Standards nicht erf\u00fcllt, um als &#8222;hepa&#8220; bezeichnet zu werden.<\/p>\n<\/div>\n<\/figcaption><\/figure>\n<p>Einer der wichtigsten Teile bei der Auswahl des richtigen Staubsaugers ist die Kenntnis der Arten von Filtern. Ein HEPA -Filter ist fast immer ein Muss, da die besten HEPA -Vakuum mindestens 99,97% der Partikel von nur 0,3 Mikrometern wie Pollen, Staub und Pet Dander einfangen k\u00f6nnen. Dies sind die \u00fcblichen Haushaltallergene, die Allergiesymptome ausl\u00f6sen.<\/p>\n<div class=\"van_vid_carousel\">\n<div class=\"van_vid_carousel__padding\">\n<div class=\"van_vid_carousel__container\"><\/div>\n<\/div>\n<\/div>\n<p>Viele Vakuummarken werden behaupten, dass ihre Produkte &#8222;HEPA-Filter&#8220; oder &#8222;hepa-\u00e4hnliche&#8220; Filter haben und den Eindruck auf einen schnellen Blick erwecken, dass sie so effektiv sind wie effektive HEPA-Filter-aber sie sind es nicht. Ein Filter muss strenge Standards erf\u00fcllen, die als &#8222;HEPA&#8220; bezeichnet werden sollen. Wenn eine Marke dies nicht kann, liegt dies daran, dass sein Produkt keinen offiziell zertifizierten HEPA-Filter hat.<\/p>\n<div id=\"ad-unit-2\" class=\"ad-unit\"><\/div>\n<p>Vakuum ohne HEPA -Filter k\u00f6nnen immer noch eine anst\u00e4ndige Aufgabe Ihrer B\u00f6den leisten, aber sie vertreiben die Luft voller Schadstoffe und Allergene, senken Ihre Luftqualit\u00e4t und fordern einen der besten Luftreiniger. Der Filter h\u00e4lt den gesamten Staub und macht sich durch <em>innen <\/em>das Vakuum aus einem bestimmten Grund.<\/p>\n<p>Nachdem ich selbst mehr als 60 Vakuum getestet und die Brillanz von HEPA-Filtern in Aktion gesehen habe, w\u00fcrde ich nie empfehlen, ein Nicht-Hepa-Vakuum zu kaufen, zumal es f\u00fcr ein Vakuum mit einem HEPA-Filter wie dem Hai Powerdetekte, das nur 299,99 US-Dollar kostet, keinen Preis erh\u00f6ht.<\/p>\n<h2 class=\"article-body__section\" id=\"section-2-particle-counters\"><span>2. Partikelz\u00e4hler<\/span><\/h2>\n<figure class=\"van-image-figure inline-layout \" data-bordeaux-image-check>\n<div class=\"image-full-width-wrapper\">\n<div class=\"image-widthsetter\" style=\"max-width:2000px;\"><\/div>\n<\/div><figcaption class=\"inline-layout \">\n<div class=\"caption-text\">\n<p>Partikelz\u00e4hler zeigen, wie schmutzig Ihre B\u00f6den sind, \u00e4ndern Sie jedoch nicht Ihre Reinigungsroutine.<\/p>\n<\/div>\n<\/figcaption><\/figure>\n<p>Die besten Dyson -Vakuum verwenden einen Piezosensor, um jedes einzelne Teilchen zu z\u00e4hlen, das gesammelt wird. Auf dem Kontrollbildschirm sehen Sie Z\u00e4hlungen bis zu Millionen f\u00fcr Partikel mit unterschiedlicher Gr\u00f6\u00dfe und zeigen Ihnen genau, wie viel Ihr Vakuum aufgenommen hat.<\/p>\n<p>Jetzt ist dieser keine Gimmick. Wenn Sie Ihre Matratze saugen (etwas, das Sie unbedingt tun sollten), wissen Sie, ob Sie das Vakuumieren beendet haben, da Sie manchmal den Vakuumkopf still halten k\u00f6nnen und die Partikelzahl weiter steigt. Normalerweise w\u00fcrden die meisten von uns es einfach in Bewegung halten, bis Sie die Oberfl\u00e4che der Matratze bedeckt haben.<\/p>\n<p>Aber zum gr\u00f6\u00dften Teil ist diese Funktion <em>aufschlussreich<\/em> aber nicht <em>notwendig<\/em>. Damit Dyson diese teure Technologie in ihre Flaggschiff -Vakuum wie den Dyson V15 -Erkennung einbezieht, werden die Kosten f\u00fcr Verbraucher erh\u00f6ht, ohne etwas so greifbar anzubieten.<\/p>\n<p>Diese Funktion ist in Dysons beste kabellose Staubsauger eingebaut, die einige der besten Bodenreinigung bieten, die wir je gesehen haben. Es ist Teil der Diskussion dar\u00fcber, ob Dyson -Laserstaubsauger es wert sind. Der Piezosensor macht diese Staubsauger sicherlich teurer, aber Dyson-Vakuum haben andere w\u00fcrdige Merkmale, wie z.<\/p>\n<p>Diese Flaggschiff -Dyson -Vakuum sind sicherlich die besten, aber es w\u00e4re gro\u00dfartig, ein etwas g\u00fcnstigeres Modell ohne den teuren Piezosensor zu sehen. Derzeit ist die erschwinglichste Option der Dyson V12 Erkennende Slim, das 649,99 US -Dollar kostet. Ich benutze es in meinem eigenen Zuhause und es ist unglaublich.<\/p>\n<h2 class=\"article-body__section\" id=\"section-3-smart-robots\"><span>3. Smart Roboter<\/span><\/h2>\n<figure class=\"van-image-figure inline-layout \" data-bordeaux-image-check>\n<div class=\"image-full-width-wrapper\">\n<div class=\"image-widthsetter\" style=\"max-width:2000px;\"><\/div>\n<\/div><figcaption class=\"inline-layout \">\n<div class=\"caption-text\">\n<p>Einige Roboter -Vakuum k\u00f6nnen Getr\u00e4nke tragen und Lieferungen von der T\u00fcr bringen.<\/p>\n<\/div>\n<\/figcaption><\/figure>\n<p>Einige der besten Roboter -Vakuen verf\u00fcgen \u00fcber intelligente Funktionen, die wirklich n\u00fctzlich sind. Denken Sie an die automatische Mop-Reinigung und -trocknung sowie die KI-Learning der R\u00e4ume, Verwendungen und Zeitpl\u00e4ne Ihres Hauses. Es ist die Art der futuristischen Technologie, die unser Leben zu Hause wirklich verbessert.<\/p>\n<p>Andere intelligente Funktionen, die in einigen Robotern zu finden sind, sind jedoch weniger notwendig. Ich habe Roboter -Vakuum gesehen, die mit Familienmitgliedern sprechen k\u00f6nnen, w\u00e4hrend Sie aus dem Haus sind &#8211; etwas, das unsere Smartphones seit Jahren tun.<\/p>\n<p>Oder es gibt Roboter, die Ihre Kleidung von einem Raum in ein anderes als schnelle W\u00e4schehack bringen k\u00f6nnen, um Zeit zu sparen. Wenn der Roboter nicht in der Lage ist, die W\u00e4sche abzugeben oder wegzulegen (es ist nicht), m\u00fcssen Sie immer noch in den Raum gehen, an den Sie den Roboter schicken.<\/p>\n<p>Diese Funktionen k\u00f6nnen eine gro\u00dfe Hilfe f\u00fcr jeden mit eingeschr\u00e4nkter Mobilit\u00e4t sein. Wenn Sie sie jedoch nicht wirklich ben\u00f6tigen, w\u00fcrde ich empfehlen, sich f\u00fcr ein billigeres Modell mit intelligenten Funktionen zu entscheiden, die sich auf die Reinigung konzentrieren. Das Eufy S1 Pro Omni ist unser aktueller Favorit, und zu den intelligenten Funktionen geh\u00f6ren selbstverz\u00e4hlte, gezielte Wischungen und Zonenzuordnungen.<\/p>\n<h2 class=\"article-body__section\" id=\"section-4-eco-suction-mode\"><span>4. Eco Saugmodus<\/span><\/h2>\n<figure class=\"van-image-figure inline-layout \" data-bordeaux-image-check>\n<div class=\"image-full-width-wrapper\">\n<div class=\"image-widthsetter\" style=\"max-width:2000px;\"><\/div>\n<\/div><figcaption class=\"inline-layout \">\n<div class=\"caption-text\">\n<p>ECO-Mode kann sich auf die niedrigste Saugeinstellung oder die automatische Leistungsanpassung beziehen.<\/p>\n<\/div>\n<\/figcaption><\/figure>\n<p>Wenn Sie verstehen, welcher \u00d6ko -Modus und die Laufzeit in einem kabellosen Vakuum bedeuten k\u00f6nnen, k\u00f6nnen Sie die Auswahl Ihres n\u00e4chsten Upgrades \u00e4ndern. Der ECO -Modus ist im Wesentlichen das niedrigste Saugniveau eines Vakuums und nutzt so wenig Energie wie m\u00f6glich.<\/p>\n<p>Einige Marken verwenden jedoch den Begriff &#8222;\u00d6ko -Modus&#8220;, um zu beschreiben, was die meisten Vakuummarken als &#8222;Auto -Modus&#8220; bezeichnen w\u00fcrden. Das hei\u00dft, wenn das Vakuum die Saugleistung automatisch abh\u00e4ngt, je nachdem, was es auf Ihren B\u00f6den sp\u00fcrt (dieser Auto -Modus wird im Haifisch -Kabel -Powerdetekte oder im Dyson V15 -Erkennung angezeigt).<\/p>\n<p>Der ECO (Auto) -Modus ist absolut eine n\u00fctzliche Funktion, um sicherzustellen, dass die hohe Saugleistung bei Bedarf verwendet wird, die Batterie jedoch f\u00fcr l\u00e4ngere Reinigungssitzungen erhalten bleibt. Der ECO -Modus (Low Saug) ist jedoch nicht die n\u00fctzliche Funktion, die Sie erwarten w\u00fcrden, da ein schnurloses Vakuum in der niedrigsten Saugeinstellung \u00fcberhaupt nicht viel erreicht.<\/p>\n<p>Es mag ausreichen als Vakuum f\u00fcr Holzb\u00f6den, auf denen die Saugleistung nicht so wichtig ist, aber die meiste Zeit habe ich festgestellt, dass es w\u00e4hrend meiner Tests zu kurz ist. Es k\u00f6nnte diejenigen von uns ansprechen, die umweltfreundliche Entscheidungen und nachhaltige Ger\u00e4te bevorzugen, aber Sie werden sie entweder bei der normalen Leistung einsetzen oder Ihr Vakuum beseitigen, nachdem Sie festgestellt haben, dass es nicht genug tut, um Ihre B\u00f6den zu reinigen.<\/p>\n<p>Wenn Sie nach einem Vakuum mit umweltfreundlichen Anmeldeinformationen suchen, gehen Sie f\u00fcr ein kabeltes Vakuum, das f\u00fcr seine Langlebigkeit bekannt ist. Wenn Sie geschnitten mit kabellosen Vakuen vergleichen, dauern kabellose Modelle nicht so lange, und ihre Batterien m\u00fcssen alle paar Jahre ausgetauscht werden.<\/p>\n<p>Stattdessen sind die besten Miele -Vakuums bekannt, dass sie \u00fcber ein Jahrzehnt dauern und bis zu sieben Jahre lang Garantien haben. Der Miele Blizzard CX1 ist das Beste, was ich getestet habe, und ist im Vergleich zu ihren teureren Modellen die ideale Kraft und Erschwinglichkeit.<\/p>\n<hr>\n<p>Vergessen Sie nicht &#8211; Vakuumproduktseiten sind voller verwirrender Bedingungen und \u00fcbertriebener Anspr\u00fcche. Mein Vakuum -Jargon Buster wird sie aufkl\u00e4ren.<\/p>\n<\/div>\n","protected":false},"excerpt":{"rendered":"<p>Ich habe mehr als 200 Stunden lang Staubsauger und viel mehr Schreibbewertungen, Funktionen und Expertenf\u00fchrer getestet. Infolgedessen kenne ich diesen Markt und die Technologie innen<\/p>\n","protected":false},"author":1,"featured_media":4348,"comment_status":"closed","ping_status":"","sticky":false,"template":"","format":"standard","meta":{"footnotes":""},"categories":[118],"tags":[935,3317,853,823,129,301,146,4740,4712],"class_list":["post-4347","post","type-post","status-publish","format-standard","has-post-thumbnail","hentry","category-haus-garten","tag-als","tag-denke","tag-getestet","tag-habe","tag-ich","tag-mehr","tag-mit","tag-stunden","tag-vakuum","generate-columns","tablet-grid-50","mobile-grid-100","grid-parent","grid-50"],"yoast_head":"<!-- This site is optimized with the Yoast SEO plugin v27.3 - https:\/\/yoast.com\/product\/yoast-seo-wordpress\/ -->\n<title>Ich habe mehr als 200 Stunden mit Vakuum getestet - ich denke - Nachrichten - Stra\u00dfenweb<\/title>\n<meta name=\"robots\" content=\"index, follow, max-snippet:-1, max-image-preview:large, max-video-preview:-1\" \/>\n<link rel=\"canonical\" href=\"https:\/\/www.strassenweb.de\/nachrichten\/ich-habe-mehr-als-200-stunden-mit-vakuum-getestet-ich-denke\/\" \/>\n<meta property=\"og:locale\" content=\"de_DE\" \/>\n<meta property=\"og:type\" content=\"article\" \/>\n<meta property=\"og:title\" content=\"Ich habe mehr als 200 Stunden mit Vakuum getestet - ich denke - Nachrichten - Stra\u00dfenweb\" \/>\n<meta property=\"og:description\" content=\"Ich habe mehr als 200 Stunden lang Staubsauger und viel mehr Schreibbewertungen, Funktionen und Expertenf\u00fchrer getestet. Infolgedessen kenne ich diesen Markt und die Technologie innen\" \/>\n<meta property=\"og:url\" content=\"https:\/\/www.strassenweb.de\/nachrichten\/ich-habe-mehr-als-200-stunden-mit-vakuum-getestet-ich-denke\/\" \/>\n<meta property=\"og:site_name\" content=\"Stra\u00dfenweb\" \/>\n<meta property=\"article:publisher\" content=\"https:\/\/www.facebook.com\/strassenweb\/\" \/>\n<meta property=\"article:published_time\" content=\"2025-04-08T10:45:48+00:00\" \/>\n<meta property=\"article:modified_time\" content=\"2025-04-08T10:45:49+00:00\" \/>\n<meta property=\"og:image\" content=\"https:\/\/www.strassenweb.de\/nachrichten\/wp-content\/uploads\/2025\/04\/Ich-habe-mehr-als-200-Stunden-mit-Vakuum-getestet.jpg\" \/>\n\t<meta property=\"og:image:width\" content=\"1200\" \/>\n\t<meta property=\"og:image:height\" content=\"675\" \/>\n\t<meta property=\"og:image:type\" content=\"image\/jpeg\" \/>\n<meta name=\"author\" content=\"Robert Hoffmann\" \/>\n<meta name=\"twitter:card\" content=\"summary_large_image\" \/>\n<meta name=\"twitter:label1\" content=\"Verfasst von\" \/>\n\t<meta name=\"twitter:data1\" content=\"Robert Hoffmann\" \/>\n\t<meta name=\"twitter:label2\" content=\"Gesch\u00e4tzte Lesezeit\" \/>\n\t<meta name=\"twitter:data2\" content=\"6\u00a0Minuten\" \/>\n<script type=\"application\/ld+json\" class=\"yoast-schema-graph\">{\"@context\":\"https:\\\/\\\/schema.org\",\"@graph\":[{\"@type\":\"Article\",\"@id\":\"https:\\\/\\\/www.strassenweb.de\\\/nachrichten\\\/ich-habe-mehr-als-200-stunden-mit-vakuum-getestet-ich-denke\\\/#article\",\"isPartOf\":{\"@id\":\"https:\\\/\\\/www.strassenweb.de\\\/nachrichten\\\/ich-habe-mehr-als-200-stunden-mit-vakuum-getestet-ich-denke\\\/\"},\"author\":{\"name\":\"Robert Hoffmann\",\"@id\":\"https:\\\/\\\/www.strassenweb.de\\\/nachrichten\\\/#\\\/schema\\\/person\\\/87c9c9067f1211da429a744dc5a5aa41\"},\"headline\":\"Ich habe mehr als 200 Stunden mit Vakuum getestet &#8211; ich denke\",\"datePublished\":\"2025-04-08T10:45:48+00:00\",\"dateModified\":\"2025-04-08T10:45:49+00:00\",\"mainEntityOfPage\":{\"@id\":\"https:\\\/\\\/www.strassenweb.de\\\/nachrichten\\\/ich-habe-mehr-als-200-stunden-mit-vakuum-getestet-ich-denke\\\/\"},\"wordCount\":1179,\"publisher\":{\"@id\":\"https:\\\/\\\/www.strassenweb.de\\\/nachrichten\\\/#organization\"},\"image\":{\"@id\":\"https:\\\/\\\/www.strassenweb.de\\\/nachrichten\\\/ich-habe-mehr-als-200-stunden-mit-vakuum-getestet-ich-denke\\\/#primaryimage\"},\"thumbnailUrl\":\"https:\\\/\\\/www.strassenweb.de\\\/nachrichten\\\/wp-content\\\/uploads\\\/2025\\\/04\\\/Ich-habe-mehr-als-200-Stunden-mit-Vakuum-getestet.jpg\",\"keywords\":[\"als\",\"denke\",\"getestet\",\"habe\",\"ich\",\"mehr\",\"mit\",\"Stunden\",\"Vakuum\"],\"articleSection\":[\"Haus &amp; Garten\"],\"inLanguage\":\"de\"},{\"@type\":\"WebPage\",\"@id\":\"https:\\\/\\\/www.strassenweb.de\\\/nachrichten\\\/ich-habe-mehr-als-200-stunden-mit-vakuum-getestet-ich-denke\\\/\",\"url\":\"https:\\\/\\\/www.strassenweb.de\\\/nachrichten\\\/ich-habe-mehr-als-200-stunden-mit-vakuum-getestet-ich-denke\\\/\",\"name\":\"Ich habe mehr als 200 Stunden mit Vakuum getestet - ich denke - Nachrichten - Stra\u00dfenweb\",\"isPartOf\":{\"@id\":\"https:\\\/\\\/www.strassenweb.de\\\/nachrichten\\\/#website\"},\"primaryImageOfPage\":{\"@id\":\"https:\\\/\\\/www.strassenweb.de\\\/nachrichten\\\/ich-habe-mehr-als-200-stunden-mit-vakuum-getestet-ich-denke\\\/#primaryimage\"},\"image\":{\"@id\":\"https:\\\/\\\/www.strassenweb.de\\\/nachrichten\\\/ich-habe-mehr-als-200-stunden-mit-vakuum-getestet-ich-denke\\\/#primaryimage\"},\"thumbnailUrl\":\"https:\\\/\\\/www.strassenweb.de\\\/nachrichten\\\/wp-content\\\/uploads\\\/2025\\\/04\\\/Ich-habe-mehr-als-200-Stunden-mit-Vakuum-getestet.jpg\",\"datePublished\":\"2025-04-08T10:45:48+00:00\",\"dateModified\":\"2025-04-08T10:45:49+00:00\",\"breadcrumb\":{\"@id\":\"https:\\\/\\\/www.strassenweb.de\\\/nachrichten\\\/ich-habe-mehr-als-200-stunden-mit-vakuum-getestet-ich-denke\\\/#breadcrumb\"},\"inLanguage\":\"de\",\"potentialAction\":[{\"@type\":\"ReadAction\",\"target\":[\"https:\\\/\\\/www.strassenweb.de\\\/nachrichten\\\/ich-habe-mehr-als-200-stunden-mit-vakuum-getestet-ich-denke\\\/\"]}]},{\"@type\":\"ImageObject\",\"inLanguage\":\"de\",\"@id\":\"https:\\\/\\\/www.strassenweb.de\\\/nachrichten\\\/ich-habe-mehr-als-200-stunden-mit-vakuum-getestet-ich-denke\\\/#primaryimage\",\"url\":\"https:\\\/\\\/www.strassenweb.de\\\/nachrichten\\\/wp-content\\\/uploads\\\/2025\\\/04\\\/Ich-habe-mehr-als-200-Stunden-mit-Vakuum-getestet.jpg\",\"contentUrl\":\"https:\\\/\\\/www.strassenweb.de\\\/nachrichten\\\/wp-content\\\/uploads\\\/2025\\\/04\\\/Ich-habe-mehr-als-200-Stunden-mit-Vakuum-getestet.jpg\",\"width\":1200,\"height\":675,\"caption\":\"Ich habe mehr als 200 Stunden mit Vakuum getestet - ich denke\"},{\"@type\":\"BreadcrumbList\",\"@id\":\"https:\\\/\\\/www.strassenweb.de\\\/nachrichten\\\/ich-habe-mehr-als-200-stunden-mit-vakuum-getestet-ich-denke\\\/#breadcrumb\",\"itemListElement\":[{\"@type\":\"ListItem\",\"position\":1,\"name\":\"Home\",\"item\":\"https:\\\/\\\/www.strassenweb.de\\\/nachrichten\\\/\"},{\"@type\":\"ListItem\",\"position\":2,\"name\":\"Ich habe mehr als 200 Stunden mit Vakuum getestet &#8211; ich denke\"}]},{\"@type\":\"WebSite\",\"@id\":\"https:\\\/\\\/www.strassenweb.de\\\/nachrichten\\\/#website\",\"url\":\"https:\\\/\\\/www.strassenweb.de\\\/nachrichten\\\/\",\"name\":\"Stra\u00dfenweb\",\"description\":\"Stra\u00dfenverzeichnis f\u00fcr Deutschland\",\"publisher\":{\"@id\":\"https:\\\/\\\/www.strassenweb.de\\\/nachrichten\\\/#organization\"},\"potentialAction\":[{\"@type\":\"SearchAction\",\"target\":{\"@type\":\"EntryPoint\",\"urlTemplate\":\"https:\\\/\\\/www.strassenweb.de\\\/nachrichten\\\/?s={search_term_string}\"},\"query-input\":{\"@type\":\"PropertyValueSpecification\",\"valueRequired\":true,\"valueName\":\"search_term_string\"}}],\"inLanguage\":\"de\"},{\"@type\":\"Organization\",\"@id\":\"https:\\\/\\\/www.strassenweb.de\\\/nachrichten\\\/#organization\",\"name\":\"Stra\u00dfenweb\",\"url\":\"https:\\\/\\\/www.strassenweb.de\\\/nachrichten\\\/\",\"logo\":{\"@type\":\"ImageObject\",\"inLanguage\":\"de\",\"@id\":\"https:\\\/\\\/www.strassenweb.de\\\/nachrichten\\\/#\\\/schema\\\/logo\\\/image\\\/\",\"url\":\"https:\\\/\\\/www.strassenweb.de\\\/nachrichten\\\/wp-content\\\/uploads\\\/2024\\\/09\\\/cropped-favicon.png\",\"contentUrl\":\"https:\\\/\\\/www.strassenweb.de\\\/nachrichten\\\/wp-content\\\/uploads\\\/2024\\\/09\\\/cropped-favicon.png\",\"width\":512,\"height\":512,\"caption\":\"Stra\u00dfenweb\"},\"image\":{\"@id\":\"https:\\\/\\\/www.strassenweb.de\\\/nachrichten\\\/#\\\/schema\\\/logo\\\/image\\\/\"},\"sameAs\":[\"https:\\\/\\\/www.facebook.com\\\/strassenweb\\\/\"]},{\"@type\":\"Person\",\"@id\":\"https:\\\/\\\/www.strassenweb.de\\\/nachrichten\\\/#\\\/schema\\\/person\\\/87c9c9067f1211da429a744dc5a5aa41\",\"name\":\"Robert Hoffmann\",\"image\":{\"@type\":\"ImageObject\",\"inLanguage\":\"de\",\"@id\":\"https:\\\/\\\/www.strassenweb.de\\\/nachrichten\\\/wp-content\\\/uploads\\\/2024\\\/09\\\/strassenweb-150x150.jpg\",\"url\":\"https:\\\/\\\/www.strassenweb.de\\\/nachrichten\\\/wp-content\\\/uploads\\\/2024\\\/09\\\/strassenweb-150x150.jpg\",\"contentUrl\":\"https:\\\/\\\/www.strassenweb.de\\\/nachrichten\\\/wp-content\\\/uploads\\\/2024\\\/09\\\/strassenweb-150x150.jpg\",\"caption\":\"Robert Hoffmann\"},\"description\":\"Ich hei\u00dfe Robert Hoffmann und ich bin ein leidenschaftlicher Verfechter von \u00d6kologie und Biodiversit\u00e4t. Seit meiner Kindheit in den W\u00e4ldern Bayerns f\u00fchle ich mich mit der Natur verbunden und bin entschlossen, sie zu sch\u00fctzen. Heute widme ich mein Leben der Sensibilisierung anderer f\u00fcr die Bedeutung des Umweltschutzes f\u00fcr zuk\u00fcnftige Generationen.\",\"sameAs\":[\"https:\\\/\\\/www.strassenweb.de\\\/\"]}]}<\/script>\n<!-- \/ Yoast SEO plugin. -->","yoast_head_json":{"title":"Ich habe mehr als 200 Stunden mit Vakuum getestet - ich denke - Nachrichten - Stra\u00dfenweb","robots":{"index":"index","follow":"follow","max-snippet":"max-snippet:-1","max-image-preview":"max-image-preview:large","max-video-preview":"max-video-preview:-1"},"canonical":"https:\/\/www.strassenweb.de\/nachrichten\/ich-habe-mehr-als-200-stunden-mit-vakuum-getestet-ich-denke\/","og_locale":"de_DE","og_type":"article","og_title":"Ich habe mehr als 200 Stunden mit Vakuum getestet - ich denke - Nachrichten - Stra\u00dfenweb","og_description":"Ich habe mehr als 200 Stunden lang Staubsauger und viel mehr Schreibbewertungen, Funktionen und Expertenf\u00fchrer getestet. Infolgedessen kenne ich diesen Markt und die Technologie innen","og_url":"https:\/\/www.strassenweb.de\/nachrichten\/ich-habe-mehr-als-200-stunden-mit-vakuum-getestet-ich-denke\/","og_site_name":"Stra\u00dfenweb","article_publisher":"https:\/\/www.facebook.com\/strassenweb\/","article_published_time":"2025-04-08T10:45:48+00:00","article_modified_time":"2025-04-08T10:45:49+00:00","og_image":[{"width":1200,"height":675,"url":"https:\/\/www.strassenweb.de\/nachrichten\/wp-content\/uploads\/2025\/04\/Ich-habe-mehr-als-200-Stunden-mit-Vakuum-getestet.jpg","type":"image\/jpeg"}],"author":"Robert Hoffmann","twitter_card":"summary_large_image","twitter_misc":{"Verfasst von":"Robert Hoffmann","Gesch\u00e4tzte Lesezeit":"6\u00a0Minuten"},"schema":{"@context":"https:\/\/schema.org","@graph":[{"@type":"Article","@id":"https:\/\/www.strassenweb.de\/nachrichten\/ich-habe-mehr-als-200-stunden-mit-vakuum-getestet-ich-denke\/#article","isPartOf":{"@id":"https:\/\/www.strassenweb.de\/nachrichten\/ich-habe-mehr-als-200-stunden-mit-vakuum-getestet-ich-denke\/"},"author":{"name":"Robert Hoffmann","@id":"https:\/\/www.strassenweb.de\/nachrichten\/#\/schema\/person\/87c9c9067f1211da429a744dc5a5aa41"},"headline":"Ich habe mehr als 200 Stunden mit Vakuum getestet &#8211; ich denke","datePublished":"2025-04-08T10:45:48+00:00","dateModified":"2025-04-08T10:45:49+00:00","mainEntityOfPage":{"@id":"https:\/\/www.strassenweb.de\/nachrichten\/ich-habe-mehr-als-200-stunden-mit-vakuum-getestet-ich-denke\/"},"wordCount":1179,"publisher":{"@id":"https:\/\/www.strassenweb.de\/nachrichten\/#organization"},"image":{"@id":"https:\/\/www.strassenweb.de\/nachrichten\/ich-habe-mehr-als-200-stunden-mit-vakuum-getestet-ich-denke\/#primaryimage"},"thumbnailUrl":"https:\/\/www.strassenweb.de\/nachrichten\/wp-content\/uploads\/2025\/04\/Ich-habe-mehr-als-200-Stunden-mit-Vakuum-getestet.jpg","keywords":["als","denke","getestet","habe","ich","mehr","mit","Stunden","Vakuum"],"articleSection":["Haus &amp; Garten"],"inLanguage":"de"},{"@type":"WebPage","@id":"https:\/\/www.strassenweb.de\/nachrichten\/ich-habe-mehr-als-200-stunden-mit-vakuum-getestet-ich-denke\/","url":"https:\/\/www.strassenweb.de\/nachrichten\/ich-habe-mehr-als-200-stunden-mit-vakuum-getestet-ich-denke\/","name":"Ich habe mehr als 200 Stunden mit Vakuum getestet - ich denke - Nachrichten - Stra\u00dfenweb","isPartOf":{"@id":"https:\/\/www.strassenweb.de\/nachrichten\/#website"},"primaryImageOfPage":{"@id":"https:\/\/www.strassenweb.de\/nachrichten\/ich-habe-mehr-als-200-stunden-mit-vakuum-getestet-ich-denke\/#primaryimage"},"image":{"@id":"https:\/\/www.strassenweb.de\/nachrichten\/ich-habe-mehr-als-200-stunden-mit-vakuum-getestet-ich-denke\/#primaryimage"},"thumbnailUrl":"https:\/\/www.strassenweb.de\/nachrichten\/wp-content\/uploads\/2025\/04\/Ich-habe-mehr-als-200-Stunden-mit-Vakuum-getestet.jpg","datePublished":"2025-04-08T10:45:48+00:00","dateModified":"2025-04-08T10:45:49+00:00","breadcrumb":{"@id":"https:\/\/www.strassenweb.de\/nachrichten\/ich-habe-mehr-als-200-stunden-mit-vakuum-getestet-ich-denke\/#breadcrumb"},"inLanguage":"de","potentialAction":[{"@type":"ReadAction","target":["https:\/\/www.strassenweb.de\/nachrichten\/ich-habe-mehr-als-200-stunden-mit-vakuum-getestet-ich-denke\/"]}]},{"@type":"ImageObject","inLanguage":"de","@id":"https:\/\/www.strassenweb.de\/nachrichten\/ich-habe-mehr-als-200-stunden-mit-vakuum-getestet-ich-denke\/#primaryimage","url":"https:\/\/www.strassenweb.de\/nachrichten\/wp-content\/uploads\/2025\/04\/Ich-habe-mehr-als-200-Stunden-mit-Vakuum-getestet.jpg","contentUrl":"https:\/\/www.strassenweb.de\/nachrichten\/wp-content\/uploads\/2025\/04\/Ich-habe-mehr-als-200-Stunden-mit-Vakuum-getestet.jpg","width":1200,"height":675,"caption":"Ich habe mehr als 200 Stunden mit Vakuum getestet - ich denke"},{"@type":"BreadcrumbList","@id":"https:\/\/www.strassenweb.de\/nachrichten\/ich-habe-mehr-als-200-stunden-mit-vakuum-getestet-ich-denke\/#breadcrumb","itemListElement":[{"@type":"ListItem","position":1,"name":"Home","item":"https:\/\/www.strassenweb.de\/nachrichten\/"},{"@type":"ListItem","position":2,"name":"Ich habe mehr als 200 Stunden mit Vakuum getestet &#8211; ich denke"}]},{"@type":"WebSite","@id":"https:\/\/www.strassenweb.de\/nachrichten\/#website","url":"https:\/\/www.strassenweb.de\/nachrichten\/","name":"Stra\u00dfenweb","description":"Stra\u00dfenverzeichnis f\u00fcr Deutschland","publisher":{"@id":"https:\/\/www.strassenweb.de\/nachrichten\/#organization"},"potentialAction":[{"@type":"SearchAction","target":{"@type":"EntryPoint","urlTemplate":"https:\/\/www.strassenweb.de\/nachrichten\/?s={search_term_string}"},"query-input":{"@type":"PropertyValueSpecification","valueRequired":true,"valueName":"search_term_string"}}],"inLanguage":"de"},{"@type":"Organization","@id":"https:\/\/www.strassenweb.de\/nachrichten\/#organization","name":"Stra\u00dfenweb","url":"https:\/\/www.strassenweb.de\/nachrichten\/","logo":{"@type":"ImageObject","inLanguage":"de","@id":"https:\/\/www.strassenweb.de\/nachrichten\/#\/schema\/logo\/image\/","url":"https:\/\/www.strassenweb.de\/nachrichten\/wp-content\/uploads\/2024\/09\/cropped-favicon.png","contentUrl":"https:\/\/www.strassenweb.de\/nachrichten\/wp-content\/uploads\/2024\/09\/cropped-favicon.png","width":512,"height":512,"caption":"Stra\u00dfenweb"},"image":{"@id":"https:\/\/www.strassenweb.de\/nachrichten\/#\/schema\/logo\/image\/"},"sameAs":["https:\/\/www.facebook.com\/strassenweb\/"]},{"@type":"Person","@id":"https:\/\/www.strassenweb.de\/nachrichten\/#\/schema\/person\/87c9c9067f1211da429a744dc5a5aa41","name":"Robert Hoffmann","image":{"@type":"ImageObject","inLanguage":"de","@id":"https:\/\/www.strassenweb.de\/nachrichten\/wp-content\/uploads\/2024\/09\/strassenweb-150x150.jpg","url":"https:\/\/www.strassenweb.de\/nachrichten\/wp-content\/uploads\/2024\/09\/strassenweb-150x150.jpg","contentUrl":"https:\/\/www.strassenweb.de\/nachrichten\/wp-content\/uploads\/2024\/09\/strassenweb-150x150.jpg","caption":"Robert Hoffmann"},"description":"Ich hei\u00dfe Robert Hoffmann und ich bin ein leidenschaftlicher Verfechter von \u00d6kologie und Biodiversit\u00e4t. Seit meiner Kindheit in den W\u00e4ldern Bayerns f\u00fchle ich mich mit der Natur verbunden und bin entschlossen, sie zu sch\u00fctzen. Heute widme ich mein Leben der Sensibilisierung anderer f\u00fcr die Bedeutung des Umweltschutzes f\u00fcr zuk\u00fcnftige Generationen.","sameAs":["https:\/\/www.strassenweb.de\/"]}]}},"_links":{"self":[{"href":"https:\/\/www.strassenweb.de\/nachrichten\/wp-json\/wp\/v2\/posts\/4347","targetHints":{"allow":["GET"]}}],"collection":[{"href":"https:\/\/www.strassenweb.de\/nachrichten\/wp-json\/wp\/v2\/posts"}],"about":[{"href":"https:\/\/www.strassenweb.de\/nachrichten\/wp-json\/wp\/v2\/types\/post"}],"author":[{"embeddable":true,"href":"https:\/\/www.strassenweb.de\/nachrichten\/wp-json\/wp\/v2\/users\/1"}],"replies":[{"embeddable":true,"href":"https:\/\/www.strassenweb.de\/nachrichten\/wp-json\/wp\/v2\/comments?post=4347"}],"version-history":[{"count":0,"href":"https:\/\/www.strassenweb.de\/nachrichten\/wp-json\/wp\/v2\/posts\/4347\/revisions"}],"wp:featuredmedia":[{"embeddable":true,"href":"https:\/\/www.strassenweb.de\/nachrichten\/wp-json\/wp\/v2\/media\/4348"}],"wp:attachment":[{"href":"https:\/\/www.strassenweb.de\/nachrichten\/wp-json\/wp\/v2\/media?parent=4347"}],"wp:term":[{"taxonomy":"category","embeddable":true,"href":"https:\/\/www.strassenweb.de\/nachrichten\/wp-json\/wp\/v2\/categories?post=4347"},{"taxonomy":"post_tag","embeddable":true,"href":"https:\/\/www.strassenweb.de\/nachrichten\/wp-json\/wp\/v2\/tags?post=4347"}],"curies":[{"name":"wp","href":"https:\/\/api.w.org\/{rel}","templated":true}]}}