{"id":4323,"date":"2025-04-07T00:43:26","date_gmt":"2025-04-06T22:43:26","guid":{"rendered":"https:\/\/www.strassenweb.de\/nachrichten\/martha-stewart-verwendet-diese-mehrzwecktasche-die-ganze-zeit-auf-ihrer-bedford-farm-ist-es-so-nuetzlich-um-zu-tragen-zu-organisieren-und-zu-lagern\/"},"modified":"2025-04-07T00:43:26","modified_gmt":"2025-04-06T22:43:26","slug":"martha-stewart-verwendet-diese-mehrzwecktasche-die-ganze-zeit-auf-ihrer-bedford-farm-ist-es-so-nuetzlich-um-zu-tragen-zu-organisieren-und-zu-lagern","status":"publish","type":"post","link":"https:\/\/www.strassenweb.de\/nachrichten\/martha-stewart-verwendet-diese-mehrzwecktasche-die-ganze-zeit-auf-ihrer-bedford-farm-ist-es-so-nuetzlich-um-zu-tragen-zu-organisieren-und-zu-lagern\/","title":{"rendered":"Martha Stewart verwendet diese Mehrzwecktasche &#8222;Die ganze Zeit&#8220; auf ihrer Bedford Farm-&#8222;ist es so n\u00fctzlich, um zu tragen, zu organisieren und zu lagern&#8220;."},"content":{"rendered":"<p><\/p>\n<div id=\"article-body\" class=\"article__body \">\n<p>Martha Stewarts Einfluss braucht keine Einf\u00fchrung, und nirgends zeigt nirgends ihre Kraft wie den Garten. Seit Jahrzehnten strebt Martha darauf ab, die Gartenarbeit nahtloser zu gestalten, und Jahr f\u00fcr Jahr \u00fcbertroffen sie sich weiterhin.<\/p>\n<div id=\"ad-unit-1\" class=\"ad-unit\"><\/div>\n<p>Vor kurzem hat Martha beispielsweise eine schwere Garten-Tasche (erh\u00e4ltlich bei QVC) entwickelt, um das Tragen und Organisieren sowohl innerhalb als auch au\u00dferhalb des Hauses zu vereinfachen. Die Tasche, ein Grundnahrungsmittel von Martha Stewarts Sammlungen, ist oft in ihrer Bedford Farm zu sehen, wie sie in ihrem Blog enth\u00fcllt.<\/p>\n<aside class=\"hawk-base\" data-block-type=\"embed\" data-render-type=\"fte\" data-skip=\"dealsy\" data-widget-type=\"seasonal\">\n<div class=\"hawk-master-widget-hawk-base-wrapper\"><\/div>\n<\/aside>\n<p>&#8222;Wenn Sie damit besch\u00e4ftigt sind, die Aufgaben im Haus und im Garten zu erledigen, hoffe ich, dass Sie meine Mehrzweck wiederverwendbare Heavy-Duty-Tasche haben-sie ist so n\u00fctzlich, um so viele Dinge drinnen und drau\u00dfen zu tragen, zu organisieren und zu speichern&#8220;, sagt Martha.<\/p>\n<div id=\"desktop-in-article\" class=\"in-article ad-unit\">\n<div id=\"desktop-taboola-mid-article\"><\/div>\n<\/div>\n<div id=\"mobile-in-article\" class=\"in-article ad-unit\">\n<div id=\"mobile-taboola-mid-article\"><\/div>\n<\/div>\n<p>In ihrem Blog demonstriert Martha die Verwendung der Tasche in ihrer legend\u00e4ren Farm. Sie arbeitete zusammen mit ihrer Gel\u00e4ndecrew, die die Rasenfl\u00e4chen, Paddocks und Heufelder rund um das Grundst\u00fcck m\u00e4hte.<\/p>\n<div class=\"van_vid_carousel\">\n<div class=\"van_vid_carousel__padding\">\n<div class=\"van_vid_carousel__container\"><\/div>\n<\/div>\n<\/div>\n<p>Wir verwenden auch meine Mehrzweck-Totes zum Sammeln von Grasausschnitten und all den gezogenen Unkr\u00e4utern-ger\u00e4umig, hell und so langlebig, dass diese Taschen im Haus und im Hof \u200b\u200bMust-Haves sind \u201c, sagt Marths.<\/p>\n<div id=\"ad-unit-2\" class=\"ad-unit\"><\/div>\n<p>\u201eIch liebe diese Tasche und benutze sie die ganze Zeit auf meiner Farm. Es besteht aus rauem, rissbest\u00e4ndigen, gewebten Polypropylen-Stoff-perfekt, um alles und jeden zu halten. Jede Beutel misst ungef\u00e4hr 20 Zoll breit und 20 Zoll lang und 24 Zoll gro\u00df. &#8218;<\/p>\n<p>Angesichts Marthas Liebe zur Tasche ist es nicht \u00fcberraschend, dass sie der Crew, die an ihrem expansiven Garten arbeitet, etwas gab. \u201eIch habe viele dieser Taschen f\u00fcr die Crew &#8211; sie lieben die Portabilit\u00e4t dieser Tasche. Es hat eine einfache halbw\u00e4lzte Pop-up-Montage, die f\u00fcr kompakte Aufbewahrung flach faltet \u201c, sagt sie.<\/p>\n<div id=\"slice-container-newsletterForm-articleInbodyContent-Vgdb6ejrsy6JBrmZj2GEtQ\" class=\"slice-container newsletter-inbodyContent-slice newsletterForm-articleInbodyContent-Vgdb6ejrsy6JBrmZj2GEtQ slice-container-newsletterForm\"><\/div>\n<p>Die Tasche ist ein herausragender Bestandteil der Sammlung von Martha Stewart, aber es ist nicht das einzige St\u00fcck, das uns auff\u00e4llt. Wir haben k\u00fcrzlich die Auswahl von QVC durchgesehen und das Wesentliche zusammengefasst, das Sie vor dem Sommer ben\u00f6tigen. Sie alle tragen Marthas guten Namen, sodass Sie sicher sein k\u00f6nnen, dass sie im Test der Zeit gut aussehen.<\/p>\n<div class=\"product-container hero-product-container product-block-no-wrap\"><\/div>\n<hr>\n<\/div>\n","protected":false},"excerpt":{"rendered":"<p>Martha Stewarts Einfluss braucht keine Einf\u00fchrung, und nirgends zeigt nirgends ihre Kraft wie den Garten. Seit Jahrzehnten strebt Martha darauf ab, die Gartenarbeit nahtloser zu<\/p>\n","protected":false},"author":1,"featured_media":1573,"comment_status":"closed","ping_status":"","sticky":false,"template":"","format":"standard","meta":{"footnotes":""},"categories":[118],"tags":[46,6489,9,143,6490,383,11,2289,2894,6488,6491,1532,3131,4409,37,207,526],"class_list":["post-4323","post","type-post","status-publish","format-standard","has-post-thumbnail","hentry","category-haus-garten","tag-auf","tag-bedford","tag-die","tag-diese","tag-farmist","tag-ganze","tag-ihrer","tag-lagern","tag-martha","tag-mehrzwecktasche","tag-nuetzlich","tag-organisieren","tag-stewart","tag-tragen","tag-und","tag-verwendet","tag-zeit","generate-columns","tablet-grid-50","mobile-grid-100","grid-parent","grid-50"],"yoast_head":"<!-- This site is optimized with the Yoast SEO plugin v27.3 - https:\/\/yoast.com\/product\/yoast-seo-wordpress\/ -->\n<title>Martha Stewart verwendet diese Mehrzwecktasche &quot;Die ganze Zeit&quot; auf ihrer Bedford Farm-&quot;ist es so n\u00fctzlich, um zu tragen, zu organisieren und zu lagern&quot;. - Nachrichten - Stra\u00dfenweb<\/title>\n<meta name=\"robots\" content=\"index, follow, max-snippet:-1, max-image-preview:large, max-video-preview:-1\" \/>\n<link rel=\"canonical\" href=\"https:\/\/www.strassenweb.de\/nachrichten\/martha-stewart-verwendet-diese-mehrzwecktasche-die-ganze-zeit-auf-ihrer-bedford-farm-ist-es-so-nuetzlich-um-zu-tragen-zu-organisieren-und-zu-lagern\/\" \/>\n<meta property=\"og:locale\" content=\"de_DE\" \/>\n<meta property=\"og:type\" content=\"article\" \/>\n<meta property=\"og:title\" content=\"Martha Stewart verwendet diese Mehrzwecktasche &quot;Die ganze Zeit&quot; auf ihrer Bedford Farm-&quot;ist es so n\u00fctzlich, um zu tragen, zu organisieren und zu lagern&quot;. - Nachrichten - Stra\u00dfenweb\" \/>\n<meta property=\"og:description\" content=\"Martha Stewarts Einfluss braucht keine Einf\u00fchrung, und nirgends zeigt nirgends ihre Kraft wie den Garten. Seit Jahrzehnten strebt Martha darauf ab, die Gartenarbeit nahtloser zu\" \/>\n<meta property=\"og:url\" content=\"https:\/\/www.strassenweb.de\/nachrichten\/martha-stewart-verwendet-diese-mehrzwecktasche-die-ganze-zeit-auf-ihrer-bedford-farm-ist-es-so-nuetzlich-um-zu-tragen-zu-organisieren-und-zu-lagern\/\" \/>\n<meta property=\"og:site_name\" content=\"Stra\u00dfenweb\" \/>\n<meta property=\"article:publisher\" content=\"https:\/\/www.facebook.com\/strassenweb\/\" \/>\n<meta property=\"article:published_time\" content=\"2025-04-06T22:43:26+00:00\" \/>\n<meta property=\"og:image\" content=\"https:\/\/www.strassenweb.de\/nachrichten\/wp-content\/uploads\/2024\/11\/Martha-Stewarts-ikonischer-Turkey-Hill-Garten-ist-eine-Meisterklasse-der-Bepflanzung.jpg\" \/>\n\t<meta property=\"og:image:width\" content=\"1200\" \/>\n\t<meta property=\"og:image:height\" content=\"675\" \/>\n\t<meta property=\"og:image:type\" content=\"image\/jpeg\" \/>\n<meta name=\"author\" content=\"Robert Hoffmann\" \/>\n<meta name=\"twitter:card\" content=\"summary_large_image\" \/>\n<meta name=\"twitter:label1\" content=\"Verfasst von\" \/>\n\t<meta name=\"twitter:data1\" content=\"Robert Hoffmann\" \/>\n\t<meta name=\"twitter:label2\" content=\"Gesch\u00e4tzte Lesezeit\" \/>\n\t<meta name=\"twitter:data2\" content=\"2\u00a0Minuten\" \/>\n<script type=\"application\/ld+json\" class=\"yoast-schema-graph\">{\"@context\":\"https:\\\/\\\/schema.org\",\"@graph\":[{\"@type\":\"Article\",\"@id\":\"https:\\\/\\\/www.strassenweb.de\\\/nachrichten\\\/martha-stewart-verwendet-diese-mehrzwecktasche-die-ganze-zeit-auf-ihrer-bedford-farm-ist-es-so-nuetzlich-um-zu-tragen-zu-organisieren-und-zu-lagern\\\/#article\",\"isPartOf\":{\"@id\":\"https:\\\/\\\/www.strassenweb.de\\\/nachrichten\\\/martha-stewart-verwendet-diese-mehrzwecktasche-die-ganze-zeit-auf-ihrer-bedford-farm-ist-es-so-nuetzlich-um-zu-tragen-zu-organisieren-und-zu-lagern\\\/\"},\"author\":{\"name\":\"Robert Hoffmann\",\"@id\":\"https:\\\/\\\/www.strassenweb.de\\\/nachrichten\\\/#\\\/schema\\\/person\\\/87c9c9067f1211da429a744dc5a5aa41\"},\"headline\":\"Martha Stewart verwendet diese Mehrzwecktasche &#8222;Die ganze Zeit&#8220; auf ihrer Bedford Farm-&#8222;ist es so n\u00fctzlich, um zu tragen, zu organisieren und zu lagern&#8220;.\",\"datePublished\":\"2025-04-06T22:43:26+00:00\",\"mainEntityOfPage\":{\"@id\":\"https:\\\/\\\/www.strassenweb.de\\\/nachrichten\\\/martha-stewart-verwendet-diese-mehrzwecktasche-die-ganze-zeit-auf-ihrer-bedford-farm-ist-es-so-nuetzlich-um-zu-tragen-zu-organisieren-und-zu-lagern\\\/\"},\"wordCount\":381,\"publisher\":{\"@id\":\"https:\\\/\\\/www.strassenweb.de\\\/nachrichten\\\/#organization\"},\"image\":{\"@id\":\"https:\\\/\\\/www.strassenweb.de\\\/nachrichten\\\/martha-stewart-verwendet-diese-mehrzwecktasche-die-ganze-zeit-auf-ihrer-bedford-farm-ist-es-so-nuetzlich-um-zu-tragen-zu-organisieren-und-zu-lagern\\\/#primaryimage\"},\"thumbnailUrl\":\"https:\\\/\\\/www.strassenweb.de\\\/nachrichten\\\/wp-content\\\/uploads\\\/2024\\\/11\\\/Martha-Stewarts-ikonischer-Turkey-Hill-Garten-ist-eine-Meisterklasse-der-Bepflanzung.jpg\",\"keywords\":[\"auf\",\"Bedford\",\"die\",\"diese\",\"Farmist\",\"ganze\",\"ihrer\",\"lagern\",\"Martha\",\"Mehrzwecktasche\",\"n\u00fctzlich\",\"organisieren\",\"Stewart\",\"Tragen\",\"und\",\"verwendet\",\"Zeit\"],\"articleSection\":[\"Haus &amp; Garten\"],\"inLanguage\":\"de\"},{\"@type\":\"WebPage\",\"@id\":\"https:\\\/\\\/www.strassenweb.de\\\/nachrichten\\\/martha-stewart-verwendet-diese-mehrzwecktasche-die-ganze-zeit-auf-ihrer-bedford-farm-ist-es-so-nuetzlich-um-zu-tragen-zu-organisieren-und-zu-lagern\\\/\",\"url\":\"https:\\\/\\\/www.strassenweb.de\\\/nachrichten\\\/martha-stewart-verwendet-diese-mehrzwecktasche-die-ganze-zeit-auf-ihrer-bedford-farm-ist-es-so-nuetzlich-um-zu-tragen-zu-organisieren-und-zu-lagern\\\/\",\"name\":\"Martha Stewart verwendet diese Mehrzwecktasche \\\"Die ganze Zeit\\\" auf ihrer Bedford Farm-\\\"ist es so n\u00fctzlich, um zu tragen, zu organisieren und zu lagern\\\". - Nachrichten - Stra\u00dfenweb\",\"isPartOf\":{\"@id\":\"https:\\\/\\\/www.strassenweb.de\\\/nachrichten\\\/#website\"},\"primaryImageOfPage\":{\"@id\":\"https:\\\/\\\/www.strassenweb.de\\\/nachrichten\\\/martha-stewart-verwendet-diese-mehrzwecktasche-die-ganze-zeit-auf-ihrer-bedford-farm-ist-es-so-nuetzlich-um-zu-tragen-zu-organisieren-und-zu-lagern\\\/#primaryimage\"},\"image\":{\"@id\":\"https:\\\/\\\/www.strassenweb.de\\\/nachrichten\\\/martha-stewart-verwendet-diese-mehrzwecktasche-die-ganze-zeit-auf-ihrer-bedford-farm-ist-es-so-nuetzlich-um-zu-tragen-zu-organisieren-und-zu-lagern\\\/#primaryimage\"},\"thumbnailUrl\":\"https:\\\/\\\/www.strassenweb.de\\\/nachrichten\\\/wp-content\\\/uploads\\\/2024\\\/11\\\/Martha-Stewarts-ikonischer-Turkey-Hill-Garten-ist-eine-Meisterklasse-der-Bepflanzung.jpg\",\"datePublished\":\"2025-04-06T22:43:26+00:00\",\"breadcrumb\":{\"@id\":\"https:\\\/\\\/www.strassenweb.de\\\/nachrichten\\\/martha-stewart-verwendet-diese-mehrzwecktasche-die-ganze-zeit-auf-ihrer-bedford-farm-ist-es-so-nuetzlich-um-zu-tragen-zu-organisieren-und-zu-lagern\\\/#breadcrumb\"},\"inLanguage\":\"de\",\"potentialAction\":[{\"@type\":\"ReadAction\",\"target\":[\"https:\\\/\\\/www.strassenweb.de\\\/nachrichten\\\/martha-stewart-verwendet-diese-mehrzwecktasche-die-ganze-zeit-auf-ihrer-bedford-farm-ist-es-so-nuetzlich-um-zu-tragen-zu-organisieren-und-zu-lagern\\\/\"]}]},{\"@type\":\"ImageObject\",\"inLanguage\":\"de\",\"@id\":\"https:\\\/\\\/www.strassenweb.de\\\/nachrichten\\\/martha-stewart-verwendet-diese-mehrzwecktasche-die-ganze-zeit-auf-ihrer-bedford-farm-ist-es-so-nuetzlich-um-zu-tragen-zu-organisieren-und-zu-lagern\\\/#primaryimage\",\"url\":\"https:\\\/\\\/www.strassenweb.de\\\/nachrichten\\\/wp-content\\\/uploads\\\/2024\\\/11\\\/Martha-Stewarts-ikonischer-Turkey-Hill-Garten-ist-eine-Meisterklasse-der-Bepflanzung.jpg\",\"contentUrl\":\"https:\\\/\\\/www.strassenweb.de\\\/nachrichten\\\/wp-content\\\/uploads\\\/2024\\\/11\\\/Martha-Stewarts-ikonischer-Turkey-Hill-Garten-ist-eine-Meisterklasse-der-Bepflanzung.jpg\",\"width\":1200,\"height\":675,\"caption\":\"Martha Stewarts ikonischer Turkey Hill-Garten ist eine Meisterklasse der Bepflanzung in Neuengland \u2013 ich komme aus Connecticut und das sind die Elemente, die mich an meine Heimat erinnern\"},{\"@type\":\"BreadcrumbList\",\"@id\":\"https:\\\/\\\/www.strassenweb.de\\\/nachrichten\\\/martha-stewart-verwendet-diese-mehrzwecktasche-die-ganze-zeit-auf-ihrer-bedford-farm-ist-es-so-nuetzlich-um-zu-tragen-zu-organisieren-und-zu-lagern\\\/#breadcrumb\",\"itemListElement\":[{\"@type\":\"ListItem\",\"position\":1,\"name\":\"Home\",\"item\":\"https:\\\/\\\/www.strassenweb.de\\\/nachrichten\\\/\"},{\"@type\":\"ListItem\",\"position\":2,\"name\":\"Martha Stewart verwendet diese Mehrzwecktasche &#8222;Die ganze Zeit&#8220; auf ihrer Bedford Farm-&#8222;ist es so n\u00fctzlich, um zu tragen, zu organisieren und zu lagern&#8220;.\"}]},{\"@type\":\"WebSite\",\"@id\":\"https:\\\/\\\/www.strassenweb.de\\\/nachrichten\\\/#website\",\"url\":\"https:\\\/\\\/www.strassenweb.de\\\/nachrichten\\\/\",\"name\":\"Stra\u00dfenweb\",\"description\":\"Stra\u00dfenverzeichnis f\u00fcr Deutschland\",\"publisher\":{\"@id\":\"https:\\\/\\\/www.strassenweb.de\\\/nachrichten\\\/#organization\"},\"potentialAction\":[{\"@type\":\"SearchAction\",\"target\":{\"@type\":\"EntryPoint\",\"urlTemplate\":\"https:\\\/\\\/www.strassenweb.de\\\/nachrichten\\\/?s={search_term_string}\"},\"query-input\":{\"@type\":\"PropertyValueSpecification\",\"valueRequired\":true,\"valueName\":\"search_term_string\"}}],\"inLanguage\":\"de\"},{\"@type\":\"Organization\",\"@id\":\"https:\\\/\\\/www.strassenweb.de\\\/nachrichten\\\/#organization\",\"name\":\"Stra\u00dfenweb\",\"url\":\"https:\\\/\\\/www.strassenweb.de\\\/nachrichten\\\/\",\"logo\":{\"@type\":\"ImageObject\",\"inLanguage\":\"de\",\"@id\":\"https:\\\/\\\/www.strassenweb.de\\\/nachrichten\\\/#\\\/schema\\\/logo\\\/image\\\/\",\"url\":\"https:\\\/\\\/www.strassenweb.de\\\/nachrichten\\\/wp-content\\\/uploads\\\/2024\\\/09\\\/cropped-favicon.png\",\"contentUrl\":\"https:\\\/\\\/www.strassenweb.de\\\/nachrichten\\\/wp-content\\\/uploads\\\/2024\\\/09\\\/cropped-favicon.png\",\"width\":512,\"height\":512,\"caption\":\"Stra\u00dfenweb\"},\"image\":{\"@id\":\"https:\\\/\\\/www.strassenweb.de\\\/nachrichten\\\/#\\\/schema\\\/logo\\\/image\\\/\"},\"sameAs\":[\"https:\\\/\\\/www.facebook.com\\\/strassenweb\\\/\"]},{\"@type\":\"Person\",\"@id\":\"https:\\\/\\\/www.strassenweb.de\\\/nachrichten\\\/#\\\/schema\\\/person\\\/87c9c9067f1211da429a744dc5a5aa41\",\"name\":\"Robert Hoffmann\",\"image\":{\"@type\":\"ImageObject\",\"inLanguage\":\"de\",\"@id\":\"https:\\\/\\\/www.strassenweb.de\\\/nachrichten\\\/wp-content\\\/uploads\\\/2024\\\/09\\\/strassenweb-150x150.jpg\",\"url\":\"https:\\\/\\\/www.strassenweb.de\\\/nachrichten\\\/wp-content\\\/uploads\\\/2024\\\/09\\\/strassenweb-150x150.jpg\",\"contentUrl\":\"https:\\\/\\\/www.strassenweb.de\\\/nachrichten\\\/wp-content\\\/uploads\\\/2024\\\/09\\\/strassenweb-150x150.jpg\",\"caption\":\"Robert Hoffmann\"},\"description\":\"Ich hei\u00dfe Robert Hoffmann und ich bin ein leidenschaftlicher Verfechter von \u00d6kologie und Biodiversit\u00e4t. Seit meiner Kindheit in den W\u00e4ldern Bayerns f\u00fchle ich mich mit der Natur verbunden und bin entschlossen, sie zu sch\u00fctzen. Heute widme ich mein Leben der Sensibilisierung anderer f\u00fcr die Bedeutung des Umweltschutzes f\u00fcr zuk\u00fcnftige Generationen.\",\"sameAs\":[\"https:\\\/\\\/www.strassenweb.de\\\/\"]}]}<\/script>\n<!-- \/ Yoast SEO plugin. -->","yoast_head_json":{"title":"Martha Stewart verwendet diese Mehrzwecktasche \"Die ganze Zeit\" auf ihrer Bedford Farm-\"ist es so n\u00fctzlich, um zu tragen, zu organisieren und zu lagern\". - Nachrichten - Stra\u00dfenweb","robots":{"index":"index","follow":"follow","max-snippet":"max-snippet:-1","max-image-preview":"max-image-preview:large","max-video-preview":"max-video-preview:-1"},"canonical":"https:\/\/www.strassenweb.de\/nachrichten\/martha-stewart-verwendet-diese-mehrzwecktasche-die-ganze-zeit-auf-ihrer-bedford-farm-ist-es-so-nuetzlich-um-zu-tragen-zu-organisieren-und-zu-lagern\/","og_locale":"de_DE","og_type":"article","og_title":"Martha Stewart verwendet diese Mehrzwecktasche \"Die ganze Zeit\" auf ihrer Bedford Farm-\"ist es so n\u00fctzlich, um zu tragen, zu organisieren und zu lagern\". - Nachrichten - Stra\u00dfenweb","og_description":"Martha Stewarts Einfluss braucht keine Einf\u00fchrung, und nirgends zeigt nirgends ihre Kraft wie den Garten. Seit Jahrzehnten strebt Martha darauf ab, die Gartenarbeit nahtloser zu","og_url":"https:\/\/www.strassenweb.de\/nachrichten\/martha-stewart-verwendet-diese-mehrzwecktasche-die-ganze-zeit-auf-ihrer-bedford-farm-ist-es-so-nuetzlich-um-zu-tragen-zu-organisieren-und-zu-lagern\/","og_site_name":"Stra\u00dfenweb","article_publisher":"https:\/\/www.facebook.com\/strassenweb\/","article_published_time":"2025-04-06T22:43:26+00:00","og_image":[{"width":1200,"height":675,"url":"https:\/\/www.strassenweb.de\/nachrichten\/wp-content\/uploads\/2024\/11\/Martha-Stewarts-ikonischer-Turkey-Hill-Garten-ist-eine-Meisterklasse-der-Bepflanzung.jpg","type":"image\/jpeg"}],"author":"Robert Hoffmann","twitter_card":"summary_large_image","twitter_misc":{"Verfasst von":"Robert Hoffmann","Gesch\u00e4tzte Lesezeit":"2\u00a0Minuten"},"schema":{"@context":"https:\/\/schema.org","@graph":[{"@type":"Article","@id":"https:\/\/www.strassenweb.de\/nachrichten\/martha-stewart-verwendet-diese-mehrzwecktasche-die-ganze-zeit-auf-ihrer-bedford-farm-ist-es-so-nuetzlich-um-zu-tragen-zu-organisieren-und-zu-lagern\/#article","isPartOf":{"@id":"https:\/\/www.strassenweb.de\/nachrichten\/martha-stewart-verwendet-diese-mehrzwecktasche-die-ganze-zeit-auf-ihrer-bedford-farm-ist-es-so-nuetzlich-um-zu-tragen-zu-organisieren-und-zu-lagern\/"},"author":{"name":"Robert Hoffmann","@id":"https:\/\/www.strassenweb.de\/nachrichten\/#\/schema\/person\/87c9c9067f1211da429a744dc5a5aa41"},"headline":"Martha Stewart verwendet diese Mehrzwecktasche &#8222;Die ganze Zeit&#8220; auf ihrer Bedford Farm-&#8222;ist es so n\u00fctzlich, um zu tragen, zu organisieren und zu lagern&#8220;.","datePublished":"2025-04-06T22:43:26+00:00","mainEntityOfPage":{"@id":"https:\/\/www.strassenweb.de\/nachrichten\/martha-stewart-verwendet-diese-mehrzwecktasche-die-ganze-zeit-auf-ihrer-bedford-farm-ist-es-so-nuetzlich-um-zu-tragen-zu-organisieren-und-zu-lagern\/"},"wordCount":381,"publisher":{"@id":"https:\/\/www.strassenweb.de\/nachrichten\/#organization"},"image":{"@id":"https:\/\/www.strassenweb.de\/nachrichten\/martha-stewart-verwendet-diese-mehrzwecktasche-die-ganze-zeit-auf-ihrer-bedford-farm-ist-es-so-nuetzlich-um-zu-tragen-zu-organisieren-und-zu-lagern\/#primaryimage"},"thumbnailUrl":"https:\/\/www.strassenweb.de\/nachrichten\/wp-content\/uploads\/2024\/11\/Martha-Stewarts-ikonischer-Turkey-Hill-Garten-ist-eine-Meisterklasse-der-Bepflanzung.jpg","keywords":["auf","Bedford","die","diese","Farmist","ganze","ihrer","lagern","Martha","Mehrzwecktasche","n\u00fctzlich","organisieren","Stewart","Tragen","und","verwendet","Zeit"],"articleSection":["Haus &amp; Garten"],"inLanguage":"de"},{"@type":"WebPage","@id":"https:\/\/www.strassenweb.de\/nachrichten\/martha-stewart-verwendet-diese-mehrzwecktasche-die-ganze-zeit-auf-ihrer-bedford-farm-ist-es-so-nuetzlich-um-zu-tragen-zu-organisieren-und-zu-lagern\/","url":"https:\/\/www.strassenweb.de\/nachrichten\/martha-stewart-verwendet-diese-mehrzwecktasche-die-ganze-zeit-auf-ihrer-bedford-farm-ist-es-so-nuetzlich-um-zu-tragen-zu-organisieren-und-zu-lagern\/","name":"Martha Stewart verwendet diese Mehrzwecktasche \"Die ganze Zeit\" auf ihrer Bedford Farm-\"ist es so n\u00fctzlich, um zu tragen, zu organisieren und zu lagern\". - Nachrichten - Stra\u00dfenweb","isPartOf":{"@id":"https:\/\/www.strassenweb.de\/nachrichten\/#website"},"primaryImageOfPage":{"@id":"https:\/\/www.strassenweb.de\/nachrichten\/martha-stewart-verwendet-diese-mehrzwecktasche-die-ganze-zeit-auf-ihrer-bedford-farm-ist-es-so-nuetzlich-um-zu-tragen-zu-organisieren-und-zu-lagern\/#primaryimage"},"image":{"@id":"https:\/\/www.strassenweb.de\/nachrichten\/martha-stewart-verwendet-diese-mehrzwecktasche-die-ganze-zeit-auf-ihrer-bedford-farm-ist-es-so-nuetzlich-um-zu-tragen-zu-organisieren-und-zu-lagern\/#primaryimage"},"thumbnailUrl":"https:\/\/www.strassenweb.de\/nachrichten\/wp-content\/uploads\/2024\/11\/Martha-Stewarts-ikonischer-Turkey-Hill-Garten-ist-eine-Meisterklasse-der-Bepflanzung.jpg","datePublished":"2025-04-06T22:43:26+00:00","breadcrumb":{"@id":"https:\/\/www.strassenweb.de\/nachrichten\/martha-stewart-verwendet-diese-mehrzwecktasche-die-ganze-zeit-auf-ihrer-bedford-farm-ist-es-so-nuetzlich-um-zu-tragen-zu-organisieren-und-zu-lagern\/#breadcrumb"},"inLanguage":"de","potentialAction":[{"@type":"ReadAction","target":["https:\/\/www.strassenweb.de\/nachrichten\/martha-stewart-verwendet-diese-mehrzwecktasche-die-ganze-zeit-auf-ihrer-bedford-farm-ist-es-so-nuetzlich-um-zu-tragen-zu-organisieren-und-zu-lagern\/"]}]},{"@type":"ImageObject","inLanguage":"de","@id":"https:\/\/www.strassenweb.de\/nachrichten\/martha-stewart-verwendet-diese-mehrzwecktasche-die-ganze-zeit-auf-ihrer-bedford-farm-ist-es-so-nuetzlich-um-zu-tragen-zu-organisieren-und-zu-lagern\/#primaryimage","url":"https:\/\/www.strassenweb.de\/nachrichten\/wp-content\/uploads\/2024\/11\/Martha-Stewarts-ikonischer-Turkey-Hill-Garten-ist-eine-Meisterklasse-der-Bepflanzung.jpg","contentUrl":"https:\/\/www.strassenweb.de\/nachrichten\/wp-content\/uploads\/2024\/11\/Martha-Stewarts-ikonischer-Turkey-Hill-Garten-ist-eine-Meisterklasse-der-Bepflanzung.jpg","width":1200,"height":675,"caption":"Martha Stewarts ikonischer Turkey Hill-Garten ist eine Meisterklasse der Bepflanzung in Neuengland \u2013 ich komme aus Connecticut und das sind die Elemente, die mich an meine Heimat erinnern"},{"@type":"BreadcrumbList","@id":"https:\/\/www.strassenweb.de\/nachrichten\/martha-stewart-verwendet-diese-mehrzwecktasche-die-ganze-zeit-auf-ihrer-bedford-farm-ist-es-so-nuetzlich-um-zu-tragen-zu-organisieren-und-zu-lagern\/#breadcrumb","itemListElement":[{"@type":"ListItem","position":1,"name":"Home","item":"https:\/\/www.strassenweb.de\/nachrichten\/"},{"@type":"ListItem","position":2,"name":"Martha Stewart verwendet diese Mehrzwecktasche &#8222;Die ganze Zeit&#8220; auf ihrer Bedford Farm-&#8222;ist es so n\u00fctzlich, um zu tragen, zu organisieren und zu lagern&#8220;."}]},{"@type":"WebSite","@id":"https:\/\/www.strassenweb.de\/nachrichten\/#website","url":"https:\/\/www.strassenweb.de\/nachrichten\/","name":"Stra\u00dfenweb","description":"Stra\u00dfenverzeichnis f\u00fcr Deutschland","publisher":{"@id":"https:\/\/www.strassenweb.de\/nachrichten\/#organization"},"potentialAction":[{"@type":"SearchAction","target":{"@type":"EntryPoint","urlTemplate":"https:\/\/www.strassenweb.de\/nachrichten\/?s={search_term_string}"},"query-input":{"@type":"PropertyValueSpecification","valueRequired":true,"valueName":"search_term_string"}}],"inLanguage":"de"},{"@type":"Organization","@id":"https:\/\/www.strassenweb.de\/nachrichten\/#organization","name":"Stra\u00dfenweb","url":"https:\/\/www.strassenweb.de\/nachrichten\/","logo":{"@type":"ImageObject","inLanguage":"de","@id":"https:\/\/www.strassenweb.de\/nachrichten\/#\/schema\/logo\/image\/","url":"https:\/\/www.strassenweb.de\/nachrichten\/wp-content\/uploads\/2024\/09\/cropped-favicon.png","contentUrl":"https:\/\/www.strassenweb.de\/nachrichten\/wp-content\/uploads\/2024\/09\/cropped-favicon.png","width":512,"height":512,"caption":"Stra\u00dfenweb"},"image":{"@id":"https:\/\/www.strassenweb.de\/nachrichten\/#\/schema\/logo\/image\/"},"sameAs":["https:\/\/www.facebook.com\/strassenweb\/"]},{"@type":"Person","@id":"https:\/\/www.strassenweb.de\/nachrichten\/#\/schema\/person\/87c9c9067f1211da429a744dc5a5aa41","name":"Robert Hoffmann","image":{"@type":"ImageObject","inLanguage":"de","@id":"https:\/\/www.strassenweb.de\/nachrichten\/wp-content\/uploads\/2024\/09\/strassenweb-150x150.jpg","url":"https:\/\/www.strassenweb.de\/nachrichten\/wp-content\/uploads\/2024\/09\/strassenweb-150x150.jpg","contentUrl":"https:\/\/www.strassenweb.de\/nachrichten\/wp-content\/uploads\/2024\/09\/strassenweb-150x150.jpg","caption":"Robert Hoffmann"},"description":"Ich hei\u00dfe Robert Hoffmann und ich bin ein leidenschaftlicher Verfechter von \u00d6kologie und Biodiversit\u00e4t. Seit meiner Kindheit in den W\u00e4ldern Bayerns f\u00fchle ich mich mit der Natur verbunden und bin entschlossen, sie zu sch\u00fctzen. Heute widme ich mein Leben der Sensibilisierung anderer f\u00fcr die Bedeutung des Umweltschutzes f\u00fcr zuk\u00fcnftige Generationen.","sameAs":["https:\/\/www.strassenweb.de\/"]}]}},"_links":{"self":[{"href":"https:\/\/www.strassenweb.de\/nachrichten\/wp-json\/wp\/v2\/posts\/4323","targetHints":{"allow":["GET"]}}],"collection":[{"href":"https:\/\/www.strassenweb.de\/nachrichten\/wp-json\/wp\/v2\/posts"}],"about":[{"href":"https:\/\/www.strassenweb.de\/nachrichten\/wp-json\/wp\/v2\/types\/post"}],"author":[{"embeddable":true,"href":"https:\/\/www.strassenweb.de\/nachrichten\/wp-json\/wp\/v2\/users\/1"}],"replies":[{"embeddable":true,"href":"https:\/\/www.strassenweb.de\/nachrichten\/wp-json\/wp\/v2\/comments?post=4323"}],"version-history":[{"count":0,"href":"https:\/\/www.strassenweb.de\/nachrichten\/wp-json\/wp\/v2\/posts\/4323\/revisions"}],"wp:featuredmedia":[{"embeddable":true,"href":"https:\/\/www.strassenweb.de\/nachrichten\/wp-json\/wp\/v2\/media\/1573"}],"wp:attachment":[{"href":"https:\/\/www.strassenweb.de\/nachrichten\/wp-json\/wp\/v2\/media?parent=4323"}],"wp:term":[{"taxonomy":"category","embeddable":true,"href":"https:\/\/www.strassenweb.de\/nachrichten\/wp-json\/wp\/v2\/categories?post=4323"},{"taxonomy":"post_tag","embeddable":true,"href":"https:\/\/www.strassenweb.de\/nachrichten\/wp-json\/wp\/v2\/tags?post=4323"}],"curies":[{"name":"wp","href":"https:\/\/api.w.org\/{rel}","templated":true}]}}