{"id":432,"date":"2024-09-30T01:55:53","date_gmt":"2024-09-29T23:55:53","guid":{"rendered":"https:\/\/www.strassenweb.de\/nachrichten\/baeume-mit-roten-blaettern-9-sorten-fuer-atemberaubende-farben-auch-im-winter\/"},"modified":"2024-09-30T01:55:54","modified_gmt":"2024-09-29T23:55:54","slug":"baeume-mit-roten-blaettern-9-sorten-fuer-atemberaubende-farben-auch-im-winter","status":"publish","type":"post","link":"https:\/\/www.strassenweb.de\/nachrichten\/baeume-mit-roten-blaettern-9-sorten-fuer-atemberaubende-farben-auch-im-winter\/","title":{"rendered":"B\u00e4ume mit roten Bl\u00e4ttern \u2013 9 Sorten f\u00fcr atemberaubende Farben, auch im Winter"},"content":{"rendered":"<p><\/p>\n<div id=\"article-body\" class=\"article__body \">\n<p>Das Hinzuf\u00fcgen von B\u00e4umen mit roten Bl\u00e4ttern zu Ihrem Grundst\u00fcck ist eine wunderbare M\u00f6glichkeit, dekorative Details und lebendige Farben hinzuzuf\u00fcgen. Sie sorgen nicht nur f\u00fcr auff\u00e4llige Farben, sondern B\u00e4ume mit rotem Laub sorgen auch f\u00fcr W\u00e4rme, Tiefe und Kontrast im Au\u00dfenbereich, insbesondere in den k\u00e4lteren Monaten des Jahres.<\/p>\n<div id=\"ad-unit-1\" class=\"ad-unit\"><\/div>\n<p>Die wundersch\u00f6nen Gelb-, Ocker-, Rost- und Oranget\u00f6ne, die unsere G\u00e4rten im Herbst erhellen, sind atemberaubend, aber es sind vielleicht die wundersch\u00f6nen, vielf\u00e4ltigen Rott\u00f6ne, die sich am meisten bemerkbar machen, wenn es um die besten B\u00e4ume f\u00fcr die Herbstfarbe geht. Es gibt eine Reihe verschiedener B\u00e4ume mit roten Bl\u00e4ttern in allen Formen und Gr\u00f6\u00dfen zur Auswahl. Selbst wenn Ihr Au\u00dfenbereich klein ist, gibt es also immer noch viele Optionen, die funktionieren.<\/p>\n<aside class=\"hawk-nest\" data-render-type=\"fte\" data-skip=\"dealsy\" data-widget-type=\"seasonal\">\n<div class=\"hawk-master-widget-hawk-base-wrapper\"><\/div>\n<\/aside>\n<p>Egal, ob Sie auf der Suche nach leuchtendem Laub sind, das neben immergr\u00fcnen B\u00e4umen harmoniert, oder ob Sie Ihrem Grundst\u00fcck einfach einen kleinen Wow-Faktor verleihen m\u00f6chten, es gibt viele B\u00e4ume mit roten Bl\u00e4ttern zur Auswahl. Hier ist unsere Top-10-Auswahl.<\/p>\n<div id=\"desktop-in-article\" class=\"in-article ad-unit\">\n<div id=\"desktop-taboola-mid-article\"><\/div>\n<\/div>\n<div id=\"mobile-in-article\" class=\"in-article ad-unit\">\n<div id=\"mobile-taboola-mid-article\"><\/div>\n<\/div>\n<h3 class=\"article-body__section\" id=\"section-1-acer-palmatum-atropurpureum-japanese-maple\"><span>1. Acer palmatum &#8218;Atropurpureum&#8216; (Japanischer Ahorn)<\/span><\/h3>\n<figure class=\"van-image-figure inline-layout \" data-bordeaux-image-check>\n<div class=\"image-full-width-wrapper\">\n<div class=\"image-widthsetter\" style=\"max-width:2400px;\"><\/div>\n<\/div>\n<\/figure>\n<p>Dieser kleine Laubbaum hat eine nat\u00fcrlich abgerundete Form und eine geschichtete Verzweigungsstruktur. Die Bl\u00e4tter sind ungew\u00f6hnlich, weil sie im Fr\u00fchling eher lila als gr\u00fcn sind. Im Sommer beginnt das Laub dann seine Farbe zu \u00e4ndern und wird im Herbst, wenn sich die Jahreszeiten \u00e4ndern, scharlachrot.<\/p>\n<div class=\"van_vid_carousel\">\n<div class=\"van_vid_carousel__padding\">\n<div class=\"van_vid_carousel__container\"><\/div>\n<\/div>\n<\/div>\n<p><em>Acer palmatum<\/em> \u201eAtropurpureum\u201c ist einer der am einfachsten zu z\u00fcchtenden B\u00e4ume f\u00fcr die Herbstf\u00e4rbung. Sie eignet sich f\u00fcr G\u00e4rten jeder Gr\u00f6\u00dfe und w\u00e4chst sogar gut in K\u00fcbeln.<\/p>\n<div id=\"ad-unit-2\" class=\"ad-unit\"><\/div>\n<p>Im Allgemeinen ist es einfach, japanische Ahornb\u00e4ume zu pflegen und zu z\u00fcchten, wobei der h\u00f6chste Ahorn eine maximale H\u00f6he von 26 Fu\u00df (8 m) erreicht, w\u00e4hrend dieser besondere eine H\u00f6he von etwa 13 Fu\u00df (4 m) erreicht. W\u00e4hrend sich jede Acer-Sorte in Gr\u00f6\u00dfe und Farbe unterscheidet, haben alle eine \u00e4hnliche feurige Farbpalette. Es lohnt sich also herauszufinden, wie man Acer anbaut, um garantiert das ganze Jahr \u00fcber Interesse an Ihrem Grundst\u00fcck zu wecken.<\/p>\n<p>Dieser elegante Zierbaum ist ein Sonnenliebhaber, der am besten an einem gesch\u00fctzten Standort mit gut durchl\u00e4ssigem Boden gepflanzt wird, aber er gedeiht problemlos und passt sich den meisten Bedingungen an. Au\u00dferdem sind sie leicht zu vermehren, da sie flache Wurzeln haben. Wenn es um B\u00e4ume mit roten Bl\u00e4ttern geht, sind Ahornb\u00e4ume unschlagbar. Japanische Ahorne sind auch wunderbare K\u00fcbelb\u00e4ume.<\/p>\n<p>USDA-Winterh\u00e4rtezonen 5\u20138 beim Anbau im Freien.<\/p>\n<p><em><\/em><em>Acer palmatums <\/em>sind bei Fast Growing Trees erh\u00e4ltlich.<\/p>\n<h3 class=\"article-body__section\" id=\"section-2-cotinus-grace-smokebush\"><span>2. Cotinus &#8218;Grace&#8216; (Rauchstrauch)<\/span><\/h3>\n<figure class=\"van-image-figure inline-layout \" data-bordeaux-image-check>\n<div class=\"image-full-width-wrapper\">\n<div class=\"image-widthsetter\" style=\"max-width:2400px;\"><\/div>\n<\/div>\n<\/figure>\n<p>Cotinus \u201eGrace\u201c ist ein farbenfroher Strauch mit rot-burgunderroten Bl\u00e4ttern und rosa-violetten Bl\u00fctenb\u00fcscheln. Die schaumigen Bl\u00fcten bedecken die Pflanze im Juni und sollen den Anschein von Rauch erwecken, der die Pflanze umgibt, weshalb sie auch als Smokebush bezeichnet wird.<\/p>\n<p>Mit dem Wechsel der Jahreszeiten ver\u00e4ndert sich auch die Laubfarbe dieses Baumes. Im Fr\u00fchling sieht das Laub hellrot aus und wird im Sommer schlie\u00dflich dunkler, bis die ovalen Laubbl\u00e4tter im Herbst leuchtendere Schattierungen von Scharlachrot und Orange annehmen und so ein atemberaubendes Schauspiel bieten.<\/p>\n<p>Sie sollte auf m\u00e4\u00dfig fruchtbarem, feuchtem, aber gut durchl\u00e4ssigem Boden in voller Sonne kultiviert werden oder eignet sich auch im Halbschatten, wenn Sie auf der Suche nach den besten B\u00e4umen f\u00fcr den Schatten sind. Damit die Form nicht zu unhandlich wird, empfiehlt es sich, sie im sp\u00e4ten Winter oder fr\u00fchen Fr\u00fchling ordentlich zu beschneiden.<\/p>\n<p>Cotinus ist einigerma\u00dfen d\u00fcrretolerant und vertr\u00e4gt einige Windeinwirkungen. Erwarten Sie, dass es schlie\u00dflich eine H\u00f6he von 16 Fu\u00df (5 m) erreicht.<\/p>\n<p>USDA-Winterh\u00e4rtezonen 5-8.<\/p>\n<h3 class=\"article-body__section\" id=\"section-3-photinia-red-robin\"><span>3. Photinia &#8218;Red Robin&#8216; <\/span><\/h3>\n<figure class=\"van-image-figure inline-layout \" data-bordeaux-image-check>\n<div class=\"image-full-width-wrapper\">\n<div class=\"image-widthsetter\" style=\"max-width:2000px;\"><\/div>\n<\/div>\n<\/figure>\n<p>Dieser wundersch\u00f6ne Baum ist wegen seines auff\u00e4lligen immergr\u00fcnen Laubs sehr begehrt und ist damit einer der besten B\u00e4ume f\u00fcr Privatsph\u00e4re. Im Fr\u00fchling bildet es leuchtend rote neue Bl\u00e4tter, die einen sch\u00f6nen Kontrast zu den vorhandenen gl\u00e4nzend gr\u00fcnen Bl\u00e4ttern bilden.<\/p>\n<p>Dar\u00fcber hinaus hat \u201eRed Robin\u201c von April bis Mai attraktive elfenbeinwei\u00dfe Bl\u00fcten, was ihn zu einem gro\u00dfartigen Baum macht, der den Garten zu jeder Jahreszeit interessant macht.<\/p>\n<p>Die besten immergr\u00fcnen Str\u00e4ucher machen den Garten das ganze Jahr \u00fcber interessant, und Photinia erf\u00fcllt alle Anforderungen. Sie ist pflegeleicht und gedeiht gut im Halbschatten oder in der vollen Sonne, wenn Sie ihr einen gut durchl\u00e4ssigen Boden geben. Je sonniger der Standort, desto intensiver wird der Rotton der Bl\u00e4tter. Geben Sie ihm im zeitigen Fr\u00fchjahr einen Schub, indem Sie gut verrotteten Gartenkompost oder Mist um die Basis der Pflanze streuen. Es erreicht schlie\u00dflich eine H\u00f6he von 13 Fu\u00df (4 m).<\/p>\n<p>USDA-Winterh\u00e4rtezonen 7-9.<\/p>\n<h3 class=\"article-body__section\" id=\"section-4-katsura\"><span>4. Katsura<\/span><\/h3>\n<figure class=\"van-image-figure inline-layout \" data-bordeaux-image-check>\n<div class=\"image-full-width-wrapper\">\n<div class=\"image-widthsetter\" style=\"max-width:2000px;\"><\/div>\n<\/div>\n<\/figure>\n<p>Einer der spektakul\u00e4rsten B\u00e4ume f\u00fcr die Herbstf\u00e4rbung, der Katsura (<em>Cercidiphyllum japonicum<\/em>) hat kupferfarbenes Laub, das sich im Herbst in ein Leuchten aus Gelb, Rosa und Scharlach verwandelt. Die feurigen T\u00f6ne werden durch den k\u00f6stlich s\u00fc\u00dfen Karamellduft der Bl\u00e4tter erg\u00e4nzt. Aus diesem Grund wird er manchmal auch Karamellbaum oder Zuckerwattebaum genannt.<\/p>\n<p>Der Katsura ist in China und Japan beheimatet, wo er unglaubliche 147 Fu\u00df (45 m) erreichen kann, was ihn zu einem der gr\u00f6\u00dften Laubb\u00e4ume Asiens macht. Aber andernorts w\u00e4chst er im Laufe von 20 Jahren im Allgemeinen auf etwa 20 Fu\u00df (6 m) an.<\/p>\n<p>Die neuen herzf\u00f6rmigen Bl\u00e4tter, die im Fr\u00fchling entstehen, werden durch h\u00fcbsche Bl\u00fcten erg\u00e4nzt. Mit seiner eleganten Struktur w\u00e4chst der Katsura-Baum auf den meisten B\u00f6den, wobei saure B\u00f6den die lebendigsten Farben hervorbringen. Zum Schutz vor Sp\u00e4tfr\u00f6sten bevorzugt er Sonne oder leichten Schatten an einem leicht gesch\u00fctzten Standort.<\/p>\n<p>USDA-Winterh\u00e4rtezonen 4b \u2013 8.<\/p>\n<p>Katsura-B\u00e4ume sind bei Fast Growing Trees erh\u00e4ltlich. <\/p>\n<h3 class=\"article-body__section\" id=\"section-5-japanese-rowan\"><span>5. Japanische Eberesche<\/span><\/h3>\n<figure class=\"van-image-figure inline-layout \" data-bordeaux-image-check>\n<div class=\"image-full-width-wrapper\">\n<div class=\"image-widthsetter\" style=\"max-width:2000px;\"><\/div>\n<\/div>\n<\/figure>\n<p>Wenn Sie einen der besten B\u00e4ume mit roten Bl\u00e4ttern haben m\u00f6chten, sollten Sie diesen in Betracht ziehen. Die japanische Vogelbeere gilt weithin als eine der besten Ebereschen f\u00fcr die Herbstf\u00e4rbung.<em>Sorbus commixta<\/em>) hat gefiederte gr\u00fcne Bl\u00e4tter, die zu leuchtendem Rot und Orange verblassen, zusammen mit gro\u00dfen Trauben roter Beeren.<\/p>\n<p>Au\u00dferdem geh\u00f6rt er zu den Spitzenb\u00e4umen mit roten Beeren, was ihn den ganzen Winter \u00fcber bei Gartenv\u00f6geln beliebt macht. Die wei\u00dfen Bl\u00fcten, die im Mai erscheinen, sind auch bei Bienen und anderen best\u00e4ubenden Insekten beliebt.<\/p>\n<p>Langsam wachsend und mit einer kleinen aufrechten Form eignet sie sich perfekt f\u00fcr kleine G\u00e4rten und andere begrenzte R\u00e4ume, da sie in einem Zeitraum von 20 Jahren nur etwa 20 Fu\u00df (6 m) gro\u00df wird.<\/p>\n<p>Es handelt sich au\u00dferdem um eine robuste Vogelbeerart, die sich gut f\u00fcr einen exponierten Standort eignet und sowohl in der vollen als auch in der teilweisen Sonne gedeiht. Sie gedeiht auf den meisten B\u00f6den, gedeiht jedoch am besten unter leicht sauren Bedingungen.<\/p>\n<p>USDA-Winterh\u00e4rtezone 5-9.<\/p>\n<h3 class=\"article-body__section\" id=\"section-6-malus-purpurea-crimson-cascade\"><span>6. Malus purpurea &#8218;Crimson Cascade&#8216;<\/span><\/h3>\n<figure class=\"van-image-figure inline-layout \" data-bordeaux-image-check>\n<div class=\"image-full-width-wrapper\">\n<div class=\"image-widthsetter\" style=\"max-width:2000px;\"><\/div>\n<\/div>\n<\/figure>\n<p>Mit seinen auff\u00e4lligen Farben und seiner kompakten Gr\u00f6\u00dfe weinend <em>Malus purpurea<\/em> \u201eCrimson Cascade\u201c oder \u201eLila weinender Holzapfelbaum\u201c ist einer der besten B\u00e4ume f\u00fcr kleine G\u00e4rten. Die langen, geschwungenen Zweige fallen fast bis zum Boden herab und bilden einen atemberaubenden Blickfang.<\/p>\n<p>Im Fr\u00fchling ist die Bl\u00fcte dunkelrosa und das Laub ist h\u00fcbsch violett, daher lohnt es sich, diese Sorte in Betracht zu ziehen, wenn Sie ein Fan bl\u00fchender B\u00e4ume sind. Im Sommer und Herbst verf\u00e4rben sich die Bl\u00e4tter dann bronzegr\u00fcn, wobei sich tiefrot-violette Holz\u00e4pfel entwickeln, die einen zus\u00e4tzlichen Zierwert haben.<\/p>\n<p>Pflanzen Sie \u201eCrimson Cascade\u201c in voller oder teilweiser Sonne und gedeiht unter den meisten Bedingungen gut, au\u00dfer auf nassem Boden. Erwarten Sie, dass er in 20 Jahren eine H\u00f6he von 4,5 m erreicht.<\/p>\n<p>USDA-Winterh\u00e4rtezonen 3-8.<\/p>\n<h3 class=\"article-body__section\" id=\"section-7-acer-palmatum-cascade\"><span>7. Acer palmatum &#8218;Cascade&#8216; <\/span><\/h3>\n<figure class=\"van-image-figure inline-layout \" data-bordeaux-image-check>\n<div class=\"image-full-width-wrapper\">\n<div class=\"image-widthsetter\" style=\"max-width:2000px;\"><\/div>\n<\/div>\n<\/figure>\n<p>Der Baum Acer palmatum \u201eCascade\u201c ist eine relativ neue Sorte des japanischen Ahorns, der wegen seiner eleganten und zart gebogenen Zweige angebaut wird. Er ist ein guter Allrounder, der vom Fr\u00fchling bis zum Herbst interessant ist.<\/p>\n<p>Im Fr\u00fchjahr erscheinen an den rot-orangefarbenen Stielen neue Bl\u00e4tter, die kupferrot leuchten. W\u00e4hrend die Bl\u00e4tter im Sommer reifen, verblassen sie zu Gr\u00fcn und erstrahlen im Herbst an den leuchtend roten Stielen in leuchtenden Rot- und Oranget\u00f6nen.<\/p>\n<p>Mit einer Gesamth\u00f6he von 3 m eignet sich \u201eCascade\u201c auch perfekt f\u00fcr kleine G\u00e4rten. Um das Beste aus Ihrem neuen Baum herauszuholen, pflanzen Sie ihn an einem feuchten, aber gut durchl\u00e4ssigen, gesch\u00fctzten Standort in voller Sonne bis Halbschatten. Acer geh\u00f6ren auch zu den besten B\u00e4umen f\u00fcr den Topfanbau und k\u00f6nnen daher eine gute Option sein, wenn Sie nur eine kleine Terrasse oder einen kleinen Innenhof als Au\u00dfenbereich haben.<\/p>\n<p>Dar\u00fcber hinaus sind Ahornb\u00e4ume ein fester Bestandteil japanischer Gartenideen und daher die perfekte Wahl, wenn Ihnen die Idee gef\u00e4llt, Ihrem Garten einen Hauch von Zen zu verleihen.<\/p>\n<p>USDA-Winterh\u00e4rtezonen 5-8<\/p>\n<h3 class=\"article-body__section\" id=\"section-8-cercis-canadensis-forest-pansy\"><span>8. Cercis canadensis \u201eWaldstiefm\u00fctterchen\u201c<\/span><\/h3>\n<figure class=\"van-image-figure inline-layout \" data-bordeaux-image-check>\n<div class=\"image-full-width-wrapper\">\n<div class=\"image-widthsetter\" style=\"max-width:2000px;\"><\/div>\n<\/div>\n<\/figure>\n<p>Lassen Sie sich nicht verwirren \u2013 das ist ein Baum mit roten Bl\u00e4ttern, nicht die beliebte Blume. Das Waldstiefm\u00fctterchen ist ein kleiner Baum, der f\u00fcr sein dramatisches Laub bekannt ist. Das Interessante daran ist, dass die Bl\u00e4tter im Fr\u00fchling zun\u00e4chst rot f\u00e4rben und im Herbst nicht rot werden.<\/p>\n<p>Wenn sich die herzf\u00f6rmigen Bl\u00e4tter entfalten, haben sie ein gl\u00e4nzendes, leuchtendes Rubinrot, das sich im Sommer zu einem satten Purpur-Pflaumenton verdunkelt. Im Herbst verf\u00e4rben sie sich in auff\u00e4lligen Orange-, Rot-, Gelb- und Lilat\u00f6nen. Diese sich st\u00e4ndig ver\u00e4ndernde Farbpalette ist eines der Dinge, die wir an diesem Baum lieben.<\/p>\n<p>Die besten Ergebnisse erzielen Sie, wenn Sie die Pflanze in voller Sonne oder im Halbschatten mit S\u00fcd- oder Westausrichtung anbauen. Die meisten gut durchl\u00e4ssigen B\u00f6den sind geeignet. Um die beste Blattfarbe zu erzielen, pflanzen Sie sie an einem offenen, sonnigen Standort. \u00dcber einen Zeitraum von 20 Jahren k\u00f6nnen Sie mit einer endg\u00fcltigen Gr\u00f6\u00dfe von etwa 16,5 Fu\u00df (5 m) rechnen.<\/p>\n<p>USDA-Winterh\u00e4rtezone 6a-8b.<\/p>\n<h3 class=\"article-body__section\" id=\"section-9-cornus-kousa\"><span>9. Cornus kousa <\/span><\/h3>\n<figure class=\"van-image-figure inline-layout \" data-bordeaux-image-check>\n<div class=\"image-full-width-wrapper\">\n<div class=\"image-widthsetter\" style=\"max-width:2000px;\"><\/div>\n<\/div>\n<\/figure>\n<p>Wundersch\u00f6n und dekorativ, zus\u00e4tzlich zu der dunkelroten Herbstf\u00e4rbung hat dieser Baum cremewei\u00dfe Bl\u00fcten und dunkelrosa Fr\u00fcchte, die f\u00fcr eine lange Saison interessant sind. Es gedeiht auf den meisten B\u00f6den, au\u00dfer auf solchen, die flach und kalkhaltig sind.<\/p>\n<p>Eine etwas ungew\u00f6hnlichere Variante ist der kompakte Japanische Hartriegel, der vor allem f\u00fcr sein schillerndes violett-rotes Laub im Herbst gesch\u00e4tzt wird.<\/p>\n<p>Mit zunehmender Reife bildet er einen kleinen mehrst\u00e4mmigen Baum, der einen eleganten Blickfang im Garten darstellt und sich besonders f\u00fcr kleine G\u00e4rten eignet, da er nur eine H\u00f6he von 5 m erreicht.<\/p>\n<p>USDA-Winterh\u00e4rtezonen 5-8.<\/p>\n<hr>\n<p>Wenn Ihnen die Idee noch dunklerer, pflaumenfarbener und tiefkarminroter Farbt\u00f6ne gef\u00e4llt, gibt es noch mehr Sorten japanischer Ahornb\u00e4ume, die Sie erforschen k\u00f6nnen. Zu den besten Exemplaren mit tiefviolettem Laub geh\u00f6ren: <em>Acer palmatum<\/em> \u201eBloodgood\u201c, \u201eSuminagashi\u201c und \u201eTrompenburg\u201c.<\/p>\n<\/div>\n","protected":false},"excerpt":{"rendered":"<p>Das Hinzuf\u00fcgen von B\u00e4umen mit roten Bl\u00e4ttern zu Ihrem Grundst\u00fcck ist eine wunderbare M\u00f6glichkeit, dekorative Details und lebendige Farben hinzuzuf\u00fcgen. Sie sorgen nicht nur f\u00fcr<\/p>\n","protected":false},"author":1,"featured_media":433,"comment_status":"closed","ping_status":"","sticky":false,"template":"","format":"standard","meta":{"footnotes":""},"categories":[118],"tags":[873,436,443,872,874,55,146,871,247,204],"class_list":["post-432","post","type-post","status-publish","format-standard","has-post-thumbnail","hentry","category-haus-garten","tag-atemberaubende","tag-auch","tag-baeume","tag-blaettern","tag-farben","tag-fuer","tag-mit","tag-roten","tag-sorten","tag-winter","generate-columns","tablet-grid-50","mobile-grid-100","grid-parent","grid-50"],"yoast_head":"<!-- This site is optimized with the Yoast SEO plugin v27.3 - https:\/\/yoast.com\/product\/yoast-seo-wordpress\/ -->\n<title>B\u00e4ume mit roten Bl\u00e4ttern \u2013 9 Sorten f\u00fcr atemberaubende Farben, auch im Winter - Nachrichten - Stra\u00dfenweb<\/title>\n<meta name=\"robots\" content=\"index, follow, max-snippet:-1, max-image-preview:large, max-video-preview:-1\" \/>\n<link rel=\"canonical\" href=\"https:\/\/www.strassenweb.de\/nachrichten\/baeume-mit-roten-blaettern-9-sorten-fuer-atemberaubende-farben-auch-im-winter\/\" \/>\n<meta property=\"og:locale\" content=\"de_DE\" \/>\n<meta property=\"og:type\" content=\"article\" \/>\n<meta property=\"og:title\" content=\"B\u00e4ume mit roten Bl\u00e4ttern \u2013 9 Sorten f\u00fcr atemberaubende Farben, auch im Winter - Nachrichten - Stra\u00dfenweb\" \/>\n<meta property=\"og:description\" content=\"Das Hinzuf\u00fcgen von B\u00e4umen mit roten Bl\u00e4ttern zu Ihrem Grundst\u00fcck ist eine wunderbare M\u00f6glichkeit, dekorative Details und lebendige Farben hinzuzuf\u00fcgen. Sie sorgen nicht nur f\u00fcr\" \/>\n<meta property=\"og:url\" content=\"https:\/\/www.strassenweb.de\/nachrichten\/baeume-mit-roten-blaettern-9-sorten-fuer-atemberaubende-farben-auch-im-winter\/\" \/>\n<meta property=\"og:site_name\" content=\"Stra\u00dfenweb\" \/>\n<meta property=\"article:publisher\" content=\"https:\/\/www.facebook.com\/strassenweb\/\" \/>\n<meta property=\"article:published_time\" content=\"2024-09-29T23:55:53+00:00\" \/>\n<meta property=\"article:modified_time\" content=\"2024-09-29T23:55:54+00:00\" \/>\n<meta property=\"og:image\" content=\"https:\/\/www.strassenweb.de\/nachrichten\/wp-content\/uploads\/2024\/09\/Baeume-mit-roten-Blaettern-\u2013-9-Sorten-fuer-atemberaubende-Farben.jpg\" \/>\n\t<meta property=\"og:image:width\" content=\"1200\" \/>\n\t<meta property=\"og:image:height\" content=\"675\" \/>\n\t<meta property=\"og:image:type\" content=\"image\/jpeg\" \/>\n<meta name=\"author\" content=\"Robert Hoffmann\" \/>\n<meta name=\"twitter:card\" content=\"summary_large_image\" \/>\n<meta name=\"twitter:label1\" content=\"Verfasst von\" \/>\n\t<meta name=\"twitter:data1\" content=\"Robert Hoffmann\" \/>\n\t<meta name=\"twitter:label2\" content=\"Gesch\u00e4tzte Lesezeit\" \/>\n\t<meta name=\"twitter:data2\" content=\"9\u00a0Minuten\" \/>\n<script type=\"application\/ld+json\" class=\"yoast-schema-graph\">{\"@context\":\"https:\\\/\\\/schema.org\",\"@graph\":[{\"@type\":\"Article\",\"@id\":\"https:\\\/\\\/www.strassenweb.de\\\/nachrichten\\\/baeume-mit-roten-blaettern-9-sorten-fuer-atemberaubende-farben-auch-im-winter\\\/#article\",\"isPartOf\":{\"@id\":\"https:\\\/\\\/www.strassenweb.de\\\/nachrichten\\\/baeume-mit-roten-blaettern-9-sorten-fuer-atemberaubende-farben-auch-im-winter\\\/\"},\"author\":{\"name\":\"Robert Hoffmann\",\"@id\":\"https:\\\/\\\/www.strassenweb.de\\\/nachrichten\\\/#\\\/schema\\\/person\\\/87c9c9067f1211da429a744dc5a5aa41\"},\"headline\":\"B\u00e4ume mit roten Bl\u00e4ttern \u2013 9 Sorten f\u00fcr atemberaubende Farben, auch im Winter\",\"datePublished\":\"2024-09-29T23:55:53+00:00\",\"dateModified\":\"2024-09-29T23:55:54+00:00\",\"mainEntityOfPage\":{\"@id\":\"https:\\\/\\\/www.strassenweb.de\\\/nachrichten\\\/baeume-mit-roten-blaettern-9-sorten-fuer-atemberaubende-farben-auch-im-winter\\\/\"},\"wordCount\":1832,\"publisher\":{\"@id\":\"https:\\\/\\\/www.strassenweb.de\\\/nachrichten\\\/#organization\"},\"image\":{\"@id\":\"https:\\\/\\\/www.strassenweb.de\\\/nachrichten\\\/baeume-mit-roten-blaettern-9-sorten-fuer-atemberaubende-farben-auch-im-winter\\\/#primaryimage\"},\"thumbnailUrl\":\"https:\\\/\\\/www.strassenweb.de\\\/nachrichten\\\/wp-content\\\/uploads\\\/2024\\\/09\\\/Baeume-mit-roten-Blaettern-\u2013-9-Sorten-fuer-atemberaubende-Farben.jpg\",\"keywords\":[\"atemberaubende\",\"Auch\",\"B\u00e4ume\",\"Bl\u00e4ttern\",\"Farben\",\"f\u00fcr\",\"mit\",\"roten\",\"Sorten\",\"Winter\"],\"articleSection\":[\"Haus &amp; Garten\"],\"inLanguage\":\"de\"},{\"@type\":\"WebPage\",\"@id\":\"https:\\\/\\\/www.strassenweb.de\\\/nachrichten\\\/baeume-mit-roten-blaettern-9-sorten-fuer-atemberaubende-farben-auch-im-winter\\\/\",\"url\":\"https:\\\/\\\/www.strassenweb.de\\\/nachrichten\\\/baeume-mit-roten-blaettern-9-sorten-fuer-atemberaubende-farben-auch-im-winter\\\/\",\"name\":\"B\u00e4ume mit roten Bl\u00e4ttern \u2013 9 Sorten f\u00fcr atemberaubende Farben, auch im Winter - Nachrichten - Stra\u00dfenweb\",\"isPartOf\":{\"@id\":\"https:\\\/\\\/www.strassenweb.de\\\/nachrichten\\\/#website\"},\"primaryImageOfPage\":{\"@id\":\"https:\\\/\\\/www.strassenweb.de\\\/nachrichten\\\/baeume-mit-roten-blaettern-9-sorten-fuer-atemberaubende-farben-auch-im-winter\\\/#primaryimage\"},\"image\":{\"@id\":\"https:\\\/\\\/www.strassenweb.de\\\/nachrichten\\\/baeume-mit-roten-blaettern-9-sorten-fuer-atemberaubende-farben-auch-im-winter\\\/#primaryimage\"},\"thumbnailUrl\":\"https:\\\/\\\/www.strassenweb.de\\\/nachrichten\\\/wp-content\\\/uploads\\\/2024\\\/09\\\/Baeume-mit-roten-Blaettern-\u2013-9-Sorten-fuer-atemberaubende-Farben.jpg\",\"datePublished\":\"2024-09-29T23:55:53+00:00\",\"dateModified\":\"2024-09-29T23:55:54+00:00\",\"breadcrumb\":{\"@id\":\"https:\\\/\\\/www.strassenweb.de\\\/nachrichten\\\/baeume-mit-roten-blaettern-9-sorten-fuer-atemberaubende-farben-auch-im-winter\\\/#breadcrumb\"},\"inLanguage\":\"de\",\"potentialAction\":[{\"@type\":\"ReadAction\",\"target\":[\"https:\\\/\\\/www.strassenweb.de\\\/nachrichten\\\/baeume-mit-roten-blaettern-9-sorten-fuer-atemberaubende-farben-auch-im-winter\\\/\"]}]},{\"@type\":\"ImageObject\",\"inLanguage\":\"de\",\"@id\":\"https:\\\/\\\/www.strassenweb.de\\\/nachrichten\\\/baeume-mit-roten-blaettern-9-sorten-fuer-atemberaubende-farben-auch-im-winter\\\/#primaryimage\",\"url\":\"https:\\\/\\\/www.strassenweb.de\\\/nachrichten\\\/wp-content\\\/uploads\\\/2024\\\/09\\\/Baeume-mit-roten-Blaettern-\u2013-9-Sorten-fuer-atemberaubende-Farben.jpg\",\"contentUrl\":\"https:\\\/\\\/www.strassenweb.de\\\/nachrichten\\\/wp-content\\\/uploads\\\/2024\\\/09\\\/Baeume-mit-roten-Blaettern-\u2013-9-Sorten-fuer-atemberaubende-Farben.jpg\",\"width\":1200,\"height\":675,\"caption\":\"B\u00e4ume mit roten Bl\u00e4ttern \u2013 9 Sorten f\u00fcr atemberaubende Farben, auch im Winter\"},{\"@type\":\"BreadcrumbList\",\"@id\":\"https:\\\/\\\/www.strassenweb.de\\\/nachrichten\\\/baeume-mit-roten-blaettern-9-sorten-fuer-atemberaubende-farben-auch-im-winter\\\/#breadcrumb\",\"itemListElement\":[{\"@type\":\"ListItem\",\"position\":1,\"name\":\"Home\",\"item\":\"https:\\\/\\\/www.strassenweb.de\\\/nachrichten\\\/\"},{\"@type\":\"ListItem\",\"position\":2,\"name\":\"B\u00e4ume mit roten Bl\u00e4ttern \u2013 9 Sorten f\u00fcr atemberaubende Farben, auch im Winter\"}]},{\"@type\":\"WebSite\",\"@id\":\"https:\\\/\\\/www.strassenweb.de\\\/nachrichten\\\/#website\",\"url\":\"https:\\\/\\\/www.strassenweb.de\\\/nachrichten\\\/\",\"name\":\"Stra\u00dfenweb\",\"description\":\"Stra\u00dfenverzeichnis f\u00fcr Deutschland\",\"publisher\":{\"@id\":\"https:\\\/\\\/www.strassenweb.de\\\/nachrichten\\\/#organization\"},\"potentialAction\":[{\"@type\":\"SearchAction\",\"target\":{\"@type\":\"EntryPoint\",\"urlTemplate\":\"https:\\\/\\\/www.strassenweb.de\\\/nachrichten\\\/?s={search_term_string}\"},\"query-input\":{\"@type\":\"PropertyValueSpecification\",\"valueRequired\":true,\"valueName\":\"search_term_string\"}}],\"inLanguage\":\"de\"},{\"@type\":\"Organization\",\"@id\":\"https:\\\/\\\/www.strassenweb.de\\\/nachrichten\\\/#organization\",\"name\":\"Stra\u00dfenweb\",\"url\":\"https:\\\/\\\/www.strassenweb.de\\\/nachrichten\\\/\",\"logo\":{\"@type\":\"ImageObject\",\"inLanguage\":\"de\",\"@id\":\"https:\\\/\\\/www.strassenweb.de\\\/nachrichten\\\/#\\\/schema\\\/logo\\\/image\\\/\",\"url\":\"https:\\\/\\\/www.strassenweb.de\\\/nachrichten\\\/wp-content\\\/uploads\\\/2024\\\/09\\\/cropped-favicon.png\",\"contentUrl\":\"https:\\\/\\\/www.strassenweb.de\\\/nachrichten\\\/wp-content\\\/uploads\\\/2024\\\/09\\\/cropped-favicon.png\",\"width\":512,\"height\":512,\"caption\":\"Stra\u00dfenweb\"},\"image\":{\"@id\":\"https:\\\/\\\/www.strassenweb.de\\\/nachrichten\\\/#\\\/schema\\\/logo\\\/image\\\/\"},\"sameAs\":[\"https:\\\/\\\/www.facebook.com\\\/strassenweb\\\/\"]},{\"@type\":\"Person\",\"@id\":\"https:\\\/\\\/www.strassenweb.de\\\/nachrichten\\\/#\\\/schema\\\/person\\\/87c9c9067f1211da429a744dc5a5aa41\",\"name\":\"Robert Hoffmann\",\"image\":{\"@type\":\"ImageObject\",\"inLanguage\":\"de\",\"@id\":\"https:\\\/\\\/www.strassenweb.de\\\/nachrichten\\\/wp-content\\\/uploads\\\/2024\\\/09\\\/strassenweb-150x150.jpg\",\"url\":\"https:\\\/\\\/www.strassenweb.de\\\/nachrichten\\\/wp-content\\\/uploads\\\/2024\\\/09\\\/strassenweb-150x150.jpg\",\"contentUrl\":\"https:\\\/\\\/www.strassenweb.de\\\/nachrichten\\\/wp-content\\\/uploads\\\/2024\\\/09\\\/strassenweb-150x150.jpg\",\"caption\":\"Robert Hoffmann\"},\"description\":\"Ich hei\u00dfe Robert Hoffmann und ich bin ein leidenschaftlicher Verfechter von \u00d6kologie und Biodiversit\u00e4t. Seit meiner Kindheit in den W\u00e4ldern Bayerns f\u00fchle ich mich mit der Natur verbunden und bin entschlossen, sie zu sch\u00fctzen. Heute widme ich mein Leben der Sensibilisierung anderer f\u00fcr die Bedeutung des Umweltschutzes f\u00fcr zuk\u00fcnftige Generationen.\",\"sameAs\":[\"https:\\\/\\\/www.strassenweb.de\\\/\"]}]}<\/script>\n<!-- \/ Yoast SEO plugin. -->","yoast_head_json":{"title":"B\u00e4ume mit roten Bl\u00e4ttern \u2013 9 Sorten f\u00fcr atemberaubende Farben, auch im Winter - Nachrichten - Stra\u00dfenweb","robots":{"index":"index","follow":"follow","max-snippet":"max-snippet:-1","max-image-preview":"max-image-preview:large","max-video-preview":"max-video-preview:-1"},"canonical":"https:\/\/www.strassenweb.de\/nachrichten\/baeume-mit-roten-blaettern-9-sorten-fuer-atemberaubende-farben-auch-im-winter\/","og_locale":"de_DE","og_type":"article","og_title":"B\u00e4ume mit roten Bl\u00e4ttern \u2013 9 Sorten f\u00fcr atemberaubende Farben, auch im Winter - Nachrichten - Stra\u00dfenweb","og_description":"Das Hinzuf\u00fcgen von B\u00e4umen mit roten Bl\u00e4ttern zu Ihrem Grundst\u00fcck ist eine wunderbare M\u00f6glichkeit, dekorative Details und lebendige Farben hinzuzuf\u00fcgen. Sie sorgen nicht nur f\u00fcr","og_url":"https:\/\/www.strassenweb.de\/nachrichten\/baeume-mit-roten-blaettern-9-sorten-fuer-atemberaubende-farben-auch-im-winter\/","og_site_name":"Stra\u00dfenweb","article_publisher":"https:\/\/www.facebook.com\/strassenweb\/","article_published_time":"2024-09-29T23:55:53+00:00","article_modified_time":"2024-09-29T23:55:54+00:00","og_image":[{"width":1200,"height":675,"url":"https:\/\/www.strassenweb.de\/nachrichten\/wp-content\/uploads\/2024\/09\/Baeume-mit-roten-Blaettern-\u2013-9-Sorten-fuer-atemberaubende-Farben.jpg","type":"image\/jpeg"}],"author":"Robert Hoffmann","twitter_card":"summary_large_image","twitter_misc":{"Verfasst von":"Robert Hoffmann","Gesch\u00e4tzte Lesezeit":"9\u00a0Minuten"},"schema":{"@context":"https:\/\/schema.org","@graph":[{"@type":"Article","@id":"https:\/\/www.strassenweb.de\/nachrichten\/baeume-mit-roten-blaettern-9-sorten-fuer-atemberaubende-farben-auch-im-winter\/#article","isPartOf":{"@id":"https:\/\/www.strassenweb.de\/nachrichten\/baeume-mit-roten-blaettern-9-sorten-fuer-atemberaubende-farben-auch-im-winter\/"},"author":{"name":"Robert Hoffmann","@id":"https:\/\/www.strassenweb.de\/nachrichten\/#\/schema\/person\/87c9c9067f1211da429a744dc5a5aa41"},"headline":"B\u00e4ume mit roten Bl\u00e4ttern \u2013 9 Sorten f\u00fcr atemberaubende Farben, auch im Winter","datePublished":"2024-09-29T23:55:53+00:00","dateModified":"2024-09-29T23:55:54+00:00","mainEntityOfPage":{"@id":"https:\/\/www.strassenweb.de\/nachrichten\/baeume-mit-roten-blaettern-9-sorten-fuer-atemberaubende-farben-auch-im-winter\/"},"wordCount":1832,"publisher":{"@id":"https:\/\/www.strassenweb.de\/nachrichten\/#organization"},"image":{"@id":"https:\/\/www.strassenweb.de\/nachrichten\/baeume-mit-roten-blaettern-9-sorten-fuer-atemberaubende-farben-auch-im-winter\/#primaryimage"},"thumbnailUrl":"https:\/\/www.strassenweb.de\/nachrichten\/wp-content\/uploads\/2024\/09\/Baeume-mit-roten-Blaettern-\u2013-9-Sorten-fuer-atemberaubende-Farben.jpg","keywords":["atemberaubende","Auch","B\u00e4ume","Bl\u00e4ttern","Farben","f\u00fcr","mit","roten","Sorten","Winter"],"articleSection":["Haus &amp; Garten"],"inLanguage":"de"},{"@type":"WebPage","@id":"https:\/\/www.strassenweb.de\/nachrichten\/baeume-mit-roten-blaettern-9-sorten-fuer-atemberaubende-farben-auch-im-winter\/","url":"https:\/\/www.strassenweb.de\/nachrichten\/baeume-mit-roten-blaettern-9-sorten-fuer-atemberaubende-farben-auch-im-winter\/","name":"B\u00e4ume mit roten Bl\u00e4ttern \u2013 9 Sorten f\u00fcr atemberaubende Farben, auch im Winter - Nachrichten - Stra\u00dfenweb","isPartOf":{"@id":"https:\/\/www.strassenweb.de\/nachrichten\/#website"},"primaryImageOfPage":{"@id":"https:\/\/www.strassenweb.de\/nachrichten\/baeume-mit-roten-blaettern-9-sorten-fuer-atemberaubende-farben-auch-im-winter\/#primaryimage"},"image":{"@id":"https:\/\/www.strassenweb.de\/nachrichten\/baeume-mit-roten-blaettern-9-sorten-fuer-atemberaubende-farben-auch-im-winter\/#primaryimage"},"thumbnailUrl":"https:\/\/www.strassenweb.de\/nachrichten\/wp-content\/uploads\/2024\/09\/Baeume-mit-roten-Blaettern-\u2013-9-Sorten-fuer-atemberaubende-Farben.jpg","datePublished":"2024-09-29T23:55:53+00:00","dateModified":"2024-09-29T23:55:54+00:00","breadcrumb":{"@id":"https:\/\/www.strassenweb.de\/nachrichten\/baeume-mit-roten-blaettern-9-sorten-fuer-atemberaubende-farben-auch-im-winter\/#breadcrumb"},"inLanguage":"de","potentialAction":[{"@type":"ReadAction","target":["https:\/\/www.strassenweb.de\/nachrichten\/baeume-mit-roten-blaettern-9-sorten-fuer-atemberaubende-farben-auch-im-winter\/"]}]},{"@type":"ImageObject","inLanguage":"de","@id":"https:\/\/www.strassenweb.de\/nachrichten\/baeume-mit-roten-blaettern-9-sorten-fuer-atemberaubende-farben-auch-im-winter\/#primaryimage","url":"https:\/\/www.strassenweb.de\/nachrichten\/wp-content\/uploads\/2024\/09\/Baeume-mit-roten-Blaettern-\u2013-9-Sorten-fuer-atemberaubende-Farben.jpg","contentUrl":"https:\/\/www.strassenweb.de\/nachrichten\/wp-content\/uploads\/2024\/09\/Baeume-mit-roten-Blaettern-\u2013-9-Sorten-fuer-atemberaubende-Farben.jpg","width":1200,"height":675,"caption":"B\u00e4ume mit roten Bl\u00e4ttern \u2013 9 Sorten f\u00fcr atemberaubende Farben, auch im Winter"},{"@type":"BreadcrumbList","@id":"https:\/\/www.strassenweb.de\/nachrichten\/baeume-mit-roten-blaettern-9-sorten-fuer-atemberaubende-farben-auch-im-winter\/#breadcrumb","itemListElement":[{"@type":"ListItem","position":1,"name":"Home","item":"https:\/\/www.strassenweb.de\/nachrichten\/"},{"@type":"ListItem","position":2,"name":"B\u00e4ume mit roten Bl\u00e4ttern \u2013 9 Sorten f\u00fcr atemberaubende Farben, auch im Winter"}]},{"@type":"WebSite","@id":"https:\/\/www.strassenweb.de\/nachrichten\/#website","url":"https:\/\/www.strassenweb.de\/nachrichten\/","name":"Stra\u00dfenweb","description":"Stra\u00dfenverzeichnis f\u00fcr Deutschland","publisher":{"@id":"https:\/\/www.strassenweb.de\/nachrichten\/#organization"},"potentialAction":[{"@type":"SearchAction","target":{"@type":"EntryPoint","urlTemplate":"https:\/\/www.strassenweb.de\/nachrichten\/?s={search_term_string}"},"query-input":{"@type":"PropertyValueSpecification","valueRequired":true,"valueName":"search_term_string"}}],"inLanguage":"de"},{"@type":"Organization","@id":"https:\/\/www.strassenweb.de\/nachrichten\/#organization","name":"Stra\u00dfenweb","url":"https:\/\/www.strassenweb.de\/nachrichten\/","logo":{"@type":"ImageObject","inLanguage":"de","@id":"https:\/\/www.strassenweb.de\/nachrichten\/#\/schema\/logo\/image\/","url":"https:\/\/www.strassenweb.de\/nachrichten\/wp-content\/uploads\/2024\/09\/cropped-favicon.png","contentUrl":"https:\/\/www.strassenweb.de\/nachrichten\/wp-content\/uploads\/2024\/09\/cropped-favicon.png","width":512,"height":512,"caption":"Stra\u00dfenweb"},"image":{"@id":"https:\/\/www.strassenweb.de\/nachrichten\/#\/schema\/logo\/image\/"},"sameAs":["https:\/\/www.facebook.com\/strassenweb\/"]},{"@type":"Person","@id":"https:\/\/www.strassenweb.de\/nachrichten\/#\/schema\/person\/87c9c9067f1211da429a744dc5a5aa41","name":"Robert Hoffmann","image":{"@type":"ImageObject","inLanguage":"de","@id":"https:\/\/www.strassenweb.de\/nachrichten\/wp-content\/uploads\/2024\/09\/strassenweb-150x150.jpg","url":"https:\/\/www.strassenweb.de\/nachrichten\/wp-content\/uploads\/2024\/09\/strassenweb-150x150.jpg","contentUrl":"https:\/\/www.strassenweb.de\/nachrichten\/wp-content\/uploads\/2024\/09\/strassenweb-150x150.jpg","caption":"Robert Hoffmann"},"description":"Ich hei\u00dfe Robert Hoffmann und ich bin ein leidenschaftlicher Verfechter von \u00d6kologie und Biodiversit\u00e4t. Seit meiner Kindheit in den W\u00e4ldern Bayerns f\u00fchle ich mich mit der Natur verbunden und bin entschlossen, sie zu sch\u00fctzen. Heute widme ich mein Leben der Sensibilisierung anderer f\u00fcr die Bedeutung des Umweltschutzes f\u00fcr zuk\u00fcnftige Generationen.","sameAs":["https:\/\/www.strassenweb.de\/"]}]}},"_links":{"self":[{"href":"https:\/\/www.strassenweb.de\/nachrichten\/wp-json\/wp\/v2\/posts\/432","targetHints":{"allow":["GET"]}}],"collection":[{"href":"https:\/\/www.strassenweb.de\/nachrichten\/wp-json\/wp\/v2\/posts"}],"about":[{"href":"https:\/\/www.strassenweb.de\/nachrichten\/wp-json\/wp\/v2\/types\/post"}],"author":[{"embeddable":true,"href":"https:\/\/www.strassenweb.de\/nachrichten\/wp-json\/wp\/v2\/users\/1"}],"replies":[{"embeddable":true,"href":"https:\/\/www.strassenweb.de\/nachrichten\/wp-json\/wp\/v2\/comments?post=432"}],"version-history":[{"count":0,"href":"https:\/\/www.strassenweb.de\/nachrichten\/wp-json\/wp\/v2\/posts\/432\/revisions"}],"wp:featuredmedia":[{"embeddable":true,"href":"https:\/\/www.strassenweb.de\/nachrichten\/wp-json\/wp\/v2\/media\/433"}],"wp:attachment":[{"href":"https:\/\/www.strassenweb.de\/nachrichten\/wp-json\/wp\/v2\/media?parent=432"}],"wp:term":[{"taxonomy":"category","embeddable":true,"href":"https:\/\/www.strassenweb.de\/nachrichten\/wp-json\/wp\/v2\/categories?post=432"},{"taxonomy":"post_tag","embeddable":true,"href":"https:\/\/www.strassenweb.de\/nachrichten\/wp-json\/wp\/v2\/tags?post=432"}],"curies":[{"name":"wp","href":"https:\/\/api.w.org\/{rel}","templated":true}]}}