{"id":431,"date":"2024-09-29T22:41:18","date_gmt":"2024-09-29T20:41:18","guid":{"rendered":"https:\/\/www.strassenweb.de\/nachrichten\/zur-verteidigung-der-muecken\/"},"modified":"2024-09-29T22:41:18","modified_gmt":"2024-09-29T20:41:18","slug":"zur-verteidigung-der-muecken","status":"publish","type":"post","link":"https:\/\/www.strassenweb.de\/nachrichten\/zur-verteidigung-der-muecken\/","title":{"rendered":"Zur Verteidigung der M\u00fccken"},"content":{"rendered":"<p>Wenn der Sommer naht, fl\u00fcchten viele Menschen f\u00fcr ihren Urlaub in die abgelegenen und ruhigen Ecken Gro\u00dfbritanniens. In bestimmten Teilen des Landes ist Ihr friedlicher R\u00fcckzugsort jedoch oft mit einem vertrauten Gast in Form von M\u00fccken verbunden, winzigen Insekten, die sich zu Tausenden versammeln.<\/p>\n<p>In den meisten Artikeln \u00fcber M\u00fccken geht es darum, wie man sie vermeidet oder t\u00f6tet. Aber ich bin hier, um Ihnen zu sagen, warum Sie sie sch\u00e4tzen sollten. Denn alle Insekten, egal wie l\u00e4stig sie sind, haben einen n\u00fctzlichen Zweck.<\/p>\n<p>Zun\u00e4chst ist es jedoch wichtig, genau zu verstehen, was M\u00fccken sind.<\/p>\n<p>M\u00fccken sind Fliegen und geh\u00f6ren zur Ordnung der Zweifl\u00fcgler. Es handelt sich um eine Gruppe von \u00fcber 150.000 bekannten Arten, darunter Schmei\u00dffliegen, Kranichfliegen und Schwebfliegen, um nur einige zu nennen, aber in Wirklichkeit k\u00f6nnte es mehr als 1 Million Arten geben.<\/p>\n<p>Die M\u00fccken k\u00f6nnen in zwei Gruppen eingeteilt werden \u2013 die bei\u00dfenden M\u00fccken (Familie Ceratopogonidae) und die nicht bei\u00dfenden M\u00fccken (Familie Chironomidae). Allein im Vereinigten K\u00f6nigreich gibt es mehr als 500 Arten nicht bei\u00dfender M\u00fccken und mehr als 150 Arten, die bei\u00dfen. Erstere werden manchmal einfach M\u00fccken genannt.<\/p>\n<p>Wenn Menschen an M\u00fccken denken, denken sie oft an die bei\u00dfenden M\u00fccken, vielleicht weil diese in unserer Kultur am meisten verunglimpft sind. Allerdings bei\u00dfen nur die Weibchen und nutzen die nahrhafte Blutmahlzeit f\u00fcr die Eientwicklung. Sie nehmen jedoch nur etwa 0,001 ml Blut auf (etwa ein 35.000stel einer gro\u00dfen Menge schottischem Malz).<\/p>\n<p>Weibliche M\u00fccken zerrei\u00dfen die Haut mit winzigen, klingenartigen Mundwerkzeugen, die in einer fleischigen H\u00fclle verborgen sind, und saugen dann das Blut auf. Diese einzigartige Bei\u00dfmethode kann zu Hautreizungen f\u00fchren. Dieser Vorgang unterscheidet sich deutlich von dem bei M\u00fccken, die die Haut durchstechen.<\/p>\n<p>Interessant ist auch, dass die Gr\u00f6\u00dfe einer Person einen gewissen Einfluss darauf hat, ob man gebissen wird oder nicht. Gr\u00f6\u00dfere und gr\u00f6\u00dfere Menschen werden h\u00e4ufiger gebissen. Dies k\u00f6nnte an der H\u00f6he liegen, in der sie fliegen. Es k\u00f6nnte auch daran liegen, dass sie sich zu einem gr\u00f6\u00dferen Ziel hingezogen f\u00fchlen und dass gr\u00f6\u00dfere Menschen attraktivere Chemikalien wie Kohlendioxid produzieren.<\/p>\n<figure class=\"wp-block-image\"><img decoding=\"async\" src=\"https:\/\/www.strassenweb.de\/nachrichten\/wp-content\/uploads\/2024\/09\/Zur-Verteidigung-der-Muecken.0&#038;q=45&#038;auto=format&#038;w=754&#038;fit=clip.jpeg\" alt=\"M\u00fccke auf Grashalm\"><\/figure>\n<h2 class=\"wp-block-heading\">Welchen Nutzen haben M\u00fccken?<\/h2>\n<p>Weibliche M\u00fccken legen oft mehr als 100 Eier auf einmal, aus denen sich kleine Larven entwickeln. Sie leben in feuchten Lebensr\u00e4umen wie Mooren, Teichen und sogar im Oberfl\u00e4chenwasserfilm, der h\u00e4ufig auf ges\u00e4ttigten B\u00f6den oder Baumh\u00f6hlen zu finden ist. Diese Larven ern\u00e4hren sich von zersetzendem Material in diesen Lebensr\u00e4umen und recyceln es.<\/p>\n<p>M\u00fccken durchlaufen eine Phase der Metamorphose, was bedeutet, dass ihre Larven im Gegensatz zu den erwachsenen Tieren einen v\u00f6llig anderen Lebensraum oder eine andere Nische besetzen als die erwachsenen Tiere. Diese Larven leisten eine wichtige \u00d6kosystemleistung und helfen dabei, Abfallstoffe abzubauen und zu recyceln.<\/p>\n<p>Ausgel\u00f6st durch warmes Wetter und l\u00e4ngere Tagesl\u00e4nge schl\u00fcpfen die Larven zu M\u00fcckenschw\u00e4rmen. Diese Schw\u00e4rme, so l\u00e4stig sie auch sind, erweisen einer Reihe von Tieren einen weiteren Dienst. M\u00fccken sind f\u00fcr viele Arten wie V\u00f6gel und Flederm\u00e4use lebenswichtig und stellen eine reichliche und leicht zu beschaffende Nahrungsquelle dar, auf die sie angewiesen sind. Auch Menschen essen sie \u2013 manche Kulturen pressen M\u00fcckenschw\u00e4rme zu einem Fladen, der frittiert und als \u00e4u\u00dferst nahrhafte Mahlzeit verzehrt werden kann.<\/p>\n<p>M\u00fccken k\u00f6nnen auch indirekt zur Nahrungsversorgung beitragen, indem sie eine weitere n\u00fctzliche \u00d6kosystemleistung erbringen: die Best\u00e4ubung. Tats\u00e4chlich sind die Schokoladenm\u00fccken (Mitglieder der Familie Ceratopogonidae) f\u00fcr die Best\u00e4ubung der Schokolade verantwortlich. Ironischerweise zerst\u00f6ren moderne Schokoladenplantagen den Lebensraum, der f\u00fcr die Erhaltung gesunder Schokoladenm\u00fcckenpopulationen notwendig ist.<\/p>\n<p>Leider leiden fliegende Insekten in Gro\u00dfbritannien. In den letzten neun Jahren hat Gro\u00dfbritannien bis zu 78 % unserer Fluginsekten verloren. Wissenschaftler haben dieses alarmierende Muster auf eine Reihe von Faktoren zur\u00fcckgef\u00fchrt, beispielsweise auf Umweltverschmutzung und Klimawandel. Die Zahlen sind so dramatisch gesunken, dass die Leute es das \u201eWindschutzscheiben-Ph\u00e4nomen\u201c nennen \u2013 die Menschen bemerken im Vergleich zu den vergangenen Jahrzehnten weniger Insekten, die auf die Windschutzscheiben ihrer Autos gespritzt sind. Wissenschaftler bitten Menschen, die Insekten zu z\u00e4hlen, die auf Autos gespritzt werden, um die Insektenpopulationen besser untersuchen zu k\u00f6nnen.<\/p>\n<p>Das Leiden der M\u00fccken h\u00e4ngt mit ihrer N\u00fctzlichkeit zusammen. Sie sind das, was Wissenschaftler als Indikatorarten bezeichnen und eine der empfindlichsten noch dazu. Ver\u00e4nderungen in ihrer H\u00e4ufigkeit und Vielfalt k\u00f6nnen mit Ver\u00e4nderungen der Umweltqualit\u00e4t verbunden sein und auf die Auswirkungen von Dingen wie Umweltverschmutzung und Klimawandel hinweisen. Einige Studien, die sich mit M\u00fccken im Fossilienbestand befassen, verwenden sie sogar, um zu modellieren, wie sich das Klima \u00fcber Jahrtausende ver\u00e4ndert hat.<\/p>\n<p>Bisher war es in Gro\u00dfbritannien ein regnerisches Jahr \u2013 machen Sie sich bereit \u2013 es k\u00f6nnte ein gutes Jahr f\u00fcr M\u00fccken sein. Und wenn Sie im Urlaub sind und von M\u00fccken geplagt werden, sollten Sie sich nicht darauf konzentrieren, wie l\u00e4stig sie sind. \u00dcberlegen Sie stattdessen, wie sie uns dabei helfen, den Klimawandel zu modellieren, den Zersetzungszyklus zu unterst\u00fctzen und Nahrung f\u00fcr Menschen und andere Tiere bereitzustellen.<\/p>\n<hr class=\"wp-block-separator has-alpha-channel-opacity\">\n<p>Alex Dittrich, Dozent f\u00fcr Zoologie, <em>Nottingham Trent University<\/em><\/p>\n<p>  wird von The Conversation unter einer Creative Commons-Lizenz erneut ver\u00f6ffentlicht. <\/p>\n","protected":false},"excerpt":{"rendered":"<p>Wenn der Sommer naht, fl\u00fcchten viele Menschen f\u00fcr ihren Urlaub in die abgelegenen und ruhigen Ecken Gro\u00dfbritanniens. In bestimmten Teilen des Landes ist Ihr friedlicher<\/p>\n","protected":false},"author":1,"featured_media":0,"comment_status":"","ping_status":"","sticky":false,"template":"","format":"standard","meta":{"footnotes":""},"categories":[101],"tags":[81,870,682,99],"class_list":["post-431","post","type-post","status-publish","format-standard","hentry","category-oekologie","tag-der","tag-muecken","tag-verteidigung","tag-zur","generate-columns","tablet-grid-50","mobile-grid-100","grid-parent","grid-50"],"yoast_head":"<!-- This site is optimized with the Yoast SEO plugin v27.3 - https:\/\/yoast.com\/product\/yoast-seo-wordpress\/ -->\n<title>Zur Verteidigung der M\u00fccken - Nachrichten - Stra\u00dfenweb<\/title>\n<meta name=\"robots\" content=\"index, follow, max-snippet:-1, max-image-preview:large, max-video-preview:-1\" \/>\n<link rel=\"canonical\" href=\"https:\/\/www.strassenweb.de\/nachrichten\/zur-verteidigung-der-muecken\/\" \/>\n<meta property=\"og:locale\" content=\"de_DE\" \/>\n<meta property=\"og:type\" content=\"article\" \/>\n<meta property=\"og:title\" content=\"Zur Verteidigung der M\u00fccken - Nachrichten - Stra\u00dfenweb\" \/>\n<meta property=\"og:description\" content=\"Wenn der Sommer naht, fl\u00fcchten viele Menschen f\u00fcr ihren Urlaub in die abgelegenen und ruhigen Ecken Gro\u00dfbritanniens. In bestimmten Teilen des Landes ist Ihr friedlicher\" \/>\n<meta property=\"og:url\" content=\"https:\/\/www.strassenweb.de\/nachrichten\/zur-verteidigung-der-muecken\/\" \/>\n<meta property=\"og:site_name\" content=\"Stra\u00dfenweb\" \/>\n<meta property=\"article:publisher\" content=\"https:\/\/www.facebook.com\/strassenweb\/\" \/>\n<meta property=\"article:published_time\" content=\"2024-09-29T20:41:18+00:00\" \/>\n<meta property=\"og:image\" content=\"https:\/\/www.strassenweb.de\/nachrichten\/wp-content\/uploads\/2024\/09\/Zur-Verteidigung-der-Muecken.0&q=45&auto=format&w=754&fit=clip.jpeg\" \/>\n<meta name=\"author\" content=\"Robert Hoffmann\" \/>\n<meta name=\"twitter:card\" content=\"summary_large_image\" \/>\n<meta name=\"twitter:label1\" content=\"Verfasst von\" \/>\n\t<meta name=\"twitter:data1\" content=\"Robert Hoffmann\" \/>\n\t<meta name=\"twitter:label2\" content=\"Gesch\u00e4tzte Lesezeit\" \/>\n\t<meta name=\"twitter:data2\" content=\"4\u00a0Minuten\" \/>\n<script type=\"application\/ld+json\" class=\"yoast-schema-graph\">{\"@context\":\"https:\\\/\\\/schema.org\",\"@graph\":[{\"@type\":\"Article\",\"@id\":\"https:\\\/\\\/www.strassenweb.de\\\/nachrichten\\\/zur-verteidigung-der-muecken\\\/#article\",\"isPartOf\":{\"@id\":\"https:\\\/\\\/www.strassenweb.de\\\/nachrichten\\\/zur-verteidigung-der-muecken\\\/\"},\"author\":{\"name\":\"Robert Hoffmann\",\"@id\":\"https:\\\/\\\/www.strassenweb.de\\\/nachrichten\\\/#\\\/schema\\\/person\\\/87c9c9067f1211da429a744dc5a5aa41\"},\"headline\":\"Zur Verteidigung der M\u00fccken\",\"datePublished\":\"2024-09-29T20:41:18+00:00\",\"mainEntityOfPage\":{\"@id\":\"https:\\\/\\\/www.strassenweb.de\\\/nachrichten\\\/zur-verteidigung-der-muecken\\\/\"},\"wordCount\":903,\"publisher\":{\"@id\":\"https:\\\/\\\/www.strassenweb.de\\\/nachrichten\\\/#organization\"},\"image\":{\"@id\":\"https:\\\/\\\/www.strassenweb.de\\\/nachrichten\\\/zur-verteidigung-der-muecken\\\/#primaryimage\"},\"thumbnailUrl\":\"https:\\\/\\\/www.strassenweb.de\\\/nachrichten\\\/wp-content\\\/uploads\\\/2024\\\/09\\\/Zur-Verteidigung-der-Muecken.0&q=45&auto=format&w=754&fit=clip.jpeg\",\"keywords\":[\"der\",\"M\u00fccken\",\"Verteidigung\",\"zur\"],\"articleSection\":[\"\u00d6kologie\"],\"inLanguage\":\"de\"},{\"@type\":\"WebPage\",\"@id\":\"https:\\\/\\\/www.strassenweb.de\\\/nachrichten\\\/zur-verteidigung-der-muecken\\\/\",\"url\":\"https:\\\/\\\/www.strassenweb.de\\\/nachrichten\\\/zur-verteidigung-der-muecken\\\/\",\"name\":\"Zur Verteidigung der M\u00fccken - Nachrichten - Stra\u00dfenweb\",\"isPartOf\":{\"@id\":\"https:\\\/\\\/www.strassenweb.de\\\/nachrichten\\\/#website\"},\"primaryImageOfPage\":{\"@id\":\"https:\\\/\\\/www.strassenweb.de\\\/nachrichten\\\/zur-verteidigung-der-muecken\\\/#primaryimage\"},\"image\":{\"@id\":\"https:\\\/\\\/www.strassenweb.de\\\/nachrichten\\\/zur-verteidigung-der-muecken\\\/#primaryimage\"},\"thumbnailUrl\":\"https:\\\/\\\/www.strassenweb.de\\\/nachrichten\\\/wp-content\\\/uploads\\\/2024\\\/09\\\/Zur-Verteidigung-der-Muecken.0&q=45&auto=format&w=754&fit=clip.jpeg\",\"datePublished\":\"2024-09-29T20:41:18+00:00\",\"breadcrumb\":{\"@id\":\"https:\\\/\\\/www.strassenweb.de\\\/nachrichten\\\/zur-verteidigung-der-muecken\\\/#breadcrumb\"},\"inLanguage\":\"de\",\"potentialAction\":[{\"@type\":\"ReadAction\",\"target\":[\"https:\\\/\\\/www.strassenweb.de\\\/nachrichten\\\/zur-verteidigung-der-muecken\\\/\"]}]},{\"@type\":\"ImageObject\",\"inLanguage\":\"de\",\"@id\":\"https:\\\/\\\/www.strassenweb.de\\\/nachrichten\\\/zur-verteidigung-der-muecken\\\/#primaryimage\",\"url\":\"https:\\\/\\\/www.strassenweb.de\\\/nachrichten\\\/wp-content\\\/uploads\\\/2024\\\/09\\\/Zur-Verteidigung-der-Muecken.0&q=45&auto=format&w=754&fit=clip.jpeg\",\"contentUrl\":\"https:\\\/\\\/www.strassenweb.de\\\/nachrichten\\\/wp-content\\\/uploads\\\/2024\\\/09\\\/Zur-Verteidigung-der-Muecken.0&q=45&auto=format&w=754&fit=clip.jpeg\"},{\"@type\":\"BreadcrumbList\",\"@id\":\"https:\\\/\\\/www.strassenweb.de\\\/nachrichten\\\/zur-verteidigung-der-muecken\\\/#breadcrumb\",\"itemListElement\":[{\"@type\":\"ListItem\",\"position\":1,\"name\":\"Home\",\"item\":\"https:\\\/\\\/www.strassenweb.de\\\/nachrichten\\\/\"},{\"@type\":\"ListItem\",\"position\":2,\"name\":\"Zur Verteidigung der M\u00fccken\"}]},{\"@type\":\"WebSite\",\"@id\":\"https:\\\/\\\/www.strassenweb.de\\\/nachrichten\\\/#website\",\"url\":\"https:\\\/\\\/www.strassenweb.de\\\/nachrichten\\\/\",\"name\":\"Stra\u00dfenweb\",\"description\":\"Stra\u00dfenverzeichnis f\u00fcr Deutschland\",\"publisher\":{\"@id\":\"https:\\\/\\\/www.strassenweb.de\\\/nachrichten\\\/#organization\"},\"potentialAction\":[{\"@type\":\"SearchAction\",\"target\":{\"@type\":\"EntryPoint\",\"urlTemplate\":\"https:\\\/\\\/www.strassenweb.de\\\/nachrichten\\\/?s={search_term_string}\"},\"query-input\":{\"@type\":\"PropertyValueSpecification\",\"valueRequired\":true,\"valueName\":\"search_term_string\"}}],\"inLanguage\":\"de\"},{\"@type\":\"Organization\",\"@id\":\"https:\\\/\\\/www.strassenweb.de\\\/nachrichten\\\/#organization\",\"name\":\"Stra\u00dfenweb\",\"url\":\"https:\\\/\\\/www.strassenweb.de\\\/nachrichten\\\/\",\"logo\":{\"@type\":\"ImageObject\",\"inLanguage\":\"de\",\"@id\":\"https:\\\/\\\/www.strassenweb.de\\\/nachrichten\\\/#\\\/schema\\\/logo\\\/image\\\/\",\"url\":\"https:\\\/\\\/www.strassenweb.de\\\/nachrichten\\\/wp-content\\\/uploads\\\/2024\\\/09\\\/cropped-favicon.png\",\"contentUrl\":\"https:\\\/\\\/www.strassenweb.de\\\/nachrichten\\\/wp-content\\\/uploads\\\/2024\\\/09\\\/cropped-favicon.png\",\"width\":512,\"height\":512,\"caption\":\"Stra\u00dfenweb\"},\"image\":{\"@id\":\"https:\\\/\\\/www.strassenweb.de\\\/nachrichten\\\/#\\\/schema\\\/logo\\\/image\\\/\"},\"sameAs\":[\"https:\\\/\\\/www.facebook.com\\\/strassenweb\\\/\"]},{\"@type\":\"Person\",\"@id\":\"https:\\\/\\\/www.strassenweb.de\\\/nachrichten\\\/#\\\/schema\\\/person\\\/87c9c9067f1211da429a744dc5a5aa41\",\"name\":\"Robert Hoffmann\",\"image\":{\"@type\":\"ImageObject\",\"inLanguage\":\"de\",\"@id\":\"https:\\\/\\\/www.strassenweb.de\\\/nachrichten\\\/wp-content\\\/uploads\\\/2024\\\/09\\\/strassenweb-150x150.jpg\",\"url\":\"https:\\\/\\\/www.strassenweb.de\\\/nachrichten\\\/wp-content\\\/uploads\\\/2024\\\/09\\\/strassenweb-150x150.jpg\",\"contentUrl\":\"https:\\\/\\\/www.strassenweb.de\\\/nachrichten\\\/wp-content\\\/uploads\\\/2024\\\/09\\\/strassenweb-150x150.jpg\",\"caption\":\"Robert Hoffmann\"},\"description\":\"Ich hei\u00dfe Robert Hoffmann und ich bin ein leidenschaftlicher Verfechter von \u00d6kologie und Biodiversit\u00e4t. Seit meiner Kindheit in den W\u00e4ldern Bayerns f\u00fchle ich mich mit der Natur verbunden und bin entschlossen, sie zu sch\u00fctzen. Heute widme ich mein Leben der Sensibilisierung anderer f\u00fcr die Bedeutung des Umweltschutzes f\u00fcr zuk\u00fcnftige Generationen.\",\"sameAs\":[\"https:\\\/\\\/www.strassenweb.de\\\/\"]}]}<\/script>\n<!-- \/ Yoast SEO plugin. -->","yoast_head_json":{"title":"Zur Verteidigung der M\u00fccken - Nachrichten - Stra\u00dfenweb","robots":{"index":"index","follow":"follow","max-snippet":"max-snippet:-1","max-image-preview":"max-image-preview:large","max-video-preview":"max-video-preview:-1"},"canonical":"https:\/\/www.strassenweb.de\/nachrichten\/zur-verteidigung-der-muecken\/","og_locale":"de_DE","og_type":"article","og_title":"Zur Verteidigung der M\u00fccken - Nachrichten - Stra\u00dfenweb","og_description":"Wenn der Sommer naht, fl\u00fcchten viele Menschen f\u00fcr ihren Urlaub in die abgelegenen und ruhigen Ecken Gro\u00dfbritanniens. In bestimmten Teilen des Landes ist Ihr friedlicher","og_url":"https:\/\/www.strassenweb.de\/nachrichten\/zur-verteidigung-der-muecken\/","og_site_name":"Stra\u00dfenweb","article_publisher":"https:\/\/www.facebook.com\/strassenweb\/","article_published_time":"2024-09-29T20:41:18+00:00","og_image":[{"url":"https:\/\/www.strassenweb.de\/nachrichten\/wp-content\/uploads\/2024\/09\/Zur-Verteidigung-der-Muecken.0&q=45&auto=format&w=754&fit=clip.jpeg","type":"","width":"","height":""}],"author":"Robert Hoffmann","twitter_card":"summary_large_image","twitter_misc":{"Verfasst von":"Robert Hoffmann","Gesch\u00e4tzte Lesezeit":"4\u00a0Minuten"},"schema":{"@context":"https:\/\/schema.org","@graph":[{"@type":"Article","@id":"https:\/\/www.strassenweb.de\/nachrichten\/zur-verteidigung-der-muecken\/#article","isPartOf":{"@id":"https:\/\/www.strassenweb.de\/nachrichten\/zur-verteidigung-der-muecken\/"},"author":{"name":"Robert Hoffmann","@id":"https:\/\/www.strassenweb.de\/nachrichten\/#\/schema\/person\/87c9c9067f1211da429a744dc5a5aa41"},"headline":"Zur Verteidigung der M\u00fccken","datePublished":"2024-09-29T20:41:18+00:00","mainEntityOfPage":{"@id":"https:\/\/www.strassenweb.de\/nachrichten\/zur-verteidigung-der-muecken\/"},"wordCount":903,"publisher":{"@id":"https:\/\/www.strassenweb.de\/nachrichten\/#organization"},"image":{"@id":"https:\/\/www.strassenweb.de\/nachrichten\/zur-verteidigung-der-muecken\/#primaryimage"},"thumbnailUrl":"https:\/\/www.strassenweb.de\/nachrichten\/wp-content\/uploads\/2024\/09\/Zur-Verteidigung-der-Muecken.0&q=45&auto=format&w=754&fit=clip.jpeg","keywords":["der","M\u00fccken","Verteidigung","zur"],"articleSection":["\u00d6kologie"],"inLanguage":"de"},{"@type":"WebPage","@id":"https:\/\/www.strassenweb.de\/nachrichten\/zur-verteidigung-der-muecken\/","url":"https:\/\/www.strassenweb.de\/nachrichten\/zur-verteidigung-der-muecken\/","name":"Zur Verteidigung der M\u00fccken - Nachrichten - Stra\u00dfenweb","isPartOf":{"@id":"https:\/\/www.strassenweb.de\/nachrichten\/#website"},"primaryImageOfPage":{"@id":"https:\/\/www.strassenweb.de\/nachrichten\/zur-verteidigung-der-muecken\/#primaryimage"},"image":{"@id":"https:\/\/www.strassenweb.de\/nachrichten\/zur-verteidigung-der-muecken\/#primaryimage"},"thumbnailUrl":"https:\/\/www.strassenweb.de\/nachrichten\/wp-content\/uploads\/2024\/09\/Zur-Verteidigung-der-Muecken.0&q=45&auto=format&w=754&fit=clip.jpeg","datePublished":"2024-09-29T20:41:18+00:00","breadcrumb":{"@id":"https:\/\/www.strassenweb.de\/nachrichten\/zur-verteidigung-der-muecken\/#breadcrumb"},"inLanguage":"de","potentialAction":[{"@type":"ReadAction","target":["https:\/\/www.strassenweb.de\/nachrichten\/zur-verteidigung-der-muecken\/"]}]},{"@type":"ImageObject","inLanguage":"de","@id":"https:\/\/www.strassenweb.de\/nachrichten\/zur-verteidigung-der-muecken\/#primaryimage","url":"https:\/\/www.strassenweb.de\/nachrichten\/wp-content\/uploads\/2024\/09\/Zur-Verteidigung-der-Muecken.0&q=45&auto=format&w=754&fit=clip.jpeg","contentUrl":"https:\/\/www.strassenweb.de\/nachrichten\/wp-content\/uploads\/2024\/09\/Zur-Verteidigung-der-Muecken.0&q=45&auto=format&w=754&fit=clip.jpeg"},{"@type":"BreadcrumbList","@id":"https:\/\/www.strassenweb.de\/nachrichten\/zur-verteidigung-der-muecken\/#breadcrumb","itemListElement":[{"@type":"ListItem","position":1,"name":"Home","item":"https:\/\/www.strassenweb.de\/nachrichten\/"},{"@type":"ListItem","position":2,"name":"Zur Verteidigung der M\u00fccken"}]},{"@type":"WebSite","@id":"https:\/\/www.strassenweb.de\/nachrichten\/#website","url":"https:\/\/www.strassenweb.de\/nachrichten\/","name":"Stra\u00dfenweb","description":"Stra\u00dfenverzeichnis f\u00fcr Deutschland","publisher":{"@id":"https:\/\/www.strassenweb.de\/nachrichten\/#organization"},"potentialAction":[{"@type":"SearchAction","target":{"@type":"EntryPoint","urlTemplate":"https:\/\/www.strassenweb.de\/nachrichten\/?s={search_term_string}"},"query-input":{"@type":"PropertyValueSpecification","valueRequired":true,"valueName":"search_term_string"}}],"inLanguage":"de"},{"@type":"Organization","@id":"https:\/\/www.strassenweb.de\/nachrichten\/#organization","name":"Stra\u00dfenweb","url":"https:\/\/www.strassenweb.de\/nachrichten\/","logo":{"@type":"ImageObject","inLanguage":"de","@id":"https:\/\/www.strassenweb.de\/nachrichten\/#\/schema\/logo\/image\/","url":"https:\/\/www.strassenweb.de\/nachrichten\/wp-content\/uploads\/2024\/09\/cropped-favicon.png","contentUrl":"https:\/\/www.strassenweb.de\/nachrichten\/wp-content\/uploads\/2024\/09\/cropped-favicon.png","width":512,"height":512,"caption":"Stra\u00dfenweb"},"image":{"@id":"https:\/\/www.strassenweb.de\/nachrichten\/#\/schema\/logo\/image\/"},"sameAs":["https:\/\/www.facebook.com\/strassenweb\/"]},{"@type":"Person","@id":"https:\/\/www.strassenweb.de\/nachrichten\/#\/schema\/person\/87c9c9067f1211da429a744dc5a5aa41","name":"Robert Hoffmann","image":{"@type":"ImageObject","inLanguage":"de","@id":"https:\/\/www.strassenweb.de\/nachrichten\/wp-content\/uploads\/2024\/09\/strassenweb-150x150.jpg","url":"https:\/\/www.strassenweb.de\/nachrichten\/wp-content\/uploads\/2024\/09\/strassenweb-150x150.jpg","contentUrl":"https:\/\/www.strassenweb.de\/nachrichten\/wp-content\/uploads\/2024\/09\/strassenweb-150x150.jpg","caption":"Robert Hoffmann"},"description":"Ich hei\u00dfe Robert Hoffmann und ich bin ein leidenschaftlicher Verfechter von \u00d6kologie und Biodiversit\u00e4t. Seit meiner Kindheit in den W\u00e4ldern Bayerns f\u00fchle ich mich mit der Natur verbunden und bin entschlossen, sie zu sch\u00fctzen. Heute widme ich mein Leben der Sensibilisierung anderer f\u00fcr die Bedeutung des Umweltschutzes f\u00fcr zuk\u00fcnftige Generationen.","sameAs":["https:\/\/www.strassenweb.de\/"]}]}},"_links":{"self":[{"href":"https:\/\/www.strassenweb.de\/nachrichten\/wp-json\/wp\/v2\/posts\/431","targetHints":{"allow":["GET"]}}],"collection":[{"href":"https:\/\/www.strassenweb.de\/nachrichten\/wp-json\/wp\/v2\/posts"}],"about":[{"href":"https:\/\/www.strassenweb.de\/nachrichten\/wp-json\/wp\/v2\/types\/post"}],"author":[{"embeddable":true,"href":"https:\/\/www.strassenweb.de\/nachrichten\/wp-json\/wp\/v2\/users\/1"}],"replies":[{"embeddable":true,"href":"https:\/\/www.strassenweb.de\/nachrichten\/wp-json\/wp\/v2\/comments?post=431"}],"version-history":[{"count":0,"href":"https:\/\/www.strassenweb.de\/nachrichten\/wp-json\/wp\/v2\/posts\/431\/revisions"}],"wp:attachment":[{"href":"https:\/\/www.strassenweb.de\/nachrichten\/wp-json\/wp\/v2\/media?parent=431"}],"wp:term":[{"taxonomy":"category","embeddable":true,"href":"https:\/\/www.strassenweb.de\/nachrichten\/wp-json\/wp\/v2\/categories?post=431"},{"taxonomy":"post_tag","embeddable":true,"href":"https:\/\/www.strassenweb.de\/nachrichten\/wp-json\/wp\/v2\/tags?post=431"}],"curies":[{"name":"wp","href":"https:\/\/api.w.org\/{rel}","templated":true}]}}