{"id":4272,"date":"2025-04-04T12:40:52","date_gmt":"2025-04-04T10:40:52","guid":{"rendered":"https:\/\/www.strassenweb.de\/nachrichten\/so-speichern-sie-in-den-waermeren-monaten-eine-bettdecke-oder-bettdecke-ordnungsgemaess-profis-sagen-atmungsaktiv-ist-das-schlagwort\/"},"modified":"2025-04-04T12:40:52","modified_gmt":"2025-04-04T10:40:52","slug":"so-speichern-sie-in-den-waermeren-monaten-eine-bettdecke-oder-bettdecke-ordnungsgemaess-profis-sagen-atmungsaktiv-ist-das-schlagwort","status":"publish","type":"post","link":"https:\/\/www.strassenweb.de\/nachrichten\/so-speichern-sie-in-den-waermeren-monaten-eine-bettdecke-oder-bettdecke-ordnungsgemaess-profis-sagen-atmungsaktiv-ist-das-schlagwort\/","title":{"rendered":"So speichern Sie in den w\u00e4rmeren Monaten eine Bettdecke oder Bettdecke ordnungsgem\u00e4\u00df &#8211; Profis sagen: &#8222;Atmungsaktiv ist das Schlagwort&#8220;"},"content":{"rendered":"<p><\/p>\n<div id=\"article-body\" class=\"article__body \">\n<p>Wenn Sie nachts zu einer \u00dcberhitzung waren und lernen, wie man eine Bettdecke oder Bettdecke aufbewahrt, die besser f\u00fcr das Winterwetter geeignet ist, und zu einer leichteren Fr\u00fchlingsalternative zu wechseln, ist ein Game-Changer.<\/p>\n<div id=\"ad-unit-1\" class=\"ad-unit\"><\/div>\n<p>Auf diese Weise k\u00f6nnen Sie Ihre Winterbettw\u00e4sche aufbewahren, ohne dass es den ganzen Sommer \u00fcber den Weg steht <em>Und <\/em>Halten Sie es frisch und f\u00fchlen Sie sich flauschig, bereit f\u00fcr die n\u00e4chste gem\u00fctliche Saison.<\/p>\n<aside class=\"hawk-base\" data-block-type=\"embed\" data-render-type=\"fte\" data-skip=\"dealsy\" data-widget-type=\"seasonal\">\n<div class=\"hawk-master-widget-hawk-base-wrapper\"><\/div>\n<\/aside>\n<p>Die Zeit und die Schritte zu nehmen, um dies richtig zu tun, ist eines der Dinge, die Menschen, die Bettw\u00e4sche richtig aufbewahren, immer aufbewahren. Hier teilen die professionellen Organisatoren ihre schrittweise Tipps, um Ihre gem\u00fctliche Bettdecke beim Speichern in einem Top-Top-Zustand zu halten.<\/p>\n<div id=\"desktop-in-article\" class=\"in-article ad-unit\">\n<div id=\"desktop-taboola-mid-article\"><\/div>\n<\/div>\n<div id=\"mobile-in-article\" class=\"in-article ad-unit\">\n<div id=\"mobile-taboola-mid-article\"><\/div>\n<\/div>\n<h2 id=\"how-to-store-a-comforter-or-duvet-over-summer-months-3\">So lagern Sie in den Sommermonaten eine Bettdecke oder Bettdecke<\/h2>\n<h3 class=\"article-body__section\" id=\"section-step-1-start-with-cleaning\"><span>Schritt 1: Beginnen Sie mit der Reinigung<\/span><\/h3>\n<figure class=\"van-image-figure inline-layout \" data-bordeaux-image-check>\n<div class=\"image-full-width-wrapper\">\n<div class=\"image-widthsetter\" style=\"max-width:2000px;\"><\/div>\n<\/div><figcaption class=\"inline-layout \">\n<div class=\"caption-text\">\n<p>Wenn Sie sich die Zeit nehmen, Ihre Bettdecke oder Tr\u00f6ster vor dem Aufbewahren zu waschen, hilft es, muffige Ger\u00fcche zu verhindern.<\/p>\n<\/div>\n<\/figcaption><\/figure>\n<p>Das Wichtigste ist zuerst, bevor Sie Ihre Winterdeckel aufbewahren, es ist entscheidend, Ihre Bettdecke zu waschen.<\/p>\n<div class=\"van_vid_carousel\">\n<div class=\"van_vid_carousel__padding\">\n<div class=\"van_vid_carousel__container\"><\/div>\n<\/div>\n<\/div>\n<p>DI ter Avest, professioneller Organisator und Gr\u00fcnder von Diisorganized, r\u00e4t: \u201eVor dem Aufbewahren waschen Sie Ihre Bettdecke immer gem\u00e4\u00df den W\u00e4schesymbolen auf dem Care -Label. Die meisten Duvetten k\u00f6nnen eine Waschmaschine mit gro\u00dfer Kapazit\u00e4t in einem sanften Zyklus mit mildem Reinigungsmittel verfolgen, wie beispielsweise die Fl\u00fcssigkeitsfl\u00fcssigkeit mit Flut und sanfter Waschmittel, die bei Walmart erh\u00e4ltlich ist.<\/p>\n<div id=\"ad-unit-2\" class=\"ad-unit\"><\/div>\n<p>&#8222;Wenn es zu gro\u00df ist, k\u00f6nnen Sie es zu einem Waschsalon oder einer chemischen Reinigung bringen.&#8220; Dies wird normalerweise auch beim Waschen einer Down -Bettdecke empfohlen, insbesondere wenn Sie sich Sorgen um Sch\u00e4den machen, da Ben Soreff, der professionelle Organisator von House to Home -Organisierung, warnt, dass unter diesen Umst\u00e4nden zus\u00e4tzliche Sorgfalt ber\u00fccksichtigt werden muss.<\/p>\n<p>&#8222;Dies ist ein wichtiger Schritt, um alle \u00fcbrig gebliebenen Schwei\u00df, Staub oder \u00d6le zu beseitigen, die im Laufe der Zeit muffige Ger\u00fcche verursachen und Sch\u00e4dlinge anziehen k\u00f6nnen&#8220;, f\u00fcgt DI hinzu.<\/p>\n<p><em>Alle Preise waren zum Zeitpunkt der Ver\u00f6ffentlichung korrekt.<\/em><\/p>\n<h3 class=\"article-body__section\" id=\"section-step-2-air-it-out\"><span>Schritt 2: Luft ausstrahlen<\/span><\/h3>\n<figure class=\"van-image-figure inline-layout \" data-bordeaux-image-check>\n<div class=\"image-full-width-wrapper\">\n<div class=\"image-widthsetter\" style=\"max-width:2000px;\"><\/div>\n<\/div><figcaption class=\"inline-layout \">\n<div class=\"caption-text\">\n<p>Durch die Ausstrahlung Ihrer Bettw\u00e4sche vor der Lagerung hilft es, muffige Ger\u00fcche und Mehltau zu verhindern.<\/p>\n<\/div>\n<\/figcaption><\/figure>\n<p>Um Ihre Tr\u00f6ster oder Bettdecke nach M\u00f6glichkeit zu trocknen, nutzen Sie die Vorteile der lufttrocknenden W\u00e4sche und lassen Sie es vollst\u00e4ndig trocknen-entweder an einem sonnigen Tag oder in einem gut bel\u00fcfteten Raum.<\/p>\n<p>Wenn dies nicht m\u00f6glich ist, Sie <em>d\u00fcrfen<\/em> Verwenden Sie einen Trockner bei schwacher Hitze, sagt Ben, aber selbst wenn Sie dies tun, ist es am besten, die Bettw\u00e4sche im Freien auszustrahlen. Dies hilft, eine eingeschlossene Feuchtigkeit zu verhindern, die zu Schimmel, Mehltau oder seltsamen muffigen Ger\u00fcchen f\u00fchren kann, wenn Sie kommen, um sie im Winter auszupacken.<\/p>\n<p>&#8222;Schlie\u00dflich sch\u00fctteln Sie es gut&#8220;, f\u00fcgt Ben hinzu. &#8222;Das Entfernen der Abdeckung wird f\u00fcr die Atembarkeit von Speicher empfohlen.&#8220;<\/p>\n<h3 class=\"article-body__section\" id=\"section-step-3-fold-it-properly\"><span>Schritt 3: Falten Sie es richtig<\/span><\/h3>\n<figure class=\"van-image-figure inline-layout \" data-bordeaux-image-check>\n<div class=\"image-full-width-wrapper\">\n<div class=\"image-widthsetter\" style=\"max-width:2000px;\"><\/div>\n<\/div><figcaption class=\"inline-layout \">\n<div class=\"caption-text\">\n<p>Falten oder rollen Sie Ihre Bettdecke oder Bettdecke je nach Typ.<\/p>\n<\/div>\n<\/figcaption><\/figure>\n<p>Falten Sie dann die gleiche Technik wie beim Falten von Decken, falten Sie Ihre Bettdecke oder Bettdecke f\u00fcr den Speicher ordentlich.<\/p>\n<p>&#8222;Legen Sie es flach und gl\u00e4tten Sie alle Falten&#8220;, sagt Di. &#8222;Falten Sie es in L\u00e4ngszahlen in Drittel, falten Sie es dann erneut in ein kompaktes Quadrat oder rollen Sie es nach oben.&#8220; Wenn Sie sich nicht sicher sind, welche Sie sich entscheiden m\u00f6chten, empfiehlt Ben, dass eine Down-Bettdecke gerollt werden sollte, w\u00e4hrend nicht nat\u00fcrliche Fasern in Ordnung zu falten sind.<\/p>\n<p>&#8222;Das richtige Falten oder Rollen der Bettdecke hilft, tiefe Falten zu verhindern und zu verhindern, dass die F\u00fcllung zusammengeklumpt wird.&#8220;<\/p>\n<h3 class=\"article-body__section\" id=\"section-step-4-store-in-a-cool-dry-place\"><span>Schritt 4: Lagern Sie an einem k\u00fchlen, trockenen Ort<\/span><\/h3>\n<figure class=\"van-image-figure inline-layout \" data-bordeaux-image-check>\n<div class=\"image-full-width-wrapper\">\n<div class=\"image-widthsetter\" style=\"max-width:2000px;\"><\/div>\n<\/div><figcaption class=\"inline-layout \">\n<div class=\"caption-text\">\n<p>Bewahren Sie Ihre Bettw\u00e4sche immer von Sonnenlicht und Feuchtigkeit ab.<\/p>\n<\/div>\n<\/figcaption><\/figure>\n<p>Schlie\u00dflich ist Ihre frische und gefaltete Winterdeckel bereit f\u00fcr die Aufbewahrung. Die Entscheidung f\u00fcr einen k\u00fchlen, trockenen Ort ist am besten.<\/p>\n<p>&#8222;Wo immer Sie Ihre Bettdecke aufbewahren, stellen Sie sicher, dass es sich nicht in direktem Sonnenlicht oder einem feuchten Bereich befindet, wie ein Keller&#8220;, r\u00e4t DI. &#8222;Sonnenlicht kann Stoff verblassen und Feuchtigkeit kann zu Schimmel oder Mehltau f\u00fchren.&#8220;<\/p>\n<p>Wenn Sie nun den besten Speicher f\u00fcr die Speicherung Ihrer Bettdecke ausw\u00e4hlen, h\u00e4ngt Sie von Ihrem Platz und Ihrem Lebensstil ab.<\/p>\n<p>&#8222;Einige Leute sind in Ordnung, eine Bettdecke in einem Leinenschrank locker zu lagern, solange es k\u00fchl und frei von Feuchtigkeit ist&#8220;, sagt Ben. &#8218;Wenn die Bettdecke jedoch teuer ist, funktioniert eine bestimmte Bettbeutel am besten. Versuchen Sie, Plastik zu vermeiden, da unser Ziel immer f\u00fcr die Bettdecke ist. Sie k\u00f6nnen eine s\u00e4urfreie Box verwenden, wenn Sie den Raum haben, aber nicht erforderlich ist. Atmungsaktiv ist das Schlagwort. &#8218;<\/p>\n<p>Aus diesem Grund empfehlen wir das Sleeping Lamb 120L Extra Lighe Deckenspeicherbeutel bei Amazon, das ger\u00e4umig genug ist, um zwei Kingsize-Bettdecken zu halten <em>Und<\/em> Zwei Kissen, w\u00e4hrend die Luftkreislauf zul\u00e4sst, um muffige Ger\u00fcche zu vermeiden.<\/p>\n<p>Wenn Ihre Speicherideen die Tatsache widerspiegeln m\u00fcssen, dass Sie sich im Weltraum eng machen, schl\u00e4gt DI vor, Vakuumspeicherbeutel wie die zu verwenden<strong> <\/strong>Hibag Vakuumspeicherbeutel, ebenfalls bei Amazon erh\u00e4ltlich. &#8222;Sie komprimieren sperrige Bettdecken erheblich&#8220;, erkl\u00e4rt sie. &#8222;Seien Sie nur vorsichtig mit Down -Bettdecken, da zu viel Komprimierung die Federn besch\u00e4digen kann.&#8220;<\/p>\n<p>Sie k\u00f6nnen auch unterbettende Speicherideen verwenden, &#8222;die eine gute Option sind, wenn Sie einen schnellen Zugriff w\u00fcnschen und die Bettdecke nicht zu sehr komprimieren m\u00f6chten&#8220;, empfiehlt DI, oder wenn Sie den Platz haben, funktioniert das Platzieren einer atmungsaktiven Tasche in ein hohes Regal auch gut, insbesondere f\u00fcr flauschigere Duvets.<\/p>\n<p>Was auch immer Sie w\u00e4hlen, bevor Sie sich f\u00fcr die Fr\u00fchlings- und Sommersaison n\u00e4hern, k\u00f6nnen Sie ein paar Lavendelbeutel hinzuf\u00fcgen, z.<\/p>\n<p>&#8222;Lavendel macht ein gro\u00dfes hausgemachtes Mottenschutzmittel, und Cedar hilft, Mehltau zu verhindern&#8220;, sagt DI. &#8222;Au\u00dferdem riechen sie so gut!&#8220;<\/p>\n<div class=\"product-container hero-product-container product-block-no-wrap\"><\/div>\n<h2 class=\"article-body__section\" id=\"section-meet-our-experts\"><span>Treffen Sie unsere Experten<\/span><\/h2>\n<hr>\n<p>&#8222;Wie Sie sehen k\u00f6nnen, h\u00e4lt das Speichern Ihrer Bettdecke in einem atmungsaktiven Beh\u00e4lter sie frisch, w\u00e4hrend Vakuumbeutel Platz sparen, aber nur f\u00fcr synthetische oder leichte Bettdecken verwendet werden sollten&#8220;, sagt DI.<\/p>\n<p>M\u00f6glicherweise m\u00fcssen Sie auch Decken speichern, damit sie gut aussehen, und unter der Bettk\u00e4sten, Aufbewahrungsoptomanen und St\u00e4mme sind die perfekte L\u00f6sung.<\/p>\n<\/div>\n","protected":false},"excerpt":{"rendered":"<p>Wenn Sie nachts zu einer \u00dcberhitzung waren und lernen, wie man eine Bettdecke oder Bettdecke aufbewahrt, die besser f\u00fcr das Winterwetter geeignet ist, und zu<\/p>\n","protected":false},"author":1,"featured_media":4273,"comment_status":"closed","ping_status":"","sticky":false,"template":"","format":"standard","meta":{"footnotes":""},"categories":[118],"tags":[6434,1823,112,78,74,15,1699,60,6382,555,284,6435,165,5742,5880],"class_list":["post-4272","post","type-post","status-publish","format-standard","has-post-thumbnail","hentry","category-haus-garten","tag-atmungsaktiv","tag-bettdecke","tag-das","tag-den","tag-eine","tag-ist","tag-monaten","tag-oder","tag-ordnungsgemaess","tag-profis","tag-sagen","tag-schlagwort","tag-sie","tag-speichern","tag-waermeren","generate-columns","tablet-grid-50","mobile-grid-100","grid-parent","grid-50"],"yoast_head":"<!-- This site is optimized with the Yoast SEO plugin v27.3 - https:\/\/yoast.com\/product\/yoast-seo-wordpress\/ -->\n<title>So speichern Sie in den w\u00e4rmeren Monaten eine Bettdecke oder Bettdecke ordnungsgem\u00e4\u00df - Profis sagen: &quot;Atmungsaktiv ist das Schlagwort&quot; - Nachrichten - Stra\u00dfenweb<\/title>\n<meta name=\"robots\" content=\"index, follow, max-snippet:-1, max-image-preview:large, max-video-preview:-1\" \/>\n<link rel=\"canonical\" href=\"https:\/\/www.strassenweb.de\/nachrichten\/so-speichern-sie-in-den-waermeren-monaten-eine-bettdecke-oder-bettdecke-ordnungsgemaess-profis-sagen-atmungsaktiv-ist-das-schlagwort\/\" \/>\n<meta property=\"og:locale\" content=\"de_DE\" \/>\n<meta property=\"og:type\" content=\"article\" \/>\n<meta property=\"og:title\" content=\"So speichern Sie in den w\u00e4rmeren Monaten eine Bettdecke oder Bettdecke ordnungsgem\u00e4\u00df - Profis sagen: &quot;Atmungsaktiv ist das Schlagwort&quot; - Nachrichten - Stra\u00dfenweb\" \/>\n<meta property=\"og:description\" content=\"Wenn Sie nachts zu einer \u00dcberhitzung waren und lernen, wie man eine Bettdecke oder Bettdecke aufbewahrt, die besser f\u00fcr das Winterwetter geeignet ist, und zu\" \/>\n<meta property=\"og:url\" content=\"https:\/\/www.strassenweb.de\/nachrichten\/so-speichern-sie-in-den-waermeren-monaten-eine-bettdecke-oder-bettdecke-ordnungsgemaess-profis-sagen-atmungsaktiv-ist-das-schlagwort\/\" \/>\n<meta property=\"og:site_name\" content=\"Stra\u00dfenweb\" \/>\n<meta property=\"article:publisher\" content=\"https:\/\/www.facebook.com\/strassenweb\/\" \/>\n<meta property=\"article:published_time\" content=\"2025-04-04T10:40:52+00:00\" \/>\n<meta property=\"og:image\" content=\"https:\/\/www.strassenweb.de\/nachrichten\/wp-content\/uploads\/2025\/04\/So-speichern-Sie-in-den-waermeren-Monaten-eine-Bettdecke-oder.jpg\" \/>\n\t<meta property=\"og:image:width\" content=\"1200\" \/>\n\t<meta property=\"og:image:height\" content=\"675\" \/>\n\t<meta property=\"og:image:type\" content=\"image\/jpeg\" \/>\n<meta name=\"author\" content=\"Robert Hoffmann\" \/>\n<meta name=\"twitter:card\" content=\"summary_large_image\" \/>\n<meta name=\"twitter:label1\" content=\"Verfasst von\" \/>\n\t<meta name=\"twitter:data1\" content=\"Robert Hoffmann\" \/>\n\t<meta name=\"twitter:label2\" content=\"Gesch\u00e4tzte Lesezeit\" \/>\n\t<meta name=\"twitter:data2\" content=\"5\u00a0Minuten\" \/>\n<script type=\"application\/ld+json\" class=\"yoast-schema-graph\">{\"@context\":\"https:\\\/\\\/schema.org\",\"@graph\":[{\"@type\":\"Article\",\"@id\":\"https:\\\/\\\/www.strassenweb.de\\\/nachrichten\\\/so-speichern-sie-in-den-waermeren-monaten-eine-bettdecke-oder-bettdecke-ordnungsgemaess-profis-sagen-atmungsaktiv-ist-das-schlagwort\\\/#article\",\"isPartOf\":{\"@id\":\"https:\\\/\\\/www.strassenweb.de\\\/nachrichten\\\/so-speichern-sie-in-den-waermeren-monaten-eine-bettdecke-oder-bettdecke-ordnungsgemaess-profis-sagen-atmungsaktiv-ist-das-schlagwort\\\/\"},\"author\":{\"name\":\"Robert Hoffmann\",\"@id\":\"https:\\\/\\\/www.strassenweb.de\\\/nachrichten\\\/#\\\/schema\\\/person\\\/87c9c9067f1211da429a744dc5a5aa41\"},\"headline\":\"So speichern Sie in den w\u00e4rmeren Monaten eine Bettdecke oder Bettdecke ordnungsgem\u00e4\u00df &#8211; Profis sagen: &#8222;Atmungsaktiv ist das Schlagwort&#8220;\",\"datePublished\":\"2025-04-04T10:40:52+00:00\",\"mainEntityOfPage\":{\"@id\":\"https:\\\/\\\/www.strassenweb.de\\\/nachrichten\\\/so-speichern-sie-in-den-waermeren-monaten-eine-bettdecke-oder-bettdecke-ordnungsgemaess-profis-sagen-atmungsaktiv-ist-das-schlagwort\\\/\"},\"wordCount\":1071,\"publisher\":{\"@id\":\"https:\\\/\\\/www.strassenweb.de\\\/nachrichten\\\/#organization\"},\"image\":{\"@id\":\"https:\\\/\\\/www.strassenweb.de\\\/nachrichten\\\/so-speichern-sie-in-den-waermeren-monaten-eine-bettdecke-oder-bettdecke-ordnungsgemaess-profis-sagen-atmungsaktiv-ist-das-schlagwort\\\/#primaryimage\"},\"thumbnailUrl\":\"https:\\\/\\\/www.strassenweb.de\\\/nachrichten\\\/wp-content\\\/uploads\\\/2025\\\/04\\\/So-speichern-Sie-in-den-waermeren-Monaten-eine-Bettdecke-oder.jpg\",\"keywords\":[\"Atmungsaktiv\",\"Bettdecke\",\"das\",\"den\",\"eine\",\"ist\",\"Monaten\",\"oder\",\"ordnungsgem\u00e4\u00df\",\"Profis\",\"sagen\",\"Schlagwort\",\"Sie\",\"speichern\",\"w\u00e4rmeren\"],\"articleSection\":[\"Haus &amp; Garten\"],\"inLanguage\":\"de\"},{\"@type\":\"WebPage\",\"@id\":\"https:\\\/\\\/www.strassenweb.de\\\/nachrichten\\\/so-speichern-sie-in-den-waermeren-monaten-eine-bettdecke-oder-bettdecke-ordnungsgemaess-profis-sagen-atmungsaktiv-ist-das-schlagwort\\\/\",\"url\":\"https:\\\/\\\/www.strassenweb.de\\\/nachrichten\\\/so-speichern-sie-in-den-waermeren-monaten-eine-bettdecke-oder-bettdecke-ordnungsgemaess-profis-sagen-atmungsaktiv-ist-das-schlagwort\\\/\",\"name\":\"So speichern Sie in den w\u00e4rmeren Monaten eine Bettdecke oder Bettdecke ordnungsgem\u00e4\u00df - Profis sagen: \\\"Atmungsaktiv ist das Schlagwort\\\" - Nachrichten - Stra\u00dfenweb\",\"isPartOf\":{\"@id\":\"https:\\\/\\\/www.strassenweb.de\\\/nachrichten\\\/#website\"},\"primaryImageOfPage\":{\"@id\":\"https:\\\/\\\/www.strassenweb.de\\\/nachrichten\\\/so-speichern-sie-in-den-waermeren-monaten-eine-bettdecke-oder-bettdecke-ordnungsgemaess-profis-sagen-atmungsaktiv-ist-das-schlagwort\\\/#primaryimage\"},\"image\":{\"@id\":\"https:\\\/\\\/www.strassenweb.de\\\/nachrichten\\\/so-speichern-sie-in-den-waermeren-monaten-eine-bettdecke-oder-bettdecke-ordnungsgemaess-profis-sagen-atmungsaktiv-ist-das-schlagwort\\\/#primaryimage\"},\"thumbnailUrl\":\"https:\\\/\\\/www.strassenweb.de\\\/nachrichten\\\/wp-content\\\/uploads\\\/2025\\\/04\\\/So-speichern-Sie-in-den-waermeren-Monaten-eine-Bettdecke-oder.jpg\",\"datePublished\":\"2025-04-04T10:40:52+00:00\",\"breadcrumb\":{\"@id\":\"https:\\\/\\\/www.strassenweb.de\\\/nachrichten\\\/so-speichern-sie-in-den-waermeren-monaten-eine-bettdecke-oder-bettdecke-ordnungsgemaess-profis-sagen-atmungsaktiv-ist-das-schlagwort\\\/#breadcrumb\"},\"inLanguage\":\"de\",\"potentialAction\":[{\"@type\":\"ReadAction\",\"target\":[\"https:\\\/\\\/www.strassenweb.de\\\/nachrichten\\\/so-speichern-sie-in-den-waermeren-monaten-eine-bettdecke-oder-bettdecke-ordnungsgemaess-profis-sagen-atmungsaktiv-ist-das-schlagwort\\\/\"]}]},{\"@type\":\"ImageObject\",\"inLanguage\":\"de\",\"@id\":\"https:\\\/\\\/www.strassenweb.de\\\/nachrichten\\\/so-speichern-sie-in-den-waermeren-monaten-eine-bettdecke-oder-bettdecke-ordnungsgemaess-profis-sagen-atmungsaktiv-ist-das-schlagwort\\\/#primaryimage\",\"url\":\"https:\\\/\\\/www.strassenweb.de\\\/nachrichten\\\/wp-content\\\/uploads\\\/2025\\\/04\\\/So-speichern-Sie-in-den-waermeren-Monaten-eine-Bettdecke-oder.jpg\",\"contentUrl\":\"https:\\\/\\\/www.strassenweb.de\\\/nachrichten\\\/wp-content\\\/uploads\\\/2025\\\/04\\\/So-speichern-Sie-in-den-waermeren-Monaten-eine-Bettdecke-oder.jpg\",\"width\":1200,\"height\":675,\"caption\":\"So speichern Sie in den w\u00e4rmeren Monaten eine Bettdecke oder Bettdecke ordnungsgem\u00e4\u00df - Profis sagen: \\\"Atmungsaktiv ist das Schlagwort\\\"\"},{\"@type\":\"BreadcrumbList\",\"@id\":\"https:\\\/\\\/www.strassenweb.de\\\/nachrichten\\\/so-speichern-sie-in-den-waermeren-monaten-eine-bettdecke-oder-bettdecke-ordnungsgemaess-profis-sagen-atmungsaktiv-ist-das-schlagwort\\\/#breadcrumb\",\"itemListElement\":[{\"@type\":\"ListItem\",\"position\":1,\"name\":\"Home\",\"item\":\"https:\\\/\\\/www.strassenweb.de\\\/nachrichten\\\/\"},{\"@type\":\"ListItem\",\"position\":2,\"name\":\"So speichern Sie in den w\u00e4rmeren Monaten eine Bettdecke oder Bettdecke ordnungsgem\u00e4\u00df &#8211; Profis sagen: &#8222;Atmungsaktiv ist das Schlagwort&#8220;\"}]},{\"@type\":\"WebSite\",\"@id\":\"https:\\\/\\\/www.strassenweb.de\\\/nachrichten\\\/#website\",\"url\":\"https:\\\/\\\/www.strassenweb.de\\\/nachrichten\\\/\",\"name\":\"Stra\u00dfenweb\",\"description\":\"Stra\u00dfenverzeichnis f\u00fcr Deutschland\",\"publisher\":{\"@id\":\"https:\\\/\\\/www.strassenweb.de\\\/nachrichten\\\/#organization\"},\"potentialAction\":[{\"@type\":\"SearchAction\",\"target\":{\"@type\":\"EntryPoint\",\"urlTemplate\":\"https:\\\/\\\/www.strassenweb.de\\\/nachrichten\\\/?s={search_term_string}\"},\"query-input\":{\"@type\":\"PropertyValueSpecification\",\"valueRequired\":true,\"valueName\":\"search_term_string\"}}],\"inLanguage\":\"de\"},{\"@type\":\"Organization\",\"@id\":\"https:\\\/\\\/www.strassenweb.de\\\/nachrichten\\\/#organization\",\"name\":\"Stra\u00dfenweb\",\"url\":\"https:\\\/\\\/www.strassenweb.de\\\/nachrichten\\\/\",\"logo\":{\"@type\":\"ImageObject\",\"inLanguage\":\"de\",\"@id\":\"https:\\\/\\\/www.strassenweb.de\\\/nachrichten\\\/#\\\/schema\\\/logo\\\/image\\\/\",\"url\":\"https:\\\/\\\/www.strassenweb.de\\\/nachrichten\\\/wp-content\\\/uploads\\\/2024\\\/09\\\/cropped-favicon.png\",\"contentUrl\":\"https:\\\/\\\/www.strassenweb.de\\\/nachrichten\\\/wp-content\\\/uploads\\\/2024\\\/09\\\/cropped-favicon.png\",\"width\":512,\"height\":512,\"caption\":\"Stra\u00dfenweb\"},\"image\":{\"@id\":\"https:\\\/\\\/www.strassenweb.de\\\/nachrichten\\\/#\\\/schema\\\/logo\\\/image\\\/\"},\"sameAs\":[\"https:\\\/\\\/www.facebook.com\\\/strassenweb\\\/\"]},{\"@type\":\"Person\",\"@id\":\"https:\\\/\\\/www.strassenweb.de\\\/nachrichten\\\/#\\\/schema\\\/person\\\/87c9c9067f1211da429a744dc5a5aa41\",\"name\":\"Robert Hoffmann\",\"image\":{\"@type\":\"ImageObject\",\"inLanguage\":\"de\",\"@id\":\"https:\\\/\\\/www.strassenweb.de\\\/nachrichten\\\/wp-content\\\/uploads\\\/2024\\\/09\\\/strassenweb-150x150.jpg\",\"url\":\"https:\\\/\\\/www.strassenweb.de\\\/nachrichten\\\/wp-content\\\/uploads\\\/2024\\\/09\\\/strassenweb-150x150.jpg\",\"contentUrl\":\"https:\\\/\\\/www.strassenweb.de\\\/nachrichten\\\/wp-content\\\/uploads\\\/2024\\\/09\\\/strassenweb-150x150.jpg\",\"caption\":\"Robert Hoffmann\"},\"description\":\"Ich hei\u00dfe Robert Hoffmann und ich bin ein leidenschaftlicher Verfechter von \u00d6kologie und Biodiversit\u00e4t. Seit meiner Kindheit in den W\u00e4ldern Bayerns f\u00fchle ich mich mit der Natur verbunden und bin entschlossen, sie zu sch\u00fctzen. Heute widme ich mein Leben der Sensibilisierung anderer f\u00fcr die Bedeutung des Umweltschutzes f\u00fcr zuk\u00fcnftige Generationen.\",\"sameAs\":[\"https:\\\/\\\/www.strassenweb.de\\\/\"]}]}<\/script>\n<!-- \/ Yoast SEO plugin. -->","yoast_head_json":{"title":"So speichern Sie in den w\u00e4rmeren Monaten eine Bettdecke oder Bettdecke ordnungsgem\u00e4\u00df - Profis sagen: \"Atmungsaktiv ist das Schlagwort\" - Nachrichten - Stra\u00dfenweb","robots":{"index":"index","follow":"follow","max-snippet":"max-snippet:-1","max-image-preview":"max-image-preview:large","max-video-preview":"max-video-preview:-1"},"canonical":"https:\/\/www.strassenweb.de\/nachrichten\/so-speichern-sie-in-den-waermeren-monaten-eine-bettdecke-oder-bettdecke-ordnungsgemaess-profis-sagen-atmungsaktiv-ist-das-schlagwort\/","og_locale":"de_DE","og_type":"article","og_title":"So speichern Sie in den w\u00e4rmeren Monaten eine Bettdecke oder Bettdecke ordnungsgem\u00e4\u00df - Profis sagen: \"Atmungsaktiv ist das Schlagwort\" - Nachrichten - Stra\u00dfenweb","og_description":"Wenn Sie nachts zu einer \u00dcberhitzung waren und lernen, wie man eine Bettdecke oder Bettdecke aufbewahrt, die besser f\u00fcr das Winterwetter geeignet ist, und zu","og_url":"https:\/\/www.strassenweb.de\/nachrichten\/so-speichern-sie-in-den-waermeren-monaten-eine-bettdecke-oder-bettdecke-ordnungsgemaess-profis-sagen-atmungsaktiv-ist-das-schlagwort\/","og_site_name":"Stra\u00dfenweb","article_publisher":"https:\/\/www.facebook.com\/strassenweb\/","article_published_time":"2025-04-04T10:40:52+00:00","og_image":[{"width":1200,"height":675,"url":"https:\/\/www.strassenweb.de\/nachrichten\/wp-content\/uploads\/2025\/04\/So-speichern-Sie-in-den-waermeren-Monaten-eine-Bettdecke-oder.jpg","type":"image\/jpeg"}],"author":"Robert Hoffmann","twitter_card":"summary_large_image","twitter_misc":{"Verfasst von":"Robert Hoffmann","Gesch\u00e4tzte Lesezeit":"5\u00a0Minuten"},"schema":{"@context":"https:\/\/schema.org","@graph":[{"@type":"Article","@id":"https:\/\/www.strassenweb.de\/nachrichten\/so-speichern-sie-in-den-waermeren-monaten-eine-bettdecke-oder-bettdecke-ordnungsgemaess-profis-sagen-atmungsaktiv-ist-das-schlagwort\/#article","isPartOf":{"@id":"https:\/\/www.strassenweb.de\/nachrichten\/so-speichern-sie-in-den-waermeren-monaten-eine-bettdecke-oder-bettdecke-ordnungsgemaess-profis-sagen-atmungsaktiv-ist-das-schlagwort\/"},"author":{"name":"Robert Hoffmann","@id":"https:\/\/www.strassenweb.de\/nachrichten\/#\/schema\/person\/87c9c9067f1211da429a744dc5a5aa41"},"headline":"So speichern Sie in den w\u00e4rmeren Monaten eine Bettdecke oder Bettdecke ordnungsgem\u00e4\u00df &#8211; Profis sagen: &#8222;Atmungsaktiv ist das Schlagwort&#8220;","datePublished":"2025-04-04T10:40:52+00:00","mainEntityOfPage":{"@id":"https:\/\/www.strassenweb.de\/nachrichten\/so-speichern-sie-in-den-waermeren-monaten-eine-bettdecke-oder-bettdecke-ordnungsgemaess-profis-sagen-atmungsaktiv-ist-das-schlagwort\/"},"wordCount":1071,"publisher":{"@id":"https:\/\/www.strassenweb.de\/nachrichten\/#organization"},"image":{"@id":"https:\/\/www.strassenweb.de\/nachrichten\/so-speichern-sie-in-den-waermeren-monaten-eine-bettdecke-oder-bettdecke-ordnungsgemaess-profis-sagen-atmungsaktiv-ist-das-schlagwort\/#primaryimage"},"thumbnailUrl":"https:\/\/www.strassenweb.de\/nachrichten\/wp-content\/uploads\/2025\/04\/So-speichern-Sie-in-den-waermeren-Monaten-eine-Bettdecke-oder.jpg","keywords":["Atmungsaktiv","Bettdecke","das","den","eine","ist","Monaten","oder","ordnungsgem\u00e4\u00df","Profis","sagen","Schlagwort","Sie","speichern","w\u00e4rmeren"],"articleSection":["Haus &amp; Garten"],"inLanguage":"de"},{"@type":"WebPage","@id":"https:\/\/www.strassenweb.de\/nachrichten\/so-speichern-sie-in-den-waermeren-monaten-eine-bettdecke-oder-bettdecke-ordnungsgemaess-profis-sagen-atmungsaktiv-ist-das-schlagwort\/","url":"https:\/\/www.strassenweb.de\/nachrichten\/so-speichern-sie-in-den-waermeren-monaten-eine-bettdecke-oder-bettdecke-ordnungsgemaess-profis-sagen-atmungsaktiv-ist-das-schlagwort\/","name":"So speichern Sie in den w\u00e4rmeren Monaten eine Bettdecke oder Bettdecke ordnungsgem\u00e4\u00df - Profis sagen: \"Atmungsaktiv ist das Schlagwort\" - Nachrichten - Stra\u00dfenweb","isPartOf":{"@id":"https:\/\/www.strassenweb.de\/nachrichten\/#website"},"primaryImageOfPage":{"@id":"https:\/\/www.strassenweb.de\/nachrichten\/so-speichern-sie-in-den-waermeren-monaten-eine-bettdecke-oder-bettdecke-ordnungsgemaess-profis-sagen-atmungsaktiv-ist-das-schlagwort\/#primaryimage"},"image":{"@id":"https:\/\/www.strassenweb.de\/nachrichten\/so-speichern-sie-in-den-waermeren-monaten-eine-bettdecke-oder-bettdecke-ordnungsgemaess-profis-sagen-atmungsaktiv-ist-das-schlagwort\/#primaryimage"},"thumbnailUrl":"https:\/\/www.strassenweb.de\/nachrichten\/wp-content\/uploads\/2025\/04\/So-speichern-Sie-in-den-waermeren-Monaten-eine-Bettdecke-oder.jpg","datePublished":"2025-04-04T10:40:52+00:00","breadcrumb":{"@id":"https:\/\/www.strassenweb.de\/nachrichten\/so-speichern-sie-in-den-waermeren-monaten-eine-bettdecke-oder-bettdecke-ordnungsgemaess-profis-sagen-atmungsaktiv-ist-das-schlagwort\/#breadcrumb"},"inLanguage":"de","potentialAction":[{"@type":"ReadAction","target":["https:\/\/www.strassenweb.de\/nachrichten\/so-speichern-sie-in-den-waermeren-monaten-eine-bettdecke-oder-bettdecke-ordnungsgemaess-profis-sagen-atmungsaktiv-ist-das-schlagwort\/"]}]},{"@type":"ImageObject","inLanguage":"de","@id":"https:\/\/www.strassenweb.de\/nachrichten\/so-speichern-sie-in-den-waermeren-monaten-eine-bettdecke-oder-bettdecke-ordnungsgemaess-profis-sagen-atmungsaktiv-ist-das-schlagwort\/#primaryimage","url":"https:\/\/www.strassenweb.de\/nachrichten\/wp-content\/uploads\/2025\/04\/So-speichern-Sie-in-den-waermeren-Monaten-eine-Bettdecke-oder.jpg","contentUrl":"https:\/\/www.strassenweb.de\/nachrichten\/wp-content\/uploads\/2025\/04\/So-speichern-Sie-in-den-waermeren-Monaten-eine-Bettdecke-oder.jpg","width":1200,"height":675,"caption":"So speichern Sie in den w\u00e4rmeren Monaten eine Bettdecke oder Bettdecke ordnungsgem\u00e4\u00df - Profis sagen: \"Atmungsaktiv ist das Schlagwort\""},{"@type":"BreadcrumbList","@id":"https:\/\/www.strassenweb.de\/nachrichten\/so-speichern-sie-in-den-waermeren-monaten-eine-bettdecke-oder-bettdecke-ordnungsgemaess-profis-sagen-atmungsaktiv-ist-das-schlagwort\/#breadcrumb","itemListElement":[{"@type":"ListItem","position":1,"name":"Home","item":"https:\/\/www.strassenweb.de\/nachrichten\/"},{"@type":"ListItem","position":2,"name":"So speichern Sie in den w\u00e4rmeren Monaten eine Bettdecke oder Bettdecke ordnungsgem\u00e4\u00df &#8211; Profis sagen: &#8222;Atmungsaktiv ist das Schlagwort&#8220;"}]},{"@type":"WebSite","@id":"https:\/\/www.strassenweb.de\/nachrichten\/#website","url":"https:\/\/www.strassenweb.de\/nachrichten\/","name":"Stra\u00dfenweb","description":"Stra\u00dfenverzeichnis f\u00fcr Deutschland","publisher":{"@id":"https:\/\/www.strassenweb.de\/nachrichten\/#organization"},"potentialAction":[{"@type":"SearchAction","target":{"@type":"EntryPoint","urlTemplate":"https:\/\/www.strassenweb.de\/nachrichten\/?s={search_term_string}"},"query-input":{"@type":"PropertyValueSpecification","valueRequired":true,"valueName":"search_term_string"}}],"inLanguage":"de"},{"@type":"Organization","@id":"https:\/\/www.strassenweb.de\/nachrichten\/#organization","name":"Stra\u00dfenweb","url":"https:\/\/www.strassenweb.de\/nachrichten\/","logo":{"@type":"ImageObject","inLanguage":"de","@id":"https:\/\/www.strassenweb.de\/nachrichten\/#\/schema\/logo\/image\/","url":"https:\/\/www.strassenweb.de\/nachrichten\/wp-content\/uploads\/2024\/09\/cropped-favicon.png","contentUrl":"https:\/\/www.strassenweb.de\/nachrichten\/wp-content\/uploads\/2024\/09\/cropped-favicon.png","width":512,"height":512,"caption":"Stra\u00dfenweb"},"image":{"@id":"https:\/\/www.strassenweb.de\/nachrichten\/#\/schema\/logo\/image\/"},"sameAs":["https:\/\/www.facebook.com\/strassenweb\/"]},{"@type":"Person","@id":"https:\/\/www.strassenweb.de\/nachrichten\/#\/schema\/person\/87c9c9067f1211da429a744dc5a5aa41","name":"Robert Hoffmann","image":{"@type":"ImageObject","inLanguage":"de","@id":"https:\/\/www.strassenweb.de\/nachrichten\/wp-content\/uploads\/2024\/09\/strassenweb-150x150.jpg","url":"https:\/\/www.strassenweb.de\/nachrichten\/wp-content\/uploads\/2024\/09\/strassenweb-150x150.jpg","contentUrl":"https:\/\/www.strassenweb.de\/nachrichten\/wp-content\/uploads\/2024\/09\/strassenweb-150x150.jpg","caption":"Robert Hoffmann"},"description":"Ich hei\u00dfe Robert Hoffmann und ich bin ein leidenschaftlicher Verfechter von \u00d6kologie und Biodiversit\u00e4t. Seit meiner Kindheit in den W\u00e4ldern Bayerns f\u00fchle ich mich mit der Natur verbunden und bin entschlossen, sie zu sch\u00fctzen. Heute widme ich mein Leben der Sensibilisierung anderer f\u00fcr die Bedeutung des Umweltschutzes f\u00fcr zuk\u00fcnftige Generationen.","sameAs":["https:\/\/www.strassenweb.de\/"]}]}},"_links":{"self":[{"href":"https:\/\/www.strassenweb.de\/nachrichten\/wp-json\/wp\/v2\/posts\/4272","targetHints":{"allow":["GET"]}}],"collection":[{"href":"https:\/\/www.strassenweb.de\/nachrichten\/wp-json\/wp\/v2\/posts"}],"about":[{"href":"https:\/\/www.strassenweb.de\/nachrichten\/wp-json\/wp\/v2\/types\/post"}],"author":[{"embeddable":true,"href":"https:\/\/www.strassenweb.de\/nachrichten\/wp-json\/wp\/v2\/users\/1"}],"replies":[{"embeddable":true,"href":"https:\/\/www.strassenweb.de\/nachrichten\/wp-json\/wp\/v2\/comments?post=4272"}],"version-history":[{"count":0,"href":"https:\/\/www.strassenweb.de\/nachrichten\/wp-json\/wp\/v2\/posts\/4272\/revisions"}],"wp:featuredmedia":[{"embeddable":true,"href":"https:\/\/www.strassenweb.de\/nachrichten\/wp-json\/wp\/v2\/media\/4273"}],"wp:attachment":[{"href":"https:\/\/www.strassenweb.de\/nachrichten\/wp-json\/wp\/v2\/media?parent=4272"}],"wp:term":[{"taxonomy":"category","embeddable":true,"href":"https:\/\/www.strassenweb.de\/nachrichten\/wp-json\/wp\/v2\/categories?post=4272"},{"taxonomy":"post_tag","embeddable":true,"href":"https:\/\/www.strassenweb.de\/nachrichten\/wp-json\/wp\/v2\/tags?post=4272"}],"curies":[{"name":"wp","href":"https:\/\/api.w.org\/{rel}","templated":true}]}}