{"id":4266,"date":"2025-04-04T04:44:34","date_gmt":"2025-04-04T02:44:34","guid":{"rendered":"https:\/\/www.strassenweb.de\/nachrichten\/ich-habe-den-gfd\/"},"modified":"2025-04-04T04:44:34","modified_gmt":"2025-04-04T02:44:34","slug":"ich-habe-den-gfd","status":"publish","type":"post","link":"https:\/\/www.strassenweb.de\/nachrichten\/ich-habe-den-gfd\/","title":{"rendered":"Ich habe den &#8218;GFD&#8216;"},"content":{"rendered":"<p><\/p>\n<div id=\"article-body\" class=\"article__body \">\n<p>Ich liebe es, meine Freunde zu veranstalten, aber ich habe lieber mehr als eine Stunde Warnung, bevor ich dies tue, um mich aufzur\u00e4umen und mein Zuhause pr\u00e4sentabel zu machen.<\/p>\n<div id=\"ad-unit-1\" class=\"ad-unit\"><\/div>\n<p>Die andere Nacht habe ich mich jedoch freiwillig freiwillig f\u00fcr unsere regul\u00e4re Spiele Night in letzter Minute freiwillig veranstalten &#8211; aber mein Haus war nach einem langen Tag der Arbeit und der Bek\u00e4mpfung l\u00e4stiger Aufgaben in Tr\u00fcmmern.<\/p>\n<aside class=\"hawk-base\" data-block-type=\"embed\" data-render-type=\"fte\" data-skip=\"dealsy\" data-widget-type=\"seasonal\">\n<div class=\"hawk-master-widget-hawk-base-wrapper\"><\/div>\n<\/aside>\n<p>Hier war die &#8218;GFD&#8216; &#8211; G\u00e4ste zum Abendessen &#8211; der Korb n\u00fctzlich und half mir <u>Machen Sie meinen Heimgast in weniger als einer Stunde vor<\/u> Ohne vier Arme wachsen zu m\u00fcssen oder die Zeit selbst innehalten zu m\u00fcssen! So funktioniert es.<\/p>\n<div id=\"desktop-in-article\" class=\"in-article ad-unit\">\n<div id=\"desktop-taboola-mid-article\"><\/div>\n<\/div>\n<div id=\"mobile-in-article\" class=\"in-article ad-unit\">\n<div id=\"mobile-taboola-mid-article\"><\/div>\n<\/div>\n<h2 id=\"what-is-the-guests-for-dinner-gfd-basket-3\">Was ist der &#8222;G\u00e4ste zum Abendessen&#8220; (GFD) Korb <\/h2>\n<p>So weit <u>Tipps zum Auftacken<\/u> Gehen Sie, die G\u00e4ste f\u00fcr das Abendessen sind einer der einfachsten &#8211; Sie werfen alles, was Sie weglegen m\u00fcssen, haben aber keine Zeit in einem gro\u00dfen Korb und verstecken Ihren GFD -Korb f\u00fcr die Dauer Ihres Events au\u00dfer Sichtweite. Danach verbringen Sie Zeit damit, alles richtig wegzulegen.<\/p>\n<div class=\"van_vid_carousel\">\n<div class=\"van_vid_carousel__padding\">\n<div class=\"van_vid_carousel__container\"><\/div>\n<\/div>\n<\/div>\n<p>Es ist einfach, aber es gibt einige Einschr\u00e4nkungen f\u00fcr dieses System, die professionelle Organisatoren f\u00fcr Sie m\u00f6chten.<\/p>\n<div id=\"ad-unit-2\" class=\"ad-unit\"><\/div>\n<h3 class=\"article-body__section\" id=\"section-how-i-used-the-gfd-basket\"><span>Wie ich den GFD -Korb verwendet habe <\/span><\/h3>\n<figure class=\"van-image-figure inline-layout \" data-bordeaux-image-check>\n<div class=\"image-full-width-wrapper\">\n<div class=\"image-widthsetter\" style=\"max-width:2000px;\"><\/div>\n<\/div><figcaption class=\"inline-layout \">\n<div class=\"caption-text\">\n<p>Ihr GFD -Korb kann jede Gr\u00f6\u00dfe haben, solange es leicht ist, sich in den Raum einzubinden, um sie zu reduzieren, und nicht zu visueller Unordnung zu erweitern. <\/p>\n<\/div>\n<\/figcaption><\/figure>\n<p>Eher zu eilen zu <u>Aufr\u00e4bt mein Zuhause, wenn ich mich \u00fcberw\u00e4ltigt f\u00fchlte<\/u>Der G\u00e4ste zum Abendessenkorb bietet eine schnelle L\u00f6sung f\u00fcr <u>&#8218;Fake Clean&#8216; ein Haus<\/u>. Beliebig <u>Artikel, die Ihr Zuhause f\u00fcr die G\u00e4ste weniger einladend machen<\/u> Au\u00dferdem sind M\u00fcll f\u00fcr den GFD -Korb berechtigt.<\/p>\n<p>F\u00fcr mich bedeutete dies alles, was von Arbeitstools und Ladeger\u00e4ten bis hin zu Place-Mats und Post von meinem Esstisch zur Seite von meinem Esszimmertisch geworfen wurde.<\/p>\n<p>Alles, was zur\u00fcckgelassen wird, ist entweder f\u00fcr den Abend unerl\u00e4sslich, wie einige Decken f\u00fcr Gem\u00fctlichkeit und die Spiele, die wir spielen w\u00fcrden, oder M\u00fcll, die dann schnell gesammelt und weggeworfen werden k\u00f6nnen.<\/p>\n<figure class=\"van-image-figure inline-layout \" data-bordeaux-image-check>\n<div class=\"image-full-width-wrapper\">\n<div class=\"image-widthsetter\" style=\"max-width:2000px;\"><\/div>\n<\/div><figcaption class=\"inline-layout \">\n<div class=\"caption-text\">\n<p>Der GFD -Korb bietet schnell Platz f\u00fcr das Hosting, sei es ein formelles Abendessen, ein Spielabend oder einen freundlichen Aufholjagd.<\/p>\n<\/div>\n<\/figcaption><\/figure>\n<p>Ich benutzte meinen gro\u00dfen Wohnzimmerkorb, \u00e4hnlich wie bei diesem gro\u00dfen gewebten Lagerkorb von Walmart, f\u00fcr dies &#8211; die, die ich meine zus\u00e4tzlichen Wurfdecken im Inneren halte. Auf diese Weise konnte ich alles zusammenhalten, w\u00e4hrend ich sie in Sichtweite versteckt und mein Chaos auf eine Weise vertusche, die nicht st\u00f6rend war.<\/p>\n<p>Obwohl der Korb gro\u00df war, hat der Korb Griffe, was es einfach machte, ihn dann mit mir um das Haus zu tragen, sobald meine G\u00e4ste gingen, und alle Gegenst\u00e4nde wieder in ihre richtigen H\u00e4user steckten, wobei die Arbeitsartikel zu meinem zur\u00fcckkehren <u>Lagerung von Home Office<\/u>und normale Esszimmerartikel, die am Tisch zur\u00fcckgekommen sind. Ich nahm auch die Zeit, die der Tisch klar war <u>Reinigen Sie einen Esszimmer<\/u> Nach dem Hosting.<\/p>\n<div class=\"product-container hero-product-container product-block-no-wrap\"><\/div>\n<h3 class=\"article-body__section\" id=\"section-my-verdict\"><span>Mein Urteil<\/span><\/h3>\n<figure class=\"van-image-figure inline-layout \" data-bordeaux-image-check>\n<div class=\"image-full-width-wrapper\">\n<div class=\"image-widthsetter\" style=\"max-width:1000px;\"><\/div>\n<\/div><figcaption class=\"inline-layout \">\n<div class=\"caption-text\">\n<p>Die M\u00f6glichkeit, die Decks so schnell zu beseitigen, machte das Ausrichten einer Last-Minute-Spiele Night Low Stress.<\/p>\n<\/div>\n<\/figcaption><\/figure>\n<p>Ich fand es toll, wie schnell und einfach die GFD -Methode war. Obwohl ich wei\u00df, dass meine Freunde wahrscheinlich nicht etwas ausgemacht h\u00e4tten, wenn sie hereingekommen w\u00e4ren und etwas Chaos gesehen h\u00e4tten, um es zu r\u00e4umen, bevor die T\u00fcrklingel klingelte, f\u00fchlte ich mich mehr auf Haushaltsstr\u00f6me und erleichterte es uns allen, den Raum, Snacks zu genie\u00dfen und mehr Zeit zu spielen.<\/p>\n<h3 class=\"article-body__section\" id=\"section-the-caveat\"><span>Die Einschr\u00e4nkung <\/span><\/h3>\n<figure class=\"van-image-figure inline-layout \" data-bordeaux-image-check>\n<div class=\"image-full-width-wrapper\">\n<div class=\"image-widthsetter\" style=\"max-width:2000px;\"><\/div>\n<\/div><figcaption class=\"inline-layout \">\n<div class=\"caption-text\">\n<p>Der Gastkorb f\u00fcr das Abendessen kann in jedem Raum des Hauses arbeiten und das Wohnzimmer in die K\u00fcche bilden. <\/p>\n<\/div>\n<\/figcaption><\/figure>\n<p>W\u00e4hrend der G\u00e4ste zum Abendessen Korb bei der seltsamen Gelegenheit wirklich gut funktioniert, kommt ein Gast in letzter Minute, aber es ist kein <u>Entdeckungsmethode<\/u> Sie sollten sich regelm\u00e4\u00dfig verlassen, warnt Jennifer Q. Williams, professioneller Organisatorin und Eigent\u00fcmerin von Saint Louis Closet Co.<\/p>\n<p>Sie erkl\u00e4rt: \u201eDieses Konzept kann die Menschen sehr schnell in eine Menge Probleme bringen, da sich die schnelle&#8220; Pick-up-and-Hide &#8222;-Routine normalerweise in mehr Chaos und Unordnung verwandelt. W\u00e4hrend die Leute gute Absichten haben, den Inhalt des Korbs nach dem Ruhestand der Dinnerparty zur\u00fcckzugeben, sind sie normalerweise zu m\u00fcde und zu besch\u00e4ftigt, um sich dazu zu bewegen. Diese K\u00f6rbe werden dann in eine Schublade oder einen Schrank geschoben, was noch mehr Unordnung verursacht. Dies ist auch keine L\u00f6sung f\u00fcr einen langfristigen Plan. &#8218;<\/p>\n<p>Solange Sie einige Zeit nach dem Treffen verbringen, um den Inhalt Ihres GBD -Korbs richtig wegzulegen, wird es keinen stillen Unordnung geben. Wenn Sie nicht die Energie haben, sie an diesem Abend aufzur\u00e4umen, legen Sie stattdessen 15 Minuten f\u00fcr den folgenden Tag beiseite.<\/p>\n<h3 class=\"article-body__section\" id=\"section-tidying-essentials\"><span>Tidying -Essentials<\/span><\/h3>\n<p>Das langfristige Ziel ist es, Ihre zu verbessern <u>Home Organizing Ideas<\/u> Daher sammelt sich dieses Chaos \u00fcberhaupt nicht an. Jennifer f\u00fcgt hinzu: \u201eWenn Ihr Zuhause mit benutzerdefinierten Schr\u00e4nken und Schr\u00e4nken organisiert ist, sind Sie bereit f\u00fcr jede Versammlung &#8211; gro\u00df oder klein. Stellen wir also sicher, dass alles einen Ort hat, an dem man zu Hause anruft.<\/p>\n<p>&#8222;Wenn Ihre Familie und Ihr Zuhause organisiert sind, werden Sie weniger Zeit damit verbringen, Unordnung zu verwalten und mehr Zeit zu genie\u00dfen, und zu wissen, dass Ihr Raum immer f\u00fcr die Gesellschaft bereit ist.&#8220;<\/p>\n<div class=\"product-container hero-product-container product-block-no-wrap\"><\/div>\n<h2 class=\"article-body__section\" id=\"section-meet-the-expert\"><span>Treffen Sie den Experten<\/span><\/h2>\n<hr>\n<p>Das schnell <u>Reinigungstipp Ich benutze tats\u00e4chlich als Reinigungsredakteur<\/u> ist sicherlich eine gro\u00dfartige &#8222;Every So-so-oft&#8220; -Saufgabe f\u00fcr diese Notfallsituationen, aber es ist besser, einige zu entwickeln <u>Gewohnheiten hoch organisierter Hausbesitzer<\/u> f\u00fcr langfristige Attraktivit\u00e4t.<\/p>\n<\/div>\n","protected":false},"excerpt":{"rendered":"<p>Ich liebe es, meine Freunde zu veranstalten, aber ich habe lieber mehr als eine Stunde Warnung, bevor ich dies tue, um mich aufzur\u00e4umen und mein<\/p>\n","protected":false},"author":1,"featured_media":4267,"comment_status":"closed","ping_status":"","sticky":false,"template":"","format":"standard","meta":{"footnotes":""},"categories":[118],"tags":[78,6428,823,129],"class_list":["post-4266","post","type-post","status-publish","format-standard","has-post-thumbnail","hentry","category-haus-garten","tag-den","tag-gfd","tag-habe","tag-ich","generate-columns","tablet-grid-50","mobile-grid-100","grid-parent","grid-50"],"yoast_head":"<!-- This site is optimized with the Yoast SEO plugin v27.3 - https:\/\/yoast.com\/product\/yoast-seo-wordpress\/ -->\n<title>Ich habe den &#039;GFD&#039; - Nachrichten - Stra\u00dfenweb<\/title>\n<meta name=\"robots\" content=\"index, follow, max-snippet:-1, max-image-preview:large, max-video-preview:-1\" \/>\n<link rel=\"canonical\" href=\"https:\/\/www.strassenweb.de\/nachrichten\/ich-habe-den-gfd\/\" \/>\n<meta property=\"og:locale\" content=\"de_DE\" \/>\n<meta property=\"og:type\" content=\"article\" \/>\n<meta property=\"og:title\" content=\"Ich habe den &#039;GFD&#039; - Nachrichten - Stra\u00dfenweb\" \/>\n<meta property=\"og:description\" content=\"Ich liebe es, meine Freunde zu veranstalten, aber ich habe lieber mehr als eine Stunde Warnung, bevor ich dies tue, um mich aufzur\u00e4umen und mein\" \/>\n<meta property=\"og:url\" content=\"https:\/\/www.strassenweb.de\/nachrichten\/ich-habe-den-gfd\/\" \/>\n<meta property=\"og:site_name\" content=\"Stra\u00dfenweb\" \/>\n<meta property=\"article:publisher\" content=\"https:\/\/www.facebook.com\/strassenweb\/\" \/>\n<meta property=\"article:published_time\" content=\"2025-04-04T02:44:34+00:00\" \/>\n<meta property=\"og:image\" content=\"https:\/\/www.strassenweb.de\/nachrichten\/wp-content\/uploads\/2025\/04\/Ich-habe-den-GFD.jpg\" \/>\n\t<meta property=\"og:image:width\" content=\"1200\" \/>\n\t<meta property=\"og:image:height\" content=\"675\" \/>\n\t<meta property=\"og:image:type\" content=\"image\/jpeg\" \/>\n<meta name=\"author\" content=\"Robert Hoffmann\" \/>\n<meta name=\"twitter:card\" content=\"summary_large_image\" \/>\n<meta name=\"twitter:label1\" content=\"Verfasst von\" \/>\n\t<meta name=\"twitter:data1\" content=\"Robert Hoffmann\" \/>\n\t<meta name=\"twitter:label2\" content=\"Gesch\u00e4tzte Lesezeit\" \/>\n\t<meta name=\"twitter:data2\" content=\"5\u00a0Minuten\" \/>\n<script type=\"application\/ld+json\" class=\"yoast-schema-graph\">{\"@context\":\"https:\\\/\\\/schema.org\",\"@graph\":[{\"@type\":\"Article\",\"@id\":\"https:\\\/\\\/www.strassenweb.de\\\/nachrichten\\\/ich-habe-den-gfd\\\/#article\",\"isPartOf\":{\"@id\":\"https:\\\/\\\/www.strassenweb.de\\\/nachrichten\\\/ich-habe-den-gfd\\\/\"},\"author\":{\"name\":\"Robert Hoffmann\",\"@id\":\"https:\\\/\\\/www.strassenweb.de\\\/nachrichten\\\/#\\\/schema\\\/person\\\/87c9c9067f1211da429a744dc5a5aa41\"},\"headline\":\"Ich habe den &#8218;GFD&#8216;\",\"datePublished\":\"2025-04-04T02:44:34+00:00\",\"mainEntityOfPage\":{\"@id\":\"https:\\\/\\\/www.strassenweb.de\\\/nachrichten\\\/ich-habe-den-gfd\\\/\"},\"wordCount\":949,\"publisher\":{\"@id\":\"https:\\\/\\\/www.strassenweb.de\\\/nachrichten\\\/#organization\"},\"image\":{\"@id\":\"https:\\\/\\\/www.strassenweb.de\\\/nachrichten\\\/ich-habe-den-gfd\\\/#primaryimage\"},\"thumbnailUrl\":\"https:\\\/\\\/www.strassenweb.de\\\/nachrichten\\\/wp-content\\\/uploads\\\/2025\\\/04\\\/Ich-habe-den-GFD.jpg\",\"keywords\":[\"den\",\"GFD\",\"habe\",\"ich\"],\"articleSection\":[\"Haus &amp; Garten\"],\"inLanguage\":\"de\"},{\"@type\":\"WebPage\",\"@id\":\"https:\\\/\\\/www.strassenweb.de\\\/nachrichten\\\/ich-habe-den-gfd\\\/\",\"url\":\"https:\\\/\\\/www.strassenweb.de\\\/nachrichten\\\/ich-habe-den-gfd\\\/\",\"name\":\"Ich habe den 'GFD' - Nachrichten - Stra\u00dfenweb\",\"isPartOf\":{\"@id\":\"https:\\\/\\\/www.strassenweb.de\\\/nachrichten\\\/#website\"},\"primaryImageOfPage\":{\"@id\":\"https:\\\/\\\/www.strassenweb.de\\\/nachrichten\\\/ich-habe-den-gfd\\\/#primaryimage\"},\"image\":{\"@id\":\"https:\\\/\\\/www.strassenweb.de\\\/nachrichten\\\/ich-habe-den-gfd\\\/#primaryimage\"},\"thumbnailUrl\":\"https:\\\/\\\/www.strassenweb.de\\\/nachrichten\\\/wp-content\\\/uploads\\\/2025\\\/04\\\/Ich-habe-den-GFD.jpg\",\"datePublished\":\"2025-04-04T02:44:34+00:00\",\"breadcrumb\":{\"@id\":\"https:\\\/\\\/www.strassenweb.de\\\/nachrichten\\\/ich-habe-den-gfd\\\/#breadcrumb\"},\"inLanguage\":\"de\",\"potentialAction\":[{\"@type\":\"ReadAction\",\"target\":[\"https:\\\/\\\/www.strassenweb.de\\\/nachrichten\\\/ich-habe-den-gfd\\\/\"]}]},{\"@type\":\"ImageObject\",\"inLanguage\":\"de\",\"@id\":\"https:\\\/\\\/www.strassenweb.de\\\/nachrichten\\\/ich-habe-den-gfd\\\/#primaryimage\",\"url\":\"https:\\\/\\\/www.strassenweb.de\\\/nachrichten\\\/wp-content\\\/uploads\\\/2025\\\/04\\\/Ich-habe-den-GFD.jpg\",\"contentUrl\":\"https:\\\/\\\/www.strassenweb.de\\\/nachrichten\\\/wp-content\\\/uploads\\\/2025\\\/04\\\/Ich-habe-den-GFD.jpg\",\"width\":1200,\"height\":675,\"caption\":\"Ich habe den 'GFD'\"},{\"@type\":\"BreadcrumbList\",\"@id\":\"https:\\\/\\\/www.strassenweb.de\\\/nachrichten\\\/ich-habe-den-gfd\\\/#breadcrumb\",\"itemListElement\":[{\"@type\":\"ListItem\",\"position\":1,\"name\":\"Home\",\"item\":\"https:\\\/\\\/www.strassenweb.de\\\/nachrichten\\\/\"},{\"@type\":\"ListItem\",\"position\":2,\"name\":\"Ich habe den &#8218;GFD&#8216;\"}]},{\"@type\":\"WebSite\",\"@id\":\"https:\\\/\\\/www.strassenweb.de\\\/nachrichten\\\/#website\",\"url\":\"https:\\\/\\\/www.strassenweb.de\\\/nachrichten\\\/\",\"name\":\"Stra\u00dfenweb\",\"description\":\"Stra\u00dfenverzeichnis f\u00fcr Deutschland\",\"publisher\":{\"@id\":\"https:\\\/\\\/www.strassenweb.de\\\/nachrichten\\\/#organization\"},\"potentialAction\":[{\"@type\":\"SearchAction\",\"target\":{\"@type\":\"EntryPoint\",\"urlTemplate\":\"https:\\\/\\\/www.strassenweb.de\\\/nachrichten\\\/?s={search_term_string}\"},\"query-input\":{\"@type\":\"PropertyValueSpecification\",\"valueRequired\":true,\"valueName\":\"search_term_string\"}}],\"inLanguage\":\"de\"},{\"@type\":\"Organization\",\"@id\":\"https:\\\/\\\/www.strassenweb.de\\\/nachrichten\\\/#organization\",\"name\":\"Stra\u00dfenweb\",\"url\":\"https:\\\/\\\/www.strassenweb.de\\\/nachrichten\\\/\",\"logo\":{\"@type\":\"ImageObject\",\"inLanguage\":\"de\",\"@id\":\"https:\\\/\\\/www.strassenweb.de\\\/nachrichten\\\/#\\\/schema\\\/logo\\\/image\\\/\",\"url\":\"https:\\\/\\\/www.strassenweb.de\\\/nachrichten\\\/wp-content\\\/uploads\\\/2024\\\/09\\\/cropped-favicon.png\",\"contentUrl\":\"https:\\\/\\\/www.strassenweb.de\\\/nachrichten\\\/wp-content\\\/uploads\\\/2024\\\/09\\\/cropped-favicon.png\",\"width\":512,\"height\":512,\"caption\":\"Stra\u00dfenweb\"},\"image\":{\"@id\":\"https:\\\/\\\/www.strassenweb.de\\\/nachrichten\\\/#\\\/schema\\\/logo\\\/image\\\/\"},\"sameAs\":[\"https:\\\/\\\/www.facebook.com\\\/strassenweb\\\/\"]},{\"@type\":\"Person\",\"@id\":\"https:\\\/\\\/www.strassenweb.de\\\/nachrichten\\\/#\\\/schema\\\/person\\\/87c9c9067f1211da429a744dc5a5aa41\",\"name\":\"Robert Hoffmann\",\"image\":{\"@type\":\"ImageObject\",\"inLanguage\":\"de\",\"@id\":\"https:\\\/\\\/www.strassenweb.de\\\/nachrichten\\\/wp-content\\\/uploads\\\/2024\\\/09\\\/strassenweb-150x150.jpg\",\"url\":\"https:\\\/\\\/www.strassenweb.de\\\/nachrichten\\\/wp-content\\\/uploads\\\/2024\\\/09\\\/strassenweb-150x150.jpg\",\"contentUrl\":\"https:\\\/\\\/www.strassenweb.de\\\/nachrichten\\\/wp-content\\\/uploads\\\/2024\\\/09\\\/strassenweb-150x150.jpg\",\"caption\":\"Robert Hoffmann\"},\"description\":\"Ich hei\u00dfe Robert Hoffmann und ich bin ein leidenschaftlicher Verfechter von \u00d6kologie und Biodiversit\u00e4t. Seit meiner Kindheit in den W\u00e4ldern Bayerns f\u00fchle ich mich mit der Natur verbunden und bin entschlossen, sie zu sch\u00fctzen. Heute widme ich mein Leben der Sensibilisierung anderer f\u00fcr die Bedeutung des Umweltschutzes f\u00fcr zuk\u00fcnftige Generationen.\",\"sameAs\":[\"https:\\\/\\\/www.strassenweb.de\\\/\"]}]}<\/script>\n<!-- \/ Yoast SEO plugin. -->","yoast_head_json":{"title":"Ich habe den 'GFD' - Nachrichten - Stra\u00dfenweb","robots":{"index":"index","follow":"follow","max-snippet":"max-snippet:-1","max-image-preview":"max-image-preview:large","max-video-preview":"max-video-preview:-1"},"canonical":"https:\/\/www.strassenweb.de\/nachrichten\/ich-habe-den-gfd\/","og_locale":"de_DE","og_type":"article","og_title":"Ich habe den 'GFD' - Nachrichten - Stra\u00dfenweb","og_description":"Ich liebe es, meine Freunde zu veranstalten, aber ich habe lieber mehr als eine Stunde Warnung, bevor ich dies tue, um mich aufzur\u00e4umen und mein","og_url":"https:\/\/www.strassenweb.de\/nachrichten\/ich-habe-den-gfd\/","og_site_name":"Stra\u00dfenweb","article_publisher":"https:\/\/www.facebook.com\/strassenweb\/","article_published_time":"2025-04-04T02:44:34+00:00","og_image":[{"width":1200,"height":675,"url":"https:\/\/www.strassenweb.de\/nachrichten\/wp-content\/uploads\/2025\/04\/Ich-habe-den-GFD.jpg","type":"image\/jpeg"}],"author":"Robert Hoffmann","twitter_card":"summary_large_image","twitter_misc":{"Verfasst von":"Robert Hoffmann","Gesch\u00e4tzte Lesezeit":"5\u00a0Minuten"},"schema":{"@context":"https:\/\/schema.org","@graph":[{"@type":"Article","@id":"https:\/\/www.strassenweb.de\/nachrichten\/ich-habe-den-gfd\/#article","isPartOf":{"@id":"https:\/\/www.strassenweb.de\/nachrichten\/ich-habe-den-gfd\/"},"author":{"name":"Robert Hoffmann","@id":"https:\/\/www.strassenweb.de\/nachrichten\/#\/schema\/person\/87c9c9067f1211da429a744dc5a5aa41"},"headline":"Ich habe den &#8218;GFD&#8216;","datePublished":"2025-04-04T02:44:34+00:00","mainEntityOfPage":{"@id":"https:\/\/www.strassenweb.de\/nachrichten\/ich-habe-den-gfd\/"},"wordCount":949,"publisher":{"@id":"https:\/\/www.strassenweb.de\/nachrichten\/#organization"},"image":{"@id":"https:\/\/www.strassenweb.de\/nachrichten\/ich-habe-den-gfd\/#primaryimage"},"thumbnailUrl":"https:\/\/www.strassenweb.de\/nachrichten\/wp-content\/uploads\/2025\/04\/Ich-habe-den-GFD.jpg","keywords":["den","GFD","habe","ich"],"articleSection":["Haus &amp; Garten"],"inLanguage":"de"},{"@type":"WebPage","@id":"https:\/\/www.strassenweb.de\/nachrichten\/ich-habe-den-gfd\/","url":"https:\/\/www.strassenweb.de\/nachrichten\/ich-habe-den-gfd\/","name":"Ich habe den 'GFD' - Nachrichten - Stra\u00dfenweb","isPartOf":{"@id":"https:\/\/www.strassenweb.de\/nachrichten\/#website"},"primaryImageOfPage":{"@id":"https:\/\/www.strassenweb.de\/nachrichten\/ich-habe-den-gfd\/#primaryimage"},"image":{"@id":"https:\/\/www.strassenweb.de\/nachrichten\/ich-habe-den-gfd\/#primaryimage"},"thumbnailUrl":"https:\/\/www.strassenweb.de\/nachrichten\/wp-content\/uploads\/2025\/04\/Ich-habe-den-GFD.jpg","datePublished":"2025-04-04T02:44:34+00:00","breadcrumb":{"@id":"https:\/\/www.strassenweb.de\/nachrichten\/ich-habe-den-gfd\/#breadcrumb"},"inLanguage":"de","potentialAction":[{"@type":"ReadAction","target":["https:\/\/www.strassenweb.de\/nachrichten\/ich-habe-den-gfd\/"]}]},{"@type":"ImageObject","inLanguage":"de","@id":"https:\/\/www.strassenweb.de\/nachrichten\/ich-habe-den-gfd\/#primaryimage","url":"https:\/\/www.strassenweb.de\/nachrichten\/wp-content\/uploads\/2025\/04\/Ich-habe-den-GFD.jpg","contentUrl":"https:\/\/www.strassenweb.de\/nachrichten\/wp-content\/uploads\/2025\/04\/Ich-habe-den-GFD.jpg","width":1200,"height":675,"caption":"Ich habe den 'GFD'"},{"@type":"BreadcrumbList","@id":"https:\/\/www.strassenweb.de\/nachrichten\/ich-habe-den-gfd\/#breadcrumb","itemListElement":[{"@type":"ListItem","position":1,"name":"Home","item":"https:\/\/www.strassenweb.de\/nachrichten\/"},{"@type":"ListItem","position":2,"name":"Ich habe den &#8218;GFD&#8216;"}]},{"@type":"WebSite","@id":"https:\/\/www.strassenweb.de\/nachrichten\/#website","url":"https:\/\/www.strassenweb.de\/nachrichten\/","name":"Stra\u00dfenweb","description":"Stra\u00dfenverzeichnis f\u00fcr Deutschland","publisher":{"@id":"https:\/\/www.strassenweb.de\/nachrichten\/#organization"},"potentialAction":[{"@type":"SearchAction","target":{"@type":"EntryPoint","urlTemplate":"https:\/\/www.strassenweb.de\/nachrichten\/?s={search_term_string}"},"query-input":{"@type":"PropertyValueSpecification","valueRequired":true,"valueName":"search_term_string"}}],"inLanguage":"de"},{"@type":"Organization","@id":"https:\/\/www.strassenweb.de\/nachrichten\/#organization","name":"Stra\u00dfenweb","url":"https:\/\/www.strassenweb.de\/nachrichten\/","logo":{"@type":"ImageObject","inLanguage":"de","@id":"https:\/\/www.strassenweb.de\/nachrichten\/#\/schema\/logo\/image\/","url":"https:\/\/www.strassenweb.de\/nachrichten\/wp-content\/uploads\/2024\/09\/cropped-favicon.png","contentUrl":"https:\/\/www.strassenweb.de\/nachrichten\/wp-content\/uploads\/2024\/09\/cropped-favicon.png","width":512,"height":512,"caption":"Stra\u00dfenweb"},"image":{"@id":"https:\/\/www.strassenweb.de\/nachrichten\/#\/schema\/logo\/image\/"},"sameAs":["https:\/\/www.facebook.com\/strassenweb\/"]},{"@type":"Person","@id":"https:\/\/www.strassenweb.de\/nachrichten\/#\/schema\/person\/87c9c9067f1211da429a744dc5a5aa41","name":"Robert Hoffmann","image":{"@type":"ImageObject","inLanguage":"de","@id":"https:\/\/www.strassenweb.de\/nachrichten\/wp-content\/uploads\/2024\/09\/strassenweb-150x150.jpg","url":"https:\/\/www.strassenweb.de\/nachrichten\/wp-content\/uploads\/2024\/09\/strassenweb-150x150.jpg","contentUrl":"https:\/\/www.strassenweb.de\/nachrichten\/wp-content\/uploads\/2024\/09\/strassenweb-150x150.jpg","caption":"Robert Hoffmann"},"description":"Ich hei\u00dfe Robert Hoffmann und ich bin ein leidenschaftlicher Verfechter von \u00d6kologie und Biodiversit\u00e4t. Seit meiner Kindheit in den W\u00e4ldern Bayerns f\u00fchle ich mich mit der Natur verbunden und bin entschlossen, sie zu sch\u00fctzen. Heute widme ich mein Leben der Sensibilisierung anderer f\u00fcr die Bedeutung des Umweltschutzes f\u00fcr zuk\u00fcnftige Generationen.","sameAs":["https:\/\/www.strassenweb.de\/"]}]}},"_links":{"self":[{"href":"https:\/\/www.strassenweb.de\/nachrichten\/wp-json\/wp\/v2\/posts\/4266","targetHints":{"allow":["GET"]}}],"collection":[{"href":"https:\/\/www.strassenweb.de\/nachrichten\/wp-json\/wp\/v2\/posts"}],"about":[{"href":"https:\/\/www.strassenweb.de\/nachrichten\/wp-json\/wp\/v2\/types\/post"}],"author":[{"embeddable":true,"href":"https:\/\/www.strassenweb.de\/nachrichten\/wp-json\/wp\/v2\/users\/1"}],"replies":[{"embeddable":true,"href":"https:\/\/www.strassenweb.de\/nachrichten\/wp-json\/wp\/v2\/comments?post=4266"}],"version-history":[{"count":0,"href":"https:\/\/www.strassenweb.de\/nachrichten\/wp-json\/wp\/v2\/posts\/4266\/revisions"}],"wp:featuredmedia":[{"embeddable":true,"href":"https:\/\/www.strassenweb.de\/nachrichten\/wp-json\/wp\/v2\/media\/4267"}],"wp:attachment":[{"href":"https:\/\/www.strassenweb.de\/nachrichten\/wp-json\/wp\/v2\/media?parent=4266"}],"wp:term":[{"taxonomy":"category","embeddable":true,"href":"https:\/\/www.strassenweb.de\/nachrichten\/wp-json\/wp\/v2\/categories?post=4266"},{"taxonomy":"post_tag","embeddable":true,"href":"https:\/\/www.strassenweb.de\/nachrichten\/wp-json\/wp\/v2\/tags?post=4266"}],"curies":[{"name":"wp","href":"https:\/\/api.w.org\/{rel}","templated":true}]}}