{"id":4243,"date":"2025-04-02T20:41:00","date_gmt":"2025-04-02T18:41:00","guid":{"rendered":"https:\/\/www.strassenweb.de\/nachrichten\/die-italienische-kueche-von-andrea-bocellis-kombiniert-moderne-eleganz-mit-utilitaristischen-funktionen-ihre-designer-sagen-dass-es-eine-kunst-ist-die-perfekte-balance-zu-schlage\/"},"modified":"2025-04-02T20:41:00","modified_gmt":"2025-04-02T18:41:00","slug":"die-italienische-kueche-von-andrea-bocellis-kombiniert-moderne-eleganz-mit-utilitaristischen-funktionen-ihre-designer-sagen-dass-es-eine-kunst-ist-die-perfekte-balance-zu-schlage","status":"publish","type":"post","link":"https:\/\/www.strassenweb.de\/nachrichten\/die-italienische-kueche-von-andrea-bocellis-kombiniert-moderne-eleganz-mit-utilitaristischen-funktionen-ihre-designer-sagen-dass-es-eine-kunst-ist-die-perfekte-balance-zu-schlage\/","title":{"rendered":"Die italienische K\u00fcche von Andrea Bocellis kombiniert moderne Eleganz mit utilitaristischen Funktionen &#8211; ihre Designer sagen, dass es eine \u201eKunst\u201c ist, die perfekte Balance zu schlagen, ist eine \u201eKunst\u201c."},"content":{"rendered":"<p><\/p>\n<div id=\"article-body\" class=\"article__body \">\n<p>Maestro Andrea Bocellis unglaubliche Villa Alpemare wurde noch spektakul\u00e4rer. Andrea und seine Frau Veronica arbeiteten mit den Herstellern der Florentiner K\u00fcchenhersteller, dem offiziellen Gullo, zusammen, um eine K\u00fcche in ihrem toskanischen K\u00fcstenhaus zu entwerfen &#8211; das Ergebnis ist eine Feier der italienischen Raffinesse und Handwerkskunst.<\/p>\n<div id=\"ad-unit-1\" class=\"ad-unit\"><\/div>\n<p>Andrea beauftragte Officine Gullo und Architekturstudio Barberini &#038; Gunnell mit der Schaffung einer luxuri\u00f6sen K\u00fcche, die zeitgen\u00f6ssische Eleganz, Funktionalit\u00e4t und akribische Liebe zum Detail kombiniert, die alle durch ihre unverkennbaren Premium -Materialauswahl erm\u00f6glicht werden.<\/p>\n<p>&#8222;Die Ausweitung der Heimelsheit und Funktionalit\u00e4t mit Luxus und Eleganz im K\u00fcchendesign ist eine Kunst&#8220;, sagt Architekt Francesco Barberini und Nina A. Gunnell (von Barberini &#038; Gunnell) in einem exklusiven Interview mit einem exklusiven Interview mit <em>H\u00e4user &#038; G\u00e4rten<\/em>. &#8218;Die K\u00fcche dient sowohl als n\u00fctzlicher Raum zum Kochen als auch als sozialer Hub &#8211; ein Spiegelbild des Geschmacks und des Lebensstils des Hausbesitzers. Das Erreichen dieser Harmonie h\u00e4ngt von nachdenklicher Design und materieller Auswahl ab. &#8218;<\/p>\n<div id=\"desktop-in-article\" class=\"in-article ad-unit\">\n<div id=\"desktop-taboola-mid-article\"><\/div>\n<\/div>\n<div id=\"mobile-in-article\" class=\"in-article ad-unit\">\n<div id=\"mobile-taboola-mid-article\"><\/div>\n<\/div>\n<figure class=\"van-image-figure inline-layout \" data-bordeaux-image-check>\n<div class=\"image-full-width-wrapper\">\n<div class=\"image-widthsetter\" style=\"max-width:2000px;\"><\/div>\n<\/div>\n<\/figure>\n<p>Die K\u00fcche aus Officine Gullos Contemporanea -Sammlung macht eine Erkl\u00e4rung mit ihrem<em> Nat\u00fcrliche Seide <\/em>Creme-wei\u00dfer Farbton, verst\u00e4rkt durch raffinierte Satinchrom-Oberfl\u00e4chen. Die Arbeitsplatten und Backsplashes in Taj Mahal Quarzit verleihen einen Schliff und vermitteln ein Gef\u00fchl von Luxus, das in den kommenden Jahren genauso sch\u00f6n aussieht.<\/p>\n<div class=\"van_vid_carousel\">\n<div class=\"van_vid_carousel__padding\">\n<div class=\"van_vid_carousel__container\"><\/div>\n<\/div>\n<\/div>\n<p>&#8218;Die Wahl der Materialien \u00fcberbr\u00fcckt die L\u00fccke zwischen diesen beiden Bereichen (ein Kochen und ein soziales Zentrum). Zum Beispiel verbinden Materialien, die taktil und langlebig sind, wie Quarzit, die funktionale Robustheit, die f\u00fcr eine funktionierende K\u00fcche erforderlich ist, mit der visuellen Anziehungskraft, die f\u00fcr Luxus unerl\u00e4sslich ist, sagen Francesco und Nina.<\/p>\n<div id=\"ad-unit-2\" class=\"ad-unit\"><\/div>\n<figure class=\"van-image-figure inline-layout \" data-bordeaux-image-check>\n<div class=\"image-full-width-wrapper\">\n<div class=\"image-widthsetter\" style=\"max-width:2000px;\"><\/div>\n<\/div>\n<\/figure>\n<p>Wie bei jedem Haus ist die italienische K\u00fcche der Zentrum von Andrea Bocellis Villa, aber sie arbeitet im Einklang mit dem Rest des Innenraums.<\/p>\n<p>&#8218;Andrea ist ein engagierter Familienvater, der in Begleitung seiner Angeh\u00f6rigen gedeiht. Ihr Zuhause ist ein herzlicher und einladender Hub, der st\u00e4ndig lebt, da Freunde und Familie vorbeikommen, um kostbare Momente mit dem Maestro zu teilen. Als ihre Architekten war es f\u00fcr uns wichtig, einen Raum zu entwerfen, der diese Versammlungen m\u00fchelos erleichterte &#8211; in Form von und gleicherma\u00dfen passend f\u00fcr eine Figur von Andreas Statur. &#8218;<\/p>\n<div id=\"slice-container-newsletterForm-articleInbodyContent-M6bHuwGw7PnJjzwt3hDzR5\" class=\"slice-container newsletter-inbodyContent-slice newsletterForm-articleInbodyContent-M6bHuwGw7PnJjzwt3hDzR5 slice-container-newsletterForm\"><\/div>\n<figure class=\"van-image-figure inline-layout \" data-bordeaux-image-check>\n<div class=\"image-full-width-wrapper\">\n<div class=\"image-widthsetter\" style=\"max-width:2000px;\"><\/div>\n<\/div>\n<\/figure>\n<p>\u201eDurch die Auswahl von Materialien, die nicht nur sch\u00f6n, sondern auch praktisch sind, haben wir eine K\u00fcche geschaffen, die sich pers\u00f6nlich und elegant anf\u00fchlt, ohne die allt\u00e4gliche Benutzerfreundlichkeit zu beeintr\u00e4chtigen. Es ist dieses empfindliche Zusammenspiel, das die K\u00fcche in das Herz des Hauses verwandelt.<\/p>\n<p>Diese sorgf\u00e4ltige Auswahl der Materialien wurde im Rest des Hauses respektiert. Zum Beispiel spiegeln die handverkickten Teppiche in der besten Wolle und der reinen Seide genau diese wichtige Mischung zwischen Funktionalit\u00e4t und absolutem Luxus wider.<\/p>\n<figure class=\"van-image-figure inline-layout \" data-bordeaux-image-check>\n<div class=\"image-full-width-wrapper\">\n<div class=\"image-widthsetter\" style=\"max-width:2000px;\"><\/div>\n<\/div>\n<\/figure>\n<p>Besonderes Augenmerk wurde auch auf das K\u00fcchenlayout gelegt, um sicherzustellen, dass es die Bed\u00fcrfnisse des Maestro und seiner Familie erf\u00fcllt.<\/p>\n<aside class=\"hawk-base\" data-block-type=\"embed\" data-render-type=\"fte\" data-skip=\"dealsy\" data-widget-type=\"seasonal\">\n<div class=\"hawk-master-widget-hawk-base-wrapper\"><\/div>\n<\/aside>\n<p>&#8222;Als wir seine Liebe zur Herstellung seines eigenen Kaffees verstanden haben, haben wir darauf geachtet, die vertraute Platzierung seines K\u00fcchentr\u00e4gers zu bewahren und unn\u00f6tige \u00c4nderungen zu vermeiden&#8220;, f\u00fcgen Francesco und Nina hinzu.<\/p>\n<p>&#8222;F\u00fcr uns war es wichtig, ein Zuhause f\u00fcr Andrea und seine Frau Veronica zu schaffen, die nicht nur f\u00fcr ihren Status repr\u00e4sentativ ist, sondern auch robust genug ist, um das gesch\u00e4ftige t\u00e4gliche Leben voller Familie, Freunden und ihren geliebten Hunden gerecht zu werden.&#8220;<\/p>\n<figure class=\"van-image-figure inline-layout \" data-bordeaux-image-check>\n<div class=\"image-full-width-wrapper\">\n<div class=\"image-widthsetter\" style=\"max-width:2000px;\"><\/div>\n<\/div>\n<\/figure>\n<p>Schlie\u00dflich, wie bei jeder gro\u00dfen italienischen K\u00fcche, huldigt Andrea Bocellis Platz durch seine lokale Handwerkskunst und ein tadelloses Design. Dies machte Officine Gullo zu einer offensichtlichen Wahl.<\/p>\n<p>&#8222;Officine Gullo, eine Marke, die wir als Architekten als Architekten sowie Designer und Sch\u00f6pfer von Sammlerentw\u00fcrfen und einzigartigen Kunstwerken zutiefst bewundern, hat immer als Symbol f\u00fcr Qualit\u00e4t, Haltbarkeit und zeitloses Design gestanden&#8220;, bemerken sie.<\/p>\n<p>&#8218;Sie die gleichen Werte teilen, sie passen perfekt zusammen. Nat\u00fcrlich sind K\u00fcchen von Officine Gullo zu einem Emblem der italienischen Handwerkskunst und au\u00dfergew\u00f6hnlichen Qualit\u00e4t geworden, die weltweit als echtes Statussymbol anerkannt sind. Sie sind ein Beweis f\u00fcr die Beherrschung &#8211; \u00e4hnlich wie Andrea Bocelli selbst. &#8218;<\/p>\n<p>Im Wesentlichen verk\u00f6rpert die K\u00fcche von Villa Alpemare die Philosophie von Officine Gullo: eine perfekte Balance zwischen Tradition und Innovation, in der handwerkliche Savoir-Faire in der neuesten Technologie trifft, um eine exklusive Umgebung zu schaffen, die die Freude an Geselligkeit und feiner Essen verbessern soll.<\/p>\n<h2 id=\"shop-h-g-s-white-kitchen-edit-3\">Shop H &#038; G&#8217;s White Kitchen Edit<\/h2>\n<p>Es ist m\u00f6glich, ein Element von Andrea&#8217;s K\u00fcche in jedem Raum zu erstellen &#8211; wir m\u00fcssen nur die richtigen Details beherrschen. Beginnen Sie mit diesen handverlesenen St\u00fccken, inspiriert von seiner legend\u00e4ren K\u00fcche unten.<\/p>\n<div class=\"product-container hero-product-container product-block-no-wrap\"><\/div>\n<hr>\n<\/div>\n","protected":false},"excerpt":{"rendered":"<p>Maestro Andrea Bocellis unglaubliche Villa Alpemare wurde noch spektakul\u00e4rer. Andrea und seine Frau Veronica arbeiteten mit den Herstellern der Florentiner K\u00fcchenhersteller, dem offiziellen Gullo, zusammen,<\/p>\n","protected":false},"author":1,"featured_media":4244,"comment_status":"closed","ping_status":"","sticky":false,"template":"","format":"standard","meta":{"footnotes":""},"categories":[118],"tags":[6385,2306,6386,51,216,9,74,388,6388,225,15,6384,1233,468,3948,146,387,2188,284,3750,6387,21],"class_list":["post-4243","post","type-post","status-publish","format-standard","has-post-thumbnail","hentry","category-haus-garten","tag-andrea","tag-balance","tag-bocellis","tag-dass","tag-designer","tag-die","tag-eine","tag-eleganz","tag-funktionen","tag-ihre","tag-ist","tag-italienische","tag-kombiniert","tag-kueche","tag-kunst","tag-mit","tag-moderne","tag-perfekte","tag-sagen","tag-schlagen","tag-utilitaristischen","tag-von","generate-columns","tablet-grid-50","mobile-grid-100","grid-parent","grid-50"],"yoast_head":"<!-- This site is optimized with the Yoast SEO plugin v27.3 - https:\/\/yoast.com\/product\/yoast-seo-wordpress\/ -->\n<title>Die italienische K\u00fcche von Andrea Bocellis kombiniert moderne Eleganz mit utilitaristischen Funktionen - ihre Designer sagen, dass es eine \u201eKunst\u201c ist, die perfekte Balance zu schlagen, ist eine \u201eKunst\u201c. - Nachrichten - Stra\u00dfenweb<\/title>\n<meta name=\"robots\" content=\"index, follow, max-snippet:-1, max-image-preview:large, max-video-preview:-1\" \/>\n<link rel=\"canonical\" href=\"https:\/\/www.strassenweb.de\/nachrichten\/die-italienische-kueche-von-andrea-bocellis-kombiniert-moderne-eleganz-mit-utilitaristischen-funktionen-ihre-designer-sagen-dass-es-eine-kunst-ist-die-perfekte-balance-zu-schlage\/\" \/>\n<meta property=\"og:locale\" content=\"de_DE\" \/>\n<meta property=\"og:type\" content=\"article\" \/>\n<meta property=\"og:title\" content=\"Die italienische K\u00fcche von Andrea Bocellis kombiniert moderne Eleganz mit utilitaristischen Funktionen - ihre Designer sagen, dass es eine \u201eKunst\u201c ist, die perfekte Balance zu schlagen, ist eine \u201eKunst\u201c. - Nachrichten - Stra\u00dfenweb\" \/>\n<meta property=\"og:description\" content=\"Maestro Andrea Bocellis unglaubliche Villa Alpemare wurde noch spektakul\u00e4rer. Andrea und seine Frau Veronica arbeiteten mit den Herstellern der Florentiner K\u00fcchenhersteller, dem offiziellen Gullo, zusammen,\" \/>\n<meta property=\"og:url\" content=\"https:\/\/www.strassenweb.de\/nachrichten\/die-italienische-kueche-von-andrea-bocellis-kombiniert-moderne-eleganz-mit-utilitaristischen-funktionen-ihre-designer-sagen-dass-es-eine-kunst-ist-die-perfekte-balance-zu-schlage\/\" \/>\n<meta property=\"og:site_name\" content=\"Stra\u00dfenweb\" \/>\n<meta property=\"article:publisher\" content=\"https:\/\/www.facebook.com\/strassenweb\/\" \/>\n<meta property=\"article:published_time\" content=\"2025-04-02T18:41:00+00:00\" \/>\n<meta property=\"og:image\" content=\"https:\/\/www.strassenweb.de\/nachrichten\/wp-content\/uploads\/2025\/04\/Die-italienische-Kueche-von-Andrea-Bocellis-kombiniert-moderne-Eleganz-mit.jpg\" \/>\n\t<meta property=\"og:image:width\" content=\"1200\" \/>\n\t<meta property=\"og:image:height\" content=\"1440\" \/>\n\t<meta property=\"og:image:type\" content=\"image\/jpeg\" \/>\n<meta name=\"author\" content=\"Robert Hoffmann\" \/>\n<meta name=\"twitter:card\" content=\"summary_large_image\" \/>\n<meta name=\"twitter:label1\" content=\"Verfasst von\" \/>\n\t<meta name=\"twitter:data1\" content=\"Robert Hoffmann\" \/>\n\t<meta name=\"twitter:label2\" content=\"Gesch\u00e4tzte Lesezeit\" \/>\n\t<meta name=\"twitter:data2\" content=\"4\u00a0Minuten\" \/>\n<script type=\"application\/ld+json\" class=\"yoast-schema-graph\">{\"@context\":\"https:\\\/\\\/schema.org\",\"@graph\":[{\"@type\":\"Article\",\"@id\":\"https:\\\/\\\/www.strassenweb.de\\\/nachrichten\\\/die-italienische-kueche-von-andrea-bocellis-kombiniert-moderne-eleganz-mit-utilitaristischen-funktionen-ihre-designer-sagen-dass-es-eine-kunst-ist-die-perfekte-balance-zu-schlage\\\/#article\",\"isPartOf\":{\"@id\":\"https:\\\/\\\/www.strassenweb.de\\\/nachrichten\\\/die-italienische-kueche-von-andrea-bocellis-kombiniert-moderne-eleganz-mit-utilitaristischen-funktionen-ihre-designer-sagen-dass-es-eine-kunst-ist-die-perfekte-balance-zu-schlage\\\/\"},\"author\":{\"name\":\"Robert Hoffmann\",\"@id\":\"https:\\\/\\\/www.strassenweb.de\\\/nachrichten\\\/#\\\/schema\\\/person\\\/87c9c9067f1211da429a744dc5a5aa41\"},\"headline\":\"Die italienische K\u00fcche von Andrea Bocellis kombiniert moderne Eleganz mit utilitaristischen Funktionen &#8211; ihre Designer sagen, dass es eine \u201eKunst\u201c ist, die perfekte Balance zu schlagen, ist eine \u201eKunst\u201c.\",\"datePublished\":\"2025-04-02T18:41:00+00:00\",\"mainEntityOfPage\":{\"@id\":\"https:\\\/\\\/www.strassenweb.de\\\/nachrichten\\\/die-italienische-kueche-von-andrea-bocellis-kombiniert-moderne-eleganz-mit-utilitaristischen-funktionen-ihre-designer-sagen-dass-es-eine-kunst-ist-die-perfekte-balance-zu-schlage\\\/\"},\"wordCount\":812,\"publisher\":{\"@id\":\"https:\\\/\\\/www.strassenweb.de\\\/nachrichten\\\/#organization\"},\"image\":{\"@id\":\"https:\\\/\\\/www.strassenweb.de\\\/nachrichten\\\/die-italienische-kueche-von-andrea-bocellis-kombiniert-moderne-eleganz-mit-utilitaristischen-funktionen-ihre-designer-sagen-dass-es-eine-kunst-ist-die-perfekte-balance-zu-schlage\\\/#primaryimage\"},\"thumbnailUrl\":\"https:\\\/\\\/www.strassenweb.de\\\/nachrichten\\\/wp-content\\\/uploads\\\/2025\\\/04\\\/Die-italienische-Kueche-von-Andrea-Bocellis-kombiniert-moderne-Eleganz-mit.jpg\",\"keywords\":[\"Andrea\",\"Balance\",\"Bocellis\",\"dass\",\"Designer\",\"die\",\"eine\",\"Eleganz\",\"Funktionen\",\"ihre\",\"ist\",\"italienische\",\"kombiniert\",\"K\u00fcche\",\"Kunst\",\"mit\",\"Moderne\",\"perfekte\",\"sagen\",\"schlagen\",\"utilitaristischen\",\"von\"],\"articleSection\":[\"Haus &amp; Garten\"],\"inLanguage\":\"de\"},{\"@type\":\"WebPage\",\"@id\":\"https:\\\/\\\/www.strassenweb.de\\\/nachrichten\\\/die-italienische-kueche-von-andrea-bocellis-kombiniert-moderne-eleganz-mit-utilitaristischen-funktionen-ihre-designer-sagen-dass-es-eine-kunst-ist-die-perfekte-balance-zu-schlage\\\/\",\"url\":\"https:\\\/\\\/www.strassenweb.de\\\/nachrichten\\\/die-italienische-kueche-von-andrea-bocellis-kombiniert-moderne-eleganz-mit-utilitaristischen-funktionen-ihre-designer-sagen-dass-es-eine-kunst-ist-die-perfekte-balance-zu-schlage\\\/\",\"name\":\"Die italienische K\u00fcche von Andrea Bocellis kombiniert moderne Eleganz mit utilitaristischen Funktionen - ihre Designer sagen, dass es eine \u201eKunst\u201c ist, die perfekte Balance zu schlagen, ist eine \u201eKunst\u201c. - Nachrichten - Stra\u00dfenweb\",\"isPartOf\":{\"@id\":\"https:\\\/\\\/www.strassenweb.de\\\/nachrichten\\\/#website\"},\"primaryImageOfPage\":{\"@id\":\"https:\\\/\\\/www.strassenweb.de\\\/nachrichten\\\/die-italienische-kueche-von-andrea-bocellis-kombiniert-moderne-eleganz-mit-utilitaristischen-funktionen-ihre-designer-sagen-dass-es-eine-kunst-ist-die-perfekte-balance-zu-schlage\\\/#primaryimage\"},\"image\":{\"@id\":\"https:\\\/\\\/www.strassenweb.de\\\/nachrichten\\\/die-italienische-kueche-von-andrea-bocellis-kombiniert-moderne-eleganz-mit-utilitaristischen-funktionen-ihre-designer-sagen-dass-es-eine-kunst-ist-die-perfekte-balance-zu-schlage\\\/#primaryimage\"},\"thumbnailUrl\":\"https:\\\/\\\/www.strassenweb.de\\\/nachrichten\\\/wp-content\\\/uploads\\\/2025\\\/04\\\/Die-italienische-Kueche-von-Andrea-Bocellis-kombiniert-moderne-Eleganz-mit.jpg\",\"datePublished\":\"2025-04-02T18:41:00+00:00\",\"breadcrumb\":{\"@id\":\"https:\\\/\\\/www.strassenweb.de\\\/nachrichten\\\/die-italienische-kueche-von-andrea-bocellis-kombiniert-moderne-eleganz-mit-utilitaristischen-funktionen-ihre-designer-sagen-dass-es-eine-kunst-ist-die-perfekte-balance-zu-schlage\\\/#breadcrumb\"},\"inLanguage\":\"de\",\"potentialAction\":[{\"@type\":\"ReadAction\",\"target\":[\"https:\\\/\\\/www.strassenweb.de\\\/nachrichten\\\/die-italienische-kueche-von-andrea-bocellis-kombiniert-moderne-eleganz-mit-utilitaristischen-funktionen-ihre-designer-sagen-dass-es-eine-kunst-ist-die-perfekte-balance-zu-schlage\\\/\"]}]},{\"@type\":\"ImageObject\",\"inLanguage\":\"de\",\"@id\":\"https:\\\/\\\/www.strassenweb.de\\\/nachrichten\\\/die-italienische-kueche-von-andrea-bocellis-kombiniert-moderne-eleganz-mit-utilitaristischen-funktionen-ihre-designer-sagen-dass-es-eine-kunst-ist-die-perfekte-balance-zu-schlage\\\/#primaryimage\",\"url\":\"https:\\\/\\\/www.strassenweb.de\\\/nachrichten\\\/wp-content\\\/uploads\\\/2025\\\/04\\\/Die-italienische-Kueche-von-Andrea-Bocellis-kombiniert-moderne-Eleganz-mit.jpg\",\"contentUrl\":\"https:\\\/\\\/www.strassenweb.de\\\/nachrichten\\\/wp-content\\\/uploads\\\/2025\\\/04\\\/Die-italienische-Kueche-von-Andrea-Bocellis-kombiniert-moderne-Eleganz-mit.jpg\",\"width\":1200,\"height\":1440,\"caption\":\"Die italienische K\u00fcche von Andrea Bocellis kombiniert moderne Eleganz mit utilitaristischen Funktionen - ihre Designer sagen, dass es eine \u201eKunst\u201c ist, die perfekte Balance zu schlagen, ist eine \u201eKunst\u201c.\"},{\"@type\":\"BreadcrumbList\",\"@id\":\"https:\\\/\\\/www.strassenweb.de\\\/nachrichten\\\/die-italienische-kueche-von-andrea-bocellis-kombiniert-moderne-eleganz-mit-utilitaristischen-funktionen-ihre-designer-sagen-dass-es-eine-kunst-ist-die-perfekte-balance-zu-schlage\\\/#breadcrumb\",\"itemListElement\":[{\"@type\":\"ListItem\",\"position\":1,\"name\":\"Home\",\"item\":\"https:\\\/\\\/www.strassenweb.de\\\/nachrichten\\\/\"},{\"@type\":\"ListItem\",\"position\":2,\"name\":\"Die italienische K\u00fcche von Andrea Bocellis kombiniert moderne Eleganz mit utilitaristischen Funktionen &#8211; ihre Designer sagen, dass es eine \u201eKunst\u201c ist, die perfekte Balance zu schlagen, ist eine \u201eKunst\u201c.\"}]},{\"@type\":\"WebSite\",\"@id\":\"https:\\\/\\\/www.strassenweb.de\\\/nachrichten\\\/#website\",\"url\":\"https:\\\/\\\/www.strassenweb.de\\\/nachrichten\\\/\",\"name\":\"Stra\u00dfenweb\",\"description\":\"Stra\u00dfenverzeichnis f\u00fcr Deutschland\",\"publisher\":{\"@id\":\"https:\\\/\\\/www.strassenweb.de\\\/nachrichten\\\/#organization\"},\"potentialAction\":[{\"@type\":\"SearchAction\",\"target\":{\"@type\":\"EntryPoint\",\"urlTemplate\":\"https:\\\/\\\/www.strassenweb.de\\\/nachrichten\\\/?s={search_term_string}\"},\"query-input\":{\"@type\":\"PropertyValueSpecification\",\"valueRequired\":true,\"valueName\":\"search_term_string\"}}],\"inLanguage\":\"de\"},{\"@type\":\"Organization\",\"@id\":\"https:\\\/\\\/www.strassenweb.de\\\/nachrichten\\\/#organization\",\"name\":\"Stra\u00dfenweb\",\"url\":\"https:\\\/\\\/www.strassenweb.de\\\/nachrichten\\\/\",\"logo\":{\"@type\":\"ImageObject\",\"inLanguage\":\"de\",\"@id\":\"https:\\\/\\\/www.strassenweb.de\\\/nachrichten\\\/#\\\/schema\\\/logo\\\/image\\\/\",\"url\":\"https:\\\/\\\/www.strassenweb.de\\\/nachrichten\\\/wp-content\\\/uploads\\\/2024\\\/09\\\/cropped-favicon.png\",\"contentUrl\":\"https:\\\/\\\/www.strassenweb.de\\\/nachrichten\\\/wp-content\\\/uploads\\\/2024\\\/09\\\/cropped-favicon.png\",\"width\":512,\"height\":512,\"caption\":\"Stra\u00dfenweb\"},\"image\":{\"@id\":\"https:\\\/\\\/www.strassenweb.de\\\/nachrichten\\\/#\\\/schema\\\/logo\\\/image\\\/\"},\"sameAs\":[\"https:\\\/\\\/www.facebook.com\\\/strassenweb\\\/\"]},{\"@type\":\"Person\",\"@id\":\"https:\\\/\\\/www.strassenweb.de\\\/nachrichten\\\/#\\\/schema\\\/person\\\/87c9c9067f1211da429a744dc5a5aa41\",\"name\":\"Robert Hoffmann\",\"image\":{\"@type\":\"ImageObject\",\"inLanguage\":\"de\",\"@id\":\"https:\\\/\\\/www.strassenweb.de\\\/nachrichten\\\/wp-content\\\/uploads\\\/2024\\\/09\\\/strassenweb-150x150.jpg\",\"url\":\"https:\\\/\\\/www.strassenweb.de\\\/nachrichten\\\/wp-content\\\/uploads\\\/2024\\\/09\\\/strassenweb-150x150.jpg\",\"contentUrl\":\"https:\\\/\\\/www.strassenweb.de\\\/nachrichten\\\/wp-content\\\/uploads\\\/2024\\\/09\\\/strassenweb-150x150.jpg\",\"caption\":\"Robert Hoffmann\"},\"description\":\"Ich hei\u00dfe Robert Hoffmann und ich bin ein leidenschaftlicher Verfechter von \u00d6kologie und Biodiversit\u00e4t. Seit meiner Kindheit in den W\u00e4ldern Bayerns f\u00fchle ich mich mit der Natur verbunden und bin entschlossen, sie zu sch\u00fctzen. Heute widme ich mein Leben der Sensibilisierung anderer f\u00fcr die Bedeutung des Umweltschutzes f\u00fcr zuk\u00fcnftige Generationen.\",\"sameAs\":[\"https:\\\/\\\/www.strassenweb.de\\\/\"]}]}<\/script>\n<!-- \/ Yoast SEO plugin. -->","yoast_head_json":{"title":"Die italienische K\u00fcche von Andrea Bocellis kombiniert moderne Eleganz mit utilitaristischen Funktionen - ihre Designer sagen, dass es eine \u201eKunst\u201c ist, die perfekte Balance zu schlagen, ist eine \u201eKunst\u201c. - Nachrichten - Stra\u00dfenweb","robots":{"index":"index","follow":"follow","max-snippet":"max-snippet:-1","max-image-preview":"max-image-preview:large","max-video-preview":"max-video-preview:-1"},"canonical":"https:\/\/www.strassenweb.de\/nachrichten\/die-italienische-kueche-von-andrea-bocellis-kombiniert-moderne-eleganz-mit-utilitaristischen-funktionen-ihre-designer-sagen-dass-es-eine-kunst-ist-die-perfekte-balance-zu-schlage\/","og_locale":"de_DE","og_type":"article","og_title":"Die italienische K\u00fcche von Andrea Bocellis kombiniert moderne Eleganz mit utilitaristischen Funktionen - ihre Designer sagen, dass es eine \u201eKunst\u201c ist, die perfekte Balance zu schlagen, ist eine \u201eKunst\u201c. - Nachrichten - Stra\u00dfenweb","og_description":"Maestro Andrea Bocellis unglaubliche Villa Alpemare wurde noch spektakul\u00e4rer. Andrea und seine Frau Veronica arbeiteten mit den Herstellern der Florentiner K\u00fcchenhersteller, dem offiziellen Gullo, zusammen,","og_url":"https:\/\/www.strassenweb.de\/nachrichten\/die-italienische-kueche-von-andrea-bocellis-kombiniert-moderne-eleganz-mit-utilitaristischen-funktionen-ihre-designer-sagen-dass-es-eine-kunst-ist-die-perfekte-balance-zu-schlage\/","og_site_name":"Stra\u00dfenweb","article_publisher":"https:\/\/www.facebook.com\/strassenweb\/","article_published_time":"2025-04-02T18:41:00+00:00","og_image":[{"width":1200,"height":1440,"url":"https:\/\/www.strassenweb.de\/nachrichten\/wp-content\/uploads\/2025\/04\/Die-italienische-Kueche-von-Andrea-Bocellis-kombiniert-moderne-Eleganz-mit.jpg","type":"image\/jpeg"}],"author":"Robert Hoffmann","twitter_card":"summary_large_image","twitter_misc":{"Verfasst von":"Robert Hoffmann","Gesch\u00e4tzte Lesezeit":"4\u00a0Minuten"},"schema":{"@context":"https:\/\/schema.org","@graph":[{"@type":"Article","@id":"https:\/\/www.strassenweb.de\/nachrichten\/die-italienische-kueche-von-andrea-bocellis-kombiniert-moderne-eleganz-mit-utilitaristischen-funktionen-ihre-designer-sagen-dass-es-eine-kunst-ist-die-perfekte-balance-zu-schlage\/#article","isPartOf":{"@id":"https:\/\/www.strassenweb.de\/nachrichten\/die-italienische-kueche-von-andrea-bocellis-kombiniert-moderne-eleganz-mit-utilitaristischen-funktionen-ihre-designer-sagen-dass-es-eine-kunst-ist-die-perfekte-balance-zu-schlage\/"},"author":{"name":"Robert Hoffmann","@id":"https:\/\/www.strassenweb.de\/nachrichten\/#\/schema\/person\/87c9c9067f1211da429a744dc5a5aa41"},"headline":"Die italienische K\u00fcche von Andrea Bocellis kombiniert moderne Eleganz mit utilitaristischen Funktionen &#8211; ihre Designer sagen, dass es eine \u201eKunst\u201c ist, die perfekte Balance zu schlagen, ist eine \u201eKunst\u201c.","datePublished":"2025-04-02T18:41:00+00:00","mainEntityOfPage":{"@id":"https:\/\/www.strassenweb.de\/nachrichten\/die-italienische-kueche-von-andrea-bocellis-kombiniert-moderne-eleganz-mit-utilitaristischen-funktionen-ihre-designer-sagen-dass-es-eine-kunst-ist-die-perfekte-balance-zu-schlage\/"},"wordCount":812,"publisher":{"@id":"https:\/\/www.strassenweb.de\/nachrichten\/#organization"},"image":{"@id":"https:\/\/www.strassenweb.de\/nachrichten\/die-italienische-kueche-von-andrea-bocellis-kombiniert-moderne-eleganz-mit-utilitaristischen-funktionen-ihre-designer-sagen-dass-es-eine-kunst-ist-die-perfekte-balance-zu-schlage\/#primaryimage"},"thumbnailUrl":"https:\/\/www.strassenweb.de\/nachrichten\/wp-content\/uploads\/2025\/04\/Die-italienische-Kueche-von-Andrea-Bocellis-kombiniert-moderne-Eleganz-mit.jpg","keywords":["Andrea","Balance","Bocellis","dass","Designer","die","eine","Eleganz","Funktionen","ihre","ist","italienische","kombiniert","K\u00fcche","Kunst","mit","Moderne","perfekte","sagen","schlagen","utilitaristischen","von"],"articleSection":["Haus &amp; Garten"],"inLanguage":"de"},{"@type":"WebPage","@id":"https:\/\/www.strassenweb.de\/nachrichten\/die-italienische-kueche-von-andrea-bocellis-kombiniert-moderne-eleganz-mit-utilitaristischen-funktionen-ihre-designer-sagen-dass-es-eine-kunst-ist-die-perfekte-balance-zu-schlage\/","url":"https:\/\/www.strassenweb.de\/nachrichten\/die-italienische-kueche-von-andrea-bocellis-kombiniert-moderne-eleganz-mit-utilitaristischen-funktionen-ihre-designer-sagen-dass-es-eine-kunst-ist-die-perfekte-balance-zu-schlage\/","name":"Die italienische K\u00fcche von Andrea Bocellis kombiniert moderne Eleganz mit utilitaristischen Funktionen - ihre Designer sagen, dass es eine \u201eKunst\u201c ist, die perfekte Balance zu schlagen, ist eine \u201eKunst\u201c. - Nachrichten - Stra\u00dfenweb","isPartOf":{"@id":"https:\/\/www.strassenweb.de\/nachrichten\/#website"},"primaryImageOfPage":{"@id":"https:\/\/www.strassenweb.de\/nachrichten\/die-italienische-kueche-von-andrea-bocellis-kombiniert-moderne-eleganz-mit-utilitaristischen-funktionen-ihre-designer-sagen-dass-es-eine-kunst-ist-die-perfekte-balance-zu-schlage\/#primaryimage"},"image":{"@id":"https:\/\/www.strassenweb.de\/nachrichten\/die-italienische-kueche-von-andrea-bocellis-kombiniert-moderne-eleganz-mit-utilitaristischen-funktionen-ihre-designer-sagen-dass-es-eine-kunst-ist-die-perfekte-balance-zu-schlage\/#primaryimage"},"thumbnailUrl":"https:\/\/www.strassenweb.de\/nachrichten\/wp-content\/uploads\/2025\/04\/Die-italienische-Kueche-von-Andrea-Bocellis-kombiniert-moderne-Eleganz-mit.jpg","datePublished":"2025-04-02T18:41:00+00:00","breadcrumb":{"@id":"https:\/\/www.strassenweb.de\/nachrichten\/die-italienische-kueche-von-andrea-bocellis-kombiniert-moderne-eleganz-mit-utilitaristischen-funktionen-ihre-designer-sagen-dass-es-eine-kunst-ist-die-perfekte-balance-zu-schlage\/#breadcrumb"},"inLanguage":"de","potentialAction":[{"@type":"ReadAction","target":["https:\/\/www.strassenweb.de\/nachrichten\/die-italienische-kueche-von-andrea-bocellis-kombiniert-moderne-eleganz-mit-utilitaristischen-funktionen-ihre-designer-sagen-dass-es-eine-kunst-ist-die-perfekte-balance-zu-schlage\/"]}]},{"@type":"ImageObject","inLanguage":"de","@id":"https:\/\/www.strassenweb.de\/nachrichten\/die-italienische-kueche-von-andrea-bocellis-kombiniert-moderne-eleganz-mit-utilitaristischen-funktionen-ihre-designer-sagen-dass-es-eine-kunst-ist-die-perfekte-balance-zu-schlage\/#primaryimage","url":"https:\/\/www.strassenweb.de\/nachrichten\/wp-content\/uploads\/2025\/04\/Die-italienische-Kueche-von-Andrea-Bocellis-kombiniert-moderne-Eleganz-mit.jpg","contentUrl":"https:\/\/www.strassenweb.de\/nachrichten\/wp-content\/uploads\/2025\/04\/Die-italienische-Kueche-von-Andrea-Bocellis-kombiniert-moderne-Eleganz-mit.jpg","width":1200,"height":1440,"caption":"Die italienische K\u00fcche von Andrea Bocellis kombiniert moderne Eleganz mit utilitaristischen Funktionen - ihre Designer sagen, dass es eine \u201eKunst\u201c ist, die perfekte Balance zu schlagen, ist eine \u201eKunst\u201c."},{"@type":"BreadcrumbList","@id":"https:\/\/www.strassenweb.de\/nachrichten\/die-italienische-kueche-von-andrea-bocellis-kombiniert-moderne-eleganz-mit-utilitaristischen-funktionen-ihre-designer-sagen-dass-es-eine-kunst-ist-die-perfekte-balance-zu-schlage\/#breadcrumb","itemListElement":[{"@type":"ListItem","position":1,"name":"Home","item":"https:\/\/www.strassenweb.de\/nachrichten\/"},{"@type":"ListItem","position":2,"name":"Die italienische K\u00fcche von Andrea Bocellis kombiniert moderne Eleganz mit utilitaristischen Funktionen &#8211; ihre Designer sagen, dass es eine \u201eKunst\u201c ist, die perfekte Balance zu schlagen, ist eine \u201eKunst\u201c."}]},{"@type":"WebSite","@id":"https:\/\/www.strassenweb.de\/nachrichten\/#website","url":"https:\/\/www.strassenweb.de\/nachrichten\/","name":"Stra\u00dfenweb","description":"Stra\u00dfenverzeichnis f\u00fcr Deutschland","publisher":{"@id":"https:\/\/www.strassenweb.de\/nachrichten\/#organization"},"potentialAction":[{"@type":"SearchAction","target":{"@type":"EntryPoint","urlTemplate":"https:\/\/www.strassenweb.de\/nachrichten\/?s={search_term_string}"},"query-input":{"@type":"PropertyValueSpecification","valueRequired":true,"valueName":"search_term_string"}}],"inLanguage":"de"},{"@type":"Organization","@id":"https:\/\/www.strassenweb.de\/nachrichten\/#organization","name":"Stra\u00dfenweb","url":"https:\/\/www.strassenweb.de\/nachrichten\/","logo":{"@type":"ImageObject","inLanguage":"de","@id":"https:\/\/www.strassenweb.de\/nachrichten\/#\/schema\/logo\/image\/","url":"https:\/\/www.strassenweb.de\/nachrichten\/wp-content\/uploads\/2024\/09\/cropped-favicon.png","contentUrl":"https:\/\/www.strassenweb.de\/nachrichten\/wp-content\/uploads\/2024\/09\/cropped-favicon.png","width":512,"height":512,"caption":"Stra\u00dfenweb"},"image":{"@id":"https:\/\/www.strassenweb.de\/nachrichten\/#\/schema\/logo\/image\/"},"sameAs":["https:\/\/www.facebook.com\/strassenweb\/"]},{"@type":"Person","@id":"https:\/\/www.strassenweb.de\/nachrichten\/#\/schema\/person\/87c9c9067f1211da429a744dc5a5aa41","name":"Robert Hoffmann","image":{"@type":"ImageObject","inLanguage":"de","@id":"https:\/\/www.strassenweb.de\/nachrichten\/wp-content\/uploads\/2024\/09\/strassenweb-150x150.jpg","url":"https:\/\/www.strassenweb.de\/nachrichten\/wp-content\/uploads\/2024\/09\/strassenweb-150x150.jpg","contentUrl":"https:\/\/www.strassenweb.de\/nachrichten\/wp-content\/uploads\/2024\/09\/strassenweb-150x150.jpg","caption":"Robert Hoffmann"},"description":"Ich hei\u00dfe Robert Hoffmann und ich bin ein leidenschaftlicher Verfechter von \u00d6kologie und Biodiversit\u00e4t. Seit meiner Kindheit in den W\u00e4ldern Bayerns f\u00fchle ich mich mit der Natur verbunden und bin entschlossen, sie zu sch\u00fctzen. Heute widme ich mein Leben der Sensibilisierung anderer f\u00fcr die Bedeutung des Umweltschutzes f\u00fcr zuk\u00fcnftige Generationen.","sameAs":["https:\/\/www.strassenweb.de\/"]}]}},"_links":{"self":[{"href":"https:\/\/www.strassenweb.de\/nachrichten\/wp-json\/wp\/v2\/posts\/4243","targetHints":{"allow":["GET"]}}],"collection":[{"href":"https:\/\/www.strassenweb.de\/nachrichten\/wp-json\/wp\/v2\/posts"}],"about":[{"href":"https:\/\/www.strassenweb.de\/nachrichten\/wp-json\/wp\/v2\/types\/post"}],"author":[{"embeddable":true,"href":"https:\/\/www.strassenweb.de\/nachrichten\/wp-json\/wp\/v2\/users\/1"}],"replies":[{"embeddable":true,"href":"https:\/\/www.strassenweb.de\/nachrichten\/wp-json\/wp\/v2\/comments?post=4243"}],"version-history":[{"count":0,"href":"https:\/\/www.strassenweb.de\/nachrichten\/wp-json\/wp\/v2\/posts\/4243\/revisions"}],"wp:featuredmedia":[{"embeddable":true,"href":"https:\/\/www.strassenweb.de\/nachrichten\/wp-json\/wp\/v2\/media\/4244"}],"wp:attachment":[{"href":"https:\/\/www.strassenweb.de\/nachrichten\/wp-json\/wp\/v2\/media?parent=4243"}],"wp:term":[{"taxonomy":"category","embeddable":true,"href":"https:\/\/www.strassenweb.de\/nachrichten\/wp-json\/wp\/v2\/categories?post=4243"},{"taxonomy":"post_tag","embeddable":true,"href":"https:\/\/www.strassenweb.de\/nachrichten\/wp-json\/wp\/v2\/tags?post=4243"}],"curies":[{"name":"wp","href":"https:\/\/api.w.org\/{rel}","templated":true}]}}