{"id":4241,"date":"2025-04-02T16:41:54","date_gmt":"2025-04-02T14:41:54","guid":{"rendered":"https:\/\/www.strassenweb.de\/nachrichten\/ich-dachte\/"},"modified":"2025-04-02T16:41:54","modified_gmt":"2025-04-02T14:41:54","slug":"ich-dachte","status":"publish","type":"post","link":"https:\/\/www.strassenweb.de\/nachrichten\/ich-dachte\/","title":{"rendered":"Ich dachte"},"content":{"rendered":"<p><\/p>\n<div id=\"article-body\" class=\"article__body \">\n<p>W\u00e4hrend die meisten von uns darauf abzielen, veraltete Merkmale abzudecken (oder sie vollst\u00e4ndig zu entsorgen), hat der Innenarchitekt, Amber Lewis, bewiesen, dass selbst die meisten Retro -Details sich einzigartig und interessant anf\u00fchlen k\u00f6nnen.<\/p>\n<div id=\"ad-unit-1\" class=\"ad-unit\"><\/div>\n<p>Es gibt viele Dinge, die ein Zuhause im Jahr 2025 aussehen lassen, und obwohl Sie vielleicht glauben, dass Steinfunktionsw\u00e4nde auf diese Liste geh\u00f6ren, hat Designer Amber Lewis bewiesen, dass das eigenst\u00e4ndige Designfunktion nicht zu vermeiden ist. Dominante Steinmauern, ein beliebtes architektonisches Merkmal aus den 1980er Jahren, werden typischerweise in Innenr\u00e4umen im alpinen Stil (Think Skigebiet und H\u00fctten) zu sehen, die den einheimischen Bergbereichen nicken.<\/p>\n<aside class=\"hawk-base\" data-block-type=\"embed\" data-render-type=\"fte\" data-skip=\"dealsy\" data-widget-type=\"seasonal\">\n<div class=\"hawk-master-widget-hawk-base-wrapper\"><\/div>\n<\/aside>\n<p>Amber ist nicht von den datierten Konnotationen abgeschreckt. Er umfasst die boden und volle freiliegende Steinmauer in ihrem j\u00fcngsten Wohnzimmerprojekt und nutzt den organischen modernen Trend, um den Raum aktuell, erdig und gelassen zu machen. Wir tauchen tiefer in das Aussehen ein und diskutieren, wie dieser kontroverse Design zu einer zeitgen\u00f6ssischen Aussage betont werden kann.<\/p>\n<div id=\"desktop-in-article\" class=\"in-article ad-unit\">\n<div id=\"desktop-taboola-mid-article\"><\/div>\n<\/div>\n<div id=\"mobile-in-article\" class=\"in-article ad-unit\">\n<div id=\"mobile-taboola-mid-article\"><\/div>\n<\/div>\n<div class=\"instagram-embed\">\n<blockquote class=\"instagram-media\" data-instgrm-captioned data-instgrm-version=\"6\" style=\"width:99.375%; width:-webkit-calc(100% - 2px); width:calc(100% - 2px);\">\n<p>Ein Beitrag, der von Amber Lewis (@amberinteriors) geteilt wird<\/p>\n<p>Ein Foto von on <\/p>\n<\/blockquote>\n<\/div>\n<p>Obwohl viele von uns eine Steinmauer in veraltete Wohnzimmertrends platzieren w\u00fcrden, hat Amber mit der Architektur des Raums gearbeitet und seine Textur durch Dekoration mit Neutralen umarmt. Amber hat uns beigebracht, dass ein dominantes Detail durch die Einnahme eines Design -Features und als Inspiration f\u00fcr den Rest des Raums anf\u00fchlt, stilvoll und integraler Bestandteil des Designs eines Raums.<\/p>\n<div class=\"van_vid_carousel\">\n<div class=\"van_vid_carousel__padding\">\n<div class=\"van_vid_carousel__container\"><\/div>\n<\/div>\n<\/div>\n<p>Amber ist ein Beispiel f\u00fcr ein modernes Bio -Wohnzimmer und war sicher, viele nat\u00fcrliche Texturen mitzubringen, die mit dem Stein \u00fcbereinstimmen. Sie hat gemischte Holzt\u00f6ne und einbindete Leinen und einen gewebten Teppich, der alle zusammenkommen und zum erdigen Gef\u00fchl des Raums beitragen, was beweist, dass eine neutrale Palette interessant gemacht werden kann, wenn Sie Texturen schichten.<\/p>\n<div id=\"ad-unit-2\" class=\"ad-unit\"><\/div>\n<p>Amber war klug mit dem Wohnzimmer -Layout und hat die Steinmauer zum Mittelpunkt gemacht. Sie hat das Sofa, den Hocker und den Couchtisch in der Mitte des Raumes positioniert und einen intimen Gespr\u00e4chsbereich kreiert, der die Wand anerkennt. Sie hat den Stern der Show gemacht und achtete darauf, nicht dagegen zu k\u00e4mpfen, sondern um ihre nat\u00fcrliche Sch\u00f6nheit zu umarmen, indem sie sich entschlossen hat, ein erdiges Dekor und ein modernes Bio -Farbschema zu w\u00e4hlen.<\/p>\n<div class=\"instagram-embed\">\n<blockquote class=\"instagram-media\" data-instgrm-captioned data-instgrm-version=\"6\" style=\"width:99.375%; width:-webkit-calc(100% - 2px); width:calc(100% - 2px);\">\n<p>Ein Beitrag, der von Amber Lewis (@amberinteriors) geteilt wird<\/p>\n<p>Ein Foto von on <\/p>\n<\/blockquote>\n<\/div>\n<p>Amber war klug mit dem Wohnzimmer -Layout und hat die Steinmauer zum Mittelpunkt gemacht. Sie hat das Sofa, den Hocker und den Couchtisch in der Mitte des Raumes positioniert und einen intimen Gespr\u00e4chsbereich kreiert, der die Wand anerkennt. Sie hat den Stern der Show gemacht und achtete darauf, nicht dagegen zu k\u00e4mpfen, sondern um ihre nat\u00fcrliche Sch\u00f6nheit zu umarmen, indem sie sich entschlossen hat, ein erdiges Dekor und ein modernes Bio -Farbschema zu w\u00e4hlen.<\/p>\n<div id=\"slice-container-newsletterForm-articleInbodyContent-oCEzN6WiswUStbb56Fa6NH\" class=\"slice-container newsletter-inbodyContent-slice newsletterForm-articleInbodyContent-oCEzN6WiswUStbb56Fa6NH slice-container-newsletterForm\"><\/div>\n<h3 class=\"article-body__section\" id=\"section-shop-amber-s-modern-organic-living-room-look\"><span>Kaufen Sie Bernsteins moderner Bio -Wohnzimmer -Look ein<\/span><\/h3>\n<div class=\"product-container hero-product-container product-block-no-wrap\"><\/div>\n<hr>\n<p>Insbesondere W\u00e4nde und Stein- oder Ziegelw\u00e4nde sind in den letzten Jahren unter Beschuss und ja, wenn sie nicht geschmackvoll nicht fertig sind, k\u00f6nnen sie sich wirklich mit einem Raum verabreden. Aber wie Bernstein beweist, k\u00f6nnen sie bei korrekter Ann\u00e4herung an den Mittelpunkt einer Menge Interesse und Textur zu einem Raum verleihen. Das Ergebnis ist ein gem\u00fctlicher, rustikaler Raum, der sich immer noch schick und raffiniert anf\u00fchlt.<\/p>\n<\/div>\n<p><script async src=\"\/\/www.instagram.com\/embed.js\"><\/script><\/p>\n","protected":false},"excerpt":{"rendered":"<p>W\u00e4hrend die meisten von uns darauf abzielen, veraltete Merkmale abzudecken (oder sie vollst\u00e4ndig zu entsorgen), hat der Innenarchitekt, Amber Lewis, bewiesen, dass selbst die meisten<\/p>\n","protected":false},"author":1,"featured_media":1892,"comment_status":"closed","ping_status":"","sticky":false,"template":"","format":"standard","meta":{"footnotes":""},"categories":[118],"tags":[174,129],"class_list":["post-4241","post","type-post","status-publish","format-standard","has-post-thumbnail","hentry","category-haus-garten","tag-dachte","tag-ich","generate-columns","tablet-grid-50","mobile-grid-100","grid-parent","grid-50"],"yoast_head":"<!-- This site is optimized with the Yoast SEO plugin v27.3 - https:\/\/yoast.com\/product\/yoast-seo-wordpress\/ -->\n<title>Ich dachte - Nachrichten - Stra\u00dfenweb<\/title>\n<meta name=\"robots\" content=\"index, follow, max-snippet:-1, max-image-preview:large, max-video-preview:-1\" \/>\n<link rel=\"canonical\" href=\"https:\/\/www.strassenweb.de\/nachrichten\/ich-dachte\/\" \/>\n<meta property=\"og:locale\" content=\"de_DE\" \/>\n<meta property=\"og:type\" content=\"article\" \/>\n<meta property=\"og:title\" content=\"Ich dachte - Nachrichten - Stra\u00dfenweb\" \/>\n<meta property=\"og:description\" content=\"W\u00e4hrend die meisten von uns darauf abzielen, veraltete Merkmale abzudecken (oder sie vollst\u00e4ndig zu entsorgen), hat der Innenarchitekt, Amber Lewis, bewiesen, dass selbst die meisten\" \/>\n<meta property=\"og:url\" content=\"https:\/\/www.strassenweb.de\/nachrichten\/ich-dachte\/\" \/>\n<meta property=\"og:site_name\" content=\"Stra\u00dfenweb\" \/>\n<meta property=\"article:publisher\" content=\"https:\/\/www.facebook.com\/strassenweb\/\" \/>\n<meta property=\"article:published_time\" content=\"2025-04-02T14:41:54+00:00\" \/>\n<meta property=\"og:image\" content=\"https:\/\/www.strassenweb.de\/nachrichten\/wp-content\/uploads\/2024\/12\/Normalerweise-denke-ich-dass-unverputzte-Ziegel-sehr-veraltet-aussehen-\u2013.jpg\" \/>\n\t<meta property=\"og:image:width\" content=\"1200\" \/>\n\t<meta property=\"og:image:height\" content=\"675\" \/>\n\t<meta property=\"og:image:type\" content=\"image\/jpeg\" \/>\n<meta name=\"author\" content=\"Robert Hoffmann\" \/>\n<meta name=\"twitter:card\" content=\"summary_large_image\" \/>\n<meta name=\"twitter:label1\" content=\"Verfasst von\" \/>\n\t<meta name=\"twitter:data1\" content=\"Robert Hoffmann\" \/>\n\t<meta name=\"twitter:label2\" content=\"Gesch\u00e4tzte Lesezeit\" \/>\n\t<meta name=\"twitter:data2\" content=\"3\u00a0Minuten\" \/>\n<script type=\"application\/ld+json\" class=\"yoast-schema-graph\">{\"@context\":\"https:\\\/\\\/schema.org\",\"@graph\":[{\"@type\":\"Article\",\"@id\":\"https:\\\/\\\/www.strassenweb.de\\\/nachrichten\\\/ich-dachte\\\/#article\",\"isPartOf\":{\"@id\":\"https:\\\/\\\/www.strassenweb.de\\\/nachrichten\\\/ich-dachte\\\/\"},\"author\":{\"name\":\"Robert Hoffmann\",\"@id\":\"https:\\\/\\\/www.strassenweb.de\\\/nachrichten\\\/#\\\/schema\\\/person\\\/87c9c9067f1211da429a744dc5a5aa41\"},\"headline\":\"Ich dachte\",\"datePublished\":\"2025-04-02T14:41:54+00:00\",\"mainEntityOfPage\":{\"@id\":\"https:\\\/\\\/www.strassenweb.de\\\/nachrichten\\\/ich-dachte\\\/\"},\"wordCount\":550,\"publisher\":{\"@id\":\"https:\\\/\\\/www.strassenweb.de\\\/nachrichten\\\/#organization\"},\"image\":{\"@id\":\"https:\\\/\\\/www.strassenweb.de\\\/nachrichten\\\/ich-dachte\\\/#primaryimage\"},\"thumbnailUrl\":\"https:\\\/\\\/www.strassenweb.de\\\/nachrichten\\\/wp-content\\\/uploads\\\/2024\\\/12\\\/Normalerweise-denke-ich-dass-unverputzte-Ziegel-sehr-veraltet-aussehen-\u2013.jpg\",\"keywords\":[\"dachte\",\"ich\"],\"articleSection\":[\"Haus &amp; Garten\"],\"inLanguage\":\"de\"},{\"@type\":\"WebPage\",\"@id\":\"https:\\\/\\\/www.strassenweb.de\\\/nachrichten\\\/ich-dachte\\\/\",\"url\":\"https:\\\/\\\/www.strassenweb.de\\\/nachrichten\\\/ich-dachte\\\/\",\"name\":\"Ich dachte - Nachrichten - Stra\u00dfenweb\",\"isPartOf\":{\"@id\":\"https:\\\/\\\/www.strassenweb.de\\\/nachrichten\\\/#website\"},\"primaryImageOfPage\":{\"@id\":\"https:\\\/\\\/www.strassenweb.de\\\/nachrichten\\\/ich-dachte\\\/#primaryimage\"},\"image\":{\"@id\":\"https:\\\/\\\/www.strassenweb.de\\\/nachrichten\\\/ich-dachte\\\/#primaryimage\"},\"thumbnailUrl\":\"https:\\\/\\\/www.strassenweb.de\\\/nachrichten\\\/wp-content\\\/uploads\\\/2024\\\/12\\\/Normalerweise-denke-ich-dass-unverputzte-Ziegel-sehr-veraltet-aussehen-\u2013.jpg\",\"datePublished\":\"2025-04-02T14:41:54+00:00\",\"breadcrumb\":{\"@id\":\"https:\\\/\\\/www.strassenweb.de\\\/nachrichten\\\/ich-dachte\\\/#breadcrumb\"},\"inLanguage\":\"de\",\"potentialAction\":[{\"@type\":\"ReadAction\",\"target\":[\"https:\\\/\\\/www.strassenweb.de\\\/nachrichten\\\/ich-dachte\\\/\"]}]},{\"@type\":\"ImageObject\",\"inLanguage\":\"de\",\"@id\":\"https:\\\/\\\/www.strassenweb.de\\\/nachrichten\\\/ich-dachte\\\/#primaryimage\",\"url\":\"https:\\\/\\\/www.strassenweb.de\\\/nachrichten\\\/wp-content\\\/uploads\\\/2024\\\/12\\\/Normalerweise-denke-ich-dass-unverputzte-Ziegel-sehr-veraltet-aussehen-\u2013.jpg\",\"contentUrl\":\"https:\\\/\\\/www.strassenweb.de\\\/nachrichten\\\/wp-content\\\/uploads\\\/2024\\\/12\\\/Normalerweise-denke-ich-dass-unverputzte-Ziegel-sehr-veraltet-aussehen-\u2013.jpg\",\"width\":1200,\"height\":675,\"caption\":\"Normalerweise denke ich, dass unverputzte Ziegel sehr veraltet aussehen \u2013 aber diese K\u00fcche von Amber Interiors beweist, dass sie auch im Jahr 2025 immer noch superschick sein kann\"},{\"@type\":\"BreadcrumbList\",\"@id\":\"https:\\\/\\\/www.strassenweb.de\\\/nachrichten\\\/ich-dachte\\\/#breadcrumb\",\"itemListElement\":[{\"@type\":\"ListItem\",\"position\":1,\"name\":\"Home\",\"item\":\"https:\\\/\\\/www.strassenweb.de\\\/nachrichten\\\/\"},{\"@type\":\"ListItem\",\"position\":2,\"name\":\"Ich dachte\"}]},{\"@type\":\"WebSite\",\"@id\":\"https:\\\/\\\/www.strassenweb.de\\\/nachrichten\\\/#website\",\"url\":\"https:\\\/\\\/www.strassenweb.de\\\/nachrichten\\\/\",\"name\":\"Stra\u00dfenweb\",\"description\":\"Stra\u00dfenverzeichnis f\u00fcr Deutschland\",\"publisher\":{\"@id\":\"https:\\\/\\\/www.strassenweb.de\\\/nachrichten\\\/#organization\"},\"potentialAction\":[{\"@type\":\"SearchAction\",\"target\":{\"@type\":\"EntryPoint\",\"urlTemplate\":\"https:\\\/\\\/www.strassenweb.de\\\/nachrichten\\\/?s={search_term_string}\"},\"query-input\":{\"@type\":\"PropertyValueSpecification\",\"valueRequired\":true,\"valueName\":\"search_term_string\"}}],\"inLanguage\":\"de\"},{\"@type\":\"Organization\",\"@id\":\"https:\\\/\\\/www.strassenweb.de\\\/nachrichten\\\/#organization\",\"name\":\"Stra\u00dfenweb\",\"url\":\"https:\\\/\\\/www.strassenweb.de\\\/nachrichten\\\/\",\"logo\":{\"@type\":\"ImageObject\",\"inLanguage\":\"de\",\"@id\":\"https:\\\/\\\/www.strassenweb.de\\\/nachrichten\\\/#\\\/schema\\\/logo\\\/image\\\/\",\"url\":\"https:\\\/\\\/www.strassenweb.de\\\/nachrichten\\\/wp-content\\\/uploads\\\/2024\\\/09\\\/cropped-favicon.png\",\"contentUrl\":\"https:\\\/\\\/www.strassenweb.de\\\/nachrichten\\\/wp-content\\\/uploads\\\/2024\\\/09\\\/cropped-favicon.png\",\"width\":512,\"height\":512,\"caption\":\"Stra\u00dfenweb\"},\"image\":{\"@id\":\"https:\\\/\\\/www.strassenweb.de\\\/nachrichten\\\/#\\\/schema\\\/logo\\\/image\\\/\"},\"sameAs\":[\"https:\\\/\\\/www.facebook.com\\\/strassenweb\\\/\"]},{\"@type\":\"Person\",\"@id\":\"https:\\\/\\\/www.strassenweb.de\\\/nachrichten\\\/#\\\/schema\\\/person\\\/87c9c9067f1211da429a744dc5a5aa41\",\"name\":\"Robert Hoffmann\",\"image\":{\"@type\":\"ImageObject\",\"inLanguage\":\"de\",\"@id\":\"https:\\\/\\\/www.strassenweb.de\\\/nachrichten\\\/wp-content\\\/uploads\\\/2024\\\/09\\\/strassenweb-150x150.jpg\",\"url\":\"https:\\\/\\\/www.strassenweb.de\\\/nachrichten\\\/wp-content\\\/uploads\\\/2024\\\/09\\\/strassenweb-150x150.jpg\",\"contentUrl\":\"https:\\\/\\\/www.strassenweb.de\\\/nachrichten\\\/wp-content\\\/uploads\\\/2024\\\/09\\\/strassenweb-150x150.jpg\",\"caption\":\"Robert Hoffmann\"},\"description\":\"Ich hei\u00dfe Robert Hoffmann und ich bin ein leidenschaftlicher Verfechter von \u00d6kologie und Biodiversit\u00e4t. Seit meiner Kindheit in den W\u00e4ldern Bayerns f\u00fchle ich mich mit der Natur verbunden und bin entschlossen, sie zu sch\u00fctzen. Heute widme ich mein Leben der Sensibilisierung anderer f\u00fcr die Bedeutung des Umweltschutzes f\u00fcr zuk\u00fcnftige Generationen.\",\"sameAs\":[\"https:\\\/\\\/www.strassenweb.de\\\/\"]}]}<\/script>\n<!-- \/ Yoast SEO plugin. -->","yoast_head_json":{"title":"Ich dachte - Nachrichten - Stra\u00dfenweb","robots":{"index":"index","follow":"follow","max-snippet":"max-snippet:-1","max-image-preview":"max-image-preview:large","max-video-preview":"max-video-preview:-1"},"canonical":"https:\/\/www.strassenweb.de\/nachrichten\/ich-dachte\/","og_locale":"de_DE","og_type":"article","og_title":"Ich dachte - Nachrichten - Stra\u00dfenweb","og_description":"W\u00e4hrend die meisten von uns darauf abzielen, veraltete Merkmale abzudecken (oder sie vollst\u00e4ndig zu entsorgen), hat der Innenarchitekt, Amber Lewis, bewiesen, dass selbst die meisten","og_url":"https:\/\/www.strassenweb.de\/nachrichten\/ich-dachte\/","og_site_name":"Stra\u00dfenweb","article_publisher":"https:\/\/www.facebook.com\/strassenweb\/","article_published_time":"2025-04-02T14:41:54+00:00","og_image":[{"width":1200,"height":675,"url":"https:\/\/www.strassenweb.de\/nachrichten\/wp-content\/uploads\/2024\/12\/Normalerweise-denke-ich-dass-unverputzte-Ziegel-sehr-veraltet-aussehen-\u2013.jpg","type":"image\/jpeg"}],"author":"Robert Hoffmann","twitter_card":"summary_large_image","twitter_misc":{"Verfasst von":"Robert Hoffmann","Gesch\u00e4tzte Lesezeit":"3\u00a0Minuten"},"schema":{"@context":"https:\/\/schema.org","@graph":[{"@type":"Article","@id":"https:\/\/www.strassenweb.de\/nachrichten\/ich-dachte\/#article","isPartOf":{"@id":"https:\/\/www.strassenweb.de\/nachrichten\/ich-dachte\/"},"author":{"name":"Robert Hoffmann","@id":"https:\/\/www.strassenweb.de\/nachrichten\/#\/schema\/person\/87c9c9067f1211da429a744dc5a5aa41"},"headline":"Ich dachte","datePublished":"2025-04-02T14:41:54+00:00","mainEntityOfPage":{"@id":"https:\/\/www.strassenweb.de\/nachrichten\/ich-dachte\/"},"wordCount":550,"publisher":{"@id":"https:\/\/www.strassenweb.de\/nachrichten\/#organization"},"image":{"@id":"https:\/\/www.strassenweb.de\/nachrichten\/ich-dachte\/#primaryimage"},"thumbnailUrl":"https:\/\/www.strassenweb.de\/nachrichten\/wp-content\/uploads\/2024\/12\/Normalerweise-denke-ich-dass-unverputzte-Ziegel-sehr-veraltet-aussehen-\u2013.jpg","keywords":["dachte","ich"],"articleSection":["Haus &amp; Garten"],"inLanguage":"de"},{"@type":"WebPage","@id":"https:\/\/www.strassenweb.de\/nachrichten\/ich-dachte\/","url":"https:\/\/www.strassenweb.de\/nachrichten\/ich-dachte\/","name":"Ich dachte - Nachrichten - Stra\u00dfenweb","isPartOf":{"@id":"https:\/\/www.strassenweb.de\/nachrichten\/#website"},"primaryImageOfPage":{"@id":"https:\/\/www.strassenweb.de\/nachrichten\/ich-dachte\/#primaryimage"},"image":{"@id":"https:\/\/www.strassenweb.de\/nachrichten\/ich-dachte\/#primaryimage"},"thumbnailUrl":"https:\/\/www.strassenweb.de\/nachrichten\/wp-content\/uploads\/2024\/12\/Normalerweise-denke-ich-dass-unverputzte-Ziegel-sehr-veraltet-aussehen-\u2013.jpg","datePublished":"2025-04-02T14:41:54+00:00","breadcrumb":{"@id":"https:\/\/www.strassenweb.de\/nachrichten\/ich-dachte\/#breadcrumb"},"inLanguage":"de","potentialAction":[{"@type":"ReadAction","target":["https:\/\/www.strassenweb.de\/nachrichten\/ich-dachte\/"]}]},{"@type":"ImageObject","inLanguage":"de","@id":"https:\/\/www.strassenweb.de\/nachrichten\/ich-dachte\/#primaryimage","url":"https:\/\/www.strassenweb.de\/nachrichten\/wp-content\/uploads\/2024\/12\/Normalerweise-denke-ich-dass-unverputzte-Ziegel-sehr-veraltet-aussehen-\u2013.jpg","contentUrl":"https:\/\/www.strassenweb.de\/nachrichten\/wp-content\/uploads\/2024\/12\/Normalerweise-denke-ich-dass-unverputzte-Ziegel-sehr-veraltet-aussehen-\u2013.jpg","width":1200,"height":675,"caption":"Normalerweise denke ich, dass unverputzte Ziegel sehr veraltet aussehen \u2013 aber diese K\u00fcche von Amber Interiors beweist, dass sie auch im Jahr 2025 immer noch superschick sein kann"},{"@type":"BreadcrumbList","@id":"https:\/\/www.strassenweb.de\/nachrichten\/ich-dachte\/#breadcrumb","itemListElement":[{"@type":"ListItem","position":1,"name":"Home","item":"https:\/\/www.strassenweb.de\/nachrichten\/"},{"@type":"ListItem","position":2,"name":"Ich dachte"}]},{"@type":"WebSite","@id":"https:\/\/www.strassenweb.de\/nachrichten\/#website","url":"https:\/\/www.strassenweb.de\/nachrichten\/","name":"Stra\u00dfenweb","description":"Stra\u00dfenverzeichnis f\u00fcr Deutschland","publisher":{"@id":"https:\/\/www.strassenweb.de\/nachrichten\/#organization"},"potentialAction":[{"@type":"SearchAction","target":{"@type":"EntryPoint","urlTemplate":"https:\/\/www.strassenweb.de\/nachrichten\/?s={search_term_string}"},"query-input":{"@type":"PropertyValueSpecification","valueRequired":true,"valueName":"search_term_string"}}],"inLanguage":"de"},{"@type":"Organization","@id":"https:\/\/www.strassenweb.de\/nachrichten\/#organization","name":"Stra\u00dfenweb","url":"https:\/\/www.strassenweb.de\/nachrichten\/","logo":{"@type":"ImageObject","inLanguage":"de","@id":"https:\/\/www.strassenweb.de\/nachrichten\/#\/schema\/logo\/image\/","url":"https:\/\/www.strassenweb.de\/nachrichten\/wp-content\/uploads\/2024\/09\/cropped-favicon.png","contentUrl":"https:\/\/www.strassenweb.de\/nachrichten\/wp-content\/uploads\/2024\/09\/cropped-favicon.png","width":512,"height":512,"caption":"Stra\u00dfenweb"},"image":{"@id":"https:\/\/www.strassenweb.de\/nachrichten\/#\/schema\/logo\/image\/"},"sameAs":["https:\/\/www.facebook.com\/strassenweb\/"]},{"@type":"Person","@id":"https:\/\/www.strassenweb.de\/nachrichten\/#\/schema\/person\/87c9c9067f1211da429a744dc5a5aa41","name":"Robert Hoffmann","image":{"@type":"ImageObject","inLanguage":"de","@id":"https:\/\/www.strassenweb.de\/nachrichten\/wp-content\/uploads\/2024\/09\/strassenweb-150x150.jpg","url":"https:\/\/www.strassenweb.de\/nachrichten\/wp-content\/uploads\/2024\/09\/strassenweb-150x150.jpg","contentUrl":"https:\/\/www.strassenweb.de\/nachrichten\/wp-content\/uploads\/2024\/09\/strassenweb-150x150.jpg","caption":"Robert Hoffmann"},"description":"Ich hei\u00dfe Robert Hoffmann und ich bin ein leidenschaftlicher Verfechter von \u00d6kologie und Biodiversit\u00e4t. Seit meiner Kindheit in den W\u00e4ldern Bayerns f\u00fchle ich mich mit der Natur verbunden und bin entschlossen, sie zu sch\u00fctzen. Heute widme ich mein Leben der Sensibilisierung anderer f\u00fcr die Bedeutung des Umweltschutzes f\u00fcr zuk\u00fcnftige Generationen.","sameAs":["https:\/\/www.strassenweb.de\/"]}]}},"_links":{"self":[{"href":"https:\/\/www.strassenweb.de\/nachrichten\/wp-json\/wp\/v2\/posts\/4241","targetHints":{"allow":["GET"]}}],"collection":[{"href":"https:\/\/www.strassenweb.de\/nachrichten\/wp-json\/wp\/v2\/posts"}],"about":[{"href":"https:\/\/www.strassenweb.de\/nachrichten\/wp-json\/wp\/v2\/types\/post"}],"author":[{"embeddable":true,"href":"https:\/\/www.strassenweb.de\/nachrichten\/wp-json\/wp\/v2\/users\/1"}],"replies":[{"embeddable":true,"href":"https:\/\/www.strassenweb.de\/nachrichten\/wp-json\/wp\/v2\/comments?post=4241"}],"version-history":[{"count":0,"href":"https:\/\/www.strassenweb.de\/nachrichten\/wp-json\/wp\/v2\/posts\/4241\/revisions"}],"wp:featuredmedia":[{"embeddable":true,"href":"https:\/\/www.strassenweb.de\/nachrichten\/wp-json\/wp\/v2\/media\/1892"}],"wp:attachment":[{"href":"https:\/\/www.strassenweb.de\/nachrichten\/wp-json\/wp\/v2\/media?parent=4241"}],"wp:term":[{"taxonomy":"category","embeddable":true,"href":"https:\/\/www.strassenweb.de\/nachrichten\/wp-json\/wp\/v2\/categories?post=4241"},{"taxonomy":"post_tag","embeddable":true,"href":"https:\/\/www.strassenweb.de\/nachrichten\/wp-json\/wp\/v2\/tags?post=4241"}],"curies":[{"name":"wp","href":"https:\/\/api.w.org\/{rel}","templated":true}]}}