{"id":4224,"date":"2025-04-01T21:52:37","date_gmt":"2025-04-01T19:52:37","guid":{"rendered":"https:\/\/www.strassenweb.de\/nachrichten\/der-wcf-gipfel-in-brasilien-markiert-neue-aera-der-belastbarkeit-fuer-den-kakaosektor\/"},"modified":"2025-04-01T21:52:38","modified_gmt":"2025-04-01T19:52:38","slug":"der-wcf-gipfel-in-brasilien-markiert-neue-aera-der-belastbarkeit-fuer-den-kakaosektor","status":"publish","type":"post","link":"https:\/\/www.strassenweb.de\/nachrichten\/der-wcf-gipfel-in-brasilien-markiert-neue-aera-der-belastbarkeit-fuer-den-kakaosektor\/","title":{"rendered":"Der WCF -Gipfel in Brasilien markiert neue \u00c4ra der Belastbarkeit f\u00fcr den Kakaosektor"},"content":{"rendered":"<p>Die World Cocoa Foundation (WCF) schloss sein gr\u00f6\u00dftes Partnerschaftstreffen in S\u00e3o Paulo, Brasilien, ab, indem er die Notwendigkeit radikaler Zusammenarbeit im gesamten Kakao-Sektor unterstreicht. Das Ereignis, das sich in einer Zeit mit erheblichen Marktst\u00f6rungen und intensifizierenden regulatorischen Drucken in einer Zeit mit erheblichen Marktst\u00f6rungen und Versch\u00e4rfung der Regulierungsdr\u00fccke befasste, konzentrierte sich auf die St\u00e4rkung der Widerstandsf\u00e4higkeit und die Erm\u00f6glichung eines nachhaltigen Wachstums durch Entwicklungen in Schl\u00fcsselbereichen, einschlie\u00dflich Daten, Forschung und Krankheitsmanagement.<\/p>\n<p>Unter dem Thema <strong><em>&#8222;Unsere Zukunft: Resilienz durch Nachhaltigkeit&#8220;<\/em><\/strong>Der zweit\u00e4gige Gipfel traf Vertreter von Regierungen, Kakaobauten, Unternehmen, Zivilgesellschaft und Wissenschaft ein. Die Sprecher argumentierten, dass globale Herausforderungen wie Klimawandel und Krankheit die Notwendigkeit eines nachhaltigen Kakaosektors von einem moralischen Imperativ zu einer Frage des \u00dcberlebens verlagert haben. Da der Sektor einen beispiellosen Druck ausgesetzt ist, mit Geschwindigkeit und Skalierung zu liefern, erfordert dieser Moment koordinierte, praktische Ans\u00e4tze zur effizienten Ausf\u00fchrung.<\/p>\n<p>&#8222;Krise f\u00fchrt zu Innovation, kann aber auch die Zusammenarbeit beschleunigen&#8220;, sagte Chris Vincent, Pr\u00e4sident der World Cocoa Foundation. \u201eDa der Kakaosektor eine Zeit der Unsicherheit und Transformation navigiert, haben die j\u00fcngsten Herausforderungen gezeigt, dass seine Vernetzung miteinander verbunden ist. Die Energie und die L\u00f6sungen von S\u00e3o Paulo zeigen, dass der Sektor bereit ist, durch Nachhaltigkeit Widerstandsf\u00e4higkeit zu erreichen, in Innovationen zu investieren und die weltweiten Kaka -Gemeinden zu unterst\u00fctzen.\u201c<\/p>\n<p><strong>Radikale, vorwidrige Zusammenarbeit<\/strong><\/p>\n<p>Die Sprecher betonten, dass die Behandlung der systemischen Probleme in Kakaolandschaften und -gemeinschaften eine vorwettbewerbsf\u00e4hige Zusammenarbeit erfordert, einschlie\u00dflich Regierungen und Landwirten, um nachhaltige, langfristige Widerstandsf\u00e4higkeit zu schaffen.<\/p>\n<p>Die Gastgeberin des Partnerschaftstreffens in Brasilien st\u00e4rkte die globale Zusammenarbeit und das Lernen der s\u00fcdlichen S\u00fcd-S\u00fcd. Die Delegierten untersuchten, wie brasiliens F\u00fchrung in der landwirtschaftlichen Innovation-von der Diversifizierung der Ernte und der Regenerativen der Landwirtschaft bis zur kleinen Mechanisierung-die Ambitionen des Landes zur Verdoppelung seiner Kakaoproduktion bis 2030 unterst\u00fctzt. Feldbesuche und technische Panels haben praktische, skalierbare Ans\u00e4tze f\u00fcr Kokoa-Agrar- und Mechanisierung hervorgehoben, die Produzentl\u00e4nder mit Ausdrucken der Produzentl\u00e4nder unterst\u00fctzen k\u00f6nnten.<\/p>\n<p><strong>Wissenschaft und Daten f\u00fcr Landwirte-zentrierte L\u00f6sungen<\/strong><\/p>\n<p>Breakout-Sitzungen untersuchten, wie datengesteuerte Strategien-von Einkommensverfolgung bis hin zur Ernteprognose, Krankheits\u00fcberwachung und biologischer Vielfalt-die Anpassung unterst\u00fctzen und einen unternehmerischen Geist bringen k\u00f6nnen. Die Delegierten unterstrichen die Notwendigkeit, dass Daten zu gleichen Teilen zwischen Herkunfts- und Konsuml\u00e4ndern geteilt werden m\u00fcssen, sodass die Landwirte fundierte Entscheidungen treffen k\u00f6nnen, die die Produktivit\u00e4t steigern und die Widerstandsf\u00e4higkeit ihres Einkommens in die Zukunft verbessern.  <\/p>\n<p>Als eine der gr\u00f6\u00dften Herausforderungen, die das Kakao -Versorgung der Welt bedrohen, setzten sich Zeitangeh\u00f6rige f\u00fcr eine umfassende, gemeinsame Forschungsbasis f\u00fcr Krankheiten und verst\u00e4rkte Investitionen in Strategien zur Pr\u00e4vention von Krankheiten wie Bauernausbildung, verbesserte Pflanzmaterialien und digitale Technologien ein.<\/p>\n<p><strong>Nachhaltigkeit der Kakao durch eine gesch\u00e4ftsorientierte Linse<\/strong><\/p>\n<p>Plenardiskussionen untersuchten, ob historisch hohe Kakaopreise die Transformation katalysieren oder bestehende strukturelle Herausforderungen vertiefen k\u00f6nnten. Es bestand ein gemeinsamer Konsens dar\u00fcber, dass die Belastbarkeit eher mit Produktivit\u00e4t, Rentabilit\u00e4t und Wohlbefinden als kurzfristige Marktgewinne gebunden sein muss. Dies muss eindeutig an den Verbraucher \u00fcbermittelt werden, der einen einfachen Vorschlag ben\u00f6tigt.<\/p>\n<p>WCF bekr\u00e4ftigte seine Rolle als Plattform f\u00fcr die vorwettbewerbsf\u00e4hige Zusammenarbeit und k\u00fcndigte neue sektor\u00fcbergreifende Arbeitstreams zur Einhaltung von Regulierungen und zum globalen Krankheitsmanagement an. Der Fortschritt wird auch \u00fcber die Initiative der Cocoa &#038; Forests und gemeinsame Aktionspl\u00e4ne zur Bek\u00e4mpfung der Kinderarbeit fortgesetzt.<\/p>\n<p><strong>Ein kollektiver Aufruf zum Handeln<\/strong><\/p>\n<p>Als die Veranstaltung schloss, gaben WCF und seine Partner einen starken Aufruf zur gemeinsamen Verantwortung und Aktion in der Kakao -Wertsch\u00f6pfungskette aus. &#8222;Bei Resilienz geht es nicht nur darum, St\u00f6rungen zu \u00fcberleben. Es geht darum, ein System zu bauen, in dem Landwirte, Unternehmen und Gemeinden gedeihen k\u00f6nnen&#8220;, sagte Vincent. &#8222;Die hier in Brasilien gef\u00fchrten Gespr\u00e4che und Verpflichtungen werden die Zukunft des Kakaos pr\u00e4gen und die n\u00e4chste Phase der Nachhaltigkeit in diesem Sektor definieren.&#8220;<\/p>\n","protected":false},"excerpt":{"rendered":"<p>Die World Cocoa Foundation (WCF) schloss sein gr\u00f6\u00dftes Partnerschaftstreffen in S\u00e3o Paulo, Brasilien, ab, indem er die Notwendigkeit radikaler Zusammenarbeit im gesamten Kakao-Sektor unterstreicht. Das<\/p>\n","protected":false},"author":1,"featured_media":3230,"comment_status":"closed","ping_status":"","sticky":false,"template":"","format":"standard","meta":{"footnotes":""},"categories":[101],"tags":[5652,6372,6371,78,81,55,6370,5122,2057,108,5870],"class_list":["post-4224","post","type-post","status-publish","format-standard","has-post-thumbnail","hentry","category-oekologie","tag-aera","tag-belastbarkeit","tag-brasilien","tag-den","tag-der","tag-fuer","tag-gipfel","tag-kakaosektor","tag-markiert","tag-neue","tag-wcf","generate-columns","tablet-grid-50","mobile-grid-100","grid-parent","grid-50"],"yoast_head":"<!-- This site is optimized with the Yoast SEO plugin v27.3 - https:\/\/yoast.com\/product\/yoast-seo-wordpress\/ -->\n<title>Der WCF -Gipfel in Brasilien markiert neue \u00c4ra der Belastbarkeit f\u00fcr den Kakaosektor - Nachrichten - Stra\u00dfenweb<\/title>\n<meta name=\"robots\" content=\"index, follow, max-snippet:-1, max-image-preview:large, max-video-preview:-1\" \/>\n<link rel=\"canonical\" href=\"https:\/\/www.strassenweb.de\/nachrichten\/der-wcf-gipfel-in-brasilien-markiert-neue-aera-der-belastbarkeit-fuer-den-kakaosektor\/\" \/>\n<meta property=\"og:locale\" content=\"de_DE\" \/>\n<meta property=\"og:type\" content=\"article\" \/>\n<meta property=\"og:title\" content=\"Der WCF -Gipfel in Brasilien markiert neue \u00c4ra der Belastbarkeit f\u00fcr den Kakaosektor - Nachrichten - Stra\u00dfenweb\" \/>\n<meta property=\"og:description\" content=\"Die World Cocoa Foundation (WCF) schloss sein gr\u00f6\u00dftes Partnerschaftstreffen in S\u00e3o Paulo, Brasilien, ab, indem er die Notwendigkeit radikaler Zusammenarbeit im gesamten Kakao-Sektor unterstreicht. Das\" \/>\n<meta property=\"og:url\" content=\"https:\/\/www.strassenweb.de\/nachrichten\/der-wcf-gipfel-in-brasilien-markiert-neue-aera-der-belastbarkeit-fuer-den-kakaosektor\/\" \/>\n<meta property=\"og:site_name\" content=\"Stra\u00dfenweb\" \/>\n<meta property=\"article:publisher\" content=\"https:\/\/www.facebook.com\/strassenweb\/\" \/>\n<meta property=\"article:published_time\" content=\"2025-04-01T19:52:37+00:00\" \/>\n<meta property=\"article:modified_time\" content=\"2025-04-01T19:52:38+00:00\" \/>\n<meta property=\"og:image\" content=\"https:\/\/www.strassenweb.de\/nachrichten\/wp-content\/uploads\/2025\/02\/World-Cocoa-Foundation-veroeffentlicht-den-ersten-Treibhausgas-Rechnungslegungsstandard-fuer-den.jpeg\" \/>\n\t<meta property=\"og:image:width\" content=\"900\" \/>\n\t<meta property=\"og:image:height\" content=\"601\" \/>\n\t<meta property=\"og:image:type\" content=\"image\/jpeg\" \/>\n<meta name=\"author\" content=\"Robert Hoffmann\" \/>\n<meta name=\"twitter:card\" content=\"summary_large_image\" \/>\n<meta name=\"twitter:label1\" content=\"Verfasst von\" \/>\n\t<meta name=\"twitter:data1\" content=\"Robert Hoffmann\" \/>\n\t<meta name=\"twitter:label2\" content=\"Gesch\u00e4tzte Lesezeit\" \/>\n\t<meta name=\"twitter:data2\" content=\"3\u00a0Minuten\" \/>\n<script type=\"application\/ld+json\" class=\"yoast-schema-graph\">{\"@context\":\"https:\\\/\\\/schema.org\",\"@graph\":[{\"@type\":\"Article\",\"@id\":\"https:\\\/\\\/www.strassenweb.de\\\/nachrichten\\\/der-wcf-gipfel-in-brasilien-markiert-neue-aera-der-belastbarkeit-fuer-den-kakaosektor\\\/#article\",\"isPartOf\":{\"@id\":\"https:\\\/\\\/www.strassenweb.de\\\/nachrichten\\\/der-wcf-gipfel-in-brasilien-markiert-neue-aera-der-belastbarkeit-fuer-den-kakaosektor\\\/\"},\"author\":{\"name\":\"Robert Hoffmann\",\"@id\":\"https:\\\/\\\/www.strassenweb.de\\\/nachrichten\\\/#\\\/schema\\\/person\\\/87c9c9067f1211da429a744dc5a5aa41\"},\"headline\":\"Der WCF -Gipfel in Brasilien markiert neue \u00c4ra der Belastbarkeit f\u00fcr den Kakaosektor\",\"datePublished\":\"2025-04-01T19:52:37+00:00\",\"dateModified\":\"2025-04-01T19:52:38+00:00\",\"mainEntityOfPage\":{\"@id\":\"https:\\\/\\\/www.strassenweb.de\\\/nachrichten\\\/der-wcf-gipfel-in-brasilien-markiert-neue-aera-der-belastbarkeit-fuer-den-kakaosektor\\\/\"},\"wordCount\":675,\"publisher\":{\"@id\":\"https:\\\/\\\/www.strassenweb.de\\\/nachrichten\\\/#organization\"},\"image\":{\"@id\":\"https:\\\/\\\/www.strassenweb.de\\\/nachrichten\\\/der-wcf-gipfel-in-brasilien-markiert-neue-aera-der-belastbarkeit-fuer-den-kakaosektor\\\/#primaryimage\"},\"thumbnailUrl\":\"https:\\\/\\\/www.strassenweb.de\\\/nachrichten\\\/wp-content\\\/uploads\\\/2025\\\/02\\\/World-Cocoa-Foundation-veroeffentlicht-den-ersten-Treibhausgas-Rechnungslegungsstandard-fuer-den.jpeg\",\"keywords\":[\"\u00c4ra\",\"Belastbarkeit\",\"Brasilien\",\"den\",\"der\",\"f\u00fcr\",\"Gipfel\",\"Kakaosektor\",\"markiert\",\"Neue\",\"WCF\"],\"articleSection\":[\"\u00d6kologie\"],\"inLanguage\":\"de\"},{\"@type\":\"WebPage\",\"@id\":\"https:\\\/\\\/www.strassenweb.de\\\/nachrichten\\\/der-wcf-gipfel-in-brasilien-markiert-neue-aera-der-belastbarkeit-fuer-den-kakaosektor\\\/\",\"url\":\"https:\\\/\\\/www.strassenweb.de\\\/nachrichten\\\/der-wcf-gipfel-in-brasilien-markiert-neue-aera-der-belastbarkeit-fuer-den-kakaosektor\\\/\",\"name\":\"Der WCF -Gipfel in Brasilien markiert neue \u00c4ra der Belastbarkeit f\u00fcr den Kakaosektor - Nachrichten - Stra\u00dfenweb\",\"isPartOf\":{\"@id\":\"https:\\\/\\\/www.strassenweb.de\\\/nachrichten\\\/#website\"},\"primaryImageOfPage\":{\"@id\":\"https:\\\/\\\/www.strassenweb.de\\\/nachrichten\\\/der-wcf-gipfel-in-brasilien-markiert-neue-aera-der-belastbarkeit-fuer-den-kakaosektor\\\/#primaryimage\"},\"image\":{\"@id\":\"https:\\\/\\\/www.strassenweb.de\\\/nachrichten\\\/der-wcf-gipfel-in-brasilien-markiert-neue-aera-der-belastbarkeit-fuer-den-kakaosektor\\\/#primaryimage\"},\"thumbnailUrl\":\"https:\\\/\\\/www.strassenweb.de\\\/nachrichten\\\/wp-content\\\/uploads\\\/2025\\\/02\\\/World-Cocoa-Foundation-veroeffentlicht-den-ersten-Treibhausgas-Rechnungslegungsstandard-fuer-den.jpeg\",\"datePublished\":\"2025-04-01T19:52:37+00:00\",\"dateModified\":\"2025-04-01T19:52:38+00:00\",\"breadcrumb\":{\"@id\":\"https:\\\/\\\/www.strassenweb.de\\\/nachrichten\\\/der-wcf-gipfel-in-brasilien-markiert-neue-aera-der-belastbarkeit-fuer-den-kakaosektor\\\/#breadcrumb\"},\"inLanguage\":\"de\",\"potentialAction\":[{\"@type\":\"ReadAction\",\"target\":[\"https:\\\/\\\/www.strassenweb.de\\\/nachrichten\\\/der-wcf-gipfel-in-brasilien-markiert-neue-aera-der-belastbarkeit-fuer-den-kakaosektor\\\/\"]}]},{\"@type\":\"ImageObject\",\"inLanguage\":\"de\",\"@id\":\"https:\\\/\\\/www.strassenweb.de\\\/nachrichten\\\/der-wcf-gipfel-in-brasilien-markiert-neue-aera-der-belastbarkeit-fuer-den-kakaosektor\\\/#primaryimage\",\"url\":\"https:\\\/\\\/www.strassenweb.de\\\/nachrichten\\\/wp-content\\\/uploads\\\/2025\\\/02\\\/World-Cocoa-Foundation-veroeffentlicht-den-ersten-Treibhausgas-Rechnungslegungsstandard-fuer-den.jpeg\",\"contentUrl\":\"https:\\\/\\\/www.strassenweb.de\\\/nachrichten\\\/wp-content\\\/uploads\\\/2025\\\/02\\\/World-Cocoa-Foundation-veroeffentlicht-den-ersten-Treibhausgas-Rechnungslegungsstandard-fuer-den.jpeg\",\"width\":900,\"height\":601,\"caption\":\"World Cocoa Foundation publishes first ever greenhouse gas accounting standard for the cocoa sector\"},{\"@type\":\"BreadcrumbList\",\"@id\":\"https:\\\/\\\/www.strassenweb.de\\\/nachrichten\\\/der-wcf-gipfel-in-brasilien-markiert-neue-aera-der-belastbarkeit-fuer-den-kakaosektor\\\/#breadcrumb\",\"itemListElement\":[{\"@type\":\"ListItem\",\"position\":1,\"name\":\"Home\",\"item\":\"https:\\\/\\\/www.strassenweb.de\\\/nachrichten\\\/\"},{\"@type\":\"ListItem\",\"position\":2,\"name\":\"Der WCF -Gipfel in Brasilien markiert neue \u00c4ra der Belastbarkeit f\u00fcr den Kakaosektor\"}]},{\"@type\":\"WebSite\",\"@id\":\"https:\\\/\\\/www.strassenweb.de\\\/nachrichten\\\/#website\",\"url\":\"https:\\\/\\\/www.strassenweb.de\\\/nachrichten\\\/\",\"name\":\"Stra\u00dfenweb\",\"description\":\"Stra\u00dfenverzeichnis f\u00fcr Deutschland\",\"publisher\":{\"@id\":\"https:\\\/\\\/www.strassenweb.de\\\/nachrichten\\\/#organization\"},\"potentialAction\":[{\"@type\":\"SearchAction\",\"target\":{\"@type\":\"EntryPoint\",\"urlTemplate\":\"https:\\\/\\\/www.strassenweb.de\\\/nachrichten\\\/?s={search_term_string}\"},\"query-input\":{\"@type\":\"PropertyValueSpecification\",\"valueRequired\":true,\"valueName\":\"search_term_string\"}}],\"inLanguage\":\"de\"},{\"@type\":\"Organization\",\"@id\":\"https:\\\/\\\/www.strassenweb.de\\\/nachrichten\\\/#organization\",\"name\":\"Stra\u00dfenweb\",\"url\":\"https:\\\/\\\/www.strassenweb.de\\\/nachrichten\\\/\",\"logo\":{\"@type\":\"ImageObject\",\"inLanguage\":\"de\",\"@id\":\"https:\\\/\\\/www.strassenweb.de\\\/nachrichten\\\/#\\\/schema\\\/logo\\\/image\\\/\",\"url\":\"https:\\\/\\\/www.strassenweb.de\\\/nachrichten\\\/wp-content\\\/uploads\\\/2024\\\/09\\\/cropped-favicon.png\",\"contentUrl\":\"https:\\\/\\\/www.strassenweb.de\\\/nachrichten\\\/wp-content\\\/uploads\\\/2024\\\/09\\\/cropped-favicon.png\",\"width\":512,\"height\":512,\"caption\":\"Stra\u00dfenweb\"},\"image\":{\"@id\":\"https:\\\/\\\/www.strassenweb.de\\\/nachrichten\\\/#\\\/schema\\\/logo\\\/image\\\/\"},\"sameAs\":[\"https:\\\/\\\/www.facebook.com\\\/strassenweb\\\/\"]},{\"@type\":\"Person\",\"@id\":\"https:\\\/\\\/www.strassenweb.de\\\/nachrichten\\\/#\\\/schema\\\/person\\\/87c9c9067f1211da429a744dc5a5aa41\",\"name\":\"Robert Hoffmann\",\"image\":{\"@type\":\"ImageObject\",\"inLanguage\":\"de\",\"@id\":\"https:\\\/\\\/www.strassenweb.de\\\/nachrichten\\\/wp-content\\\/uploads\\\/2024\\\/09\\\/strassenweb-150x150.jpg\",\"url\":\"https:\\\/\\\/www.strassenweb.de\\\/nachrichten\\\/wp-content\\\/uploads\\\/2024\\\/09\\\/strassenweb-150x150.jpg\",\"contentUrl\":\"https:\\\/\\\/www.strassenweb.de\\\/nachrichten\\\/wp-content\\\/uploads\\\/2024\\\/09\\\/strassenweb-150x150.jpg\",\"caption\":\"Robert Hoffmann\"},\"description\":\"Ich hei\u00dfe Robert Hoffmann und ich bin ein leidenschaftlicher Verfechter von \u00d6kologie und Biodiversit\u00e4t. Seit meiner Kindheit in den W\u00e4ldern Bayerns f\u00fchle ich mich mit der Natur verbunden und bin entschlossen, sie zu sch\u00fctzen. Heute widme ich mein Leben der Sensibilisierung anderer f\u00fcr die Bedeutung des Umweltschutzes f\u00fcr zuk\u00fcnftige Generationen.\",\"sameAs\":[\"https:\\\/\\\/www.strassenweb.de\\\/\"]}]}<\/script>\n<!-- \/ Yoast SEO plugin. -->","yoast_head_json":{"title":"Der WCF -Gipfel in Brasilien markiert neue \u00c4ra der Belastbarkeit f\u00fcr den Kakaosektor - Nachrichten - Stra\u00dfenweb","robots":{"index":"index","follow":"follow","max-snippet":"max-snippet:-1","max-image-preview":"max-image-preview:large","max-video-preview":"max-video-preview:-1"},"canonical":"https:\/\/www.strassenweb.de\/nachrichten\/der-wcf-gipfel-in-brasilien-markiert-neue-aera-der-belastbarkeit-fuer-den-kakaosektor\/","og_locale":"de_DE","og_type":"article","og_title":"Der WCF -Gipfel in Brasilien markiert neue \u00c4ra der Belastbarkeit f\u00fcr den Kakaosektor - Nachrichten - Stra\u00dfenweb","og_description":"Die World Cocoa Foundation (WCF) schloss sein gr\u00f6\u00dftes Partnerschaftstreffen in S\u00e3o Paulo, Brasilien, ab, indem er die Notwendigkeit radikaler Zusammenarbeit im gesamten Kakao-Sektor unterstreicht. Das","og_url":"https:\/\/www.strassenweb.de\/nachrichten\/der-wcf-gipfel-in-brasilien-markiert-neue-aera-der-belastbarkeit-fuer-den-kakaosektor\/","og_site_name":"Stra\u00dfenweb","article_publisher":"https:\/\/www.facebook.com\/strassenweb\/","article_published_time":"2025-04-01T19:52:37+00:00","article_modified_time":"2025-04-01T19:52:38+00:00","og_image":[{"width":900,"height":601,"url":"https:\/\/www.strassenweb.de\/nachrichten\/wp-content\/uploads\/2025\/02\/World-Cocoa-Foundation-veroeffentlicht-den-ersten-Treibhausgas-Rechnungslegungsstandard-fuer-den.jpeg","type":"image\/jpeg"}],"author":"Robert Hoffmann","twitter_card":"summary_large_image","twitter_misc":{"Verfasst von":"Robert Hoffmann","Gesch\u00e4tzte Lesezeit":"3\u00a0Minuten"},"schema":{"@context":"https:\/\/schema.org","@graph":[{"@type":"Article","@id":"https:\/\/www.strassenweb.de\/nachrichten\/der-wcf-gipfel-in-brasilien-markiert-neue-aera-der-belastbarkeit-fuer-den-kakaosektor\/#article","isPartOf":{"@id":"https:\/\/www.strassenweb.de\/nachrichten\/der-wcf-gipfel-in-brasilien-markiert-neue-aera-der-belastbarkeit-fuer-den-kakaosektor\/"},"author":{"name":"Robert Hoffmann","@id":"https:\/\/www.strassenweb.de\/nachrichten\/#\/schema\/person\/87c9c9067f1211da429a744dc5a5aa41"},"headline":"Der WCF -Gipfel in Brasilien markiert neue \u00c4ra der Belastbarkeit f\u00fcr den Kakaosektor","datePublished":"2025-04-01T19:52:37+00:00","dateModified":"2025-04-01T19:52:38+00:00","mainEntityOfPage":{"@id":"https:\/\/www.strassenweb.de\/nachrichten\/der-wcf-gipfel-in-brasilien-markiert-neue-aera-der-belastbarkeit-fuer-den-kakaosektor\/"},"wordCount":675,"publisher":{"@id":"https:\/\/www.strassenweb.de\/nachrichten\/#organization"},"image":{"@id":"https:\/\/www.strassenweb.de\/nachrichten\/der-wcf-gipfel-in-brasilien-markiert-neue-aera-der-belastbarkeit-fuer-den-kakaosektor\/#primaryimage"},"thumbnailUrl":"https:\/\/www.strassenweb.de\/nachrichten\/wp-content\/uploads\/2025\/02\/World-Cocoa-Foundation-veroeffentlicht-den-ersten-Treibhausgas-Rechnungslegungsstandard-fuer-den.jpeg","keywords":["\u00c4ra","Belastbarkeit","Brasilien","den","der","f\u00fcr","Gipfel","Kakaosektor","markiert","Neue","WCF"],"articleSection":["\u00d6kologie"],"inLanguage":"de"},{"@type":"WebPage","@id":"https:\/\/www.strassenweb.de\/nachrichten\/der-wcf-gipfel-in-brasilien-markiert-neue-aera-der-belastbarkeit-fuer-den-kakaosektor\/","url":"https:\/\/www.strassenweb.de\/nachrichten\/der-wcf-gipfel-in-brasilien-markiert-neue-aera-der-belastbarkeit-fuer-den-kakaosektor\/","name":"Der WCF -Gipfel in Brasilien markiert neue \u00c4ra der Belastbarkeit f\u00fcr den Kakaosektor - Nachrichten - Stra\u00dfenweb","isPartOf":{"@id":"https:\/\/www.strassenweb.de\/nachrichten\/#website"},"primaryImageOfPage":{"@id":"https:\/\/www.strassenweb.de\/nachrichten\/der-wcf-gipfel-in-brasilien-markiert-neue-aera-der-belastbarkeit-fuer-den-kakaosektor\/#primaryimage"},"image":{"@id":"https:\/\/www.strassenweb.de\/nachrichten\/der-wcf-gipfel-in-brasilien-markiert-neue-aera-der-belastbarkeit-fuer-den-kakaosektor\/#primaryimage"},"thumbnailUrl":"https:\/\/www.strassenweb.de\/nachrichten\/wp-content\/uploads\/2025\/02\/World-Cocoa-Foundation-veroeffentlicht-den-ersten-Treibhausgas-Rechnungslegungsstandard-fuer-den.jpeg","datePublished":"2025-04-01T19:52:37+00:00","dateModified":"2025-04-01T19:52:38+00:00","breadcrumb":{"@id":"https:\/\/www.strassenweb.de\/nachrichten\/der-wcf-gipfel-in-brasilien-markiert-neue-aera-der-belastbarkeit-fuer-den-kakaosektor\/#breadcrumb"},"inLanguage":"de","potentialAction":[{"@type":"ReadAction","target":["https:\/\/www.strassenweb.de\/nachrichten\/der-wcf-gipfel-in-brasilien-markiert-neue-aera-der-belastbarkeit-fuer-den-kakaosektor\/"]}]},{"@type":"ImageObject","inLanguage":"de","@id":"https:\/\/www.strassenweb.de\/nachrichten\/der-wcf-gipfel-in-brasilien-markiert-neue-aera-der-belastbarkeit-fuer-den-kakaosektor\/#primaryimage","url":"https:\/\/www.strassenweb.de\/nachrichten\/wp-content\/uploads\/2025\/02\/World-Cocoa-Foundation-veroeffentlicht-den-ersten-Treibhausgas-Rechnungslegungsstandard-fuer-den.jpeg","contentUrl":"https:\/\/www.strassenweb.de\/nachrichten\/wp-content\/uploads\/2025\/02\/World-Cocoa-Foundation-veroeffentlicht-den-ersten-Treibhausgas-Rechnungslegungsstandard-fuer-den.jpeg","width":900,"height":601,"caption":"World Cocoa Foundation publishes first ever greenhouse gas accounting standard for the cocoa sector"},{"@type":"BreadcrumbList","@id":"https:\/\/www.strassenweb.de\/nachrichten\/der-wcf-gipfel-in-brasilien-markiert-neue-aera-der-belastbarkeit-fuer-den-kakaosektor\/#breadcrumb","itemListElement":[{"@type":"ListItem","position":1,"name":"Home","item":"https:\/\/www.strassenweb.de\/nachrichten\/"},{"@type":"ListItem","position":2,"name":"Der WCF -Gipfel in Brasilien markiert neue \u00c4ra der Belastbarkeit f\u00fcr den Kakaosektor"}]},{"@type":"WebSite","@id":"https:\/\/www.strassenweb.de\/nachrichten\/#website","url":"https:\/\/www.strassenweb.de\/nachrichten\/","name":"Stra\u00dfenweb","description":"Stra\u00dfenverzeichnis f\u00fcr Deutschland","publisher":{"@id":"https:\/\/www.strassenweb.de\/nachrichten\/#organization"},"potentialAction":[{"@type":"SearchAction","target":{"@type":"EntryPoint","urlTemplate":"https:\/\/www.strassenweb.de\/nachrichten\/?s={search_term_string}"},"query-input":{"@type":"PropertyValueSpecification","valueRequired":true,"valueName":"search_term_string"}}],"inLanguage":"de"},{"@type":"Organization","@id":"https:\/\/www.strassenweb.de\/nachrichten\/#organization","name":"Stra\u00dfenweb","url":"https:\/\/www.strassenweb.de\/nachrichten\/","logo":{"@type":"ImageObject","inLanguage":"de","@id":"https:\/\/www.strassenweb.de\/nachrichten\/#\/schema\/logo\/image\/","url":"https:\/\/www.strassenweb.de\/nachrichten\/wp-content\/uploads\/2024\/09\/cropped-favicon.png","contentUrl":"https:\/\/www.strassenweb.de\/nachrichten\/wp-content\/uploads\/2024\/09\/cropped-favicon.png","width":512,"height":512,"caption":"Stra\u00dfenweb"},"image":{"@id":"https:\/\/www.strassenweb.de\/nachrichten\/#\/schema\/logo\/image\/"},"sameAs":["https:\/\/www.facebook.com\/strassenweb\/"]},{"@type":"Person","@id":"https:\/\/www.strassenweb.de\/nachrichten\/#\/schema\/person\/87c9c9067f1211da429a744dc5a5aa41","name":"Robert Hoffmann","image":{"@type":"ImageObject","inLanguage":"de","@id":"https:\/\/www.strassenweb.de\/nachrichten\/wp-content\/uploads\/2024\/09\/strassenweb-150x150.jpg","url":"https:\/\/www.strassenweb.de\/nachrichten\/wp-content\/uploads\/2024\/09\/strassenweb-150x150.jpg","contentUrl":"https:\/\/www.strassenweb.de\/nachrichten\/wp-content\/uploads\/2024\/09\/strassenweb-150x150.jpg","caption":"Robert Hoffmann"},"description":"Ich hei\u00dfe Robert Hoffmann und ich bin ein leidenschaftlicher Verfechter von \u00d6kologie und Biodiversit\u00e4t. Seit meiner Kindheit in den W\u00e4ldern Bayerns f\u00fchle ich mich mit der Natur verbunden und bin entschlossen, sie zu sch\u00fctzen. Heute widme ich mein Leben der Sensibilisierung anderer f\u00fcr die Bedeutung des Umweltschutzes f\u00fcr zuk\u00fcnftige Generationen.","sameAs":["https:\/\/www.strassenweb.de\/"]}]}},"_links":{"self":[{"href":"https:\/\/www.strassenweb.de\/nachrichten\/wp-json\/wp\/v2\/posts\/4224","targetHints":{"allow":["GET"]}}],"collection":[{"href":"https:\/\/www.strassenweb.de\/nachrichten\/wp-json\/wp\/v2\/posts"}],"about":[{"href":"https:\/\/www.strassenweb.de\/nachrichten\/wp-json\/wp\/v2\/types\/post"}],"author":[{"embeddable":true,"href":"https:\/\/www.strassenweb.de\/nachrichten\/wp-json\/wp\/v2\/users\/1"}],"replies":[{"embeddable":true,"href":"https:\/\/www.strassenweb.de\/nachrichten\/wp-json\/wp\/v2\/comments?post=4224"}],"version-history":[{"count":0,"href":"https:\/\/www.strassenweb.de\/nachrichten\/wp-json\/wp\/v2\/posts\/4224\/revisions"}],"wp:featuredmedia":[{"embeddable":true,"href":"https:\/\/www.strassenweb.de\/nachrichten\/wp-json\/wp\/v2\/media\/3230"}],"wp:attachment":[{"href":"https:\/\/www.strassenweb.de\/nachrichten\/wp-json\/wp\/v2\/media?parent=4224"}],"wp:term":[{"taxonomy":"category","embeddable":true,"href":"https:\/\/www.strassenweb.de\/nachrichten\/wp-json\/wp\/v2\/categories?post=4224"},{"taxonomy":"post_tag","embeddable":true,"href":"https:\/\/www.strassenweb.de\/nachrichten\/wp-json\/wp\/v2\/tags?post=4224"}],"curies":[{"name":"wp","href":"https:\/\/api.w.org\/{rel}","templated":true}]}}