{"id":420,"date":"2024-09-29T16:50:29","date_gmt":"2024-09-29T14:50:29","guid":{"rendered":"https:\/\/www.strassenweb.de\/nachrichten\/in-essen-wird-in-deutschland-ein-mann-festgenommen-nachdem-er-zwei-gebaeude-in-brand-gesteckt-und-31-menschen-verletzt-hat\/"},"modified":"2024-09-29T16:50:31","modified_gmt":"2024-09-29T14:50:31","slug":"in-essen-wird-in-deutschland-ein-mann-festgenommen-nachdem-er-zwei-gebaeude-in-brand-gesteckt-und-31-menschen-verletzt-hat","status":"publish","type":"post","link":"https:\/\/www.strassenweb.de\/nachrichten\/in-essen-wird-in-deutschland-ein-mann-festgenommen-nachdem-er-zwei-gebaeude-in-brand-gesteckt-und-31-menschen-verletzt-hat\/","title":{"rendered":"In Essen wird in Deutschland ein Mann festgenommen, nachdem er zwei Geb\u00e4ude in Brand gesteckt und 31 Menschen verletzt hat."},"content":{"rendered":"<footer class=\"article-main__signed\"><\/footer>\n<p>Ein 41-j\u00e4hriger Mann wurde danach in Essen (Deutschland) festgenommen <b>verursachte zwei Br\u00e4nde, bei denen 31 Menschen verletzt wurden,<\/b> darunter acht Kinder.<\/p>\n<p>Der Verd\u00e4chtige z\u00fcndete zwei Wohngeb\u00e4ude an, in denen es 31 Verletzte gab, darunter acht Kinder und zwei Babys, die sich aufgrund einer Rauchvergiftung in einem ernsten Zustand befanden.<\/p>\n<p>Kurz nachdem die Br\u00e4nde ausgebrochen waren,<b> Ein Lastwagen prallte gegen zwei Gesch\u00e4fte<\/b> aus derselben Stadt, richtete Sachschaden an, stieg aus dem Fahrzeug aus und bedrohte Zeugen mit einer Machete in der Hand.<\/p>\n<div><\/div>\n<p>Endlich, <b>Der Verd\u00e4chtige wurde von zwei M\u00e4nnern \u00fcberw\u00e4ltigt<\/b>der mit dem bewegungsunf\u00e4higen Verd\u00e4chtigen auf das Eintreffen der Beh\u00f6rden wartete. Nach Angaben der deutschen Polizei handelt es sich bei dem Mann um einen 41-j\u00e4hrigen Essener mit syrischer Staatsb\u00fcrgerschaft.<\/p>\n","protected":false},"excerpt":{"rendered":"<p>Ein 41-j\u00e4hriger Mann wurde danach in Essen (Deutschland) festgenommen verursachte zwei Br\u00e4nde, bei denen 31 Menschen verletzt wurden, darunter acht Kinder. Der Verd\u00e4chtige z\u00fcndete zwei<\/p>\n","protected":false},"author":1,"featured_media":421,"comment_status":"closed","ping_status":"","sticky":false,"template":"","format":"standard","meta":{"footnotes":""},"categories":[4],"tags":[848,35,43,651,845,847,849,189,844,408,846,37,850,71,559],"class_list":["post-420","post","type-post","status-publish","format-standard","has-post-thumbnail","hentry","category-aktuelle-nachrichten","tag-brand","tag-deutschland","tag-ein","tag-essen","tag-festgenommen","tag-gebaeude","tag-gesteckt","tag-hat","tag-mann","tag-menschen","tag-nachdem","tag-und","tag-verletzt","tag-wird","tag-zwei","generate-columns","tablet-grid-50","mobile-grid-100","grid-parent","grid-50"],"yoast_head":"<!-- This site is optimized with the Yoast SEO plugin v27.3 - https:\/\/yoast.com\/product\/yoast-seo-wordpress\/ -->\n<title>In Essen wird in Deutschland ein Mann festgenommen, nachdem er zwei Geb\u00e4ude in Brand gesteckt und 31 Menschen verletzt hat. - Nachrichten - Stra\u00dfenweb<\/title>\n<meta name=\"robots\" content=\"index, follow, max-snippet:-1, max-image-preview:large, max-video-preview:-1\" \/>\n<link rel=\"canonical\" href=\"https:\/\/www.strassenweb.de\/nachrichten\/in-essen-wird-in-deutschland-ein-mann-festgenommen-nachdem-er-zwei-gebaeude-in-brand-gesteckt-und-31-menschen-verletzt-hat\/\" \/>\n<meta property=\"og:locale\" content=\"de_DE\" \/>\n<meta property=\"og:type\" content=\"article\" \/>\n<meta property=\"og:title\" content=\"In Essen wird in Deutschland ein Mann festgenommen, nachdem er zwei Geb\u00e4ude in Brand gesteckt und 31 Menschen verletzt hat. - Nachrichten - Stra\u00dfenweb\" \/>\n<meta property=\"og:description\" content=\"Ein 41-j\u00e4hriger Mann wurde danach in Essen (Deutschland) festgenommen verursachte zwei Br\u00e4nde, bei denen 31 Menschen verletzt wurden, darunter acht Kinder. Der Verd\u00e4chtige z\u00fcndete zwei\" \/>\n<meta property=\"og:url\" content=\"https:\/\/www.strassenweb.de\/nachrichten\/in-essen-wird-in-deutschland-ein-mann-festgenommen-nachdem-er-zwei-gebaeude-in-brand-gesteckt-und-31-menschen-verletzt-hat\/\" \/>\n<meta property=\"og:site_name\" content=\"Stra\u00dfenweb\" \/>\n<meta property=\"article:publisher\" content=\"https:\/\/www.facebook.com\/strassenweb\/\" \/>\n<meta property=\"article:published_time\" content=\"2024-09-29T14:50:29+00:00\" \/>\n<meta property=\"article:modified_time\" content=\"2024-09-29T14:50:31+00:00\" \/>\n<meta property=\"og:image\" content=\"https:\/\/www.strassenweb.de\/nachrichten\/wp-content\/uploads\/2024\/09\/In-Essen-wird-in-Deutschland-ein-Mann-festgenommen-nachdem-er.jpg\" \/>\n\t<meta property=\"og:image:width\" content=\"1280\" \/>\n\t<meta property=\"og:image:height\" content=\"720\" \/>\n\t<meta property=\"og:image:type\" content=\"image\/jpeg\" \/>\n<meta name=\"author\" content=\"Robert Hoffmann\" \/>\n<meta name=\"twitter:card\" content=\"summary_large_image\" \/>\n<meta name=\"twitter:label1\" content=\"Verfasst von\" \/>\n\t<meta name=\"twitter:data1\" content=\"Robert Hoffmann\" \/>\n\t<meta name=\"twitter:label2\" content=\"Gesch\u00e4tzte Lesezeit\" \/>\n\t<meta name=\"twitter:data2\" content=\"1\u00a0Minute\" \/>\n<script type=\"application\/ld+json\" class=\"yoast-schema-graph\">{\"@context\":\"https:\\\/\\\/schema.org\",\"@graph\":[{\"@type\":\"Article\",\"@id\":\"https:\\\/\\\/www.strassenweb.de\\\/nachrichten\\\/in-essen-wird-in-deutschland-ein-mann-festgenommen-nachdem-er-zwei-gebaeude-in-brand-gesteckt-und-31-menschen-verletzt-hat\\\/#article\",\"isPartOf\":{\"@id\":\"https:\\\/\\\/www.strassenweb.de\\\/nachrichten\\\/in-essen-wird-in-deutschland-ein-mann-festgenommen-nachdem-er-zwei-gebaeude-in-brand-gesteckt-und-31-menschen-verletzt-hat\\\/\"},\"author\":{\"name\":\"Robert Hoffmann\",\"@id\":\"https:\\\/\\\/www.strassenweb.de\\\/nachrichten\\\/#\\\/schema\\\/person\\\/87c9c9067f1211da429a744dc5a5aa41\"},\"headline\":\"In Essen wird in Deutschland ein Mann festgenommen, nachdem er zwei Geb\u00e4ude in Brand gesteckt und 31 Menschen verletzt hat.\",\"datePublished\":\"2024-09-29T14:50:29+00:00\",\"dateModified\":\"2024-09-29T14:50:31+00:00\",\"mainEntityOfPage\":{\"@id\":\"https:\\\/\\\/www.strassenweb.de\\\/nachrichten\\\/in-essen-wird-in-deutschland-ein-mann-festgenommen-nachdem-er-zwei-gebaeude-in-brand-gesteckt-und-31-menschen-verletzt-hat\\\/\"},\"wordCount\":150,\"publisher\":{\"@id\":\"https:\\\/\\\/www.strassenweb.de\\\/nachrichten\\\/#organization\"},\"image\":{\"@id\":\"https:\\\/\\\/www.strassenweb.de\\\/nachrichten\\\/in-essen-wird-in-deutschland-ein-mann-festgenommen-nachdem-er-zwei-gebaeude-in-brand-gesteckt-und-31-menschen-verletzt-hat\\\/#primaryimage\"},\"thumbnailUrl\":\"https:\\\/\\\/www.strassenweb.de\\\/nachrichten\\\/wp-content\\\/uploads\\\/2024\\\/09\\\/In-Essen-wird-in-Deutschland-ein-Mann-festgenommen-nachdem-er.jpg\",\"keywords\":[\"Brand\",\"Deutschland\",\"ein\",\"essen\",\"festgenommen\",\"Geb\u00e4ude\",\"gesteckt\",\"hat\",\"Mann\",\"Menschen\",\"nachdem\",\"und\",\"verletzt\",\"wird\",\"zwei\"],\"articleSection\":[\"Aktuelle Nachrichten\"],\"inLanguage\":\"de\"},{\"@type\":\"WebPage\",\"@id\":\"https:\\\/\\\/www.strassenweb.de\\\/nachrichten\\\/in-essen-wird-in-deutschland-ein-mann-festgenommen-nachdem-er-zwei-gebaeude-in-brand-gesteckt-und-31-menschen-verletzt-hat\\\/\",\"url\":\"https:\\\/\\\/www.strassenweb.de\\\/nachrichten\\\/in-essen-wird-in-deutschland-ein-mann-festgenommen-nachdem-er-zwei-gebaeude-in-brand-gesteckt-und-31-menschen-verletzt-hat\\\/\",\"name\":\"In Essen wird in Deutschland ein Mann festgenommen, nachdem er zwei Geb\u00e4ude in Brand gesteckt und 31 Menschen verletzt hat. - Nachrichten - Stra\u00dfenweb\",\"isPartOf\":{\"@id\":\"https:\\\/\\\/www.strassenweb.de\\\/nachrichten\\\/#website\"},\"primaryImageOfPage\":{\"@id\":\"https:\\\/\\\/www.strassenweb.de\\\/nachrichten\\\/in-essen-wird-in-deutschland-ein-mann-festgenommen-nachdem-er-zwei-gebaeude-in-brand-gesteckt-und-31-menschen-verletzt-hat\\\/#primaryimage\"},\"image\":{\"@id\":\"https:\\\/\\\/www.strassenweb.de\\\/nachrichten\\\/in-essen-wird-in-deutschland-ein-mann-festgenommen-nachdem-er-zwei-gebaeude-in-brand-gesteckt-und-31-menschen-verletzt-hat\\\/#primaryimage\"},\"thumbnailUrl\":\"https:\\\/\\\/www.strassenweb.de\\\/nachrichten\\\/wp-content\\\/uploads\\\/2024\\\/09\\\/In-Essen-wird-in-Deutschland-ein-Mann-festgenommen-nachdem-er.jpg\",\"datePublished\":\"2024-09-29T14:50:29+00:00\",\"dateModified\":\"2024-09-29T14:50:31+00:00\",\"breadcrumb\":{\"@id\":\"https:\\\/\\\/www.strassenweb.de\\\/nachrichten\\\/in-essen-wird-in-deutschland-ein-mann-festgenommen-nachdem-er-zwei-gebaeude-in-brand-gesteckt-und-31-menschen-verletzt-hat\\\/#breadcrumb\"},\"inLanguage\":\"de\",\"potentialAction\":[{\"@type\":\"ReadAction\",\"target\":[\"https:\\\/\\\/www.strassenweb.de\\\/nachrichten\\\/in-essen-wird-in-deutschland-ein-mann-festgenommen-nachdem-er-zwei-gebaeude-in-brand-gesteckt-und-31-menschen-verletzt-hat\\\/\"]}]},{\"@type\":\"ImageObject\",\"inLanguage\":\"de\",\"@id\":\"https:\\\/\\\/www.strassenweb.de\\\/nachrichten\\\/in-essen-wird-in-deutschland-ein-mann-festgenommen-nachdem-er-zwei-gebaeude-in-brand-gesteckt-und-31-menschen-verletzt-hat\\\/#primaryimage\",\"url\":\"https:\\\/\\\/www.strassenweb.de\\\/nachrichten\\\/wp-content\\\/uploads\\\/2024\\\/09\\\/In-Essen-wird-in-Deutschland-ein-Mann-festgenommen-nachdem-er.jpg\",\"contentUrl\":\"https:\\\/\\\/www.strassenweb.de\\\/nachrichten\\\/wp-content\\\/uploads\\\/2024\\\/09\\\/In-Essen-wird-in-Deutschland-ein-Mann-festgenommen-nachdem-er.jpg\",\"width\":1280,\"height\":720,\"caption\":\"In Essen wird in Deutschland ein Mann festgenommen, nachdem er zwei Geb\u00e4ude in Brand gesteckt und 31 Menschen verletzt hat.\"},{\"@type\":\"BreadcrumbList\",\"@id\":\"https:\\\/\\\/www.strassenweb.de\\\/nachrichten\\\/in-essen-wird-in-deutschland-ein-mann-festgenommen-nachdem-er-zwei-gebaeude-in-brand-gesteckt-und-31-menschen-verletzt-hat\\\/#breadcrumb\",\"itemListElement\":[{\"@type\":\"ListItem\",\"position\":1,\"name\":\"Home\",\"item\":\"https:\\\/\\\/www.strassenweb.de\\\/nachrichten\\\/\"},{\"@type\":\"ListItem\",\"position\":2,\"name\":\"In Essen wird in Deutschland ein Mann festgenommen, nachdem er zwei Geb\u00e4ude in Brand gesteckt und 31 Menschen verletzt hat.\"}]},{\"@type\":\"WebSite\",\"@id\":\"https:\\\/\\\/www.strassenweb.de\\\/nachrichten\\\/#website\",\"url\":\"https:\\\/\\\/www.strassenweb.de\\\/nachrichten\\\/\",\"name\":\"Stra\u00dfenweb\",\"description\":\"Stra\u00dfenverzeichnis f\u00fcr Deutschland\",\"publisher\":{\"@id\":\"https:\\\/\\\/www.strassenweb.de\\\/nachrichten\\\/#organization\"},\"potentialAction\":[{\"@type\":\"SearchAction\",\"target\":{\"@type\":\"EntryPoint\",\"urlTemplate\":\"https:\\\/\\\/www.strassenweb.de\\\/nachrichten\\\/?s={search_term_string}\"},\"query-input\":{\"@type\":\"PropertyValueSpecification\",\"valueRequired\":true,\"valueName\":\"search_term_string\"}}],\"inLanguage\":\"de\"},{\"@type\":\"Organization\",\"@id\":\"https:\\\/\\\/www.strassenweb.de\\\/nachrichten\\\/#organization\",\"name\":\"Stra\u00dfenweb\",\"url\":\"https:\\\/\\\/www.strassenweb.de\\\/nachrichten\\\/\",\"logo\":{\"@type\":\"ImageObject\",\"inLanguage\":\"de\",\"@id\":\"https:\\\/\\\/www.strassenweb.de\\\/nachrichten\\\/#\\\/schema\\\/logo\\\/image\\\/\",\"url\":\"https:\\\/\\\/www.strassenweb.de\\\/nachrichten\\\/wp-content\\\/uploads\\\/2024\\\/09\\\/cropped-favicon.png\",\"contentUrl\":\"https:\\\/\\\/www.strassenweb.de\\\/nachrichten\\\/wp-content\\\/uploads\\\/2024\\\/09\\\/cropped-favicon.png\",\"width\":512,\"height\":512,\"caption\":\"Stra\u00dfenweb\"},\"image\":{\"@id\":\"https:\\\/\\\/www.strassenweb.de\\\/nachrichten\\\/#\\\/schema\\\/logo\\\/image\\\/\"},\"sameAs\":[\"https:\\\/\\\/www.facebook.com\\\/strassenweb\\\/\"]},{\"@type\":\"Person\",\"@id\":\"https:\\\/\\\/www.strassenweb.de\\\/nachrichten\\\/#\\\/schema\\\/person\\\/87c9c9067f1211da429a744dc5a5aa41\",\"name\":\"Robert Hoffmann\",\"image\":{\"@type\":\"ImageObject\",\"inLanguage\":\"de\",\"@id\":\"https:\\\/\\\/www.strassenweb.de\\\/nachrichten\\\/wp-content\\\/uploads\\\/2024\\\/09\\\/strassenweb-150x150.jpg\",\"url\":\"https:\\\/\\\/www.strassenweb.de\\\/nachrichten\\\/wp-content\\\/uploads\\\/2024\\\/09\\\/strassenweb-150x150.jpg\",\"contentUrl\":\"https:\\\/\\\/www.strassenweb.de\\\/nachrichten\\\/wp-content\\\/uploads\\\/2024\\\/09\\\/strassenweb-150x150.jpg\",\"caption\":\"Robert Hoffmann\"},\"description\":\"Ich hei\u00dfe Robert Hoffmann und ich bin ein leidenschaftlicher Verfechter von \u00d6kologie und Biodiversit\u00e4t. Seit meiner Kindheit in den W\u00e4ldern Bayerns f\u00fchle ich mich mit der Natur verbunden und bin entschlossen, sie zu sch\u00fctzen. Heute widme ich mein Leben der Sensibilisierung anderer f\u00fcr die Bedeutung des Umweltschutzes f\u00fcr zuk\u00fcnftige Generationen.\",\"sameAs\":[\"https:\\\/\\\/www.strassenweb.de\\\/\"]}]}<\/script>\n<!-- \/ Yoast SEO plugin. -->","yoast_head_json":{"title":"In Essen wird in Deutschland ein Mann festgenommen, nachdem er zwei Geb\u00e4ude in Brand gesteckt und 31 Menschen verletzt hat. - Nachrichten - Stra\u00dfenweb","robots":{"index":"index","follow":"follow","max-snippet":"max-snippet:-1","max-image-preview":"max-image-preview:large","max-video-preview":"max-video-preview:-1"},"canonical":"https:\/\/www.strassenweb.de\/nachrichten\/in-essen-wird-in-deutschland-ein-mann-festgenommen-nachdem-er-zwei-gebaeude-in-brand-gesteckt-und-31-menschen-verletzt-hat\/","og_locale":"de_DE","og_type":"article","og_title":"In Essen wird in Deutschland ein Mann festgenommen, nachdem er zwei Geb\u00e4ude in Brand gesteckt und 31 Menschen verletzt hat. - Nachrichten - Stra\u00dfenweb","og_description":"Ein 41-j\u00e4hriger Mann wurde danach in Essen (Deutschland) festgenommen verursachte zwei Br\u00e4nde, bei denen 31 Menschen verletzt wurden, darunter acht Kinder. Der Verd\u00e4chtige z\u00fcndete zwei","og_url":"https:\/\/www.strassenweb.de\/nachrichten\/in-essen-wird-in-deutschland-ein-mann-festgenommen-nachdem-er-zwei-gebaeude-in-brand-gesteckt-und-31-menschen-verletzt-hat\/","og_site_name":"Stra\u00dfenweb","article_publisher":"https:\/\/www.facebook.com\/strassenweb\/","article_published_time":"2024-09-29T14:50:29+00:00","article_modified_time":"2024-09-29T14:50:31+00:00","og_image":[{"width":1280,"height":720,"url":"https:\/\/www.strassenweb.de\/nachrichten\/wp-content\/uploads\/2024\/09\/In-Essen-wird-in-Deutschland-ein-Mann-festgenommen-nachdem-er.jpg","type":"image\/jpeg"}],"author":"Robert Hoffmann","twitter_card":"summary_large_image","twitter_misc":{"Verfasst von":"Robert Hoffmann","Gesch\u00e4tzte Lesezeit":"1\u00a0Minute"},"schema":{"@context":"https:\/\/schema.org","@graph":[{"@type":"Article","@id":"https:\/\/www.strassenweb.de\/nachrichten\/in-essen-wird-in-deutschland-ein-mann-festgenommen-nachdem-er-zwei-gebaeude-in-brand-gesteckt-und-31-menschen-verletzt-hat\/#article","isPartOf":{"@id":"https:\/\/www.strassenweb.de\/nachrichten\/in-essen-wird-in-deutschland-ein-mann-festgenommen-nachdem-er-zwei-gebaeude-in-brand-gesteckt-und-31-menschen-verletzt-hat\/"},"author":{"name":"Robert Hoffmann","@id":"https:\/\/www.strassenweb.de\/nachrichten\/#\/schema\/person\/87c9c9067f1211da429a744dc5a5aa41"},"headline":"In Essen wird in Deutschland ein Mann festgenommen, nachdem er zwei Geb\u00e4ude in Brand gesteckt und 31 Menschen verletzt hat.","datePublished":"2024-09-29T14:50:29+00:00","dateModified":"2024-09-29T14:50:31+00:00","mainEntityOfPage":{"@id":"https:\/\/www.strassenweb.de\/nachrichten\/in-essen-wird-in-deutschland-ein-mann-festgenommen-nachdem-er-zwei-gebaeude-in-brand-gesteckt-und-31-menschen-verletzt-hat\/"},"wordCount":150,"publisher":{"@id":"https:\/\/www.strassenweb.de\/nachrichten\/#organization"},"image":{"@id":"https:\/\/www.strassenweb.de\/nachrichten\/in-essen-wird-in-deutschland-ein-mann-festgenommen-nachdem-er-zwei-gebaeude-in-brand-gesteckt-und-31-menschen-verletzt-hat\/#primaryimage"},"thumbnailUrl":"https:\/\/www.strassenweb.de\/nachrichten\/wp-content\/uploads\/2024\/09\/In-Essen-wird-in-Deutschland-ein-Mann-festgenommen-nachdem-er.jpg","keywords":["Brand","Deutschland","ein","essen","festgenommen","Geb\u00e4ude","gesteckt","hat","Mann","Menschen","nachdem","und","verletzt","wird","zwei"],"articleSection":["Aktuelle Nachrichten"],"inLanguage":"de"},{"@type":"WebPage","@id":"https:\/\/www.strassenweb.de\/nachrichten\/in-essen-wird-in-deutschland-ein-mann-festgenommen-nachdem-er-zwei-gebaeude-in-brand-gesteckt-und-31-menschen-verletzt-hat\/","url":"https:\/\/www.strassenweb.de\/nachrichten\/in-essen-wird-in-deutschland-ein-mann-festgenommen-nachdem-er-zwei-gebaeude-in-brand-gesteckt-und-31-menschen-verletzt-hat\/","name":"In Essen wird in Deutschland ein Mann festgenommen, nachdem er zwei Geb\u00e4ude in Brand gesteckt und 31 Menschen verletzt hat. - Nachrichten - Stra\u00dfenweb","isPartOf":{"@id":"https:\/\/www.strassenweb.de\/nachrichten\/#website"},"primaryImageOfPage":{"@id":"https:\/\/www.strassenweb.de\/nachrichten\/in-essen-wird-in-deutschland-ein-mann-festgenommen-nachdem-er-zwei-gebaeude-in-brand-gesteckt-und-31-menschen-verletzt-hat\/#primaryimage"},"image":{"@id":"https:\/\/www.strassenweb.de\/nachrichten\/in-essen-wird-in-deutschland-ein-mann-festgenommen-nachdem-er-zwei-gebaeude-in-brand-gesteckt-und-31-menschen-verletzt-hat\/#primaryimage"},"thumbnailUrl":"https:\/\/www.strassenweb.de\/nachrichten\/wp-content\/uploads\/2024\/09\/In-Essen-wird-in-Deutschland-ein-Mann-festgenommen-nachdem-er.jpg","datePublished":"2024-09-29T14:50:29+00:00","dateModified":"2024-09-29T14:50:31+00:00","breadcrumb":{"@id":"https:\/\/www.strassenweb.de\/nachrichten\/in-essen-wird-in-deutschland-ein-mann-festgenommen-nachdem-er-zwei-gebaeude-in-brand-gesteckt-und-31-menschen-verletzt-hat\/#breadcrumb"},"inLanguage":"de","potentialAction":[{"@type":"ReadAction","target":["https:\/\/www.strassenweb.de\/nachrichten\/in-essen-wird-in-deutschland-ein-mann-festgenommen-nachdem-er-zwei-gebaeude-in-brand-gesteckt-und-31-menschen-verletzt-hat\/"]}]},{"@type":"ImageObject","inLanguage":"de","@id":"https:\/\/www.strassenweb.de\/nachrichten\/in-essen-wird-in-deutschland-ein-mann-festgenommen-nachdem-er-zwei-gebaeude-in-brand-gesteckt-und-31-menschen-verletzt-hat\/#primaryimage","url":"https:\/\/www.strassenweb.de\/nachrichten\/wp-content\/uploads\/2024\/09\/In-Essen-wird-in-Deutschland-ein-Mann-festgenommen-nachdem-er.jpg","contentUrl":"https:\/\/www.strassenweb.de\/nachrichten\/wp-content\/uploads\/2024\/09\/In-Essen-wird-in-Deutschland-ein-Mann-festgenommen-nachdem-er.jpg","width":1280,"height":720,"caption":"In Essen wird in Deutschland ein Mann festgenommen, nachdem er zwei Geb\u00e4ude in Brand gesteckt und 31 Menschen verletzt hat."},{"@type":"BreadcrumbList","@id":"https:\/\/www.strassenweb.de\/nachrichten\/in-essen-wird-in-deutschland-ein-mann-festgenommen-nachdem-er-zwei-gebaeude-in-brand-gesteckt-und-31-menschen-verletzt-hat\/#breadcrumb","itemListElement":[{"@type":"ListItem","position":1,"name":"Home","item":"https:\/\/www.strassenweb.de\/nachrichten\/"},{"@type":"ListItem","position":2,"name":"In Essen wird in Deutschland ein Mann festgenommen, nachdem er zwei Geb\u00e4ude in Brand gesteckt und 31 Menschen verletzt hat."}]},{"@type":"WebSite","@id":"https:\/\/www.strassenweb.de\/nachrichten\/#website","url":"https:\/\/www.strassenweb.de\/nachrichten\/","name":"Stra\u00dfenweb","description":"Stra\u00dfenverzeichnis f\u00fcr Deutschland","publisher":{"@id":"https:\/\/www.strassenweb.de\/nachrichten\/#organization"},"potentialAction":[{"@type":"SearchAction","target":{"@type":"EntryPoint","urlTemplate":"https:\/\/www.strassenweb.de\/nachrichten\/?s={search_term_string}"},"query-input":{"@type":"PropertyValueSpecification","valueRequired":true,"valueName":"search_term_string"}}],"inLanguage":"de"},{"@type":"Organization","@id":"https:\/\/www.strassenweb.de\/nachrichten\/#organization","name":"Stra\u00dfenweb","url":"https:\/\/www.strassenweb.de\/nachrichten\/","logo":{"@type":"ImageObject","inLanguage":"de","@id":"https:\/\/www.strassenweb.de\/nachrichten\/#\/schema\/logo\/image\/","url":"https:\/\/www.strassenweb.de\/nachrichten\/wp-content\/uploads\/2024\/09\/cropped-favicon.png","contentUrl":"https:\/\/www.strassenweb.de\/nachrichten\/wp-content\/uploads\/2024\/09\/cropped-favicon.png","width":512,"height":512,"caption":"Stra\u00dfenweb"},"image":{"@id":"https:\/\/www.strassenweb.de\/nachrichten\/#\/schema\/logo\/image\/"},"sameAs":["https:\/\/www.facebook.com\/strassenweb\/"]},{"@type":"Person","@id":"https:\/\/www.strassenweb.de\/nachrichten\/#\/schema\/person\/87c9c9067f1211da429a744dc5a5aa41","name":"Robert Hoffmann","image":{"@type":"ImageObject","inLanguage":"de","@id":"https:\/\/www.strassenweb.de\/nachrichten\/wp-content\/uploads\/2024\/09\/strassenweb-150x150.jpg","url":"https:\/\/www.strassenweb.de\/nachrichten\/wp-content\/uploads\/2024\/09\/strassenweb-150x150.jpg","contentUrl":"https:\/\/www.strassenweb.de\/nachrichten\/wp-content\/uploads\/2024\/09\/strassenweb-150x150.jpg","caption":"Robert Hoffmann"},"description":"Ich hei\u00dfe Robert Hoffmann und ich bin ein leidenschaftlicher Verfechter von \u00d6kologie und Biodiversit\u00e4t. Seit meiner Kindheit in den W\u00e4ldern Bayerns f\u00fchle ich mich mit der Natur verbunden und bin entschlossen, sie zu sch\u00fctzen. Heute widme ich mein Leben der Sensibilisierung anderer f\u00fcr die Bedeutung des Umweltschutzes f\u00fcr zuk\u00fcnftige Generationen.","sameAs":["https:\/\/www.strassenweb.de\/"]}]}},"_links":{"self":[{"href":"https:\/\/www.strassenweb.de\/nachrichten\/wp-json\/wp\/v2\/posts\/420","targetHints":{"allow":["GET"]}}],"collection":[{"href":"https:\/\/www.strassenweb.de\/nachrichten\/wp-json\/wp\/v2\/posts"}],"about":[{"href":"https:\/\/www.strassenweb.de\/nachrichten\/wp-json\/wp\/v2\/types\/post"}],"author":[{"embeddable":true,"href":"https:\/\/www.strassenweb.de\/nachrichten\/wp-json\/wp\/v2\/users\/1"}],"replies":[{"embeddable":true,"href":"https:\/\/www.strassenweb.de\/nachrichten\/wp-json\/wp\/v2\/comments?post=420"}],"version-history":[{"count":0,"href":"https:\/\/www.strassenweb.de\/nachrichten\/wp-json\/wp\/v2\/posts\/420\/revisions"}],"wp:featuredmedia":[{"embeddable":true,"href":"https:\/\/www.strassenweb.de\/nachrichten\/wp-json\/wp\/v2\/media\/421"}],"wp:attachment":[{"href":"https:\/\/www.strassenweb.de\/nachrichten\/wp-json\/wp\/v2\/media?parent=420"}],"wp:term":[{"taxonomy":"category","embeddable":true,"href":"https:\/\/www.strassenweb.de\/nachrichten\/wp-json\/wp\/v2\/categories?post=420"},{"taxonomy":"post_tag","embeddable":true,"href":"https:\/\/www.strassenweb.de\/nachrichten\/wp-json\/wp\/v2\/tags?post=420"}],"curies":[{"name":"wp","href":"https:\/\/api.w.org\/{rel}","templated":true}]}}