{"id":4187,"date":"2025-03-31T04:39:18","date_gmt":"2025-03-31T02:39:18","guid":{"rendered":"https:\/\/www.strassenweb.de\/nachrichten\/reese-witherspoon-beschraenkt-ihr-buecherregal-auf-drei-farben-fuer-einen-zusammenhaengenden-stromlinienfoermigen-aufprall-es-ist-perfekt-fuer-ein-minimalistisches-wohnzimmer\/"},"modified":"2025-03-31T04:39:19","modified_gmt":"2025-03-31T02:39:19","slug":"reese-witherspoon-beschraenkt-ihr-buecherregal-auf-drei-farben-fuer-einen-zusammenhaengenden-stromlinienfoermigen-aufprall-es-ist-perfekt-fuer-ein-minimalistisches-wohnzimmer","status":"publish","type":"post","link":"https:\/\/www.strassenweb.de\/nachrichten\/reese-witherspoon-beschraenkt-ihr-buecherregal-auf-drei-farben-fuer-einen-zusammenhaengenden-stromlinienfoermigen-aufprall-es-ist-perfekt-fuer-ein-minimalistisches-wohnzimmer\/","title":{"rendered":"Reese Witherspoon beschr\u00e4nkt ihr B\u00fccherregal auf drei Farben f\u00fcr einen zusammenh\u00e4ngenden, stromlinienf\u00f6rmigen Aufprall &#8211; es ist perfekt f\u00fcr ein minimalistisches Wohnzimmer"},"content":{"rendered":"<p><\/p>\n<div id=\"article-body\" class=\"article__body \">\n<p>Die Buchenthusiasten unter uns werden wissen, dass sich unsere Lieblingstitel auch als bestes Dekor dienen. Die Pr\u00e4sentation der B\u00fccher, die Sie lieben, f\u00fchlt sich pers\u00f6nlich an und ist oft eine komplizierte M\u00f6glichkeit, etwas Sentimentales in die Spitze Ihres Wohnzimmers zu bringen. In all ihrer Sch\u00f6nheit geben wir jedoch zu, dass das Ausstellen einer Reihe farbiger Buchstifte wie ein minimalistischer Liebhaber eines Alptraums klingen kann. Das war zumindest, bis Reese Witherspoon (ungewollt) eine L\u00f6sung teilte.<\/p>\n<div id=\"ad-unit-1\" class=\"ad-unit\"><\/div>\n<p>In einem k\u00fcrzlichen Instagram -Beitrag die<em> Legal blond <\/em>Die Schauspielerin teilte den Titel ganz oben in ihrer aktuellen Leseliste (FYI, es ist<em> Gebrochenes Land<\/em> von Clare Leslie Hall), aber wir wurden mehr von ihrem gut kuratierten B\u00fccherregal-Styling abgelenkt, das nur aus drei Farben besteht: hellblau, wei\u00df oder creme.<\/p>\n<aside class=\"hawk-base\" data-block-type=\"embed\" data-render-type=\"fte\" data-skip=\"dealsy\" data-widget-type=\"seasonal\">\n<div class=\"hawk-master-widget-hawk-base-wrapper\"><\/div>\n<\/aside>\n<p>Trotz ihrer vielseitigen Platzierung folgen die St\u00fccke in Reese&#8217;s Regalen dem gleichen Schema, was zu einem minimalistischen Traum f\u00fchrt. Es ist ein Beweis daf\u00fcr, dass Sie alles tun k\u00f6nnen: Sie haben ein zur\u00fcckhaltendes Wohnzimmer, w\u00e4hrend Sie Ihre Lieblingsb\u00fccher als Dekor verwenden. Wie Reese ist es der erste Schritt zum Erfolg, dass die Wirbels\u00e4ule nach innen steht. Machen Sie dann einen Punkt, um die Stacheln zu bringen, die Ihrer Lackfarbe entsprechen.<\/p>\n<div id=\"desktop-in-article\" class=\"in-article ad-unit\">\n<div id=\"desktop-taboola-mid-article\"><\/div>\n<\/div>\n<div id=\"mobile-in-article\" class=\"in-article ad-unit\">\n<div id=\"mobile-taboola-mid-article\"><\/div>\n<\/div>\n<div class=\"instagram-embed\">\n<blockquote class=\"instagram-media\" data-instgrm-captioned data-instgrm-version=\"6\" style=\"width:99.375%; width:-webkit-calc(100% - 2px); width:calc(100% - 2px);\">\n<p>Ein Beitrag von Reese Witherspoon (@reesewitherspoon)<\/p>\n<p>Ein Foto von on <\/p>\n<\/blockquote>\n<\/div>\n<div class=\"product-container hero-product-container product-block-no-wrap\"><\/div>\n<p>Obwohl eine Buchspeicheridee wie Reese mehr Planung erfordert, ist das Ergebnis die M\u00fche wert. Es f\u00fchlt sich zusammenh\u00e4ngend und optimiert an und ist eine neue Art, den Trend des B\u00fccherregals seit letztem Jahr in den sozialen Medien zu nutzen. Es ist daher nicht \u00fcberraschend, dass Speicherexperten eine \u00e4hnliche Methode wie die von Reese verzeichnen.<\/p>\n<div class=\"van_vid_carousel\">\n<div class=\"van_vid_carousel__padding\">\n<div class=\"van_vid_carousel__container\"><\/div>\n<\/div>\n<\/div>\n<p>&#8218;Eine organisatorische Methode, die in den letzten Jahren Popularit\u00e4t gewonnen hat, sind farbcodierte B\u00fccherregale. Ich liebe es oder hasse es, dieser kreative Ansatz ist der perfekte Weg, um Ihre Literaturkollektion in Ihr Heimdekor zu integrieren und Ihre Regale in funktionale Kunstwerke zu verwandeln.<\/p>\n<div id=\"ad-unit-2\" class=\"ad-unit\"><\/div>\n<p>&#8222;Einfach Gruppenfarben, die sich gegenseitig erg\u00e4nzen, f\u00fcr eine geschmackvolle, aber unterhaltsame Erg\u00e4nzung Ihres Wohnraums.&#8220;<\/p>\n<p>Bo Hellberg, der CMO bei <u>Streichm\u00f6bel<\/u>stimmt zu. &#8222;Wenn es darum geht, meine eigenen Regale zu stylen, habe ich festgestellt, dass die Auswahl von nur wenigen sch\u00f6nen St\u00fccken den dekorativsten Einfluss haben und die sentimentalste sein kann&#8220;, bemerkt er.<\/p>\n<div id=\"slice-container-newsletterForm-articleInbodyContent-GkJGeTFrH2StFVxMTTUJeh\" class=\"slice-container newsletter-inbodyContent-slice newsletterForm-articleInbodyContent-GkJGeTFrH2StFVxMTTUJeh slice-container-newsletterForm\"><\/div>\n<p>\u201eDie Koordinierung verschiedener Farben in Ihren Regalen ist eine weitere einfache und m\u00fchelose M\u00f6glichkeit, diese St\u00fccke hervorzuheben und dekorativ einen Raum zusammenzubinden. Viele vergessen, dass der Speicher Teil des Innenarchitekturschemas sein kann. Durch das Anzeigen und Styling unserer B\u00fccher in unseren B\u00fccherregalen k\u00f6nnen wir die Funktion mit Dekoration verschmelzen. &#8218;<\/p>\n<p>Egal, ob Sie sich f\u00fcr eine blaue, creme und wei\u00dfe (wie reese) entscheiden oder mit einer anderen Palette experimentieren m\u00f6chten, Sie k\u00f6nnen sich leicht ausruhen, wenn Sie wissen, dass Ihre B\u00fccher so sch\u00f6n sind, wie sie verdienen.<\/p>\n<hr>\n<\/div>\n<p><script async src=\"\/\/www.instagram.com\/embed.js\"><\/script><\/p>\n","protected":false},"excerpt":{"rendered":"<p>Die Buchenthusiasten unter uns werden wissen, dass sich unsere Lieblingstitel auch als bestes Dekor dienen. Die Pr\u00e4sentation der B\u00fccher, die Sie lieben, f\u00fchlt sich pers\u00f6nlich<\/p>\n","protected":false},"author":1,"featured_media":3196,"comment_status":"closed","ping_status":"","sticky":false,"template":"","format":"standard","meta":{"footnotes":""},"categories":[118],"tags":[46,6320,6318,4169,851,43,166,874,55,170,15,6321,393,3269,6319,3270,1229,5713],"class_list":["post-4187","post","type-post","status-publish","format-standard","has-post-thumbnail","hentry","category-haus-garten","tag-auf","tag-aufprall","tag-beschraenkt","tag-buecherregal","tag-drei","tag-ein","tag-einen","tag-farben","tag-fuer","tag-ihr","tag-ist","tag-minimalistisches","tag-perfekt","tag-reese","tag-stromlinienfoermigen","tag-witherspoon","tag-wohnzimmer","tag-zusammenhaengenden","generate-columns","tablet-grid-50","mobile-grid-100","grid-parent","grid-50"],"yoast_head":"<!-- This site is optimized with the Yoast SEO plugin v27.3 - https:\/\/yoast.com\/product\/yoast-seo-wordpress\/ -->\n<title>Reese Witherspoon beschr\u00e4nkt ihr B\u00fccherregal auf drei Farben f\u00fcr einen zusammenh\u00e4ngenden, stromlinienf\u00f6rmigen Aufprall - es ist perfekt f\u00fcr ein minimalistisches Wohnzimmer - Nachrichten - Stra\u00dfenweb<\/title>\n<meta name=\"robots\" content=\"index, follow, max-snippet:-1, max-image-preview:large, max-video-preview:-1\" \/>\n<link rel=\"canonical\" href=\"https:\/\/www.strassenweb.de\/nachrichten\/reese-witherspoon-beschraenkt-ihr-buecherregal-auf-drei-farben-fuer-einen-zusammenhaengenden-stromlinienfoermigen-aufprall-es-ist-perfekt-fuer-ein-minimalistisches-wohnzimmer\/\" \/>\n<meta property=\"og:locale\" content=\"de_DE\" \/>\n<meta property=\"og:type\" content=\"article\" \/>\n<meta property=\"og:title\" content=\"Reese Witherspoon beschr\u00e4nkt ihr B\u00fccherregal auf drei Farben f\u00fcr einen zusammenh\u00e4ngenden, stromlinienf\u00f6rmigen Aufprall - es ist perfekt f\u00fcr ein minimalistisches Wohnzimmer - Nachrichten - Stra\u00dfenweb\" \/>\n<meta property=\"og:description\" content=\"Die Buchenthusiasten unter uns werden wissen, dass sich unsere Lieblingstitel auch als bestes Dekor dienen. Die Pr\u00e4sentation der B\u00fccher, die Sie lieben, f\u00fchlt sich pers\u00f6nlich\" \/>\n<meta property=\"og:url\" content=\"https:\/\/www.strassenweb.de\/nachrichten\/reese-witherspoon-beschraenkt-ihr-buecherregal-auf-drei-farben-fuer-einen-zusammenhaengenden-stromlinienfoermigen-aufprall-es-ist-perfekt-fuer-ein-minimalistisches-wohnzimmer\/\" \/>\n<meta property=\"og:site_name\" content=\"Stra\u00dfenweb\" \/>\n<meta property=\"article:publisher\" content=\"https:\/\/www.facebook.com\/strassenweb\/\" \/>\n<meta property=\"article:published_time\" content=\"2025-03-31T02:39:18+00:00\" \/>\n<meta property=\"article:modified_time\" content=\"2025-03-31T02:39:19+00:00\" \/>\n<meta property=\"og:image\" content=\"https:\/\/www.strassenweb.de\/nachrichten\/wp-content\/uploads\/2025\/02\/Reese-Witherspoons-Glaswand-ueberflutet-ihr-Wohnzimmer-mit-Licht-es-ist-ein.jpg\" \/>\n\t<meta property=\"og:image:width\" content=\"1200\" \/>\n\t<meta property=\"og:image:height\" content=\"675\" \/>\n\t<meta property=\"og:image:type\" content=\"image\/jpeg\" \/>\n<meta name=\"author\" content=\"Robert Hoffmann\" \/>\n<meta name=\"twitter:card\" content=\"summary_large_image\" \/>\n<meta name=\"twitter:label1\" content=\"Verfasst von\" \/>\n\t<meta name=\"twitter:data1\" content=\"Robert Hoffmann\" \/>\n\t<meta name=\"twitter:label2\" content=\"Gesch\u00e4tzte Lesezeit\" \/>\n\t<meta name=\"twitter:data2\" content=\"2\u00a0Minuten\" \/>\n<script type=\"application\/ld+json\" class=\"yoast-schema-graph\">{\"@context\":\"https:\\\/\\\/schema.org\",\"@graph\":[{\"@type\":\"Article\",\"@id\":\"https:\\\/\\\/www.strassenweb.de\\\/nachrichten\\\/reese-witherspoon-beschraenkt-ihr-buecherregal-auf-drei-farben-fuer-einen-zusammenhaengenden-stromlinienfoermigen-aufprall-es-ist-perfekt-fuer-ein-minimalistisches-wohnzimmer\\\/#article\",\"isPartOf\":{\"@id\":\"https:\\\/\\\/www.strassenweb.de\\\/nachrichten\\\/reese-witherspoon-beschraenkt-ihr-buecherregal-auf-drei-farben-fuer-einen-zusammenhaengenden-stromlinienfoermigen-aufprall-es-ist-perfekt-fuer-ein-minimalistisches-wohnzimmer\\\/\"},\"author\":{\"name\":\"Robert Hoffmann\",\"@id\":\"https:\\\/\\\/www.strassenweb.de\\\/nachrichten\\\/#\\\/schema\\\/person\\\/87c9c9067f1211da429a744dc5a5aa41\"},\"headline\":\"Reese Witherspoon beschr\u00e4nkt ihr B\u00fccherregal auf drei Farben f\u00fcr einen zusammenh\u00e4ngenden, stromlinienf\u00f6rmigen Aufprall &#8211; es ist perfekt f\u00fcr ein minimalistisches Wohnzimmer\",\"datePublished\":\"2025-03-31T02:39:18+00:00\",\"dateModified\":\"2025-03-31T02:39:19+00:00\",\"mainEntityOfPage\":{\"@id\":\"https:\\\/\\\/www.strassenweb.de\\\/nachrichten\\\/reese-witherspoon-beschraenkt-ihr-buecherregal-auf-drei-farben-fuer-einen-zusammenhaengenden-stromlinienfoermigen-aufprall-es-ist-perfekt-fuer-ein-minimalistisches-wohnzimmer\\\/\"},\"wordCount\":506,\"publisher\":{\"@id\":\"https:\\\/\\\/www.strassenweb.de\\\/nachrichten\\\/#organization\"},\"image\":{\"@id\":\"https:\\\/\\\/www.strassenweb.de\\\/nachrichten\\\/reese-witherspoon-beschraenkt-ihr-buecherregal-auf-drei-farben-fuer-einen-zusammenhaengenden-stromlinienfoermigen-aufprall-es-ist-perfekt-fuer-ein-minimalistisches-wohnzimmer\\\/#primaryimage\"},\"thumbnailUrl\":\"https:\\\/\\\/www.strassenweb.de\\\/nachrichten\\\/wp-content\\\/uploads\\\/2025\\\/02\\\/Reese-Witherspoons-Glaswand-ueberflutet-ihr-Wohnzimmer-mit-Licht-es-ist-ein.jpg\",\"keywords\":[\"auf\",\"Aufprall\",\"beschr\u00e4nkt\",\"B\u00fccherregal\",\"drei\",\"ein\",\"einen\",\"Farben\",\"f\u00fcr\",\"Ihr\",\"ist\",\"minimalistisches\",\"perfekt\",\"Reese\",\"stromlinienf\u00f6rmigen\",\"Witherspoon\",\"Wohnzimmer\",\"zusammenh\u00e4ngenden\"],\"articleSection\":[\"Haus &amp; Garten\"],\"inLanguage\":\"de\"},{\"@type\":\"WebPage\",\"@id\":\"https:\\\/\\\/www.strassenweb.de\\\/nachrichten\\\/reese-witherspoon-beschraenkt-ihr-buecherregal-auf-drei-farben-fuer-einen-zusammenhaengenden-stromlinienfoermigen-aufprall-es-ist-perfekt-fuer-ein-minimalistisches-wohnzimmer\\\/\",\"url\":\"https:\\\/\\\/www.strassenweb.de\\\/nachrichten\\\/reese-witherspoon-beschraenkt-ihr-buecherregal-auf-drei-farben-fuer-einen-zusammenhaengenden-stromlinienfoermigen-aufprall-es-ist-perfekt-fuer-ein-minimalistisches-wohnzimmer\\\/\",\"name\":\"Reese Witherspoon beschr\u00e4nkt ihr B\u00fccherregal auf drei Farben f\u00fcr einen zusammenh\u00e4ngenden, stromlinienf\u00f6rmigen Aufprall - es ist perfekt f\u00fcr ein minimalistisches Wohnzimmer - Nachrichten - Stra\u00dfenweb\",\"isPartOf\":{\"@id\":\"https:\\\/\\\/www.strassenweb.de\\\/nachrichten\\\/#website\"},\"primaryImageOfPage\":{\"@id\":\"https:\\\/\\\/www.strassenweb.de\\\/nachrichten\\\/reese-witherspoon-beschraenkt-ihr-buecherregal-auf-drei-farben-fuer-einen-zusammenhaengenden-stromlinienfoermigen-aufprall-es-ist-perfekt-fuer-ein-minimalistisches-wohnzimmer\\\/#primaryimage\"},\"image\":{\"@id\":\"https:\\\/\\\/www.strassenweb.de\\\/nachrichten\\\/reese-witherspoon-beschraenkt-ihr-buecherregal-auf-drei-farben-fuer-einen-zusammenhaengenden-stromlinienfoermigen-aufprall-es-ist-perfekt-fuer-ein-minimalistisches-wohnzimmer\\\/#primaryimage\"},\"thumbnailUrl\":\"https:\\\/\\\/www.strassenweb.de\\\/nachrichten\\\/wp-content\\\/uploads\\\/2025\\\/02\\\/Reese-Witherspoons-Glaswand-ueberflutet-ihr-Wohnzimmer-mit-Licht-es-ist-ein.jpg\",\"datePublished\":\"2025-03-31T02:39:18+00:00\",\"dateModified\":\"2025-03-31T02:39:19+00:00\",\"breadcrumb\":{\"@id\":\"https:\\\/\\\/www.strassenweb.de\\\/nachrichten\\\/reese-witherspoon-beschraenkt-ihr-buecherregal-auf-drei-farben-fuer-einen-zusammenhaengenden-stromlinienfoermigen-aufprall-es-ist-perfekt-fuer-ein-minimalistisches-wohnzimmer\\\/#breadcrumb\"},\"inLanguage\":\"de\",\"potentialAction\":[{\"@type\":\"ReadAction\",\"target\":[\"https:\\\/\\\/www.strassenweb.de\\\/nachrichten\\\/reese-witherspoon-beschraenkt-ihr-buecherregal-auf-drei-farben-fuer-einen-zusammenhaengenden-stromlinienfoermigen-aufprall-es-ist-perfekt-fuer-ein-minimalistisches-wohnzimmer\\\/\"]}]},{\"@type\":\"ImageObject\",\"inLanguage\":\"de\",\"@id\":\"https:\\\/\\\/www.strassenweb.de\\\/nachrichten\\\/reese-witherspoon-beschraenkt-ihr-buecherregal-auf-drei-farben-fuer-einen-zusammenhaengenden-stromlinienfoermigen-aufprall-es-ist-perfekt-fuer-ein-minimalistisches-wohnzimmer\\\/#primaryimage\",\"url\":\"https:\\\/\\\/www.strassenweb.de\\\/nachrichten\\\/wp-content\\\/uploads\\\/2025\\\/02\\\/Reese-Witherspoons-Glaswand-ueberflutet-ihr-Wohnzimmer-mit-Licht-es-ist-ein.jpg\",\"contentUrl\":\"https:\\\/\\\/www.strassenweb.de\\\/nachrichten\\\/wp-content\\\/uploads\\\/2025\\\/02\\\/Reese-Witherspoons-Glaswand-ueberflutet-ihr-Wohnzimmer-mit-Licht-es-ist-ein.jpg\",\"width\":1200,\"height\":675,\"caption\":\"Reese Witherspoons Glaswand \u00fcberflutet ihr Wohnzimmer mit Licht-es ist ein erh\u00f6hter Dreh im \\\"Broken-Plan\\\" -Layout-Trend 2025\"},{\"@type\":\"BreadcrumbList\",\"@id\":\"https:\\\/\\\/www.strassenweb.de\\\/nachrichten\\\/reese-witherspoon-beschraenkt-ihr-buecherregal-auf-drei-farben-fuer-einen-zusammenhaengenden-stromlinienfoermigen-aufprall-es-ist-perfekt-fuer-ein-minimalistisches-wohnzimmer\\\/#breadcrumb\",\"itemListElement\":[{\"@type\":\"ListItem\",\"position\":1,\"name\":\"Home\",\"item\":\"https:\\\/\\\/www.strassenweb.de\\\/nachrichten\\\/\"},{\"@type\":\"ListItem\",\"position\":2,\"name\":\"Reese Witherspoon beschr\u00e4nkt ihr B\u00fccherregal auf drei Farben f\u00fcr einen zusammenh\u00e4ngenden, stromlinienf\u00f6rmigen Aufprall &#8211; es ist perfekt f\u00fcr ein minimalistisches Wohnzimmer\"}]},{\"@type\":\"WebSite\",\"@id\":\"https:\\\/\\\/www.strassenweb.de\\\/nachrichten\\\/#website\",\"url\":\"https:\\\/\\\/www.strassenweb.de\\\/nachrichten\\\/\",\"name\":\"Stra\u00dfenweb\",\"description\":\"Stra\u00dfenverzeichnis f\u00fcr Deutschland\",\"publisher\":{\"@id\":\"https:\\\/\\\/www.strassenweb.de\\\/nachrichten\\\/#organization\"},\"potentialAction\":[{\"@type\":\"SearchAction\",\"target\":{\"@type\":\"EntryPoint\",\"urlTemplate\":\"https:\\\/\\\/www.strassenweb.de\\\/nachrichten\\\/?s={search_term_string}\"},\"query-input\":{\"@type\":\"PropertyValueSpecification\",\"valueRequired\":true,\"valueName\":\"search_term_string\"}}],\"inLanguage\":\"de\"},{\"@type\":\"Organization\",\"@id\":\"https:\\\/\\\/www.strassenweb.de\\\/nachrichten\\\/#organization\",\"name\":\"Stra\u00dfenweb\",\"url\":\"https:\\\/\\\/www.strassenweb.de\\\/nachrichten\\\/\",\"logo\":{\"@type\":\"ImageObject\",\"inLanguage\":\"de\",\"@id\":\"https:\\\/\\\/www.strassenweb.de\\\/nachrichten\\\/#\\\/schema\\\/logo\\\/image\\\/\",\"url\":\"https:\\\/\\\/www.strassenweb.de\\\/nachrichten\\\/wp-content\\\/uploads\\\/2024\\\/09\\\/cropped-favicon.png\",\"contentUrl\":\"https:\\\/\\\/www.strassenweb.de\\\/nachrichten\\\/wp-content\\\/uploads\\\/2024\\\/09\\\/cropped-favicon.png\",\"width\":512,\"height\":512,\"caption\":\"Stra\u00dfenweb\"},\"image\":{\"@id\":\"https:\\\/\\\/www.strassenweb.de\\\/nachrichten\\\/#\\\/schema\\\/logo\\\/image\\\/\"},\"sameAs\":[\"https:\\\/\\\/www.facebook.com\\\/strassenweb\\\/\"]},{\"@type\":\"Person\",\"@id\":\"https:\\\/\\\/www.strassenweb.de\\\/nachrichten\\\/#\\\/schema\\\/person\\\/87c9c9067f1211da429a744dc5a5aa41\",\"name\":\"Robert Hoffmann\",\"image\":{\"@type\":\"ImageObject\",\"inLanguage\":\"de\",\"@id\":\"https:\\\/\\\/www.strassenweb.de\\\/nachrichten\\\/wp-content\\\/uploads\\\/2024\\\/09\\\/strassenweb-150x150.jpg\",\"url\":\"https:\\\/\\\/www.strassenweb.de\\\/nachrichten\\\/wp-content\\\/uploads\\\/2024\\\/09\\\/strassenweb-150x150.jpg\",\"contentUrl\":\"https:\\\/\\\/www.strassenweb.de\\\/nachrichten\\\/wp-content\\\/uploads\\\/2024\\\/09\\\/strassenweb-150x150.jpg\",\"caption\":\"Robert Hoffmann\"},\"description\":\"Ich hei\u00dfe Robert Hoffmann und ich bin ein leidenschaftlicher Verfechter von \u00d6kologie und Biodiversit\u00e4t. Seit meiner Kindheit in den W\u00e4ldern Bayerns f\u00fchle ich mich mit der Natur verbunden und bin entschlossen, sie zu sch\u00fctzen. Heute widme ich mein Leben der Sensibilisierung anderer f\u00fcr die Bedeutung des Umweltschutzes f\u00fcr zuk\u00fcnftige Generationen.\",\"sameAs\":[\"https:\\\/\\\/www.strassenweb.de\\\/\"]}]}<\/script>\n<!-- \/ Yoast SEO plugin. -->","yoast_head_json":{"title":"Reese Witherspoon beschr\u00e4nkt ihr B\u00fccherregal auf drei Farben f\u00fcr einen zusammenh\u00e4ngenden, stromlinienf\u00f6rmigen Aufprall - es ist perfekt f\u00fcr ein minimalistisches Wohnzimmer - Nachrichten - Stra\u00dfenweb","robots":{"index":"index","follow":"follow","max-snippet":"max-snippet:-1","max-image-preview":"max-image-preview:large","max-video-preview":"max-video-preview:-1"},"canonical":"https:\/\/www.strassenweb.de\/nachrichten\/reese-witherspoon-beschraenkt-ihr-buecherregal-auf-drei-farben-fuer-einen-zusammenhaengenden-stromlinienfoermigen-aufprall-es-ist-perfekt-fuer-ein-minimalistisches-wohnzimmer\/","og_locale":"de_DE","og_type":"article","og_title":"Reese Witherspoon beschr\u00e4nkt ihr B\u00fccherregal auf drei Farben f\u00fcr einen zusammenh\u00e4ngenden, stromlinienf\u00f6rmigen Aufprall - es ist perfekt f\u00fcr ein minimalistisches Wohnzimmer - Nachrichten - Stra\u00dfenweb","og_description":"Die Buchenthusiasten unter uns werden wissen, dass sich unsere Lieblingstitel auch als bestes Dekor dienen. Die Pr\u00e4sentation der B\u00fccher, die Sie lieben, f\u00fchlt sich pers\u00f6nlich","og_url":"https:\/\/www.strassenweb.de\/nachrichten\/reese-witherspoon-beschraenkt-ihr-buecherregal-auf-drei-farben-fuer-einen-zusammenhaengenden-stromlinienfoermigen-aufprall-es-ist-perfekt-fuer-ein-minimalistisches-wohnzimmer\/","og_site_name":"Stra\u00dfenweb","article_publisher":"https:\/\/www.facebook.com\/strassenweb\/","article_published_time":"2025-03-31T02:39:18+00:00","article_modified_time":"2025-03-31T02:39:19+00:00","og_image":[{"width":1200,"height":675,"url":"https:\/\/www.strassenweb.de\/nachrichten\/wp-content\/uploads\/2025\/02\/Reese-Witherspoons-Glaswand-ueberflutet-ihr-Wohnzimmer-mit-Licht-es-ist-ein.jpg","type":"image\/jpeg"}],"author":"Robert Hoffmann","twitter_card":"summary_large_image","twitter_misc":{"Verfasst von":"Robert Hoffmann","Gesch\u00e4tzte Lesezeit":"2\u00a0Minuten"},"schema":{"@context":"https:\/\/schema.org","@graph":[{"@type":"Article","@id":"https:\/\/www.strassenweb.de\/nachrichten\/reese-witherspoon-beschraenkt-ihr-buecherregal-auf-drei-farben-fuer-einen-zusammenhaengenden-stromlinienfoermigen-aufprall-es-ist-perfekt-fuer-ein-minimalistisches-wohnzimmer\/#article","isPartOf":{"@id":"https:\/\/www.strassenweb.de\/nachrichten\/reese-witherspoon-beschraenkt-ihr-buecherregal-auf-drei-farben-fuer-einen-zusammenhaengenden-stromlinienfoermigen-aufprall-es-ist-perfekt-fuer-ein-minimalistisches-wohnzimmer\/"},"author":{"name":"Robert Hoffmann","@id":"https:\/\/www.strassenweb.de\/nachrichten\/#\/schema\/person\/87c9c9067f1211da429a744dc5a5aa41"},"headline":"Reese Witherspoon beschr\u00e4nkt ihr B\u00fccherregal auf drei Farben f\u00fcr einen zusammenh\u00e4ngenden, stromlinienf\u00f6rmigen Aufprall &#8211; es ist perfekt f\u00fcr ein minimalistisches Wohnzimmer","datePublished":"2025-03-31T02:39:18+00:00","dateModified":"2025-03-31T02:39:19+00:00","mainEntityOfPage":{"@id":"https:\/\/www.strassenweb.de\/nachrichten\/reese-witherspoon-beschraenkt-ihr-buecherregal-auf-drei-farben-fuer-einen-zusammenhaengenden-stromlinienfoermigen-aufprall-es-ist-perfekt-fuer-ein-minimalistisches-wohnzimmer\/"},"wordCount":506,"publisher":{"@id":"https:\/\/www.strassenweb.de\/nachrichten\/#organization"},"image":{"@id":"https:\/\/www.strassenweb.de\/nachrichten\/reese-witherspoon-beschraenkt-ihr-buecherregal-auf-drei-farben-fuer-einen-zusammenhaengenden-stromlinienfoermigen-aufprall-es-ist-perfekt-fuer-ein-minimalistisches-wohnzimmer\/#primaryimage"},"thumbnailUrl":"https:\/\/www.strassenweb.de\/nachrichten\/wp-content\/uploads\/2025\/02\/Reese-Witherspoons-Glaswand-ueberflutet-ihr-Wohnzimmer-mit-Licht-es-ist-ein.jpg","keywords":["auf","Aufprall","beschr\u00e4nkt","B\u00fccherregal","drei","ein","einen","Farben","f\u00fcr","Ihr","ist","minimalistisches","perfekt","Reese","stromlinienf\u00f6rmigen","Witherspoon","Wohnzimmer","zusammenh\u00e4ngenden"],"articleSection":["Haus &amp; Garten"],"inLanguage":"de"},{"@type":"WebPage","@id":"https:\/\/www.strassenweb.de\/nachrichten\/reese-witherspoon-beschraenkt-ihr-buecherregal-auf-drei-farben-fuer-einen-zusammenhaengenden-stromlinienfoermigen-aufprall-es-ist-perfekt-fuer-ein-minimalistisches-wohnzimmer\/","url":"https:\/\/www.strassenweb.de\/nachrichten\/reese-witherspoon-beschraenkt-ihr-buecherregal-auf-drei-farben-fuer-einen-zusammenhaengenden-stromlinienfoermigen-aufprall-es-ist-perfekt-fuer-ein-minimalistisches-wohnzimmer\/","name":"Reese Witherspoon beschr\u00e4nkt ihr B\u00fccherregal auf drei Farben f\u00fcr einen zusammenh\u00e4ngenden, stromlinienf\u00f6rmigen Aufprall - es ist perfekt f\u00fcr ein minimalistisches Wohnzimmer - Nachrichten - Stra\u00dfenweb","isPartOf":{"@id":"https:\/\/www.strassenweb.de\/nachrichten\/#website"},"primaryImageOfPage":{"@id":"https:\/\/www.strassenweb.de\/nachrichten\/reese-witherspoon-beschraenkt-ihr-buecherregal-auf-drei-farben-fuer-einen-zusammenhaengenden-stromlinienfoermigen-aufprall-es-ist-perfekt-fuer-ein-minimalistisches-wohnzimmer\/#primaryimage"},"image":{"@id":"https:\/\/www.strassenweb.de\/nachrichten\/reese-witherspoon-beschraenkt-ihr-buecherregal-auf-drei-farben-fuer-einen-zusammenhaengenden-stromlinienfoermigen-aufprall-es-ist-perfekt-fuer-ein-minimalistisches-wohnzimmer\/#primaryimage"},"thumbnailUrl":"https:\/\/www.strassenweb.de\/nachrichten\/wp-content\/uploads\/2025\/02\/Reese-Witherspoons-Glaswand-ueberflutet-ihr-Wohnzimmer-mit-Licht-es-ist-ein.jpg","datePublished":"2025-03-31T02:39:18+00:00","dateModified":"2025-03-31T02:39:19+00:00","breadcrumb":{"@id":"https:\/\/www.strassenweb.de\/nachrichten\/reese-witherspoon-beschraenkt-ihr-buecherregal-auf-drei-farben-fuer-einen-zusammenhaengenden-stromlinienfoermigen-aufprall-es-ist-perfekt-fuer-ein-minimalistisches-wohnzimmer\/#breadcrumb"},"inLanguage":"de","potentialAction":[{"@type":"ReadAction","target":["https:\/\/www.strassenweb.de\/nachrichten\/reese-witherspoon-beschraenkt-ihr-buecherregal-auf-drei-farben-fuer-einen-zusammenhaengenden-stromlinienfoermigen-aufprall-es-ist-perfekt-fuer-ein-minimalistisches-wohnzimmer\/"]}]},{"@type":"ImageObject","inLanguage":"de","@id":"https:\/\/www.strassenweb.de\/nachrichten\/reese-witherspoon-beschraenkt-ihr-buecherregal-auf-drei-farben-fuer-einen-zusammenhaengenden-stromlinienfoermigen-aufprall-es-ist-perfekt-fuer-ein-minimalistisches-wohnzimmer\/#primaryimage","url":"https:\/\/www.strassenweb.de\/nachrichten\/wp-content\/uploads\/2025\/02\/Reese-Witherspoons-Glaswand-ueberflutet-ihr-Wohnzimmer-mit-Licht-es-ist-ein.jpg","contentUrl":"https:\/\/www.strassenweb.de\/nachrichten\/wp-content\/uploads\/2025\/02\/Reese-Witherspoons-Glaswand-ueberflutet-ihr-Wohnzimmer-mit-Licht-es-ist-ein.jpg","width":1200,"height":675,"caption":"Reese Witherspoons Glaswand \u00fcberflutet ihr Wohnzimmer mit Licht-es ist ein erh\u00f6hter Dreh im \"Broken-Plan\" -Layout-Trend 2025"},{"@type":"BreadcrumbList","@id":"https:\/\/www.strassenweb.de\/nachrichten\/reese-witherspoon-beschraenkt-ihr-buecherregal-auf-drei-farben-fuer-einen-zusammenhaengenden-stromlinienfoermigen-aufprall-es-ist-perfekt-fuer-ein-minimalistisches-wohnzimmer\/#breadcrumb","itemListElement":[{"@type":"ListItem","position":1,"name":"Home","item":"https:\/\/www.strassenweb.de\/nachrichten\/"},{"@type":"ListItem","position":2,"name":"Reese Witherspoon beschr\u00e4nkt ihr B\u00fccherregal auf drei Farben f\u00fcr einen zusammenh\u00e4ngenden, stromlinienf\u00f6rmigen Aufprall &#8211; es ist perfekt f\u00fcr ein minimalistisches Wohnzimmer"}]},{"@type":"WebSite","@id":"https:\/\/www.strassenweb.de\/nachrichten\/#website","url":"https:\/\/www.strassenweb.de\/nachrichten\/","name":"Stra\u00dfenweb","description":"Stra\u00dfenverzeichnis f\u00fcr Deutschland","publisher":{"@id":"https:\/\/www.strassenweb.de\/nachrichten\/#organization"},"potentialAction":[{"@type":"SearchAction","target":{"@type":"EntryPoint","urlTemplate":"https:\/\/www.strassenweb.de\/nachrichten\/?s={search_term_string}"},"query-input":{"@type":"PropertyValueSpecification","valueRequired":true,"valueName":"search_term_string"}}],"inLanguage":"de"},{"@type":"Organization","@id":"https:\/\/www.strassenweb.de\/nachrichten\/#organization","name":"Stra\u00dfenweb","url":"https:\/\/www.strassenweb.de\/nachrichten\/","logo":{"@type":"ImageObject","inLanguage":"de","@id":"https:\/\/www.strassenweb.de\/nachrichten\/#\/schema\/logo\/image\/","url":"https:\/\/www.strassenweb.de\/nachrichten\/wp-content\/uploads\/2024\/09\/cropped-favicon.png","contentUrl":"https:\/\/www.strassenweb.de\/nachrichten\/wp-content\/uploads\/2024\/09\/cropped-favicon.png","width":512,"height":512,"caption":"Stra\u00dfenweb"},"image":{"@id":"https:\/\/www.strassenweb.de\/nachrichten\/#\/schema\/logo\/image\/"},"sameAs":["https:\/\/www.facebook.com\/strassenweb\/"]},{"@type":"Person","@id":"https:\/\/www.strassenweb.de\/nachrichten\/#\/schema\/person\/87c9c9067f1211da429a744dc5a5aa41","name":"Robert Hoffmann","image":{"@type":"ImageObject","inLanguage":"de","@id":"https:\/\/www.strassenweb.de\/nachrichten\/wp-content\/uploads\/2024\/09\/strassenweb-150x150.jpg","url":"https:\/\/www.strassenweb.de\/nachrichten\/wp-content\/uploads\/2024\/09\/strassenweb-150x150.jpg","contentUrl":"https:\/\/www.strassenweb.de\/nachrichten\/wp-content\/uploads\/2024\/09\/strassenweb-150x150.jpg","caption":"Robert Hoffmann"},"description":"Ich hei\u00dfe Robert Hoffmann und ich bin ein leidenschaftlicher Verfechter von \u00d6kologie und Biodiversit\u00e4t. Seit meiner Kindheit in den W\u00e4ldern Bayerns f\u00fchle ich mich mit der Natur verbunden und bin entschlossen, sie zu sch\u00fctzen. Heute widme ich mein Leben der Sensibilisierung anderer f\u00fcr die Bedeutung des Umweltschutzes f\u00fcr zuk\u00fcnftige Generationen.","sameAs":["https:\/\/www.strassenweb.de\/"]}]}},"_links":{"self":[{"href":"https:\/\/www.strassenweb.de\/nachrichten\/wp-json\/wp\/v2\/posts\/4187","targetHints":{"allow":["GET"]}}],"collection":[{"href":"https:\/\/www.strassenweb.de\/nachrichten\/wp-json\/wp\/v2\/posts"}],"about":[{"href":"https:\/\/www.strassenweb.de\/nachrichten\/wp-json\/wp\/v2\/types\/post"}],"author":[{"embeddable":true,"href":"https:\/\/www.strassenweb.de\/nachrichten\/wp-json\/wp\/v2\/users\/1"}],"replies":[{"embeddable":true,"href":"https:\/\/www.strassenweb.de\/nachrichten\/wp-json\/wp\/v2\/comments?post=4187"}],"version-history":[{"count":0,"href":"https:\/\/www.strassenweb.de\/nachrichten\/wp-json\/wp\/v2\/posts\/4187\/revisions"}],"wp:featuredmedia":[{"embeddable":true,"href":"https:\/\/www.strassenweb.de\/nachrichten\/wp-json\/wp\/v2\/media\/3196"}],"wp:attachment":[{"href":"https:\/\/www.strassenweb.de\/nachrichten\/wp-json\/wp\/v2\/media?parent=4187"}],"wp:term":[{"taxonomy":"category","embeddable":true,"href":"https:\/\/www.strassenweb.de\/nachrichten\/wp-json\/wp\/v2\/categories?post=4187"},{"taxonomy":"post_tag","embeddable":true,"href":"https:\/\/www.strassenweb.de\/nachrichten\/wp-json\/wp\/v2\/tags?post=4187"}],"curies":[{"name":"wp","href":"https:\/\/api.w.org\/{rel}","templated":true}]}}