{"id":4181,"date":"2025-03-30T21:05:22","date_gmt":"2025-03-30T19:05:22","guid":{"rendered":"https:\/\/www.strassenweb.de\/nachrichten\/martha-stewarts-multifunktionaler-keller-beweist-dass-dieser-raum-kein-nachtraeglicher-gedanke-sein-sollte-es-ist-einer-der-wichtigsten-raeume-in-ihrem-haus\/"},"modified":"2025-03-30T21:05:22","modified_gmt":"2025-03-30T19:05:22","slug":"martha-stewarts-multifunktionaler-keller-beweist-dass-dieser-raum-kein-nachtraeglicher-gedanke-sein-sollte-es-ist-einer-der-wichtigsten-raeume-in-ihrem-haus","status":"publish","type":"post","link":"https:\/\/www.strassenweb.de\/nachrichten\/martha-stewarts-multifunktionaler-keller-beweist-dass-dieser-raum-kein-nachtraeglicher-gedanke-sein-sollte-es-ist-einer-der-wichtigsten-raeume-in-ihrem-haus\/","title":{"rendered":"Martha Stewarts multifunktionaler Keller beweist, dass dieser Raum kein nachtr\u00e4glicher Gedanke sein sollte-es ist einer der wichtigsten R\u00e4ume in ihrem Haus"},"content":{"rendered":"<p><\/p>\n<div id=\"article-body\" class=\"article__body \">\n<p>Wenn Sie an einen Keller denken, stellen Sie sich wahrscheinlich einen dunklen, unorganisierten Raum vor, der einer Garage \u00e4hnelt. So f\u00fchlte ich mich auch, bis ich auf Martha Stewarts Bedford Farmhouse stie\u00df.<\/p>\n<div id=\"ad-unit-1\" class=\"ad-unit\"><\/div>\n<p>Das 1925 gebaute legend\u00e4re Eigentum hatte alle Herstellungen f\u00fcr einen gruseligen Keller. Vor mehr als einem Vierteljahrhundert hat Martha jedoch das Fundament des urspr\u00fcnglichen Hauses ausgegraben, einschlie\u00dflich des kleinen, unm\u00f6blierten Kellers, wie sie es kannte.<\/p>\n<aside class=\"hawk-base\" data-block-type=\"embed\" data-render-type=\"fte\" data-skip=\"dealsy\" data-widget-type=\"seasonal\">\n<div class=\"hawk-master-widget-hawk-base-wrapper\"><\/div>\n<\/aside>\n<p>Nach der Renovierung verbesserte sie den Raum in eine 2.600 Quadratmeter gro\u00dfe Zone, die einen W\u00e4schebereich, einen Bastelraum und vor allem eine farbenfrohe Verpackungsstation umfasst. Das Ergebnis, das auf einer Seite geteilt wird, die die Archiva Martha Stewart Shots wiederbelebt, ver\u00e4nderte die Kellerideen dauerhaft, wie ich sie kenne.<\/p>\n<div id=\"desktop-in-article\" class=\"in-article ad-unit\">\n<div id=\"desktop-taboola-mid-article\"><\/div>\n<\/div>\n<div id=\"mobile-in-article\" class=\"in-article ad-unit\">\n<div id=\"mobile-taboola-mid-article\"><\/div>\n<\/div>\n<div class=\"instagram-embed\">\n<blockquote class=\"instagram-media\" data-instgrm-captioned data-instgrm-version=\"6\" style=\"width:99.375%; width:-webkit-calc(100% - 2px); width:calc(100% - 2px);\">\n<p>Ein Beitrag, der von Martha Momente (@Martha_Moments) geteilt wird<\/p>\n<p>Ein Foto von on <\/p>\n<\/blockquote>\n<\/div>\n<h2 id=\"shop-the-look-3\">Kaufen Sie den Look ein<\/h2>\n<div class=\"product-container hero-product-container product-block-no-wrap\"><\/div>\n<p>Marthas Keller wird auf eine Weise kuratiert, die einem Heimb\u00fcro oder einem Bastelraum \u00e4hnelt. Die farbenfrohen B\u00e4nder stellen die wei\u00dfen W\u00e4nde und grauen M\u00f6bel gegen\u00fcber, wodurch sie einladend anf\u00fchlt. Ich w\u00fcrde mich nicht davon abeilen wollen, und das ist das erste Mal, dass ich mich so \u00fcber einen Keller gef\u00fchlt habe.<\/p>\n<div class=\"van_vid_carousel\">\n<div class=\"van_vid_carousel__padding\">\n<div class=\"van_vid_carousel__container\"><\/div>\n<\/div>\n<\/div>\n<p>Ich bin jedoch nicht allein in meinen neu entdeckten Beobachtungen. Jodi Peterman, ein in Florida ans\u00e4ssiger Designer und Gr\u00fcnder von Elizabeth Erin Designs, betont, dass sich dieser Raum nicht wie ein &#8222;nachtr\u00e4glicher Gedanke&#8220; anf\u00fchlen muss.<\/p>\n<div id=\"ad-unit-2\" class=\"ad-unit\"><\/div>\n<p>\u201eWenn sie absichtlich entworfen werden, k\u00f6nnen sie zu den gem\u00fctlichsten und lebensf\u00e4higsten R\u00e4umen in der Wohnung werden. Ich sage immer: \u201eNur weil ein Raum unter dem Boden ist, hei\u00dft das nicht, dass das Design sein sollte\u201c, sagt sie. Wenn Jodi Marthas Beispiel folgt, erkl\u00e4rt er, dass die Mastering -Beleuchtung der Schl\u00fcssel ist.<\/p>\n<p>&#8218;Beleuchtung ist die offensichtliche Herausforderung, aber auch die gr\u00f6\u00dfte Chance. Ich schichten Sie die Beleuchtung, als w\u00fcrde ich einen Kuchen einfragen: Deckenleuchten f\u00fcr Funktionen, Wandleuchten f\u00fcr W\u00e4rme und Boden- oder Tischlampen, um diesen einladenden Gl\u00fchen zu verleihen. Ein Trick, den ich liebe, ist, spiegelte oder hochgl\u00e4nzende Oberfl\u00e4chen sparsam-wie auf M\u00f6belbeinen, Frames oder Tabletts-, weil sie helfen, Licht herumzuspringen, selbst wenn es k\u00fcnstlich ist. &#8218;<\/p>\n<div id=\"slice-container-newsletterForm-articleInbodyContent-o89Vz7s7kJtbbTCcDTDn5o\" class=\"slice-container newsletter-inbodyContent-slice newsletterForm-articleInbodyContent-o89Vz7s7kJtbbTCcDTDn5o slice-container-newsletterForm\"><\/div>\n<p>Die Farbe spielt zwangsl\u00e4ufig auch eine wirkungsvolle Rolle, aber nat\u00fcrlich hat Martha dies auch beherrscht. \u201eJeder rennt direkt zu hellem Wei\u00df, aber das kann nach hinten losgehen und den Raum steril oder kalt anf\u00fchlen. Ich neige dazu, cremige, weiche Neutrale wie Benjamin Moores Schweizer Kaffee oder sogar einen subtilen Err\u00f6ten oder Tonton zu verwenden, um stattdessen die W\u00e4rme widerzuspiegeln. Malen Sie die Decke eine leicht leichtere Version der W\u00e4nde, sie h\u00e4lt das Raumgef\u00fchl eher an als einbackt &#8222;, sagt Jodi.<\/p>\n<p>&#8222;Mit der richtigen Beleuchtung, Farbgeschichte und taktilen Materialien k\u00f6nnen Keller wie eine Erweiterung des Haupthauss anf\u00fchlen &#8211; nicht als Dungeon, f\u00fcr das Sie sich entschuldigen, wenn G\u00e4ste vorbeikommen.&#8220;<\/p>\n<hr>\n<\/div>\n<p><script async src=\"\/\/www.instagram.com\/embed.js\"><\/script><\/p>\n","protected":false},"excerpt":{"rendered":"<p>Wenn Sie an einen Keller denken, stellen Sie sich wahrscheinlich einen dunklen, unorganisierten Raum vor, der einer Garage \u00e4hnelt. So f\u00fchlte ich mich auch, bis<\/p>\n","protected":false},"author":1,"featured_media":4182,"comment_status":"closed","ping_status":"","sticky":false,"template":"","format":"standard","meta":{"footnotes":""},"categories":[118],"tags":[2037,51,81,1554,303,6313,125,534,15,2046,2979,2894,6311,6312,182,1728,306,6314,2895,1583],"class_list":["post-4181","post","type-post","status-publish","format-standard","has-post-thumbnail","hentry","category-haus-garten","tag-beweist","tag-dass","tag-der","tag-dieser","tag-einer","tag-gedanke","tag-haus","tag-ihrem","tag-ist","tag-kein","tag-keller","tag-martha","tag-multifunktionaler","tag-nachtraeglicher","tag-raum","tag-raeume","tag-sein","tag-solltees","tag-stewarts","tag-wichtigsten","generate-columns","tablet-grid-50","mobile-grid-100","grid-parent","grid-50"],"yoast_head":"<!-- This site is optimized with the Yoast SEO plugin v27.3 - https:\/\/yoast.com\/product\/yoast-seo-wordpress\/ -->\n<title>Martha Stewarts multifunktionaler Keller beweist, dass dieser Raum kein nachtr\u00e4glicher Gedanke sein sollte-es ist einer der wichtigsten R\u00e4ume in ihrem Haus - Nachrichten - Stra\u00dfenweb<\/title>\n<meta name=\"robots\" content=\"index, follow, max-snippet:-1, max-image-preview:large, max-video-preview:-1\" \/>\n<link rel=\"canonical\" href=\"https:\/\/www.strassenweb.de\/nachrichten\/martha-stewarts-multifunktionaler-keller-beweist-dass-dieser-raum-kein-nachtraeglicher-gedanke-sein-sollte-es-ist-einer-der-wichtigsten-raeume-in-ihrem-haus\/\" \/>\n<meta property=\"og:locale\" content=\"de_DE\" \/>\n<meta property=\"og:type\" content=\"article\" \/>\n<meta property=\"og:title\" content=\"Martha Stewarts multifunktionaler Keller beweist, dass dieser Raum kein nachtr\u00e4glicher Gedanke sein sollte-es ist einer der wichtigsten R\u00e4ume in ihrem Haus - Nachrichten - Stra\u00dfenweb\" \/>\n<meta property=\"og:description\" content=\"Wenn Sie an einen Keller denken, stellen Sie sich wahrscheinlich einen dunklen, unorganisierten Raum vor, der einer Garage \u00e4hnelt. So f\u00fchlte ich mich auch, bis\" \/>\n<meta property=\"og:url\" content=\"https:\/\/www.strassenweb.de\/nachrichten\/martha-stewarts-multifunktionaler-keller-beweist-dass-dieser-raum-kein-nachtraeglicher-gedanke-sein-sollte-es-ist-einer-der-wichtigsten-raeume-in-ihrem-haus\/\" \/>\n<meta property=\"og:site_name\" content=\"Stra\u00dfenweb\" \/>\n<meta property=\"article:publisher\" content=\"https:\/\/www.facebook.com\/strassenweb\/\" \/>\n<meta property=\"article:published_time\" content=\"2025-03-30T19:05:22+00:00\" \/>\n<meta property=\"og:image\" content=\"https:\/\/www.strassenweb.de\/nachrichten\/wp-content\/uploads\/2025\/03\/Martha-Stewarts-multifunktionaler-Keller-beweist-dass-dieser-Raum-kein-nachtraeglicher.jpg\" \/>\n\t<meta property=\"og:image:width\" content=\"1200\" \/>\n\t<meta property=\"og:image:height\" content=\"750\" \/>\n\t<meta property=\"og:image:type\" content=\"image\/jpeg\" \/>\n<meta name=\"author\" content=\"Robert Hoffmann\" \/>\n<meta name=\"twitter:card\" content=\"summary_large_image\" \/>\n<meta name=\"twitter:label1\" content=\"Verfasst von\" \/>\n\t<meta name=\"twitter:data1\" content=\"Robert Hoffmann\" \/>\n\t<meta name=\"twitter:label2\" content=\"Gesch\u00e4tzte Lesezeit\" \/>\n\t<meta name=\"twitter:data2\" content=\"2\u00a0Minuten\" \/>\n<script type=\"application\/ld+json\" class=\"yoast-schema-graph\">{\"@context\":\"https:\\\/\\\/schema.org\",\"@graph\":[{\"@type\":\"Article\",\"@id\":\"https:\\\/\\\/www.strassenweb.de\\\/nachrichten\\\/martha-stewarts-multifunktionaler-keller-beweist-dass-dieser-raum-kein-nachtraeglicher-gedanke-sein-sollte-es-ist-einer-der-wichtigsten-raeume-in-ihrem-haus\\\/#article\",\"isPartOf\":{\"@id\":\"https:\\\/\\\/www.strassenweb.de\\\/nachrichten\\\/martha-stewarts-multifunktionaler-keller-beweist-dass-dieser-raum-kein-nachtraeglicher-gedanke-sein-sollte-es-ist-einer-der-wichtigsten-raeume-in-ihrem-haus\\\/\"},\"author\":{\"name\":\"Robert Hoffmann\",\"@id\":\"https:\\\/\\\/www.strassenweb.de\\\/nachrichten\\\/#\\\/schema\\\/person\\\/87c9c9067f1211da429a744dc5a5aa41\"},\"headline\":\"Martha Stewarts multifunktionaler Keller beweist, dass dieser Raum kein nachtr\u00e4glicher Gedanke sein sollte-es ist einer der wichtigsten R\u00e4ume in ihrem Haus\",\"datePublished\":\"2025-03-30T19:05:22+00:00\",\"mainEntityOfPage\":{\"@id\":\"https:\\\/\\\/www.strassenweb.de\\\/nachrichten\\\/martha-stewarts-multifunktionaler-keller-beweist-dass-dieser-raum-kein-nachtraeglicher-gedanke-sein-sollte-es-ist-einer-der-wichtigsten-raeume-in-ihrem-haus\\\/\"},\"wordCount\":514,\"publisher\":{\"@id\":\"https:\\\/\\\/www.strassenweb.de\\\/nachrichten\\\/#organization\"},\"image\":{\"@id\":\"https:\\\/\\\/www.strassenweb.de\\\/nachrichten\\\/martha-stewarts-multifunktionaler-keller-beweist-dass-dieser-raum-kein-nachtraeglicher-gedanke-sein-sollte-es-ist-einer-der-wichtigsten-raeume-in-ihrem-haus\\\/#primaryimage\"},\"thumbnailUrl\":\"https:\\\/\\\/www.strassenweb.de\\\/nachrichten\\\/wp-content\\\/uploads\\\/2025\\\/03\\\/Martha-Stewarts-multifunktionaler-Keller-beweist-dass-dieser-Raum-kein-nachtraeglicher.jpg\",\"keywords\":[\"beweist\",\"dass\",\"der\",\"dieser\",\"einer\",\"Gedanke\",\"Haus\",\"ihrem\",\"ist\",\"kein\",\"Keller\",\"Martha\",\"multifunktionaler\",\"nachtr\u00e4glicher\",\"Raum\",\"R\u00e4ume\",\"sein\",\"solltees\",\"Stewarts\",\"wichtigsten\"],\"articleSection\":[\"Haus &amp; Garten\"],\"inLanguage\":\"de\"},{\"@type\":\"WebPage\",\"@id\":\"https:\\\/\\\/www.strassenweb.de\\\/nachrichten\\\/martha-stewarts-multifunktionaler-keller-beweist-dass-dieser-raum-kein-nachtraeglicher-gedanke-sein-sollte-es-ist-einer-der-wichtigsten-raeume-in-ihrem-haus\\\/\",\"url\":\"https:\\\/\\\/www.strassenweb.de\\\/nachrichten\\\/martha-stewarts-multifunktionaler-keller-beweist-dass-dieser-raum-kein-nachtraeglicher-gedanke-sein-sollte-es-ist-einer-der-wichtigsten-raeume-in-ihrem-haus\\\/\",\"name\":\"Martha Stewarts multifunktionaler Keller beweist, dass dieser Raum kein nachtr\u00e4glicher Gedanke sein sollte-es ist einer der wichtigsten R\u00e4ume in ihrem Haus - Nachrichten - Stra\u00dfenweb\",\"isPartOf\":{\"@id\":\"https:\\\/\\\/www.strassenweb.de\\\/nachrichten\\\/#website\"},\"primaryImageOfPage\":{\"@id\":\"https:\\\/\\\/www.strassenweb.de\\\/nachrichten\\\/martha-stewarts-multifunktionaler-keller-beweist-dass-dieser-raum-kein-nachtraeglicher-gedanke-sein-sollte-es-ist-einer-der-wichtigsten-raeume-in-ihrem-haus\\\/#primaryimage\"},\"image\":{\"@id\":\"https:\\\/\\\/www.strassenweb.de\\\/nachrichten\\\/martha-stewarts-multifunktionaler-keller-beweist-dass-dieser-raum-kein-nachtraeglicher-gedanke-sein-sollte-es-ist-einer-der-wichtigsten-raeume-in-ihrem-haus\\\/#primaryimage\"},\"thumbnailUrl\":\"https:\\\/\\\/www.strassenweb.de\\\/nachrichten\\\/wp-content\\\/uploads\\\/2025\\\/03\\\/Martha-Stewarts-multifunktionaler-Keller-beweist-dass-dieser-Raum-kein-nachtraeglicher.jpg\",\"datePublished\":\"2025-03-30T19:05:22+00:00\",\"breadcrumb\":{\"@id\":\"https:\\\/\\\/www.strassenweb.de\\\/nachrichten\\\/martha-stewarts-multifunktionaler-keller-beweist-dass-dieser-raum-kein-nachtraeglicher-gedanke-sein-sollte-es-ist-einer-der-wichtigsten-raeume-in-ihrem-haus\\\/#breadcrumb\"},\"inLanguage\":\"de\",\"potentialAction\":[{\"@type\":\"ReadAction\",\"target\":[\"https:\\\/\\\/www.strassenweb.de\\\/nachrichten\\\/martha-stewarts-multifunktionaler-keller-beweist-dass-dieser-raum-kein-nachtraeglicher-gedanke-sein-sollte-es-ist-einer-der-wichtigsten-raeume-in-ihrem-haus\\\/\"]}]},{\"@type\":\"ImageObject\",\"inLanguage\":\"de\",\"@id\":\"https:\\\/\\\/www.strassenweb.de\\\/nachrichten\\\/martha-stewarts-multifunktionaler-keller-beweist-dass-dieser-raum-kein-nachtraeglicher-gedanke-sein-sollte-es-ist-einer-der-wichtigsten-raeume-in-ihrem-haus\\\/#primaryimage\",\"url\":\"https:\\\/\\\/www.strassenweb.de\\\/nachrichten\\\/wp-content\\\/uploads\\\/2025\\\/03\\\/Martha-Stewarts-multifunktionaler-Keller-beweist-dass-dieser-Raum-kein-nachtraeglicher.jpg\",\"contentUrl\":\"https:\\\/\\\/www.strassenweb.de\\\/nachrichten\\\/wp-content\\\/uploads\\\/2025\\\/03\\\/Martha-Stewarts-multifunktionaler-Keller-beweist-dass-dieser-Raum-kein-nachtraeglicher.jpg\",\"width\":1200,\"height\":750,\"caption\":\"Martha Stewarts multifunktionaler Keller beweist, dass dieser Raum kein nachtr\u00e4glicher Gedanke sein sollte-es ist einer der wichtigsten R\u00e4ume in ihrem Haus\"},{\"@type\":\"BreadcrumbList\",\"@id\":\"https:\\\/\\\/www.strassenweb.de\\\/nachrichten\\\/martha-stewarts-multifunktionaler-keller-beweist-dass-dieser-raum-kein-nachtraeglicher-gedanke-sein-sollte-es-ist-einer-der-wichtigsten-raeume-in-ihrem-haus\\\/#breadcrumb\",\"itemListElement\":[{\"@type\":\"ListItem\",\"position\":1,\"name\":\"Home\",\"item\":\"https:\\\/\\\/www.strassenweb.de\\\/nachrichten\\\/\"},{\"@type\":\"ListItem\",\"position\":2,\"name\":\"Martha Stewarts multifunktionaler Keller beweist, dass dieser Raum kein nachtr\u00e4glicher Gedanke sein sollte-es ist einer der wichtigsten R\u00e4ume in ihrem Haus\"}]},{\"@type\":\"WebSite\",\"@id\":\"https:\\\/\\\/www.strassenweb.de\\\/nachrichten\\\/#website\",\"url\":\"https:\\\/\\\/www.strassenweb.de\\\/nachrichten\\\/\",\"name\":\"Stra\u00dfenweb\",\"description\":\"Stra\u00dfenverzeichnis f\u00fcr Deutschland\",\"publisher\":{\"@id\":\"https:\\\/\\\/www.strassenweb.de\\\/nachrichten\\\/#organization\"},\"potentialAction\":[{\"@type\":\"SearchAction\",\"target\":{\"@type\":\"EntryPoint\",\"urlTemplate\":\"https:\\\/\\\/www.strassenweb.de\\\/nachrichten\\\/?s={search_term_string}\"},\"query-input\":{\"@type\":\"PropertyValueSpecification\",\"valueRequired\":true,\"valueName\":\"search_term_string\"}}],\"inLanguage\":\"de\"},{\"@type\":\"Organization\",\"@id\":\"https:\\\/\\\/www.strassenweb.de\\\/nachrichten\\\/#organization\",\"name\":\"Stra\u00dfenweb\",\"url\":\"https:\\\/\\\/www.strassenweb.de\\\/nachrichten\\\/\",\"logo\":{\"@type\":\"ImageObject\",\"inLanguage\":\"de\",\"@id\":\"https:\\\/\\\/www.strassenweb.de\\\/nachrichten\\\/#\\\/schema\\\/logo\\\/image\\\/\",\"url\":\"https:\\\/\\\/www.strassenweb.de\\\/nachrichten\\\/wp-content\\\/uploads\\\/2024\\\/09\\\/cropped-favicon.png\",\"contentUrl\":\"https:\\\/\\\/www.strassenweb.de\\\/nachrichten\\\/wp-content\\\/uploads\\\/2024\\\/09\\\/cropped-favicon.png\",\"width\":512,\"height\":512,\"caption\":\"Stra\u00dfenweb\"},\"image\":{\"@id\":\"https:\\\/\\\/www.strassenweb.de\\\/nachrichten\\\/#\\\/schema\\\/logo\\\/image\\\/\"},\"sameAs\":[\"https:\\\/\\\/www.facebook.com\\\/strassenweb\\\/\"]},{\"@type\":\"Person\",\"@id\":\"https:\\\/\\\/www.strassenweb.de\\\/nachrichten\\\/#\\\/schema\\\/person\\\/87c9c9067f1211da429a744dc5a5aa41\",\"name\":\"Robert Hoffmann\",\"image\":{\"@type\":\"ImageObject\",\"inLanguage\":\"de\",\"@id\":\"https:\\\/\\\/www.strassenweb.de\\\/nachrichten\\\/wp-content\\\/uploads\\\/2024\\\/09\\\/strassenweb-150x150.jpg\",\"url\":\"https:\\\/\\\/www.strassenweb.de\\\/nachrichten\\\/wp-content\\\/uploads\\\/2024\\\/09\\\/strassenweb-150x150.jpg\",\"contentUrl\":\"https:\\\/\\\/www.strassenweb.de\\\/nachrichten\\\/wp-content\\\/uploads\\\/2024\\\/09\\\/strassenweb-150x150.jpg\",\"caption\":\"Robert Hoffmann\"},\"description\":\"Ich hei\u00dfe Robert Hoffmann und ich bin ein leidenschaftlicher Verfechter von \u00d6kologie und Biodiversit\u00e4t. Seit meiner Kindheit in den W\u00e4ldern Bayerns f\u00fchle ich mich mit der Natur verbunden und bin entschlossen, sie zu sch\u00fctzen. Heute widme ich mein Leben der Sensibilisierung anderer f\u00fcr die Bedeutung des Umweltschutzes f\u00fcr zuk\u00fcnftige Generationen.\",\"sameAs\":[\"https:\\\/\\\/www.strassenweb.de\\\/\"]}]}<\/script>\n<!-- \/ Yoast SEO plugin. -->","yoast_head_json":{"title":"Martha Stewarts multifunktionaler Keller beweist, dass dieser Raum kein nachtr\u00e4glicher Gedanke sein sollte-es ist einer der wichtigsten R\u00e4ume in ihrem Haus - Nachrichten - Stra\u00dfenweb","robots":{"index":"index","follow":"follow","max-snippet":"max-snippet:-1","max-image-preview":"max-image-preview:large","max-video-preview":"max-video-preview:-1"},"canonical":"https:\/\/www.strassenweb.de\/nachrichten\/martha-stewarts-multifunktionaler-keller-beweist-dass-dieser-raum-kein-nachtraeglicher-gedanke-sein-sollte-es-ist-einer-der-wichtigsten-raeume-in-ihrem-haus\/","og_locale":"de_DE","og_type":"article","og_title":"Martha Stewarts multifunktionaler Keller beweist, dass dieser Raum kein nachtr\u00e4glicher Gedanke sein sollte-es ist einer der wichtigsten R\u00e4ume in ihrem Haus - Nachrichten - Stra\u00dfenweb","og_description":"Wenn Sie an einen Keller denken, stellen Sie sich wahrscheinlich einen dunklen, unorganisierten Raum vor, der einer Garage \u00e4hnelt. So f\u00fchlte ich mich auch, bis","og_url":"https:\/\/www.strassenweb.de\/nachrichten\/martha-stewarts-multifunktionaler-keller-beweist-dass-dieser-raum-kein-nachtraeglicher-gedanke-sein-sollte-es-ist-einer-der-wichtigsten-raeume-in-ihrem-haus\/","og_site_name":"Stra\u00dfenweb","article_publisher":"https:\/\/www.facebook.com\/strassenweb\/","article_published_time":"2025-03-30T19:05:22+00:00","og_image":[{"width":1200,"height":750,"url":"https:\/\/www.strassenweb.de\/nachrichten\/wp-content\/uploads\/2025\/03\/Martha-Stewarts-multifunktionaler-Keller-beweist-dass-dieser-Raum-kein-nachtraeglicher.jpg","type":"image\/jpeg"}],"author":"Robert Hoffmann","twitter_card":"summary_large_image","twitter_misc":{"Verfasst von":"Robert Hoffmann","Gesch\u00e4tzte Lesezeit":"2\u00a0Minuten"},"schema":{"@context":"https:\/\/schema.org","@graph":[{"@type":"Article","@id":"https:\/\/www.strassenweb.de\/nachrichten\/martha-stewarts-multifunktionaler-keller-beweist-dass-dieser-raum-kein-nachtraeglicher-gedanke-sein-sollte-es-ist-einer-der-wichtigsten-raeume-in-ihrem-haus\/#article","isPartOf":{"@id":"https:\/\/www.strassenweb.de\/nachrichten\/martha-stewarts-multifunktionaler-keller-beweist-dass-dieser-raum-kein-nachtraeglicher-gedanke-sein-sollte-es-ist-einer-der-wichtigsten-raeume-in-ihrem-haus\/"},"author":{"name":"Robert Hoffmann","@id":"https:\/\/www.strassenweb.de\/nachrichten\/#\/schema\/person\/87c9c9067f1211da429a744dc5a5aa41"},"headline":"Martha Stewarts multifunktionaler Keller beweist, dass dieser Raum kein nachtr\u00e4glicher Gedanke sein sollte-es ist einer der wichtigsten R\u00e4ume in ihrem Haus","datePublished":"2025-03-30T19:05:22+00:00","mainEntityOfPage":{"@id":"https:\/\/www.strassenweb.de\/nachrichten\/martha-stewarts-multifunktionaler-keller-beweist-dass-dieser-raum-kein-nachtraeglicher-gedanke-sein-sollte-es-ist-einer-der-wichtigsten-raeume-in-ihrem-haus\/"},"wordCount":514,"publisher":{"@id":"https:\/\/www.strassenweb.de\/nachrichten\/#organization"},"image":{"@id":"https:\/\/www.strassenweb.de\/nachrichten\/martha-stewarts-multifunktionaler-keller-beweist-dass-dieser-raum-kein-nachtraeglicher-gedanke-sein-sollte-es-ist-einer-der-wichtigsten-raeume-in-ihrem-haus\/#primaryimage"},"thumbnailUrl":"https:\/\/www.strassenweb.de\/nachrichten\/wp-content\/uploads\/2025\/03\/Martha-Stewarts-multifunktionaler-Keller-beweist-dass-dieser-Raum-kein-nachtraeglicher.jpg","keywords":["beweist","dass","der","dieser","einer","Gedanke","Haus","ihrem","ist","kein","Keller","Martha","multifunktionaler","nachtr\u00e4glicher","Raum","R\u00e4ume","sein","solltees","Stewarts","wichtigsten"],"articleSection":["Haus &amp; Garten"],"inLanguage":"de"},{"@type":"WebPage","@id":"https:\/\/www.strassenweb.de\/nachrichten\/martha-stewarts-multifunktionaler-keller-beweist-dass-dieser-raum-kein-nachtraeglicher-gedanke-sein-sollte-es-ist-einer-der-wichtigsten-raeume-in-ihrem-haus\/","url":"https:\/\/www.strassenweb.de\/nachrichten\/martha-stewarts-multifunktionaler-keller-beweist-dass-dieser-raum-kein-nachtraeglicher-gedanke-sein-sollte-es-ist-einer-der-wichtigsten-raeume-in-ihrem-haus\/","name":"Martha Stewarts multifunktionaler Keller beweist, dass dieser Raum kein nachtr\u00e4glicher Gedanke sein sollte-es ist einer der wichtigsten R\u00e4ume in ihrem Haus - Nachrichten - Stra\u00dfenweb","isPartOf":{"@id":"https:\/\/www.strassenweb.de\/nachrichten\/#website"},"primaryImageOfPage":{"@id":"https:\/\/www.strassenweb.de\/nachrichten\/martha-stewarts-multifunktionaler-keller-beweist-dass-dieser-raum-kein-nachtraeglicher-gedanke-sein-sollte-es-ist-einer-der-wichtigsten-raeume-in-ihrem-haus\/#primaryimage"},"image":{"@id":"https:\/\/www.strassenweb.de\/nachrichten\/martha-stewarts-multifunktionaler-keller-beweist-dass-dieser-raum-kein-nachtraeglicher-gedanke-sein-sollte-es-ist-einer-der-wichtigsten-raeume-in-ihrem-haus\/#primaryimage"},"thumbnailUrl":"https:\/\/www.strassenweb.de\/nachrichten\/wp-content\/uploads\/2025\/03\/Martha-Stewarts-multifunktionaler-Keller-beweist-dass-dieser-Raum-kein-nachtraeglicher.jpg","datePublished":"2025-03-30T19:05:22+00:00","breadcrumb":{"@id":"https:\/\/www.strassenweb.de\/nachrichten\/martha-stewarts-multifunktionaler-keller-beweist-dass-dieser-raum-kein-nachtraeglicher-gedanke-sein-sollte-es-ist-einer-der-wichtigsten-raeume-in-ihrem-haus\/#breadcrumb"},"inLanguage":"de","potentialAction":[{"@type":"ReadAction","target":["https:\/\/www.strassenweb.de\/nachrichten\/martha-stewarts-multifunktionaler-keller-beweist-dass-dieser-raum-kein-nachtraeglicher-gedanke-sein-sollte-es-ist-einer-der-wichtigsten-raeume-in-ihrem-haus\/"]}]},{"@type":"ImageObject","inLanguage":"de","@id":"https:\/\/www.strassenweb.de\/nachrichten\/martha-stewarts-multifunktionaler-keller-beweist-dass-dieser-raum-kein-nachtraeglicher-gedanke-sein-sollte-es-ist-einer-der-wichtigsten-raeume-in-ihrem-haus\/#primaryimage","url":"https:\/\/www.strassenweb.de\/nachrichten\/wp-content\/uploads\/2025\/03\/Martha-Stewarts-multifunktionaler-Keller-beweist-dass-dieser-Raum-kein-nachtraeglicher.jpg","contentUrl":"https:\/\/www.strassenweb.de\/nachrichten\/wp-content\/uploads\/2025\/03\/Martha-Stewarts-multifunktionaler-Keller-beweist-dass-dieser-Raum-kein-nachtraeglicher.jpg","width":1200,"height":750,"caption":"Martha Stewarts multifunktionaler Keller beweist, dass dieser Raum kein nachtr\u00e4glicher Gedanke sein sollte-es ist einer der wichtigsten R\u00e4ume in ihrem Haus"},{"@type":"BreadcrumbList","@id":"https:\/\/www.strassenweb.de\/nachrichten\/martha-stewarts-multifunktionaler-keller-beweist-dass-dieser-raum-kein-nachtraeglicher-gedanke-sein-sollte-es-ist-einer-der-wichtigsten-raeume-in-ihrem-haus\/#breadcrumb","itemListElement":[{"@type":"ListItem","position":1,"name":"Home","item":"https:\/\/www.strassenweb.de\/nachrichten\/"},{"@type":"ListItem","position":2,"name":"Martha Stewarts multifunktionaler Keller beweist, dass dieser Raum kein nachtr\u00e4glicher Gedanke sein sollte-es ist einer der wichtigsten R\u00e4ume in ihrem Haus"}]},{"@type":"WebSite","@id":"https:\/\/www.strassenweb.de\/nachrichten\/#website","url":"https:\/\/www.strassenweb.de\/nachrichten\/","name":"Stra\u00dfenweb","description":"Stra\u00dfenverzeichnis f\u00fcr Deutschland","publisher":{"@id":"https:\/\/www.strassenweb.de\/nachrichten\/#organization"},"potentialAction":[{"@type":"SearchAction","target":{"@type":"EntryPoint","urlTemplate":"https:\/\/www.strassenweb.de\/nachrichten\/?s={search_term_string}"},"query-input":{"@type":"PropertyValueSpecification","valueRequired":true,"valueName":"search_term_string"}}],"inLanguage":"de"},{"@type":"Organization","@id":"https:\/\/www.strassenweb.de\/nachrichten\/#organization","name":"Stra\u00dfenweb","url":"https:\/\/www.strassenweb.de\/nachrichten\/","logo":{"@type":"ImageObject","inLanguage":"de","@id":"https:\/\/www.strassenweb.de\/nachrichten\/#\/schema\/logo\/image\/","url":"https:\/\/www.strassenweb.de\/nachrichten\/wp-content\/uploads\/2024\/09\/cropped-favicon.png","contentUrl":"https:\/\/www.strassenweb.de\/nachrichten\/wp-content\/uploads\/2024\/09\/cropped-favicon.png","width":512,"height":512,"caption":"Stra\u00dfenweb"},"image":{"@id":"https:\/\/www.strassenweb.de\/nachrichten\/#\/schema\/logo\/image\/"},"sameAs":["https:\/\/www.facebook.com\/strassenweb\/"]},{"@type":"Person","@id":"https:\/\/www.strassenweb.de\/nachrichten\/#\/schema\/person\/87c9c9067f1211da429a744dc5a5aa41","name":"Robert Hoffmann","image":{"@type":"ImageObject","inLanguage":"de","@id":"https:\/\/www.strassenweb.de\/nachrichten\/wp-content\/uploads\/2024\/09\/strassenweb-150x150.jpg","url":"https:\/\/www.strassenweb.de\/nachrichten\/wp-content\/uploads\/2024\/09\/strassenweb-150x150.jpg","contentUrl":"https:\/\/www.strassenweb.de\/nachrichten\/wp-content\/uploads\/2024\/09\/strassenweb-150x150.jpg","caption":"Robert Hoffmann"},"description":"Ich hei\u00dfe Robert Hoffmann und ich bin ein leidenschaftlicher Verfechter von \u00d6kologie und Biodiversit\u00e4t. Seit meiner Kindheit in den W\u00e4ldern Bayerns f\u00fchle ich mich mit der Natur verbunden und bin entschlossen, sie zu sch\u00fctzen. Heute widme ich mein Leben der Sensibilisierung anderer f\u00fcr die Bedeutung des Umweltschutzes f\u00fcr zuk\u00fcnftige Generationen.","sameAs":["https:\/\/www.strassenweb.de\/"]}]}},"_links":{"self":[{"href":"https:\/\/www.strassenweb.de\/nachrichten\/wp-json\/wp\/v2\/posts\/4181","targetHints":{"allow":["GET"]}}],"collection":[{"href":"https:\/\/www.strassenweb.de\/nachrichten\/wp-json\/wp\/v2\/posts"}],"about":[{"href":"https:\/\/www.strassenweb.de\/nachrichten\/wp-json\/wp\/v2\/types\/post"}],"author":[{"embeddable":true,"href":"https:\/\/www.strassenweb.de\/nachrichten\/wp-json\/wp\/v2\/users\/1"}],"replies":[{"embeddable":true,"href":"https:\/\/www.strassenweb.de\/nachrichten\/wp-json\/wp\/v2\/comments?post=4181"}],"version-history":[{"count":0,"href":"https:\/\/www.strassenweb.de\/nachrichten\/wp-json\/wp\/v2\/posts\/4181\/revisions"}],"wp:featuredmedia":[{"embeddable":true,"href":"https:\/\/www.strassenweb.de\/nachrichten\/wp-json\/wp\/v2\/media\/4182"}],"wp:attachment":[{"href":"https:\/\/www.strassenweb.de\/nachrichten\/wp-json\/wp\/v2\/media?parent=4181"}],"wp:term":[{"taxonomy":"category","embeddable":true,"href":"https:\/\/www.strassenweb.de\/nachrichten\/wp-json\/wp\/v2\/categories?post=4181"},{"taxonomy":"post_tag","embeddable":true,"href":"https:\/\/www.strassenweb.de\/nachrichten\/wp-json\/wp\/v2\/tags?post=4181"}],"curies":[{"name":"wp","href":"https:\/\/api.w.org\/{rel}","templated":true}]}}