{"id":4172,"date":"2025-03-30T08:40:09","date_gmt":"2025-03-30T06:40:09","guid":{"rendered":"https:\/\/www.strassenweb.de\/nachrichten\/5-kuechenstile-die-im-jahr-2025-aus-der-mode-gehen-laut-innenarchitekten-die-alles-gesehen-haben\/"},"modified":"2025-03-30T08:40:10","modified_gmt":"2025-03-30T06:40:10","slug":"5-kuechenstile-die-im-jahr-2025-aus-der-mode-gehen-laut-innenarchitekten-die-alles-gesehen-haben","status":"publish","type":"post","link":"https:\/\/www.strassenweb.de\/nachrichten\/5-kuechenstile-die-im-jahr-2025-aus-der-mode-gehen-laut-innenarchitekten-die-alles-gesehen-haben\/","title":{"rendered":"5 K\u00fcchenstile, die im Jahr 2025 aus der Mode gehen, laut Innenarchitekten, die alles gesehen haben"},"content":{"rendered":"<p><\/p>\n<div id=\"article-body\" class=\"article__body \">\n<p>Wir sprechen oft \u00fcber zeitlose Designs, aber es gibt ein paar K\u00fcchenstile, die 2025 aus dem Stil gehen, die Sie m\u00f6glicherweise vermeiden m\u00f6chten, wenn Sie nicht m\u00f6chten, dass Ihr Raum bisher. Von Schr\u00e4nken bis hin zu Materialien dauern einige Designs, die einen Moment im Rampenlicht haben.<\/p>\n<div id=\"ad-unit-1\" class=\"ad-unit\"><\/div>\n<p>Ihre K\u00fcchenideen sollten sich immer personalisiert und zeitlos anf\u00fchlen &#8211; auf diese Weise k\u00f6nnen Sie sicherstellen, dass sie immer in Stil sind und vor allem, dass Sie sie nie m\u00fcde. Wenn Sie derzeit eine Aktualisierung oder einen Umbau planen, gibt es einige Stile, die Sie \u00fcberspringen m\u00f6chten.<\/p>\n<aside class=\"hawk-base\" data-block-type=\"embed\" data-render-type=\"fte\" data-skip=\"dealsy\" data-widget-type=\"seasonal\">\n<div class=\"hawk-master-widget-hawk-base-wrapper\"><\/div>\n<\/aside>\n<p>Von m\u00fcden aussehenden Oberfl\u00e4chen bis hin zu K\u00fcchentrends, die einfach nicht festgefahren sind, sagen Designer, dass es im Jahr 2025 einige \u00c4sthetik gibt, und wir haben mit ein paar geschmackvollen Alternativen, die wir stattdessen versuchen, am h\u00e4ufigsten aufgelistet.<\/p>\n<div id=\"desktop-in-article\" class=\"in-article ad-unit\">\n<div id=\"desktop-taboola-mid-article\"><\/div>\n<\/div>\n<div id=\"mobile-in-article\" class=\"in-article ad-unit\">\n<div id=\"mobile-taboola-mid-article\"><\/div>\n<\/div>\n<h2 id=\"5-kitchen-styles-going-out-of-style-in-2025-3\">5 K\u00fcchenstile, die im Jahr 2025 aus der Mode geraten<\/h2>\n<p>Niemand will eine veraltete K\u00fcche au\u00dferhalb des Stils. Es ist ein Raum, in den Sie wirklich investieren m\u00fcssen. Daher ist es wichtig, die richtigen Entscheidungen zu treffen. Und laut Designern sind dies die \u00c4sthetik, die 2025 aus der Mode geraten &#8211; und sie zeigen keine Anzeichen f\u00fcr ein Comeback.<\/p>\n<div class=\"van_vid_carousel\">\n<div class=\"van_vid_carousel__padding\">\n<div class=\"van_vid_carousel__container\"><\/div>\n<\/div>\n<\/div>\n<h3 class=\"article-body__section\" id=\"section-1-perfectly-polished-kitchen-styles\"><span>1. perfekt polierte K\u00fcchenstile<\/span><\/h3>\n<figure class=\"van-image-figure inline-layout \" data-bordeaux-image-check>\n<div class=\"image-full-width-wrapper\">\n<div class=\"image-widthsetter\" style=\"max-width:2000px;\"><\/div>\n<\/div>\n<\/figure>\n<p>Im vergangenen Jahr ist die Idee einer gelebten K\u00fcche umso popul\u00e4rer geworden, und infolgedessen f\u00fchlen sich die vollkommen klaren, polierten Designs f\u00fcr 2025 und dar\u00fcber hinaus v\u00f6llig aus der Mode an.<\/p>\n<div id=\"ad-unit-2\" class=\"ad-unit\"><\/div>\n<p>\u201eIm Jahr 2025 werden wir uns von K\u00fcchen verabschieden, die st\u00e4ndig unrealistisch poliert und perfekt aussehen. Die K\u00fcche sollte das Herz des Hauses sein &#8211; ein Ort, an dem man sich versammelt, ein wenig unordentlich sein und den Geschmack und den Geruch einer besonderen Mahlzeit genie\u00dfen kann \u201c, sagt Innenarchitektin Kathy Kuo.<\/p>\n<p>\u201eIch empfehle Kunden und Kunden immer, sich f\u00fcr eine lobenswertere Ann\u00e4herung an die K\u00fcche zu beleben. Bringen Sie auf jeden Fall hochwertige Ger\u00e4te und sch\u00f6ne dekorative Akzente ein, aber haben Sie keine Angst, authentisch und entspannt zu sein. &#8218;<\/p>\n<h3 class=\"article-body__section\" id=\"section-2-uniform-cabinetry-styles-and-shiny-finishes\"><span>2. Uniformes Schr\u00e4nkestil und gl\u00e4nzende Oberfl\u00e4chen<\/span><\/h3>\n<figure class=\"van-image-figure inline-layout \" data-bordeaux-image-check>\n<div class=\"image-full-width-wrapper\">\n<div class=\"image-widthsetter\" style=\"max-width:2000px;\"><\/div>\n<\/div>\n<\/figure>\n<p>Wenn Sie dieses Jahr mit den Trends Schritt gehalten haben, wissen Sie, dass die oberen Schr\u00e4nke in den Hintergrund treten. Sie k\u00f6nnen ein sperriges, geschlossenes Gef\u00fchl in K\u00fcchen schaffen, insbesondere in kleineren Schemata.<\/p>\n<p>&#8218;Hausbesitzer entscheiden sich von einheitlichen Schr\u00e4nken und entscheiden sich f\u00fcr eine Mischung aus offener Regale und geschlossener Aufbewahrung, um Funktion und Stil auszugleichen. Ultra-moderne, hochgl\u00e4nzende Oberfl\u00e4chen verleihen w\u00e4rmeren, strukturierten Materialien, die Tiefe und Charakter verleihen \u201c, sagt Innenarchitektin Marie Flanigan.<\/p>\n<p>&#8218;Eine nachdenkliche Mischung aus geschlossenen Schr\u00e4nken, offenen Regalen und M\u00f6belst\u00fccken verleiht Tiefe und ein gesammeltes Gef\u00fchl. Nat\u00fcrliche Materialien-geschliffener Stein, nicht laltiger Messing und handglasierte Fliesen-bringen W\u00e4rme und Textur und schaffen einen Raum, der sich einladend, funktional und zeitlos anf\u00fchlt. &#8218;<\/p>\n<h3 class=\"article-body__section\" id=\"section-3-orange-toned-wood-kitchens\"><span>3. orangefarbene Holzk\u00fcchen<\/span><\/h3>\n<figure class=\"van-image-figure inline-layout \" data-bordeaux-image-check>\n<div class=\"image-full-width-wrapper\">\n<div class=\"image-widthsetter\" style=\"max-width:2000px;\"><\/div>\n<\/div>\n<\/figure>\n<p>W\u00e4hrend Holzk\u00fcchen tendieren-und weiterhin beweisen, dass sie eines der zeitlossten Materialien f\u00fcr Ihr Schema sind-sind nicht alle Holzt\u00f6ne f\u00fcr 2025 im Stil. Schemata, die mit extrem warmem, orangefarbenem Holz gef\u00fcllt sind, sind immer noch sehr aus dem Stil und lassen Ihre K\u00fcche veraltet.<\/p>\n<p>&#8218;Stark lackierter Kiefern oder \u00fcberm\u00e4\u00dfig warmt\u00f6ntes Holz k\u00f6nnen sich datiert anf\u00fchlen. Betrachten Sie stattdessen blasser, nat\u00fcrlichere Oberfl\u00e4chen wie gebleichte Eiche oder entscheiden Sie sich f\u00fcr tiefere, reichhaltigere Holzflecken, die sich raffiniert und einladend anf\u00fchlen \u201c, sagt Innenarchitektin Lauren Gilberthorpe.<\/p>\n<p>Weitere neutrale Holzt\u00f6ne, egal ob es sich um ein dunkelbraunes oder eine helle Eiche handelt, sind viel stilvoller und dauerhafter und kombinieren sich wundersch\u00f6n mit einer Reihe von Farben, Materialien und Oberfl\u00e4chen.<\/p>\n<h3 class=\"article-body__section\" id=\"section-4-the-shabby-chic-kitchen-aesthetic\"><span>4. Die Shabby Chic Kitchen -\u00c4sthetik<\/span><\/h3>\n<figure class=\"van-image-figure inline-layout \" data-bordeaux-image-check>\n<div class=\"image-full-width-wrapper\">\n<div class=\"image-widthsetter\" style=\"max-width:2000px;\"><\/div>\n<\/div>\n<\/figure>\n<p>Es gab eine Zeit, in der der sch\u00e4bige schicke Trend die M\u00f6glichkeit war, Ihrer K\u00fcche rustikaler Charme und strukturelles Interesse zu verleihen. Es ist jedoch ein Look, der f\u00fcr 2025 und aus gutem Grund sehr viel drau\u00dfen ist.<\/p>\n<p>&#8218;\u00dcberm\u00e4\u00dfig verzweifelte, kalkhaltige Schr\u00e4nke k\u00f6nnen sich erfunden f\u00fchlen. Ein raffinierterer Ansatz besteht darin, nat\u00fcrliche Materialien anmutig altern zu lassen-handbemalte Schr\u00e4nke in tiefen, Erdungsfarben oder ein sanft patiniertes Holzfinish werden den Test der Zeit bestehen \u201c, sagt Lauren.<\/p>\n<p>Die Textur in der K\u00fcche sollte sich niemals erzwungen oder \u00fcberm\u00e4\u00dfig gemacht f\u00fchlen. Die Entscheidung f\u00fcr diese reicheren erdigen Farbt\u00f6ne, geriffelten Glas und nat\u00fcrlichen Materialien wie Holz oder Stein wecken also visuelles Interesse an organischeren und zeitloseren Weise.<\/p>\n<h3 class=\"article-body__section\" id=\"section-5-overly-cluttered-kitchen-styles\"><span>5. \u00fcberm\u00e4\u00dfig \u00fcberf\u00fcllte K\u00fcchenstile<\/span><\/h3>\n<figure class=\"van-image-figure inline-layout \" data-bordeaux-image-check>\n<div class=\"image-full-width-wrapper\">\n<div class=\"image-widthsetter\" style=\"max-width:2000px;\"><\/div>\n<\/div>\n<\/figure>\n<p>&#8222;Ich denke, wir sind ein bisschen \u00fcber der gem\u00fctlichen K\u00fcchenstimmung&#8220;, sagt Innenarchitektin Benji Lewis. &#8222;Ich denke, dies erstreckt sich sogar auf Artikel wie Toaster und Wasserkocher, die bei sorgf\u00e4ltig in Betracht gezogenen Schiefert\u00fcren auf der wandeligen Wandeinheiten versteckt werden k\u00f6nnen &#8211; eine Art Mikrok\u00fcchen in der K\u00fcche selbst.&#8220;<\/p>\n<p>W\u00e4hrend es Beispiele f\u00fcr K\u00fcchen gibt, die mit dem neu abschlie\u00dfenden Trend wunderbar zusammenarbeiten k\u00f6nnen, sind kleinere, gem\u00fctliche Schemata nicht der richtige Ort daf\u00fcr. Es l\u00e4sst Ihren Raum sofort chaotisch und unorganisiert anf\u00fchlen und nicht den kuratierten, gelebten Look, den Sie wahrscheinlich w\u00fcnschen.<\/p>\n<p>Seien Sie stattdessen r\u00fccksichtsvoller \u00fcber die Teile, die Sie aufbewahren. Versuchen Sie, eine erh\u00f6hte K\u00fcchengeschirr vorzustellen, die sich als Dekor f\u00fcr ein gelebtes, aber dennoch ordentliches Finish verdient.<\/p>\n<hr>\n<p>Dies sind die K\u00fcchenstile, die Sie im Jahr 2025 vermeiden sollten, wenn Sie ein trendiges System w\u00fcnschen-und alle Ratschl\u00e4ge, die Sie ben\u00f6tigen, um alle Funktionen au\u00dferhalb des Stils zu reparieren. Es lohnt sich auch zu wissen, dass sich die \u00fcber veralteten K\u00fcchenschranktrends fernhalten, wenn Sie einen Umbau planen &#8211; ein personalisierter und zeitloser Raum sollte immer Priorit\u00e4t haben.<\/p>\n<\/div>\n","protected":false},"excerpt":{"rendered":"<p>Wir sprechen oft \u00fcber zeitlose Designs, aber es gibt ein paar K\u00fcchenstile, die 2025 aus dem Stil gehen, die Sie m\u00f6glicherweise vermeiden m\u00f6chten, wenn Sie<\/p>\n","protected":false},"author":1,"featured_media":4173,"comment_status":"closed","ping_status":"","sticky":false,"template":"","format":"standard","meta":{"footnotes":""},"categories":[118],"tags":[157,287,81,9,69,1905,469,717,384,6302,329,2252],"class_list":["post-4172","post","type-post","status-publish","format-standard","has-post-thumbnail","hentry","category-haus-garten","tag-alles","tag-aus","tag-der","tag-die","tag-gehen","tag-gesehen","tag-haben","tag-innenarchitekten","tag-jahr","tag-kuechenstile","tag-laut","tag-mode","generate-columns","tablet-grid-50","mobile-grid-100","grid-parent","grid-50"],"yoast_head":"<!-- This site is optimized with the Yoast SEO plugin v27.3 - https:\/\/yoast.com\/product\/yoast-seo-wordpress\/ -->\n<title>5 K\u00fcchenstile, die im Jahr 2025 aus der Mode gehen, laut Innenarchitekten, die alles gesehen haben - Nachrichten - Stra\u00dfenweb<\/title>\n<meta name=\"robots\" content=\"index, follow, max-snippet:-1, max-image-preview:large, max-video-preview:-1\" \/>\n<link rel=\"canonical\" href=\"https:\/\/www.strassenweb.de\/nachrichten\/5-kuechenstile-die-im-jahr-2025-aus-der-mode-gehen-laut-innenarchitekten-die-alles-gesehen-haben\/\" \/>\n<meta property=\"og:locale\" content=\"de_DE\" \/>\n<meta property=\"og:type\" content=\"article\" \/>\n<meta property=\"og:title\" content=\"5 K\u00fcchenstile, die im Jahr 2025 aus der Mode gehen, laut Innenarchitekten, die alles gesehen haben - Nachrichten - Stra\u00dfenweb\" \/>\n<meta property=\"og:description\" content=\"Wir sprechen oft \u00fcber zeitlose Designs, aber es gibt ein paar K\u00fcchenstile, die 2025 aus dem Stil gehen, die Sie m\u00f6glicherweise vermeiden m\u00f6chten, wenn Sie\" \/>\n<meta property=\"og:url\" content=\"https:\/\/www.strassenweb.de\/nachrichten\/5-kuechenstile-die-im-jahr-2025-aus-der-mode-gehen-laut-innenarchitekten-die-alles-gesehen-haben\/\" \/>\n<meta property=\"og:site_name\" content=\"Stra\u00dfenweb\" \/>\n<meta property=\"article:publisher\" content=\"https:\/\/www.facebook.com\/strassenweb\/\" \/>\n<meta property=\"article:published_time\" content=\"2025-03-30T06:40:09+00:00\" \/>\n<meta property=\"article:modified_time\" content=\"2025-03-30T06:40:10+00:00\" \/>\n<meta property=\"og:image\" content=\"https:\/\/www.strassenweb.de\/nachrichten\/wp-content\/uploads\/2025\/03\/5-Kuechenstile-die-im-Jahr-2025-aus-der-Mode-gehen.jpg\" \/>\n\t<meta property=\"og:image:width\" content=\"1200\" \/>\n\t<meta property=\"og:image:height\" content=\"675\" \/>\n\t<meta property=\"og:image:type\" content=\"image\/jpeg\" \/>\n<meta name=\"author\" content=\"Robert Hoffmann\" \/>\n<meta name=\"twitter:card\" content=\"summary_large_image\" \/>\n<meta name=\"twitter:label1\" content=\"Verfasst von\" \/>\n\t<meta name=\"twitter:data1\" content=\"Robert Hoffmann\" \/>\n\t<meta name=\"twitter:label2\" content=\"Gesch\u00e4tzte Lesezeit\" \/>\n\t<meta name=\"twitter:data2\" content=\"5\u00a0Minuten\" \/>\n<script type=\"application\/ld+json\" class=\"yoast-schema-graph\">{\"@context\":\"https:\\\/\\\/schema.org\",\"@graph\":[{\"@type\":\"Article\",\"@id\":\"https:\\\/\\\/www.strassenweb.de\\\/nachrichten\\\/5-kuechenstile-die-im-jahr-2025-aus-der-mode-gehen-laut-innenarchitekten-die-alles-gesehen-haben\\\/#article\",\"isPartOf\":{\"@id\":\"https:\\\/\\\/www.strassenweb.de\\\/nachrichten\\\/5-kuechenstile-die-im-jahr-2025-aus-der-mode-gehen-laut-innenarchitekten-die-alles-gesehen-haben\\\/\"},\"author\":{\"name\":\"Robert Hoffmann\",\"@id\":\"https:\\\/\\\/www.strassenweb.de\\\/nachrichten\\\/#\\\/schema\\\/person\\\/87c9c9067f1211da429a744dc5a5aa41\"},\"headline\":\"5 K\u00fcchenstile, die im Jahr 2025 aus der Mode gehen, laut Innenarchitekten, die alles gesehen haben\",\"datePublished\":\"2025-03-30T06:40:09+00:00\",\"dateModified\":\"2025-03-30T06:40:10+00:00\",\"mainEntityOfPage\":{\"@id\":\"https:\\\/\\\/www.strassenweb.de\\\/nachrichten\\\/5-kuechenstile-die-im-jahr-2025-aus-der-mode-gehen-laut-innenarchitekten-die-alles-gesehen-haben\\\/\"},\"wordCount\":968,\"publisher\":{\"@id\":\"https:\\\/\\\/www.strassenweb.de\\\/nachrichten\\\/#organization\"},\"image\":{\"@id\":\"https:\\\/\\\/www.strassenweb.de\\\/nachrichten\\\/5-kuechenstile-die-im-jahr-2025-aus-der-mode-gehen-laut-innenarchitekten-die-alles-gesehen-haben\\\/#primaryimage\"},\"thumbnailUrl\":\"https:\\\/\\\/www.strassenweb.de\\\/nachrichten\\\/wp-content\\\/uploads\\\/2025\\\/03\\\/5-Kuechenstile-die-im-Jahr-2025-aus-der-Mode-gehen.jpg\",\"keywords\":[\"alles\",\"aus\",\"der\",\"die\",\"gehen\",\"gesehen\",\"haben\",\"Innenarchitekten\",\"Jahr\",\"K\u00fcchenstile\",\"laut\",\"Mode\"],\"articleSection\":[\"Haus &amp; Garten\"],\"inLanguage\":\"de\"},{\"@type\":\"WebPage\",\"@id\":\"https:\\\/\\\/www.strassenweb.de\\\/nachrichten\\\/5-kuechenstile-die-im-jahr-2025-aus-der-mode-gehen-laut-innenarchitekten-die-alles-gesehen-haben\\\/\",\"url\":\"https:\\\/\\\/www.strassenweb.de\\\/nachrichten\\\/5-kuechenstile-die-im-jahr-2025-aus-der-mode-gehen-laut-innenarchitekten-die-alles-gesehen-haben\\\/\",\"name\":\"5 K\u00fcchenstile, die im Jahr 2025 aus der Mode gehen, laut Innenarchitekten, die alles gesehen haben - Nachrichten - Stra\u00dfenweb\",\"isPartOf\":{\"@id\":\"https:\\\/\\\/www.strassenweb.de\\\/nachrichten\\\/#website\"},\"primaryImageOfPage\":{\"@id\":\"https:\\\/\\\/www.strassenweb.de\\\/nachrichten\\\/5-kuechenstile-die-im-jahr-2025-aus-der-mode-gehen-laut-innenarchitekten-die-alles-gesehen-haben\\\/#primaryimage\"},\"image\":{\"@id\":\"https:\\\/\\\/www.strassenweb.de\\\/nachrichten\\\/5-kuechenstile-die-im-jahr-2025-aus-der-mode-gehen-laut-innenarchitekten-die-alles-gesehen-haben\\\/#primaryimage\"},\"thumbnailUrl\":\"https:\\\/\\\/www.strassenweb.de\\\/nachrichten\\\/wp-content\\\/uploads\\\/2025\\\/03\\\/5-Kuechenstile-die-im-Jahr-2025-aus-der-Mode-gehen.jpg\",\"datePublished\":\"2025-03-30T06:40:09+00:00\",\"dateModified\":\"2025-03-30T06:40:10+00:00\",\"breadcrumb\":{\"@id\":\"https:\\\/\\\/www.strassenweb.de\\\/nachrichten\\\/5-kuechenstile-die-im-jahr-2025-aus-der-mode-gehen-laut-innenarchitekten-die-alles-gesehen-haben\\\/#breadcrumb\"},\"inLanguage\":\"de\",\"potentialAction\":[{\"@type\":\"ReadAction\",\"target\":[\"https:\\\/\\\/www.strassenweb.de\\\/nachrichten\\\/5-kuechenstile-die-im-jahr-2025-aus-der-mode-gehen-laut-innenarchitekten-die-alles-gesehen-haben\\\/\"]}]},{\"@type\":\"ImageObject\",\"inLanguage\":\"de\",\"@id\":\"https:\\\/\\\/www.strassenweb.de\\\/nachrichten\\\/5-kuechenstile-die-im-jahr-2025-aus-der-mode-gehen-laut-innenarchitekten-die-alles-gesehen-haben\\\/#primaryimage\",\"url\":\"https:\\\/\\\/www.strassenweb.de\\\/nachrichten\\\/wp-content\\\/uploads\\\/2025\\\/03\\\/5-Kuechenstile-die-im-Jahr-2025-aus-der-Mode-gehen.jpg\",\"contentUrl\":\"https:\\\/\\\/www.strassenweb.de\\\/nachrichten\\\/wp-content\\\/uploads\\\/2025\\\/03\\\/5-Kuechenstile-die-im-Jahr-2025-aus-der-Mode-gehen.jpg\",\"width\":1200,\"height\":675,\"caption\":\"5 K\u00fcchenstile, die im Jahr 2025 aus der Mode gehen, laut Innenarchitekten, die alles gesehen haben\"},{\"@type\":\"BreadcrumbList\",\"@id\":\"https:\\\/\\\/www.strassenweb.de\\\/nachrichten\\\/5-kuechenstile-die-im-jahr-2025-aus-der-mode-gehen-laut-innenarchitekten-die-alles-gesehen-haben\\\/#breadcrumb\",\"itemListElement\":[{\"@type\":\"ListItem\",\"position\":1,\"name\":\"Home\",\"item\":\"https:\\\/\\\/www.strassenweb.de\\\/nachrichten\\\/\"},{\"@type\":\"ListItem\",\"position\":2,\"name\":\"5 K\u00fcchenstile, die im Jahr 2025 aus der Mode gehen, laut Innenarchitekten, die alles gesehen haben\"}]},{\"@type\":\"WebSite\",\"@id\":\"https:\\\/\\\/www.strassenweb.de\\\/nachrichten\\\/#website\",\"url\":\"https:\\\/\\\/www.strassenweb.de\\\/nachrichten\\\/\",\"name\":\"Stra\u00dfenweb\",\"description\":\"Stra\u00dfenverzeichnis f\u00fcr Deutschland\",\"publisher\":{\"@id\":\"https:\\\/\\\/www.strassenweb.de\\\/nachrichten\\\/#organization\"},\"potentialAction\":[{\"@type\":\"SearchAction\",\"target\":{\"@type\":\"EntryPoint\",\"urlTemplate\":\"https:\\\/\\\/www.strassenweb.de\\\/nachrichten\\\/?s={search_term_string}\"},\"query-input\":{\"@type\":\"PropertyValueSpecification\",\"valueRequired\":true,\"valueName\":\"search_term_string\"}}],\"inLanguage\":\"de\"},{\"@type\":\"Organization\",\"@id\":\"https:\\\/\\\/www.strassenweb.de\\\/nachrichten\\\/#organization\",\"name\":\"Stra\u00dfenweb\",\"url\":\"https:\\\/\\\/www.strassenweb.de\\\/nachrichten\\\/\",\"logo\":{\"@type\":\"ImageObject\",\"inLanguage\":\"de\",\"@id\":\"https:\\\/\\\/www.strassenweb.de\\\/nachrichten\\\/#\\\/schema\\\/logo\\\/image\\\/\",\"url\":\"https:\\\/\\\/www.strassenweb.de\\\/nachrichten\\\/wp-content\\\/uploads\\\/2024\\\/09\\\/cropped-favicon.png\",\"contentUrl\":\"https:\\\/\\\/www.strassenweb.de\\\/nachrichten\\\/wp-content\\\/uploads\\\/2024\\\/09\\\/cropped-favicon.png\",\"width\":512,\"height\":512,\"caption\":\"Stra\u00dfenweb\"},\"image\":{\"@id\":\"https:\\\/\\\/www.strassenweb.de\\\/nachrichten\\\/#\\\/schema\\\/logo\\\/image\\\/\"},\"sameAs\":[\"https:\\\/\\\/www.facebook.com\\\/strassenweb\\\/\"]},{\"@type\":\"Person\",\"@id\":\"https:\\\/\\\/www.strassenweb.de\\\/nachrichten\\\/#\\\/schema\\\/person\\\/87c9c9067f1211da429a744dc5a5aa41\",\"name\":\"Robert Hoffmann\",\"image\":{\"@type\":\"ImageObject\",\"inLanguage\":\"de\",\"@id\":\"https:\\\/\\\/www.strassenweb.de\\\/nachrichten\\\/wp-content\\\/uploads\\\/2024\\\/09\\\/strassenweb-150x150.jpg\",\"url\":\"https:\\\/\\\/www.strassenweb.de\\\/nachrichten\\\/wp-content\\\/uploads\\\/2024\\\/09\\\/strassenweb-150x150.jpg\",\"contentUrl\":\"https:\\\/\\\/www.strassenweb.de\\\/nachrichten\\\/wp-content\\\/uploads\\\/2024\\\/09\\\/strassenweb-150x150.jpg\",\"caption\":\"Robert Hoffmann\"},\"description\":\"Ich hei\u00dfe Robert Hoffmann und ich bin ein leidenschaftlicher Verfechter von \u00d6kologie und Biodiversit\u00e4t. Seit meiner Kindheit in den W\u00e4ldern Bayerns f\u00fchle ich mich mit der Natur verbunden und bin entschlossen, sie zu sch\u00fctzen. Heute widme ich mein Leben der Sensibilisierung anderer f\u00fcr die Bedeutung des Umweltschutzes f\u00fcr zuk\u00fcnftige Generationen.\",\"sameAs\":[\"https:\\\/\\\/www.strassenweb.de\\\/\"]}]}<\/script>\n<!-- \/ Yoast SEO plugin. -->","yoast_head_json":{"title":"5 K\u00fcchenstile, die im Jahr 2025 aus der Mode gehen, laut Innenarchitekten, die alles gesehen haben - Nachrichten - Stra\u00dfenweb","robots":{"index":"index","follow":"follow","max-snippet":"max-snippet:-1","max-image-preview":"max-image-preview:large","max-video-preview":"max-video-preview:-1"},"canonical":"https:\/\/www.strassenweb.de\/nachrichten\/5-kuechenstile-die-im-jahr-2025-aus-der-mode-gehen-laut-innenarchitekten-die-alles-gesehen-haben\/","og_locale":"de_DE","og_type":"article","og_title":"5 K\u00fcchenstile, die im Jahr 2025 aus der Mode gehen, laut Innenarchitekten, die alles gesehen haben - Nachrichten - Stra\u00dfenweb","og_description":"Wir sprechen oft \u00fcber zeitlose Designs, aber es gibt ein paar K\u00fcchenstile, die 2025 aus dem Stil gehen, die Sie m\u00f6glicherweise vermeiden m\u00f6chten, wenn Sie","og_url":"https:\/\/www.strassenweb.de\/nachrichten\/5-kuechenstile-die-im-jahr-2025-aus-der-mode-gehen-laut-innenarchitekten-die-alles-gesehen-haben\/","og_site_name":"Stra\u00dfenweb","article_publisher":"https:\/\/www.facebook.com\/strassenweb\/","article_published_time":"2025-03-30T06:40:09+00:00","article_modified_time":"2025-03-30T06:40:10+00:00","og_image":[{"width":1200,"height":675,"url":"https:\/\/www.strassenweb.de\/nachrichten\/wp-content\/uploads\/2025\/03\/5-Kuechenstile-die-im-Jahr-2025-aus-der-Mode-gehen.jpg","type":"image\/jpeg"}],"author":"Robert Hoffmann","twitter_card":"summary_large_image","twitter_misc":{"Verfasst von":"Robert Hoffmann","Gesch\u00e4tzte Lesezeit":"5\u00a0Minuten"},"schema":{"@context":"https:\/\/schema.org","@graph":[{"@type":"Article","@id":"https:\/\/www.strassenweb.de\/nachrichten\/5-kuechenstile-die-im-jahr-2025-aus-der-mode-gehen-laut-innenarchitekten-die-alles-gesehen-haben\/#article","isPartOf":{"@id":"https:\/\/www.strassenweb.de\/nachrichten\/5-kuechenstile-die-im-jahr-2025-aus-der-mode-gehen-laut-innenarchitekten-die-alles-gesehen-haben\/"},"author":{"name":"Robert Hoffmann","@id":"https:\/\/www.strassenweb.de\/nachrichten\/#\/schema\/person\/87c9c9067f1211da429a744dc5a5aa41"},"headline":"5 K\u00fcchenstile, die im Jahr 2025 aus der Mode gehen, laut Innenarchitekten, die alles gesehen haben","datePublished":"2025-03-30T06:40:09+00:00","dateModified":"2025-03-30T06:40:10+00:00","mainEntityOfPage":{"@id":"https:\/\/www.strassenweb.de\/nachrichten\/5-kuechenstile-die-im-jahr-2025-aus-der-mode-gehen-laut-innenarchitekten-die-alles-gesehen-haben\/"},"wordCount":968,"publisher":{"@id":"https:\/\/www.strassenweb.de\/nachrichten\/#organization"},"image":{"@id":"https:\/\/www.strassenweb.de\/nachrichten\/5-kuechenstile-die-im-jahr-2025-aus-der-mode-gehen-laut-innenarchitekten-die-alles-gesehen-haben\/#primaryimage"},"thumbnailUrl":"https:\/\/www.strassenweb.de\/nachrichten\/wp-content\/uploads\/2025\/03\/5-Kuechenstile-die-im-Jahr-2025-aus-der-Mode-gehen.jpg","keywords":["alles","aus","der","die","gehen","gesehen","haben","Innenarchitekten","Jahr","K\u00fcchenstile","laut","Mode"],"articleSection":["Haus &amp; Garten"],"inLanguage":"de"},{"@type":"WebPage","@id":"https:\/\/www.strassenweb.de\/nachrichten\/5-kuechenstile-die-im-jahr-2025-aus-der-mode-gehen-laut-innenarchitekten-die-alles-gesehen-haben\/","url":"https:\/\/www.strassenweb.de\/nachrichten\/5-kuechenstile-die-im-jahr-2025-aus-der-mode-gehen-laut-innenarchitekten-die-alles-gesehen-haben\/","name":"5 K\u00fcchenstile, die im Jahr 2025 aus der Mode gehen, laut Innenarchitekten, die alles gesehen haben - Nachrichten - Stra\u00dfenweb","isPartOf":{"@id":"https:\/\/www.strassenweb.de\/nachrichten\/#website"},"primaryImageOfPage":{"@id":"https:\/\/www.strassenweb.de\/nachrichten\/5-kuechenstile-die-im-jahr-2025-aus-der-mode-gehen-laut-innenarchitekten-die-alles-gesehen-haben\/#primaryimage"},"image":{"@id":"https:\/\/www.strassenweb.de\/nachrichten\/5-kuechenstile-die-im-jahr-2025-aus-der-mode-gehen-laut-innenarchitekten-die-alles-gesehen-haben\/#primaryimage"},"thumbnailUrl":"https:\/\/www.strassenweb.de\/nachrichten\/wp-content\/uploads\/2025\/03\/5-Kuechenstile-die-im-Jahr-2025-aus-der-Mode-gehen.jpg","datePublished":"2025-03-30T06:40:09+00:00","dateModified":"2025-03-30T06:40:10+00:00","breadcrumb":{"@id":"https:\/\/www.strassenweb.de\/nachrichten\/5-kuechenstile-die-im-jahr-2025-aus-der-mode-gehen-laut-innenarchitekten-die-alles-gesehen-haben\/#breadcrumb"},"inLanguage":"de","potentialAction":[{"@type":"ReadAction","target":["https:\/\/www.strassenweb.de\/nachrichten\/5-kuechenstile-die-im-jahr-2025-aus-der-mode-gehen-laut-innenarchitekten-die-alles-gesehen-haben\/"]}]},{"@type":"ImageObject","inLanguage":"de","@id":"https:\/\/www.strassenweb.de\/nachrichten\/5-kuechenstile-die-im-jahr-2025-aus-der-mode-gehen-laut-innenarchitekten-die-alles-gesehen-haben\/#primaryimage","url":"https:\/\/www.strassenweb.de\/nachrichten\/wp-content\/uploads\/2025\/03\/5-Kuechenstile-die-im-Jahr-2025-aus-der-Mode-gehen.jpg","contentUrl":"https:\/\/www.strassenweb.de\/nachrichten\/wp-content\/uploads\/2025\/03\/5-Kuechenstile-die-im-Jahr-2025-aus-der-Mode-gehen.jpg","width":1200,"height":675,"caption":"5 K\u00fcchenstile, die im Jahr 2025 aus der Mode gehen, laut Innenarchitekten, die alles gesehen haben"},{"@type":"BreadcrumbList","@id":"https:\/\/www.strassenweb.de\/nachrichten\/5-kuechenstile-die-im-jahr-2025-aus-der-mode-gehen-laut-innenarchitekten-die-alles-gesehen-haben\/#breadcrumb","itemListElement":[{"@type":"ListItem","position":1,"name":"Home","item":"https:\/\/www.strassenweb.de\/nachrichten\/"},{"@type":"ListItem","position":2,"name":"5 K\u00fcchenstile, die im Jahr 2025 aus der Mode gehen, laut Innenarchitekten, die alles gesehen haben"}]},{"@type":"WebSite","@id":"https:\/\/www.strassenweb.de\/nachrichten\/#website","url":"https:\/\/www.strassenweb.de\/nachrichten\/","name":"Stra\u00dfenweb","description":"Stra\u00dfenverzeichnis f\u00fcr Deutschland","publisher":{"@id":"https:\/\/www.strassenweb.de\/nachrichten\/#organization"},"potentialAction":[{"@type":"SearchAction","target":{"@type":"EntryPoint","urlTemplate":"https:\/\/www.strassenweb.de\/nachrichten\/?s={search_term_string}"},"query-input":{"@type":"PropertyValueSpecification","valueRequired":true,"valueName":"search_term_string"}}],"inLanguage":"de"},{"@type":"Organization","@id":"https:\/\/www.strassenweb.de\/nachrichten\/#organization","name":"Stra\u00dfenweb","url":"https:\/\/www.strassenweb.de\/nachrichten\/","logo":{"@type":"ImageObject","inLanguage":"de","@id":"https:\/\/www.strassenweb.de\/nachrichten\/#\/schema\/logo\/image\/","url":"https:\/\/www.strassenweb.de\/nachrichten\/wp-content\/uploads\/2024\/09\/cropped-favicon.png","contentUrl":"https:\/\/www.strassenweb.de\/nachrichten\/wp-content\/uploads\/2024\/09\/cropped-favicon.png","width":512,"height":512,"caption":"Stra\u00dfenweb"},"image":{"@id":"https:\/\/www.strassenweb.de\/nachrichten\/#\/schema\/logo\/image\/"},"sameAs":["https:\/\/www.facebook.com\/strassenweb\/"]},{"@type":"Person","@id":"https:\/\/www.strassenweb.de\/nachrichten\/#\/schema\/person\/87c9c9067f1211da429a744dc5a5aa41","name":"Robert Hoffmann","image":{"@type":"ImageObject","inLanguage":"de","@id":"https:\/\/www.strassenweb.de\/nachrichten\/wp-content\/uploads\/2024\/09\/strassenweb-150x150.jpg","url":"https:\/\/www.strassenweb.de\/nachrichten\/wp-content\/uploads\/2024\/09\/strassenweb-150x150.jpg","contentUrl":"https:\/\/www.strassenweb.de\/nachrichten\/wp-content\/uploads\/2024\/09\/strassenweb-150x150.jpg","caption":"Robert Hoffmann"},"description":"Ich hei\u00dfe Robert Hoffmann und ich bin ein leidenschaftlicher Verfechter von \u00d6kologie und Biodiversit\u00e4t. Seit meiner Kindheit in den W\u00e4ldern Bayerns f\u00fchle ich mich mit der Natur verbunden und bin entschlossen, sie zu sch\u00fctzen. Heute widme ich mein Leben der Sensibilisierung anderer f\u00fcr die Bedeutung des Umweltschutzes f\u00fcr zuk\u00fcnftige Generationen.","sameAs":["https:\/\/www.strassenweb.de\/"]}]}},"_links":{"self":[{"href":"https:\/\/www.strassenweb.de\/nachrichten\/wp-json\/wp\/v2\/posts\/4172","targetHints":{"allow":["GET"]}}],"collection":[{"href":"https:\/\/www.strassenweb.de\/nachrichten\/wp-json\/wp\/v2\/posts"}],"about":[{"href":"https:\/\/www.strassenweb.de\/nachrichten\/wp-json\/wp\/v2\/types\/post"}],"author":[{"embeddable":true,"href":"https:\/\/www.strassenweb.de\/nachrichten\/wp-json\/wp\/v2\/users\/1"}],"replies":[{"embeddable":true,"href":"https:\/\/www.strassenweb.de\/nachrichten\/wp-json\/wp\/v2\/comments?post=4172"}],"version-history":[{"count":0,"href":"https:\/\/www.strassenweb.de\/nachrichten\/wp-json\/wp\/v2\/posts\/4172\/revisions"}],"wp:featuredmedia":[{"embeddable":true,"href":"https:\/\/www.strassenweb.de\/nachrichten\/wp-json\/wp\/v2\/media\/4173"}],"wp:attachment":[{"href":"https:\/\/www.strassenweb.de\/nachrichten\/wp-json\/wp\/v2\/media?parent=4172"}],"wp:term":[{"taxonomy":"category","embeddable":true,"href":"https:\/\/www.strassenweb.de\/nachrichten\/wp-json\/wp\/v2\/categories?post=4172"},{"taxonomy":"post_tag","embeddable":true,"href":"https:\/\/www.strassenweb.de\/nachrichten\/wp-json\/wp\/v2\/tags?post=4172"}],"curies":[{"name":"wp","href":"https:\/\/api.w.org\/{rel}","templated":true}]}}