{"id":417,"date":"2024-09-29T14:49:07","date_gmt":"2024-09-29T12:49:07","guid":{"rendered":"https:\/\/www.strassenweb.de\/nachrichten\/die-neuen-klimastreifen-wie-kreativitaet-zum-umweltschutz-anregen-kann\/"},"modified":"2024-09-29T14:49:08","modified_gmt":"2024-09-29T12:49:08","slug":"die-neuen-klimastreifen-wie-kreativitaet-zum-umweltschutz-anregen-kann","status":"publish","type":"post","link":"https:\/\/www.strassenweb.de\/nachrichten\/die-neuen-klimastreifen-wie-kreativitaet-zum-umweltschutz-anregen-kann\/","title":{"rendered":"Die neuen Klimastreifen? Wie Kreativit\u00e4t zum Umweltschutz anregen kann"},"content":{"rendered":"<figure class=\"wp-block-image\"><\/figure>\n<p>Ohne Kontext sind gro\u00dfe Zahlen bedeutungslos. Daten k\u00f6nnen unglaublich trocken, abstrakt und schwer zu visualisieren sein. Aber manchmal finden Wissenschaftler clevere Wege, komplexe Informationen in kreativen, auff\u00e4lligen und greifbareren Formen darzustellen.<\/p>\n<p>Im Jahr 2019 erstellte Ed Hawkins, Klimaprofessor an der University of Reading, \u201eKlimastreifen\u201c, um die globale Durchschnittstemperatur f\u00fcr jedes Jahr seit 1850 in Form eines farbigen Streifens darzustellen. <strong>Heute eine kulturelle Ikone<\/strong>Diese einfachen blauen und roten Grafiken sind auf Fu\u00dfballtrikots, B\u00fchnen von Musikfestivals und sogar auf einem Tesla aufgetaucht.<\/p>\n<p>Letzte Woche haben Wissenschaftler neue Luftqualit\u00e4tsstreifen auf den Markt gebracht, um die Konzentrationen ultrafeiner Partikel, die als bekannt sind, darzustellen <strong>Feinstaub haben sich ver\u00e4ndert<\/strong> in 176 St\u00e4dten weltweit seit 1850. Die globale Bedrohung durch Luftverschmutzung wird oft als unsichtbarer Killer angesehen, aber diese farbenfrohen Diagramme zeigen einige starke globale Kontraste. Manche machen Hoffnung.<\/p>\n<hr class=\"wp-block-separator has-alpha-channel-opacity\">\n<p>Hawkins macht komplizierte Klimadaten f\u00fcr jedermann zug\u00e4nglich, indem er Blaut\u00f6ne zur Darstellung k\u00fchlerer Jahre und Rott\u00f6ne f\u00fcr w\u00e4rmere Jahre verwendet. \u201eEs ist von entscheidender Bedeutung, der Wissenschaft dabei zu helfen, diesen Sprung vom Labor in die sozialen Medien zu schaffen, um die Denkweise zu \u00e4ndern\u201c, schreibt er.<\/p>\n<p>\u201eMeine Forschung konzentrierte sich oft darauf, die Auswirkungen des Klimawandels einem neuen Publikum zu vermitteln. Je mehr Menschen dieses riesige Problem sehen und verstehen, desto gr\u00f6\u00dfer sind unsere Chancen, es zu l\u00f6sen.\u201c<\/p>\n<p>Bei kritischen Themen wie der Klimakrise und der Luftverschmutzung ist visuelles Storytelling ein wirkungsvolles Werkzeug. Durch die \u00dcbersetzung von Statistiken in farbenfrohe Diagramme, die eine Geschichte erz\u00e4hlen, werden sich \u00e4ndernde Trends deutlicher, nachvollziehbarer und relevanter.<\/p>\n<p>Jim McQuaid, ein Atmosph\u00e4renforscher an der University of Leeds, der an der Entwicklung der neuen Luftqualit\u00e4tsstreifen beteiligt war, erinnert sich an den einst in Gro\u00dfbritannien verbreiteten Stahlofengeruch, der nach der Einf\u00fchrung des Clean Air Act im Jahr 1956 drastisch zur\u00fcckging.<\/p>\n<p>Die Luftqualit\u00e4tsstreifen in London veranschaulichen, wie die industrielle Revolution in Gro\u00dfbritannien verschiedene Smogereignisse ausl\u00f6ste, bei denen 1952 bis zu 12.000 Menschen ums Leben kamen. Die Streifen wechseln jedoch von Rot und Orange zu mehr Gelb (gem\u00e4\u00dfigt) und Himmelblau (m\u00e4\u00dfig), je nach Industrie- und Transportwesen Emissionen wurden durch den darauffolgenden Clean Air Act von 1993 ins Visier genommen.<\/p>\n<p>Die Pekinger Streifen zeigen, wie die Feinstaubkonzentrationen mit der industriellen Entwicklung Chinas ab Mitte des 20. Jahrhunderts rapide anstiegen.<\/p>\n<p>Doch als die Olympischen Spiele 2008 stattfanden, wurden drastische Ma\u00dfnahmen ergriffen \u2013 Fabriken wurden geschlossen oder aus der Stadt verlegt, w\u00e4hrend Millionen von Autos von der Stra\u00dfe genommen wurden. Dunkelbraune (extrem schlechte) Luftqualit\u00e4tsstreifen verwandeln sich in einen helleren Orangeton (schlechte Luftqualit\u00e4t).<\/p>\n<h2 class=\"wp-block-heading\">Klimatreiber<\/h2>\n<p><strong>Klima und Luftverschmutzung sind untrennbar miteinander verbunden<\/strong>. Viele Luftschadstoffe werden auch als \u201eKlimatreiber\u201c bezeichnet \u2013 sie treiben die Klimakrise voran. Ru\u00dfige Bestandteile des Feinstaubs, sogenannter Ru\u00df, wirken w\u00e4rmend.<\/p>\n<p>Andere Schadstoffe, insbesondere vom Menschen verursachte Aerosole, einschlie\u00dflich Sulfat aus Industrieschornsteinen, haben jedoch den gegenteiligen Effekt. Diese kleinen Schadstoffpartikel bleiben in der Luft schweben und k\u00f6nnen Wolken bilden.<\/p>\n<p>Mehr Feinstaub bedeutet mehr Wolken und entscheidend kleinere Wolkentr\u00f6pfchen \u2013 dadurch steigt die Menge des Sonnenlichts, das in die Atmosph\u00e4re zur\u00fcckreflektiert wird. Wie Wissenschaftler der Universit\u00e4t Oxford herausgefunden haben, \u201eerh\u00f6ht all dies die Menge an Sonnenlicht, die Wolken zur\u00fcck in den Weltraum streuen, anstatt von der Erde absorbiert zu werden\u201c.<\/p>\n<p>Indem sie das Klima leicht abk\u00fchlen, \u00fcberdecken vom Menschen erzeugte Aerosole einen Teil der Erw\u00e4rmung durch Treibhausgase \u2013 dies wird als \u201eGlobal Dimming\u201c bezeichnet. Aber das ist alles andere als eine gute Nachricht, denn <strong>Aerosole und ihre k\u00fchlende Wirkung sind nur von kurzer Dauer<\/strong>.<\/p>\n<p>\u201eW\u00e4hrend das CO\u2082, das heute von Autos und Kohlekraftwerken in die Atmosph\u00e4re ausgesto\u00dfen wird, noch Jahrhunderte sp\u00e4ter dort sein wird, werden die als Luftverschmutzung ausgesto\u00dfenen Aerosole in einem Monat keinen Einfluss mehr haben\u201c, schreiben Peter Manshausen, Duncan Watson-Parris und Philip Stier von der Universit\u00e4t Oxford.<\/p>\n<p>\u201eDas bedeutet: Sobald wir aufh\u00f6ren, Aerosole auszusto\u00dfen, verschwindet ihre puffernde Wirkung auf den Klimawandel, w\u00e4hrend die Treibhausgase in unserer Atmosph\u00e4re den Planeten weiter erhitzen.\u201c<\/p>\n<h2 class=\"wp-block-heading\">Kartierung der Verschmutzung<\/h2>\n<p>In Mukuru, einer informellen Siedlung in Nairobi, Kenia, waren Wissenschaftler <strong>eng mit der \u00f6rtlichen Gemeinde zusammenarbeiten<\/strong> durch Theater, Geschichtenerz\u00e4hlen, Fotografie und Zeichnen das Bewusstsein f\u00fcr die schwerwiegenden gesundheitlichen Auswirkungen der Luftverschmutzung sch\u00e4rfen. K\u00fcnstler des in Mukuru ans\u00e4ssigen Wajuuku Arts Center malten Karten auf Leinwand und trugen diese in die Gemeinde, damit die Bewohner die Hotspots und Quellen der Umweltverschmutzung identifizieren konnten.<\/p>\n<p>Laut den Forschern Cressida Bowyer von der University of Portsmouth und Heather Price von der University of Stirling war der Einsatz von Kreativit\u00e4t der Schl\u00fcssel zum Erfolg des Projekts.<\/p>\n<p>\u201eWenn wir mit Zielen und Ambitionen in die Gemeinschaft gegangen w\u00e4ren, die bereits auf der Grundlage der allgemein anerkannten Ursachen der Luftverschmutzung (Verkehr, Industrie, Kochmethoden) festgelegt worden w\u00e4ren, h\u00e4tten wir m\u00f6glicherweise keinen Raum gehabt, diese anderen Quellen offenzulegen oder anzuerkennen\u201c, sagen sie sagen.<\/p>\n<p>\u201eStattdessen haben wir Probleme identifiziert, die die Gemeinde als indirekte Ursachen der Luftverschmutzung ansieht, wie etwa Arbeitnehmerrechte, zu enge Gassen zwischen Wohnh\u00e4usern f\u00fcr Feuerl\u00f6schger\u00e4te und schlechte Abfallbewirtschaftung.\u201c<\/p>\n<p>Auch zwischen den Stadtteilen kann das Bild der Verschmutzung variieren. Die besten visuellen Werkzeuge repr\u00e4sentieren so viele Nuancen wie m\u00f6glich.<\/p>\n<p>James Cheshire, Professor f\u00fcr geografische Informationen und Kartographie am University College London, weist darauf hin <strong>Unsicherheit ist schwer zu kommunizieren<\/strong> in einem einzelnen Bild, Diagramm oder Diagramm.<\/p>\n<p>\u201eEin Missverst\u00e4ndnis \u00fcber die Klimakrise besteht darin, dass die Erw\u00e4rmung auf der ganzen Welt gleichm\u00e4\u00dfig erfolgen wird\u201c, sagt er und erkl\u00e4rt, dass zu stark vereinfachte Grafiken das \u201ekomplexe Flickenteppich an Effekten\u201c hinter den Schlagzeilen \u00fcbersehen k\u00f6nnten. \u201eKarten k\u00f6nnen eine unsch\u00e4tzbare Waffe gegen dieses Missverst\u00e4ndnis sein.\u201c<\/p>\n<p>Das Scrollen durch Zeit oder Raum ist eine gro\u00dfartige M\u00f6glichkeit, Feinheiten zu erfassen und Anomalien in verschiedenen Ma\u00dfst\u00e4ben hervorzuheben. Visuelles Geschichtenerz\u00e4hlen bietet Hoffnung, nicht nur, indem es Fortschritte demonstriert, sondern auch, indem es mehr Menschen mit dem Problem verbindet und m\u00f6gliche L\u00f6sungen hervorhebt.<\/p>\n<p>Anna Turns, leitende Umweltredakteurin, <em>Das Gespr\u00e4ch<\/em><\/p>\n<p>  wird von The Conversation unter einer Creative Commons-Lizenz erneut ver\u00f6ffentlicht. <\/p>\n","protected":false},"excerpt":{"rendered":"<p>Ohne Kontext sind gro\u00dfe Zahlen bedeutungslos. Daten k\u00f6nnen unglaublich trocken, abstrakt und schwer zu visualisieren sein. Aber manchmal finden Wissenschaftler clevere Wege, komplexe Informationen in<\/p>\n","protected":false},"author":1,"featured_media":418,"comment_status":"closed","ping_status":"","sticky":false,"template":"","format":"standard","meta":{"footnotes":""},"categories":[101],"tags":[843,9,781,840,841,494,842,26,67],"class_list":["post-417","post","type-post","status-publish","format-standard","has-post-thumbnail","hentry","category-oekologie","tag-anregen","tag-die","tag-kann","tag-klimastreifen","tag-kreativitaet","tag-neuen","tag-umweltschutz","tag-wie","tag-zum","generate-columns","tablet-grid-50","mobile-grid-100","grid-parent","grid-50"],"yoast_head":"<!-- This site is optimized with the Yoast SEO plugin v27.3 - https:\/\/yoast.com\/product\/yoast-seo-wordpress\/ -->\n<title>Die neuen Klimastreifen? Wie Kreativit\u00e4t zum Umweltschutz anregen kann - Nachrichten - Stra\u00dfenweb<\/title>\n<meta name=\"robots\" content=\"index, follow, max-snippet:-1, max-image-preview:large, max-video-preview:-1\" \/>\n<link rel=\"canonical\" href=\"https:\/\/www.strassenweb.de\/nachrichten\/die-neuen-klimastreifen-wie-kreativitaet-zum-umweltschutz-anregen-kann\/\" \/>\n<meta property=\"og:locale\" content=\"de_DE\" \/>\n<meta property=\"og:type\" content=\"article\" \/>\n<meta property=\"og:title\" content=\"Die neuen Klimastreifen? Wie Kreativit\u00e4t zum Umweltschutz anregen kann - Nachrichten - Stra\u00dfenweb\" \/>\n<meta property=\"og:description\" content=\"Ohne Kontext sind gro\u00dfe Zahlen bedeutungslos. Daten k\u00f6nnen unglaublich trocken, abstrakt und schwer zu visualisieren sein. Aber manchmal finden Wissenschaftler clevere Wege, komplexe Informationen in\" \/>\n<meta property=\"og:url\" content=\"https:\/\/www.strassenweb.de\/nachrichten\/die-neuen-klimastreifen-wie-kreativitaet-zum-umweltschutz-anregen-kann\/\" \/>\n<meta property=\"og:site_name\" content=\"Stra\u00dfenweb\" \/>\n<meta property=\"article:publisher\" content=\"https:\/\/www.facebook.com\/strassenweb\/\" \/>\n<meta property=\"article:published_time\" content=\"2024-09-29T12:49:07+00:00\" \/>\n<meta property=\"article:modified_time\" content=\"2024-09-29T12:49:08+00:00\" \/>\n<meta property=\"og:image\" content=\"https:\/\/www.strassenweb.de\/nachrichten\/wp-content\/uploads\/2024\/09\/Die-neuen-Klimastreifen-Wie-Kreativitaet-zum-Umweltschutz-anregen-kann.png\" \/>\n\t<meta property=\"og:image:width\" content=\"754\" \/>\n\t<meta property=\"og:image:height\" content=\"351\" \/>\n\t<meta property=\"og:image:type\" content=\"image\/png\" \/>\n<meta name=\"author\" content=\"Robert Hoffmann\" \/>\n<meta name=\"twitter:card\" content=\"summary_large_image\" \/>\n<meta name=\"twitter:label1\" content=\"Verfasst von\" \/>\n\t<meta name=\"twitter:data1\" content=\"Robert Hoffmann\" \/>\n\t<meta name=\"twitter:label2\" content=\"Gesch\u00e4tzte Lesezeit\" \/>\n\t<meta name=\"twitter:data2\" content=\"5\u00a0Minuten\" \/>\n<script type=\"application\/ld+json\" class=\"yoast-schema-graph\">{\"@context\":\"https:\\\/\\\/schema.org\",\"@graph\":[{\"@type\":\"Article\",\"@id\":\"https:\\\/\\\/www.strassenweb.de\\\/nachrichten\\\/die-neuen-klimastreifen-wie-kreativitaet-zum-umweltschutz-anregen-kann\\\/#article\",\"isPartOf\":{\"@id\":\"https:\\\/\\\/www.strassenweb.de\\\/nachrichten\\\/die-neuen-klimastreifen-wie-kreativitaet-zum-umweltschutz-anregen-kann\\\/\"},\"author\":{\"name\":\"Robert Hoffmann\",\"@id\":\"https:\\\/\\\/www.strassenweb.de\\\/nachrichten\\\/#\\\/schema\\\/person\\\/87c9c9067f1211da429a744dc5a5aa41\"},\"headline\":\"Die neuen Klimastreifen? Wie Kreativit\u00e4t zum Umweltschutz anregen kann\",\"datePublished\":\"2024-09-29T12:49:07+00:00\",\"dateModified\":\"2024-09-29T12:49:08+00:00\",\"mainEntityOfPage\":{\"@id\":\"https:\\\/\\\/www.strassenweb.de\\\/nachrichten\\\/die-neuen-klimastreifen-wie-kreativitaet-zum-umweltschutz-anregen-kann\\\/\"},\"wordCount\":1026,\"publisher\":{\"@id\":\"https:\\\/\\\/www.strassenweb.de\\\/nachrichten\\\/#organization\"},\"image\":{\"@id\":\"https:\\\/\\\/www.strassenweb.de\\\/nachrichten\\\/die-neuen-klimastreifen-wie-kreativitaet-zum-umweltschutz-anregen-kann\\\/#primaryimage\"},\"thumbnailUrl\":\"https:\\\/\\\/www.strassenweb.de\\\/nachrichten\\\/wp-content\\\/uploads\\\/2024\\\/09\\\/Die-neuen-Klimastreifen-Wie-Kreativitaet-zum-Umweltschutz-anregen-kann.png\",\"keywords\":[\"anregen\",\"die\",\"kann\",\"Klimastreifen\",\"Kreativit\u00e4t\",\"neuen\",\"Umweltschutz\",\"Wie\",\"zum\"],\"articleSection\":[\"\u00d6kologie\"],\"inLanguage\":\"de\"},{\"@type\":\"WebPage\",\"@id\":\"https:\\\/\\\/www.strassenweb.de\\\/nachrichten\\\/die-neuen-klimastreifen-wie-kreativitaet-zum-umweltschutz-anregen-kann\\\/\",\"url\":\"https:\\\/\\\/www.strassenweb.de\\\/nachrichten\\\/die-neuen-klimastreifen-wie-kreativitaet-zum-umweltschutz-anregen-kann\\\/\",\"name\":\"Die neuen Klimastreifen? Wie Kreativit\u00e4t zum Umweltschutz anregen kann - Nachrichten - Stra\u00dfenweb\",\"isPartOf\":{\"@id\":\"https:\\\/\\\/www.strassenweb.de\\\/nachrichten\\\/#website\"},\"primaryImageOfPage\":{\"@id\":\"https:\\\/\\\/www.strassenweb.de\\\/nachrichten\\\/die-neuen-klimastreifen-wie-kreativitaet-zum-umweltschutz-anregen-kann\\\/#primaryimage\"},\"image\":{\"@id\":\"https:\\\/\\\/www.strassenweb.de\\\/nachrichten\\\/die-neuen-klimastreifen-wie-kreativitaet-zum-umweltschutz-anregen-kann\\\/#primaryimage\"},\"thumbnailUrl\":\"https:\\\/\\\/www.strassenweb.de\\\/nachrichten\\\/wp-content\\\/uploads\\\/2024\\\/09\\\/Die-neuen-Klimastreifen-Wie-Kreativitaet-zum-Umweltschutz-anregen-kann.png\",\"datePublished\":\"2024-09-29T12:49:07+00:00\",\"dateModified\":\"2024-09-29T12:49:08+00:00\",\"breadcrumb\":{\"@id\":\"https:\\\/\\\/www.strassenweb.de\\\/nachrichten\\\/die-neuen-klimastreifen-wie-kreativitaet-zum-umweltschutz-anregen-kann\\\/#breadcrumb\"},\"inLanguage\":\"de\",\"potentialAction\":[{\"@type\":\"ReadAction\",\"target\":[\"https:\\\/\\\/www.strassenweb.de\\\/nachrichten\\\/die-neuen-klimastreifen-wie-kreativitaet-zum-umweltschutz-anregen-kann\\\/\"]}]},{\"@type\":\"ImageObject\",\"inLanguage\":\"de\",\"@id\":\"https:\\\/\\\/www.strassenweb.de\\\/nachrichten\\\/die-neuen-klimastreifen-wie-kreativitaet-zum-umweltschutz-anregen-kann\\\/#primaryimage\",\"url\":\"https:\\\/\\\/www.strassenweb.de\\\/nachrichten\\\/wp-content\\\/uploads\\\/2024\\\/09\\\/Die-neuen-Klimastreifen-Wie-Kreativitaet-zum-Umweltschutz-anregen-kann.png\",\"contentUrl\":\"https:\\\/\\\/www.strassenweb.de\\\/nachrichten\\\/wp-content\\\/uploads\\\/2024\\\/09\\\/Die-neuen-Klimastreifen-Wie-Kreativitaet-zum-Umweltschutz-anregen-kann.png\",\"width\":754,\"height\":351,\"caption\":\"Die neuen Klimastreifen? Wie Kreativit\u00e4t zum Umweltschutz anregen kann\"},{\"@type\":\"BreadcrumbList\",\"@id\":\"https:\\\/\\\/www.strassenweb.de\\\/nachrichten\\\/die-neuen-klimastreifen-wie-kreativitaet-zum-umweltschutz-anregen-kann\\\/#breadcrumb\",\"itemListElement\":[{\"@type\":\"ListItem\",\"position\":1,\"name\":\"Home\",\"item\":\"https:\\\/\\\/www.strassenweb.de\\\/nachrichten\\\/\"},{\"@type\":\"ListItem\",\"position\":2,\"name\":\"Die neuen Klimastreifen? Wie Kreativit\u00e4t zum Umweltschutz anregen kann\"}]},{\"@type\":\"WebSite\",\"@id\":\"https:\\\/\\\/www.strassenweb.de\\\/nachrichten\\\/#website\",\"url\":\"https:\\\/\\\/www.strassenweb.de\\\/nachrichten\\\/\",\"name\":\"Stra\u00dfenweb\",\"description\":\"Stra\u00dfenverzeichnis f\u00fcr Deutschland\",\"publisher\":{\"@id\":\"https:\\\/\\\/www.strassenweb.de\\\/nachrichten\\\/#organization\"},\"potentialAction\":[{\"@type\":\"SearchAction\",\"target\":{\"@type\":\"EntryPoint\",\"urlTemplate\":\"https:\\\/\\\/www.strassenweb.de\\\/nachrichten\\\/?s={search_term_string}\"},\"query-input\":{\"@type\":\"PropertyValueSpecification\",\"valueRequired\":true,\"valueName\":\"search_term_string\"}}],\"inLanguage\":\"de\"},{\"@type\":\"Organization\",\"@id\":\"https:\\\/\\\/www.strassenweb.de\\\/nachrichten\\\/#organization\",\"name\":\"Stra\u00dfenweb\",\"url\":\"https:\\\/\\\/www.strassenweb.de\\\/nachrichten\\\/\",\"logo\":{\"@type\":\"ImageObject\",\"inLanguage\":\"de\",\"@id\":\"https:\\\/\\\/www.strassenweb.de\\\/nachrichten\\\/#\\\/schema\\\/logo\\\/image\\\/\",\"url\":\"https:\\\/\\\/www.strassenweb.de\\\/nachrichten\\\/wp-content\\\/uploads\\\/2024\\\/09\\\/cropped-favicon.png\",\"contentUrl\":\"https:\\\/\\\/www.strassenweb.de\\\/nachrichten\\\/wp-content\\\/uploads\\\/2024\\\/09\\\/cropped-favicon.png\",\"width\":512,\"height\":512,\"caption\":\"Stra\u00dfenweb\"},\"image\":{\"@id\":\"https:\\\/\\\/www.strassenweb.de\\\/nachrichten\\\/#\\\/schema\\\/logo\\\/image\\\/\"},\"sameAs\":[\"https:\\\/\\\/www.facebook.com\\\/strassenweb\\\/\"]},{\"@type\":\"Person\",\"@id\":\"https:\\\/\\\/www.strassenweb.de\\\/nachrichten\\\/#\\\/schema\\\/person\\\/87c9c9067f1211da429a744dc5a5aa41\",\"name\":\"Robert Hoffmann\",\"image\":{\"@type\":\"ImageObject\",\"inLanguage\":\"de\",\"@id\":\"https:\\\/\\\/www.strassenweb.de\\\/nachrichten\\\/wp-content\\\/uploads\\\/2024\\\/09\\\/strassenweb-150x150.jpg\",\"url\":\"https:\\\/\\\/www.strassenweb.de\\\/nachrichten\\\/wp-content\\\/uploads\\\/2024\\\/09\\\/strassenweb-150x150.jpg\",\"contentUrl\":\"https:\\\/\\\/www.strassenweb.de\\\/nachrichten\\\/wp-content\\\/uploads\\\/2024\\\/09\\\/strassenweb-150x150.jpg\",\"caption\":\"Robert Hoffmann\"},\"description\":\"Ich hei\u00dfe Robert Hoffmann und ich bin ein leidenschaftlicher Verfechter von \u00d6kologie und Biodiversit\u00e4t. Seit meiner Kindheit in den W\u00e4ldern Bayerns f\u00fchle ich mich mit der Natur verbunden und bin entschlossen, sie zu sch\u00fctzen. Heute widme ich mein Leben der Sensibilisierung anderer f\u00fcr die Bedeutung des Umweltschutzes f\u00fcr zuk\u00fcnftige Generationen.\",\"sameAs\":[\"https:\\\/\\\/www.strassenweb.de\\\/\"]}]}<\/script>\n<!-- \/ Yoast SEO plugin. -->","yoast_head_json":{"title":"Die neuen Klimastreifen? Wie Kreativit\u00e4t zum Umweltschutz anregen kann - Nachrichten - Stra\u00dfenweb","robots":{"index":"index","follow":"follow","max-snippet":"max-snippet:-1","max-image-preview":"max-image-preview:large","max-video-preview":"max-video-preview:-1"},"canonical":"https:\/\/www.strassenweb.de\/nachrichten\/die-neuen-klimastreifen-wie-kreativitaet-zum-umweltschutz-anregen-kann\/","og_locale":"de_DE","og_type":"article","og_title":"Die neuen Klimastreifen? Wie Kreativit\u00e4t zum Umweltschutz anregen kann - Nachrichten - Stra\u00dfenweb","og_description":"Ohne Kontext sind gro\u00dfe Zahlen bedeutungslos. Daten k\u00f6nnen unglaublich trocken, abstrakt und schwer zu visualisieren sein. Aber manchmal finden Wissenschaftler clevere Wege, komplexe Informationen in","og_url":"https:\/\/www.strassenweb.de\/nachrichten\/die-neuen-klimastreifen-wie-kreativitaet-zum-umweltschutz-anregen-kann\/","og_site_name":"Stra\u00dfenweb","article_publisher":"https:\/\/www.facebook.com\/strassenweb\/","article_published_time":"2024-09-29T12:49:07+00:00","article_modified_time":"2024-09-29T12:49:08+00:00","og_image":[{"width":754,"height":351,"url":"https:\/\/www.strassenweb.de\/nachrichten\/wp-content\/uploads\/2024\/09\/Die-neuen-Klimastreifen-Wie-Kreativitaet-zum-Umweltschutz-anregen-kann.png","type":"image\/png"}],"author":"Robert Hoffmann","twitter_card":"summary_large_image","twitter_misc":{"Verfasst von":"Robert Hoffmann","Gesch\u00e4tzte Lesezeit":"5\u00a0Minuten"},"schema":{"@context":"https:\/\/schema.org","@graph":[{"@type":"Article","@id":"https:\/\/www.strassenweb.de\/nachrichten\/die-neuen-klimastreifen-wie-kreativitaet-zum-umweltschutz-anregen-kann\/#article","isPartOf":{"@id":"https:\/\/www.strassenweb.de\/nachrichten\/die-neuen-klimastreifen-wie-kreativitaet-zum-umweltschutz-anregen-kann\/"},"author":{"name":"Robert Hoffmann","@id":"https:\/\/www.strassenweb.de\/nachrichten\/#\/schema\/person\/87c9c9067f1211da429a744dc5a5aa41"},"headline":"Die neuen Klimastreifen? Wie Kreativit\u00e4t zum Umweltschutz anregen kann","datePublished":"2024-09-29T12:49:07+00:00","dateModified":"2024-09-29T12:49:08+00:00","mainEntityOfPage":{"@id":"https:\/\/www.strassenweb.de\/nachrichten\/die-neuen-klimastreifen-wie-kreativitaet-zum-umweltschutz-anregen-kann\/"},"wordCount":1026,"publisher":{"@id":"https:\/\/www.strassenweb.de\/nachrichten\/#organization"},"image":{"@id":"https:\/\/www.strassenweb.de\/nachrichten\/die-neuen-klimastreifen-wie-kreativitaet-zum-umweltschutz-anregen-kann\/#primaryimage"},"thumbnailUrl":"https:\/\/www.strassenweb.de\/nachrichten\/wp-content\/uploads\/2024\/09\/Die-neuen-Klimastreifen-Wie-Kreativitaet-zum-Umweltschutz-anregen-kann.png","keywords":["anregen","die","kann","Klimastreifen","Kreativit\u00e4t","neuen","Umweltschutz","Wie","zum"],"articleSection":["\u00d6kologie"],"inLanguage":"de"},{"@type":"WebPage","@id":"https:\/\/www.strassenweb.de\/nachrichten\/die-neuen-klimastreifen-wie-kreativitaet-zum-umweltschutz-anregen-kann\/","url":"https:\/\/www.strassenweb.de\/nachrichten\/die-neuen-klimastreifen-wie-kreativitaet-zum-umweltschutz-anregen-kann\/","name":"Die neuen Klimastreifen? Wie Kreativit\u00e4t zum Umweltschutz anregen kann - Nachrichten - Stra\u00dfenweb","isPartOf":{"@id":"https:\/\/www.strassenweb.de\/nachrichten\/#website"},"primaryImageOfPage":{"@id":"https:\/\/www.strassenweb.de\/nachrichten\/die-neuen-klimastreifen-wie-kreativitaet-zum-umweltschutz-anregen-kann\/#primaryimage"},"image":{"@id":"https:\/\/www.strassenweb.de\/nachrichten\/die-neuen-klimastreifen-wie-kreativitaet-zum-umweltschutz-anregen-kann\/#primaryimage"},"thumbnailUrl":"https:\/\/www.strassenweb.de\/nachrichten\/wp-content\/uploads\/2024\/09\/Die-neuen-Klimastreifen-Wie-Kreativitaet-zum-Umweltschutz-anregen-kann.png","datePublished":"2024-09-29T12:49:07+00:00","dateModified":"2024-09-29T12:49:08+00:00","breadcrumb":{"@id":"https:\/\/www.strassenweb.de\/nachrichten\/die-neuen-klimastreifen-wie-kreativitaet-zum-umweltschutz-anregen-kann\/#breadcrumb"},"inLanguage":"de","potentialAction":[{"@type":"ReadAction","target":["https:\/\/www.strassenweb.de\/nachrichten\/die-neuen-klimastreifen-wie-kreativitaet-zum-umweltschutz-anregen-kann\/"]}]},{"@type":"ImageObject","inLanguage":"de","@id":"https:\/\/www.strassenweb.de\/nachrichten\/die-neuen-klimastreifen-wie-kreativitaet-zum-umweltschutz-anregen-kann\/#primaryimage","url":"https:\/\/www.strassenweb.de\/nachrichten\/wp-content\/uploads\/2024\/09\/Die-neuen-Klimastreifen-Wie-Kreativitaet-zum-Umweltschutz-anregen-kann.png","contentUrl":"https:\/\/www.strassenweb.de\/nachrichten\/wp-content\/uploads\/2024\/09\/Die-neuen-Klimastreifen-Wie-Kreativitaet-zum-Umweltschutz-anregen-kann.png","width":754,"height":351,"caption":"Die neuen Klimastreifen? Wie Kreativit\u00e4t zum Umweltschutz anregen kann"},{"@type":"BreadcrumbList","@id":"https:\/\/www.strassenweb.de\/nachrichten\/die-neuen-klimastreifen-wie-kreativitaet-zum-umweltschutz-anregen-kann\/#breadcrumb","itemListElement":[{"@type":"ListItem","position":1,"name":"Home","item":"https:\/\/www.strassenweb.de\/nachrichten\/"},{"@type":"ListItem","position":2,"name":"Die neuen Klimastreifen? Wie Kreativit\u00e4t zum Umweltschutz anregen kann"}]},{"@type":"WebSite","@id":"https:\/\/www.strassenweb.de\/nachrichten\/#website","url":"https:\/\/www.strassenweb.de\/nachrichten\/","name":"Stra\u00dfenweb","description":"Stra\u00dfenverzeichnis f\u00fcr Deutschland","publisher":{"@id":"https:\/\/www.strassenweb.de\/nachrichten\/#organization"},"potentialAction":[{"@type":"SearchAction","target":{"@type":"EntryPoint","urlTemplate":"https:\/\/www.strassenweb.de\/nachrichten\/?s={search_term_string}"},"query-input":{"@type":"PropertyValueSpecification","valueRequired":true,"valueName":"search_term_string"}}],"inLanguage":"de"},{"@type":"Organization","@id":"https:\/\/www.strassenweb.de\/nachrichten\/#organization","name":"Stra\u00dfenweb","url":"https:\/\/www.strassenweb.de\/nachrichten\/","logo":{"@type":"ImageObject","inLanguage":"de","@id":"https:\/\/www.strassenweb.de\/nachrichten\/#\/schema\/logo\/image\/","url":"https:\/\/www.strassenweb.de\/nachrichten\/wp-content\/uploads\/2024\/09\/cropped-favicon.png","contentUrl":"https:\/\/www.strassenweb.de\/nachrichten\/wp-content\/uploads\/2024\/09\/cropped-favicon.png","width":512,"height":512,"caption":"Stra\u00dfenweb"},"image":{"@id":"https:\/\/www.strassenweb.de\/nachrichten\/#\/schema\/logo\/image\/"},"sameAs":["https:\/\/www.facebook.com\/strassenweb\/"]},{"@type":"Person","@id":"https:\/\/www.strassenweb.de\/nachrichten\/#\/schema\/person\/87c9c9067f1211da429a744dc5a5aa41","name":"Robert Hoffmann","image":{"@type":"ImageObject","inLanguage":"de","@id":"https:\/\/www.strassenweb.de\/nachrichten\/wp-content\/uploads\/2024\/09\/strassenweb-150x150.jpg","url":"https:\/\/www.strassenweb.de\/nachrichten\/wp-content\/uploads\/2024\/09\/strassenweb-150x150.jpg","contentUrl":"https:\/\/www.strassenweb.de\/nachrichten\/wp-content\/uploads\/2024\/09\/strassenweb-150x150.jpg","caption":"Robert Hoffmann"},"description":"Ich hei\u00dfe Robert Hoffmann und ich bin ein leidenschaftlicher Verfechter von \u00d6kologie und Biodiversit\u00e4t. Seit meiner Kindheit in den W\u00e4ldern Bayerns f\u00fchle ich mich mit der Natur verbunden und bin entschlossen, sie zu sch\u00fctzen. Heute widme ich mein Leben der Sensibilisierung anderer f\u00fcr die Bedeutung des Umweltschutzes f\u00fcr zuk\u00fcnftige Generationen.","sameAs":["https:\/\/www.strassenweb.de\/"]}]}},"_links":{"self":[{"href":"https:\/\/www.strassenweb.de\/nachrichten\/wp-json\/wp\/v2\/posts\/417","targetHints":{"allow":["GET"]}}],"collection":[{"href":"https:\/\/www.strassenweb.de\/nachrichten\/wp-json\/wp\/v2\/posts"}],"about":[{"href":"https:\/\/www.strassenweb.de\/nachrichten\/wp-json\/wp\/v2\/types\/post"}],"author":[{"embeddable":true,"href":"https:\/\/www.strassenweb.de\/nachrichten\/wp-json\/wp\/v2\/users\/1"}],"replies":[{"embeddable":true,"href":"https:\/\/www.strassenweb.de\/nachrichten\/wp-json\/wp\/v2\/comments?post=417"}],"version-history":[{"count":0,"href":"https:\/\/www.strassenweb.de\/nachrichten\/wp-json\/wp\/v2\/posts\/417\/revisions"}],"wp:featuredmedia":[{"embeddable":true,"href":"https:\/\/www.strassenweb.de\/nachrichten\/wp-json\/wp\/v2\/media\/418"}],"wp:attachment":[{"href":"https:\/\/www.strassenweb.de\/nachrichten\/wp-json\/wp\/v2\/media?parent=417"}],"wp:term":[{"taxonomy":"category","embeddable":true,"href":"https:\/\/www.strassenweb.de\/nachrichten\/wp-json\/wp\/v2\/categories?post=417"},{"taxonomy":"post_tag","embeddable":true,"href":"https:\/\/www.strassenweb.de\/nachrichten\/wp-json\/wp\/v2\/tags?post=417"}],"curies":[{"name":"wp","href":"https:\/\/api.w.org\/{rel}","templated":true}]}}