{"id":4147,"date":"2025-03-28T19:44:15","date_gmt":"2025-03-28T18:44:15","guid":{"rendered":"https:\/\/www.strassenweb.de\/nachrichten\/martha-stewart-sagt-farbe-sei-die-grundlage-die-ihre-kerndesignelemente-zusammenbringt-ihre-in-europa-inspirierten-farben-haben-es-einfach-einfacher-gemacht\/"},"modified":"2025-03-28T19:44:15","modified_gmt":"2025-03-28T18:44:15","slug":"martha-stewart-sagt-farbe-sei-die-grundlage-die-ihre-kerndesignelemente-zusammenbringt-ihre-in-europa-inspirierten-farben-haben-es-einfach-einfacher-gemacht","status":"publish","type":"post","link":"https:\/\/www.strassenweb.de\/nachrichten\/martha-stewart-sagt-farbe-sei-die-grundlage-die-ihre-kerndesignelemente-zusammenbringt-ihre-in-europa-inspirierten-farben-haben-es-einfach-einfacher-gemacht\/","title":{"rendered":"Martha Stewart sagt, Farbe sei die &#8222;Grundlage&#8220;, die Ihre Kerndesignelemente zusammenbringt-ihre in Europa inspirierten Farben haben es einfach einfacher gemacht"},"content":{"rendered":"<p><\/p>\n<div id=\"article-body\" class=\"article__body \">\n<p>Wenn Sie Ihren W\u00e4nden eine Farbfrischung geben wollten, ist Martha Stewarts neue Kollektion mit feinen Farben Europas m\u00f6glicherweise die L\u00f6sung.<\/p>\n<div id=\"ad-unit-1\" class=\"ad-unit\"><\/div>\n<p>Martha Stewarts Kollektionen sparen bereits HomeWare Wesents, aber sie hat ihrem Lebenslauf nur eine weitere F\u00e4higkeit hinzugef\u00fcgt. Der Experte hat sich mit der Lackmarke zusammengetan, um eine Linie von 40 Farben zu produzieren, die von der nat\u00fcrlichen Welt inspiriert sind und von blassen Gr\u00fcn- und schicken Graut\u00f6nen bis hin zu warmen Cremes und Blues reichen.<\/p>\n<aside class=\"hawk-base\" data-block-type=\"embed\" data-render-type=\"fte\" data-skip=\"dealsy\" data-widget-type=\"seasonal\">\n<div class=\"hawk-master-widget-hawk-base-wrapper\"><\/div>\n<\/aside>\n<p>&#8222;Ich habe diese sch\u00f6ne Linie von Wandfarben kuratiert, die von der Natur inspiriert ist, da ich wei\u00df, dass ein Zuhause sowohl funktional als auch ansprechend sein sollte&#8220;, sagt Martha.<\/p>\n<div id=\"desktop-in-article\" class=\"in-article ad-unit\">\n<div id=\"desktop-taboola-mid-article\"><\/div>\n<\/div>\n<div id=\"mobile-in-article\" class=\"in-article ad-unit\">\n<div id=\"mobile-taboola-mid-article\"><\/div>\n<\/div>\n<p>\u201eMit einer Vielzahl von Farben k\u00f6nnen Sie ein Interieur erstellen, das zu Ihrem Geschmack und Ihrem Lebensstil passt. Ich hoffe, meine Sammlung mit feinen Farben Europas inspiriert Ihr n\u00e4chstes Heimprojekt. Ein gut gestalteter Raum beginnt mit der Auswahl der perfekten Kerndesignelemente, und Farbe ist die Grundlage, die alles zusammenbringt. &#8218;<\/p>\n<div class=\"van_vid_carousel\">\n<div class=\"van_vid_carousel__padding\">\n<div class=\"van_vid_carousel__container\"><\/div>\n<\/div>\n<\/div>\n<h3 class=\"article-body__section\" id=\"section-shop-the-new-martha-stewart-paint-collection\"><span>Kaufen Sie die neue Martha Stewart Paint Collection ein<\/span><\/h3>\n<div class=\"product-container hero-product-container product-block-no-wrap\"><\/div>\n<p>Fine Paints und Martha haben eine reiche Geschichte, die \u00fcber 30 Jahre aus ihrer ersten Sammlung zur\u00fcckgeht. Es hat sich jedoch weiter an Designtrends und moderne Hausbed\u00fcrfnisse anpassen.<\/p>\n<div id=\"ad-unit-2\" class=\"ad-unit\"><\/div>\n<p>&#8218;Fine Paints freut sich, an dieser neuen Zusammenarbeit mit Martha Stewart f\u00fcr die &#8222;Innenarchitektursammlung von Fine Paints of Europe&#8220; teilzunehmen, sagt John Lahey, Pr\u00e4sident von Fine Paints of Europe.<\/p>\n<p>&#8218;Fine Paints und Martha Stewart haben eine lange Beziehung, beginnend mit den Originalfarben der Gartensammlung, gefolgt von den Sammlungen Araucana, Skylands und Lily Pond. Martha Stewarts Expertise in der Farbkreation, kombiniert mit den Qualit\u00e4tsbeschichtungen von Fine Paints, war seit langem ein \u00f6ffentlicher Favorit. Wir freuen uns, dass eine andere Generation von Design-versierten Kunden diese neue Kollektion genie\u00dfen wird. &#8218;<\/p>\n<div id=\"slice-container-newsletterForm-articleInbodyContent-KCSTKDF6jx9HtQhipxqg6M\" class=\"slice-container newsletter-inbodyContent-slice newsletterForm-articleInbodyContent-KCSTKDF6jx9HtQhipxqg6M slice-container-newsletterForm\"><\/div>\n<p>Durchsuchen Sie hier die gesamte Kollektion bei Amazon oder kaufen Sie sechs unserer Lieblingsfarben aus der neuen Reichweite oben.<\/p>\n<hr>\n<\/div>\n","protected":false},"excerpt":{"rendered":"<p>Wenn Sie Ihren W\u00e4nden eine Farbfrischung geben wollten, ist Martha Stewarts neue Kollektion mit feinen Farben Europas m\u00f6glicherweise die L\u00f6sung. Martha Stewarts Kollektionen sparen bereits<\/p>\n","protected":false},"author":1,"featured_media":3840,"comment_status":"closed","ping_status":"","sticky":false,"template":"","format":"standard","meta":{"footnotes":""},"categories":[118],"tags":[9,355,4077,593,1202,874,2741,6272,469,225,4102,6273,2894,1175,1249,3131,6274],"class_list":["post-4147","post","type-post","status-publish","format-standard","has-post-thumbnail","hentry","category-haus-garten","tag-die","tag-einfach","tag-einfacher","tag-europa","tag-farbe","tag-farben","tag-gemacht","tag-grundlage","tag-haben","tag-ihre","tag-inspirierten","tag-kerndesignelemente","tag-martha","tag-sagt","tag-sei","tag-stewart","tag-zusammenbringtihre","generate-columns","tablet-grid-50","mobile-grid-100","grid-parent","grid-50"],"yoast_head":"<!-- This site is optimized with the Yoast SEO plugin v27.3 - https:\/\/yoast.com\/product\/yoast-seo-wordpress\/ -->\n<title>Martha Stewart sagt, Farbe sei die &quot;Grundlage&quot;, die Ihre Kerndesignelemente zusammenbringt-ihre in Europa inspirierten Farben haben es einfach einfacher gemacht - Nachrichten - Stra\u00dfenweb<\/title>\n<meta name=\"robots\" content=\"index, follow, max-snippet:-1, max-image-preview:large, max-video-preview:-1\" \/>\n<link rel=\"canonical\" href=\"https:\/\/www.strassenweb.de\/nachrichten\/martha-stewart-sagt-farbe-sei-die-grundlage-die-ihre-kerndesignelemente-zusammenbringt-ihre-in-europa-inspirierten-farben-haben-es-einfach-einfacher-gemacht\/\" \/>\n<meta property=\"og:locale\" content=\"de_DE\" \/>\n<meta property=\"og:type\" content=\"article\" \/>\n<meta property=\"og:title\" content=\"Martha Stewart sagt, Farbe sei die &quot;Grundlage&quot;, die Ihre Kerndesignelemente zusammenbringt-ihre in Europa inspirierten Farben haben es einfach einfacher gemacht - Nachrichten - Stra\u00dfenweb\" \/>\n<meta property=\"og:description\" content=\"Wenn Sie Ihren W\u00e4nden eine Farbfrischung geben wollten, ist Martha Stewarts neue Kollektion mit feinen Farben Europas m\u00f6glicherweise die L\u00f6sung. Martha Stewarts Kollektionen sparen bereits\" \/>\n<meta property=\"og:url\" content=\"https:\/\/www.strassenweb.de\/nachrichten\/martha-stewart-sagt-farbe-sei-die-grundlage-die-ihre-kerndesignelemente-zusammenbringt-ihre-in-europa-inspirierten-farben-haben-es-einfach-einfacher-gemacht\/\" \/>\n<meta property=\"og:site_name\" content=\"Stra\u00dfenweb\" \/>\n<meta property=\"article:publisher\" content=\"https:\/\/www.facebook.com\/strassenweb\/\" \/>\n<meta property=\"article:published_time\" content=\"2025-03-28T18:44:15+00:00\" \/>\n<meta property=\"og:image\" content=\"https:\/\/www.strassenweb.de\/nachrichten\/wp-content\/uploads\/2025\/03\/Martha-Stewarts-Festungstisch-von-St-Patricks-Day-enthaelt-erhoehte-Geschirr.jpg\" \/>\n\t<meta property=\"og:image:width\" content=\"1200\" \/>\n\t<meta property=\"og:image:height\" content=\"675\" \/>\n\t<meta property=\"og:image:type\" content=\"image\/jpeg\" \/>\n<meta name=\"author\" content=\"Robert Hoffmann\" \/>\n<meta name=\"twitter:card\" content=\"summary_large_image\" \/>\n<meta name=\"twitter:label1\" content=\"Verfasst von\" \/>\n\t<meta name=\"twitter:data1\" content=\"Robert Hoffmann\" \/>\n\t<meta name=\"twitter:label2\" content=\"Gesch\u00e4tzte Lesezeit\" \/>\n\t<meta name=\"twitter:data2\" content=\"2\u00a0Minuten\" \/>\n<script type=\"application\/ld+json\" class=\"yoast-schema-graph\">{\"@context\":\"https:\\\/\\\/schema.org\",\"@graph\":[{\"@type\":\"Article\",\"@id\":\"https:\\\/\\\/www.strassenweb.de\\\/nachrichten\\\/martha-stewart-sagt-farbe-sei-die-grundlage-die-ihre-kerndesignelemente-zusammenbringt-ihre-in-europa-inspirierten-farben-haben-es-einfach-einfacher-gemacht\\\/#article\",\"isPartOf\":{\"@id\":\"https:\\\/\\\/www.strassenweb.de\\\/nachrichten\\\/martha-stewart-sagt-farbe-sei-die-grundlage-die-ihre-kerndesignelemente-zusammenbringt-ihre-in-europa-inspirierten-farben-haben-es-einfach-einfacher-gemacht\\\/\"},\"author\":{\"name\":\"Robert Hoffmann\",\"@id\":\"https:\\\/\\\/www.strassenweb.de\\\/nachrichten\\\/#\\\/schema\\\/person\\\/87c9c9067f1211da429a744dc5a5aa41\"},\"headline\":\"Martha Stewart sagt, Farbe sei die &#8222;Grundlage&#8220;, die Ihre Kerndesignelemente zusammenbringt-ihre in Europa inspirierten Farben haben es einfach einfacher gemacht\",\"datePublished\":\"2025-03-28T18:44:15+00:00\",\"mainEntityOfPage\":{\"@id\":\"https:\\\/\\\/www.strassenweb.de\\\/nachrichten\\\/martha-stewart-sagt-farbe-sei-die-grundlage-die-ihre-kerndesignelemente-zusammenbringt-ihre-in-europa-inspirierten-farben-haben-es-einfach-einfacher-gemacht\\\/\"},\"wordCount\":331,\"publisher\":{\"@id\":\"https:\\\/\\\/www.strassenweb.de\\\/nachrichten\\\/#organization\"},\"image\":{\"@id\":\"https:\\\/\\\/www.strassenweb.de\\\/nachrichten\\\/martha-stewart-sagt-farbe-sei-die-grundlage-die-ihre-kerndesignelemente-zusammenbringt-ihre-in-europa-inspirierten-farben-haben-es-einfach-einfacher-gemacht\\\/#primaryimage\"},\"thumbnailUrl\":\"https:\\\/\\\/www.strassenweb.de\\\/nachrichten\\\/wp-content\\\/uploads\\\/2025\\\/03\\\/Martha-Stewarts-Festungstisch-von-St-Patricks-Day-enthaelt-erhoehte-Geschirr.jpg\",\"keywords\":[\"die\",\"einfach\",\"einfacher\",\"Europa\",\"Farbe\",\"Farben\",\"gemacht\",\"Grundlage\",\"haben\",\"ihre\",\"inspirierten\",\"Kerndesignelemente\",\"Martha\",\"sagt\",\"sei\",\"Stewart\",\"zusammenbringtihre\"],\"articleSection\":[\"Haus &amp; Garten\"],\"inLanguage\":\"de\"},{\"@type\":\"WebPage\",\"@id\":\"https:\\\/\\\/www.strassenweb.de\\\/nachrichten\\\/martha-stewart-sagt-farbe-sei-die-grundlage-die-ihre-kerndesignelemente-zusammenbringt-ihre-in-europa-inspirierten-farben-haben-es-einfach-einfacher-gemacht\\\/\",\"url\":\"https:\\\/\\\/www.strassenweb.de\\\/nachrichten\\\/martha-stewart-sagt-farbe-sei-die-grundlage-die-ihre-kerndesignelemente-zusammenbringt-ihre-in-europa-inspirierten-farben-haben-es-einfach-einfacher-gemacht\\\/\",\"name\":\"Martha Stewart sagt, Farbe sei die \\\"Grundlage\\\", die Ihre Kerndesignelemente zusammenbringt-ihre in Europa inspirierten Farben haben es einfach einfacher gemacht - Nachrichten - Stra\u00dfenweb\",\"isPartOf\":{\"@id\":\"https:\\\/\\\/www.strassenweb.de\\\/nachrichten\\\/#website\"},\"primaryImageOfPage\":{\"@id\":\"https:\\\/\\\/www.strassenweb.de\\\/nachrichten\\\/martha-stewart-sagt-farbe-sei-die-grundlage-die-ihre-kerndesignelemente-zusammenbringt-ihre-in-europa-inspirierten-farben-haben-es-einfach-einfacher-gemacht\\\/#primaryimage\"},\"image\":{\"@id\":\"https:\\\/\\\/www.strassenweb.de\\\/nachrichten\\\/martha-stewart-sagt-farbe-sei-die-grundlage-die-ihre-kerndesignelemente-zusammenbringt-ihre-in-europa-inspirierten-farben-haben-es-einfach-einfacher-gemacht\\\/#primaryimage\"},\"thumbnailUrl\":\"https:\\\/\\\/www.strassenweb.de\\\/nachrichten\\\/wp-content\\\/uploads\\\/2025\\\/03\\\/Martha-Stewarts-Festungstisch-von-St-Patricks-Day-enthaelt-erhoehte-Geschirr.jpg\",\"datePublished\":\"2025-03-28T18:44:15+00:00\",\"breadcrumb\":{\"@id\":\"https:\\\/\\\/www.strassenweb.de\\\/nachrichten\\\/martha-stewart-sagt-farbe-sei-die-grundlage-die-ihre-kerndesignelemente-zusammenbringt-ihre-in-europa-inspirierten-farben-haben-es-einfach-einfacher-gemacht\\\/#breadcrumb\"},\"inLanguage\":\"de\",\"potentialAction\":[{\"@type\":\"ReadAction\",\"target\":[\"https:\\\/\\\/www.strassenweb.de\\\/nachrichten\\\/martha-stewart-sagt-farbe-sei-die-grundlage-die-ihre-kerndesignelemente-zusammenbringt-ihre-in-europa-inspirierten-farben-haben-es-einfach-einfacher-gemacht\\\/\"]}]},{\"@type\":\"ImageObject\",\"inLanguage\":\"de\",\"@id\":\"https:\\\/\\\/www.strassenweb.de\\\/nachrichten\\\/martha-stewart-sagt-farbe-sei-die-grundlage-die-ihre-kerndesignelemente-zusammenbringt-ihre-in-europa-inspirierten-farben-haben-es-einfach-einfacher-gemacht\\\/#primaryimage\",\"url\":\"https:\\\/\\\/www.strassenweb.de\\\/nachrichten\\\/wp-content\\\/uploads\\\/2025\\\/03\\\/Martha-Stewarts-Festungstisch-von-St-Patricks-Day-enthaelt-erhoehte-Geschirr.jpg\",\"contentUrl\":\"https:\\\/\\\/www.strassenweb.de\\\/nachrichten\\\/wp-content\\\/uploads\\\/2025\\\/03\\\/Martha-Stewarts-Festungstisch-von-St-Patricks-Day-enthaelt-erhoehte-Geschirr.jpg\",\"width\":1200,\"height\":675,\"caption\":\"Martha Stewarts Festungstisch von St. Patrick's Day enth\u00e4lt erh\u00f6hte Geschirr und atemberaubendes Gr\u00fcn - neu erzeugen Sie ihren Look ab 15 US -Dollar neu\"},{\"@type\":\"BreadcrumbList\",\"@id\":\"https:\\\/\\\/www.strassenweb.de\\\/nachrichten\\\/martha-stewart-sagt-farbe-sei-die-grundlage-die-ihre-kerndesignelemente-zusammenbringt-ihre-in-europa-inspirierten-farben-haben-es-einfach-einfacher-gemacht\\\/#breadcrumb\",\"itemListElement\":[{\"@type\":\"ListItem\",\"position\":1,\"name\":\"Home\",\"item\":\"https:\\\/\\\/www.strassenweb.de\\\/nachrichten\\\/\"},{\"@type\":\"ListItem\",\"position\":2,\"name\":\"Martha Stewart sagt, Farbe sei die &#8222;Grundlage&#8220;, die Ihre Kerndesignelemente zusammenbringt-ihre in Europa inspirierten Farben haben es einfach einfacher gemacht\"}]},{\"@type\":\"WebSite\",\"@id\":\"https:\\\/\\\/www.strassenweb.de\\\/nachrichten\\\/#website\",\"url\":\"https:\\\/\\\/www.strassenweb.de\\\/nachrichten\\\/\",\"name\":\"Stra\u00dfenweb\",\"description\":\"Stra\u00dfenverzeichnis f\u00fcr Deutschland\",\"publisher\":{\"@id\":\"https:\\\/\\\/www.strassenweb.de\\\/nachrichten\\\/#organization\"},\"potentialAction\":[{\"@type\":\"SearchAction\",\"target\":{\"@type\":\"EntryPoint\",\"urlTemplate\":\"https:\\\/\\\/www.strassenweb.de\\\/nachrichten\\\/?s={search_term_string}\"},\"query-input\":{\"@type\":\"PropertyValueSpecification\",\"valueRequired\":true,\"valueName\":\"search_term_string\"}}],\"inLanguage\":\"de\"},{\"@type\":\"Organization\",\"@id\":\"https:\\\/\\\/www.strassenweb.de\\\/nachrichten\\\/#organization\",\"name\":\"Stra\u00dfenweb\",\"url\":\"https:\\\/\\\/www.strassenweb.de\\\/nachrichten\\\/\",\"logo\":{\"@type\":\"ImageObject\",\"inLanguage\":\"de\",\"@id\":\"https:\\\/\\\/www.strassenweb.de\\\/nachrichten\\\/#\\\/schema\\\/logo\\\/image\\\/\",\"url\":\"https:\\\/\\\/www.strassenweb.de\\\/nachrichten\\\/wp-content\\\/uploads\\\/2024\\\/09\\\/cropped-favicon.png\",\"contentUrl\":\"https:\\\/\\\/www.strassenweb.de\\\/nachrichten\\\/wp-content\\\/uploads\\\/2024\\\/09\\\/cropped-favicon.png\",\"width\":512,\"height\":512,\"caption\":\"Stra\u00dfenweb\"},\"image\":{\"@id\":\"https:\\\/\\\/www.strassenweb.de\\\/nachrichten\\\/#\\\/schema\\\/logo\\\/image\\\/\"},\"sameAs\":[\"https:\\\/\\\/www.facebook.com\\\/strassenweb\\\/\"]},{\"@type\":\"Person\",\"@id\":\"https:\\\/\\\/www.strassenweb.de\\\/nachrichten\\\/#\\\/schema\\\/person\\\/87c9c9067f1211da429a744dc5a5aa41\",\"name\":\"Robert Hoffmann\",\"image\":{\"@type\":\"ImageObject\",\"inLanguage\":\"de\",\"@id\":\"https:\\\/\\\/www.strassenweb.de\\\/nachrichten\\\/wp-content\\\/uploads\\\/2024\\\/09\\\/strassenweb-150x150.jpg\",\"url\":\"https:\\\/\\\/www.strassenweb.de\\\/nachrichten\\\/wp-content\\\/uploads\\\/2024\\\/09\\\/strassenweb-150x150.jpg\",\"contentUrl\":\"https:\\\/\\\/www.strassenweb.de\\\/nachrichten\\\/wp-content\\\/uploads\\\/2024\\\/09\\\/strassenweb-150x150.jpg\",\"caption\":\"Robert Hoffmann\"},\"description\":\"Ich hei\u00dfe Robert Hoffmann und ich bin ein leidenschaftlicher Verfechter von \u00d6kologie und Biodiversit\u00e4t. Seit meiner Kindheit in den W\u00e4ldern Bayerns f\u00fchle ich mich mit der Natur verbunden und bin entschlossen, sie zu sch\u00fctzen. Heute widme ich mein Leben der Sensibilisierung anderer f\u00fcr die Bedeutung des Umweltschutzes f\u00fcr zuk\u00fcnftige Generationen.\",\"sameAs\":[\"https:\\\/\\\/www.strassenweb.de\\\/\"]}]}<\/script>\n<!-- \/ Yoast SEO plugin. -->","yoast_head_json":{"title":"Martha Stewart sagt, Farbe sei die \"Grundlage\", die Ihre Kerndesignelemente zusammenbringt-ihre in Europa inspirierten Farben haben es einfach einfacher gemacht - Nachrichten - Stra\u00dfenweb","robots":{"index":"index","follow":"follow","max-snippet":"max-snippet:-1","max-image-preview":"max-image-preview:large","max-video-preview":"max-video-preview:-1"},"canonical":"https:\/\/www.strassenweb.de\/nachrichten\/martha-stewart-sagt-farbe-sei-die-grundlage-die-ihre-kerndesignelemente-zusammenbringt-ihre-in-europa-inspirierten-farben-haben-es-einfach-einfacher-gemacht\/","og_locale":"de_DE","og_type":"article","og_title":"Martha Stewart sagt, Farbe sei die \"Grundlage\", die Ihre Kerndesignelemente zusammenbringt-ihre in Europa inspirierten Farben haben es einfach einfacher gemacht - Nachrichten - Stra\u00dfenweb","og_description":"Wenn Sie Ihren W\u00e4nden eine Farbfrischung geben wollten, ist Martha Stewarts neue Kollektion mit feinen Farben Europas m\u00f6glicherweise die L\u00f6sung. Martha Stewarts Kollektionen sparen bereits","og_url":"https:\/\/www.strassenweb.de\/nachrichten\/martha-stewart-sagt-farbe-sei-die-grundlage-die-ihre-kerndesignelemente-zusammenbringt-ihre-in-europa-inspirierten-farben-haben-es-einfach-einfacher-gemacht\/","og_site_name":"Stra\u00dfenweb","article_publisher":"https:\/\/www.facebook.com\/strassenweb\/","article_published_time":"2025-03-28T18:44:15+00:00","og_image":[{"width":1200,"height":675,"url":"https:\/\/www.strassenweb.de\/nachrichten\/wp-content\/uploads\/2025\/03\/Martha-Stewarts-Festungstisch-von-St-Patricks-Day-enthaelt-erhoehte-Geschirr.jpg","type":"image\/jpeg"}],"author":"Robert Hoffmann","twitter_card":"summary_large_image","twitter_misc":{"Verfasst von":"Robert Hoffmann","Gesch\u00e4tzte Lesezeit":"2\u00a0Minuten"},"schema":{"@context":"https:\/\/schema.org","@graph":[{"@type":"Article","@id":"https:\/\/www.strassenweb.de\/nachrichten\/martha-stewart-sagt-farbe-sei-die-grundlage-die-ihre-kerndesignelemente-zusammenbringt-ihre-in-europa-inspirierten-farben-haben-es-einfach-einfacher-gemacht\/#article","isPartOf":{"@id":"https:\/\/www.strassenweb.de\/nachrichten\/martha-stewart-sagt-farbe-sei-die-grundlage-die-ihre-kerndesignelemente-zusammenbringt-ihre-in-europa-inspirierten-farben-haben-es-einfach-einfacher-gemacht\/"},"author":{"name":"Robert Hoffmann","@id":"https:\/\/www.strassenweb.de\/nachrichten\/#\/schema\/person\/87c9c9067f1211da429a744dc5a5aa41"},"headline":"Martha Stewart sagt, Farbe sei die &#8222;Grundlage&#8220;, die Ihre Kerndesignelemente zusammenbringt-ihre in Europa inspirierten Farben haben es einfach einfacher gemacht","datePublished":"2025-03-28T18:44:15+00:00","mainEntityOfPage":{"@id":"https:\/\/www.strassenweb.de\/nachrichten\/martha-stewart-sagt-farbe-sei-die-grundlage-die-ihre-kerndesignelemente-zusammenbringt-ihre-in-europa-inspirierten-farben-haben-es-einfach-einfacher-gemacht\/"},"wordCount":331,"publisher":{"@id":"https:\/\/www.strassenweb.de\/nachrichten\/#organization"},"image":{"@id":"https:\/\/www.strassenweb.de\/nachrichten\/martha-stewart-sagt-farbe-sei-die-grundlage-die-ihre-kerndesignelemente-zusammenbringt-ihre-in-europa-inspirierten-farben-haben-es-einfach-einfacher-gemacht\/#primaryimage"},"thumbnailUrl":"https:\/\/www.strassenweb.de\/nachrichten\/wp-content\/uploads\/2025\/03\/Martha-Stewarts-Festungstisch-von-St-Patricks-Day-enthaelt-erhoehte-Geschirr.jpg","keywords":["die","einfach","einfacher","Europa","Farbe","Farben","gemacht","Grundlage","haben","ihre","inspirierten","Kerndesignelemente","Martha","sagt","sei","Stewart","zusammenbringtihre"],"articleSection":["Haus &amp; Garten"],"inLanguage":"de"},{"@type":"WebPage","@id":"https:\/\/www.strassenweb.de\/nachrichten\/martha-stewart-sagt-farbe-sei-die-grundlage-die-ihre-kerndesignelemente-zusammenbringt-ihre-in-europa-inspirierten-farben-haben-es-einfach-einfacher-gemacht\/","url":"https:\/\/www.strassenweb.de\/nachrichten\/martha-stewart-sagt-farbe-sei-die-grundlage-die-ihre-kerndesignelemente-zusammenbringt-ihre-in-europa-inspirierten-farben-haben-es-einfach-einfacher-gemacht\/","name":"Martha Stewart sagt, Farbe sei die \"Grundlage\", die Ihre Kerndesignelemente zusammenbringt-ihre in Europa inspirierten Farben haben es einfach einfacher gemacht - Nachrichten - Stra\u00dfenweb","isPartOf":{"@id":"https:\/\/www.strassenweb.de\/nachrichten\/#website"},"primaryImageOfPage":{"@id":"https:\/\/www.strassenweb.de\/nachrichten\/martha-stewart-sagt-farbe-sei-die-grundlage-die-ihre-kerndesignelemente-zusammenbringt-ihre-in-europa-inspirierten-farben-haben-es-einfach-einfacher-gemacht\/#primaryimage"},"image":{"@id":"https:\/\/www.strassenweb.de\/nachrichten\/martha-stewart-sagt-farbe-sei-die-grundlage-die-ihre-kerndesignelemente-zusammenbringt-ihre-in-europa-inspirierten-farben-haben-es-einfach-einfacher-gemacht\/#primaryimage"},"thumbnailUrl":"https:\/\/www.strassenweb.de\/nachrichten\/wp-content\/uploads\/2025\/03\/Martha-Stewarts-Festungstisch-von-St-Patricks-Day-enthaelt-erhoehte-Geschirr.jpg","datePublished":"2025-03-28T18:44:15+00:00","breadcrumb":{"@id":"https:\/\/www.strassenweb.de\/nachrichten\/martha-stewart-sagt-farbe-sei-die-grundlage-die-ihre-kerndesignelemente-zusammenbringt-ihre-in-europa-inspirierten-farben-haben-es-einfach-einfacher-gemacht\/#breadcrumb"},"inLanguage":"de","potentialAction":[{"@type":"ReadAction","target":["https:\/\/www.strassenweb.de\/nachrichten\/martha-stewart-sagt-farbe-sei-die-grundlage-die-ihre-kerndesignelemente-zusammenbringt-ihre-in-europa-inspirierten-farben-haben-es-einfach-einfacher-gemacht\/"]}]},{"@type":"ImageObject","inLanguage":"de","@id":"https:\/\/www.strassenweb.de\/nachrichten\/martha-stewart-sagt-farbe-sei-die-grundlage-die-ihre-kerndesignelemente-zusammenbringt-ihre-in-europa-inspirierten-farben-haben-es-einfach-einfacher-gemacht\/#primaryimage","url":"https:\/\/www.strassenweb.de\/nachrichten\/wp-content\/uploads\/2025\/03\/Martha-Stewarts-Festungstisch-von-St-Patricks-Day-enthaelt-erhoehte-Geschirr.jpg","contentUrl":"https:\/\/www.strassenweb.de\/nachrichten\/wp-content\/uploads\/2025\/03\/Martha-Stewarts-Festungstisch-von-St-Patricks-Day-enthaelt-erhoehte-Geschirr.jpg","width":1200,"height":675,"caption":"Martha Stewarts Festungstisch von St. Patrick's Day enth\u00e4lt erh\u00f6hte Geschirr und atemberaubendes Gr\u00fcn - neu erzeugen Sie ihren Look ab 15 US -Dollar neu"},{"@type":"BreadcrumbList","@id":"https:\/\/www.strassenweb.de\/nachrichten\/martha-stewart-sagt-farbe-sei-die-grundlage-die-ihre-kerndesignelemente-zusammenbringt-ihre-in-europa-inspirierten-farben-haben-es-einfach-einfacher-gemacht\/#breadcrumb","itemListElement":[{"@type":"ListItem","position":1,"name":"Home","item":"https:\/\/www.strassenweb.de\/nachrichten\/"},{"@type":"ListItem","position":2,"name":"Martha Stewart sagt, Farbe sei die &#8222;Grundlage&#8220;, die Ihre Kerndesignelemente zusammenbringt-ihre in Europa inspirierten Farben haben es einfach einfacher gemacht"}]},{"@type":"WebSite","@id":"https:\/\/www.strassenweb.de\/nachrichten\/#website","url":"https:\/\/www.strassenweb.de\/nachrichten\/","name":"Stra\u00dfenweb","description":"Stra\u00dfenverzeichnis f\u00fcr Deutschland","publisher":{"@id":"https:\/\/www.strassenweb.de\/nachrichten\/#organization"},"potentialAction":[{"@type":"SearchAction","target":{"@type":"EntryPoint","urlTemplate":"https:\/\/www.strassenweb.de\/nachrichten\/?s={search_term_string}"},"query-input":{"@type":"PropertyValueSpecification","valueRequired":true,"valueName":"search_term_string"}}],"inLanguage":"de"},{"@type":"Organization","@id":"https:\/\/www.strassenweb.de\/nachrichten\/#organization","name":"Stra\u00dfenweb","url":"https:\/\/www.strassenweb.de\/nachrichten\/","logo":{"@type":"ImageObject","inLanguage":"de","@id":"https:\/\/www.strassenweb.de\/nachrichten\/#\/schema\/logo\/image\/","url":"https:\/\/www.strassenweb.de\/nachrichten\/wp-content\/uploads\/2024\/09\/cropped-favicon.png","contentUrl":"https:\/\/www.strassenweb.de\/nachrichten\/wp-content\/uploads\/2024\/09\/cropped-favicon.png","width":512,"height":512,"caption":"Stra\u00dfenweb"},"image":{"@id":"https:\/\/www.strassenweb.de\/nachrichten\/#\/schema\/logo\/image\/"},"sameAs":["https:\/\/www.facebook.com\/strassenweb\/"]},{"@type":"Person","@id":"https:\/\/www.strassenweb.de\/nachrichten\/#\/schema\/person\/87c9c9067f1211da429a744dc5a5aa41","name":"Robert Hoffmann","image":{"@type":"ImageObject","inLanguage":"de","@id":"https:\/\/www.strassenweb.de\/nachrichten\/wp-content\/uploads\/2024\/09\/strassenweb-150x150.jpg","url":"https:\/\/www.strassenweb.de\/nachrichten\/wp-content\/uploads\/2024\/09\/strassenweb-150x150.jpg","contentUrl":"https:\/\/www.strassenweb.de\/nachrichten\/wp-content\/uploads\/2024\/09\/strassenweb-150x150.jpg","caption":"Robert Hoffmann"},"description":"Ich hei\u00dfe Robert Hoffmann und ich bin ein leidenschaftlicher Verfechter von \u00d6kologie und Biodiversit\u00e4t. Seit meiner Kindheit in den W\u00e4ldern Bayerns f\u00fchle ich mich mit der Natur verbunden und bin entschlossen, sie zu sch\u00fctzen. Heute widme ich mein Leben der Sensibilisierung anderer f\u00fcr die Bedeutung des Umweltschutzes f\u00fcr zuk\u00fcnftige Generationen.","sameAs":["https:\/\/www.strassenweb.de\/"]}]}},"_links":{"self":[{"href":"https:\/\/www.strassenweb.de\/nachrichten\/wp-json\/wp\/v2\/posts\/4147","targetHints":{"allow":["GET"]}}],"collection":[{"href":"https:\/\/www.strassenweb.de\/nachrichten\/wp-json\/wp\/v2\/posts"}],"about":[{"href":"https:\/\/www.strassenweb.de\/nachrichten\/wp-json\/wp\/v2\/types\/post"}],"author":[{"embeddable":true,"href":"https:\/\/www.strassenweb.de\/nachrichten\/wp-json\/wp\/v2\/users\/1"}],"replies":[{"embeddable":true,"href":"https:\/\/www.strassenweb.de\/nachrichten\/wp-json\/wp\/v2\/comments?post=4147"}],"version-history":[{"count":0,"href":"https:\/\/www.strassenweb.de\/nachrichten\/wp-json\/wp\/v2\/posts\/4147\/revisions"}],"wp:featuredmedia":[{"embeddable":true,"href":"https:\/\/www.strassenweb.de\/nachrichten\/wp-json\/wp\/v2\/media\/3840"}],"wp:attachment":[{"href":"https:\/\/www.strassenweb.de\/nachrichten\/wp-json\/wp\/v2\/media?parent=4147"}],"wp:term":[{"taxonomy":"category","embeddable":true,"href":"https:\/\/www.strassenweb.de\/nachrichten\/wp-json\/wp\/v2\/categories?post=4147"},{"taxonomy":"post_tag","embeddable":true,"href":"https:\/\/www.strassenweb.de\/nachrichten\/wp-json\/wp\/v2\/tags?post=4147"}],"curies":[{"name":"wp","href":"https:\/\/api.w.org\/{rel}","templated":true}]}}