{"id":4124,"date":"2025-03-26T16:41:22","date_gmt":"2025-03-26T15:41:22","guid":{"rendered":"https:\/\/www.strassenweb.de\/nachrichten\/gewinner-des-saeugetierfotografen-und-illustrators-des-jahres-2025-enthuellen-aussergewoehnliche-perspektiven\/"},"modified":"2025-03-26T16:41:22","modified_gmt":"2025-03-26T15:41:22","slug":"gewinner-des-saeugetierfotografen-und-illustrators-des-jahres-2025-enthuellen-aussergewoehnliche-perspektiven","status":"publish","type":"post","link":"https:\/\/www.strassenweb.de\/nachrichten\/gewinner-des-saeugetierfotografen-und-illustrators-des-jahres-2025-enthuellen-aussergewoehnliche-perspektiven\/","title":{"rendered":"Gewinner des S\u00e4ugetierfotografen und Illustrators des Jahres 2025 enth\u00fcllen &#8218;au\u00dfergew\u00f6hnliche Perspektiven&#8216; &#8230;"},"content":{"rendered":"<p>Der Flipper eines Siegels, ein Augenblick auf einen Spitzmaus und ein intimes Portr\u00e4t eines Fuchs haben im S\u00e4ugetierfotografen des Jahres 2025 den ersten, zweiten und dritten Platz erreicht. Zus\u00e4tzlich gewann ein Kunstst\u00fcck einer Erntemaus gegen einen Vollmond den ersten Platz in unserem ersten S\u00e4ugetier-Illustrator-Wettbewerb, und ein Spiral der detaillierten Mammal-Illustration und einen evokativen Chariabstand, das sich auf ein Spiral der mammalen Mammal und einen Evokativen eines Evokations-Char-Chariabs-Aufenthalts eines Evokations-Char-Chariabentells f\u00fcr einen Auftrag eines machten. Die Gewinner gewannen Preise von gro\u00dfz\u00fcgigen Sponsoren, darunter NHBS, Naturetrek, Wildcare, The British Wildlife Center und Bromleys Kunstzubeh\u00f6r. <\/p>\n<p>Das Thema der Wettbewerbe, &#8222;Britische S\u00e4ugetiere: Au\u00dfergew\u00f6hnliche Perspektiven&#8220;, luden ungew\u00f6hnliche oder \u00fcberraschende Darstellungen unserer schwer fassbaren und charismatischen wilden S\u00e4ugetiere ein. Um den Wettbewerben vom 21. bis 27. April zu folgen, kehrt die National S\u00e4ugetierwoche zur\u00fcck, die der Sensibilisierung und F\u00f6rderung der Erhaltung britischer S\u00e4ugetiere widmet. In diesem Jahr erkunden wir das Thema <strong>Wo die wilden Dinge <\/strong><strong><em>Sollen <\/em><\/strong><strong>Sei<\/strong>hervorhebt, wie viel wilder unsere von Natur abgereicherten Landschaften sein sollten-und wie jeder eine Rolle bei der Wiederherstellung spielen kann. <\/p>\n<figure class=\"wp-block-image\"><\/figure>\n<p>Das Siegerfoto &#8222;Studium of a Seal&#8217;s Flipper&#8220; von Paul Alistair Collins wurde in Norfolk aufgenommen. \u201eJeden Winter kehre ich zu den windgepeitschten Str\u00e4nden von Norfolk zur\u00fcck\u2026 um die gr\u00f6\u00dfte Kolonie der Gro\u00dfbritannien der grauen Seehunde zu beobachten. Keine zwei Tage sind jemals gleich &#8211; jeder Sonnenaufgang, jede Verschiebung der Flut, und jeder Moment der Siegelaktivit\u00e4t bietet neue kreative M\u00f6glichkeiten. Als das erste Licht der D\u00e4mmerung von der Seite bemerkte. <\/p>\n<figure class=\"wp-block-image\"><img decoding=\"async\" src=\"https:\/\/mail.google.com\/mail\/u\/0?ui=2&amp;ik=045cf3bf37&amp;attid=0.5&amp;permmsgid=msg-f:1827113932108487176&amp;th=195b3670d77e5a08&amp;view=fimg&amp;fur=ip&amp;permmsgid=msg-f:1827113932108487176&amp;sz=s0-l75-ft&amp;attbid=ANGjdJ8euqD6fGtX2OppFapXtdfeHH_SCyT8eRpL9UUHoRFrEYiz5u1wezyHk7DNwolz-XCYELsC6aFXdeifv8jnfRx65Nufp35L3icGM6LObcd9JXz7RwJrf34NazE&amp;disp=emb&amp;realattid=ii_m8h9rh6x1&amp;zw\" alt=\"Ein kleiner tierischer Trinkwasser-Inhalt kann falsch sein.\"><\/figure>\n<p>Jason Hornblows zweitplatziertem Foto, &#8222;Common Shrew&#8220;, gibt dem Betrachter eine neue Augen-zu-Augen-Perspektive eines unserer kleinsten und am st\u00e4rksten unterrepr\u00e4sentierten S\u00e4ugetiere, The Shrew, der bei einer gefrorenen Pf\u00fctze f\u00fcr einen Moment aufgenommen wird.  <\/p>\n<figure class=\"wp-block-image\"><img decoding=\"async\" src=\"https:\/\/mail.google.com\/mail\/u\/0?ui=2&amp;ik=045cf3bf37&amp;attid=0.3&amp;permmsgid=msg-f:1827113932108487176&amp;th=195b3670d77e5a08&amp;view=fimg&amp;fur=ip&amp;permmsgid=msg-f:1827113932108487176&amp;sz=s0-l75-ft&amp;attbid=ANGjdJ-EoVQ2m-YP7Dx7fKDJLvtpKupHM073tI9JTaD3SVHRTc5v0BDnn8561RpBNE-6UFehzlIC0LDMsdBt9uWAVSpInnHNRr0gz5HB76Cr6fL11qWHEdWdelCrgIc&amp;disp=emb&amp;realattid=ii_m8h9rh7m2&amp;zw\" alt=\"Eine Nahaufnahme des Inhalts des A-generierten Gesichts eines Fuchs kann falsch sein.\"><\/figure>\n<p>Bethan Milners drittplatziertem Foto &#8222;A Moment&#8217;s Rest&#8220; bietet einen Einblick in einen intimen, hochwertigen Moment mit einem Fuchs. <\/p>\n<figure class=\"wp-block-image\"><img decoding=\"async\" src=\"https:\/\/mail.google.com\/mail\/u\/0?ui=2&amp;ik=045cf3bf37&amp;attid=0.2&amp;permmsgid=msg-f:1827113932108487176&amp;th=195b3670d77e5a08&amp;view=fimg&amp;fur=ip&amp;permmsgid=msg-f:1827113932108487176&amp;sz=s0-l75-ft&amp;attbid=ANGjdJ9ZrctGxChMp4NR-JRHsrmjRtu6p2FP3bKZMfEv1Z9eX0impnR4tj4D087pd5xWqwqFjAt04PKlOyp22Xe6lDRuUdTYw0yT3nHn1kCSRplUGvop6-1rbCd30Fo&amp;disp=emb&amp;realattid=ii_m8h9rh823&amp;zw\" alt=\"Eine Nahaufnahme eines Inhalts von Ai-Generierten kann falsch sein.\"><\/figure>\n<p>In der Zwischenzeit versuchte Jade Taylors siegreiches Kunstst\u00fcck &#8222;The Harvest Moon&#8220;, den kleinsten Nagetier Gro\u00dfbritanniens, die Erntemaus, hervorzuheben. \u201eEnde September markiert der Beginn des Ende der Hauptz\u00fcchtersaison f\u00fcr den kleinsten Nagetier Gro\u00dfbritanniens und der Erntemonmon die \u00c4nderung zum Herbst. Erntem\u00e4use sind nicht im Winterschlaf, aber sie schlafen mehr durch die k\u00e4lteren Monate, die in ihrem kugelf\u00f6rmigen Nest vor sich gehen, haupts\u00e4chlich. Mond \u00ab, sagte Jade. <\/p>\n<figure class=\"wp-block-image\"><img decoding=\"async\" src=\"https:\/\/mail.google.com\/mail\/u\/0?ui=2&amp;ik=045cf3bf37&amp;attid=0.1&amp;permmsgid=msg-f:1827113932108487176&amp;th=195b3670d77e5a08&amp;view=fimg&amp;fur=ip&amp;permmsgid=msg-f:1827113932108487176&amp;sz=s0-l75-ft&amp;attbid=ANGjdJ9vYaxIbLJnAllYHpwRITqy2enXJf6RdHUb6-B2MifaREK1ev27ywJUn3c8voABe8WLq3qqPfV5623OpPIYkdGvS0lCkEnQ-Qm9OiszJ8BY7nMVlPsZjjjBOCo&amp;disp=emb&amp;realattid=ii_m8h9rh884&amp;zw\" alt=\"Eine Spirale von Tierspuren von AI-generierten Inhalten kann falsch sein.\"><\/figure>\n<p>David Weges zweitplatziertes Kunstst\u00fcck &#8222;Der Weg aller Wesen&#8220; wurde als Erinnerung daran erinnert, dass alle Wesen verbunden sind und auf demselben Weg sowie das Lesen von Tierspuren ein Teil des menschlichen Zustands ist. <\/p>\n<figure class=\"wp-block-image\"><img decoding=\"async\" src=\"https:\/\/mail.google.com\/mail\/u\/0?ui=2&amp;ik=045cf3bf37&amp;attid=0.4&amp;permmsgid=msg-f:1827113932108487176&amp;th=195b3670d77e5a08&amp;view=fimg&amp;fur=ip&amp;permmsgid=msg-f:1827113932108487176&amp;sz=s0-l75-ft&amp;attbid=ANGjdJ9Ewdv6ocHXMrqT7rjxlQNbL4RrGNv_I6yZpiBuoZoM1IOPzOPrdhVYGJkadNbt0eSj1VZGjffhE57ncPZtTDXp8s1ohsGfXRTebPbYTf-Htj5pfkDw-X3mqK8&amp;disp=emb&amp;realattid=ii_m8h9rh8l5&amp;zw\" alt=\"Ein wei\u00dfer Fuchs in einem hellgenerierten Inhalt kann falsch sein.\"><\/figure>\n<p>Emma Carpendales drittplatziertes St\u00fcck &#8222;The Spirit Fox&#8220; spiegelte die Sch\u00f6nheit und W\u00fcrde, die Emma in ihrem Subjekt, The Fox, gesehen hat. <\/p>\n<figure class=\"wp-block-image\"><img decoding=\"async\" src=\"https:\/\/mail.google.com\/mail\/u\/0?ui=2&amp;ik=045cf3bf37&amp;attid=0.7&amp;permmsgid=msg-f:1827113932108487176&amp;th=195b3670d77e5a08&amp;view=fimg&amp;fur=ip&amp;permmsgid=msg-f:1827113932108487176&amp;sz=s0-l75-ft&amp;attbid=ANGjdJ_Fx07m1pdO6aAvk0P9FAPygVusrUWLyWBnbOKQ8mZF33c-cL0G1aFninpO4MLuVWt9mI1VRgZ51Ixuh4RyLaQNHHdWN9XZFriNLfLxAqJKBh6uoVMPNCkaPHk&amp;disp=emb&amp;realattid=ii_m8h9rh8r6&amp;zw\" alt=\"Ein Skelett aus dem Hand-A-generierten Inhalt eines Vogels kann falsch sein.\"><\/figure>\n<figure class=\"wp-block-image\"><img decoding=\"async\" src=\"https:\/\/mail.google.com\/mail\/u\/0?ui=2&amp;ik=045cf3bf37&amp;attid=0.10&amp;permmsgid=msg-f:1827113932108487176&amp;th=195b3670d77e5a08&amp;view=fimg&amp;fur=ip&amp;permmsgid=msg-f:1827113932108487176&amp;sz=s0-l75-ft&amp;attbid=ANGjdJ-f1-IR4ewT3OoeMiH-JzbIfXi8SnAX8XDgotXBm3py0UD0X4TeECq0DV3yExRXQ4oNVcW4HWRDOXp71Bd6TmnxzfPEbyS9Jdy5FUhGWbXq7sHGw8rjX0rgBVI&amp;disp=emb&amp;realattid=ii_m8h9rh927&amp;zw\" alt=\"Ein Vogel, der auf einem Hirschkopf-A-I-generierten Inhalt sitzt, kann falsch sein.\"><\/figure>\n<p>Susanna Ramsey wurden f\u00fcr ihre Reihe von Makrofotos von S\u00e4ugetierknochen und Naomi Joy Fox f\u00fcr ihre reichen Kunstwerke mit einer Vielzahl britischer S\u00e4ugetiere vergeben.  <\/p>\n<figure class=\"wp-block-image\"><img decoding=\"async\" src=\"https:\/\/mail.google.com\/mail\/u\/0?ui=2&amp;ik=045cf3bf37&amp;attid=0.8&amp;permmsgid=msg-f:1827113932108487176&amp;th=195b3670d77e5a08&amp;view=fimg&amp;fur=ip&amp;permmsgid=msg-f:1827113932108487176&amp;sz=s0-l75-ft&amp;attbid=ANGjdJ8ttivAvZRPX06wlO9dT-6nfHbsBLivBq9g8UNnV9PqnEBxEIt2MGmtBy7H_UiTMoki76mvlK_6bSTuYeYqtM6TStP--gd62lXsMilxJsDUK1ljNCD9j7glluw&amp;disp=emb&amp;realattid=ii_m8h9rh9p8&amp;zw\" alt=\"Ein Hirsch mit Geweihen in einem in einem Feld generierten Inhalt kann falsch sein.\"><\/figure>\n<p>Die junge S\u00e4ugetierfotografin des Jahres 2025 wurde von Katrina Vidaseva (16) f\u00fcr ihr Foto &#8222;feuerspeiende Hirsch&#8220; gewonnen, das sie sich lange Zeit vorgestellt hatte und den Atem eines br\u00fcllenden Hirsches festhalten wollte, das von goldenem Licht beleuchtet wurde.  <\/p>\n<figure class=\"wp-block-image\"><img decoding=\"async\" src=\"https:\/\/mail.google.com\/mail\/u\/0?ui=2&amp;ik=045cf3bf37&amp;attid=0.9&amp;permmsgid=msg-f:1827113932108487176&amp;th=195b3670d77e5a08&amp;view=fimg&amp;fur=ip&amp;permmsgid=msg-f:1827113932108487176&amp;sz=s0-l75-ft&amp;attbid=ANGjdJ-MqTAhIYOcDMYQ9PFy0NxFuv9CJ8GLr4tGJu-hpBhG067B3XkEk0pRaRrfSEGe3meZvz5zpskXjSP0MKFRSHcMQdOqALDndflm8XpQPgEBAEuwZD7twJ8azJY&amp;disp=emb&amp;realattid=ii_m8h9rha39&amp;zw\" alt=\"Ein Hirsch mit Geweihen in einem in einem Feld generierten Inhalt kann falsch sein.\"><\/figure>\n<p>Schlie\u00dflich wurde die \u00f6ffentliche Abstimmung sowohl f\u00fcr Fotografie als auch f\u00fcr Kunstwerke er\u00f6ffnet; W\u00e4hrend David Weges Illustration &#8222;Der Weg aller Wesen&#8220; auch als &#8222;Volkswahl&#8220; f\u00fcr den S\u00e4ugetierillustrator des Jahres ausgew\u00e4hlt wurde, wurde Paul Meeks Foto &#8218;Commando Stag&#8216; als &#8222;Volkswahl&#8220; f\u00fcr den S\u00e4ugetierfotografen des Jahres ausgew\u00e4hlt. Verschiedene andere Fotografien und Kunstwerke wurden ebenfalls mit einem \u201ehochlo\u00dfen\u201c Preis ausgezeichnet. <\/p>\n<p>&#8222;Ein gro\u00dfes Dankesch\u00f6n an alle, die sowie unsere Richter Karen Miller, Dani Connor, Emerson Mayes, Rachel Brooks, Tim Flach, Roxy Furman und Yuval Zommer, die uns geholfen haben, f\u00fcr die Gewinnst\u00fccke zu helfen&#8220;, sagte Alana Scott aus der Mammalgesellschaft. &#8222;Die Auswahl der Bilder, die wir erhalten, zeigt wirklich, wie viele einzigartige Perspektiven in der nat\u00fcrlichen Welt Gro\u00dfbritanniens dank der Verbindungen der Menschen zu unseren wilden britischen S\u00e4ugetieren sind. Ich hoffe, dass diese Perspektiven und Verbindungen uns helfen k\u00f6nnen, eine bessere Zukunft f\u00fcr unsere S\u00e4ugetiere zu bauen, abgesehen von unserer Kampagne, um die Landschaften hervorzuheben, von denen wir sie verloren haben, und wie wir sie in der nationalen Mischwoche 202 zur\u00fcckbringen k\u00f6nnen.&#8220;<\/p>\n","protected":false},"excerpt":{"rendered":"<p>Der Flipper eines Siegels, ein Augenblick auf einen Spitzmaus und ein intimes Portr\u00e4t eines Fuchs haben im S\u00e4ugetierfotografen des Jahres 2025 den ersten, zweiten und<\/p>\n","protected":false},"author":1,"featured_media":4125,"comment_status":"closed","ping_status":"","sticky":false,"template":"","format":"standard","meta":{"footnotes":""},"categories":[101],"tags":[3595,281,732,858,6245,282,6246,6244,37],"class_list":["post-4124","post","type-post","status-publish","format-standard","has-post-thumbnail","hentry","category-oekologie","tag-aussergewoehnliche","tag-des","tag-enthuellen","tag-gewinner","tag-illustrators","tag-jahres","tag-perspektiven","tag-saeugetierfotografen","tag-und","generate-columns","tablet-grid-50","mobile-grid-100","grid-parent","grid-50"],"yoast_head":"<!-- This site is optimized with the Yoast SEO plugin v27.3 - https:\/\/yoast.com\/product\/yoast-seo-wordpress\/ -->\n<title>Gewinner des S\u00e4ugetierfotografen und Illustrators des Jahres 2025 enth\u00fcllen &#039;au\u00dfergew\u00f6hnliche Perspektiven&#039; ... - Nachrichten - Stra\u00dfenweb<\/title>\n<meta name=\"robots\" content=\"index, follow, max-snippet:-1, max-image-preview:large, max-video-preview:-1\" \/>\n<link rel=\"canonical\" href=\"https:\/\/www.strassenweb.de\/nachrichten\/gewinner-des-saeugetierfotografen-und-illustrators-des-jahres-2025-enthuellen-aussergewoehnliche-perspektiven\/\" \/>\n<meta property=\"og:locale\" content=\"de_DE\" \/>\n<meta property=\"og:type\" content=\"article\" \/>\n<meta property=\"og:title\" content=\"Gewinner des S\u00e4ugetierfotografen und Illustrators des Jahres 2025 enth\u00fcllen &#039;au\u00dfergew\u00f6hnliche Perspektiven&#039; ... - Nachrichten - Stra\u00dfenweb\" \/>\n<meta property=\"og:description\" content=\"Der Flipper eines Siegels, ein Augenblick auf einen Spitzmaus und ein intimes Portr\u00e4t eines Fuchs haben im S\u00e4ugetierfotografen des Jahres 2025 den ersten, zweiten und\" \/>\n<meta property=\"og:url\" content=\"https:\/\/www.strassenweb.de\/nachrichten\/gewinner-des-saeugetierfotografen-und-illustrators-des-jahres-2025-enthuellen-aussergewoehnliche-perspektiven\/\" \/>\n<meta property=\"og:site_name\" content=\"Stra\u00dfenweb\" \/>\n<meta property=\"article:publisher\" content=\"https:\/\/www.facebook.com\/strassenweb\/\" \/>\n<meta property=\"article:published_time\" content=\"2025-03-26T15:41:22+00:00\" \/>\n<meta property=\"og:image\" content=\"https:\/\/www.strassenweb.de\/nachrichten\/wp-content\/uploads\/2025\/03\/Gewinner-des-Saeugetierfotografen-und-Illustrators-des-Jahres-2025-enthuellen-aussergewoehnliche.jpeg\" \/>\n\t<meta property=\"og:image:width\" content=\"898\" \/>\n\t<meta property=\"og:image:height\" content=\"646\" \/>\n\t<meta property=\"og:image:type\" content=\"image\/jpeg\" \/>\n<meta name=\"author\" content=\"Robert Hoffmann\" \/>\n<meta name=\"twitter:card\" content=\"summary_large_image\" \/>\n<meta name=\"twitter:label1\" content=\"Verfasst von\" \/>\n\t<meta name=\"twitter:data1\" content=\"Robert Hoffmann\" \/>\n\t<meta name=\"twitter:label2\" content=\"Gesch\u00e4tzte Lesezeit\" \/>\n\t<meta name=\"twitter:data2\" content=\"4\u00a0Minuten\" \/>\n<script type=\"application\/ld+json\" class=\"yoast-schema-graph\">{\"@context\":\"https:\\\/\\\/schema.org\",\"@graph\":[{\"@type\":\"Article\",\"@id\":\"https:\\\/\\\/www.strassenweb.de\\\/nachrichten\\\/gewinner-des-saeugetierfotografen-und-illustrators-des-jahres-2025-enthuellen-aussergewoehnliche-perspektiven\\\/#article\",\"isPartOf\":{\"@id\":\"https:\\\/\\\/www.strassenweb.de\\\/nachrichten\\\/gewinner-des-saeugetierfotografen-und-illustrators-des-jahres-2025-enthuellen-aussergewoehnliche-perspektiven\\\/\"},\"author\":{\"name\":\"Robert Hoffmann\",\"@id\":\"https:\\\/\\\/www.strassenweb.de\\\/nachrichten\\\/#\\\/schema\\\/person\\\/87c9c9067f1211da429a744dc5a5aa41\"},\"headline\":\"Gewinner des S\u00e4ugetierfotografen und Illustrators des Jahres 2025 enth\u00fcllen &#8218;au\u00dfergew\u00f6hnliche Perspektiven&#8216; &#8230;\",\"datePublished\":\"2025-03-26T15:41:22+00:00\",\"mainEntityOfPage\":{\"@id\":\"https:\\\/\\\/www.strassenweb.de\\\/nachrichten\\\/gewinner-des-saeugetierfotografen-und-illustrators-des-jahres-2025-enthuellen-aussergewoehnliche-perspektiven\\\/\"},\"wordCount\":721,\"publisher\":{\"@id\":\"https:\\\/\\\/www.strassenweb.de\\\/nachrichten\\\/#organization\"},\"image\":{\"@id\":\"https:\\\/\\\/www.strassenweb.de\\\/nachrichten\\\/gewinner-des-saeugetierfotografen-und-illustrators-des-jahres-2025-enthuellen-aussergewoehnliche-perspektiven\\\/#primaryimage\"},\"thumbnailUrl\":\"https:\\\/\\\/www.strassenweb.de\\\/nachrichten\\\/wp-content\\\/uploads\\\/2025\\\/03\\\/Gewinner-des-Saeugetierfotografen-und-Illustrators-des-Jahres-2025-enthuellen-aussergewoehnliche.jpeg\",\"keywords\":[\"au\u00dfergew\u00f6hnliche\",\"des\",\"enth\u00fcllen\",\"Gewinner\",\"Illustrators\",\"Jahres\",\"Perspektiven\",\"S\u00e4ugetierfotografen\",\"und\"],\"articleSection\":[\"\u00d6kologie\"],\"inLanguage\":\"de\"},{\"@type\":\"WebPage\",\"@id\":\"https:\\\/\\\/www.strassenweb.de\\\/nachrichten\\\/gewinner-des-saeugetierfotografen-und-illustrators-des-jahres-2025-enthuellen-aussergewoehnliche-perspektiven\\\/\",\"url\":\"https:\\\/\\\/www.strassenweb.de\\\/nachrichten\\\/gewinner-des-saeugetierfotografen-und-illustrators-des-jahres-2025-enthuellen-aussergewoehnliche-perspektiven\\\/\",\"name\":\"Gewinner des S\u00e4ugetierfotografen und Illustrators des Jahres 2025 enth\u00fcllen 'au\u00dfergew\u00f6hnliche Perspektiven' ... - Nachrichten - Stra\u00dfenweb\",\"isPartOf\":{\"@id\":\"https:\\\/\\\/www.strassenweb.de\\\/nachrichten\\\/#website\"},\"primaryImageOfPage\":{\"@id\":\"https:\\\/\\\/www.strassenweb.de\\\/nachrichten\\\/gewinner-des-saeugetierfotografen-und-illustrators-des-jahres-2025-enthuellen-aussergewoehnliche-perspektiven\\\/#primaryimage\"},\"image\":{\"@id\":\"https:\\\/\\\/www.strassenweb.de\\\/nachrichten\\\/gewinner-des-saeugetierfotografen-und-illustrators-des-jahres-2025-enthuellen-aussergewoehnliche-perspektiven\\\/#primaryimage\"},\"thumbnailUrl\":\"https:\\\/\\\/www.strassenweb.de\\\/nachrichten\\\/wp-content\\\/uploads\\\/2025\\\/03\\\/Gewinner-des-Saeugetierfotografen-und-Illustrators-des-Jahres-2025-enthuellen-aussergewoehnliche.jpeg\",\"datePublished\":\"2025-03-26T15:41:22+00:00\",\"breadcrumb\":{\"@id\":\"https:\\\/\\\/www.strassenweb.de\\\/nachrichten\\\/gewinner-des-saeugetierfotografen-und-illustrators-des-jahres-2025-enthuellen-aussergewoehnliche-perspektiven\\\/#breadcrumb\"},\"inLanguage\":\"de\",\"potentialAction\":[{\"@type\":\"ReadAction\",\"target\":[\"https:\\\/\\\/www.strassenweb.de\\\/nachrichten\\\/gewinner-des-saeugetierfotografen-und-illustrators-des-jahres-2025-enthuellen-aussergewoehnliche-perspektiven\\\/\"]}]},{\"@type\":\"ImageObject\",\"inLanguage\":\"de\",\"@id\":\"https:\\\/\\\/www.strassenweb.de\\\/nachrichten\\\/gewinner-des-saeugetierfotografen-und-illustrators-des-jahres-2025-enthuellen-aussergewoehnliche-perspektiven\\\/#primaryimage\",\"url\":\"https:\\\/\\\/www.strassenweb.de\\\/nachrichten\\\/wp-content\\\/uploads\\\/2025\\\/03\\\/Gewinner-des-Saeugetierfotografen-und-Illustrators-des-Jahres-2025-enthuellen-aussergewoehnliche.jpeg\",\"contentUrl\":\"https:\\\/\\\/www.strassenweb.de\\\/nachrichten\\\/wp-content\\\/uploads\\\/2025\\\/03\\\/Gewinner-des-Saeugetierfotografen-und-Illustrators-des-Jahres-2025-enthuellen-aussergewoehnliche.jpeg\",\"width\":898,\"height\":646,\"caption\":\"Winners of Mammal Photographer and Illustrator of the Year 2025 Reveal \u2018Extraordinary Perspectives\u2019 on British Mammals\"},{\"@type\":\"BreadcrumbList\",\"@id\":\"https:\\\/\\\/www.strassenweb.de\\\/nachrichten\\\/gewinner-des-saeugetierfotografen-und-illustrators-des-jahres-2025-enthuellen-aussergewoehnliche-perspektiven\\\/#breadcrumb\",\"itemListElement\":[{\"@type\":\"ListItem\",\"position\":1,\"name\":\"Home\",\"item\":\"https:\\\/\\\/www.strassenweb.de\\\/nachrichten\\\/\"},{\"@type\":\"ListItem\",\"position\":2,\"name\":\"Gewinner des S\u00e4ugetierfotografen und Illustrators des Jahres 2025 enth\u00fcllen &#8218;au\u00dfergew\u00f6hnliche Perspektiven&#8216; &#8230;\"}]},{\"@type\":\"WebSite\",\"@id\":\"https:\\\/\\\/www.strassenweb.de\\\/nachrichten\\\/#website\",\"url\":\"https:\\\/\\\/www.strassenweb.de\\\/nachrichten\\\/\",\"name\":\"Stra\u00dfenweb\",\"description\":\"Stra\u00dfenverzeichnis f\u00fcr Deutschland\",\"publisher\":{\"@id\":\"https:\\\/\\\/www.strassenweb.de\\\/nachrichten\\\/#organization\"},\"potentialAction\":[{\"@type\":\"SearchAction\",\"target\":{\"@type\":\"EntryPoint\",\"urlTemplate\":\"https:\\\/\\\/www.strassenweb.de\\\/nachrichten\\\/?s={search_term_string}\"},\"query-input\":{\"@type\":\"PropertyValueSpecification\",\"valueRequired\":true,\"valueName\":\"search_term_string\"}}],\"inLanguage\":\"de\"},{\"@type\":\"Organization\",\"@id\":\"https:\\\/\\\/www.strassenweb.de\\\/nachrichten\\\/#organization\",\"name\":\"Stra\u00dfenweb\",\"url\":\"https:\\\/\\\/www.strassenweb.de\\\/nachrichten\\\/\",\"logo\":{\"@type\":\"ImageObject\",\"inLanguage\":\"de\",\"@id\":\"https:\\\/\\\/www.strassenweb.de\\\/nachrichten\\\/#\\\/schema\\\/logo\\\/image\\\/\",\"url\":\"https:\\\/\\\/www.strassenweb.de\\\/nachrichten\\\/wp-content\\\/uploads\\\/2024\\\/09\\\/cropped-favicon.png\",\"contentUrl\":\"https:\\\/\\\/www.strassenweb.de\\\/nachrichten\\\/wp-content\\\/uploads\\\/2024\\\/09\\\/cropped-favicon.png\",\"width\":512,\"height\":512,\"caption\":\"Stra\u00dfenweb\"},\"image\":{\"@id\":\"https:\\\/\\\/www.strassenweb.de\\\/nachrichten\\\/#\\\/schema\\\/logo\\\/image\\\/\"},\"sameAs\":[\"https:\\\/\\\/www.facebook.com\\\/strassenweb\\\/\"]},{\"@type\":\"Person\",\"@id\":\"https:\\\/\\\/www.strassenweb.de\\\/nachrichten\\\/#\\\/schema\\\/person\\\/87c9c9067f1211da429a744dc5a5aa41\",\"name\":\"Robert Hoffmann\",\"image\":{\"@type\":\"ImageObject\",\"inLanguage\":\"de\",\"@id\":\"https:\\\/\\\/www.strassenweb.de\\\/nachrichten\\\/wp-content\\\/uploads\\\/2024\\\/09\\\/strassenweb-150x150.jpg\",\"url\":\"https:\\\/\\\/www.strassenweb.de\\\/nachrichten\\\/wp-content\\\/uploads\\\/2024\\\/09\\\/strassenweb-150x150.jpg\",\"contentUrl\":\"https:\\\/\\\/www.strassenweb.de\\\/nachrichten\\\/wp-content\\\/uploads\\\/2024\\\/09\\\/strassenweb-150x150.jpg\",\"caption\":\"Robert Hoffmann\"},\"description\":\"Ich hei\u00dfe Robert Hoffmann und ich bin ein leidenschaftlicher Verfechter von \u00d6kologie und Biodiversit\u00e4t. Seit meiner Kindheit in den W\u00e4ldern Bayerns f\u00fchle ich mich mit der Natur verbunden und bin entschlossen, sie zu sch\u00fctzen. Heute widme ich mein Leben der Sensibilisierung anderer f\u00fcr die Bedeutung des Umweltschutzes f\u00fcr zuk\u00fcnftige Generationen.\",\"sameAs\":[\"https:\\\/\\\/www.strassenweb.de\\\/\"]}]}<\/script>\n<!-- \/ Yoast SEO plugin. -->","yoast_head_json":{"title":"Gewinner des S\u00e4ugetierfotografen und Illustrators des Jahres 2025 enth\u00fcllen 'au\u00dfergew\u00f6hnliche Perspektiven' ... - Nachrichten - Stra\u00dfenweb","robots":{"index":"index","follow":"follow","max-snippet":"max-snippet:-1","max-image-preview":"max-image-preview:large","max-video-preview":"max-video-preview:-1"},"canonical":"https:\/\/www.strassenweb.de\/nachrichten\/gewinner-des-saeugetierfotografen-und-illustrators-des-jahres-2025-enthuellen-aussergewoehnliche-perspektiven\/","og_locale":"de_DE","og_type":"article","og_title":"Gewinner des S\u00e4ugetierfotografen und Illustrators des Jahres 2025 enth\u00fcllen 'au\u00dfergew\u00f6hnliche Perspektiven' ... - Nachrichten - Stra\u00dfenweb","og_description":"Der Flipper eines Siegels, ein Augenblick auf einen Spitzmaus und ein intimes Portr\u00e4t eines Fuchs haben im S\u00e4ugetierfotografen des Jahres 2025 den ersten, zweiten und","og_url":"https:\/\/www.strassenweb.de\/nachrichten\/gewinner-des-saeugetierfotografen-und-illustrators-des-jahres-2025-enthuellen-aussergewoehnliche-perspektiven\/","og_site_name":"Stra\u00dfenweb","article_publisher":"https:\/\/www.facebook.com\/strassenweb\/","article_published_time":"2025-03-26T15:41:22+00:00","og_image":[{"width":898,"height":646,"url":"https:\/\/www.strassenweb.de\/nachrichten\/wp-content\/uploads\/2025\/03\/Gewinner-des-Saeugetierfotografen-und-Illustrators-des-Jahres-2025-enthuellen-aussergewoehnliche.jpeg","type":"image\/jpeg"}],"author":"Robert Hoffmann","twitter_card":"summary_large_image","twitter_misc":{"Verfasst von":"Robert Hoffmann","Gesch\u00e4tzte Lesezeit":"4\u00a0Minuten"},"schema":{"@context":"https:\/\/schema.org","@graph":[{"@type":"Article","@id":"https:\/\/www.strassenweb.de\/nachrichten\/gewinner-des-saeugetierfotografen-und-illustrators-des-jahres-2025-enthuellen-aussergewoehnliche-perspektiven\/#article","isPartOf":{"@id":"https:\/\/www.strassenweb.de\/nachrichten\/gewinner-des-saeugetierfotografen-und-illustrators-des-jahres-2025-enthuellen-aussergewoehnliche-perspektiven\/"},"author":{"name":"Robert Hoffmann","@id":"https:\/\/www.strassenweb.de\/nachrichten\/#\/schema\/person\/87c9c9067f1211da429a744dc5a5aa41"},"headline":"Gewinner des S\u00e4ugetierfotografen und Illustrators des Jahres 2025 enth\u00fcllen &#8218;au\u00dfergew\u00f6hnliche Perspektiven&#8216; &#8230;","datePublished":"2025-03-26T15:41:22+00:00","mainEntityOfPage":{"@id":"https:\/\/www.strassenweb.de\/nachrichten\/gewinner-des-saeugetierfotografen-und-illustrators-des-jahres-2025-enthuellen-aussergewoehnliche-perspektiven\/"},"wordCount":721,"publisher":{"@id":"https:\/\/www.strassenweb.de\/nachrichten\/#organization"},"image":{"@id":"https:\/\/www.strassenweb.de\/nachrichten\/gewinner-des-saeugetierfotografen-und-illustrators-des-jahres-2025-enthuellen-aussergewoehnliche-perspektiven\/#primaryimage"},"thumbnailUrl":"https:\/\/www.strassenweb.de\/nachrichten\/wp-content\/uploads\/2025\/03\/Gewinner-des-Saeugetierfotografen-und-Illustrators-des-Jahres-2025-enthuellen-aussergewoehnliche.jpeg","keywords":["au\u00dfergew\u00f6hnliche","des","enth\u00fcllen","Gewinner","Illustrators","Jahres","Perspektiven","S\u00e4ugetierfotografen","und"],"articleSection":["\u00d6kologie"],"inLanguage":"de"},{"@type":"WebPage","@id":"https:\/\/www.strassenweb.de\/nachrichten\/gewinner-des-saeugetierfotografen-und-illustrators-des-jahres-2025-enthuellen-aussergewoehnliche-perspektiven\/","url":"https:\/\/www.strassenweb.de\/nachrichten\/gewinner-des-saeugetierfotografen-und-illustrators-des-jahres-2025-enthuellen-aussergewoehnliche-perspektiven\/","name":"Gewinner des S\u00e4ugetierfotografen und Illustrators des Jahres 2025 enth\u00fcllen 'au\u00dfergew\u00f6hnliche Perspektiven' ... - Nachrichten - Stra\u00dfenweb","isPartOf":{"@id":"https:\/\/www.strassenweb.de\/nachrichten\/#website"},"primaryImageOfPage":{"@id":"https:\/\/www.strassenweb.de\/nachrichten\/gewinner-des-saeugetierfotografen-und-illustrators-des-jahres-2025-enthuellen-aussergewoehnliche-perspektiven\/#primaryimage"},"image":{"@id":"https:\/\/www.strassenweb.de\/nachrichten\/gewinner-des-saeugetierfotografen-und-illustrators-des-jahres-2025-enthuellen-aussergewoehnliche-perspektiven\/#primaryimage"},"thumbnailUrl":"https:\/\/www.strassenweb.de\/nachrichten\/wp-content\/uploads\/2025\/03\/Gewinner-des-Saeugetierfotografen-und-Illustrators-des-Jahres-2025-enthuellen-aussergewoehnliche.jpeg","datePublished":"2025-03-26T15:41:22+00:00","breadcrumb":{"@id":"https:\/\/www.strassenweb.de\/nachrichten\/gewinner-des-saeugetierfotografen-und-illustrators-des-jahres-2025-enthuellen-aussergewoehnliche-perspektiven\/#breadcrumb"},"inLanguage":"de","potentialAction":[{"@type":"ReadAction","target":["https:\/\/www.strassenweb.de\/nachrichten\/gewinner-des-saeugetierfotografen-und-illustrators-des-jahres-2025-enthuellen-aussergewoehnliche-perspektiven\/"]}]},{"@type":"ImageObject","inLanguage":"de","@id":"https:\/\/www.strassenweb.de\/nachrichten\/gewinner-des-saeugetierfotografen-und-illustrators-des-jahres-2025-enthuellen-aussergewoehnliche-perspektiven\/#primaryimage","url":"https:\/\/www.strassenweb.de\/nachrichten\/wp-content\/uploads\/2025\/03\/Gewinner-des-Saeugetierfotografen-und-Illustrators-des-Jahres-2025-enthuellen-aussergewoehnliche.jpeg","contentUrl":"https:\/\/www.strassenweb.de\/nachrichten\/wp-content\/uploads\/2025\/03\/Gewinner-des-Saeugetierfotografen-und-Illustrators-des-Jahres-2025-enthuellen-aussergewoehnliche.jpeg","width":898,"height":646,"caption":"Winners of Mammal Photographer and Illustrator of the Year 2025 Reveal \u2018Extraordinary Perspectives\u2019 on British Mammals"},{"@type":"BreadcrumbList","@id":"https:\/\/www.strassenweb.de\/nachrichten\/gewinner-des-saeugetierfotografen-und-illustrators-des-jahres-2025-enthuellen-aussergewoehnliche-perspektiven\/#breadcrumb","itemListElement":[{"@type":"ListItem","position":1,"name":"Home","item":"https:\/\/www.strassenweb.de\/nachrichten\/"},{"@type":"ListItem","position":2,"name":"Gewinner des S\u00e4ugetierfotografen und Illustrators des Jahres 2025 enth\u00fcllen &#8218;au\u00dfergew\u00f6hnliche Perspektiven&#8216; &#8230;"}]},{"@type":"WebSite","@id":"https:\/\/www.strassenweb.de\/nachrichten\/#website","url":"https:\/\/www.strassenweb.de\/nachrichten\/","name":"Stra\u00dfenweb","description":"Stra\u00dfenverzeichnis f\u00fcr Deutschland","publisher":{"@id":"https:\/\/www.strassenweb.de\/nachrichten\/#organization"},"potentialAction":[{"@type":"SearchAction","target":{"@type":"EntryPoint","urlTemplate":"https:\/\/www.strassenweb.de\/nachrichten\/?s={search_term_string}"},"query-input":{"@type":"PropertyValueSpecification","valueRequired":true,"valueName":"search_term_string"}}],"inLanguage":"de"},{"@type":"Organization","@id":"https:\/\/www.strassenweb.de\/nachrichten\/#organization","name":"Stra\u00dfenweb","url":"https:\/\/www.strassenweb.de\/nachrichten\/","logo":{"@type":"ImageObject","inLanguage":"de","@id":"https:\/\/www.strassenweb.de\/nachrichten\/#\/schema\/logo\/image\/","url":"https:\/\/www.strassenweb.de\/nachrichten\/wp-content\/uploads\/2024\/09\/cropped-favicon.png","contentUrl":"https:\/\/www.strassenweb.de\/nachrichten\/wp-content\/uploads\/2024\/09\/cropped-favicon.png","width":512,"height":512,"caption":"Stra\u00dfenweb"},"image":{"@id":"https:\/\/www.strassenweb.de\/nachrichten\/#\/schema\/logo\/image\/"},"sameAs":["https:\/\/www.facebook.com\/strassenweb\/"]},{"@type":"Person","@id":"https:\/\/www.strassenweb.de\/nachrichten\/#\/schema\/person\/87c9c9067f1211da429a744dc5a5aa41","name":"Robert Hoffmann","image":{"@type":"ImageObject","inLanguage":"de","@id":"https:\/\/www.strassenweb.de\/nachrichten\/wp-content\/uploads\/2024\/09\/strassenweb-150x150.jpg","url":"https:\/\/www.strassenweb.de\/nachrichten\/wp-content\/uploads\/2024\/09\/strassenweb-150x150.jpg","contentUrl":"https:\/\/www.strassenweb.de\/nachrichten\/wp-content\/uploads\/2024\/09\/strassenweb-150x150.jpg","caption":"Robert Hoffmann"},"description":"Ich hei\u00dfe Robert Hoffmann und ich bin ein leidenschaftlicher Verfechter von \u00d6kologie und Biodiversit\u00e4t. Seit meiner Kindheit in den W\u00e4ldern Bayerns f\u00fchle ich mich mit der Natur verbunden und bin entschlossen, sie zu sch\u00fctzen. Heute widme ich mein Leben der Sensibilisierung anderer f\u00fcr die Bedeutung des Umweltschutzes f\u00fcr zuk\u00fcnftige Generationen.","sameAs":["https:\/\/www.strassenweb.de\/"]}]}},"_links":{"self":[{"href":"https:\/\/www.strassenweb.de\/nachrichten\/wp-json\/wp\/v2\/posts\/4124","targetHints":{"allow":["GET"]}}],"collection":[{"href":"https:\/\/www.strassenweb.de\/nachrichten\/wp-json\/wp\/v2\/posts"}],"about":[{"href":"https:\/\/www.strassenweb.de\/nachrichten\/wp-json\/wp\/v2\/types\/post"}],"author":[{"embeddable":true,"href":"https:\/\/www.strassenweb.de\/nachrichten\/wp-json\/wp\/v2\/users\/1"}],"replies":[{"embeddable":true,"href":"https:\/\/www.strassenweb.de\/nachrichten\/wp-json\/wp\/v2\/comments?post=4124"}],"version-history":[{"count":0,"href":"https:\/\/www.strassenweb.de\/nachrichten\/wp-json\/wp\/v2\/posts\/4124\/revisions"}],"wp:featuredmedia":[{"embeddable":true,"href":"https:\/\/www.strassenweb.de\/nachrichten\/wp-json\/wp\/v2\/media\/4125"}],"wp:attachment":[{"href":"https:\/\/www.strassenweb.de\/nachrichten\/wp-json\/wp\/v2\/media?parent=4124"}],"wp:term":[{"taxonomy":"category","embeddable":true,"href":"https:\/\/www.strassenweb.de\/nachrichten\/wp-json\/wp\/v2\/categories?post=4124"},{"taxonomy":"post_tag","embeddable":true,"href":"https:\/\/www.strassenweb.de\/nachrichten\/wp-json\/wp\/v2\/tags?post=4124"}],"curies":[{"name":"wp","href":"https:\/\/api.w.org\/{rel}","templated":true}]}}