{"id":4118,"date":"2025-03-26T12:39:57","date_gmt":"2025-03-26T11:39:57","guid":{"rendered":"https:\/\/www.strassenweb.de\/nachrichten\/covestro-veroeffentlicht-energieeffizienzziel\/"},"modified":"2025-03-26T12:39:57","modified_gmt":"2025-03-26T11:39:57","slug":"covestro-veroeffentlicht-energieeffizienzziel","status":"publish","type":"post","link":"https:\/\/www.strassenweb.de\/nachrichten\/covestro-veroeffentlicht-energieeffizienzziel\/","title":{"rendered":"Covestro ver\u00f6ffentlicht Energieeffizienzziel"},"content":{"rendered":"<ul class=\"wp-block-list\">\n<li><strong>Bis 2030 betr\u00e4gt der Energieverbrauch pro Tonne Produkt um 20 Prozent niedriger als im Jahr 2020<\/strong><\/li>\n<li><strong>Dies entspricht einer Einsparung von rund 550.000 Tonnen CO<sub>2<\/sub> Emissionen<\/strong><\/li>\n<li><strong>Die Verwendung effizienterer Prozesse und innovativer Technologien macht es m\u00f6glich<\/strong><\/li>\n<\/ul>\n<p>Mit einem ehrgeizigen Ziel f\u00fcr die Energieeffizienz dr\u00e4ngt Covestro mit dem Fokus auf die Klimaeutralit\u00e4t und die kreisf\u00f6rmige Wirtschaft voran: Bis 2030 m\u00f6chte das Unternehmen 20 Prozent weniger Energie verwenden, um eine Tonne Produkt zu produzieren als im Jahr 2020. Dies entspricht dem entsprechenden 550.000 Tonnen CO2 -Emissionen &#8211; ungef\u00e4hr so \u200b\u200bviel CO2 -Emissionen von Rund 70.000 Tosh -Jahr mit einem CO2 -Absenkungen von ca. yonal.<\/p>\n<p>Das Ziel der Energieeffizienz tr\u00e4gt zum ehrgeizigen Plan von Covestro zur Erzielung der klimatneutralen Produktion bis 2035 bei. Es ist in erster Linie durch effizientere Prozesse und innovative Technologien zu erreichen. Zum Beispiel hat Covestro jetzt einen modernen Reaktor an seinem Standort in Domagen in Auftrag gegeben, der Wanderw\u00e4rme aus Produktionsprozessen verwendet, um Dampf f\u00fcr weitere Herstellungsschritte zu erzeugen. Die CO2 -Emissionen k\u00f6nnen somit um bis zu 22.000 Tonnen pro Jahr reduziert werden.<\/p>\n<p>An der Veranstaltung, um das Ziel der Energieeffizienz und die Inbetriebnahme des Reaktors bekannt zu geben, wurde von G\u00e4sten aus Politik, Wirtschaft und Energiesektor besucht, darunter Oliver Krischer, Minister f\u00fcr Umwelt, Naturschutz und Transport des Bundesstaates North Rhein-Westphalia und Dr. Julia Metz, Direktorin von Agora Industrie.<\/p>\n<p>Energieeffizienz ist eine wichtige S\u00e4ule der Unternehmensstrategie von Covestro: \u201eDie klimatrale Produktion kann nur erreicht werden, wenn wir unseren Energiebedarf f\u00fcr die Herstellung unserer Produkte erheblich reduzieren. Dies liegt daran, dass derzeit nicht gen\u00fcgend erneuerbare Energien zu erschwinglichen Preisen verf\u00fcgbar ist, um die Nachfrage zu decken\u201c, sagt Dr. Thorsten Dreier, Chief Technology Officer von Covestro. \u201eDar\u00fcber hinaus m\u00fcssen wir als Lieferant von Standardprodukten unsere Herstellungskosten immer so niedrig wie m\u00f6glich halten, um auf dem globalen Markt wettbewerbsf\u00e4hig zu sein.\u201c In Anbetracht der anhaltend hohen Energiekosten, insbesondere in Deutschland und Europa, ist die Energieverringerung daher ein entscheidender Faktor f\u00fcr den Gesch\u00e4ftserfolg.<\/p>\n<p>Bei der Ank\u00fcndigung des Energieeffizienzziels und der Einweihung des energiesparenden Reaktors in Dormagen betonte Oliver Krischer auch im Panel mit Dr. Julia Metz und Dr. Thorsten Drier, wie wichtig Energieeinsparung f\u00fcr eine nachhaltige Zukunft des Staates ist-und welche Rolle die Modernisierung der Industrieproduktion in diesem Spiel in dieser Auswahl in diesem Bereich ist.<\/p>\n<p>Parallel zu seinem Energieeffizienzmanagement st\u00fctzt sich Covestro auf erneuerbare Energiequellen, um seine Ziele der Klimaeutralit\u00e4t zu erreichen. Im Jahr 2024 unterzeichnete das Unternehmen beispielsweise einen Vertrag mit BP f\u00fcr Strom aus Solarenergie f\u00fcr den Standort in Tarragona, Spanien, und brachte den Anteil von Strom aus erneuerbaren Energiequellen am Standort auf 30 Prozent. Dank einer PPA mit RWE wird der Antwerpen -Standort von 2026 mit 60 Prozent erneuerbarer Strom geliefert. Vier Covestro -Standorte in den USA wurden seit Beginn 2025 vollst\u00e4ndig von erneuerbarer Elektrizit\u00e4t angetrieben. &#8222;Die Energieeffizienzma\u00dfnahmen leisten einen wichtigen Beitrag dazu.&#8220;<\/p>\n<hr class=\"wp-block-separator has-alpha-channel-opacity\">\n<p><em>: Covestro -Mitarbeiter in der Anlage in Dormagen. \u00a9 Covestro<\/em><\/p>\n","protected":false},"excerpt":{"rendered":"<p>Bis 2030 betr\u00e4gt der Energieverbrauch pro Tonne Produkt um 20 Prozent niedriger als im Jahr 2020 Dies entspricht einer Einsparung von rund 550.000 Tonnen CO2<\/p>\n","protected":false},"author":1,"featured_media":4119,"comment_status":"closed","ping_status":"","sticky":false,"template":"","format":"standard","meta":{"footnotes":""},"categories":[101],"tags":[5553,6239,540],"class_list":["post-4118","post","type-post","status-publish","format-standard","has-post-thumbnail","hentry","category-oekologie","tag-covestro","tag-energieeffizienzziel","tag-veroeffentlicht","generate-columns","tablet-grid-50","mobile-grid-100","grid-parent","grid-50"],"yoast_head":"<!-- This site is optimized with the Yoast SEO plugin v27.3 - https:\/\/yoast.com\/product\/yoast-seo-wordpress\/ -->\n<title>Covestro ver\u00f6ffentlicht Energieeffizienzziel - Nachrichten - Stra\u00dfenweb<\/title>\n<meta name=\"robots\" content=\"index, follow, max-snippet:-1, max-image-preview:large, max-video-preview:-1\" \/>\n<link rel=\"canonical\" href=\"https:\/\/www.strassenweb.de\/nachrichten\/covestro-veroeffentlicht-energieeffizienzziel\/\" \/>\n<meta property=\"og:locale\" content=\"de_DE\" \/>\n<meta property=\"og:type\" content=\"article\" \/>\n<meta property=\"og:title\" content=\"Covestro ver\u00f6ffentlicht Energieeffizienzziel - Nachrichten - Stra\u00dfenweb\" \/>\n<meta property=\"og:description\" content=\"Bis 2030 betr\u00e4gt der Energieverbrauch pro Tonne Produkt um 20 Prozent niedriger als im Jahr 2020 Dies entspricht einer Einsparung von rund 550.000 Tonnen CO2\" \/>\n<meta property=\"og:url\" content=\"https:\/\/www.strassenweb.de\/nachrichten\/covestro-veroeffentlicht-energieeffizienzziel\/\" \/>\n<meta property=\"og:site_name\" content=\"Stra\u00dfenweb\" \/>\n<meta property=\"article:publisher\" content=\"https:\/\/www.facebook.com\/strassenweb\/\" \/>\n<meta property=\"article:published_time\" content=\"2025-03-26T11:39:57+00:00\" \/>\n<meta property=\"og:image\" content=\"https:\/\/www.strassenweb.de\/nachrichten\/wp-content\/uploads\/2025\/03\/Covestro-veroeffentlicht-Energieeffizienzziel.jpg\" \/>\n\t<meta property=\"og:image:width\" content=\"900\" \/>\n\t<meta property=\"og:image:height\" content=\"559\" \/>\n\t<meta property=\"og:image:type\" content=\"image\/jpeg\" \/>\n<meta name=\"author\" content=\"Robert Hoffmann\" \/>\n<meta name=\"twitter:card\" content=\"summary_large_image\" \/>\n<meta name=\"twitter:label1\" content=\"Verfasst von\" \/>\n\t<meta name=\"twitter:data1\" content=\"Robert Hoffmann\" \/>\n\t<meta name=\"twitter:label2\" content=\"Gesch\u00e4tzte Lesezeit\" \/>\n\t<meta name=\"twitter:data2\" content=\"2\u00a0Minuten\" \/>\n<script type=\"application\/ld+json\" class=\"yoast-schema-graph\">{\"@context\":\"https:\\\/\\\/schema.org\",\"@graph\":[{\"@type\":\"Article\",\"@id\":\"https:\\\/\\\/www.strassenweb.de\\\/nachrichten\\\/covestro-veroeffentlicht-energieeffizienzziel\\\/#article\",\"isPartOf\":{\"@id\":\"https:\\\/\\\/www.strassenweb.de\\\/nachrichten\\\/covestro-veroeffentlicht-energieeffizienzziel\\\/\"},\"author\":{\"name\":\"Robert Hoffmann\",\"@id\":\"https:\\\/\\\/www.strassenweb.de\\\/nachrichten\\\/#\\\/schema\\\/person\\\/87c9c9067f1211da429a744dc5a5aa41\"},\"headline\":\"Covestro ver\u00f6ffentlicht Energieeffizienzziel\",\"datePublished\":\"2025-03-26T11:39:57+00:00\",\"mainEntityOfPage\":{\"@id\":\"https:\\\/\\\/www.strassenweb.de\\\/nachrichten\\\/covestro-veroeffentlicht-energieeffizienzziel\\\/\"},\"wordCount\":494,\"publisher\":{\"@id\":\"https:\\\/\\\/www.strassenweb.de\\\/nachrichten\\\/#organization\"},\"image\":{\"@id\":\"https:\\\/\\\/www.strassenweb.de\\\/nachrichten\\\/covestro-veroeffentlicht-energieeffizienzziel\\\/#primaryimage\"},\"thumbnailUrl\":\"https:\\\/\\\/www.strassenweb.de\\\/nachrichten\\\/wp-content\\\/uploads\\\/2025\\\/03\\\/Covestro-veroeffentlicht-Energieeffizienzziel.jpg\",\"keywords\":[\"Covestro\",\"Energieeffizienzziel\",\"ver\u00f6ffentlicht\"],\"articleSection\":[\"\u00d6kologie\"],\"inLanguage\":\"de\"},{\"@type\":\"WebPage\",\"@id\":\"https:\\\/\\\/www.strassenweb.de\\\/nachrichten\\\/covestro-veroeffentlicht-energieeffizienzziel\\\/\",\"url\":\"https:\\\/\\\/www.strassenweb.de\\\/nachrichten\\\/covestro-veroeffentlicht-energieeffizienzziel\\\/\",\"name\":\"Covestro ver\u00f6ffentlicht Energieeffizienzziel - Nachrichten - Stra\u00dfenweb\",\"isPartOf\":{\"@id\":\"https:\\\/\\\/www.strassenweb.de\\\/nachrichten\\\/#website\"},\"primaryImageOfPage\":{\"@id\":\"https:\\\/\\\/www.strassenweb.de\\\/nachrichten\\\/covestro-veroeffentlicht-energieeffizienzziel\\\/#primaryimage\"},\"image\":{\"@id\":\"https:\\\/\\\/www.strassenweb.de\\\/nachrichten\\\/covestro-veroeffentlicht-energieeffizienzziel\\\/#primaryimage\"},\"thumbnailUrl\":\"https:\\\/\\\/www.strassenweb.de\\\/nachrichten\\\/wp-content\\\/uploads\\\/2025\\\/03\\\/Covestro-veroeffentlicht-Energieeffizienzziel.jpg\",\"datePublished\":\"2025-03-26T11:39:57+00:00\",\"breadcrumb\":{\"@id\":\"https:\\\/\\\/www.strassenweb.de\\\/nachrichten\\\/covestro-veroeffentlicht-energieeffizienzziel\\\/#breadcrumb\"},\"inLanguage\":\"de\",\"potentialAction\":[{\"@type\":\"ReadAction\",\"target\":[\"https:\\\/\\\/www.strassenweb.de\\\/nachrichten\\\/covestro-veroeffentlicht-energieeffizienzziel\\\/\"]}]},{\"@type\":\"ImageObject\",\"inLanguage\":\"de\",\"@id\":\"https:\\\/\\\/www.strassenweb.de\\\/nachrichten\\\/covestro-veroeffentlicht-energieeffizienzziel\\\/#primaryimage\",\"url\":\"https:\\\/\\\/www.strassenweb.de\\\/nachrichten\\\/wp-content\\\/uploads\\\/2025\\\/03\\\/Covestro-veroeffentlicht-Energieeffizienzziel.jpg\",\"contentUrl\":\"https:\\\/\\\/www.strassenweb.de\\\/nachrichten\\\/wp-content\\\/uploads\\\/2025\\\/03\\\/Covestro-veroeffentlicht-Energieeffizienzziel.jpg\",\"width\":900,\"height\":559,\"caption\":\"Covestro publishes energy efficiency target\"},{\"@type\":\"BreadcrumbList\",\"@id\":\"https:\\\/\\\/www.strassenweb.de\\\/nachrichten\\\/covestro-veroeffentlicht-energieeffizienzziel\\\/#breadcrumb\",\"itemListElement\":[{\"@type\":\"ListItem\",\"position\":1,\"name\":\"Home\",\"item\":\"https:\\\/\\\/www.strassenweb.de\\\/nachrichten\\\/\"},{\"@type\":\"ListItem\",\"position\":2,\"name\":\"Covestro ver\u00f6ffentlicht Energieeffizienzziel\"}]},{\"@type\":\"WebSite\",\"@id\":\"https:\\\/\\\/www.strassenweb.de\\\/nachrichten\\\/#website\",\"url\":\"https:\\\/\\\/www.strassenweb.de\\\/nachrichten\\\/\",\"name\":\"Stra\u00dfenweb\",\"description\":\"Stra\u00dfenverzeichnis f\u00fcr Deutschland\",\"publisher\":{\"@id\":\"https:\\\/\\\/www.strassenweb.de\\\/nachrichten\\\/#organization\"},\"potentialAction\":[{\"@type\":\"SearchAction\",\"target\":{\"@type\":\"EntryPoint\",\"urlTemplate\":\"https:\\\/\\\/www.strassenweb.de\\\/nachrichten\\\/?s={search_term_string}\"},\"query-input\":{\"@type\":\"PropertyValueSpecification\",\"valueRequired\":true,\"valueName\":\"search_term_string\"}}],\"inLanguage\":\"de\"},{\"@type\":\"Organization\",\"@id\":\"https:\\\/\\\/www.strassenweb.de\\\/nachrichten\\\/#organization\",\"name\":\"Stra\u00dfenweb\",\"url\":\"https:\\\/\\\/www.strassenweb.de\\\/nachrichten\\\/\",\"logo\":{\"@type\":\"ImageObject\",\"inLanguage\":\"de\",\"@id\":\"https:\\\/\\\/www.strassenweb.de\\\/nachrichten\\\/#\\\/schema\\\/logo\\\/image\\\/\",\"url\":\"https:\\\/\\\/www.strassenweb.de\\\/nachrichten\\\/wp-content\\\/uploads\\\/2024\\\/09\\\/cropped-favicon.png\",\"contentUrl\":\"https:\\\/\\\/www.strassenweb.de\\\/nachrichten\\\/wp-content\\\/uploads\\\/2024\\\/09\\\/cropped-favicon.png\",\"width\":512,\"height\":512,\"caption\":\"Stra\u00dfenweb\"},\"image\":{\"@id\":\"https:\\\/\\\/www.strassenweb.de\\\/nachrichten\\\/#\\\/schema\\\/logo\\\/image\\\/\"},\"sameAs\":[\"https:\\\/\\\/www.facebook.com\\\/strassenweb\\\/\"]},{\"@type\":\"Person\",\"@id\":\"https:\\\/\\\/www.strassenweb.de\\\/nachrichten\\\/#\\\/schema\\\/person\\\/87c9c9067f1211da429a744dc5a5aa41\",\"name\":\"Robert Hoffmann\",\"image\":{\"@type\":\"ImageObject\",\"inLanguage\":\"de\",\"@id\":\"https:\\\/\\\/www.strassenweb.de\\\/nachrichten\\\/wp-content\\\/uploads\\\/2024\\\/09\\\/strassenweb-150x150.jpg\",\"url\":\"https:\\\/\\\/www.strassenweb.de\\\/nachrichten\\\/wp-content\\\/uploads\\\/2024\\\/09\\\/strassenweb-150x150.jpg\",\"contentUrl\":\"https:\\\/\\\/www.strassenweb.de\\\/nachrichten\\\/wp-content\\\/uploads\\\/2024\\\/09\\\/strassenweb-150x150.jpg\",\"caption\":\"Robert Hoffmann\"},\"description\":\"Ich hei\u00dfe Robert Hoffmann und ich bin ein leidenschaftlicher Verfechter von \u00d6kologie und Biodiversit\u00e4t. Seit meiner Kindheit in den W\u00e4ldern Bayerns f\u00fchle ich mich mit der Natur verbunden und bin entschlossen, sie zu sch\u00fctzen. Heute widme ich mein Leben der Sensibilisierung anderer f\u00fcr die Bedeutung des Umweltschutzes f\u00fcr zuk\u00fcnftige Generationen.\",\"sameAs\":[\"https:\\\/\\\/www.strassenweb.de\\\/\"]}]}<\/script>\n<!-- \/ Yoast SEO plugin. -->","yoast_head_json":{"title":"Covestro ver\u00f6ffentlicht Energieeffizienzziel - Nachrichten - Stra\u00dfenweb","robots":{"index":"index","follow":"follow","max-snippet":"max-snippet:-1","max-image-preview":"max-image-preview:large","max-video-preview":"max-video-preview:-1"},"canonical":"https:\/\/www.strassenweb.de\/nachrichten\/covestro-veroeffentlicht-energieeffizienzziel\/","og_locale":"de_DE","og_type":"article","og_title":"Covestro ver\u00f6ffentlicht Energieeffizienzziel - Nachrichten - Stra\u00dfenweb","og_description":"Bis 2030 betr\u00e4gt der Energieverbrauch pro Tonne Produkt um 20 Prozent niedriger als im Jahr 2020 Dies entspricht einer Einsparung von rund 550.000 Tonnen CO2","og_url":"https:\/\/www.strassenweb.de\/nachrichten\/covestro-veroeffentlicht-energieeffizienzziel\/","og_site_name":"Stra\u00dfenweb","article_publisher":"https:\/\/www.facebook.com\/strassenweb\/","article_published_time":"2025-03-26T11:39:57+00:00","og_image":[{"width":900,"height":559,"url":"https:\/\/www.strassenweb.de\/nachrichten\/wp-content\/uploads\/2025\/03\/Covestro-veroeffentlicht-Energieeffizienzziel.jpg","type":"image\/jpeg"}],"author":"Robert Hoffmann","twitter_card":"summary_large_image","twitter_misc":{"Verfasst von":"Robert Hoffmann","Gesch\u00e4tzte Lesezeit":"2\u00a0Minuten"},"schema":{"@context":"https:\/\/schema.org","@graph":[{"@type":"Article","@id":"https:\/\/www.strassenweb.de\/nachrichten\/covestro-veroeffentlicht-energieeffizienzziel\/#article","isPartOf":{"@id":"https:\/\/www.strassenweb.de\/nachrichten\/covestro-veroeffentlicht-energieeffizienzziel\/"},"author":{"name":"Robert Hoffmann","@id":"https:\/\/www.strassenweb.de\/nachrichten\/#\/schema\/person\/87c9c9067f1211da429a744dc5a5aa41"},"headline":"Covestro ver\u00f6ffentlicht Energieeffizienzziel","datePublished":"2025-03-26T11:39:57+00:00","mainEntityOfPage":{"@id":"https:\/\/www.strassenweb.de\/nachrichten\/covestro-veroeffentlicht-energieeffizienzziel\/"},"wordCount":494,"publisher":{"@id":"https:\/\/www.strassenweb.de\/nachrichten\/#organization"},"image":{"@id":"https:\/\/www.strassenweb.de\/nachrichten\/covestro-veroeffentlicht-energieeffizienzziel\/#primaryimage"},"thumbnailUrl":"https:\/\/www.strassenweb.de\/nachrichten\/wp-content\/uploads\/2025\/03\/Covestro-veroeffentlicht-Energieeffizienzziel.jpg","keywords":["Covestro","Energieeffizienzziel","ver\u00f6ffentlicht"],"articleSection":["\u00d6kologie"],"inLanguage":"de"},{"@type":"WebPage","@id":"https:\/\/www.strassenweb.de\/nachrichten\/covestro-veroeffentlicht-energieeffizienzziel\/","url":"https:\/\/www.strassenweb.de\/nachrichten\/covestro-veroeffentlicht-energieeffizienzziel\/","name":"Covestro ver\u00f6ffentlicht Energieeffizienzziel - Nachrichten - Stra\u00dfenweb","isPartOf":{"@id":"https:\/\/www.strassenweb.de\/nachrichten\/#website"},"primaryImageOfPage":{"@id":"https:\/\/www.strassenweb.de\/nachrichten\/covestro-veroeffentlicht-energieeffizienzziel\/#primaryimage"},"image":{"@id":"https:\/\/www.strassenweb.de\/nachrichten\/covestro-veroeffentlicht-energieeffizienzziel\/#primaryimage"},"thumbnailUrl":"https:\/\/www.strassenweb.de\/nachrichten\/wp-content\/uploads\/2025\/03\/Covestro-veroeffentlicht-Energieeffizienzziel.jpg","datePublished":"2025-03-26T11:39:57+00:00","breadcrumb":{"@id":"https:\/\/www.strassenweb.de\/nachrichten\/covestro-veroeffentlicht-energieeffizienzziel\/#breadcrumb"},"inLanguage":"de","potentialAction":[{"@type":"ReadAction","target":["https:\/\/www.strassenweb.de\/nachrichten\/covestro-veroeffentlicht-energieeffizienzziel\/"]}]},{"@type":"ImageObject","inLanguage":"de","@id":"https:\/\/www.strassenweb.de\/nachrichten\/covestro-veroeffentlicht-energieeffizienzziel\/#primaryimage","url":"https:\/\/www.strassenweb.de\/nachrichten\/wp-content\/uploads\/2025\/03\/Covestro-veroeffentlicht-Energieeffizienzziel.jpg","contentUrl":"https:\/\/www.strassenweb.de\/nachrichten\/wp-content\/uploads\/2025\/03\/Covestro-veroeffentlicht-Energieeffizienzziel.jpg","width":900,"height":559,"caption":"Covestro publishes energy efficiency target"},{"@type":"BreadcrumbList","@id":"https:\/\/www.strassenweb.de\/nachrichten\/covestro-veroeffentlicht-energieeffizienzziel\/#breadcrumb","itemListElement":[{"@type":"ListItem","position":1,"name":"Home","item":"https:\/\/www.strassenweb.de\/nachrichten\/"},{"@type":"ListItem","position":2,"name":"Covestro ver\u00f6ffentlicht Energieeffizienzziel"}]},{"@type":"WebSite","@id":"https:\/\/www.strassenweb.de\/nachrichten\/#website","url":"https:\/\/www.strassenweb.de\/nachrichten\/","name":"Stra\u00dfenweb","description":"Stra\u00dfenverzeichnis f\u00fcr Deutschland","publisher":{"@id":"https:\/\/www.strassenweb.de\/nachrichten\/#organization"},"potentialAction":[{"@type":"SearchAction","target":{"@type":"EntryPoint","urlTemplate":"https:\/\/www.strassenweb.de\/nachrichten\/?s={search_term_string}"},"query-input":{"@type":"PropertyValueSpecification","valueRequired":true,"valueName":"search_term_string"}}],"inLanguage":"de"},{"@type":"Organization","@id":"https:\/\/www.strassenweb.de\/nachrichten\/#organization","name":"Stra\u00dfenweb","url":"https:\/\/www.strassenweb.de\/nachrichten\/","logo":{"@type":"ImageObject","inLanguage":"de","@id":"https:\/\/www.strassenweb.de\/nachrichten\/#\/schema\/logo\/image\/","url":"https:\/\/www.strassenweb.de\/nachrichten\/wp-content\/uploads\/2024\/09\/cropped-favicon.png","contentUrl":"https:\/\/www.strassenweb.de\/nachrichten\/wp-content\/uploads\/2024\/09\/cropped-favicon.png","width":512,"height":512,"caption":"Stra\u00dfenweb"},"image":{"@id":"https:\/\/www.strassenweb.de\/nachrichten\/#\/schema\/logo\/image\/"},"sameAs":["https:\/\/www.facebook.com\/strassenweb\/"]},{"@type":"Person","@id":"https:\/\/www.strassenweb.de\/nachrichten\/#\/schema\/person\/87c9c9067f1211da429a744dc5a5aa41","name":"Robert Hoffmann","image":{"@type":"ImageObject","inLanguage":"de","@id":"https:\/\/www.strassenweb.de\/nachrichten\/wp-content\/uploads\/2024\/09\/strassenweb-150x150.jpg","url":"https:\/\/www.strassenweb.de\/nachrichten\/wp-content\/uploads\/2024\/09\/strassenweb-150x150.jpg","contentUrl":"https:\/\/www.strassenweb.de\/nachrichten\/wp-content\/uploads\/2024\/09\/strassenweb-150x150.jpg","caption":"Robert Hoffmann"},"description":"Ich hei\u00dfe Robert Hoffmann und ich bin ein leidenschaftlicher Verfechter von \u00d6kologie und Biodiversit\u00e4t. Seit meiner Kindheit in den W\u00e4ldern Bayerns f\u00fchle ich mich mit der Natur verbunden und bin entschlossen, sie zu sch\u00fctzen. Heute widme ich mein Leben der Sensibilisierung anderer f\u00fcr die Bedeutung des Umweltschutzes f\u00fcr zuk\u00fcnftige Generationen.","sameAs":["https:\/\/www.strassenweb.de\/"]}]}},"_links":{"self":[{"href":"https:\/\/www.strassenweb.de\/nachrichten\/wp-json\/wp\/v2\/posts\/4118","targetHints":{"allow":["GET"]}}],"collection":[{"href":"https:\/\/www.strassenweb.de\/nachrichten\/wp-json\/wp\/v2\/posts"}],"about":[{"href":"https:\/\/www.strassenweb.de\/nachrichten\/wp-json\/wp\/v2\/types\/post"}],"author":[{"embeddable":true,"href":"https:\/\/www.strassenweb.de\/nachrichten\/wp-json\/wp\/v2\/users\/1"}],"replies":[{"embeddable":true,"href":"https:\/\/www.strassenweb.de\/nachrichten\/wp-json\/wp\/v2\/comments?post=4118"}],"version-history":[{"count":0,"href":"https:\/\/www.strassenweb.de\/nachrichten\/wp-json\/wp\/v2\/posts\/4118\/revisions"}],"wp:featuredmedia":[{"embeddable":true,"href":"https:\/\/www.strassenweb.de\/nachrichten\/wp-json\/wp\/v2\/media\/4119"}],"wp:attachment":[{"href":"https:\/\/www.strassenweb.de\/nachrichten\/wp-json\/wp\/v2\/media?parent=4118"}],"wp:term":[{"taxonomy":"category","embeddable":true,"href":"https:\/\/www.strassenweb.de\/nachrichten\/wp-json\/wp\/v2\/categories?post=4118"},{"taxonomy":"post_tag","embeddable":true,"href":"https:\/\/www.strassenweb.de\/nachrichten\/wp-json\/wp\/v2\/tags?post=4118"}],"curies":[{"name":"wp","href":"https:\/\/api.w.org\/{rel}","templated":true}]}}