{"id":4112,"date":"2025-03-26T07:44:02","date_gmt":"2025-03-26T06:44:02","guid":{"rendered":"https:\/\/www.strassenweb.de\/nachrichten\/diese-4-details-des-kuechenschranks-koennten-laut-innenarchitekten-ihren-raum-veraltet-aussehen-lassen\/"},"modified":"2025-03-26T07:44:03","modified_gmt":"2025-03-26T06:44:03","slug":"diese-4-details-des-kuechenschranks-koennten-laut-innenarchitekten-ihren-raum-veraltet-aussehen-lassen","status":"publish","type":"post","link":"https:\/\/www.strassenweb.de\/nachrichten\/diese-4-details-des-kuechenschranks-koennten-laut-innenarchitekten-ihren-raum-veraltet-aussehen-lassen\/","title":{"rendered":"Diese 4 Details des K\u00fcchenschranks k\u00f6nnten laut Innenarchitekten Ihren Raum veraltet aussehen lassen"},"content":{"rendered":"<p><\/p>\n<div id=\"article-body\" class=\"article__body \">\n<p>Wir sprechen oft \u00fcber die K\u00fcchenmerkmale, die in die Mode kommen, von den Schr\u00e4nken und Arbeitsplatten bis hin zu Fu\u00dfb\u00f6den und Farbe. Ein h\u00e4ufig \u00fcbersehener Ber\u00fccksichtigungspunkt sind jedoch die Schrankdetails, die mit Ihrer K\u00fcche ausgehen k\u00f6nnten.<\/p>\n<div id=\"ad-unit-1\" class=\"ad-unit\"><\/div>\n<p>Sie m\u00f6gen kleinere Details erscheinen, aber sie haben einen gro\u00dfen Einfluss auf Ihre Ideen f\u00fcr die K\u00fcchenschrank, und obwohl Sie sie m\u00f6glicherweise hinzugef\u00fcgt haben, w\u00e4hrend sie trendig und begehrt waren, sind sie Funktionen, die eine K\u00fcche datiert aussehen lassen.<\/p>\n<aside class=\"hawk-base\" data-block-type=\"embed\" data-render-type=\"fte\" data-skip=\"dealsy\" data-widget-type=\"seasonal\">\n<div class=\"hawk-master-widget-hawk-base-wrapper\"><\/div>\n<\/aside>\n<p>Aber wonach sollten Sie achten &#8211; und vermeiden? Wir haben Innenarchitekten gefragt, welche Details des K\u00fcchenschranks Ihren Raum datiert aussehen k\u00f6nnten und wie Sie sie f\u00fcr ein aktuelles System \u00e4ndern k\u00f6nnen.<\/p>\n<div id=\"desktop-in-article\" class=\"in-article ad-unit\">\n<div id=\"desktop-taboola-mid-article\"><\/div>\n<\/div>\n<div id=\"mobile-in-article\" class=\"in-article ad-unit\">\n<div id=\"mobile-taboola-mid-article\"><\/div>\n<\/div>\n<h2 id=\"4-cabinet-details-that-make-your-kitchen-look-dated-3\">4 Schrankdetails, die Ihre K\u00fcche datiert aussehen lassen<\/h2>\n<p>Etwas so Einfaches wie die Details des K\u00fcchenschranks muss nicht der Grund sein, warum sich Ihr gesamtes Schema veraltet anf\u00fchlt. Laut Designer sind dies die h\u00e4ufigsten datierten Details, die sie sehen, und welcher Ratschl\u00e4ge, was stattdessen f\u00fcr einen zeitloseren Look zu tun ist.<\/p>\n<div class=\"van_vid_carousel\">\n<div class=\"van_vid_carousel__padding\">\n<div class=\"van_vid_carousel__container\"><\/div>\n<\/div>\n<\/div>\n<h3 class=\"article-body__section\" id=\"section-1-partial-overlay-cabinet-doors\"><span>1. Partielle Overlay -Schrankt\u00fcren<\/span><\/h3>\n<figure class=\"van-image-figure inline-layout \" data-bordeaux-image-check>\n<div class=\"image-full-width-wrapper\">\n<div class=\"image-widthsetter\" style=\"max-width:2400px;\"><\/div>\n<\/div>\n<\/figure>\n<p>Wenn Sie an Details, Formteile, Hardware und sogar fertig mit K\u00fcchenschrank denken, f\u00e4llt Ihnen wahrscheinlich in den Sinn. Aber die Art und Weise, wie Ihre Schr\u00e4nke installiert sind, ist genauso wichtig, wenn Sie eine K\u00fcche m\u00f6chten, die sich eher zeitlos als veraltet anf\u00fchlt.<\/p>\n<div id=\"ad-unit-2\" class=\"ad-unit\"><\/div>\n<p>&#8218;Ein teilweise \u00dcberlagerungsschrank (in dem sich die T\u00fcr \u00fcber dem Rahmen befindet, aber eine sichtbare L\u00fccke zwischen den T\u00fcren hinterl\u00e4sst) ist das sicherste Zeichen einer veralteten K\u00fcche. Partielle Overlay -T\u00fcren sind seit Jahrzehnten nicht mehr beliebt und die meisten Schrankhersteller verkaufen sie nicht einmal mehr \u201c, sagt Innenarchitektin Bethany Adams.<\/p>\n<p>&#8222;Heutzutage sind wir es gewohnt, entweder eine Inset-T\u00fcr zu sehen (wo die T\u00fcr mit dem Rahmen sp\u00fclen und darin sitzt) oder eine Vollt\u00fcr (wo die T\u00fcren den Rahmen vollst\u00e4ndig bedecken)&#8220;, f\u00fcgt sie hinzu.<\/p>\n<h3 class=\"article-body__section\" id=\"section-2-high-gloss-finishes\"><span>2. High-Gloss-Oberfl\u00e4chen<\/span><\/h3>\n<figure class=\"van-image-figure inline-layout \" data-bordeaux-image-check>\n<div class=\"image-full-width-wrapper\">\n<div class=\"image-widthsetter\" style=\"max-width:2000px;\"><\/div>\n<\/div>\n<\/figure>\n<p>Finish ist eine wirklich wichtige \u00dcberlegung bei der Gestaltung Ihrer K\u00fcche. Insbesondere die K\u00fcchenschr\u00e4nke und die Art und Weise, wie sich die Auswahl im Laufe der Zeit abzieht. Kurven, heraus, hoher Gloss kann ein veralteteres Aussehen sein, und sie altern und tragen auch schlecht.<\/p>\n<p>&#8218;Ultra-Shiny-Schr\u00e4nke k\u00f6nnen sich stark und unpraktisch anf\u00fchlen und jeden Fingerabdruck und jeden Verschmutzung zeigen. Eine zeitlosere Alternative ist ein Matt- oder Satin -Finish, das es nat\u00fcrliche Materialien und Texturen im Mittelpunkt stellt \u201c, sagt Innenarchitektin Lauren Gilberthorpe.<\/p>\n<p>In dieser R\u00fcckenk\u00fcche f\u00fchlt sich das mattere Finish der grauen K\u00fcchenschr\u00e4nke schick, klassisch und hartn\u00e4ckiger an als ein gl\u00e4nzenderes Finish. Kombiniert mit den dunklen Arbeitsplatten und Hardware f\u00fchlt es sich absolut zeitlos an.<\/p>\n<h3 class=\"article-body__section\" id=\"section-3-cathedral-arch-details\"><span>3. Details der Kathedralenbogen<\/span><\/h3>\n<figure class=\"van-image-figure inline-layout \" data-bordeaux-image-check>\n<div class=\"image-full-width-wrapper\">\n<div class=\"image-widthsetter\" style=\"max-width:2400px;\"><\/div>\n<\/div>\n<\/figure>\n<p>Die Einf\u00fchrung einzigartiger Details in K\u00fcchenschr\u00e4nke beinhaltet f\u00fcr viele das Hinzuf\u00fcgen von Formteilen, aber einige Stile f\u00fchlen sich ziemlich veraltet und lassen Ihre K\u00fcche sofort so aussehen, als ob sie ein Update ben\u00f6tigt.<\/p>\n<p>&#8218;Einige Schrankdetails k\u00f6nnen sofort mit einem Raum datieren und es sich in der Vergangenheit anf\u00fchlen. Zum Beispiel erinnern sich die T\u00fcren im alten Stil mit Kathedralenb\u00f6gen oft an die Landk\u00fcchen der 70er und 80er Jahre, und obwohl einige moderne Einnahmen existieren, haben die urspr\u00fcnglichen Versionen nie wirklich ein Comeback gegeben \u201c, sagt Charlie Smallbone, Gr\u00fcnderin des Ledbury Studio.<\/p>\n<p>&#8218;Eine bessere Alternative? Eine moderne Sicht auf Shaker -Schr\u00e4nke mit minimalen Frames &#8211; dies h\u00e4lt den klassischen Look, aber mit einer saubereren, zeitgen\u00f6ssischen \u00c4sthetik wie der Hampstead -K\u00fcche \u201c, schl\u00e4gt er vor.<\/p>\n<h3 class=\"article-body__section\" id=\"section-4-stippled-paint-effects\"><span>4. Paste Lackeffekte<\/span><\/h3>\n<figure class=\"van-image-figure inline-layout \" data-bordeaux-image-check>\n<div class=\"image-full-width-wrapper\">\n<div class=\"image-widthsetter\" style=\"max-width:2400px;\"><\/div>\n<\/div>\n<\/figure>\n<p>Wir sprechen immer \u00fcber das Hinzuf\u00fcgen von Schichten und Textur in einer K\u00fcche, um visuelles Interesse zu haben. Aber nicht jeder Ansatz ist ein Gewinner &#8211; besonders wenn es sich um ein Detail handelt, das Ihre K\u00fcchenschr\u00e4nke veraltet oder unvollendet aussehen l\u00e4sst.<\/p>\n<p>&#8218;Ein weiteres datiertes Merkmal sind bemalte T\u00fcren mit einem gezogenen oder festen Effekt, der einst verwendet wurde, um Interesse zu erh\u00f6hen, aber jetzt veraltet aussieht. Entscheiden Sie sich stattdessen f\u00fcr bemalten T\u00fcren mit einem flachen Finish \u201c, sagt Charlie.<\/p>\n<p>&#8218;Dies beh\u00e4lt den Charme von handbemalten Schr\u00e4nken bei, bei dem subtile B\u00fcrstenstriche Charakter hinzuf\u00fcgen, jedoch ohne \u00fcberm\u00e4\u00dfige Textur. K\u00fcchen wie das Bruton von Ledbury Studio (siehe Abbildung oben) oder Muswell Hill sind gro\u00dfartige Beispiele f\u00fcr diesen raffinierten Ansatz. &#8218;<\/p>\n<hr>\n<p>Hat Ihnen eine dieser Details geholfen, herauszufinden, was Ihre K\u00fcche veraltet macht? Es gibt nat\u00fcrlich einige datierte K\u00fcchentrends, die ein Comeback machen, aber andere sollten in der Vergangenheit wirklich bleiben. Unabh\u00e4ngig davon, ob sich Ihre Farbe zu reflektierend anf\u00fchlt oder Ihre T\u00fcren einfach \u00fcber ein datiertes Formgestaltung verf\u00fcgen, k\u00f6nnen diese von Designer zugelassenen Korrekturen Ihren Schr\u00e4nken in k\u00fcrzester Zeit eine Aktualisierung geben.<\/p>\n<\/div>\n","protected":false},"excerpt":{"rendered":"<p>Wir sprechen oft \u00fcber die K\u00fcchenmerkmale, die in die Mode kommen, von den Schr\u00e4nken und Arbeitsplatten bis hin zu Fu\u00dfb\u00f6den und Farbe. Ein h\u00e4ufig \u00fcbersehener<\/p>\n","protected":false},"author":1,"featured_media":4113,"comment_status":"closed","ping_status":"","sticky":false,"template":"","format":"standard","meta":{"footnotes":""},"categories":[118],"tags":[1562,281,1237,143,325,717,674,6231,1657,329,182,1851],"class_list":["post-4112","post","type-post","status-publish","format-standard","has-post-thumbnail","hentry","category-haus-garten","tag-aussehen","tag-des","tag-details","tag-diese","tag-ihren","tag-innenarchitekten","tag-koennten","tag-kuechenschranks","tag-lassen","tag-laut","tag-raum","tag-veraltet","generate-columns","tablet-grid-50","mobile-grid-100","grid-parent","grid-50"],"yoast_head":"<!-- This site is optimized with the Yoast SEO plugin v27.3 - https:\/\/yoast.com\/product\/yoast-seo-wordpress\/ -->\n<title>Diese 4 Details des K\u00fcchenschranks k\u00f6nnten laut Innenarchitekten Ihren Raum veraltet aussehen lassen - Nachrichten - Stra\u00dfenweb<\/title>\n<meta name=\"robots\" content=\"index, follow, max-snippet:-1, max-image-preview:large, max-video-preview:-1\" \/>\n<link rel=\"canonical\" href=\"https:\/\/www.strassenweb.de\/nachrichten\/diese-4-details-des-kuechenschranks-koennten-laut-innenarchitekten-ihren-raum-veraltet-aussehen-lassen\/\" \/>\n<meta property=\"og:locale\" content=\"de_DE\" \/>\n<meta property=\"og:type\" content=\"article\" \/>\n<meta property=\"og:title\" content=\"Diese 4 Details des K\u00fcchenschranks k\u00f6nnten laut Innenarchitekten Ihren Raum veraltet aussehen lassen - Nachrichten - Stra\u00dfenweb\" \/>\n<meta property=\"og:description\" content=\"Wir sprechen oft \u00fcber die K\u00fcchenmerkmale, die in die Mode kommen, von den Schr\u00e4nken und Arbeitsplatten bis hin zu Fu\u00dfb\u00f6den und Farbe. Ein h\u00e4ufig \u00fcbersehener\" \/>\n<meta property=\"og:url\" content=\"https:\/\/www.strassenweb.de\/nachrichten\/diese-4-details-des-kuechenschranks-koennten-laut-innenarchitekten-ihren-raum-veraltet-aussehen-lassen\/\" \/>\n<meta property=\"og:site_name\" content=\"Stra\u00dfenweb\" \/>\n<meta property=\"article:publisher\" content=\"https:\/\/www.facebook.com\/strassenweb\/\" \/>\n<meta property=\"article:published_time\" content=\"2025-03-26T06:44:02+00:00\" \/>\n<meta property=\"article:modified_time\" content=\"2025-03-26T06:44:03+00:00\" \/>\n<meta property=\"og:image\" content=\"https:\/\/www.strassenweb.de\/nachrichten\/wp-content\/uploads\/2025\/03\/Diese-4-Details-des-Kuechenschranks-koennten-laut-Innenarchitekten-Ihren-Raum.jpg\" \/>\n\t<meta property=\"og:image:width\" content=\"1200\" \/>\n\t<meta property=\"og:image:height\" content=\"675\" \/>\n\t<meta property=\"og:image:type\" content=\"image\/jpeg\" \/>\n<meta name=\"author\" content=\"Robert Hoffmann\" \/>\n<meta name=\"twitter:card\" content=\"summary_large_image\" \/>\n<meta name=\"twitter:label1\" content=\"Verfasst von\" \/>\n\t<meta name=\"twitter:data1\" content=\"Robert Hoffmann\" \/>\n\t<meta name=\"twitter:label2\" content=\"Gesch\u00e4tzte Lesezeit\" \/>\n\t<meta name=\"twitter:data2\" content=\"4\u00a0Minuten\" \/>\n<script type=\"application\/ld+json\" class=\"yoast-schema-graph\">{\"@context\":\"https:\\\/\\\/schema.org\",\"@graph\":[{\"@type\":\"Article\",\"@id\":\"https:\\\/\\\/www.strassenweb.de\\\/nachrichten\\\/diese-4-details-des-kuechenschranks-koennten-laut-innenarchitekten-ihren-raum-veraltet-aussehen-lassen\\\/#article\",\"isPartOf\":{\"@id\":\"https:\\\/\\\/www.strassenweb.de\\\/nachrichten\\\/diese-4-details-des-kuechenschranks-koennten-laut-innenarchitekten-ihren-raum-veraltet-aussehen-lassen\\\/\"},\"author\":{\"name\":\"Robert Hoffmann\",\"@id\":\"https:\\\/\\\/www.strassenweb.de\\\/nachrichten\\\/#\\\/schema\\\/person\\\/87c9c9067f1211da429a744dc5a5aa41\"},\"headline\":\"Diese 4 Details des K\u00fcchenschranks k\u00f6nnten laut Innenarchitekten Ihren Raum veraltet aussehen lassen\",\"datePublished\":\"2025-03-26T06:44:02+00:00\",\"dateModified\":\"2025-03-26T06:44:03+00:00\",\"mainEntityOfPage\":{\"@id\":\"https:\\\/\\\/www.strassenweb.de\\\/nachrichten\\\/diese-4-details-des-kuechenschranks-koennten-laut-innenarchitekten-ihren-raum-veraltet-aussehen-lassen\\\/\"},\"wordCount\":827,\"publisher\":{\"@id\":\"https:\\\/\\\/www.strassenweb.de\\\/nachrichten\\\/#organization\"},\"image\":{\"@id\":\"https:\\\/\\\/www.strassenweb.de\\\/nachrichten\\\/diese-4-details-des-kuechenschranks-koennten-laut-innenarchitekten-ihren-raum-veraltet-aussehen-lassen\\\/#primaryimage\"},\"thumbnailUrl\":\"https:\\\/\\\/www.strassenweb.de\\\/nachrichten\\\/wp-content\\\/uploads\\\/2025\\\/03\\\/Diese-4-Details-des-Kuechenschranks-koennten-laut-Innenarchitekten-Ihren-Raum.jpg\",\"keywords\":[\"aussehen\",\"des\",\"Details\",\"diese\",\"ihren\",\"Innenarchitekten\",\"k\u00f6nnten\",\"K\u00fcchenschranks\",\"lassen\",\"laut\",\"Raum\",\"veraltet\"],\"articleSection\":[\"Haus &amp; Garten\"],\"inLanguage\":\"de\"},{\"@type\":\"WebPage\",\"@id\":\"https:\\\/\\\/www.strassenweb.de\\\/nachrichten\\\/diese-4-details-des-kuechenschranks-koennten-laut-innenarchitekten-ihren-raum-veraltet-aussehen-lassen\\\/\",\"url\":\"https:\\\/\\\/www.strassenweb.de\\\/nachrichten\\\/diese-4-details-des-kuechenschranks-koennten-laut-innenarchitekten-ihren-raum-veraltet-aussehen-lassen\\\/\",\"name\":\"Diese 4 Details des K\u00fcchenschranks k\u00f6nnten laut Innenarchitekten Ihren Raum veraltet aussehen lassen - Nachrichten - Stra\u00dfenweb\",\"isPartOf\":{\"@id\":\"https:\\\/\\\/www.strassenweb.de\\\/nachrichten\\\/#website\"},\"primaryImageOfPage\":{\"@id\":\"https:\\\/\\\/www.strassenweb.de\\\/nachrichten\\\/diese-4-details-des-kuechenschranks-koennten-laut-innenarchitekten-ihren-raum-veraltet-aussehen-lassen\\\/#primaryimage\"},\"image\":{\"@id\":\"https:\\\/\\\/www.strassenweb.de\\\/nachrichten\\\/diese-4-details-des-kuechenschranks-koennten-laut-innenarchitekten-ihren-raum-veraltet-aussehen-lassen\\\/#primaryimage\"},\"thumbnailUrl\":\"https:\\\/\\\/www.strassenweb.de\\\/nachrichten\\\/wp-content\\\/uploads\\\/2025\\\/03\\\/Diese-4-Details-des-Kuechenschranks-koennten-laut-Innenarchitekten-Ihren-Raum.jpg\",\"datePublished\":\"2025-03-26T06:44:02+00:00\",\"dateModified\":\"2025-03-26T06:44:03+00:00\",\"breadcrumb\":{\"@id\":\"https:\\\/\\\/www.strassenweb.de\\\/nachrichten\\\/diese-4-details-des-kuechenschranks-koennten-laut-innenarchitekten-ihren-raum-veraltet-aussehen-lassen\\\/#breadcrumb\"},\"inLanguage\":\"de\",\"potentialAction\":[{\"@type\":\"ReadAction\",\"target\":[\"https:\\\/\\\/www.strassenweb.de\\\/nachrichten\\\/diese-4-details-des-kuechenschranks-koennten-laut-innenarchitekten-ihren-raum-veraltet-aussehen-lassen\\\/\"]}]},{\"@type\":\"ImageObject\",\"inLanguage\":\"de\",\"@id\":\"https:\\\/\\\/www.strassenweb.de\\\/nachrichten\\\/diese-4-details-des-kuechenschranks-koennten-laut-innenarchitekten-ihren-raum-veraltet-aussehen-lassen\\\/#primaryimage\",\"url\":\"https:\\\/\\\/www.strassenweb.de\\\/nachrichten\\\/wp-content\\\/uploads\\\/2025\\\/03\\\/Diese-4-Details-des-Kuechenschranks-koennten-laut-Innenarchitekten-Ihren-Raum.jpg\",\"contentUrl\":\"https:\\\/\\\/www.strassenweb.de\\\/nachrichten\\\/wp-content\\\/uploads\\\/2025\\\/03\\\/Diese-4-Details-des-Kuechenschranks-koennten-laut-Innenarchitekten-Ihren-Raum.jpg\",\"width\":1200,\"height\":675,\"caption\":\"Diese 4 Details des K\u00fcchenschranks k\u00f6nnten laut Innenarchitekten Ihren Raum veraltet aussehen lassen\"},{\"@type\":\"BreadcrumbList\",\"@id\":\"https:\\\/\\\/www.strassenweb.de\\\/nachrichten\\\/diese-4-details-des-kuechenschranks-koennten-laut-innenarchitekten-ihren-raum-veraltet-aussehen-lassen\\\/#breadcrumb\",\"itemListElement\":[{\"@type\":\"ListItem\",\"position\":1,\"name\":\"Home\",\"item\":\"https:\\\/\\\/www.strassenweb.de\\\/nachrichten\\\/\"},{\"@type\":\"ListItem\",\"position\":2,\"name\":\"Diese 4 Details des K\u00fcchenschranks k\u00f6nnten laut Innenarchitekten Ihren Raum veraltet aussehen lassen\"}]},{\"@type\":\"WebSite\",\"@id\":\"https:\\\/\\\/www.strassenweb.de\\\/nachrichten\\\/#website\",\"url\":\"https:\\\/\\\/www.strassenweb.de\\\/nachrichten\\\/\",\"name\":\"Stra\u00dfenweb\",\"description\":\"Stra\u00dfenverzeichnis f\u00fcr Deutschland\",\"publisher\":{\"@id\":\"https:\\\/\\\/www.strassenweb.de\\\/nachrichten\\\/#organization\"},\"potentialAction\":[{\"@type\":\"SearchAction\",\"target\":{\"@type\":\"EntryPoint\",\"urlTemplate\":\"https:\\\/\\\/www.strassenweb.de\\\/nachrichten\\\/?s={search_term_string}\"},\"query-input\":{\"@type\":\"PropertyValueSpecification\",\"valueRequired\":true,\"valueName\":\"search_term_string\"}}],\"inLanguage\":\"de\"},{\"@type\":\"Organization\",\"@id\":\"https:\\\/\\\/www.strassenweb.de\\\/nachrichten\\\/#organization\",\"name\":\"Stra\u00dfenweb\",\"url\":\"https:\\\/\\\/www.strassenweb.de\\\/nachrichten\\\/\",\"logo\":{\"@type\":\"ImageObject\",\"inLanguage\":\"de\",\"@id\":\"https:\\\/\\\/www.strassenweb.de\\\/nachrichten\\\/#\\\/schema\\\/logo\\\/image\\\/\",\"url\":\"https:\\\/\\\/www.strassenweb.de\\\/nachrichten\\\/wp-content\\\/uploads\\\/2024\\\/09\\\/cropped-favicon.png\",\"contentUrl\":\"https:\\\/\\\/www.strassenweb.de\\\/nachrichten\\\/wp-content\\\/uploads\\\/2024\\\/09\\\/cropped-favicon.png\",\"width\":512,\"height\":512,\"caption\":\"Stra\u00dfenweb\"},\"image\":{\"@id\":\"https:\\\/\\\/www.strassenweb.de\\\/nachrichten\\\/#\\\/schema\\\/logo\\\/image\\\/\"},\"sameAs\":[\"https:\\\/\\\/www.facebook.com\\\/strassenweb\\\/\"]},{\"@type\":\"Person\",\"@id\":\"https:\\\/\\\/www.strassenweb.de\\\/nachrichten\\\/#\\\/schema\\\/person\\\/87c9c9067f1211da429a744dc5a5aa41\",\"name\":\"Robert Hoffmann\",\"image\":{\"@type\":\"ImageObject\",\"inLanguage\":\"de\",\"@id\":\"https:\\\/\\\/www.strassenweb.de\\\/nachrichten\\\/wp-content\\\/uploads\\\/2024\\\/09\\\/strassenweb-150x150.jpg\",\"url\":\"https:\\\/\\\/www.strassenweb.de\\\/nachrichten\\\/wp-content\\\/uploads\\\/2024\\\/09\\\/strassenweb-150x150.jpg\",\"contentUrl\":\"https:\\\/\\\/www.strassenweb.de\\\/nachrichten\\\/wp-content\\\/uploads\\\/2024\\\/09\\\/strassenweb-150x150.jpg\",\"caption\":\"Robert Hoffmann\"},\"description\":\"Ich hei\u00dfe Robert Hoffmann und ich bin ein leidenschaftlicher Verfechter von \u00d6kologie und Biodiversit\u00e4t. Seit meiner Kindheit in den W\u00e4ldern Bayerns f\u00fchle ich mich mit der Natur verbunden und bin entschlossen, sie zu sch\u00fctzen. Heute widme ich mein Leben der Sensibilisierung anderer f\u00fcr die Bedeutung des Umweltschutzes f\u00fcr zuk\u00fcnftige Generationen.\",\"sameAs\":[\"https:\\\/\\\/www.strassenweb.de\\\/\"]}]}<\/script>\n<!-- \/ Yoast SEO plugin. -->","yoast_head_json":{"title":"Diese 4 Details des K\u00fcchenschranks k\u00f6nnten laut Innenarchitekten Ihren Raum veraltet aussehen lassen - Nachrichten - Stra\u00dfenweb","robots":{"index":"index","follow":"follow","max-snippet":"max-snippet:-1","max-image-preview":"max-image-preview:large","max-video-preview":"max-video-preview:-1"},"canonical":"https:\/\/www.strassenweb.de\/nachrichten\/diese-4-details-des-kuechenschranks-koennten-laut-innenarchitekten-ihren-raum-veraltet-aussehen-lassen\/","og_locale":"de_DE","og_type":"article","og_title":"Diese 4 Details des K\u00fcchenschranks k\u00f6nnten laut Innenarchitekten Ihren Raum veraltet aussehen lassen - Nachrichten - Stra\u00dfenweb","og_description":"Wir sprechen oft \u00fcber die K\u00fcchenmerkmale, die in die Mode kommen, von den Schr\u00e4nken und Arbeitsplatten bis hin zu Fu\u00dfb\u00f6den und Farbe. Ein h\u00e4ufig \u00fcbersehener","og_url":"https:\/\/www.strassenweb.de\/nachrichten\/diese-4-details-des-kuechenschranks-koennten-laut-innenarchitekten-ihren-raum-veraltet-aussehen-lassen\/","og_site_name":"Stra\u00dfenweb","article_publisher":"https:\/\/www.facebook.com\/strassenweb\/","article_published_time":"2025-03-26T06:44:02+00:00","article_modified_time":"2025-03-26T06:44:03+00:00","og_image":[{"width":1200,"height":675,"url":"https:\/\/www.strassenweb.de\/nachrichten\/wp-content\/uploads\/2025\/03\/Diese-4-Details-des-Kuechenschranks-koennten-laut-Innenarchitekten-Ihren-Raum.jpg","type":"image\/jpeg"}],"author":"Robert Hoffmann","twitter_card":"summary_large_image","twitter_misc":{"Verfasst von":"Robert Hoffmann","Gesch\u00e4tzte Lesezeit":"4\u00a0Minuten"},"schema":{"@context":"https:\/\/schema.org","@graph":[{"@type":"Article","@id":"https:\/\/www.strassenweb.de\/nachrichten\/diese-4-details-des-kuechenschranks-koennten-laut-innenarchitekten-ihren-raum-veraltet-aussehen-lassen\/#article","isPartOf":{"@id":"https:\/\/www.strassenweb.de\/nachrichten\/diese-4-details-des-kuechenschranks-koennten-laut-innenarchitekten-ihren-raum-veraltet-aussehen-lassen\/"},"author":{"name":"Robert Hoffmann","@id":"https:\/\/www.strassenweb.de\/nachrichten\/#\/schema\/person\/87c9c9067f1211da429a744dc5a5aa41"},"headline":"Diese 4 Details des K\u00fcchenschranks k\u00f6nnten laut Innenarchitekten Ihren Raum veraltet aussehen lassen","datePublished":"2025-03-26T06:44:02+00:00","dateModified":"2025-03-26T06:44:03+00:00","mainEntityOfPage":{"@id":"https:\/\/www.strassenweb.de\/nachrichten\/diese-4-details-des-kuechenschranks-koennten-laut-innenarchitekten-ihren-raum-veraltet-aussehen-lassen\/"},"wordCount":827,"publisher":{"@id":"https:\/\/www.strassenweb.de\/nachrichten\/#organization"},"image":{"@id":"https:\/\/www.strassenweb.de\/nachrichten\/diese-4-details-des-kuechenschranks-koennten-laut-innenarchitekten-ihren-raum-veraltet-aussehen-lassen\/#primaryimage"},"thumbnailUrl":"https:\/\/www.strassenweb.de\/nachrichten\/wp-content\/uploads\/2025\/03\/Diese-4-Details-des-Kuechenschranks-koennten-laut-Innenarchitekten-Ihren-Raum.jpg","keywords":["aussehen","des","Details","diese","ihren","Innenarchitekten","k\u00f6nnten","K\u00fcchenschranks","lassen","laut","Raum","veraltet"],"articleSection":["Haus &amp; Garten"],"inLanguage":"de"},{"@type":"WebPage","@id":"https:\/\/www.strassenweb.de\/nachrichten\/diese-4-details-des-kuechenschranks-koennten-laut-innenarchitekten-ihren-raum-veraltet-aussehen-lassen\/","url":"https:\/\/www.strassenweb.de\/nachrichten\/diese-4-details-des-kuechenschranks-koennten-laut-innenarchitekten-ihren-raum-veraltet-aussehen-lassen\/","name":"Diese 4 Details des K\u00fcchenschranks k\u00f6nnten laut Innenarchitekten Ihren Raum veraltet aussehen lassen - Nachrichten - Stra\u00dfenweb","isPartOf":{"@id":"https:\/\/www.strassenweb.de\/nachrichten\/#website"},"primaryImageOfPage":{"@id":"https:\/\/www.strassenweb.de\/nachrichten\/diese-4-details-des-kuechenschranks-koennten-laut-innenarchitekten-ihren-raum-veraltet-aussehen-lassen\/#primaryimage"},"image":{"@id":"https:\/\/www.strassenweb.de\/nachrichten\/diese-4-details-des-kuechenschranks-koennten-laut-innenarchitekten-ihren-raum-veraltet-aussehen-lassen\/#primaryimage"},"thumbnailUrl":"https:\/\/www.strassenweb.de\/nachrichten\/wp-content\/uploads\/2025\/03\/Diese-4-Details-des-Kuechenschranks-koennten-laut-Innenarchitekten-Ihren-Raum.jpg","datePublished":"2025-03-26T06:44:02+00:00","dateModified":"2025-03-26T06:44:03+00:00","breadcrumb":{"@id":"https:\/\/www.strassenweb.de\/nachrichten\/diese-4-details-des-kuechenschranks-koennten-laut-innenarchitekten-ihren-raum-veraltet-aussehen-lassen\/#breadcrumb"},"inLanguage":"de","potentialAction":[{"@type":"ReadAction","target":["https:\/\/www.strassenweb.de\/nachrichten\/diese-4-details-des-kuechenschranks-koennten-laut-innenarchitekten-ihren-raum-veraltet-aussehen-lassen\/"]}]},{"@type":"ImageObject","inLanguage":"de","@id":"https:\/\/www.strassenweb.de\/nachrichten\/diese-4-details-des-kuechenschranks-koennten-laut-innenarchitekten-ihren-raum-veraltet-aussehen-lassen\/#primaryimage","url":"https:\/\/www.strassenweb.de\/nachrichten\/wp-content\/uploads\/2025\/03\/Diese-4-Details-des-Kuechenschranks-koennten-laut-Innenarchitekten-Ihren-Raum.jpg","contentUrl":"https:\/\/www.strassenweb.de\/nachrichten\/wp-content\/uploads\/2025\/03\/Diese-4-Details-des-Kuechenschranks-koennten-laut-Innenarchitekten-Ihren-Raum.jpg","width":1200,"height":675,"caption":"Diese 4 Details des K\u00fcchenschranks k\u00f6nnten laut Innenarchitekten Ihren Raum veraltet aussehen lassen"},{"@type":"BreadcrumbList","@id":"https:\/\/www.strassenweb.de\/nachrichten\/diese-4-details-des-kuechenschranks-koennten-laut-innenarchitekten-ihren-raum-veraltet-aussehen-lassen\/#breadcrumb","itemListElement":[{"@type":"ListItem","position":1,"name":"Home","item":"https:\/\/www.strassenweb.de\/nachrichten\/"},{"@type":"ListItem","position":2,"name":"Diese 4 Details des K\u00fcchenschranks k\u00f6nnten laut Innenarchitekten Ihren Raum veraltet aussehen lassen"}]},{"@type":"WebSite","@id":"https:\/\/www.strassenweb.de\/nachrichten\/#website","url":"https:\/\/www.strassenweb.de\/nachrichten\/","name":"Stra\u00dfenweb","description":"Stra\u00dfenverzeichnis f\u00fcr Deutschland","publisher":{"@id":"https:\/\/www.strassenweb.de\/nachrichten\/#organization"},"potentialAction":[{"@type":"SearchAction","target":{"@type":"EntryPoint","urlTemplate":"https:\/\/www.strassenweb.de\/nachrichten\/?s={search_term_string}"},"query-input":{"@type":"PropertyValueSpecification","valueRequired":true,"valueName":"search_term_string"}}],"inLanguage":"de"},{"@type":"Organization","@id":"https:\/\/www.strassenweb.de\/nachrichten\/#organization","name":"Stra\u00dfenweb","url":"https:\/\/www.strassenweb.de\/nachrichten\/","logo":{"@type":"ImageObject","inLanguage":"de","@id":"https:\/\/www.strassenweb.de\/nachrichten\/#\/schema\/logo\/image\/","url":"https:\/\/www.strassenweb.de\/nachrichten\/wp-content\/uploads\/2024\/09\/cropped-favicon.png","contentUrl":"https:\/\/www.strassenweb.de\/nachrichten\/wp-content\/uploads\/2024\/09\/cropped-favicon.png","width":512,"height":512,"caption":"Stra\u00dfenweb"},"image":{"@id":"https:\/\/www.strassenweb.de\/nachrichten\/#\/schema\/logo\/image\/"},"sameAs":["https:\/\/www.facebook.com\/strassenweb\/"]},{"@type":"Person","@id":"https:\/\/www.strassenweb.de\/nachrichten\/#\/schema\/person\/87c9c9067f1211da429a744dc5a5aa41","name":"Robert Hoffmann","image":{"@type":"ImageObject","inLanguage":"de","@id":"https:\/\/www.strassenweb.de\/nachrichten\/wp-content\/uploads\/2024\/09\/strassenweb-150x150.jpg","url":"https:\/\/www.strassenweb.de\/nachrichten\/wp-content\/uploads\/2024\/09\/strassenweb-150x150.jpg","contentUrl":"https:\/\/www.strassenweb.de\/nachrichten\/wp-content\/uploads\/2024\/09\/strassenweb-150x150.jpg","caption":"Robert Hoffmann"},"description":"Ich hei\u00dfe Robert Hoffmann und ich bin ein leidenschaftlicher Verfechter von \u00d6kologie und Biodiversit\u00e4t. Seit meiner Kindheit in den W\u00e4ldern Bayerns f\u00fchle ich mich mit der Natur verbunden und bin entschlossen, sie zu sch\u00fctzen. Heute widme ich mein Leben der Sensibilisierung anderer f\u00fcr die Bedeutung des Umweltschutzes f\u00fcr zuk\u00fcnftige Generationen.","sameAs":["https:\/\/www.strassenweb.de\/"]}]}},"_links":{"self":[{"href":"https:\/\/www.strassenweb.de\/nachrichten\/wp-json\/wp\/v2\/posts\/4112","targetHints":{"allow":["GET"]}}],"collection":[{"href":"https:\/\/www.strassenweb.de\/nachrichten\/wp-json\/wp\/v2\/posts"}],"about":[{"href":"https:\/\/www.strassenweb.de\/nachrichten\/wp-json\/wp\/v2\/types\/post"}],"author":[{"embeddable":true,"href":"https:\/\/www.strassenweb.de\/nachrichten\/wp-json\/wp\/v2\/users\/1"}],"replies":[{"embeddable":true,"href":"https:\/\/www.strassenweb.de\/nachrichten\/wp-json\/wp\/v2\/comments?post=4112"}],"version-history":[{"count":0,"href":"https:\/\/www.strassenweb.de\/nachrichten\/wp-json\/wp\/v2\/posts\/4112\/revisions"}],"wp:featuredmedia":[{"embeddable":true,"href":"https:\/\/www.strassenweb.de\/nachrichten\/wp-json\/wp\/v2\/media\/4113"}],"wp:attachment":[{"href":"https:\/\/www.strassenweb.de\/nachrichten\/wp-json\/wp\/v2\/media?parent=4112"}],"wp:term":[{"taxonomy":"category","embeddable":true,"href":"https:\/\/www.strassenweb.de\/nachrichten\/wp-json\/wp\/v2\/categories?post=4112"},{"taxonomy":"post_tag","embeddable":true,"href":"https:\/\/www.strassenweb.de\/nachrichten\/wp-json\/wp\/v2\/tags?post=4112"}],"curies":[{"name":"wp","href":"https:\/\/api.w.org\/{rel}","templated":true}]}}