{"id":411,"date":"2024-09-29T10:29:16","date_gmt":"2024-09-29T08:29:16","guid":{"rendered":"https:\/\/www.strassenweb.de\/nachrichten\/eine-600-jahre-alte-koralle-zeigt-uns-wie-sich-der-pazifische-ozean-seit-1370-veraendert-hat\/"},"modified":"2024-09-29T10:29:16","modified_gmt":"2024-09-29T08:29:16","slug":"eine-600-jahre-alte-koralle-zeigt-uns-wie-sich-der-pazifische-ozean-seit-1370-veraendert-hat","status":"publish","type":"post","link":"https:\/\/www.strassenweb.de\/nachrichten\/eine-600-jahre-alte-koralle-zeigt-uns-wie-sich-der-pazifische-ozean-seit-1370-veraendert-hat\/","title":{"rendered":"Eine 600 Jahre alte Koralle zeigt uns, wie sich der Pazifische Ozean seit 1370 ver\u00e4ndert hat"},"content":{"rendered":"<figure class=\"wp-block-image\"><\/figure>\n<p>Eine einzelne Koralle auf Fidschi, die mehr als 600 Jahre alt ist, hat aufgezeichnet, wie sich die Temperaturen im Pazifischen Ozean w\u00e4hrend ihres langen Lebens ver\u00e4ndert haben.<\/p>\n<p>Wissenschaftler wissen, dass der Pazifik im Laufe der Jahrhunderte im Allgemeinen w\u00e4rmer geworden ist, wobei es in den letzten Jahren aufgrund des vom Menschen verursachten Klimawandels zu Meereshitzewellen und weit verbreiteter Korallenbleiche kam. Aber es wird angenommen, dass es auf dem Weg dorthin k\u00fchlere und w\u00e4rmere Jahre \u2013 und sogar Jahrzehnte \u2013 gegeben hat. Nat\u00fcrlich ist es schwierig, viel \u00fcber diese Variabilit\u00e4t zu wissen, da es nur sehr wenige kontinuierliche Aufzeichnungen gibt, die Hunderte von Jahren zur\u00fcckreichen.<\/p>\n<p>Unsere jetzt in Science Advances ver\u00f6ffentlichte Forschung tr\u00e4gt dazu bei, diese L\u00fccken zu schlie\u00dfen. Wir haben eine Probe von einem einzigen, riesigen Exemplar verwendet <em>Diploastrea heliopora<\/em> Koralle, manchmal auch als Wabenkoralle bekannt. Dieses ungew\u00f6hnlich alte Exemplar wurde 1998 entdeckt und Wissenschaftler entnahmen durch Bohrungen eine Probe davon. Wir haben diese Probe nun mit modernen wissenschaftlichen Techniken analysiert.<\/p>\n<p>Wir haben diese lange Korallenaufzeichnung mit der anderer Korallen im fidschianischen Archipel kombiniert, um eine umfassende Chronologie der Temperatur in fidschianischen Gew\u00e4ssern zu erstellen. F\u00fcr den Zeitraum seit den 1990er Jahren verf\u00fcgen wir \u00fcber zahlreiche Daten von Wetterbojen, Satelliten und anderen Instrumenten, die wir damit kombinieren k\u00f6nnen.<\/p>\n<p>Das bedeutet, dass die Korallenaufzeichnung technisch gesehen 627 Jahre dauert und uns sagen kann, wie hoch die Meerestemperatur um Fidschi zwischen den Jahren 1370 und 1997 war. Es ist die l\u00e4ngste kontinuierliche Temperaturaufzeichnung dieser Art irgendwo im tropischen Ozean.<\/p>\n<figure class=\"wp-block-image\"><img decoding=\"async\" src=\"https:\/\/www.strassenweb.de\/nachrichten\/wp-content\/uploads\/2024\/09\/Eine-600-Jahre-alte-Koralle-zeigt-uns-wie-sich-der.0&#038;q=45&#038;auto=format&#038;w=754&#038;fit=clip.jpeg\" alt=\"Eine gro\u00dfe Koralle\"><\/figure>\n<h2 class=\"wp-block-heading\">Koralle kann ein Fenster in die Vergangenheit sein<\/h2>\n<p>Massive Korallen k\u00f6nnen viele Jahre leben und bilden kontinuierlich ein Skelett aus Kalziumkarbonat, das sich in Schichten auf dem alten Skelett ansammelt. Der lebende Teil der Koralle nimmt nur die obersten paar Millimeter ein. Wenn neue Schichten hinzugef\u00fcgt werden, wird das alte Skelett von der Koralle freigelegt und hinterl\u00e4sst eine Aufzeichnung der fr\u00fcheren Bedingungen.<\/p>\n<p>Insbesondere suchten wir nach dem Verh\u00e4ltnis zweier Elemente im Korallenskelett: Strontium und Kalzium, die als Indikator f\u00fcr die Meerwassertemperatur dienen. Wenn im Korallenskelett im Vergleich zu Kalzium weniger Strontium eingebaut ist, bedeutet das, dass das Wasser warm war, als die Koralle lebte, und umgekehrt. Wir haben diese Elemente mithilfe von Massenspektrometrieger\u00e4ten analysiert, die die Elementzusammensetzung von Materialien selbst bei sehr geringen Konzentrationen quantifizieren.<\/p>\n<p>Fr\u00fchere Temperaturdaten der Koralle zeigen, wie sich Klimamuster wie die interdekadische pazifische Oszillation \u00fcber Jahrhunderte entwickelt haben, und bieten einen entscheidenden Kontext f\u00fcr das Verst\u00e4ndnis gegenw\u00e4rtiger und zuk\u00fcnftiger Klimatrends.<\/p>\n<p>Der Pazifische Ozean ist ein wichtiger Treiber der Klimavariabilit\u00e4t auf der ganzen Welt. Am bekanntesten ist, dass der Pazifik alle paar Jahre von einem El-Ni\u00f1o-Zustand in einen La-Ni\u00f1a-Zustand \u00fcbergeht, wenn Temperatur\u00e4nderungen im Ozean zu starken Ver\u00e4nderungen der Niederschl\u00e4ge und der Entwicklung von Wirbelst\u00fcrmen f\u00fchren. Doch selbst dieser Zyklus wird durch die interdekadische Oszillation unter Kontrolle gehalten, die alle 15 bis 30 Jahre zu einer Temperaturverschiebung zwischen dem n\u00f6rdlichen, s\u00fcdlichen und tropischen Pazifik f\u00fchrt.<\/p>\n<h2 class=\"wp-block-heading\">Moderne Erw\u00e4rmung im Kontext<\/h2>\n<p>Riesige Felskorallen k\u00f6nnen in ihrer Wachstumsgeschichte oder der chemischen Zusammensetzung ihrer Skelette jahrhundertealte Geschichten enthalten. Die Korallen weisen beispielsweise darauf hin, dass es zwischen 1370 und 1553 eine bemerkenswerte Warmzeit gab, als das Meer um Fidschi fast so hei\u00df war wie heute. Dies unterstreicht die nat\u00fcrliche Variation des pazifischen Klimasystems.<\/p>\n<p>Wir k\u00f6nnen unsere Korallen jedoch mit anderen pal\u00e4ozeanografischen Aufzeichnungen aus dem gesamten Pazifik kombinieren, um ein umfassenderes Bild zu erhalten. Wenn wir dies tun, stellen wir fest, dass die pazifische Erw\u00e4rmung im vergangenen Jahrhundert, die gr\u00f6\u00dftenteils auf die vom Menschen verursachte globale Erw\u00e4rmung zur\u00fcckzuf\u00fchren ist, eine deutliche Abweichung von der in fr\u00fcheren Jahrhunderten beobachteten nat\u00fcrlichen Variabilit\u00e4t darstellt.<\/p>\n<p>W\u00e4hrend einige Teile des Pazifiks einst w\u00e4rmer waren, w\u00e4hrend andere ein oder zwei k\u00fchlere Jahrzehnte hatten und umgekehrt, bricht diese Beziehung zusammen. Die Erw\u00e4rmung ist im gesamten tropischen und subtropischen Pazifik zunehmend synchronisiert.<\/p>\n<figure class=\"wp-block-image\"><img decoding=\"async\" src=\"https:\/\/www.strassenweb.de\/nachrichten\/wp-content\/uploads\/2024\/09\/1727598556_928_Eine-600-Jahre-alte-Koralle-zeigt-uns-wie-sich-der.0&#038;q=45&#038;auto=format&#038;w=754&#038;fit=clip.jpeg\" alt=\"Offener Ozean.\"><\/figure>\n<p>Dies wiederum bedeutet gro\u00dfe Verschiebungen bei den Regen-, D\u00fcrre- und \u00dcberschwemmungszyklen, da Regen oft durch die Verdunstung von Wasserdampf \u00fcber w\u00e4rmeren Meeren entsteht.<\/p>\n<p>Aber diese Erw\u00e4rmung, die durch einen relativ geringen Unterschied in den Meerestemperaturen im Pazifik gekennzeichnet ist, ist nicht typisch f\u00fcr die letzten sechs Jahrhunderte. Dies deutet darauf hin, dass die Erw\u00e4rmung des Pazifiks seit Beginn des 20. Jahrhunderts zu beispiellosen Ver\u00e4nderungen in der interdekadischen Oszillation f\u00fchren k\u00f6nnte.<\/p>\n<h2 class=\"wp-block-heading\">Auswirkungen auf das zuk\u00fcnftige Klima<\/h2>\n<p>Das Verst\u00e4ndnis des langfristigen Verhaltens der interdekadischen pazifischen Oszillation ist entscheidend f\u00fcr die Vorhersage zuk\u00fcnftiger Klimaver\u00e4nderungen.<\/p>\n<p>K\u00fcrzlich zeigte eine weitere Studie \u00fcber Korallen im australischen Great Barrier Reef und dem es umgebenden Korallenmeer, dass die Rifftemperaturen w\u00e4hrend der f\u00fcnf j\u00fcngsten Korallenbleichereignisse die h\u00f6chsten in den letzten 407 Jahren waren. Das gr\u00f6\u00dfte Riff der Welt ist in gro\u00dfer Gefahr.<\/p>\n<p>Unsere eigene Arbeit zeigt, dass der Ozean um Fidschi so hei\u00df ist wie seit mindestens 653 Jahren nicht mehr. Diese Ver\u00e4nderungen k\u00f6nnten zu extremeren Wetterereignissen wie anhaltenden D\u00fcrren oder st\u00e4rkeren tropischen Wirbelst\u00fcrmen f\u00fchren, mit erheblichen Auswirkungen auf die Millionen Menschen, die in der Region leben.<\/p>\n<p>Unsere Studie zeigt, warum langlebige massive Korallen als Archive vergangener Klimaver\u00e4nderungen so wichtig sind, ihre Zukunft jedoch durch die Erw\u00e4rmung der Ozeane gef\u00e4hrdet ist. Der Erhalt dieser Riesenkorallen ist von entscheidender Bedeutung.<\/p>\n<hr class=\"wp-block-separator has-alpha-channel-opacity\">\n<p>Juan Pablo D&#8217;Olivo, leitender Forscher, Institut f\u00fcr Meereswissenschaften und Limnologie, <em>Universidad Nacional Aut\u00f3noma de M\u00e9xico (UNAM)<\/em>; Ariaan Purich, Dozent f\u00fcr Klimavariabilit\u00e4t und -wandel, <em>Monash-Universit\u00e4t<\/em>und Jens Zinke, Professor f\u00fcr Pal\u00e4obiologie, <em>Universit\u00e4t Leicester<\/em><\/p>\n<p>  wird von The Conversation unter einer Creative Commons-Lizenz erneut ver\u00f6ffentlicht. <\/p>\n","protected":false},"excerpt":{"rendered":"<p>Eine einzelne Koralle auf Fidschi, die mehr als 600 Jahre alt ist, hat aufgezeichnet, wie sich die Temperaturen im Pazifischen Ozean w\u00e4hrend ihres langen Lebens<\/p>\n","protected":false},"author":1,"featured_media":412,"comment_status":"closed","ping_status":"","sticky":false,"template":"","format":"standard","meta":{"footnotes":""},"categories":[101],"tags":[832,81,74,189,831,833,835,834,836,142,802,837,26,110],"class_list":["post-411","post","type-post","status-publish","format-standard","has-post-thumbnail","hentry","category-oekologie","tag-alte","tag-der","tag-eine","tag-hat","tag-jahre","tag-koralle","tag-ozean","tag-pazifische","tag-seit","tag-sich","tag-uns","tag-veraendert","tag-wie","tag-zeigt","generate-columns","tablet-grid-50","mobile-grid-100","grid-parent","grid-50"],"yoast_head":"<!-- This site is optimized with the Yoast SEO plugin v27.3 - https:\/\/yoast.com\/product\/yoast-seo-wordpress\/ -->\n<title>Eine 600 Jahre alte Koralle zeigt uns, wie sich der Pazifische Ozean seit 1370 ver\u00e4ndert hat - Nachrichten - Stra\u00dfenweb<\/title>\n<meta name=\"robots\" content=\"index, follow, max-snippet:-1, max-image-preview:large, max-video-preview:-1\" \/>\n<link rel=\"canonical\" href=\"https:\/\/www.strassenweb.de\/nachrichten\/eine-600-jahre-alte-koralle-zeigt-uns-wie-sich-der-pazifische-ozean-seit-1370-veraendert-hat\/\" \/>\n<meta property=\"og:locale\" content=\"de_DE\" \/>\n<meta property=\"og:type\" content=\"article\" \/>\n<meta property=\"og:title\" content=\"Eine 600 Jahre alte Koralle zeigt uns, wie sich der Pazifische Ozean seit 1370 ver\u00e4ndert hat - Nachrichten - Stra\u00dfenweb\" \/>\n<meta property=\"og:description\" content=\"Eine einzelne Koralle auf Fidschi, die mehr als 600 Jahre alt ist, hat aufgezeichnet, wie sich die Temperaturen im Pazifischen Ozean w\u00e4hrend ihres langen Lebens\" \/>\n<meta property=\"og:url\" content=\"https:\/\/www.strassenweb.de\/nachrichten\/eine-600-jahre-alte-koralle-zeigt-uns-wie-sich-der-pazifische-ozean-seit-1370-veraendert-hat\/\" \/>\n<meta property=\"og:site_name\" content=\"Stra\u00dfenweb\" \/>\n<meta property=\"article:publisher\" content=\"https:\/\/www.facebook.com\/strassenweb\/\" \/>\n<meta property=\"article:published_time\" content=\"2024-09-29T08:29:16+00:00\" \/>\n<meta property=\"og:image\" content=\"https:\/\/www.strassenweb.de\/nachrichten\/wp-content\/uploads\/2024\/09\/Eine-600-Jahre-alte-Koralle-zeigt-uns-wie-sich-der.jpg\" \/>\n\t<meta property=\"og:image:width\" content=\"754\" \/>\n\t<meta property=\"og:image:height\" content=\"503\" \/>\n\t<meta property=\"og:image:type\" content=\"image\/jpeg\" \/>\n<meta name=\"author\" content=\"Robert Hoffmann\" \/>\n<meta name=\"twitter:card\" content=\"summary_large_image\" \/>\n<meta name=\"twitter:label1\" content=\"Verfasst von\" \/>\n\t<meta name=\"twitter:data1\" content=\"Robert Hoffmann\" \/>\n\t<meta name=\"twitter:label2\" content=\"Gesch\u00e4tzte Lesezeit\" \/>\n\t<meta name=\"twitter:data2\" content=\"5\u00a0Minuten\" \/>\n<script type=\"application\/ld+json\" class=\"yoast-schema-graph\">{\"@context\":\"https:\\\/\\\/schema.org\",\"@graph\":[{\"@type\":\"Article\",\"@id\":\"https:\\\/\\\/www.strassenweb.de\\\/nachrichten\\\/eine-600-jahre-alte-koralle-zeigt-uns-wie-sich-der-pazifische-ozean-seit-1370-veraendert-hat\\\/#article\",\"isPartOf\":{\"@id\":\"https:\\\/\\\/www.strassenweb.de\\\/nachrichten\\\/eine-600-jahre-alte-koralle-zeigt-uns-wie-sich-der-pazifische-ozean-seit-1370-veraendert-hat\\\/\"},\"author\":{\"name\":\"Robert Hoffmann\",\"@id\":\"https:\\\/\\\/www.strassenweb.de\\\/nachrichten\\\/#\\\/schema\\\/person\\\/87c9c9067f1211da429a744dc5a5aa41\"},\"headline\":\"Eine 600 Jahre alte Koralle zeigt uns, wie sich der Pazifische Ozean seit 1370 ver\u00e4ndert hat\",\"datePublished\":\"2024-09-29T08:29:16+00:00\",\"mainEntityOfPage\":{\"@id\":\"https:\\\/\\\/www.strassenweb.de\\\/nachrichten\\\/eine-600-jahre-alte-koralle-zeigt-uns-wie-sich-der-pazifische-ozean-seit-1370-veraendert-hat\\\/\"},\"wordCount\":970,\"publisher\":{\"@id\":\"https:\\\/\\\/www.strassenweb.de\\\/nachrichten\\\/#organization\"},\"image\":{\"@id\":\"https:\\\/\\\/www.strassenweb.de\\\/nachrichten\\\/eine-600-jahre-alte-koralle-zeigt-uns-wie-sich-der-pazifische-ozean-seit-1370-veraendert-hat\\\/#primaryimage\"},\"thumbnailUrl\":\"https:\\\/\\\/www.strassenweb.de\\\/nachrichten\\\/wp-content\\\/uploads\\\/2024\\\/09\\\/Eine-600-Jahre-alte-Koralle-zeigt-uns-wie-sich-der.jpg\",\"keywords\":[\"alte\",\"der\",\"eine\",\"hat\",\"Jahre\",\"Koralle\",\"Ozean\",\"Pazifische\",\"seit\",\"sich\",\"uns\",\"ver\u00e4ndert\",\"Wie\",\"zeigt\"],\"articleSection\":[\"\u00d6kologie\"],\"inLanguage\":\"de\"},{\"@type\":\"WebPage\",\"@id\":\"https:\\\/\\\/www.strassenweb.de\\\/nachrichten\\\/eine-600-jahre-alte-koralle-zeigt-uns-wie-sich-der-pazifische-ozean-seit-1370-veraendert-hat\\\/\",\"url\":\"https:\\\/\\\/www.strassenweb.de\\\/nachrichten\\\/eine-600-jahre-alte-koralle-zeigt-uns-wie-sich-der-pazifische-ozean-seit-1370-veraendert-hat\\\/\",\"name\":\"Eine 600 Jahre alte Koralle zeigt uns, wie sich der Pazifische Ozean seit 1370 ver\u00e4ndert hat - Nachrichten - Stra\u00dfenweb\",\"isPartOf\":{\"@id\":\"https:\\\/\\\/www.strassenweb.de\\\/nachrichten\\\/#website\"},\"primaryImageOfPage\":{\"@id\":\"https:\\\/\\\/www.strassenweb.de\\\/nachrichten\\\/eine-600-jahre-alte-koralle-zeigt-uns-wie-sich-der-pazifische-ozean-seit-1370-veraendert-hat\\\/#primaryimage\"},\"image\":{\"@id\":\"https:\\\/\\\/www.strassenweb.de\\\/nachrichten\\\/eine-600-jahre-alte-koralle-zeigt-uns-wie-sich-der-pazifische-ozean-seit-1370-veraendert-hat\\\/#primaryimage\"},\"thumbnailUrl\":\"https:\\\/\\\/www.strassenweb.de\\\/nachrichten\\\/wp-content\\\/uploads\\\/2024\\\/09\\\/Eine-600-Jahre-alte-Koralle-zeigt-uns-wie-sich-der.jpg\",\"datePublished\":\"2024-09-29T08:29:16+00:00\",\"breadcrumb\":{\"@id\":\"https:\\\/\\\/www.strassenweb.de\\\/nachrichten\\\/eine-600-jahre-alte-koralle-zeigt-uns-wie-sich-der-pazifische-ozean-seit-1370-veraendert-hat\\\/#breadcrumb\"},\"inLanguage\":\"de\",\"potentialAction\":[{\"@type\":\"ReadAction\",\"target\":[\"https:\\\/\\\/www.strassenweb.de\\\/nachrichten\\\/eine-600-jahre-alte-koralle-zeigt-uns-wie-sich-der-pazifische-ozean-seit-1370-veraendert-hat\\\/\"]}]},{\"@type\":\"ImageObject\",\"inLanguage\":\"de\",\"@id\":\"https:\\\/\\\/www.strassenweb.de\\\/nachrichten\\\/eine-600-jahre-alte-koralle-zeigt-uns-wie-sich-der-pazifische-ozean-seit-1370-veraendert-hat\\\/#primaryimage\",\"url\":\"https:\\\/\\\/www.strassenweb.de\\\/nachrichten\\\/wp-content\\\/uploads\\\/2024\\\/09\\\/Eine-600-Jahre-alte-Koralle-zeigt-uns-wie-sich-der.jpg\",\"contentUrl\":\"https:\\\/\\\/www.strassenweb.de\\\/nachrichten\\\/wp-content\\\/uploads\\\/2024\\\/09\\\/Eine-600-Jahre-alte-Koralle-zeigt-uns-wie-sich-der.jpg\",\"width\":754,\"height\":503,\"caption\":\"Eine 600 Jahre alte Koralle zeigt uns, wie sich der Pazifische Ozean seit 1370 ver\u00e4ndert hat\"},{\"@type\":\"BreadcrumbList\",\"@id\":\"https:\\\/\\\/www.strassenweb.de\\\/nachrichten\\\/eine-600-jahre-alte-koralle-zeigt-uns-wie-sich-der-pazifische-ozean-seit-1370-veraendert-hat\\\/#breadcrumb\",\"itemListElement\":[{\"@type\":\"ListItem\",\"position\":1,\"name\":\"Home\",\"item\":\"https:\\\/\\\/www.strassenweb.de\\\/nachrichten\\\/\"},{\"@type\":\"ListItem\",\"position\":2,\"name\":\"Eine 600 Jahre alte Koralle zeigt uns, wie sich der Pazifische Ozean seit 1370 ver\u00e4ndert hat\"}]},{\"@type\":\"WebSite\",\"@id\":\"https:\\\/\\\/www.strassenweb.de\\\/nachrichten\\\/#website\",\"url\":\"https:\\\/\\\/www.strassenweb.de\\\/nachrichten\\\/\",\"name\":\"Stra\u00dfenweb\",\"description\":\"Stra\u00dfenverzeichnis f\u00fcr Deutschland\",\"publisher\":{\"@id\":\"https:\\\/\\\/www.strassenweb.de\\\/nachrichten\\\/#organization\"},\"potentialAction\":[{\"@type\":\"SearchAction\",\"target\":{\"@type\":\"EntryPoint\",\"urlTemplate\":\"https:\\\/\\\/www.strassenweb.de\\\/nachrichten\\\/?s={search_term_string}\"},\"query-input\":{\"@type\":\"PropertyValueSpecification\",\"valueRequired\":true,\"valueName\":\"search_term_string\"}}],\"inLanguage\":\"de\"},{\"@type\":\"Organization\",\"@id\":\"https:\\\/\\\/www.strassenweb.de\\\/nachrichten\\\/#organization\",\"name\":\"Stra\u00dfenweb\",\"url\":\"https:\\\/\\\/www.strassenweb.de\\\/nachrichten\\\/\",\"logo\":{\"@type\":\"ImageObject\",\"inLanguage\":\"de\",\"@id\":\"https:\\\/\\\/www.strassenweb.de\\\/nachrichten\\\/#\\\/schema\\\/logo\\\/image\\\/\",\"url\":\"https:\\\/\\\/www.strassenweb.de\\\/nachrichten\\\/wp-content\\\/uploads\\\/2024\\\/09\\\/cropped-favicon.png\",\"contentUrl\":\"https:\\\/\\\/www.strassenweb.de\\\/nachrichten\\\/wp-content\\\/uploads\\\/2024\\\/09\\\/cropped-favicon.png\",\"width\":512,\"height\":512,\"caption\":\"Stra\u00dfenweb\"},\"image\":{\"@id\":\"https:\\\/\\\/www.strassenweb.de\\\/nachrichten\\\/#\\\/schema\\\/logo\\\/image\\\/\"},\"sameAs\":[\"https:\\\/\\\/www.facebook.com\\\/strassenweb\\\/\"]},{\"@type\":\"Person\",\"@id\":\"https:\\\/\\\/www.strassenweb.de\\\/nachrichten\\\/#\\\/schema\\\/person\\\/87c9c9067f1211da429a744dc5a5aa41\",\"name\":\"Robert Hoffmann\",\"image\":{\"@type\":\"ImageObject\",\"inLanguage\":\"de\",\"@id\":\"https:\\\/\\\/www.strassenweb.de\\\/nachrichten\\\/wp-content\\\/uploads\\\/2024\\\/09\\\/strassenweb-150x150.jpg\",\"url\":\"https:\\\/\\\/www.strassenweb.de\\\/nachrichten\\\/wp-content\\\/uploads\\\/2024\\\/09\\\/strassenweb-150x150.jpg\",\"contentUrl\":\"https:\\\/\\\/www.strassenweb.de\\\/nachrichten\\\/wp-content\\\/uploads\\\/2024\\\/09\\\/strassenweb-150x150.jpg\",\"caption\":\"Robert Hoffmann\"},\"description\":\"Ich hei\u00dfe Robert Hoffmann und ich bin ein leidenschaftlicher Verfechter von \u00d6kologie und Biodiversit\u00e4t. Seit meiner Kindheit in den W\u00e4ldern Bayerns f\u00fchle ich mich mit der Natur verbunden und bin entschlossen, sie zu sch\u00fctzen. Heute widme ich mein Leben der Sensibilisierung anderer f\u00fcr die Bedeutung des Umweltschutzes f\u00fcr zuk\u00fcnftige Generationen.\",\"sameAs\":[\"https:\\\/\\\/www.strassenweb.de\\\/\"]}]}<\/script>\n<!-- \/ Yoast SEO plugin. -->","yoast_head_json":{"title":"Eine 600 Jahre alte Koralle zeigt uns, wie sich der Pazifische Ozean seit 1370 ver\u00e4ndert hat - Nachrichten - Stra\u00dfenweb","robots":{"index":"index","follow":"follow","max-snippet":"max-snippet:-1","max-image-preview":"max-image-preview:large","max-video-preview":"max-video-preview:-1"},"canonical":"https:\/\/www.strassenweb.de\/nachrichten\/eine-600-jahre-alte-koralle-zeigt-uns-wie-sich-der-pazifische-ozean-seit-1370-veraendert-hat\/","og_locale":"de_DE","og_type":"article","og_title":"Eine 600 Jahre alte Koralle zeigt uns, wie sich der Pazifische Ozean seit 1370 ver\u00e4ndert hat - Nachrichten - Stra\u00dfenweb","og_description":"Eine einzelne Koralle auf Fidschi, die mehr als 600 Jahre alt ist, hat aufgezeichnet, wie sich die Temperaturen im Pazifischen Ozean w\u00e4hrend ihres langen Lebens","og_url":"https:\/\/www.strassenweb.de\/nachrichten\/eine-600-jahre-alte-koralle-zeigt-uns-wie-sich-der-pazifische-ozean-seit-1370-veraendert-hat\/","og_site_name":"Stra\u00dfenweb","article_publisher":"https:\/\/www.facebook.com\/strassenweb\/","article_published_time":"2024-09-29T08:29:16+00:00","og_image":[{"width":754,"height":503,"url":"https:\/\/www.strassenweb.de\/nachrichten\/wp-content\/uploads\/2024\/09\/Eine-600-Jahre-alte-Koralle-zeigt-uns-wie-sich-der.jpg","type":"image\/jpeg"}],"author":"Robert Hoffmann","twitter_card":"summary_large_image","twitter_misc":{"Verfasst von":"Robert Hoffmann","Gesch\u00e4tzte Lesezeit":"5\u00a0Minuten"},"schema":{"@context":"https:\/\/schema.org","@graph":[{"@type":"Article","@id":"https:\/\/www.strassenweb.de\/nachrichten\/eine-600-jahre-alte-koralle-zeigt-uns-wie-sich-der-pazifische-ozean-seit-1370-veraendert-hat\/#article","isPartOf":{"@id":"https:\/\/www.strassenweb.de\/nachrichten\/eine-600-jahre-alte-koralle-zeigt-uns-wie-sich-der-pazifische-ozean-seit-1370-veraendert-hat\/"},"author":{"name":"Robert Hoffmann","@id":"https:\/\/www.strassenweb.de\/nachrichten\/#\/schema\/person\/87c9c9067f1211da429a744dc5a5aa41"},"headline":"Eine 600 Jahre alte Koralle zeigt uns, wie sich der Pazifische Ozean seit 1370 ver\u00e4ndert hat","datePublished":"2024-09-29T08:29:16+00:00","mainEntityOfPage":{"@id":"https:\/\/www.strassenweb.de\/nachrichten\/eine-600-jahre-alte-koralle-zeigt-uns-wie-sich-der-pazifische-ozean-seit-1370-veraendert-hat\/"},"wordCount":970,"publisher":{"@id":"https:\/\/www.strassenweb.de\/nachrichten\/#organization"},"image":{"@id":"https:\/\/www.strassenweb.de\/nachrichten\/eine-600-jahre-alte-koralle-zeigt-uns-wie-sich-der-pazifische-ozean-seit-1370-veraendert-hat\/#primaryimage"},"thumbnailUrl":"https:\/\/www.strassenweb.de\/nachrichten\/wp-content\/uploads\/2024\/09\/Eine-600-Jahre-alte-Koralle-zeigt-uns-wie-sich-der.jpg","keywords":["alte","der","eine","hat","Jahre","Koralle","Ozean","Pazifische","seit","sich","uns","ver\u00e4ndert","Wie","zeigt"],"articleSection":["\u00d6kologie"],"inLanguage":"de"},{"@type":"WebPage","@id":"https:\/\/www.strassenweb.de\/nachrichten\/eine-600-jahre-alte-koralle-zeigt-uns-wie-sich-der-pazifische-ozean-seit-1370-veraendert-hat\/","url":"https:\/\/www.strassenweb.de\/nachrichten\/eine-600-jahre-alte-koralle-zeigt-uns-wie-sich-der-pazifische-ozean-seit-1370-veraendert-hat\/","name":"Eine 600 Jahre alte Koralle zeigt uns, wie sich der Pazifische Ozean seit 1370 ver\u00e4ndert hat - Nachrichten - Stra\u00dfenweb","isPartOf":{"@id":"https:\/\/www.strassenweb.de\/nachrichten\/#website"},"primaryImageOfPage":{"@id":"https:\/\/www.strassenweb.de\/nachrichten\/eine-600-jahre-alte-koralle-zeigt-uns-wie-sich-der-pazifische-ozean-seit-1370-veraendert-hat\/#primaryimage"},"image":{"@id":"https:\/\/www.strassenweb.de\/nachrichten\/eine-600-jahre-alte-koralle-zeigt-uns-wie-sich-der-pazifische-ozean-seit-1370-veraendert-hat\/#primaryimage"},"thumbnailUrl":"https:\/\/www.strassenweb.de\/nachrichten\/wp-content\/uploads\/2024\/09\/Eine-600-Jahre-alte-Koralle-zeigt-uns-wie-sich-der.jpg","datePublished":"2024-09-29T08:29:16+00:00","breadcrumb":{"@id":"https:\/\/www.strassenweb.de\/nachrichten\/eine-600-jahre-alte-koralle-zeigt-uns-wie-sich-der-pazifische-ozean-seit-1370-veraendert-hat\/#breadcrumb"},"inLanguage":"de","potentialAction":[{"@type":"ReadAction","target":["https:\/\/www.strassenweb.de\/nachrichten\/eine-600-jahre-alte-koralle-zeigt-uns-wie-sich-der-pazifische-ozean-seit-1370-veraendert-hat\/"]}]},{"@type":"ImageObject","inLanguage":"de","@id":"https:\/\/www.strassenweb.de\/nachrichten\/eine-600-jahre-alte-koralle-zeigt-uns-wie-sich-der-pazifische-ozean-seit-1370-veraendert-hat\/#primaryimage","url":"https:\/\/www.strassenweb.de\/nachrichten\/wp-content\/uploads\/2024\/09\/Eine-600-Jahre-alte-Koralle-zeigt-uns-wie-sich-der.jpg","contentUrl":"https:\/\/www.strassenweb.de\/nachrichten\/wp-content\/uploads\/2024\/09\/Eine-600-Jahre-alte-Koralle-zeigt-uns-wie-sich-der.jpg","width":754,"height":503,"caption":"Eine 600 Jahre alte Koralle zeigt uns, wie sich der Pazifische Ozean seit 1370 ver\u00e4ndert hat"},{"@type":"BreadcrumbList","@id":"https:\/\/www.strassenweb.de\/nachrichten\/eine-600-jahre-alte-koralle-zeigt-uns-wie-sich-der-pazifische-ozean-seit-1370-veraendert-hat\/#breadcrumb","itemListElement":[{"@type":"ListItem","position":1,"name":"Home","item":"https:\/\/www.strassenweb.de\/nachrichten\/"},{"@type":"ListItem","position":2,"name":"Eine 600 Jahre alte Koralle zeigt uns, wie sich der Pazifische Ozean seit 1370 ver\u00e4ndert hat"}]},{"@type":"WebSite","@id":"https:\/\/www.strassenweb.de\/nachrichten\/#website","url":"https:\/\/www.strassenweb.de\/nachrichten\/","name":"Stra\u00dfenweb","description":"Stra\u00dfenverzeichnis f\u00fcr Deutschland","publisher":{"@id":"https:\/\/www.strassenweb.de\/nachrichten\/#organization"},"potentialAction":[{"@type":"SearchAction","target":{"@type":"EntryPoint","urlTemplate":"https:\/\/www.strassenweb.de\/nachrichten\/?s={search_term_string}"},"query-input":{"@type":"PropertyValueSpecification","valueRequired":true,"valueName":"search_term_string"}}],"inLanguage":"de"},{"@type":"Organization","@id":"https:\/\/www.strassenweb.de\/nachrichten\/#organization","name":"Stra\u00dfenweb","url":"https:\/\/www.strassenweb.de\/nachrichten\/","logo":{"@type":"ImageObject","inLanguage":"de","@id":"https:\/\/www.strassenweb.de\/nachrichten\/#\/schema\/logo\/image\/","url":"https:\/\/www.strassenweb.de\/nachrichten\/wp-content\/uploads\/2024\/09\/cropped-favicon.png","contentUrl":"https:\/\/www.strassenweb.de\/nachrichten\/wp-content\/uploads\/2024\/09\/cropped-favicon.png","width":512,"height":512,"caption":"Stra\u00dfenweb"},"image":{"@id":"https:\/\/www.strassenweb.de\/nachrichten\/#\/schema\/logo\/image\/"},"sameAs":["https:\/\/www.facebook.com\/strassenweb\/"]},{"@type":"Person","@id":"https:\/\/www.strassenweb.de\/nachrichten\/#\/schema\/person\/87c9c9067f1211da429a744dc5a5aa41","name":"Robert Hoffmann","image":{"@type":"ImageObject","inLanguage":"de","@id":"https:\/\/www.strassenweb.de\/nachrichten\/wp-content\/uploads\/2024\/09\/strassenweb-150x150.jpg","url":"https:\/\/www.strassenweb.de\/nachrichten\/wp-content\/uploads\/2024\/09\/strassenweb-150x150.jpg","contentUrl":"https:\/\/www.strassenweb.de\/nachrichten\/wp-content\/uploads\/2024\/09\/strassenweb-150x150.jpg","caption":"Robert Hoffmann"},"description":"Ich hei\u00dfe Robert Hoffmann und ich bin ein leidenschaftlicher Verfechter von \u00d6kologie und Biodiversit\u00e4t. Seit meiner Kindheit in den W\u00e4ldern Bayerns f\u00fchle ich mich mit der Natur verbunden und bin entschlossen, sie zu sch\u00fctzen. Heute widme ich mein Leben der Sensibilisierung anderer f\u00fcr die Bedeutung des Umweltschutzes f\u00fcr zuk\u00fcnftige Generationen.","sameAs":["https:\/\/www.strassenweb.de\/"]}]}},"_links":{"self":[{"href":"https:\/\/www.strassenweb.de\/nachrichten\/wp-json\/wp\/v2\/posts\/411","targetHints":{"allow":["GET"]}}],"collection":[{"href":"https:\/\/www.strassenweb.de\/nachrichten\/wp-json\/wp\/v2\/posts"}],"about":[{"href":"https:\/\/www.strassenweb.de\/nachrichten\/wp-json\/wp\/v2\/types\/post"}],"author":[{"embeddable":true,"href":"https:\/\/www.strassenweb.de\/nachrichten\/wp-json\/wp\/v2\/users\/1"}],"replies":[{"embeddable":true,"href":"https:\/\/www.strassenweb.de\/nachrichten\/wp-json\/wp\/v2\/comments?post=411"}],"version-history":[{"count":0,"href":"https:\/\/www.strassenweb.de\/nachrichten\/wp-json\/wp\/v2\/posts\/411\/revisions"}],"wp:featuredmedia":[{"embeddable":true,"href":"https:\/\/www.strassenweb.de\/nachrichten\/wp-json\/wp\/v2\/media\/412"}],"wp:attachment":[{"href":"https:\/\/www.strassenweb.de\/nachrichten\/wp-json\/wp\/v2\/media?parent=411"}],"wp:term":[{"taxonomy":"category","embeddable":true,"href":"https:\/\/www.strassenweb.de\/nachrichten\/wp-json\/wp\/v2\/categories?post=411"},{"taxonomy":"post_tag","embeddable":true,"href":"https:\/\/www.strassenweb.de\/nachrichten\/wp-json\/wp\/v2\/tags?post=411"}],"curies":[{"name":"wp","href":"https:\/\/api.w.org\/{rel}","templated":true}]}}