{"id":4097,"date":"2025-03-25T11:47:53","date_gmt":"2025-03-25T10:47:53","guid":{"rendered":"https:\/\/www.strassenweb.de\/nachrichten\/diese-gemuetliche-fruehstueckscke-von-studio-mcgee-beweist-dass-schwarz-tatsaechlich-die-perfekte-ergaenzung-zu-einem-neutralen-rustikalen-farbschema-ist\/"},"modified":"2025-03-25T11:47:53","modified_gmt":"2025-03-25T10:47:53","slug":"diese-gemuetliche-fruehstueckscke-von-studio-mcgee-beweist-dass-schwarz-tatsaechlich-die-perfekte-ergaenzung-zu-einem-neutralen-rustikalen-farbschema-ist","status":"publish","type":"post","link":"https:\/\/www.strassenweb.de\/nachrichten\/diese-gemuetliche-fruehstueckscke-von-studio-mcgee-beweist-dass-schwarz-tatsaechlich-die-perfekte-ergaenzung-zu-einem-neutralen-rustikalen-farbschema-ist\/","title":{"rendered":"Diese gem\u00fctliche Fr\u00fchst\u00fcckscke von Studio McGee beweist, dass Schwarz tats\u00e4chlich die perfekte Erg\u00e4nzung zu einem neutralen rustikalen Farbschema ist"},"content":{"rendered":"<p><\/p>\n<div id=\"article-body\" class=\"article__body \">\n<p>Schwarz ist keine Farbe, die Sie so oft sehen, wenn es um rustikale R\u00e4ume geht, die weiche Neutrale und w\u00e4rmere Farbt\u00f6ne bevorzugen. Es kann jedoch definitiv funktionieren, wenn es in den richtigen Bereichen und in der richtigen Menge verwendet wird &#8211; wie Designer Shea McGees j\u00fcngstes Projekt beweist.<\/p>\n<div id=\"ad-unit-1\" class=\"ad-unit\"><\/div>\n<p>In der K\u00fcche Tahoe Pines befindet sich die idyllische Fr\u00fchst\u00fccks -Nook, die von Sheas Team im Studio McGee entworfen wurde. Der Raum ist zweifellos rustikal und zeigt Sheas Liebe zu allen Bio -Dingen, aber die Entscheidung, Schwarz in ihr ansonsten sehr weiches Schema zu bringen, hat uns fasziniert.<\/p>\n<p>Shea beweist, dass es in Ordnung ist, Farben an beiden Enden des Spektrums zu mischen, und hat schwarze Ledersitze und ein Statement Black Breakfast Tisch, trotz der eher rustikalen und neutralen Kulisse der K\u00fcche.<\/p>\n<div id=\"desktop-in-article\" class=\"in-article ad-unit\">\n<div id=\"desktop-taboola-mid-article\"><\/div>\n<\/div>\n<div id=\"mobile-in-article\" class=\"in-article ad-unit\">\n<div id=\"mobile-taboola-mid-article\"><\/div>\n<\/div>\n<figure class=\"van-image-figure inline-layout \" data-bordeaux-image-check>\n<div class=\"image-full-width-wrapper\">\n<div class=\"image-widthsetter\" style=\"max-width:2000px;\"><\/div>\n<\/div>\n<\/figure>\n<p>Es wurde gezeigt, dass Schwarz die unerwartete Farbe ist, die in kleinen R\u00e4umen verwendet werden kann. Es ist sinnvoll, dass Shea eine angemessene Menge des Schattens in der eher engen Fr\u00fchst\u00fccksecken vorgestellt hat. Wir sehen jedoch nicht oft, dass dieser dunkle, k\u00fchle Farbton vor einer solchen rustikalen Kulisse verwendet wird.<\/p>\n<div class=\"van_vid_carousel\">\n<div class=\"van_vid_carousel__padding\">\n<div class=\"van_vid_carousel__container\"><\/div>\n<\/div>\n<\/div>\n<aside class=\"hawk-base\" data-block-type=\"embed\" data-render-type=\"fte\" data-skip=\"dealsy\" data-widget-type=\"seasonal\">\n<div class=\"hawk-master-widget-hawk-base-wrapper\"><\/div>\n<\/aside>\n<p>Die schwarzen M\u00f6bel sind eine unerwartete Funktion, die Sie normalerweise in diesem Stil nicht sehen w\u00fcrden, aber wie bei allen gro\u00dfen Designs geht ein Element der \u00dcberraschung und Originalit\u00e4t nie ein Miss.<\/p>\n<div id=\"ad-unit-2\" class=\"ad-unit\"><\/div>\n<p>Im wahren Shea -Stil ist sie mit Neutralen dekoriert und das schwarze Leder bringt die perfekte Menge an Kontrast. Es balanciert die warmen T\u00f6ne des Holzes rund um die Ecke, insbesondere das handwerkliche Holzregal, das eine Reihe von Bauernhausdekorationen aufweist. Schwarz verleiht dem Raum die perfekte Menge an Reichtum, ohne zu weit von der organischen Atmosph\u00e4re zu steuern.<\/p>\n<figure class=\"van-image-figure inline-layout \" data-bordeaux-image-check>\n<div class=\"image-full-width-wrapper\">\n<div class=\"image-widthsetter\" style=\"max-width:2000px;\"><\/div>\n<\/div>\n<\/figure>\n<p>Shea blieb dem Rest der K\u00fcche treu und passte geschickt eine rustikale, holzget\u00e4lerte Decke, die den Bereich vom Rest des Raums teilt und den Raum von oben umrahmt. Wir alle wissen, wie wichtig die Textur im Innenarchitektur ist. Um der Fr\u00fchst\u00fccksecke mit etwas Abwechslung zu versorgen. Das Material steht im Gegensatz zum Bio-Holz und bringt eine dringend ben\u00f6tigte Gl\u00e4tte, umarmt die Ecke und l\u00e4dt die G\u00e4ste ein, sich bequem zu machen.<\/p>\n<p>Shea erkennt die moderne Bio -K\u00fcche an und hat daf\u00fcr gesorgt, dass sich die Fr\u00fchst\u00fccksecke zusammenh\u00e4ngend und dennoch getrennt f\u00fchlt. Sie hat einen mutigen schwarzen Farbton und einen erfrischenden M\u00f6belstil eingebaut, damit sich die Gegend individuell f\u00fchlt, obwohl sie Teil eines gr\u00f6\u00dferen Systems ist.<\/p>\n<h3 class=\"article-body__section\" id=\"section-recreate-shea-s-breakfast-nook-with-these-rustic-pieces\"><span>Erstellen Sie Sheas Fr\u00fchst\u00fccksende mit diesen rustikalen St\u00fccken nach<\/span><\/h3>\n<div class=\"product-container hero-product-container product-block-no-wrap\"><\/div>\n<hr>\n<p>Rustikale Pl\u00e4ne sind nat\u00fcrlich zeitlos, aber es gibt Trends in diesem Trend und Sheas Fr\u00fchst\u00fccksecke lehnt sich in eine modernere, elegantere Sicht auf den Look. Die Einf\u00fchrung luxuri\u00f6ser Materialien wie schwarzes Leder und die kleinen Akzente von Schwarz in allen rustikalen Farben und Texturen verleihen dem Abstandshalter ein frischeres Gef\u00fchl, immer noch weich und neutral, aber mit einer Kante.<\/p>\n<\/div>\n","protected":false},"excerpt":{"rendered":"<p>Schwarz ist keine Farbe, die Sie so oft sehen, wenn es um rustikale R\u00e4ume geht, die weiche Neutrale und w\u00e4rmere Farbt\u00f6ne bevorzugen. Es kann jedoch<\/p>\n","protected":false},"author":1,"featured_media":4098,"comment_status":"closed","ping_status":"","sticky":false,"template":"","format":"standard","meta":{"footnotes":""},"categories":[118],"tags":[2037,51,9,143,22,6212,3845,6210,959,15,1820,1021,2188,1799,481,6211,1113,21],"class_list":["post-4097","post","type-post","status-publish","format-standard","has-post-thumbnail","hentry","category-haus-garten","tag-beweist","tag-dass","tag-die","tag-diese","tag-einem","tag-ergaenzung","tag-farbschema","tag-fruehstueckscke","tag-gemuetliche","tag-ist","tag-mcgee","tag-neutralen","tag-perfekte","tag-rustikalen","tag-schwarz","tag-studio","tag-tatsaechlich","tag-von","generate-columns","tablet-grid-50","mobile-grid-100","grid-parent","grid-50"],"yoast_head":"<!-- This site is optimized with the Yoast SEO plugin v27.3 - https:\/\/yoast.com\/product\/yoast-seo-wordpress\/ -->\n<title>Diese gem\u00fctliche Fr\u00fchst\u00fcckscke von Studio McGee beweist, dass Schwarz tats\u00e4chlich die perfekte Erg\u00e4nzung zu einem neutralen rustikalen Farbschema ist - Nachrichten - Stra\u00dfenweb<\/title>\n<meta name=\"robots\" content=\"index, follow, max-snippet:-1, max-image-preview:large, max-video-preview:-1\" \/>\n<link rel=\"canonical\" href=\"https:\/\/www.strassenweb.de\/nachrichten\/diese-gemuetliche-fruehstueckscke-von-studio-mcgee-beweist-dass-schwarz-tatsaechlich-die-perfekte-ergaenzung-zu-einem-neutralen-rustikalen-farbschema-ist\/\" \/>\n<meta property=\"og:locale\" content=\"de_DE\" \/>\n<meta property=\"og:type\" content=\"article\" \/>\n<meta property=\"og:title\" content=\"Diese gem\u00fctliche Fr\u00fchst\u00fcckscke von Studio McGee beweist, dass Schwarz tats\u00e4chlich die perfekte Erg\u00e4nzung zu einem neutralen rustikalen Farbschema ist - Nachrichten - Stra\u00dfenweb\" \/>\n<meta property=\"og:description\" content=\"Schwarz ist keine Farbe, die Sie so oft sehen, wenn es um rustikale R\u00e4ume geht, die weiche Neutrale und w\u00e4rmere Farbt\u00f6ne bevorzugen. Es kann jedoch\" \/>\n<meta property=\"og:url\" content=\"https:\/\/www.strassenweb.de\/nachrichten\/diese-gemuetliche-fruehstueckscke-von-studio-mcgee-beweist-dass-schwarz-tatsaechlich-die-perfekte-ergaenzung-zu-einem-neutralen-rustikalen-farbschema-ist\/\" \/>\n<meta property=\"og:site_name\" content=\"Stra\u00dfenweb\" \/>\n<meta property=\"article:publisher\" content=\"https:\/\/www.facebook.com\/strassenweb\/\" \/>\n<meta property=\"article:published_time\" content=\"2025-03-25T10:47:53+00:00\" \/>\n<meta property=\"og:image\" content=\"https:\/\/www.strassenweb.de\/nachrichten\/wp-content\/uploads\/2025\/03\/Diese-gemuetliche-Fruehstueckscke-von-Studio-McGee-beweist-dass-Schwarz-tatsaechlich.jpg\" \/>\n\t<meta property=\"og:image:width\" content=\"1200\" \/>\n\t<meta property=\"og:image:height\" content=\"675\" \/>\n\t<meta property=\"og:image:type\" content=\"image\/jpeg\" \/>\n<meta name=\"author\" content=\"Robert Hoffmann\" \/>\n<meta name=\"twitter:card\" content=\"summary_large_image\" \/>\n<meta name=\"twitter:label1\" content=\"Verfasst von\" \/>\n\t<meta name=\"twitter:data1\" content=\"Robert Hoffmann\" \/>\n\t<meta name=\"twitter:label2\" content=\"Gesch\u00e4tzte Lesezeit\" \/>\n\t<meta name=\"twitter:data2\" content=\"2\u00a0Minuten\" \/>\n<script type=\"application\/ld+json\" class=\"yoast-schema-graph\">{\"@context\":\"https:\\\/\\\/schema.org\",\"@graph\":[{\"@type\":\"Article\",\"@id\":\"https:\\\/\\\/www.strassenweb.de\\\/nachrichten\\\/diese-gemuetliche-fruehstueckscke-von-studio-mcgee-beweist-dass-schwarz-tatsaechlich-die-perfekte-ergaenzung-zu-einem-neutralen-rustikalen-farbschema-ist\\\/#article\",\"isPartOf\":{\"@id\":\"https:\\\/\\\/www.strassenweb.de\\\/nachrichten\\\/diese-gemuetliche-fruehstueckscke-von-studio-mcgee-beweist-dass-schwarz-tatsaechlich-die-perfekte-ergaenzung-zu-einem-neutralen-rustikalen-farbschema-ist\\\/\"},\"author\":{\"name\":\"Robert Hoffmann\",\"@id\":\"https:\\\/\\\/www.strassenweb.de\\\/nachrichten\\\/#\\\/schema\\\/person\\\/87c9c9067f1211da429a744dc5a5aa41\"},\"headline\":\"Diese gem\u00fctliche Fr\u00fchst\u00fcckscke von Studio McGee beweist, dass Schwarz tats\u00e4chlich die perfekte Erg\u00e4nzung zu einem neutralen rustikalen Farbschema ist\",\"datePublished\":\"2025-03-25T10:47:53+00:00\",\"mainEntityOfPage\":{\"@id\":\"https:\\\/\\\/www.strassenweb.de\\\/nachrichten\\\/diese-gemuetliche-fruehstueckscke-von-studio-mcgee-beweist-dass-schwarz-tatsaechlich-die-perfekte-ergaenzung-zu-einem-neutralen-rustikalen-farbschema-ist\\\/\"},\"wordCount\":522,\"publisher\":{\"@id\":\"https:\\\/\\\/www.strassenweb.de\\\/nachrichten\\\/#organization\"},\"image\":{\"@id\":\"https:\\\/\\\/www.strassenweb.de\\\/nachrichten\\\/diese-gemuetliche-fruehstueckscke-von-studio-mcgee-beweist-dass-schwarz-tatsaechlich-die-perfekte-ergaenzung-zu-einem-neutralen-rustikalen-farbschema-ist\\\/#primaryimage\"},\"thumbnailUrl\":\"https:\\\/\\\/www.strassenweb.de\\\/nachrichten\\\/wp-content\\\/uploads\\\/2025\\\/03\\\/Diese-gemuetliche-Fruehstueckscke-von-Studio-McGee-beweist-dass-Schwarz-tatsaechlich.jpg\",\"keywords\":[\"beweist\",\"dass\",\"die\",\"diese\",\"einem\",\"Erg\u00e4nzung\",\"Farbschema\",\"Fr\u00fchst\u00fcckscke\",\"gem\u00fctliche\",\"ist\",\"McGee\",\"neutralen\",\"perfekte\",\"rustikalen\",\"schwarz\",\"Studio\",\"tats\u00e4chlich\",\"von\"],\"articleSection\":[\"Haus &amp; Garten\"],\"inLanguage\":\"de\"},{\"@type\":\"WebPage\",\"@id\":\"https:\\\/\\\/www.strassenweb.de\\\/nachrichten\\\/diese-gemuetliche-fruehstueckscke-von-studio-mcgee-beweist-dass-schwarz-tatsaechlich-die-perfekte-ergaenzung-zu-einem-neutralen-rustikalen-farbschema-ist\\\/\",\"url\":\"https:\\\/\\\/www.strassenweb.de\\\/nachrichten\\\/diese-gemuetliche-fruehstueckscke-von-studio-mcgee-beweist-dass-schwarz-tatsaechlich-die-perfekte-ergaenzung-zu-einem-neutralen-rustikalen-farbschema-ist\\\/\",\"name\":\"Diese gem\u00fctliche Fr\u00fchst\u00fcckscke von Studio McGee beweist, dass Schwarz tats\u00e4chlich die perfekte Erg\u00e4nzung zu einem neutralen rustikalen Farbschema ist - Nachrichten - Stra\u00dfenweb\",\"isPartOf\":{\"@id\":\"https:\\\/\\\/www.strassenweb.de\\\/nachrichten\\\/#website\"},\"primaryImageOfPage\":{\"@id\":\"https:\\\/\\\/www.strassenweb.de\\\/nachrichten\\\/diese-gemuetliche-fruehstueckscke-von-studio-mcgee-beweist-dass-schwarz-tatsaechlich-die-perfekte-ergaenzung-zu-einem-neutralen-rustikalen-farbschema-ist\\\/#primaryimage\"},\"image\":{\"@id\":\"https:\\\/\\\/www.strassenweb.de\\\/nachrichten\\\/diese-gemuetliche-fruehstueckscke-von-studio-mcgee-beweist-dass-schwarz-tatsaechlich-die-perfekte-ergaenzung-zu-einem-neutralen-rustikalen-farbschema-ist\\\/#primaryimage\"},\"thumbnailUrl\":\"https:\\\/\\\/www.strassenweb.de\\\/nachrichten\\\/wp-content\\\/uploads\\\/2025\\\/03\\\/Diese-gemuetliche-Fruehstueckscke-von-Studio-McGee-beweist-dass-Schwarz-tatsaechlich.jpg\",\"datePublished\":\"2025-03-25T10:47:53+00:00\",\"breadcrumb\":{\"@id\":\"https:\\\/\\\/www.strassenweb.de\\\/nachrichten\\\/diese-gemuetliche-fruehstueckscke-von-studio-mcgee-beweist-dass-schwarz-tatsaechlich-die-perfekte-ergaenzung-zu-einem-neutralen-rustikalen-farbschema-ist\\\/#breadcrumb\"},\"inLanguage\":\"de\",\"potentialAction\":[{\"@type\":\"ReadAction\",\"target\":[\"https:\\\/\\\/www.strassenweb.de\\\/nachrichten\\\/diese-gemuetliche-fruehstueckscke-von-studio-mcgee-beweist-dass-schwarz-tatsaechlich-die-perfekte-ergaenzung-zu-einem-neutralen-rustikalen-farbschema-ist\\\/\"]}]},{\"@type\":\"ImageObject\",\"inLanguage\":\"de\",\"@id\":\"https:\\\/\\\/www.strassenweb.de\\\/nachrichten\\\/diese-gemuetliche-fruehstueckscke-von-studio-mcgee-beweist-dass-schwarz-tatsaechlich-die-perfekte-ergaenzung-zu-einem-neutralen-rustikalen-farbschema-ist\\\/#primaryimage\",\"url\":\"https:\\\/\\\/www.strassenweb.de\\\/nachrichten\\\/wp-content\\\/uploads\\\/2025\\\/03\\\/Diese-gemuetliche-Fruehstueckscke-von-Studio-McGee-beweist-dass-Schwarz-tatsaechlich.jpg\",\"contentUrl\":\"https:\\\/\\\/www.strassenweb.de\\\/nachrichten\\\/wp-content\\\/uploads\\\/2025\\\/03\\\/Diese-gemuetliche-Fruehstueckscke-von-Studio-McGee-beweist-dass-Schwarz-tatsaechlich.jpg\",\"width\":1200,\"height\":675,\"caption\":\"Diese gem\u00fctliche Fr\u00fchst\u00fcckscke von Studio McGee beweist, dass Schwarz tats\u00e4chlich die perfekte Erg\u00e4nzung zu einem neutralen rustikalen Farbschema ist\"},{\"@type\":\"BreadcrumbList\",\"@id\":\"https:\\\/\\\/www.strassenweb.de\\\/nachrichten\\\/diese-gemuetliche-fruehstueckscke-von-studio-mcgee-beweist-dass-schwarz-tatsaechlich-die-perfekte-ergaenzung-zu-einem-neutralen-rustikalen-farbschema-ist\\\/#breadcrumb\",\"itemListElement\":[{\"@type\":\"ListItem\",\"position\":1,\"name\":\"Home\",\"item\":\"https:\\\/\\\/www.strassenweb.de\\\/nachrichten\\\/\"},{\"@type\":\"ListItem\",\"position\":2,\"name\":\"Diese gem\u00fctliche Fr\u00fchst\u00fcckscke von Studio McGee beweist, dass Schwarz tats\u00e4chlich die perfekte Erg\u00e4nzung zu einem neutralen rustikalen Farbschema ist\"}]},{\"@type\":\"WebSite\",\"@id\":\"https:\\\/\\\/www.strassenweb.de\\\/nachrichten\\\/#website\",\"url\":\"https:\\\/\\\/www.strassenweb.de\\\/nachrichten\\\/\",\"name\":\"Stra\u00dfenweb\",\"description\":\"Stra\u00dfenverzeichnis f\u00fcr Deutschland\",\"publisher\":{\"@id\":\"https:\\\/\\\/www.strassenweb.de\\\/nachrichten\\\/#organization\"},\"potentialAction\":[{\"@type\":\"SearchAction\",\"target\":{\"@type\":\"EntryPoint\",\"urlTemplate\":\"https:\\\/\\\/www.strassenweb.de\\\/nachrichten\\\/?s={search_term_string}\"},\"query-input\":{\"@type\":\"PropertyValueSpecification\",\"valueRequired\":true,\"valueName\":\"search_term_string\"}}],\"inLanguage\":\"de\"},{\"@type\":\"Organization\",\"@id\":\"https:\\\/\\\/www.strassenweb.de\\\/nachrichten\\\/#organization\",\"name\":\"Stra\u00dfenweb\",\"url\":\"https:\\\/\\\/www.strassenweb.de\\\/nachrichten\\\/\",\"logo\":{\"@type\":\"ImageObject\",\"inLanguage\":\"de\",\"@id\":\"https:\\\/\\\/www.strassenweb.de\\\/nachrichten\\\/#\\\/schema\\\/logo\\\/image\\\/\",\"url\":\"https:\\\/\\\/www.strassenweb.de\\\/nachrichten\\\/wp-content\\\/uploads\\\/2024\\\/09\\\/cropped-favicon.png\",\"contentUrl\":\"https:\\\/\\\/www.strassenweb.de\\\/nachrichten\\\/wp-content\\\/uploads\\\/2024\\\/09\\\/cropped-favicon.png\",\"width\":512,\"height\":512,\"caption\":\"Stra\u00dfenweb\"},\"image\":{\"@id\":\"https:\\\/\\\/www.strassenweb.de\\\/nachrichten\\\/#\\\/schema\\\/logo\\\/image\\\/\"},\"sameAs\":[\"https:\\\/\\\/www.facebook.com\\\/strassenweb\\\/\"]},{\"@type\":\"Person\",\"@id\":\"https:\\\/\\\/www.strassenweb.de\\\/nachrichten\\\/#\\\/schema\\\/person\\\/87c9c9067f1211da429a744dc5a5aa41\",\"name\":\"Robert Hoffmann\",\"image\":{\"@type\":\"ImageObject\",\"inLanguage\":\"de\",\"@id\":\"https:\\\/\\\/www.strassenweb.de\\\/nachrichten\\\/wp-content\\\/uploads\\\/2024\\\/09\\\/strassenweb-150x150.jpg\",\"url\":\"https:\\\/\\\/www.strassenweb.de\\\/nachrichten\\\/wp-content\\\/uploads\\\/2024\\\/09\\\/strassenweb-150x150.jpg\",\"contentUrl\":\"https:\\\/\\\/www.strassenweb.de\\\/nachrichten\\\/wp-content\\\/uploads\\\/2024\\\/09\\\/strassenweb-150x150.jpg\",\"caption\":\"Robert Hoffmann\"},\"description\":\"Ich hei\u00dfe Robert Hoffmann und ich bin ein leidenschaftlicher Verfechter von \u00d6kologie und Biodiversit\u00e4t. Seit meiner Kindheit in den W\u00e4ldern Bayerns f\u00fchle ich mich mit der Natur verbunden und bin entschlossen, sie zu sch\u00fctzen. Heute widme ich mein Leben der Sensibilisierung anderer f\u00fcr die Bedeutung des Umweltschutzes f\u00fcr zuk\u00fcnftige Generationen.\",\"sameAs\":[\"https:\\\/\\\/www.strassenweb.de\\\/\"]}]}<\/script>\n<!-- \/ Yoast SEO plugin. -->","yoast_head_json":{"title":"Diese gem\u00fctliche Fr\u00fchst\u00fcckscke von Studio McGee beweist, dass Schwarz tats\u00e4chlich die perfekte Erg\u00e4nzung zu einem neutralen rustikalen Farbschema ist - Nachrichten - Stra\u00dfenweb","robots":{"index":"index","follow":"follow","max-snippet":"max-snippet:-1","max-image-preview":"max-image-preview:large","max-video-preview":"max-video-preview:-1"},"canonical":"https:\/\/www.strassenweb.de\/nachrichten\/diese-gemuetliche-fruehstueckscke-von-studio-mcgee-beweist-dass-schwarz-tatsaechlich-die-perfekte-ergaenzung-zu-einem-neutralen-rustikalen-farbschema-ist\/","og_locale":"de_DE","og_type":"article","og_title":"Diese gem\u00fctliche Fr\u00fchst\u00fcckscke von Studio McGee beweist, dass Schwarz tats\u00e4chlich die perfekte Erg\u00e4nzung zu einem neutralen rustikalen Farbschema ist - Nachrichten - Stra\u00dfenweb","og_description":"Schwarz ist keine Farbe, die Sie so oft sehen, wenn es um rustikale R\u00e4ume geht, die weiche Neutrale und w\u00e4rmere Farbt\u00f6ne bevorzugen. Es kann jedoch","og_url":"https:\/\/www.strassenweb.de\/nachrichten\/diese-gemuetliche-fruehstueckscke-von-studio-mcgee-beweist-dass-schwarz-tatsaechlich-die-perfekte-ergaenzung-zu-einem-neutralen-rustikalen-farbschema-ist\/","og_site_name":"Stra\u00dfenweb","article_publisher":"https:\/\/www.facebook.com\/strassenweb\/","article_published_time":"2025-03-25T10:47:53+00:00","og_image":[{"width":1200,"height":675,"url":"https:\/\/www.strassenweb.de\/nachrichten\/wp-content\/uploads\/2025\/03\/Diese-gemuetliche-Fruehstueckscke-von-Studio-McGee-beweist-dass-Schwarz-tatsaechlich.jpg","type":"image\/jpeg"}],"author":"Robert Hoffmann","twitter_card":"summary_large_image","twitter_misc":{"Verfasst von":"Robert Hoffmann","Gesch\u00e4tzte Lesezeit":"2\u00a0Minuten"},"schema":{"@context":"https:\/\/schema.org","@graph":[{"@type":"Article","@id":"https:\/\/www.strassenweb.de\/nachrichten\/diese-gemuetliche-fruehstueckscke-von-studio-mcgee-beweist-dass-schwarz-tatsaechlich-die-perfekte-ergaenzung-zu-einem-neutralen-rustikalen-farbschema-ist\/#article","isPartOf":{"@id":"https:\/\/www.strassenweb.de\/nachrichten\/diese-gemuetliche-fruehstueckscke-von-studio-mcgee-beweist-dass-schwarz-tatsaechlich-die-perfekte-ergaenzung-zu-einem-neutralen-rustikalen-farbschema-ist\/"},"author":{"name":"Robert Hoffmann","@id":"https:\/\/www.strassenweb.de\/nachrichten\/#\/schema\/person\/87c9c9067f1211da429a744dc5a5aa41"},"headline":"Diese gem\u00fctliche Fr\u00fchst\u00fcckscke von Studio McGee beweist, dass Schwarz tats\u00e4chlich die perfekte Erg\u00e4nzung zu einem neutralen rustikalen Farbschema ist","datePublished":"2025-03-25T10:47:53+00:00","mainEntityOfPage":{"@id":"https:\/\/www.strassenweb.de\/nachrichten\/diese-gemuetliche-fruehstueckscke-von-studio-mcgee-beweist-dass-schwarz-tatsaechlich-die-perfekte-ergaenzung-zu-einem-neutralen-rustikalen-farbschema-ist\/"},"wordCount":522,"publisher":{"@id":"https:\/\/www.strassenweb.de\/nachrichten\/#organization"},"image":{"@id":"https:\/\/www.strassenweb.de\/nachrichten\/diese-gemuetliche-fruehstueckscke-von-studio-mcgee-beweist-dass-schwarz-tatsaechlich-die-perfekte-ergaenzung-zu-einem-neutralen-rustikalen-farbschema-ist\/#primaryimage"},"thumbnailUrl":"https:\/\/www.strassenweb.de\/nachrichten\/wp-content\/uploads\/2025\/03\/Diese-gemuetliche-Fruehstueckscke-von-Studio-McGee-beweist-dass-Schwarz-tatsaechlich.jpg","keywords":["beweist","dass","die","diese","einem","Erg\u00e4nzung","Farbschema","Fr\u00fchst\u00fcckscke","gem\u00fctliche","ist","McGee","neutralen","perfekte","rustikalen","schwarz","Studio","tats\u00e4chlich","von"],"articleSection":["Haus &amp; Garten"],"inLanguage":"de"},{"@type":"WebPage","@id":"https:\/\/www.strassenweb.de\/nachrichten\/diese-gemuetliche-fruehstueckscke-von-studio-mcgee-beweist-dass-schwarz-tatsaechlich-die-perfekte-ergaenzung-zu-einem-neutralen-rustikalen-farbschema-ist\/","url":"https:\/\/www.strassenweb.de\/nachrichten\/diese-gemuetliche-fruehstueckscke-von-studio-mcgee-beweist-dass-schwarz-tatsaechlich-die-perfekte-ergaenzung-zu-einem-neutralen-rustikalen-farbschema-ist\/","name":"Diese gem\u00fctliche Fr\u00fchst\u00fcckscke von Studio McGee beweist, dass Schwarz tats\u00e4chlich die perfekte Erg\u00e4nzung zu einem neutralen rustikalen Farbschema ist - Nachrichten - Stra\u00dfenweb","isPartOf":{"@id":"https:\/\/www.strassenweb.de\/nachrichten\/#website"},"primaryImageOfPage":{"@id":"https:\/\/www.strassenweb.de\/nachrichten\/diese-gemuetliche-fruehstueckscke-von-studio-mcgee-beweist-dass-schwarz-tatsaechlich-die-perfekte-ergaenzung-zu-einem-neutralen-rustikalen-farbschema-ist\/#primaryimage"},"image":{"@id":"https:\/\/www.strassenweb.de\/nachrichten\/diese-gemuetliche-fruehstueckscke-von-studio-mcgee-beweist-dass-schwarz-tatsaechlich-die-perfekte-ergaenzung-zu-einem-neutralen-rustikalen-farbschema-ist\/#primaryimage"},"thumbnailUrl":"https:\/\/www.strassenweb.de\/nachrichten\/wp-content\/uploads\/2025\/03\/Diese-gemuetliche-Fruehstueckscke-von-Studio-McGee-beweist-dass-Schwarz-tatsaechlich.jpg","datePublished":"2025-03-25T10:47:53+00:00","breadcrumb":{"@id":"https:\/\/www.strassenweb.de\/nachrichten\/diese-gemuetliche-fruehstueckscke-von-studio-mcgee-beweist-dass-schwarz-tatsaechlich-die-perfekte-ergaenzung-zu-einem-neutralen-rustikalen-farbschema-ist\/#breadcrumb"},"inLanguage":"de","potentialAction":[{"@type":"ReadAction","target":["https:\/\/www.strassenweb.de\/nachrichten\/diese-gemuetliche-fruehstueckscke-von-studio-mcgee-beweist-dass-schwarz-tatsaechlich-die-perfekte-ergaenzung-zu-einem-neutralen-rustikalen-farbschema-ist\/"]}]},{"@type":"ImageObject","inLanguage":"de","@id":"https:\/\/www.strassenweb.de\/nachrichten\/diese-gemuetliche-fruehstueckscke-von-studio-mcgee-beweist-dass-schwarz-tatsaechlich-die-perfekte-ergaenzung-zu-einem-neutralen-rustikalen-farbschema-ist\/#primaryimage","url":"https:\/\/www.strassenweb.de\/nachrichten\/wp-content\/uploads\/2025\/03\/Diese-gemuetliche-Fruehstueckscke-von-Studio-McGee-beweist-dass-Schwarz-tatsaechlich.jpg","contentUrl":"https:\/\/www.strassenweb.de\/nachrichten\/wp-content\/uploads\/2025\/03\/Diese-gemuetliche-Fruehstueckscke-von-Studio-McGee-beweist-dass-Schwarz-tatsaechlich.jpg","width":1200,"height":675,"caption":"Diese gem\u00fctliche Fr\u00fchst\u00fcckscke von Studio McGee beweist, dass Schwarz tats\u00e4chlich die perfekte Erg\u00e4nzung zu einem neutralen rustikalen Farbschema ist"},{"@type":"BreadcrumbList","@id":"https:\/\/www.strassenweb.de\/nachrichten\/diese-gemuetliche-fruehstueckscke-von-studio-mcgee-beweist-dass-schwarz-tatsaechlich-die-perfekte-ergaenzung-zu-einem-neutralen-rustikalen-farbschema-ist\/#breadcrumb","itemListElement":[{"@type":"ListItem","position":1,"name":"Home","item":"https:\/\/www.strassenweb.de\/nachrichten\/"},{"@type":"ListItem","position":2,"name":"Diese gem\u00fctliche Fr\u00fchst\u00fcckscke von Studio McGee beweist, dass Schwarz tats\u00e4chlich die perfekte Erg\u00e4nzung zu einem neutralen rustikalen Farbschema ist"}]},{"@type":"WebSite","@id":"https:\/\/www.strassenweb.de\/nachrichten\/#website","url":"https:\/\/www.strassenweb.de\/nachrichten\/","name":"Stra\u00dfenweb","description":"Stra\u00dfenverzeichnis f\u00fcr Deutschland","publisher":{"@id":"https:\/\/www.strassenweb.de\/nachrichten\/#organization"},"potentialAction":[{"@type":"SearchAction","target":{"@type":"EntryPoint","urlTemplate":"https:\/\/www.strassenweb.de\/nachrichten\/?s={search_term_string}"},"query-input":{"@type":"PropertyValueSpecification","valueRequired":true,"valueName":"search_term_string"}}],"inLanguage":"de"},{"@type":"Organization","@id":"https:\/\/www.strassenweb.de\/nachrichten\/#organization","name":"Stra\u00dfenweb","url":"https:\/\/www.strassenweb.de\/nachrichten\/","logo":{"@type":"ImageObject","inLanguage":"de","@id":"https:\/\/www.strassenweb.de\/nachrichten\/#\/schema\/logo\/image\/","url":"https:\/\/www.strassenweb.de\/nachrichten\/wp-content\/uploads\/2024\/09\/cropped-favicon.png","contentUrl":"https:\/\/www.strassenweb.de\/nachrichten\/wp-content\/uploads\/2024\/09\/cropped-favicon.png","width":512,"height":512,"caption":"Stra\u00dfenweb"},"image":{"@id":"https:\/\/www.strassenweb.de\/nachrichten\/#\/schema\/logo\/image\/"},"sameAs":["https:\/\/www.facebook.com\/strassenweb\/"]},{"@type":"Person","@id":"https:\/\/www.strassenweb.de\/nachrichten\/#\/schema\/person\/87c9c9067f1211da429a744dc5a5aa41","name":"Robert Hoffmann","image":{"@type":"ImageObject","inLanguage":"de","@id":"https:\/\/www.strassenweb.de\/nachrichten\/wp-content\/uploads\/2024\/09\/strassenweb-150x150.jpg","url":"https:\/\/www.strassenweb.de\/nachrichten\/wp-content\/uploads\/2024\/09\/strassenweb-150x150.jpg","contentUrl":"https:\/\/www.strassenweb.de\/nachrichten\/wp-content\/uploads\/2024\/09\/strassenweb-150x150.jpg","caption":"Robert Hoffmann"},"description":"Ich hei\u00dfe Robert Hoffmann und ich bin ein leidenschaftlicher Verfechter von \u00d6kologie und Biodiversit\u00e4t. Seit meiner Kindheit in den W\u00e4ldern Bayerns f\u00fchle ich mich mit der Natur verbunden und bin entschlossen, sie zu sch\u00fctzen. Heute widme ich mein Leben der Sensibilisierung anderer f\u00fcr die Bedeutung des Umweltschutzes f\u00fcr zuk\u00fcnftige Generationen.","sameAs":["https:\/\/www.strassenweb.de\/"]}]}},"_links":{"self":[{"href":"https:\/\/www.strassenweb.de\/nachrichten\/wp-json\/wp\/v2\/posts\/4097","targetHints":{"allow":["GET"]}}],"collection":[{"href":"https:\/\/www.strassenweb.de\/nachrichten\/wp-json\/wp\/v2\/posts"}],"about":[{"href":"https:\/\/www.strassenweb.de\/nachrichten\/wp-json\/wp\/v2\/types\/post"}],"author":[{"embeddable":true,"href":"https:\/\/www.strassenweb.de\/nachrichten\/wp-json\/wp\/v2\/users\/1"}],"replies":[{"embeddable":true,"href":"https:\/\/www.strassenweb.de\/nachrichten\/wp-json\/wp\/v2\/comments?post=4097"}],"version-history":[{"count":0,"href":"https:\/\/www.strassenweb.de\/nachrichten\/wp-json\/wp\/v2\/posts\/4097\/revisions"}],"wp:featuredmedia":[{"embeddable":true,"href":"https:\/\/www.strassenweb.de\/nachrichten\/wp-json\/wp\/v2\/media\/4098"}],"wp:attachment":[{"href":"https:\/\/www.strassenweb.de\/nachrichten\/wp-json\/wp\/v2\/media?parent=4097"}],"wp:term":[{"taxonomy":"category","embeddable":true,"href":"https:\/\/www.strassenweb.de\/nachrichten\/wp-json\/wp\/v2\/categories?post=4097"},{"taxonomy":"post_tag","embeddable":true,"href":"https:\/\/www.strassenweb.de\/nachrichten\/wp-json\/wp\/v2\/tags?post=4097"}],"curies":[{"name":"wp","href":"https:\/\/api.w.org\/{rel}","templated":true}]}}