{"id":4061,"date":"2025-03-23T11:43:12","date_gmt":"2025-03-23T10:43:12","guid":{"rendered":"https:\/\/www.strassenweb.de\/nachrichten\/ich-war-so-unentschlossen-von-schwarzem-leder-aber-nate-berkus-hat-mich-nur-ueberredet-dass-dieser-einstigen-trend-zurueck-ist-und-es-einen-richtigen-weg-gibt-es-zu-tun\/"},"modified":"2025-03-23T11:43:13","modified_gmt":"2025-03-23T10:43:13","slug":"ich-war-so-unentschlossen-von-schwarzem-leder-aber-nate-berkus-hat-mich-nur-ueberredet-dass-dieser-einstigen-trend-zurueck-ist-und-es-einen-richtigen-weg-gibt-es-zu-tun","status":"publish","type":"post","link":"https:\/\/www.strassenweb.de\/nachrichten\/ich-war-so-unentschlossen-von-schwarzem-leder-aber-nate-berkus-hat-mich-nur-ueberredet-dass-dieser-einstigen-trend-zurueck-ist-und-es-einen-richtigen-weg-gibt-es-zu-tun\/","title":{"rendered":"Ich war so unentschlossen von schwarzem Leder-aber Nate Berkus hat mich nur \u00fcberredet, dass dieser einstigen Trend zur\u00fcck ist und es einen richtigen Weg gibt, es zu tun"},"content":{"rendered":"<p><\/p>\n<div id=\"article-body\" class=\"article__body \">\n<p>Einmal als &#8222;klebrig&#8220; und &#8222;datiert&#8220; bezeichnet, haben die meisten von uns lange Zeit schwarze Lederm\u00f6bel vermieden und bevorzugen taktische, w\u00e4rmere Materialien. Die Dinge ver\u00e4ndern sich jedoch, da wir wieder anfangen, das Aussehen zu sch\u00e4tzen, das in den letzten Jahrzehnten dominiert wurde.<\/p>\n<div id=\"ad-unit-1\" class=\"ad-unit\"><\/div>\n<p>W\u00e4hrend ich immer noch vermeide, ein neues schwarzes Lederabschnitt zu kaufen, wurde ich von Designerin Nate Berkus \u00fcberzeugt, dass ich diesen Trend f\u00fcr Innenarchitektur tats\u00e4chlich umarmen und schwarzes Leder in Form einiger schicker Vintage -St\u00fccke in mein Zuhause bringen kann.<\/p>\n<aside class=\"hawk-base\" data-block-type=\"embed\" data-render-type=\"fte\" data-skip=\"dealsy\" data-widget-type=\"seasonal\">\n<div class=\"hawk-master-widget-hawk-base-wrapper\"><\/div>\n<\/aside>\n<p>Wenn ich das Material als \u201eklassisch und modern, unabh\u00e4ngig von \u00c4ra oder Stil\u201c besiegst, vertraute und immer im Innenarchitekt, Nate Berkus, habe mich zweimal \u00fcber schwarze Leder nachdenken lassen.<\/p>\n<div id=\"desktop-in-article\" class=\"in-article ad-unit\">\n<div id=\"desktop-taboola-mid-article\"><\/div>\n<\/div>\n<div id=\"mobile-in-article\" class=\"in-article ad-unit\">\n<div id=\"mobile-taboola-mid-article\"><\/div>\n<\/div>\n<p>Egal, ob es sich um Sitzgelegen oder kleine Akzente handelt, schwarzes Leder ist eine \u00fcberraschend schicke Art, Luxus und Textur in das Haus zu bringen. Es gibt ein paar Dinge, die ein Zuhause im Jahr 2025 aussehen lassen, aber Nate beweist, dass schwarzes Leder definitiv nicht von ihnen ist. Mit der richtigen Balance von Alt und Neu, sagt Nate, sagt schwarzes Leder die \u201eperfekte moderne Dosis in einem Raum voller klassischer St\u00fccke\u201c.<\/p>\n<div class=\"van_vid_carousel\">\n<div class=\"van_vid_carousel__padding\">\n<div class=\"van_vid_carousel__container\"><\/div>\n<\/div>\n<\/div>\n<div class=\"instagram-embed\">\n<blockquote class=\"instagram-media\" data-instgrm-captioned data-instgrm-version=\"6\" style=\"width:99.375%; width:-webkit-calc(100% - 2px); width:calc(100% - 2px);\">\n<p>Ein Beitrag, der von Nate Berkus (@nateberkus) geteilt wird<\/p>\n<p>Ein Foto von on <\/p>\n<\/blockquote>\n<\/div>\n<p>In seinem Instagram-Post bietet Nate uns eine F\u00fclle von Looks, die beweisen, dass schwarzes Leder mit so ziemlich jedem Innenarchitekturstil arbeiten kann, sei es Mitte des Jahrhunderts modernes oder \u00fcbergangses Design.<\/p>\n<div id=\"ad-unit-2\" class=\"ad-unit\"><\/div>\n<p>Das schickste schwarze Lederm\u00f6bel ist ein Synonym f\u00fcr die 1970er Jahre und wird h\u00e4ufig mit dem modernen Stil der Mitte des Jahrhunderts verbunden. Obwohl nicht alles schwarze Leder schick ist, habe ich festgestellt, dass viele Vintage-Lederst\u00fccke (oder Vintage-inspirierte Stile) eine Prise cooler Retro-Moderne bringen, die sich wundersch\u00f6n zu meinen traditionelleren M\u00f6beln im Gegensatz zu messen kann. Durch das Mischen von Jahrzehnten im Innenarchitektur kann sich ein Raum vielseitig, kuratiert und einzigartig anf\u00fchlen. Nate beweist seine Liebe zur Vergangenheit im ersten Bild seines Beitrags, in dem er einen modernen Ledersitz im Kino im Stil der 1950er Jahre in Europa im europ\u00e4ischen Stil im Kino-Stil aufgenommen hat.<\/p>\n<div class=\"instagram-embed\">\n<blockquote class=\"instagram-media\" data-instgrm-captioned data-instgrm-version=\"6\" style=\"width:99.375%; width:-webkit-calc(100% - 2px); width:calc(100% - 2px);\">\n<p>Ein Beitrag, der von Nate Berkus (@nateberkus) geteilt wird<\/p>\n<p>Ein Foto von on <\/p>\n<\/blockquote>\n<\/div>\n<p>Nate demonstriert die Bedeutung der Textur und zeigt im zweiten Bild seines Instagram -Posts einen Vintage -Ledersair und beweist, warum schwarzes Leder so gut funktionieren kann. Die unterschiedliche glatte und gl\u00e4nzende Oberfl\u00e4che bringt einen Kontrast zu einem Raum, der mit organischen Texturen gef\u00fcllt ist. Nate zeigt, dass es selbst in einem vielseitigen Raum eine willkommene Erg\u00e4nzung ist.<\/p>\n<div id=\"slice-container-newsletterForm-articleInbodyContent-uYqqdi7DzUoQViQuegiszC\" class=\"slice-container newsletter-inbodyContent-slice newsletterForm-articleInbodyContent-uYqqdi7DzUoQViQuegiszC slice-container-newsletterForm\"><\/div>\n<p>Schwarzes Leder ist auch \u00fcberraschend luxuri\u00f6s (ich meine nat\u00fcrlich, wenn Nate es vorgestellt hat). Das endg\u00fcltige Bild von Nates Post verf\u00fcgt \u00fcber einen einfachen, aber ausgefeilten Lederstuhl mit einem Shabby -Chic -Rahmen. Selbst in einfachen Bereichen wie seinem Flur sorgt die mutige Farbe Interesse und \u00dcberraschung, insbesondere wenn sie mit Holz gemischt ist. Unabh\u00e4ngig davon, ob ein Statement Sessel in einem modernen Wohnzimmer im Bio -Stil oder ein Set von Lederstangenhocker in einer minimalistischen K\u00fcche einbezogen wird, sieht schwarzes Leder gut mit den weichsten Paletten aus.<\/p>\n<h3 class=\"article-body__section\" id=\"section-shop-my-favorite-vintage-style-leather-seating\"><span>Kaufen Sie meine Lieblingssitze im Vintage-Leder im Vintage-Stil ein<\/span><\/h3>\n<div class=\"product-container hero-product-container product-block-no-wrap\"><\/div>\n<hr>\n<p>Nun, wie immer hat Nate Berkus mich davon \u00fcberzeugt, dass schwarzes Leder eine unerwartete Art ist, Textur und Luxus in das Haus zu bringen, unabh\u00e4ngig von Ihrem Stil. Wenn Sie ein wenig vorsichtig mit dieser Aussagematerial f\u00fcr Angst sind, haben Sie viele kleine St\u00fccke, die Sie zuerst ausprobieren k\u00f6nnen, bevor Sie sich wirklich auf den Look festlegen.<\/p>\n<\/div>\n<p><script async src=\"\/\/www.instagram.com\/embed.js\"><\/script><\/p>\n","protected":false},"excerpt":{"rendered":"<p>Einmal als &#8222;klebrig&#8220; und &#8222;datiert&#8220; bezeichnet, haben die meisten von uns lange Zeit schwarze Lederm\u00f6bel vermieden und bevorzugen taktische, w\u00e4rmere Materialien. Die Dinge ver\u00e4ndern sich<\/p>\n","protected":false},"author":1,"featured_media":4062,"comment_status":"closed","ping_status":"","sticky":false,"template":"","format":"standard","meta":{"footnotes":""},"categories":[118],"tags":[5287,51,1554,166,6169,53,189,129,15,6167,1122,5286,54,172,6166,504,553,6168,37,6165,21,1495,1226,309],"class_list":["post-4061","post","type-post","status-publish","format-standard","has-post-thumbnail","hentry","category-haus-garten","tag-berkus","tag-dass","tag-dieser","tag-einen","tag-einstigen","tag-gibt","tag-hat","tag-ich","tag-ist","tag-lederaber","tag-mich","tag-nate","tag-nur","tag-richtigen","tag-schwarzem","tag-trend","tag-tun","tag-ueberredet","tag-und","tag-unentschlossen","tag-von","tag-war","tag-weg","tag-zurueck","generate-columns","tablet-grid-50","mobile-grid-100","grid-parent","grid-50"],"yoast_head":"<!-- This site is optimized with the Yoast SEO plugin v27.3 - https:\/\/yoast.com\/product\/yoast-seo-wordpress\/ -->\n<title>Ich war so unentschlossen von schwarzem Leder-aber Nate Berkus hat mich nur \u00fcberredet, dass dieser einstigen Trend zur\u00fcck ist und es einen richtigen Weg gibt, es zu tun - Nachrichten - Stra\u00dfenweb<\/title>\n<meta name=\"robots\" content=\"index, follow, max-snippet:-1, max-image-preview:large, max-video-preview:-1\" \/>\n<link rel=\"canonical\" href=\"https:\/\/www.strassenweb.de\/nachrichten\/ich-war-so-unentschlossen-von-schwarzem-leder-aber-nate-berkus-hat-mich-nur-ueberredet-dass-dieser-einstigen-trend-zurueck-ist-und-es-einen-richtigen-weg-gibt-es-zu-tun\/\" \/>\n<meta property=\"og:locale\" content=\"de_DE\" \/>\n<meta property=\"og:type\" content=\"article\" \/>\n<meta property=\"og:title\" content=\"Ich war so unentschlossen von schwarzem Leder-aber Nate Berkus hat mich nur \u00fcberredet, dass dieser einstigen Trend zur\u00fcck ist und es einen richtigen Weg gibt, es zu tun - Nachrichten - Stra\u00dfenweb\" \/>\n<meta property=\"og:description\" content=\"Einmal als &#8222;klebrig&#8220; und &#8222;datiert&#8220; bezeichnet, haben die meisten von uns lange Zeit schwarze Lederm\u00f6bel vermieden und bevorzugen taktische, w\u00e4rmere Materialien. Die Dinge ver\u00e4ndern sich\" \/>\n<meta property=\"og:url\" content=\"https:\/\/www.strassenweb.de\/nachrichten\/ich-war-so-unentschlossen-von-schwarzem-leder-aber-nate-berkus-hat-mich-nur-ueberredet-dass-dieser-einstigen-trend-zurueck-ist-und-es-einen-richtigen-weg-gibt-es-zu-tun\/\" \/>\n<meta property=\"og:site_name\" content=\"Stra\u00dfenweb\" \/>\n<meta property=\"article:publisher\" content=\"https:\/\/www.facebook.com\/strassenweb\/\" \/>\n<meta property=\"article:published_time\" content=\"2025-03-23T10:43:12+00:00\" \/>\n<meta property=\"article:modified_time\" content=\"2025-03-23T10:43:13+00:00\" \/>\n<meta property=\"og:image\" content=\"https:\/\/www.strassenweb.de\/nachrichten\/wp-content\/uploads\/2025\/03\/Ich-war-so-unentschlossen-von-schwarzem-Leder-aber-Nate-Berkus-hat.jpg\" \/>\n\t<meta property=\"og:image:width\" content=\"1200\" \/>\n\t<meta property=\"og:image:height\" content=\"750\" \/>\n\t<meta property=\"og:image:type\" content=\"image\/jpeg\" \/>\n<meta name=\"author\" content=\"Robert Hoffmann\" \/>\n<meta name=\"twitter:card\" content=\"summary_large_image\" \/>\n<meta name=\"twitter:label1\" content=\"Verfasst von\" \/>\n\t<meta name=\"twitter:data1\" content=\"Robert Hoffmann\" \/>\n\t<meta name=\"twitter:label2\" content=\"Gesch\u00e4tzte Lesezeit\" \/>\n\t<meta name=\"twitter:data2\" content=\"3\u00a0Minuten\" \/>\n<script type=\"application\/ld+json\" class=\"yoast-schema-graph\">{\"@context\":\"https:\\\/\\\/schema.org\",\"@graph\":[{\"@type\":\"Article\",\"@id\":\"https:\\\/\\\/www.strassenweb.de\\\/nachrichten\\\/ich-war-so-unentschlossen-von-schwarzem-leder-aber-nate-berkus-hat-mich-nur-ueberredet-dass-dieser-einstigen-trend-zurueck-ist-und-es-einen-richtigen-weg-gibt-es-zu-tun\\\/#article\",\"isPartOf\":{\"@id\":\"https:\\\/\\\/www.strassenweb.de\\\/nachrichten\\\/ich-war-so-unentschlossen-von-schwarzem-leder-aber-nate-berkus-hat-mich-nur-ueberredet-dass-dieser-einstigen-trend-zurueck-ist-und-es-einen-richtigen-weg-gibt-es-zu-tun\\\/\"},\"author\":{\"name\":\"Robert Hoffmann\",\"@id\":\"https:\\\/\\\/www.strassenweb.de\\\/nachrichten\\\/#\\\/schema\\\/person\\\/87c9c9067f1211da429a744dc5a5aa41\"},\"headline\":\"Ich war so unentschlossen von schwarzem Leder-aber Nate Berkus hat mich nur \u00fcberredet, dass dieser einstigen Trend zur\u00fcck ist und es einen richtigen Weg gibt, es zu tun\",\"datePublished\":\"2025-03-23T10:43:12+00:00\",\"dateModified\":\"2025-03-23T10:43:13+00:00\",\"mainEntityOfPage\":{\"@id\":\"https:\\\/\\\/www.strassenweb.de\\\/nachrichten\\\/ich-war-so-unentschlossen-von-schwarzem-leder-aber-nate-berkus-hat-mich-nur-ueberredet-dass-dieser-einstigen-trend-zurueck-ist-und-es-einen-richtigen-weg-gibt-es-zu-tun\\\/\"},\"wordCount\":614,\"publisher\":{\"@id\":\"https:\\\/\\\/www.strassenweb.de\\\/nachrichten\\\/#organization\"},\"image\":{\"@id\":\"https:\\\/\\\/www.strassenweb.de\\\/nachrichten\\\/ich-war-so-unentschlossen-von-schwarzem-leder-aber-nate-berkus-hat-mich-nur-ueberredet-dass-dieser-einstigen-trend-zurueck-ist-und-es-einen-richtigen-weg-gibt-es-zu-tun\\\/#primaryimage\"},\"thumbnailUrl\":\"https:\\\/\\\/www.strassenweb.de\\\/nachrichten\\\/wp-content\\\/uploads\\\/2025\\\/03\\\/Ich-war-so-unentschlossen-von-schwarzem-Leder-aber-Nate-Berkus-hat.jpg\",\"keywords\":[\"Berkus\",\"dass\",\"dieser\",\"einen\",\"einstigen\",\"gibt\",\"hat\",\"ich\",\"ist\",\"Lederaber\",\"mich\",\"Nate\",\"nur\",\"richtigen\",\"schwarzem\",\"Trend\",\"tun\",\"\u00fcberredet\",\"und\",\"unentschlossen\",\"von\",\"war\",\"Weg\",\"zur\u00fcck\"],\"articleSection\":[\"Haus &amp; Garten\"],\"inLanguage\":\"de\"},{\"@type\":\"WebPage\",\"@id\":\"https:\\\/\\\/www.strassenweb.de\\\/nachrichten\\\/ich-war-so-unentschlossen-von-schwarzem-leder-aber-nate-berkus-hat-mich-nur-ueberredet-dass-dieser-einstigen-trend-zurueck-ist-und-es-einen-richtigen-weg-gibt-es-zu-tun\\\/\",\"url\":\"https:\\\/\\\/www.strassenweb.de\\\/nachrichten\\\/ich-war-so-unentschlossen-von-schwarzem-leder-aber-nate-berkus-hat-mich-nur-ueberredet-dass-dieser-einstigen-trend-zurueck-ist-und-es-einen-richtigen-weg-gibt-es-zu-tun\\\/\",\"name\":\"Ich war so unentschlossen von schwarzem Leder-aber Nate Berkus hat mich nur \u00fcberredet, dass dieser einstigen Trend zur\u00fcck ist und es einen richtigen Weg gibt, es zu tun - Nachrichten - Stra\u00dfenweb\",\"isPartOf\":{\"@id\":\"https:\\\/\\\/www.strassenweb.de\\\/nachrichten\\\/#website\"},\"primaryImageOfPage\":{\"@id\":\"https:\\\/\\\/www.strassenweb.de\\\/nachrichten\\\/ich-war-so-unentschlossen-von-schwarzem-leder-aber-nate-berkus-hat-mich-nur-ueberredet-dass-dieser-einstigen-trend-zurueck-ist-und-es-einen-richtigen-weg-gibt-es-zu-tun\\\/#primaryimage\"},\"image\":{\"@id\":\"https:\\\/\\\/www.strassenweb.de\\\/nachrichten\\\/ich-war-so-unentschlossen-von-schwarzem-leder-aber-nate-berkus-hat-mich-nur-ueberredet-dass-dieser-einstigen-trend-zurueck-ist-und-es-einen-richtigen-weg-gibt-es-zu-tun\\\/#primaryimage\"},\"thumbnailUrl\":\"https:\\\/\\\/www.strassenweb.de\\\/nachrichten\\\/wp-content\\\/uploads\\\/2025\\\/03\\\/Ich-war-so-unentschlossen-von-schwarzem-Leder-aber-Nate-Berkus-hat.jpg\",\"datePublished\":\"2025-03-23T10:43:12+00:00\",\"dateModified\":\"2025-03-23T10:43:13+00:00\",\"breadcrumb\":{\"@id\":\"https:\\\/\\\/www.strassenweb.de\\\/nachrichten\\\/ich-war-so-unentschlossen-von-schwarzem-leder-aber-nate-berkus-hat-mich-nur-ueberredet-dass-dieser-einstigen-trend-zurueck-ist-und-es-einen-richtigen-weg-gibt-es-zu-tun\\\/#breadcrumb\"},\"inLanguage\":\"de\",\"potentialAction\":[{\"@type\":\"ReadAction\",\"target\":[\"https:\\\/\\\/www.strassenweb.de\\\/nachrichten\\\/ich-war-so-unentschlossen-von-schwarzem-leder-aber-nate-berkus-hat-mich-nur-ueberredet-dass-dieser-einstigen-trend-zurueck-ist-und-es-einen-richtigen-weg-gibt-es-zu-tun\\\/\"]}]},{\"@type\":\"ImageObject\",\"inLanguage\":\"de\",\"@id\":\"https:\\\/\\\/www.strassenweb.de\\\/nachrichten\\\/ich-war-so-unentschlossen-von-schwarzem-leder-aber-nate-berkus-hat-mich-nur-ueberredet-dass-dieser-einstigen-trend-zurueck-ist-und-es-einen-richtigen-weg-gibt-es-zu-tun\\\/#primaryimage\",\"url\":\"https:\\\/\\\/www.strassenweb.de\\\/nachrichten\\\/wp-content\\\/uploads\\\/2025\\\/03\\\/Ich-war-so-unentschlossen-von-schwarzem-Leder-aber-Nate-Berkus-hat.jpg\",\"contentUrl\":\"https:\\\/\\\/www.strassenweb.de\\\/nachrichten\\\/wp-content\\\/uploads\\\/2025\\\/03\\\/Ich-war-so-unentschlossen-von-schwarzem-Leder-aber-Nate-Berkus-hat.jpg\",\"width\":1200,\"height\":750,\"caption\":\"Ich war so unentschlossen von schwarzem Leder-aber Nate Berkus hat mich nur \u00fcberredet, dass dieser einstigen Trend zur\u00fcck ist und es einen richtigen Weg gibt, es zu tun\"},{\"@type\":\"BreadcrumbList\",\"@id\":\"https:\\\/\\\/www.strassenweb.de\\\/nachrichten\\\/ich-war-so-unentschlossen-von-schwarzem-leder-aber-nate-berkus-hat-mich-nur-ueberredet-dass-dieser-einstigen-trend-zurueck-ist-und-es-einen-richtigen-weg-gibt-es-zu-tun\\\/#breadcrumb\",\"itemListElement\":[{\"@type\":\"ListItem\",\"position\":1,\"name\":\"Home\",\"item\":\"https:\\\/\\\/www.strassenweb.de\\\/nachrichten\\\/\"},{\"@type\":\"ListItem\",\"position\":2,\"name\":\"Ich war so unentschlossen von schwarzem Leder-aber Nate Berkus hat mich nur \u00fcberredet, dass dieser einstigen Trend zur\u00fcck ist und es einen richtigen Weg gibt, es zu tun\"}]},{\"@type\":\"WebSite\",\"@id\":\"https:\\\/\\\/www.strassenweb.de\\\/nachrichten\\\/#website\",\"url\":\"https:\\\/\\\/www.strassenweb.de\\\/nachrichten\\\/\",\"name\":\"Stra\u00dfenweb\",\"description\":\"Stra\u00dfenverzeichnis f\u00fcr Deutschland\",\"publisher\":{\"@id\":\"https:\\\/\\\/www.strassenweb.de\\\/nachrichten\\\/#organization\"},\"potentialAction\":[{\"@type\":\"SearchAction\",\"target\":{\"@type\":\"EntryPoint\",\"urlTemplate\":\"https:\\\/\\\/www.strassenweb.de\\\/nachrichten\\\/?s={search_term_string}\"},\"query-input\":{\"@type\":\"PropertyValueSpecification\",\"valueRequired\":true,\"valueName\":\"search_term_string\"}}],\"inLanguage\":\"de\"},{\"@type\":\"Organization\",\"@id\":\"https:\\\/\\\/www.strassenweb.de\\\/nachrichten\\\/#organization\",\"name\":\"Stra\u00dfenweb\",\"url\":\"https:\\\/\\\/www.strassenweb.de\\\/nachrichten\\\/\",\"logo\":{\"@type\":\"ImageObject\",\"inLanguage\":\"de\",\"@id\":\"https:\\\/\\\/www.strassenweb.de\\\/nachrichten\\\/#\\\/schema\\\/logo\\\/image\\\/\",\"url\":\"https:\\\/\\\/www.strassenweb.de\\\/nachrichten\\\/wp-content\\\/uploads\\\/2024\\\/09\\\/cropped-favicon.png\",\"contentUrl\":\"https:\\\/\\\/www.strassenweb.de\\\/nachrichten\\\/wp-content\\\/uploads\\\/2024\\\/09\\\/cropped-favicon.png\",\"width\":512,\"height\":512,\"caption\":\"Stra\u00dfenweb\"},\"image\":{\"@id\":\"https:\\\/\\\/www.strassenweb.de\\\/nachrichten\\\/#\\\/schema\\\/logo\\\/image\\\/\"},\"sameAs\":[\"https:\\\/\\\/www.facebook.com\\\/strassenweb\\\/\"]},{\"@type\":\"Person\",\"@id\":\"https:\\\/\\\/www.strassenweb.de\\\/nachrichten\\\/#\\\/schema\\\/person\\\/87c9c9067f1211da429a744dc5a5aa41\",\"name\":\"Robert Hoffmann\",\"image\":{\"@type\":\"ImageObject\",\"inLanguage\":\"de\",\"@id\":\"https:\\\/\\\/www.strassenweb.de\\\/nachrichten\\\/wp-content\\\/uploads\\\/2024\\\/09\\\/strassenweb-150x150.jpg\",\"url\":\"https:\\\/\\\/www.strassenweb.de\\\/nachrichten\\\/wp-content\\\/uploads\\\/2024\\\/09\\\/strassenweb-150x150.jpg\",\"contentUrl\":\"https:\\\/\\\/www.strassenweb.de\\\/nachrichten\\\/wp-content\\\/uploads\\\/2024\\\/09\\\/strassenweb-150x150.jpg\",\"caption\":\"Robert Hoffmann\"},\"description\":\"Ich hei\u00dfe Robert Hoffmann und ich bin ein leidenschaftlicher Verfechter von \u00d6kologie und Biodiversit\u00e4t. Seit meiner Kindheit in den W\u00e4ldern Bayerns f\u00fchle ich mich mit der Natur verbunden und bin entschlossen, sie zu sch\u00fctzen. Heute widme ich mein Leben der Sensibilisierung anderer f\u00fcr die Bedeutung des Umweltschutzes f\u00fcr zuk\u00fcnftige Generationen.\",\"sameAs\":[\"https:\\\/\\\/www.strassenweb.de\\\/\"]}]}<\/script>\n<!-- \/ Yoast SEO plugin. -->","yoast_head_json":{"title":"Ich war so unentschlossen von schwarzem Leder-aber Nate Berkus hat mich nur \u00fcberredet, dass dieser einstigen Trend zur\u00fcck ist und es einen richtigen Weg gibt, es zu tun - Nachrichten - Stra\u00dfenweb","robots":{"index":"index","follow":"follow","max-snippet":"max-snippet:-1","max-image-preview":"max-image-preview:large","max-video-preview":"max-video-preview:-1"},"canonical":"https:\/\/www.strassenweb.de\/nachrichten\/ich-war-so-unentschlossen-von-schwarzem-leder-aber-nate-berkus-hat-mich-nur-ueberredet-dass-dieser-einstigen-trend-zurueck-ist-und-es-einen-richtigen-weg-gibt-es-zu-tun\/","og_locale":"de_DE","og_type":"article","og_title":"Ich war so unentschlossen von schwarzem Leder-aber Nate Berkus hat mich nur \u00fcberredet, dass dieser einstigen Trend zur\u00fcck ist und es einen richtigen Weg gibt, es zu tun - Nachrichten - Stra\u00dfenweb","og_description":"Einmal als &#8222;klebrig&#8220; und &#8222;datiert&#8220; bezeichnet, haben die meisten von uns lange Zeit schwarze Lederm\u00f6bel vermieden und bevorzugen taktische, w\u00e4rmere Materialien. Die Dinge ver\u00e4ndern sich","og_url":"https:\/\/www.strassenweb.de\/nachrichten\/ich-war-so-unentschlossen-von-schwarzem-leder-aber-nate-berkus-hat-mich-nur-ueberredet-dass-dieser-einstigen-trend-zurueck-ist-und-es-einen-richtigen-weg-gibt-es-zu-tun\/","og_site_name":"Stra\u00dfenweb","article_publisher":"https:\/\/www.facebook.com\/strassenweb\/","article_published_time":"2025-03-23T10:43:12+00:00","article_modified_time":"2025-03-23T10:43:13+00:00","og_image":[{"width":1200,"height":750,"url":"https:\/\/www.strassenweb.de\/nachrichten\/wp-content\/uploads\/2025\/03\/Ich-war-so-unentschlossen-von-schwarzem-Leder-aber-Nate-Berkus-hat.jpg","type":"image\/jpeg"}],"author":"Robert Hoffmann","twitter_card":"summary_large_image","twitter_misc":{"Verfasst von":"Robert Hoffmann","Gesch\u00e4tzte Lesezeit":"3\u00a0Minuten"},"schema":{"@context":"https:\/\/schema.org","@graph":[{"@type":"Article","@id":"https:\/\/www.strassenweb.de\/nachrichten\/ich-war-so-unentschlossen-von-schwarzem-leder-aber-nate-berkus-hat-mich-nur-ueberredet-dass-dieser-einstigen-trend-zurueck-ist-und-es-einen-richtigen-weg-gibt-es-zu-tun\/#article","isPartOf":{"@id":"https:\/\/www.strassenweb.de\/nachrichten\/ich-war-so-unentschlossen-von-schwarzem-leder-aber-nate-berkus-hat-mich-nur-ueberredet-dass-dieser-einstigen-trend-zurueck-ist-und-es-einen-richtigen-weg-gibt-es-zu-tun\/"},"author":{"name":"Robert Hoffmann","@id":"https:\/\/www.strassenweb.de\/nachrichten\/#\/schema\/person\/87c9c9067f1211da429a744dc5a5aa41"},"headline":"Ich war so unentschlossen von schwarzem Leder-aber Nate Berkus hat mich nur \u00fcberredet, dass dieser einstigen Trend zur\u00fcck ist und es einen richtigen Weg gibt, es zu tun","datePublished":"2025-03-23T10:43:12+00:00","dateModified":"2025-03-23T10:43:13+00:00","mainEntityOfPage":{"@id":"https:\/\/www.strassenweb.de\/nachrichten\/ich-war-so-unentschlossen-von-schwarzem-leder-aber-nate-berkus-hat-mich-nur-ueberredet-dass-dieser-einstigen-trend-zurueck-ist-und-es-einen-richtigen-weg-gibt-es-zu-tun\/"},"wordCount":614,"publisher":{"@id":"https:\/\/www.strassenweb.de\/nachrichten\/#organization"},"image":{"@id":"https:\/\/www.strassenweb.de\/nachrichten\/ich-war-so-unentschlossen-von-schwarzem-leder-aber-nate-berkus-hat-mich-nur-ueberredet-dass-dieser-einstigen-trend-zurueck-ist-und-es-einen-richtigen-weg-gibt-es-zu-tun\/#primaryimage"},"thumbnailUrl":"https:\/\/www.strassenweb.de\/nachrichten\/wp-content\/uploads\/2025\/03\/Ich-war-so-unentschlossen-von-schwarzem-Leder-aber-Nate-Berkus-hat.jpg","keywords":["Berkus","dass","dieser","einen","einstigen","gibt","hat","ich","ist","Lederaber","mich","Nate","nur","richtigen","schwarzem","Trend","tun","\u00fcberredet","und","unentschlossen","von","war","Weg","zur\u00fcck"],"articleSection":["Haus &amp; Garten"],"inLanguage":"de"},{"@type":"WebPage","@id":"https:\/\/www.strassenweb.de\/nachrichten\/ich-war-so-unentschlossen-von-schwarzem-leder-aber-nate-berkus-hat-mich-nur-ueberredet-dass-dieser-einstigen-trend-zurueck-ist-und-es-einen-richtigen-weg-gibt-es-zu-tun\/","url":"https:\/\/www.strassenweb.de\/nachrichten\/ich-war-so-unentschlossen-von-schwarzem-leder-aber-nate-berkus-hat-mich-nur-ueberredet-dass-dieser-einstigen-trend-zurueck-ist-und-es-einen-richtigen-weg-gibt-es-zu-tun\/","name":"Ich war so unentschlossen von schwarzem Leder-aber Nate Berkus hat mich nur \u00fcberredet, dass dieser einstigen Trend zur\u00fcck ist und es einen richtigen Weg gibt, es zu tun - Nachrichten - Stra\u00dfenweb","isPartOf":{"@id":"https:\/\/www.strassenweb.de\/nachrichten\/#website"},"primaryImageOfPage":{"@id":"https:\/\/www.strassenweb.de\/nachrichten\/ich-war-so-unentschlossen-von-schwarzem-leder-aber-nate-berkus-hat-mich-nur-ueberredet-dass-dieser-einstigen-trend-zurueck-ist-und-es-einen-richtigen-weg-gibt-es-zu-tun\/#primaryimage"},"image":{"@id":"https:\/\/www.strassenweb.de\/nachrichten\/ich-war-so-unentschlossen-von-schwarzem-leder-aber-nate-berkus-hat-mich-nur-ueberredet-dass-dieser-einstigen-trend-zurueck-ist-und-es-einen-richtigen-weg-gibt-es-zu-tun\/#primaryimage"},"thumbnailUrl":"https:\/\/www.strassenweb.de\/nachrichten\/wp-content\/uploads\/2025\/03\/Ich-war-so-unentschlossen-von-schwarzem-Leder-aber-Nate-Berkus-hat.jpg","datePublished":"2025-03-23T10:43:12+00:00","dateModified":"2025-03-23T10:43:13+00:00","breadcrumb":{"@id":"https:\/\/www.strassenweb.de\/nachrichten\/ich-war-so-unentschlossen-von-schwarzem-leder-aber-nate-berkus-hat-mich-nur-ueberredet-dass-dieser-einstigen-trend-zurueck-ist-und-es-einen-richtigen-weg-gibt-es-zu-tun\/#breadcrumb"},"inLanguage":"de","potentialAction":[{"@type":"ReadAction","target":["https:\/\/www.strassenweb.de\/nachrichten\/ich-war-so-unentschlossen-von-schwarzem-leder-aber-nate-berkus-hat-mich-nur-ueberredet-dass-dieser-einstigen-trend-zurueck-ist-und-es-einen-richtigen-weg-gibt-es-zu-tun\/"]}]},{"@type":"ImageObject","inLanguage":"de","@id":"https:\/\/www.strassenweb.de\/nachrichten\/ich-war-so-unentschlossen-von-schwarzem-leder-aber-nate-berkus-hat-mich-nur-ueberredet-dass-dieser-einstigen-trend-zurueck-ist-und-es-einen-richtigen-weg-gibt-es-zu-tun\/#primaryimage","url":"https:\/\/www.strassenweb.de\/nachrichten\/wp-content\/uploads\/2025\/03\/Ich-war-so-unentschlossen-von-schwarzem-Leder-aber-Nate-Berkus-hat.jpg","contentUrl":"https:\/\/www.strassenweb.de\/nachrichten\/wp-content\/uploads\/2025\/03\/Ich-war-so-unentschlossen-von-schwarzem-Leder-aber-Nate-Berkus-hat.jpg","width":1200,"height":750,"caption":"Ich war so unentschlossen von schwarzem Leder-aber Nate Berkus hat mich nur \u00fcberredet, dass dieser einstigen Trend zur\u00fcck ist und es einen richtigen Weg gibt, es zu tun"},{"@type":"BreadcrumbList","@id":"https:\/\/www.strassenweb.de\/nachrichten\/ich-war-so-unentschlossen-von-schwarzem-leder-aber-nate-berkus-hat-mich-nur-ueberredet-dass-dieser-einstigen-trend-zurueck-ist-und-es-einen-richtigen-weg-gibt-es-zu-tun\/#breadcrumb","itemListElement":[{"@type":"ListItem","position":1,"name":"Home","item":"https:\/\/www.strassenweb.de\/nachrichten\/"},{"@type":"ListItem","position":2,"name":"Ich war so unentschlossen von schwarzem Leder-aber Nate Berkus hat mich nur \u00fcberredet, dass dieser einstigen Trend zur\u00fcck ist und es einen richtigen Weg gibt, es zu tun"}]},{"@type":"WebSite","@id":"https:\/\/www.strassenweb.de\/nachrichten\/#website","url":"https:\/\/www.strassenweb.de\/nachrichten\/","name":"Stra\u00dfenweb","description":"Stra\u00dfenverzeichnis f\u00fcr Deutschland","publisher":{"@id":"https:\/\/www.strassenweb.de\/nachrichten\/#organization"},"potentialAction":[{"@type":"SearchAction","target":{"@type":"EntryPoint","urlTemplate":"https:\/\/www.strassenweb.de\/nachrichten\/?s={search_term_string}"},"query-input":{"@type":"PropertyValueSpecification","valueRequired":true,"valueName":"search_term_string"}}],"inLanguage":"de"},{"@type":"Organization","@id":"https:\/\/www.strassenweb.de\/nachrichten\/#organization","name":"Stra\u00dfenweb","url":"https:\/\/www.strassenweb.de\/nachrichten\/","logo":{"@type":"ImageObject","inLanguage":"de","@id":"https:\/\/www.strassenweb.de\/nachrichten\/#\/schema\/logo\/image\/","url":"https:\/\/www.strassenweb.de\/nachrichten\/wp-content\/uploads\/2024\/09\/cropped-favicon.png","contentUrl":"https:\/\/www.strassenweb.de\/nachrichten\/wp-content\/uploads\/2024\/09\/cropped-favicon.png","width":512,"height":512,"caption":"Stra\u00dfenweb"},"image":{"@id":"https:\/\/www.strassenweb.de\/nachrichten\/#\/schema\/logo\/image\/"},"sameAs":["https:\/\/www.facebook.com\/strassenweb\/"]},{"@type":"Person","@id":"https:\/\/www.strassenweb.de\/nachrichten\/#\/schema\/person\/87c9c9067f1211da429a744dc5a5aa41","name":"Robert Hoffmann","image":{"@type":"ImageObject","inLanguage":"de","@id":"https:\/\/www.strassenweb.de\/nachrichten\/wp-content\/uploads\/2024\/09\/strassenweb-150x150.jpg","url":"https:\/\/www.strassenweb.de\/nachrichten\/wp-content\/uploads\/2024\/09\/strassenweb-150x150.jpg","contentUrl":"https:\/\/www.strassenweb.de\/nachrichten\/wp-content\/uploads\/2024\/09\/strassenweb-150x150.jpg","caption":"Robert Hoffmann"},"description":"Ich hei\u00dfe Robert Hoffmann und ich bin ein leidenschaftlicher Verfechter von \u00d6kologie und Biodiversit\u00e4t. Seit meiner Kindheit in den W\u00e4ldern Bayerns f\u00fchle ich mich mit der Natur verbunden und bin entschlossen, sie zu sch\u00fctzen. Heute widme ich mein Leben der Sensibilisierung anderer f\u00fcr die Bedeutung des Umweltschutzes f\u00fcr zuk\u00fcnftige Generationen.","sameAs":["https:\/\/www.strassenweb.de\/"]}]}},"_links":{"self":[{"href":"https:\/\/www.strassenweb.de\/nachrichten\/wp-json\/wp\/v2\/posts\/4061","targetHints":{"allow":["GET"]}}],"collection":[{"href":"https:\/\/www.strassenweb.de\/nachrichten\/wp-json\/wp\/v2\/posts"}],"about":[{"href":"https:\/\/www.strassenweb.de\/nachrichten\/wp-json\/wp\/v2\/types\/post"}],"author":[{"embeddable":true,"href":"https:\/\/www.strassenweb.de\/nachrichten\/wp-json\/wp\/v2\/users\/1"}],"replies":[{"embeddable":true,"href":"https:\/\/www.strassenweb.de\/nachrichten\/wp-json\/wp\/v2\/comments?post=4061"}],"version-history":[{"count":0,"href":"https:\/\/www.strassenweb.de\/nachrichten\/wp-json\/wp\/v2\/posts\/4061\/revisions"}],"wp:featuredmedia":[{"embeddable":true,"href":"https:\/\/www.strassenweb.de\/nachrichten\/wp-json\/wp\/v2\/media\/4062"}],"wp:attachment":[{"href":"https:\/\/www.strassenweb.de\/nachrichten\/wp-json\/wp\/v2\/media?parent=4061"}],"wp:term":[{"taxonomy":"category","embeddable":true,"href":"https:\/\/www.strassenweb.de\/nachrichten\/wp-json\/wp\/v2\/categories?post=4061"},{"taxonomy":"post_tag","embeddable":true,"href":"https:\/\/www.strassenweb.de\/nachrichten\/wp-json\/wp\/v2\/tags?post=4061"}],"curies":[{"name":"wp","href":"https:\/\/api.w.org\/{rel}","templated":true}]}}