{"id":4055,"date":"2025-03-23T03:42:18","date_gmt":"2025-03-23T02:42:18","guid":{"rendered":"https:\/\/www.strassenweb.de\/nachrichten\/ich-habe-an-meinen-sonntags-zurueckgesetzt-und-habe-mich-noch-nie-so-frei-gefuehlt-hier-ist-die-alternative-aufraederroutine-auf-die-ich-fuer-meinen-vollen-terminkalender-schwoere\/"},"modified":"2025-03-23T03:42:18","modified_gmt":"2025-03-23T02:42:18","slug":"ich-habe-an-meinen-sonntags-zurueckgesetzt-und-habe-mich-noch-nie-so-frei-gefuehlt-hier-ist-die-alternative-aufraederroutine-auf-die-ich-fuer-meinen-vollen-terminkalender-schwoere","status":"publish","type":"post","link":"https:\/\/www.strassenweb.de\/nachrichten\/ich-habe-an-meinen-sonntags-zurueckgesetzt-und-habe-mich-noch-nie-so-frei-gefuehlt-hier-ist-die-alternative-aufraederroutine-auf-die-ich-fuer-meinen-vollen-terminkalender-schwoere\/","title":{"rendered":"Ich habe an meinen Sonntags zur\u00fcckgesetzt und habe mich noch nie so frei gef\u00fchlt &#8211; hier ist die alternative Aufr\u00e4derroutine, auf die ich f\u00fcr meinen vollen Terminkalender schw\u00f6re"},"content":{"rendered":"<p><\/p>\n<div id=\"article-body\" class=\"article__body \">\n<p>Sonntagsresets waren mehrere Jahre in meinem Haus ein Grundnahrungsmittel. Die Bettw\u00e4sche wurde abgezogen und gewaschen, die K\u00fcche und das Badezimmer tief gereinigt und das Haus wurde insgesamt aufger\u00e4umt &#8211; bis ich mich ausgebrannt f\u00fchlte.<\/p>\n<div id=\"ad-unit-1\" class=\"ad-unit\"><\/div>\n<p>Der Sonntagswechsel setzte sich schnell von der Auffrischung an, die mein Haus und den Geist zum am meisten gef\u00fcrchteten Teil meiner Woche ben\u00f6tigten.<\/p>\n<aside class=\"hawk-base\" data-block-type=\"embed\" data-render-type=\"fte\" data-skip=\"dealsy\" data-widget-type=\"seasonal\">\n<div class=\"hawk-master-widget-hawk-base-wrapper\"><\/div>\n<\/aside>\n<p>Deshalb habe ich sie aufgegeben und einen Zeitplan und einige klug gefunden <u>Reinigungstipps<\/u> Das funktioniert besser f\u00fcr meine gesch\u00e4ftige, sich st\u00e4ndig ver\u00e4ndernde Routine-und hier sollten Sie auch.<\/p>\n<div id=\"desktop-in-article\" class=\"in-article ad-unit\">\n<div id=\"desktop-taboola-mid-article\"><\/div>\n<\/div>\n<div id=\"mobile-in-article\" class=\"in-article ad-unit\">\n<div id=\"mobile-taboola-mid-article\"><\/div>\n<\/div>\n<h2 id=\"why-sunday-resets-are-not-for-everyone-3\">Warum Sonntag zur\u00fcckgesetzt ist, sind nicht jedermanns Sache <\/h2>\n<p>Versteh mich nicht falsch, ich habe meine R\u00fccksetzungen am Ende der Woche geliebt-ich habe sogar dar\u00fcber geschrieben <u>So perfektionieren Sie Ihren Sonntagsr\u00fccksetzen<\/u> vor ein paar Jahren. Obwohl ich sicher denke, dass sie f\u00fcr viele Menschen arbeiten k\u00f6nnen, bin ich jetzt zugewandt <u>t\u00e4gliche Dinge, um in Schach zu bleiben<\/u> stattdessen.<\/p>\n<div class=\"van_vid_carousel\">\n<div class=\"van_vid_carousel__padding\">\n<div class=\"van_vid_carousel__container\"><\/div>\n<\/div>\n<\/div>\n<p>Das Ergebnis? Ich bin weit weniger gestresst und habe <u>Fand das richtige Reinigungsgewicht in meinem Haus<\/u>.<\/p>\n<div id=\"ad-unit-2\" class=\"ad-unit\"><\/div>\n<figure class=\"van-image-figure inline-layout \" data-bordeaux-image-check>\n<div class=\"image-full-width-wrapper\">\n<div class=\"image-widthsetter\" style=\"max-width:2000px;\"><\/div>\n<\/div><figcaption class=\"inline-layout \">\n<div class=\"caption-text\">\n<p>Das Aufenthalt auf gesch\u00e4ftigen Bereichen wie der K\u00fcche hat meinen Stress am Ende jeder Woche drastisch reduziert. <\/p>\n<\/div>\n<\/figcaption><\/figure>\n<p>Das Problem beim Reset am Sonntag war, dass es in Stunden meiner Freizeit v\u00f6llig weggab. Nicht nur das, ich lie\u00df die Aufgaben h\u00e4ufen, bis ich gegangen war <u>Reinigung, wenn ich mich \u00fcberw\u00e4ltigt f\u00fchlte<\/u>.<\/p>\n<p>Au\u00dferdem m\u00f6chte ich, dass es f\u00fcnf Tage die Woche am Wochenende in vollem Umfang in vollem Umfang nutzen, ob dies bedeutet, dass sie auf Wanderungen oder Abenteuer ausgehen oder v\u00f6llig Gem\u00fcse aussteigen und meinen K\u00f6rper ruhen lassen, zumal meine Wochentage mit Arbeit, famili\u00e4ren Verantwortlichkeiten und au\u00dferschulischen Vereinen und einer strukturierten Trainingsroutine gesch\u00e4ftiger wurden.<\/p>\n<p>Lange Rede, kurzer Sinn, ich wollte verzweifelt verzweifelt <u>Genie\u00dfen Sie ein m\u00fchsames Wochenende<\/u>.<\/p>\n<p>Das hat meine Schuld jedoch nicht aufgehalten. <u>Sonntag zur\u00fcckgesetzt<\/u> waren &#8218;die Sache&#8216; zu tun &#8211; die besten Reinigungseinflusser hielten ihr Haus in diesen tiefen Reinigungstagen makellos. Reinigungsexperte Chris Willatt, Inhaber von <u>Alpine Dienstm\u00e4dchen,<\/u> Ich habe diese Reinigungs\u00fcberzeugungen f\u00fcr mich beeinflusst und erkl\u00e4rt, dass das Zur\u00fccksetzen der Sonntag f\u00fcr einige Leute funktionieren kann. Es erm\u00f6glicht ihnen, sich auf etwas anderes als Arbeit und Familie zu konzentrieren und nur ein bisschen im Haus zu erledigen. F\u00fcr andere ist es eine einfache M\u00f6glichkeit, wieder in die Arbeitswoche zur\u00fcckzukehren.<\/p>\n<p>&#8218;Jedoch, <em>Es ist nicht notwendig<\/em>. Wenn Sie Regime oder Zeitpl\u00e4ne festlegen, wie Sie sicherstellen, dass Sie sonntags sauber sind, kann dies etwas sch\u00e4dlich sein. Sie setzen nur noch eine Aufgabe auf sich selbst, die eine Arbeitsaufgabe erscheint, die Sie wirklich nicht tun m\u00f6chten, aber Sie werden es am Ende tun, weil sie auf Ihrer Liste der Dinge steht, um die man sich k\u00fcmmern muss.<\/p>\n<p>\u00bbLassen Sie sich \u00fcber das Wochenende entspannen\u00ab, empfiehlt er. &#8218;Der M\u00fcll wird herausgenommen; Die Arbeitsplatten werden ausgel\u00f6scht. Verstehe, dass es keine schlechte Sache ist, wenn dein Kind vergisst, den M\u00fcll rechtzeitig auf die Stra\u00dfe zu bringen. Alles wird funktionieren. &#8218;<\/p>\n<h3 class=\"article-body__section\" id=\"section-what-i-now-do-instead-of-a-sunday-reset\"><span>Was ich jetzt mache, anstatt einen Sonntagsreset<\/span><\/h3>\n<figure class=\"van-image-figure inline-layout \" data-bordeaux-image-check>\n<div class=\"image-full-width-wrapper\">\n<div class=\"image-widthsetter\" style=\"max-width:2400px;\"><\/div>\n<\/div><figcaption class=\"inline-layout \">\n<div class=\"caption-text\">\n<p>Ich habe den gr\u00f6\u00dften Einfluss dieser routinem\u00e4\u00dfigen Ver\u00e4nderung in meiner K\u00fcche gesehen. Es ist jetzt einfacher zu reinigen und ist nicht so weit wie \u00fcberw\u00e4ltigend. <\/p>\n<\/div>\n<\/figcaption><\/figure>\n<p>Deshalb habe ich mich zugewandt <u>Erstellen einer erreichbaren Reinigungsroutine<\/u> und stattdessen die Aufgaben bis zum Ende meiner Arbeitstage annehmen. Anstatt die K\u00fcche und die Badezimmer an einem Sonntag zusammen zu reinigen, begann ich nach dem Abendessen die K\u00fcche zu reinigen, Aufgaben in individuelle Aufgaben zu zerlegen und sie nach Bedarf zu erledigen.<\/p>\n<p>Zum Beispiel ich <u>Reinigen Sie das Sp\u00fclbecken<\/u> Wenn es schmutzig aussieht und ich schnell reinige und <u>Arbeitsplatten entfernen<\/u> Jede Nacht wischen auch Schr\u00e4nke ab, wenn sie sie verschenken. Das gleiche gilt f\u00fcr <u>das Badezimmer reinigen<\/u>saugen und mein Haus best\u00e4uben.<\/p>\n<p>Wie sich herausstellt, ist dies die Art und Weise, wie die Reinigungsexpertin Chris vorschl\u00e4gt, die Aufgaben anzugehen. Er sagt: \u00bbk\u00fcmmert sich die ganze Woche \u00fcber die Reinigungsprobleme, w\u00e4hrend sie auftreten. Bereiten Sie sich die ganze Woche \u00fcber auf bestimmte Aufgaben vor, damit Sie sich am Sonntag nicht mit ihnen befassen m\u00fcssen.<\/p>\n<p>\u201eWenn Sie bemerken, dass Fleisch im K\u00fchlschrank an einem Mittwoch schlecht l\u00e4uft, werden Sie es los. Wenn die Toilette am Donnerstag schmutzig wird oder der Herd am Montagabend knusprig ist, reinigen Sie sie. Wenn Sie bemerken, dass etwas gereinigt werden muss, k\u00fcmmern Sie sich darum, sobald Sie es bemerken, damit Sie die Arbeit erledigen und mit dem Aufwand erledigen k\u00f6nnen. Es dauert nur ein paar Minuten, um etwas zu reinigen. Auf diese Weise k\u00f6nnen Sie Ihre Sonntage f\u00fcr Familienspa\u00df oder nur Spa\u00df selbst retten. &#8218;<\/p>\n<div class=\"product-container hero-product-container product-block-no-wrap\"><\/div>\n<h2 class=\"article-body__section\" id=\"section-meet-the-expert\"><span>Treffen Sie den Experten<\/span><\/h2>\n<h2 class=\"article-body__section\" id=\"section-faqs\"><span>FAQs<\/span><\/h2>\n<h3 class=\"article-body__section\" id=\"section-should-you-do-chores-every-day\"><span>Sollten Sie jeden Tag Aufgaben erledigen? <\/span><\/h3>\n<p>Aufgaben m\u00fcssen nicht jeden Tag erledigt werden. Wenn Sie ein oder zwei Tage frei von Aufgaben pro Woche haben, k\u00f6nnen Sie verhindern, dass Sie sich ersch\u00f6pft oder ausgebrannt f\u00fchlen, um zu verhindern, dass die Aufgaben auf lange Sicht h\u00e4ufen und Ihr Zuhause \u00fcberschaubar halten.<\/p>\n<h3 class=\"article-body__section\" id=\"section-is-it-normal-to-hate-doing-chores\"><span>Ist es normal, Aufgaben zu erledigen?<\/span><\/h3>\n<p>Es ist ziemlich normal, Aufgaben zu erledigen, besonders wenn sie einer bereits arbeitsreichen Woche Zeit hinzuf\u00fcgen, wenn Sie sich entspannen m\u00f6chten. Zum Gl\u00fcck gibt es einige kluge M\u00f6glichkeiten dazu <u>Hacken Sie Ihr Gehirn, um Aufgaben zu erleichtern<\/u>einschlie\u00dflich Musik oder TV -Show, damit es sich anf\u00fchlt, als w\u00fcrden Sie weniger Zeit f\u00fcr Aufgaben verlieren oder mit einem Freund zusammenarbeiten, um es geselliger zu machen.<\/p>\n<hr>\n<p>Zumindest f\u00fcr mich stellt sich heraus <u>Mikroaufst\u00e4nde sind entscheidend zu einem ordentlichen Zuhause<\/u>schlie\u00dflich dazu beitragen <u>motivieren Sie mich, als serieller Zauderer zu reinigen<\/u>Und jetzt f\u00fchlen sich meine Sonntage endlich wieder wie Sonntags an.<\/p>\n<\/div>\n","protected":false},"excerpt":{"rendered":"<p>Sonntagsresets waren mehrere Jahre in meinem Haus ein Grundnahrungsmittel. Die Bettw\u00e4sche wurde abgezogen und gewaschen, die K\u00fcche und das Badezimmer tief gereinigt und das Haus<\/p>\n","protected":false},"author":1,"featured_media":4056,"comment_status":"closed","ping_status":"","sticky":false,"template":"","format":"standard","meta":{"footnotes":""},"categories":[118],"tags":[685,46,6158,9,3335,55,6157,823,163,129,15,1096,1122,460,2659,2215,6155,6160,37,6159,6156],"class_list":["post-4055","post","type-post","status-publish","format-standard","has-post-thumbnail","hentry","category-haus-garten","tag-alternative","tag-auf","tag-aufraederroutine","tag-die","tag-frei","tag-fuer","tag-gefuehlt","tag-habe","tag-hier","tag-ich","tag-ist","tag-meinen","tag-mich","tag-nie","tag-noch","tag-schwoere","tag-sonntags","tag-terminkalender","tag-und","tag-vollen","tag-zurueckgesetzt","generate-columns","tablet-grid-50","mobile-grid-100","grid-parent","grid-50"],"yoast_head":"<!-- This site is optimized with the Yoast SEO plugin v27.3 - https:\/\/yoast.com\/product\/yoast-seo-wordpress\/ -->\n<title>Ich habe an meinen Sonntags zur\u00fcckgesetzt und habe mich noch nie so frei gef\u00fchlt - hier ist die alternative Aufr\u00e4derroutine, auf die ich f\u00fcr meinen vollen Terminkalender schw\u00f6re - Nachrichten - Stra\u00dfenweb<\/title>\n<meta name=\"robots\" content=\"index, follow, max-snippet:-1, max-image-preview:large, max-video-preview:-1\" \/>\n<link rel=\"canonical\" href=\"https:\/\/www.strassenweb.de\/nachrichten\/ich-habe-an-meinen-sonntags-zurueckgesetzt-und-habe-mich-noch-nie-so-frei-gefuehlt-hier-ist-die-alternative-aufraederroutine-auf-die-ich-fuer-meinen-vollen-terminkalender-schwoere\/\" \/>\n<meta property=\"og:locale\" content=\"de_DE\" \/>\n<meta property=\"og:type\" content=\"article\" \/>\n<meta property=\"og:title\" content=\"Ich habe an meinen Sonntags zur\u00fcckgesetzt und habe mich noch nie so frei gef\u00fchlt - hier ist die alternative Aufr\u00e4derroutine, auf die ich f\u00fcr meinen vollen Terminkalender schw\u00f6re - Nachrichten - Stra\u00dfenweb\" \/>\n<meta property=\"og:description\" content=\"Sonntagsresets waren mehrere Jahre in meinem Haus ein Grundnahrungsmittel. Die Bettw\u00e4sche wurde abgezogen und gewaschen, die K\u00fcche und das Badezimmer tief gereinigt und das Haus\" \/>\n<meta property=\"og:url\" content=\"https:\/\/www.strassenweb.de\/nachrichten\/ich-habe-an-meinen-sonntags-zurueckgesetzt-und-habe-mich-noch-nie-so-frei-gefuehlt-hier-ist-die-alternative-aufraederroutine-auf-die-ich-fuer-meinen-vollen-terminkalender-schwoere\/\" \/>\n<meta property=\"og:site_name\" content=\"Stra\u00dfenweb\" \/>\n<meta property=\"article:publisher\" content=\"https:\/\/www.facebook.com\/strassenweb\/\" \/>\n<meta property=\"article:published_time\" content=\"2025-03-23T02:42:18+00:00\" \/>\n<meta property=\"og:image\" content=\"https:\/\/www.strassenweb.de\/nachrichten\/wp-content\/uploads\/2025\/03\/Ich-habe-an-meinen-Sonntags-zurueckgesetzt-und-habe-mich-noch.jpg\" \/>\n\t<meta property=\"og:image:width\" content=\"1000\" \/>\n\t<meta property=\"og:image:height\" content=\"562\" \/>\n\t<meta property=\"og:image:type\" content=\"image\/jpeg\" \/>\n<meta name=\"author\" content=\"Robert Hoffmann\" \/>\n<meta name=\"twitter:card\" content=\"summary_large_image\" \/>\n<meta name=\"twitter:label1\" content=\"Verfasst von\" \/>\n\t<meta name=\"twitter:data1\" content=\"Robert Hoffmann\" \/>\n\t<meta name=\"twitter:label2\" content=\"Gesch\u00e4tzte Lesezeit\" \/>\n\t<meta name=\"twitter:data2\" content=\"5\u00a0Minuten\" \/>\n<script type=\"application\/ld+json\" class=\"yoast-schema-graph\">{\"@context\":\"https:\\\/\\\/schema.org\",\"@graph\":[{\"@type\":\"Article\",\"@id\":\"https:\\\/\\\/www.strassenweb.de\\\/nachrichten\\\/ich-habe-an-meinen-sonntags-zurueckgesetzt-und-habe-mich-noch-nie-so-frei-gefuehlt-hier-ist-die-alternative-aufraederroutine-auf-die-ich-fuer-meinen-vollen-terminkalender-schwoere\\\/#article\",\"isPartOf\":{\"@id\":\"https:\\\/\\\/www.strassenweb.de\\\/nachrichten\\\/ich-habe-an-meinen-sonntags-zurueckgesetzt-und-habe-mich-noch-nie-so-frei-gefuehlt-hier-ist-die-alternative-aufraederroutine-auf-die-ich-fuer-meinen-vollen-terminkalender-schwoere\\\/\"},\"author\":{\"name\":\"Robert Hoffmann\",\"@id\":\"https:\\\/\\\/www.strassenweb.de\\\/nachrichten\\\/#\\\/schema\\\/person\\\/87c9c9067f1211da429a744dc5a5aa41\"},\"headline\":\"Ich habe an meinen Sonntags zur\u00fcckgesetzt und habe mich noch nie so frei gef\u00fchlt &#8211; hier ist die alternative Aufr\u00e4derroutine, auf die ich f\u00fcr meinen vollen Terminkalender schw\u00f6re\",\"datePublished\":\"2025-03-23T02:42:18+00:00\",\"mainEntityOfPage\":{\"@id\":\"https:\\\/\\\/www.strassenweb.de\\\/nachrichten\\\/ich-habe-an-meinen-sonntags-zurueckgesetzt-und-habe-mich-noch-nie-so-frei-gefuehlt-hier-ist-die-alternative-aufraederroutine-auf-die-ich-fuer-meinen-vollen-terminkalender-schwoere\\\/\"},\"wordCount\":1000,\"publisher\":{\"@id\":\"https:\\\/\\\/www.strassenweb.de\\\/nachrichten\\\/#organization\"},\"image\":{\"@id\":\"https:\\\/\\\/www.strassenweb.de\\\/nachrichten\\\/ich-habe-an-meinen-sonntags-zurueckgesetzt-und-habe-mich-noch-nie-so-frei-gefuehlt-hier-ist-die-alternative-aufraederroutine-auf-die-ich-fuer-meinen-vollen-terminkalender-schwoere\\\/#primaryimage\"},\"thumbnailUrl\":\"https:\\\/\\\/www.strassenweb.de\\\/nachrichten\\\/wp-content\\\/uploads\\\/2025\\\/03\\\/Ich-habe-an-meinen-Sonntags-zurueckgesetzt-und-habe-mich-noch.jpg\",\"keywords\":[\"alternative\",\"auf\",\"Aufr\u00e4derroutine\",\"die\",\"frei\",\"f\u00fcr\",\"gef\u00fchlt\",\"habe\",\"hier\",\"ich\",\"ist\",\"meinen\",\"mich\",\"nie\",\"noch\",\"schw\u00f6re\",\"Sonntags\",\"Terminkalender\",\"und\",\"vollen\",\"zur\u00fcckgesetzt\"],\"articleSection\":[\"Haus &amp; Garten\"],\"inLanguage\":\"de\"},{\"@type\":\"WebPage\",\"@id\":\"https:\\\/\\\/www.strassenweb.de\\\/nachrichten\\\/ich-habe-an-meinen-sonntags-zurueckgesetzt-und-habe-mich-noch-nie-so-frei-gefuehlt-hier-ist-die-alternative-aufraederroutine-auf-die-ich-fuer-meinen-vollen-terminkalender-schwoere\\\/\",\"url\":\"https:\\\/\\\/www.strassenweb.de\\\/nachrichten\\\/ich-habe-an-meinen-sonntags-zurueckgesetzt-und-habe-mich-noch-nie-so-frei-gefuehlt-hier-ist-die-alternative-aufraederroutine-auf-die-ich-fuer-meinen-vollen-terminkalender-schwoere\\\/\",\"name\":\"Ich habe an meinen Sonntags zur\u00fcckgesetzt und habe mich noch nie so frei gef\u00fchlt - hier ist die alternative Aufr\u00e4derroutine, auf die ich f\u00fcr meinen vollen Terminkalender schw\u00f6re - Nachrichten - Stra\u00dfenweb\",\"isPartOf\":{\"@id\":\"https:\\\/\\\/www.strassenweb.de\\\/nachrichten\\\/#website\"},\"primaryImageOfPage\":{\"@id\":\"https:\\\/\\\/www.strassenweb.de\\\/nachrichten\\\/ich-habe-an-meinen-sonntags-zurueckgesetzt-und-habe-mich-noch-nie-so-frei-gefuehlt-hier-ist-die-alternative-aufraederroutine-auf-die-ich-fuer-meinen-vollen-terminkalender-schwoere\\\/#primaryimage\"},\"image\":{\"@id\":\"https:\\\/\\\/www.strassenweb.de\\\/nachrichten\\\/ich-habe-an-meinen-sonntags-zurueckgesetzt-und-habe-mich-noch-nie-so-frei-gefuehlt-hier-ist-die-alternative-aufraederroutine-auf-die-ich-fuer-meinen-vollen-terminkalender-schwoere\\\/#primaryimage\"},\"thumbnailUrl\":\"https:\\\/\\\/www.strassenweb.de\\\/nachrichten\\\/wp-content\\\/uploads\\\/2025\\\/03\\\/Ich-habe-an-meinen-Sonntags-zurueckgesetzt-und-habe-mich-noch.jpg\",\"datePublished\":\"2025-03-23T02:42:18+00:00\",\"breadcrumb\":{\"@id\":\"https:\\\/\\\/www.strassenweb.de\\\/nachrichten\\\/ich-habe-an-meinen-sonntags-zurueckgesetzt-und-habe-mich-noch-nie-so-frei-gefuehlt-hier-ist-die-alternative-aufraederroutine-auf-die-ich-fuer-meinen-vollen-terminkalender-schwoere\\\/#breadcrumb\"},\"inLanguage\":\"de\",\"potentialAction\":[{\"@type\":\"ReadAction\",\"target\":[\"https:\\\/\\\/www.strassenweb.de\\\/nachrichten\\\/ich-habe-an-meinen-sonntags-zurueckgesetzt-und-habe-mich-noch-nie-so-frei-gefuehlt-hier-ist-die-alternative-aufraederroutine-auf-die-ich-fuer-meinen-vollen-terminkalender-schwoere\\\/\"]}]},{\"@type\":\"ImageObject\",\"inLanguage\":\"de\",\"@id\":\"https:\\\/\\\/www.strassenweb.de\\\/nachrichten\\\/ich-habe-an-meinen-sonntags-zurueckgesetzt-und-habe-mich-noch-nie-so-frei-gefuehlt-hier-ist-die-alternative-aufraederroutine-auf-die-ich-fuer-meinen-vollen-terminkalender-schwoere\\\/#primaryimage\",\"url\":\"https:\\\/\\\/www.strassenweb.de\\\/nachrichten\\\/wp-content\\\/uploads\\\/2025\\\/03\\\/Ich-habe-an-meinen-Sonntags-zurueckgesetzt-und-habe-mich-noch.jpg\",\"contentUrl\":\"https:\\\/\\\/www.strassenweb.de\\\/nachrichten\\\/wp-content\\\/uploads\\\/2025\\\/03\\\/Ich-habe-an-meinen-Sonntags-zurueckgesetzt-und-habe-mich-noch.jpg\",\"width\":1000,\"height\":562,\"caption\":\"Ich habe an meinen Sonntags zur\u00fcckgesetzt und habe mich noch nie so frei gef\u00fchlt - hier ist die alternative Aufr\u00e4derroutine, auf die ich f\u00fcr meinen vollen Terminkalender schw\u00f6re\"},{\"@type\":\"BreadcrumbList\",\"@id\":\"https:\\\/\\\/www.strassenweb.de\\\/nachrichten\\\/ich-habe-an-meinen-sonntags-zurueckgesetzt-und-habe-mich-noch-nie-so-frei-gefuehlt-hier-ist-die-alternative-aufraederroutine-auf-die-ich-fuer-meinen-vollen-terminkalender-schwoere\\\/#breadcrumb\",\"itemListElement\":[{\"@type\":\"ListItem\",\"position\":1,\"name\":\"Home\",\"item\":\"https:\\\/\\\/www.strassenweb.de\\\/nachrichten\\\/\"},{\"@type\":\"ListItem\",\"position\":2,\"name\":\"Ich habe an meinen Sonntags zur\u00fcckgesetzt und habe mich noch nie so frei gef\u00fchlt &#8211; hier ist die alternative Aufr\u00e4derroutine, auf die ich f\u00fcr meinen vollen Terminkalender schw\u00f6re\"}]},{\"@type\":\"WebSite\",\"@id\":\"https:\\\/\\\/www.strassenweb.de\\\/nachrichten\\\/#website\",\"url\":\"https:\\\/\\\/www.strassenweb.de\\\/nachrichten\\\/\",\"name\":\"Stra\u00dfenweb\",\"description\":\"Stra\u00dfenverzeichnis f\u00fcr Deutschland\",\"publisher\":{\"@id\":\"https:\\\/\\\/www.strassenweb.de\\\/nachrichten\\\/#organization\"},\"potentialAction\":[{\"@type\":\"SearchAction\",\"target\":{\"@type\":\"EntryPoint\",\"urlTemplate\":\"https:\\\/\\\/www.strassenweb.de\\\/nachrichten\\\/?s={search_term_string}\"},\"query-input\":{\"@type\":\"PropertyValueSpecification\",\"valueRequired\":true,\"valueName\":\"search_term_string\"}}],\"inLanguage\":\"de\"},{\"@type\":\"Organization\",\"@id\":\"https:\\\/\\\/www.strassenweb.de\\\/nachrichten\\\/#organization\",\"name\":\"Stra\u00dfenweb\",\"url\":\"https:\\\/\\\/www.strassenweb.de\\\/nachrichten\\\/\",\"logo\":{\"@type\":\"ImageObject\",\"inLanguage\":\"de\",\"@id\":\"https:\\\/\\\/www.strassenweb.de\\\/nachrichten\\\/#\\\/schema\\\/logo\\\/image\\\/\",\"url\":\"https:\\\/\\\/www.strassenweb.de\\\/nachrichten\\\/wp-content\\\/uploads\\\/2024\\\/09\\\/cropped-favicon.png\",\"contentUrl\":\"https:\\\/\\\/www.strassenweb.de\\\/nachrichten\\\/wp-content\\\/uploads\\\/2024\\\/09\\\/cropped-favicon.png\",\"width\":512,\"height\":512,\"caption\":\"Stra\u00dfenweb\"},\"image\":{\"@id\":\"https:\\\/\\\/www.strassenweb.de\\\/nachrichten\\\/#\\\/schema\\\/logo\\\/image\\\/\"},\"sameAs\":[\"https:\\\/\\\/www.facebook.com\\\/strassenweb\\\/\"]},{\"@type\":\"Person\",\"@id\":\"https:\\\/\\\/www.strassenweb.de\\\/nachrichten\\\/#\\\/schema\\\/person\\\/87c9c9067f1211da429a744dc5a5aa41\",\"name\":\"Robert Hoffmann\",\"image\":{\"@type\":\"ImageObject\",\"inLanguage\":\"de\",\"@id\":\"https:\\\/\\\/www.strassenweb.de\\\/nachrichten\\\/wp-content\\\/uploads\\\/2024\\\/09\\\/strassenweb-150x150.jpg\",\"url\":\"https:\\\/\\\/www.strassenweb.de\\\/nachrichten\\\/wp-content\\\/uploads\\\/2024\\\/09\\\/strassenweb-150x150.jpg\",\"contentUrl\":\"https:\\\/\\\/www.strassenweb.de\\\/nachrichten\\\/wp-content\\\/uploads\\\/2024\\\/09\\\/strassenweb-150x150.jpg\",\"caption\":\"Robert Hoffmann\"},\"description\":\"Ich hei\u00dfe Robert Hoffmann und ich bin ein leidenschaftlicher Verfechter von \u00d6kologie und Biodiversit\u00e4t. Seit meiner Kindheit in den W\u00e4ldern Bayerns f\u00fchle ich mich mit der Natur verbunden und bin entschlossen, sie zu sch\u00fctzen. Heute widme ich mein Leben der Sensibilisierung anderer f\u00fcr die Bedeutung des Umweltschutzes f\u00fcr zuk\u00fcnftige Generationen.\",\"sameAs\":[\"https:\\\/\\\/www.strassenweb.de\\\/\"]}]}<\/script>\n<!-- \/ Yoast SEO plugin. -->","yoast_head_json":{"title":"Ich habe an meinen Sonntags zur\u00fcckgesetzt und habe mich noch nie so frei gef\u00fchlt - hier ist die alternative Aufr\u00e4derroutine, auf die ich f\u00fcr meinen vollen Terminkalender schw\u00f6re - Nachrichten - Stra\u00dfenweb","robots":{"index":"index","follow":"follow","max-snippet":"max-snippet:-1","max-image-preview":"max-image-preview:large","max-video-preview":"max-video-preview:-1"},"canonical":"https:\/\/www.strassenweb.de\/nachrichten\/ich-habe-an-meinen-sonntags-zurueckgesetzt-und-habe-mich-noch-nie-so-frei-gefuehlt-hier-ist-die-alternative-aufraederroutine-auf-die-ich-fuer-meinen-vollen-terminkalender-schwoere\/","og_locale":"de_DE","og_type":"article","og_title":"Ich habe an meinen Sonntags zur\u00fcckgesetzt und habe mich noch nie so frei gef\u00fchlt - hier ist die alternative Aufr\u00e4derroutine, auf die ich f\u00fcr meinen vollen Terminkalender schw\u00f6re - Nachrichten - Stra\u00dfenweb","og_description":"Sonntagsresets waren mehrere Jahre in meinem Haus ein Grundnahrungsmittel. Die Bettw\u00e4sche wurde abgezogen und gewaschen, die K\u00fcche und das Badezimmer tief gereinigt und das Haus","og_url":"https:\/\/www.strassenweb.de\/nachrichten\/ich-habe-an-meinen-sonntags-zurueckgesetzt-und-habe-mich-noch-nie-so-frei-gefuehlt-hier-ist-die-alternative-aufraederroutine-auf-die-ich-fuer-meinen-vollen-terminkalender-schwoere\/","og_site_name":"Stra\u00dfenweb","article_publisher":"https:\/\/www.facebook.com\/strassenweb\/","article_published_time":"2025-03-23T02:42:18+00:00","og_image":[{"width":1000,"height":562,"url":"https:\/\/www.strassenweb.de\/nachrichten\/wp-content\/uploads\/2025\/03\/Ich-habe-an-meinen-Sonntags-zurueckgesetzt-und-habe-mich-noch.jpg","type":"image\/jpeg"}],"author":"Robert Hoffmann","twitter_card":"summary_large_image","twitter_misc":{"Verfasst von":"Robert Hoffmann","Gesch\u00e4tzte Lesezeit":"5\u00a0Minuten"},"schema":{"@context":"https:\/\/schema.org","@graph":[{"@type":"Article","@id":"https:\/\/www.strassenweb.de\/nachrichten\/ich-habe-an-meinen-sonntags-zurueckgesetzt-und-habe-mich-noch-nie-so-frei-gefuehlt-hier-ist-die-alternative-aufraederroutine-auf-die-ich-fuer-meinen-vollen-terminkalender-schwoere\/#article","isPartOf":{"@id":"https:\/\/www.strassenweb.de\/nachrichten\/ich-habe-an-meinen-sonntags-zurueckgesetzt-und-habe-mich-noch-nie-so-frei-gefuehlt-hier-ist-die-alternative-aufraederroutine-auf-die-ich-fuer-meinen-vollen-terminkalender-schwoere\/"},"author":{"name":"Robert Hoffmann","@id":"https:\/\/www.strassenweb.de\/nachrichten\/#\/schema\/person\/87c9c9067f1211da429a744dc5a5aa41"},"headline":"Ich habe an meinen Sonntags zur\u00fcckgesetzt und habe mich noch nie so frei gef\u00fchlt &#8211; hier ist die alternative Aufr\u00e4derroutine, auf die ich f\u00fcr meinen vollen Terminkalender schw\u00f6re","datePublished":"2025-03-23T02:42:18+00:00","mainEntityOfPage":{"@id":"https:\/\/www.strassenweb.de\/nachrichten\/ich-habe-an-meinen-sonntags-zurueckgesetzt-und-habe-mich-noch-nie-so-frei-gefuehlt-hier-ist-die-alternative-aufraederroutine-auf-die-ich-fuer-meinen-vollen-terminkalender-schwoere\/"},"wordCount":1000,"publisher":{"@id":"https:\/\/www.strassenweb.de\/nachrichten\/#organization"},"image":{"@id":"https:\/\/www.strassenweb.de\/nachrichten\/ich-habe-an-meinen-sonntags-zurueckgesetzt-und-habe-mich-noch-nie-so-frei-gefuehlt-hier-ist-die-alternative-aufraederroutine-auf-die-ich-fuer-meinen-vollen-terminkalender-schwoere\/#primaryimage"},"thumbnailUrl":"https:\/\/www.strassenweb.de\/nachrichten\/wp-content\/uploads\/2025\/03\/Ich-habe-an-meinen-Sonntags-zurueckgesetzt-und-habe-mich-noch.jpg","keywords":["alternative","auf","Aufr\u00e4derroutine","die","frei","f\u00fcr","gef\u00fchlt","habe","hier","ich","ist","meinen","mich","nie","noch","schw\u00f6re","Sonntags","Terminkalender","und","vollen","zur\u00fcckgesetzt"],"articleSection":["Haus &amp; Garten"],"inLanguage":"de"},{"@type":"WebPage","@id":"https:\/\/www.strassenweb.de\/nachrichten\/ich-habe-an-meinen-sonntags-zurueckgesetzt-und-habe-mich-noch-nie-so-frei-gefuehlt-hier-ist-die-alternative-aufraederroutine-auf-die-ich-fuer-meinen-vollen-terminkalender-schwoere\/","url":"https:\/\/www.strassenweb.de\/nachrichten\/ich-habe-an-meinen-sonntags-zurueckgesetzt-und-habe-mich-noch-nie-so-frei-gefuehlt-hier-ist-die-alternative-aufraederroutine-auf-die-ich-fuer-meinen-vollen-terminkalender-schwoere\/","name":"Ich habe an meinen Sonntags zur\u00fcckgesetzt und habe mich noch nie so frei gef\u00fchlt - hier ist die alternative Aufr\u00e4derroutine, auf die ich f\u00fcr meinen vollen Terminkalender schw\u00f6re - Nachrichten - Stra\u00dfenweb","isPartOf":{"@id":"https:\/\/www.strassenweb.de\/nachrichten\/#website"},"primaryImageOfPage":{"@id":"https:\/\/www.strassenweb.de\/nachrichten\/ich-habe-an-meinen-sonntags-zurueckgesetzt-und-habe-mich-noch-nie-so-frei-gefuehlt-hier-ist-die-alternative-aufraederroutine-auf-die-ich-fuer-meinen-vollen-terminkalender-schwoere\/#primaryimage"},"image":{"@id":"https:\/\/www.strassenweb.de\/nachrichten\/ich-habe-an-meinen-sonntags-zurueckgesetzt-und-habe-mich-noch-nie-so-frei-gefuehlt-hier-ist-die-alternative-aufraederroutine-auf-die-ich-fuer-meinen-vollen-terminkalender-schwoere\/#primaryimage"},"thumbnailUrl":"https:\/\/www.strassenweb.de\/nachrichten\/wp-content\/uploads\/2025\/03\/Ich-habe-an-meinen-Sonntags-zurueckgesetzt-und-habe-mich-noch.jpg","datePublished":"2025-03-23T02:42:18+00:00","breadcrumb":{"@id":"https:\/\/www.strassenweb.de\/nachrichten\/ich-habe-an-meinen-sonntags-zurueckgesetzt-und-habe-mich-noch-nie-so-frei-gefuehlt-hier-ist-die-alternative-aufraederroutine-auf-die-ich-fuer-meinen-vollen-terminkalender-schwoere\/#breadcrumb"},"inLanguage":"de","potentialAction":[{"@type":"ReadAction","target":["https:\/\/www.strassenweb.de\/nachrichten\/ich-habe-an-meinen-sonntags-zurueckgesetzt-und-habe-mich-noch-nie-so-frei-gefuehlt-hier-ist-die-alternative-aufraederroutine-auf-die-ich-fuer-meinen-vollen-terminkalender-schwoere\/"]}]},{"@type":"ImageObject","inLanguage":"de","@id":"https:\/\/www.strassenweb.de\/nachrichten\/ich-habe-an-meinen-sonntags-zurueckgesetzt-und-habe-mich-noch-nie-so-frei-gefuehlt-hier-ist-die-alternative-aufraederroutine-auf-die-ich-fuer-meinen-vollen-terminkalender-schwoere\/#primaryimage","url":"https:\/\/www.strassenweb.de\/nachrichten\/wp-content\/uploads\/2025\/03\/Ich-habe-an-meinen-Sonntags-zurueckgesetzt-und-habe-mich-noch.jpg","contentUrl":"https:\/\/www.strassenweb.de\/nachrichten\/wp-content\/uploads\/2025\/03\/Ich-habe-an-meinen-Sonntags-zurueckgesetzt-und-habe-mich-noch.jpg","width":1000,"height":562,"caption":"Ich habe an meinen Sonntags zur\u00fcckgesetzt und habe mich noch nie so frei gef\u00fchlt - hier ist die alternative Aufr\u00e4derroutine, auf die ich f\u00fcr meinen vollen Terminkalender schw\u00f6re"},{"@type":"BreadcrumbList","@id":"https:\/\/www.strassenweb.de\/nachrichten\/ich-habe-an-meinen-sonntags-zurueckgesetzt-und-habe-mich-noch-nie-so-frei-gefuehlt-hier-ist-die-alternative-aufraederroutine-auf-die-ich-fuer-meinen-vollen-terminkalender-schwoere\/#breadcrumb","itemListElement":[{"@type":"ListItem","position":1,"name":"Home","item":"https:\/\/www.strassenweb.de\/nachrichten\/"},{"@type":"ListItem","position":2,"name":"Ich habe an meinen Sonntags zur\u00fcckgesetzt und habe mich noch nie so frei gef\u00fchlt &#8211; hier ist die alternative Aufr\u00e4derroutine, auf die ich f\u00fcr meinen vollen Terminkalender schw\u00f6re"}]},{"@type":"WebSite","@id":"https:\/\/www.strassenweb.de\/nachrichten\/#website","url":"https:\/\/www.strassenweb.de\/nachrichten\/","name":"Stra\u00dfenweb","description":"Stra\u00dfenverzeichnis f\u00fcr Deutschland","publisher":{"@id":"https:\/\/www.strassenweb.de\/nachrichten\/#organization"},"potentialAction":[{"@type":"SearchAction","target":{"@type":"EntryPoint","urlTemplate":"https:\/\/www.strassenweb.de\/nachrichten\/?s={search_term_string}"},"query-input":{"@type":"PropertyValueSpecification","valueRequired":true,"valueName":"search_term_string"}}],"inLanguage":"de"},{"@type":"Organization","@id":"https:\/\/www.strassenweb.de\/nachrichten\/#organization","name":"Stra\u00dfenweb","url":"https:\/\/www.strassenweb.de\/nachrichten\/","logo":{"@type":"ImageObject","inLanguage":"de","@id":"https:\/\/www.strassenweb.de\/nachrichten\/#\/schema\/logo\/image\/","url":"https:\/\/www.strassenweb.de\/nachrichten\/wp-content\/uploads\/2024\/09\/cropped-favicon.png","contentUrl":"https:\/\/www.strassenweb.de\/nachrichten\/wp-content\/uploads\/2024\/09\/cropped-favicon.png","width":512,"height":512,"caption":"Stra\u00dfenweb"},"image":{"@id":"https:\/\/www.strassenweb.de\/nachrichten\/#\/schema\/logo\/image\/"},"sameAs":["https:\/\/www.facebook.com\/strassenweb\/"]},{"@type":"Person","@id":"https:\/\/www.strassenweb.de\/nachrichten\/#\/schema\/person\/87c9c9067f1211da429a744dc5a5aa41","name":"Robert Hoffmann","image":{"@type":"ImageObject","inLanguage":"de","@id":"https:\/\/www.strassenweb.de\/nachrichten\/wp-content\/uploads\/2024\/09\/strassenweb-150x150.jpg","url":"https:\/\/www.strassenweb.de\/nachrichten\/wp-content\/uploads\/2024\/09\/strassenweb-150x150.jpg","contentUrl":"https:\/\/www.strassenweb.de\/nachrichten\/wp-content\/uploads\/2024\/09\/strassenweb-150x150.jpg","caption":"Robert Hoffmann"},"description":"Ich hei\u00dfe Robert Hoffmann und ich bin ein leidenschaftlicher Verfechter von \u00d6kologie und Biodiversit\u00e4t. Seit meiner Kindheit in den W\u00e4ldern Bayerns f\u00fchle ich mich mit der Natur verbunden und bin entschlossen, sie zu sch\u00fctzen. Heute widme ich mein Leben der Sensibilisierung anderer f\u00fcr die Bedeutung des Umweltschutzes f\u00fcr zuk\u00fcnftige Generationen.","sameAs":["https:\/\/www.strassenweb.de\/"]}]}},"_links":{"self":[{"href":"https:\/\/www.strassenweb.de\/nachrichten\/wp-json\/wp\/v2\/posts\/4055","targetHints":{"allow":["GET"]}}],"collection":[{"href":"https:\/\/www.strassenweb.de\/nachrichten\/wp-json\/wp\/v2\/posts"}],"about":[{"href":"https:\/\/www.strassenweb.de\/nachrichten\/wp-json\/wp\/v2\/types\/post"}],"author":[{"embeddable":true,"href":"https:\/\/www.strassenweb.de\/nachrichten\/wp-json\/wp\/v2\/users\/1"}],"replies":[{"embeddable":true,"href":"https:\/\/www.strassenweb.de\/nachrichten\/wp-json\/wp\/v2\/comments?post=4055"}],"version-history":[{"count":0,"href":"https:\/\/www.strassenweb.de\/nachrichten\/wp-json\/wp\/v2\/posts\/4055\/revisions"}],"wp:featuredmedia":[{"embeddable":true,"href":"https:\/\/www.strassenweb.de\/nachrichten\/wp-json\/wp\/v2\/media\/4056"}],"wp:attachment":[{"href":"https:\/\/www.strassenweb.de\/nachrichten\/wp-json\/wp\/v2\/media?parent=4055"}],"wp:term":[{"taxonomy":"category","embeddable":true,"href":"https:\/\/www.strassenweb.de\/nachrichten\/wp-json\/wp\/v2\/categories?post=4055"},{"taxonomy":"post_tag","embeddable":true,"href":"https:\/\/www.strassenweb.de\/nachrichten\/wp-json\/wp\/v2\/tags?post=4055"}],"curies":[{"name":"wp","href":"https:\/\/api.w.org\/{rel}","templated":true}]}}