{"id":4052,"date":"2025-03-22T23:40:06","date_gmt":"2025-03-22T22:40:06","guid":{"rendered":"https:\/\/www.strassenweb.de\/nachrichten\/claudia-schiffers-buchregale-im-cubby-stil-bietet-eine-einzigartige-wendung-fuer-die-groesste-designbewegung-des-letzten-jahres-es-haelt-den-look-fuer-2025-am-leben\/"},"modified":"2025-03-22T23:40:07","modified_gmt":"2025-03-22T22:40:07","slug":"claudia-schiffers-buchregale-im-cubby-stil-bietet-eine-einzigartige-wendung-fuer-die-groesste-designbewegung-des-letzten-jahres-es-haelt-den-look-fuer-2025-am-leben","status":"publish","type":"post","link":"https:\/\/www.strassenweb.de\/nachrichten\/claudia-schiffers-buchregale-im-cubby-stil-bietet-eine-einzigartige-wendung-fuer-die-groesste-designbewegung-des-letzten-jahres-es-haelt-den-look-fuer-2025-am-leben\/","title":{"rendered":"Claudia Schiffers Buchregale im Cubby-Stil bietet eine einzigartige Wendung f\u00fcr die gr\u00f6\u00dfte Designbewegung des letzten Jahres-es h\u00e4lt den Look f\u00fcr 2025 am Leben"},"content":{"rendered":"<p><\/p>\n<div id=\"article-body\" class=\"article__body \">\n<p>Ein gut gestaltetes B\u00fccherregal ist ein Mittelpunkt eines beliebigen Raums. Unabh\u00e4ngig davon, ob Sie in eingebaute Holzregale oder wei\u00dfe schwimmende Regale verf\u00fcgen, ist es eine fantastische M\u00f6glichkeit, diese Aufbewahrungseinheiten nachdenklich zu erreichen, um einem Wohnzimmer oder einer H\u00f6hle Pers\u00f6nlichkeit zu verleihen. Diese Ideologie war letztes Jahr der letzte Wut (mit dem Aufkommen des B\u00fccherscheibenverm\u00f6genstrends), aber Claudia Schiffer hat den Look am Leben erhalten &#8211; mit einer Wendung.<\/p>\n<div id=\"ad-unit-1\" class=\"ad-unit\"><\/div>\n<p>Das Model teilte k\u00fcrzlich ihre &#8222;Lieblingsorte zum Lesen&#8220; in ihrem Haus, und wir konnten nicht anders, als ihr schickes, von Cubby inspiriertes Layout im Hintergrund zu bemerken. Ihre h\u00f6lzernen Regale sind als ordentliche Reihen gebaut, mit breiten Einheiten, in denen B\u00fccher sowohl horizontal als auch vertikal angeordnet werden k\u00f6nnen. Accessoires werden auch geschmackvoll platziert, was uns einige B\u00fccherregalideen bietet.<\/p>\n<div class=\"instagram-embed\">\n<blockquote class=\"instagram-media\" data-instgrm-captioned data-instgrm-version=\"6\" style=\"width:99.375%; width:-webkit-calc(100% - 2px); width:calc(100% - 2px);\">\n<p>Ein Beitrag von Claudia Schiffer (@claudiaschiffer)<\/p>\n<p>Ein Foto von on <\/p>\n<\/blockquote>\n<\/div>\n<h3 class=\"article-body__section\" id=\"section-shop-the-spacious-bookshelf-edit\"><span>Kaufen Sie das ger\u00e4umige B\u00fccherregal -Bearbeiten ein<\/span><\/h3>\n<div class=\"product-container hero-product-container product-block-no-wrap\"><\/div>\n<aside class=\"hawk-base\" data-block-type=\"embed\" data-render-type=\"fte\" data-skip=\"dealsy\" data-widget-type=\"seasonal\">\n<div class=\"hawk-master-widget-hawk-base-wrapper\"><\/div>\n<\/aside>\n<p>Laut Experten ist ein B\u00fccherregal -Styling eine individuelle Praxis. Es gibt jedoch einige allgemeine Tipps und Tricks, die Sie in eine Regaleinheit im Cubby-Stil wie die von Claudia umsetzen k\u00f6nnen.<\/p>\n<div id=\"desktop-in-article\" class=\"in-article ad-unit\">\n<div id=\"desktop-taboola-mid-article\"><\/div>\n<\/div>\n<div id=\"mobile-in-article\" class=\"in-article ad-unit\">\n<div id=\"mobile-taboola-mid-article\"><\/div>\n<\/div>\n<p>&#8222;Das Styling eines B\u00fccherregals h\u00e4ngt von Ihrem pers\u00f6nlichen Stil&#8220;, sagt Bo Hellberg, CMO bei String Furniture. \u201eMit offenem Regalen bevorzugen einige Menschen eine Mischung aus verschiedenen Gegenst\u00e4nden, w\u00e4hrend andere einen einheitlicheren Stil bevorzugen, in dem alles perfekt passt. Beide funktionieren gut auf offenen Regalen, da sie eine neutrale Basis f\u00fcr Menschen bieten, mit denen sie spielen k\u00f6nnen. Experimentieren Sie mit Ihrem Stil und \u00fcberw\u00e4ltigen Sie die Regale nicht. Bei String feiern wir einzelne Reisen und glauben, dass unsere Regale ein Spiegelbild unserer Pers\u00f6nlichkeiten sein und die Objekte ausstellen, die wir w\u00e4hrend unseres gesamten Lebens gesammelt haben. &#8218;<\/p>\n<div class=\"van_vid_carousel\">\n<div class=\"van_vid_carousel__padding\">\n<div class=\"van_vid_carousel__container\"><\/div>\n<\/div>\n<\/div>\n<p>Das Atmen zuzulassen ist definitiv etwas, was Claudia gut macht, mit Platz um B\u00fccher und zwischen Objekten, wodurch die Regale ein Galerie-\u00e4hnliches Gef\u00fchl verleihen.<\/p>\n<div id=\"ad-unit-2\" class=\"ad-unit\"><\/div>\n<p>BO sagt, dass er beabsichtigt ist, seine eigenen Regale zu dekorieren, und schl\u00e4gt vor, dass andere das Gleiche tun, indem er Ihr B\u00fccherregal durch Farbe oder passende Materialien organisiert. &#8222;Wenn es darum geht, meine eigenen Regale zu stylen, habe ich festgestellt, dass die Auswahl von nur wenigen sch\u00f6nen St\u00fccken den dekorativsten Einfluss haben und die sentimentalste sein kann&#8220;, erkl\u00e4rt er. \u201eDie Koordinierung verschiedener Farben in Ihren Regalen ist eine weitere einfache und m\u00fchelose M\u00f6glichkeit, diese St\u00fccke hervorzuheben und dekorativ einen Raum zusammenzubinden. Viele vergessen, dass der Speicher Teil des Innenarchitekturschemas sein kann. Durch das Anzeigen und Styling unserer Objekte in unseren B\u00fccherregalen k\u00f6nnen wir die Funktion mit Dekoration verschmelzen. Unabh\u00e4ngig davon, ob Sie nach einer kleineren, subtileren L\u00f6sung oder einer gr\u00f6\u00dferen, offenen Kombination aus offener Plane suchen, bieten Sie die Speicherkonfigurationen von String, sodass Sie Ihren eigenen Stil \u00fcberall kuratieren k\u00f6nnen, wo immer Sie sind. &#8218;<\/p>\n<p>Wir k\u00f6nnen sehen, dass Wei\u00df in Claudias Regalen eine weit verbreitete Farbe hat, die im Gegensatz zur dunklen Holzbasis dient.<\/p>\n<div id=\"slice-container-newsletterForm-articleInbodyContent-39MZkc4pHctqTTPNvgJJBG\" class=\"slice-container newsletter-inbodyContent-slice newsletterForm-articleInbodyContent-39MZkc4pHctqTTPNvgJJBG slice-container-newsletterForm\"><\/div>\n<hr>\n<p>Unabh\u00e4ngig davon, ob Sie die Farbkoordination oder die Misch- und \u00dcbereinstimmung von B\u00fcchern und Zubeh\u00f6r versuchen, sind Regale im Cubby-Stil fantastische Optionen f\u00fcr diejenigen, die eine Speichereinheit erstellen m\u00f6chten, die ebenso viel \u00fcber die Organisation ist wie das optimale Display.<\/p>\n<hr>\n<\/div>\n<p><script async src=\"\/\/www.instagram.com\/embed.js\"><\/script><\/p>\n","protected":false},"excerpt":{"rendered":"<p>Ein gut gestaltetes B\u00fccherregal ist ein Mittelpunkt eines beliebigen Raums. Unabh\u00e4ngig davon, ob Sie in eingebaute Holzregale oder wei\u00dfe schwimmende Regale verf\u00fcgen, ist es eine<\/p>\n","protected":false},"author":1,"featured_media":4053,"comment_status":"closed","ping_status":"","sticky":false,"template":"","format":"standard","meta":{"footnotes":""},"categories":[118],"tags":[1977,6151,1997,6152,78,281,6153,9,74,2301,55,113,430,6154,1071,1514,6150,5495],"class_list":["post-4052","post","type-post","status-publish","format-standard","has-post-thumbnail","hentry","category-haus-garten","tag-bietet","tag-buchregale","tag-claudia","tag-cubbystil","tag-den","tag-des","tag-designbewegung","tag-die","tag-eine","tag-einzigartige","tag-fuer","tag-groesste","tag-haelt","tag-jahreses","tag-leben","tag-letzten","tag-schiffers","tag-wendung","generate-columns","tablet-grid-50","mobile-grid-100","grid-parent","grid-50"],"yoast_head":"<!-- This site is optimized with the Yoast SEO plugin v27.3 - https:\/\/yoast.com\/product\/yoast-seo-wordpress\/ -->\n<title>Claudia Schiffers Buchregale im Cubby-Stil bietet eine einzigartige Wendung f\u00fcr die gr\u00f6\u00dfte Designbewegung des letzten Jahres-es h\u00e4lt den Look f\u00fcr 2025 am Leben - Nachrichten - Stra\u00dfenweb<\/title>\n<meta name=\"robots\" content=\"index, follow, max-snippet:-1, max-image-preview:large, max-video-preview:-1\" \/>\n<link rel=\"canonical\" href=\"https:\/\/www.strassenweb.de\/nachrichten\/claudia-schiffers-buchregale-im-cubby-stil-bietet-eine-einzigartige-wendung-fuer-die-groesste-designbewegung-des-letzten-jahres-es-haelt-den-look-fuer-2025-am-leben\/\" \/>\n<meta property=\"og:locale\" content=\"de_DE\" \/>\n<meta property=\"og:type\" content=\"article\" \/>\n<meta property=\"og:title\" content=\"Claudia Schiffers Buchregale im Cubby-Stil bietet eine einzigartige Wendung f\u00fcr die gr\u00f6\u00dfte Designbewegung des letzten Jahres-es h\u00e4lt den Look f\u00fcr 2025 am Leben - Nachrichten - Stra\u00dfenweb\" \/>\n<meta property=\"og:description\" content=\"Ein gut gestaltetes B\u00fccherregal ist ein Mittelpunkt eines beliebigen Raums. Unabh\u00e4ngig davon, ob Sie in eingebaute Holzregale oder wei\u00dfe schwimmende Regale verf\u00fcgen, ist es eine\" \/>\n<meta property=\"og:url\" content=\"https:\/\/www.strassenweb.de\/nachrichten\/claudia-schiffers-buchregale-im-cubby-stil-bietet-eine-einzigartige-wendung-fuer-die-groesste-designbewegung-des-letzten-jahres-es-haelt-den-look-fuer-2025-am-leben\/\" \/>\n<meta property=\"og:site_name\" content=\"Stra\u00dfenweb\" \/>\n<meta property=\"article:publisher\" content=\"https:\/\/www.facebook.com\/strassenweb\/\" \/>\n<meta property=\"article:published_time\" content=\"2025-03-22T22:40:06+00:00\" \/>\n<meta property=\"article:modified_time\" content=\"2025-03-22T22:40:07+00:00\" \/>\n<meta property=\"og:image\" content=\"https:\/\/www.strassenweb.de\/nachrichten\/wp-content\/uploads\/2025\/03\/Claudia-Schiffers-Buchregale-im-Cubby-Stil-bietet-eine-einzigartige-Wendung-fuer.jpg\" \/>\n\t<meta property=\"og:image:width\" content=\"1200\" \/>\n\t<meta property=\"og:image:height\" content=\"675\" \/>\n\t<meta property=\"og:image:type\" content=\"image\/jpeg\" \/>\n<meta name=\"author\" content=\"Robert Hoffmann\" \/>\n<meta name=\"twitter:card\" content=\"summary_large_image\" \/>\n<meta name=\"twitter:label1\" content=\"Verfasst von\" \/>\n\t<meta name=\"twitter:data1\" content=\"Robert Hoffmann\" \/>\n\t<meta name=\"twitter:label2\" content=\"Gesch\u00e4tzte Lesezeit\" \/>\n\t<meta name=\"twitter:data2\" content=\"3\u00a0Minuten\" \/>\n<script type=\"application\/ld+json\" class=\"yoast-schema-graph\">{\"@context\":\"https:\\\/\\\/schema.org\",\"@graph\":[{\"@type\":\"Article\",\"@id\":\"https:\\\/\\\/www.strassenweb.de\\\/nachrichten\\\/claudia-schiffers-buchregale-im-cubby-stil-bietet-eine-einzigartige-wendung-fuer-die-groesste-designbewegung-des-letzten-jahres-es-haelt-den-look-fuer-2025-am-leben\\\/#article\",\"isPartOf\":{\"@id\":\"https:\\\/\\\/www.strassenweb.de\\\/nachrichten\\\/claudia-schiffers-buchregale-im-cubby-stil-bietet-eine-einzigartige-wendung-fuer-die-groesste-designbewegung-des-letzten-jahres-es-haelt-den-look-fuer-2025-am-leben\\\/\"},\"author\":{\"name\":\"Robert Hoffmann\",\"@id\":\"https:\\\/\\\/www.strassenweb.de\\\/nachrichten\\\/#\\\/schema\\\/person\\\/87c9c9067f1211da429a744dc5a5aa41\"},\"headline\":\"Claudia Schiffers Buchregale im Cubby-Stil bietet eine einzigartige Wendung f\u00fcr die gr\u00f6\u00dfte Designbewegung des letzten Jahres-es h\u00e4lt den Look f\u00fcr 2025 am Leben\",\"datePublished\":\"2025-03-22T22:40:06+00:00\",\"dateModified\":\"2025-03-22T22:40:07+00:00\",\"mainEntityOfPage\":{\"@id\":\"https:\\\/\\\/www.strassenweb.de\\\/nachrichten\\\/claudia-schiffers-buchregale-im-cubby-stil-bietet-eine-einzigartige-wendung-fuer-die-groesste-designbewegung-des-letzten-jahres-es-haelt-den-look-fuer-2025-am-leben\\\/\"},\"wordCount\":575,\"publisher\":{\"@id\":\"https:\\\/\\\/www.strassenweb.de\\\/nachrichten\\\/#organization\"},\"image\":{\"@id\":\"https:\\\/\\\/www.strassenweb.de\\\/nachrichten\\\/claudia-schiffers-buchregale-im-cubby-stil-bietet-eine-einzigartige-wendung-fuer-die-groesste-designbewegung-des-letzten-jahres-es-haelt-den-look-fuer-2025-am-leben\\\/#primaryimage\"},\"thumbnailUrl\":\"https:\\\/\\\/www.strassenweb.de\\\/nachrichten\\\/wp-content\\\/uploads\\\/2025\\\/03\\\/Claudia-Schiffers-Buchregale-im-Cubby-Stil-bietet-eine-einzigartige-Wendung-fuer.jpg\",\"keywords\":[\"bietet\",\"Buchregale\",\"Claudia\",\"CubbyStil\",\"den\",\"des\",\"Designbewegung\",\"die\",\"eine\",\"einzigartige\",\"f\u00fcr\",\"gr\u00f6\u00dfte\",\"h\u00e4lt\",\"Jahreses\",\"leben\",\"letzten\",\"Schiffers\",\"Wendung\"],\"articleSection\":[\"Haus &amp; Garten\"],\"inLanguage\":\"de\"},{\"@type\":\"WebPage\",\"@id\":\"https:\\\/\\\/www.strassenweb.de\\\/nachrichten\\\/claudia-schiffers-buchregale-im-cubby-stil-bietet-eine-einzigartige-wendung-fuer-die-groesste-designbewegung-des-letzten-jahres-es-haelt-den-look-fuer-2025-am-leben\\\/\",\"url\":\"https:\\\/\\\/www.strassenweb.de\\\/nachrichten\\\/claudia-schiffers-buchregale-im-cubby-stil-bietet-eine-einzigartige-wendung-fuer-die-groesste-designbewegung-des-letzten-jahres-es-haelt-den-look-fuer-2025-am-leben\\\/\",\"name\":\"Claudia Schiffers Buchregale im Cubby-Stil bietet eine einzigartige Wendung f\u00fcr die gr\u00f6\u00dfte Designbewegung des letzten Jahres-es h\u00e4lt den Look f\u00fcr 2025 am Leben - Nachrichten - Stra\u00dfenweb\",\"isPartOf\":{\"@id\":\"https:\\\/\\\/www.strassenweb.de\\\/nachrichten\\\/#website\"},\"primaryImageOfPage\":{\"@id\":\"https:\\\/\\\/www.strassenweb.de\\\/nachrichten\\\/claudia-schiffers-buchregale-im-cubby-stil-bietet-eine-einzigartige-wendung-fuer-die-groesste-designbewegung-des-letzten-jahres-es-haelt-den-look-fuer-2025-am-leben\\\/#primaryimage\"},\"image\":{\"@id\":\"https:\\\/\\\/www.strassenweb.de\\\/nachrichten\\\/claudia-schiffers-buchregale-im-cubby-stil-bietet-eine-einzigartige-wendung-fuer-die-groesste-designbewegung-des-letzten-jahres-es-haelt-den-look-fuer-2025-am-leben\\\/#primaryimage\"},\"thumbnailUrl\":\"https:\\\/\\\/www.strassenweb.de\\\/nachrichten\\\/wp-content\\\/uploads\\\/2025\\\/03\\\/Claudia-Schiffers-Buchregale-im-Cubby-Stil-bietet-eine-einzigartige-Wendung-fuer.jpg\",\"datePublished\":\"2025-03-22T22:40:06+00:00\",\"dateModified\":\"2025-03-22T22:40:07+00:00\",\"breadcrumb\":{\"@id\":\"https:\\\/\\\/www.strassenweb.de\\\/nachrichten\\\/claudia-schiffers-buchregale-im-cubby-stil-bietet-eine-einzigartige-wendung-fuer-die-groesste-designbewegung-des-letzten-jahres-es-haelt-den-look-fuer-2025-am-leben\\\/#breadcrumb\"},\"inLanguage\":\"de\",\"potentialAction\":[{\"@type\":\"ReadAction\",\"target\":[\"https:\\\/\\\/www.strassenweb.de\\\/nachrichten\\\/claudia-schiffers-buchregale-im-cubby-stil-bietet-eine-einzigartige-wendung-fuer-die-groesste-designbewegung-des-letzten-jahres-es-haelt-den-look-fuer-2025-am-leben\\\/\"]}]},{\"@type\":\"ImageObject\",\"inLanguage\":\"de\",\"@id\":\"https:\\\/\\\/www.strassenweb.de\\\/nachrichten\\\/claudia-schiffers-buchregale-im-cubby-stil-bietet-eine-einzigartige-wendung-fuer-die-groesste-designbewegung-des-letzten-jahres-es-haelt-den-look-fuer-2025-am-leben\\\/#primaryimage\",\"url\":\"https:\\\/\\\/www.strassenweb.de\\\/nachrichten\\\/wp-content\\\/uploads\\\/2025\\\/03\\\/Claudia-Schiffers-Buchregale-im-Cubby-Stil-bietet-eine-einzigartige-Wendung-fuer.jpg\",\"contentUrl\":\"https:\\\/\\\/www.strassenweb.de\\\/nachrichten\\\/wp-content\\\/uploads\\\/2025\\\/03\\\/Claudia-Schiffers-Buchregale-im-Cubby-Stil-bietet-eine-einzigartige-Wendung-fuer.jpg\",\"width\":1200,\"height\":675,\"caption\":\"Claudia Schiffers Buchregale im Cubby-Stil bietet eine einzigartige Wendung f\u00fcr die gr\u00f6\u00dfte Designbewegung des letzten Jahres-es h\u00e4lt den Look f\u00fcr 2025 am Leben\"},{\"@type\":\"BreadcrumbList\",\"@id\":\"https:\\\/\\\/www.strassenweb.de\\\/nachrichten\\\/claudia-schiffers-buchregale-im-cubby-stil-bietet-eine-einzigartige-wendung-fuer-die-groesste-designbewegung-des-letzten-jahres-es-haelt-den-look-fuer-2025-am-leben\\\/#breadcrumb\",\"itemListElement\":[{\"@type\":\"ListItem\",\"position\":1,\"name\":\"Home\",\"item\":\"https:\\\/\\\/www.strassenweb.de\\\/nachrichten\\\/\"},{\"@type\":\"ListItem\",\"position\":2,\"name\":\"Claudia Schiffers Buchregale im Cubby-Stil bietet eine einzigartige Wendung f\u00fcr die gr\u00f6\u00dfte Designbewegung des letzten Jahres-es h\u00e4lt den Look f\u00fcr 2025 am Leben\"}]},{\"@type\":\"WebSite\",\"@id\":\"https:\\\/\\\/www.strassenweb.de\\\/nachrichten\\\/#website\",\"url\":\"https:\\\/\\\/www.strassenweb.de\\\/nachrichten\\\/\",\"name\":\"Stra\u00dfenweb\",\"description\":\"Stra\u00dfenverzeichnis f\u00fcr Deutschland\",\"publisher\":{\"@id\":\"https:\\\/\\\/www.strassenweb.de\\\/nachrichten\\\/#organization\"},\"potentialAction\":[{\"@type\":\"SearchAction\",\"target\":{\"@type\":\"EntryPoint\",\"urlTemplate\":\"https:\\\/\\\/www.strassenweb.de\\\/nachrichten\\\/?s={search_term_string}\"},\"query-input\":{\"@type\":\"PropertyValueSpecification\",\"valueRequired\":true,\"valueName\":\"search_term_string\"}}],\"inLanguage\":\"de\"},{\"@type\":\"Organization\",\"@id\":\"https:\\\/\\\/www.strassenweb.de\\\/nachrichten\\\/#organization\",\"name\":\"Stra\u00dfenweb\",\"url\":\"https:\\\/\\\/www.strassenweb.de\\\/nachrichten\\\/\",\"logo\":{\"@type\":\"ImageObject\",\"inLanguage\":\"de\",\"@id\":\"https:\\\/\\\/www.strassenweb.de\\\/nachrichten\\\/#\\\/schema\\\/logo\\\/image\\\/\",\"url\":\"https:\\\/\\\/www.strassenweb.de\\\/nachrichten\\\/wp-content\\\/uploads\\\/2024\\\/09\\\/cropped-favicon.png\",\"contentUrl\":\"https:\\\/\\\/www.strassenweb.de\\\/nachrichten\\\/wp-content\\\/uploads\\\/2024\\\/09\\\/cropped-favicon.png\",\"width\":512,\"height\":512,\"caption\":\"Stra\u00dfenweb\"},\"image\":{\"@id\":\"https:\\\/\\\/www.strassenweb.de\\\/nachrichten\\\/#\\\/schema\\\/logo\\\/image\\\/\"},\"sameAs\":[\"https:\\\/\\\/www.facebook.com\\\/strassenweb\\\/\"]},{\"@type\":\"Person\",\"@id\":\"https:\\\/\\\/www.strassenweb.de\\\/nachrichten\\\/#\\\/schema\\\/person\\\/87c9c9067f1211da429a744dc5a5aa41\",\"name\":\"Robert Hoffmann\",\"image\":{\"@type\":\"ImageObject\",\"inLanguage\":\"de\",\"@id\":\"https:\\\/\\\/www.strassenweb.de\\\/nachrichten\\\/wp-content\\\/uploads\\\/2024\\\/09\\\/strassenweb-150x150.jpg\",\"url\":\"https:\\\/\\\/www.strassenweb.de\\\/nachrichten\\\/wp-content\\\/uploads\\\/2024\\\/09\\\/strassenweb-150x150.jpg\",\"contentUrl\":\"https:\\\/\\\/www.strassenweb.de\\\/nachrichten\\\/wp-content\\\/uploads\\\/2024\\\/09\\\/strassenweb-150x150.jpg\",\"caption\":\"Robert Hoffmann\"},\"description\":\"Ich hei\u00dfe Robert Hoffmann und ich bin ein leidenschaftlicher Verfechter von \u00d6kologie und Biodiversit\u00e4t. Seit meiner Kindheit in den W\u00e4ldern Bayerns f\u00fchle ich mich mit der Natur verbunden und bin entschlossen, sie zu sch\u00fctzen. Heute widme ich mein Leben der Sensibilisierung anderer f\u00fcr die Bedeutung des Umweltschutzes f\u00fcr zuk\u00fcnftige Generationen.\",\"sameAs\":[\"https:\\\/\\\/www.strassenweb.de\\\/\"]}]}<\/script>\n<!-- \/ Yoast SEO plugin. -->","yoast_head_json":{"title":"Claudia Schiffers Buchregale im Cubby-Stil bietet eine einzigartige Wendung f\u00fcr die gr\u00f6\u00dfte Designbewegung des letzten Jahres-es h\u00e4lt den Look f\u00fcr 2025 am Leben - Nachrichten - Stra\u00dfenweb","robots":{"index":"index","follow":"follow","max-snippet":"max-snippet:-1","max-image-preview":"max-image-preview:large","max-video-preview":"max-video-preview:-1"},"canonical":"https:\/\/www.strassenweb.de\/nachrichten\/claudia-schiffers-buchregale-im-cubby-stil-bietet-eine-einzigartige-wendung-fuer-die-groesste-designbewegung-des-letzten-jahres-es-haelt-den-look-fuer-2025-am-leben\/","og_locale":"de_DE","og_type":"article","og_title":"Claudia Schiffers Buchregale im Cubby-Stil bietet eine einzigartige Wendung f\u00fcr die gr\u00f6\u00dfte Designbewegung des letzten Jahres-es h\u00e4lt den Look f\u00fcr 2025 am Leben - Nachrichten - Stra\u00dfenweb","og_description":"Ein gut gestaltetes B\u00fccherregal ist ein Mittelpunkt eines beliebigen Raums. Unabh\u00e4ngig davon, ob Sie in eingebaute Holzregale oder wei\u00dfe schwimmende Regale verf\u00fcgen, ist es eine","og_url":"https:\/\/www.strassenweb.de\/nachrichten\/claudia-schiffers-buchregale-im-cubby-stil-bietet-eine-einzigartige-wendung-fuer-die-groesste-designbewegung-des-letzten-jahres-es-haelt-den-look-fuer-2025-am-leben\/","og_site_name":"Stra\u00dfenweb","article_publisher":"https:\/\/www.facebook.com\/strassenweb\/","article_published_time":"2025-03-22T22:40:06+00:00","article_modified_time":"2025-03-22T22:40:07+00:00","og_image":[{"width":1200,"height":675,"url":"https:\/\/www.strassenweb.de\/nachrichten\/wp-content\/uploads\/2025\/03\/Claudia-Schiffers-Buchregale-im-Cubby-Stil-bietet-eine-einzigartige-Wendung-fuer.jpg","type":"image\/jpeg"}],"author":"Robert Hoffmann","twitter_card":"summary_large_image","twitter_misc":{"Verfasst von":"Robert Hoffmann","Gesch\u00e4tzte Lesezeit":"3\u00a0Minuten"},"schema":{"@context":"https:\/\/schema.org","@graph":[{"@type":"Article","@id":"https:\/\/www.strassenweb.de\/nachrichten\/claudia-schiffers-buchregale-im-cubby-stil-bietet-eine-einzigartige-wendung-fuer-die-groesste-designbewegung-des-letzten-jahres-es-haelt-den-look-fuer-2025-am-leben\/#article","isPartOf":{"@id":"https:\/\/www.strassenweb.de\/nachrichten\/claudia-schiffers-buchregale-im-cubby-stil-bietet-eine-einzigartige-wendung-fuer-die-groesste-designbewegung-des-letzten-jahres-es-haelt-den-look-fuer-2025-am-leben\/"},"author":{"name":"Robert Hoffmann","@id":"https:\/\/www.strassenweb.de\/nachrichten\/#\/schema\/person\/87c9c9067f1211da429a744dc5a5aa41"},"headline":"Claudia Schiffers Buchregale im Cubby-Stil bietet eine einzigartige Wendung f\u00fcr die gr\u00f6\u00dfte Designbewegung des letzten Jahres-es h\u00e4lt den Look f\u00fcr 2025 am Leben","datePublished":"2025-03-22T22:40:06+00:00","dateModified":"2025-03-22T22:40:07+00:00","mainEntityOfPage":{"@id":"https:\/\/www.strassenweb.de\/nachrichten\/claudia-schiffers-buchregale-im-cubby-stil-bietet-eine-einzigartige-wendung-fuer-die-groesste-designbewegung-des-letzten-jahres-es-haelt-den-look-fuer-2025-am-leben\/"},"wordCount":575,"publisher":{"@id":"https:\/\/www.strassenweb.de\/nachrichten\/#organization"},"image":{"@id":"https:\/\/www.strassenweb.de\/nachrichten\/claudia-schiffers-buchregale-im-cubby-stil-bietet-eine-einzigartige-wendung-fuer-die-groesste-designbewegung-des-letzten-jahres-es-haelt-den-look-fuer-2025-am-leben\/#primaryimage"},"thumbnailUrl":"https:\/\/www.strassenweb.de\/nachrichten\/wp-content\/uploads\/2025\/03\/Claudia-Schiffers-Buchregale-im-Cubby-Stil-bietet-eine-einzigartige-Wendung-fuer.jpg","keywords":["bietet","Buchregale","Claudia","CubbyStil","den","des","Designbewegung","die","eine","einzigartige","f\u00fcr","gr\u00f6\u00dfte","h\u00e4lt","Jahreses","leben","letzten","Schiffers","Wendung"],"articleSection":["Haus &amp; Garten"],"inLanguage":"de"},{"@type":"WebPage","@id":"https:\/\/www.strassenweb.de\/nachrichten\/claudia-schiffers-buchregale-im-cubby-stil-bietet-eine-einzigartige-wendung-fuer-die-groesste-designbewegung-des-letzten-jahres-es-haelt-den-look-fuer-2025-am-leben\/","url":"https:\/\/www.strassenweb.de\/nachrichten\/claudia-schiffers-buchregale-im-cubby-stil-bietet-eine-einzigartige-wendung-fuer-die-groesste-designbewegung-des-letzten-jahres-es-haelt-den-look-fuer-2025-am-leben\/","name":"Claudia Schiffers Buchregale im Cubby-Stil bietet eine einzigartige Wendung f\u00fcr die gr\u00f6\u00dfte Designbewegung des letzten Jahres-es h\u00e4lt den Look f\u00fcr 2025 am Leben - Nachrichten - Stra\u00dfenweb","isPartOf":{"@id":"https:\/\/www.strassenweb.de\/nachrichten\/#website"},"primaryImageOfPage":{"@id":"https:\/\/www.strassenweb.de\/nachrichten\/claudia-schiffers-buchregale-im-cubby-stil-bietet-eine-einzigartige-wendung-fuer-die-groesste-designbewegung-des-letzten-jahres-es-haelt-den-look-fuer-2025-am-leben\/#primaryimage"},"image":{"@id":"https:\/\/www.strassenweb.de\/nachrichten\/claudia-schiffers-buchregale-im-cubby-stil-bietet-eine-einzigartige-wendung-fuer-die-groesste-designbewegung-des-letzten-jahres-es-haelt-den-look-fuer-2025-am-leben\/#primaryimage"},"thumbnailUrl":"https:\/\/www.strassenweb.de\/nachrichten\/wp-content\/uploads\/2025\/03\/Claudia-Schiffers-Buchregale-im-Cubby-Stil-bietet-eine-einzigartige-Wendung-fuer.jpg","datePublished":"2025-03-22T22:40:06+00:00","dateModified":"2025-03-22T22:40:07+00:00","breadcrumb":{"@id":"https:\/\/www.strassenweb.de\/nachrichten\/claudia-schiffers-buchregale-im-cubby-stil-bietet-eine-einzigartige-wendung-fuer-die-groesste-designbewegung-des-letzten-jahres-es-haelt-den-look-fuer-2025-am-leben\/#breadcrumb"},"inLanguage":"de","potentialAction":[{"@type":"ReadAction","target":["https:\/\/www.strassenweb.de\/nachrichten\/claudia-schiffers-buchregale-im-cubby-stil-bietet-eine-einzigartige-wendung-fuer-die-groesste-designbewegung-des-letzten-jahres-es-haelt-den-look-fuer-2025-am-leben\/"]}]},{"@type":"ImageObject","inLanguage":"de","@id":"https:\/\/www.strassenweb.de\/nachrichten\/claudia-schiffers-buchregale-im-cubby-stil-bietet-eine-einzigartige-wendung-fuer-die-groesste-designbewegung-des-letzten-jahres-es-haelt-den-look-fuer-2025-am-leben\/#primaryimage","url":"https:\/\/www.strassenweb.de\/nachrichten\/wp-content\/uploads\/2025\/03\/Claudia-Schiffers-Buchregale-im-Cubby-Stil-bietet-eine-einzigartige-Wendung-fuer.jpg","contentUrl":"https:\/\/www.strassenweb.de\/nachrichten\/wp-content\/uploads\/2025\/03\/Claudia-Schiffers-Buchregale-im-Cubby-Stil-bietet-eine-einzigartige-Wendung-fuer.jpg","width":1200,"height":675,"caption":"Claudia Schiffers Buchregale im Cubby-Stil bietet eine einzigartige Wendung f\u00fcr die gr\u00f6\u00dfte Designbewegung des letzten Jahres-es h\u00e4lt den Look f\u00fcr 2025 am Leben"},{"@type":"BreadcrumbList","@id":"https:\/\/www.strassenweb.de\/nachrichten\/claudia-schiffers-buchregale-im-cubby-stil-bietet-eine-einzigartige-wendung-fuer-die-groesste-designbewegung-des-letzten-jahres-es-haelt-den-look-fuer-2025-am-leben\/#breadcrumb","itemListElement":[{"@type":"ListItem","position":1,"name":"Home","item":"https:\/\/www.strassenweb.de\/nachrichten\/"},{"@type":"ListItem","position":2,"name":"Claudia Schiffers Buchregale im Cubby-Stil bietet eine einzigartige Wendung f\u00fcr die gr\u00f6\u00dfte Designbewegung des letzten Jahres-es h\u00e4lt den Look f\u00fcr 2025 am Leben"}]},{"@type":"WebSite","@id":"https:\/\/www.strassenweb.de\/nachrichten\/#website","url":"https:\/\/www.strassenweb.de\/nachrichten\/","name":"Stra\u00dfenweb","description":"Stra\u00dfenverzeichnis f\u00fcr Deutschland","publisher":{"@id":"https:\/\/www.strassenweb.de\/nachrichten\/#organization"},"potentialAction":[{"@type":"SearchAction","target":{"@type":"EntryPoint","urlTemplate":"https:\/\/www.strassenweb.de\/nachrichten\/?s={search_term_string}"},"query-input":{"@type":"PropertyValueSpecification","valueRequired":true,"valueName":"search_term_string"}}],"inLanguage":"de"},{"@type":"Organization","@id":"https:\/\/www.strassenweb.de\/nachrichten\/#organization","name":"Stra\u00dfenweb","url":"https:\/\/www.strassenweb.de\/nachrichten\/","logo":{"@type":"ImageObject","inLanguage":"de","@id":"https:\/\/www.strassenweb.de\/nachrichten\/#\/schema\/logo\/image\/","url":"https:\/\/www.strassenweb.de\/nachrichten\/wp-content\/uploads\/2024\/09\/cropped-favicon.png","contentUrl":"https:\/\/www.strassenweb.de\/nachrichten\/wp-content\/uploads\/2024\/09\/cropped-favicon.png","width":512,"height":512,"caption":"Stra\u00dfenweb"},"image":{"@id":"https:\/\/www.strassenweb.de\/nachrichten\/#\/schema\/logo\/image\/"},"sameAs":["https:\/\/www.facebook.com\/strassenweb\/"]},{"@type":"Person","@id":"https:\/\/www.strassenweb.de\/nachrichten\/#\/schema\/person\/87c9c9067f1211da429a744dc5a5aa41","name":"Robert Hoffmann","image":{"@type":"ImageObject","inLanguage":"de","@id":"https:\/\/www.strassenweb.de\/nachrichten\/wp-content\/uploads\/2024\/09\/strassenweb-150x150.jpg","url":"https:\/\/www.strassenweb.de\/nachrichten\/wp-content\/uploads\/2024\/09\/strassenweb-150x150.jpg","contentUrl":"https:\/\/www.strassenweb.de\/nachrichten\/wp-content\/uploads\/2024\/09\/strassenweb-150x150.jpg","caption":"Robert Hoffmann"},"description":"Ich hei\u00dfe Robert Hoffmann und ich bin ein leidenschaftlicher Verfechter von \u00d6kologie und Biodiversit\u00e4t. Seit meiner Kindheit in den W\u00e4ldern Bayerns f\u00fchle ich mich mit der Natur verbunden und bin entschlossen, sie zu sch\u00fctzen. Heute widme ich mein Leben der Sensibilisierung anderer f\u00fcr die Bedeutung des Umweltschutzes f\u00fcr zuk\u00fcnftige Generationen.","sameAs":["https:\/\/www.strassenweb.de\/"]}]}},"_links":{"self":[{"href":"https:\/\/www.strassenweb.de\/nachrichten\/wp-json\/wp\/v2\/posts\/4052","targetHints":{"allow":["GET"]}}],"collection":[{"href":"https:\/\/www.strassenweb.de\/nachrichten\/wp-json\/wp\/v2\/posts"}],"about":[{"href":"https:\/\/www.strassenweb.de\/nachrichten\/wp-json\/wp\/v2\/types\/post"}],"author":[{"embeddable":true,"href":"https:\/\/www.strassenweb.de\/nachrichten\/wp-json\/wp\/v2\/users\/1"}],"replies":[{"embeddable":true,"href":"https:\/\/www.strassenweb.de\/nachrichten\/wp-json\/wp\/v2\/comments?post=4052"}],"version-history":[{"count":0,"href":"https:\/\/www.strassenweb.de\/nachrichten\/wp-json\/wp\/v2\/posts\/4052\/revisions"}],"wp:featuredmedia":[{"embeddable":true,"href":"https:\/\/www.strassenweb.de\/nachrichten\/wp-json\/wp\/v2\/media\/4053"}],"wp:attachment":[{"href":"https:\/\/www.strassenweb.de\/nachrichten\/wp-json\/wp\/v2\/media?parent=4052"}],"wp:term":[{"taxonomy":"category","embeddable":true,"href":"https:\/\/www.strassenweb.de\/nachrichten\/wp-json\/wp\/v2\/categories?post=4052"},{"taxonomy":"post_tag","embeddable":true,"href":"https:\/\/www.strassenweb.de\/nachrichten\/wp-json\/wp\/v2\/tags?post=4052"}],"curies":[{"name":"wp","href":"https:\/\/api.w.org\/{rel}","templated":true}]}}