{"id":405,"date":"2024-09-29T04:41:21","date_gmt":"2024-09-29T02:41:21","guid":{"rendered":"https:\/\/www.strassenweb.de\/nachrichten\/wohin-die-wespen-im-vereinigten-koenigreich-verschwunden-sind-und-warum-sie-ihre-hilfe-brauchen\/"},"modified":"2024-09-29T04:41:22","modified_gmt":"2024-09-29T02:41:22","slug":"wohin-die-wespen-im-vereinigten-koenigreich-verschwunden-sind-und-warum-sie-ihre-hilfe-brauchen","status":"publish","type":"post","link":"https:\/\/www.strassenweb.de\/nachrichten\/wohin-die-wespen-im-vereinigten-koenigreich-verschwunden-sind-und-warum-sie-ihre-hilfe-brauchen\/","title":{"rendered":"Wohin die Wespen im Vereinigten K\u00f6nigreich verschwunden sind und warum sie Ihre Hilfe brauchen"},"content":{"rendered":"<figure class=\"wp-block-image\"><\/figure>\n<p>Seirian Sumner, <em>UCL<\/em><\/p>\n<p>Mir macht es Angst, Ende August Urlaub zu machen, weil es die einzige Zeit im Jahr ist, in der die Menschen (und die Medien) im Vereinigten K\u00f6nigreich offenbar \u00fcber Wespen sprechen wollen, und ich habe meine Karriere damit verbracht, die Meinung der Menschen \u00fcber diese faszinierenden Dinge zu \u00e4ndern Insekten.<\/p>\n<p>Typischerweise erreicht die Wespenhysterie-Saison in Gro\u00dfbritannien ihren H\u00f6hepunkt um den August-Feiertag herum, wenn wir das letzte Essen im Freien aus dem Sommer herausholen. Unweigerlich kommen auch ein oder zwei Wespen vorbei. Die Medien folgen mit Schlagzeilen zum Thema Wespenangriff. Meine Kollegen und ich verteidigen Wespen, sprechen \u00fcber ihre wichtige Rolle in \u00d6kosystemen als Sch\u00e4dlingsbek\u00e4mpfer und Best\u00e4uber und erkl\u00e4ren, wie ihre Lebensgeschichte ihr Verhalten erkl\u00e4rt.<\/p>\n<p>Aber dieses Jahr lauteten die Schlagzeilen: \u201eWo sind all die Wespen geblieben?\u201c und \u201eWarum wir uns Sorgen machen sollten, wenn die Wespen zur\u00fcckgehen\u201c. Ich war \u00fcberrascht und erfreut, ein solches Interesse an einem unserer am meisten verleumdeten Insekten zu sehen.<\/p>\n<p>Alle Insekten \u2013 auch Wespen \u2013 sind wichtige Teile der Natur, die Pflege und Sorge verdienen. Endlich scheint diese Botschaft angekommen zu sein. Einige der in diesen Medienartikeln verwendeten Daten vermitteln den Lesern jedoch m\u00f6glicherweise einen falschen Eindruck dar\u00fcber, was mit unseren Wespen passiert ist.<\/p>\n<h2 class=\"wp-block-heading\">Wir wissen, wohin die Wespen gegangen sind<\/h2>\n<p>Wir wissen genug \u00fcber die Lebensgeschichte dieser Insekten, um den Mangel an Wespen in diesem Sommer zu erkl\u00e4ren.<\/p>\n<p>Die Wespenpopulationen schwanken von Jahr zu Jahr. Fr\u00fcher gingen Wissenschaftler davon aus, dass es bei Wespenpopulationen einen zwei- oder siebenj\u00e4hrigen Zyklus von \u00dcberfluss und Knappheit geben k\u00f6nnte. Allerdings zeigen 39-j\u00e4hrige Daten aus Gro\u00dfbritannien, die 2017 ver\u00f6ffentlicht wurden, dass dies haupts\u00e4chlich auf das Fr\u00fchlingswetter zur\u00fcckzuf\u00fchren ist.<\/p>\n<p>Wespenk\u00f6niginnen gr\u00fcnden alleine eine neue Kolonie, sammeln Holzbrei, um ein papierartiges Nest zu bauen, und jagen Beute, um ihre erste Brut zu f\u00fcttern. Wenn die Weibchen als Erwachsene br\u00fcten, \u00fcbernehmen sie h\u00e4usliche Aufgaben. In einem durchschnittlichen Jahr \u00fcberleben nur 6\u20139 % der Kolonien bis in den Sommer hinein. Ein kalter, nasser Fr\u00fchling erschwert der K\u00f6nigin die Nahrungssuche. Und wenn sie stirbt, bevor ihre ersten Arbeiter auftauchen, ist die Kolonie dem Untergang geweiht.<\/p>\n<figure class=\"wp-block-image\"><img decoding=\"async\" src=\"https:\/\/www.strassenweb.de\/nachrichten\/wp-content\/uploads\/2024\/09\/Wohin-die-Wespen-im-Vereinigten-Koenigreich-verschwunden-sind-und-warum.0&#038;q=45&#038;auto=format&#038;w=754&#038;fit=clip.jpeg\" alt=\"Wespe sitzt in rosa Blume.\"><\/figure>\n<p>Auch die Lebewesen, die Wespen fressen \u2013 Fliegen, Raupen, K\u00e4fer, Bienen und andere Wirbellose \u2013, werden vom Wetter beeinflusst. Ein schlechter Fr\u00fchling ist also ein doppelter Schlag f\u00fcr Wespen. Und genau das ist diesen Sommer passiert.<\/p>\n<p>Es besteht kein Zweifel, dass die Insektenpopulationen weltweit zur\u00fcckgehen, was auf Pestizide, Herbizide und Ver\u00e4nderungen in der Landnutzung zur\u00fcckzuf\u00fchren ist. Eine Studie italienischer Forscher aus dem Jahr 2024 zeigte, wie die Exposition gegen\u00fcber Pestiziden und anderen Schadstoffen das Verhalten und die Entwicklung von Wespen ver\u00e4ndert.<\/p>\n<p>Es ist jedoch wichtig, zwischen den saisonalen Auswirkungen des Wetters und den langfristigen Auswirkungen des Klimawandels (zusammen mit der \u00c4nderung der Landnutzung) zu unterscheiden. Nat\u00fcrlich h\u00e4ngen sie zusammen: Der Klimawandel f\u00fchrt zu extremeren, unvorhersehbareren Wetterbedingungen. Ein paar schlechte (oder gute) Jahre hintereinander k\u00f6nnen zu erheblichen Ver\u00e4nderungen im Insektenreichtum f\u00fchren. Es ist jedoch unklug, eine Insektenpopulation anhand eines einzelnen Jahres zu beurteilen.<\/p>\n<p>F\u00fcr Wespen liegen uns viel weniger langfristige Daten zur H\u00e4ufigkeit vor als f\u00fcr Bienen, Schmetterlinge, Motten und K\u00e4fer.<\/p>\n<p>Nur zwei Studien haben versucht, Daten \u00fcber Populationen von Wespen (Gelbwesten und Hornissen) \u00fcber mehrere Jahre hinweg zu analysieren. In einer Studie wurden \u00fcber einen Zeitraum von 39 Jahren Wespen an drei Standorten im Vereinigten K\u00f6nigreich beprobt und Aufschluss dar\u00fcber gegeben, wie sich das Wetter auf Wespen auswirkt. Die andere Studie kombinierte Museumsprobendaten mit Amateuraufzeichnungsdaten (von BWARS \u2013 Bees, Wasps, Ants Recording Scheme) und legte nahe, dass Landnutzung und Klimawandel wahrscheinlich Treiber f\u00fcr Ver\u00e4nderungen in den Populationen einiger Arten im Vereinigten K\u00f6nigreich sind (z. B. der Europ\u00e4ischen Hornisse). ), w\u00e4hrend andere Arten (die Gelbweste und die Deutsche Wespe) im letzten Jahrhundert weitgehend stabil geblieben sind.<\/p>\n<p>Dies deutet darauf hin, dass unterschiedliche Faktoren verschiedene Wespenarten beeinflussen. Einige Arten sind m\u00f6glicherweise widerstandsf\u00e4higer gegen\u00fcber vom Menschen verursachten Ver\u00e4nderungen als andere, was m\u00f6glicherweise auf ihre Ausbreitungsmuster und ihre Brutbiologie zur\u00fcckzuf\u00fchren ist.<\/p>\n<h2 class=\"wp-block-heading\">Sie k\u00f6nnen helfen<\/h2>\n<p>Wir ben\u00f6tigen bessere Daten \u00fcber Wespen aus verschiedenen Landschaften und Regionen, um die Faktoren zu bestimmen, die Wespen widerstandsf\u00e4hig \u2013 oder anf\u00e4llig \u2013 gegen\u00fcber den kombinierten Auswirkungen von Wetter-, Klima- und Landnutzungs\u00e4nderungen machen. Zwei \u00dcberwachungssysteme tun dies und Sie k\u00f6nnen als B\u00fcrgerwissenschaftler einen Beitrag leisten.<\/p>\n<p>Das UK Pollinator Monitoring Scheme (PoMS) l\u00e4dt Menschen dazu ein, Insekten, einschlie\u00dflich Wespen, die sie in Bl\u00fctenbeeten sehen, w\u00e4hrend zehnmin\u00fctiger Z\u00e4hlungen zu erfassen. Jeder kann jedes Jahr zwischen April und September \u00fcber seine mobile App oder ein Aufnahmeformular teilnehmen.<\/p>\n<p>Die Big Wasp Survey konzentriert sich auf Wespen \u2013 Wespen und Hornissen. Die Menschen werden gebeten, eine einfache Wespenfalle zu bauen und diese eine Woche lang in ihrem Garten aufzuh\u00e4ngen. Die Website hilft Menschen, die von ihnen gefangenen Wespen zu identifizieren und ihre Daten zu \u00fcbermitteln. Es l\u00e4uft vom 31. August bis 14. September. Jeder im Vereinigten K\u00f6nigreich kann teilnehmen.<\/p>\n<p>Wespen sind Spitzenpr\u00e4datoren, genau wie L\u00f6wen in der afrikanischen Savanne. Wenn L\u00f6wen verschwinden w\u00fcrden, w\u00e4ren alle Organismen in diesem \u00d6kosystem betroffen. Je mehr wir also \u00fcber Wespen wissen, desto effektiver k\u00f6nnen wir unsere \u00d6kosysteme sch\u00fctzen.<\/p>\n<p>Seirian Sumner, Professor f\u00fcr Verhaltens\u00f6kologie, <em>UCL<\/em><\/p>\n<p>  wird von The Conversation unter einer Creative Commons-Lizenz erneut ver\u00f6ffentlicht. <\/p>\n","protected":false},"excerpt":{"rendered":"<p>Seirian Sumner, UCL Mir macht es Angst, Ende August Urlaub zu machen, weil es die einzige Zeit im Jahr ist, in der die Menschen (und<\/p>\n","protected":false},"author":1,"featured_media":406,"comment_status":"closed","ping_status":"","sticky":false,"template":"","format":"standard","meta":{"footnotes":""},"categories":[101],"tags":[822,9,695,225,271,165,58,37,270,821,744,820,819],"class_list":["post-405","post","type-post","status-publish","format-standard","has-post-thumbnail","hentry","category-oekologie","tag-brauchen","tag-die","tag-hilfe","tag-ihre","tag-koenigreich","tag-sie","tag-sind","tag-und","tag-vereinigten","tag-verschwunden","tag-warum","tag-wespen","tag-wohin","generate-columns","tablet-grid-50","mobile-grid-100","grid-parent","grid-50"],"yoast_head":"<!-- This site is optimized with the Yoast SEO plugin v27.3 - https:\/\/yoast.com\/product\/yoast-seo-wordpress\/ -->\n<title>Wohin die Wespen im Vereinigten K\u00f6nigreich verschwunden sind und warum sie Ihre Hilfe brauchen - Nachrichten - Stra\u00dfenweb<\/title>\n<meta name=\"robots\" content=\"index, follow, max-snippet:-1, max-image-preview:large, max-video-preview:-1\" \/>\n<link rel=\"canonical\" href=\"https:\/\/www.strassenweb.de\/nachrichten\/wohin-die-wespen-im-vereinigten-koenigreich-verschwunden-sind-und-warum-sie-ihre-hilfe-brauchen\/\" \/>\n<meta property=\"og:locale\" content=\"de_DE\" \/>\n<meta property=\"og:type\" content=\"article\" \/>\n<meta property=\"og:title\" content=\"Wohin die Wespen im Vereinigten K\u00f6nigreich verschwunden sind und warum sie Ihre Hilfe brauchen - Nachrichten - Stra\u00dfenweb\" \/>\n<meta property=\"og:description\" content=\"Seirian Sumner, UCL Mir macht es Angst, Ende August Urlaub zu machen, weil es die einzige Zeit im Jahr ist, in der die Menschen (und\" \/>\n<meta property=\"og:url\" content=\"https:\/\/www.strassenweb.de\/nachrichten\/wohin-die-wespen-im-vereinigten-koenigreich-verschwunden-sind-und-warum-sie-ihre-hilfe-brauchen\/\" \/>\n<meta property=\"og:site_name\" content=\"Stra\u00dfenweb\" \/>\n<meta property=\"article:publisher\" content=\"https:\/\/www.facebook.com\/strassenweb\/\" \/>\n<meta property=\"article:published_time\" content=\"2024-09-29T02:41:21+00:00\" \/>\n<meta property=\"article:modified_time\" content=\"2024-09-29T02:41:22+00:00\" \/>\n<meta property=\"og:image\" content=\"https:\/\/www.strassenweb.de\/nachrichten\/wp-content\/uploads\/2024\/09\/Wohin-die-Wespen-im-Vereinigten-Koenigreich-verschwunden-sind-und-warum.jpg\" \/>\n\t<meta property=\"og:image:width\" content=\"754\" \/>\n\t<meta property=\"og:image:height\" content=\"503\" \/>\n\t<meta property=\"og:image:type\" content=\"image\/jpeg\" \/>\n<meta name=\"author\" content=\"Robert Hoffmann\" \/>\n<meta name=\"twitter:card\" content=\"summary_large_image\" \/>\n<meta name=\"twitter:label1\" content=\"Verfasst von\" \/>\n\t<meta name=\"twitter:data1\" content=\"Robert Hoffmann\" \/>\n\t<meta name=\"twitter:label2\" content=\"Gesch\u00e4tzte Lesezeit\" \/>\n\t<meta name=\"twitter:data2\" content=\"5\u00a0Minuten\" \/>\n<script type=\"application\/ld+json\" class=\"yoast-schema-graph\">{\"@context\":\"https:\\\/\\\/schema.org\",\"@graph\":[{\"@type\":\"Article\",\"@id\":\"https:\\\/\\\/www.strassenweb.de\\\/nachrichten\\\/wohin-die-wespen-im-vereinigten-koenigreich-verschwunden-sind-und-warum-sie-ihre-hilfe-brauchen\\\/#article\",\"isPartOf\":{\"@id\":\"https:\\\/\\\/www.strassenweb.de\\\/nachrichten\\\/wohin-die-wespen-im-vereinigten-koenigreich-verschwunden-sind-und-warum-sie-ihre-hilfe-brauchen\\\/\"},\"author\":{\"name\":\"Robert Hoffmann\",\"@id\":\"https:\\\/\\\/www.strassenweb.de\\\/nachrichten\\\/#\\\/schema\\\/person\\\/87c9c9067f1211da429a744dc5a5aa41\"},\"headline\":\"Wohin die Wespen im Vereinigten K\u00f6nigreich verschwunden sind und warum sie Ihre Hilfe brauchen\",\"datePublished\":\"2024-09-29T02:41:21+00:00\",\"dateModified\":\"2024-09-29T02:41:22+00:00\",\"mainEntityOfPage\":{\"@id\":\"https:\\\/\\\/www.strassenweb.de\\\/nachrichten\\\/wohin-die-wespen-im-vereinigten-koenigreich-verschwunden-sind-und-warum-sie-ihre-hilfe-brauchen\\\/\"},\"wordCount\":927,\"publisher\":{\"@id\":\"https:\\\/\\\/www.strassenweb.de\\\/nachrichten\\\/#organization\"},\"image\":{\"@id\":\"https:\\\/\\\/www.strassenweb.de\\\/nachrichten\\\/wohin-die-wespen-im-vereinigten-koenigreich-verschwunden-sind-und-warum-sie-ihre-hilfe-brauchen\\\/#primaryimage\"},\"thumbnailUrl\":\"https:\\\/\\\/www.strassenweb.de\\\/nachrichten\\\/wp-content\\\/uploads\\\/2024\\\/09\\\/Wohin-die-Wespen-im-Vereinigten-Koenigreich-verschwunden-sind-und-warum.jpg\",\"keywords\":[\"brauchen\",\"die\",\"Hilfe\",\"ihre\",\"K\u00f6nigreich\",\"Sie\",\"sind\",\"und\",\"Vereinigten\",\"verschwunden\",\"warum\",\"Wespen\",\"Wohin\"],\"articleSection\":[\"\u00d6kologie\"],\"inLanguage\":\"de\"},{\"@type\":\"WebPage\",\"@id\":\"https:\\\/\\\/www.strassenweb.de\\\/nachrichten\\\/wohin-die-wespen-im-vereinigten-koenigreich-verschwunden-sind-und-warum-sie-ihre-hilfe-brauchen\\\/\",\"url\":\"https:\\\/\\\/www.strassenweb.de\\\/nachrichten\\\/wohin-die-wespen-im-vereinigten-koenigreich-verschwunden-sind-und-warum-sie-ihre-hilfe-brauchen\\\/\",\"name\":\"Wohin die Wespen im Vereinigten K\u00f6nigreich verschwunden sind und warum sie Ihre Hilfe brauchen - Nachrichten - Stra\u00dfenweb\",\"isPartOf\":{\"@id\":\"https:\\\/\\\/www.strassenweb.de\\\/nachrichten\\\/#website\"},\"primaryImageOfPage\":{\"@id\":\"https:\\\/\\\/www.strassenweb.de\\\/nachrichten\\\/wohin-die-wespen-im-vereinigten-koenigreich-verschwunden-sind-und-warum-sie-ihre-hilfe-brauchen\\\/#primaryimage\"},\"image\":{\"@id\":\"https:\\\/\\\/www.strassenweb.de\\\/nachrichten\\\/wohin-die-wespen-im-vereinigten-koenigreich-verschwunden-sind-und-warum-sie-ihre-hilfe-brauchen\\\/#primaryimage\"},\"thumbnailUrl\":\"https:\\\/\\\/www.strassenweb.de\\\/nachrichten\\\/wp-content\\\/uploads\\\/2024\\\/09\\\/Wohin-die-Wespen-im-Vereinigten-Koenigreich-verschwunden-sind-und-warum.jpg\",\"datePublished\":\"2024-09-29T02:41:21+00:00\",\"dateModified\":\"2024-09-29T02:41:22+00:00\",\"breadcrumb\":{\"@id\":\"https:\\\/\\\/www.strassenweb.de\\\/nachrichten\\\/wohin-die-wespen-im-vereinigten-koenigreich-verschwunden-sind-und-warum-sie-ihre-hilfe-brauchen\\\/#breadcrumb\"},\"inLanguage\":\"de\",\"potentialAction\":[{\"@type\":\"ReadAction\",\"target\":[\"https:\\\/\\\/www.strassenweb.de\\\/nachrichten\\\/wohin-die-wespen-im-vereinigten-koenigreich-verschwunden-sind-und-warum-sie-ihre-hilfe-brauchen\\\/\"]}]},{\"@type\":\"ImageObject\",\"inLanguage\":\"de\",\"@id\":\"https:\\\/\\\/www.strassenweb.de\\\/nachrichten\\\/wohin-die-wespen-im-vereinigten-koenigreich-verschwunden-sind-und-warum-sie-ihre-hilfe-brauchen\\\/#primaryimage\",\"url\":\"https:\\\/\\\/www.strassenweb.de\\\/nachrichten\\\/wp-content\\\/uploads\\\/2024\\\/09\\\/Wohin-die-Wespen-im-Vereinigten-Koenigreich-verschwunden-sind-und-warum.jpg\",\"contentUrl\":\"https:\\\/\\\/www.strassenweb.de\\\/nachrichten\\\/wp-content\\\/uploads\\\/2024\\\/09\\\/Wohin-die-Wespen-im-Vereinigten-Koenigreich-verschwunden-sind-und-warum.jpg\",\"width\":754,\"height\":503,\"caption\":\"Wohin die Wespen im Vereinigten K\u00f6nigreich verschwunden sind und warum sie Ihre Hilfe brauchen\"},{\"@type\":\"BreadcrumbList\",\"@id\":\"https:\\\/\\\/www.strassenweb.de\\\/nachrichten\\\/wohin-die-wespen-im-vereinigten-koenigreich-verschwunden-sind-und-warum-sie-ihre-hilfe-brauchen\\\/#breadcrumb\",\"itemListElement\":[{\"@type\":\"ListItem\",\"position\":1,\"name\":\"Home\",\"item\":\"https:\\\/\\\/www.strassenweb.de\\\/nachrichten\\\/\"},{\"@type\":\"ListItem\",\"position\":2,\"name\":\"Wohin die Wespen im Vereinigten K\u00f6nigreich verschwunden sind und warum sie Ihre Hilfe brauchen\"}]},{\"@type\":\"WebSite\",\"@id\":\"https:\\\/\\\/www.strassenweb.de\\\/nachrichten\\\/#website\",\"url\":\"https:\\\/\\\/www.strassenweb.de\\\/nachrichten\\\/\",\"name\":\"Stra\u00dfenweb\",\"description\":\"Stra\u00dfenverzeichnis f\u00fcr Deutschland\",\"publisher\":{\"@id\":\"https:\\\/\\\/www.strassenweb.de\\\/nachrichten\\\/#organization\"},\"potentialAction\":[{\"@type\":\"SearchAction\",\"target\":{\"@type\":\"EntryPoint\",\"urlTemplate\":\"https:\\\/\\\/www.strassenweb.de\\\/nachrichten\\\/?s={search_term_string}\"},\"query-input\":{\"@type\":\"PropertyValueSpecification\",\"valueRequired\":true,\"valueName\":\"search_term_string\"}}],\"inLanguage\":\"de\"},{\"@type\":\"Organization\",\"@id\":\"https:\\\/\\\/www.strassenweb.de\\\/nachrichten\\\/#organization\",\"name\":\"Stra\u00dfenweb\",\"url\":\"https:\\\/\\\/www.strassenweb.de\\\/nachrichten\\\/\",\"logo\":{\"@type\":\"ImageObject\",\"inLanguage\":\"de\",\"@id\":\"https:\\\/\\\/www.strassenweb.de\\\/nachrichten\\\/#\\\/schema\\\/logo\\\/image\\\/\",\"url\":\"https:\\\/\\\/www.strassenweb.de\\\/nachrichten\\\/wp-content\\\/uploads\\\/2024\\\/09\\\/cropped-favicon.png\",\"contentUrl\":\"https:\\\/\\\/www.strassenweb.de\\\/nachrichten\\\/wp-content\\\/uploads\\\/2024\\\/09\\\/cropped-favicon.png\",\"width\":512,\"height\":512,\"caption\":\"Stra\u00dfenweb\"},\"image\":{\"@id\":\"https:\\\/\\\/www.strassenweb.de\\\/nachrichten\\\/#\\\/schema\\\/logo\\\/image\\\/\"},\"sameAs\":[\"https:\\\/\\\/www.facebook.com\\\/strassenweb\\\/\"]},{\"@type\":\"Person\",\"@id\":\"https:\\\/\\\/www.strassenweb.de\\\/nachrichten\\\/#\\\/schema\\\/person\\\/87c9c9067f1211da429a744dc5a5aa41\",\"name\":\"Robert Hoffmann\",\"image\":{\"@type\":\"ImageObject\",\"inLanguage\":\"de\",\"@id\":\"https:\\\/\\\/www.strassenweb.de\\\/nachrichten\\\/wp-content\\\/uploads\\\/2024\\\/09\\\/strassenweb-150x150.jpg\",\"url\":\"https:\\\/\\\/www.strassenweb.de\\\/nachrichten\\\/wp-content\\\/uploads\\\/2024\\\/09\\\/strassenweb-150x150.jpg\",\"contentUrl\":\"https:\\\/\\\/www.strassenweb.de\\\/nachrichten\\\/wp-content\\\/uploads\\\/2024\\\/09\\\/strassenweb-150x150.jpg\",\"caption\":\"Robert Hoffmann\"},\"description\":\"Ich hei\u00dfe Robert Hoffmann und ich bin ein leidenschaftlicher Verfechter von \u00d6kologie und Biodiversit\u00e4t. Seit meiner Kindheit in den W\u00e4ldern Bayerns f\u00fchle ich mich mit der Natur verbunden und bin entschlossen, sie zu sch\u00fctzen. Heute widme ich mein Leben der Sensibilisierung anderer f\u00fcr die Bedeutung des Umweltschutzes f\u00fcr zuk\u00fcnftige Generationen.\",\"sameAs\":[\"https:\\\/\\\/www.strassenweb.de\\\/\"]}]}<\/script>\n<!-- \/ Yoast SEO plugin. -->","yoast_head_json":{"title":"Wohin die Wespen im Vereinigten K\u00f6nigreich verschwunden sind und warum sie Ihre Hilfe brauchen - Nachrichten - Stra\u00dfenweb","robots":{"index":"index","follow":"follow","max-snippet":"max-snippet:-1","max-image-preview":"max-image-preview:large","max-video-preview":"max-video-preview:-1"},"canonical":"https:\/\/www.strassenweb.de\/nachrichten\/wohin-die-wespen-im-vereinigten-koenigreich-verschwunden-sind-und-warum-sie-ihre-hilfe-brauchen\/","og_locale":"de_DE","og_type":"article","og_title":"Wohin die Wespen im Vereinigten K\u00f6nigreich verschwunden sind und warum sie Ihre Hilfe brauchen - Nachrichten - Stra\u00dfenweb","og_description":"Seirian Sumner, UCL Mir macht es Angst, Ende August Urlaub zu machen, weil es die einzige Zeit im Jahr ist, in der die Menschen (und","og_url":"https:\/\/www.strassenweb.de\/nachrichten\/wohin-die-wespen-im-vereinigten-koenigreich-verschwunden-sind-und-warum-sie-ihre-hilfe-brauchen\/","og_site_name":"Stra\u00dfenweb","article_publisher":"https:\/\/www.facebook.com\/strassenweb\/","article_published_time":"2024-09-29T02:41:21+00:00","article_modified_time":"2024-09-29T02:41:22+00:00","og_image":[{"width":754,"height":503,"url":"https:\/\/www.strassenweb.de\/nachrichten\/wp-content\/uploads\/2024\/09\/Wohin-die-Wespen-im-Vereinigten-Koenigreich-verschwunden-sind-und-warum.jpg","type":"image\/jpeg"}],"author":"Robert Hoffmann","twitter_card":"summary_large_image","twitter_misc":{"Verfasst von":"Robert Hoffmann","Gesch\u00e4tzte Lesezeit":"5\u00a0Minuten"},"schema":{"@context":"https:\/\/schema.org","@graph":[{"@type":"Article","@id":"https:\/\/www.strassenweb.de\/nachrichten\/wohin-die-wespen-im-vereinigten-koenigreich-verschwunden-sind-und-warum-sie-ihre-hilfe-brauchen\/#article","isPartOf":{"@id":"https:\/\/www.strassenweb.de\/nachrichten\/wohin-die-wespen-im-vereinigten-koenigreich-verschwunden-sind-und-warum-sie-ihre-hilfe-brauchen\/"},"author":{"name":"Robert Hoffmann","@id":"https:\/\/www.strassenweb.de\/nachrichten\/#\/schema\/person\/87c9c9067f1211da429a744dc5a5aa41"},"headline":"Wohin die Wespen im Vereinigten K\u00f6nigreich verschwunden sind und warum sie Ihre Hilfe brauchen","datePublished":"2024-09-29T02:41:21+00:00","dateModified":"2024-09-29T02:41:22+00:00","mainEntityOfPage":{"@id":"https:\/\/www.strassenweb.de\/nachrichten\/wohin-die-wespen-im-vereinigten-koenigreich-verschwunden-sind-und-warum-sie-ihre-hilfe-brauchen\/"},"wordCount":927,"publisher":{"@id":"https:\/\/www.strassenweb.de\/nachrichten\/#organization"},"image":{"@id":"https:\/\/www.strassenweb.de\/nachrichten\/wohin-die-wespen-im-vereinigten-koenigreich-verschwunden-sind-und-warum-sie-ihre-hilfe-brauchen\/#primaryimage"},"thumbnailUrl":"https:\/\/www.strassenweb.de\/nachrichten\/wp-content\/uploads\/2024\/09\/Wohin-die-Wespen-im-Vereinigten-Koenigreich-verschwunden-sind-und-warum.jpg","keywords":["brauchen","die","Hilfe","ihre","K\u00f6nigreich","Sie","sind","und","Vereinigten","verschwunden","warum","Wespen","Wohin"],"articleSection":["\u00d6kologie"],"inLanguage":"de"},{"@type":"WebPage","@id":"https:\/\/www.strassenweb.de\/nachrichten\/wohin-die-wespen-im-vereinigten-koenigreich-verschwunden-sind-und-warum-sie-ihre-hilfe-brauchen\/","url":"https:\/\/www.strassenweb.de\/nachrichten\/wohin-die-wespen-im-vereinigten-koenigreich-verschwunden-sind-und-warum-sie-ihre-hilfe-brauchen\/","name":"Wohin die Wespen im Vereinigten K\u00f6nigreich verschwunden sind und warum sie Ihre Hilfe brauchen - Nachrichten - Stra\u00dfenweb","isPartOf":{"@id":"https:\/\/www.strassenweb.de\/nachrichten\/#website"},"primaryImageOfPage":{"@id":"https:\/\/www.strassenweb.de\/nachrichten\/wohin-die-wespen-im-vereinigten-koenigreich-verschwunden-sind-und-warum-sie-ihre-hilfe-brauchen\/#primaryimage"},"image":{"@id":"https:\/\/www.strassenweb.de\/nachrichten\/wohin-die-wespen-im-vereinigten-koenigreich-verschwunden-sind-und-warum-sie-ihre-hilfe-brauchen\/#primaryimage"},"thumbnailUrl":"https:\/\/www.strassenweb.de\/nachrichten\/wp-content\/uploads\/2024\/09\/Wohin-die-Wespen-im-Vereinigten-Koenigreich-verschwunden-sind-und-warum.jpg","datePublished":"2024-09-29T02:41:21+00:00","dateModified":"2024-09-29T02:41:22+00:00","breadcrumb":{"@id":"https:\/\/www.strassenweb.de\/nachrichten\/wohin-die-wespen-im-vereinigten-koenigreich-verschwunden-sind-und-warum-sie-ihre-hilfe-brauchen\/#breadcrumb"},"inLanguage":"de","potentialAction":[{"@type":"ReadAction","target":["https:\/\/www.strassenweb.de\/nachrichten\/wohin-die-wespen-im-vereinigten-koenigreich-verschwunden-sind-und-warum-sie-ihre-hilfe-brauchen\/"]}]},{"@type":"ImageObject","inLanguage":"de","@id":"https:\/\/www.strassenweb.de\/nachrichten\/wohin-die-wespen-im-vereinigten-koenigreich-verschwunden-sind-und-warum-sie-ihre-hilfe-brauchen\/#primaryimage","url":"https:\/\/www.strassenweb.de\/nachrichten\/wp-content\/uploads\/2024\/09\/Wohin-die-Wespen-im-Vereinigten-Koenigreich-verschwunden-sind-und-warum.jpg","contentUrl":"https:\/\/www.strassenweb.de\/nachrichten\/wp-content\/uploads\/2024\/09\/Wohin-die-Wespen-im-Vereinigten-Koenigreich-verschwunden-sind-und-warum.jpg","width":754,"height":503,"caption":"Wohin die Wespen im Vereinigten K\u00f6nigreich verschwunden sind und warum sie Ihre Hilfe brauchen"},{"@type":"BreadcrumbList","@id":"https:\/\/www.strassenweb.de\/nachrichten\/wohin-die-wespen-im-vereinigten-koenigreich-verschwunden-sind-und-warum-sie-ihre-hilfe-brauchen\/#breadcrumb","itemListElement":[{"@type":"ListItem","position":1,"name":"Home","item":"https:\/\/www.strassenweb.de\/nachrichten\/"},{"@type":"ListItem","position":2,"name":"Wohin die Wespen im Vereinigten K\u00f6nigreich verschwunden sind und warum sie Ihre Hilfe brauchen"}]},{"@type":"WebSite","@id":"https:\/\/www.strassenweb.de\/nachrichten\/#website","url":"https:\/\/www.strassenweb.de\/nachrichten\/","name":"Stra\u00dfenweb","description":"Stra\u00dfenverzeichnis f\u00fcr Deutschland","publisher":{"@id":"https:\/\/www.strassenweb.de\/nachrichten\/#organization"},"potentialAction":[{"@type":"SearchAction","target":{"@type":"EntryPoint","urlTemplate":"https:\/\/www.strassenweb.de\/nachrichten\/?s={search_term_string}"},"query-input":{"@type":"PropertyValueSpecification","valueRequired":true,"valueName":"search_term_string"}}],"inLanguage":"de"},{"@type":"Organization","@id":"https:\/\/www.strassenweb.de\/nachrichten\/#organization","name":"Stra\u00dfenweb","url":"https:\/\/www.strassenweb.de\/nachrichten\/","logo":{"@type":"ImageObject","inLanguage":"de","@id":"https:\/\/www.strassenweb.de\/nachrichten\/#\/schema\/logo\/image\/","url":"https:\/\/www.strassenweb.de\/nachrichten\/wp-content\/uploads\/2024\/09\/cropped-favicon.png","contentUrl":"https:\/\/www.strassenweb.de\/nachrichten\/wp-content\/uploads\/2024\/09\/cropped-favicon.png","width":512,"height":512,"caption":"Stra\u00dfenweb"},"image":{"@id":"https:\/\/www.strassenweb.de\/nachrichten\/#\/schema\/logo\/image\/"},"sameAs":["https:\/\/www.facebook.com\/strassenweb\/"]},{"@type":"Person","@id":"https:\/\/www.strassenweb.de\/nachrichten\/#\/schema\/person\/87c9c9067f1211da429a744dc5a5aa41","name":"Robert Hoffmann","image":{"@type":"ImageObject","inLanguage":"de","@id":"https:\/\/www.strassenweb.de\/nachrichten\/wp-content\/uploads\/2024\/09\/strassenweb-150x150.jpg","url":"https:\/\/www.strassenweb.de\/nachrichten\/wp-content\/uploads\/2024\/09\/strassenweb-150x150.jpg","contentUrl":"https:\/\/www.strassenweb.de\/nachrichten\/wp-content\/uploads\/2024\/09\/strassenweb-150x150.jpg","caption":"Robert Hoffmann"},"description":"Ich hei\u00dfe Robert Hoffmann und ich bin ein leidenschaftlicher Verfechter von \u00d6kologie und Biodiversit\u00e4t. Seit meiner Kindheit in den W\u00e4ldern Bayerns f\u00fchle ich mich mit der Natur verbunden und bin entschlossen, sie zu sch\u00fctzen. Heute widme ich mein Leben der Sensibilisierung anderer f\u00fcr die Bedeutung des Umweltschutzes f\u00fcr zuk\u00fcnftige Generationen.","sameAs":["https:\/\/www.strassenweb.de\/"]}]}},"_links":{"self":[{"href":"https:\/\/www.strassenweb.de\/nachrichten\/wp-json\/wp\/v2\/posts\/405","targetHints":{"allow":["GET"]}}],"collection":[{"href":"https:\/\/www.strassenweb.de\/nachrichten\/wp-json\/wp\/v2\/posts"}],"about":[{"href":"https:\/\/www.strassenweb.de\/nachrichten\/wp-json\/wp\/v2\/types\/post"}],"author":[{"embeddable":true,"href":"https:\/\/www.strassenweb.de\/nachrichten\/wp-json\/wp\/v2\/users\/1"}],"replies":[{"embeddable":true,"href":"https:\/\/www.strassenweb.de\/nachrichten\/wp-json\/wp\/v2\/comments?post=405"}],"version-history":[{"count":0,"href":"https:\/\/www.strassenweb.de\/nachrichten\/wp-json\/wp\/v2\/posts\/405\/revisions"}],"wp:featuredmedia":[{"embeddable":true,"href":"https:\/\/www.strassenweb.de\/nachrichten\/wp-json\/wp\/v2\/media\/406"}],"wp:attachment":[{"href":"https:\/\/www.strassenweb.de\/nachrichten\/wp-json\/wp\/v2\/media?parent=405"}],"wp:term":[{"taxonomy":"category","embeddable":true,"href":"https:\/\/www.strassenweb.de\/nachrichten\/wp-json\/wp\/v2\/categories?post=405"},{"taxonomy":"post_tag","embeddable":true,"href":"https:\/\/www.strassenweb.de\/nachrichten\/wp-json\/wp\/v2\/tags?post=405"}],"curies":[{"name":"wp","href":"https:\/\/api.w.org\/{rel}","templated":true}]}}