{"id":4025,"date":"2025-03-21T15:41:13","date_gmt":"2025-03-21T14:41:13","guid":{"rendered":"https:\/\/www.strassenweb.de\/nachrichten\/ich-habe-versucht-das-japanische-konzept-von-ma-zu-verwenden-um-meine-kleine-ueberfuellte-kueche-und-meinen-wohnraum-anzugehen-es-hat-mir-klar-gemacht-dass-weniger-wirklich-mehr-ist\/"},"modified":"2025-03-21T15:41:13","modified_gmt":"2025-03-21T14:41:13","slug":"ich-habe-versucht-das-japanische-konzept-von-ma-zu-verwenden-um-meine-kleine-ueberfuellte-kueche-und-meinen-wohnraum-anzugehen-es-hat-mir-klar-gemacht-dass-weniger-wirklich-mehr-ist","status":"publish","type":"post","link":"https:\/\/www.strassenweb.de\/nachrichten\/ich-habe-versucht-das-japanische-konzept-von-ma-zu-verwenden-um-meine-kleine-ueberfuellte-kueche-und-meinen-wohnraum-anzugehen-es-hat-mir-klar-gemacht-dass-weniger-wirklich-mehr-ist\/","title":{"rendered":"Ich habe versucht, das japanische Konzept von MA zu verwenden, um meine kleine \u00fcberf\u00fcllte K\u00fcche und meinen Wohnraum anzugehen &#8211; es hat mir klar gemacht, dass weniger wirklich mehr ist"},"content":{"rendered":"<div id=\"article-body\" class=\"article__body \">\n<p>Ich liebe es, mein Zuhause so stromlinienf\u00f6rmig und un\u00fcbersichtlich wie m\u00f6glich zu halten, weil ich ein chaotischer Raum f\u00fchle, wie ich unorganisiert, gestresst und leicht nicht kilser ist.<\/p>\n<div id=\"ad-unit-1\" class=\"ad-unit\"><\/div>\n<p>Im vergangenen Jahr habe ich mich zu minimalistischeren Lebensweisen gelangt. Auf diese Weise bin ich auf das japanische Konzept von MA gesto\u00dfen, das sich darauf konzentriert, in Ihrem Zuhause \u201enegative R\u00e4ume\u201c zu schaffen, um das Gleichgewicht wiederherzustellen.<\/p>\n<aside class=\"hawk-base\" data-block-type=\"embed\" data-only-fallback-offers=\"true\" data-render-type=\"fte\" data-skip=\"dealsy\" data-widget-type=\"seasonal\">\n<div class=\"hawk-master-widget-hawk-base-wrapper\"><\/div>\n<\/aside>\n<p>Nachdem ich mit Experten gesprochen hatte, entschied ich mich, diese Philosophie gut zu nutzen, um die Unordnung meiner gesch\u00e4ftigen K\u00fcchenschr\u00e4nke, Arbeitsplatten und meinen Wohnraum zu kl\u00e4ren. Danach hat sich das Konzept von MA als brillant erwiesen <u>Erl\u00e4uterungstipp<\/u> verwurzelt in der <em>weniger ist mehr<\/em> Ansatz.<\/p>\n<div id=\"desktop-in-article\" class=\"in-article ad-unit\">\n<div id=\"desktop-taboola-mid-article\"><\/div>\n<\/div>\n<div id=\"mobile-in-article\" class=\"in-article ad-unit\">\n<div id=\"mobile-taboola-mid-article\"><\/div>\n<\/div>\n<h2 id=\"what-is-the-japanese-concept-of-ma-3\">Was ist das japanische Konzept von MA?<\/h2>\n<figure class=\"van-image-figure inline-layout \" data-bordeaux-image-check>\n<div class=\"image-full-width-wrapper\">\n<div class=\"image-widthsetter\" style=\"max-width:2000px;\"><\/div>\n<\/div><figcaption class=\"inline-layout \">\n<div class=\"caption-text\">\n<p>Das Schaffen negativer Raum reduziert stressige visuelle Unordnung und stellt die Funktionalit\u00e4t in der K\u00fcche wie Z\u00e4hler wieder her, sodass sie f\u00fcr ihren beabsichtigten Zweck verwendet werden k\u00f6nnen.<\/p>\n<\/div>\n<\/figcaption><\/figure>\n<p>Bis zu Beginn des Jahres war das japanische Konzept von MA nicht etwas, auf das ich sto\u00dfe. Allerdings nach der Verwendung der<u> Niedrig abf\u00e4llt Konzept von &#8218;Mottainai&#8216;, um sich zu organisieren und zu deklarieren<\/u> Meine gesch\u00e4ftigsten K\u00fcchenschr\u00e4nke, ich wusste, dass es nur eine Frage der Zeit war, bis ich einen anderen gab <u>Japanische Organisationstechnik<\/u> A aus, in diesem gesch\u00e4ftigen und wichtigen Teil meines Hauses.<\/p>\n<div class=\"van_vid_carousel\">\n<div class=\"van_vid_carousel__padding\">\n<div class=\"van_vid_carousel__container\"><\/div>\n<\/div>\n<\/div>\n<p>&#8222;Ma ist wie die Pausen oder ruhen in klassischer Musik, die den Noten auf beiden Seiten Tiefe und Bedeutung verleiht und die Sch\u00f6nheit und Kraft der Komposition verbessert&#8220;, erkl\u00e4rt der professionelle Organisator Christine Thorn, der ein ist <u>Konmari<\/u> Berater und Gr\u00fcnder von Sage of Interiors. &#8222;Zu Hause ist MA eine Designphilosophie, die sich darauf konzentriert, leere R\u00e4ume, Gleichgewicht und Einfachheit zu umarmen.&#8220;<\/p>\n<div id=\"ad-unit-2\" class=\"ad-unit\"><\/div>\n<p>Laut Christine sind die Vorteile der Verwendung von MA in Ihrem Haus weitreichend. &#8222;MA ermutigt und ehrt die R\u00e4ume zwischen den Dingen, die Klarheit des Denkens und Lebenes mit Absicht inspirieren, umgeben von wesentlichen Dingen in einer Umgebung, die ohne die Unordnung, die Sie daran hindern kann, das Gleichgewicht zu erreichen und Ihr Lebensstilpotential zu erf\u00fcllen.&#8220;<\/p>\n<p>Ich brauchte das, also beschloss ich, meine K\u00fcchenschr\u00e4nke mit dem Konzept von MA zu entlasten.<\/p>\n<h3 class=\"article-body__section\" id=\"section-how-to-use-ma-in-your-home-to-help-you-declutter\"><span>So benutzen Sie MA in Ihrem Haus, um Ihnen zu helfen, zu entfernen<\/span><\/h3>\n<figure class=\"van-image-figure inline-layout \" data-bordeaux-image-check>\n<div class=\"image-full-width-wrapper\">\n<div class=\"image-widthsetter\" style=\"max-width:2000px;\"><\/div>\n<\/div><figcaption class=\"inline-layout \">\n<div class=\"caption-text\">\n<p>Eine friedliche K\u00fcche im Japandi-Stil, die perfekt negativer Raum nutzt. Es ist frei von Unordnung und geeignet.<\/p>\n<\/div>\n<\/figcaption><\/figure>\n<p>Die gute Nachricht ist, dass Sie das Konzept von MA nehmen und es \u00fcberall in Ihrem Zuhause anwenden k\u00f6nnen. Zum Beispiel als Michelle Parravani, Inhaber von <u>Entwerfen mit weniger<\/u> erkl\u00e4rt, Sie k\u00f6nnten es in Regalen in Ihrer K\u00fcche anwenden, indem Sie sich fragen: \u201eWie w\u00fcrde es sich anf\u00fchlen, diesen Raum leer zu lassen? Sieht es nicht sch\u00f6n aus und bringt ein kleines Gef\u00fchl der Ruhe in Ihre K\u00fcche? &#8218;<\/p>\n<p>Sie k\u00f6nnen es auch auf Ihren Flur anwenden, der oft mit M\u00e4nteln und Schuhen \u00fcberf\u00fcllt sein kann. &#8222;Aber wie w\u00fcrde es sich anf\u00fchlen, diesen Raum zu r\u00e4umen und diese Gegenst\u00e4nde stattdessen in einen Flurschrank zu legen?&#8220; Fragt Michelle. \u00bbPasst es zu Ihnen, einen leeren Raum neben Ihrer Haust\u00fcr zu haben? F\u00fchlst du dich ein bisschen entspannter, wenn du am Ende des Tages nach Hause kommst? &#8218;<\/p>\n<h3 class=\"article-body__section\" id=\"section-what-i-learned-after-using-ma-to-help-me-declutter-my-busy-kitchen-cabinets\"><span>Was ich nach der Verwendung von MA gelernt habe, um mir zu helfen, meine gesch\u00e4ftigen K\u00fcchenschr\u00e4nke zu deklarieren<\/span><\/h3>\n<figure class=\"van-image-figure inline-layout \" data-bordeaux-image-check>\n<div class=\"image-full-width-wrapper\">\n<div class=\"image-widthsetter\" style=\"max-width:2000px;\"><\/div>\n<\/div><figcaption class=\"inline-layout \">\n<div class=\"caption-text\">\n<p>Ich musste die Funktionalit\u00e4t in meinen K\u00fcchenschr\u00e4nken wiederherstellen.<\/p>\n<\/div>\n<\/figcaption><\/figure>\n<h3 class=\"article-body__section\" id=\"section-1-small-changes-can-make-a-big-difference\"><span>1. Kleine \u00c4nderungen k\u00f6nnen einen gro\u00dfen Unterschied machen<\/span><\/h3>\n<div id=\"slice-container-imageGallery-JRbDsp9C7BS6kdPrqSoC6Z-klG3CPTc8azIQSJoERATQCa16dFouwaV\" class=\"slice-container imageGallery-wrapper imageGallery-JRbDsp9C7BS6kdPrqSoC6Z-klG3CPTc8azIQSJoERATQCa16dFouwaV slice-container-imageGallery\">\n<div data-hydrate=\"true\" class=\"inline-gallery first-slide-only\">\n<div class=\"inline-gallery__count\">Bild <!-- -->1<!-- --> von <!-- -->2<\/div>\n<div class=\"inline-gallery__arrows show\">\n<div class=\"arrows__arrows-inner\">\n<div data-testid=\"arrow-click-left\" class=\"arrows__left disable\" data-analytics-id=\"gallery-see-more\"><svg xmlns=\"http:\/\/www.w3.org\/2000\/svg\" viewbox=\"0 0 32 32\" width=\"32\" height=\"32\"><path d=\"M4.2 0l25.6 16.011L4.2 32V0z\"><\/path><\/svg><\/div>\n<div data-testid=\"arrow-click-right\" class=\"arrows__right \" data-analytics-id=\"gallery-see-more\"><svg xmlns=\"http:\/\/www.w3.org\/2000\/svg\" viewbox=\"0 0 32 32\" width=\"32\" height=\"32\"><path d=\"M4.2 0l25.6 16.011L4.2 32V0z\"><\/path><\/svg><\/div>\n<\/div>\n<\/div>\n<div style=\"overflow-x:hidden\" class=\"inline-gallery__items\">\n<div style=\"-webkit-flex-direction:row;flex-direction:row;-webkit-transition:all 0s ease 0s;transition:all 0s ease 0s;-webkit-transform:translate(0%, 0);transform:translate(0%, 0);direction:ltr;display:flex;will-change:transform\" class=\"react-swipeable-view-container\">\n<div style=\"width:100%;-webkit-flex-shrink:0;flex-shrink:0;overflow:auto\" aria-hidden=\"false\" data-swipeable=\"true\">\n<div class=\"items__item\">\n<div class=\"item__image-cont\">\n<div class=\"image-cont__image\">\n<figure class=\"image-wrapped__wrapper\" data-bordeaux-image-check=\"false\">\n<div class=\"image-wrapped__widthsetter\" style=\"max-width:2000px\">\n<div class=\"image-wrapped__aspect-padding\" style=\"padding-bottom:120%\">\n<div style=\"display:contents\"><picture data-hydrate=\"true\"><source class=\"image-wrapped__image image__image\" type=\"image\/webp\"   data-normal=\"https:\/\/vanilla.futurecdn.net\/cyclingnews\/media\/img\/missing-image.svg\" data-original-mos=\"https:\/\/www.strassenweb.de\/nachrichten\/wp-content\/uploads\/2025\/03\/9oB4cJ4fYMvKz6dSPFxLH6.jpg\" data-pin-media=\"https:\/\/www.strassenweb.de\/nachrichten\/wp-content\/uploads\/2025\/03\/9oB4cJ4fYMvKz6dSPFxLH6.jpg\" data-pin-nopin=\"true\" data-slice-image=\"true\"><\/source><source class=\"image-wrapped__image image__image\" type=\"image\/jpeg\"   data-normal=\"https:\/\/vanilla.futurecdn.net\/cyclingnews\/media\/img\/missing-image.svg\" data-original-mos=\"https:\/\/www.strassenweb.de\/nachrichten\/wp-content\/uploads\/2025\/03\/9oB4cJ4fYMvKz6dSPFxLH6.jpg\" data-pin-media=\"https:\/\/www.strassenweb.de\/nachrichten\/wp-content\/uploads\/2025\/03\/9oB4cJ4fYMvKz6dSPFxLH6.jpg\" data-pin-nopin=\"true\" data-slice-image=\"true\"><\/source><\/picture><\/div>\n<\/div>\n<\/div>\n<\/figure>\n<\/div>\n<p><button class=\"image-cont__expand\" data-testid=\"expandButton\" data-analytics-id=\"gallery-expand-image\"><svg xmlns=\"http:\/\/www.w3.org\/2000\/svg\" width=\"32\" height=\"32\" viewbox=\"0 0 32 32\"><path d=\"M31.557 12.067L31.773 0 19.791.213l.05 3.216 6.225-.115-7.347 7.39 2.422 2.434 7.34-7.382-.108 6.213 3.184.098zM.215 19.903L0 31.97l11.984-.213-.05-3.217-6.225.113 7.348-7.388-2.42-2.436-7.34 7.383L3.402 20l-3.187-.098zM20.004 31.704L32 32.001l-.293-12.059-3.195.03.154 6.263-7.396-7.44-2.407 2.42 7.389 7.43-6.174-.148-.074 3.207zM12.213.33L.22.034l.293 12.059 3.195-.032-.152-6.26 7.394 7.438 2.404-2.418L5.967 3.39l6.174.15.072-3.209z\"><\/path><\/svg><\/button><\/div>\n<h4 class=\"item__title\">NACH<\/h4>\n<div class=\"item__description\"><\/div>\n<\/div>\n<\/div>\n<div style=\"width:100%;-webkit-flex-shrink:0;flex-shrink:0;overflow:auto\" aria-hidden=\"true\" data-swipeable=\"true\">\n<div class=\"items__item\">\n<div class=\"item__image-cont\">\n<div class=\"image-cont__image\">\n<figure class=\"image-wrapped__wrapper\" data-bordeaux-image-check=\"false\">\n<div class=\"image-wrapped__widthsetter\" style=\"max-width:2000px\">\n<div class=\"image-wrapped__aspect-padding\" style=\"padding-bottom:120%\">\n<div style=\"display:contents\"><picture data-hydrate=\"true\"><source class=\"image-wrapped__image image__image\" type=\"image\/webp\"   data-normal=\"https:\/\/vanilla.futurecdn.net\/cyclingnews\/media\/img\/missing-image.svg\" data-original-mos=\"https:\/\/www.strassenweb.de\/nachrichten\/wp-content\/uploads\/2025\/03\/T7tjHmyS9fSKUQ7hLfmKH6.jpg\" data-pin-media=\"https:\/\/www.strassenweb.de\/nachrichten\/wp-content\/uploads\/2025\/03\/T7tjHmyS9fSKUQ7hLfmKH6.jpg\" data-pin-nopin=\"true\" data-slice-image=\"true\"><\/source><source class=\"image-wrapped__image image__image\" type=\"image\/jpeg\"   data-normal=\"https:\/\/vanilla.futurecdn.net\/cyclingnews\/media\/img\/missing-image.svg\" data-original-mos=\"https:\/\/www.strassenweb.de\/nachrichten\/wp-content\/uploads\/2025\/03\/T7tjHmyS9fSKUQ7hLfmKH6.jpg\" data-pin-media=\"https:\/\/www.strassenweb.de\/nachrichten\/wp-content\/uploads\/2025\/03\/T7tjHmyS9fSKUQ7hLfmKH6.jpg\" data-pin-nopin=\"true\" data-slice-image=\"true\"><\/source><img decoding=\"async\" alt=\"Vorher f\u00fcllten wiederverwendbare Flaschen die Oberseite des Schrankraums \"  class=\"image-wrapped__image image__image\" loading=\"lazy\" data-normal=\"https:\/\/vanilla.futurecdn.net\/cyclingnews\/media\/img\/missing-image.svg\" src=\"https:\/\/www.strassenweb.de\/nachrichten\/wp-content\/uploads\/2025\/03\/T7tjHmyS9fSKUQ7hLfmKH6.jpg\" data-pin-media=\"https:\/\/www.strassenweb.de\/nachrichten\/wp-content\/uploads\/2025\/03\/T7tjHmyS9fSKUQ7hLfmKH6.jpg\" data-pin-nopin=\"true\" data-slice-image=\"true\"><\/picture><\/div>\n<\/div>\n<\/div>\n<\/figure>\n<\/div>\n<p><button class=\"image-cont__expand\" data-testid=\"expandButton\" data-analytics-id=\"gallery-expand-image\"><svg xmlns=\"http:\/\/www.w3.org\/2000\/svg\" width=\"32\" height=\"32\" viewbox=\"0 0 32 32\"><path d=\"M31.557 12.067L31.773 0 19.791.213l.05 3.216 6.225-.115-7.347 7.39 2.422 2.434 7.34-7.382-.108 6.213 3.184.098zM.215 19.903L0 31.97l11.984-.213-.05-3.217-6.225.113 7.348-7.388-2.42-2.436-7.34 7.383L3.402 20l-3.187-.098zM20.004 31.704L32 32.001l-.293-12.059-3.195.03.154 6.263-7.396-7.44-2.407 2.42 7.389 7.43-6.174-.148-.074 3.207zM12.213.33L.22.034l.293 12.059 3.195-.032-.152-6.26 7.394 7.438 2.404-2.418L5.967 3.39l6.174.15.072-3.209z\"><\/path><\/svg><\/button><\/div>\n<h4 class=\"item__title\">VOR<\/h4>\n<div class=\"item__description\"><\/div>\n<\/div>\n<\/div>\n<\/div>\n<\/div>\n<\/div>\n<\/div>\n<p>Da ich versteckt bin, habe ich nie wirklich getaktet, wie \u00fcberf\u00fcllt der Raum oben in meinem K\u00fchlschrank war. In meinem Haus ist dieses Regal ein Ort, an dem praktische Gegenst\u00e4nde wie wiederverwendbare Wasserflaschen und Eiwei\u00dfsch\u00fcttler leben. Und obwohl ich trotz w\u00f6chentlicher Ereignis verwendet wurde, habe ich nie darauf geachtet, wie chaotisch und \u00e4rgerlich, um diesen Bereich zu erreichen.<\/p>\n<p>Die Sache ist, bei 5 ft 5 &#8222;, ich muss einige faltbare Treppen wie diese bekommen<u> HBTOWER 3 STEP LEADDER, 3 STEP HOCH STUOL f\u00fcr Erwachsene<\/u> Von Amazon aus dem unter den Treppen starken Schrank jedes Mal, wenn ich etwas aus diesem K\u00fcchenschrank erreichen m\u00f6chte.<\/p>\n<p>Mit den Facetten von MA entschied ich mich also, die wiederverwendbaren Sch\u00fcttler und Wasserflaschen aus diesem Regal zu entfernen und sie in einen weiteren leichteren Bereich zu platzieren und diesen Raum frei zu lassen.<\/p>\n<p>Es mag klein klingen, aber es hat bereits einen solchen Unterschied zum anf\u00e4nglichen Aussehen des Schranks gemacht und es hat mir auch einen Auftrag weniger, wenn ich einen Protein sch\u00fctteln m\u00f6chte!<\/p>\n<h3 class=\"article-body__section\" id=\"section-2-my-space-feels-so-much-calmer\"><span>2. Mein Raum f\u00fchlt sich so ruhiger an <\/span><\/h3>\n<figure class=\"van-image-figure inline-layout \" data-bordeaux-image-check>\n<div class=\"image-full-width-wrapper\">\n<div class=\"image-widthsetter\" style=\"max-width:2000px;\"><\/div>\n<\/div><figcaption class=\"inline-layout \">\n<div class=\"caption-text\">\n<p>Meine K\u00fcche f\u00fchlt sich friedlicher an<\/p>\n<\/div>\n<\/figcaption><\/figure>\n<p>Am Ende einer jeder Woche tendiere ich dazu, ein schnelles Ma\u00df zu tun<u> Freitag 30 Minuten Geschwindigkeit sauber<\/u> Als ich finde, dass es mir hilft, das Wochenende auf dem rechten (und ordentlichen!) Fu\u00df zu beginnen.<\/p>\n<p>Seit ich vor mehr als zwei Jahren angefangen habe, kann ich jedes Mal auf eine Sache z\u00e4hlen &#8211; und das ist das Ende der Woche, es wird noch einen Haufen von Dingen auf meiner K\u00fcchenarbeitsplatte geben. Egal, ob es sich um Plakat, Papierkram oder Kabel handelt, f\u00fcr die ich noch ein Zuhause finde. Aber all dieses &#8222;Zeug&#8220; l\u00e4sst meine Arbeitsplatten \u00fcberf\u00fcllt, unordentlich und ohne viel Platz zum Hacken oder Zubereiten meines Essens aussehen.<\/p>\n<p>Aber nachdem ich mich diesem Abschnitt meines Zuhauses mit dem Konzept von MA n\u00e4hert hatte, f\u00fchlt sich meine K\u00fcche ger\u00e4umig an, ohne sich sp\u00e4rlich oder seelenlos zu f\u00fchlen.<\/p>\n<div id=\"slice-container-imageGallery-JRbDsp9C7BS6kdPrqSoC6Z-LHMgLrEeJpEp1AQDQ5ifnP607BwEhHtY\" class=\"slice-container imageGallery-wrapper imageGallery-JRbDsp9C7BS6kdPrqSoC6Z-LHMgLrEeJpEp1AQDQ5ifnP607BwEhHtY slice-container-imageGallery\">\n<div data-hydrate=\"true\" class=\"inline-gallery first-slide-only\">\n<div class=\"inline-gallery__count\">Bild <!-- -->1<!-- --> von <!-- -->2<\/div>\n<div class=\"inline-gallery__arrows show\">\n<div class=\"arrows__arrows-inner\">\n<div data-testid=\"arrow-click-left\" class=\"arrows__left disable\" data-analytics-id=\"gallery-see-more\"><svg xmlns=\"http:\/\/www.w3.org\/2000\/svg\" viewbox=\"0 0 32 32\" width=\"32\" height=\"32\"><path d=\"M4.2 0l25.6 16.011L4.2 32V0z\"><\/path><\/svg><\/div>\n<div data-testid=\"arrow-click-right\" class=\"arrows__right \" data-analytics-id=\"gallery-see-more\"><svg xmlns=\"http:\/\/www.w3.org\/2000\/svg\" viewbox=\"0 0 32 32\" width=\"32\" height=\"32\"><path d=\"M4.2 0l25.6 16.011L4.2 32V0z\"><\/path><\/svg><\/div>\n<\/div>\n<\/div>\n<div style=\"overflow-x:hidden\" class=\"inline-gallery__items\">\n<div style=\"-webkit-flex-direction:row;flex-direction:row;-webkit-transition:all 0s ease 0s;transition:all 0s ease 0s;-webkit-transform:translate(0%, 0);transform:translate(0%, 0);direction:ltr;display:flex;will-change:transform\" class=\"react-swipeable-view-container\">\n<div style=\"width:100%;-webkit-flex-shrink:0;flex-shrink:0;overflow:auto\" aria-hidden=\"false\" data-swipeable=\"true\">\n<div class=\"items__item\">\n<div class=\"item__image-cont\">\n<div class=\"image-cont__image\">\n<figure class=\"image-wrapped__wrapper\" data-bordeaux-image-check=\"false\">\n<div class=\"image-wrapped__widthsetter\" style=\"max-width:2000px\">\n<div class=\"image-wrapped__aspect-padding\" style=\"padding-bottom:120%\">\n<div style=\"display:contents\"><picture data-hydrate=\"true\"><source class=\"image-wrapped__image image__image\" type=\"image\/webp\"   data-normal=\"https:\/\/vanilla.futurecdn.net\/cyclingnews\/media\/img\/missing-image.svg\" data-original-mos=\"https:\/\/www.strassenweb.de\/nachrichten\/wp-content\/uploads\/2025\/03\/JW5Ji3EXhE3L7YQASfopCY.jpg\" data-pin-media=\"https:\/\/www.strassenweb.de\/nachrichten\/wp-content\/uploads\/2025\/03\/JW5Ji3EXhE3L7YQASfopCY.jpg\" data-pin-nopin=\"true\" data-slice-image=\"true\"><\/source><source class=\"image-wrapped__image image__image\" type=\"image\/jpeg\"   data-normal=\"https:\/\/vanilla.futurecdn.net\/cyclingnews\/media\/img\/missing-image.svg\" data-original-mos=\"https:\/\/www.strassenweb.de\/nachrichten\/wp-content\/uploads\/2025\/03\/JW5Ji3EXhE3L7YQASfopCY.jpg\" data-pin-media=\"https:\/\/www.strassenweb.de\/nachrichten\/wp-content\/uploads\/2025\/03\/JW5Ji3EXhE3L7YQASfopCY.jpg\" data-pin-nopin=\"true\" data-slice-image=\"true\"><\/source><img decoding=\"async\" alt=\"Eine ordentliche K\u00fcchenarbeitsplatte mit Ninja, wei\u00dfer Kuchenstand und Topfpflanze\"  class=\"image-wrapped__image image__image\" loading=\"lazy\" data-normal=\"https:\/\/vanilla.futurecdn.net\/cyclingnews\/media\/img\/missing-image.svg\" src=\"https:\/\/www.strassenweb.de\/nachrichten\/wp-content\/uploads\/2025\/03\/JW5Ji3EXhE3L7YQASfopCY.jpg\" data-pin-media=\"https:\/\/www.strassenweb.de\/nachrichten\/wp-content\/uploads\/2025\/03\/JW5Ji3EXhE3L7YQASfopCY.jpg\" data-pin-nopin=\"true\" data-slice-image=\"true\"><\/picture><\/div>\n<\/div>\n<\/div>\n<\/figure>\n<\/div>\n<p><button class=\"image-cont__expand\" data-testid=\"expandButton\" data-analytics-id=\"gallery-expand-image\"><svg xmlns=\"http:\/\/www.w3.org\/2000\/svg\" width=\"32\" height=\"32\" viewbox=\"0 0 32 32\"><path d=\"M31.557 12.067L31.773 0 19.791.213l.05 3.216 6.225-.115-7.347 7.39 2.422 2.434 7.34-7.382-.108 6.213 3.184.098zM.215 19.903L0 31.97l11.984-.213-.05-3.217-6.225.113 7.348-7.388-2.42-2.436-7.34 7.383L3.402 20l-3.187-.098zM20.004 31.704L32 32.001l-.293-12.059-3.195.03.154 6.263-7.396-7.44-2.407 2.42 7.389 7.43-6.174-.148-.074 3.207zM12.213.33L.22.034l.293 12.059 3.195-.032-.152-6.26 7.394 7.438 2.404-2.418L5.967 3.39l6.174.15.072-3.209z\"><\/path><\/svg><\/button><\/div>\n<h4 class=\"item__title\">NACH<\/h4>\n<div class=\"item__description\"><\/div>\n<\/div>\n<\/div>\n<div style=\"width:100%;-webkit-flex-shrink:0;flex-shrink:0;overflow:auto\" aria-hidden=\"true\" data-swipeable=\"true\">\n<div class=\"items__item\">\n<div class=\"item__image-cont\">\n<div class=\"image-cont__image\">\n<figure class=\"image-wrapped__wrapper\" data-bordeaux-image-check=\"false\">\n<div class=\"image-wrapped__widthsetter\" style=\"max-width:2000px\">\n<div class=\"image-wrapped__aspect-padding\" style=\"padding-bottom:120%\">\n<div style=\"display:contents\"><picture data-hydrate=\"true\"><source class=\"image-wrapped__image image__image\" type=\"image\/webp\"   data-normal=\"https:\/\/vanilla.futurecdn.net\/cyclingnews\/media\/img\/missing-image.svg\" data-original-mos=\"https:\/\/www.strassenweb.de\/nachrichten\/wp-content\/uploads\/2025\/03\/kKGdmvXpXRdnnN2ww9mJDY.jpg\" data-pin-media=\"https:\/\/www.strassenweb.de\/nachrichten\/wp-content\/uploads\/2025\/03\/kKGdmvXpXRdnnN2ww9mJDY.jpg\" data-pin-nopin=\"true\" data-slice-image=\"true\"><\/source><source class=\"image-wrapped__image image__image\" type=\"image\/jpeg\"   data-normal=\"https:\/\/vanilla.futurecdn.net\/cyclingnews\/media\/img\/missing-image.svg\" data-original-mos=\"https:\/\/www.strassenweb.de\/nachrichten\/wp-content\/uploads\/2025\/03\/kKGdmvXpXRdnnN2ww9mJDY.jpg\" data-pin-media=\"https:\/\/www.strassenweb.de\/nachrichten\/wp-content\/uploads\/2025\/03\/kKGdmvXpXRdnnN2ww9mJDY.jpg\" data-pin-nopin=\"true\" data-slice-image=\"true\"><\/source><img decoding=\"async\" alt=\"Unordentliche K\u00fcchenarbeitsplatte mit einer Ninja Air Fryer, Karten und K\u00fcchenrolle \"  class=\"image-wrapped__image image__image\" loading=\"lazy\" data-normal=\"https:\/\/vanilla.futurecdn.net\/cyclingnews\/media\/img\/missing-image.svg\" src=\"https:\/\/www.strassenweb.de\/nachrichten\/wp-content\/uploads\/2025\/03\/kKGdmvXpXRdnnN2ww9mJDY.jpg\" data-pin-media=\"https:\/\/www.strassenweb.de\/nachrichten\/wp-content\/uploads\/2025\/03\/kKGdmvXpXRdnnN2ww9mJDY.jpg\" data-pin-nopin=\"true\" data-slice-image=\"true\"><\/picture><\/div>\n<\/div>\n<\/div>\n<\/figure>\n<\/div>\n<p><button class=\"image-cont__expand\" data-testid=\"expandButton\" data-analytics-id=\"gallery-expand-image\"><svg xmlns=\"http:\/\/www.w3.org\/2000\/svg\" width=\"32\" height=\"32\" viewbox=\"0 0 32 32\"><path d=\"M31.557 12.067L31.773 0 19.791.213l.05 3.216 6.225-.115-7.347 7.39 2.422 2.434 7.34-7.382-.108 6.213 3.184.098zM.215 19.903L0 31.97l11.984-.213-.05-3.217-6.225.113 7.348-7.388-2.42-2.436-7.34 7.383L3.402 20l-3.187-.098zM20.004 31.704L32 32.001l-.293-12.059-3.195.03.154 6.263-7.396-7.44-2.407 2.42 7.389 7.43-6.174-.148-.074 3.207zM12.213.33L.22.034l.293 12.059 3.195-.032-.152-6.26 7.394 7.438 2.404-2.418L5.967 3.39l6.174.15.072-3.209z\"><\/path><\/svg><\/button><\/div>\n<h4 class=\"item__title\">VOR<\/h4>\n<div class=\"item__description\"><\/div>\n<\/div>\n<\/div>\n<\/div>\n<\/div>\n<\/div>\n<\/div>\n<div class=\"product-container hero-product-container product-block-no-wrap\"><\/div>\n<h3 class=\"article-body__section\" id=\"section-3-you-ll-need-to-find-somewhere-to-put-the-items-you-ve-moved\"><span>3. Sie m\u00fcssen einen Ort finden, um die Artikel zu setzen, die Sie bewegt haben <\/span><\/h3>\n<figure class=\"van-image-figure inline-layout \" data-bordeaux-image-check>\n<div class=\"image-full-width-wrapper\">\n<div class=\"image-widthsetter\" style=\"max-width:2400px;\"><\/div>\n<\/div><figcaption class=\"inline-layout \">\n<div class=\"caption-text\">\n<p>Das Bewegen von Dingen, die nicht in die K\u00fcche zu ihren richtigen H\u00e4usern geh\u00f6rten, halfen dazu, den negativen Raum in der K\u00fcche zu schaffen, auf die ich gehofft hatte.<\/p>\n<\/div>\n<\/figcaption><\/figure>\n<p>Dies war etwas, was ich beachten musste, wenn ich MA zum Entsteuern benutzte. W\u00e4hrend das Konzept mir half, mich von einigen meiner Waren zu verabschieden, die keinen Zweck mehr erf\u00fcllen-wie ungerade Teile Papier und Container mit schlecht sitzenden Deckeln-, entfernen ich andere Haushaltsgegenst\u00e4nde, die ich immer noch wollte, wie Kerzen, von einem Raum, und dies musste ein anderes Zuhause f\u00fcr sie finden.<\/p>\n<p>Als jemand, der ein ordentliches Zuhause liebt, mache ich das ganze Jahr \u00fcber. W\u00e4hrend des Prozesses der Aufr\u00e4ume und Entst\u00f6rung kann es jedoch allzu einfach werden, die Dinge von einem Ort zum anderen zu bewegen &#8211; das Problem weiter unten zu schieben, anstatt es nur in der Knospe zu ersticken.<\/p>\n<p>W\u00e4hrend ich diese entdeckte Herausforderung absolvierte, konzentrierte ich mich wirklich darauf, negative R\u00e4ume zu schaffen und mich zu fragen:<\/p>\n<ul>\n<li>Ich habe wirklich bestimmte Gegenst\u00e4nde gebraucht?<\/li>\n<li>Wenn ich es nicht getan h\u00e4tte, k\u00f6nnten sie dann ein neues Zuhause erhalten?<\/li>\n<li>Wenn ich das getan habe, was ist der perfekte Ort f\u00fcr sie, ohne mehr Unordnung zu schaffen?<\/li>\n<\/ul>\n<p>Auf diese Weise hat es mir geholfen, mich von einer Handvoll Gegenst\u00e4nde zu verabschieden, die ihren Zweck nicht mehr erf\u00fcllten und ein dringend ben\u00f6tigtes Gleichgewicht f\u00fcr mein Zuhause wiederherstellten.<\/p>\n<p>Der professionelle Organisator Amy Mayorga, ein Master -Zertifizierter von KonMari\u00ae -Berater und Gr\u00fcnder von Minimalista Organizing, erkl\u00e4rt, dass es nicht nur darum geht, sich aufzur\u00e4umen. Es kann auch mentale Klarheit verursachen und das Wohlbefinden des Gesamts verbessern, wenn Sie Ihr Zuhause kl\u00e4ren, Sie Ihren Geist r\u00e4umen. &#8218;<\/p>\n<p>Und das Wunderbare an MA ist, dass es mir geholfen hat, all das oben genannte zu tun. &#8222;MA erm\u00f6glicht es uns, sich im leeren Raum auszuruhen, pr\u00e4sent zu sein und aufzuladen&#8220;, f\u00fcgt Amy hinzu. &#8222;Wenn Sie Dinge loslassen, die Sie nicht mehr dienen, \u00f6ffnen Sie Platz zum Atmen und genie\u00dfen Sie Ihre Umgebung wirklich.&#8220;<\/p>\n<div id=\"slice-container-imageGallery-JRbDsp9C7BS6kdPrqSoC6Z-JP4qeQMXkvjylWmisf2ewcpSQdIzAoHk\" class=\"slice-container imageGallery-wrapper imageGallery-JRbDsp9C7BS6kdPrqSoC6Z-JP4qeQMXkvjylWmisf2ewcpSQdIzAoHk slice-container-imageGallery\">\n<div data-hydrate=\"true\" class=\"inline-gallery first-slide-only\">\n<div class=\"inline-gallery__count\">Bild <!-- -->1<!-- --> von <!-- -->2<\/div>\n<div class=\"inline-gallery__arrows show\">\n<div class=\"arrows__arrows-inner\">\n<div data-testid=\"arrow-click-left\" class=\"arrows__left disable\" data-analytics-id=\"gallery-see-more\"><svg xmlns=\"http:\/\/www.w3.org\/2000\/svg\" viewbox=\"0 0 32 32\" width=\"32\" height=\"32\"><path d=\"M4.2 0l25.6 16.011L4.2 32V0z\"><\/path><\/svg><\/div>\n<div data-testid=\"arrow-click-right\" class=\"arrows__right \" data-analytics-id=\"gallery-see-more\"><svg xmlns=\"http:\/\/www.w3.org\/2000\/svg\" viewbox=\"0 0 32 32\" width=\"32\" height=\"32\"><path d=\"M4.2 0l25.6 16.011L4.2 32V0z\"><\/path><\/svg><\/div>\n<\/div>\n<\/div>\n<div style=\"overflow-x:hidden\" class=\"inline-gallery__items\">\n<div style=\"-webkit-flex-direction:row;flex-direction:row;-webkit-transition:all 0s ease 0s;transition:all 0s ease 0s;-webkit-transform:translate(0%, 0);transform:translate(0%, 0);direction:ltr;display:flex;will-change:transform\" class=\"react-swipeable-view-container\">\n<div style=\"width:100%;-webkit-flex-shrink:0;flex-shrink:0;overflow:auto\" aria-hidden=\"false\" data-swipeable=\"true\">\n<div class=\"items__item\">\n<div class=\"item__image-cont\">\n<div class=\"image-cont__image\">\n<figure class=\"image-wrapped__wrapper\" data-bordeaux-image-check=\"false\">\n<div class=\"image-wrapped__widthsetter\" style=\"max-width:2000px\">\n<div class=\"image-wrapped__aspect-padding\" style=\"padding-bottom:120%\">\n<div style=\"display:contents\"><picture data-hydrate=\"true\"><source class=\"image-wrapped__image image__image\" type=\"image\/webp\"   data-normal=\"https:\/\/vanilla.futurecdn.net\/cyclingnews\/media\/img\/missing-image.svg\" data-original-mos=\"https:\/\/www.strassenweb.de\/nachrichten\/wp-content\/uploads\/2025\/03\/APgqKcx9hDZGJZppbS7Lni.jpg\" data-pin-media=\"https:\/\/www.strassenweb.de\/nachrichten\/wp-content\/uploads\/2025\/03\/APgqKcx9hDZGJZppbS7Lni.jpg\" data-pin-nopin=\"true\" data-slice-image=\"true\"><\/source><source class=\"image-wrapped__image image__image\" type=\"image\/jpeg\"   data-normal=\"https:\/\/vanilla.futurecdn.net\/cyclingnews\/media\/img\/missing-image.svg\" data-original-mos=\"https:\/\/www.strassenweb.de\/nachrichten\/wp-content\/uploads\/2025\/03\/APgqKcx9hDZGJZppbS7Lni.jpg\" data-pin-media=\"https:\/\/www.strassenweb.de\/nachrichten\/wp-content\/uploads\/2025\/03\/APgqKcx9hDZGJZppbS7Lni.jpg\" data-pin-nopin=\"true\" data-slice-image=\"true\"><\/source><img decoding=\"async\" alt=\"Ein ordentliches Wohnzimmer mit wei\u00dfen Fensterl\u00e4den, Kerzen, \u00d6lbrenner und Goldrahmen\"  class=\"image-wrapped__image image__image\" loading=\"lazy\" data-normal=\"https:\/\/vanilla.futurecdn.net\/cyclingnews\/media\/img\/missing-image.svg\" src=\"https:\/\/www.strassenweb.de\/nachrichten\/wp-content\/uploads\/2025\/03\/APgqKcx9hDZGJZppbS7Lni.jpg\" data-pin-media=\"https:\/\/www.strassenweb.de\/nachrichten\/wp-content\/uploads\/2025\/03\/APgqKcx9hDZGJZppbS7Lni.jpg\" data-pin-nopin=\"true\" data-slice-image=\"true\"><\/picture><\/div>\n<\/div>\n<\/div>\n<\/figure>\n<\/div>\n<p><button class=\"image-cont__expand\" data-testid=\"expandButton\" data-analytics-id=\"gallery-expand-image\"><svg xmlns=\"http:\/\/www.w3.org\/2000\/svg\" width=\"32\" height=\"32\" viewbox=\"0 0 32 32\"><path d=\"M31.557 12.067L31.773 0 19.791.213l.05 3.216 6.225-.115-7.347 7.39 2.422 2.434 7.34-7.382-.108 6.213 3.184.098zM.215 19.903L0 31.97l11.984-.213-.05-3.217-6.225.113 7.348-7.388-2.42-2.436-7.34 7.383L3.402 20l-3.187-.098zM20.004 31.704L32 32.001l-.293-12.059-3.195.03.154 6.263-7.396-7.44-2.407 2.42 7.389 7.43-6.174-.148-.074 3.207zM12.213.33L.22.034l.293 12.059 3.195-.032-.152-6.26 7.394 7.438 2.404-2.418L5.967 3.39l6.174.15.072-3.209z\"><\/path><\/svg><\/button><\/div>\n<h4 class=\"item__title\">Nach<\/h4>\n<div class=\"item__description\"><\/div>\n<\/div>\n<\/div>\n<div style=\"width:100%;-webkit-flex-shrink:0;flex-shrink:0;overflow:auto\" aria-hidden=\"true\" data-swipeable=\"true\">\n<div class=\"items__item\">\n<div class=\"item__image-cont\">\n<div class=\"image-cont__image\">\n<figure class=\"image-wrapped__wrapper\" data-bordeaux-image-check=\"false\">\n<div class=\"image-wrapped__widthsetter\" style=\"max-width:2000px\">\n<div class=\"image-wrapped__aspect-padding\" style=\"padding-bottom:120%\">\n<div style=\"display:contents\"><picture data-hydrate=\"true\"><source class=\"image-wrapped__image image__image\" type=\"image\/webp\"   data-normal=\"https:\/\/vanilla.futurecdn.net\/cyclingnews\/media\/img\/missing-image.svg\" data-original-mos=\"https:\/\/www.strassenweb.de\/nachrichten\/wp-content\/uploads\/2025\/03\/qLAzJ274b76fuVN3bkJcni.jpg\" data-pin-media=\"https:\/\/www.strassenweb.de\/nachrichten\/wp-content\/uploads\/2025\/03\/qLAzJ274b76fuVN3bkJcni.jpg\" data-pin-nopin=\"true\" data-slice-image=\"true\"><\/source><source class=\"image-wrapped__image image__image\" type=\"image\/jpeg\"   data-normal=\"https:\/\/vanilla.futurecdn.net\/cyclingnews\/media\/img\/missing-image.svg\" data-original-mos=\"https:\/\/www.strassenweb.de\/nachrichten\/wp-content\/uploads\/2025\/03\/qLAzJ274b76fuVN3bkJcni.jpg\" data-pin-media=\"https:\/\/www.strassenweb.de\/nachrichten\/wp-content\/uploads\/2025\/03\/qLAzJ274b76fuVN3bkJcni.jpg\" data-pin-nopin=\"true\" data-slice-image=\"true\"><\/source><img decoding=\"async\" alt=\"Ein unordentliches Wohnzimmerregale mit wei\u00dfen Fensterl\u00e4den, Kerzen, \u00d6lbrenner und Goldrahmen\"  class=\"image-wrapped__image image__image\" loading=\"lazy\" data-normal=\"https:\/\/vanilla.futurecdn.net\/cyclingnews\/media\/img\/missing-image.svg\" src=\"https:\/\/www.strassenweb.de\/nachrichten\/wp-content\/uploads\/2025\/03\/qLAzJ274b76fuVN3bkJcni.jpg\" data-pin-media=\"https:\/\/www.strassenweb.de\/nachrichten\/wp-content\/uploads\/2025\/03\/qLAzJ274b76fuVN3bkJcni.jpg\" data-pin-nopin=\"true\" data-slice-image=\"true\"><\/picture><\/div>\n<\/div>\n<\/div>\n<\/figure>\n<\/div>\n<p><button class=\"image-cont__expand\" data-testid=\"expandButton\" data-analytics-id=\"gallery-expand-image\"><svg xmlns=\"http:\/\/www.w3.org\/2000\/svg\" width=\"32\" height=\"32\" viewbox=\"0 0 32 32\"><path d=\"M31.557 12.067L31.773 0 19.791.213l.05 3.216 6.225-.115-7.347 7.39 2.422 2.434 7.34-7.382-.108 6.213 3.184.098zM.215 19.903L0 31.97l11.984-.213-.05-3.217-6.225.113 7.348-7.388-2.42-2.436-7.34 7.383L3.402 20l-3.187-.098zM20.004 31.704L32 32.001l-.293-12.059-3.195.03.154 6.263-7.396-7.44-2.407 2.42 7.389 7.43-6.174-.148-.074 3.207zM12.213.33L.22.034l.293 12.059 3.195-.032-.152-6.26 7.394 7.438 2.404-2.418L5.967 3.39l6.174.15.072-3.209z\"><\/path><\/svg><\/button><\/div>\n<h4 class=\"item__title\">VOR<\/h4>\n<div class=\"item__description\"><\/div>\n<\/div>\n<\/div>\n<\/div>\n<\/div>\n<\/div>\n<\/div>\n<h2 class=\"article-body__section\" id=\"section-meet-the-experts\"><span>Treffen Sie die Experten<\/span><\/h2>\n<hr>\n<p>Wenn dies Sie dazu inspiriert hat, mehr japanische Organisationstechniken auszuprobieren, Danshari -Auftakt zu entdecken, was Ihnen helfen k\u00f6nnte, eine minimalistische Denkweise zu \u00fcbernehmen, oder die<strong> <\/strong>5S -Methode, mit der Ihr Zuhause organisiert und reinigen kann, um eine Aufgabe zu organisieren und zu reinigen.<\/p>\n<\/div>\n","protected":false},"excerpt":{"rendered":"<p>Ich liebe es, mein Zuhause so stromlinienf\u00f6rmig und un\u00fcbersichtlich wie m\u00f6glich zu halten, weil ich ein chaotischer Raum f\u00fchle, wie ich unorganisiert, gestresst und leicht<\/p>\n","protected":false},"author":1,"featured_media":4026,"comment_status":"closed","ping_status":"","sticky":false,"template":"","format":"standard","meta":{"footnotes":""},"categories":[118],"tags":[6122,112,51,2741,823,189,129,15,2962,6123,1672,6120,468,301,1054,1096,603,6121,37,1671,126,21,648,429,3175],"class_list":["post-4025","post","type-post","status-publish","format-standard","has-post-thumbnail","hentry","category-haus-garten","tag-anzugehen","tag-das","tag-dass","tag-gemacht","tag-habe","tag-hat","tag-ich","tag-ist","tag-japanische","tag-klar","tag-kleine","tag-konzept","tag-kueche","tag-mehr","tag-meine","tag-meinen","tag-mir","tag-ueberfuellte","tag-und","tag-versucht","tag-verwenden","tag-von","tag-weniger","tag-wirklich","tag-wohnraum","generate-columns","tablet-grid-50","mobile-grid-100","grid-parent","grid-50"],"yoast_head":"<!-- This site is optimized with the Yoast SEO plugin v27.3 - https:\/\/yoast.com\/product\/yoast-seo-wordpress\/ -->\n<title>Ich habe versucht, das japanische Konzept von MA zu verwenden, um meine kleine \u00fcberf\u00fcllte K\u00fcche und meinen Wohnraum anzugehen - es hat mir klar gemacht, dass weniger wirklich mehr ist - Nachrichten - Stra\u00dfenweb<\/title>\n<meta name=\"robots\" content=\"index, follow, max-snippet:-1, max-image-preview:large, max-video-preview:-1\" \/>\n<link rel=\"canonical\" href=\"https:\/\/www.strassenweb.de\/nachrichten\/ich-habe-versucht-das-japanische-konzept-von-ma-zu-verwenden-um-meine-kleine-ueberfuellte-kueche-und-meinen-wohnraum-anzugehen-es-hat-mir-klar-gemacht-dass-weniger-wirklich-mehr-ist\/\" \/>\n<meta property=\"og:locale\" content=\"de_DE\" \/>\n<meta property=\"og:type\" content=\"article\" \/>\n<meta property=\"og:title\" content=\"Ich habe versucht, das japanische Konzept von MA zu verwenden, um meine kleine \u00fcberf\u00fcllte K\u00fcche und meinen Wohnraum anzugehen - es hat mir klar gemacht, dass weniger wirklich mehr ist - Nachrichten - Stra\u00dfenweb\" \/>\n<meta property=\"og:description\" content=\"Ich liebe es, mein Zuhause so stromlinienf\u00f6rmig und un\u00fcbersichtlich wie m\u00f6glich zu halten, weil ich ein chaotischer Raum f\u00fchle, wie ich unorganisiert, gestresst und leicht\" \/>\n<meta property=\"og:url\" content=\"https:\/\/www.strassenweb.de\/nachrichten\/ich-habe-versucht-das-japanische-konzept-von-ma-zu-verwenden-um-meine-kleine-ueberfuellte-kueche-und-meinen-wohnraum-anzugehen-es-hat-mir-klar-gemacht-dass-weniger-wirklich-mehr-ist\/\" \/>\n<meta property=\"og:site_name\" content=\"Stra\u00dfenweb\" \/>\n<meta property=\"article:publisher\" content=\"https:\/\/www.facebook.com\/strassenweb\/\" \/>\n<meta property=\"article:published_time\" content=\"2025-03-21T14:41:13+00:00\" \/>\n<meta property=\"og:image\" content=\"https:\/\/www.strassenweb.de\/nachrichten\/wp-content\/uploads\/2025\/03\/Ich-habe-versucht-das-japanische-Konzept-von-MA-zu-verwenden.jpg\" \/>\n\t<meta property=\"og:image:width\" content=\"1200\" \/>\n\t<meta property=\"og:image:height\" content=\"675\" \/>\n\t<meta property=\"og:image:type\" content=\"image\/jpeg\" \/>\n<meta name=\"author\" content=\"Robert Hoffmann\" \/>\n<meta name=\"twitter:card\" content=\"summary_large_image\" \/>\n<meta name=\"twitter:label1\" content=\"Verfasst von\" \/>\n\t<meta name=\"twitter:data1\" content=\"Robert Hoffmann\" \/>\n\t<meta name=\"twitter:label2\" content=\"Gesch\u00e4tzte Lesezeit\" \/>\n\t<meta name=\"twitter:data2\" content=\"7\u00a0Minuten\" \/>\n<script type=\"application\/ld+json\" class=\"yoast-schema-graph\">{\"@context\":\"https:\\\/\\\/schema.org\",\"@graph\":[{\"@type\":\"Article\",\"@id\":\"https:\\\/\\\/www.strassenweb.de\\\/nachrichten\\\/ich-habe-versucht-das-japanische-konzept-von-ma-zu-verwenden-um-meine-kleine-ueberfuellte-kueche-und-meinen-wohnraum-anzugehen-es-hat-mir-klar-gemacht-dass-weniger-wirklich-mehr-ist\\\/#article\",\"isPartOf\":{\"@id\":\"https:\\\/\\\/www.strassenweb.de\\\/nachrichten\\\/ich-habe-versucht-das-japanische-konzept-von-ma-zu-verwenden-um-meine-kleine-ueberfuellte-kueche-und-meinen-wohnraum-anzugehen-es-hat-mir-klar-gemacht-dass-weniger-wirklich-mehr-ist\\\/\"},\"author\":{\"name\":\"Robert Hoffmann\",\"@id\":\"https:\\\/\\\/www.strassenweb.de\\\/nachrichten\\\/#\\\/schema\\\/person\\\/87c9c9067f1211da429a744dc5a5aa41\"},\"headline\":\"Ich habe versucht, das japanische Konzept von MA zu verwenden, um meine kleine \u00fcberf\u00fcllte K\u00fcche und meinen Wohnraum anzugehen &#8211; es hat mir klar gemacht, dass weniger wirklich mehr ist\",\"datePublished\":\"2025-03-21T14:41:13+00:00\",\"mainEntityOfPage\":{\"@id\":\"https:\\\/\\\/www.strassenweb.de\\\/nachrichten\\\/ich-habe-versucht-das-japanische-konzept-von-ma-zu-verwenden-um-meine-kleine-ueberfuellte-kueche-und-meinen-wohnraum-anzugehen-es-hat-mir-klar-gemacht-dass-weniger-wirklich-mehr-ist\\\/\"},\"wordCount\":1394,\"publisher\":{\"@id\":\"https:\\\/\\\/www.strassenweb.de\\\/nachrichten\\\/#organization\"},\"image\":{\"@id\":\"https:\\\/\\\/www.strassenweb.de\\\/nachrichten\\\/ich-habe-versucht-das-japanische-konzept-von-ma-zu-verwenden-um-meine-kleine-ueberfuellte-kueche-und-meinen-wohnraum-anzugehen-es-hat-mir-klar-gemacht-dass-weniger-wirklich-mehr-ist\\\/#primaryimage\"},\"thumbnailUrl\":\"https:\\\/\\\/www.strassenweb.de\\\/nachrichten\\\/wp-content\\\/uploads\\\/2025\\\/03\\\/Ich-habe-versucht-das-japanische-Konzept-von-MA-zu-verwenden.jpg\",\"keywords\":[\"anzugehen\",\"das\",\"dass\",\"gemacht\",\"habe\",\"hat\",\"ich\",\"ist\",\"japanische\",\"klar\",\"kleine\",\"Konzept\",\"K\u00fcche\",\"mehr\",\"meine\",\"meinen\",\"mir\",\"\u00fcberf\u00fcllte\",\"und\",\"versucht\",\"verwenden\",\"von\",\"weniger\",\"wirklich\",\"Wohnraum\"],\"articleSection\":[\"Haus &amp; Garten\"],\"inLanguage\":\"de\"},{\"@type\":\"WebPage\",\"@id\":\"https:\\\/\\\/www.strassenweb.de\\\/nachrichten\\\/ich-habe-versucht-das-japanische-konzept-von-ma-zu-verwenden-um-meine-kleine-ueberfuellte-kueche-und-meinen-wohnraum-anzugehen-es-hat-mir-klar-gemacht-dass-weniger-wirklich-mehr-ist\\\/\",\"url\":\"https:\\\/\\\/www.strassenweb.de\\\/nachrichten\\\/ich-habe-versucht-das-japanische-konzept-von-ma-zu-verwenden-um-meine-kleine-ueberfuellte-kueche-und-meinen-wohnraum-anzugehen-es-hat-mir-klar-gemacht-dass-weniger-wirklich-mehr-ist\\\/\",\"name\":\"Ich habe versucht, das japanische Konzept von MA zu verwenden, um meine kleine \u00fcberf\u00fcllte K\u00fcche und meinen Wohnraum anzugehen - es hat mir klar gemacht, dass weniger wirklich mehr ist - Nachrichten - Stra\u00dfenweb\",\"isPartOf\":{\"@id\":\"https:\\\/\\\/www.strassenweb.de\\\/nachrichten\\\/#website\"},\"primaryImageOfPage\":{\"@id\":\"https:\\\/\\\/www.strassenweb.de\\\/nachrichten\\\/ich-habe-versucht-das-japanische-konzept-von-ma-zu-verwenden-um-meine-kleine-ueberfuellte-kueche-und-meinen-wohnraum-anzugehen-es-hat-mir-klar-gemacht-dass-weniger-wirklich-mehr-ist\\\/#primaryimage\"},\"image\":{\"@id\":\"https:\\\/\\\/www.strassenweb.de\\\/nachrichten\\\/ich-habe-versucht-das-japanische-konzept-von-ma-zu-verwenden-um-meine-kleine-ueberfuellte-kueche-und-meinen-wohnraum-anzugehen-es-hat-mir-klar-gemacht-dass-weniger-wirklich-mehr-ist\\\/#primaryimage\"},\"thumbnailUrl\":\"https:\\\/\\\/www.strassenweb.de\\\/nachrichten\\\/wp-content\\\/uploads\\\/2025\\\/03\\\/Ich-habe-versucht-das-japanische-Konzept-von-MA-zu-verwenden.jpg\",\"datePublished\":\"2025-03-21T14:41:13+00:00\",\"breadcrumb\":{\"@id\":\"https:\\\/\\\/www.strassenweb.de\\\/nachrichten\\\/ich-habe-versucht-das-japanische-konzept-von-ma-zu-verwenden-um-meine-kleine-ueberfuellte-kueche-und-meinen-wohnraum-anzugehen-es-hat-mir-klar-gemacht-dass-weniger-wirklich-mehr-ist\\\/#breadcrumb\"},\"inLanguage\":\"de\",\"potentialAction\":[{\"@type\":\"ReadAction\",\"target\":[\"https:\\\/\\\/www.strassenweb.de\\\/nachrichten\\\/ich-habe-versucht-das-japanische-konzept-von-ma-zu-verwenden-um-meine-kleine-ueberfuellte-kueche-und-meinen-wohnraum-anzugehen-es-hat-mir-klar-gemacht-dass-weniger-wirklich-mehr-ist\\\/\"]}]},{\"@type\":\"ImageObject\",\"inLanguage\":\"de\",\"@id\":\"https:\\\/\\\/www.strassenweb.de\\\/nachrichten\\\/ich-habe-versucht-das-japanische-konzept-von-ma-zu-verwenden-um-meine-kleine-ueberfuellte-kueche-und-meinen-wohnraum-anzugehen-es-hat-mir-klar-gemacht-dass-weniger-wirklich-mehr-ist\\\/#primaryimage\",\"url\":\"https:\\\/\\\/www.strassenweb.de\\\/nachrichten\\\/wp-content\\\/uploads\\\/2025\\\/03\\\/Ich-habe-versucht-das-japanische-Konzept-von-MA-zu-verwenden.jpg\",\"contentUrl\":\"https:\\\/\\\/www.strassenweb.de\\\/nachrichten\\\/wp-content\\\/uploads\\\/2025\\\/03\\\/Ich-habe-versucht-das-japanische-Konzept-von-MA-zu-verwenden.jpg\",\"width\":1200,\"height\":675,\"caption\":\"Ich habe versucht, das japanische Konzept von MA zu verwenden, um meine kleine \u00fcberf\u00fcllte K\u00fcche und meinen Wohnraum anzugehen - es hat mir klar gemacht, dass weniger wirklich mehr ist\"},{\"@type\":\"BreadcrumbList\",\"@id\":\"https:\\\/\\\/www.strassenweb.de\\\/nachrichten\\\/ich-habe-versucht-das-japanische-konzept-von-ma-zu-verwenden-um-meine-kleine-ueberfuellte-kueche-und-meinen-wohnraum-anzugehen-es-hat-mir-klar-gemacht-dass-weniger-wirklich-mehr-ist\\\/#breadcrumb\",\"itemListElement\":[{\"@type\":\"ListItem\",\"position\":1,\"name\":\"Home\",\"item\":\"https:\\\/\\\/www.strassenweb.de\\\/nachrichten\\\/\"},{\"@type\":\"ListItem\",\"position\":2,\"name\":\"Ich habe versucht, das japanische Konzept von MA zu verwenden, um meine kleine \u00fcberf\u00fcllte K\u00fcche und meinen Wohnraum anzugehen &#8211; es hat mir klar gemacht, dass weniger wirklich mehr ist\"}]},{\"@type\":\"WebSite\",\"@id\":\"https:\\\/\\\/www.strassenweb.de\\\/nachrichten\\\/#website\",\"url\":\"https:\\\/\\\/www.strassenweb.de\\\/nachrichten\\\/\",\"name\":\"Stra\u00dfenweb\",\"description\":\"Stra\u00dfenverzeichnis f\u00fcr Deutschland\",\"publisher\":{\"@id\":\"https:\\\/\\\/www.strassenweb.de\\\/nachrichten\\\/#organization\"},\"potentialAction\":[{\"@type\":\"SearchAction\",\"target\":{\"@type\":\"EntryPoint\",\"urlTemplate\":\"https:\\\/\\\/www.strassenweb.de\\\/nachrichten\\\/?s={search_term_string}\"},\"query-input\":{\"@type\":\"PropertyValueSpecification\",\"valueRequired\":true,\"valueName\":\"search_term_string\"}}],\"inLanguage\":\"de\"},{\"@type\":\"Organization\",\"@id\":\"https:\\\/\\\/www.strassenweb.de\\\/nachrichten\\\/#organization\",\"name\":\"Stra\u00dfenweb\",\"url\":\"https:\\\/\\\/www.strassenweb.de\\\/nachrichten\\\/\",\"logo\":{\"@type\":\"ImageObject\",\"inLanguage\":\"de\",\"@id\":\"https:\\\/\\\/www.strassenweb.de\\\/nachrichten\\\/#\\\/schema\\\/logo\\\/image\\\/\",\"url\":\"https:\\\/\\\/www.strassenweb.de\\\/nachrichten\\\/wp-content\\\/uploads\\\/2024\\\/09\\\/cropped-favicon.png\",\"contentUrl\":\"https:\\\/\\\/www.strassenweb.de\\\/nachrichten\\\/wp-content\\\/uploads\\\/2024\\\/09\\\/cropped-favicon.png\",\"width\":512,\"height\":512,\"caption\":\"Stra\u00dfenweb\"},\"image\":{\"@id\":\"https:\\\/\\\/www.strassenweb.de\\\/nachrichten\\\/#\\\/schema\\\/logo\\\/image\\\/\"},\"sameAs\":[\"https:\\\/\\\/www.facebook.com\\\/strassenweb\\\/\"]},{\"@type\":\"Person\",\"@id\":\"https:\\\/\\\/www.strassenweb.de\\\/nachrichten\\\/#\\\/schema\\\/person\\\/87c9c9067f1211da429a744dc5a5aa41\",\"name\":\"Robert Hoffmann\",\"image\":{\"@type\":\"ImageObject\",\"inLanguage\":\"de\",\"@id\":\"https:\\\/\\\/www.strassenweb.de\\\/nachrichten\\\/wp-content\\\/uploads\\\/2024\\\/09\\\/strassenweb-150x150.jpg\",\"url\":\"https:\\\/\\\/www.strassenweb.de\\\/nachrichten\\\/wp-content\\\/uploads\\\/2024\\\/09\\\/strassenweb-150x150.jpg\",\"contentUrl\":\"https:\\\/\\\/www.strassenweb.de\\\/nachrichten\\\/wp-content\\\/uploads\\\/2024\\\/09\\\/strassenweb-150x150.jpg\",\"caption\":\"Robert Hoffmann\"},\"description\":\"Ich hei\u00dfe Robert Hoffmann und ich bin ein leidenschaftlicher Verfechter von \u00d6kologie und Biodiversit\u00e4t. Seit meiner Kindheit in den W\u00e4ldern Bayerns f\u00fchle ich mich mit der Natur verbunden und bin entschlossen, sie zu sch\u00fctzen. Heute widme ich mein Leben der Sensibilisierung anderer f\u00fcr die Bedeutung des Umweltschutzes f\u00fcr zuk\u00fcnftige Generationen.\",\"sameAs\":[\"https:\\\/\\\/www.strassenweb.de\\\/\"]}]}<\/script>\n<!-- \/ Yoast SEO plugin. -->","yoast_head_json":{"title":"Ich habe versucht, das japanische Konzept von MA zu verwenden, um meine kleine \u00fcberf\u00fcllte K\u00fcche und meinen Wohnraum anzugehen - es hat mir klar gemacht, dass weniger wirklich mehr ist - Nachrichten - Stra\u00dfenweb","robots":{"index":"index","follow":"follow","max-snippet":"max-snippet:-1","max-image-preview":"max-image-preview:large","max-video-preview":"max-video-preview:-1"},"canonical":"https:\/\/www.strassenweb.de\/nachrichten\/ich-habe-versucht-das-japanische-konzept-von-ma-zu-verwenden-um-meine-kleine-ueberfuellte-kueche-und-meinen-wohnraum-anzugehen-es-hat-mir-klar-gemacht-dass-weniger-wirklich-mehr-ist\/","og_locale":"de_DE","og_type":"article","og_title":"Ich habe versucht, das japanische Konzept von MA zu verwenden, um meine kleine \u00fcberf\u00fcllte K\u00fcche und meinen Wohnraum anzugehen - es hat mir klar gemacht, dass weniger wirklich mehr ist - Nachrichten - Stra\u00dfenweb","og_description":"Ich liebe es, mein Zuhause so stromlinienf\u00f6rmig und un\u00fcbersichtlich wie m\u00f6glich zu halten, weil ich ein chaotischer Raum f\u00fchle, wie ich unorganisiert, gestresst und leicht","og_url":"https:\/\/www.strassenweb.de\/nachrichten\/ich-habe-versucht-das-japanische-konzept-von-ma-zu-verwenden-um-meine-kleine-ueberfuellte-kueche-und-meinen-wohnraum-anzugehen-es-hat-mir-klar-gemacht-dass-weniger-wirklich-mehr-ist\/","og_site_name":"Stra\u00dfenweb","article_publisher":"https:\/\/www.facebook.com\/strassenweb\/","article_published_time":"2025-03-21T14:41:13+00:00","og_image":[{"width":1200,"height":675,"url":"https:\/\/www.strassenweb.de\/nachrichten\/wp-content\/uploads\/2025\/03\/Ich-habe-versucht-das-japanische-Konzept-von-MA-zu-verwenden.jpg","type":"image\/jpeg"}],"author":"Robert Hoffmann","twitter_card":"summary_large_image","twitter_misc":{"Verfasst von":"Robert Hoffmann","Gesch\u00e4tzte Lesezeit":"7\u00a0Minuten"},"schema":{"@context":"https:\/\/schema.org","@graph":[{"@type":"Article","@id":"https:\/\/www.strassenweb.de\/nachrichten\/ich-habe-versucht-das-japanische-konzept-von-ma-zu-verwenden-um-meine-kleine-ueberfuellte-kueche-und-meinen-wohnraum-anzugehen-es-hat-mir-klar-gemacht-dass-weniger-wirklich-mehr-ist\/#article","isPartOf":{"@id":"https:\/\/www.strassenweb.de\/nachrichten\/ich-habe-versucht-das-japanische-konzept-von-ma-zu-verwenden-um-meine-kleine-ueberfuellte-kueche-und-meinen-wohnraum-anzugehen-es-hat-mir-klar-gemacht-dass-weniger-wirklich-mehr-ist\/"},"author":{"name":"Robert Hoffmann","@id":"https:\/\/www.strassenweb.de\/nachrichten\/#\/schema\/person\/87c9c9067f1211da429a744dc5a5aa41"},"headline":"Ich habe versucht, das japanische Konzept von MA zu verwenden, um meine kleine \u00fcberf\u00fcllte K\u00fcche und meinen Wohnraum anzugehen &#8211; es hat mir klar gemacht, dass weniger wirklich mehr ist","datePublished":"2025-03-21T14:41:13+00:00","mainEntityOfPage":{"@id":"https:\/\/www.strassenweb.de\/nachrichten\/ich-habe-versucht-das-japanische-konzept-von-ma-zu-verwenden-um-meine-kleine-ueberfuellte-kueche-und-meinen-wohnraum-anzugehen-es-hat-mir-klar-gemacht-dass-weniger-wirklich-mehr-ist\/"},"wordCount":1394,"publisher":{"@id":"https:\/\/www.strassenweb.de\/nachrichten\/#organization"},"image":{"@id":"https:\/\/www.strassenweb.de\/nachrichten\/ich-habe-versucht-das-japanische-konzept-von-ma-zu-verwenden-um-meine-kleine-ueberfuellte-kueche-und-meinen-wohnraum-anzugehen-es-hat-mir-klar-gemacht-dass-weniger-wirklich-mehr-ist\/#primaryimage"},"thumbnailUrl":"https:\/\/www.strassenweb.de\/nachrichten\/wp-content\/uploads\/2025\/03\/Ich-habe-versucht-das-japanische-Konzept-von-MA-zu-verwenden.jpg","keywords":["anzugehen","das","dass","gemacht","habe","hat","ich","ist","japanische","klar","kleine","Konzept","K\u00fcche","mehr","meine","meinen","mir","\u00fcberf\u00fcllte","und","versucht","verwenden","von","weniger","wirklich","Wohnraum"],"articleSection":["Haus &amp; Garten"],"inLanguage":"de"},{"@type":"WebPage","@id":"https:\/\/www.strassenweb.de\/nachrichten\/ich-habe-versucht-das-japanische-konzept-von-ma-zu-verwenden-um-meine-kleine-ueberfuellte-kueche-und-meinen-wohnraum-anzugehen-es-hat-mir-klar-gemacht-dass-weniger-wirklich-mehr-ist\/","url":"https:\/\/www.strassenweb.de\/nachrichten\/ich-habe-versucht-das-japanische-konzept-von-ma-zu-verwenden-um-meine-kleine-ueberfuellte-kueche-und-meinen-wohnraum-anzugehen-es-hat-mir-klar-gemacht-dass-weniger-wirklich-mehr-ist\/","name":"Ich habe versucht, das japanische Konzept von MA zu verwenden, um meine kleine \u00fcberf\u00fcllte K\u00fcche und meinen Wohnraum anzugehen - es hat mir klar gemacht, dass weniger wirklich mehr ist - Nachrichten - Stra\u00dfenweb","isPartOf":{"@id":"https:\/\/www.strassenweb.de\/nachrichten\/#website"},"primaryImageOfPage":{"@id":"https:\/\/www.strassenweb.de\/nachrichten\/ich-habe-versucht-das-japanische-konzept-von-ma-zu-verwenden-um-meine-kleine-ueberfuellte-kueche-und-meinen-wohnraum-anzugehen-es-hat-mir-klar-gemacht-dass-weniger-wirklich-mehr-ist\/#primaryimage"},"image":{"@id":"https:\/\/www.strassenweb.de\/nachrichten\/ich-habe-versucht-das-japanische-konzept-von-ma-zu-verwenden-um-meine-kleine-ueberfuellte-kueche-und-meinen-wohnraum-anzugehen-es-hat-mir-klar-gemacht-dass-weniger-wirklich-mehr-ist\/#primaryimage"},"thumbnailUrl":"https:\/\/www.strassenweb.de\/nachrichten\/wp-content\/uploads\/2025\/03\/Ich-habe-versucht-das-japanische-Konzept-von-MA-zu-verwenden.jpg","datePublished":"2025-03-21T14:41:13+00:00","breadcrumb":{"@id":"https:\/\/www.strassenweb.de\/nachrichten\/ich-habe-versucht-das-japanische-konzept-von-ma-zu-verwenden-um-meine-kleine-ueberfuellte-kueche-und-meinen-wohnraum-anzugehen-es-hat-mir-klar-gemacht-dass-weniger-wirklich-mehr-ist\/#breadcrumb"},"inLanguage":"de","potentialAction":[{"@type":"ReadAction","target":["https:\/\/www.strassenweb.de\/nachrichten\/ich-habe-versucht-das-japanische-konzept-von-ma-zu-verwenden-um-meine-kleine-ueberfuellte-kueche-und-meinen-wohnraum-anzugehen-es-hat-mir-klar-gemacht-dass-weniger-wirklich-mehr-ist\/"]}]},{"@type":"ImageObject","inLanguage":"de","@id":"https:\/\/www.strassenweb.de\/nachrichten\/ich-habe-versucht-das-japanische-konzept-von-ma-zu-verwenden-um-meine-kleine-ueberfuellte-kueche-und-meinen-wohnraum-anzugehen-es-hat-mir-klar-gemacht-dass-weniger-wirklich-mehr-ist\/#primaryimage","url":"https:\/\/www.strassenweb.de\/nachrichten\/wp-content\/uploads\/2025\/03\/Ich-habe-versucht-das-japanische-Konzept-von-MA-zu-verwenden.jpg","contentUrl":"https:\/\/www.strassenweb.de\/nachrichten\/wp-content\/uploads\/2025\/03\/Ich-habe-versucht-das-japanische-Konzept-von-MA-zu-verwenden.jpg","width":1200,"height":675,"caption":"Ich habe versucht, das japanische Konzept von MA zu verwenden, um meine kleine \u00fcberf\u00fcllte K\u00fcche und meinen Wohnraum anzugehen - es hat mir klar gemacht, dass weniger wirklich mehr ist"},{"@type":"BreadcrumbList","@id":"https:\/\/www.strassenweb.de\/nachrichten\/ich-habe-versucht-das-japanische-konzept-von-ma-zu-verwenden-um-meine-kleine-ueberfuellte-kueche-und-meinen-wohnraum-anzugehen-es-hat-mir-klar-gemacht-dass-weniger-wirklich-mehr-ist\/#breadcrumb","itemListElement":[{"@type":"ListItem","position":1,"name":"Home","item":"https:\/\/www.strassenweb.de\/nachrichten\/"},{"@type":"ListItem","position":2,"name":"Ich habe versucht, das japanische Konzept von MA zu verwenden, um meine kleine \u00fcberf\u00fcllte K\u00fcche und meinen Wohnraum anzugehen &#8211; es hat mir klar gemacht, dass weniger wirklich mehr ist"}]},{"@type":"WebSite","@id":"https:\/\/www.strassenweb.de\/nachrichten\/#website","url":"https:\/\/www.strassenweb.de\/nachrichten\/","name":"Stra\u00dfenweb","description":"Stra\u00dfenverzeichnis f\u00fcr Deutschland","publisher":{"@id":"https:\/\/www.strassenweb.de\/nachrichten\/#organization"},"potentialAction":[{"@type":"SearchAction","target":{"@type":"EntryPoint","urlTemplate":"https:\/\/www.strassenweb.de\/nachrichten\/?s={search_term_string}"},"query-input":{"@type":"PropertyValueSpecification","valueRequired":true,"valueName":"search_term_string"}}],"inLanguage":"de"},{"@type":"Organization","@id":"https:\/\/www.strassenweb.de\/nachrichten\/#organization","name":"Stra\u00dfenweb","url":"https:\/\/www.strassenweb.de\/nachrichten\/","logo":{"@type":"ImageObject","inLanguage":"de","@id":"https:\/\/www.strassenweb.de\/nachrichten\/#\/schema\/logo\/image\/","url":"https:\/\/www.strassenweb.de\/nachrichten\/wp-content\/uploads\/2024\/09\/cropped-favicon.png","contentUrl":"https:\/\/www.strassenweb.de\/nachrichten\/wp-content\/uploads\/2024\/09\/cropped-favicon.png","width":512,"height":512,"caption":"Stra\u00dfenweb"},"image":{"@id":"https:\/\/www.strassenweb.de\/nachrichten\/#\/schema\/logo\/image\/"},"sameAs":["https:\/\/www.facebook.com\/strassenweb\/"]},{"@type":"Person","@id":"https:\/\/www.strassenweb.de\/nachrichten\/#\/schema\/person\/87c9c9067f1211da429a744dc5a5aa41","name":"Robert Hoffmann","image":{"@type":"ImageObject","inLanguage":"de","@id":"https:\/\/www.strassenweb.de\/nachrichten\/wp-content\/uploads\/2024\/09\/strassenweb-150x150.jpg","url":"https:\/\/www.strassenweb.de\/nachrichten\/wp-content\/uploads\/2024\/09\/strassenweb-150x150.jpg","contentUrl":"https:\/\/www.strassenweb.de\/nachrichten\/wp-content\/uploads\/2024\/09\/strassenweb-150x150.jpg","caption":"Robert Hoffmann"},"description":"Ich hei\u00dfe Robert Hoffmann und ich bin ein leidenschaftlicher Verfechter von \u00d6kologie und Biodiversit\u00e4t. Seit meiner Kindheit in den W\u00e4ldern Bayerns f\u00fchle ich mich mit der Natur verbunden und bin entschlossen, sie zu sch\u00fctzen. Heute widme ich mein Leben der Sensibilisierung anderer f\u00fcr die Bedeutung des Umweltschutzes f\u00fcr zuk\u00fcnftige Generationen.","sameAs":["https:\/\/www.strassenweb.de\/"]}]}},"_links":{"self":[{"href":"https:\/\/www.strassenweb.de\/nachrichten\/wp-json\/wp\/v2\/posts\/4025","targetHints":{"allow":["GET"]}}],"collection":[{"href":"https:\/\/www.strassenweb.de\/nachrichten\/wp-json\/wp\/v2\/posts"}],"about":[{"href":"https:\/\/www.strassenweb.de\/nachrichten\/wp-json\/wp\/v2\/types\/post"}],"author":[{"embeddable":true,"href":"https:\/\/www.strassenweb.de\/nachrichten\/wp-json\/wp\/v2\/users\/1"}],"replies":[{"embeddable":true,"href":"https:\/\/www.strassenweb.de\/nachrichten\/wp-json\/wp\/v2\/comments?post=4025"}],"version-history":[{"count":0,"href":"https:\/\/www.strassenweb.de\/nachrichten\/wp-json\/wp\/v2\/posts\/4025\/revisions"}],"wp:featuredmedia":[{"embeddable":true,"href":"https:\/\/www.strassenweb.de\/nachrichten\/wp-json\/wp\/v2\/media\/4026"}],"wp:attachment":[{"href":"https:\/\/www.strassenweb.de\/nachrichten\/wp-json\/wp\/v2\/media?parent=4025"}],"wp:term":[{"taxonomy":"category","embeddable":true,"href":"https:\/\/www.strassenweb.de\/nachrichten\/wp-json\/wp\/v2\/categories?post=4025"},{"taxonomy":"post_tag","embeddable":true,"href":"https:\/\/www.strassenweb.de\/nachrichten\/wp-json\/wp\/v2\/tags?post=4025"}],"curies":[{"name":"wp","href":"https:\/\/api.w.org\/{rel}","templated":true}]}}