{"id":4019,"date":"2025-03-21T11:45:02","date_gmt":"2025-03-21T10:45:02","guid":{"rendered":"https:\/\/www.strassenweb.de\/nachrichten\/lisa-barlow-ist-besessen-von-sauber-so-verwandelt-sie-den-toten-raum-in-clevere-reinigungsproduktspeicher-um-ihr-zuhause-funkeln-zu-halten\/"},"modified":"2025-03-21T11:45:03","modified_gmt":"2025-03-21T10:45:03","slug":"lisa-barlow-ist-besessen-von-sauber-so-verwandelt-sie-den-toten-raum-in-clevere-reinigungsproduktspeicher-um-ihr-zuhause-funkeln-zu-halten","status":"publish","type":"post","link":"https:\/\/www.strassenweb.de\/nachrichten\/lisa-barlow-ist-besessen-von-sauber-so-verwandelt-sie-den-toten-raum-in-clevere-reinigungsproduktspeicher-um-ihr-zuhause-funkeln-zu-halten\/","title":{"rendered":"Lisa Barlow ist &#8222;besessen von sauber&#8220; &#8211; so verwandelt sie den toten Raum in clevere Reinigungsproduktspeicher (um ihr Zuhause funkeln zu halten)"},"content":{"rendered":"<p><\/p>\n<div id=\"article-body\" class=\"article__body \">\n<p>Im Ansatz der w\u00e4rmeren Monate denken viele von uns dar\u00fcber nach, wie sie unsere Fr\u00fchlingsreinigung starten k\u00f6nnen. F\u00fcr diejenigen von uns, die ein organisiertes Zuhause lieben, ist es genauso wichtig, zu wissen, wie wir unsere Reinigungsvorr\u00e4te aufbewahren k\u00f6nnen wie die Auswahl der richtigen Materialien, mit denen sie reinigen k\u00f6nnen. Lisa Barlow f\u00e4llt fest in dieses Lager.<\/p>\n<div id=\"ad-unit-1\" class=\"ad-unit\"><\/div>\n<p>Die echte Hausfrau von Salt Lake City war so lange an der Reinigung interessiert, wie sie sich erinnern kann. Sie schloss sich an <em>H\u00e4user &#038; G\u00e4rten<\/em> \u00fcber ihre Partnerschaft mit Clorox zu sprechen und wie sie ihr sehr sauberes Haus organisiert. Lisa erkl\u00e4rt: \u201eIch bin von Clean besessen, also war es eine sehr nat\u00fcrliche Partnerschaft. Ich bin in einem Haus aufgewachsen, in dem meine Mutter nur Clorox benutzte. Also f\u00fcr mich, wenn es nicht klorox ist, ist es nicht sauber. &#8218;<\/p>\n<aside class=\"hawk-base\" data-block-type=\"embed\" data-render-type=\"fte\" data-skip=\"dealsy\" data-widget-type=\"seasonal\">\n<div class=\"hawk-master-widget-hawk-base-wrapper\"><\/div>\n<\/aside>\n<p>F\u00fcr Lisa Barlow ist die Organisation von Reinigungsvorr\u00e4ten genauso wichtig wie die Versorgung, die sie verwendet. Sie erz\u00e4hlt <em>H\u00e4user &#038; G\u00e4rten<\/em>: &#8218;Ich habe einen kleinen Platz unten, wo alles vollst\u00e4ndig organisiert ist. Wir hatten ma\u00dfgefertigte Schr\u00e4nke in diesen Raum. Es war toter Raum, den ich entschied, dass wir nutzen sollten. Wir f\u00fcgten eine T\u00fcr hinzu, f\u00fcgte in all diesen tollen Regalen hinzu. Es ist wirklich h\u00fcbsch. F\u00fcr mich muss es gut aussehen. Ich mag alles organisiert, vorne und in der Schlange f\u00fcr das, was wir brauchen. &#8218;<\/p>\n<div id=\"desktop-in-article\" class=\"in-article ad-unit\">\n<div id=\"desktop-taboola-mid-article\"><\/div>\n<\/div>\n<div id=\"mobile-in-article\" class=\"in-article ad-unit\">\n<div id=\"mobile-taboola-mid-article\"><\/div>\n<\/div>\n<h3 class=\"article-body__section\" id=\"section-shop-lisa-s-favorite-cleaning-products\"><span>Kaufen Sie Lisas Lieblingsreinigungsprodukte ein<\/span><\/h3>\n<p>Wenn Sie sauber bleiben, m\u00fcssen Sie die richtigen Werkzeuge haben, und dies sind einige der Clorox -Produkte, auf die Lisa schw\u00f6rt.<\/p>\n<div class=\"van_vid_carousel\">\n<div class=\"van_vid_carousel__padding\">\n<div class=\"van_vid_carousel__container\"><\/div>\n<\/div>\n<\/div>\n<div class=\"product-container hero-product-container product-block-no-wrap\"><\/div>\n<figure class=\"van-image-figure inline-layout \" data-bordeaux-image-check>\n<div class=\"image-full-width-wrapper\">\n<div class=\"image-widthsetter\" style=\"max-width:2000px;\"><\/div>\n<\/div>\n<\/figure>\n<p>Diese Lagerung ist ein wesentlicher Bestandteil des Innenarchitektur in Lisa zu Hause. Sie sagt: \u201eWir bauen ein neues Haus, also sind wir in der architektonischen Phase, und f\u00fcr mich war es wirklich wichtig, dass wir einen Platz hatten, um Reinigungsmittel zu lagern. Ich denke, viele Leute denken an einen Waschraum als eine gro\u00dfartige Arbeitsplatte. F\u00fcr mich wollte ich Reihen der Regale, wo ich alles organisieren und alles an einem gro\u00dfartigen Ort haben konnte, an dem ich es sehen kann. Ich bin eine sehr visuelle Person. F\u00fcr mich ist es also sehr wichtig, zu sehen, was ich habe und in der Lage zu sein, das zu verwenden. Ich denke, unser Waschraum und unser Lagerraum werden eines der sch\u00f6nsten R\u00e4ume des Hauses sein. &#8218;<\/p>\n<div id=\"ad-unit-2\" class=\"ad-unit\"><\/div>\n<figure class=\"van-image-figure inline-layout \" data-bordeaux-image-check>\n<div class=\"image-full-width-wrapper\">\n<div class=\"image-widthsetter\" style=\"max-width:2000px;\"><\/div>\n<\/div>\n<\/figure>\n<hr>\n<p>Unabh\u00e4ngig davon, ob Sie ein Arsenal an Reinigungsprodukten haben oder gerade erst mit dem Aufbau Ihrer Sammlung beginnen, ist die richtige Organisation der Schl\u00fcssel, um Ihr Zuhause zu behalten. Nehmen Sie es von Lisa Barlow.<\/p>\n<hr>\n<div id=\"slice-container-newsletterForm-articleInbodyContent-VSpYfBn2BN7qiGzz5hFe9Q\" class=\"slice-container newsletter-inbodyContent-slice newsletterForm-articleInbodyContent-VSpYfBn2BN7qiGzz5hFe9Q slice-container-newsletterForm\"><\/div>\n<\/div>\n","protected":false},"excerpt":{"rendered":"<p>Im Ansatz der w\u00e4rmeren Monate denken viele von uns dar\u00fcber nach, wie sie unsere Fr\u00fchlingsreinigung starten k\u00f6nnen. F\u00fcr diejenigen von uns, die ein organisiertes Zuhause<\/p>\n","protected":false},"author":1,"featured_media":4020,"comment_status":"closed","ping_status":"","sticky":false,"template":"","format":"standard","meta":{"footnotes":""},"categories":[118],"tags":[6114,3371,2725,78,6116,720,170,15,6113,182,6115,1738,165,1713,662,21,171],"class_list":["post-4019","post","type-post","status-publish","format-standard","has-post-thumbnail","hentry","category-haus-garten","tag-barlow","tag-besessen","tag-clevere","tag-den","tag-funkeln","tag-halten","tag-ihr","tag-ist","tag-lisa","tag-raum","tag-reinigungsproduktspeicher","tag-sauber","tag-sie","tag-toten","tag-verwandelt","tag-von","tag-zuhause","generate-columns","tablet-grid-50","mobile-grid-100","grid-parent","grid-50"],"yoast_head":"<!-- This site is optimized with the Yoast SEO plugin v27.3 - https:\/\/yoast.com\/product\/yoast-seo-wordpress\/ -->\n<title>Lisa Barlow ist &quot;besessen von sauber&quot; - so verwandelt sie den toten Raum in clevere Reinigungsproduktspeicher (um ihr Zuhause funkeln zu halten) - Nachrichten - Stra\u00dfenweb<\/title>\n<meta name=\"robots\" content=\"index, follow, max-snippet:-1, max-image-preview:large, max-video-preview:-1\" \/>\n<link rel=\"canonical\" href=\"https:\/\/www.strassenweb.de\/nachrichten\/lisa-barlow-ist-besessen-von-sauber-so-verwandelt-sie-den-toten-raum-in-clevere-reinigungsproduktspeicher-um-ihr-zuhause-funkeln-zu-halten\/\" \/>\n<meta property=\"og:locale\" content=\"de_DE\" \/>\n<meta property=\"og:type\" content=\"article\" \/>\n<meta property=\"og:title\" content=\"Lisa Barlow ist &quot;besessen von sauber&quot; - so verwandelt sie den toten Raum in clevere Reinigungsproduktspeicher (um ihr Zuhause funkeln zu halten) - Nachrichten - Stra\u00dfenweb\" \/>\n<meta property=\"og:description\" content=\"Im Ansatz der w\u00e4rmeren Monate denken viele von uns dar\u00fcber nach, wie sie unsere Fr\u00fchlingsreinigung starten k\u00f6nnen. F\u00fcr diejenigen von uns, die ein organisiertes Zuhause\" \/>\n<meta property=\"og:url\" content=\"https:\/\/www.strassenweb.de\/nachrichten\/lisa-barlow-ist-besessen-von-sauber-so-verwandelt-sie-den-toten-raum-in-clevere-reinigungsproduktspeicher-um-ihr-zuhause-funkeln-zu-halten\/\" \/>\n<meta property=\"og:site_name\" content=\"Stra\u00dfenweb\" \/>\n<meta property=\"article:publisher\" content=\"https:\/\/www.facebook.com\/strassenweb\/\" \/>\n<meta property=\"article:published_time\" content=\"2025-03-21T10:45:02+00:00\" \/>\n<meta property=\"article:modified_time\" content=\"2025-03-21T10:45:03+00:00\" \/>\n<meta property=\"og:image\" content=\"https:\/\/www.strassenweb.de\/nachrichten\/wp-content\/uploads\/2025\/03\/Lisa-Barlow-ist-besessen-von-sauber-so-verwandelt-sie.jpg\" \/>\n\t<meta property=\"og:image:width\" content=\"1200\" \/>\n\t<meta property=\"og:image:height\" content=\"675\" \/>\n\t<meta property=\"og:image:type\" content=\"image\/jpeg\" \/>\n<meta name=\"author\" content=\"Robert Hoffmann\" \/>\n<meta name=\"twitter:card\" content=\"summary_large_image\" \/>\n<meta name=\"twitter:label1\" content=\"Verfasst von\" \/>\n\t<meta name=\"twitter:data1\" content=\"Robert Hoffmann\" \/>\n\t<meta name=\"twitter:label2\" content=\"Gesch\u00e4tzte Lesezeit\" \/>\n\t<meta name=\"twitter:data2\" content=\"2\u00a0Minuten\" \/>\n<script type=\"application\/ld+json\" class=\"yoast-schema-graph\">{\"@context\":\"https:\\\/\\\/schema.org\",\"@graph\":[{\"@type\":\"Article\",\"@id\":\"https:\\\/\\\/www.strassenweb.de\\\/nachrichten\\\/lisa-barlow-ist-besessen-von-sauber-so-verwandelt-sie-den-toten-raum-in-clevere-reinigungsproduktspeicher-um-ihr-zuhause-funkeln-zu-halten\\\/#article\",\"isPartOf\":{\"@id\":\"https:\\\/\\\/www.strassenweb.de\\\/nachrichten\\\/lisa-barlow-ist-besessen-von-sauber-so-verwandelt-sie-den-toten-raum-in-clevere-reinigungsproduktspeicher-um-ihr-zuhause-funkeln-zu-halten\\\/\"},\"author\":{\"name\":\"Robert Hoffmann\",\"@id\":\"https:\\\/\\\/www.strassenweb.de\\\/nachrichten\\\/#\\\/schema\\\/person\\\/87c9c9067f1211da429a744dc5a5aa41\"},\"headline\":\"Lisa Barlow ist &#8222;besessen von sauber&#8220; &#8211; so verwandelt sie den toten Raum in clevere Reinigungsproduktspeicher (um ihr Zuhause funkeln zu halten)\",\"datePublished\":\"2025-03-21T10:45:02+00:00\",\"dateModified\":\"2025-03-21T10:45:03+00:00\",\"mainEntityOfPage\":{\"@id\":\"https:\\\/\\\/www.strassenweb.de\\\/nachrichten\\\/lisa-barlow-ist-besessen-von-sauber-so-verwandelt-sie-den-toten-raum-in-clevere-reinigungsproduktspeicher-um-ihr-zuhause-funkeln-zu-halten\\\/\"},\"wordCount\":463,\"publisher\":{\"@id\":\"https:\\\/\\\/www.strassenweb.de\\\/nachrichten\\\/#organization\"},\"image\":{\"@id\":\"https:\\\/\\\/www.strassenweb.de\\\/nachrichten\\\/lisa-barlow-ist-besessen-von-sauber-so-verwandelt-sie-den-toten-raum-in-clevere-reinigungsproduktspeicher-um-ihr-zuhause-funkeln-zu-halten\\\/#primaryimage\"},\"thumbnailUrl\":\"https:\\\/\\\/www.strassenweb.de\\\/nachrichten\\\/wp-content\\\/uploads\\\/2025\\\/03\\\/Lisa-Barlow-ist-besessen-von-sauber-so-verwandelt-sie.jpg\",\"keywords\":[\"Barlow\",\"besessen\",\"clevere\",\"den\",\"funkeln\",\"halten\",\"Ihr\",\"ist\",\"Lisa\",\"Raum\",\"Reinigungsproduktspeicher\",\"sauber\",\"Sie\",\"toten\",\"verwandelt\",\"von\",\"Zuhause\"],\"articleSection\":[\"Haus &amp; Garten\"],\"inLanguage\":\"de\"},{\"@type\":\"WebPage\",\"@id\":\"https:\\\/\\\/www.strassenweb.de\\\/nachrichten\\\/lisa-barlow-ist-besessen-von-sauber-so-verwandelt-sie-den-toten-raum-in-clevere-reinigungsproduktspeicher-um-ihr-zuhause-funkeln-zu-halten\\\/\",\"url\":\"https:\\\/\\\/www.strassenweb.de\\\/nachrichten\\\/lisa-barlow-ist-besessen-von-sauber-so-verwandelt-sie-den-toten-raum-in-clevere-reinigungsproduktspeicher-um-ihr-zuhause-funkeln-zu-halten\\\/\",\"name\":\"Lisa Barlow ist \\\"besessen von sauber\\\" - so verwandelt sie den toten Raum in clevere Reinigungsproduktspeicher (um ihr Zuhause funkeln zu halten) - Nachrichten - Stra\u00dfenweb\",\"isPartOf\":{\"@id\":\"https:\\\/\\\/www.strassenweb.de\\\/nachrichten\\\/#website\"},\"primaryImageOfPage\":{\"@id\":\"https:\\\/\\\/www.strassenweb.de\\\/nachrichten\\\/lisa-barlow-ist-besessen-von-sauber-so-verwandelt-sie-den-toten-raum-in-clevere-reinigungsproduktspeicher-um-ihr-zuhause-funkeln-zu-halten\\\/#primaryimage\"},\"image\":{\"@id\":\"https:\\\/\\\/www.strassenweb.de\\\/nachrichten\\\/lisa-barlow-ist-besessen-von-sauber-so-verwandelt-sie-den-toten-raum-in-clevere-reinigungsproduktspeicher-um-ihr-zuhause-funkeln-zu-halten\\\/#primaryimage\"},\"thumbnailUrl\":\"https:\\\/\\\/www.strassenweb.de\\\/nachrichten\\\/wp-content\\\/uploads\\\/2025\\\/03\\\/Lisa-Barlow-ist-besessen-von-sauber-so-verwandelt-sie.jpg\",\"datePublished\":\"2025-03-21T10:45:02+00:00\",\"dateModified\":\"2025-03-21T10:45:03+00:00\",\"breadcrumb\":{\"@id\":\"https:\\\/\\\/www.strassenweb.de\\\/nachrichten\\\/lisa-barlow-ist-besessen-von-sauber-so-verwandelt-sie-den-toten-raum-in-clevere-reinigungsproduktspeicher-um-ihr-zuhause-funkeln-zu-halten\\\/#breadcrumb\"},\"inLanguage\":\"de\",\"potentialAction\":[{\"@type\":\"ReadAction\",\"target\":[\"https:\\\/\\\/www.strassenweb.de\\\/nachrichten\\\/lisa-barlow-ist-besessen-von-sauber-so-verwandelt-sie-den-toten-raum-in-clevere-reinigungsproduktspeicher-um-ihr-zuhause-funkeln-zu-halten\\\/\"]}]},{\"@type\":\"ImageObject\",\"inLanguage\":\"de\",\"@id\":\"https:\\\/\\\/www.strassenweb.de\\\/nachrichten\\\/lisa-barlow-ist-besessen-von-sauber-so-verwandelt-sie-den-toten-raum-in-clevere-reinigungsproduktspeicher-um-ihr-zuhause-funkeln-zu-halten\\\/#primaryimage\",\"url\":\"https:\\\/\\\/www.strassenweb.de\\\/nachrichten\\\/wp-content\\\/uploads\\\/2025\\\/03\\\/Lisa-Barlow-ist-besessen-von-sauber-so-verwandelt-sie.jpg\",\"contentUrl\":\"https:\\\/\\\/www.strassenweb.de\\\/nachrichten\\\/wp-content\\\/uploads\\\/2025\\\/03\\\/Lisa-Barlow-ist-besessen-von-sauber-so-verwandelt-sie.jpg\",\"width\":1200,\"height\":675,\"caption\":\"Lisa Barlow ist \\\"besessen von sauber\\\" - so verwandelt sie den toten Raum in clevere Reinigungsproduktspeicher (um ihr Zuhause funkeln zu halten)\"},{\"@type\":\"BreadcrumbList\",\"@id\":\"https:\\\/\\\/www.strassenweb.de\\\/nachrichten\\\/lisa-barlow-ist-besessen-von-sauber-so-verwandelt-sie-den-toten-raum-in-clevere-reinigungsproduktspeicher-um-ihr-zuhause-funkeln-zu-halten\\\/#breadcrumb\",\"itemListElement\":[{\"@type\":\"ListItem\",\"position\":1,\"name\":\"Home\",\"item\":\"https:\\\/\\\/www.strassenweb.de\\\/nachrichten\\\/\"},{\"@type\":\"ListItem\",\"position\":2,\"name\":\"Lisa Barlow ist &#8222;besessen von sauber&#8220; &#8211; so verwandelt sie den toten Raum in clevere Reinigungsproduktspeicher (um ihr Zuhause funkeln zu halten)\"}]},{\"@type\":\"WebSite\",\"@id\":\"https:\\\/\\\/www.strassenweb.de\\\/nachrichten\\\/#website\",\"url\":\"https:\\\/\\\/www.strassenweb.de\\\/nachrichten\\\/\",\"name\":\"Stra\u00dfenweb\",\"description\":\"Stra\u00dfenverzeichnis f\u00fcr Deutschland\",\"publisher\":{\"@id\":\"https:\\\/\\\/www.strassenweb.de\\\/nachrichten\\\/#organization\"},\"potentialAction\":[{\"@type\":\"SearchAction\",\"target\":{\"@type\":\"EntryPoint\",\"urlTemplate\":\"https:\\\/\\\/www.strassenweb.de\\\/nachrichten\\\/?s={search_term_string}\"},\"query-input\":{\"@type\":\"PropertyValueSpecification\",\"valueRequired\":true,\"valueName\":\"search_term_string\"}}],\"inLanguage\":\"de\"},{\"@type\":\"Organization\",\"@id\":\"https:\\\/\\\/www.strassenweb.de\\\/nachrichten\\\/#organization\",\"name\":\"Stra\u00dfenweb\",\"url\":\"https:\\\/\\\/www.strassenweb.de\\\/nachrichten\\\/\",\"logo\":{\"@type\":\"ImageObject\",\"inLanguage\":\"de\",\"@id\":\"https:\\\/\\\/www.strassenweb.de\\\/nachrichten\\\/#\\\/schema\\\/logo\\\/image\\\/\",\"url\":\"https:\\\/\\\/www.strassenweb.de\\\/nachrichten\\\/wp-content\\\/uploads\\\/2024\\\/09\\\/cropped-favicon.png\",\"contentUrl\":\"https:\\\/\\\/www.strassenweb.de\\\/nachrichten\\\/wp-content\\\/uploads\\\/2024\\\/09\\\/cropped-favicon.png\",\"width\":512,\"height\":512,\"caption\":\"Stra\u00dfenweb\"},\"image\":{\"@id\":\"https:\\\/\\\/www.strassenweb.de\\\/nachrichten\\\/#\\\/schema\\\/logo\\\/image\\\/\"},\"sameAs\":[\"https:\\\/\\\/www.facebook.com\\\/strassenweb\\\/\"]},{\"@type\":\"Person\",\"@id\":\"https:\\\/\\\/www.strassenweb.de\\\/nachrichten\\\/#\\\/schema\\\/person\\\/87c9c9067f1211da429a744dc5a5aa41\",\"name\":\"Robert Hoffmann\",\"image\":{\"@type\":\"ImageObject\",\"inLanguage\":\"de\",\"@id\":\"https:\\\/\\\/www.strassenweb.de\\\/nachrichten\\\/wp-content\\\/uploads\\\/2024\\\/09\\\/strassenweb-150x150.jpg\",\"url\":\"https:\\\/\\\/www.strassenweb.de\\\/nachrichten\\\/wp-content\\\/uploads\\\/2024\\\/09\\\/strassenweb-150x150.jpg\",\"contentUrl\":\"https:\\\/\\\/www.strassenweb.de\\\/nachrichten\\\/wp-content\\\/uploads\\\/2024\\\/09\\\/strassenweb-150x150.jpg\",\"caption\":\"Robert Hoffmann\"},\"description\":\"Ich hei\u00dfe Robert Hoffmann und ich bin ein leidenschaftlicher Verfechter von \u00d6kologie und Biodiversit\u00e4t. Seit meiner Kindheit in den W\u00e4ldern Bayerns f\u00fchle ich mich mit der Natur verbunden und bin entschlossen, sie zu sch\u00fctzen. Heute widme ich mein Leben der Sensibilisierung anderer f\u00fcr die Bedeutung des Umweltschutzes f\u00fcr zuk\u00fcnftige Generationen.\",\"sameAs\":[\"https:\\\/\\\/www.strassenweb.de\\\/\"]}]}<\/script>\n<!-- \/ Yoast SEO plugin. -->","yoast_head_json":{"title":"Lisa Barlow ist \"besessen von sauber\" - so verwandelt sie den toten Raum in clevere Reinigungsproduktspeicher (um ihr Zuhause funkeln zu halten) - Nachrichten - Stra\u00dfenweb","robots":{"index":"index","follow":"follow","max-snippet":"max-snippet:-1","max-image-preview":"max-image-preview:large","max-video-preview":"max-video-preview:-1"},"canonical":"https:\/\/www.strassenweb.de\/nachrichten\/lisa-barlow-ist-besessen-von-sauber-so-verwandelt-sie-den-toten-raum-in-clevere-reinigungsproduktspeicher-um-ihr-zuhause-funkeln-zu-halten\/","og_locale":"de_DE","og_type":"article","og_title":"Lisa Barlow ist \"besessen von sauber\" - so verwandelt sie den toten Raum in clevere Reinigungsproduktspeicher (um ihr Zuhause funkeln zu halten) - Nachrichten - Stra\u00dfenweb","og_description":"Im Ansatz der w\u00e4rmeren Monate denken viele von uns dar\u00fcber nach, wie sie unsere Fr\u00fchlingsreinigung starten k\u00f6nnen. F\u00fcr diejenigen von uns, die ein organisiertes Zuhause","og_url":"https:\/\/www.strassenweb.de\/nachrichten\/lisa-barlow-ist-besessen-von-sauber-so-verwandelt-sie-den-toten-raum-in-clevere-reinigungsproduktspeicher-um-ihr-zuhause-funkeln-zu-halten\/","og_site_name":"Stra\u00dfenweb","article_publisher":"https:\/\/www.facebook.com\/strassenweb\/","article_published_time":"2025-03-21T10:45:02+00:00","article_modified_time":"2025-03-21T10:45:03+00:00","og_image":[{"width":1200,"height":675,"url":"https:\/\/www.strassenweb.de\/nachrichten\/wp-content\/uploads\/2025\/03\/Lisa-Barlow-ist-besessen-von-sauber-so-verwandelt-sie.jpg","type":"image\/jpeg"}],"author":"Robert Hoffmann","twitter_card":"summary_large_image","twitter_misc":{"Verfasst von":"Robert Hoffmann","Gesch\u00e4tzte Lesezeit":"2\u00a0Minuten"},"schema":{"@context":"https:\/\/schema.org","@graph":[{"@type":"Article","@id":"https:\/\/www.strassenweb.de\/nachrichten\/lisa-barlow-ist-besessen-von-sauber-so-verwandelt-sie-den-toten-raum-in-clevere-reinigungsproduktspeicher-um-ihr-zuhause-funkeln-zu-halten\/#article","isPartOf":{"@id":"https:\/\/www.strassenweb.de\/nachrichten\/lisa-barlow-ist-besessen-von-sauber-so-verwandelt-sie-den-toten-raum-in-clevere-reinigungsproduktspeicher-um-ihr-zuhause-funkeln-zu-halten\/"},"author":{"name":"Robert Hoffmann","@id":"https:\/\/www.strassenweb.de\/nachrichten\/#\/schema\/person\/87c9c9067f1211da429a744dc5a5aa41"},"headline":"Lisa Barlow ist &#8222;besessen von sauber&#8220; &#8211; so verwandelt sie den toten Raum in clevere Reinigungsproduktspeicher (um ihr Zuhause funkeln zu halten)","datePublished":"2025-03-21T10:45:02+00:00","dateModified":"2025-03-21T10:45:03+00:00","mainEntityOfPage":{"@id":"https:\/\/www.strassenweb.de\/nachrichten\/lisa-barlow-ist-besessen-von-sauber-so-verwandelt-sie-den-toten-raum-in-clevere-reinigungsproduktspeicher-um-ihr-zuhause-funkeln-zu-halten\/"},"wordCount":463,"publisher":{"@id":"https:\/\/www.strassenweb.de\/nachrichten\/#organization"},"image":{"@id":"https:\/\/www.strassenweb.de\/nachrichten\/lisa-barlow-ist-besessen-von-sauber-so-verwandelt-sie-den-toten-raum-in-clevere-reinigungsproduktspeicher-um-ihr-zuhause-funkeln-zu-halten\/#primaryimage"},"thumbnailUrl":"https:\/\/www.strassenweb.de\/nachrichten\/wp-content\/uploads\/2025\/03\/Lisa-Barlow-ist-besessen-von-sauber-so-verwandelt-sie.jpg","keywords":["Barlow","besessen","clevere","den","funkeln","halten","Ihr","ist","Lisa","Raum","Reinigungsproduktspeicher","sauber","Sie","toten","verwandelt","von","Zuhause"],"articleSection":["Haus &amp; Garten"],"inLanguage":"de"},{"@type":"WebPage","@id":"https:\/\/www.strassenweb.de\/nachrichten\/lisa-barlow-ist-besessen-von-sauber-so-verwandelt-sie-den-toten-raum-in-clevere-reinigungsproduktspeicher-um-ihr-zuhause-funkeln-zu-halten\/","url":"https:\/\/www.strassenweb.de\/nachrichten\/lisa-barlow-ist-besessen-von-sauber-so-verwandelt-sie-den-toten-raum-in-clevere-reinigungsproduktspeicher-um-ihr-zuhause-funkeln-zu-halten\/","name":"Lisa Barlow ist \"besessen von sauber\" - so verwandelt sie den toten Raum in clevere Reinigungsproduktspeicher (um ihr Zuhause funkeln zu halten) - Nachrichten - Stra\u00dfenweb","isPartOf":{"@id":"https:\/\/www.strassenweb.de\/nachrichten\/#website"},"primaryImageOfPage":{"@id":"https:\/\/www.strassenweb.de\/nachrichten\/lisa-barlow-ist-besessen-von-sauber-so-verwandelt-sie-den-toten-raum-in-clevere-reinigungsproduktspeicher-um-ihr-zuhause-funkeln-zu-halten\/#primaryimage"},"image":{"@id":"https:\/\/www.strassenweb.de\/nachrichten\/lisa-barlow-ist-besessen-von-sauber-so-verwandelt-sie-den-toten-raum-in-clevere-reinigungsproduktspeicher-um-ihr-zuhause-funkeln-zu-halten\/#primaryimage"},"thumbnailUrl":"https:\/\/www.strassenweb.de\/nachrichten\/wp-content\/uploads\/2025\/03\/Lisa-Barlow-ist-besessen-von-sauber-so-verwandelt-sie.jpg","datePublished":"2025-03-21T10:45:02+00:00","dateModified":"2025-03-21T10:45:03+00:00","breadcrumb":{"@id":"https:\/\/www.strassenweb.de\/nachrichten\/lisa-barlow-ist-besessen-von-sauber-so-verwandelt-sie-den-toten-raum-in-clevere-reinigungsproduktspeicher-um-ihr-zuhause-funkeln-zu-halten\/#breadcrumb"},"inLanguage":"de","potentialAction":[{"@type":"ReadAction","target":["https:\/\/www.strassenweb.de\/nachrichten\/lisa-barlow-ist-besessen-von-sauber-so-verwandelt-sie-den-toten-raum-in-clevere-reinigungsproduktspeicher-um-ihr-zuhause-funkeln-zu-halten\/"]}]},{"@type":"ImageObject","inLanguage":"de","@id":"https:\/\/www.strassenweb.de\/nachrichten\/lisa-barlow-ist-besessen-von-sauber-so-verwandelt-sie-den-toten-raum-in-clevere-reinigungsproduktspeicher-um-ihr-zuhause-funkeln-zu-halten\/#primaryimage","url":"https:\/\/www.strassenweb.de\/nachrichten\/wp-content\/uploads\/2025\/03\/Lisa-Barlow-ist-besessen-von-sauber-so-verwandelt-sie.jpg","contentUrl":"https:\/\/www.strassenweb.de\/nachrichten\/wp-content\/uploads\/2025\/03\/Lisa-Barlow-ist-besessen-von-sauber-so-verwandelt-sie.jpg","width":1200,"height":675,"caption":"Lisa Barlow ist \"besessen von sauber\" - so verwandelt sie den toten Raum in clevere Reinigungsproduktspeicher (um ihr Zuhause funkeln zu halten)"},{"@type":"BreadcrumbList","@id":"https:\/\/www.strassenweb.de\/nachrichten\/lisa-barlow-ist-besessen-von-sauber-so-verwandelt-sie-den-toten-raum-in-clevere-reinigungsproduktspeicher-um-ihr-zuhause-funkeln-zu-halten\/#breadcrumb","itemListElement":[{"@type":"ListItem","position":1,"name":"Home","item":"https:\/\/www.strassenweb.de\/nachrichten\/"},{"@type":"ListItem","position":2,"name":"Lisa Barlow ist &#8222;besessen von sauber&#8220; &#8211; so verwandelt sie den toten Raum in clevere Reinigungsproduktspeicher (um ihr Zuhause funkeln zu halten)"}]},{"@type":"WebSite","@id":"https:\/\/www.strassenweb.de\/nachrichten\/#website","url":"https:\/\/www.strassenweb.de\/nachrichten\/","name":"Stra\u00dfenweb","description":"Stra\u00dfenverzeichnis f\u00fcr Deutschland","publisher":{"@id":"https:\/\/www.strassenweb.de\/nachrichten\/#organization"},"potentialAction":[{"@type":"SearchAction","target":{"@type":"EntryPoint","urlTemplate":"https:\/\/www.strassenweb.de\/nachrichten\/?s={search_term_string}"},"query-input":{"@type":"PropertyValueSpecification","valueRequired":true,"valueName":"search_term_string"}}],"inLanguage":"de"},{"@type":"Organization","@id":"https:\/\/www.strassenweb.de\/nachrichten\/#organization","name":"Stra\u00dfenweb","url":"https:\/\/www.strassenweb.de\/nachrichten\/","logo":{"@type":"ImageObject","inLanguage":"de","@id":"https:\/\/www.strassenweb.de\/nachrichten\/#\/schema\/logo\/image\/","url":"https:\/\/www.strassenweb.de\/nachrichten\/wp-content\/uploads\/2024\/09\/cropped-favicon.png","contentUrl":"https:\/\/www.strassenweb.de\/nachrichten\/wp-content\/uploads\/2024\/09\/cropped-favicon.png","width":512,"height":512,"caption":"Stra\u00dfenweb"},"image":{"@id":"https:\/\/www.strassenweb.de\/nachrichten\/#\/schema\/logo\/image\/"},"sameAs":["https:\/\/www.facebook.com\/strassenweb\/"]},{"@type":"Person","@id":"https:\/\/www.strassenweb.de\/nachrichten\/#\/schema\/person\/87c9c9067f1211da429a744dc5a5aa41","name":"Robert Hoffmann","image":{"@type":"ImageObject","inLanguage":"de","@id":"https:\/\/www.strassenweb.de\/nachrichten\/wp-content\/uploads\/2024\/09\/strassenweb-150x150.jpg","url":"https:\/\/www.strassenweb.de\/nachrichten\/wp-content\/uploads\/2024\/09\/strassenweb-150x150.jpg","contentUrl":"https:\/\/www.strassenweb.de\/nachrichten\/wp-content\/uploads\/2024\/09\/strassenweb-150x150.jpg","caption":"Robert Hoffmann"},"description":"Ich hei\u00dfe Robert Hoffmann und ich bin ein leidenschaftlicher Verfechter von \u00d6kologie und Biodiversit\u00e4t. Seit meiner Kindheit in den W\u00e4ldern Bayerns f\u00fchle ich mich mit der Natur verbunden und bin entschlossen, sie zu sch\u00fctzen. Heute widme ich mein Leben der Sensibilisierung anderer f\u00fcr die Bedeutung des Umweltschutzes f\u00fcr zuk\u00fcnftige Generationen.","sameAs":["https:\/\/www.strassenweb.de\/"]}]}},"_links":{"self":[{"href":"https:\/\/www.strassenweb.de\/nachrichten\/wp-json\/wp\/v2\/posts\/4019","targetHints":{"allow":["GET"]}}],"collection":[{"href":"https:\/\/www.strassenweb.de\/nachrichten\/wp-json\/wp\/v2\/posts"}],"about":[{"href":"https:\/\/www.strassenweb.de\/nachrichten\/wp-json\/wp\/v2\/types\/post"}],"author":[{"embeddable":true,"href":"https:\/\/www.strassenweb.de\/nachrichten\/wp-json\/wp\/v2\/users\/1"}],"replies":[{"embeddable":true,"href":"https:\/\/www.strassenweb.de\/nachrichten\/wp-json\/wp\/v2\/comments?post=4019"}],"version-history":[{"count":0,"href":"https:\/\/www.strassenweb.de\/nachrichten\/wp-json\/wp\/v2\/posts\/4019\/revisions"}],"wp:featuredmedia":[{"embeddable":true,"href":"https:\/\/www.strassenweb.de\/nachrichten\/wp-json\/wp\/v2\/media\/4020"}],"wp:attachment":[{"href":"https:\/\/www.strassenweb.de\/nachrichten\/wp-json\/wp\/v2\/media?parent=4019"}],"wp:term":[{"taxonomy":"category","embeddable":true,"href":"https:\/\/www.strassenweb.de\/nachrichten\/wp-json\/wp\/v2\/categories?post=4019"},{"taxonomy":"post_tag","embeddable":true,"href":"https:\/\/www.strassenweb.de\/nachrichten\/wp-json\/wp\/v2\/tags?post=4019"}],"curies":[{"name":"wp","href":"https:\/\/api.w.org\/{rel}","templated":true}]}}