{"id":4002,"date":"2025-03-20T13:41:38","date_gmt":"2025-03-20T12:41:38","guid":{"rendered":"https:\/\/www.strassenweb.de\/nachrichten\/so-pflegen-sie-ihren-kessel-in-den-waermeren-monaten\/"},"modified":"2025-03-20T13:41:39","modified_gmt":"2025-03-20T12:41:39","slug":"so-pflegen-sie-ihren-kessel-in-den-waermeren-monaten","status":"publish","type":"post","link":"https:\/\/www.strassenweb.de\/nachrichten\/so-pflegen-sie-ihren-kessel-in-den-waermeren-monaten\/","title":{"rendered":"So pflegen Sie Ihren Kessel in den w\u00e4rmeren Monaten"},"content":{"rendered":"<div><!--(--><!----><!----><\/p>\n<div class=\"wordpress-image\">\n<figure class=\"wp-block-image size-full no-shadow\"><\/figure>\n<\/div>\n<p><!----><\/p>\n<div class=\"wordpress-paragraph\" style=\"--25ab227a:left;\" data-v-c0f9f52b=\"\">\n<p>Wir gehen jetzt in die w\u00e4rmeren Monate des Jahres, sodass Sie vielleicht denken, dass Sie Ihren Kessel vorerst vergessen k\u00f6nnen. Dies ist jedoch ein h\u00e4ufiger Fehler, den viele Menschen machen und sie mit teuren Reparaturen hinterlassen.<\/p>\n<\/div>\n<p><!----><\/p>\n<div class=\"wordpress-paragraph\" style=\"--25ab227a:left;\" data-v-c0f9f52b=\"\">\n<p>Wenn Sie Ihren Kessel vernachl\u00e4ssigen, k\u00f6nnen Sie verhindern, dass Sie mit voller Effizienz arbeiten, was Sie im Herbst und Winter Geld kosten kann. W\u00e4rmere Wetterwartungsaufgaben sind einfach und reichen von dem Kessel alle paar Wochen bis hin zur Reinigung der Au\u00dfenseite. Wenn Sie dies tun, k\u00f6nnen Sie Hunderte von Pfund ersparen.<\/p>\n<\/div>\n<p><!----><\/p>\n<div class=\"wordpress-paragraph\" style=\"--25ab227a:left;\" data-v-c0f9f52b=\"\">\n<p>Um Ihnen eine helfende Hand zu geben, hat der Kesselexperte Joshua Houston f\u00fcnf M\u00f6glichkeiten enth\u00fcllt, Ihren Kessel im Fr\u00fchling und Sommer aufrechtzuerhalten.<\/p>\n<\/div>\n<p><!----><\/p>\n<div class=\"wordpress-paragraph\" style=\"--25ab227a:left;\" data-v-c0f9f52b=\"\">\n<p><strong>1: Schalten Sie Ihren Kessel alle paar Wochen ein<\/strong><\/p>\n<\/div>\n<p><!----><\/p>\n<div class=\"wordpress-paragraph\" style=\"--25ab227a:left;\" data-v-c0f9f52b=\"\">\n<p>In den w\u00e4rmeren Monaten sollten Sie Ihren Kessel alle zwei bis drei Wochen f\u00fcr einige Momente einschalten. Dies hilft, interne Komponenten wie Ihre Pumpen und Ventile zu verhindern, indem sie regelm\u00e4\u00dfig geschmiert werden. Wenn Sie dies nicht tun, kann dies zu Problemen f\u00fchren, wenn die k\u00e4lteren Monate wieder eintreffen. Die Kosten f\u00fcr die Reparatur eines beschlagnahmten Kessels k\u00f6nnen je nach Ausdehnung zwischen 100 und 500 GBP betragen und ob neue Teile erforderlich sind.<\/p>\n<\/div>\n<p><!----><\/p>\n<div class=\"wordpress-paragraph\" style=\"--25ab227a:left;\" data-v-c0f9f52b=\"\">\n<p><strong>2: Setzen Sie Ihren Kessel in den Sommermodus<\/strong><\/p>\n<\/div>\n<p><!----><\/p>\n<div class=\"wordpress-paragraph\" style=\"--25ab227a:left;\" data-v-c0f9f52b=\"\">\n<p>Wenn Sie Ihren Kessel in den Sommermodus setzen, sparen Sie nicht nur Energie, sondern auch Geld f\u00fcr Ihre Rechnungen. Auf diese Weise k\u00f6nnen Sie Zugang zu hei\u00dfem Wasser haben, sorgen jedoch daf\u00fcr, dass Ihr Zentralheizsystem ausgeschaltet ist. Sie k\u00f6nnen dies tun, indem Sie die Einstellung &#8222;Sommermodus&#8220; oder &#8222;Nur hei\u00dfes Wasser&#8220; aktivieren. Jeder Kessel ist anders. \u00dcberpr\u00fcfen Sie also das Handbuch, um seinen spezifischen Standort zu entdecken und zu aktivieren. Es ist bekannt, dass dies Ihre monatliche Energierechnung um \u00fcber 10%reduziert.  <\/p>\n<\/div>\n<p><!----><\/p>\n<div class=\"wordpress-paragraph\" style=\"--25ab227a:left;\" data-v-c0f9f52b=\"\">\n<p><strong>3: Stellen Sie die ordnungsgem\u00e4\u00dfe Bel\u00fcftung sicher<\/strong><\/p>\n<\/div>\n<p><!----><\/p>\n<div class=\"wordpress-paragraph\" style=\"--25ab227a:left;\" data-v-c0f9f52b=\"\">\n<p>Ihr Kesselraum sollte das ganze Jahr \u00fcber ordnungsgem\u00e4\u00df bel\u00fcftet werden, ist aber in den w\u00e4rmeren Monaten noch wichtiger. Nicht dies kann dazu f\u00fchren, dass es \u00fcberhitzt, was zu schweren Sch\u00e4den und sogar zu einem Feuer f\u00fchrt. Es verhindert auch Kohlenmonoxidaufbau, was t\u00f6dlich sein k\u00f6nnte, ohne es aus Ihrem Zuhause herauszuholen. Ihr Kesselraum sollte mindestens zwei dauerhafte Luftversorgungs\u00f6ffnungen haben, die frische K\u00fchlluft und unerw\u00fcnschte Gase erm\u00f6glichen.<\/p>\n<\/div>\n<p><!----><\/p>\n<div class=\"wordpress-paragraph\" style=\"--25ab227a:left;\" data-v-c0f9f52b=\"\">\n<p><strong>4: Reinigen Sie die Au\u00dfenseite Ihres Kessels<\/strong><\/p>\n<\/div>\n<p><!----><\/p>\n<div class=\"wordpress-paragraph\" style=\"--25ab227a:left;\" data-v-c0f9f52b=\"\">\n<p>W\u00e4hrend des w\u00e4rmeren Wetters wird sich Staub an der Au\u00dfenseite Ihres Kessels aufbauen. Dies kann seine Leistung beeintr\u00e4chtigen, wenn es Zeit ist, sie wieder richtig einzusetzen, um die Effizienz zu verringern, und kann zu \u00dcberhitzung f\u00fchren. Wenn Sie jeden Teil Ihres Kessels abbestellen, wird die Lebensdauer erh\u00f6ht, wodurch Sie regelm\u00e4\u00dfig einen neuen Kauf eines neuen kaufen k\u00f6nnen.<\/p>\n<\/div>\n<p><!----><\/p>\n<div class=\"wordpress-paragraph\" style=\"--25ab227a:left;\" data-v-c0f9f52b=\"\">\n<p><strong>5: Planen Sie einen professionellen Service<\/strong><\/p>\n<\/div>\n<p><!----><\/p>\n<div class=\"wordpress-paragraph\" style=\"--25ab227a:left;\" data-v-c0f9f52b=\"\">\n<p>Die w\u00e4rmeren Monate sind ein guter Zeitpunkt, um einen professionellen Service zu planen. Dies ist darauf zur\u00fcckzuf\u00fchren, dass Ingenieure weniger besch\u00e4ftigt sind und daher eher einen g\u00fcnstigeren Preis akzeptieren. Ingenieure k\u00f6nnen \u00fcberpr\u00fcfen, ob Ihr Kessel in voller Funktion ist. Wenn es jedoch Probleme gibt, haben Sie mehr Zeit, bevor die k\u00e4lteren Monate eintreffen, um es f\u00fcr Reparaturen vorzubereiten und Geld zu sparen.<\/p>\n<\/div>\n<p><!----><\/p>\n<div class=\"wordpress-paragraph\" style=\"--25ab227a:left;\" data-v-c0f9f52b=\"\">\n<p><strong>Joshua Houston, Boiler -Experte bei Strassenweb:<\/strong><\/p>\n<\/div>\n<p><!----><\/p>\n<div class=\"wordpress-paragraph\" style=\"--25ab227a:left;\" data-v-c0f9f52b=\"\">\n<p>&#8220; Seien wir ehrlich, wir alle wollen unsere Heizsysteme nach einem langen Winter vergessen. Aber dies kann sch\u00e4dlicher sein als gut. Beachten Sie Ihren Kessel, um sicherzustellen, dass Sie sp\u00e4ter im Jahr keine unerwarteten Probleme haben.<\/p>\n<\/div>\n<p><!----><\/p>\n<div class=\"wordpress-paragraph\" style=\"--25ab227a:left;\" data-v-c0f9f52b=\"\">\n<p>Mein Rat spart Ihnen nicht nur Geld, sondern erspart Ihnen auch den Aufwand, einen Kesselingenieur w\u00e4hrend der gesch\u00e4ftigsten Perioden zu Ihrem Haus zu bringen. Sie k\u00f6nnten in einer Situation bleiben, in der Sie Wochen ohne Erhitzen gehen m\u00fcssen. &#8220;<\/p>\n<\/div>\n<p><!--)--><\/div>\n","protected":false},"excerpt":{"rendered":"<p>Wir gehen jetzt in die w\u00e4rmeren Monate des Jahres, sodass Sie vielleicht denken, dass Sie Ihren Kessel vorerst vergessen k\u00f6nnen. Dies ist jedoch ein h\u00e4ufiger<\/p>\n","protected":false},"author":1,"featured_media":4003,"comment_status":"closed","ping_status":"","sticky":false,"template":"","format":"standard","meta":{"footnotes":""},"categories":[87],"tags":[78,325,5901,1699,2631,165,5880],"class_list":["post-4002","post","type-post","status-publish","format-standard","has-post-thumbnail","hentry","category-energie","tag-den","tag-ihren","tag-kessel","tag-monaten","tag-pflegen","tag-sie","tag-waermeren","generate-columns","tablet-grid-50","mobile-grid-100","grid-parent","grid-50"],"yoast_head":"<!-- This site is optimized with the Yoast SEO plugin v27.3 - https:\/\/yoast.com\/product\/yoast-seo-wordpress\/ -->\n<title>So pflegen Sie Ihren Kessel in den w\u00e4rmeren Monaten - Nachrichten - Stra\u00dfenweb<\/title>\n<meta name=\"robots\" content=\"index, follow, max-snippet:-1, max-image-preview:large, max-video-preview:-1\" \/>\n<link rel=\"canonical\" href=\"https:\/\/www.strassenweb.de\/nachrichten\/so-pflegen-sie-ihren-kessel-in-den-waermeren-monaten\/\" \/>\n<meta property=\"og:locale\" content=\"de_DE\" \/>\n<meta property=\"og:type\" content=\"article\" \/>\n<meta property=\"og:title\" content=\"So pflegen Sie Ihren Kessel in den w\u00e4rmeren Monaten - Nachrichten - Stra\u00dfenweb\" \/>\n<meta property=\"og:description\" content=\"Wir gehen jetzt in die w\u00e4rmeren Monate des Jahres, sodass Sie vielleicht denken, dass Sie Ihren Kessel vorerst vergessen k\u00f6nnen. Dies ist jedoch ein h\u00e4ufiger\" \/>\n<meta property=\"og:url\" content=\"https:\/\/www.strassenweb.de\/nachrichten\/so-pflegen-sie-ihren-kessel-in-den-waermeren-monaten\/\" \/>\n<meta property=\"og:site_name\" content=\"Stra\u00dfenweb\" \/>\n<meta property=\"article:publisher\" content=\"https:\/\/www.facebook.com\/strassenweb\/\" \/>\n<meta property=\"article:published_time\" content=\"2025-03-20T12:41:38+00:00\" \/>\n<meta property=\"article:modified_time\" content=\"2025-03-20T12:41:39+00:00\" \/>\n<meta property=\"og:image\" content=\"https:\/\/www.strassenweb.de\/nachrichten\/wp-content\/uploads\/2025\/03\/So-pflegen-Sie-Ihren-Kessel-in-den-waermeren-Monaten.png\" \/>\n\t<meta property=\"og:image:width\" content=\"730\" \/>\n\t<meta property=\"og:image:height\" content=\"330\" \/>\n\t<meta property=\"og:image:type\" content=\"image\/png\" \/>\n<meta name=\"author\" content=\"Robert Hoffmann\" \/>\n<meta name=\"twitter:card\" content=\"summary_large_image\" \/>\n<meta name=\"twitter:label1\" content=\"Verfasst von\" \/>\n\t<meta name=\"twitter:data1\" content=\"Robert Hoffmann\" \/>\n\t<meta name=\"twitter:label2\" content=\"Gesch\u00e4tzte Lesezeit\" \/>\n\t<meta name=\"twitter:data2\" content=\"3\u00a0Minuten\" \/>\n<script type=\"application\/ld+json\" class=\"yoast-schema-graph\">{\"@context\":\"https:\\\/\\\/schema.org\",\"@graph\":[{\"@type\":\"Article\",\"@id\":\"https:\\\/\\\/www.strassenweb.de\\\/nachrichten\\\/so-pflegen-sie-ihren-kessel-in-den-waermeren-monaten\\\/#article\",\"isPartOf\":{\"@id\":\"https:\\\/\\\/www.strassenweb.de\\\/nachrichten\\\/so-pflegen-sie-ihren-kessel-in-den-waermeren-monaten\\\/\"},\"author\":{\"name\":\"Robert Hoffmann\",\"@id\":\"https:\\\/\\\/www.strassenweb.de\\\/nachrichten\\\/#\\\/schema\\\/person\\\/87c9c9067f1211da429a744dc5a5aa41\"},\"headline\":\"So pflegen Sie Ihren Kessel in den w\u00e4rmeren Monaten\",\"datePublished\":\"2025-03-20T12:41:38+00:00\",\"dateModified\":\"2025-03-20T12:41:39+00:00\",\"mainEntityOfPage\":{\"@id\":\"https:\\\/\\\/www.strassenweb.de\\\/nachrichten\\\/so-pflegen-sie-ihren-kessel-in-den-waermeren-monaten\\\/\"},\"wordCount\":628,\"publisher\":{\"@id\":\"https:\\\/\\\/www.strassenweb.de\\\/nachrichten\\\/#organization\"},\"image\":{\"@id\":\"https:\\\/\\\/www.strassenweb.de\\\/nachrichten\\\/so-pflegen-sie-ihren-kessel-in-den-waermeren-monaten\\\/#primaryimage\"},\"thumbnailUrl\":\"https:\\\/\\\/www.strassenweb.de\\\/nachrichten\\\/wp-content\\\/uploads\\\/2025\\\/03\\\/So-pflegen-Sie-Ihren-Kessel-in-den-waermeren-Monaten.png\",\"keywords\":[\"den\",\"ihren\",\"Kessel\",\"Monaten\",\"pflegen\",\"Sie\",\"w\u00e4rmeren\"],\"articleSection\":[\"Energie\"],\"inLanguage\":\"de\"},{\"@type\":\"WebPage\",\"@id\":\"https:\\\/\\\/www.strassenweb.de\\\/nachrichten\\\/so-pflegen-sie-ihren-kessel-in-den-waermeren-monaten\\\/\",\"url\":\"https:\\\/\\\/www.strassenweb.de\\\/nachrichten\\\/so-pflegen-sie-ihren-kessel-in-den-waermeren-monaten\\\/\",\"name\":\"So pflegen Sie Ihren Kessel in den w\u00e4rmeren Monaten - Nachrichten - Stra\u00dfenweb\",\"isPartOf\":{\"@id\":\"https:\\\/\\\/www.strassenweb.de\\\/nachrichten\\\/#website\"},\"primaryImageOfPage\":{\"@id\":\"https:\\\/\\\/www.strassenweb.de\\\/nachrichten\\\/so-pflegen-sie-ihren-kessel-in-den-waermeren-monaten\\\/#primaryimage\"},\"image\":{\"@id\":\"https:\\\/\\\/www.strassenweb.de\\\/nachrichten\\\/so-pflegen-sie-ihren-kessel-in-den-waermeren-monaten\\\/#primaryimage\"},\"thumbnailUrl\":\"https:\\\/\\\/www.strassenweb.de\\\/nachrichten\\\/wp-content\\\/uploads\\\/2025\\\/03\\\/So-pflegen-Sie-Ihren-Kessel-in-den-waermeren-Monaten.png\",\"datePublished\":\"2025-03-20T12:41:38+00:00\",\"dateModified\":\"2025-03-20T12:41:39+00:00\",\"breadcrumb\":{\"@id\":\"https:\\\/\\\/www.strassenweb.de\\\/nachrichten\\\/so-pflegen-sie-ihren-kessel-in-den-waermeren-monaten\\\/#breadcrumb\"},\"inLanguage\":\"de\",\"potentialAction\":[{\"@type\":\"ReadAction\",\"target\":[\"https:\\\/\\\/www.strassenweb.de\\\/nachrichten\\\/so-pflegen-sie-ihren-kessel-in-den-waermeren-monaten\\\/\"]}]},{\"@type\":\"ImageObject\",\"inLanguage\":\"de\",\"@id\":\"https:\\\/\\\/www.strassenweb.de\\\/nachrichten\\\/so-pflegen-sie-ihren-kessel-in-den-waermeren-monaten\\\/#primaryimage\",\"url\":\"https:\\\/\\\/www.strassenweb.de\\\/nachrichten\\\/wp-content\\\/uploads\\\/2025\\\/03\\\/So-pflegen-Sie-Ihren-Kessel-in-den-waermeren-Monaten.png\",\"contentUrl\":\"https:\\\/\\\/www.strassenweb.de\\\/nachrichten\\\/wp-content\\\/uploads\\\/2025\\\/03\\\/So-pflegen-Sie-Ihren-Kessel-in-den-waermeren-Monaten.png\",\"width\":730,\"height\":330,\"caption\":\"So pflegen Sie Ihren Kessel in den w\u00e4rmeren Monaten\"},{\"@type\":\"BreadcrumbList\",\"@id\":\"https:\\\/\\\/www.strassenweb.de\\\/nachrichten\\\/so-pflegen-sie-ihren-kessel-in-den-waermeren-monaten\\\/#breadcrumb\",\"itemListElement\":[{\"@type\":\"ListItem\",\"position\":1,\"name\":\"Home\",\"item\":\"https:\\\/\\\/www.strassenweb.de\\\/nachrichten\\\/\"},{\"@type\":\"ListItem\",\"position\":2,\"name\":\"So pflegen Sie Ihren Kessel in den w\u00e4rmeren Monaten\"}]},{\"@type\":\"WebSite\",\"@id\":\"https:\\\/\\\/www.strassenweb.de\\\/nachrichten\\\/#website\",\"url\":\"https:\\\/\\\/www.strassenweb.de\\\/nachrichten\\\/\",\"name\":\"Stra\u00dfenweb\",\"description\":\"Stra\u00dfenverzeichnis f\u00fcr Deutschland\",\"publisher\":{\"@id\":\"https:\\\/\\\/www.strassenweb.de\\\/nachrichten\\\/#organization\"},\"potentialAction\":[{\"@type\":\"SearchAction\",\"target\":{\"@type\":\"EntryPoint\",\"urlTemplate\":\"https:\\\/\\\/www.strassenweb.de\\\/nachrichten\\\/?s={search_term_string}\"},\"query-input\":{\"@type\":\"PropertyValueSpecification\",\"valueRequired\":true,\"valueName\":\"search_term_string\"}}],\"inLanguage\":\"de\"},{\"@type\":\"Organization\",\"@id\":\"https:\\\/\\\/www.strassenweb.de\\\/nachrichten\\\/#organization\",\"name\":\"Stra\u00dfenweb\",\"url\":\"https:\\\/\\\/www.strassenweb.de\\\/nachrichten\\\/\",\"logo\":{\"@type\":\"ImageObject\",\"inLanguage\":\"de\",\"@id\":\"https:\\\/\\\/www.strassenweb.de\\\/nachrichten\\\/#\\\/schema\\\/logo\\\/image\\\/\",\"url\":\"https:\\\/\\\/www.strassenweb.de\\\/nachrichten\\\/wp-content\\\/uploads\\\/2024\\\/09\\\/cropped-favicon.png\",\"contentUrl\":\"https:\\\/\\\/www.strassenweb.de\\\/nachrichten\\\/wp-content\\\/uploads\\\/2024\\\/09\\\/cropped-favicon.png\",\"width\":512,\"height\":512,\"caption\":\"Stra\u00dfenweb\"},\"image\":{\"@id\":\"https:\\\/\\\/www.strassenweb.de\\\/nachrichten\\\/#\\\/schema\\\/logo\\\/image\\\/\"},\"sameAs\":[\"https:\\\/\\\/www.facebook.com\\\/strassenweb\\\/\"]},{\"@type\":\"Person\",\"@id\":\"https:\\\/\\\/www.strassenweb.de\\\/nachrichten\\\/#\\\/schema\\\/person\\\/87c9c9067f1211da429a744dc5a5aa41\",\"name\":\"Robert Hoffmann\",\"image\":{\"@type\":\"ImageObject\",\"inLanguage\":\"de\",\"@id\":\"https:\\\/\\\/www.strassenweb.de\\\/nachrichten\\\/wp-content\\\/uploads\\\/2024\\\/09\\\/strassenweb-150x150.jpg\",\"url\":\"https:\\\/\\\/www.strassenweb.de\\\/nachrichten\\\/wp-content\\\/uploads\\\/2024\\\/09\\\/strassenweb-150x150.jpg\",\"contentUrl\":\"https:\\\/\\\/www.strassenweb.de\\\/nachrichten\\\/wp-content\\\/uploads\\\/2024\\\/09\\\/strassenweb-150x150.jpg\",\"caption\":\"Robert Hoffmann\"},\"description\":\"Ich hei\u00dfe Robert Hoffmann und ich bin ein leidenschaftlicher Verfechter von \u00d6kologie und Biodiversit\u00e4t. Seit meiner Kindheit in den W\u00e4ldern Bayerns f\u00fchle ich mich mit der Natur verbunden und bin entschlossen, sie zu sch\u00fctzen. Heute widme ich mein Leben der Sensibilisierung anderer f\u00fcr die Bedeutung des Umweltschutzes f\u00fcr zuk\u00fcnftige Generationen.\",\"sameAs\":[\"https:\\\/\\\/www.strassenweb.de\\\/\"]}]}<\/script>\n<!-- \/ Yoast SEO plugin. -->","yoast_head_json":{"title":"So pflegen Sie Ihren Kessel in den w\u00e4rmeren Monaten - Nachrichten - Stra\u00dfenweb","robots":{"index":"index","follow":"follow","max-snippet":"max-snippet:-1","max-image-preview":"max-image-preview:large","max-video-preview":"max-video-preview:-1"},"canonical":"https:\/\/www.strassenweb.de\/nachrichten\/so-pflegen-sie-ihren-kessel-in-den-waermeren-monaten\/","og_locale":"de_DE","og_type":"article","og_title":"So pflegen Sie Ihren Kessel in den w\u00e4rmeren Monaten - Nachrichten - Stra\u00dfenweb","og_description":"Wir gehen jetzt in die w\u00e4rmeren Monate des Jahres, sodass Sie vielleicht denken, dass Sie Ihren Kessel vorerst vergessen k\u00f6nnen. Dies ist jedoch ein h\u00e4ufiger","og_url":"https:\/\/www.strassenweb.de\/nachrichten\/so-pflegen-sie-ihren-kessel-in-den-waermeren-monaten\/","og_site_name":"Stra\u00dfenweb","article_publisher":"https:\/\/www.facebook.com\/strassenweb\/","article_published_time":"2025-03-20T12:41:38+00:00","article_modified_time":"2025-03-20T12:41:39+00:00","og_image":[{"width":730,"height":330,"url":"https:\/\/www.strassenweb.de\/nachrichten\/wp-content\/uploads\/2025\/03\/So-pflegen-Sie-Ihren-Kessel-in-den-waermeren-Monaten.png","type":"image\/png"}],"author":"Robert Hoffmann","twitter_card":"summary_large_image","twitter_misc":{"Verfasst von":"Robert Hoffmann","Gesch\u00e4tzte Lesezeit":"3\u00a0Minuten"},"schema":{"@context":"https:\/\/schema.org","@graph":[{"@type":"Article","@id":"https:\/\/www.strassenweb.de\/nachrichten\/so-pflegen-sie-ihren-kessel-in-den-waermeren-monaten\/#article","isPartOf":{"@id":"https:\/\/www.strassenweb.de\/nachrichten\/so-pflegen-sie-ihren-kessel-in-den-waermeren-monaten\/"},"author":{"name":"Robert Hoffmann","@id":"https:\/\/www.strassenweb.de\/nachrichten\/#\/schema\/person\/87c9c9067f1211da429a744dc5a5aa41"},"headline":"So pflegen Sie Ihren Kessel in den w\u00e4rmeren Monaten","datePublished":"2025-03-20T12:41:38+00:00","dateModified":"2025-03-20T12:41:39+00:00","mainEntityOfPage":{"@id":"https:\/\/www.strassenweb.de\/nachrichten\/so-pflegen-sie-ihren-kessel-in-den-waermeren-monaten\/"},"wordCount":628,"publisher":{"@id":"https:\/\/www.strassenweb.de\/nachrichten\/#organization"},"image":{"@id":"https:\/\/www.strassenweb.de\/nachrichten\/so-pflegen-sie-ihren-kessel-in-den-waermeren-monaten\/#primaryimage"},"thumbnailUrl":"https:\/\/www.strassenweb.de\/nachrichten\/wp-content\/uploads\/2025\/03\/So-pflegen-Sie-Ihren-Kessel-in-den-waermeren-Monaten.png","keywords":["den","ihren","Kessel","Monaten","pflegen","Sie","w\u00e4rmeren"],"articleSection":["Energie"],"inLanguage":"de"},{"@type":"WebPage","@id":"https:\/\/www.strassenweb.de\/nachrichten\/so-pflegen-sie-ihren-kessel-in-den-waermeren-monaten\/","url":"https:\/\/www.strassenweb.de\/nachrichten\/so-pflegen-sie-ihren-kessel-in-den-waermeren-monaten\/","name":"So pflegen Sie Ihren Kessel in den w\u00e4rmeren Monaten - Nachrichten - Stra\u00dfenweb","isPartOf":{"@id":"https:\/\/www.strassenweb.de\/nachrichten\/#website"},"primaryImageOfPage":{"@id":"https:\/\/www.strassenweb.de\/nachrichten\/so-pflegen-sie-ihren-kessel-in-den-waermeren-monaten\/#primaryimage"},"image":{"@id":"https:\/\/www.strassenweb.de\/nachrichten\/so-pflegen-sie-ihren-kessel-in-den-waermeren-monaten\/#primaryimage"},"thumbnailUrl":"https:\/\/www.strassenweb.de\/nachrichten\/wp-content\/uploads\/2025\/03\/So-pflegen-Sie-Ihren-Kessel-in-den-waermeren-Monaten.png","datePublished":"2025-03-20T12:41:38+00:00","dateModified":"2025-03-20T12:41:39+00:00","breadcrumb":{"@id":"https:\/\/www.strassenweb.de\/nachrichten\/so-pflegen-sie-ihren-kessel-in-den-waermeren-monaten\/#breadcrumb"},"inLanguage":"de","potentialAction":[{"@type":"ReadAction","target":["https:\/\/www.strassenweb.de\/nachrichten\/so-pflegen-sie-ihren-kessel-in-den-waermeren-monaten\/"]}]},{"@type":"ImageObject","inLanguage":"de","@id":"https:\/\/www.strassenweb.de\/nachrichten\/so-pflegen-sie-ihren-kessel-in-den-waermeren-monaten\/#primaryimage","url":"https:\/\/www.strassenweb.de\/nachrichten\/wp-content\/uploads\/2025\/03\/So-pflegen-Sie-Ihren-Kessel-in-den-waermeren-Monaten.png","contentUrl":"https:\/\/www.strassenweb.de\/nachrichten\/wp-content\/uploads\/2025\/03\/So-pflegen-Sie-Ihren-Kessel-in-den-waermeren-Monaten.png","width":730,"height":330,"caption":"So pflegen Sie Ihren Kessel in den w\u00e4rmeren Monaten"},{"@type":"BreadcrumbList","@id":"https:\/\/www.strassenweb.de\/nachrichten\/so-pflegen-sie-ihren-kessel-in-den-waermeren-monaten\/#breadcrumb","itemListElement":[{"@type":"ListItem","position":1,"name":"Home","item":"https:\/\/www.strassenweb.de\/nachrichten\/"},{"@type":"ListItem","position":2,"name":"So pflegen Sie Ihren Kessel in den w\u00e4rmeren Monaten"}]},{"@type":"WebSite","@id":"https:\/\/www.strassenweb.de\/nachrichten\/#website","url":"https:\/\/www.strassenweb.de\/nachrichten\/","name":"Stra\u00dfenweb","description":"Stra\u00dfenverzeichnis f\u00fcr Deutschland","publisher":{"@id":"https:\/\/www.strassenweb.de\/nachrichten\/#organization"},"potentialAction":[{"@type":"SearchAction","target":{"@type":"EntryPoint","urlTemplate":"https:\/\/www.strassenweb.de\/nachrichten\/?s={search_term_string}"},"query-input":{"@type":"PropertyValueSpecification","valueRequired":true,"valueName":"search_term_string"}}],"inLanguage":"de"},{"@type":"Organization","@id":"https:\/\/www.strassenweb.de\/nachrichten\/#organization","name":"Stra\u00dfenweb","url":"https:\/\/www.strassenweb.de\/nachrichten\/","logo":{"@type":"ImageObject","inLanguage":"de","@id":"https:\/\/www.strassenweb.de\/nachrichten\/#\/schema\/logo\/image\/","url":"https:\/\/www.strassenweb.de\/nachrichten\/wp-content\/uploads\/2024\/09\/cropped-favicon.png","contentUrl":"https:\/\/www.strassenweb.de\/nachrichten\/wp-content\/uploads\/2024\/09\/cropped-favicon.png","width":512,"height":512,"caption":"Stra\u00dfenweb"},"image":{"@id":"https:\/\/www.strassenweb.de\/nachrichten\/#\/schema\/logo\/image\/"},"sameAs":["https:\/\/www.facebook.com\/strassenweb\/"]},{"@type":"Person","@id":"https:\/\/www.strassenweb.de\/nachrichten\/#\/schema\/person\/87c9c9067f1211da429a744dc5a5aa41","name":"Robert Hoffmann","image":{"@type":"ImageObject","inLanguage":"de","@id":"https:\/\/www.strassenweb.de\/nachrichten\/wp-content\/uploads\/2024\/09\/strassenweb-150x150.jpg","url":"https:\/\/www.strassenweb.de\/nachrichten\/wp-content\/uploads\/2024\/09\/strassenweb-150x150.jpg","contentUrl":"https:\/\/www.strassenweb.de\/nachrichten\/wp-content\/uploads\/2024\/09\/strassenweb-150x150.jpg","caption":"Robert Hoffmann"},"description":"Ich hei\u00dfe Robert Hoffmann und ich bin ein leidenschaftlicher Verfechter von \u00d6kologie und Biodiversit\u00e4t. Seit meiner Kindheit in den W\u00e4ldern Bayerns f\u00fchle ich mich mit der Natur verbunden und bin entschlossen, sie zu sch\u00fctzen. Heute widme ich mein Leben der Sensibilisierung anderer f\u00fcr die Bedeutung des Umweltschutzes f\u00fcr zuk\u00fcnftige Generationen.","sameAs":["https:\/\/www.strassenweb.de\/"]}]}},"_links":{"self":[{"href":"https:\/\/www.strassenweb.de\/nachrichten\/wp-json\/wp\/v2\/posts\/4002","targetHints":{"allow":["GET"]}}],"collection":[{"href":"https:\/\/www.strassenweb.de\/nachrichten\/wp-json\/wp\/v2\/posts"}],"about":[{"href":"https:\/\/www.strassenweb.de\/nachrichten\/wp-json\/wp\/v2\/types\/post"}],"author":[{"embeddable":true,"href":"https:\/\/www.strassenweb.de\/nachrichten\/wp-json\/wp\/v2\/users\/1"}],"replies":[{"embeddable":true,"href":"https:\/\/www.strassenweb.de\/nachrichten\/wp-json\/wp\/v2\/comments?post=4002"}],"version-history":[{"count":0,"href":"https:\/\/www.strassenweb.de\/nachrichten\/wp-json\/wp\/v2\/posts\/4002\/revisions"}],"wp:featuredmedia":[{"embeddable":true,"href":"https:\/\/www.strassenweb.de\/nachrichten\/wp-json\/wp\/v2\/media\/4003"}],"wp:attachment":[{"href":"https:\/\/www.strassenweb.de\/nachrichten\/wp-json\/wp\/v2\/media?parent=4002"}],"wp:term":[{"taxonomy":"category","embeddable":true,"href":"https:\/\/www.strassenweb.de\/nachrichten\/wp-json\/wp\/v2\/categories?post=4002"},{"taxonomy":"post_tag","embeddable":true,"href":"https:\/\/www.strassenweb.de\/nachrichten\/wp-json\/wp\/v2\/tags?post=4002"}],"curies":[{"name":"wp","href":"https:\/\/api.w.org\/{rel}","templated":true}]}}