{"id":3968,"date":"2025-03-18T19:39:30","date_gmt":"2025-03-18T18:39:30","guid":{"rendered":"https:\/\/www.strassenweb.de\/nachrichten\/benjamin-moore-hat-gerade-diese-3-gemeinsamen-farb-und-farbendekoration-mythen-entlarv\/"},"modified":"2025-03-18T19:39:31","modified_gmt":"2025-03-18T18:39:31","slug":"benjamin-moore-hat-gerade-diese-3-gemeinsamen-farb-und-farbendekoration-mythen-entlarv","status":"publish","type":"post","link":"https:\/\/www.strassenweb.de\/nachrichten\/benjamin-moore-hat-gerade-diese-3-gemeinsamen-farb-und-farbendekoration-mythen-entlarv\/","title":{"rendered":"Benjamin Moore hat gerade diese 3 gemeinsamen Farb- und Farbendekoration &#8222;Mythen&#8220; entlarv"},"content":{"rendered":"<p><\/p>\n<div id=\"article-body\" class=\"article__body \">\n<p>Wenn Sie mit Farbe und Farbe dekorieren, gibt es eine breite Palette traditioneller \u201eRegeln\u201c, von denen es schwierig sein kann, davon abzuwenden. Von der Decke wei\u00df bis hin zur Verwendung von leichten Farben in kleinen R\u00e4umen, sind Sie nicht allein, wenn Sie eine tief verwurzelte Vorstellungen dar\u00fcber haben, wie &#8211; oder wie nicht &#8211; mit Farbe dekorieren kann.<\/p>\n<div id=\"ad-unit-1\" class=\"ad-unit\"><\/div>\n<p>Aber f\u00fcr Sharon Grech, Farbsexperte bei Benjamin Moore, sind dies oft Missverst\u00e4ndnisse, die entlarvt werden k\u00f6nnen. Benjamin Moore ging auf Instagram und teilte ein Video mit, in dem Sharon drei der gr\u00f6\u00dften Mythen der Lackierung durchgibt und ihre Ratschl\u00e4ge dar\u00fcber teilt, was stattdessen zu tun ist.<\/p>\n<aside class=\"hawk-base\" data-block-type=\"embed\" data-render-type=\"fte\" data-skip=\"dealsy\" data-widget-type=\"seasonal\">\n<div class=\"hawk-master-widget-hawk-base-wrapper\"><\/div>\n<\/aside>\n<p>Im Folgenden haben wir jede von Sharons Farbdekorationsregeln zusammengefasst, um es zu ignorieren. Wenn Sie mit Ihren Lackideen kompetente Anleitungen ben\u00f6tigen, um einen zusammenh\u00e4ngenden und dennoch aufregenden Raum zu gew\u00e4hrleisten, helfen Ihnen Sharons Tipps auf dem Weg.<\/p>\n<div id=\"desktop-in-article\" class=\"in-article ad-unit\">\n<div id=\"desktop-taboola-mid-article\"><\/div>\n<\/div>\n<div id=\"mobile-in-article\" class=\"in-article ad-unit\">\n<div id=\"mobile-taboola-mid-article\"><\/div>\n<\/div>\n<div class=\"instagram-embed\">\n<blockquote class=\"instagram-media\" data-instgrm-captioned data-instgrm-version=\"6\" style=\"width:99.375%; width:-webkit-calc(100% - 2px); width:calc(100% - 2px);\">\n<p>Ein Beitrag, der von Benjamin Moore (@Benjaminmoore) geteilt wird<\/p>\n<p>Ein Foto von on <\/p>\n<\/blockquote>\n<\/div>\n<h3 class=\"article-body__section\" id=\"section-1-ceilings-should-be-painted-white\"><span>1. Decken sollten wei\u00df gestrichen werden<\/span><\/h3>\n<figure class=\"van-image-figure inline-layout \" data-bordeaux-image-check>\n<div class=\"image-full-width-wrapper\">\n<div class=\"image-widthsetter\" style=\"max-width:2000px;\"><\/div>\n<\/div><figcaption class=\"inline-layout \">\n<div class=\"caption-text\">\n<p>Benjamin Moores indischer Sommer CC-186 und Leichter Lachs 2175-60<\/p>\n<\/div>\n<\/figcaption><\/figure>\n<p>Der erste Dekorationsmythos, den Sharon anspricht, ist die Annahme, dass Decken und Trimm wei\u00df gestrichen werden sollten. &#8222;Nun, obwohl Wei\u00df keine schlechte Wahl ist, ist es einfach nicht immer die harmonischste&#8220;, beginnt Sharon.<\/p>\n<div class=\"van_vid_carousel\">\n<div class=\"van_vid_carousel__padding\">\n<div class=\"van_vid_carousel__container\"><\/div>\n<\/div>\n<\/div>\n<p>\u201eEs ist wirklich wichtig, dass Sie \u00fcber alle anderen Elemente im Raum nachdenken und sicherstellen, dass Ihre Decke und Ihr Trimm mit all diesen verbinden. Einige der interessantesten R\u00e4ume, die ich gesehen habe, behandeln die Decke und die Verkleidung als dekorative Details. Sie k\u00f6nnen also wirklich Kontrast oder Drama hinzuf\u00fcgen oder nur etwas Verspieltes und Unerwartetes \u201c, f\u00fcgt sie hinzu.<\/p>\n<div id=\"ad-unit-2\" class=\"ad-unit\"><\/div>\n<p>Wie in diesem beruhigenden Wohnzimmer gezeigt, das mit Benjamin Moores indischem Sommer und leichten Lachs geschm\u00fcckt ist, f\u00fchlt sich manchmal viel weicher und koh\u00e4siv an. Wenn Wei\u00df an der Decke verwendet worden w\u00e4re, h\u00e4tte dies eine harte visuelle Pause gegen die warmen neutralen Farben verursacht, was zu einem unzusammenh\u00e4ngenden Gef\u00fchl f\u00fchrte.<\/p>\n<h3 class=\"article-body__section\" id=\"section-2-each-room-should-include-the-same-color\"><span>2. Jeder Raum sollte die gleiche Farbe enthalten<\/span><\/h3>\n<figure class=\"van-image-figure inline-layout \" data-bordeaux-image-check>\n<div class=\"image-full-width-wrapper\">\n<div class=\"image-widthsetter\" style=\"max-width:2000px;\"><\/div>\n<\/div><figcaption class=\"inline-layout \">\n<div class=\"caption-text\">\n<p>Benjamin Moores Gletscherwei\u00df OC-37, Hexenstunde 2120-30, Sellerie Salz OC-136 und Odessa Pink HC-59<\/p>\n<\/div>\n<\/figcaption><\/figure>\n<p>Bei der Auswahl eines Farbschemas f\u00fcr ein ganzes Zuhause kann es schwierig sein, zu wissen, wie viel Crossover es zwischen jedem Raum geben sollte, wobei Sharon auflistet: \u201eIch muss in meinem ganzen Haus eine Farbe verwenden, um Farbharmonie zu erstellen\u201c als gemeinsames Missverst\u00e4ndnis.<\/p>\n<p>\u201eDer Schl\u00fcssel ist, Harmonie zwischen allen Elementen in allen R\u00e4umen zu schaffen. Also die Bodenbel\u00e4ge, die Arbeitsplatten, die Schr\u00e4nke, alle Einrichtungsgegenst\u00e4nde. Stellen Sie sich diese alle als eine Farbe vor und sind dann sicher, dass Sie durch die Sichtlinien, in denen Sie diese sehen, einige dieser Farben durchgehend wiederholen \u201c, erkl\u00e4rt Sharon.<\/p>\n<p>Wie Sharon schon sagt, k\u00f6nnen Sie einen kreativen Ansatz f\u00fcr Ihre Zimmerfarbe Ideen annehmen. Solange die Designelemente zwischen jedem Raum in irgendeiner Weise miteinander sprechen, kann sich Ihr Zuhause auch mit einer breiteren Farbenpalette zusammenh\u00e4ngend anf\u00fchlen.<\/p>\n<h3 class=\"article-body__section\" id=\"section-3-small-rooms-should-be-painted-white\"><span>3.. Kleine R\u00e4ume sollten wei\u00df gestrichen werden<\/span><\/h3>\n<figure class=\"van-image-figure inline-layout \" data-bordeaux-image-check>\n<div class=\"image-full-width-wrapper\">\n<div class=\"image-widthsetter\" style=\"max-width:2000px;\"><\/div>\n<\/div><figcaption class=\"inline-layout \">\n<div class=\"caption-text\">\n<p>Benjamin Moores Schiefer blaugr\u00fcn<\/p>\n<\/div>\n<\/figcaption><\/figure>\n<p>Sharons drittes und endg\u00fcltiges Farbmissbrauch lautet: &#8222;Ich muss meinen kleinen Raum wei\u00df malen, damit es sich gr\u00f6\u00dfer anf\u00fchlt.&#8220;<\/p>\n<p>&#8222;Der beste Tipp, um ein kleines Zimmer gr\u00f6\u00dfer zu machen, ist wirklich, in gro\u00dfartige Beleuchtung zu investieren, die alle Schatten in den Ecken f\u00fcllt und den Kontrast von allem, was im Raum ist, minimiert&#8220;, erkl\u00e4rt Sharon. &#8222;Obwohl Wei\u00df mit gro\u00dfer Beleuchtung gut im Raum leicht reflektiert, k\u00f6nnen sich viele andere Farben expansiv anf\u00fchlen, insbesondere wenn Sie einen minimalen Kontrast zwischen den W\u00e4nden und allen anderen Elementen im Raum haben.&#8220;<\/p>\n<p>Lassen Sie sich von diesem farbenfrohen Heimb\u00fcro mit Benjamin Moores Schieferblau an den W\u00e4nden inspirieren, ein reichhaltiges Blaugr\u00fcn, und zeigt, dass eine mutige Farbe eine der besten Auswahlm\u00f6glichkeiten in kleinen R\u00e4umen sein kann.<\/p>\n<hr>\n<p>Haben Sie schon einmal eine dieser Farbregeln befolgt? Wenn ja, sollten Sie in Betracht ziehen, von ihnen das n\u00e4chste Mal zu wechseln, wenn Sie mit Farbe dekorieren. W\u00e4hrend bestimmte Farbregeln n\u00fctzlich sein k\u00f6nnen, beweist Sharon, dass es alternative Dekorationsmethoden gibt, die Ihrem Zuhause viel mehr Interesse erh\u00f6hen k\u00f6nnen.<\/p>\n<\/div>\n<p><script async src=\"\/\/www.instagram.com\/embed.js\"><\/script><\/p>\n","protected":false},"excerpt":{"rendered":"<p>Wenn Sie mit Farbe und Farbe dekorieren, gibt es eine breite Palette traditioneller \u201eRegeln\u201c, von denen es schwierig sein kann, davon abzuwenden. Von der Decke<\/p>\n","protected":false},"author":1,"featured_media":3969,"comment_status":"closed","ping_status":"","sticky":false,"template":"","format":"standard","meta":{"footnotes":""},"categories":[118],"tags":[4312,143,6060,5268,6058,6057,495,189,4313,6059,37],"class_list":["post-3968","post","type-post","status-publish","format-standard","has-post-thumbnail","hentry","category-haus-garten","tag-benjamin","tag-diese","tag-entlarv","tag-farb","tag-farbendekoration","tag-gemeinsamen","tag-gerade","tag-hat","tag-moore","tag-mythen","tag-und","generate-columns","tablet-grid-50","mobile-grid-100","grid-parent","grid-50"],"yoast_head":"<!-- This site is optimized with the Yoast SEO plugin v27.3 - https:\/\/yoast.com\/product\/yoast-seo-wordpress\/ -->\n<title>Benjamin Moore hat gerade diese 3 gemeinsamen Farb- und Farbendekoration &quot;Mythen&quot; entlarv - Nachrichten - Stra\u00dfenweb<\/title>\n<meta name=\"robots\" content=\"index, follow, max-snippet:-1, max-image-preview:large, max-video-preview:-1\" \/>\n<link rel=\"canonical\" href=\"https:\/\/www.strassenweb.de\/nachrichten\/benjamin-moore-hat-gerade-diese-3-gemeinsamen-farb-und-farbendekoration-mythen-entlarv\/\" \/>\n<meta property=\"og:locale\" content=\"de_DE\" \/>\n<meta property=\"og:type\" content=\"article\" \/>\n<meta property=\"og:title\" content=\"Benjamin Moore hat gerade diese 3 gemeinsamen Farb- und Farbendekoration &quot;Mythen&quot; entlarv - Nachrichten - Stra\u00dfenweb\" \/>\n<meta property=\"og:description\" content=\"Wenn Sie mit Farbe und Farbe dekorieren, gibt es eine breite Palette traditioneller \u201eRegeln\u201c, von denen es schwierig sein kann, davon abzuwenden. Von der Decke\" \/>\n<meta property=\"og:url\" content=\"https:\/\/www.strassenweb.de\/nachrichten\/benjamin-moore-hat-gerade-diese-3-gemeinsamen-farb-und-farbendekoration-mythen-entlarv\/\" \/>\n<meta property=\"og:site_name\" content=\"Stra\u00dfenweb\" \/>\n<meta property=\"article:publisher\" content=\"https:\/\/www.facebook.com\/strassenweb\/\" \/>\n<meta property=\"article:published_time\" content=\"2025-03-18T18:39:30+00:00\" \/>\n<meta property=\"article:modified_time\" content=\"2025-03-18T18:39:31+00:00\" \/>\n<meta property=\"og:image\" content=\"https:\/\/www.strassenweb.de\/nachrichten\/wp-content\/uploads\/2025\/03\/Benjamin-Moore-hat-gerade-diese-3-gemeinsamen-Farb-und-Farbendekoration.jpg\" \/>\n\t<meta property=\"og:image:width\" content=\"1200\" \/>\n\t<meta property=\"og:image:height\" content=\"675\" \/>\n\t<meta property=\"og:image:type\" content=\"image\/jpeg\" \/>\n<meta name=\"author\" content=\"Robert Hoffmann\" \/>\n<meta name=\"twitter:card\" content=\"summary_large_image\" \/>\n<meta name=\"twitter:label1\" content=\"Verfasst von\" \/>\n\t<meta name=\"twitter:data1\" content=\"Robert Hoffmann\" \/>\n\t<meta name=\"twitter:label2\" content=\"Gesch\u00e4tzte Lesezeit\" \/>\n\t<meta name=\"twitter:data2\" content=\"3\u00a0Minuten\" \/>\n<script type=\"application\/ld+json\" class=\"yoast-schema-graph\">{\"@context\":\"https:\\\/\\\/schema.org\",\"@graph\":[{\"@type\":\"Article\",\"@id\":\"https:\\\/\\\/www.strassenweb.de\\\/nachrichten\\\/benjamin-moore-hat-gerade-diese-3-gemeinsamen-farb-und-farbendekoration-mythen-entlarv\\\/#article\",\"isPartOf\":{\"@id\":\"https:\\\/\\\/www.strassenweb.de\\\/nachrichten\\\/benjamin-moore-hat-gerade-diese-3-gemeinsamen-farb-und-farbendekoration-mythen-entlarv\\\/\"},\"author\":{\"name\":\"Robert Hoffmann\",\"@id\":\"https:\\\/\\\/www.strassenweb.de\\\/nachrichten\\\/#\\\/schema\\\/person\\\/87c9c9067f1211da429a744dc5a5aa41\"},\"headline\":\"Benjamin Moore hat gerade diese 3 gemeinsamen Farb- und Farbendekoration &#8222;Mythen&#8220; entlarv\",\"datePublished\":\"2025-03-18T18:39:30+00:00\",\"dateModified\":\"2025-03-18T18:39:31+00:00\",\"mainEntityOfPage\":{\"@id\":\"https:\\\/\\\/www.strassenweb.de\\\/nachrichten\\\/benjamin-moore-hat-gerade-diese-3-gemeinsamen-farb-und-farbendekoration-mythen-entlarv\\\/\"},\"wordCount\":709,\"publisher\":{\"@id\":\"https:\\\/\\\/www.strassenweb.de\\\/nachrichten\\\/#organization\"},\"image\":{\"@id\":\"https:\\\/\\\/www.strassenweb.de\\\/nachrichten\\\/benjamin-moore-hat-gerade-diese-3-gemeinsamen-farb-und-farbendekoration-mythen-entlarv\\\/#primaryimage\"},\"thumbnailUrl\":\"https:\\\/\\\/www.strassenweb.de\\\/nachrichten\\\/wp-content\\\/uploads\\\/2025\\\/03\\\/Benjamin-Moore-hat-gerade-diese-3-gemeinsamen-Farb-und-Farbendekoration.jpg\",\"keywords\":[\"Benjamin\",\"diese\",\"entlarv\",\"Farb\",\"Farbendekoration\",\"gemeinsamen\",\"gerade\",\"hat\",\"Moore\",\"Mythen\",\"und\"],\"articleSection\":[\"Haus &amp; Garten\"],\"inLanguage\":\"de\"},{\"@type\":\"WebPage\",\"@id\":\"https:\\\/\\\/www.strassenweb.de\\\/nachrichten\\\/benjamin-moore-hat-gerade-diese-3-gemeinsamen-farb-und-farbendekoration-mythen-entlarv\\\/\",\"url\":\"https:\\\/\\\/www.strassenweb.de\\\/nachrichten\\\/benjamin-moore-hat-gerade-diese-3-gemeinsamen-farb-und-farbendekoration-mythen-entlarv\\\/\",\"name\":\"Benjamin Moore hat gerade diese 3 gemeinsamen Farb- und Farbendekoration \\\"Mythen\\\" entlarv - Nachrichten - Stra\u00dfenweb\",\"isPartOf\":{\"@id\":\"https:\\\/\\\/www.strassenweb.de\\\/nachrichten\\\/#website\"},\"primaryImageOfPage\":{\"@id\":\"https:\\\/\\\/www.strassenweb.de\\\/nachrichten\\\/benjamin-moore-hat-gerade-diese-3-gemeinsamen-farb-und-farbendekoration-mythen-entlarv\\\/#primaryimage\"},\"image\":{\"@id\":\"https:\\\/\\\/www.strassenweb.de\\\/nachrichten\\\/benjamin-moore-hat-gerade-diese-3-gemeinsamen-farb-und-farbendekoration-mythen-entlarv\\\/#primaryimage\"},\"thumbnailUrl\":\"https:\\\/\\\/www.strassenweb.de\\\/nachrichten\\\/wp-content\\\/uploads\\\/2025\\\/03\\\/Benjamin-Moore-hat-gerade-diese-3-gemeinsamen-Farb-und-Farbendekoration.jpg\",\"datePublished\":\"2025-03-18T18:39:30+00:00\",\"dateModified\":\"2025-03-18T18:39:31+00:00\",\"breadcrumb\":{\"@id\":\"https:\\\/\\\/www.strassenweb.de\\\/nachrichten\\\/benjamin-moore-hat-gerade-diese-3-gemeinsamen-farb-und-farbendekoration-mythen-entlarv\\\/#breadcrumb\"},\"inLanguage\":\"de\",\"potentialAction\":[{\"@type\":\"ReadAction\",\"target\":[\"https:\\\/\\\/www.strassenweb.de\\\/nachrichten\\\/benjamin-moore-hat-gerade-diese-3-gemeinsamen-farb-und-farbendekoration-mythen-entlarv\\\/\"]}]},{\"@type\":\"ImageObject\",\"inLanguage\":\"de\",\"@id\":\"https:\\\/\\\/www.strassenweb.de\\\/nachrichten\\\/benjamin-moore-hat-gerade-diese-3-gemeinsamen-farb-und-farbendekoration-mythen-entlarv\\\/#primaryimage\",\"url\":\"https:\\\/\\\/www.strassenweb.de\\\/nachrichten\\\/wp-content\\\/uploads\\\/2025\\\/03\\\/Benjamin-Moore-hat-gerade-diese-3-gemeinsamen-Farb-und-Farbendekoration.jpg\",\"contentUrl\":\"https:\\\/\\\/www.strassenweb.de\\\/nachrichten\\\/wp-content\\\/uploads\\\/2025\\\/03\\\/Benjamin-Moore-hat-gerade-diese-3-gemeinsamen-Farb-und-Farbendekoration.jpg\",\"width\":1200,\"height\":675,\"caption\":\"Benjamin Moore hat gerade diese 3 gemeinsamen Farb- und Farbendekoration \\\"Mythen\\\" entlarv\"},{\"@type\":\"BreadcrumbList\",\"@id\":\"https:\\\/\\\/www.strassenweb.de\\\/nachrichten\\\/benjamin-moore-hat-gerade-diese-3-gemeinsamen-farb-und-farbendekoration-mythen-entlarv\\\/#breadcrumb\",\"itemListElement\":[{\"@type\":\"ListItem\",\"position\":1,\"name\":\"Home\",\"item\":\"https:\\\/\\\/www.strassenweb.de\\\/nachrichten\\\/\"},{\"@type\":\"ListItem\",\"position\":2,\"name\":\"Benjamin Moore hat gerade diese 3 gemeinsamen Farb- und Farbendekoration &#8222;Mythen&#8220; entlarv\"}]},{\"@type\":\"WebSite\",\"@id\":\"https:\\\/\\\/www.strassenweb.de\\\/nachrichten\\\/#website\",\"url\":\"https:\\\/\\\/www.strassenweb.de\\\/nachrichten\\\/\",\"name\":\"Stra\u00dfenweb\",\"description\":\"Stra\u00dfenverzeichnis f\u00fcr Deutschland\",\"publisher\":{\"@id\":\"https:\\\/\\\/www.strassenweb.de\\\/nachrichten\\\/#organization\"},\"potentialAction\":[{\"@type\":\"SearchAction\",\"target\":{\"@type\":\"EntryPoint\",\"urlTemplate\":\"https:\\\/\\\/www.strassenweb.de\\\/nachrichten\\\/?s={search_term_string}\"},\"query-input\":{\"@type\":\"PropertyValueSpecification\",\"valueRequired\":true,\"valueName\":\"search_term_string\"}}],\"inLanguage\":\"de\"},{\"@type\":\"Organization\",\"@id\":\"https:\\\/\\\/www.strassenweb.de\\\/nachrichten\\\/#organization\",\"name\":\"Stra\u00dfenweb\",\"url\":\"https:\\\/\\\/www.strassenweb.de\\\/nachrichten\\\/\",\"logo\":{\"@type\":\"ImageObject\",\"inLanguage\":\"de\",\"@id\":\"https:\\\/\\\/www.strassenweb.de\\\/nachrichten\\\/#\\\/schema\\\/logo\\\/image\\\/\",\"url\":\"https:\\\/\\\/www.strassenweb.de\\\/nachrichten\\\/wp-content\\\/uploads\\\/2024\\\/09\\\/cropped-favicon.png\",\"contentUrl\":\"https:\\\/\\\/www.strassenweb.de\\\/nachrichten\\\/wp-content\\\/uploads\\\/2024\\\/09\\\/cropped-favicon.png\",\"width\":512,\"height\":512,\"caption\":\"Stra\u00dfenweb\"},\"image\":{\"@id\":\"https:\\\/\\\/www.strassenweb.de\\\/nachrichten\\\/#\\\/schema\\\/logo\\\/image\\\/\"},\"sameAs\":[\"https:\\\/\\\/www.facebook.com\\\/strassenweb\\\/\"]},{\"@type\":\"Person\",\"@id\":\"https:\\\/\\\/www.strassenweb.de\\\/nachrichten\\\/#\\\/schema\\\/person\\\/87c9c9067f1211da429a744dc5a5aa41\",\"name\":\"Robert Hoffmann\",\"image\":{\"@type\":\"ImageObject\",\"inLanguage\":\"de\",\"@id\":\"https:\\\/\\\/www.strassenweb.de\\\/nachrichten\\\/wp-content\\\/uploads\\\/2024\\\/09\\\/strassenweb-150x150.jpg\",\"url\":\"https:\\\/\\\/www.strassenweb.de\\\/nachrichten\\\/wp-content\\\/uploads\\\/2024\\\/09\\\/strassenweb-150x150.jpg\",\"contentUrl\":\"https:\\\/\\\/www.strassenweb.de\\\/nachrichten\\\/wp-content\\\/uploads\\\/2024\\\/09\\\/strassenweb-150x150.jpg\",\"caption\":\"Robert Hoffmann\"},\"description\":\"Ich hei\u00dfe Robert Hoffmann und ich bin ein leidenschaftlicher Verfechter von \u00d6kologie und Biodiversit\u00e4t. Seit meiner Kindheit in den W\u00e4ldern Bayerns f\u00fchle ich mich mit der Natur verbunden und bin entschlossen, sie zu sch\u00fctzen. Heute widme ich mein Leben der Sensibilisierung anderer f\u00fcr die Bedeutung des Umweltschutzes f\u00fcr zuk\u00fcnftige Generationen.\",\"sameAs\":[\"https:\\\/\\\/www.strassenweb.de\\\/\"]}]}<\/script>\n<!-- \/ Yoast SEO plugin. -->","yoast_head_json":{"title":"Benjamin Moore hat gerade diese 3 gemeinsamen Farb- und Farbendekoration \"Mythen\" entlarv - Nachrichten - Stra\u00dfenweb","robots":{"index":"index","follow":"follow","max-snippet":"max-snippet:-1","max-image-preview":"max-image-preview:large","max-video-preview":"max-video-preview:-1"},"canonical":"https:\/\/www.strassenweb.de\/nachrichten\/benjamin-moore-hat-gerade-diese-3-gemeinsamen-farb-und-farbendekoration-mythen-entlarv\/","og_locale":"de_DE","og_type":"article","og_title":"Benjamin Moore hat gerade diese 3 gemeinsamen Farb- und Farbendekoration \"Mythen\" entlarv - Nachrichten - Stra\u00dfenweb","og_description":"Wenn Sie mit Farbe und Farbe dekorieren, gibt es eine breite Palette traditioneller \u201eRegeln\u201c, von denen es schwierig sein kann, davon abzuwenden. Von der Decke","og_url":"https:\/\/www.strassenweb.de\/nachrichten\/benjamin-moore-hat-gerade-diese-3-gemeinsamen-farb-und-farbendekoration-mythen-entlarv\/","og_site_name":"Stra\u00dfenweb","article_publisher":"https:\/\/www.facebook.com\/strassenweb\/","article_published_time":"2025-03-18T18:39:30+00:00","article_modified_time":"2025-03-18T18:39:31+00:00","og_image":[{"width":1200,"height":675,"url":"https:\/\/www.strassenweb.de\/nachrichten\/wp-content\/uploads\/2025\/03\/Benjamin-Moore-hat-gerade-diese-3-gemeinsamen-Farb-und-Farbendekoration.jpg","type":"image\/jpeg"}],"author":"Robert Hoffmann","twitter_card":"summary_large_image","twitter_misc":{"Verfasst von":"Robert Hoffmann","Gesch\u00e4tzte Lesezeit":"3\u00a0Minuten"},"schema":{"@context":"https:\/\/schema.org","@graph":[{"@type":"Article","@id":"https:\/\/www.strassenweb.de\/nachrichten\/benjamin-moore-hat-gerade-diese-3-gemeinsamen-farb-und-farbendekoration-mythen-entlarv\/#article","isPartOf":{"@id":"https:\/\/www.strassenweb.de\/nachrichten\/benjamin-moore-hat-gerade-diese-3-gemeinsamen-farb-und-farbendekoration-mythen-entlarv\/"},"author":{"name":"Robert Hoffmann","@id":"https:\/\/www.strassenweb.de\/nachrichten\/#\/schema\/person\/87c9c9067f1211da429a744dc5a5aa41"},"headline":"Benjamin Moore hat gerade diese 3 gemeinsamen Farb- und Farbendekoration &#8222;Mythen&#8220; entlarv","datePublished":"2025-03-18T18:39:30+00:00","dateModified":"2025-03-18T18:39:31+00:00","mainEntityOfPage":{"@id":"https:\/\/www.strassenweb.de\/nachrichten\/benjamin-moore-hat-gerade-diese-3-gemeinsamen-farb-und-farbendekoration-mythen-entlarv\/"},"wordCount":709,"publisher":{"@id":"https:\/\/www.strassenweb.de\/nachrichten\/#organization"},"image":{"@id":"https:\/\/www.strassenweb.de\/nachrichten\/benjamin-moore-hat-gerade-diese-3-gemeinsamen-farb-und-farbendekoration-mythen-entlarv\/#primaryimage"},"thumbnailUrl":"https:\/\/www.strassenweb.de\/nachrichten\/wp-content\/uploads\/2025\/03\/Benjamin-Moore-hat-gerade-diese-3-gemeinsamen-Farb-und-Farbendekoration.jpg","keywords":["Benjamin","diese","entlarv","Farb","Farbendekoration","gemeinsamen","gerade","hat","Moore","Mythen","und"],"articleSection":["Haus &amp; Garten"],"inLanguage":"de"},{"@type":"WebPage","@id":"https:\/\/www.strassenweb.de\/nachrichten\/benjamin-moore-hat-gerade-diese-3-gemeinsamen-farb-und-farbendekoration-mythen-entlarv\/","url":"https:\/\/www.strassenweb.de\/nachrichten\/benjamin-moore-hat-gerade-diese-3-gemeinsamen-farb-und-farbendekoration-mythen-entlarv\/","name":"Benjamin Moore hat gerade diese 3 gemeinsamen Farb- und Farbendekoration \"Mythen\" entlarv - Nachrichten - Stra\u00dfenweb","isPartOf":{"@id":"https:\/\/www.strassenweb.de\/nachrichten\/#website"},"primaryImageOfPage":{"@id":"https:\/\/www.strassenweb.de\/nachrichten\/benjamin-moore-hat-gerade-diese-3-gemeinsamen-farb-und-farbendekoration-mythen-entlarv\/#primaryimage"},"image":{"@id":"https:\/\/www.strassenweb.de\/nachrichten\/benjamin-moore-hat-gerade-diese-3-gemeinsamen-farb-und-farbendekoration-mythen-entlarv\/#primaryimage"},"thumbnailUrl":"https:\/\/www.strassenweb.de\/nachrichten\/wp-content\/uploads\/2025\/03\/Benjamin-Moore-hat-gerade-diese-3-gemeinsamen-Farb-und-Farbendekoration.jpg","datePublished":"2025-03-18T18:39:30+00:00","dateModified":"2025-03-18T18:39:31+00:00","breadcrumb":{"@id":"https:\/\/www.strassenweb.de\/nachrichten\/benjamin-moore-hat-gerade-diese-3-gemeinsamen-farb-und-farbendekoration-mythen-entlarv\/#breadcrumb"},"inLanguage":"de","potentialAction":[{"@type":"ReadAction","target":["https:\/\/www.strassenweb.de\/nachrichten\/benjamin-moore-hat-gerade-diese-3-gemeinsamen-farb-und-farbendekoration-mythen-entlarv\/"]}]},{"@type":"ImageObject","inLanguage":"de","@id":"https:\/\/www.strassenweb.de\/nachrichten\/benjamin-moore-hat-gerade-diese-3-gemeinsamen-farb-und-farbendekoration-mythen-entlarv\/#primaryimage","url":"https:\/\/www.strassenweb.de\/nachrichten\/wp-content\/uploads\/2025\/03\/Benjamin-Moore-hat-gerade-diese-3-gemeinsamen-Farb-und-Farbendekoration.jpg","contentUrl":"https:\/\/www.strassenweb.de\/nachrichten\/wp-content\/uploads\/2025\/03\/Benjamin-Moore-hat-gerade-diese-3-gemeinsamen-Farb-und-Farbendekoration.jpg","width":1200,"height":675,"caption":"Benjamin Moore hat gerade diese 3 gemeinsamen Farb- und Farbendekoration \"Mythen\" entlarv"},{"@type":"BreadcrumbList","@id":"https:\/\/www.strassenweb.de\/nachrichten\/benjamin-moore-hat-gerade-diese-3-gemeinsamen-farb-und-farbendekoration-mythen-entlarv\/#breadcrumb","itemListElement":[{"@type":"ListItem","position":1,"name":"Home","item":"https:\/\/www.strassenweb.de\/nachrichten\/"},{"@type":"ListItem","position":2,"name":"Benjamin Moore hat gerade diese 3 gemeinsamen Farb- und Farbendekoration &#8222;Mythen&#8220; entlarv"}]},{"@type":"WebSite","@id":"https:\/\/www.strassenweb.de\/nachrichten\/#website","url":"https:\/\/www.strassenweb.de\/nachrichten\/","name":"Stra\u00dfenweb","description":"Stra\u00dfenverzeichnis f\u00fcr Deutschland","publisher":{"@id":"https:\/\/www.strassenweb.de\/nachrichten\/#organization"},"potentialAction":[{"@type":"SearchAction","target":{"@type":"EntryPoint","urlTemplate":"https:\/\/www.strassenweb.de\/nachrichten\/?s={search_term_string}"},"query-input":{"@type":"PropertyValueSpecification","valueRequired":true,"valueName":"search_term_string"}}],"inLanguage":"de"},{"@type":"Organization","@id":"https:\/\/www.strassenweb.de\/nachrichten\/#organization","name":"Stra\u00dfenweb","url":"https:\/\/www.strassenweb.de\/nachrichten\/","logo":{"@type":"ImageObject","inLanguage":"de","@id":"https:\/\/www.strassenweb.de\/nachrichten\/#\/schema\/logo\/image\/","url":"https:\/\/www.strassenweb.de\/nachrichten\/wp-content\/uploads\/2024\/09\/cropped-favicon.png","contentUrl":"https:\/\/www.strassenweb.de\/nachrichten\/wp-content\/uploads\/2024\/09\/cropped-favicon.png","width":512,"height":512,"caption":"Stra\u00dfenweb"},"image":{"@id":"https:\/\/www.strassenweb.de\/nachrichten\/#\/schema\/logo\/image\/"},"sameAs":["https:\/\/www.facebook.com\/strassenweb\/"]},{"@type":"Person","@id":"https:\/\/www.strassenweb.de\/nachrichten\/#\/schema\/person\/87c9c9067f1211da429a744dc5a5aa41","name":"Robert Hoffmann","image":{"@type":"ImageObject","inLanguage":"de","@id":"https:\/\/www.strassenweb.de\/nachrichten\/wp-content\/uploads\/2024\/09\/strassenweb-150x150.jpg","url":"https:\/\/www.strassenweb.de\/nachrichten\/wp-content\/uploads\/2024\/09\/strassenweb-150x150.jpg","contentUrl":"https:\/\/www.strassenweb.de\/nachrichten\/wp-content\/uploads\/2024\/09\/strassenweb-150x150.jpg","caption":"Robert Hoffmann"},"description":"Ich hei\u00dfe Robert Hoffmann und ich bin ein leidenschaftlicher Verfechter von \u00d6kologie und Biodiversit\u00e4t. Seit meiner Kindheit in den W\u00e4ldern Bayerns f\u00fchle ich mich mit der Natur verbunden und bin entschlossen, sie zu sch\u00fctzen. Heute widme ich mein Leben der Sensibilisierung anderer f\u00fcr die Bedeutung des Umweltschutzes f\u00fcr zuk\u00fcnftige Generationen.","sameAs":["https:\/\/www.strassenweb.de\/"]}]}},"_links":{"self":[{"href":"https:\/\/www.strassenweb.de\/nachrichten\/wp-json\/wp\/v2\/posts\/3968","targetHints":{"allow":["GET"]}}],"collection":[{"href":"https:\/\/www.strassenweb.de\/nachrichten\/wp-json\/wp\/v2\/posts"}],"about":[{"href":"https:\/\/www.strassenweb.de\/nachrichten\/wp-json\/wp\/v2\/types\/post"}],"author":[{"embeddable":true,"href":"https:\/\/www.strassenweb.de\/nachrichten\/wp-json\/wp\/v2\/users\/1"}],"replies":[{"embeddable":true,"href":"https:\/\/www.strassenweb.de\/nachrichten\/wp-json\/wp\/v2\/comments?post=3968"}],"version-history":[{"count":0,"href":"https:\/\/www.strassenweb.de\/nachrichten\/wp-json\/wp\/v2\/posts\/3968\/revisions"}],"wp:featuredmedia":[{"embeddable":true,"href":"https:\/\/www.strassenweb.de\/nachrichten\/wp-json\/wp\/v2\/media\/3969"}],"wp:attachment":[{"href":"https:\/\/www.strassenweb.de\/nachrichten\/wp-json\/wp\/v2\/media?parent=3968"}],"wp:term":[{"taxonomy":"category","embeddable":true,"href":"https:\/\/www.strassenweb.de\/nachrichten\/wp-json\/wp\/v2\/categories?post=3968"},{"taxonomy":"post_tag","embeddable":true,"href":"https:\/\/www.strassenweb.de\/nachrichten\/wp-json\/wp\/v2\/tags?post=3968"}],"curies":[{"name":"wp","href":"https:\/\/api.w.org\/{rel}","templated":true}]}}