{"id":3965,"date":"2025-03-18T16:44:42","date_gmt":"2025-03-18T15:44:42","guid":{"rendered":"https:\/\/www.strassenweb.de\/nachrichten\/rspb-reagiert-auf-den-fuehrer-der-rede-der-opposition-auf-net-null-bis-2050\/"},"modified":"2025-03-18T16:44:43","modified_gmt":"2025-03-18T15:44:43","slug":"rspb-reagiert-auf-den-fuehrer-der-rede-der-opposition-auf-net-null-bis-2050","status":"publish","type":"post","link":"https:\/\/www.strassenweb.de\/nachrichten\/rspb-reagiert-auf-den-fuehrer-der-rede-der-opposition-auf-net-null-bis-2050\/","title":{"rendered":"RSPB reagiert auf den F\u00fchrer der Rede der Opposition auf Net Null bis 2050"},"content":{"rendered":"<p><strong>Katie-jo Luxton, RSPB-Direktorin f\u00fcr globale Erhaltung, sagte:  <\/strong><\/p>\n<p>\u201eKemi Badenochs Versuch, eine Headlin-K\u00f6rnung des Netto-Null-Ziels zu entlassen, untergr\u00e4bt die Dringlichkeit des Klimas und der Naturkrise. Net Zero bis 2050 ist nicht nur ein ehrgeiziges Ziel. Es ist wesentlich f\u00fcr das \u00dcberleben unserer Planeten und das Wohlbefinden der zuk\u00fcnftigen Generationen. Wir sind mit einer beispiellosen Drohung ausgewiesen. ist entscheidend, dass wir in einer Weise auf saubere Energie \u00fcbergehen, die die degradierten \u00d6kosysteme wiederherstellt.<\/p>\n","protected":false},"excerpt":{"rendered":"<p>Katie-jo Luxton, RSPB-Direktorin f\u00fcr globale Erhaltung, sagte: \u201eKemi Badenochs Versuch, eine Headlin-K\u00f6rnung des Netto-Null-Ziels zu entlassen, untergr\u00e4bt die Dringlichkeit des Klimas und der Naturkrise. Net<\/p>\n","protected":false},"author":1,"featured_media":3966,"comment_status":"closed","ping_status":"","sticky":false,"template":"","format":"standard","meta":{"footnotes":""},"categories":[101],"tags":[46,180,78,81,2925,1291,6056,2641,77,6055,565],"class_list":["post-3965","post","type-post","status-publish","format-standard","has-post-thumbnail","hentry","category-oekologie","tag-auf","tag-bis","tag-den","tag-der","tag-fuehrer","tag-net","tag-null","tag-opposition","tag-reagiert","tag-rede","tag-rspb","generate-columns","tablet-grid-50","mobile-grid-100","grid-parent","grid-50"],"yoast_head":"<!-- This site is optimized with the Yoast SEO plugin v27.3 - https:\/\/yoast.com\/product\/yoast-seo-wordpress\/ -->\n<title>RSPB reagiert auf den F\u00fchrer der Rede der Opposition auf Net Null bis 2050 - Nachrichten - Stra\u00dfenweb<\/title>\n<meta name=\"robots\" content=\"index, follow, max-snippet:-1, max-image-preview:large, max-video-preview:-1\" \/>\n<link rel=\"canonical\" href=\"https:\/\/www.strassenweb.de\/nachrichten\/rspb-reagiert-auf-den-fuehrer-der-rede-der-opposition-auf-net-null-bis-2050\/\" \/>\n<meta property=\"og:locale\" content=\"de_DE\" \/>\n<meta property=\"og:type\" content=\"article\" \/>\n<meta property=\"og:title\" content=\"RSPB reagiert auf den F\u00fchrer der Rede der Opposition auf Net Null bis 2050 - Nachrichten - Stra\u00dfenweb\" \/>\n<meta property=\"og:description\" content=\"Katie-jo Luxton, RSPB-Direktorin f\u00fcr globale Erhaltung, sagte: \u201eKemi Badenochs Versuch, eine Headlin-K\u00f6rnung des Netto-Null-Ziels zu entlassen, untergr\u00e4bt die Dringlichkeit des Klimas und der Naturkrise. Net\" \/>\n<meta property=\"og:url\" content=\"https:\/\/www.strassenweb.de\/nachrichten\/rspb-reagiert-auf-den-fuehrer-der-rede-der-opposition-auf-net-null-bis-2050\/\" \/>\n<meta property=\"og:site_name\" content=\"Stra\u00dfenweb\" \/>\n<meta property=\"article:publisher\" content=\"https:\/\/www.facebook.com\/strassenweb\/\" \/>\n<meta property=\"article:published_time\" content=\"2025-03-18T15:44:42+00:00\" \/>\n<meta property=\"article:modified_time\" content=\"2025-03-18T15:44:43+00:00\" \/>\n<meta property=\"og:image\" content=\"https:\/\/www.strassenweb.de\/nachrichten\/wp-content\/uploads\/2025\/03\/RSPB-reagiert-auf-den-Fuehrer-der-Rede-der-Opposition-auf.jpg\" \/>\n\t<meta property=\"og:image:width\" content=\"900\" \/>\n\t<meta property=\"og:image:height\" content=\"545\" \/>\n\t<meta property=\"og:image:type\" content=\"image\/jpeg\" \/>\n<meta name=\"author\" content=\"Robert Hoffmann\" \/>\n<meta name=\"twitter:card\" content=\"summary_large_image\" \/>\n<meta name=\"twitter:label1\" content=\"Verfasst von\" \/>\n\t<meta name=\"twitter:data1\" content=\"Robert Hoffmann\" \/>\n<script type=\"application\/ld+json\" class=\"yoast-schema-graph\">{\"@context\":\"https:\\\/\\\/schema.org\",\"@graph\":[{\"@type\":\"Article\",\"@id\":\"https:\\\/\\\/www.strassenweb.de\\\/nachrichten\\\/rspb-reagiert-auf-den-fuehrer-der-rede-der-opposition-auf-net-null-bis-2050\\\/#article\",\"isPartOf\":{\"@id\":\"https:\\\/\\\/www.strassenweb.de\\\/nachrichten\\\/rspb-reagiert-auf-den-fuehrer-der-rede-der-opposition-auf-net-null-bis-2050\\\/\"},\"author\":{\"name\":\"Robert Hoffmann\",\"@id\":\"https:\\\/\\\/www.strassenweb.de\\\/nachrichten\\\/#\\\/schema\\\/person\\\/87c9c9067f1211da429a744dc5a5aa41\"},\"headline\":\"RSPB reagiert auf den F\u00fchrer der Rede der Opposition auf Net Null bis 2050\",\"datePublished\":\"2025-03-18T15:44:42+00:00\",\"dateModified\":\"2025-03-18T15:44:43+00:00\",\"mainEntityOfPage\":{\"@id\":\"https:\\\/\\\/www.strassenweb.de\\\/nachrichten\\\/rspb-reagiert-auf-den-fuehrer-der-rede-der-opposition-auf-net-null-bis-2050\\\/\"},\"wordCount\":89,\"publisher\":{\"@id\":\"https:\\\/\\\/www.strassenweb.de\\\/nachrichten\\\/#organization\"},\"image\":{\"@id\":\"https:\\\/\\\/www.strassenweb.de\\\/nachrichten\\\/rspb-reagiert-auf-den-fuehrer-der-rede-der-opposition-auf-net-null-bis-2050\\\/#primaryimage\"},\"thumbnailUrl\":\"https:\\\/\\\/www.strassenweb.de\\\/nachrichten\\\/wp-content\\\/uploads\\\/2025\\\/03\\\/RSPB-reagiert-auf-den-Fuehrer-der-Rede-der-Opposition-auf.jpg\",\"keywords\":[\"auf\",\"bis\",\"den\",\"der\",\"F\u00fchrer\",\"Net\",\"Null\",\"Opposition\",\"reagiert\",\"Rede\",\"RSPB\"],\"articleSection\":[\"\u00d6kologie\"],\"inLanguage\":\"de\"},{\"@type\":\"WebPage\",\"@id\":\"https:\\\/\\\/www.strassenweb.de\\\/nachrichten\\\/rspb-reagiert-auf-den-fuehrer-der-rede-der-opposition-auf-net-null-bis-2050\\\/\",\"url\":\"https:\\\/\\\/www.strassenweb.de\\\/nachrichten\\\/rspb-reagiert-auf-den-fuehrer-der-rede-der-opposition-auf-net-null-bis-2050\\\/\",\"name\":\"RSPB reagiert auf den F\u00fchrer der Rede der Opposition auf Net Null bis 2050 - Nachrichten - Stra\u00dfenweb\",\"isPartOf\":{\"@id\":\"https:\\\/\\\/www.strassenweb.de\\\/nachrichten\\\/#website\"},\"primaryImageOfPage\":{\"@id\":\"https:\\\/\\\/www.strassenweb.de\\\/nachrichten\\\/rspb-reagiert-auf-den-fuehrer-der-rede-der-opposition-auf-net-null-bis-2050\\\/#primaryimage\"},\"image\":{\"@id\":\"https:\\\/\\\/www.strassenweb.de\\\/nachrichten\\\/rspb-reagiert-auf-den-fuehrer-der-rede-der-opposition-auf-net-null-bis-2050\\\/#primaryimage\"},\"thumbnailUrl\":\"https:\\\/\\\/www.strassenweb.de\\\/nachrichten\\\/wp-content\\\/uploads\\\/2025\\\/03\\\/RSPB-reagiert-auf-den-Fuehrer-der-Rede-der-Opposition-auf.jpg\",\"datePublished\":\"2025-03-18T15:44:42+00:00\",\"dateModified\":\"2025-03-18T15:44:43+00:00\",\"breadcrumb\":{\"@id\":\"https:\\\/\\\/www.strassenweb.de\\\/nachrichten\\\/rspb-reagiert-auf-den-fuehrer-der-rede-der-opposition-auf-net-null-bis-2050\\\/#breadcrumb\"},\"inLanguage\":\"de\",\"potentialAction\":[{\"@type\":\"ReadAction\",\"target\":[\"https:\\\/\\\/www.strassenweb.de\\\/nachrichten\\\/rspb-reagiert-auf-den-fuehrer-der-rede-der-opposition-auf-net-null-bis-2050\\\/\"]}]},{\"@type\":\"ImageObject\",\"inLanguage\":\"de\",\"@id\":\"https:\\\/\\\/www.strassenweb.de\\\/nachrichten\\\/rspb-reagiert-auf-den-fuehrer-der-rede-der-opposition-auf-net-null-bis-2050\\\/#primaryimage\",\"url\":\"https:\\\/\\\/www.strassenweb.de\\\/nachrichten\\\/wp-content\\\/uploads\\\/2025\\\/03\\\/RSPB-reagiert-auf-den-Fuehrer-der-Rede-der-Opposition-auf.jpg\",\"contentUrl\":\"https:\\\/\\\/www.strassenweb.de\\\/nachrichten\\\/wp-content\\\/uploads\\\/2025\\\/03\\\/RSPB-reagiert-auf-den-Fuehrer-der-Rede-der-Opposition-auf.jpg\",\"width\":900,\"height\":545,\"caption\":\"RSPB reacts to Leader of the Opposition&#039;s speech on Net Zero by 2050\"},{\"@type\":\"BreadcrumbList\",\"@id\":\"https:\\\/\\\/www.strassenweb.de\\\/nachrichten\\\/rspb-reagiert-auf-den-fuehrer-der-rede-der-opposition-auf-net-null-bis-2050\\\/#breadcrumb\",\"itemListElement\":[{\"@type\":\"ListItem\",\"position\":1,\"name\":\"Home\",\"item\":\"https:\\\/\\\/www.strassenweb.de\\\/nachrichten\\\/\"},{\"@type\":\"ListItem\",\"position\":2,\"name\":\"RSPB reagiert auf den F\u00fchrer der Rede der Opposition auf Net Null bis 2050\"}]},{\"@type\":\"WebSite\",\"@id\":\"https:\\\/\\\/www.strassenweb.de\\\/nachrichten\\\/#website\",\"url\":\"https:\\\/\\\/www.strassenweb.de\\\/nachrichten\\\/\",\"name\":\"Stra\u00dfenweb\",\"description\":\"Stra\u00dfenverzeichnis f\u00fcr Deutschland\",\"publisher\":{\"@id\":\"https:\\\/\\\/www.strassenweb.de\\\/nachrichten\\\/#organization\"},\"potentialAction\":[{\"@type\":\"SearchAction\",\"target\":{\"@type\":\"EntryPoint\",\"urlTemplate\":\"https:\\\/\\\/www.strassenweb.de\\\/nachrichten\\\/?s={search_term_string}\"},\"query-input\":{\"@type\":\"PropertyValueSpecification\",\"valueRequired\":true,\"valueName\":\"search_term_string\"}}],\"inLanguage\":\"de\"},{\"@type\":\"Organization\",\"@id\":\"https:\\\/\\\/www.strassenweb.de\\\/nachrichten\\\/#organization\",\"name\":\"Stra\u00dfenweb\",\"url\":\"https:\\\/\\\/www.strassenweb.de\\\/nachrichten\\\/\",\"logo\":{\"@type\":\"ImageObject\",\"inLanguage\":\"de\",\"@id\":\"https:\\\/\\\/www.strassenweb.de\\\/nachrichten\\\/#\\\/schema\\\/logo\\\/image\\\/\",\"url\":\"https:\\\/\\\/www.strassenweb.de\\\/nachrichten\\\/wp-content\\\/uploads\\\/2024\\\/09\\\/cropped-favicon.png\",\"contentUrl\":\"https:\\\/\\\/www.strassenweb.de\\\/nachrichten\\\/wp-content\\\/uploads\\\/2024\\\/09\\\/cropped-favicon.png\",\"width\":512,\"height\":512,\"caption\":\"Stra\u00dfenweb\"},\"image\":{\"@id\":\"https:\\\/\\\/www.strassenweb.de\\\/nachrichten\\\/#\\\/schema\\\/logo\\\/image\\\/\"},\"sameAs\":[\"https:\\\/\\\/www.facebook.com\\\/strassenweb\\\/\"]},{\"@type\":\"Person\",\"@id\":\"https:\\\/\\\/www.strassenweb.de\\\/nachrichten\\\/#\\\/schema\\\/person\\\/87c9c9067f1211da429a744dc5a5aa41\",\"name\":\"Robert Hoffmann\",\"image\":{\"@type\":\"ImageObject\",\"inLanguage\":\"de\",\"@id\":\"https:\\\/\\\/www.strassenweb.de\\\/nachrichten\\\/wp-content\\\/uploads\\\/2024\\\/09\\\/strassenweb-150x150.jpg\",\"url\":\"https:\\\/\\\/www.strassenweb.de\\\/nachrichten\\\/wp-content\\\/uploads\\\/2024\\\/09\\\/strassenweb-150x150.jpg\",\"contentUrl\":\"https:\\\/\\\/www.strassenweb.de\\\/nachrichten\\\/wp-content\\\/uploads\\\/2024\\\/09\\\/strassenweb-150x150.jpg\",\"caption\":\"Robert Hoffmann\"},\"description\":\"Ich hei\u00dfe Robert Hoffmann und ich bin ein leidenschaftlicher Verfechter von \u00d6kologie und Biodiversit\u00e4t. Seit meiner Kindheit in den W\u00e4ldern Bayerns f\u00fchle ich mich mit der Natur verbunden und bin entschlossen, sie zu sch\u00fctzen. Heute widme ich mein Leben der Sensibilisierung anderer f\u00fcr die Bedeutung des Umweltschutzes f\u00fcr zuk\u00fcnftige Generationen.\",\"sameAs\":[\"https:\\\/\\\/www.strassenweb.de\\\/\"]}]}<\/script>\n<!-- \/ Yoast SEO plugin. -->","yoast_head_json":{"title":"RSPB reagiert auf den F\u00fchrer der Rede der Opposition auf Net Null bis 2050 - Nachrichten - Stra\u00dfenweb","robots":{"index":"index","follow":"follow","max-snippet":"max-snippet:-1","max-image-preview":"max-image-preview:large","max-video-preview":"max-video-preview:-1"},"canonical":"https:\/\/www.strassenweb.de\/nachrichten\/rspb-reagiert-auf-den-fuehrer-der-rede-der-opposition-auf-net-null-bis-2050\/","og_locale":"de_DE","og_type":"article","og_title":"RSPB reagiert auf den F\u00fchrer der Rede der Opposition auf Net Null bis 2050 - Nachrichten - Stra\u00dfenweb","og_description":"Katie-jo Luxton, RSPB-Direktorin f\u00fcr globale Erhaltung, sagte: \u201eKemi Badenochs Versuch, eine Headlin-K\u00f6rnung des Netto-Null-Ziels zu entlassen, untergr\u00e4bt die Dringlichkeit des Klimas und der Naturkrise. Net","og_url":"https:\/\/www.strassenweb.de\/nachrichten\/rspb-reagiert-auf-den-fuehrer-der-rede-der-opposition-auf-net-null-bis-2050\/","og_site_name":"Stra\u00dfenweb","article_publisher":"https:\/\/www.facebook.com\/strassenweb\/","article_published_time":"2025-03-18T15:44:42+00:00","article_modified_time":"2025-03-18T15:44:43+00:00","og_image":[{"width":900,"height":545,"url":"https:\/\/www.strassenweb.de\/nachrichten\/wp-content\/uploads\/2025\/03\/RSPB-reagiert-auf-den-Fuehrer-der-Rede-der-Opposition-auf.jpg","type":"image\/jpeg"}],"author":"Robert Hoffmann","twitter_card":"summary_large_image","twitter_misc":{"Verfasst von":"Robert Hoffmann"},"schema":{"@context":"https:\/\/schema.org","@graph":[{"@type":"Article","@id":"https:\/\/www.strassenweb.de\/nachrichten\/rspb-reagiert-auf-den-fuehrer-der-rede-der-opposition-auf-net-null-bis-2050\/#article","isPartOf":{"@id":"https:\/\/www.strassenweb.de\/nachrichten\/rspb-reagiert-auf-den-fuehrer-der-rede-der-opposition-auf-net-null-bis-2050\/"},"author":{"name":"Robert Hoffmann","@id":"https:\/\/www.strassenweb.de\/nachrichten\/#\/schema\/person\/87c9c9067f1211da429a744dc5a5aa41"},"headline":"RSPB reagiert auf den F\u00fchrer der Rede der Opposition auf Net Null bis 2050","datePublished":"2025-03-18T15:44:42+00:00","dateModified":"2025-03-18T15:44:43+00:00","mainEntityOfPage":{"@id":"https:\/\/www.strassenweb.de\/nachrichten\/rspb-reagiert-auf-den-fuehrer-der-rede-der-opposition-auf-net-null-bis-2050\/"},"wordCount":89,"publisher":{"@id":"https:\/\/www.strassenweb.de\/nachrichten\/#organization"},"image":{"@id":"https:\/\/www.strassenweb.de\/nachrichten\/rspb-reagiert-auf-den-fuehrer-der-rede-der-opposition-auf-net-null-bis-2050\/#primaryimage"},"thumbnailUrl":"https:\/\/www.strassenweb.de\/nachrichten\/wp-content\/uploads\/2025\/03\/RSPB-reagiert-auf-den-Fuehrer-der-Rede-der-Opposition-auf.jpg","keywords":["auf","bis","den","der","F\u00fchrer","Net","Null","Opposition","reagiert","Rede","RSPB"],"articleSection":["\u00d6kologie"],"inLanguage":"de"},{"@type":"WebPage","@id":"https:\/\/www.strassenweb.de\/nachrichten\/rspb-reagiert-auf-den-fuehrer-der-rede-der-opposition-auf-net-null-bis-2050\/","url":"https:\/\/www.strassenweb.de\/nachrichten\/rspb-reagiert-auf-den-fuehrer-der-rede-der-opposition-auf-net-null-bis-2050\/","name":"RSPB reagiert auf den F\u00fchrer der Rede der Opposition auf Net Null bis 2050 - Nachrichten - Stra\u00dfenweb","isPartOf":{"@id":"https:\/\/www.strassenweb.de\/nachrichten\/#website"},"primaryImageOfPage":{"@id":"https:\/\/www.strassenweb.de\/nachrichten\/rspb-reagiert-auf-den-fuehrer-der-rede-der-opposition-auf-net-null-bis-2050\/#primaryimage"},"image":{"@id":"https:\/\/www.strassenweb.de\/nachrichten\/rspb-reagiert-auf-den-fuehrer-der-rede-der-opposition-auf-net-null-bis-2050\/#primaryimage"},"thumbnailUrl":"https:\/\/www.strassenweb.de\/nachrichten\/wp-content\/uploads\/2025\/03\/RSPB-reagiert-auf-den-Fuehrer-der-Rede-der-Opposition-auf.jpg","datePublished":"2025-03-18T15:44:42+00:00","dateModified":"2025-03-18T15:44:43+00:00","breadcrumb":{"@id":"https:\/\/www.strassenweb.de\/nachrichten\/rspb-reagiert-auf-den-fuehrer-der-rede-der-opposition-auf-net-null-bis-2050\/#breadcrumb"},"inLanguage":"de","potentialAction":[{"@type":"ReadAction","target":["https:\/\/www.strassenweb.de\/nachrichten\/rspb-reagiert-auf-den-fuehrer-der-rede-der-opposition-auf-net-null-bis-2050\/"]}]},{"@type":"ImageObject","inLanguage":"de","@id":"https:\/\/www.strassenweb.de\/nachrichten\/rspb-reagiert-auf-den-fuehrer-der-rede-der-opposition-auf-net-null-bis-2050\/#primaryimage","url":"https:\/\/www.strassenweb.de\/nachrichten\/wp-content\/uploads\/2025\/03\/RSPB-reagiert-auf-den-Fuehrer-der-Rede-der-Opposition-auf.jpg","contentUrl":"https:\/\/www.strassenweb.de\/nachrichten\/wp-content\/uploads\/2025\/03\/RSPB-reagiert-auf-den-Fuehrer-der-Rede-der-Opposition-auf.jpg","width":900,"height":545,"caption":"RSPB reacts to Leader of the Opposition&#039;s speech on Net Zero by 2050"},{"@type":"BreadcrumbList","@id":"https:\/\/www.strassenweb.de\/nachrichten\/rspb-reagiert-auf-den-fuehrer-der-rede-der-opposition-auf-net-null-bis-2050\/#breadcrumb","itemListElement":[{"@type":"ListItem","position":1,"name":"Home","item":"https:\/\/www.strassenweb.de\/nachrichten\/"},{"@type":"ListItem","position":2,"name":"RSPB reagiert auf den F\u00fchrer der Rede der Opposition auf Net Null bis 2050"}]},{"@type":"WebSite","@id":"https:\/\/www.strassenweb.de\/nachrichten\/#website","url":"https:\/\/www.strassenweb.de\/nachrichten\/","name":"Stra\u00dfenweb","description":"Stra\u00dfenverzeichnis f\u00fcr Deutschland","publisher":{"@id":"https:\/\/www.strassenweb.de\/nachrichten\/#organization"},"potentialAction":[{"@type":"SearchAction","target":{"@type":"EntryPoint","urlTemplate":"https:\/\/www.strassenweb.de\/nachrichten\/?s={search_term_string}"},"query-input":{"@type":"PropertyValueSpecification","valueRequired":true,"valueName":"search_term_string"}}],"inLanguage":"de"},{"@type":"Organization","@id":"https:\/\/www.strassenweb.de\/nachrichten\/#organization","name":"Stra\u00dfenweb","url":"https:\/\/www.strassenweb.de\/nachrichten\/","logo":{"@type":"ImageObject","inLanguage":"de","@id":"https:\/\/www.strassenweb.de\/nachrichten\/#\/schema\/logo\/image\/","url":"https:\/\/www.strassenweb.de\/nachrichten\/wp-content\/uploads\/2024\/09\/cropped-favicon.png","contentUrl":"https:\/\/www.strassenweb.de\/nachrichten\/wp-content\/uploads\/2024\/09\/cropped-favicon.png","width":512,"height":512,"caption":"Stra\u00dfenweb"},"image":{"@id":"https:\/\/www.strassenweb.de\/nachrichten\/#\/schema\/logo\/image\/"},"sameAs":["https:\/\/www.facebook.com\/strassenweb\/"]},{"@type":"Person","@id":"https:\/\/www.strassenweb.de\/nachrichten\/#\/schema\/person\/87c9c9067f1211da429a744dc5a5aa41","name":"Robert Hoffmann","image":{"@type":"ImageObject","inLanguage":"de","@id":"https:\/\/www.strassenweb.de\/nachrichten\/wp-content\/uploads\/2024\/09\/strassenweb-150x150.jpg","url":"https:\/\/www.strassenweb.de\/nachrichten\/wp-content\/uploads\/2024\/09\/strassenweb-150x150.jpg","contentUrl":"https:\/\/www.strassenweb.de\/nachrichten\/wp-content\/uploads\/2024\/09\/strassenweb-150x150.jpg","caption":"Robert Hoffmann"},"description":"Ich hei\u00dfe Robert Hoffmann und ich bin ein leidenschaftlicher Verfechter von \u00d6kologie und Biodiversit\u00e4t. Seit meiner Kindheit in den W\u00e4ldern Bayerns f\u00fchle ich mich mit der Natur verbunden und bin entschlossen, sie zu sch\u00fctzen. Heute widme ich mein Leben der Sensibilisierung anderer f\u00fcr die Bedeutung des Umweltschutzes f\u00fcr zuk\u00fcnftige Generationen.","sameAs":["https:\/\/www.strassenweb.de\/"]}]}},"_links":{"self":[{"href":"https:\/\/www.strassenweb.de\/nachrichten\/wp-json\/wp\/v2\/posts\/3965","targetHints":{"allow":["GET"]}}],"collection":[{"href":"https:\/\/www.strassenweb.de\/nachrichten\/wp-json\/wp\/v2\/posts"}],"about":[{"href":"https:\/\/www.strassenweb.de\/nachrichten\/wp-json\/wp\/v2\/types\/post"}],"author":[{"embeddable":true,"href":"https:\/\/www.strassenweb.de\/nachrichten\/wp-json\/wp\/v2\/users\/1"}],"replies":[{"embeddable":true,"href":"https:\/\/www.strassenweb.de\/nachrichten\/wp-json\/wp\/v2\/comments?post=3965"}],"version-history":[{"count":0,"href":"https:\/\/www.strassenweb.de\/nachrichten\/wp-json\/wp\/v2\/posts\/3965\/revisions"}],"wp:featuredmedia":[{"embeddable":true,"href":"https:\/\/www.strassenweb.de\/nachrichten\/wp-json\/wp\/v2\/media\/3966"}],"wp:attachment":[{"href":"https:\/\/www.strassenweb.de\/nachrichten\/wp-json\/wp\/v2\/media?parent=3965"}],"wp:term":[{"taxonomy":"category","embeddable":true,"href":"https:\/\/www.strassenweb.de\/nachrichten\/wp-json\/wp\/v2\/categories?post=3965"},{"taxonomy":"post_tag","embeddable":true,"href":"https:\/\/www.strassenweb.de\/nachrichten\/wp-json\/wp\/v2\/tags?post=3965"}],"curies":[{"name":"wp","href":"https:\/\/api.w.org\/{rel}","templated":true}]}}