{"id":3941,"date":"2025-03-17T20:51:31","date_gmt":"2025-03-17T19:51:31","guid":{"rendered":"https:\/\/www.strassenweb.de\/nachrichten\/was-ist-eigentlich-ein-co2-fussabdruck\/"},"modified":"2025-03-17T20:51:31","modified_gmt":"2025-03-17T19:51:31","slug":"was-ist-eigentlich-ein-co2-fussabdruck","status":"publish","type":"post","link":"https:\/\/www.strassenweb.de\/nachrichten\/was-ist-eigentlich-ein-co2-fussabdruck\/","title":{"rendered":"Was ist eigentlich ein CO2 -Fu\u00dfabdruck?"},"content":{"rendered":"<p>Ein CO2 -Fu\u00dfabdruck ist die Gesamtmenge an Treibhausgasen, die von etwas emittiert werden. Das k\u00f6nnte der Lebensstil einer Person, die Lieferkette eines Produkts, eine Organisation oder eine Aktivit\u00e4t sein. Alles von einer Banane bis zu einem Schiff hat einen CO2 -Fu\u00dfabdruck.<\/p>\n<p>In einfachen Worten entspricht es den Umweltauswirkungen, die jemand oder etwas hat.<\/p>\n<p>Zun\u00e4chst bezog sich dieser Begriff nur auf die Kohlendioxid -Emissionen (CO\u2082), die in die Atmosph\u00e4re freigesetzt wurde. Co\u2082 ist das h\u00e4ufigste Treibhausgas. Aber es ist nicht das einzige. Es gibt andere Gase, die im Wesentlichen zum Klimawandel beitragen, wie Methan und Lachgas. CO2 -Fu\u00dfabdr\u00fccke enthalten normalerweise auch diese.<\/p>\n<p>Diese werden h\u00e4ufig addiert und als Kohlendioxid\u00e4quivalent (CO\u2082E) ausgedr\u00fcckt: die Menge an Kohlendioxid, die die gleiche Erw\u00e4rmung erzeugt. https:\/\/www.youtube.com\/embed\/tm5odsrje_4?wmode=TRALPARENT&#038;start=0 Anna Turns erkl\u00e4rt CO2 -Fu\u00dfabdr\u00fccke.<\/p>\n<p>Laut dem World Wide Fund for Nature&#8217;s Online -Taschenrechner betr\u00e4gt mein j\u00e4hrlicher CO2 -Fu\u00dfabdruck etwa 7,7 Tonnen. Der Durchschnitt f\u00fcr Gro\u00dfbritannien betr\u00e4gt 8,8 und der globale Durchschnitt betr\u00e4gt 6,3 Tonnen.<\/p>\n<p>Dieser Fu\u00dfabdruck kann reduziert werden, indem mehr Sachen aus zweiter Hand als neu gekauft werden, die Temperatur auf dem Thermostat in meinem Haus um ein paar weitere Abschl\u00fcsse und viel mehr meiner Lebensmittelabf\u00e4lle zu Hause kompostiert oder vielleicht zu einer ethischen Bank wechselt, die nicht in fossile Brennstoffe investiert.<\/p>\n<p>Das Konzept des CO2-Fu\u00dfabdrucks ergibt sich aus der Bewertung des Lebenszyklus, eine M\u00f6glichkeit, die Auswirkungen eines Produkts oder Systems \u00fcber seine gesamte Lebensdauer zu messen. Von der Beschaffung von Rohstoffen bis hin zu Herstellungsprozessen, Transport und Verteilung sowie die Energie, die zur Entsorgung eines Produkts verwendet wird, sobald es nicht mehr ben\u00f6tigt wird.<\/p>\n<p>Die Messung Ihres CO2 -Fu\u00dfabdrucks ist ein wichtiger erster Schritt (verzeihen Sie das Wortspiel), um unsere CO2 -Alphabetisierung und unser Umweltbewusstsein zu verbessern. Zu wissen, dass die Grundlinie von entscheidender Bedeutung ist. Nur dann kann Fortschritte im Laufe der Zeit wirklich quantifiziert werden.<\/p>\n<p>Das Problem ist jedoch, dass CO2 -Fu\u00dfabdr\u00fccke auf unterschiedliche Weise und in unterschiedlichem Ma\u00dfe gemessen werden k\u00f6nnen. Wie schlecht sind Bananen in seinem Buch? Mike Berners-Lee, Professor an der Lancaster University, sagt, dass die meisten Berechnungen f\u00fcr CO2-Fu\u00dfabdruck eher wie Zehendrucke sind, weil sie nicht das gesamte Bild geben.<\/p>\n<figure class=\"wp-block-image\"><\/figure>\n<p>Experten sprechen in drei verschiedenen Emissionsebenen, als Scope One, Scope Two und Scope Drei Emissionen.<\/p>\n<p>Umfangsemissionen umfassen Treibhausgasemissionen, die in Ihrer direkten Kontrolle oder der eines Unternehmens enthalten sind. Das schlie\u00dft also den Kraftstoff ein, den Sie in Ihr Auto geben, wenn Sie einen haben. Oder die Emissionen, die sich aus dem Erhitzen Ihres Hauses ergeben, indem Sie Protokolle auf ein offenes Feuer legen.<\/p>\n<p>Umfang zwei Emissionen umfassen indirekte Treibhausgasemissionen aus der verwendeten Energie. Die Emissionen des Erzeugung des Stroms, das zum Beispiel zum Licht Ihres Hauses verwendet wird.<\/p>\n<p>SCOPE DREI ist noch breiter. Es enth\u00e4lt alle indirekten Emissionen in der gesamten Lieferkette f\u00fcr ein Produkt oder eine Dienstleistung. Zum Beispiel die Versandemissionen aus dem Importieren der Bananen in Ihrer Obstschale oder die Emissionen, die w\u00e4hrend der Verbrennung von Verpackungsabf\u00e4llen ver\u00f6ffentlicht werden, die nicht recycelt werden k\u00f6nnen.<\/p>\n<p>Umfang Drei Emissionen sind normalerweise am h\u00f6chsten und am schwierigsten zu reduzieren, da wir viel weniger Kontrolle \u00fcber sie haben.<\/p>\n<p>CO2 -Fu\u00dfabdruck ist zu einer Haushaltszeit geworden. Aber wie Marcelle McManus, Professorin f\u00fcr Energie- und Umweltingenieurwesen an den Highlights der University of Bath, ist die Beliebtheit f\u00fcr \u00d6lfirmen, die sie aktiv f\u00f6rdern, die Popularit\u00e4t an.<\/p>\n<p>Sie erkl\u00e4rt, dass die Idee, pers\u00f6nliche CO2 -Fu\u00dfabdr\u00fccke zu messen &#8211; mit anderen Worten, die Emissionen zu berechnen, f\u00fcr die wir als Einzelpersonen verantwortlich sind &#8211; urspr\u00fcnglich vom \u00d6lgiganten BP gef\u00f6rdert wurde, um die Last der Aktion (und der Schuld) von Unternehmen mit fossilen Brennstoffen auf Verbraucher zu verlagern.<\/p>\n<p>Die Verantwortung liegt also bei uns. Aber selbst wenn wir alle unsere pers\u00f6nlichen CO2 -Fu\u00dfabdr\u00fccke reduzieren, reicht das nie aus.<\/p>\n<p>&#8222;In einer Welt, in der nur 100 Unternehmen f\u00fcr 71% der globalen Emissionen verantwortlich sind&#8220;, sagt McManus, &#8222;ben\u00f6tigen wir stattdessen eine vollst\u00e4ndige \u00dcberarbeitung der kohlenstoffintensiven Systeme um uns herum.&#8220;<\/p>\n<hr class=\"wp-block-separator has-alpha-channel-opacity\">\n<p>Anna Turns, Senior Environment Editor, <em>Das Gespr\u00e4ch<\/em><\/p>\n<p>  wird aus dem Gespr\u00e4ch unter einer Creative Commons -Lizenz neu ver\u00f6ffentlicht.<\/p>\n","protected":false},"excerpt":{"rendered":"<p>Ein CO2 -Fu\u00dfabdruck ist die Gesamtmenge an Treibhausgasen, die von etwas emittiert werden. Das k\u00f6nnte der Lebensstil einer Person, die Lieferkette eines Produkts, eine Organisation<\/p>\n","protected":false},"author":1,"featured_media":3942,"comment_status":"closed","ping_status":"","sticky":false,"template":"","format":"standard","meta":{"footnotes":""},"categories":[101],"tags":[6025,3106,43,6026,15],"class_list":["post-3941","post","type-post","status-publish","format-standard","has-post-thumbnail","hentry","category-oekologie","tag-co2","tag-eigentlich","tag-ein","tag-fussabdruck","tag-ist","generate-columns","tablet-grid-50","mobile-grid-100","grid-parent","grid-50"],"yoast_head":"<!-- This site is optimized with the Yoast SEO plugin v27.3 - https:\/\/yoast.com\/product\/yoast-seo-wordpress\/ -->\n<title>Was ist eigentlich ein CO2 -Fu\u00dfabdruck? - Nachrichten - Stra\u00dfenweb<\/title>\n<meta name=\"robots\" content=\"index, follow, max-snippet:-1, max-image-preview:large, max-video-preview:-1\" \/>\n<link rel=\"canonical\" href=\"https:\/\/www.strassenweb.de\/nachrichten\/was-ist-eigentlich-ein-co2-fussabdruck\/\" \/>\n<meta property=\"og:locale\" content=\"de_DE\" \/>\n<meta property=\"og:type\" content=\"article\" \/>\n<meta property=\"og:title\" content=\"Was ist eigentlich ein CO2 -Fu\u00dfabdruck? - Nachrichten - Stra\u00dfenweb\" \/>\n<meta property=\"og:description\" content=\"Ein CO2 -Fu\u00dfabdruck ist die Gesamtmenge an Treibhausgasen, die von etwas emittiert werden. Das k\u00f6nnte der Lebensstil einer Person, die Lieferkette eines Produkts, eine Organisation\" \/>\n<meta property=\"og:url\" content=\"https:\/\/www.strassenweb.de\/nachrichten\/was-ist-eigentlich-ein-co2-fussabdruck\/\" \/>\n<meta property=\"og:site_name\" content=\"Stra\u00dfenweb\" \/>\n<meta property=\"article:publisher\" content=\"https:\/\/www.facebook.com\/strassenweb\/\" \/>\n<meta property=\"article:published_time\" content=\"2025-03-17T19:51:31+00:00\" \/>\n<meta property=\"og:image\" content=\"https:\/\/www.strassenweb.de\/nachrichten\/wp-content\/uploads\/2025\/03\/Was-ist-eigentlich-ein-CO2-Fussabdruck.jpg\" \/>\n\t<meta property=\"og:image:width\" content=\"900\" \/>\n\t<meta property=\"og:image:height\" content=\"600\" \/>\n\t<meta property=\"og:image:type\" content=\"image\/jpeg\" \/>\n<meta name=\"author\" content=\"Robert Hoffmann\" \/>\n<meta name=\"twitter:card\" content=\"summary_large_image\" \/>\n<meta name=\"twitter:label1\" content=\"Verfasst von\" \/>\n\t<meta name=\"twitter:data1\" content=\"Robert Hoffmann\" \/>\n\t<meta name=\"twitter:label2\" content=\"Gesch\u00e4tzte Lesezeit\" \/>\n\t<meta name=\"twitter:data2\" content=\"4\u00a0Minuten\" \/>\n<script type=\"application\/ld+json\" class=\"yoast-schema-graph\">{\"@context\":\"https:\\\/\\\/schema.org\",\"@graph\":[{\"@type\":\"Article\",\"@id\":\"https:\\\/\\\/www.strassenweb.de\\\/nachrichten\\\/was-ist-eigentlich-ein-co2-fussabdruck\\\/#article\",\"isPartOf\":{\"@id\":\"https:\\\/\\\/www.strassenweb.de\\\/nachrichten\\\/was-ist-eigentlich-ein-co2-fussabdruck\\\/\"},\"author\":{\"name\":\"Robert Hoffmann\",\"@id\":\"https:\\\/\\\/www.strassenweb.de\\\/nachrichten\\\/#\\\/schema\\\/person\\\/87c9c9067f1211da429a744dc5a5aa41\"},\"headline\":\"Was ist eigentlich ein CO2 -Fu\u00dfabdruck?\",\"datePublished\":\"2025-03-17T19:51:31+00:00\",\"mainEntityOfPage\":{\"@id\":\"https:\\\/\\\/www.strassenweb.de\\\/nachrichten\\\/was-ist-eigentlich-ein-co2-fussabdruck\\\/\"},\"wordCount\":737,\"publisher\":{\"@id\":\"https:\\\/\\\/www.strassenweb.de\\\/nachrichten\\\/#organization\"},\"image\":{\"@id\":\"https:\\\/\\\/www.strassenweb.de\\\/nachrichten\\\/was-ist-eigentlich-ein-co2-fussabdruck\\\/#primaryimage\"},\"thumbnailUrl\":\"https:\\\/\\\/www.strassenweb.de\\\/nachrichten\\\/wp-content\\\/uploads\\\/2025\\\/03\\\/Was-ist-eigentlich-ein-CO2-Fussabdruck.jpg\",\"keywords\":[\"CO2\",\"eigentlich\",\"ein\",\"Fu\u00dfabdruck\",\"ist\"],\"articleSection\":[\"\u00d6kologie\"],\"inLanguage\":\"de\"},{\"@type\":\"WebPage\",\"@id\":\"https:\\\/\\\/www.strassenweb.de\\\/nachrichten\\\/was-ist-eigentlich-ein-co2-fussabdruck\\\/\",\"url\":\"https:\\\/\\\/www.strassenweb.de\\\/nachrichten\\\/was-ist-eigentlich-ein-co2-fussabdruck\\\/\",\"name\":\"Was ist eigentlich ein CO2 -Fu\u00dfabdruck? - Nachrichten - Stra\u00dfenweb\",\"isPartOf\":{\"@id\":\"https:\\\/\\\/www.strassenweb.de\\\/nachrichten\\\/#website\"},\"primaryImageOfPage\":{\"@id\":\"https:\\\/\\\/www.strassenweb.de\\\/nachrichten\\\/was-ist-eigentlich-ein-co2-fussabdruck\\\/#primaryimage\"},\"image\":{\"@id\":\"https:\\\/\\\/www.strassenweb.de\\\/nachrichten\\\/was-ist-eigentlich-ein-co2-fussabdruck\\\/#primaryimage\"},\"thumbnailUrl\":\"https:\\\/\\\/www.strassenweb.de\\\/nachrichten\\\/wp-content\\\/uploads\\\/2025\\\/03\\\/Was-ist-eigentlich-ein-CO2-Fussabdruck.jpg\",\"datePublished\":\"2025-03-17T19:51:31+00:00\",\"breadcrumb\":{\"@id\":\"https:\\\/\\\/www.strassenweb.de\\\/nachrichten\\\/was-ist-eigentlich-ein-co2-fussabdruck\\\/#breadcrumb\"},\"inLanguage\":\"de\",\"potentialAction\":[{\"@type\":\"ReadAction\",\"target\":[\"https:\\\/\\\/www.strassenweb.de\\\/nachrichten\\\/was-ist-eigentlich-ein-co2-fussabdruck\\\/\"]}]},{\"@type\":\"ImageObject\",\"inLanguage\":\"de\",\"@id\":\"https:\\\/\\\/www.strassenweb.de\\\/nachrichten\\\/was-ist-eigentlich-ein-co2-fussabdruck\\\/#primaryimage\",\"url\":\"https:\\\/\\\/www.strassenweb.de\\\/nachrichten\\\/wp-content\\\/uploads\\\/2025\\\/03\\\/Was-ist-eigentlich-ein-CO2-Fussabdruck.jpg\",\"contentUrl\":\"https:\\\/\\\/www.strassenweb.de\\\/nachrichten\\\/wp-content\\\/uploads\\\/2025\\\/03\\\/Was-ist-eigentlich-ein-CO2-Fussabdruck.jpg\",\"width\":900,\"height\":600,\"caption\":\"What actually is a carbon footprint?\"},{\"@type\":\"BreadcrumbList\",\"@id\":\"https:\\\/\\\/www.strassenweb.de\\\/nachrichten\\\/was-ist-eigentlich-ein-co2-fussabdruck\\\/#breadcrumb\",\"itemListElement\":[{\"@type\":\"ListItem\",\"position\":1,\"name\":\"Home\",\"item\":\"https:\\\/\\\/www.strassenweb.de\\\/nachrichten\\\/\"},{\"@type\":\"ListItem\",\"position\":2,\"name\":\"Was ist eigentlich ein CO2 -Fu\u00dfabdruck?\"}]},{\"@type\":\"WebSite\",\"@id\":\"https:\\\/\\\/www.strassenweb.de\\\/nachrichten\\\/#website\",\"url\":\"https:\\\/\\\/www.strassenweb.de\\\/nachrichten\\\/\",\"name\":\"Stra\u00dfenweb\",\"description\":\"Stra\u00dfenverzeichnis f\u00fcr Deutschland\",\"publisher\":{\"@id\":\"https:\\\/\\\/www.strassenweb.de\\\/nachrichten\\\/#organization\"},\"potentialAction\":[{\"@type\":\"SearchAction\",\"target\":{\"@type\":\"EntryPoint\",\"urlTemplate\":\"https:\\\/\\\/www.strassenweb.de\\\/nachrichten\\\/?s={search_term_string}\"},\"query-input\":{\"@type\":\"PropertyValueSpecification\",\"valueRequired\":true,\"valueName\":\"search_term_string\"}}],\"inLanguage\":\"de\"},{\"@type\":\"Organization\",\"@id\":\"https:\\\/\\\/www.strassenweb.de\\\/nachrichten\\\/#organization\",\"name\":\"Stra\u00dfenweb\",\"url\":\"https:\\\/\\\/www.strassenweb.de\\\/nachrichten\\\/\",\"logo\":{\"@type\":\"ImageObject\",\"inLanguage\":\"de\",\"@id\":\"https:\\\/\\\/www.strassenweb.de\\\/nachrichten\\\/#\\\/schema\\\/logo\\\/image\\\/\",\"url\":\"https:\\\/\\\/www.strassenweb.de\\\/nachrichten\\\/wp-content\\\/uploads\\\/2024\\\/09\\\/cropped-favicon.png\",\"contentUrl\":\"https:\\\/\\\/www.strassenweb.de\\\/nachrichten\\\/wp-content\\\/uploads\\\/2024\\\/09\\\/cropped-favicon.png\",\"width\":512,\"height\":512,\"caption\":\"Stra\u00dfenweb\"},\"image\":{\"@id\":\"https:\\\/\\\/www.strassenweb.de\\\/nachrichten\\\/#\\\/schema\\\/logo\\\/image\\\/\"},\"sameAs\":[\"https:\\\/\\\/www.facebook.com\\\/strassenweb\\\/\"]},{\"@type\":\"Person\",\"@id\":\"https:\\\/\\\/www.strassenweb.de\\\/nachrichten\\\/#\\\/schema\\\/person\\\/87c9c9067f1211da429a744dc5a5aa41\",\"name\":\"Robert Hoffmann\",\"image\":{\"@type\":\"ImageObject\",\"inLanguage\":\"de\",\"@id\":\"https:\\\/\\\/www.strassenweb.de\\\/nachrichten\\\/wp-content\\\/uploads\\\/2024\\\/09\\\/strassenweb-150x150.jpg\",\"url\":\"https:\\\/\\\/www.strassenweb.de\\\/nachrichten\\\/wp-content\\\/uploads\\\/2024\\\/09\\\/strassenweb-150x150.jpg\",\"contentUrl\":\"https:\\\/\\\/www.strassenweb.de\\\/nachrichten\\\/wp-content\\\/uploads\\\/2024\\\/09\\\/strassenweb-150x150.jpg\",\"caption\":\"Robert Hoffmann\"},\"description\":\"Ich hei\u00dfe Robert Hoffmann und ich bin ein leidenschaftlicher Verfechter von \u00d6kologie und Biodiversit\u00e4t. Seit meiner Kindheit in den W\u00e4ldern Bayerns f\u00fchle ich mich mit der Natur verbunden und bin entschlossen, sie zu sch\u00fctzen. Heute widme ich mein Leben der Sensibilisierung anderer f\u00fcr die Bedeutung des Umweltschutzes f\u00fcr zuk\u00fcnftige Generationen.\",\"sameAs\":[\"https:\\\/\\\/www.strassenweb.de\\\/\"]}]}<\/script>\n<!-- \/ Yoast SEO plugin. -->","yoast_head_json":{"title":"Was ist eigentlich ein CO2 -Fu\u00dfabdruck? - Nachrichten - Stra\u00dfenweb","robots":{"index":"index","follow":"follow","max-snippet":"max-snippet:-1","max-image-preview":"max-image-preview:large","max-video-preview":"max-video-preview:-1"},"canonical":"https:\/\/www.strassenweb.de\/nachrichten\/was-ist-eigentlich-ein-co2-fussabdruck\/","og_locale":"de_DE","og_type":"article","og_title":"Was ist eigentlich ein CO2 -Fu\u00dfabdruck? - Nachrichten - Stra\u00dfenweb","og_description":"Ein CO2 -Fu\u00dfabdruck ist die Gesamtmenge an Treibhausgasen, die von etwas emittiert werden. Das k\u00f6nnte der Lebensstil einer Person, die Lieferkette eines Produkts, eine Organisation","og_url":"https:\/\/www.strassenweb.de\/nachrichten\/was-ist-eigentlich-ein-co2-fussabdruck\/","og_site_name":"Stra\u00dfenweb","article_publisher":"https:\/\/www.facebook.com\/strassenweb\/","article_published_time":"2025-03-17T19:51:31+00:00","og_image":[{"width":900,"height":600,"url":"https:\/\/www.strassenweb.de\/nachrichten\/wp-content\/uploads\/2025\/03\/Was-ist-eigentlich-ein-CO2-Fussabdruck.jpg","type":"image\/jpeg"}],"author":"Robert Hoffmann","twitter_card":"summary_large_image","twitter_misc":{"Verfasst von":"Robert Hoffmann","Gesch\u00e4tzte Lesezeit":"4\u00a0Minuten"},"schema":{"@context":"https:\/\/schema.org","@graph":[{"@type":"Article","@id":"https:\/\/www.strassenweb.de\/nachrichten\/was-ist-eigentlich-ein-co2-fussabdruck\/#article","isPartOf":{"@id":"https:\/\/www.strassenweb.de\/nachrichten\/was-ist-eigentlich-ein-co2-fussabdruck\/"},"author":{"name":"Robert Hoffmann","@id":"https:\/\/www.strassenweb.de\/nachrichten\/#\/schema\/person\/87c9c9067f1211da429a744dc5a5aa41"},"headline":"Was ist eigentlich ein CO2 -Fu\u00dfabdruck?","datePublished":"2025-03-17T19:51:31+00:00","mainEntityOfPage":{"@id":"https:\/\/www.strassenweb.de\/nachrichten\/was-ist-eigentlich-ein-co2-fussabdruck\/"},"wordCount":737,"publisher":{"@id":"https:\/\/www.strassenweb.de\/nachrichten\/#organization"},"image":{"@id":"https:\/\/www.strassenweb.de\/nachrichten\/was-ist-eigentlich-ein-co2-fussabdruck\/#primaryimage"},"thumbnailUrl":"https:\/\/www.strassenweb.de\/nachrichten\/wp-content\/uploads\/2025\/03\/Was-ist-eigentlich-ein-CO2-Fussabdruck.jpg","keywords":["CO2","eigentlich","ein","Fu\u00dfabdruck","ist"],"articleSection":["\u00d6kologie"],"inLanguage":"de"},{"@type":"WebPage","@id":"https:\/\/www.strassenweb.de\/nachrichten\/was-ist-eigentlich-ein-co2-fussabdruck\/","url":"https:\/\/www.strassenweb.de\/nachrichten\/was-ist-eigentlich-ein-co2-fussabdruck\/","name":"Was ist eigentlich ein CO2 -Fu\u00dfabdruck? - Nachrichten - Stra\u00dfenweb","isPartOf":{"@id":"https:\/\/www.strassenweb.de\/nachrichten\/#website"},"primaryImageOfPage":{"@id":"https:\/\/www.strassenweb.de\/nachrichten\/was-ist-eigentlich-ein-co2-fussabdruck\/#primaryimage"},"image":{"@id":"https:\/\/www.strassenweb.de\/nachrichten\/was-ist-eigentlich-ein-co2-fussabdruck\/#primaryimage"},"thumbnailUrl":"https:\/\/www.strassenweb.de\/nachrichten\/wp-content\/uploads\/2025\/03\/Was-ist-eigentlich-ein-CO2-Fussabdruck.jpg","datePublished":"2025-03-17T19:51:31+00:00","breadcrumb":{"@id":"https:\/\/www.strassenweb.de\/nachrichten\/was-ist-eigentlich-ein-co2-fussabdruck\/#breadcrumb"},"inLanguage":"de","potentialAction":[{"@type":"ReadAction","target":["https:\/\/www.strassenweb.de\/nachrichten\/was-ist-eigentlich-ein-co2-fussabdruck\/"]}]},{"@type":"ImageObject","inLanguage":"de","@id":"https:\/\/www.strassenweb.de\/nachrichten\/was-ist-eigentlich-ein-co2-fussabdruck\/#primaryimage","url":"https:\/\/www.strassenweb.de\/nachrichten\/wp-content\/uploads\/2025\/03\/Was-ist-eigentlich-ein-CO2-Fussabdruck.jpg","contentUrl":"https:\/\/www.strassenweb.de\/nachrichten\/wp-content\/uploads\/2025\/03\/Was-ist-eigentlich-ein-CO2-Fussabdruck.jpg","width":900,"height":600,"caption":"What actually is a carbon footprint?"},{"@type":"BreadcrumbList","@id":"https:\/\/www.strassenweb.de\/nachrichten\/was-ist-eigentlich-ein-co2-fussabdruck\/#breadcrumb","itemListElement":[{"@type":"ListItem","position":1,"name":"Home","item":"https:\/\/www.strassenweb.de\/nachrichten\/"},{"@type":"ListItem","position":2,"name":"Was ist eigentlich ein CO2 -Fu\u00dfabdruck?"}]},{"@type":"WebSite","@id":"https:\/\/www.strassenweb.de\/nachrichten\/#website","url":"https:\/\/www.strassenweb.de\/nachrichten\/","name":"Stra\u00dfenweb","description":"Stra\u00dfenverzeichnis f\u00fcr Deutschland","publisher":{"@id":"https:\/\/www.strassenweb.de\/nachrichten\/#organization"},"potentialAction":[{"@type":"SearchAction","target":{"@type":"EntryPoint","urlTemplate":"https:\/\/www.strassenweb.de\/nachrichten\/?s={search_term_string}"},"query-input":{"@type":"PropertyValueSpecification","valueRequired":true,"valueName":"search_term_string"}}],"inLanguage":"de"},{"@type":"Organization","@id":"https:\/\/www.strassenweb.de\/nachrichten\/#organization","name":"Stra\u00dfenweb","url":"https:\/\/www.strassenweb.de\/nachrichten\/","logo":{"@type":"ImageObject","inLanguage":"de","@id":"https:\/\/www.strassenweb.de\/nachrichten\/#\/schema\/logo\/image\/","url":"https:\/\/www.strassenweb.de\/nachrichten\/wp-content\/uploads\/2024\/09\/cropped-favicon.png","contentUrl":"https:\/\/www.strassenweb.de\/nachrichten\/wp-content\/uploads\/2024\/09\/cropped-favicon.png","width":512,"height":512,"caption":"Stra\u00dfenweb"},"image":{"@id":"https:\/\/www.strassenweb.de\/nachrichten\/#\/schema\/logo\/image\/"},"sameAs":["https:\/\/www.facebook.com\/strassenweb\/"]},{"@type":"Person","@id":"https:\/\/www.strassenweb.de\/nachrichten\/#\/schema\/person\/87c9c9067f1211da429a744dc5a5aa41","name":"Robert Hoffmann","image":{"@type":"ImageObject","inLanguage":"de","@id":"https:\/\/www.strassenweb.de\/nachrichten\/wp-content\/uploads\/2024\/09\/strassenweb-150x150.jpg","url":"https:\/\/www.strassenweb.de\/nachrichten\/wp-content\/uploads\/2024\/09\/strassenweb-150x150.jpg","contentUrl":"https:\/\/www.strassenweb.de\/nachrichten\/wp-content\/uploads\/2024\/09\/strassenweb-150x150.jpg","caption":"Robert Hoffmann"},"description":"Ich hei\u00dfe Robert Hoffmann und ich bin ein leidenschaftlicher Verfechter von \u00d6kologie und Biodiversit\u00e4t. Seit meiner Kindheit in den W\u00e4ldern Bayerns f\u00fchle ich mich mit der Natur verbunden und bin entschlossen, sie zu sch\u00fctzen. Heute widme ich mein Leben der Sensibilisierung anderer f\u00fcr die Bedeutung des Umweltschutzes f\u00fcr zuk\u00fcnftige Generationen.","sameAs":["https:\/\/www.strassenweb.de\/"]}]}},"_links":{"self":[{"href":"https:\/\/www.strassenweb.de\/nachrichten\/wp-json\/wp\/v2\/posts\/3941","targetHints":{"allow":["GET"]}}],"collection":[{"href":"https:\/\/www.strassenweb.de\/nachrichten\/wp-json\/wp\/v2\/posts"}],"about":[{"href":"https:\/\/www.strassenweb.de\/nachrichten\/wp-json\/wp\/v2\/types\/post"}],"author":[{"embeddable":true,"href":"https:\/\/www.strassenweb.de\/nachrichten\/wp-json\/wp\/v2\/users\/1"}],"replies":[{"embeddable":true,"href":"https:\/\/www.strassenweb.de\/nachrichten\/wp-json\/wp\/v2\/comments?post=3941"}],"version-history":[{"count":0,"href":"https:\/\/www.strassenweb.de\/nachrichten\/wp-json\/wp\/v2\/posts\/3941\/revisions"}],"wp:featuredmedia":[{"embeddable":true,"href":"https:\/\/www.strassenweb.de\/nachrichten\/wp-json\/wp\/v2\/media\/3942"}],"wp:attachment":[{"href":"https:\/\/www.strassenweb.de\/nachrichten\/wp-json\/wp\/v2\/media?parent=3941"}],"wp:term":[{"taxonomy":"category","embeddable":true,"href":"https:\/\/www.strassenweb.de\/nachrichten\/wp-json\/wp\/v2\/categories?post=3941"},{"taxonomy":"post_tag","embeddable":true,"href":"https:\/\/www.strassenweb.de\/nachrichten\/wp-json\/wp\/v2\/tags?post=3941"}],"curies":[{"name":"wp","href":"https:\/\/api.w.org\/{rel}","templated":true}]}}