{"id":3938,"date":"2025-03-17T19:39:49","date_gmt":"2025-03-17T18:39:49","guid":{"rendered":"https:\/\/www.strassenweb.de\/nachrichten\/erforschen-sie-eine-kuehne-lighting-design-kollektion-die-in-zusammenarbeit-mit-einer-ikonischen-irischen-kristallfabrik-mit-wurzeln-im-18-jahrhundert-erstellt-wurde\/"},"modified":"2025-03-17T19:39:50","modified_gmt":"2025-03-17T18:39:50","slug":"erforschen-sie-eine-kuehne-lighting-design-kollektion-die-in-zusammenarbeit-mit-einer-ikonischen-irischen-kristallfabrik-mit-wurzeln-im-18-jahrhundert-erstellt-wurde","status":"publish","type":"post","link":"https:\/\/www.strassenweb.de\/nachrichten\/erforschen-sie-eine-kuehne-lighting-design-kollektion-die-in-zusammenarbeit-mit-einer-ikonischen-irischen-kristallfabrik-mit-wurzeln-im-18-jahrhundert-erstellt-wurde\/","title":{"rendered":"Erforschen Sie eine k\u00fchne Lighting Design -Kollektion, die in Zusammenarbeit mit einer ikonischen irischen Kristallfabrik mit Wurzeln im 18. Jahrhundert erstellt wurde"},"content":{"rendered":"<p><\/p>\n<div id=\"article-body\" class=\"article__body \">\n<p>In diesem Jahr werden Wellen in Lighting Design in London Design Week gef\u00fchrt, da Visual Comfort &#038; Co in Zusammenarbeit mit dem legend\u00e4ren irischen Crystal Factory Waterford eine k\u00fchne neue Sammlung von Beleuchtung enth\u00fcllt.<\/p>\n<div id=\"ad-unit-1\" class=\"ad-unit\"><\/div>\n<p>Es ist das erste Mal, dass die amerikanischen Beleuchtungsexperten, die f\u00fcr ihre Partnerschaften mit Kelly Wearstel und Ralph Lauren bekannt sind, mit einer europ\u00e4ischen Marke zusammengearbeitet haben.<\/p>\n<aside class=\"hawk-base\" data-block-type=\"embed\" data-render-type=\"fte\" data-skip=\"dealsy\" data-widget-type=\"seasonal\">\n<div class=\"hawk-master-widget-hawk-base-wrapper\"><\/div>\n<\/aside>\n<p>Crystal Cuts ist eine Technik, die reich an Geschichte ist, wie Waterford, die \u00e4lteste Stadt Irlands, in der die gleichnamige Fabrik erstmals 1783 eingerichtet wurde. Doch es ist eine Designpraxis, die nicht \u00fcberraschend ist &#8211; gibt es einen besseren Weg, einen feierlichen Anlass zu markieren, als das zusammenklammende Kristallfl\u00f6ten zusammen zu kennzeichnen?<\/p>\n<div id=\"desktop-in-article\" class=\"in-article ad-unit\">\n<div id=\"desktop-taboola-mid-article\"><\/div>\n<\/div>\n<div id=\"mobile-in-article\" class=\"in-article ad-unit\">\n<div id=\"mobile-taboola-mid-article\"><\/div>\n<\/div>\n<p>Die schiere Kunst des Handwerks, die zeitlose Sch\u00f6nheit der St\u00fccke und die reiche Geschichte der ber\u00fchmten irischen Marke inspirierte visuelle Komfort, eine Partnerschaft zu suchen. Es f\u00fchrte zu einer eleganten Sammlung von Kristallleuchtern, Anh\u00e4ngern, Wandleuchten, Stofflampen und wiederaufladbaren Lampen, die an die bezaubernde robuste K\u00fcste des S\u00fcdostens Irlands erinnern und gleichzeitig die Handwerkstradition feiern.<\/p>\n<div class=\"van_vid_carousel\">\n<div class=\"van_vid_carousel__padding\">\n<div class=\"van_vid_carousel__container\"><\/div>\n<\/div>\n<\/div>\n<h2 id=\"explore-the-collaboration-3\">Erforschen Sie die Zusammenarbeit <\/h2>\n<figure class=\"van-image-figure inline-layout \" data-bordeaux-image-check>\n<div class=\"image-full-width-wrapper\">\n<div class=\"image-widthsetter\" style=\"max-width:2400px;\"><\/div>\n<\/div>\n<\/figure>\n<p>Die neue Kollektion besteht aus f\u00fcnf neuen Designs, die jeweils in verschiedenen Beleuchtungsarten erh\u00e4ltlich sind, z. B. Tisch, Boden, Wand und Anh\u00e4nger sowie in mehreren Finish -Optionen, einschlie\u00dflich nat\u00fcrlicher Messing, poliertes Nickel und Bronze.<\/p>\n<div id=\"ad-unit-2\" class=\"ad-unit\"><\/div>\n<h3 class=\"article-body__section\" id=\"section-copper-coast\"><span>Kupferk\u00fcste<\/span><\/h3>\n<p>Inspiriert von County Waterfords auff\u00e4llige Kupferk\u00fcste, die f\u00fcr seine Bergbaugeschichte ber\u00fchmt sind, konzentriert sich diese Serie auf die Art und Weise, wie Kristalle Licht brechen und biegen. Tiefe optische Olivenschnitte ergeben das Aussehen der nat\u00fcrlichen Mineralien in der Erde, w\u00e4hrend k\u00fchne Diamantkaro -Schnitte die raue Sch\u00f6nheit der K\u00fcste erfassen. Jeder Kristallteil wird von nicht weniger als sechs Handwerkermeister handgefertigt und dauert ungef\u00e4hr vier Stunden.<\/p>\n<div class=\"product-container versus-product-container product-block-no-wrap\"><\/div>\n<h3 class=\"article-body__section\" id=\"section-blaze\"><span>Brand <\/span><\/h3>\n<p>Inspiriert von der Art-Deco-Architektur von New York, insbesondere dem Chrysler-Geb\u00e4ude mit seinem legend\u00e4ren, metallbekleideten Spire, feiert dieses Design Waterfords Signature &#8218;Blaze&#8216; Schneidstil mit zwei raffinierten Stilen in einem einfachen, aber auff\u00e4lligen linearen Design.<\/p>\n<div class=\"product-container hero-product-container product-block-no-wrap\"><\/div>\n<h3 class=\"article-body__section\" id=\"section-circon\"><span>Zirkon<\/span><\/h3>\n<p>Die Zirkon nimmt seine Form und Form des legend\u00e4ren Fresnel -Objektivs des Hakenkopf -Leuchtturms an der Spitze der Haken -Halbinsel in County Wexford an. Es ist der \u00e4lteste Leuchtturm der Welt, der heute noch verwendet wird und die Segler seit \u00fcber 800 Jahren in Sicherheit bringen. Das Design verf\u00fcgt \u00fcber tiefe, konzentrische V -Schnitte, die das Licht durch einen handgeblasenen kugelf\u00f6rmigen Kristalldiffusor reflektieren und brechen.<\/p>\n<div class=\"product-container versus-product-container product-block-no-wrap\"><\/div>\n<h3 class=\"article-body__section\" id=\"section-killarney\"><span>Killarney<\/span><\/h3>\n<p>Sechzehn Kronleuchter von Waterford k\u00f6nnen in den 1960er Jahren von der Familie Guinness in London die Westminster Abbey auf dem britischen Monarchen geschenkt werden. Es sind die ikonischen Silhouetten dieser Kronleuchter, die die Killarney -Serie herstellt und ihren Namen aus dem zu diesem Zeitpunkt verwendeten Codewort genutzt, um das Projekt auf das Geheimnis zu halten.<\/p>\n<div class=\"product-container versus-product-container product-block-no-wrap\"><\/div>\n<h3 class=\"article-body__section\" id=\"section-carraig\"><span>Carraig<\/span><\/h3>\n<p>Die Carraig -Serie wurde nach dem g\u00e4lischen Wort f\u00fcr Rock benannt und untersucht, wie facettierte Kristallformen mit Licht interagieren, um eine schillernde Vielzahl von Reflexionen zu erzeugen. Der eckige Messingrahmen l\u00e4sst sich von modernen mobilen Skulpturen der Mitte des Jahrhunderts inspirieren und schafft ein elegantes und zeitgem\u00e4\u00dfes, suspendiertes Herzst\u00fcck.<\/p>\n<div class=\"product-container versus-product-container product-block-no-wrap\"><\/div>\n<h2 id=\"waterford-and-crystalware-making-3\">Waterford und Kristallwarenherstellung<\/h2>\n<figure class=\"van-image-figure inline-layout \" data-bordeaux-image-check>\n<div class=\"image-full-width-wrapper\">\n<div class=\"image-widthsetter\" style=\"max-width:2000px;\"><\/div>\n<\/div>\n<\/figure>\n<p>Waterford wurde 1783 von der Familie Penrose gegr\u00fcndet, die die Sicht hatte, hochwertige Kristallglas- und -Orditen zu schaffen, und hat im Laufe der Jahre eine geschickte Making-Technik von Generation bis Generation gepr\u00e4gt und weitergegeben, wobei jeder Schritt des Prozesses Jahrzehnte dauert, bis sie meistern. Viele der Arbeiter waren ihr ganzes Leben lang in der Fabrik und sind sehr stolz darauf, was sie tun, und die kleine irische Stadt in eine globale Produktionsstufe versetzt.<\/p>\n<figure class=\"van-image-figure inline-layout \" data-bordeaux-image-check>\n<div class=\"image-full-width-wrapper\">\n<div class=\"image-widthsetter\" style=\"max-width:2000px;\"><\/div>\n<\/div>\n<\/figure>\n<p>Waterford, einer der wenigen Kristallhersteller, die immer noch das alte Handwerk der Holzschimmelherstellung praktizieren, schafft Holzformen, um ihr Glas zu formen, das bis zu 10 Tage vor der W\u00e4rme ihre strukturelle Integrit\u00e4t beeintr\u00e4chtigt.<\/p>\n<p>Die \u00d6fen erreichen Temperaturen von bis zu 2400 \u00b0 F und machen das Glas formbar, sodass es von Hand oder Maschine in Form geblasen werden kann. Formeln feiner Rohstoffe werden verwendet, jetzt frei von giftigem Blei, fr\u00fcher eine h\u00e4ufige Komponente in Glas weltweit. In der endg\u00fcltigen Schneidstufe werden komplizierte Muster, die von den Cutter zum Ged\u00e4chtnis verpflichtet sind, angewendet, bevor sie den Hauch beenden.<\/p>\n<p>Die Zusammenarbeit von Visual Comfort &#038; Co und Waterford ist ein bemerkenswertes Zusammenkommen mit zeitgen\u00f6ssischem Lichtdesign und jahrhundertealter Kristallhandwerk, das sowohl die eindrucksvolle Geschichte als auch die Landschaft des S\u00fcdostens Irlands feiert. F\u00fcr diejenigen, die eine Verbindung zu diesem Teil der Welt haben, das sowohl von Kunst als auch zum Erbe angezogen wird, sind diese zeitlos eleganten Entw\u00fcrfe sicherlich nicht zu \u00fcbersehen.<\/p>\n<\/div>\n","protected":false},"excerpt":{"rendered":"<p>In diesem Jahr werden Wellen in Lighting Design in London Design Week gef\u00fchrt, da Visual Comfort &#038; Co in Zusammenarbeit mit dem legend\u00e4ren irischen Crystal<\/p>\n","protected":false},"author":1,"featured_media":3939,"comment_status":"closed","ping_status":"","sticky":false,"template":"","format":"standard","meta":{"footnotes":""},"categories":[118],"tags":[679,9,74,303,6020,6024,4615,6022,4927,1265,6023,2932,6021,146,165,1529,1849,5816],"class_list":["post-3938","post","type-post","status-publish","format-standard","has-post-thumbnail","hentry","category-haus-garten","tag-design","tag-die","tag-eine","tag-einer","tag-erforschen","tag-erstellt","tag-ikonischen","tag-irischen","tag-jahrhundert","tag-kollektion","tag-kristallfabrik","tag-kuehne","tag-lighting","tag-mit","tag-sie","tag-wuerde","tag-wurzeln","tag-zusammenarbeit","generate-columns","tablet-grid-50","mobile-grid-100","grid-parent","grid-50"],"yoast_head":"<!-- This site is optimized with the Yoast SEO plugin v27.3 - https:\/\/yoast.com\/product\/yoast-seo-wordpress\/ -->\n<title>Erforschen Sie eine k\u00fchne Lighting Design -Kollektion, die in Zusammenarbeit mit einer ikonischen irischen Kristallfabrik mit Wurzeln im 18. Jahrhundert erstellt wurde - Nachrichten - Stra\u00dfenweb<\/title>\n<meta name=\"robots\" content=\"index, follow, max-snippet:-1, max-image-preview:large, max-video-preview:-1\" \/>\n<link rel=\"canonical\" href=\"https:\/\/www.strassenweb.de\/nachrichten\/erforschen-sie-eine-kuehne-lighting-design-kollektion-die-in-zusammenarbeit-mit-einer-ikonischen-irischen-kristallfabrik-mit-wurzeln-im-18-jahrhundert-erstellt-wurde\/\" \/>\n<meta property=\"og:locale\" content=\"de_DE\" \/>\n<meta property=\"og:type\" content=\"article\" \/>\n<meta property=\"og:title\" content=\"Erforschen Sie eine k\u00fchne Lighting Design -Kollektion, die in Zusammenarbeit mit einer ikonischen irischen Kristallfabrik mit Wurzeln im 18. Jahrhundert erstellt wurde - Nachrichten - Stra\u00dfenweb\" \/>\n<meta property=\"og:description\" content=\"In diesem Jahr werden Wellen in Lighting Design in London Design Week gef\u00fchrt, da Visual Comfort &#038; Co in Zusammenarbeit mit dem legend\u00e4ren irischen Crystal\" \/>\n<meta property=\"og:url\" content=\"https:\/\/www.strassenweb.de\/nachrichten\/erforschen-sie-eine-kuehne-lighting-design-kollektion-die-in-zusammenarbeit-mit-einer-ikonischen-irischen-kristallfabrik-mit-wurzeln-im-18-jahrhundert-erstellt-wurde\/\" \/>\n<meta property=\"og:site_name\" content=\"Stra\u00dfenweb\" \/>\n<meta property=\"article:publisher\" content=\"https:\/\/www.facebook.com\/strassenweb\/\" \/>\n<meta property=\"article:published_time\" content=\"2025-03-17T18:39:49+00:00\" \/>\n<meta property=\"article:modified_time\" content=\"2025-03-17T18:39:50+00:00\" \/>\n<meta property=\"og:image\" content=\"https:\/\/www.strassenweb.de\/nachrichten\/wp-content\/uploads\/2025\/03\/Erforschen-Sie-eine-kuehne-Lighting-Design-Kollektion-die-in-Zusammenarbeit.jpg\" \/>\n\t<meta property=\"og:image:width\" content=\"1200\" \/>\n\t<meta property=\"og:image:height\" content=\"675\" \/>\n\t<meta property=\"og:image:type\" content=\"image\/jpeg\" \/>\n<meta name=\"author\" content=\"Robert Hoffmann\" \/>\n<meta name=\"twitter:card\" content=\"summary_large_image\" \/>\n<meta name=\"twitter:label1\" content=\"Verfasst von\" \/>\n\t<meta name=\"twitter:data1\" content=\"Robert Hoffmann\" \/>\n\t<meta name=\"twitter:label2\" content=\"Gesch\u00e4tzte Lesezeit\" \/>\n\t<meta name=\"twitter:data2\" content=\"4\u00a0Minuten\" \/>\n<script type=\"application\/ld+json\" class=\"yoast-schema-graph\">{\"@context\":\"https:\\\/\\\/schema.org\",\"@graph\":[{\"@type\":\"Article\",\"@id\":\"https:\\\/\\\/www.strassenweb.de\\\/nachrichten\\\/erforschen-sie-eine-kuehne-lighting-design-kollektion-die-in-zusammenarbeit-mit-einer-ikonischen-irischen-kristallfabrik-mit-wurzeln-im-18-jahrhundert-erstellt-wurde\\\/#article\",\"isPartOf\":{\"@id\":\"https:\\\/\\\/www.strassenweb.de\\\/nachrichten\\\/erforschen-sie-eine-kuehne-lighting-design-kollektion-die-in-zusammenarbeit-mit-einer-ikonischen-irischen-kristallfabrik-mit-wurzeln-im-18-jahrhundert-erstellt-wurde\\\/\"},\"author\":{\"name\":\"Robert Hoffmann\",\"@id\":\"https:\\\/\\\/www.strassenweb.de\\\/nachrichten\\\/#\\\/schema\\\/person\\\/87c9c9067f1211da429a744dc5a5aa41\"},\"headline\":\"Erforschen Sie eine k\u00fchne Lighting Design -Kollektion, die in Zusammenarbeit mit einer ikonischen irischen Kristallfabrik mit Wurzeln im 18. Jahrhundert erstellt wurde\",\"datePublished\":\"2025-03-17T18:39:49+00:00\",\"dateModified\":\"2025-03-17T18:39:50+00:00\",\"mainEntityOfPage\":{\"@id\":\"https:\\\/\\\/www.strassenweb.de\\\/nachrichten\\\/erforschen-sie-eine-kuehne-lighting-design-kollektion-die-in-zusammenarbeit-mit-einer-ikonischen-irischen-kristallfabrik-mit-wurzeln-im-18-jahrhundert-erstellt-wurde\\\/\"},\"wordCount\":780,\"publisher\":{\"@id\":\"https:\\\/\\\/www.strassenweb.de\\\/nachrichten\\\/#organization\"},\"image\":{\"@id\":\"https:\\\/\\\/www.strassenweb.de\\\/nachrichten\\\/erforschen-sie-eine-kuehne-lighting-design-kollektion-die-in-zusammenarbeit-mit-einer-ikonischen-irischen-kristallfabrik-mit-wurzeln-im-18-jahrhundert-erstellt-wurde\\\/#primaryimage\"},\"thumbnailUrl\":\"https:\\\/\\\/www.strassenweb.de\\\/nachrichten\\\/wp-content\\\/uploads\\\/2025\\\/03\\\/Erforschen-Sie-eine-kuehne-Lighting-Design-Kollektion-die-in-Zusammenarbeit.jpg\",\"keywords\":[\"Design\",\"die\",\"eine\",\"einer\",\"Erforschen\",\"erstellt\",\"ikonischen\",\"irischen\",\"Jahrhundert\",\"Kollektion\",\"Kristallfabrik\",\"k\u00fchne\",\"Lighting\",\"mit\",\"Sie\",\"w\u00fcrde\",\"Wurzeln\",\"Zusammenarbeit\"],\"articleSection\":[\"Haus &amp; Garten\"],\"inLanguage\":\"de\"},{\"@type\":\"WebPage\",\"@id\":\"https:\\\/\\\/www.strassenweb.de\\\/nachrichten\\\/erforschen-sie-eine-kuehne-lighting-design-kollektion-die-in-zusammenarbeit-mit-einer-ikonischen-irischen-kristallfabrik-mit-wurzeln-im-18-jahrhundert-erstellt-wurde\\\/\",\"url\":\"https:\\\/\\\/www.strassenweb.de\\\/nachrichten\\\/erforschen-sie-eine-kuehne-lighting-design-kollektion-die-in-zusammenarbeit-mit-einer-ikonischen-irischen-kristallfabrik-mit-wurzeln-im-18-jahrhundert-erstellt-wurde\\\/\",\"name\":\"Erforschen Sie eine k\u00fchne Lighting Design -Kollektion, die in Zusammenarbeit mit einer ikonischen irischen Kristallfabrik mit Wurzeln im 18. Jahrhundert erstellt wurde - Nachrichten - Stra\u00dfenweb\",\"isPartOf\":{\"@id\":\"https:\\\/\\\/www.strassenweb.de\\\/nachrichten\\\/#website\"},\"primaryImageOfPage\":{\"@id\":\"https:\\\/\\\/www.strassenweb.de\\\/nachrichten\\\/erforschen-sie-eine-kuehne-lighting-design-kollektion-die-in-zusammenarbeit-mit-einer-ikonischen-irischen-kristallfabrik-mit-wurzeln-im-18-jahrhundert-erstellt-wurde\\\/#primaryimage\"},\"image\":{\"@id\":\"https:\\\/\\\/www.strassenweb.de\\\/nachrichten\\\/erforschen-sie-eine-kuehne-lighting-design-kollektion-die-in-zusammenarbeit-mit-einer-ikonischen-irischen-kristallfabrik-mit-wurzeln-im-18-jahrhundert-erstellt-wurde\\\/#primaryimage\"},\"thumbnailUrl\":\"https:\\\/\\\/www.strassenweb.de\\\/nachrichten\\\/wp-content\\\/uploads\\\/2025\\\/03\\\/Erforschen-Sie-eine-kuehne-Lighting-Design-Kollektion-die-in-Zusammenarbeit.jpg\",\"datePublished\":\"2025-03-17T18:39:49+00:00\",\"dateModified\":\"2025-03-17T18:39:50+00:00\",\"breadcrumb\":{\"@id\":\"https:\\\/\\\/www.strassenweb.de\\\/nachrichten\\\/erforschen-sie-eine-kuehne-lighting-design-kollektion-die-in-zusammenarbeit-mit-einer-ikonischen-irischen-kristallfabrik-mit-wurzeln-im-18-jahrhundert-erstellt-wurde\\\/#breadcrumb\"},\"inLanguage\":\"de\",\"potentialAction\":[{\"@type\":\"ReadAction\",\"target\":[\"https:\\\/\\\/www.strassenweb.de\\\/nachrichten\\\/erforschen-sie-eine-kuehne-lighting-design-kollektion-die-in-zusammenarbeit-mit-einer-ikonischen-irischen-kristallfabrik-mit-wurzeln-im-18-jahrhundert-erstellt-wurde\\\/\"]}]},{\"@type\":\"ImageObject\",\"inLanguage\":\"de\",\"@id\":\"https:\\\/\\\/www.strassenweb.de\\\/nachrichten\\\/erforschen-sie-eine-kuehne-lighting-design-kollektion-die-in-zusammenarbeit-mit-einer-ikonischen-irischen-kristallfabrik-mit-wurzeln-im-18-jahrhundert-erstellt-wurde\\\/#primaryimage\",\"url\":\"https:\\\/\\\/www.strassenweb.de\\\/nachrichten\\\/wp-content\\\/uploads\\\/2025\\\/03\\\/Erforschen-Sie-eine-kuehne-Lighting-Design-Kollektion-die-in-Zusammenarbeit.jpg\",\"contentUrl\":\"https:\\\/\\\/www.strassenweb.de\\\/nachrichten\\\/wp-content\\\/uploads\\\/2025\\\/03\\\/Erforschen-Sie-eine-kuehne-Lighting-Design-Kollektion-die-in-Zusammenarbeit.jpg\",\"width\":1200,\"height\":675,\"caption\":\"Erforschen Sie eine k\u00fchne Lighting Design -Kollektion, die in Zusammenarbeit mit einer ikonischen irischen Kristallfabrik mit Wurzeln im 18. Jahrhundert erstellt wurde\"},{\"@type\":\"BreadcrumbList\",\"@id\":\"https:\\\/\\\/www.strassenweb.de\\\/nachrichten\\\/erforschen-sie-eine-kuehne-lighting-design-kollektion-die-in-zusammenarbeit-mit-einer-ikonischen-irischen-kristallfabrik-mit-wurzeln-im-18-jahrhundert-erstellt-wurde\\\/#breadcrumb\",\"itemListElement\":[{\"@type\":\"ListItem\",\"position\":1,\"name\":\"Home\",\"item\":\"https:\\\/\\\/www.strassenweb.de\\\/nachrichten\\\/\"},{\"@type\":\"ListItem\",\"position\":2,\"name\":\"Erforschen Sie eine k\u00fchne Lighting Design -Kollektion, die in Zusammenarbeit mit einer ikonischen irischen Kristallfabrik mit Wurzeln im 18. Jahrhundert erstellt wurde\"}]},{\"@type\":\"WebSite\",\"@id\":\"https:\\\/\\\/www.strassenweb.de\\\/nachrichten\\\/#website\",\"url\":\"https:\\\/\\\/www.strassenweb.de\\\/nachrichten\\\/\",\"name\":\"Stra\u00dfenweb\",\"description\":\"Stra\u00dfenverzeichnis f\u00fcr Deutschland\",\"publisher\":{\"@id\":\"https:\\\/\\\/www.strassenweb.de\\\/nachrichten\\\/#organization\"},\"potentialAction\":[{\"@type\":\"SearchAction\",\"target\":{\"@type\":\"EntryPoint\",\"urlTemplate\":\"https:\\\/\\\/www.strassenweb.de\\\/nachrichten\\\/?s={search_term_string}\"},\"query-input\":{\"@type\":\"PropertyValueSpecification\",\"valueRequired\":true,\"valueName\":\"search_term_string\"}}],\"inLanguage\":\"de\"},{\"@type\":\"Organization\",\"@id\":\"https:\\\/\\\/www.strassenweb.de\\\/nachrichten\\\/#organization\",\"name\":\"Stra\u00dfenweb\",\"url\":\"https:\\\/\\\/www.strassenweb.de\\\/nachrichten\\\/\",\"logo\":{\"@type\":\"ImageObject\",\"inLanguage\":\"de\",\"@id\":\"https:\\\/\\\/www.strassenweb.de\\\/nachrichten\\\/#\\\/schema\\\/logo\\\/image\\\/\",\"url\":\"https:\\\/\\\/www.strassenweb.de\\\/nachrichten\\\/wp-content\\\/uploads\\\/2024\\\/09\\\/cropped-favicon.png\",\"contentUrl\":\"https:\\\/\\\/www.strassenweb.de\\\/nachrichten\\\/wp-content\\\/uploads\\\/2024\\\/09\\\/cropped-favicon.png\",\"width\":512,\"height\":512,\"caption\":\"Stra\u00dfenweb\"},\"image\":{\"@id\":\"https:\\\/\\\/www.strassenweb.de\\\/nachrichten\\\/#\\\/schema\\\/logo\\\/image\\\/\"},\"sameAs\":[\"https:\\\/\\\/www.facebook.com\\\/strassenweb\\\/\"]},{\"@type\":\"Person\",\"@id\":\"https:\\\/\\\/www.strassenweb.de\\\/nachrichten\\\/#\\\/schema\\\/person\\\/87c9c9067f1211da429a744dc5a5aa41\",\"name\":\"Robert Hoffmann\",\"image\":{\"@type\":\"ImageObject\",\"inLanguage\":\"de\",\"@id\":\"https:\\\/\\\/www.strassenweb.de\\\/nachrichten\\\/wp-content\\\/uploads\\\/2024\\\/09\\\/strassenweb-150x150.jpg\",\"url\":\"https:\\\/\\\/www.strassenweb.de\\\/nachrichten\\\/wp-content\\\/uploads\\\/2024\\\/09\\\/strassenweb-150x150.jpg\",\"contentUrl\":\"https:\\\/\\\/www.strassenweb.de\\\/nachrichten\\\/wp-content\\\/uploads\\\/2024\\\/09\\\/strassenweb-150x150.jpg\",\"caption\":\"Robert Hoffmann\"},\"description\":\"Ich hei\u00dfe Robert Hoffmann und ich bin ein leidenschaftlicher Verfechter von \u00d6kologie und Biodiversit\u00e4t. Seit meiner Kindheit in den W\u00e4ldern Bayerns f\u00fchle ich mich mit der Natur verbunden und bin entschlossen, sie zu sch\u00fctzen. Heute widme ich mein Leben der Sensibilisierung anderer f\u00fcr die Bedeutung des Umweltschutzes f\u00fcr zuk\u00fcnftige Generationen.\",\"sameAs\":[\"https:\\\/\\\/www.strassenweb.de\\\/\"]}]}<\/script>\n<!-- \/ Yoast SEO plugin. -->","yoast_head_json":{"title":"Erforschen Sie eine k\u00fchne Lighting Design -Kollektion, die in Zusammenarbeit mit einer ikonischen irischen Kristallfabrik mit Wurzeln im 18. Jahrhundert erstellt wurde - Nachrichten - Stra\u00dfenweb","robots":{"index":"index","follow":"follow","max-snippet":"max-snippet:-1","max-image-preview":"max-image-preview:large","max-video-preview":"max-video-preview:-1"},"canonical":"https:\/\/www.strassenweb.de\/nachrichten\/erforschen-sie-eine-kuehne-lighting-design-kollektion-die-in-zusammenarbeit-mit-einer-ikonischen-irischen-kristallfabrik-mit-wurzeln-im-18-jahrhundert-erstellt-wurde\/","og_locale":"de_DE","og_type":"article","og_title":"Erforschen Sie eine k\u00fchne Lighting Design -Kollektion, die in Zusammenarbeit mit einer ikonischen irischen Kristallfabrik mit Wurzeln im 18. Jahrhundert erstellt wurde - Nachrichten - Stra\u00dfenweb","og_description":"In diesem Jahr werden Wellen in Lighting Design in London Design Week gef\u00fchrt, da Visual Comfort &#038; Co in Zusammenarbeit mit dem legend\u00e4ren irischen Crystal","og_url":"https:\/\/www.strassenweb.de\/nachrichten\/erforschen-sie-eine-kuehne-lighting-design-kollektion-die-in-zusammenarbeit-mit-einer-ikonischen-irischen-kristallfabrik-mit-wurzeln-im-18-jahrhundert-erstellt-wurde\/","og_site_name":"Stra\u00dfenweb","article_publisher":"https:\/\/www.facebook.com\/strassenweb\/","article_published_time":"2025-03-17T18:39:49+00:00","article_modified_time":"2025-03-17T18:39:50+00:00","og_image":[{"width":1200,"height":675,"url":"https:\/\/www.strassenweb.de\/nachrichten\/wp-content\/uploads\/2025\/03\/Erforschen-Sie-eine-kuehne-Lighting-Design-Kollektion-die-in-Zusammenarbeit.jpg","type":"image\/jpeg"}],"author":"Robert Hoffmann","twitter_card":"summary_large_image","twitter_misc":{"Verfasst von":"Robert Hoffmann","Gesch\u00e4tzte Lesezeit":"4\u00a0Minuten"},"schema":{"@context":"https:\/\/schema.org","@graph":[{"@type":"Article","@id":"https:\/\/www.strassenweb.de\/nachrichten\/erforschen-sie-eine-kuehne-lighting-design-kollektion-die-in-zusammenarbeit-mit-einer-ikonischen-irischen-kristallfabrik-mit-wurzeln-im-18-jahrhundert-erstellt-wurde\/#article","isPartOf":{"@id":"https:\/\/www.strassenweb.de\/nachrichten\/erforschen-sie-eine-kuehne-lighting-design-kollektion-die-in-zusammenarbeit-mit-einer-ikonischen-irischen-kristallfabrik-mit-wurzeln-im-18-jahrhundert-erstellt-wurde\/"},"author":{"name":"Robert Hoffmann","@id":"https:\/\/www.strassenweb.de\/nachrichten\/#\/schema\/person\/87c9c9067f1211da429a744dc5a5aa41"},"headline":"Erforschen Sie eine k\u00fchne Lighting Design -Kollektion, die in Zusammenarbeit mit einer ikonischen irischen Kristallfabrik mit Wurzeln im 18. Jahrhundert erstellt wurde","datePublished":"2025-03-17T18:39:49+00:00","dateModified":"2025-03-17T18:39:50+00:00","mainEntityOfPage":{"@id":"https:\/\/www.strassenweb.de\/nachrichten\/erforschen-sie-eine-kuehne-lighting-design-kollektion-die-in-zusammenarbeit-mit-einer-ikonischen-irischen-kristallfabrik-mit-wurzeln-im-18-jahrhundert-erstellt-wurde\/"},"wordCount":780,"publisher":{"@id":"https:\/\/www.strassenweb.de\/nachrichten\/#organization"},"image":{"@id":"https:\/\/www.strassenweb.de\/nachrichten\/erforschen-sie-eine-kuehne-lighting-design-kollektion-die-in-zusammenarbeit-mit-einer-ikonischen-irischen-kristallfabrik-mit-wurzeln-im-18-jahrhundert-erstellt-wurde\/#primaryimage"},"thumbnailUrl":"https:\/\/www.strassenweb.de\/nachrichten\/wp-content\/uploads\/2025\/03\/Erforschen-Sie-eine-kuehne-Lighting-Design-Kollektion-die-in-Zusammenarbeit.jpg","keywords":["Design","die","eine","einer","Erforschen","erstellt","ikonischen","irischen","Jahrhundert","Kollektion","Kristallfabrik","k\u00fchne","Lighting","mit","Sie","w\u00fcrde","Wurzeln","Zusammenarbeit"],"articleSection":["Haus &amp; Garten"],"inLanguage":"de"},{"@type":"WebPage","@id":"https:\/\/www.strassenweb.de\/nachrichten\/erforschen-sie-eine-kuehne-lighting-design-kollektion-die-in-zusammenarbeit-mit-einer-ikonischen-irischen-kristallfabrik-mit-wurzeln-im-18-jahrhundert-erstellt-wurde\/","url":"https:\/\/www.strassenweb.de\/nachrichten\/erforschen-sie-eine-kuehne-lighting-design-kollektion-die-in-zusammenarbeit-mit-einer-ikonischen-irischen-kristallfabrik-mit-wurzeln-im-18-jahrhundert-erstellt-wurde\/","name":"Erforschen Sie eine k\u00fchne Lighting Design -Kollektion, die in Zusammenarbeit mit einer ikonischen irischen Kristallfabrik mit Wurzeln im 18. Jahrhundert erstellt wurde - Nachrichten - Stra\u00dfenweb","isPartOf":{"@id":"https:\/\/www.strassenweb.de\/nachrichten\/#website"},"primaryImageOfPage":{"@id":"https:\/\/www.strassenweb.de\/nachrichten\/erforschen-sie-eine-kuehne-lighting-design-kollektion-die-in-zusammenarbeit-mit-einer-ikonischen-irischen-kristallfabrik-mit-wurzeln-im-18-jahrhundert-erstellt-wurde\/#primaryimage"},"image":{"@id":"https:\/\/www.strassenweb.de\/nachrichten\/erforschen-sie-eine-kuehne-lighting-design-kollektion-die-in-zusammenarbeit-mit-einer-ikonischen-irischen-kristallfabrik-mit-wurzeln-im-18-jahrhundert-erstellt-wurde\/#primaryimage"},"thumbnailUrl":"https:\/\/www.strassenweb.de\/nachrichten\/wp-content\/uploads\/2025\/03\/Erforschen-Sie-eine-kuehne-Lighting-Design-Kollektion-die-in-Zusammenarbeit.jpg","datePublished":"2025-03-17T18:39:49+00:00","dateModified":"2025-03-17T18:39:50+00:00","breadcrumb":{"@id":"https:\/\/www.strassenweb.de\/nachrichten\/erforschen-sie-eine-kuehne-lighting-design-kollektion-die-in-zusammenarbeit-mit-einer-ikonischen-irischen-kristallfabrik-mit-wurzeln-im-18-jahrhundert-erstellt-wurde\/#breadcrumb"},"inLanguage":"de","potentialAction":[{"@type":"ReadAction","target":["https:\/\/www.strassenweb.de\/nachrichten\/erforschen-sie-eine-kuehne-lighting-design-kollektion-die-in-zusammenarbeit-mit-einer-ikonischen-irischen-kristallfabrik-mit-wurzeln-im-18-jahrhundert-erstellt-wurde\/"]}]},{"@type":"ImageObject","inLanguage":"de","@id":"https:\/\/www.strassenweb.de\/nachrichten\/erforschen-sie-eine-kuehne-lighting-design-kollektion-die-in-zusammenarbeit-mit-einer-ikonischen-irischen-kristallfabrik-mit-wurzeln-im-18-jahrhundert-erstellt-wurde\/#primaryimage","url":"https:\/\/www.strassenweb.de\/nachrichten\/wp-content\/uploads\/2025\/03\/Erforschen-Sie-eine-kuehne-Lighting-Design-Kollektion-die-in-Zusammenarbeit.jpg","contentUrl":"https:\/\/www.strassenweb.de\/nachrichten\/wp-content\/uploads\/2025\/03\/Erforschen-Sie-eine-kuehne-Lighting-Design-Kollektion-die-in-Zusammenarbeit.jpg","width":1200,"height":675,"caption":"Erforschen Sie eine k\u00fchne Lighting Design -Kollektion, die in Zusammenarbeit mit einer ikonischen irischen Kristallfabrik mit Wurzeln im 18. Jahrhundert erstellt wurde"},{"@type":"BreadcrumbList","@id":"https:\/\/www.strassenweb.de\/nachrichten\/erforschen-sie-eine-kuehne-lighting-design-kollektion-die-in-zusammenarbeit-mit-einer-ikonischen-irischen-kristallfabrik-mit-wurzeln-im-18-jahrhundert-erstellt-wurde\/#breadcrumb","itemListElement":[{"@type":"ListItem","position":1,"name":"Home","item":"https:\/\/www.strassenweb.de\/nachrichten\/"},{"@type":"ListItem","position":2,"name":"Erforschen Sie eine k\u00fchne Lighting Design -Kollektion, die in Zusammenarbeit mit einer ikonischen irischen Kristallfabrik mit Wurzeln im 18. Jahrhundert erstellt wurde"}]},{"@type":"WebSite","@id":"https:\/\/www.strassenweb.de\/nachrichten\/#website","url":"https:\/\/www.strassenweb.de\/nachrichten\/","name":"Stra\u00dfenweb","description":"Stra\u00dfenverzeichnis f\u00fcr Deutschland","publisher":{"@id":"https:\/\/www.strassenweb.de\/nachrichten\/#organization"},"potentialAction":[{"@type":"SearchAction","target":{"@type":"EntryPoint","urlTemplate":"https:\/\/www.strassenweb.de\/nachrichten\/?s={search_term_string}"},"query-input":{"@type":"PropertyValueSpecification","valueRequired":true,"valueName":"search_term_string"}}],"inLanguage":"de"},{"@type":"Organization","@id":"https:\/\/www.strassenweb.de\/nachrichten\/#organization","name":"Stra\u00dfenweb","url":"https:\/\/www.strassenweb.de\/nachrichten\/","logo":{"@type":"ImageObject","inLanguage":"de","@id":"https:\/\/www.strassenweb.de\/nachrichten\/#\/schema\/logo\/image\/","url":"https:\/\/www.strassenweb.de\/nachrichten\/wp-content\/uploads\/2024\/09\/cropped-favicon.png","contentUrl":"https:\/\/www.strassenweb.de\/nachrichten\/wp-content\/uploads\/2024\/09\/cropped-favicon.png","width":512,"height":512,"caption":"Stra\u00dfenweb"},"image":{"@id":"https:\/\/www.strassenweb.de\/nachrichten\/#\/schema\/logo\/image\/"},"sameAs":["https:\/\/www.facebook.com\/strassenweb\/"]},{"@type":"Person","@id":"https:\/\/www.strassenweb.de\/nachrichten\/#\/schema\/person\/87c9c9067f1211da429a744dc5a5aa41","name":"Robert Hoffmann","image":{"@type":"ImageObject","inLanguage":"de","@id":"https:\/\/www.strassenweb.de\/nachrichten\/wp-content\/uploads\/2024\/09\/strassenweb-150x150.jpg","url":"https:\/\/www.strassenweb.de\/nachrichten\/wp-content\/uploads\/2024\/09\/strassenweb-150x150.jpg","contentUrl":"https:\/\/www.strassenweb.de\/nachrichten\/wp-content\/uploads\/2024\/09\/strassenweb-150x150.jpg","caption":"Robert Hoffmann"},"description":"Ich hei\u00dfe Robert Hoffmann und ich bin ein leidenschaftlicher Verfechter von \u00d6kologie und Biodiversit\u00e4t. Seit meiner Kindheit in den W\u00e4ldern Bayerns f\u00fchle ich mich mit der Natur verbunden und bin entschlossen, sie zu sch\u00fctzen. Heute widme ich mein Leben der Sensibilisierung anderer f\u00fcr die Bedeutung des Umweltschutzes f\u00fcr zuk\u00fcnftige Generationen.","sameAs":["https:\/\/www.strassenweb.de\/"]}]}},"_links":{"self":[{"href":"https:\/\/www.strassenweb.de\/nachrichten\/wp-json\/wp\/v2\/posts\/3938","targetHints":{"allow":["GET"]}}],"collection":[{"href":"https:\/\/www.strassenweb.de\/nachrichten\/wp-json\/wp\/v2\/posts"}],"about":[{"href":"https:\/\/www.strassenweb.de\/nachrichten\/wp-json\/wp\/v2\/types\/post"}],"author":[{"embeddable":true,"href":"https:\/\/www.strassenweb.de\/nachrichten\/wp-json\/wp\/v2\/users\/1"}],"replies":[{"embeddable":true,"href":"https:\/\/www.strassenweb.de\/nachrichten\/wp-json\/wp\/v2\/comments?post=3938"}],"version-history":[{"count":0,"href":"https:\/\/www.strassenweb.de\/nachrichten\/wp-json\/wp\/v2\/posts\/3938\/revisions"}],"wp:featuredmedia":[{"embeddable":true,"href":"https:\/\/www.strassenweb.de\/nachrichten\/wp-json\/wp\/v2\/media\/3939"}],"wp:attachment":[{"href":"https:\/\/www.strassenweb.de\/nachrichten\/wp-json\/wp\/v2\/media?parent=3938"}],"wp:term":[{"taxonomy":"category","embeddable":true,"href":"https:\/\/www.strassenweb.de\/nachrichten\/wp-json\/wp\/v2\/categories?post=3938"},{"taxonomy":"post_tag","embeddable":true,"href":"https:\/\/www.strassenweb.de\/nachrichten\/wp-json\/wp\/v2\/tags?post=3938"}],"curies":[{"name":"wp","href":"https:\/\/api.w.org\/{rel}","templated":true}]}}